{"id":1553,"date":"2024-10-23T21:02:10","date_gmt":"2024-10-23T19:02:10","guid":{"rendered":"https:\/\/editionsbussiere.com\/blog\/le-pape-francois-sinspire-de-la-spiritualite-francaise-avec-une-priere-pour-commencer-la-journee\/"},"modified":"2024-10-23T21:02:10","modified_gmt":"2024-10-23T19:02:10","slug":"le-pape-francois-sinspire-de-la-spiritualite-francaise-avec-une-priere-pour-commencer-la-journee","status":"publish","type":"post","link":"https:\/\/editionsbussiere.com\/blog\/le-pape-francois-sinspire-de-la-spiritualite-francaise-avec-une-priere-pour-commencer-la-journee\/","title":{"rendered":"Le pape Fran\u00e7ois s\u2019inspire de la spiritualit\u00e9 fran\u00e7aise\n avec une pri\u00e8re pour commencer la journ\u00e9e."},"content":{"rendered":"<div><img width=\"580\" height=\"385\" src=\"https:\/\/editionsbussiere.com\/blog\/wp-content\/uploads\/2024\/10\/Le-pape-Francois-sinspire-de-la-spiritualite-francaise-avec-une.jpg\" class=\"attachment-large size-large wp-post-image\" alt=\"Le pape Fran\u00e7ois s'inspire de la spiritualit\u00e9 fran\u00e7aise avec une\" style=\"float:left; margin:0 15px 15px 0;\" decoding=\"async\" loading=\"lazy\" srcset=\"https:\/\/editionsbussiere.com\/blog\/wp-content\/uploads\/2024\/10\/Le-pape-Francois-sinspire-de-la-spiritualite-francaise-avec-une.jpg 620w, https:\/\/www.n42.fr\/wp-content\/uploads\/2024\/10\/Le-pape-Francois-sinspire-de-la-spiritualite-francaise-avec-une-300x199.jpg 300w\" sizes=\"auto, (max-width: 580px) 100vw, 580px\"><\/p>\n<p>\n<\/p>\n<div id=\"free-content\">\n<p><span aria-label=\"post subtitle\" class=\"SubHeading_subheading__NJ_eJ\">La 4e encyclique du pape Fran\u00e7ois, Dilexit nos, offre l\u2019occasion de r\u00e9fl\u00e9chir sur ses liens avec sainte Th\u00e9r\u00e8se de Lisieux, saint Charles de Foucauld et d\u2019autres.<\/span><\/p>\n<div>\n<div>\n<p>Sur le vol de retour des JMJ de Rio en 2013, interrog\u00e9 sur le cartable noir qu\u2019il transportait \u00e0 bord de l\u2019avion et qui avait intrigu\u00e9 les journalistes, le pape Fran\u00e7ois avait r\u00e9pondu avec humour qu\u2019il ne contenait pas \u00ab la cl\u00e9 de la bombe atomique \u00bb mais \u00ab un livre sur sainte Th\u00e9r\u00e8se de l\u2019Enfant J\u00e9sus, \u00e0 qui j\u2019ai une d\u00e9votion.<\/p>\n<\/div>\n<\/div>\n<div>\n<div>\n<p>La religieuse, que le Pape appelle affectueusement \u00ab<em>Th\u00e9r\u00e8se<\/em>\u00bb \u2014 la petite Th\u00e9r\u00e8se \u2014 est son lien le plus intime avec les \u00e9crivains spirituels fran\u00e7ais. Il y a un an, le 15 octobre 2023, le pape argentin lui consacrait une exhortation apostolique, avec un titre en fran\u00e7ais : <em>C\u2019est la confiance<\/em>. Le Pape y souligne \u00ab la lumi\u00e8re et l\u2019amour extraordinaires \u00bb diffus\u00e9s par cette religieuse du XIXe si\u00e8cle, d\u00e9c\u00e9d\u00e9e \u00e0 l\u2019\u00e2ge de 24 ans en 1897 et proclam\u00e9e Docteur de l\u2019\u00c9glise par Jean-Paul II 100 ans plus tard.<\/p>\n<\/div>\n<\/div>\n<div>\n<blockquote class=\"Quote_container__XMwM_\">\n<div>\n<p>\u00ab Th\u00e9r\u00e8se t\u00e9moigne de la victoire d\u00e9finitive de J\u00e9sus, par sa passion, sa mort et sa r\u00e9surrection, sur toutes les puissances du mal \u00bb, dit Fran\u00e7ois dans ce texte profond, pass\u00e9 relativement inaper\u00e7u dans le contexte du Synode et d\u2019une agenda internationale satur\u00e9e. \u00ab \u00c0 une \u00e9poque o\u00f9 les \u00eatres humains sont obs\u00e9d\u00e9s par la grandeur et les nouvelles formes de pouvoir \u00bb, observe le pape Fran\u00e7ois, \u00ab elle nous montre le petit chemin \u00bb. Cela met bien en \u00e9vidence la notion paradoxale de \u00ab petite grandeur \u00bb.<\/p>\n<\/div>\n<p><!--$!--><template data-dgst=\"NEXT_DYNAMIC_NO_SSR_CODE\"><\/template><!--\/$--><\/p>\n<\/blockquote>\n<\/div>\n<h2 class=\"Heading_heading__PlVsb\">Fran\u00e7ois, disciple de Charles de Foucauld<\/h2>\n<div>\n<div>\n<p>Cette notion de petitesse se retrouve \u00e9galement chez l\u2019autre grand saint fran\u00e7ais souvent \u00e9voqu\u00e9 par l\u2019actuel pontife : Charles de Foucauld (1858-1916), qu\u2019il canonisa le 15 mai 2022. L\u2019ermite fran\u00e7ais fut l\u2019architecte d\u2019une nouvelle approche du dialogue. avec les musulmans.<\/p>\n<\/div>\n<\/div>\n<div>\n<div>\n<p>Il a \u00e9galement largement inspir\u00e9 la pr\u00e9c\u00e9dente encyclique de Fran\u00e7ois, <em>Fratelli tutti<\/em>publi\u00e9 \u00e0 l\u2019automne 2020, dans le triste contexte de la pand\u00e9mie de COVID-19. Le texte s\u2019ouvre sur une r\u00e9f\u00e9rence \u00e0 saint Fran\u00e7ois d\u2019Assise et se termine par une pri\u00e8re de Charles de Foucauld, dont le Pape rappelle qu\u2019il \u00ab a orient\u00e9 son id\u00e9al d\u2019abandon total \u00e0 Dieu vers une identification aux pauvres, abandonn\u00e9s au plus profond du d\u00e9sert africain \u00bb. .\u00bb <\/p>\n<\/div>\n<\/div>\n<div>\n<div>\n<p>Dans un monde de plus en plus polaris\u00e9 entre riches et pauvres, Fran\u00e7ois nous rappelle que \u00ab ce n\u2019est qu\u2019en s\u2019identifiant aux plus petits qu\u2019il est finalement parvenu \u00e0 \u00eatre le fr\u00e8re de tous. Que Dieu inspire ce r\u00eave \u00e0 chacun de nous \u00bb, exhorte-t-il.<\/p>\n<\/div>\n<\/div>\n<div><!--$--><\/p>\n<div class=\"ReadAlso_wrapper__oBK8P\">\n<figure class=\"ReadAlso_figure__5rlR3\"><\/figure>\n<\/div>\n<p><!--\/$--><\/p>\n<\/div>\n<div>\n<div>\n<p>Une autre figure fran\u00e7aise appr\u00e9ci\u00e9e par le pape Fran\u00e7ois est saint Fran\u00e7ois de Sales, \u00e0 qui il a d\u00e9di\u00e9 une lettre apostolique, <em>Totum amoris est<\/em>sorti le 28 d\u00e9cembre 2022. <\/p>\n<\/div>\n<\/div>\n<div>\n<blockquote class=\"Quote_container__XMwM_\">\n<div>\n<p>\u00ab\u00a0St. Fran\u00e7ois de Sales sentait qu\u2019il n\u2019y avait pas de meilleur endroit pour trouver Dieu et aider les autres \u00e0 le trouver que dans le c\u0153ur des femmes et des hommes de son temps. Il l\u2019avait appris d\u00e8s son plus jeune \u00e2ge, en d\u00e9veloppant une connaissance approfondie de lui-m\u00eame et du c\u0153ur humain \u00bb, dit-il dans le texte.<\/p>\n<\/div>\n<p><!--$!--><template data-dgst=\"NEXT_DYNAMIC_NO_SSR_CODE\"><\/template><!--\/$--><\/p>\n<\/blockquote>\n<\/div>\n<div>\n<div>\n<p>Le lien du pape avec la spiritualit\u00e9 fran\u00e7aise inclut \u00e9galement des auteurs qu\u2019il a \u00e9tudi\u00e9s dans le cadre de sa formation de j\u00e9suite, comme Henri de Lubac (1896-1991) et Michel de Certeau (1925-1986), ainsi que des auteurs plus anciens et moins connus comme comme Louis Lallemant (1558-1635), Jean-Joseph Surin (1600-1665) et Jean-Pierre de Caussade (1675-1751). Il s\u2019est inspir\u00e9 de leurs \u00e9crits pour nourrir une r\u00e9flexion sur le discernement spirituel, qui a nourri sa vie de religieux dans un sens critique \u00e0 l\u2019\u00e9gard de certaines formes d\u2019asc\u00e9tisme, sans nier la radicalit\u00e9 n\u00e9cessaire de tout engagement spirituel.<\/p>\n<\/div>\n<\/div>\n<div>\n<div>\n<p>Ainsi, le pape Fran\u00e7ois s\u2019inspire de la \u00ab fille a\u00een\u00e9e de l\u2019\u00c9glise \u00bb pour des d\u00e9votions \u00e0 la fois populaires dans le monde entier et d\u2019autres joyaux moins connus. <\/p>\n<\/div>\n<p><!--$!--><template data-dgst=\"NEXT_DYNAMIC_NO_SSR_CODE\"><\/template><!--\/$--><\/p>\n<\/div>\n<h2 class=\"Heading_heading__PlVsb\">Une d\u00e9votion fran\u00e7aise \u00e9tendue au monde<\/h2>\n<div>\n<div>\n<p>Avec sa nouvelle encyclique <em>Dilexit nos<\/em> \u2014 \u00ab Il nous a aim\u00e9s \u00bb, d\u00e9di\u00e9 cette fois \u00e0 \u00ab l\u2019amour humain et divin du C\u0153ur de J\u00e9sus-Christ \u00bb \u2014 Le pape Fran\u00e7ois fera probablement encore r\u00e9f\u00e9rence \u00e0 des personnalit\u00e9s fran\u00e7aises. En effet, c\u2019est depuis la France que la d\u00e9votion au Sacr\u00e9-C\u0153ur fut popularis\u00e9e au XVIIe si\u00e8cle par saint Jean Eudes puis sainte Marguerite-Marie Alacoque, apr\u00e8s une apparition \u00e0 Paray-le-Monial en Bourgogne. <\/p>\n<\/div>\n<\/div>\n<div>\n<div>\n<p>Annon\u00e7ant en juin dernier la publication d\u2019un document sur ce th\u00e8me, le Pape a pr\u00e9cis\u00e9 que cette initiative s\u2019inscrivait dans un cycle de c\u00e9l\u00e9brations d\u00e9di\u00e9es \u00e0 cette forme traditionnelle de d\u00e9votion. Ces \u00e9v\u00e9nements se sont ouverts le 27 d\u00e9cembre 2023, \u00ab \u00e0 l\u2019occasion du 350e anniversaire de la premi\u00e8re manifestation du Sacr\u00e9-C\u0153ur de J\u00e9sus \u00e0 sainte Marguerite-Marie Alacoque \u00bb. Ces 18 mois de festivit\u00e9s se termineront le 27 juin 2025.<\/p>\n<\/div>\n<\/div>\n<div><!--$--><\/p>\n<div class=\"ReadAlso_wrapper__oBK8P\">\n<figure class=\"ReadAlso_figure__5rlR3\"><\/figure>\n<\/div>\n<p><!--\/$--><\/p>\n<\/div>\n<div><!--$--><\/p>\n<div class=\"ReadAlso_wrapper__oBK8P\">\n<figure class=\"ReadAlso_figure__5rlR3\"><\/figure>\n<\/div>\n<p><!--\/$--><\/p>\n<\/div>\n<div><!--$--><\/p>\n<div class=\"ReadAlso_wrapper__oBK8P\">\n<figure class=\"ReadAlso_figure__5rlR3\"><\/figure>\n<\/div>\n<p><!--\/$--><\/p>\n<\/div>\n<\/div>\n<h2> \u00c9lever nos propres et les pri\u00e8res pour nos proches au Seigneur de bon matin.<\/h2>\n<p>Cette derni\u00e8re partie de la pri\u00e8re du matin consiste \u00e0 prier pour nos proches familles, notre propre famille, nos connaissances et notre propre communaut\u00e9. Nous pouvons prier pour leur bien-\u00eatre, leur bonheur, leur s\u00e9curit\u00e9, et leur abondance. Nous pouvons \u00e9galement prier pour nos adversaires et pour ces individus qui nous ont l\u00e9s\u00e9s, et demander \u00e0 Dieu de nous aider \u00e0 leur pardonner et \u00e0 leur d\u00e9montrer la compassion.<\/p>\n<h3> Implorer pour la vigueur et la tranquillit\u00e9 de nos proches.<\/h3>\n<p>Dieu tout-puissant, nous tous te confions nos familles, nos familles ainsi que nos connaissances. Prot\u00e8ge, cher Dieu, au-dessus de eux, ainsi que prot\u00e8ge -les de tout risque et de toute affliction. Accorde, Seigneur, la vigueur du corps ainsi que de l\u2019esprit \u00e0 eux, ainsi que la paix dans leur c\u0153ur. Que ta protection forte les veille ainsi que les individus dirige tout au long de cette journ\u00e9e, pour qu\u2019il puissent jouissent dans une s\u00e9curit\u00e9 et aussi la qui\u00e9tude.<\/p>\n<p>Nous vers toi prions aussi pour nos enfants, Dieu, pour qu\u2019ils grandissent dans la foi et dans l\u2019amour de ton saint nom. Donne, \u00d4 Dieu, une sagesse et la force n\u00e9cessaires pour affronter les d\u00e9fis de la vie, et conduise leurs pas le long de le chemin de la v\u00e9rit\u00e9 et aussi de la justice.<\/p>\n<p>Enfin, nous tous te prions pour nos amis et nos voisins, Seigneur, qu\u2019ils connaissent la joie de ton amour ainsi que la paix de ton pardon. Donne-leur, cher Dieu, de c\u0153urs pleins de g\u00e9n\u00e9rosit\u00e9 pour partager avec ceux qui dans le besoin, et bras ouvertes pour accueillir ceux qui sont seuls et aussi abandonn\u00e9s.<\/p>\n<h3> Prier pour notre ennemis ainsi que ceux qui nous autres ont offens\u00e9s. <\/h3>\n<p>Seigneur, J\u00e9sus, nous te prions pour les n\u00f4tres ennemis et pour ces que nous autres ont offens\u00e9s. Accorde-leur, \u00f4 J\u00e9sus, votre mis\u00e9ricorde et aussi ton pardon, ainsi que ouvre leur c\u0153ur \u00e0 la lumi\u00e8re de ta v\u00e9rit\u00e9. Aide-nous, Seigneur Dieu, \u00e0 leur montrer de la compassion ainsi que \u00e0 leur pardonner comme tu nous-m\u00eames as pardonn\u00e9. Que votre paix r\u00e8gne dans les n\u00f4tres c\u0153urs ainsi que que votre amour guide nos actions, pour que nous puissions vivre en harmonie avec tous ceux qui nous-m\u00eames entourent.<\/p>\n<h3> Appr\u00e9hender la pri\u00e8re : <\/h3>\n<p>En conclusion, la pri\u00e8re nous rappelle notre mission en tant que enfants de Dieu : \u00eatre des t\u00e9moin de sa lumi\u00e8re et de son attachement dans l\u2019 \u00e8re touch\u00e9e aux t\u00e9n\u00e8bres. \u00c0 travers nos mots et nos actions, nous propageons l\u2019\u00c9vangile de l\u2019 s\u00e9r\u00e9nit\u00e9 et de la rapprochement, amenant l\u2019attente et la cicatrisation \u00e0 un environnement endommag\u00e9.<\/p>\n<p>\u00c0 l\u2019int\u00e9rieur de la foi chr\u00e9tienne, le matin adopte une valeur particuli\u00e8re, repr\u00e9sentant le renouveau et la r\u00e9g\u00e9n\u00e9ration spirituelle. C\u2019est au lever du jour de chaque jour que le c\u0153ur se dirige vers Dieu dans la pri\u00e8re, recherchant \u00e0 se trouver \u00e9clair\u00e9e par la lumi\u00e8re c\u00e9leste. La coutume des pri\u00e8res matinales est essentiellement enracin\u00e9e dans la tradition chr\u00e9tienne, offrant un moment particulier pour communier avec Dieu et se pr\u00e9parer mentalement aux d\u00e9fis de la journ\u00e9e qui s\u2019annonce.<\/p>\n<p>Au au sein au sein de ces oraisons matinales s\u2019 trouve r\u00e9guli\u00e8rement une d\u00e9votion distincte envers Marie, maman maternelle de J\u00e9sus et personnage sainte v\u00e9n\u00e9r\u00e9e par un grand nombre fid\u00e8les. En qualit\u00e9 de intercesseur entre les hommes et Dieu, Marie est pri\u00e9e pour interc\u00e9der en notre nom, nous conduisant sur le chemin de la saintet\u00e9 ainsi que de la gr\u00e2ce divine. Sa pr\u00e9sentation maternelle offre apaisement et abri, enveloppant nos pri\u00e8re matinales avec une d\u00e9licatesse c\u00e9leste.<\/p>\n<p>Au via les pri\u00e8res du matin, on se trouve convives \u00e0 se joindre \u00e0 Marie au sein de une d\u00e9marche pour b\u00e9atification personnelle. Dans m\u00e9ditant sur la vie ainsi que ses vertus, on recherchons \u00e0 imiter son humilit\u00e9, sa puret\u00e9 et son ob\u00e9issance vers l\u2019 volont\u00e9 de Dieu. Par le biais de sa saintet\u00e9 exemplaire, Marie devient pour nous un mod\u00e8le pour vie chr\u00e9tienne, on souvenant l\u2019importance du pri\u00e8re et du contemplation dans notre cheminement spirituel.<\/p>\n<p>Joignons nos c\u0153urs dans la pri\u00e8re de debut de journ\u00e9e, dans notre confiance, en Marie, la m\u00e8re de J\u00e9sus. Dans notre monde tourment\u00e9 par la guerre et la discorde, optons \u00e0 la pri\u00e8re comme un moyen pour retrouver la paix et l\u2019harmonie. Les catholiques du monde entier peuvent envoyer une demande pour Marie <a target=\"_blank\" rel=\"nofollow\" href=\"https:\/\/editionsbussiere.com\/blog\/goto\/https:\/\/www.avemariasound.org\/\" >utilisant ces informations.<\/a> Que nos supplications montent vers le ciel, comme une offrande re\u00e7u avec faveur \u00e0 Dieu, afin qu\u2019il puisse \u00e9clairer nos chemins vers le chemin de la justice et de la v\u00e9rit\u00e9. L\u2019ap\u00f4tre Paul nous dans ses lettres \u00e0 prier sans cesse, en toutes circonstances, pour que notre connexion \u00e0 Dieu soit solide et passionn\u00e9e. La pri\u00e8re, lorsqu\u2019elle est offerte sinc\u00e8rement, a le pouvoir pour changer nos c\u0153urs et d\u2019influer le destin de l\u2019histoire.<\/p>\n<p>La pri\u00e8re du matin est ainsi un moment favoris\u00e9 pour se consacrer \u00e0 Dieu avec l\u2019intercession de Marie, en lui pr\u00e9sentant nos acclamations, nos actions de gr\u00e2ce et nos intentions les plus intimes. Au sein de la qui\u00e9tude de l\u2019aurore, on se trouve invit\u00e9s pour se tourner vers cette m\u00e8re divine, qui nous guide avec douceur au sujet de du chemin de la croyance ainsi que de l\u2019amour divin. En associant notre voix \u00e0 celle de Marie, nous augmentons nos pri\u00e8res matinales envers le tr\u00f4ne de du don divin, s\u00fbrs que nos supplications seront entendues et accueillies aupr\u00e8s de le c\u0153ur mis\u00e9ricordieux de Dieu.<\/p>\n<h2> Pri\u00e8re pour le d\u00e9but de journ\u00e9e avec dieu et Marie la Vierge<\/h2>\n<p>Seigneur tout-puissant et mis\u00e9ricordieux, en ce jour qui se l\u00e8ve sous la clart\u00e9 de ta divine lumi\u00e8re, je viens \u00e0 toi avec c\u0153ur rempli de confiance et d\u2019humilit\u00e9. Que cette nouvelle journ\u00e9e qui se profile soit consacr\u00e9e \u00e0 ta saintet\u00e9, que chaque battement de mon c\u0153ur |chaque regard de mes yeux|chacune de mes paroles|chacun de mes gestes} te soit offert en sacrifice. Que chaque respiration qui anime mon \u00eatre soit un souffle de pri\u00e8re |un souffle vers toi|un souffle de vie en toi}. Priez, que nos pri\u00e8res montent, que nos c\u0153urs implorent, que nos \u00e2mes se confient, que nos esprits s\u2019\u00e9l\u00e8vent.<\/p>\n<p>Tel Marie, la sainte m\u00e8re qui a port\u00e9 en son sein l\u2019enfant J\u00e9sus, accompagne-moi dans ce cheminement de foi et de d\u00e9votion. Que je puisse, en parcourant les pages de l\u2019\u00c9vangile, d\u00e9couvrir la clart\u00e9 pour \u00e9clairer mes pas et renforcer ma foi. Comme Pierre, donne-moi la puissance et le courage de surmonter les tourments de l\u2019existence avec une confiance in\u00e9branlable en ta providence.<\/p>\n<p>Dans ce temps de Car\u00eame, o\u00f9 les fid\u00e8les et les croyantes se pr\u00e9parent \u00e0 c\u00e9l\u00e9brer la r\u00e9surrection de J\u00e9sus-Christ, accorde-moi, Seigneur, l\u2019\u00e9veil spirituel. Que mon c\u0153ur soit purifi\u00e9 de toute souillure, afin qu\u2019il devienne un temple digne de ta pr\u00e9sence. Que mes suppliques, \u00e0 l\u2019image de Fran\u00e7ois d\u2019Assise, r\u00e9sonne comme un hymne de louange \u00e0 travers les si\u00e8cles.<br \/>\nSeigneur, que chaque jour soit impr\u00e9gn\u00e9 de ton amour, que chaque instant soit une occasion de entrer en communion avec toi et de te servir dans mes prochains. Que mon existence soit un t\u00e9moignage vivant de ton amour infini pour tous. Puissent les pri\u00e8res de Hozana monter vers toi comme un doux parfum, enveloppant toute ma journ\u00e9e dans une ambiance de paix. Priez, \u00c9glise, Fran\u00e7ois, Hozana.<\/p>\n<p>Que mon c\u0153ur, Dieu Tout-Puissant, devienne une manifestation du tien, rempli d\u2019amour, de compassion et de mis\u00e9ricorde envers autrui. Que chacune de mes pens\u00e9es et de mes actions soit dirig\u00e9e par l\u2019Esprit divin, afin que je puisse contribuer \u00e0 l\u2019av\u00e8nement de ta justice sur cette terre.<\/p>\n<p>Puissent cette journ\u00e9e devienne une nouvelle \u00e9tape dans mon cheminement spirituel, une opportunit\u00e9 de grandir dans la foi. Seigneur, poss\u00e8de mon c\u0153ur, \u00e9tablis-le comme ton sanctuaire, o\u00f9 ta pr\u00e9sence se manifeste constamment. Que chaque pulsation de mon c\u0153ur se transforme en un chant \u00e0 ta gloire, \u00f4 Seigneur, pour les si\u00e8cles des si\u00e8cles. Amen.<\/p>\n<p>Pendant le r\u00e9veil spirituel spirituel de chaque \u00e2me chr\u00e9tienne, la pri\u00e8re a un r\u00f4le. Elle est le lien intime entre le fid\u00e8le de Dieu et sa m\u00e8re c\u00e9leste, Marie, la sainte supplie pour le compte de nous devant son sacr\u00e9 Fils. Par le biais de la pri\u00e8re, les croyants nous introduisons au sein de la brillance de la parole de Dieu, men\u00e9s sous l\u2019Esprit Saint, pour d\u00e9couvrir la r\u00e9alit\u00e9 et la b\u00e9n\u00e9diction que J\u00e9sus nous dispense.<\/p>\n<h2>M\u00e9ditation sur la Parole de Dieu : <\/h2>\n<p>Nous pouvons contempler sur un passage religieux lequel nous parle de la tendresse du Seigneur. \u00c0 titre illustratif :<\/p>\n<h3>1 Corinthiens 13, 1-8 : <\/h3>\n<p>\u00ab\u00a0Quand je parlerais les langues des hommes et des anges, si je n\u2019ai pas l\u2019amour, je suis un airain qui r\u00e9sonne ou une cymbale qui retentit. Et quand j\u2019aurais le don de proph\u00e9tie, la science de tous les myst\u00e8res et toute la connaissance, quand j\u2019aurais m\u00eame toute la foi jusqu\u2019\u00e0 transporter des montagnes, si je n\u2019ai pas l\u2019amour, je ne suis rien. .\u00a0\u00bb<\/p>\n<p>Publications sur le m\u00eame th\u00e8me:<\/p>\n<p>T\u00eates et figures\/Mater amabilis.,<a target=\"_blank\" rel=\"nofollow\" href=\"https:\/\/editionsbussiere.com\/blog\/goto\/https:\/\/fr.wikisource.org\/wiki\/T%C3%AAtes_et_figures\/Mater_amabilis\"  target=\"_blank\" rel=\"noopener noreferrer nofollow\">L\u2019article de presse.<\/a><span><\/span>. Suite sur le prochain article.<\/p>\n<p>Ma cousine Mandine\/1.,<a target=\"_blank\" rel=\"nofollow\" href=\"https:\/\/editionsbussiere.com\/blog\/goto\/https:\/\/fr.wikisource.org\/wiki\/Ma_cousine_Mandine\/1\"  target=\"_blank\" rel=\"noopener noreferrer nofollow\">Ici.<\/a><span><\/span><\/p>\n<p>Les cinq nouveaux Tableaux espagnols du Mus\u00e9e du Louvre.,<a target=\"_blank\" rel=\"nofollow\" href=\"https:\/\/editionsbussiere.com\/blog\/goto\/https:\/\/fr.wikisource.org\/wiki\/Les_cinq_nouveaux_Tableaux_espagnols_du_Mus%C3%A9e_du_Louvre\"  target=\"_blank\" rel=\"noopener noreferrer nofollow\">Cliquer ICI.<\/a><span><\/span><\/p>\n<p>La Madone de Busowiska , m\u0153urs Houtsoules.,<a target=\"_blank\" rel=\"nofollow\" href=\"https:\/\/editionsbussiere.com\/blog\/goto\/https:\/\/fr.wikisource.org\/wiki\/La_Madone_de_Busowiska_,_m%C5%93urs_Houtsoules\"  target=\"_blank\" rel=\"noopener noreferrer nofollow\">A lire ici.<\/a><span><\/span><\/p>\n<p>L\u2019Esprit chr\u00e9tien et le patriotisme\/Chapitre 2.,<a target=\"_blank\" rel=\"nofollow\" href=\"https:\/\/editionsbussiere.com\/blog\/goto\/https:\/\/fr.wikisource.org\/wiki\/L%E2%80%99Esprit_chr%C3%A9tien_et_le_patriotisme\/Chapitre_2\"  target=\"_blank\" rel=\"noopener noreferrer nofollow\">L\u2019article de presse.<\/a><span><\/span><\/p>\n<p>Cat\u00e9chisme du dioc\u00e8se de Sens\/Abr\u00e9g\u00e9 de doctrine chr\u00e9tienne.,<a target=\"_blank\" rel=\"nofollow\" href=\"https:\/\/editionsbussiere.com\/blog\/goto\/https:\/\/fr.wikisource.org\/wiki\/Cat%C3%A9chisme_du_dioc%C3%A8se_de_Sens\/Abr%C3%A9g%C3%A9_de_doctrine_chr%C3%A9tienne\"  target=\"_blank\" rel=\"noopener noreferrer nofollow\">Article complet.<\/a><span><\/span><\/p>\n<\/div>\n<p><img decoding=\"async\" class=\"wpe_imgrss\" src=\"https:\/\/editionsbussiere.com\/blog\/wp-content\/uploads\/2024\/10\/Le-pape-Francois-sinspire-de-la-spiritualite-francaise-avec-une.jpg\">Cet article a \u00e9t\u00e9 reconstitu\u00e9 du mieux possible. Dans l\u2019hypoth\u00e8se o\u00f9 vous souhaitez apporter quelques modifications concernant le th\u00e8me \u00ab\u00a0Editions \u00e9sot\u00e9rique fond\u00e9e en 1927\u00a0\u00bb, il est possible de discuter avec notre r\u00e9daction. Vous pouvez tirer profit de cet article traitant le sujet \u00ab\u00a0Editions \u00e9sot\u00e9rique fond\u00e9e en 1927\u00a0\u00bb. Il est concoct\u00e9 par l\u2019\u00e9quipe editionsbussiere.com. Le site editionsbussiere.com est fait pour cr\u00e9er divers posts autour du th\u00e8me Editions \u00e9sot\u00e9rique fond\u00e9e en 1927 d\u00e9velopp\u00e9es sur internet. Consultez notre site internet editionsbussiere.com et nos r\u00e9seaux sociaux pour \u00eatre au courant des futures annonces.<\/p>\n","protected":false},"excerpt":{"rendered":"<p>La 4e encyclique du pape Fran\u00e7ois, Dilexit nos, offre l\u2019occasion de r\u00e9fl\u00e9chir sur ses liens avec sainte Th\u00e9r\u00e8se de Lisieux, saint Charles de Foucauld et d\u2019autres. Sur le vol de retour des JMJ de Rio en 2013, interrog\u00e9 sur le cartable noir qu\u2019il transportait \u00e0 bord de l\u2019avion et qui avait intrigu\u00e9 les journalistes, le [&hellip;]<\/p>\n","protected":false},"author":3,"featured_media":1554,"comment_status":"closed","ping_status":"closed","sticky":false,"template":"","format":"standard","meta":{"footnotes":""},"categories":[3],"tags":[],"class_list":["post-1553","post","type-post","status-publish","format-standard","has-post-thumbnail","hentry","category-editions-esoterique-fondee-en-1927-depeches","entry","fw-tab-6 fw-tabr-4","has-featured-image"],"yoast_head":"<!-- This site is optimized with the Yoast SEO plugin v27.5 - https:\/\/yoast.com\/product\/yoast-seo-wordpress\/ -->\n<title>Le pape Fran\u00e7ois s\u2019inspire de la spiritualit\u00e9 fran\u00e7aise avec une pri\u00e8re pour commencer la journ\u00e9e. - EDITIONSBUSSIERE<\/title>\n<meta name=\"robots\" content=\"index, follow, max-snippet:-1, max-image-preview:large, max-video-preview:-1\" \/>\n<link rel=\"canonical\" href=\"https:\/\/editionsbussiere.com\/blog\/le-pape-francois-sinspire-de-la-spiritualite-francaise-avec-une-priere-pour-commencer-la-journee\/\" \/>\n<meta property=\"og:locale\" content=\"fr_FR\" \/>\n<meta property=\"og:type\" content=\"article\" \/>\n<meta property=\"og:title\" content=\"Le pape Fran\u00e7ois s\u2019inspire de la spiritualit\u00e9 fran\u00e7aise avec une pri\u00e8re pour commencer la journ\u00e9e. - EDITIONSBUSSIERE\" \/>\n<meta property=\"og:description\" content=\"La 4e encyclique du pape Fran\u00e7ois, Dilexit nos, offre l\u2019occasion de r\u00e9fl\u00e9chir sur ses liens avec sainte Th\u00e9r\u00e8se de Lisieux, saint Charles de Foucauld et d\u2019autres. Sur le vol de retour des JMJ de Rio en 2013, interrog\u00e9 sur le cartable noir qu\u2019il transportait \u00e0 bord de l\u2019avion et qui avait intrigu\u00e9 les journalistes, le [&hellip;]\" \/>\n<meta property=\"og:url\" content=\"https:\/\/editionsbussiere.com\/blog\/le-pape-francois-sinspire-de-la-spiritualite-francaise-avec-une-priere-pour-commencer-la-journee\/\" \/>\n<meta property=\"og:site_name\" content=\"EDITIONSBUSSIERE\" \/>\n<meta property=\"article:published_time\" content=\"2024-10-23T19:02:10+00:00\" \/>\n<meta property=\"og:image\" content=\"https:\/\/editionsbussiere.com\/blog\/wp-content\/uploads\/2024\/10\/Le-pape-Francois-sinspire-de-la-spiritualite-francaise-avec-une.jpg\" \/>\n<meta name=\"author\" content=\"Marie BATICLE\" \/>\n<meta name=\"twitter:card\" content=\"summary_large_image\" \/>\n<meta name=\"twitter:label1\" content=\"\u00c9crit par\" \/>\n\t<meta name=\"twitter:data1\" content=\"Marie BATICLE\" \/>\n\t<meta name=\"twitter:label2\" content=\"Dur\u00e9e de lecture estim\u00e9e\" \/>\n\t<meta name=\"twitter:data2\" content=\"13 minutes\" \/>\n<script type=\"application\/ld+json\" class=\"yoast-schema-graph\">{\"@context\":\"https:\\\/\\\/schema.org\",\"@graph\":[{\"@type\":\"Article\",\"@id\":\"https:\\\/\\\/editionsbussiere.com\\\/blog\\\/le-pape-francois-sinspire-de-la-spiritualite-francaise-avec-une-priere-pour-commencer-la-journee\\\/#article\",\"isPartOf\":{\"@id\":\"https:\\\/\\\/editionsbussiere.com\\\/blog\\\/le-pape-francois-sinspire-de-la-spiritualite-francaise-avec-une-priere-pour-commencer-la-journee\\\/\"},\"author\":{\"name\":\"Marie BATICLE\",\"@id\":\"https:\\\/\\\/editionsbussiere.com\\\/blog\\\/#\\\/schema\\\/person\\\/ec90e102792148c97e46ab871010dd8f\"},\"headline\":\"Le pape Fran\u00e7ois s\u2019inspire de la spiritualit\u00e9 fran\u00e7aise avec une pri\u00e8re pour commencer la journ\u00e9e.\",\"datePublished\":\"2024-10-23T19:02:10+00:00\",\"mainEntityOfPage\":{\"@id\":\"https:\\\/\\\/editionsbussiere.com\\\/blog\\\/le-pape-francois-sinspire-de-la-spiritualite-francaise-avec-une-priere-pour-commencer-la-journee\\\/\"},\"wordCount\":2715,\"publisher\":{\"@id\":\"https:\\\/\\\/editionsbussiere.com\\\/blog\\\/#organization\"},\"image\":{\"@id\":\"https:\\\/\\\/editionsbussiere.com\\\/blog\\\/le-pape-francois-sinspire-de-la-spiritualite-francaise-avec-une-priere-pour-commencer-la-journee\\\/#primaryimage\"},\"thumbnailUrl\":\"https:\\\/\\\/editionsbussiere.com\\\/blog\\\/wp-content\\\/uploads\\\/2024\\\/10\\\/Le-pape-Francois-sinspire-de-la-spiritualite-francaise-avec-une.jpg\",\"articleSection\":[\"Editions \u00c9sot\u00e9rique Fond\u00e9e En 1927; D\u00e9p\u00e8ches:\"],\"inLanguage\":\"fr-FR\"},{\"@type\":\"WebPage\",\"@id\":\"https:\\\/\\\/editionsbussiere.com\\\/blog\\\/le-pape-francois-sinspire-de-la-spiritualite-francaise-avec-une-priere-pour-commencer-la-journee\\\/\",\"url\":\"https:\\\/\\\/editionsbussiere.com\\\/blog\\\/le-pape-francois-sinspire-de-la-spiritualite-francaise-avec-une-priere-pour-commencer-la-journee\\\/\",\"name\":\"Le pape Fran\u00e7ois s\u2019inspire de la spiritualit\u00e9 fran\u00e7aise avec une pri\u00e8re pour commencer la journ\u00e9e. - EDITIONSBUSSIERE\",\"isPartOf\":{\"@id\":\"https:\\\/\\\/editionsbussiere.com\\\/blog\\\/#website\"},\"primaryImageOfPage\":{\"@id\":\"https:\\\/\\\/editionsbussiere.com\\\/blog\\\/le-pape-francois-sinspire-de-la-spiritualite-francaise-avec-une-priere-pour-commencer-la-journee\\\/#primaryimage\"},\"image\":{\"@id\":\"https:\\\/\\\/editionsbussiere.com\\\/blog\\\/le-pape-francois-sinspire-de-la-spiritualite-francaise-avec-une-priere-pour-commencer-la-journee\\\/#primaryimage\"},\"thumbnailUrl\":\"https:\\\/\\\/editionsbussiere.com\\\/blog\\\/wp-content\\\/uploads\\\/2024\\\/10\\\/Le-pape-Francois-sinspire-de-la-spiritualite-francaise-avec-une.jpg\",\"datePublished\":\"2024-10-23T19:02:10+00:00\",\"breadcrumb\":{\"@id\":\"https:\\\/\\\/editionsbussiere.com\\\/blog\\\/le-pape-francois-sinspire-de-la-spiritualite-francaise-avec-une-priere-pour-commencer-la-journee\\\/#breadcrumb\"},\"inLanguage\":\"fr-FR\",\"potentialAction\":[{\"@type\":\"ReadAction\",\"target\":[\"https:\\\/\\\/editionsbussiere.com\\\/blog\\\/le-pape-francois-sinspire-de-la-spiritualite-francaise-avec-une-priere-pour-commencer-la-journee\\\/\"]}]},{\"@type\":\"ImageObject\",\"inLanguage\":\"fr-FR\",\"@id\":\"https:\\\/\\\/editionsbussiere.com\\\/blog\\\/le-pape-francois-sinspire-de-la-spiritualite-francaise-avec-une-priere-pour-commencer-la-journee\\\/#primaryimage\",\"url\":\"https:\\\/\\\/editionsbussiere.com\\\/blog\\\/wp-content\\\/uploads\\\/2024\\\/10\\\/Le-pape-Francois-sinspire-de-la-spiritualite-francaise-avec-une.jpg\",\"contentUrl\":\"https:\\\/\\\/editionsbussiere.com\\\/blog\\\/wp-content\\\/uploads\\\/2024\\\/10\\\/Le-pape-Francois-sinspire-de-la-spiritualite-francaise-avec-une.jpg\",\"width\":620,\"height\":412,\"caption\":\"Le pape Francois sinspire de la spiritualite francaise avec une\"},{\"@type\":\"BreadcrumbList\",\"@id\":\"https:\\\/\\\/editionsbussiere.com\\\/blog\\\/le-pape-francois-sinspire-de-la-spiritualite-francaise-avec-une-priere-pour-commencer-la-journee\\\/#breadcrumb\",\"itemListElement\":[{\"@type\":\"ListItem\",\"position\":1,\"name\":\"Accueil\",\"item\":\"https:\\\/\\\/editionsbussiere.com\\\/blog\\\/\"},{\"@type\":\"ListItem\",\"position\":2,\"name\":\"Le pape Fran\u00e7ois s\u2019inspire de la spiritualit\u00e9 fran\u00e7aise avec une pri\u00e8re pour commencer la journ\u00e9e.\"}]},{\"@type\":\"WebSite\",\"@id\":\"https:\\\/\\\/editionsbussiere.com\\\/blog\\\/#website\",\"url\":\"https:\\\/\\\/editionsbussiere.com\\\/blog\\\/\",\"name\":\"EDITIONSBUSSIERE\",\"description\":\"Editions \u00e9sot\u00e9rique fond\u00e9e en 1927; site historique, A SAVOIR ET RETENIR.\",\"publisher\":{\"@id\":\"https:\\\/\\\/editionsbussiere.com\\\/blog\\\/#organization\"},\"potentialAction\":[{\"@type\":\"SearchAction\",\"target\":{\"@type\":\"EntryPoint\",\"urlTemplate\":\"https:\\\/\\\/editionsbussiere.com\\\/blog\\\/?s={search_term_string}\"},\"query-input\":{\"@type\":\"PropertyValueSpecification\",\"valueRequired\":true,\"valueName\":\"search_term_string\"}}],\"inLanguage\":\"fr-FR\"},{\"@type\":\"Organization\",\"@id\":\"https:\\\/\\\/editionsbussiere.com\\\/blog\\\/#organization\",\"name\":\"editionsbussiere\",\"url\":\"https:\\\/\\\/editionsbussiere.com\\\/blog\\\/\",\"logo\":{\"@type\":\"ImageObject\",\"inLanguage\":\"fr-FR\",\"@id\":\"https:\\\/\\\/editionsbussiere.com\\\/blog\\\/#\\\/schema\\\/logo\\\/image\\\/\",\"url\":\"https:\\\/\\\/editionsbussiere.com\\\/blog\\\/wp-content\\\/uploads\\\/2023\\\/09\\\/cropped-buss.gif\",\"contentUrl\":\"https:\\\/\\\/editionsbussiere.com\\\/blog\\\/wp-content\\\/uploads\\\/2023\\\/09\\\/cropped-buss.gif\",\"width\":298,\"height\":120,\"caption\":\"editionsbussiere\"},\"image\":{\"@id\":\"https:\\\/\\\/editionsbussiere.com\\\/blog\\\/#\\\/schema\\\/logo\\\/image\\\/\"}},{\"@type\":\"Person\",\"@id\":\"https:\\\/\\\/editionsbussiere.com\\\/blog\\\/#\\\/schema\\\/person\\\/ec90e102792148c97e46ab871010dd8f\",\"name\":\"Marie BATICLE\",\"image\":{\"@type\":\"ImageObject\",\"inLanguage\":\"fr-FR\",\"@id\":\"https:\\\/\\\/secure.gravatar.com\\\/avatar\\\/c923e52403b1b8137e2d929127211d21967e6aecaa053bd43b09da29f212e76e?s=96&d=mm&r=g\",\"url\":\"https:\\\/\\\/secure.gravatar.com\\\/avatar\\\/c923e52403b1b8137e2d929127211d21967e6aecaa053bd43b09da29f212e76e?s=96&d=mm&r=g\",\"contentUrl\":\"https:\\\/\\\/secure.gravatar.com\\\/avatar\\\/c923e52403b1b8137e2d929127211d21967e6aecaa053bd43b09da29f212e76e?s=96&d=mm&r=g\",\"caption\":\"Marie BATICLE\"},\"url\":\"https:\\\/\\\/editionsbussiere.com\\\/blog\\\/author\\\/eremarie\\\/\"}]}<\/script>\n<!-- \/ Yoast SEO plugin. -->","yoast_head_json":{"title":"Le pape Fran\u00e7ois s\u2019inspire de la spiritualit\u00e9 fran\u00e7aise avec une pri\u00e8re pour commencer la journ\u00e9e. - EDITIONSBUSSIERE","robots":{"index":"index","follow":"follow","max-snippet":"max-snippet:-1","max-image-preview":"max-image-preview:large","max-video-preview":"max-video-preview:-1"},"canonical":"https:\/\/editionsbussiere.com\/blog\/le-pape-francois-sinspire-de-la-spiritualite-francaise-avec-une-priere-pour-commencer-la-journee\/","og_locale":"fr_FR","og_type":"article","og_title":"Le pape Fran\u00e7ois s\u2019inspire de la spiritualit\u00e9 fran\u00e7aise avec une pri\u00e8re pour commencer la journ\u00e9e. - EDITIONSBUSSIERE","og_description":"La 4e encyclique du pape Fran\u00e7ois, Dilexit nos, offre l\u2019occasion de r\u00e9fl\u00e9chir sur ses liens avec sainte Th\u00e9r\u00e8se de Lisieux, saint Charles de Foucauld et d\u2019autres. Sur le vol de retour des JMJ de Rio en 2013, interrog\u00e9 sur le cartable noir qu\u2019il transportait \u00e0 bord de l\u2019avion et qui avait intrigu\u00e9 les journalistes, le [&hellip;]","og_url":"https:\/\/editionsbussiere.com\/blog\/le-pape-francois-sinspire-de-la-spiritualite-francaise-avec-une-priere-pour-commencer-la-journee\/","og_site_name":"EDITIONSBUSSIERE","article_published_time":"2024-10-23T19:02:10+00:00","og_image":[{"url":"https:\/\/editionsbussiere.com\/blog\/wp-content\/uploads\/2024\/10\/Le-pape-Francois-sinspire-de-la-spiritualite-francaise-avec-une.jpg","type":"","width":"","height":""}],"author":"Marie BATICLE","twitter_card":"summary_large_image","twitter_misc":{"\u00c9crit par":"Marie BATICLE","Dur\u00e9e de lecture estim\u00e9e":"13 minutes"},"schema":{"@context":"https:\/\/schema.org","@graph":[{"@type":"Article","@id":"https:\/\/editionsbussiere.com\/blog\/le-pape-francois-sinspire-de-la-spiritualite-francaise-avec-une-priere-pour-commencer-la-journee\/#article","isPartOf":{"@id":"https:\/\/editionsbussiere.com\/blog\/le-pape-francois-sinspire-de-la-spiritualite-francaise-avec-une-priere-pour-commencer-la-journee\/"},"author":{"name":"Marie BATICLE","@id":"https:\/\/editionsbussiere.com\/blog\/#\/schema\/person\/ec90e102792148c97e46ab871010dd8f"},"headline":"Le pape Fran\u00e7ois s\u2019inspire de la spiritualit\u00e9 fran\u00e7aise avec une pri\u00e8re pour commencer la journ\u00e9e.","datePublished":"2024-10-23T19:02:10+00:00","mainEntityOfPage":{"@id":"https:\/\/editionsbussiere.com\/blog\/le-pape-francois-sinspire-de-la-spiritualite-francaise-avec-une-priere-pour-commencer-la-journee\/"},"wordCount":2715,"publisher":{"@id":"https:\/\/editionsbussiere.com\/blog\/#organization"},"image":{"@id":"https:\/\/editionsbussiere.com\/blog\/le-pape-francois-sinspire-de-la-spiritualite-francaise-avec-une-priere-pour-commencer-la-journee\/#primaryimage"},"thumbnailUrl":"https:\/\/editionsbussiere.com\/blog\/wp-content\/uploads\/2024\/10\/Le-pape-Francois-sinspire-de-la-spiritualite-francaise-avec-une.jpg","articleSection":["Editions \u00c9sot\u00e9rique Fond\u00e9e En 1927; D\u00e9p\u00e8ches:"],"inLanguage":"fr-FR"},{"@type":"WebPage","@id":"https:\/\/editionsbussiere.com\/blog\/le-pape-francois-sinspire-de-la-spiritualite-francaise-avec-une-priere-pour-commencer-la-journee\/","url":"https:\/\/editionsbussiere.com\/blog\/le-pape-francois-sinspire-de-la-spiritualite-francaise-avec-une-priere-pour-commencer-la-journee\/","name":"Le pape Fran\u00e7ois s\u2019inspire de la spiritualit\u00e9 fran\u00e7aise avec une pri\u00e8re pour commencer la journ\u00e9e. - EDITIONSBUSSIERE","isPartOf":{"@id":"https:\/\/editionsbussiere.com\/blog\/#website"},"primaryImageOfPage":{"@id":"https:\/\/editionsbussiere.com\/blog\/le-pape-francois-sinspire-de-la-spiritualite-francaise-avec-une-priere-pour-commencer-la-journee\/#primaryimage"},"image":{"@id":"https:\/\/editionsbussiere.com\/blog\/le-pape-francois-sinspire-de-la-spiritualite-francaise-avec-une-priere-pour-commencer-la-journee\/#primaryimage"},"thumbnailUrl":"https:\/\/editionsbussiere.com\/blog\/wp-content\/uploads\/2024\/10\/Le-pape-Francois-sinspire-de-la-spiritualite-francaise-avec-une.jpg","datePublished":"2024-10-23T19:02:10+00:00","breadcrumb":{"@id":"https:\/\/editionsbussiere.com\/blog\/le-pape-francois-sinspire-de-la-spiritualite-francaise-avec-une-priere-pour-commencer-la-journee\/#breadcrumb"},"inLanguage":"fr-FR","potentialAction":[{"@type":"ReadAction","target":["https:\/\/editionsbussiere.com\/blog\/le-pape-francois-sinspire-de-la-spiritualite-francaise-avec-une-priere-pour-commencer-la-journee\/"]}]},{"@type":"ImageObject","inLanguage":"fr-FR","@id":"https:\/\/editionsbussiere.com\/blog\/le-pape-francois-sinspire-de-la-spiritualite-francaise-avec-une-priere-pour-commencer-la-journee\/#primaryimage","url":"https:\/\/editionsbussiere.com\/blog\/wp-content\/uploads\/2024\/10\/Le-pape-Francois-sinspire-de-la-spiritualite-francaise-avec-une.jpg","contentUrl":"https:\/\/editionsbussiere.com\/blog\/wp-content\/uploads\/2024\/10\/Le-pape-Francois-sinspire-de-la-spiritualite-francaise-avec-une.jpg","width":620,"height":412,"caption":"Le pape Francois sinspire de la spiritualite francaise avec une"},{"@type":"BreadcrumbList","@id":"https:\/\/editionsbussiere.com\/blog\/le-pape-francois-sinspire-de-la-spiritualite-francaise-avec-une-priere-pour-commencer-la-journee\/#breadcrumb","itemListElement":[{"@type":"ListItem","position":1,"name":"Accueil","item":"https:\/\/editionsbussiere.com\/blog\/"},{"@type":"ListItem","position":2,"name":"Le pape Fran\u00e7ois s\u2019inspire de la spiritualit\u00e9 fran\u00e7aise avec une pri\u00e8re pour commencer la journ\u00e9e."}]},{"@type":"WebSite","@id":"https:\/\/editionsbussiere.com\/blog\/#website","url":"https:\/\/editionsbussiere.com\/blog\/","name":"EDITIONSBUSSIERE","description":"Editions \u00e9sot\u00e9rique fond\u00e9e en 1927; site historique, A SAVOIR ET RETENIR.","publisher":{"@id":"https:\/\/editionsbussiere.com\/blog\/#organization"},"potentialAction":[{"@type":"SearchAction","target":{"@type":"EntryPoint","urlTemplate":"https:\/\/editionsbussiere.com\/blog\/?s={search_term_string}"},"query-input":{"@type":"PropertyValueSpecification","valueRequired":true,"valueName":"search_term_string"}}],"inLanguage":"fr-FR"},{"@type":"Organization","@id":"https:\/\/editionsbussiere.com\/blog\/#organization","name":"editionsbussiere","url":"https:\/\/editionsbussiere.com\/blog\/","logo":{"@type":"ImageObject","inLanguage":"fr-FR","@id":"https:\/\/editionsbussiere.com\/blog\/#\/schema\/logo\/image\/","url":"https:\/\/editionsbussiere.com\/blog\/wp-content\/uploads\/2023\/09\/cropped-buss.gif","contentUrl":"https:\/\/editionsbussiere.com\/blog\/wp-content\/uploads\/2023\/09\/cropped-buss.gif","width":298,"height":120,"caption":"editionsbussiere"},"image":{"@id":"https:\/\/editionsbussiere.com\/blog\/#\/schema\/logo\/image\/"}},{"@type":"Person","@id":"https:\/\/editionsbussiere.com\/blog\/#\/schema\/person\/ec90e102792148c97e46ab871010dd8f","name":"Marie BATICLE","image":{"@type":"ImageObject","inLanguage":"fr-FR","@id":"https:\/\/secure.gravatar.com\/avatar\/c923e52403b1b8137e2d929127211d21967e6aecaa053bd43b09da29f212e76e?s=96&d=mm&r=g","url":"https:\/\/secure.gravatar.com\/avatar\/c923e52403b1b8137e2d929127211d21967e6aecaa053bd43b09da29f212e76e?s=96&d=mm&r=g","contentUrl":"https:\/\/secure.gravatar.com\/avatar\/c923e52403b1b8137e2d929127211d21967e6aecaa053bd43b09da29f212e76e?s=96&d=mm&r=g","caption":"Marie BATICLE"},"url":"https:\/\/editionsbussiere.com\/blog\/author\/eremarie\/"}]}},"_links":{"self":[{"href":"https:\/\/editionsbussiere.com\/blog\/wp-json\/wp\/v2\/posts\/1553","targetHints":{"allow":["GET"]}}],"collection":[{"href":"https:\/\/editionsbussiere.com\/blog\/wp-json\/wp\/v2\/posts"}],"about":[{"href":"https:\/\/editionsbussiere.com\/blog\/wp-json\/wp\/v2\/types\/post"}],"author":[{"embeddable":true,"href":"https:\/\/editionsbussiere.com\/blog\/wp-json\/wp\/v2\/users\/3"}],"replies":[{"embeddable":true,"href":"https:\/\/editionsbussiere.com\/blog\/wp-json\/wp\/v2\/comments?post=1553"}],"version-history":[{"count":0,"href":"https:\/\/editionsbussiere.com\/blog\/wp-json\/wp\/v2\/posts\/1553\/revisions"}],"wp:featuredmedia":[{"embeddable":true,"href":"https:\/\/editionsbussiere.com\/blog\/wp-json\/wp\/v2\/media\/1554"}],"wp:attachment":[{"href":"https:\/\/editionsbussiere.com\/blog\/wp-json\/wp\/v2\/media?parent=1553"}],"wp:term":[{"taxonomy":"category","embeddable":true,"href":"https:\/\/editionsbussiere.com\/blog\/wp-json\/wp\/v2\/categories?post=1553"},{"taxonomy":"post_tag","embeddable":true,"href":"https:\/\/editionsbussiere.com\/blog\/wp-json\/wp\/v2\/tags?post=1553"}],"curies":[{"name":"wp","href":"https:\/\/api.w.org\/{rel}","templated":true}]}}