{"id":1536,"date":"2024-10-20T15:02:33","date_gmt":"2024-10-20T13:02:33","guid":{"rendered":"https:\/\/editionsbussiere.com\/blog\/lopportunite-du-programme-prier-et-apprendre-avec-la-famille-est-appliquee-au-ministere-des-enfants-supplication-pour-commencer-la-journee\/"},"modified":"2024-10-20T15:02:33","modified_gmt":"2024-10-20T13:02:33","slug":"lopportunite-du-programme-prier-et-apprendre-avec-la-famille-est-appliquee-au-ministere-des-enfants-supplication-pour-commencer-la-journee","status":"publish","type":"post","link":"https:\/\/editionsbussiere.com\/blog\/lopportunite-du-programme-prier-et-apprendre-avec-la-famille-est-appliquee-au-ministere-des-enfants-supplication-pour-commencer-la-journee\/","title":{"rendered":"L\u2019opportunit\u00e9 du programme \u00ab\u00a0Prier et apprendre avec la famille\u00a0\u00bb est appliqu\u00e9e au minist\u00e8re des enfants\n &amp; supplication pour commencer la journ\u00e9e."},"content":{"rendered":"<div><img width=\"580\" height=\"326\" src=\"https:\/\/editionsbussiere.com\/blog\/wp-content\/uploads\/2024\/10\/1729426412_Lopportunite-du-programme-Prier-et-apprendre-avec-la-famille-est.jpg\" class=\"attachment-large size-large wp-post-image\" alt=\"L'opportunit\u00e9 du programme \u00ab\u00a0Prier et apprendre avec la famille\u00a0\u00bb est\" style=\"float:left; margin:0 15px 15px 0;\" decoding=\"async\" srcset=\"https:\/\/editionsbussiere.com\/blog\/wp-content\/uploads\/2024\/10\/1729426412_Lopportunite-du-programme-Prier-et-apprendre-avec-la-famille-est.jpg 1024w, https:\/\/www.n42.fr\/wp-content\/uploads\/2024\/10\/1729426412_Lopportunite-du-programme-Prier-et-apprendre-avec-la-famille-est-300x169.jpg 300w, https:\/\/www.n42.fr\/wp-content\/uploads\/2024\/10\/1729426412_Lopportunite-du-programme-Prier-et-apprendre-avec-la-famille-est-768x432.jpg 768w\" sizes=\"(max-width: 580px) 100vw, 580px\"><\/p>\n<p>\n<\/p>\n<div>\n<p>(OSV News) \u2014 Au cours des derni\u00e8res ann\u00e9es, l\u2019\u00c9glise des \u00c9tats-Unis a promu la formation minist\u00e9rielle dans les classes et les programmes universitaires pour pr\u00e9parer les dirigeants catholiques de la m\u00e8re, qui sont mis en \u0153uvre dans divers domaines, entre eux, le Rito de Iniciaci\u00f3n Cristiana para Adultos, le minist\u00e8re des p\u00e8res et le minist\u00e8re de la jeunesse, pour nommer certains.<\/p>\n<p>Sans embargo, nous avons beaucoup \u00e0 faire pour recruter le minist\u00e8re de la jeunesse et le minist\u00e8re infantile de la m\u00eame mani\u00e8re que le Paraguay, ses initiatives comme \u00ab Prier et apprendre avec la famille \u00bb du Mexican American Catholic College (MACC) \u00e0 San Antonio qui enthousiasment la n\u00e9cessit\u00e9 de travailler avec Le minist\u00e8re infantile devient une entit\u00e9 s\u00e9par\u00e9e \u2014 celle qui peut avoir ses propres dirigeants, ressources, temps et espace.<\/p>\n<p>\u00ab\u00a0Estoy compl\u00e8tement en faveur de inverser en los ni\u00f1os\u00a0\u00bb, a manifest\u00e9 le Dr. Montserrat Ba\u00f1os, directrice des initiatives pour les enfants du MACC, une OSV News. \u00ab\u00a0Dans le Plan national, nous pouvons faire un appel \u00e0 l\u2019\u00e9ducation des enfants. Invirtamos un peu plus chez les enfants, dans notre pr\u00e9paration, et dans la formation de nos ministres, et nous serons comme vale la pena\u00a0\u00bb, a-t-il ajout\u00e9, en faisant r\u00e9f\u00e9rence au Plan Pastoral Nacional pour le Minist\u00e8re Hispano\/Latino qui a \u00e9t\u00e9 approuv\u00e9 par les obispos des \u00c9tats. Unidos l\u2019ann\u00e9e pass\u00e9e.<\/p>\n<p>Inverser cette jeune population en offrant des comp\u00e9tences aux sacerdotes, aux diacres, aux religieux et aux la\u00efcs qui, comme leurs ministres, peuvent se forger leur vie et acqu\u00e9rir leurs vies spirituelles, c\u2019est pr\u00e9cis\u00e9ment ce que le MACC a re\u00e7u avec la subvention de 1,2 millions de dollars re\u00e7us. Lilly Endowment Inc., issue de son Iniciativa Nutriendo a los Ni\u00f1os en 2023.<\/p>\n<p>Outre l\u2019Arquidioc\u00e8se de San Antonio, d\u2019autres dioc\u00e8ses du Texas b\u00e9n\u00e9ficient de la subvenci\u00f3n, ainsi que le dioc\u00e8se des anciens \u00e9tats de l\u2019Oklahoma et de l\u2019Arkansas. Une description du programme destin\u00e9 aux b\u00e9n\u00e9ficiaires comprend \u00ab\u00a0les congr\u00e9gations rurales avec des ressources limit\u00e9es et des familles avec des enfants handicap\u00e9s\u00a0\u00bb.<\/p>\n<p>Gr\u00e2ce \u00e0 un plan structur\u00e9 et financier, Ba\u00f1os s\u2019est uni au MACC en ao\u00fbt 2023 pour mettre en marche le programme \u00ab Apprendre et Orner avec la Famille \u00bb. Le moment \u00e9tait parfait pour le Dr. Ba\u00f1os, une m\u00e8re mexicaine de ses enfants et professeure avec un docteur en philosophie qui cherche \u00e0 se r\u00e9incorporer dans le monde du travail apr\u00e8s que sa famille se soit convertie \u00e0 San Antonio il y a trois ans.<\/p>\n<p>Lorsqu\u2019il offre le poste de directeur d\u2019initiatives pour les enfants au MACC, \u00ab\u00a0me dit \u00e0 moi\u00a0: \u2018\u00a1Wow, Dios es bueno! \u00ab\u00a0Je suis l\u00e0 et j\u2019ai une meilleure opportunit\u00e9 de buscando!\u00a0\u00bb, a d\u00e9clar\u00e9.<\/p>\n<p>Esforz\u00e1ndose por acercarse, encontrar, y servir a los ni\u00f1os donde est\u00e1n \u2014 dans l\u2019\u00e9tape de d\u00e9veloppement en ce qu\u2019ils rencontrent \u2014 et sans tratar de \u00ab faire s\u2019adapter \u00e0 nos attentes ou conditions \u00bb, Ba\u00f1os a d\u00e9clar\u00e9 que l\u2019initiative \u00ab Prier et apprendre avec la Familia\u201d de la bienvenida \u00e0 tous les int\u00e9ress\u00e9s pour guider les enfants dans leur d\u00e9veloppement spirituel.<\/p>\n<p>\u00ab\u00a0Tous peuvent recevoir quelque chose d\u2019aide, quelques ressources, une certaine habilet\u00e9, une certaine capacit\u00e9 de cette initiative\u00a0\u00bb, s\u2019est enthousiasm\u00e9.<\/p>\n<p>L\u2019initiative comprend trois strat\u00e9gies principales con\u00e7ues pour r\u00e9pondre aux diverses n\u00e9cessit\u00e9s et d\u00e9fis du minist\u00e8re des enfants de la r\u00e9gion\u00a0: la premi\u00e8re Rencontre r\u00e9gionale sur l\u2019esprit infantile\u00a0; un cursus de spiritualit\u00e9 infantile\u00a0; et des centres pour partager les meilleures pratiques et strat\u00e9gies pour les paroisses, les \u00e9coles et les communaut\u00e9s.<br \/>Miroslava Vargas, directrice de la pr\u00e9paration sacramentelle et de la formation de la f\u00eate pour adultes au Centre pastoral du dioc\u00e8se de Laredo au Texas, a exprim\u00e9 qu\u2019elle avait d\u00e9cid\u00e9 d\u2019assister \u00e0 la premi\u00e8re rencontre du programme \u00e0 San Antonio avec le \u00ab calibre des orateurs que il s\u2019est r\u00e9uni \u00bb. Former une \u00e9quipe de quatre personnes \u2014 une certification et un p\u00e8re qui travaille avec des enfants handicap\u00e9s, un sacerdote r\u00e9cemment ordonn\u00e9, et elle m\u00eame \u2014 sera dirig\u00e9 vers le campus du MACC \u00e0 la fin de la semaine du 26 au 28 avril \u00e0 une rencontre qui a surpass\u00e9 les attentes.<\/p>\n<p>\u00abIl a assist\u00e9 \u00e0 de nombreuses conf\u00e9rences, et \u00e0 l\u2019une des choses qui sont clairement distinctes du fait que dans certaines sessions, il propose le m\u00eame th\u00e8me, mais il a ensuite une salle d\u00e9sign\u00e9e pour ceux qui ont choisi d\u2019\u00e9couter la pr\u00e9sentation en anglais\u2026 et ensuite, une autre salle en espagnol\u00bb, a manifest\u00e9 OSV News.<\/p>\n<p>\u00ab\u00a0Les gens ont une option qui me para\u00eet brillante\u00a0\u00bb, a ajout\u00e9 Vargas.<\/p>\n<p>Les orateurs de cette rencontre inaugurale, intitul\u00e9 \u00ab El Ni\u00f1o y el Cordero \u00bb, comprennent Mary Mirrione, directrice nationale de l\u2019Association de cat\u00e9ch\u00e8se du Bon Pasteur des \u00c9tats-Unis ; Charleen Katra, directrice ex\u00e9cutive de l\u2019Association nationale catholique pour la mobilit\u00e9 ; et le p\u00e8re Matthew De Leon, un jeune sacerdote qui a rejoint la communaut\u00e9 d\u2019Uvalde, Texas, lors du tir magistral du 24 mai 2022 \u00e0 l\u2019Escuela Primaria Robb, et qui a tu\u00e9 19 enfants et deux ma\u00eetres.<\/p>\n<p>\u00c0 Vargas, l\u2019impact a \u00e9t\u00e9 que le p\u00e8re De Leon \u00ab a fait la voix d\u2019un enfant \u00bb dans sa pr\u00e9sentation au sujet de la r\u00e9action imm\u00e9diate apr\u00e8s l\u2019incident. \u00ab Les p\u00e8res sont en train de r\u00e9pondre et de dire : \u2018\u00bfC\u00f3mo pudo suceder esto ?\u2019 Alors que les enfants disent : \u00ab\u00a0Pouvez-vous aider mon ami\u00a0?\u00a0\u00bb<\/p>\n<p>\u00abIls sont en train de penser \u00e0 leurs camarades de classe, c\u2019est pourquoi les enfants sont en train de penser\u00bb, a comment\u00e9 Vargas.<\/p>\n<p>Apr\u00e8s cette rencontre, le MACC a organis\u00e9 des s\u00e9ances bimensuelles avec les participants pour continuer \u00e0 organiser des strat\u00e9gies centr\u00e9es sur les enfants et \u00e0 mettre en \u0153uvre des programmes de spiritualit\u00e9 infantile dans leurs communaut\u00e9s.<\/p>\n<p>En plus de la Rencontre r\u00e9gionale, la deuxi\u00e8me strat\u00e9gie selon laquelle le programme est mis en \u0153uvre est li\u00e9e \u00e0 une licence et \u00e0 une ma\u00eetrise en minist\u00e8re pastoral du MACC, et les \u00e9tudiants peuvent suivre un cursus de spiritualit\u00e9 infantile du programme \u00ab Apprentissage et apprentissage avec la famille \u00bb. Sur des th\u00e8mes qui, \u00e0 partir de la paternit\u00e9 et de la cat\u00e9ch\u00e8se, de la th\u00e9ologie infantile et de la d\u00e9ficience, ont eu le soutien bas\u00e9 sur le traumatisme, Ba\u00f1os est conscient du contenu unique et innovateur du cursus, car c\u2019est un moyen de noter la n\u00e9cessit\u00e9 de mieux mettre en \u0153uvre le minist\u00e8re des enfants, en fonction des enfants, pas des adultes \u00bb.<\/p>\n<p>R\u00e9pondant \u00e0 l\u2019appel du Papa Francisco de \u00ab \u00eatre \u00e0 son sujet \u00bb, Ba\u00f1os a r\u00e9v\u00e9l\u00e9 que les ambassadeurs du minist\u00e8re paroissial du MACC se seraient bient\u00f4t pr\u00e9sent\u00e9s en espagnol, en plus du \u00ab compromis de l\u2019institution de prendre en charge, d\u2019accepter et d\u2019assurer le minist\u00e8re et le service \u00bb. dans l\u2019\u00c9glise des minorit\u00e9s \u00bb.<\/p>\n<p>M\u00eame si les enseignants \u2014 qui font partie de la troisi\u00e8me strat\u00e9gie, qui ont pour objectif de partager et de financer la recherche r\u00e9alis\u00e9e pour le cursus universitaire, ainsi que les r\u00e9sultats de la rencontre annuelle \u2014 sont plus dirig\u00e9s vers les cat\u00e9chistes, Ba\u00f1os a expliqu\u00e9 qu\u2019ils participaient \u00e9galement aux volontaires et aux p\u00e8res. . Certains th\u00e8mes incluent les ma\u00eetres de la th\u00e9ologie de l\u2019enfant, la cat\u00e9ch\u00e8se adaptative et la relation \u00e9motionnelle avec les enfants, la liturgie et la communaut\u00e9.<\/p>\n<p>Sans perdre son impulsion, Ba\u00f1os est l\u00e0 pour planifier le futur, en organisant de futures rencontres annuelles pour suivre le d\u00e9veloppement de l\u2019\u00e9tude des sciences cr\u00e9atrices au d\u00e9triment du minist\u00e8re infantile.<br \/>\u00ab Notre prochaine rencontre aura lieu sur les enfants de 9 \u00e0 12 ans. Luego, la rencontre suivante, en 2026, sera pour les enfants de 6 \u00e0 9 ans. Et ensuite, le suivant sera pour les enfants de 3 \u00e0 6 ans\u00a0\u00bb, a ajout\u00e9 le Dr. Ba\u00f1os.<\/p>\n<p>Pour sa part, Vargas est \u00e0 l\u2019origine de l\u2019impact de l\u2019initiative, enthousiasm\u00e9 par le fait que la premi\u00e8re rencontre a appel\u00e9 les participants \u00e0 \u00ab voir les enfants d\u2019une mani\u00e8re diff\u00e9rente \u00bb.<\/p>\n<p>\u00abNous devons amener les enfants au centre d\u2019attention\u00bb, a-t-il affirm\u00e9.<\/p>\n<p><em>Maria del Pilar Guzman \u00e9crit pour OSV News depuis Boston.<\/em><\/p>\n<\/div>\n<h2> \u00c9lever nos pri\u00e8res pour nos familles au Seigneur au lever du jour.<\/h2>\n<p>La finale section de la pri\u00e8re du matin consiste \u00e0 prier pour nos propres proches, nos famille, nos coll\u00e8gues et nos communaut\u00e9. Nous pouvons prier pour leur, leur prosp\u00e9rit\u00e9, leur s\u00fbret\u00e9, et leur r\u00e9ussite. Nous pouvons \u00e9galement prier pour ceux qui nous ont nui et pour ces personnes qui nous ont l\u00e9s\u00e9s, et demander \u00e0 Dieu de nous aider \u00e0 leur pardonner et \u00e0 leur exprimer la compassion.<\/p>\n<h3> Prier pour la condition physique et la tranquillit\u00e9 de nos familles.<\/h3>\n<p>Dieu tout-puissant, nous tous te confions nos proches, nos propres familles avec nos amis. Prot\u00e8ge, \u00f4 Dieu, au-dessus de eux, avec sauvegarde -les de tout risque et de toute affliction. Offre, \u00d4 Seigneur, la vigueur du corps et de l\u2019esprit \u00e0 eux, et aussi la paix au sein de leur esprit. Puissante soit la volont\u00e9 pour que ta guidance puissante les esprits prot\u00e8ge ainsi que les conduise tout au long de cette journ\u00e9e, pour qu\u2019ils jouissent dans la protection et aussi la paix.<\/p>\n<p>Nous tous te prions pareillement pour nos enfants, Seigneur tout-puissant, pour qu\u2019ils grandissent dans la foi avec dans l\u2019amour de ton sacr\u00e9 nom. Donne, \u00d4 Dieu, la sagesse ainsi que la vigueur n\u00e9cessaires afin de faire face \u00e0 les obstacles de la vie, et guide leurs pas le long de le chemin de la v\u00e9rit\u00e9 ainsi que de la justice.<\/p>\n<p>Enfin, nous autres te prions pour nos amis et aussi nos voisins, Seigneur, pour qu\u2019ils d\u00e9couvrent la joie de ton amour ainsi que la tranquillit\u00e9 de ton pardon. Donne-leur, \u00f4 Dieu, des c\u0153urs g\u00e9n\u00e9reux en vue de partager avec ceux que dans le besoin, et aussi des accueillantes en vue de accueillir ceux que seuls et abandonn\u00e9s.<\/p>\n<h3> Prier pour notre ennemis ainsi que ceux qui sont nous-m\u00eames ont offens\u00e9s. <\/h3>\n<p>\u00d4 Seigneur, le Christ, nous vous prions pour les n\u00f4tres ennemis ainsi que pour ceux qui nous-m\u00eames ont offens\u00e9s. Accorde-leur, \u00f4 J\u00e9sus, ta mis\u00e9ricorde et ton pardon, et aussi ouvre leur c\u0153ur \u00e0 la lumi\u00e8re des ta v\u00e9rit\u00e9. Aide-nous, Seigneur, \u00e0 leur montrer de la compassion et \u00e0 leur pardonner comme tu nous as pardonn\u00e9. Que votre paix r\u00e8gne dans notre c\u0153urs et aussi que votre amour guide notre actions, pour que nous puissions vivre en harmonie avec tous ceux que nous entourent.<\/p>\n<h3> Comprendre l\u2019 pri\u00e8re : <\/h3>\n<p>Pour terminer, l\u2019 pri\u00e8re nous reconna\u00eet notre devoir comme prog\u00e9niture de Dieu : exister des t\u00e9moin de sa lumi\u00e8re et de ses attachement dans une p\u00e9riode affect\u00e9e aux obscurit\u00e9s. \u00c0 travers notre mots et nos \u0153uvres, nous r\u00e9pandons la bonne nouvelle de la s\u00e9r\u00e9nit\u00e9 et de la rapprochement, amenant l\u2019espoir et la r\u00e9paration \u00e0 un contexte ab\u00eem\u00e9.<\/p>\n<p>Dans la spiritualit\u00e9 chr\u00e9tienne, le lever du jour porte une importance particuli\u00e8re, illustrant le rafra\u00eechissement et la reconstruction spirituelle. C\u2019est \u00e0 l\u2019aube de chaque journ\u00e9e que l\u2019esprit se oriente vers Dieu dans la pri\u00e8re, recherchant \u00e0 \u00eatre \u00e9clair\u00e9e par la clart\u00e9 surnaturelle. La pratique des pri\u00e8res matinales s\u2019av\u00e8re essentiellement enracin\u00e9e dans la tradition chr\u00e9tienne, fournissant un moment privil\u00e9gi\u00e9 pour se connecter avec le Seigneur et se disposer mentalement aux d\u00e9fis de la journ\u00e9e qui vient.<\/p>\n<p>En au sein de ces pri\u00e8re matinales se trouve habituellement une d\u00e9votion distincte envers Marie, la mam de J\u00e9sus et personnage sainte ador\u00e9e par beaucoup fid\u00e8les. En tant d\u2019 m\u00e9diatrice au milieu de les hommes et Dieu, Marie est pri\u00e9e afin de intervenir pour nous, nous-m\u00eames guidant sur le chemin de la saintet\u00e9 et de la gr\u00e2ce divine. Ses pr\u00e9sentation maternelle offre consolation ainsi que protection, entourant nos oraisons matinales d\u2019une d\u00e9licatesse c\u00e9leste.<\/p>\n<p>\u00c0 via l\u2019 pri\u00e8re du matin, on est convives pour nous unir vers Marie dans une approche de purification individuelle. Par m\u00e9ditant sur sa vie et ses vertus, nous explorons \u00e0 imiter sa humilit\u00e9, sa puret\u00e9 ainsi que son ob\u00e9issance \u00e0 l\u2019 volont\u00e9 de Dieu. Par le biais de la saintet\u00e9 exemplaire, Marie est pour nous une mod\u00e8le pour vie chr\u00e9tienne, nous souvenant l\u2019importance du pri\u00e8re ainsi que de la contemplation dans notre cheminement spirituel.<\/p>\n<p>Prions ensemble un pri\u00e8re de debut de journ\u00e9e, dans l\u2019unit\u00e9 de notre confiance, en Marie, la m\u00e8re de J\u00e9sus. Au sein de notre monde tourment\u00e9 par la guerre et la discorde, recourons \u00e0 la pri\u00e8re comme un moyen pour trouver la s\u00e9r\u00e9nit\u00e9 et la r\u00e9conciliation. Les chr\u00e9tiens ont la possibilit\u00e9 envoyer une pri\u00e8re pour la m\u00e8re de dieu <a target=\"_blank\" rel=\"nofollow\" href=\"https:\/\/editionsbussiere.com\/blog\/goto\/https:\/\/www.avemariasound.org\/\" >en nous faisant appel.<\/a> Que nos pri\u00e8res montent vers le ciel, comme un hommage re\u00e7u avec faveur \u00e0 Dieu, pour qu\u2019il guide nous guider nos chemins vers le chemin de la v\u00e9rit\u00e9 et de la justice. L\u2019ap\u00f4tre Paul nous dans ses lettres \u00e0 maintenir une pri\u00e8re incessante, en toutes circonstances, pour que notre communion \u00e0 Dieu soit solide et passionn\u00e9e. La pri\u00e8re, lorsqu\u2019elle est offerte sinc\u00e8rement, a le pouvoir pour changer nos c\u0153urs et d\u2019influer le destin de l\u2019histoire.<\/p>\n<p>La oraison du matin est ainsi un instant privil\u00e9gi\u00e9 afin de nous consacrer \u00e0 Dieu avec l\u2019intercession de Marie, en pr\u00e9sentant nos louanges, nos remerciements ainsi que nos intentions les plus profondes. \u00c0 travers la qui\u00e9tude de l\u2019aurore, nous sommes invit\u00e9s pour se tourner envers cette m\u00e8re sacr\u00e9e, qui nous guide par douceur sur le chemin de la foi ainsi que du sentiment amoureux divin. En associant nos voix \u00e0 cette derni\u00e8re de Marie, on \u00e9levons notre pri\u00e8res matinales vers le tr\u00f4ne de la gr\u00e2ce, s\u00fbrs que nos supplications seront entendues et accueillies par du c\u0153ur mis\u00e9ricordieux de Dieu.<\/p>\n<h2> Pri\u00e8re envers le d\u00e9but de journ\u00e9e avec Dieu et Marie la Vierge<\/h2>\n<p>Seigneur tout-puissant et mis\u00e9ricordieux, en ce jour qui se l\u00e8ve sous la clart\u00e9 de ta lumi\u00e8re c\u00e9leste, je viens \u00e0 Toi avec foi et modestie. Que cette jour qui commence soit consacr\u00e9e \u00e0 ton saint nom, que chaque pulsation de mon \u00eatre |chaque regard de mes yeux|chacune de mes paroles|chacun de mes gestes} te soit offert en offrande. Que chaque souffle qui anime mon corps soit un soupir de d\u00e9votion |un souffle vers toi|un souffle de vie en toi}. Priez, priez, suppliez, que nos \u00e2mes se confient, suppliez.<\/p>\n<p>Tel Marie, la m\u00e8re sainte qui a port\u00e9 en son sein l\u2019enfant J\u00e9sus, conduis-moi dans ce cheminement de foi et de d\u00e9votion. Que je puisse, en parcourant les pages de l\u2019\u00c9vangile, d\u00e9couvrir la lumi\u00e8re pour \u00e9clairer mes pas et consolider ma foi. Tel Pierre, accorde-moi la force et l\u2019audace de faire face \u00e0 les \u00e9preuves de ce monde avec une foi in\u00e9branlable en ta divine providence.<\/p>\n<p>Dans ce p\u00e9riode de Car\u00eame, o\u00f9 les chr\u00e9tiens et les chr\u00e9tiennes se pr\u00e9parent \u00e0 c\u00e9l\u00e9brer la r\u00e9surrection de J\u00e9sus-Christ, accorde-moi, Seigneur, l\u2019\u00e9veil spirituel. Que mon \u00e2me soit purifi\u00e9 de toute souillure, afin qu\u2019il devienne un lieu sacr\u00e9 o\u00f9 tu r\u00e9sides. Que ma pri\u00e8re, \u00e0 l\u2019image de Fran\u00e7ois d\u2019Assise, r\u00e9sonne comme une m\u00e9lodie de louanges \u00e0 travers les si\u00e8cles.<br \/>\nSeigneur, que mon quotidien soit impr\u00e9gn\u00e9 de ta b\u00e9n\u00e9diction, que tous les moments soit une occasion de te rencontrer et de te servir dans mes semblables. Que mon chemin soit un t\u00e9moignage vivant de ton amour infini pour tous. Puissent les pri\u00e8res de Hozana monter vers toi comme un doux parfum, enveloppant toute ma journ\u00e9e dans une ambiance de paix. Priez, \u00c9glise, Fran\u00e7ois, Hozana.<\/p>\n<p>Puissent mon c\u0153ur, Seigneur, devienne une r\u00e9plique du tien, rempli d\u2019amour, de compassion et de mis\u00e9ricorde envers les autres. Que chacune de mes pens\u00e9es et de mes actions soit dirig\u00e9e par l\u2019Esprit divin, afin que je puisse contribuer \u00e0 l\u2019av\u00e8nement de ton r\u00e8gne de justice sur ce monde.<\/p>\n<p>Que cette journ\u00e9e constitue une nouvelle \u00e9tape dans mon cheminement spirituel, un moment de grandir dans la foi. Seigneur, envahis mon c\u0153ur, transforme-le en ton sanctuaire, o\u00f9 ta pr\u00e9sence se manifeste \u00e0 chaque instant. Que chaque pulsation de mon c\u0153ur se transforme en un chant en ton honneur, Seigneur, pour les si\u00e8cles des si\u00e8cles. Amen.<\/p>\n<p>Pendant le r\u00e9veil religieux de chaque \u00e2me chr\u00e9tienne, l\u2019oraison a un r\u00f4le. Celle-ci constitue la connexion intime entre le croyant divin et sa m\u00e8re c\u00e9leste, la Sainte M\u00e8re, laquelle supplie pour nous devant son c\u00e9leste Fils. Par le biais de l\u2019acte de pri\u00e8re, les fid\u00e8les nous introduisons au sein de la clart\u00e9 de la doctrine divine, men\u00e9s sous le Saint-Esprit, afin de d\u00e9couvrir la v\u00e9rit\u00e9 et la gr\u00e2ce que J\u00e9sus nous accorde.<\/p>\n<h2>R\u00e9flexion en ce qui concerne la sainte Parole de Dieu : <\/h2>\n<p>Nous avons la capacit\u00e9 de contempler en ce qui concerne un extrait de la Bible qui nous enseigne de la tendresse divin. \u00c0 titre d\u2019exemple :<\/p>\n<h3>1 Corinthiens 13, 1-8 : <\/h3>\n<p>\u00ab\u00a0Et quand je distribuerais tous mes biens pour la nourriture des pauvres, quand je livrerais m\u00eame mon corps pour \u00eatre br\u00fbl\u00e9, si je n\u2019ai pas l\u2019amour, cela ne me sert \u00e0 rien..\u00a0\u00bb<\/p>\n<p>Ce propos vous a fascin\u00e9 vous appr\u00e9cierez pareillement ces parutions:<\/p>\n<p>Voyages aux Montagnes Rocheuses\/12.,<a target=\"_blank\" rel=\"nofollow\" href=\"https:\/\/editionsbussiere.com\/blog\/goto\/https:\/\/fr.wikisource.org\/wiki\/Voyages_aux_Montagnes_Rocheuses\/12\"  target=\"_blank\" rel=\"noopener noreferrer nofollow\">Le post d\u2019actualit\u00e9.<\/a><span><\/span><\/p>\n<p>Les Troph\u00e9es\/Le Tombeau du Conqu\u00e9rant.,<a target=\"_blank\" rel=\"nofollow\" href=\"https:\/\/editionsbussiere.com\/blog\/goto\/https:\/\/fr.wikisource.org\/wiki\/Les_Troph%C3%A9es\/Le_Tombeau_du_Conqu%C3%A9rant\"  target=\"_blank\" rel=\"noopener noreferrer nofollow\">A lire ici.<\/a><span><\/span><\/p>\n<p>Les P\u00e8res de l\u2019\u00c9glise\/Tome 3\/Livre III\/Chapitre XXII.,<a target=\"_blank\" rel=\"nofollow\" href=\"https:\/\/editionsbussiere.com\/blog\/goto\/https:\/\/fr.wikisource.org\/wiki\/Les_P%C3%A8res_de_l%E2%80%99%C3%89glise\/Tome_3\/Livre_III\/Chapitre_XXII\"  target=\"_blank\" rel=\"noopener noreferrer nofollow\">Le texte de l\u2019article.<\/a><span><\/span><\/p>\n<p>Le Nouveau Testament (Martin, 1861)\/Premi\u00e8re \u00c9p\u00eetre de Saint Paul, ap\u00f4tre, aux Corinthiens\/VII.,<a target=\"_blank\" rel=\"nofollow\" href=\"https:\/\/editionsbussiere.com\/blog\/goto\/https:\/\/fr.wikisource.org\/wiki\/Le_Nouveau_Testament_(Martin,_1861)\/Premi%C3%A8re_%C3%89p%C3%AEtre_de_Saint_Paul,_ap%C3%B4tre,_aux_Corinthiens\/VII\"  target=\"_blank\" rel=\"noopener noreferrer nofollow\">Article complet.<\/a><span><\/span><\/p>\n<p>Histoires Indo-Armoricaines.,<a target=\"_blank\" rel=\"nofollow\" href=\"https:\/\/editionsbussiere.com\/blog\/goto\/https:\/\/fr.wikisource.org\/wiki\/Histoires_Indo-Armoricaines\"  target=\"_blank\" rel=\"noopener noreferrer nofollow\">Ici.<\/a><span><\/span><\/p>\n<p>Biographie nationale de Belgique\/Tome 2\/BENEDEN, Laurent VAN.,<a target=\"_blank\" rel=\"nofollow\" href=\"https:\/\/editionsbussiere.com\/blog\/goto\/https:\/\/fr.wikisource.org\/wiki\/Biographie_nationale_de_Belgique\/Tome_2\/BENEDEN,_Laurent_VAN\"  target=\"_blank\" rel=\"noopener noreferrer nofollow\">Le texte de l\u2019article.<\/a><span><\/span><\/p>\n<\/div>\n<p><img decoding=\"async\" class=\"wpe_imgrss\" src=\"https:\/\/editionsbussiere.com\/blog\/wp-content\/uploads\/2024\/10\/1729426412_Lopportunite-du-programme-Prier-et-apprendre-avec-la-famille-est.jpg\">Cet article a \u00e9t\u00e9 reconstitu\u00e9 du mieux possible. Dans l\u2019hypoth\u00e8se o\u00f9 vous souhaitez apporter quelques modifications concernant le th\u00e8me \u00ab\u00a0Editions \u00e9sot\u00e9rique fond\u00e9e en 1927\u00a0\u00bb, il est possible de discuter avec notre r\u00e9daction. Vous pouvez tirer profit de cet article traitant le sujet \u00ab\u00a0Editions \u00e9sot\u00e9rique fond\u00e9e en 1927\u00a0\u00bb. Il est concoct\u00e9 par l\u2019\u00e9quipe editionsbussiere.com. Le site editionsbussiere.com est fait pour cr\u00e9er divers posts autour du th\u00e8me Editions \u00e9sot\u00e9rique fond\u00e9e en 1927 d\u00e9velopp\u00e9es sur internet. Consultez notre site internet editionsbussiere.com et nos r\u00e9seaux sociaux pour \u00eatre au courant des futures annonces.<\/p>\n","protected":false},"excerpt":{"rendered":"<p>(OSV News) \u2014 Au cours des derni\u00e8res ann\u00e9es, l\u2019\u00c9glise des \u00c9tats-Unis a promu la formation minist\u00e9rielle dans les classes et les programmes universitaires pour pr\u00e9parer les dirigeants catholiques de la m\u00e8re, qui sont mis en \u0153uvre dans divers domaines, entre eux, le Rito de Iniciaci\u00f3n Cristiana para Adultos, le minist\u00e8re des p\u00e8res et le minist\u00e8re [&hellip;]<\/p>\n","protected":false},"author":3,"featured_media":1537,"comment_status":"closed","ping_status":"closed","sticky":false,"template":"","format":"standard","meta":{"footnotes":""},"categories":[3],"tags":[],"class_list":["post-1536","post","type-post","status-publish","format-standard","has-post-thumbnail","hentry","category-editions-esoterique-fondee-en-1927-depeches","entry","fw-tab-6 fw-tabr-4","has-featured-image"],"yoast_head":"<!-- This site is optimized with the Yoast SEO plugin v27.5 - https:\/\/yoast.com\/product\/yoast-seo-wordpress\/ -->\n<title>L\u2019opportunit\u00e9 du programme \u00ab\u00a0Prier et apprendre avec la famille\u00a0\u00bb est appliqu\u00e9e au minist\u00e8re des enfants &amp; supplication pour commencer la journ\u00e9e. - EDITIONSBUSSIERE<\/title>\n<meta name=\"robots\" content=\"index, follow, max-snippet:-1, max-image-preview:large, max-video-preview:-1\" \/>\n<link rel=\"canonical\" href=\"https:\/\/editionsbussiere.com\/blog\/lopportunite-du-programme-prier-et-apprendre-avec-la-famille-est-appliquee-au-ministere-des-enfants-supplication-pour-commencer-la-journee\/\" \/>\n<meta property=\"og:locale\" content=\"fr_FR\" \/>\n<meta property=\"og:type\" content=\"article\" \/>\n<meta property=\"og:title\" content=\"L\u2019opportunit\u00e9 du programme \u00ab\u00a0Prier et apprendre avec la famille\u00a0\u00bb est appliqu\u00e9e au minist\u00e8re des enfants &amp; supplication pour commencer la journ\u00e9e. - EDITIONSBUSSIERE\" \/>\n<meta property=\"og:description\" content=\"(OSV News) \u2014 Au cours des derni\u00e8res ann\u00e9es, l\u2019\u00c9glise des \u00c9tats-Unis a promu la formation minist\u00e9rielle dans les classes et les programmes universitaires pour pr\u00e9parer les dirigeants catholiques de la m\u00e8re, qui sont mis en \u0153uvre dans divers domaines, entre eux, le Rito de Iniciaci\u00f3n Cristiana para Adultos, le minist\u00e8re des p\u00e8res et le minist\u00e8re [&hellip;]\" \/>\n<meta property=\"og:url\" content=\"https:\/\/editionsbussiere.com\/blog\/lopportunite-du-programme-prier-et-apprendre-avec-la-famille-est-appliquee-au-ministere-des-enfants-supplication-pour-commencer-la-journee\/\" \/>\n<meta property=\"og:site_name\" content=\"EDITIONSBUSSIERE\" \/>\n<meta property=\"article:published_time\" content=\"2024-10-20T13:02:33+00:00\" \/>\n<meta property=\"og:image\" content=\"https:\/\/editionsbussiere.com\/blog\/wp-content\/uploads\/2024\/10\/1729426412_Lopportunite-du-programme-Prier-et-apprendre-avec-la-famille-est.jpg\" \/>\n<meta name=\"author\" content=\"Marie BATICLE\" \/>\n<meta name=\"twitter:card\" content=\"summary_large_image\" \/>\n<meta name=\"twitter:label1\" content=\"\u00c9crit par\" \/>\n\t<meta name=\"twitter:data1\" content=\"Marie BATICLE\" \/>\n\t<meta name=\"twitter:label2\" content=\"Dur\u00e9e de lecture estim\u00e9e\" \/>\n\t<meta name=\"twitter:data2\" content=\"16 minutes\" \/>\n<script type=\"application\/ld+json\" class=\"yoast-schema-graph\">{\"@context\":\"https:\\\/\\\/schema.org\",\"@graph\":[{\"@type\":\"Article\",\"@id\":\"https:\\\/\\\/editionsbussiere.com\\\/blog\\\/lopportunite-du-programme-prier-et-apprendre-avec-la-famille-est-appliquee-au-ministere-des-enfants-supplication-pour-commencer-la-journee\\\/#article\",\"isPartOf\":{\"@id\":\"https:\\\/\\\/editionsbussiere.com\\\/blog\\\/lopportunite-du-programme-prier-et-apprendre-avec-la-famille-est-appliquee-au-ministere-des-enfants-supplication-pour-commencer-la-journee\\\/\"},\"author\":{\"name\":\"Marie BATICLE\",\"@id\":\"https:\\\/\\\/editionsbussiere.com\\\/blog\\\/#\\\/schema\\\/person\\\/ec90e102792148c97e46ab871010dd8f\"},\"headline\":\"L\u2019opportunit\u00e9 du programme \u00ab\u00a0Prier et apprendre avec la famille\u00a0\u00bb est appliqu\u00e9e au minist\u00e8re des enfants &amp; supplication pour commencer la journ\u00e9e.\",\"datePublished\":\"2024-10-20T13:02:33+00:00\",\"mainEntityOfPage\":{\"@id\":\"https:\\\/\\\/editionsbussiere.com\\\/blog\\\/lopportunite-du-programme-prier-et-apprendre-avec-la-famille-est-appliquee-au-ministere-des-enfants-supplication-pour-commencer-la-journee\\\/\"},\"wordCount\":3250,\"publisher\":{\"@id\":\"https:\\\/\\\/editionsbussiere.com\\\/blog\\\/#organization\"},\"image\":{\"@id\":\"https:\\\/\\\/editionsbussiere.com\\\/blog\\\/lopportunite-du-programme-prier-et-apprendre-avec-la-famille-est-appliquee-au-ministere-des-enfants-supplication-pour-commencer-la-journee\\\/#primaryimage\"},\"thumbnailUrl\":\"https:\\\/\\\/editionsbussiere.com\\\/blog\\\/wp-content\\\/uploads\\\/2024\\\/10\\\/1729426412_Lopportunite-du-programme-Prier-et-apprendre-avec-la-famille-est.jpg\",\"articleSection\":[\"Editions \u00c9sot\u00e9rique Fond\u00e9e En 1927; D\u00e9p\u00e8ches:\"],\"inLanguage\":\"fr-FR\"},{\"@type\":\"WebPage\",\"@id\":\"https:\\\/\\\/editionsbussiere.com\\\/blog\\\/lopportunite-du-programme-prier-et-apprendre-avec-la-famille-est-appliquee-au-ministere-des-enfants-supplication-pour-commencer-la-journee\\\/\",\"url\":\"https:\\\/\\\/editionsbussiere.com\\\/blog\\\/lopportunite-du-programme-prier-et-apprendre-avec-la-famille-est-appliquee-au-ministere-des-enfants-supplication-pour-commencer-la-journee\\\/\",\"name\":\"L\u2019opportunit\u00e9 du programme \u00ab\u00a0Prier et apprendre avec la famille\u00a0\u00bb est appliqu\u00e9e au minist\u00e8re des enfants &amp; supplication pour commencer la journ\u00e9e. - EDITIONSBUSSIERE\",\"isPartOf\":{\"@id\":\"https:\\\/\\\/editionsbussiere.com\\\/blog\\\/#website\"},\"primaryImageOfPage\":{\"@id\":\"https:\\\/\\\/editionsbussiere.com\\\/blog\\\/lopportunite-du-programme-prier-et-apprendre-avec-la-famille-est-appliquee-au-ministere-des-enfants-supplication-pour-commencer-la-journee\\\/#primaryimage\"},\"image\":{\"@id\":\"https:\\\/\\\/editionsbussiere.com\\\/blog\\\/lopportunite-du-programme-prier-et-apprendre-avec-la-famille-est-appliquee-au-ministere-des-enfants-supplication-pour-commencer-la-journee\\\/#primaryimage\"},\"thumbnailUrl\":\"https:\\\/\\\/editionsbussiere.com\\\/blog\\\/wp-content\\\/uploads\\\/2024\\\/10\\\/1729426412_Lopportunite-du-programme-Prier-et-apprendre-avec-la-famille-est.jpg\",\"datePublished\":\"2024-10-20T13:02:33+00:00\",\"breadcrumb\":{\"@id\":\"https:\\\/\\\/editionsbussiere.com\\\/blog\\\/lopportunite-du-programme-prier-et-apprendre-avec-la-famille-est-appliquee-au-ministere-des-enfants-supplication-pour-commencer-la-journee\\\/#breadcrumb\"},\"inLanguage\":\"fr-FR\",\"potentialAction\":[{\"@type\":\"ReadAction\",\"target\":[\"https:\\\/\\\/editionsbussiere.com\\\/blog\\\/lopportunite-du-programme-prier-et-apprendre-avec-la-famille-est-appliquee-au-ministere-des-enfants-supplication-pour-commencer-la-journee\\\/\"]}]},{\"@type\":\"ImageObject\",\"inLanguage\":\"fr-FR\",\"@id\":\"https:\\\/\\\/editionsbussiere.com\\\/blog\\\/lopportunite-du-programme-prier-et-apprendre-avec-la-famille-est-appliquee-au-ministere-des-enfants-supplication-pour-commencer-la-journee\\\/#primaryimage\",\"url\":\"https:\\\/\\\/editionsbussiere.com\\\/blog\\\/wp-content\\\/uploads\\\/2024\\\/10\\\/1729426412_Lopportunite-du-programme-Prier-et-apprendre-avec-la-famille-est.jpg\",\"contentUrl\":\"https:\\\/\\\/editionsbussiere.com\\\/blog\\\/wp-content\\\/uploads\\\/2024\\\/10\\\/1729426412_Lopportunite-du-programme-Prier-et-apprendre-avec-la-famille-est.jpg\",\"width\":1024,\"height\":576,\"caption\":\"1729426412 Lopportunite du programme Prier et apprendre avec la famille est\"},{\"@type\":\"BreadcrumbList\",\"@id\":\"https:\\\/\\\/editionsbussiere.com\\\/blog\\\/lopportunite-du-programme-prier-et-apprendre-avec-la-famille-est-appliquee-au-ministere-des-enfants-supplication-pour-commencer-la-journee\\\/#breadcrumb\",\"itemListElement\":[{\"@type\":\"ListItem\",\"position\":1,\"name\":\"Accueil\",\"item\":\"https:\\\/\\\/editionsbussiere.com\\\/blog\\\/\"},{\"@type\":\"ListItem\",\"position\":2,\"name\":\"L\u2019opportunit\u00e9 du programme \u00ab\u00a0Prier et apprendre avec la famille\u00a0\u00bb est appliqu\u00e9e au minist\u00e8re des enfants &amp; supplication pour commencer la journ\u00e9e.\"}]},{\"@type\":\"WebSite\",\"@id\":\"https:\\\/\\\/editionsbussiere.com\\\/blog\\\/#website\",\"url\":\"https:\\\/\\\/editionsbussiere.com\\\/blog\\\/\",\"name\":\"EDITIONSBUSSIERE\",\"description\":\"Editions \u00e9sot\u00e9rique fond\u00e9e en 1927; site historique, A SAVOIR ET RETENIR.\",\"publisher\":{\"@id\":\"https:\\\/\\\/editionsbussiere.com\\\/blog\\\/#organization\"},\"potentialAction\":[{\"@type\":\"SearchAction\",\"target\":{\"@type\":\"EntryPoint\",\"urlTemplate\":\"https:\\\/\\\/editionsbussiere.com\\\/blog\\\/?s={search_term_string}\"},\"query-input\":{\"@type\":\"PropertyValueSpecification\",\"valueRequired\":true,\"valueName\":\"search_term_string\"}}],\"inLanguage\":\"fr-FR\"},{\"@type\":\"Organization\",\"@id\":\"https:\\\/\\\/editionsbussiere.com\\\/blog\\\/#organization\",\"name\":\"editionsbussiere\",\"url\":\"https:\\\/\\\/editionsbussiere.com\\\/blog\\\/\",\"logo\":{\"@type\":\"ImageObject\",\"inLanguage\":\"fr-FR\",\"@id\":\"https:\\\/\\\/editionsbussiere.com\\\/blog\\\/#\\\/schema\\\/logo\\\/image\\\/\",\"url\":\"https:\\\/\\\/editionsbussiere.com\\\/blog\\\/wp-content\\\/uploads\\\/2023\\\/09\\\/cropped-buss.gif\",\"contentUrl\":\"https:\\\/\\\/editionsbussiere.com\\\/blog\\\/wp-content\\\/uploads\\\/2023\\\/09\\\/cropped-buss.gif\",\"width\":298,\"height\":120,\"caption\":\"editionsbussiere\"},\"image\":{\"@id\":\"https:\\\/\\\/editionsbussiere.com\\\/blog\\\/#\\\/schema\\\/logo\\\/image\\\/\"}},{\"@type\":\"Person\",\"@id\":\"https:\\\/\\\/editionsbussiere.com\\\/blog\\\/#\\\/schema\\\/person\\\/ec90e102792148c97e46ab871010dd8f\",\"name\":\"Marie BATICLE\",\"image\":{\"@type\":\"ImageObject\",\"inLanguage\":\"fr-FR\",\"@id\":\"https:\\\/\\\/secure.gravatar.com\\\/avatar\\\/c923e52403b1b8137e2d929127211d21967e6aecaa053bd43b09da29f212e76e?s=96&d=mm&r=g\",\"url\":\"https:\\\/\\\/secure.gravatar.com\\\/avatar\\\/c923e52403b1b8137e2d929127211d21967e6aecaa053bd43b09da29f212e76e?s=96&d=mm&r=g\",\"contentUrl\":\"https:\\\/\\\/secure.gravatar.com\\\/avatar\\\/c923e52403b1b8137e2d929127211d21967e6aecaa053bd43b09da29f212e76e?s=96&d=mm&r=g\",\"caption\":\"Marie BATICLE\"},\"url\":\"https:\\\/\\\/editionsbussiere.com\\\/blog\\\/author\\\/eremarie\\\/\"}]}<\/script>\n<!-- \/ Yoast SEO plugin. -->","yoast_head_json":{"title":"L\u2019opportunit\u00e9 du programme \u00ab\u00a0Prier et apprendre avec la famille\u00a0\u00bb est appliqu\u00e9e au minist\u00e8re des enfants &amp; supplication pour commencer la journ\u00e9e. - EDITIONSBUSSIERE","robots":{"index":"index","follow":"follow","max-snippet":"max-snippet:-1","max-image-preview":"max-image-preview:large","max-video-preview":"max-video-preview:-1"},"canonical":"https:\/\/editionsbussiere.com\/blog\/lopportunite-du-programme-prier-et-apprendre-avec-la-famille-est-appliquee-au-ministere-des-enfants-supplication-pour-commencer-la-journee\/","og_locale":"fr_FR","og_type":"article","og_title":"L\u2019opportunit\u00e9 du programme \u00ab\u00a0Prier et apprendre avec la famille\u00a0\u00bb est appliqu\u00e9e au minist\u00e8re des enfants &amp; supplication pour commencer la journ\u00e9e. - EDITIONSBUSSIERE","og_description":"(OSV News) \u2014 Au cours des derni\u00e8res ann\u00e9es, l\u2019\u00c9glise des \u00c9tats-Unis a promu la formation minist\u00e9rielle dans les classes et les programmes universitaires pour pr\u00e9parer les dirigeants catholiques de la m\u00e8re, qui sont mis en \u0153uvre dans divers domaines, entre eux, le Rito de Iniciaci\u00f3n Cristiana para Adultos, le minist\u00e8re des p\u00e8res et le minist\u00e8re [&hellip;]","og_url":"https:\/\/editionsbussiere.com\/blog\/lopportunite-du-programme-prier-et-apprendre-avec-la-famille-est-appliquee-au-ministere-des-enfants-supplication-pour-commencer-la-journee\/","og_site_name":"EDITIONSBUSSIERE","article_published_time":"2024-10-20T13:02:33+00:00","og_image":[{"url":"https:\/\/editionsbussiere.com\/blog\/wp-content\/uploads\/2024\/10\/1729426412_Lopportunite-du-programme-Prier-et-apprendre-avec-la-famille-est.jpg","type":"","width":"","height":""}],"author":"Marie BATICLE","twitter_card":"summary_large_image","twitter_misc":{"\u00c9crit par":"Marie BATICLE","Dur\u00e9e de lecture estim\u00e9e":"16 minutes"},"schema":{"@context":"https:\/\/schema.org","@graph":[{"@type":"Article","@id":"https:\/\/editionsbussiere.com\/blog\/lopportunite-du-programme-prier-et-apprendre-avec-la-famille-est-appliquee-au-ministere-des-enfants-supplication-pour-commencer-la-journee\/#article","isPartOf":{"@id":"https:\/\/editionsbussiere.com\/blog\/lopportunite-du-programme-prier-et-apprendre-avec-la-famille-est-appliquee-au-ministere-des-enfants-supplication-pour-commencer-la-journee\/"},"author":{"name":"Marie BATICLE","@id":"https:\/\/editionsbussiere.com\/blog\/#\/schema\/person\/ec90e102792148c97e46ab871010dd8f"},"headline":"L\u2019opportunit\u00e9 du programme \u00ab\u00a0Prier et apprendre avec la famille\u00a0\u00bb est appliqu\u00e9e au minist\u00e8re des enfants &amp; supplication pour commencer la journ\u00e9e.","datePublished":"2024-10-20T13:02:33+00:00","mainEntityOfPage":{"@id":"https:\/\/editionsbussiere.com\/blog\/lopportunite-du-programme-prier-et-apprendre-avec-la-famille-est-appliquee-au-ministere-des-enfants-supplication-pour-commencer-la-journee\/"},"wordCount":3250,"publisher":{"@id":"https:\/\/editionsbussiere.com\/blog\/#organization"},"image":{"@id":"https:\/\/editionsbussiere.com\/blog\/lopportunite-du-programme-prier-et-apprendre-avec-la-famille-est-appliquee-au-ministere-des-enfants-supplication-pour-commencer-la-journee\/#primaryimage"},"thumbnailUrl":"https:\/\/editionsbussiere.com\/blog\/wp-content\/uploads\/2024\/10\/1729426412_Lopportunite-du-programme-Prier-et-apprendre-avec-la-famille-est.jpg","articleSection":["Editions \u00c9sot\u00e9rique Fond\u00e9e En 1927; D\u00e9p\u00e8ches:"],"inLanguage":"fr-FR"},{"@type":"WebPage","@id":"https:\/\/editionsbussiere.com\/blog\/lopportunite-du-programme-prier-et-apprendre-avec-la-famille-est-appliquee-au-ministere-des-enfants-supplication-pour-commencer-la-journee\/","url":"https:\/\/editionsbussiere.com\/blog\/lopportunite-du-programme-prier-et-apprendre-avec-la-famille-est-appliquee-au-ministere-des-enfants-supplication-pour-commencer-la-journee\/","name":"L\u2019opportunit\u00e9 du programme \u00ab\u00a0Prier et apprendre avec la famille\u00a0\u00bb est appliqu\u00e9e au minist\u00e8re des enfants &amp; supplication pour commencer la journ\u00e9e. - EDITIONSBUSSIERE","isPartOf":{"@id":"https:\/\/editionsbussiere.com\/blog\/#website"},"primaryImageOfPage":{"@id":"https:\/\/editionsbussiere.com\/blog\/lopportunite-du-programme-prier-et-apprendre-avec-la-famille-est-appliquee-au-ministere-des-enfants-supplication-pour-commencer-la-journee\/#primaryimage"},"image":{"@id":"https:\/\/editionsbussiere.com\/blog\/lopportunite-du-programme-prier-et-apprendre-avec-la-famille-est-appliquee-au-ministere-des-enfants-supplication-pour-commencer-la-journee\/#primaryimage"},"thumbnailUrl":"https:\/\/editionsbussiere.com\/blog\/wp-content\/uploads\/2024\/10\/1729426412_Lopportunite-du-programme-Prier-et-apprendre-avec-la-famille-est.jpg","datePublished":"2024-10-20T13:02:33+00:00","breadcrumb":{"@id":"https:\/\/editionsbussiere.com\/blog\/lopportunite-du-programme-prier-et-apprendre-avec-la-famille-est-appliquee-au-ministere-des-enfants-supplication-pour-commencer-la-journee\/#breadcrumb"},"inLanguage":"fr-FR","potentialAction":[{"@type":"ReadAction","target":["https:\/\/editionsbussiere.com\/blog\/lopportunite-du-programme-prier-et-apprendre-avec-la-famille-est-appliquee-au-ministere-des-enfants-supplication-pour-commencer-la-journee\/"]}]},{"@type":"ImageObject","inLanguage":"fr-FR","@id":"https:\/\/editionsbussiere.com\/blog\/lopportunite-du-programme-prier-et-apprendre-avec-la-famille-est-appliquee-au-ministere-des-enfants-supplication-pour-commencer-la-journee\/#primaryimage","url":"https:\/\/editionsbussiere.com\/blog\/wp-content\/uploads\/2024\/10\/1729426412_Lopportunite-du-programme-Prier-et-apprendre-avec-la-famille-est.jpg","contentUrl":"https:\/\/editionsbussiere.com\/blog\/wp-content\/uploads\/2024\/10\/1729426412_Lopportunite-du-programme-Prier-et-apprendre-avec-la-famille-est.jpg","width":1024,"height":576,"caption":"1729426412 Lopportunite du programme Prier et apprendre avec la famille est"},{"@type":"BreadcrumbList","@id":"https:\/\/editionsbussiere.com\/blog\/lopportunite-du-programme-prier-et-apprendre-avec-la-famille-est-appliquee-au-ministere-des-enfants-supplication-pour-commencer-la-journee\/#breadcrumb","itemListElement":[{"@type":"ListItem","position":1,"name":"Accueil","item":"https:\/\/editionsbussiere.com\/blog\/"},{"@type":"ListItem","position":2,"name":"L\u2019opportunit\u00e9 du programme \u00ab\u00a0Prier et apprendre avec la famille\u00a0\u00bb est appliqu\u00e9e au minist\u00e8re des enfants &amp; supplication pour commencer la journ\u00e9e."}]},{"@type":"WebSite","@id":"https:\/\/editionsbussiere.com\/blog\/#website","url":"https:\/\/editionsbussiere.com\/blog\/","name":"EDITIONSBUSSIERE","description":"Editions \u00e9sot\u00e9rique fond\u00e9e en 1927; site historique, A SAVOIR ET RETENIR.","publisher":{"@id":"https:\/\/editionsbussiere.com\/blog\/#organization"},"potentialAction":[{"@type":"SearchAction","target":{"@type":"EntryPoint","urlTemplate":"https:\/\/editionsbussiere.com\/blog\/?s={search_term_string}"},"query-input":{"@type":"PropertyValueSpecification","valueRequired":true,"valueName":"search_term_string"}}],"inLanguage":"fr-FR"},{"@type":"Organization","@id":"https:\/\/editionsbussiere.com\/blog\/#organization","name":"editionsbussiere","url":"https:\/\/editionsbussiere.com\/blog\/","logo":{"@type":"ImageObject","inLanguage":"fr-FR","@id":"https:\/\/editionsbussiere.com\/blog\/#\/schema\/logo\/image\/","url":"https:\/\/editionsbussiere.com\/blog\/wp-content\/uploads\/2023\/09\/cropped-buss.gif","contentUrl":"https:\/\/editionsbussiere.com\/blog\/wp-content\/uploads\/2023\/09\/cropped-buss.gif","width":298,"height":120,"caption":"editionsbussiere"},"image":{"@id":"https:\/\/editionsbussiere.com\/blog\/#\/schema\/logo\/image\/"}},{"@type":"Person","@id":"https:\/\/editionsbussiere.com\/blog\/#\/schema\/person\/ec90e102792148c97e46ab871010dd8f","name":"Marie BATICLE","image":{"@type":"ImageObject","inLanguage":"fr-FR","@id":"https:\/\/secure.gravatar.com\/avatar\/c923e52403b1b8137e2d929127211d21967e6aecaa053bd43b09da29f212e76e?s=96&d=mm&r=g","url":"https:\/\/secure.gravatar.com\/avatar\/c923e52403b1b8137e2d929127211d21967e6aecaa053bd43b09da29f212e76e?s=96&d=mm&r=g","contentUrl":"https:\/\/secure.gravatar.com\/avatar\/c923e52403b1b8137e2d929127211d21967e6aecaa053bd43b09da29f212e76e?s=96&d=mm&r=g","caption":"Marie BATICLE"},"url":"https:\/\/editionsbussiere.com\/blog\/author\/eremarie\/"}]}},"_links":{"self":[{"href":"https:\/\/editionsbussiere.com\/blog\/wp-json\/wp\/v2\/posts\/1536","targetHints":{"allow":["GET"]}}],"collection":[{"href":"https:\/\/editionsbussiere.com\/blog\/wp-json\/wp\/v2\/posts"}],"about":[{"href":"https:\/\/editionsbussiere.com\/blog\/wp-json\/wp\/v2\/types\/post"}],"author":[{"embeddable":true,"href":"https:\/\/editionsbussiere.com\/blog\/wp-json\/wp\/v2\/users\/3"}],"replies":[{"embeddable":true,"href":"https:\/\/editionsbussiere.com\/blog\/wp-json\/wp\/v2\/comments?post=1536"}],"version-history":[{"count":0,"href":"https:\/\/editionsbussiere.com\/blog\/wp-json\/wp\/v2\/posts\/1536\/revisions"}],"wp:featuredmedia":[{"embeddable":true,"href":"https:\/\/editionsbussiere.com\/blog\/wp-json\/wp\/v2\/media\/1537"}],"wp:attachment":[{"href":"https:\/\/editionsbussiere.com\/blog\/wp-json\/wp\/v2\/media?parent=1536"}],"wp:term":[{"taxonomy":"category","embeddable":true,"href":"https:\/\/editionsbussiere.com\/blog\/wp-json\/wp\/v2\/categories?post=1536"},{"taxonomy":"post_tag","embeddable":true,"href":"https:\/\/editionsbussiere.com\/blog\/wp-json\/wp\/v2\/tags?post=1536"}],"curies":[{"name":"wp","href":"https:\/\/api.w.org\/{rel}","templated":true}]}}