{"id":1532,"date":"2024-10-19T09:13:09","date_gmt":"2024-10-19T07:13:09","guid":{"rendered":"https:\/\/editionsbussiere.com\/blog\/dipietro-se-demande-sil-soutiendra-le-pasteur-controverse-pour-prier-la-mere-de-dieu-marie\/"},"modified":"2024-10-19T09:13:09","modified_gmt":"2024-10-19T07:13:09","slug":"dipietro-se-demande-sil-soutiendra-le-pasteur-controverse-pour-prier-la-mere-de-dieu-marie","status":"publish","type":"post","link":"https:\/\/editionsbussiere.com\/blog\/dipietro-se-demande-sil-soutiendra-le-pasteur-controverse-pour-prier-la-mere-de-dieu-marie\/","title":{"rendered":"DiPietro se demande s\u2019il soutiendra le pasteur controvers\u00e9\n pour prier la m\u00e8re de dieu Marie."},"content":{"rendered":"<div><img width=\"580\" height=\"305\" src=\"https:\/\/editionsbussiere.com\/blog\/wp-content\/uploads\/2024\/10\/DiPietro-se-demande-sil-soutiendra-le-pasteur-controverse-pour-se-1024x538-1.jpg\" class=\"attachment-large size-large wp-post-image\" alt=\"DiPietro se demande s'il soutiendra le pasteur controvers\u00e9 pour se\" style=\"float:left; margin:0 15px 15px 0;\" decoding=\"async\" loading=\"lazy\" srcset=\"https:\/\/editionsbussiere.com\/blog\/wp-content\/uploads\/2024\/10\/DiPietro-se-demande-sil-soutiendra-le-pasteur-controverse-pour-se-1024x538-1.jpg 1024w, https:\/\/www.n42.fr\/wp-content\/uploads\/2024\/10\/DiPietro-se-demande-sil-soutiendra-le-pasteur-controverse-pour-se-300x158.jpg 300w, https:\/\/www.n42.fr\/wp-content\/uploads\/2024\/10\/DiPietro-se-demande-sil-soutiendra-le-pasteur-controverse-pour-se-768x403.jpg 768w, https:\/\/www.n42.fr\/wp-content\/uploads\/2024\/10\/DiPietro-se-demande-sil-soutiendra-le-pasteur-controverse-pour-se.jpg 1200w\" sizes=\"auto, (max-width: 580px) 100vw, 580px\"><\/p>\n<p>\n<\/p>\n<div itemprop=\"articleBody\" id=\"article-body\">\n<div class=\"lee-article-text first-p\">\n<p>ALBANY \u2013 Le d\u00e9put\u00e9 David DiPietro a d\u00e9clar\u00e9 vendredi qu\u2019il s\u2019opposait fermement \u00e0 \u00ab toute forme d\u2019intol\u00e9rance \u00bb tout en refusant de condamner les propos d\u2019un pr\u00e9dicateur d\u2019Amherst qui d\u00e9nigrait les victimes du 11 septembre, la Vierge Marie et diverses religions dans des vid\u00e9os publi\u00e9es par DiPietro sur Facebook.<\/p>\n<\/div>\n<div class=\"lee-article-text\">\n<p>Le Buffalo News a rapport\u00e9 vendredi que DiPietro, R-East Aurora, avait consacr\u00e9 au moins 1\u00a0835 $ de d\u00e9penses \u00e0 l\u2019\u00c9glise Grace and Truth, dont le pasteur, Michael Cesar, a fait des remarques dans des heures de vid\u00e9os selon lesquelles DiPietro avait publi\u00e9 son compte Facebook sur au moins 20 fois. Dans les vid\u00e9os, Cesar, un chr\u00e9tien n\u00e9 de nouveau, a sugg\u00e9r\u00e9 que pr\u00e8s de 3 000 victimes du 11 septembre \u00e9taient mortes parce qu\u2019elles n\u2019\u00e9taient pas \u00ab sauv\u00e9es \u00bb, a utilis\u00e9 des insultes et des tropes pour faire r\u00e9f\u00e9rence aux musulmans, s\u2019est moqu\u00e9 de l\u2019hindouisme, a ridiculis\u00e9 les pr\u00eatres catholiques et le pape et, en se r\u00e9f\u00e9rant \u00e0 la m\u00e8re de J\u00e9sus, il a dit : \u00ab Ferme ta bouche, Marie. \u00bb<\/p>\n<\/div>\n<div id=\"inline-article-recommend\" class=\"lee-article-text trinity-skip-it\">\n<div class=\"ir-wrapper\">\n<div class=\"style-title\">\n<div class=\"block-title emphasis-h3\">\n<h3 id=\"inline-article-recommend-title\">Les gens lisent aussi\u2026<\/h3>\n<\/div>\n<\/div>\n<\/div>\n<\/div>\n<div class=\"inline-asset inline-article  tnt-inline-asset tnt-inline-relcontent tnt-inline-article tnt-inline-relation-sibling tnt-inline-presentation-summary tnt-inline-alignment-right tnt-inline-width-default\">\n<article id=\"card-summary-a383bbc0-85c7-11ef-9e35-57ac087f05ab\" class=\"tnt-asset-type-article clearfix card summary has-image  letterbox-style-default  tnt-section-news tnt-sub-section-local tnt-sub-section-government-politics\">\n<div class=\"card-container\">\n<div class=\"card-image \">\n<div class=\"media-preview-a383bbc0-85c7-11ef-9e35-57ac087f05ab media-preview article-asset \" data-aspect=\"\">\n<figure class=\"photo layout-horizontal letterbox-style-default\">\n<div class=\"image\" data-toggle=\"modal\" data-target=\".modal-a383bbc0-85c7-11ef-9e35-57ac087f05ab\">\n<p>\n\n                        <\/p>\n<\/div>\n<\/figure>\n<\/div>\n<\/div>\n<div class=\"card-body\">\n<div class=\"card-lead\">\n<p>David DiPietro, membre de l\u2019Assembl\u00e9e, R-East Aurora, repr\u00e9sente les 147<sup>\u00e8me<\/sup> Quartier de l\u2019Assembl\u00e9e. Il est candidat \u00e0 sa r\u00e9\u00e9lection. <\/p>\n<\/div>\n<\/div>\n<\/div>\n<\/article>\n<\/div>\n<div class=\"lee-article-text\">\n<p>DiPietro, un ancien maire d\u2019East Aurora qui repr\u00e9sente le 147e district de l\u2019\u00c9tat couvrant le sud du comt\u00e9 d\u2019Erie et presque tout le comt\u00e9 du Wyoming, a publi\u00e9 vendredi apr\u00e8s-midi une d\u00e9claration visant le rapport de The News, mais pas Cesar. <\/p>\n<\/div>\n<div class=\"lee-article-text\">\n<p>\u00ab\u00a0Je comprends que le r\u00e9cent article a soulev\u00e9 de s\u00e9rieuses inqui\u00e9tudes concernant ma position sur la tol\u00e9rance religieuse\u00a0\u00bb, a d\u00e9clar\u00e9 DiPietro. \u00ab\u00a0Il est important de pr\u00e9ciser que j\u2019ai toujours d\u00e9fendu les valeurs de respect, de compr\u00e9hension et de coexistence entre les personnes de toutes confessions. Nos actions sont plus \u00e9loquentes que les mots et nous nous opposons fermement \u00e0 toute forme d\u2019intol\u00e9rance. \u00bb<\/p>\n<\/div>\n<div class=\"lee-article-text\">\n<p>DiPietro a d\u00e9clar\u00e9 : \u00ab Je reconnais, comme nous le faisons tous, qu\u2019il s\u2019agit d\u2019une saison \u00e9lectorale, le <em>Nouvelles de buffle<\/em> et les m\u00e9dias de gauche ne fournissent que la moiti\u00e9 de l\u2019histoire et d\u00e9forment les faits pour aider \u00e0 \u00e9lire leur candidat lib\u00e9ral, mon adversaire. En fin de compte, je r\u00e9ponds \u00e0 mes \u00e9lecteurs, pas aux m\u00e9dias lib\u00e9raux. Et les gens que je repr\u00e9sente savent que je partage leurs valeurs et que je me bats pour elles chaque jour \u00e0 Albany et ici chez moi.<\/p>\n<\/div>\n<div class=\"inline-asset inline-image layout-horizontal   tnt-inline-asset tnt-inline-relcontent tnt-inline-image tnt-inline-relation-child tnt-inline-presentation-default tnt-inline-alignment-default tnt-inline-width-default\">\n<figure class=\"photo layout-horizontal hover-expand letterbox-style-default\"><span class=\"expand hidden-print\" data-toggle=\"modal\" data-target=\".modal-bd184cbe-8d9b-11ef-970a-bf0f18c68f10\"><br \/>\n                <span class=\"fas tnt-expand\"><\/span><br \/>\n            <\/span><\/p>\n<div class=\"image\" data-toggle=\"modal\" data-target=\".modal-bd184cbe-8d9b-11ef-970a-bf0f18c68f10\">\n<div itemprop=\"image\" itemscope=\"\" itemtype=\"https:\/\/schema.org\/ImageObject\">\n            <meta itemprop=\"width\" content=\"1600\"><br \/>\n            <meta itemprop=\"height\" content=\"1067\"><br \/>\n            <meta itemprop=\"contentUrl\" content=\"https:\/\/bloximages.chicago2.vip.townnews.com\/buffalonews.com\/content\/tncms\/assets\/v3\/editorial\/b\/d1\/bd184cbe-8d9b-11ef-970a-bf0f18c68f10\/5ef2a74af3901.image.jpg?resize=1200%2C800\"><br \/>\n            <meta itemprop=\"url\" content=\"https:\/\/bloximages.chicago2.vip.townnews.com\/buffalonews.com\/content\/tncms\/assets\/v3\/editorial\/b\/d1\/bd184cbe-8d9b-11ef-970a-bf0f18c68f10\/5ef2a74af3901.image.jpg?resize=1200%2C800\"><\/p><\/div>\n<\/div><figcaption class=\"caption\">\n<p>                                <span class=\"caption-text\"><\/span><\/p>\n<p>Le membre de l\u2019Assembl\u00e9e David J. DiPietro a publi\u00e9 vendredi apr\u00e8s-midi une d\u00e9claration visant le rapport du Buffalo News selon lequel il est un fid\u00e8le du pasteur Michael A. Cesar, qui a d\u00e9nigr\u00e9 sans vergogne les musulmans, les hindous, les catholiques et la m\u00e8re de J\u00e9sus.<\/p>\n<\/p>\n<p>                                <span class=\"credit\"><br \/>\n                                    <span id=\"author--asset-bd184cbe-8d9b-11ef-970a-bf0f18c68f10\" class=\"tnt-byline asset-byline\" rel=\"popover\" itemprop=\"author\"><\/span><\/span><\/p>\n<p>            Harry Scull Jr., photo d\u2019archives de Buffalo News<\/p>\n<p>                        <span class=\"clearfix\"><\/span>\n                    <\/p>\n<\/figcaption><\/figure>\n<\/div>\n<div class=\"lee-article-text\">\n<p>Vendredi \u00e0 17 heures, le site Web de la campagne de DiPietro continuait d\u2019affirmer que DiPietro et son \u00e9pouse, Theresa, \u00ab\u00a0sont membres de l\u2019\u00e9glise Grace and Truth \u00e0 Amherst\u00a0\u00bb. <\/p>\n<\/div>\n<div class=\"lee-article-text\">\n<p>Cesar, qui organise parfois des groupes d\u2019\u00e9tudes bibliques au domicile de DiPietro, est un ancien anesth\u00e9siste qui, en 2008, n\u2019a pas contest\u00e9 sa n\u00e9gligence \u00e0 plusieurs reprises. En 2010, il a accept\u00e9 de ne jamais activer son enregistrement ni de demander \u00e0 nouveau une licence pour exercer la m\u00e9decine \u00e0 New York. <\/p>\n<\/div>\n<div class=\"lee-article-text\">\n<p>Jeudi, Cesar a d\u00e9clar\u00e9 \u00e0 The News qu\u2019il n\u2019\u00e9tait pas au courant des d\u00e9penses de campagne de DiPietro. <\/p>\n<\/div>\n<div class=\"lee-article-text\">\n<p>\u00ab\u00a0Je ne veux pas de ses fonds de campagne. Je ne veux pas de fonds. Nous ne distribuons m\u00eame pas l\u2019assiette dans mon \u00e9glise\u00a0\u00bb, a d\u00e9clar\u00e9 Cesar. \u00ab\u00a0Il n\u2019y a jamais un moment dans un service o\u00f9 vous verrez la plaque passer. Nous ne faisons m\u00eame pas \u00e7a.\u00a0\u00bb<\/p>\n<\/div>\n<div class=\"lee-article-text\">\n<p>Le haut du site Web de l\u2019\u00e9glise comprenait un lien pour faire un don.<\/p>\n<\/div>\n<div class=\"lee-article-text\">\n<p>L\u2019opposant d\u00e9mocrate de DiPietro, Darci Cramer, a fustig\u00e9 l\u2019association de DiPietro avec le pr\u00e9dicateur.<\/p>\n<\/div>\n<div class=\"lee-article-text\">\n<p>\u00ab\u00a0On dit qu\u2019un homme est jug\u00e9 en fonction de la compagnie qu\u2019il fr\u00e9quente. M. DiPietro s\u2019est align\u00e9 sur l\u2019un des extr\u00e9mistes les plus haineux de l\u2019ouest de New York\u00a0\u00bb, a-t-elle d\u00e9clar\u00e9 dans un courrier \u00e9lectronique. \u00ab\u00a0L\u2019id\u00e9e que quelqu\u2019un qui tient ce genre de rh\u00e9torique puisse nous repr\u00e9senter \u00e0 Albany est embarrassante. Cela ne repr\u00e9sente certainement pas les points de vue et les convictions des \u00e9lecteurs de la 147e circonscription, dont beaucoup m\u2019ont appel\u00e9 pour exprimer leur m\u00e9contentement et leur inqui\u00e9tude concernant la situation. les implications de la relation de DiPietro avec M. Cesar.<\/p>\n<\/div>\n<div class=\"lee-article-text\">\n<p>Le pr\u00e9sident du comit\u00e9 d\u00e9mocrate du comt\u00e9 d\u2019Erie, Jeremy Zellner, a d\u00e9clar\u00e9 dans un communiqu\u00e9 que le rapport du News \u00ab\u00a0confirme que (DiPietro) est \u00e9galement un v\u00e9ritable extr\u00e9miste dans le moule moderne du MAGA GOP, soutenant financi\u00e8rement et accueillant chez lui un marchand de haine qui se fait passer pour un homme de foi. \u00bb<\/p>\n<\/div>\n<div class=\"lee-article-text\">\n<p>\u00ab\u00a0La rh\u00e9torique que DiPietro adopte explicitement n\u2019a pas sa place dans le discours politique moderne, qu\u2019il s\u2019agisse de clich\u00e9s raciaux ou de diffamations insultantes contre les victimes du 11 septembre\u00a0\u00bb, a ajout\u00e9 Zellner. \u00ab\u00a0Est-ce une personne que les \u00e9lecteurs r\u00e9publicains veulent parler pour eux \u00e0 Albany ou dans toute autre ar\u00e8ne gouvernementale ? Est-ce une personne qui devrait repr\u00e9senter la communaut\u00e9 WNY au sens large ?\u00a0\u00bb<\/p>\n<\/div>\n<div class=\"lee-article-text\">\n<p>Le pr\u00e9sident du comit\u00e9 r\u00e9publicain du comt\u00e9 d\u2019Erie, Michael Kracker, n\u2019a pas r\u00e9pondu dans un premier temps \u00e0 la question de savoir s\u2019il \u00e9tait d\u2019accord avec les propos de Cesar. Au lieu de cela, il a publi\u00e9 une d\u00e9claration disant : \u00ab Ces coups de th\u00e9\u00e2tre politiques d\u00e9sesp\u00e9r\u00e9s du marais d\u2019Albany sont clairement destin\u00e9s \u00e0 d\u00e9tourner l\u2019attention du leadership fort de David DiPietro et des v\u00e9ritables probl\u00e8mes auxquels notre \u00c9tat est confront\u00e9. Le d\u00e9put\u00e9 DiPietro continuera \u00e0 se battre pour le peuple \u00e9pris de libert\u00e9 de son quartier, parce que c\u2019est qui il est et ce qu\u2019il a toujours fait.<\/p>\n<\/div>\n<div class=\"lee-article-text\">\n<p>Ce n\u2019est qu\u2019apr\u00e8s avoir rappel\u00e9 que Kracker refusait de dire s\u2019il \u00e9tait d\u2019accord avec les remarques de C\u00e9sar sur les victimes du 11 septembre, la Vierge Marie, les musulmans, les catholiques et d\u2019autres qu\u2019un assistant du comit\u00e9 a r\u00e9pondu que Kracker \u00ab \u00e9tait fortement en d\u00e9saccord avec les commentaires \u00bb de C\u00e9sar.<\/p>\n<\/div>\n<div class=\"lee-article-text\">\n<p>DiPietro n\u2019irait pas aussi loin. Plus t\u00f4t vendredi, alors qu\u2019il participait \u00e0 une conf\u00e9rence de presse, un journaliste de la t\u00e9l\u00e9vision WGRZ a demand\u00e9 \u00e0 DiPietro pourquoi il refusait de commenter le reportage de The News et sa relation avec Cesar. DiPietro a quitt\u00e9 la sc\u00e8ne.<\/p>\n<\/div>\n<div class=\"lee-article-text\">\n<p>\u00ab\u00a0Parce que je pense que c\u2019est un tas de conneries, un horrible hit\u00a0\u00bb, a-t-il d\u00e9clar\u00e9.<\/p>\n<\/div>\n<div class=\"lee-article-text\">\n<p>Lorsque le journaliste a demand\u00e9 \u00e0 DiPietro s\u2019il d\u00e9non\u00e7ait la rh\u00e9torique de Cesar, DiPietro a r\u00e9pondu : \u00ab\u00a0J\u2019ai dit que je ferai une d\u00e9claration \u00e0 14 heures. Merci\u00a0\u00bb, selon la vid\u00e9o du journaliste de l\u2019incident sur X. La d\u00e9claration de DiPietro a \u00e9t\u00e9 publi\u00e9e apr\u00e8s 3 heures. pm<\/p>\n<\/div>\n<div class=\"lee-article-text\">\n<p>Plus tard vendredi, The News a demand\u00e9 \u00e0 DiPietro s\u2019il continuait \u00e0 soutenir Cesar et s\u2019il pouvait fournir une base pour ses affirmations selon lesquelles le rapport \u00e9tait politiquement motiv\u00e9. DiPietro n\u2019a pas r\u00e9pondu.<\/p>\n<\/div>\n<div class=\"trinity-skip-it\">\n<div id=\"pu-email-form-politics-email-article\" class=\"p402_hide hidden-print\">\n<div class=\"text-center\">\n<h2 class=\"email-title\">Recevez des mises \u00e0 jour sur le gouvernement et la politique dans votre bo\u00eete de r\u00e9ception\u00a0!<\/h2>\n<p class=\"email-desc\">Restez au courant des derni\u00e8res actualit\u00e9s gouvernementales et politiques locales et nationales gr\u00e2ce \u00e0 notre newsletter.<\/p>\n<\/div>\n<\/div>\n<\/div>\n<\/div>\n<h2>\n<\/h2>\n<p>La Signification de l\u2019Intercession de Marie<\/p>\n<p>La pri\u00e8re \u00e0 Marie repr\u00e9sente un \u00e9l\u00e9ment crucial de la spiritualit\u00e9 chr\u00e9tienne, profond\u00e9ment ancr\u00e9e dans les enseignements catholiques depuis des si\u00e8cles. C\u2019est un fondement sur lequel les fid\u00e8les s\u2019appuient pour trouver confort, guidance et intercession dans leur relation envers Dieu. Au fil du temps, cette pi\u00e9t\u00e9 a \u00e9t\u00e9 renforc\u00e9e par les enseignements de la Bible, les coutumes eccl\u00e9siastiques, et les exemples des saints qui ont t\u00e9moign\u00e9 de leur respect \u00e0 Marie en tant que bienveillante.<\/p>\n<h3>\n<\/h3>\n<p>La pratique du Chapelet<\/p>\n<p>Cette pri\u00e8re traditionnelle mariale tient une position centrale dans la vie spirituelle de nombreux croyants. En r\u00e9citant les diff\u00e9rents myst\u00e8res, les d\u00e9vots se plongent dans les moments de la vie de J\u00e9sus et de Marie, renfor\u00e7ant leur lien spirituel avec le divin. \u00c0 travers chaque Ave Maria, ils manifestent leur foi en l\u2019intercession de Marie ainsi que leur aspiration \u00e0 suivre les pas du Christ. Saint Louis-Marie Grignion de Montfort, dans son livre sur la vraie d\u00e9votion \u00e0 la Sainte Vierge, encourage les chr\u00e9tiens \u00e0 pratiquer r\u00e9guli\u00e8rement la m\u00e9ditation sur les myst\u00e8res du rosaire pour approfondir leur lien avec la M\u00e8re de Dieu. Cet antique rituel, transmise de g\u00e9n\u00e9ration en g\u00e9n\u00e9ration, reste un phare spirituel pour les croyants, les aidant \u00e0 se connecter avec la c\u00e9leste Dame.<\/p>\n<h3>\n<\/h3>\n<p>L\u2019incitation \u00e0 la pri\u00e8re<\/p>\n<p>Joignons nos c\u0153urs dans la pri\u00e8re, fr\u00e8res et s\u0153urs, dans l\u2019unit\u00e9 de notre confiance, en nous tournant vers Marie, la m\u00e8re de J\u00e9sus. Dans notre monde tourment\u00e9 par les conflits et la division, optons \u00e0 la pri\u00e8re pour trouver de trouver la paix et la r\u00e9conciliation. Les chr\u00e9tiens ont la possibilit\u00e9 \u00e9crire une demande pour la m\u00e8re de dieu <a target=\"_blank\" rel=\"nofollow\" href=\"https:\/\/editionsbussiere.com\/blog\/goto\/https:\/\/www.avemariasound.org\/\" >en faisant appel aux b\u00e9n\u00e9voles.<\/a> Que nos pri\u00e8res montent vers le ciel, comme une offrande agr\u00e9able par Dieu, pour qu\u2019il puisse \u00e9clairer nos pas vers le chemin de la justice et de la v\u00e9rit\u00e9. Saint Paul nous dans ses lettres \u00e0 maintenir une pri\u00e8re incessante, en toutes circonstances, afin que notre communion avec Dieu soit solide et passionn\u00e9e. La pri\u00e8re, quand elle est sinc\u00e8rement offerte, poss\u00e8de la capacit\u00e9 pour changer nos c\u0153urs et de modifier le cours de l\u2019histoire.<\/p>\n<h2>\n<\/h2>\n<p>Les directives du Pape Fran\u00e7ois<\/p>\n<p>Le Saint-P\u00e8re, \u00e0 travers ses \u00e9crits inspir\u00e9s, disponibles gr\u00e2ce \u00e0 Bayard, nous rappelle la signification de la pri\u00e8re journali\u00e8re. \u00c0 travers ses hom\u00e9lies et ses audiences g\u00e9n\u00e9rales, il nous incite \u00e0 cultiver une relation personnelle avec le divin, en s\u2019appuyant sur la m\u00e9ditation de la Parole biblique ainsi que la pratique du Rosaire. Son exemple d\u2019humilit\u00e9 et de compassion nous encourage \u00e0 approfondir davantage notre pri\u00e8re et \u00e0 chercher la pr\u00e9sence de Dieu dans tous les domaines de notre quotidien. Saint Jean-Paul II, dans son encyclique portant sur la foi chr\u00e9tienne, nous souligne que la pri\u00e8re est le fondement de la vie spirituelle et que c\u2019est par elle que nous trouvons notre unit\u00e9 au divin. La pri\u00e8re quotidienne, transmise par les pontifes successifs, est un phare d\u2019espoir dans les temp\u00eates, une base solide auquel les \u00e2mes peuvent s\u2019appuyer.<\/p>\n<h3>\n<\/h3>\n<p>Les ouvrages \u00e9crits par Leli\u00e8vre et Hubert<\/p>\n<p>Au sein de la pratique religieuse, l\u2019\u00e9glise recommande vivement le recours \u00e0 la pri\u00e8re, et lors de la pri\u00e8re, les fid\u00e8les effectuent le signe de croix et r\u00e9citent le Je vous salue Marie. Des penseurs contemporains, tels que Leli\u00e8vre et Hubert, nous convient \u00e9galement \u00e0 r\u00e9fl\u00e9chir sur la puissance de la pri\u00e8re, dans leurs ouvrages inspirants. Leurs publications, abondant en enseignements spirituels, nous orientent dans notre parcours de la foi et nous encouragent \u00e0 puiser dans les tr\u00e9sors de la tradition chr\u00e9tienne pour enrichir notre spiritualit\u00e9. En m\u00e9ditant sur leurs publications, nous explorons de nouvelles voies d\u2019approfondir notre connexion avec le divin et de grandir dans notre cheminement vers la saintet\u00e9. L\u2019ap\u00f4tre Jean, dans l\u2019\u00c9vangile, nous rappelle que la pri\u00e8re est une puissante voie de demeurer en communion avec Dieu et de recevoir de ses gr\u00e2ces. Chaque page de leurs \u00e9crits ressemble \u00e0 une invitation \u00e0 une pri\u00e8re fervente et \u00e0 une vie emplie de la pr\u00e9sence divine. Dans notre exploration de connexion spirituelle, chaque lecture devient un appel \u00e0 s\u2019\u00e9lever vers le sacr\u00e9, par le biais de la m\u00e9ditation et la contemplation.<\/p>\n<h3>\n<\/h3>\n<p>La pratique de la pri\u00e8re<\/p>\n<p>Au sein de nos chapelles simples ou grandioses, tournons-nous vers le divin en toute confiance et humilit\u00e9, car nous savons qu\u2019il \u00e9coute nos supplications avec une sollicitude infinie. Que chaque bougie allum\u00e9e, chaque Ave Maria r\u00e9cit\u00e9, soit une offrande \u00e0 notre divin Cr\u00e9ateur ainsi qu\u2019\u00e0 la Vierge Marie. Que nos moments de pri\u00e8re dans la chapelle soient des occasions de gr\u00e2ce et de renouvellement de notre esprit, nous fortifiant pour affronter les d\u00e9fis avec audace et foi in\u00e9branlable. Sainte Bernadette Soubirous, \u00e0 qui la Vierge Marie est apparue \u00e0 Lourdes, nous d\u00e9montre l\u2019importance de la pri\u00e8re dans la vie des fid\u00e8les et l\u2019efficacit\u00e9 de l\u2019intercession de la Sainte Vierge. Tout fid\u00e8le qui franchit les portes d\u2019une chapelle, chaque page de la Bible lue dans ce lieu sacr\u00e9, est une rencontre avec le divin, une \u00e9tape dans le processus de transformation spirituelle. \u00c0 travers les textes sacr\u00e9s, tout croyant est invit\u00e9 \u00e0 contempler la croix du Christ, \u00e0 m\u00e9diter sur son sacrifice, et \u00e0 trouver r\u00e9confort et espoir dans la gr\u00e2ce salvatrice qu\u2019elle offre.<\/p>\n<h2>\nLa pratique de la pri\u00e8re comme m\u00e9decine pour l\u2019esprit<br \/>\n<\/h2>\n<p>Tel un th\u00e9rapeute pour notre \u00eatre int\u00e9rieur, l\u2019acte de prier nous gu\u00e9rit ainsi que nous fortifie lorsque nous traversons des moments de douleur et de d\u00e9sespoir. La pri\u00e8re nous rappelle que la pr\u00e9sence divine ne nous quitte jamais, m\u00eame dans les moments les plus sombres de notre existence. En nous tournant vers lui \u00e0 travers la pri\u00e8re, nous d\u00e9couvrons la force int\u00e9rieure n\u00e9cessaire pour surmonter les \u00e9preuves et pour affronter l\u2019avenir avec espoir et confiance. L\u2019acte de prier est semblable \u00e0 une source d\u2019eau vive qui satisfait notre soif spirituelle et qui, dans notre marche avec Dieu, nous revigore.<br \/>\n\u00c0 chaque pri\u00e8re prononc\u00e9e, \u00e0 chaque intention confi\u00e9e, nous trouvons un soulagement divin, une gu\u00e9rison spirituelle, qui transcende les limites de notre condition terrestre. Chaque verset de la Bible est une invitation \u00e0 dialoguer avec Dieu, \u00e0 lui remettre nos fardeaux, et \u00e0 recevoir sa gr\u00e2ce transformante.<\/p>\n<h2>Une vision alternative sur l\u2019invocation \u00e0 Marie<\/h2>\n<p>La pri\u00e8re \u00e0 Marie constitue une pratique profond\u00e9ment enracin\u00e9e dans la tradition catholique chr\u00e9tienne, proposant un pr\u00e9cieux lien spirituel pour les adeptes de tous horizons. Comme m\u00e8re spirituelle et intercesseur, Marie est invoqu\u00e9e avec d\u00e9votion dans les moments de besoin et de gratitude. Le chapelet, avec ses myst\u00e8res contemplatifs, guide les catholiques dans leur cheminement spirituel, les aidant \u00e0 m\u00e9diter sur J\u00e9sus, son fils, \u00e0 travers les yeux de la Vierge Marie. Cette d\u00e9votion mariale se refl\u00e8te dans les sanctuaires comme Lourdes, o\u00f9 les p\u00e8lerins affluent \u00e0 la recherche de consolation et de gu\u00e9rison, repr\u00e9sentant la profonde connexion entre la foi catholique et la v\u00e9n\u00e9ration de la Vierge Marie. Les enseignements \u00e9clairants d\u2019\u00e9minents th\u00e9ologiens comme Leli\u00e8vre et Hubert proposent une r\u00e9flexion pr\u00e9cieuse sur la signification de la pri\u00e8re mariale et son r\u00f4le dans la vie spirituelle des croyants. Gr\u00e2ce \u00e0 une lecture attentive de livres d\u00e9votionnels et bibliques, les fid\u00e8les \u00e9largissent leur compr\u00e9hension de la v\u00e9n\u00e9ration de Marie et cultivent un lien plus fort avec Marie, notre m\u00e8re spirituelle. Dans un monde marqu\u00e9 par la guerre et les conflits, la d\u00e9votion \u00e0 Marie constitue un refuge de paix et d\u2019espoir, appelant chaque personne, quel que soit son statut dans la foi catholique-chr\u00e9tienne, \u00e0 se tourner vers la Dame du Ciel avec une foi profonde et une d\u00e9votion sinc\u00e8re. Prions donc ensemble, avec un c\u0153ur sinc\u00e8re et humble, en reconnaissant Marie comme notre m\u00e8re et notre intercesseur, et en lui confiant nos requ\u00eates et nos souhaits les plus profonds. Dans cette qu\u00eate spirituelle, chaque croyant est invit\u00e9 \u00e0 suivre la liste des pri\u00e8res et des intentions du c\u0153ur, guid\u00e9 par le saint P\u00e8re et les ressources spirituelles inestimables disponibles sur des plateformes comme Aleteia. De cette mani\u00e8re, avec un c\u0153ur humble et une foi sinc\u00e8re, \u00e9levons notre pri\u00e8re quotidienne vers Marie, lui demandant son intercession affectueuse, et la gr\u00e2ce de pers\u00e9v\u00e9rer dans la pri\u00e8re fervente.<br \/>\nQue notre communion avec le divin constitue notre refuge et notre r\u00e9confort en toute circonstance. Que nous nous inclinions vers Marie, notre m\u00e8re c\u00e9leste, avec une foi in\u00e9branlable et un c\u0153ur ouvert, convaincus qu\u2019elle plaide en notre faveur devant son fils bien-aim\u00e9. Que notre dialogue avec le divin nous guide sur le chemin de la saintet\u00e9, nous approchant toujours plus de Dieu et de son amour \u00e9ternel.<\/p>\n<p>Parutions:<\/p>\n<p>Sainte Lydwine de Schiedam\/Chapitre XIII.,<a target=\"_blank\" rel=\"nofollow\" href=\"https:\/\/editionsbussiere.com\/blog\/goto\/https:\/\/fr.wikisource.org\/wiki\/Sainte_Lydwine_de_Schiedam\/Chapitre_XIII\"  target=\"_blank\" rel=\"noopener noreferrer nofollow\">L\u2019article de presse.<\/a><span><\/span><\/p>\n<p>Livre pour l\u2019enseignement de ses filles du Chevalier de La Tour Landry\/Chapitre 2.,<a target=\"_blank\" rel=\"nofollow\" href=\"https:\/\/editionsbussiere.com\/blog\/goto\/https:\/\/fr.wikisource.org\/wiki\/Livre_pour_l%E2%80%99enseignement_de_ses_filles_du_Chevalier_de_La_Tour_Landry\/Chapitre_2\"  target=\"_blank\" rel=\"noopener noreferrer nofollow\">Le post d\u2019actualit\u00e9.<\/a><span><\/span><\/p>\n<p>Les Mis\u00e9rables\/Tome 2\/Livre 6\/05.,<a target=\"_blank\" rel=\"nofollow\" href=\"https:\/\/editionsbussiere.com\/blog\/goto\/https:\/\/fr.wikisource.org\/wiki\/Les_Mis%C3%A9rables\/Tome_2\/Livre_6\/05\"  target=\"_blank\" rel=\"noopener noreferrer nofollow\">Article complet.<\/a><span><\/span><\/p>\n<p>Le P. Jean de Cronstadt\/Ma vie en J\u00e9sus-Christ\/Chapitre V.,<a target=\"_blank\" rel=\"nofollow\" href=\"https:\/\/editionsbussiere.com\/blog\/goto\/https:\/\/fr.wikisource.org\/wiki\/Le_P._Jean_de_Cronstadt\/Ma_vie_en_J%C3%A9sus-Christ\/Chapitre_V\"  target=\"_blank\" rel=\"noopener noreferrer nofollow\">Le texte de l\u2019article.<\/a><span><\/span>. Suite sur le prochain article.<\/p>\n<p>Herm\u00e8s Trism\u00e9giste (trad. M\u00e9nard)\/Fragments de la Vierge du monde.,<a target=\"_blank\" rel=\"nofollow\" href=\"https:\/\/editionsbussiere.com\/blog\/goto\/https:\/\/fr.wikisource.org\/wiki\/Herm%C3%A8s_Trism%C3%A9giste_(trad._M%C3%A9nard)\/Fragments_de_la_Vierge_du_monde\"  target=\"_blank\" rel=\"noopener noreferrer nofollow\">Ici.<\/a><span><\/span><\/p>\n<p>Contes de la veill\u00e9e\/L\u00e9gende de s\u0153ur B\u00e9atrix.,<a target=\"_blank\" rel=\"nofollow\" href=\"https:\/\/editionsbussiere.com\/blog\/goto\/https:\/\/fr.wikisource.org\/wiki\/Contes_de_la_veill%C3%A9e\/L%C3%A9gende_de_s%C5%93ur_B%C3%A9atrix\"  target=\"_blank\" rel=\"noopener noreferrer nofollow\">Le post d\u2019actualit\u00e9.<\/a><span><\/span>. Suite sur le prochain article.<\/p>\n<\/div>\n<p><img decoding=\"async\" class=\"wpe_imgrss\" src=\"https:\/\/editionsbussiere.com\/blog\/wp-content\/uploads\/2024\/10\/DiPietro-se-demande-sil-soutiendra-le-pasteur-controverse-pour-se-1024x538-1.jpg\">Cet article a \u00e9t\u00e9 reconstitu\u00e9 du mieux possible. Dans l\u2019hypoth\u00e8se o\u00f9 vous souhaitez apporter quelques modifications concernant le th\u00e8me \u00ab\u00a0Editions \u00e9sot\u00e9rique fond\u00e9e en 1927\u00a0\u00bb, il est possible de discuter avec notre r\u00e9daction. Vous pouvez tirer profit de cet article traitant le sujet \u00ab\u00a0Editions \u00e9sot\u00e9rique fond\u00e9e en 1927\u00a0\u00bb. Il est concoct\u00e9 par l\u2019\u00e9quipe editionsbussiere.com. Le site editionsbussiere.com est fait pour cr\u00e9er divers posts autour du th\u00e8me Editions \u00e9sot\u00e9rique fond\u00e9e en 1927 d\u00e9velopp\u00e9es sur internet. Consultez notre site internet editionsbussiere.com et nos r\u00e9seaux sociaux pour \u00eatre au courant des futures annonces.<\/p>\n","protected":false},"excerpt":{"rendered":"<p>ALBANY \u2013 Le d\u00e9put\u00e9 David DiPietro a d\u00e9clar\u00e9 vendredi qu\u2019il s\u2019opposait fermement \u00e0 \u00ab toute forme d\u2019intol\u00e9rance \u00bb tout en refusant de condamner les propos d\u2019un pr\u00e9dicateur d\u2019Amherst qui d\u00e9nigrait les victimes du 11 septembre, la Vierge Marie et diverses religions dans des vid\u00e9os publi\u00e9es par DiPietro sur Facebook. Le Buffalo News a rapport\u00e9 vendredi [&hellip;]<\/p>\n","protected":false},"author":3,"featured_media":1533,"comment_status":"closed","ping_status":"closed","sticky":false,"template":"","format":"standard","meta":{"footnotes":""},"categories":[3],"tags":[],"class_list":["post-1532","post","type-post","status-publish","format-standard","has-post-thumbnail","hentry","category-editions-esoterique-fondee-en-1927-depeches","entry","fw-tab-6 fw-tabr-4","has-featured-image"],"yoast_head":"<!-- This site is optimized with the Yoast SEO plugin v27.5 - https:\/\/yoast.com\/product\/yoast-seo-wordpress\/ -->\n<title>DiPietro se demande s\u2019il soutiendra le pasteur controvers\u00e9 pour prier la m\u00e8re de dieu Marie. - EDITIONSBUSSIERE<\/title>\n<meta name=\"robots\" content=\"index, follow, max-snippet:-1, max-image-preview:large, max-video-preview:-1\" \/>\n<link rel=\"canonical\" href=\"https:\/\/editionsbussiere.com\/blog\/dipietro-se-demande-sil-soutiendra-le-pasteur-controverse-pour-prier-la-mere-de-dieu-marie\/\" \/>\n<meta property=\"og:locale\" content=\"fr_FR\" \/>\n<meta property=\"og:type\" content=\"article\" \/>\n<meta property=\"og:title\" content=\"DiPietro se demande s\u2019il soutiendra le pasteur controvers\u00e9 pour prier la m\u00e8re de dieu Marie. - EDITIONSBUSSIERE\" \/>\n<meta property=\"og:description\" content=\"ALBANY \u2013 Le d\u00e9put\u00e9 David DiPietro a d\u00e9clar\u00e9 vendredi qu\u2019il s\u2019opposait fermement \u00e0 \u00ab toute forme d\u2019intol\u00e9rance \u00bb tout en refusant de condamner les propos d\u2019un pr\u00e9dicateur d\u2019Amherst qui d\u00e9nigrait les victimes du 11 septembre, la Vierge Marie et diverses religions dans des vid\u00e9os publi\u00e9es par DiPietro sur Facebook. Le Buffalo News a rapport\u00e9 vendredi [&hellip;]\" \/>\n<meta property=\"og:url\" content=\"https:\/\/editionsbussiere.com\/blog\/dipietro-se-demande-sil-soutiendra-le-pasteur-controverse-pour-prier-la-mere-de-dieu-marie\/\" \/>\n<meta property=\"og:site_name\" content=\"EDITIONSBUSSIERE\" \/>\n<meta property=\"article:published_time\" content=\"2024-10-19T07:13:09+00:00\" \/>\n<meta property=\"og:image\" content=\"https:\/\/editionsbussiere.com\/blog\/wp-content\/uploads\/2024\/10\/DiPietro-se-demande-sil-soutiendra-le-pasteur-controverse-pour-se-1024x538-1.jpg\" \/>\n<meta name=\"author\" content=\"Marie BATICLE\" \/>\n<meta name=\"twitter:card\" content=\"summary_large_image\" \/>\n<meta name=\"twitter:label1\" content=\"\u00c9crit par\" \/>\n\t<meta name=\"twitter:data1\" content=\"Marie BATICLE\" \/>\n\t<meta name=\"twitter:label2\" content=\"Dur\u00e9e de lecture estim\u00e9e\" \/>\n\t<meta name=\"twitter:data2\" content=\"15 minutes\" \/>\n<script type=\"application\/ld+json\" class=\"yoast-schema-graph\">{\"@context\":\"https:\\\/\\\/schema.org\",\"@graph\":[{\"@type\":\"Article\",\"@id\":\"https:\\\/\\\/editionsbussiere.com\\\/blog\\\/dipietro-se-demande-sil-soutiendra-le-pasteur-controverse-pour-prier-la-mere-de-dieu-marie\\\/#article\",\"isPartOf\":{\"@id\":\"https:\\\/\\\/editionsbussiere.com\\\/blog\\\/dipietro-se-demande-sil-soutiendra-le-pasteur-controverse-pour-prier-la-mere-de-dieu-marie\\\/\"},\"author\":{\"name\":\"Marie BATICLE\",\"@id\":\"https:\\\/\\\/editionsbussiere.com\\\/blog\\\/#\\\/schema\\\/person\\\/ec90e102792148c97e46ab871010dd8f\"},\"headline\":\"DiPietro se demande s\u2019il soutiendra le pasteur controvers\u00e9 pour prier la m\u00e8re de dieu Marie.\",\"datePublished\":\"2024-10-19T07:13:09+00:00\",\"mainEntityOfPage\":{\"@id\":\"https:\\\/\\\/editionsbussiere.com\\\/blog\\\/dipietro-se-demande-sil-soutiendra-le-pasteur-controverse-pour-prier-la-mere-de-dieu-marie\\\/\"},\"wordCount\":3071,\"publisher\":{\"@id\":\"https:\\\/\\\/editionsbussiere.com\\\/blog\\\/#organization\"},\"image\":{\"@id\":\"https:\\\/\\\/editionsbussiere.com\\\/blog\\\/dipietro-se-demande-sil-soutiendra-le-pasteur-controverse-pour-prier-la-mere-de-dieu-marie\\\/#primaryimage\"},\"thumbnailUrl\":\"https:\\\/\\\/editionsbussiere.com\\\/blog\\\/wp-content\\\/uploads\\\/2024\\\/10\\\/DiPietro-se-demande-sil-soutiendra-le-pasteur-controverse-pour-se-1024x538-1.jpg\",\"articleSection\":[\"Editions \u00c9sot\u00e9rique Fond\u00e9e En 1927; D\u00e9p\u00e8ches:\"],\"inLanguage\":\"fr-FR\"},{\"@type\":\"WebPage\",\"@id\":\"https:\\\/\\\/editionsbussiere.com\\\/blog\\\/dipietro-se-demande-sil-soutiendra-le-pasteur-controverse-pour-prier-la-mere-de-dieu-marie\\\/\",\"url\":\"https:\\\/\\\/editionsbussiere.com\\\/blog\\\/dipietro-se-demande-sil-soutiendra-le-pasteur-controverse-pour-prier-la-mere-de-dieu-marie\\\/\",\"name\":\"DiPietro se demande s\u2019il soutiendra le pasteur controvers\u00e9 pour prier la m\u00e8re de dieu Marie. - EDITIONSBUSSIERE\",\"isPartOf\":{\"@id\":\"https:\\\/\\\/editionsbussiere.com\\\/blog\\\/#website\"},\"primaryImageOfPage\":{\"@id\":\"https:\\\/\\\/editionsbussiere.com\\\/blog\\\/dipietro-se-demande-sil-soutiendra-le-pasteur-controverse-pour-prier-la-mere-de-dieu-marie\\\/#primaryimage\"},\"image\":{\"@id\":\"https:\\\/\\\/editionsbussiere.com\\\/blog\\\/dipietro-se-demande-sil-soutiendra-le-pasteur-controverse-pour-prier-la-mere-de-dieu-marie\\\/#primaryimage\"},\"thumbnailUrl\":\"https:\\\/\\\/editionsbussiere.com\\\/blog\\\/wp-content\\\/uploads\\\/2024\\\/10\\\/DiPietro-se-demande-sil-soutiendra-le-pasteur-controverse-pour-se-1024x538-1.jpg\",\"datePublished\":\"2024-10-19T07:13:09+00:00\",\"breadcrumb\":{\"@id\":\"https:\\\/\\\/editionsbussiere.com\\\/blog\\\/dipietro-se-demande-sil-soutiendra-le-pasteur-controverse-pour-prier-la-mere-de-dieu-marie\\\/#breadcrumb\"},\"inLanguage\":\"fr-FR\",\"potentialAction\":[{\"@type\":\"ReadAction\",\"target\":[\"https:\\\/\\\/editionsbussiere.com\\\/blog\\\/dipietro-se-demande-sil-soutiendra-le-pasteur-controverse-pour-prier-la-mere-de-dieu-marie\\\/\"]}]},{\"@type\":\"ImageObject\",\"inLanguage\":\"fr-FR\",\"@id\":\"https:\\\/\\\/editionsbussiere.com\\\/blog\\\/dipietro-se-demande-sil-soutiendra-le-pasteur-controverse-pour-prier-la-mere-de-dieu-marie\\\/#primaryimage\",\"url\":\"https:\\\/\\\/editionsbussiere.com\\\/blog\\\/wp-content\\\/uploads\\\/2024\\\/10\\\/DiPietro-se-demande-sil-soutiendra-le-pasteur-controverse-pour-se-1024x538-1.jpg\",\"contentUrl\":\"https:\\\/\\\/editionsbussiere.com\\\/blog\\\/wp-content\\\/uploads\\\/2024\\\/10\\\/DiPietro-se-demande-sil-soutiendra-le-pasteur-controverse-pour-se-1024x538-1.jpg\",\"width\":1024,\"height\":538,\"caption\":\"DiPietro se demande sil soutiendra le pasteur controverse pour se 1024x538 1\"},{\"@type\":\"BreadcrumbList\",\"@id\":\"https:\\\/\\\/editionsbussiere.com\\\/blog\\\/dipietro-se-demande-sil-soutiendra-le-pasteur-controverse-pour-prier-la-mere-de-dieu-marie\\\/#breadcrumb\",\"itemListElement\":[{\"@type\":\"ListItem\",\"position\":1,\"name\":\"Accueil\",\"item\":\"https:\\\/\\\/editionsbussiere.com\\\/blog\\\/\"},{\"@type\":\"ListItem\",\"position\":2,\"name\":\"DiPietro se demande s\u2019il soutiendra le pasteur controvers\u00e9 pour prier la m\u00e8re de dieu Marie.\"}]},{\"@type\":\"WebSite\",\"@id\":\"https:\\\/\\\/editionsbussiere.com\\\/blog\\\/#website\",\"url\":\"https:\\\/\\\/editionsbussiere.com\\\/blog\\\/\",\"name\":\"EDITIONSBUSSIERE\",\"description\":\"Editions \u00e9sot\u00e9rique fond\u00e9e en 1927; site historique, A SAVOIR ET RETENIR.\",\"publisher\":{\"@id\":\"https:\\\/\\\/editionsbussiere.com\\\/blog\\\/#organization\"},\"potentialAction\":[{\"@type\":\"SearchAction\",\"target\":{\"@type\":\"EntryPoint\",\"urlTemplate\":\"https:\\\/\\\/editionsbussiere.com\\\/blog\\\/?s={search_term_string}\"},\"query-input\":{\"@type\":\"PropertyValueSpecification\",\"valueRequired\":true,\"valueName\":\"search_term_string\"}}],\"inLanguage\":\"fr-FR\"},{\"@type\":\"Organization\",\"@id\":\"https:\\\/\\\/editionsbussiere.com\\\/blog\\\/#organization\",\"name\":\"editionsbussiere\",\"url\":\"https:\\\/\\\/editionsbussiere.com\\\/blog\\\/\",\"logo\":{\"@type\":\"ImageObject\",\"inLanguage\":\"fr-FR\",\"@id\":\"https:\\\/\\\/editionsbussiere.com\\\/blog\\\/#\\\/schema\\\/logo\\\/image\\\/\",\"url\":\"https:\\\/\\\/editionsbussiere.com\\\/blog\\\/wp-content\\\/uploads\\\/2023\\\/09\\\/cropped-buss.gif\",\"contentUrl\":\"https:\\\/\\\/editionsbussiere.com\\\/blog\\\/wp-content\\\/uploads\\\/2023\\\/09\\\/cropped-buss.gif\",\"width\":298,\"height\":120,\"caption\":\"editionsbussiere\"},\"image\":{\"@id\":\"https:\\\/\\\/editionsbussiere.com\\\/blog\\\/#\\\/schema\\\/logo\\\/image\\\/\"}},{\"@type\":\"Person\",\"@id\":\"https:\\\/\\\/editionsbussiere.com\\\/blog\\\/#\\\/schema\\\/person\\\/ec90e102792148c97e46ab871010dd8f\",\"name\":\"Marie BATICLE\",\"image\":{\"@type\":\"ImageObject\",\"inLanguage\":\"fr-FR\",\"@id\":\"https:\\\/\\\/secure.gravatar.com\\\/avatar\\\/c923e52403b1b8137e2d929127211d21967e6aecaa053bd43b09da29f212e76e?s=96&d=mm&r=g\",\"url\":\"https:\\\/\\\/secure.gravatar.com\\\/avatar\\\/c923e52403b1b8137e2d929127211d21967e6aecaa053bd43b09da29f212e76e?s=96&d=mm&r=g\",\"contentUrl\":\"https:\\\/\\\/secure.gravatar.com\\\/avatar\\\/c923e52403b1b8137e2d929127211d21967e6aecaa053bd43b09da29f212e76e?s=96&d=mm&r=g\",\"caption\":\"Marie BATICLE\"},\"url\":\"https:\\\/\\\/editionsbussiere.com\\\/blog\\\/author\\\/eremarie\\\/\"}]}<\/script>\n<!-- \/ Yoast SEO plugin. -->","yoast_head_json":{"title":"DiPietro se demande s\u2019il soutiendra le pasteur controvers\u00e9 pour prier la m\u00e8re de dieu Marie. - EDITIONSBUSSIERE","robots":{"index":"index","follow":"follow","max-snippet":"max-snippet:-1","max-image-preview":"max-image-preview:large","max-video-preview":"max-video-preview:-1"},"canonical":"https:\/\/editionsbussiere.com\/blog\/dipietro-se-demande-sil-soutiendra-le-pasteur-controverse-pour-prier-la-mere-de-dieu-marie\/","og_locale":"fr_FR","og_type":"article","og_title":"DiPietro se demande s\u2019il soutiendra le pasteur controvers\u00e9 pour prier la m\u00e8re de dieu Marie. - EDITIONSBUSSIERE","og_description":"ALBANY \u2013 Le d\u00e9put\u00e9 David DiPietro a d\u00e9clar\u00e9 vendredi qu\u2019il s\u2019opposait fermement \u00e0 \u00ab toute forme d\u2019intol\u00e9rance \u00bb tout en refusant de condamner les propos d\u2019un pr\u00e9dicateur d\u2019Amherst qui d\u00e9nigrait les victimes du 11 septembre, la Vierge Marie et diverses religions dans des vid\u00e9os publi\u00e9es par DiPietro sur Facebook. Le Buffalo News a rapport\u00e9 vendredi [&hellip;]","og_url":"https:\/\/editionsbussiere.com\/blog\/dipietro-se-demande-sil-soutiendra-le-pasteur-controverse-pour-prier-la-mere-de-dieu-marie\/","og_site_name":"EDITIONSBUSSIERE","article_published_time":"2024-10-19T07:13:09+00:00","og_image":[{"url":"https:\/\/editionsbussiere.com\/blog\/wp-content\/uploads\/2024\/10\/DiPietro-se-demande-sil-soutiendra-le-pasteur-controverse-pour-se-1024x538-1.jpg","type":"","width":"","height":""}],"author":"Marie BATICLE","twitter_card":"summary_large_image","twitter_misc":{"\u00c9crit par":"Marie BATICLE","Dur\u00e9e de lecture estim\u00e9e":"15 minutes"},"schema":{"@context":"https:\/\/schema.org","@graph":[{"@type":"Article","@id":"https:\/\/editionsbussiere.com\/blog\/dipietro-se-demande-sil-soutiendra-le-pasteur-controverse-pour-prier-la-mere-de-dieu-marie\/#article","isPartOf":{"@id":"https:\/\/editionsbussiere.com\/blog\/dipietro-se-demande-sil-soutiendra-le-pasteur-controverse-pour-prier-la-mere-de-dieu-marie\/"},"author":{"name":"Marie BATICLE","@id":"https:\/\/editionsbussiere.com\/blog\/#\/schema\/person\/ec90e102792148c97e46ab871010dd8f"},"headline":"DiPietro se demande s\u2019il soutiendra le pasteur controvers\u00e9 pour prier la m\u00e8re de dieu Marie.","datePublished":"2024-10-19T07:13:09+00:00","mainEntityOfPage":{"@id":"https:\/\/editionsbussiere.com\/blog\/dipietro-se-demande-sil-soutiendra-le-pasteur-controverse-pour-prier-la-mere-de-dieu-marie\/"},"wordCount":3071,"publisher":{"@id":"https:\/\/editionsbussiere.com\/blog\/#organization"},"image":{"@id":"https:\/\/editionsbussiere.com\/blog\/dipietro-se-demande-sil-soutiendra-le-pasteur-controverse-pour-prier-la-mere-de-dieu-marie\/#primaryimage"},"thumbnailUrl":"https:\/\/editionsbussiere.com\/blog\/wp-content\/uploads\/2024\/10\/DiPietro-se-demande-sil-soutiendra-le-pasteur-controverse-pour-se-1024x538-1.jpg","articleSection":["Editions \u00c9sot\u00e9rique Fond\u00e9e En 1927; D\u00e9p\u00e8ches:"],"inLanguage":"fr-FR"},{"@type":"WebPage","@id":"https:\/\/editionsbussiere.com\/blog\/dipietro-se-demande-sil-soutiendra-le-pasteur-controverse-pour-prier-la-mere-de-dieu-marie\/","url":"https:\/\/editionsbussiere.com\/blog\/dipietro-se-demande-sil-soutiendra-le-pasteur-controverse-pour-prier-la-mere-de-dieu-marie\/","name":"DiPietro se demande s\u2019il soutiendra le pasteur controvers\u00e9 pour prier la m\u00e8re de dieu Marie. - EDITIONSBUSSIERE","isPartOf":{"@id":"https:\/\/editionsbussiere.com\/blog\/#website"},"primaryImageOfPage":{"@id":"https:\/\/editionsbussiere.com\/blog\/dipietro-se-demande-sil-soutiendra-le-pasteur-controverse-pour-prier-la-mere-de-dieu-marie\/#primaryimage"},"image":{"@id":"https:\/\/editionsbussiere.com\/blog\/dipietro-se-demande-sil-soutiendra-le-pasteur-controverse-pour-prier-la-mere-de-dieu-marie\/#primaryimage"},"thumbnailUrl":"https:\/\/editionsbussiere.com\/blog\/wp-content\/uploads\/2024\/10\/DiPietro-se-demande-sil-soutiendra-le-pasteur-controverse-pour-se-1024x538-1.jpg","datePublished":"2024-10-19T07:13:09+00:00","breadcrumb":{"@id":"https:\/\/editionsbussiere.com\/blog\/dipietro-se-demande-sil-soutiendra-le-pasteur-controverse-pour-prier-la-mere-de-dieu-marie\/#breadcrumb"},"inLanguage":"fr-FR","potentialAction":[{"@type":"ReadAction","target":["https:\/\/editionsbussiere.com\/blog\/dipietro-se-demande-sil-soutiendra-le-pasteur-controverse-pour-prier-la-mere-de-dieu-marie\/"]}]},{"@type":"ImageObject","inLanguage":"fr-FR","@id":"https:\/\/editionsbussiere.com\/blog\/dipietro-se-demande-sil-soutiendra-le-pasteur-controverse-pour-prier-la-mere-de-dieu-marie\/#primaryimage","url":"https:\/\/editionsbussiere.com\/blog\/wp-content\/uploads\/2024\/10\/DiPietro-se-demande-sil-soutiendra-le-pasteur-controverse-pour-se-1024x538-1.jpg","contentUrl":"https:\/\/editionsbussiere.com\/blog\/wp-content\/uploads\/2024\/10\/DiPietro-se-demande-sil-soutiendra-le-pasteur-controverse-pour-se-1024x538-1.jpg","width":1024,"height":538,"caption":"DiPietro se demande sil soutiendra le pasteur controverse pour se 1024x538 1"},{"@type":"BreadcrumbList","@id":"https:\/\/editionsbussiere.com\/blog\/dipietro-se-demande-sil-soutiendra-le-pasteur-controverse-pour-prier-la-mere-de-dieu-marie\/#breadcrumb","itemListElement":[{"@type":"ListItem","position":1,"name":"Accueil","item":"https:\/\/editionsbussiere.com\/blog\/"},{"@type":"ListItem","position":2,"name":"DiPietro se demande s\u2019il soutiendra le pasteur controvers\u00e9 pour prier la m\u00e8re de dieu Marie."}]},{"@type":"WebSite","@id":"https:\/\/editionsbussiere.com\/blog\/#website","url":"https:\/\/editionsbussiere.com\/blog\/","name":"EDITIONSBUSSIERE","description":"Editions \u00e9sot\u00e9rique fond\u00e9e en 1927; site historique, A SAVOIR ET RETENIR.","publisher":{"@id":"https:\/\/editionsbussiere.com\/blog\/#organization"},"potentialAction":[{"@type":"SearchAction","target":{"@type":"EntryPoint","urlTemplate":"https:\/\/editionsbussiere.com\/blog\/?s={search_term_string}"},"query-input":{"@type":"PropertyValueSpecification","valueRequired":true,"valueName":"search_term_string"}}],"inLanguage":"fr-FR"},{"@type":"Organization","@id":"https:\/\/editionsbussiere.com\/blog\/#organization","name":"editionsbussiere","url":"https:\/\/editionsbussiere.com\/blog\/","logo":{"@type":"ImageObject","inLanguage":"fr-FR","@id":"https:\/\/editionsbussiere.com\/blog\/#\/schema\/logo\/image\/","url":"https:\/\/editionsbussiere.com\/blog\/wp-content\/uploads\/2023\/09\/cropped-buss.gif","contentUrl":"https:\/\/editionsbussiere.com\/blog\/wp-content\/uploads\/2023\/09\/cropped-buss.gif","width":298,"height":120,"caption":"editionsbussiere"},"image":{"@id":"https:\/\/editionsbussiere.com\/blog\/#\/schema\/logo\/image\/"}},{"@type":"Person","@id":"https:\/\/editionsbussiere.com\/blog\/#\/schema\/person\/ec90e102792148c97e46ab871010dd8f","name":"Marie BATICLE","image":{"@type":"ImageObject","inLanguage":"fr-FR","@id":"https:\/\/secure.gravatar.com\/avatar\/c923e52403b1b8137e2d929127211d21967e6aecaa053bd43b09da29f212e76e?s=96&d=mm&r=g","url":"https:\/\/secure.gravatar.com\/avatar\/c923e52403b1b8137e2d929127211d21967e6aecaa053bd43b09da29f212e76e?s=96&d=mm&r=g","contentUrl":"https:\/\/secure.gravatar.com\/avatar\/c923e52403b1b8137e2d929127211d21967e6aecaa053bd43b09da29f212e76e?s=96&d=mm&r=g","caption":"Marie BATICLE"},"url":"https:\/\/editionsbussiere.com\/blog\/author\/eremarie\/"}]}},"_links":{"self":[{"href":"https:\/\/editionsbussiere.com\/blog\/wp-json\/wp\/v2\/posts\/1532","targetHints":{"allow":["GET"]}}],"collection":[{"href":"https:\/\/editionsbussiere.com\/blog\/wp-json\/wp\/v2\/posts"}],"about":[{"href":"https:\/\/editionsbussiere.com\/blog\/wp-json\/wp\/v2\/types\/post"}],"author":[{"embeddable":true,"href":"https:\/\/editionsbussiere.com\/blog\/wp-json\/wp\/v2\/users\/3"}],"replies":[{"embeddable":true,"href":"https:\/\/editionsbussiere.com\/blog\/wp-json\/wp\/v2\/comments?post=1532"}],"version-history":[{"count":0,"href":"https:\/\/editionsbussiere.com\/blog\/wp-json\/wp\/v2\/posts\/1532\/revisions"}],"wp:featuredmedia":[{"embeddable":true,"href":"https:\/\/editionsbussiere.com\/blog\/wp-json\/wp\/v2\/media\/1533"}],"wp:attachment":[{"href":"https:\/\/editionsbussiere.com\/blog\/wp-json\/wp\/v2\/media?parent=1532"}],"wp:term":[{"taxonomy":"category","embeddable":true,"href":"https:\/\/editionsbussiere.com\/blog\/wp-json\/wp\/v2\/categories?post=1532"},{"taxonomy":"post_tag","embeddable":true,"href":"https:\/\/editionsbussiere.com\/blog\/wp-json\/wp\/v2\/tags?post=1532"}],"curies":[{"name":"wp","href":"https:\/\/api.w.org\/{rel}","templated":true}]}}