{"id":1526,"date":"2024-10-17T18:33:23","date_gmt":"2024-10-17T16:33:23","guid":{"rendered":"https:\/\/editionsbussiere.com\/blog\/nature-de-dieu-selon-lorthodoxie-orientale-dieu-a-t-il-une-ame-requete-en-debut-de-journee\/"},"modified":"2024-10-17T18:33:23","modified_gmt":"2024-10-17T16:33:23","slug":"nature-de-dieu-selon-lorthodoxie-orientale-dieu-a-t-il-une-ame-requete-en-debut-de-journee","status":"publish","type":"post","link":"https:\/\/editionsbussiere.com\/blog\/nature-de-dieu-selon-lorthodoxie-orientale-dieu-a-t-il-une-ame-requete-en-debut-de-journee\/","title":{"rendered":"nature de Dieu \u2013 Selon l\u2019orthodoxie orientale, Dieu a-t-il une \u00e2me ?\n &amp; requ\u00eate en d\u00e9but de journ\u00e9e."},"content":{"rendered":"<div><img width=\"316\" height=\"316\" src=\"https:\/\/editionsbussiere.com\/blog\/wp-content\/uploads\/2024\/10\/Existe-t-il-des-textes-de-la-Bible-qui-resument-lEvangile-1.png\" class=\"attachment-large size-large wp-post-image\" alt=\"Existe-t-il des textes de la Bible qui r\u00e9sument l\u2019\u00c9vangile ?\" style=\"float:left; margin:0 15px 15px 0;\" decoding=\"async\" loading=\"lazy\" srcset=\"https:\/\/editionsbussiere.com\/blog\/wp-content\/uploads\/2024\/10\/Existe-t-il-des-textes-de-la-Bible-qui-resument-lEvangile-1.png 316w, https:\/\/www.n42.fr\/wp-content\/uploads\/2024\/02\/Existe-t-il-des-textes-de-la-Bible-qui-resument-lEvangile-300x300.png 300w, https:\/\/www.n42.fr\/wp-content\/uploads\/2024\/02\/Existe-t-il-des-textes-de-la-Bible-qui-resument-lEvangile-150x150.png 150w\" sizes=\"auto, (max-width: 316px) 100vw, 316px\"><\/p>\n<p>\n<\/p>\n<div itemprop=\"text\">\n<p>Je pense que la r\u00e9ponse est \u00ab non \u00bb, comme le feraient les catholiques et les protestants. Aucun d\u2019entre nous n\u2019utilise le terme \u00ab \u00e2me \u00bb pour parler de la nature (divine) de Dieu.<\/p>\n<p>Au lieu de cela, nous disons tous Dieu <strong>EST<\/strong> \u00ab\u00a0esprit\u00a0\u00bb, plut\u00f4t que de dire Dieu <em>a<\/em> une \u00ab\u00a0\u00e2me\u00a0\u00bb. Le terme \u00ab \u00e2me \u00bb semble avoir \u00e9t\u00e9 r\u00e9serv\u00e9 pour d\u00e9signer l\u2019agent animateur du corps humain. Dieu le Verbe prend chair, et c\u2019est alors que le Fils de Dieu ajoute Son <em>nature<\/em>date \u00e0 laquelle l\u2019\u00e2me humaine (avec son corps) a \u00e9t\u00e9 cr\u00e9\u00e9e dans le sein de la Vierge Marie.<\/p>\n<p>Peut-\u00eatre qu\u2019avant Chalc\u00e9doine, on utilisait le terme \u00ab \u00e2me \u00bb pour parler de la nature de Dieu, mais depuis Chalc\u00e9doine, je pense que les termes th\u00e9ologiques faisant r\u00e9f\u00e9rence au Dieu trinitaire auraient \u00e9t\u00e9 plus pr\u00e9cis. Le terme \u00ab vie trinitaire \u00bb ou \u00ab vie immanente \u00bb semble \u00eatre la terminologie pr\u00e9f\u00e9r\u00e9e \u00e0 celle d\u2019\u00ab \u00e2me \u00bb divine.<\/p>\n<p>Sous un autre angle, m\u00eame si l\u2019on veut poser une d\u00e9finition de \u00ab l\u2019\u00e2me \u00bb divine et dire ensuite \u00ab Dieu <em>a<\/em> une \u00e2me (divine)\u00a0\u00bb, cela pourrait aller \u00e0 l\u2019encontre de la simplicit\u00e9 divine car cela pourrait impliquer que Dieu est un composite. Ou pire, Dieu est subsum\u00e9 sous un genre (ceux qui <em>avoir<\/em> cette \u00ab\u00a0\u00e2me\u00a0\u00bb divine. Mais notre Dieu est un \u00catre vraiment unique, il n\u2019y en a pas d\u2019autre. Nous utilisons \u00ab EST \u00bb au lieu de \u00ab a un \u00bb lorsque nous discutons de la nature de Dieu pour refl\u00e9ter son caract\u00e8re unique et sa simplicit\u00e9. Au lieu de cela, nous parlons de la \u00ab nature \u00bb divine qui est partag\u00e9e par les trois \u00ab personnes \u00bb de la Trinit\u00e9, la \u00ab personne \u00bb \u00e9tant une image conceptuelle de quelque chose de vraiment r\u00e9el mais qui ne divise pas pour autant cet \u00catre unique de Dieu.<\/p>\n<p>Vous vous demandez peut-\u00eatre pourquoi ne pas appeler la \u00ab nature \u00bb \u00ab l\u2019\u00e2me (divine) \u00bb ? Peut-\u00eatre s\u2019agit-il d\u2019un accident de l\u2019histoire, ou peut-\u00eatre que le terme \u00ab nature \u00bb a d\u00e9j\u00e0 des connotations plus facilement applicables au discours patristique sur Dieu.<\/p>\n<\/div>\n<h2>Une p\u00e9riode de communion individuelle afin de nous ouvrir envers Dieu. <\/h2>\n<p>Cher P\u00e8re des cieux, je viens face \u00e0 toi pour te remercier en raison de cette in\u00e9dite journ\u00e9e. Je t\u2019adore en raison de ta bienveillance et ton engagement envers moi. Je t\u2019implore de me remplir de ta saintet\u00e9 et de m\u2019accorder la gr\u00e2ce de ressentir pr\u00e8s de moi durant de cette journ\u00e9e. Je te confie toutes mes soucis, mes all\u00e9gresses, mes afflictions, mes aspirations et mes attentes. Que ton Esprit Saint illumine mon esprit et consolide ma foi, de sorte que je puisse cheminer dans ta voie et effectuer ta volont\u00e9. Accorde-moi la gr\u00e2ce de mener selon la compassion que tu nous as montr\u00e9 le mod\u00e8le \u00e0 travers ton Fils bien-aim\u00e9, J\u00e9sus-Christ.<\/p>\n<h3> Note de compr\u00e9hension : <\/h3>\n<p>La pri\u00e8re nous entra\u00eene au c\u0153ur de le famille divine, l\u00e0 o\u00f9 Dieu notre P\u00e8re nous prend tel ses fils et filles bien-aim\u00e9s. \u00c0 travers cette connexion familial, nous trouvons la force ainsi que la consolation afin de affronter les \u00e9preuves du. Elle nous renvoie \u00e0 les enseignements du disciple Pierre, celui-ci exhorte les fid\u00e8les \u00e0 rester fermes dans foi, m\u00eame face \u00e0 au c\u0153ur des temp\u00eates de ce monde-ci.<\/p>\n<h3>\nRenforcer notre connexion avec J\u00e9sus d\u00e8s chaque matin<\/h3>\n<p>Nous sommes capables de r\u00e9fl\u00e9chir en ce qui concerne l\u2019un des nombreux \u00e9vangiles pour nous ouvrir \u00e0 J\u00e9sus. Par exemple :<\/p>\n<h3>Jean 15, 9-17 : <\/h3>\n<p>\u00a0\u00bb<br \/>\nC\u2019est ici mon commandement: Aimez-vous les uns les autres, comme je vous ai aim\u00e9s. Il n\u2019y a pas de plus grand amour que de donner sa vie pour ses amis. Vous \u00eates mes amis, si vous faites ce que je vous commande. Je ne vous appelle plus serviteurs, parce que le serviteur ne sait pas ce que fait son ma\u00eetre; mais je vous ai appel\u00e9s amis, parce que je vous ai fait conna\u00eetre tout ce que j\u2019ai appris de mon P\u00e8re.\u00a0\u00bb<\/p>\n<h2> Demander indulgence \u00e0 Dieu pour nos p\u00e9ch\u00e9s <\/h2>\n<p>Ma\u00eetre J\u00e9sus, je viens te prier de pardonner mes p\u00e9ch\u00e9s. Je suis que je ne suis pas irr\u00e9prochable et que j\u2019ai besoin de ta sainte mis\u00e9ricorde. Je te demande de me lib\u00e9rer de toute ce qui me \u00e9loigne de toi et de me donner la gr\u00e2ce afin de vivre en harmonie avec ta volont\u00e9. Que ta b\u00e9n\u00e9diction c\u00e9leste illumine les coins les plus sombres de mon c\u0153ur, purifiant moi-m\u00eame et me conduisant sur le chemin de la saintet\u00e9. Amen.<\/p>\n<h3> Discussion envers le Seigneur comme en compagnie de un ami. <\/h3>\n<p>Nous sommes capables de discuter envers Dieu comme \u00e0 un ami fid\u00e8le, lui confier nos joies et nos peines, lui demander de l\u2019aide dans nos d\u00e9fis quotidiens. Par exemple : Ma\u00eetre, b\u00e9n\u00e9diction \u00e0 cause de cette nouvelle journ\u00e9e. Je m\u2019approche te supplier de \u00e0 \u00eatre calme envers mes enfants et \u00e0 me accorder la vigueur d\u2019affronter aux d\u00e9fis de la journ\u00e9e. Je te remets mes projets et mes soucis, et je sollicite de me r\u00e9v\u00e9ler comment je ai la capacit\u00e9 de te rendre service et t\u2019honorer aujourd\u2019hui. Accorde-moi, \u00f4 Seigneur, ton intelligence pour prendre les bonnes d\u00e9cisions et ta gr\u00e2ce pour traverser les \u00e9preuves avec foi. Amen.<\/p>\n<h3> Un moment de calme pour percevoir Dieu. <\/h3>\n<p>Apr\u00e8s la pri\u00e8re et la m\u00e9ditation, il est important de prendre un moment de silence afin de \u00e9couter la voix de Dieu dans nos c\u0153urs. Dans ce silence, nous ressentir sa pr\u00e9sence apaisante et obtenir ses inspirations afin de la journ\u00e9e \u00e0.<\/p>\n<h3> Se orienter \u00e0 le Christ en vue de retrouver une paix int\u00e9rieure. <\/h3>\n<p>Nous pouvons prier J\u00e9sus de nous fournir sa paix et m\u2019assister nous aider \u00e0 \u00e9couter sa parole. Par exemple :<br \/>\nSeigneur J\u00e9sus, je viens te supplier de remplir mon propre c\u0153ur avec ta tendresse. Je te demande m\u2019assister me d\u00e9gager de toutes les pens\u00e9es et les inqui\u00e9tudes qui. Aide-moi pour \u00e9couter ta parole et \u00e0 la mettre en pratique dans ma vie. Que ton Esprit Saint, \u00f4 Christ, devienne ma force pendant toute la dur\u00e9e de cette journ\u00e9e. Amen.<\/p>\n<h3> Achever notre pri\u00e8re matinale en d\u00e9diant notre journ\u00e9e envers Dieu. <\/h3>\n<p>Nous pouvonsoffrir notre journ\u00e9e \u00e0 l\u2019\u00e9gard de Dieu m\u00eame lui demander de la remplir de sa pr\u00e9sence ainsi que de sa b\u00e9n\u00e9diction. Par exemple :<br \/>\nSeigneur, je te remets cette journ\u00e9e entre ta mains. Que tous de mes pas soit dirig\u00e9 par ta sagesse, que chacun de mes paroles soit inspir\u00e9e par ton amour. Que toutes mes actions soient accomplies selon ton volont\u00e9, pour ta gloire et l\u2019ensemble des bien. Que ta lumi\u00e8re \u00e9claire ma route ainsi que que tu habites mon c\u0153ur. Amen.<\/p>\n<h3> Invocation d\u2019imploration matinale. <\/h3>\n<p>La pri\u00e8re du matin consiste \u00e0 implorer pour les besoins des chr\u00e9tiennes et de tous les chr\u00e9tiens. Nous pouvons prier pour les personnes dans le besoin, pour les malades, pour les personnes qui se trouvent souffrent, pour les personnes qui confront\u00e9es \u00e0 des difficult\u00e9s, pour les personnes d\u00e9courag\u00e9es et pour les personnes qui se trouvent dans l\u2019erreur.<\/p>\n<h3> Prier en vue de tous individus en le besoin. <\/p>\n<h3>\n<\/h3>\n<\/h3>\n<p>Divin, dans sa grande mis\u00e9ricorde, je te implorons en vue de chacune des personnes qui traversent de difficult\u00e9s financi\u00e8res. Que vous leur accordes la force et la pers\u00e9v\u00e9rance en vue de surmonter ces \u00e9preuves, ainsi que que vous leur apportes les ressources n\u00e9cessaires pour subvenir \u00e0 chaque leurs besoins. Accorde-leur, Grand, ta providence en vue de illuminer leur pas dans les t\u00e9n\u00e8bres de leurs soucis financiers.<\/p>\n<p>Nous te implorons \u00e9galement en vue de toutes personnes qui luttent vis-\u00e0-vis de d\u2019innombrables probl\u00e8mes de sant\u00e9. Que sa main puissante se pose sur elles, Seigneur, pour les gu\u00e9rir ainsi que les r\u00e9conforter dans leur douleur. Accorde-leur, Dieu Tout-Puissant, la force ainsi que le courage de faire face \u00e0 leurs d\u00e9fis de sant\u00e9 en confiance en votre divine providence.<\/p>\n<p>On te implorons \u00e9galement afin de chaque personnes qui sont confront\u00e9es \u00e0 de difficult\u00e9s dans leur vie, que ce que ce soit sur le plan professionnel, relationnel ou bien \u00e9motionnel. Que votre gr\u00e2ce, Seigneur, soit leur soutien ainsi que leur r\u00e9confort dans ces moments d\u2019\u00e9preuve. Accorde-leur, Grand, ton Esprit Saint pour illuminer leur chemin et aussi les guider vers la s\u00e9r\u00e9nit\u00e9.<\/p>\n<p>Pour terminer, nous vous prions en vue de l\u2019ensemble des personnes qui sont sans-abri, celles qui sont marginalis\u00e9es et exclues de la soci\u00e9t\u00e9. Que ta mis\u00e9ricorde, Seigneur, se r\u00e9pande sur elles comme une douce ros\u00e9e, leur apportant r\u00e9confort et \u00e9galement espoir dans leur d\u00e9tresse. Accorde-leur, Dieu Tout-Puissant, des mains g\u00e9n\u00e9reuses en vue de les aider ainsi que des c\u0153urs compatissants en vue de les accueillir dans leur communaut\u00e9.<\/p>\n<h3> d\u00e9veloppement sur la fameuse pri\u00e8re du matin. <\/h3>\n<p>Dans la pri\u00e8re, nous \u00e9levons nos c\u0153urs vers le Ciel, implorant la lumi\u00e8re de Dieu pour \u00e9clairer nos chemins sombres. Marie, notre m\u00e8re, nous guide dans ce voyage, nous instruisant \u00e0 ruminer sur les myst\u00e8res de la vie de son divin enfant. Elle nous conduit \u00e0 J\u00e9sus, le lumi\u00e8re du monde, qui \u00e9claire nos t\u00e9n\u00e8bres et nous oriente vers la v\u00e9rit\u00e9.<br \/>\nLa supplication nous relie aussi \u00e0 notre famille spirituelle, la communaut\u00e9 des croyants, o\u00f9 nous communiquons nos joies et nos afflictions, nos espoirs et nos craintes. Collectivement, nous formons le corps du Christ, appel\u00e9s \u00e0 attester de son affection. Par nos pri\u00e8res, nous interc\u00e9dons pour les exigences des croyantes et des croyants, donnant notre affection et notre mis\u00e9ricorde \u00e0 ceux qui endurent.<br \/>\nJoignons nos c\u0153urs dans la pri\u00e8re matinale, dans l\u2019unit\u00e9 de notre foi, en nous tournant vers Marie, la m\u00e8re de notre Seigneur J\u00e9sus-Christ. Dans notre monde tourment\u00e9 par les conflits et la discorde, optons \u00e0 la pri\u00e8re pour trouver pour retrouver la paix et l\u2019harmonie. Les chr\u00e9tiens ont la possibilit\u00e9 envoyer une demande pour la Sainte Vierge <a target=\"_blank\" rel=\"nofollow\" href=\"https:\/\/editionsbussiere.com\/blog\/goto\/https:\/\/www.avemariasound.org\/\" >gr\u00e2ce \u00e0 notre site.<\/a> Que nos pri\u00e8res montent vers le ciel, comme une offrande agr\u00e9able \u00e0 Dieu, afin qu\u2019il puisse \u00e9clairer nos pas vers la voie de la v\u00e9rit\u00e9 et de la justice. L\u2019ap\u00f4tre Paul nous exhorte dans ses \u00e9p\u00eetres \u00e0 maintenir une pri\u00e8re incessante, en toutes circonstances, pour que notre communion avec Dieu reste solide et ardente. La pri\u00e8re, quand elle est sinc\u00e8rement offerte, a le pouvoir de transformer les c\u0153urs et d\u2019influer le cours de l\u2019histoire.<\/p>\n<h2> \u00c9lever nos propres et les pri\u00e8res pour nos amis au Seigneur matin.<\/h2>\n<p>La ultime partie de la pri\u00e8re du matin consiste \u00e0 prier pour nos proches, notre famille, nos coll\u00e8gues et notre propre communaut\u00e9. Nous pouvons prier pour leur propre, leur bien-\u00eatre, leur tranquillit\u00e9, et leur r\u00e9ussite. Nous pouvons \u00e9galement prier pour ceux qui nous ont nui et pour celles qui nous ont offens\u00e9s, et demander \u00e0 Dieu de nous aider \u00e0 leur pardonner et \u00e0 leur exprimer la compassion.<\/p>\n<h3> Invoquer pour la vigueur et la s\u00e9curit\u00e9 de nos \u00eatres chers.<\/h3>\n<p>Dieu tout-puissant, nous tous te confions nos familles, notre familles ainsi que nos amis. Veille, \u00d4 Dieu, sur eux, et sauvegarde -les de tout risque et de toute affliction. Donne, \u00d4 Seigneur, la bien-\u00eatre du corps avec de l\u2019esprit pour eux, et aussi la paix dans leur esprit. Puisses-tu permettre ta main puissante les esprits prot\u00e8ge avec les individus conduise chacun au long de cette journ\u00e9e, afin qu\u2019ils puissent vivre dans la protection ainsi que la paix.<\/p>\n<p>Nous autres \u00e0 toi prions \u00e9galement pour notre enfants, Dieu, pour qu\u2019ils grandissent dans leur foi et dans l\u2019amour de ton sacr\u00e9 nom. Accorde, \u00f4 Dieu, une sagesse avec la vigueur n\u00e9cessaires pour surmonter les d\u00e9fis de la vie, ainsi que conduise leurs pas le long de le chemin de la v\u00e9rit\u00e9 ainsi que de la justice.<\/p>\n<p>Enfin, nous tous te prions en vue de nos amis et nos voisins, Seigneur, qu\u2019ils exp\u00e9rimentent la joie de ton amour ainsi que la s\u00e9r\u00e9nit\u00e9 de ton pardon. Donne-leur, \u00d4 Dieu, des c\u0153urs g\u00e9n\u00e9reux en vue de partager avec ceux qui sont dans le besoin, ainsi que mains accueillantes pour accueillir ceux qui sont seuls et abandonn\u00e9s.<\/p>\n<h3> Prier pour notre ennemis et aussi ceux qui nous ont offens\u00e9s. <\/h3>\n<p>\u00d4 Seigneur, le Christ, nous t\u2019 prions pour nos ennemis et aussi pour ces qui nous ont offens\u00e9s. Accorde-leur, \u00f4 J\u00e9sus, votre mis\u00e9ricorde ainsi que ton pardon, ainsi que ouvre leur c\u0153ur \u00e0 la lumi\u00e8re des ta v\u00e9rit\u00e9. Aide-nous, Seigneur, \u00e0 leur montrer de la compassion ainsi que \u00e0 leur pardonner comme tu nous autres as pardonn\u00e9. Que votre paix r\u00e8gne dans nos c\u0153urs et que ton amour guide notre actions, pour que nous puissions vivre en harmonie avec tous ceux que nous-m\u00eames entourent.<\/p>\n<h3> Saisir la pri\u00e8re : <\/h3>\n<p>Finalement, la invocation nous reconna\u00eet notre mission en tant que enfants de l\u2019\u00c9ternel : \u00eatre des observateurs de l\u2019 lumi\u00e8re et de son attachement dans une \u00e9poque affect\u00e9e aux obscurit\u00e9s. \u00c0 travers nos discours et notre actes, nous r\u00e9pandons le message de l\u2019 s\u00e9r\u00e9nit\u00e9 et de la conciliation, apportant l\u2019espoir et la gu\u00e9rison \u00e0 un milieu bris\u00e9.<\/p>\n<p>\u00c0 l\u2019int\u00e9rieur de la spiritualit\u00e9 chr\u00e9tienne, l\u2019 aube adopte l\u2019 valeur distincte, symbolisant l\u2019 rafra\u00eechissement et l\u2019 renaissance spirituelle. C\u2019est au lever du jour de chaque matin\u00e9e que l\u2019\u00e2me se oriente vers Dieu dans l\u2019oraison, recherchant \u00e0 \u00eatre \u00e9clair\u00e9e par la lumi\u00e8re c\u00e9leste. La pratique des pri\u00e8res matinales s\u2019av\u00e8re profond\u00e9ment enracin\u00e9e dans le patrimoine chr\u00e9tienne, proposant une p\u00e9riode particulier pour se connecter avec Dieu et se pr\u00e9parer int\u00e9rieurement aux d\u00e9fis de la journ\u00e9e qui s\u2019annonce.<\/p>\n<p>Au au sein de ces pri\u00e8res matinales se rep\u00e8re habituellement une d\u00e9votion particuli\u00e8re envers Marie, la maternelle de J\u00e9sus et personnage sainte ador\u00e9e par de nombreux fid\u00e8les. En tant d\u2019 interm\u00e9diaire entre les hommes et Dieu, Marie est sollicit\u00e9e afin de m\u00e9dier en notre nom, nous-m\u00eames guidant sur le sentier de la saintet\u00e9 et de la gr\u00e2ce divine. Ses pr\u00e9sence parentale offre consolation et abri, cercant nos oraisons matinales d\u2019une d\u00e9licatesse c\u00e9leste.<\/p>\n<p>En via l\u2019 pri\u00e8res du matin, on est appel\u00e9s \u00e0 nous joindre \u00e0 Marie au sein de une d\u00e9marche de purification personnelle. Dans m\u00e9ditant sur sa vie ainsi que ses vertus, nous recherchons \u00e0 imiter son humilit\u00e9, sa puret\u00e9 et son ob\u00e9issance \u00e0 la volont\u00e9 de Dieu. Par le biais de la saintet\u00e9 exemplaire, Marie est pour nous une mod\u00e8le de vie chr\u00e9tienne, nous rappelant l\u2019importance de la pri\u00e8re et du contemplation dans notre cheminement spirituel.<\/p>\n<p>La oraison du matin se trouve \u00eatre un moment avantag\u00e9 afin de nous consacrer vers Dieu avec l\u2019intercession de Marie, en offrant nos louanges, nos actions de gr\u00e2ce ainsi que nos intentions les plus profondes. \u00c0 travers la qui\u00e9tude de l\u2019aurore, on se trouve invit\u00e9s \u00e0 tourner \u00e0 cette m\u00e8re sainte, laquelle on guide avec douceur au sujet de du chemin de la croyance ainsi que du sentiment amoureux divin. En associant nos voix pour celle-ci du Marie, nous \u00e9levons nos pri\u00e8res matinales vers du tr\u00f4ne de la gr\u00e2ce, s\u00fbrs que nos supplications seront entendues ainsi que accueillies par le c\u0153ur mis\u00e9ricordieux de Dieu.<\/p>\n<p>Bibliographie :<\/p>\n<p>Octobre en fleur\/4\/054.,<a target=\"_blank\" rel=\"nofollow\" href=\"https:\/\/editionsbussiere.com\/blog\/goto\/https:\/\/fr.wikisource.org\/wiki\/Octobre_en_fleur\/4\/054\"  target=\"_blank\" rel=\"noopener noreferrer nofollow\">Le dossier.<\/a><span><\/span><\/p>\n<p>Les vies des plus excellents peintres, sculpteurs, et architectes\/Lorenzo di BICCI.,<a target=\"_blank\" rel=\"nofollow\" href=\"https:\/\/editionsbussiere.com\/blog\/goto\/https:\/\/fr.wikisource.org\/wiki\/Les_vies_des_plus_excellents_peintres,_sculpteurs,_et_architectes\/Lorenzo_di_BICCI\"  target=\"_blank\" rel=\"noopener noreferrer nofollow\">Le dossier.<\/a><span><\/span><\/p>\n<p>Les P\u00e8res de l\u2019\u00c9glise\/Tome 3\/Livre III\/Chapitre XXII.,<a target=\"_blank\" rel=\"nofollow\" href=\"https:\/\/editionsbussiere.com\/blog\/goto\/https:\/\/fr.wikisource.org\/wiki\/Les_P%C3%A8res_de_l%E2%80%99%C3%89glise\/Tome_3\/Livre_III\/Chapitre_XXII\"  target=\"_blank\" rel=\"noopener noreferrer nofollow\">Le dossier.<\/a><span><\/span><\/p>\n<p>Le Parnasse contemporain\/1866\/Ekhidna.,<a target=\"_blank\" rel=\"nofollow\" href=\"https:\/\/editionsbussiere.com\/blog\/goto\/https:\/\/fr.wikisource.org\/wiki\/Le_Parnasse_contemporain\/1866\/Ekhidna\"  target=\"_blank\" rel=\"noopener noreferrer nofollow\">Le texte de l\u2019article.<\/a><span><\/span>. Suite sur le prochain article.<\/p>\n<p>Exposition de la doctrine de l\u2019\u00c9glise catholique orthodoxe\/1884\/Premi\u00e8re Partie\/Les dogmes de l\u2019\u00c9glise orthodoxe.,<a target=\"_blank\" rel=\"nofollow\" href=\"https:\/\/editionsbussiere.com\/blog\/goto\/https:\/\/fr.wikisource.org\/wiki\/Exposition_de_la_doctrine_de_l%E2%80%99%C3%89glise_catholique_orthodoxe\/1884\/Premi%C3%A8re_Partie\/Les_dogmes_de_l%E2%80%99%C3%89glise_orthodoxe\"  target=\"_blank\" rel=\"noopener noreferrer nofollow\">A lire ici.<\/a><span><\/span><\/p>\n<p>Cat\u00e9chisme du concile de Trente.,<a target=\"_blank\" rel=\"nofollow\" href=\"https:\/\/editionsbussiere.com\/blog\/goto\/https:\/\/fr.wikisource.org\/wiki\/Cat%C3%A9chisme_du_concile_de_Trente\"  target=\"_blank\" rel=\"noopener noreferrer nofollow\">Le post d\u2019actualit\u00e9.<\/a><span><\/span><\/p>\n<\/div>\n<p><img decoding=\"async\" class=\"wpe_imgrss\" src=\"https:\/\/editionsbussiere.com\/blog\/wp-content\/uploads\/2024\/10\/Existe-t-il-des-textes-de-la-Bible-qui-resument-lEvangile-1.png\">Cet article a \u00e9t\u00e9 reconstitu\u00e9 du mieux possible. Dans l\u2019hypoth\u00e8se o\u00f9 vous souhaitez apporter quelques modifications concernant le th\u00e8me \u00ab\u00a0Editions \u00e9sot\u00e9rique fond\u00e9e en 1927\u00a0\u00bb, il est possible de discuter avec notre r\u00e9daction. Vous pouvez tirer profit de cet article traitant le sujet \u00ab\u00a0Editions \u00e9sot\u00e9rique fond\u00e9e en 1927\u00a0\u00bb. Il est concoct\u00e9 par l\u2019\u00e9quipe editionsbussiere.com. Le site editionsbussiere.com est fait pour cr\u00e9er divers posts autour du th\u00e8me Editions \u00e9sot\u00e9rique fond\u00e9e en 1927 d\u00e9velopp\u00e9es sur internet. Consultez notre site internet editionsbussiere.com et nos r\u00e9seaux sociaux pour \u00eatre au courant des futures annonces.<\/p>\n","protected":false},"excerpt":{"rendered":"<p>Je pense que la r\u00e9ponse est \u00ab non \u00bb, comme le feraient les catholiques et les protestants. Aucun d\u2019entre nous n\u2019utilise le terme \u00ab \u00e2me \u00bb pour parler de la nature (divine) de Dieu. Au lieu de cela, nous disons tous Dieu EST \u00ab\u00a0esprit\u00a0\u00bb, plut\u00f4t que de dire Dieu a une \u00ab\u00a0\u00e2me\u00a0\u00bb. Le terme \u00ab [&hellip;]<\/p>\n","protected":false},"author":3,"featured_media":1527,"comment_status":"closed","ping_status":"closed","sticky":false,"template":"","format":"standard","meta":{"footnotes":""},"categories":[3],"tags":[],"class_list":["post-1526","post","type-post","status-publish","format-standard","has-post-thumbnail","hentry","category-editions-esoterique-fondee-en-1927-depeches","entry","fw-tab-6 fw-tabr-4","has-featured-image"],"yoast_head":"<!-- This site is optimized with the Yoast SEO plugin v27.5 - https:\/\/yoast.com\/product\/yoast-seo-wordpress\/ -->\n<title>nature de Dieu \u2013 Selon l\u2019orthodoxie orientale, Dieu a-t-il une \u00e2me ? &amp; requ\u00eate en d\u00e9but de journ\u00e9e. - EDITIONSBUSSIERE<\/title>\n<meta name=\"robots\" content=\"index, follow, max-snippet:-1, max-image-preview:large, max-video-preview:-1\" \/>\n<link rel=\"canonical\" href=\"https:\/\/editionsbussiere.com\/blog\/nature-de-dieu-selon-lorthodoxie-orientale-dieu-a-t-il-une-ame-requete-en-debut-de-journee\/\" \/>\n<meta property=\"og:locale\" content=\"fr_FR\" \/>\n<meta property=\"og:type\" content=\"article\" \/>\n<meta property=\"og:title\" content=\"nature de Dieu \u2013 Selon l\u2019orthodoxie orientale, Dieu a-t-il une \u00e2me ? &amp; requ\u00eate en d\u00e9but de journ\u00e9e. - EDITIONSBUSSIERE\" \/>\n<meta property=\"og:description\" content=\"Je pense que la r\u00e9ponse est \u00ab non \u00bb, comme le feraient les catholiques et les protestants. Aucun d\u2019entre nous n\u2019utilise le terme \u00ab \u00e2me \u00bb pour parler de la nature (divine) de Dieu. Au lieu de cela, nous disons tous Dieu EST \u00ab\u00a0esprit\u00a0\u00bb, plut\u00f4t que de dire Dieu a une \u00ab\u00a0\u00e2me\u00a0\u00bb. Le terme \u00ab [&hellip;]\" \/>\n<meta property=\"og:url\" content=\"https:\/\/editionsbussiere.com\/blog\/nature-de-dieu-selon-lorthodoxie-orientale-dieu-a-t-il-une-ame-requete-en-debut-de-journee\/\" \/>\n<meta property=\"og:site_name\" content=\"EDITIONSBUSSIERE\" \/>\n<meta property=\"article:published_time\" content=\"2024-10-17T16:33:23+00:00\" \/>\n<meta property=\"og:image\" content=\"https:\/\/editionsbussiere.com\/blog\/wp-content\/uploads\/2024\/10\/Existe-t-il-des-textes-de-la-Bible-qui-resument-lEvangile-1.png\" \/>\n<meta name=\"author\" content=\"Marie BATICLE\" \/>\n<meta name=\"twitter:card\" content=\"summary_large_image\" \/>\n<meta name=\"twitter:label1\" content=\"\u00c9crit par\" \/>\n\t<meta name=\"twitter:data1\" content=\"Marie BATICLE\" \/>\n\t<meta name=\"twitter:label2\" content=\"Dur\u00e9e de lecture estim\u00e9e\" \/>\n\t<meta name=\"twitter:data2\" content=\"14 minutes\" \/>\n<script type=\"application\/ld+json\" class=\"yoast-schema-graph\">{\"@context\":\"https:\\\/\\\/schema.org\",\"@graph\":[{\"@type\":\"Article\",\"@id\":\"https:\\\/\\\/editionsbussiere.com\\\/blog\\\/nature-de-dieu-selon-lorthodoxie-orientale-dieu-a-t-il-une-ame-requete-en-debut-de-journee\\\/#article\",\"isPartOf\":{\"@id\":\"https:\\\/\\\/editionsbussiere.com\\\/blog\\\/nature-de-dieu-selon-lorthodoxie-orientale-dieu-a-t-il-une-ame-requete-en-debut-de-journee\\\/\"},\"author\":{\"name\":\"Marie BATICLE\",\"@id\":\"https:\\\/\\\/editionsbussiere.com\\\/blog\\\/#\\\/schema\\\/person\\\/ec90e102792148c97e46ab871010dd8f\"},\"headline\":\"nature de Dieu \u2013 Selon l\u2019orthodoxie orientale, Dieu a-t-il une \u00e2me ? &amp; requ\u00eate en d\u00e9but de journ\u00e9e.\",\"datePublished\":\"2024-10-17T16:33:23+00:00\",\"mainEntityOfPage\":{\"@id\":\"https:\\\/\\\/editionsbussiere.com\\\/blog\\\/nature-de-dieu-selon-lorthodoxie-orientale-dieu-a-t-il-une-ame-requete-en-debut-de-journee\\\/\"},\"wordCount\":2878,\"publisher\":{\"@id\":\"https:\\\/\\\/editionsbussiere.com\\\/blog\\\/#organization\"},\"image\":{\"@id\":\"https:\\\/\\\/editionsbussiere.com\\\/blog\\\/nature-de-dieu-selon-lorthodoxie-orientale-dieu-a-t-il-une-ame-requete-en-debut-de-journee\\\/#primaryimage\"},\"thumbnailUrl\":\"https:\\\/\\\/editionsbussiere.com\\\/blog\\\/wp-content\\\/uploads\\\/2024\\\/10\\\/Existe-t-il-des-textes-de-la-Bible-qui-resument-lEvangile-1.png\",\"articleSection\":[\"Editions \u00c9sot\u00e9rique Fond\u00e9e En 1927; D\u00e9p\u00e8ches:\"],\"inLanguage\":\"fr-FR\"},{\"@type\":\"WebPage\",\"@id\":\"https:\\\/\\\/editionsbussiere.com\\\/blog\\\/nature-de-dieu-selon-lorthodoxie-orientale-dieu-a-t-il-une-ame-requete-en-debut-de-journee\\\/\",\"url\":\"https:\\\/\\\/editionsbussiere.com\\\/blog\\\/nature-de-dieu-selon-lorthodoxie-orientale-dieu-a-t-il-une-ame-requete-en-debut-de-journee\\\/\",\"name\":\"nature de Dieu \u2013 Selon l\u2019orthodoxie orientale, Dieu a-t-il une \u00e2me ? &amp; requ\u00eate en d\u00e9but de journ\u00e9e. - EDITIONSBUSSIERE\",\"isPartOf\":{\"@id\":\"https:\\\/\\\/editionsbussiere.com\\\/blog\\\/#website\"},\"primaryImageOfPage\":{\"@id\":\"https:\\\/\\\/editionsbussiere.com\\\/blog\\\/nature-de-dieu-selon-lorthodoxie-orientale-dieu-a-t-il-une-ame-requete-en-debut-de-journee\\\/#primaryimage\"},\"image\":{\"@id\":\"https:\\\/\\\/editionsbussiere.com\\\/blog\\\/nature-de-dieu-selon-lorthodoxie-orientale-dieu-a-t-il-une-ame-requete-en-debut-de-journee\\\/#primaryimage\"},\"thumbnailUrl\":\"https:\\\/\\\/editionsbussiere.com\\\/blog\\\/wp-content\\\/uploads\\\/2024\\\/10\\\/Existe-t-il-des-textes-de-la-Bible-qui-resument-lEvangile-1.png\",\"datePublished\":\"2024-10-17T16:33:23+00:00\",\"breadcrumb\":{\"@id\":\"https:\\\/\\\/editionsbussiere.com\\\/blog\\\/nature-de-dieu-selon-lorthodoxie-orientale-dieu-a-t-il-une-ame-requete-en-debut-de-journee\\\/#breadcrumb\"},\"inLanguage\":\"fr-FR\",\"potentialAction\":[{\"@type\":\"ReadAction\",\"target\":[\"https:\\\/\\\/editionsbussiere.com\\\/blog\\\/nature-de-dieu-selon-lorthodoxie-orientale-dieu-a-t-il-une-ame-requete-en-debut-de-journee\\\/\"]}]},{\"@type\":\"ImageObject\",\"inLanguage\":\"fr-FR\",\"@id\":\"https:\\\/\\\/editionsbussiere.com\\\/blog\\\/nature-de-dieu-selon-lorthodoxie-orientale-dieu-a-t-il-une-ame-requete-en-debut-de-journee\\\/#primaryimage\",\"url\":\"https:\\\/\\\/editionsbussiere.com\\\/blog\\\/wp-content\\\/uploads\\\/2024\\\/10\\\/Existe-t-il-des-textes-de-la-Bible-qui-resument-lEvangile-1.png\",\"contentUrl\":\"https:\\\/\\\/editionsbussiere.com\\\/blog\\\/wp-content\\\/uploads\\\/2024\\\/10\\\/Existe-t-il-des-textes-de-la-Bible-qui-resument-lEvangile-1.png\",\"width\":316,\"height\":316,\"caption\":\"Existe t il des textes de la Bible qui resument lEvangile 1\"},{\"@type\":\"BreadcrumbList\",\"@id\":\"https:\\\/\\\/editionsbussiere.com\\\/blog\\\/nature-de-dieu-selon-lorthodoxie-orientale-dieu-a-t-il-une-ame-requete-en-debut-de-journee\\\/#breadcrumb\",\"itemListElement\":[{\"@type\":\"ListItem\",\"position\":1,\"name\":\"Accueil\",\"item\":\"https:\\\/\\\/editionsbussiere.com\\\/blog\\\/\"},{\"@type\":\"ListItem\",\"position\":2,\"name\":\"nature de Dieu \u2013 Selon l\u2019orthodoxie orientale, Dieu a-t-il une \u00e2me ? &amp; requ\u00eate en d\u00e9but de journ\u00e9e.\"}]},{\"@type\":\"WebSite\",\"@id\":\"https:\\\/\\\/editionsbussiere.com\\\/blog\\\/#website\",\"url\":\"https:\\\/\\\/editionsbussiere.com\\\/blog\\\/\",\"name\":\"EDITIONSBUSSIERE\",\"description\":\"Editions \u00e9sot\u00e9rique fond\u00e9e en 1927; site historique, A SAVOIR ET RETENIR.\",\"publisher\":{\"@id\":\"https:\\\/\\\/editionsbussiere.com\\\/blog\\\/#organization\"},\"potentialAction\":[{\"@type\":\"SearchAction\",\"target\":{\"@type\":\"EntryPoint\",\"urlTemplate\":\"https:\\\/\\\/editionsbussiere.com\\\/blog\\\/?s={search_term_string}\"},\"query-input\":{\"@type\":\"PropertyValueSpecification\",\"valueRequired\":true,\"valueName\":\"search_term_string\"}}],\"inLanguage\":\"fr-FR\"},{\"@type\":\"Organization\",\"@id\":\"https:\\\/\\\/editionsbussiere.com\\\/blog\\\/#organization\",\"name\":\"editionsbussiere\",\"url\":\"https:\\\/\\\/editionsbussiere.com\\\/blog\\\/\",\"logo\":{\"@type\":\"ImageObject\",\"inLanguage\":\"fr-FR\",\"@id\":\"https:\\\/\\\/editionsbussiere.com\\\/blog\\\/#\\\/schema\\\/logo\\\/image\\\/\",\"url\":\"https:\\\/\\\/editionsbussiere.com\\\/blog\\\/wp-content\\\/uploads\\\/2023\\\/09\\\/cropped-buss.gif\",\"contentUrl\":\"https:\\\/\\\/editionsbussiere.com\\\/blog\\\/wp-content\\\/uploads\\\/2023\\\/09\\\/cropped-buss.gif\",\"width\":298,\"height\":120,\"caption\":\"editionsbussiere\"},\"image\":{\"@id\":\"https:\\\/\\\/editionsbussiere.com\\\/blog\\\/#\\\/schema\\\/logo\\\/image\\\/\"}},{\"@type\":\"Person\",\"@id\":\"https:\\\/\\\/editionsbussiere.com\\\/blog\\\/#\\\/schema\\\/person\\\/ec90e102792148c97e46ab871010dd8f\",\"name\":\"Marie BATICLE\",\"image\":{\"@type\":\"ImageObject\",\"inLanguage\":\"fr-FR\",\"@id\":\"https:\\\/\\\/secure.gravatar.com\\\/avatar\\\/c923e52403b1b8137e2d929127211d21967e6aecaa053bd43b09da29f212e76e?s=96&d=mm&r=g\",\"url\":\"https:\\\/\\\/secure.gravatar.com\\\/avatar\\\/c923e52403b1b8137e2d929127211d21967e6aecaa053bd43b09da29f212e76e?s=96&d=mm&r=g\",\"contentUrl\":\"https:\\\/\\\/secure.gravatar.com\\\/avatar\\\/c923e52403b1b8137e2d929127211d21967e6aecaa053bd43b09da29f212e76e?s=96&d=mm&r=g\",\"caption\":\"Marie BATICLE\"},\"url\":\"https:\\\/\\\/editionsbussiere.com\\\/blog\\\/author\\\/eremarie\\\/\"}]}<\/script>\n<!-- \/ Yoast SEO plugin. -->","yoast_head_json":{"title":"nature de Dieu \u2013 Selon l\u2019orthodoxie orientale, Dieu a-t-il une \u00e2me ? &amp; requ\u00eate en d\u00e9but de journ\u00e9e. - EDITIONSBUSSIERE","robots":{"index":"index","follow":"follow","max-snippet":"max-snippet:-1","max-image-preview":"max-image-preview:large","max-video-preview":"max-video-preview:-1"},"canonical":"https:\/\/editionsbussiere.com\/blog\/nature-de-dieu-selon-lorthodoxie-orientale-dieu-a-t-il-une-ame-requete-en-debut-de-journee\/","og_locale":"fr_FR","og_type":"article","og_title":"nature de Dieu \u2013 Selon l\u2019orthodoxie orientale, Dieu a-t-il une \u00e2me ? &amp; requ\u00eate en d\u00e9but de journ\u00e9e. - EDITIONSBUSSIERE","og_description":"Je pense que la r\u00e9ponse est \u00ab non \u00bb, comme le feraient les catholiques et les protestants. Aucun d\u2019entre nous n\u2019utilise le terme \u00ab \u00e2me \u00bb pour parler de la nature (divine) de Dieu. Au lieu de cela, nous disons tous Dieu EST \u00ab\u00a0esprit\u00a0\u00bb, plut\u00f4t que de dire Dieu a une \u00ab\u00a0\u00e2me\u00a0\u00bb. Le terme \u00ab [&hellip;]","og_url":"https:\/\/editionsbussiere.com\/blog\/nature-de-dieu-selon-lorthodoxie-orientale-dieu-a-t-il-une-ame-requete-en-debut-de-journee\/","og_site_name":"EDITIONSBUSSIERE","article_published_time":"2024-10-17T16:33:23+00:00","og_image":[{"url":"https:\/\/editionsbussiere.com\/blog\/wp-content\/uploads\/2024\/10\/Existe-t-il-des-textes-de-la-Bible-qui-resument-lEvangile-1.png","type":"","width":"","height":""}],"author":"Marie BATICLE","twitter_card":"summary_large_image","twitter_misc":{"\u00c9crit par":"Marie BATICLE","Dur\u00e9e de lecture estim\u00e9e":"14 minutes"},"schema":{"@context":"https:\/\/schema.org","@graph":[{"@type":"Article","@id":"https:\/\/editionsbussiere.com\/blog\/nature-de-dieu-selon-lorthodoxie-orientale-dieu-a-t-il-une-ame-requete-en-debut-de-journee\/#article","isPartOf":{"@id":"https:\/\/editionsbussiere.com\/blog\/nature-de-dieu-selon-lorthodoxie-orientale-dieu-a-t-il-une-ame-requete-en-debut-de-journee\/"},"author":{"name":"Marie BATICLE","@id":"https:\/\/editionsbussiere.com\/blog\/#\/schema\/person\/ec90e102792148c97e46ab871010dd8f"},"headline":"nature de Dieu \u2013 Selon l\u2019orthodoxie orientale, Dieu a-t-il une \u00e2me ? &amp; requ\u00eate en d\u00e9but de journ\u00e9e.","datePublished":"2024-10-17T16:33:23+00:00","mainEntityOfPage":{"@id":"https:\/\/editionsbussiere.com\/blog\/nature-de-dieu-selon-lorthodoxie-orientale-dieu-a-t-il-une-ame-requete-en-debut-de-journee\/"},"wordCount":2878,"publisher":{"@id":"https:\/\/editionsbussiere.com\/blog\/#organization"},"image":{"@id":"https:\/\/editionsbussiere.com\/blog\/nature-de-dieu-selon-lorthodoxie-orientale-dieu-a-t-il-une-ame-requete-en-debut-de-journee\/#primaryimage"},"thumbnailUrl":"https:\/\/editionsbussiere.com\/blog\/wp-content\/uploads\/2024\/10\/Existe-t-il-des-textes-de-la-Bible-qui-resument-lEvangile-1.png","articleSection":["Editions \u00c9sot\u00e9rique Fond\u00e9e En 1927; D\u00e9p\u00e8ches:"],"inLanguage":"fr-FR"},{"@type":"WebPage","@id":"https:\/\/editionsbussiere.com\/blog\/nature-de-dieu-selon-lorthodoxie-orientale-dieu-a-t-il-une-ame-requete-en-debut-de-journee\/","url":"https:\/\/editionsbussiere.com\/blog\/nature-de-dieu-selon-lorthodoxie-orientale-dieu-a-t-il-une-ame-requete-en-debut-de-journee\/","name":"nature de Dieu \u2013 Selon l\u2019orthodoxie orientale, Dieu a-t-il une \u00e2me ? &amp; requ\u00eate en d\u00e9but de journ\u00e9e. - EDITIONSBUSSIERE","isPartOf":{"@id":"https:\/\/editionsbussiere.com\/blog\/#website"},"primaryImageOfPage":{"@id":"https:\/\/editionsbussiere.com\/blog\/nature-de-dieu-selon-lorthodoxie-orientale-dieu-a-t-il-une-ame-requete-en-debut-de-journee\/#primaryimage"},"image":{"@id":"https:\/\/editionsbussiere.com\/blog\/nature-de-dieu-selon-lorthodoxie-orientale-dieu-a-t-il-une-ame-requete-en-debut-de-journee\/#primaryimage"},"thumbnailUrl":"https:\/\/editionsbussiere.com\/blog\/wp-content\/uploads\/2024\/10\/Existe-t-il-des-textes-de-la-Bible-qui-resument-lEvangile-1.png","datePublished":"2024-10-17T16:33:23+00:00","breadcrumb":{"@id":"https:\/\/editionsbussiere.com\/blog\/nature-de-dieu-selon-lorthodoxie-orientale-dieu-a-t-il-une-ame-requete-en-debut-de-journee\/#breadcrumb"},"inLanguage":"fr-FR","potentialAction":[{"@type":"ReadAction","target":["https:\/\/editionsbussiere.com\/blog\/nature-de-dieu-selon-lorthodoxie-orientale-dieu-a-t-il-une-ame-requete-en-debut-de-journee\/"]}]},{"@type":"ImageObject","inLanguage":"fr-FR","@id":"https:\/\/editionsbussiere.com\/blog\/nature-de-dieu-selon-lorthodoxie-orientale-dieu-a-t-il-une-ame-requete-en-debut-de-journee\/#primaryimage","url":"https:\/\/editionsbussiere.com\/blog\/wp-content\/uploads\/2024\/10\/Existe-t-il-des-textes-de-la-Bible-qui-resument-lEvangile-1.png","contentUrl":"https:\/\/editionsbussiere.com\/blog\/wp-content\/uploads\/2024\/10\/Existe-t-il-des-textes-de-la-Bible-qui-resument-lEvangile-1.png","width":316,"height":316,"caption":"Existe t il des textes de la Bible qui resument lEvangile 1"},{"@type":"BreadcrumbList","@id":"https:\/\/editionsbussiere.com\/blog\/nature-de-dieu-selon-lorthodoxie-orientale-dieu-a-t-il-une-ame-requete-en-debut-de-journee\/#breadcrumb","itemListElement":[{"@type":"ListItem","position":1,"name":"Accueil","item":"https:\/\/editionsbussiere.com\/blog\/"},{"@type":"ListItem","position":2,"name":"nature de Dieu \u2013 Selon l\u2019orthodoxie orientale, Dieu a-t-il une \u00e2me ? &amp; requ\u00eate en d\u00e9but de journ\u00e9e."}]},{"@type":"WebSite","@id":"https:\/\/editionsbussiere.com\/blog\/#website","url":"https:\/\/editionsbussiere.com\/blog\/","name":"EDITIONSBUSSIERE","description":"Editions \u00e9sot\u00e9rique fond\u00e9e en 1927; site historique, A SAVOIR ET RETENIR.","publisher":{"@id":"https:\/\/editionsbussiere.com\/blog\/#organization"},"potentialAction":[{"@type":"SearchAction","target":{"@type":"EntryPoint","urlTemplate":"https:\/\/editionsbussiere.com\/blog\/?s={search_term_string}"},"query-input":{"@type":"PropertyValueSpecification","valueRequired":true,"valueName":"search_term_string"}}],"inLanguage":"fr-FR"},{"@type":"Organization","@id":"https:\/\/editionsbussiere.com\/blog\/#organization","name":"editionsbussiere","url":"https:\/\/editionsbussiere.com\/blog\/","logo":{"@type":"ImageObject","inLanguage":"fr-FR","@id":"https:\/\/editionsbussiere.com\/blog\/#\/schema\/logo\/image\/","url":"https:\/\/editionsbussiere.com\/blog\/wp-content\/uploads\/2023\/09\/cropped-buss.gif","contentUrl":"https:\/\/editionsbussiere.com\/blog\/wp-content\/uploads\/2023\/09\/cropped-buss.gif","width":298,"height":120,"caption":"editionsbussiere"},"image":{"@id":"https:\/\/editionsbussiere.com\/blog\/#\/schema\/logo\/image\/"}},{"@type":"Person","@id":"https:\/\/editionsbussiere.com\/blog\/#\/schema\/person\/ec90e102792148c97e46ab871010dd8f","name":"Marie BATICLE","image":{"@type":"ImageObject","inLanguage":"fr-FR","@id":"https:\/\/secure.gravatar.com\/avatar\/c923e52403b1b8137e2d929127211d21967e6aecaa053bd43b09da29f212e76e?s=96&d=mm&r=g","url":"https:\/\/secure.gravatar.com\/avatar\/c923e52403b1b8137e2d929127211d21967e6aecaa053bd43b09da29f212e76e?s=96&d=mm&r=g","contentUrl":"https:\/\/secure.gravatar.com\/avatar\/c923e52403b1b8137e2d929127211d21967e6aecaa053bd43b09da29f212e76e?s=96&d=mm&r=g","caption":"Marie BATICLE"},"url":"https:\/\/editionsbussiere.com\/blog\/author\/eremarie\/"}]}},"_links":{"self":[{"href":"https:\/\/editionsbussiere.com\/blog\/wp-json\/wp\/v2\/posts\/1526","targetHints":{"allow":["GET"]}}],"collection":[{"href":"https:\/\/editionsbussiere.com\/blog\/wp-json\/wp\/v2\/posts"}],"about":[{"href":"https:\/\/editionsbussiere.com\/blog\/wp-json\/wp\/v2\/types\/post"}],"author":[{"embeddable":true,"href":"https:\/\/editionsbussiere.com\/blog\/wp-json\/wp\/v2\/users\/3"}],"replies":[{"embeddable":true,"href":"https:\/\/editionsbussiere.com\/blog\/wp-json\/wp\/v2\/comments?post=1526"}],"version-history":[{"count":0,"href":"https:\/\/editionsbussiere.com\/blog\/wp-json\/wp\/v2\/posts\/1526\/revisions"}],"wp:featuredmedia":[{"embeddable":true,"href":"https:\/\/editionsbussiere.com\/blog\/wp-json\/wp\/v2\/media\/1527"}],"wp:attachment":[{"href":"https:\/\/editionsbussiere.com\/blog\/wp-json\/wp\/v2\/media?parent=1526"}],"wp:term":[{"taxonomy":"category","embeddable":true,"href":"https:\/\/editionsbussiere.com\/blog\/wp-json\/wp\/v2\/categories?post=1526"},{"taxonomy":"post_tag","embeddable":true,"href":"https:\/\/editionsbussiere.com\/blog\/wp-json\/wp\/v2\/tags?post=1526"}],"curies":[{"name":"wp","href":"https:\/\/api.w.org\/{rel}","templated":true}]}}