{"id":1520,"date":"2024-10-16T13:08:35","date_gmt":"2024-10-16T11:08:35","guid":{"rendered":"https:\/\/editionsbussiere.com\/blog\/medjugorje-une-lecon-de-revelation-divine-et-privee-avec-une-priere-en-debut-de-journee\/"},"modified":"2024-10-16T13:08:35","modified_gmt":"2024-10-16T11:08:35","slug":"medjugorje-une-lecon-de-revelation-divine-et-privee-avec-une-priere-en-debut-de-journee","status":"publish","type":"post","link":"https:\/\/editionsbussiere.com\/blog\/medjugorje-une-lecon-de-revelation-divine-et-privee-avec-une-priere-en-debut-de-journee\/","title":{"rendered":"Medjugorje\u00a0: une le\u00e7on de r\u00e9v\u00e9lation divine et priv\u00e9e\n avec une pri\u00e8re en d\u00e9but de journ\u00e9e."},"content":{"rendered":"<div><img width=\"580\" height=\"211\" src=\"https:\/\/editionsbussiere.com\/blog\/wp-content\/uploads\/2024\/10\/Medjugorje-une-lecon-de-revelation-divine-et-privee-avec-une-1024x373-1.jpg\" class=\"attachment-large size-large wp-post-image\" alt=\"Medjugorje\u00a0: une le\u00e7on de r\u00e9v\u00e9lation divine et priv\u00e9e avec une\" style=\"float:left; margin:0 15px 15px 0;\" decoding=\"async\" srcset=\"https:\/\/editionsbussiere.com\/blog\/wp-content\/uploads\/2024\/10\/Medjugorje-une-lecon-de-revelation-divine-et-privee-avec-une-1024x373-1.jpg 1024w, https:\/\/www.n42.fr\/wp-content\/uploads\/2024\/10\/Medjugorje-une-lecon-de-revelation-divine-et-privee-avec-une-300x109.jpg 300w, https:\/\/www.n42.fr\/wp-content\/uploads\/2024\/10\/Medjugorje-une-lecon-de-revelation-divine-et-privee-avec-une-768x280.jpg 768w, https:\/\/www.n42.fr\/wp-content\/uploads\/2024\/10\/Medjugorje-une-lecon-de-revelation-divine-et-privee-avec-une.jpg 1180w\" sizes=\"(max-width: 580px) 100vw, 580px\"><\/p>\n<p>\n<\/p>\n<div>\n<p class=\"has-drop-cap\">La r\u00e9cente note doctrinale du Dicast\u00e8re pour la doctrine de la foi (DDF) concernant \u00ab l\u2019exp\u00e9rience spirituelle li\u00e9e \u00e0 Medjugorje \u00bb a cr\u00e9\u00e9 une certaine confusion. La confusion semble \u00eatre due non pas tant \u00e0 ce que dit le document qu\u2019\u00e0 une incompr\u00e9hension de la part de nombreux lecteurs sur la fa\u00e7on dont l\u2019\u00c9glise discerne les ph\u00e9nom\u00e8nes surnaturels et comment ces ph\u00e9nom\u00e8nes sont li\u00e9s \u00e0 la r\u00e9v\u00e9lation divine.<\/p>\n<p>Vatican II enseigne que \u00ab l\u2019\u00e9conomie chr\u00e9tienne, puisqu\u2019elle est l\u2019alliance nouvelle et d\u00e9finitive, ne passera jamais ; et aucune nouvelle r\u00e9v\u00e9lation publique n\u2019est \u00e0 attendre avant la glorieuse manifestation de notre Seigneur J\u00e9sus-Christ \u00bb (<em>Dei Verbum<\/em><em>, <\/em>4). Autrement dit, la volont\u00e9 de Dieu de nous r\u00e9v\u00e9ler que, dans l\u2019Esprit Saint, nous avons acc\u00e8s au P\u00e8re par le Christ, Verbe fait chair, et que nous devenons ainsi participants de la nature divine (cf. <em>DV, <\/em>2), s\u2019est pleinement accomplie en Christ, \u00ab la Parole unique, parfaite et ind\u00e9passable du P\u00e8re \u00bb (<em>Cat\u00e9chisme de l\u2019\u00c9glise catholique<\/em><em>, <\/em>65), de telle sorte qu\u2019en Lui, Dieu \u00ab a tout dit ; il n\u2019y aura pas d\u2019autre mot que celui-ci \u00bb (<em>Ibid.<\/em>).<\/p>\n<p>Concr\u00e8tement, cela signifie que toute la sagesse n\u00e9cessaire pour suivre J\u00e9sus et toute la gr\u00e2ce n\u00e9cessaire pour atteindre la vie \u00e9ternelle sont disponibles \u00e0 travers la Parole de Dieu dans les Saintes \u00c9critures, les sacrements et l\u2019enseignement des ap\u00f4tres transmis par leurs successeurs, les \u00e9v\u00eaques. Tout ce qui nous aide \u00e0 mieux comprendre l\u2019enseignement du Christ, \u00e0 le contempler plus profond\u00e9ment et \u00e0 suivre le Christ plus fid\u00e8lement est accueilli et encourag\u00e9.<\/p>\n<p>La plus grande de ces aides sont les saints qui \u00ab nous ont pr\u00e9c\u00e9d\u00e9s dans le royaume \u00bb (<em>CCC, <\/em>2683). En apprenant \u00e0 conna\u00eetre les saints et en les imitant, nous sommes aid\u00e9s sur le chemin de la saintet\u00e9. Et aucun saint ne nous aide plus sur ce chemin que la Vierge Marie, \u00ab le mod\u00e8le de foi et de charit\u00e9 de l\u2019\u00c9glise \u00bb, car non seulement elle est \u00ab le membre pr\u00e9\u00e9minent et\u2026 tout \u00e0 fait unique de l\u2019\u00c9glise \u00bb, mais la \u00ab r\u00e9alisation exemplaire \u00bb (<em>fautes de frappe<\/em>) \u00bb de l\u2019\u00c9glise (<em>CCC, <\/em>967\u00a0; cf. <em>Lumen Gentium<\/em><em>, <\/em>53 et 63).<\/p>\n<p>En cons\u00e9quence, l\u2019\u00c9glise prend tr\u00e8s au s\u00e9rieux toute pr\u00e9tendue apparition de la Vierge Marie. Medjugorje, un village de Bosnie-Herz\u00e9govine o\u00f9 six enfants ont commenc\u00e9 \u00e0 rapporter des visions de Notre-Dame en 1981, ne fait pas exception. Apr\u00e8s des enqu\u00eates longues, approfondies et controvers\u00e9es sur le ph\u00e9nom\u00e8ne, l\u2019\u00c9glise a accord\u00e9 une <em>nihil obstat, <\/em>lequel le <em>Normes pour proc\u00e9der au discernement des ph\u00e9nom\u00e8nes surnaturels pr\u00e9sum\u00e9s<\/em><em> <\/em>(2024) d\u00e9finissent ainsi :<\/p>\n<blockquote class=\"wp-block-quote is-layout-flow wp-block-quote-is-layout-flow\">\n<p><em>Sans exprimer aucune certitude sur l\u2019authenticit\u00e9 surnaturelle du ph\u00e9nom\u00e8ne lui-m\u00eame, de nombreux signes de l\u2019action de l\u2019Esprit Saint sont reconnus \u00ab au milieu \u00bb d\u2019une exp\u00e9rience spirituelle donn\u00e9e, et aucun aspect particuli\u00e8rement critique ou risqu\u00e9 n\u2019a \u00e9t\u00e9 d\u00e9tect\u00e9, du moins jusqu\u2019\u00e0 pr\u00e9sent. C\u2019est pourquoi l\u2019\u00c9v\u00eaque dioc\u00e9sain est encourag\u00e9 \u00e0 appr\u00e9cier la valeur pastorale de cette proposition spirituelle, et m\u00eame \u00e0 en favoriser la diffusion, y compris \u00e9ventuellement \u00e0 travers des p\u00e8lerinages vers un lieu sacr\u00e9.<\/em><\/p>\n<\/blockquote>\n<p>Certains profond\u00e9ment convaincus de l\u2019authenticit\u00e9 des apparitions de Medjugorje \u00e9prouvent des difficult\u00e9s avec la premi\u00e8re partie de cette d\u00e9finition. Ils souhaiteraient une approbation compl\u00e8te et une affirmation de leur origine surnaturelle. Pourtant, pr\u00e9cis\u00e9ment en raison de son enseignement sur le caract\u00e8re d\u00e9finitif de la r\u00e9v\u00e9lation divine, l\u2019\u00c9glise ne s\u2019est pas sentie et ne se sentira jamais oblig\u00e9e de faire une telle d\u00e9claration au sujet des pr\u00e9tendues apparitions \u00e0 Medjugorje ou ailleurs.<\/p>\n<p>Le pape Beno\u00eet XVI a expliqu\u00e9 la raison de l\u2019utilisation d\u2019un <em>nihil obstat <\/em>\u00e9valuer les apparitions pr\u00e9sum\u00e9es<em>, <\/em>\u00e9crivant que les fid\u00e8les \u00ab sont autoris\u00e9s \u00e0 donner [the phenomenon] leur adh\u00e9sion de mani\u00e8re prudente \u00bb, car le ph\u00e9nom\u00e8ne peut \u00eatre \u00ab une aide qui s\u2019offre, mais dont l\u2019usage n\u2019est pas obligatoire \u00bb (<em>Verbum Domini, <\/em>14). Les DDF <em>Normes <\/em>expliquez en outre que si un processus de discernement \u00e9tait orient\u00e9 vers une d\u00e9claration d\u00e9finitive de \u00ab caract\u00e8re surnaturel \u00bb, il entra\u00eenerait \u00ab de grandes attentes, des anxi\u00e9t\u00e9s et m\u00eame des pressions \u00bb. A l\u2019inverse, un <em>nihil obstat <\/em>\u00ab permet aux pasteurs de l\u2019\u00c9glise d\u2019agir avec confiance et promptitude pour se tenir parmi le Peuple de Dieu en accueillant les dons du Saint-Esprit qui peuvent \u00e9merger \u00ab au milieu \u00bb de ces \u00e9v\u00e9nements \u00bb (<em>Ibid.<\/em>).<\/p>\n<p>L\u2019expression \u00ab au milieu de \u00bb est la cl\u00e9 pour comprendre le <em>nihil obstat<\/em>car il \u00ab clarifie que m\u00eame si l\u2019\u00e9v\u00e9nement lui-m\u00eame n\u2019est pas d\u00e9clar\u00e9 d\u2019origine surnaturelle, il y a quand m\u00eame une reconnaissance des signes de l\u2019action surnaturelle du Saint-Esprit au milieu de ce qui se passe \u00bb.<\/p>\n<p>Personnellement, telle a \u00e9t\u00e9 mon exp\u00e9rience \u00e0 Medjugorje il y a trente-cinq ans. Le groupe de p\u00e8lerins avec lequel je voyageais a rencontr\u00e9 et discut\u00e9 avec les visionnaires. Nous \u00e9tions pr\u00e9sents lors des pr\u00e9tendues apparitions. Pourtant, ce que j\u2019ai retenu de ce village, havre de pri\u00e8re et de paix, n\u2019\u00e9tait pas tant une conviction profonde que Notre-Dame y apparaissait, mais une foi renouvel\u00e9e en J\u00e9sus-Christ, une participation plus fervente \u00e0 la Sainte Eucharistie (y compris l\u2019Adoration ), une r\u00e9ception plus fr\u00e9quente du sacrement de p\u00e9nitence, une habitude plus ferme de lire l\u2019\u00c9criture et de r\u00e9citer le chapelet, une d\u00e9votion plus profonde \u00e0 la <em>Chemin de Croix, <\/em>et bien plus encore, sans parler d\u2019une relation \u00e0 vie avec Marie en tant que m\u00e8re spirituelle.<\/p>\n<p>Je reste un mis\u00e9rable p\u00e9cheur malgr\u00e9 mon p\u00e8lerinage \u00e0 Medjugorje, mais les gr\u00e2ces que j\u2019y ai re\u00e7ues et que je continue de recevoir \u00ab au milieu \u00bb de ces ph\u00e9nom\u00e8nes ont chang\u00e9 ma vie de mani\u00e8re inalt\u00e9rable. Oserais-je dire que si elle est <em>vraiment <\/em>y appara\u00eetre est presque secondaire puisque je n\u2019ai aucun doute sur le fait qu\u2019il y a eu \u00ab de nombreux signes de l\u2019action du Saint-Esprit \u00bb dans ma vie <em>au milieu<\/em> de ces pr\u00e9tendues apparitions, et j\u2019en suis infiniment reconnaissant \u00e0 Notre-Dame. <\/p>\n<p>Bref, l\u2019octroi par le DDF d\u2019un <em>nihil obstat <\/em>\u00e0 \u00ab l\u2019\u00e9v\u00e9nement spirituel \u00bb (cf. <em>Reine de la Paix, <\/em>38) de Medjugorje n\u2019est pas \u00ab d\u2019am\u00e9liorer ou de compl\u00e9ter la R\u00e9v\u00e9lation d\u00e9finitive du Christ \u00bb mais \u00ab de nous aider \u00e0 vivre plus pleinement par (la r\u00e9v\u00e9lation) une certaine p\u00e9riode de l\u2019histoire \u00bb, car, \u00ab guid\u00e9 par le Magist\u00e8re de l\u2019\u00c9glise, le <em>sensus fid\u00e9lium<\/em> sait discerner et accueillir dans ces r\u00e9v\u00e9lations ce qui constitue un authentique appel du Christ ou de ses saints \u00e0 l\u2019\u00c9glise \u00bb (<em>CCC, <\/em>67).<\/p>\n<hr class=\"wp-block-separator has-alpha-channel-opacity\">\n<p>Photo de 206Tours.com<\/p>\n<\/div>\n<p><script>(function(d, s, id) \n  var js, fjs = d.getElementsByTagName(s)[0];\n  if (d.getElementById(id)) return;\n  js = d.createElement(s); js.id = id;\n  js.src = \"\/\/connect.facebook.net\/en_US\/sdk.js#xfbml=1&version=v2.10&appId=123517014997301\";\n  fjs.parentNode.insertBefore(js, fjs);\n(document, 'script', 'facebook-jssdk'));<\/script><\/p>\n<h2> \u00c9lever nos propres pri\u00e8res pour nos proches au Seigneur matinale.<\/h2>\n<p>La ult\u00e9rieure section de la pri\u00e8re du matin consiste \u00e0 prier pour nos amis, nos famille, nos coll\u00e8gues et notre communaut\u00e9. Nous pouvons prier pour leur bien-\u00eatre, leur bonheur, leur protection, et leur fortune. Nous pouvons \u00e9galement prier pour nos adversaires et pour ces individus qui nous ont heurt\u00e9s, et demander \u00e0 Dieu de nous aider \u00e0 leur propre pardonner et \u00e0 leur montrer la compassion.<\/p>\n<h3> Demander pour la condition physique et la tranquillit\u00e9 de nos familles.<\/h3>\n<p>Seigneur, nous autres te confions nos familles, notre familles ainsi que nos connaissances. Garde, \u00f4 Dieu, au-dessus de eux, ainsi que pr\u00e9serve -les de tout danger et de toute affliction. Offre, Seigneur, une vigueur du corps ainsi que de l\u2019esprit \u00e0 eux, ainsi que la paix dans leur esprit. Puissante soit la volont\u00e9 pour que ta guidance forte les \u00e2mes garde ainsi que les guide tout au long de cette journ\u00e9e, pour qu\u2019il puissent puissent vivre dans une protection et aussi la qui\u00e9tude.<\/p>\n<p>Nous tous te prions \u00e9galement pour nos enfants, Seigneur, afin qu\u2019ils grandissent dans la foi ainsi que dans l\u2019amour de ton b\u00e9ni nom. Offre, cher Dieu, la sagesse et le courage n\u00e9cessaires pour faire face \u00e0 les d\u00e9fis de la vie, et aussi dirige leurs pas sur le chemin de la v\u00e9rit\u00e9 ainsi que de la justice.<\/p>\n<p>Enfin, nous autres te prions \u00e0 nos amis ainsi que nos voisins, Seigneur, qu\u2019ils exp\u00e9rimentent la joie de ton amour avec la tranquillit\u00e9 de ton pardon. Accorde-leur, \u00d4 Dieu, de c\u0153urs pleins de g\u00e9n\u00e9rosit\u00e9 en vue de partager avec ceux qui sont dans le besoin, et aussi mains accueillantes pour accueillir ceux qui seuls et abandonn\u00e9s.<\/p>\n<h3> Prier pour les n\u00f4tres ennemis et ceux qui sont nous ont offens\u00e9s. <\/h3>\n<p>\u00d4 Seigneur, J\u00e9sus, nous vous prions pour nos ennemis ainsi que pour ces qui nous ont offens\u00e9s. Accorde-leur, \u00f4 Christ, votre mis\u00e9ricorde ainsi que ton pardon, et ouvre leur c\u0153ur \u00e0 la lumi\u00e8re de ta v\u00e9rit\u00e9. Aide-nous, Seigneur, \u00e0 leur montrer de la compassion et aussi \u00e0 leur pardonner comme tu nous autres as pardonn\u00e9. Que votre paix r\u00e8gne dans nos c\u0153urs et aussi que ton amour guide notre actions, pour que nous puissions vivre en harmonie avec tous ceux que nous-m\u00eames entourent.<\/p>\n<h3> Comprendre la pri\u00e8re : <\/h3>\n<p>Pour terminer, l\u2019 oraison nous rappelle notre mission en tant que enfants de Dieu : se trouver des t\u00e9moin de l\u2019 lumi\u00e8re et de ses affection dans une \u00e9poque touch\u00e9e aux t\u00e9n\u00e8bres. \u00c0 travers nos paroles et nos actions, nous propageons le message de la paix et de la r\u00e9conciliation, offrant l\u2019attente et la r\u00e9paration \u00e0 un environnement ab\u00eem\u00e9.<\/p>\n<p>Au sein de l\u2019 spiritualit\u00e9 chr\u00e9tienne, le aube rev\u00eat une valeur sp\u00e9ciale, illustrant le renouveau et l\u2019 reconstruction spirituelle. C\u2019est au d\u00e9but de chaque jour que l\u2019\u00e2me se dirige vers le Seigneur dans la pri\u00e8re, recherchant \u00e0 se trouver \u00e9clair\u00e9e par la lumi\u00e8re surnaturelle. La pratique des pri\u00e8res matinales est profond\u00e9ment enracin\u00e9e dans la tradition chr\u00e9tienne, proposant un instant exclusif pour communier avec le Seigneur et se pr\u00e9parer mentalement aux \u00e9preuves de la journ\u00e9e qui s\u2019annonce.<\/p>\n<p>En au c\u0153ur au sein de ces oraisons matinales s\u2019 observe souvent une d\u00e9votion sp\u00e9ciale \u00e0 l\u2019\u00e9gard de Marie, la m\u00e8re de J\u00e9sus et ic\u00f4ne sainte ador\u00e9e aupr\u00e8s de un grand nombre fid\u00e8les. En qualit\u00e9 m\u00e8re m\u00e9diatrice parmi les hommes et Dieu, Marie reste pri\u00e9e pour interc\u00e9der en notre faveur, nous conduisant sur le chemin vers la saintet\u00e9 ainsi que de la gr\u00e2ce divine. Ses pr\u00e9sence maternelle offre consolation et s\u00e9curit\u00e9, enveloppant nos oraisons matinales avec une tendresse c\u00e9leste.<\/p>\n<p>\u00c0 via l\u2019 pri\u00e8re du matin, on se trouve appel\u00e9s \u00e0 nous unir vers Marie dans une d\u00e9marche de sanctification personnelle. Par m\u00e9ditant au sujet de sa vie et ses vertus, nous recherchons \u00e0 imiter son humilit\u00e9, sa puret\u00e9 et son ob\u00e9issance vers l\u2019 volont\u00e9 du Dieu. Gr\u00e2ce \u00e0 la saintet\u00e9 parfaite, Marie est en nous une mod\u00e8le pour vie chr\u00e9tienne, nous rem\u00e9morant l\u2019importance du pri\u00e8re et du contemplation dans notre cheminement spirituel.<\/p>\n<p>Unissons nos voix dans la pri\u00e8re du matin, dans notre foi, en nous tournant vers Marie, la m\u00e8re de J\u00e9sus. Au sein de notre monde troubl\u00e9 par la guerre et la discorde, recourons \u00e0 la pri\u00e8re pour trouver de retrouver la paix et l\u2019harmonie. Chacun \u00e9crire une sollicitation pour la Vierge Marie <a target=\"_blank\" rel=\"nofollow\" href=\"https:\/\/editionsbussiere.com\/blog\/goto\/https:\/\/www.avemariasound.org\/\" >par internet.<\/a> Que nos supplications montent vers le ciel, comme une offrande agr\u00e9able \u00e0 Dieu, afin qu\u2019il puisse nous guider nos chemins sur la voie de la justice et de la v\u00e9rit\u00e9. Saint Paul nous dans ses \u00e9p\u00eetres \u00e0 prier sans cesse, en toutes circonstances, pour que notre connexion \u00e0 Dieu soit constante et ardente. La pri\u00e8re, quand elle est sinc\u00e8rement offerte, a la capacit\u00e9 de changer les c\u0153urs et de modifier le destin de l\u2019histoire.<\/p>\n<p>La pri\u00e8re du matin se trouve \u00eatre un instant favoris\u00e9 pour se consacrer vers Dieu avec l\u2019intercession de Marie, en sacrifiant nos acclamations, nos remerciements ainsi que nos intentions les plus intimes. \u00c0 travers la qui\u00e9tude de l\u2019aurore, on est invit\u00e9s \u00e0 se tourner envers la maman sainte, qui nous guide avec affection sur du chemin de la foi et du sentiment amoureux divin. En unissant notre voix \u00e0 celle de Marie, nous \u00e9levons notre pri\u00e8res matinales \u00e0 du tr\u00f4ne de la gr\u00e2ce, assur\u00e9s que nos supplications seront entendues et accueillies par le c\u0153ur mis\u00e9ricordieux de Dieu.<\/p>\n<h2> Pri\u00e8re pour le matin avec dieu et Marie la Vierge<\/h2>\n<p>\u00d4 Tout-Puissant et Mis\u00e9ricordieux Seigneur, en ce matin qui s\u2019annonce sous la clart\u00e9 de ta lumi\u00e8re c\u00e9leste, je viens \u00e0 Toi avec foi et modestie. Que cette nouvelle journ\u00e9e qui se profile soit consacr\u00e9e \u00e0 ton saint nom, que chaque battement de mon c\u0153ur |chaque regard de mes yeux|chacune de mes paroles|chacun de mes gestes} te soit offert en sacrifice. Que chaque respiration qui anime mon \u00eatre soit un souffle d\u2019adoration |un souffle vers toi|un souffle de vie en toi}. Suppliez, que nos pri\u00e8res montent, que nos c\u0153urs implorent, priez, que nos esprits s\u2019\u00e9l\u00e8vent.<\/p>\n<p>Tel Marie, la m\u00e8re sainte qui a port\u00e9 en son sein l\u2019enfant J\u00e9sus, accompagne-moi dans ce cheminement de foi et de d\u00e9votion. Que je puisse, en parcourant les pages de l\u2019\u00c9vangile, trouver la lueur pour \u00e9clairer mes pas et renforcer ma foi. \u00c0 l\u2019instar de Pierre, octroie-moi la vigueur et la bravoure d\u2019affronter les temp\u00eates de la vie avec une foi in\u00e9branlable en ta divine providence.<\/p>\n<p>Au cours de ce p\u00e9riode de Car\u00eame, o\u00f9 les croyants et les chr\u00e9tiennes se pr\u00e9parent \u00e0 c\u00e9l\u00e9brer la r\u00e9surrection de notre Seigneur bien-aim\u00e9, octroie-moi, Seigneur, la gr\u00e2ce du r\u00e9veil spirituel. Que mon esprit soit purifi\u00e9 de tout ce qui le souille, afin qu\u2019il devienne un sanctuaire pour ta divinit\u00e9. Que ma pri\u00e8re, inspir\u00e9e par l\u2019exemple de Fran\u00e7ois d\u2019Assise, sonne comme une m\u00e9lodie de louanges \u00e0 travers les si\u00e8cles.<br \/>\nDieu Tout-Puissant, que chaque jour soit impr\u00e9gn\u00e9 de ta b\u00e9n\u00e9diction, que chacun des instants soit une occasion de entrer en communion avec toi et de te servir dans mes semblables. Que mon chemin soit un t\u00e9moignage vivant de ton amour infini pour tous. Puissent les supplications de Hozana monter vers toi comme un doux parfum, enveloppant chacune de mes journ\u00e9es dans une douce tranquillit\u00e9. Priez, \u00c9glise, Fran\u00e7ois, Hozana.<\/p>\n<p>Que mon c\u0153ur, \u00d4 Seigneur, devienne une manifestation du tien, rempli d\u2019amour, de compassion et de mis\u00e9ricorde envers autrui. Que toutes mes pens\u00e9es et mes actions soient conduites par l\u2019Esprit divin, afin que je puisse contribuer \u00e0 l\u2019av\u00e8nement de ton r\u00e8gne de justice sur cette terre.<\/p>\n<p>Que cette journ\u00e9e devienne une nouvelle \u00e9tape dans mon cheminement spirituel, un moment de grandir dans la foi. Seigneur, prends possession de mon c\u0153ur, transforme-le en ton sanctuaire, o\u00f9 ta pr\u00e9sence se manifeste \u00e0 chaque instant. Que chacun de mes battements de c\u0153ur soit un chant \u00e0 ta louange, Seigneur, pour toujours. Amen.<\/p>\n<p>Pendant le r\u00e9veil religieux de chaque \u00e2me chr\u00e9tienne, la pri\u00e8re est essentielle. Elle est le lien sacr\u00e9 profonde entre le fid\u00e8le divin et sa m\u00e8re c\u00e9leste, la Vierge Marie, la sainte interc\u00e8de pour le compte de nous devant son sacr\u00e9 Fils. En utilisant la pri\u00e8re, nous nous introduisons au sein de la brillance de la doctrine divine, men\u00e9s sous l\u2019Esprit Saint, afin de d\u00e9celer la r\u00e9alit\u00e9 et la b\u00e9n\u00e9diction que J\u00e9sus nous dispense.<\/p>\n<h2>Contemplation de la Parole de Dieu : <\/h2>\n<p>On pouvons contempler sur un passage de la Bible qui nous parle de la tendresse divin. \u00c0 titre illustratif :<\/p>\n<h3>1 Corinthiens 13, 1-8 : <\/h3>\n<p>\u00ab\u00a0Quand je parlerais les langues des hommes et des anges, si je n\u2019ai pas l\u2019amour, je suis un airain qui r\u00e9sonne ou une cymbale qui retentit. Et quand j\u2019aurais le don de proph\u00e9tie, la science de tous les myst\u00e8res et toute la connaissance, quand j\u2019aurais m\u00eame toute la foi jusqu\u2019\u00e0 transporter des montagnes, si je n\u2019ai pas l\u2019amour, je ne suis rien. .\u00a0\u00bb<\/p>\n<p>Bibliographie :<\/p>\n<p>Savoir aimer\/Race future.,<a target=\"_blank\" rel=\"nofollow\" href=\"https:\/\/editionsbussiere.com\/blog\/goto\/https:\/\/fr.wikisource.org\/wiki\/Savoir_aimer\/Race_future\"  target=\"_blank\" rel=\"noopener noreferrer nofollow\">L\u2019article ICI.<\/a><span><\/span><\/p>\n<p>Manuel de la parole\/15\/24.,<a target=\"_blank\" rel=\"nofollow\" href=\"https:\/\/editionsbussiere.com\/blog\/goto\/https:\/\/fr.wikisource.org\/wiki\/Manuel_de_la_parole\/15\/24\"  target=\"_blank\" rel=\"noopener noreferrer nofollow\">Le texte de l\u2019article.<\/a><span><\/span><\/p>\n<p>Les Chansons des trains et des gares\/La vierge aux bougies.,<a target=\"_blank\" rel=\"nofollow\" href=\"https:\/\/editionsbussiere.com\/blog\/goto\/https:\/\/fr.wikisource.org\/wiki\/Les_Chansons_des_trains_et_des_gares\/La_vierge_aux_bougies\"  target=\"_blank\" rel=\"noopener noreferrer nofollow\">Article complet.<\/a><span><\/span><\/p>\n<p>La Maison aux phlox\/4\/1.,<a target=\"_blank\" rel=\"nofollow\" href=\"https:\/\/editionsbussiere.com\/blog\/goto\/https:\/\/fr.wikisource.org\/wiki\/La_Maison_aux_phlox\/4\/1\"  target=\"_blank\" rel=\"noopener noreferrer nofollow\">Le texte de l\u2019article.<\/a><span><\/span><\/p>\n<p>Essai sur les m\u0153urs\/Chapitre 129.,<a target=\"_blank\" rel=\"nofollow\" href=\"https:\/\/editionsbussiere.com\/blog\/goto\/https:\/\/fr.wikisource.org\/wiki\/Essai_sur_les_m%C5%93urs\/Chapitre_129\"  target=\"_blank\" rel=\"noopener noreferrer nofollow\">Le dossier.<\/a><span><\/span>. Suite sur le prochain article.<\/p>\n<p>Blad\u00e9 \u2013 Contes populaires de la Gascogne, t. 3, 1886 Le Navire marchant sur terre.,<a target=\"_blank\" rel=\"nofollow\" href=\"https:\/\/editionsbussiere.com\/blog\/goto\/https:\/\/fr.wikisource.org\/wiki\/Blad%C3%A9_-_Contes_populaires_de_la_Gascogne,_t._3,_1886_Le_Navire_marchant_sur_terre\"  target=\"_blank\" rel=\"noopener noreferrer nofollow\">Article complet.<\/a><span><\/span><\/p>\n<\/div>\n<p><img decoding=\"async\" class=\"wpe_imgrss\" src=\"https:\/\/editionsbussiere.com\/blog\/wp-content\/uploads\/2024\/10\/Medjugorje-une-lecon-de-revelation-divine-et-privee-avec-une-1024x373-1.jpg\">Cet article a \u00e9t\u00e9 reconstitu\u00e9 du mieux possible. Dans l\u2019hypoth\u00e8se o\u00f9 vous souhaitez apporter quelques modifications concernant le th\u00e8me \u00ab\u00a0Editions \u00e9sot\u00e9rique fond\u00e9e en 1927\u00a0\u00bb, il est possible de discuter avec notre r\u00e9daction. Vous pouvez tirer profit de cet article traitant le sujet \u00ab\u00a0Editions \u00e9sot\u00e9rique fond\u00e9e en 1927\u00a0\u00bb. Il est concoct\u00e9 par l\u2019\u00e9quipe editionsbussiere.com. Le site editionsbussiere.com est fait pour cr\u00e9er divers posts autour du th\u00e8me Editions \u00e9sot\u00e9rique fond\u00e9e en 1927 d\u00e9velopp\u00e9es sur internet. Consultez notre site internet editionsbussiere.com et nos r\u00e9seaux sociaux pour \u00eatre au courant des futures annonces.<\/p>\n","protected":false},"excerpt":{"rendered":"<p>La r\u00e9cente note doctrinale du Dicast\u00e8re pour la doctrine de la foi (DDF) concernant \u00ab l\u2019exp\u00e9rience spirituelle li\u00e9e \u00e0 Medjugorje \u00bb a cr\u00e9\u00e9 une certaine confusion. La confusion semble \u00eatre due non pas tant \u00e0 ce que dit le document qu\u2019\u00e0 une incompr\u00e9hension de la part de nombreux lecteurs sur la fa\u00e7on dont l\u2019\u00c9glise discerne [&hellip;]<\/p>\n","protected":false},"author":3,"featured_media":1521,"comment_status":"closed","ping_status":"closed","sticky":false,"template":"","format":"standard","meta":{"footnotes":""},"categories":[3],"tags":[],"class_list":["post-1520","post","type-post","status-publish","format-standard","has-post-thumbnail","hentry","category-editions-esoterique-fondee-en-1927-depeches","entry","fw-tab-6 fw-tabr-4","has-featured-image"],"yoast_head":"<!-- This site is optimized with the Yoast SEO plugin v27.5 - https:\/\/yoast.com\/product\/yoast-seo-wordpress\/ -->\n<title>Medjugorje\u00a0: une le\u00e7on de r\u00e9v\u00e9lation divine et priv\u00e9e avec une pri\u00e8re en d\u00e9but de journ\u00e9e. - EDITIONSBUSSIERE<\/title>\n<meta name=\"robots\" content=\"index, follow, max-snippet:-1, max-image-preview:large, max-video-preview:-1\" \/>\n<link rel=\"canonical\" href=\"https:\/\/editionsbussiere.com\/blog\/medjugorje-une-lecon-de-revelation-divine-et-privee-avec-une-priere-en-debut-de-journee\/\" \/>\n<meta property=\"og:locale\" content=\"fr_FR\" \/>\n<meta property=\"og:type\" content=\"article\" \/>\n<meta property=\"og:title\" content=\"Medjugorje\u00a0: une le\u00e7on de r\u00e9v\u00e9lation divine et priv\u00e9e avec une pri\u00e8re en d\u00e9but de journ\u00e9e. - EDITIONSBUSSIERE\" \/>\n<meta property=\"og:description\" content=\"La r\u00e9cente note doctrinale du Dicast\u00e8re pour la doctrine de la foi (DDF) concernant \u00ab l\u2019exp\u00e9rience spirituelle li\u00e9e \u00e0 Medjugorje \u00bb a cr\u00e9\u00e9 une certaine confusion. La confusion semble \u00eatre due non pas tant \u00e0 ce que dit le document qu\u2019\u00e0 une incompr\u00e9hension de la part de nombreux lecteurs sur la fa\u00e7on dont l\u2019\u00c9glise discerne [&hellip;]\" \/>\n<meta property=\"og:url\" content=\"https:\/\/editionsbussiere.com\/blog\/medjugorje-une-lecon-de-revelation-divine-et-privee-avec-une-priere-en-debut-de-journee\/\" \/>\n<meta property=\"og:site_name\" content=\"EDITIONSBUSSIERE\" \/>\n<meta property=\"article:published_time\" content=\"2024-10-16T11:08:35+00:00\" \/>\n<meta property=\"og:image\" content=\"https:\/\/editionsbussiere.com\/blog\/wp-content\/uploads\/2024\/10\/Medjugorje-une-lecon-de-revelation-divine-et-privee-avec-une-1024x373-1.jpg\" \/>\n<meta name=\"author\" content=\"Marie BATICLE\" \/>\n<meta name=\"twitter:card\" content=\"summary_large_image\" \/>\n<meta name=\"twitter:label1\" content=\"\u00c9crit par\" \/>\n\t<meta name=\"twitter:data1\" content=\"Marie BATICLE\" \/>\n\t<meta name=\"twitter:label2\" content=\"Dur\u00e9e de lecture estim\u00e9e\" \/>\n\t<meta name=\"twitter:data2\" content=\"15 minutes\" \/>\n<script type=\"application\/ld+json\" class=\"yoast-schema-graph\">{\"@context\":\"https:\\\/\\\/schema.org\",\"@graph\":[{\"@type\":\"Article\",\"@id\":\"https:\\\/\\\/editionsbussiere.com\\\/blog\\\/medjugorje-une-lecon-de-revelation-divine-et-privee-avec-une-priere-en-debut-de-journee\\\/#article\",\"isPartOf\":{\"@id\":\"https:\\\/\\\/editionsbussiere.com\\\/blog\\\/medjugorje-une-lecon-de-revelation-divine-et-privee-avec-une-priere-en-debut-de-journee\\\/\"},\"author\":{\"name\":\"Marie BATICLE\",\"@id\":\"https:\\\/\\\/editionsbussiere.com\\\/blog\\\/#\\\/schema\\\/person\\\/ec90e102792148c97e46ab871010dd8f\"},\"headline\":\"Medjugorje\u00a0: une le\u00e7on de r\u00e9v\u00e9lation divine et priv\u00e9e avec une pri\u00e8re en d\u00e9but de journ\u00e9e.\",\"datePublished\":\"2024-10-16T11:08:35+00:00\",\"mainEntityOfPage\":{\"@id\":\"https:\\\/\\\/editionsbussiere.com\\\/blog\\\/medjugorje-une-lecon-de-revelation-divine-et-privee-avec-une-priere-en-debut-de-journee\\\/\"},\"wordCount\":2975,\"publisher\":{\"@id\":\"https:\\\/\\\/editionsbussiere.com\\\/blog\\\/#organization\"},\"image\":{\"@id\":\"https:\\\/\\\/editionsbussiere.com\\\/blog\\\/medjugorje-une-lecon-de-revelation-divine-et-privee-avec-une-priere-en-debut-de-journee\\\/#primaryimage\"},\"thumbnailUrl\":\"https:\\\/\\\/editionsbussiere.com\\\/blog\\\/wp-content\\\/uploads\\\/2024\\\/10\\\/Medjugorje-une-lecon-de-revelation-divine-et-privee-avec-une-1024x373-1.jpg\",\"articleSection\":[\"Editions \u00c9sot\u00e9rique Fond\u00e9e En 1927; D\u00e9p\u00e8ches:\"],\"inLanguage\":\"fr-FR\"},{\"@type\":\"WebPage\",\"@id\":\"https:\\\/\\\/editionsbussiere.com\\\/blog\\\/medjugorje-une-lecon-de-revelation-divine-et-privee-avec-une-priere-en-debut-de-journee\\\/\",\"url\":\"https:\\\/\\\/editionsbussiere.com\\\/blog\\\/medjugorje-une-lecon-de-revelation-divine-et-privee-avec-une-priere-en-debut-de-journee\\\/\",\"name\":\"Medjugorje\u00a0: une le\u00e7on de r\u00e9v\u00e9lation divine et priv\u00e9e avec une pri\u00e8re en d\u00e9but de journ\u00e9e. - EDITIONSBUSSIERE\",\"isPartOf\":{\"@id\":\"https:\\\/\\\/editionsbussiere.com\\\/blog\\\/#website\"},\"primaryImageOfPage\":{\"@id\":\"https:\\\/\\\/editionsbussiere.com\\\/blog\\\/medjugorje-une-lecon-de-revelation-divine-et-privee-avec-une-priere-en-debut-de-journee\\\/#primaryimage\"},\"image\":{\"@id\":\"https:\\\/\\\/editionsbussiere.com\\\/blog\\\/medjugorje-une-lecon-de-revelation-divine-et-privee-avec-une-priere-en-debut-de-journee\\\/#primaryimage\"},\"thumbnailUrl\":\"https:\\\/\\\/editionsbussiere.com\\\/blog\\\/wp-content\\\/uploads\\\/2024\\\/10\\\/Medjugorje-une-lecon-de-revelation-divine-et-privee-avec-une-1024x373-1.jpg\",\"datePublished\":\"2024-10-16T11:08:35+00:00\",\"breadcrumb\":{\"@id\":\"https:\\\/\\\/editionsbussiere.com\\\/blog\\\/medjugorje-une-lecon-de-revelation-divine-et-privee-avec-une-priere-en-debut-de-journee\\\/#breadcrumb\"},\"inLanguage\":\"fr-FR\",\"potentialAction\":[{\"@type\":\"ReadAction\",\"target\":[\"https:\\\/\\\/editionsbussiere.com\\\/blog\\\/medjugorje-une-lecon-de-revelation-divine-et-privee-avec-une-priere-en-debut-de-journee\\\/\"]}]},{\"@type\":\"ImageObject\",\"inLanguage\":\"fr-FR\",\"@id\":\"https:\\\/\\\/editionsbussiere.com\\\/blog\\\/medjugorje-une-lecon-de-revelation-divine-et-privee-avec-une-priere-en-debut-de-journee\\\/#primaryimage\",\"url\":\"https:\\\/\\\/editionsbussiere.com\\\/blog\\\/wp-content\\\/uploads\\\/2024\\\/10\\\/Medjugorje-une-lecon-de-revelation-divine-et-privee-avec-une-1024x373-1.jpg\",\"contentUrl\":\"https:\\\/\\\/editionsbussiere.com\\\/blog\\\/wp-content\\\/uploads\\\/2024\\\/10\\\/Medjugorje-une-lecon-de-revelation-divine-et-privee-avec-une-1024x373-1.jpg\",\"width\":1024,\"height\":373,\"caption\":\"Medjugorje une lecon de revelation divine et privee avec une 1024x373 1\"},{\"@type\":\"BreadcrumbList\",\"@id\":\"https:\\\/\\\/editionsbussiere.com\\\/blog\\\/medjugorje-une-lecon-de-revelation-divine-et-privee-avec-une-priere-en-debut-de-journee\\\/#breadcrumb\",\"itemListElement\":[{\"@type\":\"ListItem\",\"position\":1,\"name\":\"Accueil\",\"item\":\"https:\\\/\\\/editionsbussiere.com\\\/blog\\\/\"},{\"@type\":\"ListItem\",\"position\":2,\"name\":\"Medjugorje\u00a0: une le\u00e7on de r\u00e9v\u00e9lation divine et priv\u00e9e avec une pri\u00e8re en d\u00e9but de journ\u00e9e.\"}]},{\"@type\":\"WebSite\",\"@id\":\"https:\\\/\\\/editionsbussiere.com\\\/blog\\\/#website\",\"url\":\"https:\\\/\\\/editionsbussiere.com\\\/blog\\\/\",\"name\":\"EDITIONSBUSSIERE\",\"description\":\"Editions \u00e9sot\u00e9rique fond\u00e9e en 1927; site historique, A SAVOIR ET RETENIR.\",\"publisher\":{\"@id\":\"https:\\\/\\\/editionsbussiere.com\\\/blog\\\/#organization\"},\"potentialAction\":[{\"@type\":\"SearchAction\",\"target\":{\"@type\":\"EntryPoint\",\"urlTemplate\":\"https:\\\/\\\/editionsbussiere.com\\\/blog\\\/?s={search_term_string}\"},\"query-input\":{\"@type\":\"PropertyValueSpecification\",\"valueRequired\":true,\"valueName\":\"search_term_string\"}}],\"inLanguage\":\"fr-FR\"},{\"@type\":\"Organization\",\"@id\":\"https:\\\/\\\/editionsbussiere.com\\\/blog\\\/#organization\",\"name\":\"editionsbussiere\",\"url\":\"https:\\\/\\\/editionsbussiere.com\\\/blog\\\/\",\"logo\":{\"@type\":\"ImageObject\",\"inLanguage\":\"fr-FR\",\"@id\":\"https:\\\/\\\/editionsbussiere.com\\\/blog\\\/#\\\/schema\\\/logo\\\/image\\\/\",\"url\":\"https:\\\/\\\/editionsbussiere.com\\\/blog\\\/wp-content\\\/uploads\\\/2023\\\/09\\\/cropped-buss.gif\",\"contentUrl\":\"https:\\\/\\\/editionsbussiere.com\\\/blog\\\/wp-content\\\/uploads\\\/2023\\\/09\\\/cropped-buss.gif\",\"width\":298,\"height\":120,\"caption\":\"editionsbussiere\"},\"image\":{\"@id\":\"https:\\\/\\\/editionsbussiere.com\\\/blog\\\/#\\\/schema\\\/logo\\\/image\\\/\"}},{\"@type\":\"Person\",\"@id\":\"https:\\\/\\\/editionsbussiere.com\\\/blog\\\/#\\\/schema\\\/person\\\/ec90e102792148c97e46ab871010dd8f\",\"name\":\"Marie BATICLE\",\"image\":{\"@type\":\"ImageObject\",\"inLanguage\":\"fr-FR\",\"@id\":\"https:\\\/\\\/secure.gravatar.com\\\/avatar\\\/c923e52403b1b8137e2d929127211d21967e6aecaa053bd43b09da29f212e76e?s=96&d=mm&r=g\",\"url\":\"https:\\\/\\\/secure.gravatar.com\\\/avatar\\\/c923e52403b1b8137e2d929127211d21967e6aecaa053bd43b09da29f212e76e?s=96&d=mm&r=g\",\"contentUrl\":\"https:\\\/\\\/secure.gravatar.com\\\/avatar\\\/c923e52403b1b8137e2d929127211d21967e6aecaa053bd43b09da29f212e76e?s=96&d=mm&r=g\",\"caption\":\"Marie BATICLE\"},\"url\":\"https:\\\/\\\/editionsbussiere.com\\\/blog\\\/author\\\/eremarie\\\/\"}]}<\/script>\n<!-- \/ Yoast SEO plugin. -->","yoast_head_json":{"title":"Medjugorje\u00a0: une le\u00e7on de r\u00e9v\u00e9lation divine et priv\u00e9e avec une pri\u00e8re en d\u00e9but de journ\u00e9e. - EDITIONSBUSSIERE","robots":{"index":"index","follow":"follow","max-snippet":"max-snippet:-1","max-image-preview":"max-image-preview:large","max-video-preview":"max-video-preview:-1"},"canonical":"https:\/\/editionsbussiere.com\/blog\/medjugorje-une-lecon-de-revelation-divine-et-privee-avec-une-priere-en-debut-de-journee\/","og_locale":"fr_FR","og_type":"article","og_title":"Medjugorje\u00a0: une le\u00e7on de r\u00e9v\u00e9lation divine et priv\u00e9e avec une pri\u00e8re en d\u00e9but de journ\u00e9e. - EDITIONSBUSSIERE","og_description":"La r\u00e9cente note doctrinale du Dicast\u00e8re pour la doctrine de la foi (DDF) concernant \u00ab l\u2019exp\u00e9rience spirituelle li\u00e9e \u00e0 Medjugorje \u00bb a cr\u00e9\u00e9 une certaine confusion. La confusion semble \u00eatre due non pas tant \u00e0 ce que dit le document qu\u2019\u00e0 une incompr\u00e9hension de la part de nombreux lecteurs sur la fa\u00e7on dont l\u2019\u00c9glise discerne [&hellip;]","og_url":"https:\/\/editionsbussiere.com\/blog\/medjugorje-une-lecon-de-revelation-divine-et-privee-avec-une-priere-en-debut-de-journee\/","og_site_name":"EDITIONSBUSSIERE","article_published_time":"2024-10-16T11:08:35+00:00","og_image":[{"url":"https:\/\/editionsbussiere.com\/blog\/wp-content\/uploads\/2024\/10\/Medjugorje-une-lecon-de-revelation-divine-et-privee-avec-une-1024x373-1.jpg","type":"","width":"","height":""}],"author":"Marie BATICLE","twitter_card":"summary_large_image","twitter_misc":{"\u00c9crit par":"Marie BATICLE","Dur\u00e9e de lecture estim\u00e9e":"15 minutes"},"schema":{"@context":"https:\/\/schema.org","@graph":[{"@type":"Article","@id":"https:\/\/editionsbussiere.com\/blog\/medjugorje-une-lecon-de-revelation-divine-et-privee-avec-une-priere-en-debut-de-journee\/#article","isPartOf":{"@id":"https:\/\/editionsbussiere.com\/blog\/medjugorje-une-lecon-de-revelation-divine-et-privee-avec-une-priere-en-debut-de-journee\/"},"author":{"name":"Marie BATICLE","@id":"https:\/\/editionsbussiere.com\/blog\/#\/schema\/person\/ec90e102792148c97e46ab871010dd8f"},"headline":"Medjugorje\u00a0: une le\u00e7on de r\u00e9v\u00e9lation divine et priv\u00e9e avec une pri\u00e8re en d\u00e9but de journ\u00e9e.","datePublished":"2024-10-16T11:08:35+00:00","mainEntityOfPage":{"@id":"https:\/\/editionsbussiere.com\/blog\/medjugorje-une-lecon-de-revelation-divine-et-privee-avec-une-priere-en-debut-de-journee\/"},"wordCount":2975,"publisher":{"@id":"https:\/\/editionsbussiere.com\/blog\/#organization"},"image":{"@id":"https:\/\/editionsbussiere.com\/blog\/medjugorje-une-lecon-de-revelation-divine-et-privee-avec-une-priere-en-debut-de-journee\/#primaryimage"},"thumbnailUrl":"https:\/\/editionsbussiere.com\/blog\/wp-content\/uploads\/2024\/10\/Medjugorje-une-lecon-de-revelation-divine-et-privee-avec-une-1024x373-1.jpg","articleSection":["Editions \u00c9sot\u00e9rique Fond\u00e9e En 1927; D\u00e9p\u00e8ches:"],"inLanguage":"fr-FR"},{"@type":"WebPage","@id":"https:\/\/editionsbussiere.com\/blog\/medjugorje-une-lecon-de-revelation-divine-et-privee-avec-une-priere-en-debut-de-journee\/","url":"https:\/\/editionsbussiere.com\/blog\/medjugorje-une-lecon-de-revelation-divine-et-privee-avec-une-priere-en-debut-de-journee\/","name":"Medjugorje\u00a0: une le\u00e7on de r\u00e9v\u00e9lation divine et priv\u00e9e avec une pri\u00e8re en d\u00e9but de journ\u00e9e. - EDITIONSBUSSIERE","isPartOf":{"@id":"https:\/\/editionsbussiere.com\/blog\/#website"},"primaryImageOfPage":{"@id":"https:\/\/editionsbussiere.com\/blog\/medjugorje-une-lecon-de-revelation-divine-et-privee-avec-une-priere-en-debut-de-journee\/#primaryimage"},"image":{"@id":"https:\/\/editionsbussiere.com\/blog\/medjugorje-une-lecon-de-revelation-divine-et-privee-avec-une-priere-en-debut-de-journee\/#primaryimage"},"thumbnailUrl":"https:\/\/editionsbussiere.com\/blog\/wp-content\/uploads\/2024\/10\/Medjugorje-une-lecon-de-revelation-divine-et-privee-avec-une-1024x373-1.jpg","datePublished":"2024-10-16T11:08:35+00:00","breadcrumb":{"@id":"https:\/\/editionsbussiere.com\/blog\/medjugorje-une-lecon-de-revelation-divine-et-privee-avec-une-priere-en-debut-de-journee\/#breadcrumb"},"inLanguage":"fr-FR","potentialAction":[{"@type":"ReadAction","target":["https:\/\/editionsbussiere.com\/blog\/medjugorje-une-lecon-de-revelation-divine-et-privee-avec-une-priere-en-debut-de-journee\/"]}]},{"@type":"ImageObject","inLanguage":"fr-FR","@id":"https:\/\/editionsbussiere.com\/blog\/medjugorje-une-lecon-de-revelation-divine-et-privee-avec-une-priere-en-debut-de-journee\/#primaryimage","url":"https:\/\/editionsbussiere.com\/blog\/wp-content\/uploads\/2024\/10\/Medjugorje-une-lecon-de-revelation-divine-et-privee-avec-une-1024x373-1.jpg","contentUrl":"https:\/\/editionsbussiere.com\/blog\/wp-content\/uploads\/2024\/10\/Medjugorje-une-lecon-de-revelation-divine-et-privee-avec-une-1024x373-1.jpg","width":1024,"height":373,"caption":"Medjugorje une lecon de revelation divine et privee avec une 1024x373 1"},{"@type":"BreadcrumbList","@id":"https:\/\/editionsbussiere.com\/blog\/medjugorje-une-lecon-de-revelation-divine-et-privee-avec-une-priere-en-debut-de-journee\/#breadcrumb","itemListElement":[{"@type":"ListItem","position":1,"name":"Accueil","item":"https:\/\/editionsbussiere.com\/blog\/"},{"@type":"ListItem","position":2,"name":"Medjugorje\u00a0: une le\u00e7on de r\u00e9v\u00e9lation divine et priv\u00e9e avec une pri\u00e8re en d\u00e9but de journ\u00e9e."}]},{"@type":"WebSite","@id":"https:\/\/editionsbussiere.com\/blog\/#website","url":"https:\/\/editionsbussiere.com\/blog\/","name":"EDITIONSBUSSIERE","description":"Editions \u00e9sot\u00e9rique fond\u00e9e en 1927; site historique, A SAVOIR ET RETENIR.","publisher":{"@id":"https:\/\/editionsbussiere.com\/blog\/#organization"},"potentialAction":[{"@type":"SearchAction","target":{"@type":"EntryPoint","urlTemplate":"https:\/\/editionsbussiere.com\/blog\/?s={search_term_string}"},"query-input":{"@type":"PropertyValueSpecification","valueRequired":true,"valueName":"search_term_string"}}],"inLanguage":"fr-FR"},{"@type":"Organization","@id":"https:\/\/editionsbussiere.com\/blog\/#organization","name":"editionsbussiere","url":"https:\/\/editionsbussiere.com\/blog\/","logo":{"@type":"ImageObject","inLanguage":"fr-FR","@id":"https:\/\/editionsbussiere.com\/blog\/#\/schema\/logo\/image\/","url":"https:\/\/editionsbussiere.com\/blog\/wp-content\/uploads\/2023\/09\/cropped-buss.gif","contentUrl":"https:\/\/editionsbussiere.com\/blog\/wp-content\/uploads\/2023\/09\/cropped-buss.gif","width":298,"height":120,"caption":"editionsbussiere"},"image":{"@id":"https:\/\/editionsbussiere.com\/blog\/#\/schema\/logo\/image\/"}},{"@type":"Person","@id":"https:\/\/editionsbussiere.com\/blog\/#\/schema\/person\/ec90e102792148c97e46ab871010dd8f","name":"Marie BATICLE","image":{"@type":"ImageObject","inLanguage":"fr-FR","@id":"https:\/\/secure.gravatar.com\/avatar\/c923e52403b1b8137e2d929127211d21967e6aecaa053bd43b09da29f212e76e?s=96&d=mm&r=g","url":"https:\/\/secure.gravatar.com\/avatar\/c923e52403b1b8137e2d929127211d21967e6aecaa053bd43b09da29f212e76e?s=96&d=mm&r=g","contentUrl":"https:\/\/secure.gravatar.com\/avatar\/c923e52403b1b8137e2d929127211d21967e6aecaa053bd43b09da29f212e76e?s=96&d=mm&r=g","caption":"Marie BATICLE"},"url":"https:\/\/editionsbussiere.com\/blog\/author\/eremarie\/"}]}},"_links":{"self":[{"href":"https:\/\/editionsbussiere.com\/blog\/wp-json\/wp\/v2\/posts\/1520","targetHints":{"allow":["GET"]}}],"collection":[{"href":"https:\/\/editionsbussiere.com\/blog\/wp-json\/wp\/v2\/posts"}],"about":[{"href":"https:\/\/editionsbussiere.com\/blog\/wp-json\/wp\/v2\/types\/post"}],"author":[{"embeddable":true,"href":"https:\/\/editionsbussiere.com\/blog\/wp-json\/wp\/v2\/users\/3"}],"replies":[{"embeddable":true,"href":"https:\/\/editionsbussiere.com\/blog\/wp-json\/wp\/v2\/comments?post=1520"}],"version-history":[{"count":0,"href":"https:\/\/editionsbussiere.com\/blog\/wp-json\/wp\/v2\/posts\/1520\/revisions"}],"wp:featuredmedia":[{"embeddable":true,"href":"https:\/\/editionsbussiere.com\/blog\/wp-json\/wp\/v2\/media\/1521"}],"wp:attachment":[{"href":"https:\/\/editionsbussiere.com\/blog\/wp-json\/wp\/v2\/media?parent=1520"}],"wp:term":[{"taxonomy":"category","embeddable":true,"href":"https:\/\/editionsbussiere.com\/blog\/wp-json\/wp\/v2\/categories?post=1520"},{"taxonomy":"post_tag","embeddable":true,"href":"https:\/\/editionsbussiere.com\/blog\/wp-json\/wp\/v2\/tags?post=1520"}],"curies":[{"name":"wp","href":"https:\/\/api.w.org\/{rel}","templated":true}]}}