{"id":1518,"date":"2024-10-16T06:00:00","date_gmt":"2024-10-16T04:00:00","guid":{"rendered":"https:\/\/editionsbussiere.com\/blog\/sainte-marguerite-marie-alacoque-avec-une-requete-au-petit-jour\/"},"modified":"2024-10-16T06:00:00","modified_gmt":"2024-10-16T04:00:00","slug":"sainte-marguerite-marie-alacoque-avec-une-requete-au-petit-jour","status":"publish","type":"post","link":"https:\/\/editionsbussiere.com\/blog\/sainte-marguerite-marie-alacoque-avec-une-requete-au-petit-jour\/","title":{"rendered":"Sainte Marguerite-Marie Alacoque\n avec une requ\u00eate au petit jour."},"content":{"rendered":"<div><img width=\"580\" height=\"559\" src=\"https:\/\/editionsbussiere.com\/blog\/wp-content\/uploads\/2024\/10\/Sainte-Marguerite-Marie-Alacoque-avec-une-requete-au-petit-jour.jpg\" class=\"attachment-large size-large wp-post-image\" alt=\"Sainte Marguerite-Marie Alacoque avec une requ\u00eate au petit jour.\" style=\"float:left; margin:0 15px 15px 0;\" decoding=\"async\" loading=\"lazy\" srcset=\"https:\/\/editionsbussiere.com\/blog\/wp-content\/uploads\/2024\/10\/Sainte-Marguerite-Marie-Alacoque-avec-une-requete-au-petit-jour.jpg 727w, https:\/\/www.n42.fr\/wp-content\/uploads\/2024\/10\/Sainte-Marguerite-Marie-Alacoque-avec-une-requete-au-petit-jour-300x289.jpg 300w\" sizes=\"auto, (max-width: 580px) 100vw, 580px\"><\/p>\n<p><img decoding=\"async\" width=\"660\" height=\"350\" src=\"https:\/\/editionsbussiere.com\/blog\/wp-content\/uploads\/2024\/10\/Andachtsbild_Margaretha_Maria_Alacoque-e1601446598753-660x350-1.jpg\" class=\"webfeedsFeaturedVisual wp-post-image\" alt=\"Sainte Marguerite-Marie Alacoque\" style=\"margin-bottom: 5px;clear:both;max-width: 100%\"><img decoding=\"async\" width=\"150\" height=\"150\" src=\"https:\/\/editionsbussiere.com\/blog\/wp-content\/uploads\/2024\/10\/Andachtsbild_Margaretha_Maria_Alacoque-e1601446598753-150x150-1.jpg\" class=\"alignleft wp-post-image\" alt=\"Sainte Marguerite-Marie Alacoque\"><\/p>\n<p>Sainte Marguerite-Marie Alacoque est n\u00e9e en 1647 en France. D\u00e8s son plus jeune \u00e2ge, elle avait une profonde d\u00e9votion \u00e0 la pri\u00e8re et \u00e0 l\u2019Eucharistie. Apr\u00e8s avoir surmont\u00e9 une grave maladie dans son enfance, elle se consacre \u00e0 la Bienheureuse Vierge Marie. \u00c0 l\u2019\u00e2ge de 24 ans, elle entre au couvent de la Visitation de Paray-le-Monial, o\u00f9 elle recevra des r\u00e9v\u00e9lations extraordinaires du Christ.<\/p>\n<p>Entre 1673 et 1675, J\u00e9sus lui appara\u00eet \u00e0 plusieurs reprises, lui r\u00e9v\u00e9lant son Sacr\u00e9-C\u0153ur et lui demandant de r\u00e9pandre la d\u00e9votion \u00e0 son c\u0153ur. Ces visions soulignaient l\u2019immense amour du Christ pour l\u2019humanit\u00e9 et son d\u00e9sir que les gens r\u00e9parent leurs p\u00e9ch\u00e9s par des actes d\u2019amour et de d\u00e9votion. Marguerite-Marie a endur\u00e9 le scepticisme de beaucoup, m\u00eame au sein de son propre couvent, mais finalement, son confesseur, saint Claude de la Colombi\u00e8re, l\u2019a soutenue et la d\u00e9votion s\u2019est r\u00e9pandue. Ses efforts ont conduit \u00e0 l\u2019instauration de la f\u00eate du Sacr\u00e9-C\u0153ur et \u00e0 la pratique des d\u00e9votions du premier vendredi.<\/p>\n<p>Sainte Marguerite-Marie est d\u00e9c\u00e9d\u00e9e en 1690 et a \u00e9t\u00e9 canonis\u00e9e en 1920. Son h\u00e9ritage continue d\u2019inspirer la d\u00e9votion au Sacr\u00e9-C\u0153ur, soulignant l\u2019amour et la mis\u00e9ricorde de J\u00e9sus pour tous.<\/p>\n<p><strong>Le\u00e7ons pratiques\u00a0:<\/strong><\/p>\n<ul class=\"wp-block-list\">\n<li><strong>Le\u00e7on 1\u00a0: Agissez sur ce qui compte pour vous, m\u00eame lorsque c\u2019est difficile\u00a0:<\/strong> Sainte Marguerite-Marie a fait face au doute et \u00e0 la r\u00e9sistance de son entourage lorsqu\u2019elle a tent\u00e9 de r\u00e9pandre la d\u00e9votion au Sacr\u00e9-C\u0153ur. Cela nous rappelle de rester engag\u00e9s envers ce qui est important pour nous, m\u00eame lorsque les autres ne comprennent pas ou ne soutiennent pas imm\u00e9diatement nos objectifs. Par exemple, si vous essayez d\u2019introduire un changement positif au travail ou dans votre famille, restez patient et pers\u00e9v\u00e9rant m\u00eame s\u2019il n\u2019est pas imm\u00e9diatement accept\u00e9.<\/li>\n<li><strong>Le\u00e7on 2\u00a0:\u00a0Donner la priorit\u00e9 aux petits actes de gentillesse et d\u2019amour\u00a0:<\/strong> La d\u00e9votion au Sacr\u00e9-C\u0153ur se concentre sur l\u2019amour et la r\u00e9paration des p\u00e9ch\u00e9s par les actions quotidiennes. Dans la vie quotidienne, nous pouvons mettre en pratique cela en accomplissant de petits actes de gentillesse coh\u00e9rents, qu\u2019il s\u2019agisse de prendre le temps d\u2019\u00e9couter quelqu\u2019un, d\u2019offrir de l\u2019aide \u00e0 un coll\u00e8gue ou de passer du temps de qualit\u00e9 en famille. Ces petits gestes peuvent avoir un impact profond sur ceux qui nous entourent.<\/li>\n<\/ul>\n<p><strong>Pri\u00e8re \u00e0 Sainte Marguerite-Marie Alacoque :<\/strong><\/p>\n<p>O Seigneur J\u00e9sus-Christ, qui as r\u00e9v\u00e9l\u00e9 les merveilles de ton amour \u00e0 travers le Sacr\u00e9-C\u0153ur \u00e0 sainte Marguerite-Marie, aide-nous \u00e0 suivre son exemple en ayant confiance en ton amour et en r\u00e9pandant la bont\u00e9 dans notre vie quotidienne. Accorde-nous la gr\u00e2ce de supporter les d\u00e9fis avec patience et de montrer ton amour dans tout ce que nous faisons. Par le Christ notre Seigneur. Amen.<\/p>\n<p><em>image : Schmidt Hans \/ CC0<\/em><\/p>\n<h2> \u00c9lever nos proches pri\u00e8res pour nos proches au Seigneur au lever du jour.<\/h2>\n<p>Cette finale \u00e9tape de la pri\u00e8re du matin consiste \u00e0 prier pour nos propres amis, notre propre famille, nos compagnons et nos communaut\u00e9. Nous pouvons prier pour leur, leur prosp\u00e9rit\u00e9, leur s\u00fbret\u00e9, et leur fortune. Nous pouvons \u00e9galement prier pour ceux qui nous ont nui et pour ceux qui nous ont bless\u00e9s, et demander \u00e0 Dieu de nous aider \u00e0 leur pardonner et \u00e0 leur montrer la compassion.<\/p>\n<h3> Invoquer pour la sant\u00e9 et la s\u00fbret\u00e9 de nos \u00eatres chers.<\/h3>\n<p>Dieu tout-puissant, nous te confions nos proches, nos familles et nos amis. Garde, cher Dieu, sur eux, avec pr\u00e9serve -les de tout risque et de toute affliction. Donne, \u00d4 Seigneur, une bien-\u00eatre du corps et de l\u2019esprit \u00e0 eux, et la paix dans leur esprit. Puisses-tu permettre ta main puissante les esprits garde et les individus dirige chacun au long de cette journ\u00e9e, afin qu\u2019ils vivent dans la s\u00e9curit\u00e9 ainsi que la s\u00e9r\u00e9nit\u00e9.<\/p>\n<p>Nous te prions aussi pour notre enfants, Dieu, qu\u2019ils grandissent dans la foi avec dans l\u2019amour de ton b\u00e9ni nom. Accorde, cher Dieu, la sagesse ainsi que le courage n\u00e9cessaires en vue de affronter les d\u00e9fis de la vie, ainsi que guide leurs pas le long de le chemin de la v\u00e9rit\u00e9 et aussi de la justice.<\/p>\n<p>Enfin, nous tous te prions en vue de nos amis et aussi nos voisins, Seigneur, pour qu\u2019ils exp\u00e9rimentent la joie de ton amour et la paix de ton pardon. Accorde-leur, \u00d4 Dieu, des c\u0153urs pleins de g\u00e9n\u00e9rosit\u00e9 en vue de partager avec ceux qui sont dans le besoin, ainsi que bras accueillantes en vue de accueillir ceux qui sont seuls et abandonn\u00e9s.<\/p>\n<h3> Prier pour notre ennemis ainsi que ceux qui sont nous-m\u00eames ont offens\u00e9s. <\/h3>\n<p>\u00d4 Seigneur, J\u00e9sus, nous vous prions pour les n\u00f4tres ennemis et aussi pour ces qui sont nous ont offens\u00e9s. Accorde-leur, \u00f4 Christ, votre mis\u00e9ricorde et ton pardon, et ouvre leur c\u0153ur \u00e0 la lumi\u00e8re des ta v\u00e9rit\u00e9. Aide-nous, Seigneur Dieu, \u00e0 leur montrer de la compassion et aussi \u00e0 leur pardonner comme tu nous as pardonn\u00e9. Que votre paix r\u00e8gne dans nos c\u0153urs et aussi que ton amour guide nos actions, pour que nous puissions vivre en harmonie avec tous ceux qui sont nous entourent.<\/p>\n<h3> Appr\u00e9hender la pri\u00e8re : <\/h3>\n<p>Finalement, l\u2019 oraison nous rappelle notre devoir en tant que enfant de Dieu : se trouver des t\u00e9moins de sa clart\u00e9 et de son affection dans l\u2019 \u00e9poque en proie aux obscurit\u00e9s. \u00c0 travers notre mots et notre actions, nous propageons la bonne nouvelle de l\u2019 tranquillit\u00e9 et de la rapprochement, offrant l\u2019esp\u00e9rance et la r\u00e9paration \u00e0 un environnement bris\u00e9.<\/p>\n<p>Au sein de la foi chr\u00e9tienne, le aube adopte une signification particuli\u00e8re, symbolisant le renouveau et la renaissance spirituelle. C\u2019est \u00e0 l\u2019aube de chaque matin\u00e9e que l\u2019\u00e2me se tourne vers l\u2019\u00c9ternel dans l\u2019oraison, recherchant \u00e0 devenir \u00e9clair\u00e9e par la lumi\u00e8re c\u00e9leste. La coutume des pri\u00e8res matinales s\u2019av\u00e8re essentiellement enracin\u00e9e dans la tradition chr\u00e9tienne, proposant un moment privil\u00e9gi\u00e9 pour se connecter avec l\u2019\u00c9ternel et se disposer mentalement aux \u00e9preuves de la journ\u00e9e \u00e0 venir.<\/p>\n<p>\u00c0 au sein de ces oraisons matinales s\u2019 rep\u00e8re souvent une d\u00e9votion distincte envers Marie, la mam de J\u00e9sus et aussi figure sainte v\u00e9n\u00e9r\u00e9e par beaucoup fid\u00e8les. En qualit\u00e9 d\u2019 m\u00e9diatrice parmi les hommes et Dieu, Marie est sollicit\u00e9e pour intervenir en notre nom, nous guidant sur le chemin de la saintet\u00e9 et ainsi que la gr\u00e2ce divine. Son pr\u00e9sence parentale fournit consolation et abri, entourant nos pri\u00e8re matinales avec une douceur c\u00e9leste.<\/p>\n<p>Au travers les pri\u00e8re du matin, on est appel\u00e9s pour se unir vers Marie dans une approche de purification individuelle. En m\u00e9ditant au sujet de sa vie et ses vertus, nous recherchons \u00e0 imiter son humilit\u00e9, sa puret\u00e9 et sa ob\u00e9issance vers la volont\u00e9 de Dieu. Gr\u00e2ce \u00e0 sa saintet\u00e9 exemplaire, Marie se transforme en en nous une mod\u00e8le pour vie chr\u00e9tienne, nous rappelant l\u2019importance de la pri\u00e8re et du contemplation au sein de notre cheminement spirituel.<\/p>\n<p>Prions ensemble un pri\u00e8re du matin, dans l\u2019unit\u00e9 de notre foi, en Marie, la m\u00e8re de J\u00e9sus. Au sein de notre monde troubl\u00e9 par les conflits et la division, recourons \u00e0 la pri\u00e8re pour trouver de trouver la paix et l\u2019harmonie. Il est possible \u00e9crire une intention de pri\u00e8re pour la Vierge Marie <a target=\"_blank\" rel=\"nofollow\" href=\"https:\/\/editionsbussiere.com\/blog\/goto\/https:\/\/www.avemariasound.org\/\" >en faisant appel aux b\u00e9n\u00e9voles.<\/a> Que nos supplications s\u2019\u00e9l\u00e8vent vers le ciel, comme une offrande re\u00e7u avec faveur par Dieu, afin qu\u2019il puisse \u00e9clairer nos pas vers le chemin de la v\u00e9rit\u00e9 et de la justice. L\u2019ap\u00f4tre Paul nous dans ses lettres \u00e0 maintenir une pri\u00e8re incessante, quelle que soit la situation, afin que notre connexion \u00e0 Dieu soit constante et passionn\u00e9e. La pri\u00e8re, quand elle est sinc\u00e8rement offerte, poss\u00e8de la capacit\u00e9 pour transformer nos c\u0153urs et de modifier le cours de l\u2019histoire.<\/p>\n<p>La r\u00e9citation du matin est ainsi un instant favoris\u00e9 pour nous consacrer \u00e0 Dieu avec l\u2019intercession de Marie, en sacrifiant nos acclamations, nos actions de gr\u00e2ce ainsi que nos intentions les plus profondes. Au sein de l\u2019 qui\u00e9tude du l\u2019aurore, on est invit\u00e9s \u00e0 se tourner \u00e0 cette m\u00e8re divine, laquelle nous guide avec tendresse sur le chemin de la foi ainsi que l\u2019amour divin. En faisant l\u2019union nos voix \u00e0 celle de Marie, nous \u00e9levons notre pri\u00e8res matinales \u00e0 du tr\u00f4ne de la gr\u00e2ce, confiants que nos supplications seront entendues et accueillies par le c\u0153ur mis\u00e9ricordieux de Dieu.<\/p>\n<h2> Pri\u00e8re envers le d\u00e9but de journ\u00e9e avec dieu et la Sainte M\u00e8re<\/h2>\n<p>Dieu tout-puissant et plein de mis\u00e9ricorde, en ce matin qui s\u2019annonce sous la clart\u00e9 de ta divine lumi\u00e8re, je viens \u00e0 Toi avec foi et modestie. Que cette jour qui commence soit consacr\u00e9e \u00e0 ta saintet\u00e9, que chaque battement de mon c\u0153ur |chaque regard de mes yeux|chacune de mes paroles|chacun de mes gestes} te soit offert en sacrifice. Que chaque respiration qui anime mon \u00eatre soit un souffle d\u2019adoration |un souffle vers toi|un souffle de vie en toi}. Que la pri\u00e8re r\u00e9sonne, suppliez, priez, que nos \u00e2mes se confient, que nos esprits s\u2019\u00e9l\u00e8vent.<\/p>\n<p>Comme Marie, la m\u00e8re sainte qui a port\u00e9 en son sein l\u2019enfant J\u00e9sus, guide-moi dans ce parcours de foi et de d\u00e9votion. Que je puisse, par le biais de les pages de l\u2019\u00c9vangile, rencontrer la lumi\u00e8re pour \u00e9clairer mes pas et renforcer ma foi. \u00c0 l\u2019instar de Pierre, octroie-moi la puissance et l\u2019audace d\u2019affronter les temp\u00eates de la vie avec une confiance absolue en ta providence.<\/p>\n<p>Au cours de ce p\u00e9riode de Car\u00eame, o\u00f9 les chr\u00e9tiens et les croyantes se pr\u00e9parent \u00e0 c\u00e9l\u00e9brer la r\u00e9surrection de J\u00e9sus-Christ, donne-moi, Seigneur, la gr\u00e2ce du r\u00e9veil spirituel. Que mon c\u0153ur soit purifi\u00e9 de tout ce qui le souille, afin qu\u2019il devienne un sanctuaire pour ta divinit\u00e9. Que mes suppliques, inspir\u00e9e par l\u2019exemple de Fran\u00e7ois d\u2019Assise, sonne comme une m\u00e9lodie de louanges \u00e0 travers les si\u00e8cles.<br \/>\n\u00d4 Seigneur, que mon quotidien soit impr\u00e9gn\u00e9 de ta gr\u00e2ce, que chaque instant soit une occasion de te rencontrer et de te servir dans mes semblables. Que mon chemin soit un t\u00e9moignage vivant de ta tendresse infinie pour l\u2019humanit\u00e9. Puissent les mots de la pri\u00e8re de Hozana monter vers toi comme un doux parfum, enveloppant chaque instant de ma journ\u00e9e dans une ambiance de paix. Priez, \u00c9glise, Fran\u00e7ois, Hozana.<\/p>\n<p>Puissent mon c\u0153ur, Seigneur, devienne une r\u00e9plique du tien, rempli d\u2019amour, de compassion et de mis\u00e9ricorde envers les autres. Que chaque pens\u00e9e, chaque action soit guid\u00e9e par l\u2019Esprit divin, afin que je puisse contribuer \u00e0 l\u2019av\u00e8nement de ton r\u00e8gne de justice sur ce monde.<\/p>\n<p>Puissent cette journ\u00e9e devienne une nouvelle \u00e9tape dans mon cheminement spirituel, une occasion de grandir dans la foi. Seigneur, prends possession de mon c\u0153ur, \u00e9tablis-le comme ton sanctuaire, o\u00f9 ta pr\u00e9sence se manifeste en tout temps. Que chacun de mes battements de c\u0153ur soit un chant \u00e0 ta gloire, \u00f4 Seigneur, pour l\u2019\u00e9ternit\u00e9. Amen.<\/p>\n<p>Au sein de le r\u00e9veil spirituel spirituel de toute \u00e2me chr\u00e9tienne, la supplication est essentielle. Elle est la connexion intime entre l\u2019enfant de Dieu et sa m\u00e8re c\u00e9leste, la Vierge Marie, qui prie pour le compte de nous aupr\u00e8s de son divin Fils. En utilisant la pri\u00e8re, nous nous introduisons dans la lumi\u00e8re de la parole de Dieu, guid\u00e9s avec l\u2019Esprit divin, pour d\u00e9celer la vraie nature et la gr\u00e2ce que J\u00e9sus nous offre.<\/p>\n<h2>Contemplation sur la sainte Parole de Dieu : <\/h2>\n<p>Nous avons la capacit\u00e9 de contempler en ce qui concerne un passage de la Bible qui nous enseigne de l\u2019affection de Dieu. Par exemple :<\/p>\n<h3>1 Corinthiens 13, 1-8 : <\/h3>\n<p>\u00ab\u00a0Et quand je distribuerais tous mes biens pour la nourriture des pauvres, quand je livrerais m\u00eame mon corps pour \u00eatre br\u00fbl\u00e9, si je n\u2019ai pas l\u2019amour, cela ne me sert \u00e0 rien..\u00a0\u00bb<\/p>\n<p>Bibliographie :<\/p>\n<p>Odes (Horace, Leconte de Lisle)\/IV\/1.,<a target=\"_blank\" rel=\"nofollow\" href=\"https:\/\/editionsbussiere.com\/blog\/goto\/https:\/\/fr.wikisource.org\/wiki\/Odes_(Horace,_Leconte_de_Lisle)\/IV\/1\"  target=\"_blank\" rel=\"noopener noreferrer nofollow\">Le texte de l\u2019article.<\/a><span><\/span><\/p>\n<p>Livre pour l\u2019enseignement de ses filles du Chevalier de La Tour Landry\/Chapitre 53.,<a target=\"_blank\" rel=\"nofollow\" href=\"https:\/\/editionsbussiere.com\/blog\/goto\/https:\/\/fr.wikisource.org\/wiki\/Livre_pour_l%E2%80%99enseignement_de_ses_filles_du_Chevalier_de_La_Tour_Landry\/Chapitre_53\"  target=\"_blank\" rel=\"noopener noreferrer nofollow\">L\u2019article de presse.<\/a><span><\/span><\/p>\n<p>Les anciens couvents de Lyon\/37.2. Confalon.,<a target=\"_blank\" rel=\"nofollow\" href=\"https:\/\/editionsbussiere.com\/blog\/goto\/https:\/\/fr.wikisource.org\/wiki\/Les_anciens_couvents_de_Lyon\/37.2._Confalon\"  target=\"_blank\" rel=\"noopener noreferrer nofollow\">L\u2019article ICI.<\/a><span><\/span><\/p>\n<p>Le Livre des ballades\/Faictes semblant de jamais n\u2019y veoir goutte.,<a target=\"_blank\" rel=\"nofollow\" href=\"https:\/\/editionsbussiere.com\/blog\/goto\/https:\/\/fr.wikisource.org\/wiki\/Le_Livre_des_ballades\/Faictes_semblant_de_jamais_n%E2%80%99y_veoir_goutte\"  target=\"_blank\" rel=\"noopener noreferrer nofollow\">Le texte de l\u2019article.<\/a><span><\/span><\/p>\n<p>L\u2019Encyclop\u00e9die\/1re \u00e9dition\/PARDON.,<a target=\"_blank\" rel=\"nofollow\" href=\"https:\/\/editionsbussiere.com\/blog\/goto\/https:\/\/fr.wikisource.org\/wiki\/L%E2%80%99Encyclop%C3%A9die\/1re_%C3%A9dition\/PARDON\"  target=\"_blank\" rel=\"noopener noreferrer nofollow\">Le post d\u2019actualit\u00e9.<\/a><span><\/span>. Suite sur le prochain article.<\/p>\n<p>Chants populaires de la Basse-Bretagne\/Marivonnic.,<a target=\"_blank\" rel=\"nofollow\" href=\"https:\/\/editionsbussiere.com\/blog\/goto\/https:\/\/fr.wikisource.org\/wiki\/Chants_populaires_de_la_Basse-Bretagne\/Marivonnic\"  target=\"_blank\" rel=\"noopener noreferrer nofollow\">Le texte de l\u2019article.<\/a><span><\/span><\/p>\n<\/div>\n<p><img decoding=\"async\" class=\"wpe_imgrss\" src=\"https:\/\/editionsbussiere.com\/blog\/wp-content\/uploads\/2024\/10\/Sainte-Marguerite-Marie-Alacoque-avec-une-requete-au-petit-jour.jpg\">Cet article a \u00e9t\u00e9 reconstitu\u00e9 du mieux possible. Dans l\u2019hypoth\u00e8se o\u00f9 vous souhaitez apporter quelques modifications concernant le th\u00e8me \u00ab\u00a0Editions \u00e9sot\u00e9rique fond\u00e9e en 1927\u00a0\u00bb, il est possible de discuter avec notre r\u00e9daction. Vous pouvez tirer profit de cet article traitant le sujet \u00ab\u00a0Editions \u00e9sot\u00e9rique fond\u00e9e en 1927\u00a0\u00bb. Il est concoct\u00e9 par l\u2019\u00e9quipe editionsbussiere.com. Le site editionsbussiere.com est fait pour cr\u00e9er divers posts autour du th\u00e8me Editions \u00e9sot\u00e9rique fond\u00e9e en 1927 d\u00e9velopp\u00e9es sur internet. Consultez notre site internet editionsbussiere.com et nos r\u00e9seaux sociaux pour \u00eatre au courant des futures annonces.<\/p>\n","protected":false},"excerpt":{"rendered":"<p>Sainte Marguerite-Marie Alacoque est n\u00e9e en 1647 en France. D\u00e8s son plus jeune \u00e2ge, elle avait une profonde d\u00e9votion \u00e0 la pri\u00e8re et \u00e0 l\u2019Eucharistie. Apr\u00e8s avoir surmont\u00e9 une grave maladie dans son enfance, elle se consacre \u00e0 la Bienheureuse Vierge Marie. \u00c0 l\u2019\u00e2ge de 24 ans, elle entre au couvent de la Visitation de [&hellip;]<\/p>\n","protected":false},"author":3,"featured_media":1519,"comment_status":"closed","ping_status":"closed","sticky":false,"template":"","format":"standard","meta":{"footnotes":""},"categories":[3],"tags":[],"class_list":["post-1518","post","type-post","status-publish","format-standard","has-post-thumbnail","hentry","category-editions-esoterique-fondee-en-1927-depeches","entry","fw-tab-6 fw-tabr-4","has-featured-image"],"yoast_head":"<!-- This site is optimized with the Yoast SEO plugin v27.5 - https:\/\/yoast.com\/product\/yoast-seo-wordpress\/ -->\n<title>Sainte Marguerite-Marie Alacoque avec une requ\u00eate au petit jour. - EDITIONSBUSSIERE<\/title>\n<meta name=\"robots\" content=\"index, follow, max-snippet:-1, max-image-preview:large, max-video-preview:-1\" \/>\n<link rel=\"canonical\" href=\"https:\/\/editionsbussiere.com\/blog\/sainte-marguerite-marie-alacoque-avec-une-requete-au-petit-jour\/\" \/>\n<meta property=\"og:locale\" content=\"fr_FR\" \/>\n<meta property=\"og:type\" content=\"article\" \/>\n<meta property=\"og:title\" content=\"Sainte Marguerite-Marie Alacoque avec une requ\u00eate au petit jour. - EDITIONSBUSSIERE\" \/>\n<meta property=\"og:description\" content=\"Sainte Marguerite-Marie Alacoque est n\u00e9e en 1647 en France. D\u00e8s son plus jeune \u00e2ge, elle avait une profonde d\u00e9votion \u00e0 la pri\u00e8re et \u00e0 l\u2019Eucharistie. Apr\u00e8s avoir surmont\u00e9 une grave maladie dans son enfance, elle se consacre \u00e0 la Bienheureuse Vierge Marie. \u00c0 l\u2019\u00e2ge de 24 ans, elle entre au couvent de la Visitation de [&hellip;]\" \/>\n<meta property=\"og:url\" content=\"https:\/\/editionsbussiere.com\/blog\/sainte-marguerite-marie-alacoque-avec-une-requete-au-petit-jour\/\" \/>\n<meta property=\"og:site_name\" content=\"EDITIONSBUSSIERE\" \/>\n<meta property=\"article:published_time\" content=\"2024-10-16T04:00:00+00:00\" \/>\n<meta property=\"og:image\" content=\"https:\/\/editionsbussiere.com\/blog\/wp-content\/uploads\/2024\/10\/Sainte-Marguerite-Marie-Alacoque-avec-une-requete-au-petit-jour.jpg\" \/>\n<meta name=\"author\" content=\"Marie BATICLE\" \/>\n<meta name=\"twitter:card\" content=\"summary_large_image\" \/>\n<meta name=\"twitter:label1\" content=\"\u00c9crit par\" \/>\n\t<meta name=\"twitter:data1\" content=\"Marie BATICLE\" \/>\n\t<meta name=\"twitter:label2\" content=\"Dur\u00e9e de lecture estim\u00e9e\" \/>\n\t<meta name=\"twitter:data2\" content=\"12 minutes\" \/>\n<script type=\"application\/ld+json\" class=\"yoast-schema-graph\">{\"@context\":\"https:\\\/\\\/schema.org\",\"@graph\":[{\"@type\":\"Article\",\"@id\":\"https:\\\/\\\/editionsbussiere.com\\\/blog\\\/sainte-marguerite-marie-alacoque-avec-une-requete-au-petit-jour\\\/#article\",\"isPartOf\":{\"@id\":\"https:\\\/\\\/editionsbussiere.com\\\/blog\\\/sainte-marguerite-marie-alacoque-avec-une-requete-au-petit-jour\\\/\"},\"author\":{\"name\":\"Marie BATICLE\",\"@id\":\"https:\\\/\\\/editionsbussiere.com\\\/blog\\\/#\\\/schema\\\/person\\\/ec90e102792148c97e46ab871010dd8f\"},\"headline\":\"Sainte Marguerite-Marie Alacoque avec une requ\u00eate au petit jour.\",\"datePublished\":\"2024-10-16T04:00:00+00:00\",\"mainEntityOfPage\":{\"@id\":\"https:\\\/\\\/editionsbussiere.com\\\/blog\\\/sainte-marguerite-marie-alacoque-avec-une-requete-au-petit-jour\\\/\"},\"wordCount\":2321,\"publisher\":{\"@id\":\"https:\\\/\\\/editionsbussiere.com\\\/blog\\\/#organization\"},\"image\":{\"@id\":\"https:\\\/\\\/editionsbussiere.com\\\/blog\\\/sainte-marguerite-marie-alacoque-avec-une-requete-au-petit-jour\\\/#primaryimage\"},\"thumbnailUrl\":\"https:\\\/\\\/editionsbussiere.com\\\/blog\\\/wp-content\\\/uploads\\\/2024\\\/10\\\/Sainte-Marguerite-Marie-Alacoque-avec-une-requete-au-petit-jour.jpg\",\"articleSection\":[\"Editions \u00c9sot\u00e9rique Fond\u00e9e En 1927; D\u00e9p\u00e8ches:\"],\"inLanguage\":\"fr-FR\"},{\"@type\":\"WebPage\",\"@id\":\"https:\\\/\\\/editionsbussiere.com\\\/blog\\\/sainte-marguerite-marie-alacoque-avec-une-requete-au-petit-jour\\\/\",\"url\":\"https:\\\/\\\/editionsbussiere.com\\\/blog\\\/sainte-marguerite-marie-alacoque-avec-une-requete-au-petit-jour\\\/\",\"name\":\"Sainte Marguerite-Marie Alacoque avec une requ\u00eate au petit jour. - EDITIONSBUSSIERE\",\"isPartOf\":{\"@id\":\"https:\\\/\\\/editionsbussiere.com\\\/blog\\\/#website\"},\"primaryImageOfPage\":{\"@id\":\"https:\\\/\\\/editionsbussiere.com\\\/blog\\\/sainte-marguerite-marie-alacoque-avec-une-requete-au-petit-jour\\\/#primaryimage\"},\"image\":{\"@id\":\"https:\\\/\\\/editionsbussiere.com\\\/blog\\\/sainte-marguerite-marie-alacoque-avec-une-requete-au-petit-jour\\\/#primaryimage\"},\"thumbnailUrl\":\"https:\\\/\\\/editionsbussiere.com\\\/blog\\\/wp-content\\\/uploads\\\/2024\\\/10\\\/Sainte-Marguerite-Marie-Alacoque-avec-une-requete-au-petit-jour.jpg\",\"datePublished\":\"2024-10-16T04:00:00+00:00\",\"breadcrumb\":{\"@id\":\"https:\\\/\\\/editionsbussiere.com\\\/blog\\\/sainte-marguerite-marie-alacoque-avec-une-requete-au-petit-jour\\\/#breadcrumb\"},\"inLanguage\":\"fr-FR\",\"potentialAction\":[{\"@type\":\"ReadAction\",\"target\":[\"https:\\\/\\\/editionsbussiere.com\\\/blog\\\/sainte-marguerite-marie-alacoque-avec-une-requete-au-petit-jour\\\/\"]}]},{\"@type\":\"ImageObject\",\"inLanguage\":\"fr-FR\",\"@id\":\"https:\\\/\\\/editionsbussiere.com\\\/blog\\\/sainte-marguerite-marie-alacoque-avec-une-requete-au-petit-jour\\\/#primaryimage\",\"url\":\"https:\\\/\\\/editionsbussiere.com\\\/blog\\\/wp-content\\\/uploads\\\/2024\\\/10\\\/Sainte-Marguerite-Marie-Alacoque-avec-une-requete-au-petit-jour.jpg\",\"contentUrl\":\"https:\\\/\\\/editionsbussiere.com\\\/blog\\\/wp-content\\\/uploads\\\/2024\\\/10\\\/Sainte-Marguerite-Marie-Alacoque-avec-une-requete-au-petit-jour.jpg\",\"width\":727,\"height\":701,\"caption\":\"Sainte Marguerite Marie Alacoque avec une requete au petit jour\"},{\"@type\":\"BreadcrumbList\",\"@id\":\"https:\\\/\\\/editionsbussiere.com\\\/blog\\\/sainte-marguerite-marie-alacoque-avec-une-requete-au-petit-jour\\\/#breadcrumb\",\"itemListElement\":[{\"@type\":\"ListItem\",\"position\":1,\"name\":\"Accueil\",\"item\":\"https:\\\/\\\/editionsbussiere.com\\\/blog\\\/\"},{\"@type\":\"ListItem\",\"position\":2,\"name\":\"Sainte Marguerite-Marie Alacoque avec une requ\u00eate au petit jour.\"}]},{\"@type\":\"WebSite\",\"@id\":\"https:\\\/\\\/editionsbussiere.com\\\/blog\\\/#website\",\"url\":\"https:\\\/\\\/editionsbussiere.com\\\/blog\\\/\",\"name\":\"EDITIONSBUSSIERE\",\"description\":\"Editions \u00e9sot\u00e9rique fond\u00e9e en 1927; site historique, A SAVOIR ET RETENIR.\",\"publisher\":{\"@id\":\"https:\\\/\\\/editionsbussiere.com\\\/blog\\\/#organization\"},\"potentialAction\":[{\"@type\":\"SearchAction\",\"target\":{\"@type\":\"EntryPoint\",\"urlTemplate\":\"https:\\\/\\\/editionsbussiere.com\\\/blog\\\/?s={search_term_string}\"},\"query-input\":{\"@type\":\"PropertyValueSpecification\",\"valueRequired\":true,\"valueName\":\"search_term_string\"}}],\"inLanguage\":\"fr-FR\"},{\"@type\":\"Organization\",\"@id\":\"https:\\\/\\\/editionsbussiere.com\\\/blog\\\/#organization\",\"name\":\"editionsbussiere\",\"url\":\"https:\\\/\\\/editionsbussiere.com\\\/blog\\\/\",\"logo\":{\"@type\":\"ImageObject\",\"inLanguage\":\"fr-FR\",\"@id\":\"https:\\\/\\\/editionsbussiere.com\\\/blog\\\/#\\\/schema\\\/logo\\\/image\\\/\",\"url\":\"https:\\\/\\\/editionsbussiere.com\\\/blog\\\/wp-content\\\/uploads\\\/2023\\\/09\\\/cropped-buss.gif\",\"contentUrl\":\"https:\\\/\\\/editionsbussiere.com\\\/blog\\\/wp-content\\\/uploads\\\/2023\\\/09\\\/cropped-buss.gif\",\"width\":298,\"height\":120,\"caption\":\"editionsbussiere\"},\"image\":{\"@id\":\"https:\\\/\\\/editionsbussiere.com\\\/blog\\\/#\\\/schema\\\/logo\\\/image\\\/\"}},{\"@type\":\"Person\",\"@id\":\"https:\\\/\\\/editionsbussiere.com\\\/blog\\\/#\\\/schema\\\/person\\\/ec90e102792148c97e46ab871010dd8f\",\"name\":\"Marie BATICLE\",\"image\":{\"@type\":\"ImageObject\",\"inLanguage\":\"fr-FR\",\"@id\":\"https:\\\/\\\/secure.gravatar.com\\\/avatar\\\/c923e52403b1b8137e2d929127211d21967e6aecaa053bd43b09da29f212e76e?s=96&d=mm&r=g\",\"url\":\"https:\\\/\\\/secure.gravatar.com\\\/avatar\\\/c923e52403b1b8137e2d929127211d21967e6aecaa053bd43b09da29f212e76e?s=96&d=mm&r=g\",\"contentUrl\":\"https:\\\/\\\/secure.gravatar.com\\\/avatar\\\/c923e52403b1b8137e2d929127211d21967e6aecaa053bd43b09da29f212e76e?s=96&d=mm&r=g\",\"caption\":\"Marie BATICLE\"},\"url\":\"https:\\\/\\\/editionsbussiere.com\\\/blog\\\/author\\\/eremarie\\\/\"}]}<\/script>\n<!-- \/ Yoast SEO plugin. -->","yoast_head_json":{"title":"Sainte Marguerite-Marie Alacoque avec une requ\u00eate au petit jour. - EDITIONSBUSSIERE","robots":{"index":"index","follow":"follow","max-snippet":"max-snippet:-1","max-image-preview":"max-image-preview:large","max-video-preview":"max-video-preview:-1"},"canonical":"https:\/\/editionsbussiere.com\/blog\/sainte-marguerite-marie-alacoque-avec-une-requete-au-petit-jour\/","og_locale":"fr_FR","og_type":"article","og_title":"Sainte Marguerite-Marie Alacoque avec une requ\u00eate au petit jour. - EDITIONSBUSSIERE","og_description":"Sainte Marguerite-Marie Alacoque est n\u00e9e en 1647 en France. D\u00e8s son plus jeune \u00e2ge, elle avait une profonde d\u00e9votion \u00e0 la pri\u00e8re et \u00e0 l\u2019Eucharistie. Apr\u00e8s avoir surmont\u00e9 une grave maladie dans son enfance, elle se consacre \u00e0 la Bienheureuse Vierge Marie. \u00c0 l\u2019\u00e2ge de 24 ans, elle entre au couvent de la Visitation de [&hellip;]","og_url":"https:\/\/editionsbussiere.com\/blog\/sainte-marguerite-marie-alacoque-avec-une-requete-au-petit-jour\/","og_site_name":"EDITIONSBUSSIERE","article_published_time":"2024-10-16T04:00:00+00:00","og_image":[{"url":"https:\/\/editionsbussiere.com\/blog\/wp-content\/uploads\/2024\/10\/Sainte-Marguerite-Marie-Alacoque-avec-une-requete-au-petit-jour.jpg","type":"","width":"","height":""}],"author":"Marie BATICLE","twitter_card":"summary_large_image","twitter_misc":{"\u00c9crit par":"Marie BATICLE","Dur\u00e9e de lecture estim\u00e9e":"12 minutes"},"schema":{"@context":"https:\/\/schema.org","@graph":[{"@type":"Article","@id":"https:\/\/editionsbussiere.com\/blog\/sainte-marguerite-marie-alacoque-avec-une-requete-au-petit-jour\/#article","isPartOf":{"@id":"https:\/\/editionsbussiere.com\/blog\/sainte-marguerite-marie-alacoque-avec-une-requete-au-petit-jour\/"},"author":{"name":"Marie BATICLE","@id":"https:\/\/editionsbussiere.com\/blog\/#\/schema\/person\/ec90e102792148c97e46ab871010dd8f"},"headline":"Sainte Marguerite-Marie Alacoque avec une requ\u00eate au petit jour.","datePublished":"2024-10-16T04:00:00+00:00","mainEntityOfPage":{"@id":"https:\/\/editionsbussiere.com\/blog\/sainte-marguerite-marie-alacoque-avec-une-requete-au-petit-jour\/"},"wordCount":2321,"publisher":{"@id":"https:\/\/editionsbussiere.com\/blog\/#organization"},"image":{"@id":"https:\/\/editionsbussiere.com\/blog\/sainte-marguerite-marie-alacoque-avec-une-requete-au-petit-jour\/#primaryimage"},"thumbnailUrl":"https:\/\/editionsbussiere.com\/blog\/wp-content\/uploads\/2024\/10\/Sainte-Marguerite-Marie-Alacoque-avec-une-requete-au-petit-jour.jpg","articleSection":["Editions \u00c9sot\u00e9rique Fond\u00e9e En 1927; D\u00e9p\u00e8ches:"],"inLanguage":"fr-FR"},{"@type":"WebPage","@id":"https:\/\/editionsbussiere.com\/blog\/sainte-marguerite-marie-alacoque-avec-une-requete-au-petit-jour\/","url":"https:\/\/editionsbussiere.com\/blog\/sainte-marguerite-marie-alacoque-avec-une-requete-au-petit-jour\/","name":"Sainte Marguerite-Marie Alacoque avec une requ\u00eate au petit jour. - EDITIONSBUSSIERE","isPartOf":{"@id":"https:\/\/editionsbussiere.com\/blog\/#website"},"primaryImageOfPage":{"@id":"https:\/\/editionsbussiere.com\/blog\/sainte-marguerite-marie-alacoque-avec-une-requete-au-petit-jour\/#primaryimage"},"image":{"@id":"https:\/\/editionsbussiere.com\/blog\/sainte-marguerite-marie-alacoque-avec-une-requete-au-petit-jour\/#primaryimage"},"thumbnailUrl":"https:\/\/editionsbussiere.com\/blog\/wp-content\/uploads\/2024\/10\/Sainte-Marguerite-Marie-Alacoque-avec-une-requete-au-petit-jour.jpg","datePublished":"2024-10-16T04:00:00+00:00","breadcrumb":{"@id":"https:\/\/editionsbussiere.com\/blog\/sainte-marguerite-marie-alacoque-avec-une-requete-au-petit-jour\/#breadcrumb"},"inLanguage":"fr-FR","potentialAction":[{"@type":"ReadAction","target":["https:\/\/editionsbussiere.com\/blog\/sainte-marguerite-marie-alacoque-avec-une-requete-au-petit-jour\/"]}]},{"@type":"ImageObject","inLanguage":"fr-FR","@id":"https:\/\/editionsbussiere.com\/blog\/sainte-marguerite-marie-alacoque-avec-une-requete-au-petit-jour\/#primaryimage","url":"https:\/\/editionsbussiere.com\/blog\/wp-content\/uploads\/2024\/10\/Sainte-Marguerite-Marie-Alacoque-avec-une-requete-au-petit-jour.jpg","contentUrl":"https:\/\/editionsbussiere.com\/blog\/wp-content\/uploads\/2024\/10\/Sainte-Marguerite-Marie-Alacoque-avec-une-requete-au-petit-jour.jpg","width":727,"height":701,"caption":"Sainte Marguerite Marie Alacoque avec une requete au petit jour"},{"@type":"BreadcrumbList","@id":"https:\/\/editionsbussiere.com\/blog\/sainte-marguerite-marie-alacoque-avec-une-requete-au-petit-jour\/#breadcrumb","itemListElement":[{"@type":"ListItem","position":1,"name":"Accueil","item":"https:\/\/editionsbussiere.com\/blog\/"},{"@type":"ListItem","position":2,"name":"Sainte Marguerite-Marie Alacoque avec une requ\u00eate au petit jour."}]},{"@type":"WebSite","@id":"https:\/\/editionsbussiere.com\/blog\/#website","url":"https:\/\/editionsbussiere.com\/blog\/","name":"EDITIONSBUSSIERE","description":"Editions \u00e9sot\u00e9rique fond\u00e9e en 1927; site historique, A SAVOIR ET RETENIR.","publisher":{"@id":"https:\/\/editionsbussiere.com\/blog\/#organization"},"potentialAction":[{"@type":"SearchAction","target":{"@type":"EntryPoint","urlTemplate":"https:\/\/editionsbussiere.com\/blog\/?s={search_term_string}"},"query-input":{"@type":"PropertyValueSpecification","valueRequired":true,"valueName":"search_term_string"}}],"inLanguage":"fr-FR"},{"@type":"Organization","@id":"https:\/\/editionsbussiere.com\/blog\/#organization","name":"editionsbussiere","url":"https:\/\/editionsbussiere.com\/blog\/","logo":{"@type":"ImageObject","inLanguage":"fr-FR","@id":"https:\/\/editionsbussiere.com\/blog\/#\/schema\/logo\/image\/","url":"https:\/\/editionsbussiere.com\/blog\/wp-content\/uploads\/2023\/09\/cropped-buss.gif","contentUrl":"https:\/\/editionsbussiere.com\/blog\/wp-content\/uploads\/2023\/09\/cropped-buss.gif","width":298,"height":120,"caption":"editionsbussiere"},"image":{"@id":"https:\/\/editionsbussiere.com\/blog\/#\/schema\/logo\/image\/"}},{"@type":"Person","@id":"https:\/\/editionsbussiere.com\/blog\/#\/schema\/person\/ec90e102792148c97e46ab871010dd8f","name":"Marie BATICLE","image":{"@type":"ImageObject","inLanguage":"fr-FR","@id":"https:\/\/secure.gravatar.com\/avatar\/c923e52403b1b8137e2d929127211d21967e6aecaa053bd43b09da29f212e76e?s=96&d=mm&r=g","url":"https:\/\/secure.gravatar.com\/avatar\/c923e52403b1b8137e2d929127211d21967e6aecaa053bd43b09da29f212e76e?s=96&d=mm&r=g","contentUrl":"https:\/\/secure.gravatar.com\/avatar\/c923e52403b1b8137e2d929127211d21967e6aecaa053bd43b09da29f212e76e?s=96&d=mm&r=g","caption":"Marie BATICLE"},"url":"https:\/\/editionsbussiere.com\/blog\/author\/eremarie\/"}]}},"_links":{"self":[{"href":"https:\/\/editionsbussiere.com\/blog\/wp-json\/wp\/v2\/posts\/1518","targetHints":{"allow":["GET"]}}],"collection":[{"href":"https:\/\/editionsbussiere.com\/blog\/wp-json\/wp\/v2\/posts"}],"about":[{"href":"https:\/\/editionsbussiere.com\/blog\/wp-json\/wp\/v2\/types\/post"}],"author":[{"embeddable":true,"href":"https:\/\/editionsbussiere.com\/blog\/wp-json\/wp\/v2\/users\/3"}],"replies":[{"embeddable":true,"href":"https:\/\/editionsbussiere.com\/blog\/wp-json\/wp\/v2\/comments?post=1518"}],"version-history":[{"count":0,"href":"https:\/\/editionsbussiere.com\/blog\/wp-json\/wp\/v2\/posts\/1518\/revisions"}],"wp:featuredmedia":[{"embeddable":true,"href":"https:\/\/editionsbussiere.com\/blog\/wp-json\/wp\/v2\/media\/1519"}],"wp:attachment":[{"href":"https:\/\/editionsbussiere.com\/blog\/wp-json\/wp\/v2\/media?parent=1518"}],"wp:term":[{"taxonomy":"category","embeddable":true,"href":"https:\/\/editionsbussiere.com\/blog\/wp-json\/wp\/v2\/categories?post=1518"},{"taxonomy":"post_tag","embeddable":true,"href":"https:\/\/editionsbussiere.com\/blog\/wp-json\/wp\/v2\/tags?post=1518"}],"curies":[{"name":"wp","href":"https:\/\/api.w.org\/{rel}","templated":true}]}}