{"id":1514,"date":"2024-10-16T00:23:57","date_gmt":"2024-10-15T22:23:57","guid":{"rendered":"https:\/\/editionsbussiere.com\/blog\/un-lieu-pour-reflechir-sur-la-presence-de-lamerique-latine-dans-leglise-catholic-world-report-supplication-du-matin\/"},"modified":"2024-10-16T00:23:57","modified_gmt":"2024-10-15T22:23:57","slug":"un-lieu-pour-reflechir-sur-la-presence-de-lamerique-latine-dans-leglise-catholic-world-report-supplication-du-matin","status":"publish","type":"post","link":"https:\/\/editionsbussiere.com\/blog\/un-lieu-pour-reflechir-sur-la-presence-de-lamerique-latine-dans-leglise-catholic-world-report-supplication-du-matin\/","title":{"rendered":"un lieu pour r\u00e9fl\u00e9chir sur la pr\u00e9sence de l\u2019Am\u00e9rique latine dans l\u2019\u00c9glise \u2013 Catholic World Report\n &amp; supplication du matin."},"content":{"rendered":"<div><img width=\"488\" height=\"308\" src=\"https:\/\/editionsbussiere.com\/blog\/wp-content\/uploads\/2024\/10\/un-lieu-pour-reflechir-sur-la-presence-de-lAmerique-latine.jpg\" class=\"attachment-large size-large wp-post-image\" alt=\"un lieu pour r\u00e9fl\u00e9chir sur la pr\u00e9sence de l\u2019Am\u00e9rique latine\" style=\"float:left; margin:0 15px 15px 0;\" decoding=\"async\" srcset=\"https:\/\/editionsbussiere.com\/blog\/wp-content\/uploads\/2024\/10\/un-lieu-pour-reflechir-sur-la-presence-de-lAmerique-latine.jpg 488w, https:\/\/www.n42.fr\/wp-content\/uploads\/2024\/10\/un-lieu-pour-reflechir-sur-la-presence-de-lAmerique-latine-300x189.jpg 300w\" sizes=\"(max-width: 488px) 100vw, 488px\"><\/p>\n<p>\n<\/p>\n<div>\n<div>\n  <span>Lorsque le pape Pie IX d\u00e9clara la doctrine de l\u2019Immacul\u00e9e Conception de la Vierge Marie le 8 d\u00e9cembre 1854, il fit ajouter une couronne d\u2019or \u00e0 la mosa\u00efque de Marie, Vierge Immacul\u00e9e, dans la chapelle du ch\u0153ur de la basilique Saint-Pierre. \/ Daniel Iba\u00f1ez\/AIIC<\/span>\n<\/div>\n<p>Cit\u00e9 du Vatican, 29 mai 2023 \/ 10h30 (CNA).<\/p>\n<p>Pour honorer la Bienheureuse Vierge Marie, le Vatican propose un p\u00e8lerinage marial sp\u00e9cial dans la basilique Saint-Pierre chaque samedi apr\u00e8s-midi du mois de mai.<\/p>\n<p>L\u2019itin\u00e9raire marial am\u00e8ne les p\u00e8lerins de la sculpture en marbre de la Piet\u00e0 de Michel-Ange \u00e0 Notre-Dame du Perp\u00e9tuel Secours, un tableau du XIIe si\u00e8cle introduit dans la basilique en 1578 lors d\u2019une procession solennelle.<\/p>\n<p>Pour ceux qui ne peuvent pas se rendre dans la Ville \u00e9ternelle, CNA propose la \u00ab visite virtuelle \u00bb suivante avec des photos de Daniel Iba\u00f1ez de huit belles images de Notre-Dame dans la basilique Saint-Pierre pour la f\u00eate de Marie, M\u00e8re de l\u2019\u00c9glise.<\/p>\n<figure class=\"mx-auto\"><img decoding=\"async\" src=\"https:\/\/editionsbussiere.com\/blog\/wp-content\/uploads\/2024\/10\/04-cappella-del-coro-2.jpg\" class=\"img-fluid\" alt=\"Dans la chapelle du ch\u0153ur de la basilique Saint-Pierre, une grande mosa\u00efque bas\u00e9e sur la peinture de l'artiste italien Pietro Bianchi repr\u00e9sente Marie, Vierge Immacul\u00e9e, dans la gloire du ciel, v\u00e9n\u00e9r\u00e9e par saint Jean Chrysostome (\u00e0 gauche) et d'autres saints. Daniel Iba\u00f1ez\/AIIC\"><figcaption class=\"caption text-muted\">Dans la chapelle du ch\u0153ur de la basilique Saint-Pierre, une grande mosa\u00efque bas\u00e9e sur la peinture de l\u2019artiste italien Pietro Bianchi repr\u00e9sente Marie, Vierge Immacul\u00e9e, dans la gloire du ciel, v\u00e9n\u00e9r\u00e9e par saint Jean Chrysostome (\u00e0 gauche) et d\u2019autres saints. Daniel Iba\u00f1ez\/AIIC<\/figcaption><\/figure>\n<p> <strong>Vierge Immacul\u00e9e<\/strong><\/p>\n<p>Dans la chapelle du Ch\u0153ur de la basilique, un grand retable r\u00e9v\u00e8le Marie, Vierge Immacul\u00e9e, dans la gloire du ciel au-dessus des anges et des saints. La mosa\u00efque bas\u00e9e sur une peinture du XVIIIe si\u00e8cle de l\u2019artiste italien Pietro Bianchi repr\u00e9sente saint Jean Chrysostome, saint Fran\u00e7ois d\u2019Assise et saint Antoine de Padoue v\u00e9n\u00e9rant la Bienheureuse Vierge Marie. <\/p>\n<p>La chapelle est situ\u00e9e sur le c\u00f4t\u00e9 gauche de la basilique derri\u00e8re un portail en fer con\u00e7u par Gian Lorenzo Bernini. Saint Jean Chrysostome est enterr\u00e9 sous l\u2019autel, qui contient \u00e9galement les reliques de saint Fran\u00e7ois et de saint Antoine. <\/p>\n<p>Lorsque le pape Pie IX d\u00e9clara la doctrine de l\u2019Immacul\u00e9e Conception de la Vierge Marie le 8 d\u00e9cembre 1854, il fit ajouter une couronne d\u2019or \u00e0 la mosa\u00efque de Marie. Le pape Pie X a ensuite ajout\u00e9 une couronne de diamants plus grande pour marquer le 50e anniversaire de la d\u00e9claration en 1904.<\/p>\n<p>La peinture originale de Bianchi se trouve dans la basilique Santa Maria degli Angeli e dei Martiri de Rome.<\/p>\n<p><strong>M\u00e8re de l\u2019\u00c9glise<\/strong><\/p>\n<figure class=\"mx-auto\"><img decoding=\"async\" src=\"https:\/\/editionsbussiere.com\/blog\/wp-content\/uploads\/2024\/10\/08-mater-ecclesiae-light-.png\" class=\"img-fluid\" alt=\"La basilique Saint-Pierre contient une ic\u00f4ne de la Vierge Marie intitul\u00e9e \u00ab Mater Ecclesiae \u00bb, qui signifie \u00ab M\u00e8re de l'\u00c9glise \u00bb. Daniel Iba\u00f1ez\/AIIC\"><figcaption class=\"caption text-muted\">La basilique Saint-Pierre contient une ic\u00f4ne de la Vierge Marie intitul\u00e9e \u00ab Mater Ecclesiae \u00bb, qui signifie \u00ab M\u00e8re de l\u2019\u00c9glise \u00bb. Daniel Iba\u00f1ez\/AIIC<\/figcaption><\/figure>\n<p>La basilique contient une ic\u00f4ne de la Vierge Marie intitul\u00e9e \u00ab Mater Ecclesiae \u00bb, qui signifie \u00ab M\u00e8re de l\u2019\u00c9glise \u00bb.<\/p>\n<p>L\u2019image originale de la Vierge Marie et de l\u2019Enfant J\u00e9sus a \u00e9t\u00e9 peinte sur une colonne de l\u2019ancienne basilique Saint-Pierre, construite par l\u2019empereur Constantin au IVe si\u00e8cle. Elle fut ensuite transf\u00e9r\u00e9e dans la basilique Saint-Pierre du XVIe si\u00e8cle. Paul VI a honor\u00e9 l\u2019ic\u00f4ne du titre \u00ab Mater Ecclesiae \u00bb apr\u00e8s le Concile Vatican II.<\/p>\n<p>L\u2019ic\u00f4ne est encore visible au-dessus de l\u2019un des autels lat\u00e9raux de la basilique, dans la chapelle Notre-Dame de la Colonne, qui contient \u00e9galement les restes du pape Saint L\u00e9on le Grand (440-461). <\/p>\n<p>Une mosa\u00efque de la Vierge Marie surplombant la place Saint-Pierre s\u2019inspire de l\u2019image originale de Mater Ecclesiae. La mosa\u00efque a \u00e9t\u00e9 install\u00e9e apr\u00e8s la tentative d\u2019assassinat contre saint Jean-Paul II en 1981.<\/p>\n<p>En b\u00e9nissant la mosa\u00efque, Jean-Paul II a pri\u00e9 \u00ab pour que tous ceux qui viendront sur cette place Saint-Pierre l\u00e8vent leur regard vers toi \u00bb. [Mary]pour diriger, avec un sentiment de confiance filiale, leurs salutations et leurs pri\u00e8res.<\/p>\n<p>En 2018, le pape Fran\u00e7ois a ajout\u00e9 la m\u00e9moire de \u00ab Marie, M\u00e8re de l\u2019\u00c9glise \u00bb au calendrier liturgique du lundi apr\u00e8s la Pentec\u00f4te.<\/p>\n<p><strong>M\u00e8re des p\u00e8lerins<\/strong><\/p>\n<figure class=\"mx-auto\"><img decoding=\"async\" src=\"https:\/\/editionsbussiere.com\/blog\/wp-content\/uploads\/2024\/10\/05-cappella-del-coro.jpg\" class=\"img-fluid\" alt=\"Une peinture restaur\u00e9e du XVIe si\u00e8cle repr\u00e9sentant Notre-Dame tenant son Fils se trouve dans la basilique Saint-Pierre au-dessus du sarcophage du pape Gr\u00e9goire XIV sous le titre \" mother=\"\" of=\"\" pilgrims.=\"\" daniel=\"\" iba=\"\"><figcaption class=\"caption text-muted\">Un tableau restaur\u00e9 du XVIe si\u00e8cle repr\u00e9sentant Notre-Dame tenant son Fils se trouve dans la basilique Saint-Pierre au-dessus du sarcophage du pape Gr\u00e9goire XIV sous le titre \u00ab M\u00e8re des p\u00e8lerins \u00bb. Daniel Iba\u00f1ez\/AIIC<\/figcaption><\/figure>\n<p>Une peinture restaur\u00e9e du XVIe si\u00e8cle repr\u00e9sentant Notre-Dame tenant son fils se trouve dans la basilique Saint-Pierre, au-dessus du sarcophage du pape Gr\u00e9goire XIV. <\/p>\n<p>L\u2019image est intitul\u00e9e \u00ab Mater Peregrinorum \u00bb ou M\u00e8re des p\u00e8lerins. L\u2019artiste original n\u2019est pas connu, mais les Italiens appellent \u00e9galement le tableau \u00ab Madonna di Scossacavalli \u00bb car il provient de l\u2019\u00e9glise romaine de San Giacomo Scossacavalli, qui a \u00e9t\u00e9 d\u00e9molie en 1937 pour cr\u00e9er l\u2019actuelle Via della Conciliazione menant \u00e0 la basilique Saint-Pierre. .<\/p>\n<p><strong>Notre-Dame du Perp\u00e9tuel Secours<\/strong><\/p>\n<figure class=\"mx-auto\"><img decoding=\"async\" src=\"https:\/\/editionsbussiere.com\/blog\/wp-content\/uploads\/2024\/10\/06-madonna-del-soccorso.jpg\" class=\"img-fluid\" alt=\"Une peinture sur bois du XIIe si\u00e8cle intitul\u00e9e Notre-Dame du Perp\u00e9tuel Secours dans la chapelle gr\u00e9gorienne de la basilique Saint-Pierre. Daniel Iba\u00f1ez\/AIIC\"><figcaption class=\"caption text-muted\">Une peinture sur bois du XIIe si\u00e8cle intitul\u00e9e Notre-Dame du Perp\u00e9tuel Secours dans la chapelle gr\u00e9gorienne de la basilique Saint-Pierre. Daniel Iba\u00f1ez\/AIIC<\/figcaption><\/figure>\n<p>Une peinture sur bois du XIIe si\u00e8cle intitul\u00e9e Notre-Dame du Perp\u00e9tuel Secours, \u00e9galement connue sous le nom de Notre-Dame du Secours, a \u00e9t\u00e9 transf\u00e9r\u00e9e sur un autel de la chapelle gr\u00e9gorienne Saint-Pierre le 12 f\u00e9vrier 1578 avec une procession solennelle.<\/p>\n<p>Ce tableau constitue la premi\u00e8re restauration artistique r\u00e9alis\u00e9e sous le pontificat du pape Fran\u00e7ois au cours de l\u2019Ann\u00e9e de la foi, selon un livre publi\u00e9 par les Chevaliers de Colomb. <\/p>\n<p>Les restes du docteur de l\u2019\u00e9glise Saint Gr\u00e9goire de Nazianze (mort en 390) sont conserv\u00e9s dans une urne sous l\u2019autel de Notre-Dame du Secours dans la chapelle gr\u00e9gorienne, situ\u00e9e sur le c\u00f4t\u00e9 droit de la basilique.<\/p>\n<p><strong>Arche d\u2019Alliance<\/strong><\/p>\n<figure class=\"mx-auto\"><img decoding=\"async\" src=\"https:\/\/editionsbussiere.com\/blog\/wp-content\/uploads\/2024\/10\/03-altare-presentazione-al-tempio.png\" class=\"img-fluid\" alt=\"Un retable en mosa\u00efque de la Pr\u00e9sentation de la Vierge Marie au Temple se trouve au-dessus du tombeau du pape Saint Pie X, pr\u00e8s de l'entr\u00e9e gauche de la basilique. Daniel Iba\u00f1ez\/AIIC\"><figcaption class=\"caption text-muted\">Un retable en mosa\u00efque de la Pr\u00e9sentation de la Vierge Marie au Temple se trouve au-dessus du tombeau du pape Saint Pie X, pr\u00e8s de l\u2019entr\u00e9e gauche de la basilique. Daniel Iba\u00f1ez\/AIIC<\/figcaption><\/figure>\n<p>Un retable en mosa\u00efque color\u00e9e de la Pr\u00e9sentation de la Vierge Marie au Temple illumine le mur au-dessus du tombeau du pape saint Pie X (d\u00e9c\u00e9d\u00e9 en 1914) dans la chapelle de pr\u00e9sentation, pr\u00e8s de l\u2019entr\u00e9e avant gauche de la basilique.<\/p>\n<p>Une jeune Marie est repr\u00e9sent\u00e9e sur les marches du Temple avec ses parents, les saints. Anne et Joachim, les grands-parents de J\u00e9sus.<\/p>\n<p>La mosa\u00efque r\u00e9alis\u00e9e par Pietro Paolo Cristofari en 1728 est bas\u00e9e sur un tableau de l\u2019artiste du XVIIe si\u00e8cle Giovanni Francesco Romaneli, dont l\u2019original se trouve dans la basilique Santa Maria degli Angeli e dei Martiri de Rome.<\/p>\n<p><strong>Porte du Ciel<\/strong><\/p>\n<figure class=\"mx-auto\"><img decoding=\"async\" src=\"https:\/\/editionsbussiere.com\/blog\/wp-content\/uploads\/2024\/10\/01-porta-di-filarete-2.jpg\" class=\"img-fluid\" alt=\"Selon le p\u00e8re Agnello Stoia, cur\u00e9 de la paroisse de la basilique Saint-Pierre, l'image de Marie du XVe si\u00e8cle sur la porte la plus ancienne de la basilique Saint-Pierre rappelle le titre de Marie, \u00ab Porte du Ciel \u00bb. Daniel Iba\u00f1ez\/AIIC\"><figcaption class=\"caption text-muted\">Selon le p\u00e8re Agnello Stoia, cur\u00e9 de la paroisse de la basilique Saint-Pierre, l\u2019image de Marie du XVe si\u00e8cle sur la porte la plus ancienne de la basilique Saint-Pierre rappelle le titre de Marie, \u00ab Porte du Ciel \u00bb. Daniel Iba\u00f1ez\/AIIC<\/figcaption><\/figure>\n<p>La porte centrale menant \u00e0 la basilique a \u00e9t\u00e9 conserv\u00e9e de l\u2019ancienne basilique Saint-Pierre et est connue sous le nom de porte Filarete. Cr\u00e9\u00e9e par un artiste florentin en 1455, la porte repr\u00e9sente le Christ, la Vierge Marie et les ap\u00f4tres saints. Pierre et Paul.<\/p>\n<p>Selon le p\u00e8re Agnello Stoia, cur\u00e9 de la paroisse de la basilique Saint-Pierre, l\u2019image de Marie du XVe si\u00e8cle sur la porte rappelle le titre de Marie, \u00ab Porte du Ciel \u00bb.<\/p>\n<p><strong>Reine mont\u00e9e au ciel<\/strong><\/p>\n<figure class=\"mx-auto\"><img decoding=\"async\" src=\"https:\/\/editionsbussiere.com\/blog\/wp-content\/uploads\/2024\/10\/07-madonna-nella-cupola.jpg\" class=\"img-fluid\" alt=\"Les mosa\u00efques d\u00e9corant la coupole int\u00e9rieure de la basilique Saint-Pierre repr\u00e9sentent la Bienheureuse Vierge Marie aux c\u00f4t\u00e9s du Christ R\u00e9dempteur et des Ap\u00f4tres. Daniel Iba\u00f1ez\/AIIC\"><figcaption class=\"caption text-muted\">Les mosa\u00efques d\u00e9corant la coupole int\u00e9rieure de la basilique Saint-Pierre repr\u00e9sentent la Bienheureuse Vierge Marie aux c\u00f4t\u00e9s du Christ R\u00e9dempteur et des Ap\u00f4tres. Daniel Iba\u00f1ez\/AIIC<\/figcaption><\/figure>\n<p>En regardant la coupole ou le d\u00f4me de la basilique Saint-Pierre, on voit des mosa\u00efques repr\u00e9sentant la Bienheureuse Vierge Marie \u00e0 c\u00f4t\u00e9 du Christ R\u00e9dempteur, avec Saint Jean-Baptiste et les ap\u00f4tres. <\/p>\n<p>La mosa\u00efque de la Vierge Marie sur le Grand D\u00f4me, achev\u00e9e en 1610 par Orazio Gentileschi, est bas\u00e9e sur des dessins du peintre mani\u00e9riste italien Giuseppe Cesari.<\/p>\n<p><strong>M\u00e8re du R\u00e9dempteur<\/strong><\/p>\n<figure class=\"mx-auto\"><img decoding=\"async\" src=\"https:\/\/editionsbussiere.com\/blog\/wp-content\/uploads\/2024\/10\/20171214-la-pieta-by-michelangelo-daniel-ibanez-4.jpg\" class=\"img-fluid\" alt=\"La Pieta de Michel-Ange transmet la foi et l'\u00e9motion de la Bienheureuse Vierge Marie alors qu'elle berce dans ses bras le cadavre de son fils unique apr\u00e8s l'avoir vu crucifi\u00e9. Daniel Iba\u00f1ez\/AIIC\"><figcaption class=\"caption text-muted\">La Pieta de Michel-Ange transmet la foi et l\u2019\u00e9motion de la Bienheureuse Vierge Marie alors qu\u2019elle berce dans ses bras le cadavre de son fils unique apr\u00e8s l\u2019avoir vu crucifi\u00e9. Daniel Iba\u00f1ez\/AIIC<\/figcaption><\/figure>\n<p>Michelangelo Buonarroti a sculpt\u00e9 la Pieta \u00e0 partir d\u2019une seule plaque de marbre de Carrare \u00e0 l\u2019\u00e2ge de 24 ans. La sculpture a \u00e9t\u00e9 d\u00e9voil\u00e9e dans la basilique Saint-Pierre \u00e0 l\u2019occasion du jubil\u00e9 de 1500.<\/p>\n<p>La sculpture \u00e9mouvante transmet la foi et l\u2019\u00e9motion de la Bienheureuse Vierge Marie alors qu\u2019elle berce dans ses bras le cadavre de son fils unique apr\u00e8s l\u2019avoir vu crucifi\u00e9. <\/p>\n<p>La sculpture se trouve au-dessus d\u2019un autel lat\u00e9ral pr\u00e8s de l\u2019entr\u00e9e principale de la basilique Saint-Pierre, o\u00f9 la messe \u00e9tait parfois c\u00e9l\u00e9br\u00e9e avant les r\u00e9centes restrictions. Les visiteurs de la basilique ne peuvent voir la Pieta que derri\u00e8re une vitre pare-balles apr\u00e8s qu\u2019un homme ait attaqu\u00e9 la sculpture avec un marteau en mai 1972. <\/p>\n<p>La Pieta \u00e9tait la seule \u0153uvre d\u2019art jamais sign\u00e9e par Michel-Ange.<\/p>\n<p> [\u2026]<\/p>\n<\/div>\n<p><script>\n!function(f,b,e,v,n,t,s)\nif(f.fbq)return;n=f.fbq=function()n.callMethod?\nn.callMethod.apply(n,arguments):n.queue.push(arguments);\nif(!f._fbq)f._fbq=n;n.push=n;n.loaded=!0;n.version='2.0';\nn.queue=[];t=b.createElement(e);t.async=!0;\nt.src=v;s=b.getElementsByTagName(e)[0];\ns.parentNode.insertBefore(t,s)(window, document,'script',\n'\nfbq('init', '860643031454650');\nfbq('track', 'PageView');\n<\/script><script>\n\t\t\t\t(function(d, s, id)\n\t\t\t\t\tvar js, fjs = d.getElementsByTagName(s)[0];\n\t\t\t\t\tif (d.getElementById(id)) return;\n\t\t\t\t\tjs = d.createElement(s); js.id = id;\n\t\t\t\t\tjs.src = \"\/\/connect.facebook.net\/en_US\/sdk.js#xfbml=1&version=v2.6\";\n\t\t\t\t\tfjs.parentNode.insertBefore(js, fjs);\n\t\t\t\t(document, 'script', 'facebook-jssdk'));\n\t\t\t<\/script><\/p>\n<h2> \u00c9lever nos propres et les pri\u00e8res pour notre entourage au Seigneur de bon matin.<\/h2>\n<p>La ult\u00e9rieure phase de la pri\u00e8re du matin consiste \u00e0 prier pour nos proches proches, l\u2019ensemble de notre famille, nos connaissances et notre propre communaut\u00e9. Nous pouvons prier pour leur bien-\u00eatre, leur bonheur, leur s\u00fbret\u00e9, et leur prosp\u00e9rit\u00e9. Nous pouvons \u00e9galement prier pour ceux qui nous ont nui et pour ces personnes qui nous ont offens\u00e9s, et demander \u00e0 Dieu de nous aider \u00e0 leur propre pardonner et \u00e0 leur exprimer la compassion.<\/p>\n<h3> Implorer pour la vigueur et la protection de nos familles.<\/h3>\n<p>\u00d4 Seigneur, nous te confions nos amis, notre familles avec nos amis. Veille, \u00d4 Dieu, sur eux, et prot\u00e8ge -les de tout risque et de toute affliction. Offre, Seigneur, une sant\u00e9 du corps avec de l\u2019esprit \u00e0 eux, ainsi que la paix au sein de leur c\u0153ur. Puissante soit la volont\u00e9 pour que ta b\u00e9n\u00e9diction forte les \u00e2mes garde et les personnes dirige tout au long de cette journ\u00e9e, pour qu\u2019il puissent jouissent dans la protection ainsi que la qui\u00e9tude.<\/p>\n<p>Nous autres vers toi prions \u00e9galement pour nos propres enfants, Seigneur tout-puissant, afin qu\u2019ils grandissent dans la foi et dans l\u2019amour de ton saint nom. Accorde, \u00d4 Dieu, la sagesse avec la force n\u00e9cessaires afin de faire face \u00e0 les \u00e9preuves de la vie, et aussi guide leurs pas le long de le chemin de la v\u00e9rit\u00e9 et aussi de la justice.<\/p>\n<p>Enfin, nous autres te prions pour nos amis et aussi nos voisins, Seigneur, pour qu\u2019ils exp\u00e9rimentent la joie de ton amour et la s\u00e9r\u00e9nit\u00e9 de ton pardon. Offre-leur, \u00f4 Dieu, des c\u0153urs g\u00e9n\u00e9reux pour partager avec ceux que dans le besoin, et des ouvertes en vue de accueillir ceux qui sont seuls et aussi abandonn\u00e9s.<\/p>\n<h3> Prier pour nos ennemis ainsi que ceux qui nous autres ont offens\u00e9s. <\/h3>\n<p>\u00d4 Seigneur, le Christ, nous vous prions pour les n\u00f4tres ennemis et aussi pour ceux-ci qui nous autres ont offens\u00e9s. Accorde-leur, \u00f4 J\u00e9sus, ta mis\u00e9ricorde ainsi que votre pardon, et ouvre leur c\u0153ur \u00e0 la lumi\u00e8re des ta v\u00e9rit\u00e9. Aide-nous, Seigneur Dieu, \u00e0 leur montrer de la compassion et \u00e0 leur pardonner comme tu nous as pardonn\u00e9. Que votre paix r\u00e8gne dans nos c\u0153urs et que votre amour guide nos actions, pour que nous puissions vivre en harmonie avec tous ceux qui nous autres entourent.<\/p>\n<h3> Appr\u00e9hender la pri\u00e8re : <\/h3>\n<p>Finalement, la invocation nous souviens notre devoir en tant que enfants de Dieu : \u00eatre des t\u00e9moin de sa clart\u00e9 et de ses affection dans une \u00e9poque en proie aux obscurit\u00e9s. \u00c0 travers nos discours et notre actes, nous r\u00e9pandons la bonne nouvelle de l\u2019 s\u00e9r\u00e9nit\u00e9 et de la rapprochement, amenant l\u2019espoir et la r\u00e9paration \u00e0 un environnement ab\u00eem\u00e9.<\/p>\n<p>Au sein de l\u2019 foi chr\u00e9tienne, l\u2019 matin rev\u00eat l\u2019 signification particuli\u00e8re, illustrant l\u2019 renouvellement et la renaissance spirituelle. C\u2019est \u00e0 l\u2019aube de chaque journ\u00e9e que l\u2019\u00e2me se dirige vers le Seigneur dans la pri\u00e8re, recherchant \u00e0 se trouver \u00e9clair\u00e9e par la lumi\u00e8re surnaturelle. La coutume des pri\u00e8res matinales est profond\u00e9ment enracin\u00e9e dans la tradition chr\u00e9tienne, offrant un moment particulier pour communier avec l\u2019\u00c9ternel et se pr\u00e9parer int\u00e9rieurement aux d\u00e9fis de la journ\u00e9e \u00e0 venir.<\/p>\n<p>Au au sein au sein de ces pri\u00e8res matinales s\u2019 rep\u00e8re souvent une d\u00e9votion distincte \u00e0 l\u2019\u00e9gard de Marie, la mam de J\u00e9sus et personnage sainte ador\u00e9e aupr\u00e8s de un grand nombre fid\u00e8les. En qualit\u00e9 d\u2019 m\u00e9diatrice au milieu de les hommes et Dieu, Marie est sollicit\u00e9e pour intervenir en notre faveur, nous conduisant sur le chemin vers la saintet\u00e9 et de la gr\u00e2ce divine. Ses apparition maternelle fournit consolation et protection, cercant nos pri\u00e8res matinales d\u2019une tendresse c\u00e9leste.<\/p>\n<p>En travers l\u2019 pri\u00e8res du matin, on se trouve invit\u00e9s pour nous joindre \u00e0 Marie dans une d\u00e9marche de b\u00e9atification personnelle. Par m\u00e9ditant sur sa vie et ses vertus, nous recherchons \u00e0 imiter sa humilit\u00e9, sa puret\u00e9 ainsi que son ob\u00e9issance vers l\u2019 volont\u00e9 de Dieu. \u00c0 travers sa saintet\u00e9 exemplaire, Marie est pour nous un mod\u00e8le de vie chr\u00e9tienne, nous souvenant l\u2019importance du pri\u00e8re ainsi que de la contemplation dans notre cheminement spirituel.<\/p>\n<p>Unissons-nous dans la pri\u00e8re de debut de journ\u00e9e, dans notre esp\u00e9rance, en nous tournant vers Marie, la m\u00e8re de notre Seigneur J\u00e9sus-Christ. Dans notre monde troubl\u00e9 par les conflits et la division, optons \u00e0 la pri\u00e8re pour trouver de trouver la paix et la r\u00e9conciliation. Chacun exprimer une pri\u00e8re pour la Vierge Marie <a target=\"_blank\" rel=\"nofollow\" href=\"https:\/\/editionsbussiere.com\/blog\/goto\/https:\/\/www.avemariasound.org\/\" >grace \u00e0 internet.<\/a> Que nos supplications montent vers le ciel, comme un hommage agr\u00e9able \u00e0 Dieu, afin qu\u2019il guide \u00e9clairer nos chemins sur la voie de la v\u00e9rit\u00e9 et de la justice. Saint Paul nous dans ses lettres \u00e0 prier sans cesse, en toutes circonstances, afin que notre connexion avec Dieu soit solide et passionn\u00e9e. La pri\u00e8re, lorsqu\u2019elle est offerte sinc\u00e8rement, poss\u00e8de la capacit\u00e9 pour transformer nos c\u0153urs et d\u2019influer le destin de l\u2019histoire.<\/p>\n<p>La r\u00e9citation du matin est ainsi un moment avantag\u00e9 afin de se consacrer \u00e0 Dieu avec l\u2019intercession de Marie, en pr\u00e9sentant nos louanges, nos actions de gr\u00e2ce et nos intentions les plus intimes. \u00c0 travers l\u2019 qui\u00e9tude de l\u2019aurore, on est invit\u00e9s \u00e0 tourner \u00e0 cette m\u00e8re sacr\u00e9e, qui nous guide avec affection sur le chemin du la croyance et du sentiment amoureux divin. \u00c0 travers faisant l\u2019union nos voix pour celle-ci de Marie, on augmentons notre pri\u00e8res matinales \u00e0 le tr\u00f4ne de la gr\u00e2ce, s\u00fbrs que nos supplications seront entendues et accueillies par le c\u0153ur mis\u00e9ricordieux de Dieu.<\/p>\n<h2> Pri\u00e8re pour le matin avec Dieu et la Vierge Marie<\/h2>\n<p>Dieu tout-puissant et plein de mis\u00e9ricorde, en ce nouveau jour qui commence sous la clart\u00e9 de ta lumi\u00e8re c\u00e9leste, je viens \u00e0 Toi avec foi et modestie. Que cette nouvelle journ\u00e9e qui se profile soit consacr\u00e9e \u00e0 ton saint nom, que chaque battement de mon c\u0153ur |chaque regard de mes yeux|chacune de mes paroles|chacun de mes gestes} te soit offert en offrande. Que chaque souffle qui anime mon corps soit un soupir de d\u00e9votion |un souffle vers toi|un souffle de vie en toi}. Que la pri\u00e8re r\u00e9sonne, que nos pri\u00e8res montent, suppliez, que nos \u00e2mes se confient, suppliez.<\/p>\n<p>Tel Marie, la m\u00e8re sainte qui a port\u00e9 en son sein l\u2019enfant J\u00e9sus, accompagne-moi dans ce parcours de foi et de d\u00e9votion. Que je puisse, \u00e0 travers les pages de l\u2019\u00c9vangile, rencontrer la lueur pour \u00e9clairer mes pas et renforcer ma foi. Comme Pierre, octroie-moi la puissance et la bravoure de surmonter les temp\u00eates de la vie avec une confiance absolue en ta providence.<\/p>\n<p>Au cours de ce moment de Car\u00eame, o\u00f9 les fid\u00e8les et les croyantes se pr\u00e9parent \u00e0 comm\u00e9morer la r\u00e9surrection de notre Seigneur bien-aim\u00e9, accorde-moi, Seigneur, la gr\u00e2ce du r\u00e9veil spirituel. Que mon esprit soit purifi\u00e9 de toute impuret\u00e9, afin qu\u2019il devienne un sanctuaire pour ta divinit\u00e9. Que mes pri\u00e8res, \u00e0 l\u2019image de Fran\u00e7ois d\u2019Assise, sonne comme un hymne de louange \u00e0 travers les si\u00e8cles.<br \/>\nDieu Tout-Puissant, que chaque jour soit impr\u00e9gn\u00e9 de ta gr\u00e2ce, que chaque instant soit une occasion de te rencontrer et de te servir dans mes prochains. Que ma vie soit un t\u00e9moignage vivant de ton amour infini pour tous. Puissent les mots de la pri\u00e8re de Hozana monter vers toi comme un doux parfum, enveloppant chaque instant de ma journ\u00e9e dans une douce tranquillit\u00e9. Priez, \u00c9glise, Fran\u00e7ois, Hozana.<\/p>\n<p>Que mon c\u0153ur, \u00d4 Seigneur, devienne un reflet du tien, rempli d\u2019amour, de compassion et de mis\u00e9ricorde envers autrui. Que chaque pens\u00e9e, chaque action soit guid\u00e9e par le Saint-Esprit, afin que je puisse contribuer \u00e0 l\u2019av\u00e8nement de ta justice sur la terre.<\/p>\n<p>Que cette journ\u00e9e constitue une nouvelle \u00e9tape dans mon cheminement spirituel, une opportunit\u00e9 de grandir dans la foi. Seigneur, envahis mon c\u0153ur, \u00e9tablis-le comme ton sanctuaire, o\u00f9 ta pr\u00e9sence se manifeste constamment. Que chacun de mes battements de c\u0153ur devienne un chant \u00e0 ta louange, Seigneur, pour les si\u00e8cles des si\u00e8cles. Amen.<\/p>\n<p>Pendant l\u2019\u00e9veil religieux de chaque \u00e2me chr\u00e9tienne, la supplication est essentielle. Celle-ci constitue la connexion intime entre le fid\u00e8le de l\u2019\u00c9ternel et sa m\u00e8re c\u00e9leste, la Sainte M\u00e8re, laquelle interc\u00e8de pour nous en face de son divin Fils. Par le biais de la supplication, les croyants p\u00e9n\u00e9trons au c\u0153ur de la lumi\u00e8re de la doctrine divine, dirig\u00e9s avec l\u2019Esprit divin, dans le but de d\u00e9celer la r\u00e9alit\u00e9 et la gr\u00e2ce que J\u00e9sus nous dispense.<\/p>\n<h2>R\u00e9flexion en ce qui concerne la Parole du Seigneur : <\/h2>\n<p>Nous sommes capables de m\u00e9diter sur un extrait de la Bible dont nous enseigne de l\u2019affection divin. \u00c0 titre illustratif :<\/p>\n<h3>1 Corinthiens 13, 1-8 : <\/h3>\n<p>\u00ab\u00a0Quand je parlerais les langues des hommes et des anges, si je n\u2019ai pas l\u2019amour, je suis un airain qui r\u00e9sonne ou une cymbale qui retentit. Et quand j\u2019aurais le don de proph\u00e9tie, la science de tous les myst\u00e8res et toute la connaissance, quand j\u2019aurais m\u00eame toute la foi jusqu\u2019\u00e0 transporter des montagnes, si je n\u2019ai pas l\u2019amour, je ne suis rien. .\u00a0\u00bb<\/p>\n<p>Bibliographie :<\/p>\n<p>Notre-Dame des mers mortes (Venise)\/7.,<a target=\"_blank\" rel=\"nofollow\" href=\"https:\/\/editionsbussiere.com\/blog\/goto\/https:\/\/fr.wikisource.org\/wiki\/Notre-Dame_des_mers_mortes_(Venise)\/7\"  target=\"_blank\" rel=\"noopener noreferrer nofollow\">Le post d\u2019actualit\u00e9.<\/a><span><\/span><\/p>\n<p>Ma\u00eetre Zacharius\/4.,<a target=\"_blank\" rel=\"nofollow\" href=\"https:\/\/editionsbussiere.com\/blog\/goto\/https:\/\/fr.wikisource.org\/wiki\/Ma%C3%AEtre_Zacharius\/4\"  target=\"_blank\" rel=\"noopener noreferrer nofollow\">Article complet.<\/a><span><\/span>. Suite sur le prochain article.<\/p>\n<p>Les Blasph\u00e8mes\/La Pri\u00e8re de l\u2019Ath\u00e9e.,<a target=\"_blank\" rel=\"nofollow\" href=\"https:\/\/editionsbussiere.com\/blog\/goto\/https:\/\/fr.wikisource.org\/wiki\/Les_Blasph%C3%A8mes\/La_Pri%C3%A8re_de_l%E2%80%99Ath%C3%A9e\"  target=\"_blank\" rel=\"noopener noreferrer nofollow\">Cliquer ICI.<\/a><span><\/span>. Suite sur le prochain article.<\/p>\n<p>Le Parnasse contemporain\/1876\/Les Noces corinthiennes.,<a target=\"_blank\" rel=\"nofollow\" href=\"https:\/\/editionsbussiere.com\/blog\/goto\/https:\/\/fr.wikisource.org\/wiki\/Le_Parnasse_contemporain\/1876\/Les_Noces_corinthiennes\"  target=\"_blank\" rel=\"noopener noreferrer nofollow\">Le dossier.<\/a><span><\/span><\/p>\n<p>La L\u00e9gende dor\u00e9e\/Saint Gilles.,<a target=\"_blank\" rel=\"nofollow\" href=\"https:\/\/editionsbussiere.com\/blog\/goto\/https:\/\/fr.wikisource.org\/wiki\/La_L%C3%A9gende_dor%C3%A9e\/Saint_Gilles\"  target=\"_blank\" rel=\"noopener noreferrer nofollow\">Ici.<\/a><span><\/span><\/p>\n<p>Association de Demi-Vierges Vol.II\/II.,<a target=\"_blank\" rel=\"nofollow\" href=\"https:\/\/editionsbussiere.com\/blog\/goto\/https:\/\/fr.wikisource.org\/wiki\/Association_de_Demi-Vierges_Vol.II\/II\"  target=\"_blank\" rel=\"noopener noreferrer nofollow\">Cliquer ICI.<\/a><span><\/span>. Suite sur le prochain article.<\/p>\n<\/div>\n<p><img decoding=\"async\" class=\"wpe_imgrss\" src=\"https:\/\/editionsbussiere.com\/blog\/wp-content\/uploads\/2024\/10\/un-lieu-pour-reflechir-sur-la-presence-de-lAmerique-latine.jpg\">Cet article a \u00e9t\u00e9 reconstitu\u00e9 du mieux possible. Dans l\u2019hypoth\u00e8se o\u00f9 vous souhaitez apporter quelques modifications concernant le th\u00e8me \u00ab\u00a0Editions \u00e9sot\u00e9rique fond\u00e9e en 1927\u00a0\u00bb, il est possible de discuter avec notre r\u00e9daction. Vous pouvez tirer profit de cet article traitant le sujet \u00ab\u00a0Editions \u00e9sot\u00e9rique fond\u00e9e en 1927\u00a0\u00bb. Il est concoct\u00e9 par l\u2019\u00e9quipe editionsbussiere.com. Le site editionsbussiere.com est fait pour cr\u00e9er divers posts autour du th\u00e8me Editions \u00e9sot\u00e9rique fond\u00e9e en 1927 d\u00e9velopp\u00e9es sur internet. Consultez notre site internet editionsbussiere.com et nos r\u00e9seaux sociaux pour \u00eatre au courant des futures annonces.<\/p>\n","protected":false},"excerpt":{"rendered":"<p>Lorsque le pape Pie IX d\u00e9clara la doctrine de l\u2019Immacul\u00e9e Conception de la Vierge Marie le 8 d\u00e9cembre 1854, il fit ajouter une couronne d\u2019or \u00e0 la mosa\u00efque de Marie, Vierge Immacul\u00e9e, dans la chapelle du ch\u0153ur de la basilique Saint-Pierre. \/ Daniel Iba\u00f1ez\/AIIC Cit\u00e9 du Vatican, 29 mai 2023 \/ 10h30 (CNA). Pour honorer [&hellip;]<\/p>\n","protected":false},"author":3,"featured_media":1515,"comment_status":"closed","ping_status":"closed","sticky":false,"template":"","format":"standard","meta":{"footnotes":""},"categories":[3],"tags":[],"class_list":["post-1514","post","type-post","status-publish","format-standard","has-post-thumbnail","hentry","category-editions-esoterique-fondee-en-1927-depeches","entry","fw-tab-6 fw-tabr-4","has-featured-image"],"yoast_head":"<!-- This site is optimized with the Yoast SEO plugin v27.5 - https:\/\/yoast.com\/product\/yoast-seo-wordpress\/ -->\n<title>un lieu pour r\u00e9fl\u00e9chir sur la pr\u00e9sence de l\u2019Am\u00e9rique latine dans l\u2019\u00c9glise \u2013 Catholic World Report &amp; supplication du matin. - EDITIONSBUSSIERE<\/title>\n<meta name=\"robots\" content=\"index, follow, max-snippet:-1, max-image-preview:large, max-video-preview:-1\" \/>\n<link rel=\"canonical\" href=\"https:\/\/editionsbussiere.com\/blog\/un-lieu-pour-reflechir-sur-la-presence-de-lamerique-latine-dans-leglise-catholic-world-report-supplication-du-matin\/\" \/>\n<meta property=\"og:locale\" content=\"fr_FR\" \/>\n<meta property=\"og:type\" content=\"article\" \/>\n<meta property=\"og:title\" content=\"un lieu pour r\u00e9fl\u00e9chir sur la pr\u00e9sence de l\u2019Am\u00e9rique latine dans l\u2019\u00c9glise \u2013 Catholic World Report &amp; supplication du matin. - EDITIONSBUSSIERE\" \/>\n<meta property=\"og:description\" content=\"Lorsque le pape Pie IX d\u00e9clara la doctrine de l\u2019Immacul\u00e9e Conception de la Vierge Marie le 8 d\u00e9cembre 1854, il fit ajouter une couronne d\u2019or \u00e0 la mosa\u00efque de Marie, Vierge Immacul\u00e9e, dans la chapelle du ch\u0153ur de la basilique Saint-Pierre. \/ Daniel Iba\u00f1ez\/AIIC Cit\u00e9 du Vatican, 29 mai 2023 \/ 10h30 (CNA). Pour honorer [&hellip;]\" \/>\n<meta property=\"og:url\" content=\"https:\/\/editionsbussiere.com\/blog\/un-lieu-pour-reflechir-sur-la-presence-de-lamerique-latine-dans-leglise-catholic-world-report-supplication-du-matin\/\" \/>\n<meta property=\"og:site_name\" content=\"EDITIONSBUSSIERE\" \/>\n<meta property=\"article:published_time\" content=\"2024-10-15T22:23:57+00:00\" \/>\n<meta property=\"og:image\" content=\"https:\/\/editionsbussiere.com\/blog\/wp-content\/uploads\/2024\/10\/un-lieu-pour-reflechir-sur-la-presence-de-lAmerique-latine.jpg\" \/>\n<meta name=\"author\" content=\"Marie BATICLE\" \/>\n<meta name=\"twitter:card\" content=\"summary_large_image\" \/>\n<meta name=\"twitter:label1\" content=\"\u00c9crit par\" \/>\n\t<meta name=\"twitter:data1\" content=\"Marie BATICLE\" \/>\n\t<meta name=\"twitter:label2\" content=\"Dur\u00e9e de lecture estim\u00e9e\" \/>\n\t<meta name=\"twitter:data2\" content=\"17 minutes\" \/>\n<script type=\"application\/ld+json\" class=\"yoast-schema-graph\">{\"@context\":\"https:\\\/\\\/schema.org\",\"@graph\":[{\"@type\":\"Article\",\"@id\":\"https:\\\/\\\/editionsbussiere.com\\\/blog\\\/un-lieu-pour-reflechir-sur-la-presence-de-lamerique-latine-dans-leglise-catholic-world-report-supplication-du-matin\\\/#article\",\"isPartOf\":{\"@id\":\"https:\\\/\\\/editionsbussiere.com\\\/blog\\\/un-lieu-pour-reflechir-sur-la-presence-de-lamerique-latine-dans-leglise-catholic-world-report-supplication-du-matin\\\/\"},\"author\":{\"name\":\"Marie BATICLE\",\"@id\":\"https:\\\/\\\/editionsbussiere.com\\\/blog\\\/#\\\/schema\\\/person\\\/ec90e102792148c97e46ab871010dd8f\"},\"headline\":\"un lieu pour r\u00e9fl\u00e9chir sur la pr\u00e9sence de l\u2019Am\u00e9rique latine dans l\u2019\u00c9glise \u2013 Catholic World Report &amp; supplication du matin.\",\"datePublished\":\"2024-10-15T22:23:57+00:00\",\"mainEntityOfPage\":{\"@id\":\"https:\\\/\\\/editionsbussiere.com\\\/blog\\\/un-lieu-pour-reflechir-sur-la-presence-de-lamerique-latine-dans-leglise-catholic-world-report-supplication-du-matin\\\/\"},\"wordCount\":3378,\"publisher\":{\"@id\":\"https:\\\/\\\/editionsbussiere.com\\\/blog\\\/#organization\"},\"image\":{\"@id\":\"https:\\\/\\\/editionsbussiere.com\\\/blog\\\/un-lieu-pour-reflechir-sur-la-presence-de-lamerique-latine-dans-leglise-catholic-world-report-supplication-du-matin\\\/#primaryimage\"},\"thumbnailUrl\":\"https:\\\/\\\/editionsbussiere.com\\\/blog\\\/wp-content\\\/uploads\\\/2024\\\/10\\\/un-lieu-pour-reflechir-sur-la-presence-de-lAmerique-latine.jpg\",\"articleSection\":[\"Editions \u00c9sot\u00e9rique Fond\u00e9e En 1927; D\u00e9p\u00e8ches:\"],\"inLanguage\":\"fr-FR\"},{\"@type\":\"WebPage\",\"@id\":\"https:\\\/\\\/editionsbussiere.com\\\/blog\\\/un-lieu-pour-reflechir-sur-la-presence-de-lamerique-latine-dans-leglise-catholic-world-report-supplication-du-matin\\\/\",\"url\":\"https:\\\/\\\/editionsbussiere.com\\\/blog\\\/un-lieu-pour-reflechir-sur-la-presence-de-lamerique-latine-dans-leglise-catholic-world-report-supplication-du-matin\\\/\",\"name\":\"un lieu pour r\u00e9fl\u00e9chir sur la pr\u00e9sence de l\u2019Am\u00e9rique latine dans l\u2019\u00c9glise \u2013 Catholic World Report &amp; supplication du matin. - EDITIONSBUSSIERE\",\"isPartOf\":{\"@id\":\"https:\\\/\\\/editionsbussiere.com\\\/blog\\\/#website\"},\"primaryImageOfPage\":{\"@id\":\"https:\\\/\\\/editionsbussiere.com\\\/blog\\\/un-lieu-pour-reflechir-sur-la-presence-de-lamerique-latine-dans-leglise-catholic-world-report-supplication-du-matin\\\/#primaryimage\"},\"image\":{\"@id\":\"https:\\\/\\\/editionsbussiere.com\\\/blog\\\/un-lieu-pour-reflechir-sur-la-presence-de-lamerique-latine-dans-leglise-catholic-world-report-supplication-du-matin\\\/#primaryimage\"},\"thumbnailUrl\":\"https:\\\/\\\/editionsbussiere.com\\\/blog\\\/wp-content\\\/uploads\\\/2024\\\/10\\\/un-lieu-pour-reflechir-sur-la-presence-de-lAmerique-latine.jpg\",\"datePublished\":\"2024-10-15T22:23:57+00:00\",\"breadcrumb\":{\"@id\":\"https:\\\/\\\/editionsbussiere.com\\\/blog\\\/un-lieu-pour-reflechir-sur-la-presence-de-lamerique-latine-dans-leglise-catholic-world-report-supplication-du-matin\\\/#breadcrumb\"},\"inLanguage\":\"fr-FR\",\"potentialAction\":[{\"@type\":\"ReadAction\",\"target\":[\"https:\\\/\\\/editionsbussiere.com\\\/blog\\\/un-lieu-pour-reflechir-sur-la-presence-de-lamerique-latine-dans-leglise-catholic-world-report-supplication-du-matin\\\/\"]}]},{\"@type\":\"ImageObject\",\"inLanguage\":\"fr-FR\",\"@id\":\"https:\\\/\\\/editionsbussiere.com\\\/blog\\\/un-lieu-pour-reflechir-sur-la-presence-de-lamerique-latine-dans-leglise-catholic-world-report-supplication-du-matin\\\/#primaryimage\",\"url\":\"https:\\\/\\\/editionsbussiere.com\\\/blog\\\/wp-content\\\/uploads\\\/2024\\\/10\\\/un-lieu-pour-reflechir-sur-la-presence-de-lAmerique-latine.jpg\",\"contentUrl\":\"https:\\\/\\\/editionsbussiere.com\\\/blog\\\/wp-content\\\/uploads\\\/2024\\\/10\\\/un-lieu-pour-reflechir-sur-la-presence-de-lAmerique-latine.jpg\",\"width\":488,\"height\":308,\"caption\":\"un lieu pour reflechir sur la presence de lAmerique latine\"},{\"@type\":\"BreadcrumbList\",\"@id\":\"https:\\\/\\\/editionsbussiere.com\\\/blog\\\/un-lieu-pour-reflechir-sur-la-presence-de-lamerique-latine-dans-leglise-catholic-world-report-supplication-du-matin\\\/#breadcrumb\",\"itemListElement\":[{\"@type\":\"ListItem\",\"position\":1,\"name\":\"Accueil\",\"item\":\"https:\\\/\\\/editionsbussiere.com\\\/blog\\\/\"},{\"@type\":\"ListItem\",\"position\":2,\"name\":\"un lieu pour r\u00e9fl\u00e9chir sur la pr\u00e9sence de l\u2019Am\u00e9rique latine dans l\u2019\u00c9glise \u2013 Catholic World Report &amp; supplication du matin.\"}]},{\"@type\":\"WebSite\",\"@id\":\"https:\\\/\\\/editionsbussiere.com\\\/blog\\\/#website\",\"url\":\"https:\\\/\\\/editionsbussiere.com\\\/blog\\\/\",\"name\":\"EDITIONSBUSSIERE\",\"description\":\"Editions \u00e9sot\u00e9rique fond\u00e9e en 1927; site historique, A SAVOIR ET RETENIR.\",\"publisher\":{\"@id\":\"https:\\\/\\\/editionsbussiere.com\\\/blog\\\/#organization\"},\"potentialAction\":[{\"@type\":\"SearchAction\",\"target\":{\"@type\":\"EntryPoint\",\"urlTemplate\":\"https:\\\/\\\/editionsbussiere.com\\\/blog\\\/?s={search_term_string}\"},\"query-input\":{\"@type\":\"PropertyValueSpecification\",\"valueRequired\":true,\"valueName\":\"search_term_string\"}}],\"inLanguage\":\"fr-FR\"},{\"@type\":\"Organization\",\"@id\":\"https:\\\/\\\/editionsbussiere.com\\\/blog\\\/#organization\",\"name\":\"editionsbussiere\",\"url\":\"https:\\\/\\\/editionsbussiere.com\\\/blog\\\/\",\"logo\":{\"@type\":\"ImageObject\",\"inLanguage\":\"fr-FR\",\"@id\":\"https:\\\/\\\/editionsbussiere.com\\\/blog\\\/#\\\/schema\\\/logo\\\/image\\\/\",\"url\":\"https:\\\/\\\/editionsbussiere.com\\\/blog\\\/wp-content\\\/uploads\\\/2023\\\/09\\\/cropped-buss.gif\",\"contentUrl\":\"https:\\\/\\\/editionsbussiere.com\\\/blog\\\/wp-content\\\/uploads\\\/2023\\\/09\\\/cropped-buss.gif\",\"width\":298,\"height\":120,\"caption\":\"editionsbussiere\"},\"image\":{\"@id\":\"https:\\\/\\\/editionsbussiere.com\\\/blog\\\/#\\\/schema\\\/logo\\\/image\\\/\"}},{\"@type\":\"Person\",\"@id\":\"https:\\\/\\\/editionsbussiere.com\\\/blog\\\/#\\\/schema\\\/person\\\/ec90e102792148c97e46ab871010dd8f\",\"name\":\"Marie BATICLE\",\"image\":{\"@type\":\"ImageObject\",\"inLanguage\":\"fr-FR\",\"@id\":\"https:\\\/\\\/secure.gravatar.com\\\/avatar\\\/c923e52403b1b8137e2d929127211d21967e6aecaa053bd43b09da29f212e76e?s=96&d=mm&r=g\",\"url\":\"https:\\\/\\\/secure.gravatar.com\\\/avatar\\\/c923e52403b1b8137e2d929127211d21967e6aecaa053bd43b09da29f212e76e?s=96&d=mm&r=g\",\"contentUrl\":\"https:\\\/\\\/secure.gravatar.com\\\/avatar\\\/c923e52403b1b8137e2d929127211d21967e6aecaa053bd43b09da29f212e76e?s=96&d=mm&r=g\",\"caption\":\"Marie BATICLE\"},\"url\":\"https:\\\/\\\/editionsbussiere.com\\\/blog\\\/author\\\/eremarie\\\/\"}]}<\/script>\n<!-- \/ Yoast SEO plugin. -->","yoast_head_json":{"title":"un lieu pour r\u00e9fl\u00e9chir sur la pr\u00e9sence de l\u2019Am\u00e9rique latine dans l\u2019\u00c9glise \u2013 Catholic World Report &amp; supplication du matin. - EDITIONSBUSSIERE","robots":{"index":"index","follow":"follow","max-snippet":"max-snippet:-1","max-image-preview":"max-image-preview:large","max-video-preview":"max-video-preview:-1"},"canonical":"https:\/\/editionsbussiere.com\/blog\/un-lieu-pour-reflechir-sur-la-presence-de-lamerique-latine-dans-leglise-catholic-world-report-supplication-du-matin\/","og_locale":"fr_FR","og_type":"article","og_title":"un lieu pour r\u00e9fl\u00e9chir sur la pr\u00e9sence de l\u2019Am\u00e9rique latine dans l\u2019\u00c9glise \u2013 Catholic World Report &amp; supplication du matin. - EDITIONSBUSSIERE","og_description":"Lorsque le pape Pie IX d\u00e9clara la doctrine de l\u2019Immacul\u00e9e Conception de la Vierge Marie le 8 d\u00e9cembre 1854, il fit ajouter une couronne d\u2019or \u00e0 la mosa\u00efque de Marie, Vierge Immacul\u00e9e, dans la chapelle du ch\u0153ur de la basilique Saint-Pierre. \/ Daniel Iba\u00f1ez\/AIIC Cit\u00e9 du Vatican, 29 mai 2023 \/ 10h30 (CNA). Pour honorer [&hellip;]","og_url":"https:\/\/editionsbussiere.com\/blog\/un-lieu-pour-reflechir-sur-la-presence-de-lamerique-latine-dans-leglise-catholic-world-report-supplication-du-matin\/","og_site_name":"EDITIONSBUSSIERE","article_published_time":"2024-10-15T22:23:57+00:00","og_image":[{"url":"https:\/\/editionsbussiere.com\/blog\/wp-content\/uploads\/2024\/10\/un-lieu-pour-reflechir-sur-la-presence-de-lAmerique-latine.jpg","type":"","width":"","height":""}],"author":"Marie BATICLE","twitter_card":"summary_large_image","twitter_misc":{"\u00c9crit par":"Marie BATICLE","Dur\u00e9e de lecture estim\u00e9e":"17 minutes"},"schema":{"@context":"https:\/\/schema.org","@graph":[{"@type":"Article","@id":"https:\/\/editionsbussiere.com\/blog\/un-lieu-pour-reflechir-sur-la-presence-de-lamerique-latine-dans-leglise-catholic-world-report-supplication-du-matin\/#article","isPartOf":{"@id":"https:\/\/editionsbussiere.com\/blog\/un-lieu-pour-reflechir-sur-la-presence-de-lamerique-latine-dans-leglise-catholic-world-report-supplication-du-matin\/"},"author":{"name":"Marie BATICLE","@id":"https:\/\/editionsbussiere.com\/blog\/#\/schema\/person\/ec90e102792148c97e46ab871010dd8f"},"headline":"un lieu pour r\u00e9fl\u00e9chir sur la pr\u00e9sence de l\u2019Am\u00e9rique latine dans l\u2019\u00c9glise \u2013 Catholic World Report &amp; supplication du matin.","datePublished":"2024-10-15T22:23:57+00:00","mainEntityOfPage":{"@id":"https:\/\/editionsbussiere.com\/blog\/un-lieu-pour-reflechir-sur-la-presence-de-lamerique-latine-dans-leglise-catholic-world-report-supplication-du-matin\/"},"wordCount":3378,"publisher":{"@id":"https:\/\/editionsbussiere.com\/blog\/#organization"},"image":{"@id":"https:\/\/editionsbussiere.com\/blog\/un-lieu-pour-reflechir-sur-la-presence-de-lamerique-latine-dans-leglise-catholic-world-report-supplication-du-matin\/#primaryimage"},"thumbnailUrl":"https:\/\/editionsbussiere.com\/blog\/wp-content\/uploads\/2024\/10\/un-lieu-pour-reflechir-sur-la-presence-de-lAmerique-latine.jpg","articleSection":["Editions \u00c9sot\u00e9rique Fond\u00e9e En 1927; D\u00e9p\u00e8ches:"],"inLanguage":"fr-FR"},{"@type":"WebPage","@id":"https:\/\/editionsbussiere.com\/blog\/un-lieu-pour-reflechir-sur-la-presence-de-lamerique-latine-dans-leglise-catholic-world-report-supplication-du-matin\/","url":"https:\/\/editionsbussiere.com\/blog\/un-lieu-pour-reflechir-sur-la-presence-de-lamerique-latine-dans-leglise-catholic-world-report-supplication-du-matin\/","name":"un lieu pour r\u00e9fl\u00e9chir sur la pr\u00e9sence de l\u2019Am\u00e9rique latine dans l\u2019\u00c9glise \u2013 Catholic World Report &amp; supplication du matin. - EDITIONSBUSSIERE","isPartOf":{"@id":"https:\/\/editionsbussiere.com\/blog\/#website"},"primaryImageOfPage":{"@id":"https:\/\/editionsbussiere.com\/blog\/un-lieu-pour-reflechir-sur-la-presence-de-lamerique-latine-dans-leglise-catholic-world-report-supplication-du-matin\/#primaryimage"},"image":{"@id":"https:\/\/editionsbussiere.com\/blog\/un-lieu-pour-reflechir-sur-la-presence-de-lamerique-latine-dans-leglise-catholic-world-report-supplication-du-matin\/#primaryimage"},"thumbnailUrl":"https:\/\/editionsbussiere.com\/blog\/wp-content\/uploads\/2024\/10\/un-lieu-pour-reflechir-sur-la-presence-de-lAmerique-latine.jpg","datePublished":"2024-10-15T22:23:57+00:00","breadcrumb":{"@id":"https:\/\/editionsbussiere.com\/blog\/un-lieu-pour-reflechir-sur-la-presence-de-lamerique-latine-dans-leglise-catholic-world-report-supplication-du-matin\/#breadcrumb"},"inLanguage":"fr-FR","potentialAction":[{"@type":"ReadAction","target":["https:\/\/editionsbussiere.com\/blog\/un-lieu-pour-reflechir-sur-la-presence-de-lamerique-latine-dans-leglise-catholic-world-report-supplication-du-matin\/"]}]},{"@type":"ImageObject","inLanguage":"fr-FR","@id":"https:\/\/editionsbussiere.com\/blog\/un-lieu-pour-reflechir-sur-la-presence-de-lamerique-latine-dans-leglise-catholic-world-report-supplication-du-matin\/#primaryimage","url":"https:\/\/editionsbussiere.com\/blog\/wp-content\/uploads\/2024\/10\/un-lieu-pour-reflechir-sur-la-presence-de-lAmerique-latine.jpg","contentUrl":"https:\/\/editionsbussiere.com\/blog\/wp-content\/uploads\/2024\/10\/un-lieu-pour-reflechir-sur-la-presence-de-lAmerique-latine.jpg","width":488,"height":308,"caption":"un lieu pour reflechir sur la presence de lAmerique latine"},{"@type":"BreadcrumbList","@id":"https:\/\/editionsbussiere.com\/blog\/un-lieu-pour-reflechir-sur-la-presence-de-lamerique-latine-dans-leglise-catholic-world-report-supplication-du-matin\/#breadcrumb","itemListElement":[{"@type":"ListItem","position":1,"name":"Accueil","item":"https:\/\/editionsbussiere.com\/blog\/"},{"@type":"ListItem","position":2,"name":"un lieu pour r\u00e9fl\u00e9chir sur la pr\u00e9sence de l\u2019Am\u00e9rique latine dans l\u2019\u00c9glise \u2013 Catholic World Report &amp; supplication du matin."}]},{"@type":"WebSite","@id":"https:\/\/editionsbussiere.com\/blog\/#website","url":"https:\/\/editionsbussiere.com\/blog\/","name":"EDITIONSBUSSIERE","description":"Editions \u00e9sot\u00e9rique fond\u00e9e en 1927; site historique, A SAVOIR ET RETENIR.","publisher":{"@id":"https:\/\/editionsbussiere.com\/blog\/#organization"},"potentialAction":[{"@type":"SearchAction","target":{"@type":"EntryPoint","urlTemplate":"https:\/\/editionsbussiere.com\/blog\/?s={search_term_string}"},"query-input":{"@type":"PropertyValueSpecification","valueRequired":true,"valueName":"search_term_string"}}],"inLanguage":"fr-FR"},{"@type":"Organization","@id":"https:\/\/editionsbussiere.com\/blog\/#organization","name":"editionsbussiere","url":"https:\/\/editionsbussiere.com\/blog\/","logo":{"@type":"ImageObject","inLanguage":"fr-FR","@id":"https:\/\/editionsbussiere.com\/blog\/#\/schema\/logo\/image\/","url":"https:\/\/editionsbussiere.com\/blog\/wp-content\/uploads\/2023\/09\/cropped-buss.gif","contentUrl":"https:\/\/editionsbussiere.com\/blog\/wp-content\/uploads\/2023\/09\/cropped-buss.gif","width":298,"height":120,"caption":"editionsbussiere"},"image":{"@id":"https:\/\/editionsbussiere.com\/blog\/#\/schema\/logo\/image\/"}},{"@type":"Person","@id":"https:\/\/editionsbussiere.com\/blog\/#\/schema\/person\/ec90e102792148c97e46ab871010dd8f","name":"Marie BATICLE","image":{"@type":"ImageObject","inLanguage":"fr-FR","@id":"https:\/\/secure.gravatar.com\/avatar\/c923e52403b1b8137e2d929127211d21967e6aecaa053bd43b09da29f212e76e?s=96&d=mm&r=g","url":"https:\/\/secure.gravatar.com\/avatar\/c923e52403b1b8137e2d929127211d21967e6aecaa053bd43b09da29f212e76e?s=96&d=mm&r=g","contentUrl":"https:\/\/secure.gravatar.com\/avatar\/c923e52403b1b8137e2d929127211d21967e6aecaa053bd43b09da29f212e76e?s=96&d=mm&r=g","caption":"Marie BATICLE"},"url":"https:\/\/editionsbussiere.com\/blog\/author\/eremarie\/"}]}},"_links":{"self":[{"href":"https:\/\/editionsbussiere.com\/blog\/wp-json\/wp\/v2\/posts\/1514","targetHints":{"allow":["GET"]}}],"collection":[{"href":"https:\/\/editionsbussiere.com\/blog\/wp-json\/wp\/v2\/posts"}],"about":[{"href":"https:\/\/editionsbussiere.com\/blog\/wp-json\/wp\/v2\/types\/post"}],"author":[{"embeddable":true,"href":"https:\/\/editionsbussiere.com\/blog\/wp-json\/wp\/v2\/users\/3"}],"replies":[{"embeddable":true,"href":"https:\/\/editionsbussiere.com\/blog\/wp-json\/wp\/v2\/comments?post=1514"}],"version-history":[{"count":0,"href":"https:\/\/editionsbussiere.com\/blog\/wp-json\/wp\/v2\/posts\/1514\/revisions"}],"wp:featuredmedia":[{"embeddable":true,"href":"https:\/\/editionsbussiere.com\/blog\/wp-json\/wp\/v2\/media\/1515"}],"wp:attachment":[{"href":"https:\/\/editionsbussiere.com\/blog\/wp-json\/wp\/v2\/media?parent=1514"}],"wp:term":[{"taxonomy":"category","embeddable":true,"href":"https:\/\/editionsbussiere.com\/blog\/wp-json\/wp\/v2\/categories?post=1514"},{"taxonomy":"post_tag","embeddable":true,"href":"https:\/\/editionsbussiere.com\/blog\/wp-json\/wp\/v2\/tags?post=1514"}],"curies":[{"name":"wp","href":"https:\/\/api.w.org\/{rel}","templated":true}]}}