{"id":1511,"date":"2024-10-15T18:02:48","date_gmt":"2024-10-15T16:02:48","guid":{"rendered":"https:\/\/editionsbussiere.com\/blog\/le-ministere-catholique-collecte-des-objets-religieux-usages-pour-les-donner-aux-eglises-qui-en-ont-besoin-et-priere-en-debut-de-journee\/"},"modified":"2024-10-15T18:02:48","modified_gmt":"2024-10-15T16:02:48","slug":"le-ministere-catholique-collecte-des-objets-religieux-usages-pour-les-donner-aux-eglises-qui-en-ont-besoin-et-priere-en-debut-de-journee","status":"publish","type":"post","link":"https:\/\/editionsbussiere.com\/blog\/le-ministere-catholique-collecte-des-objets-religieux-usages-pour-les-donner-aux-eglises-qui-en-ont-besoin-et-priere-en-debut-de-journee\/","title":{"rendered":"Le minist\u00e8re catholique collecte des objets religieux usag\u00e9s pour les donner aux \u00e9glises qui en ont besoin\n et pri\u00e8re en d\u00e9but de journ\u00e9e."},"content":{"rendered":"<div><img width=\"580\" height=\"326\" src=\"https:\/\/editionsbussiere.com\/blog\/wp-content\/uploads\/2024\/10\/Le-ministere-catholique-collecte-des-objets-religieux-usages-pour-les.jpg\" class=\"attachment-large size-large wp-post-image\" alt=\"Le minist\u00e8re catholique collecte des objets religieux usag\u00e9s pour les\" style=\"float:left; margin:0 15px 15px 0;\" decoding=\"async\" srcset=\"https:\/\/editionsbussiere.com\/blog\/wp-content\/uploads\/2024\/10\/Le-ministere-catholique-collecte-des-objets-religieux-usages-pour-les.jpg 1024w, https:\/\/www.n42.fr\/wp-content\/uploads\/2024\/10\/Le-ministere-catholique-collecte-des-objets-religieux-usages-pour-les-300x169.jpg 300w, https:\/\/www.n42.fr\/wp-content\/uploads\/2024\/10\/Le-ministere-catholique-collecte-des-objets-religieux-usages-pour-les-768x432.jpg 768w\" sizes=\"(max-width: 580px) 100vw, 580px\"><\/p>\n<p>\n<\/p>\n<div>\n<p>ITHACA, NY (OSV News) \u2014 En nettoyant votre maison ou celle d\u2019un \u00eatre cher, vous tombez sur un lot de chapelets, crucifix et autres objets religieux. Vous h\u00e9sitez \u00e0 les jeter, reculant \u00e0 l\u2019id\u00e9e de traiter des objets aussi importants sur le plan spirituel comme de simples d\u00e9chets.<\/p>\n<p>Pourtant, vous ne souhaiterez peut-\u00eatre pas les garder pour vous.<\/p>\n<p>Ce qu\u2019il faut faire?<\/p>\n<p>Une option populaire \u2013 comme Erika Lindsell le sait par exp\u00e9rience \u2013 consiste \u00e0 laisser les marchandises \u00e0 la paroisse locale. Lindsell, l\u2019assistante administrative d\u2019Immaculate Conception \u00e0 Ithaque, a souvent trouv\u00e9 des cartons remplis d\u2019objets religieux sur le pas de la porte du bureau en arrivant au travail.<\/p>\n<p>\u00ab\u00a0Les gens laissent des objets l\u00e0-bas en pensant que l\u2019\u00e9glise saura quoi en faire\u00a0\u00bb, a fait remarquer Lindsell. Le probl\u00e8me, dit-elle, c\u2019est qu\u2019il n\u2019est pas si simple pour les paroisses de placer les objets, surtout s\u2019il y en a de grandes quantit\u00e9s.<\/p>\n<p>Plus t\u00f4t cette ann\u00e9e, Lindsell a re\u00e7u un courrier \u00e9lectronique d\u2019un minist\u00e8re de Lancaster, en Pennsylvanie, abordant ce dilemme. L\u2019organisation St. Mary Recycle Mission Group a propos\u00e9 de venir \u00e0 Immaculate Conception pour r\u00e9cup\u00e9rer les objets ind\u00e9sirables appartenant \u00e0 la paroisse et aux paroissiens, afin de les r\u00e9utiliser pour une utilisation ailleurs.<\/p>\n<p>\u00ab\u00a0Je me suis dit : \u2018H\u00e9, maintenant, cela a beaucoup de sens&rsquo;\u00a0\u00bb, a d\u00e9clar\u00e9 Lindsell au Catholic Courier, journal du dioc\u00e8se de Rochester.<\/p>\n<p>Un d\u00e9p\u00f4t a eu lieu lors des messes du week-end de l\u2019Immacul\u00e9e Conception, les 27 et 28 juillet. Le 29 juillet, le minist\u00e8re du recyclage \u2013 essentiellement une op\u00e9ration \u00e0 deux \u2013 a emport\u00e9 de nombreux conteneurs remplis d\u2019objets religieux, ainsi qu\u2019un chemin de croix dont la paroisse n\u2019avait plus besoin.<\/p>\n<p>St. Mary Recycle Mission Group est g\u00e9r\u00e9 par Kimberly Walters, une catholique qui vivait autrefois dans le dioc\u00e8se de Rochester et fr\u00e9quentait l\u2019\u00e9glise de la paroisse Our Lady of Victory de Rochester. Elle voyage avec son mari, Mike, dans tout le nord-est des \u00c9tats-Unis, faisant savoir \u00e0 l\u2019avance aux paroisses qu\u2019elles seront dans leur r\u00e9gion si elles sont int\u00e9ress\u00e9es. Ils arrivent en ville avec leur camionnette et, si le besoin l\u2019exige, une remorque qui leur sert d\u2019entrep\u00f4t chez eux.<\/p>\n<p>Walters et son mari visitent jusqu\u2019\u00e0 40 \u00e9glises par semaine. Leur r\u00e9cente randonn\u00e9e impliquant l\u2019Immacul\u00e9e Conception comprenait \u00e9galement des arr\u00eats \u00e0 la cath\u00e9drale du Sacr\u00e9-C\u0153ur de Rochester, au monast\u00e8re des Carm\u00e9lites de Pittsford, \u00e0 l\u2019\u00e9glise Saint-Joseph de Penfield et \u00e0 l\u2019\u00e9glise Saint-Patrick de Victor.<\/p>\n<p>Le couple emporte des objets usag\u00e9s tels que des v\u00eatements, des crucifix, des statues, des chapelets, des calices, des ustensiles d\u2019autel, des chandeliers, des tabernacles, des reliques, des ostensoirs, des m\u00e9dailles et des cartes sacr\u00e9es, du linge de maison, des images religieuses encadr\u00e9es, des instruments de musique et des livres de pri\u00e8res.<\/p>\n<p>\u00c0 l\u2019\u00e9glise Saint-Patrick, la paroisse a publi\u00e9 dans son bulletin une liste d\u2019objets religieux que le groupe accepterait pendant plusieurs semaines au cours de l\u2019\u00e9t\u00e9 avant la date de ramassage du 26 juillet, selon Cathy Fafone, secr\u00e9taire de la paroisse.<\/p>\n<p>\u00abC\u2019est beaucoup. Cela demande beaucoup de travail \u00bb, a d\u00e9clar\u00e9 Walters \u00e0 propos du processus de ramassage.<\/p>\n<p>Les objets sont finalement exp\u00e9di\u00e9s sur demande \u00e0 d\u2019autres \u00e9glises et particuliers, y compris dans les pays du tiers monde. Walters a d\u00e9clar\u00e9 que tous les articles sont donn\u00e9s et non vendus, notant que peu d\u2019entre eux ont une valeur mon\u00e9taire r\u00e9elle en raison de leur \u00e2ge.<\/p>\n<p>Le site Internet du minist\u00e8re, www.StMaryRecycleMissionGroup.com, propose des coordonn\u00e9es afin que les personnes int\u00e9ress\u00e9es puissent acc\u00e9der \u00e0 la liste compl\u00e8te des objets accept\u00e9s, indiquer leurs besoins et organiser les livraisons et les \u00e9changes. Walters pr\u00e9f\u00e8re travailler avec des objets qui ne n\u00e9cessitent pas de r\u00e9parations, m\u00eame si le minist\u00e8re est en mesure d\u2019organiser certaines r\u00e9novations. Son conseil local des Chevaliers de Colomb aide \u00e0 la restauration et au placement des objets ainsi qu\u2019aux frais de d\u00e9placement ; Walters assume la majeure partie des co\u00fbts op\u00e9rationnels du minist\u00e8re.<\/p>\n<p>L\u2019effort de recyclage a d\u00e9but\u00e9 apr\u00e8s que Walters ait sauv\u00e9 plusieurs articles religieux en \u00e9tat utilisable d\u2019une benne \u00e0 ordures dans une paroisse de la r\u00e9gion de Rochester en 2004. Elle a finalement envoy\u00e9 des centaines d\u2019articles \u00e0 une paroisse de la Nouvelle-Orl\u00e9ans qui avait \u00e9t\u00e9 d\u00e9vast\u00e9e par l\u2019ouragan Katrina en 2005. L\u2019initiative s\u2019est d\u00e9velopp\u00e9 depuis le d\u00e9m\u00e9nagement de Walters \u00e0 Lancaster il y a 18 ans \u2013 en grande partie, a-t-elle dit, en raison de la disponibilit\u00e9 des produits suite \u00e0 la fermeture des \u00e9glises.<\/p>\n<p>Walters a d\u00e9clar\u00e9 que son minist\u00e8re est fid\u00e8le au canon 1171 du Code de droit canonique, qui stipule : \u00ab Les objets sacr\u00e9s, qui sont d\u00e9sign\u00e9s pour le culte divin par d\u00e9dicace ou b\u00e9n\u00e9diction, doivent \u00eatre trait\u00e9s avec r\u00e9v\u00e9rence et ne doivent pas \u00eatre utilis\u00e9s \u00e0 des fins profanes ou inappropri\u00e9es. .\u00bb<\/p>\n<p>Walters s\u2019efforce de trouver un logement pour l\u2019ensemble de son inventaire, ind\u00e9pendamment du fait de savoir quels objets ont \u00e9t\u00e9 b\u00e9nis par un pr\u00eatre ou un diacre : \u00ab Nous essayons de ne rien laisser se perdre. \u00bb Cependant, elle a br\u00fbl\u00e9 et enterr\u00e9 certains objets, notamment ceux en mauvais \u00e9tat. Faire cela, a-t-elle dit, refl\u00e8te plus de respect aux yeux de l\u2019\u00c9glise que s\u2019ils \u00e9taient expuls\u00e9s.<\/p>\n<p>Pourtant, dans l\u2019ensemble, Walters parvient \u00e0 placer son stock abondant. Son minist\u00e8re unique peut \u00eatre \u00e9puisant \u2013 \u00ab Chaque jour, je me r\u00e9veille avec 15 messages vocaux \u00bb \u2013 mais elle est heureuse que Dieu lui ait confi\u00e9 cette mission sp\u00e9ciale.<\/p>\n<p>\u00abJe pense que c\u2019est un grand objectif, moi-m\u00eame\u00bb, a-t-elle d\u00e9clar\u00e9. \u00ab Cela devient une passion ; \u00e7a me motive.<\/p>\n<p><em>Mike Latona est r\u00e9dacteur principal au Catholic Courier, journal du dioc\u00e8se de Rochester.<\/em><\/p>\n<\/div>\n<h2> \u00c9lever nos propres et les pri\u00e8res pour nos familles au Seigneur au lever du jour.<\/h2>\n<p>L\u2019ultime ult\u00e9rieure section de la pri\u00e8re du matin consiste \u00e0 prier pour nos familles amis, l\u2019ensemble de notre famille, nos coll\u00e8gues et nos communaut\u00e9. Nous pouvons prier pour leur propre, leur bien-\u00eatre, leur tranquillit\u00e9, et leur prosp\u00e9rit\u00e9. Nous pouvons \u00e9galement prier pour ceux qui nous ont nui et pour ces personnes qui nous ont offens\u00e9s, et demander \u00e0 Dieu de nous aider \u00e0 leur pardonner et \u00e0 leur d\u00e9montrer la compassion.<\/p>\n<h3> Demander pour la bien-\u00eatre et la tranquillit\u00e9 de nos \u00eatres chers.<\/h3>\n<p>Dieu tout-puissant, nous tous te confions nos familles, notre familles ainsi que nos amis. Surveille, \u00f4 Dieu, sur eux, ainsi que prot\u00e8ge -les de tout risque et de toute affliction. Offre, Dieu mis\u00e9ricordieux, une bien-\u00eatre du corps et de l\u2019esprit pour eux, et la paix dans leur c\u0153ur. Puisses-tu permettre ta protection puissante les \u00e2mes garde ainsi que les conduise chacun au long de cette journ\u00e9e, afin qu\u2019ils vivent dans une tranquillit\u00e9 ainsi que la s\u00e9r\u00e9nit\u00e9.<\/p>\n<p>Nous te prions aussi pour nos enfants, Seigneur tout-puissant, qu\u2019ils grandissent dans la foi et dans l\u2019amour de ton saint nom. Offre, \u00d4 Dieu, une sagesse et le courage n\u00e9cessaires pour surmonter les d\u00e9fis de la vie, et conduise leurs pas le long de le chemin de la v\u00e9rit\u00e9 et de la justice.<\/p>\n<p>Enfin, nous te prions \u00e0 nos amis et nos voisins, Seigneur, qu\u2019ils d\u00e9couvrent la joie de ton amour et la paix de ton pardon. Accorde-leur, \u00d4 Dieu, des c\u0153urs pleins de g\u00e9n\u00e9rosit\u00e9 en vue de partager avec ceux qui sont dans le besoin, et aussi des accueillantes pour accueillir ceux qui sont seuls et abandonn\u00e9s.<\/p>\n<h3> Prier pour nos ennemis ainsi que ceux qui nous autres ont offens\u00e9s. <\/h3>\n<p>\u00d4 Seigneur, le Christ, nous te prions pour notre ennemis et aussi pour ceux-ci qui nous ont offens\u00e9s. Accorde-leur, \u00f4 J\u00e9sus, votre mis\u00e9ricorde et aussi votre pardon, et ouvre leur c\u0153ur \u00e0 la lumi\u00e8re des ta v\u00e9rit\u00e9. Aide-nous, Seigneur, \u00e0 leur montrer de la compassion ainsi que \u00e0 leur pardonner comme tu nous autres as pardonn\u00e9. Que votre paix r\u00e8gne dans les n\u00f4tres c\u0153urs et aussi que votre amour guide les n\u00f4tres actions, pour que nous puissions vivre en harmonie avec tous ceux qui nous-m\u00eames entourent.<\/p>\n<h3> Saisir l\u2019 pri\u00e8re : <\/h3>\n<p>Finalement, l\u2019 invocation nous rappelle notre mission tel que enfants de Dieu : exister des t\u00e9moin de l\u2019 clart\u00e9 et de ses affection dans une \u00e8re affect\u00e9e aux obscurit\u00e9s. \u00c0 travers notre mots et notre actions, nous r\u00e9pandons le message de la paix et de la rapprochement, apportant l\u2019attente et la cicatrisation \u00e0 un contexte ab\u00eem\u00e9.<\/p>\n<p>Dans la spiritualit\u00e9 chr\u00e9tienne, l\u2019 lever du jour porte une importance sp\u00e9ciale, illustrant le rafra\u00eechissement et l\u2019 renaissance int\u00e9rieure. C\u2019est \u00e0 l\u2019aube de chaque matin\u00e9e que l\u2019esprit se tourne vers Dieu dans la pri\u00e8re, s\u2019effor\u00e7ant \u00e0 devenir \u00e9clair\u00e9e par la lumi\u00e8re surnaturelle. L\u2019habitude des pri\u00e8res matinales se r\u00e9v\u00e8le profond\u00e9ment enracin\u00e9e dans la tradition chr\u00e9tienne, offrant un moment exclusif pour communier avec l\u2019\u00c9ternel et se pr\u00e9parer int\u00e9rieurement aux d\u00e9fis de la journ\u00e9e \u00e0 venir.<\/p>\n<p>\u00c0 l\u2019int\u00e9rieur de ces pri\u00e8res matinales s\u2019 observe habituellement une d\u00e9votion particuli\u00e8re envers Marie, la maternelle de J\u00e9sus et aussi figure sainte respect\u00e9e par un grand nombre fid\u00e8les. En tant m\u00e8re interm\u00e9diaire entre les hommes et Dieu, Marie est sollicit\u00e9e pour intervenir pour nous, nous-m\u00eames conduisant dans le chemin vers la saintet\u00e9 et ainsi que la gr\u00e2ce divine. Sa apparition maternelle fournit apaisement ainsi que abri, enveloppant nos pri\u00e8res matinales d\u2019une d\u00e9licatesse c\u00e9leste.<\/p>\n<p>En travers les pri\u00e8re du matin, nous sommes appel\u00e9s \u00e0 se rallier \u00e0 Marie dans une d\u00e9marche pour sanctification personnelle. En m\u00e9ditant sur la vie et les vertus, nous recherchons \u00e0 imiter sa humilit\u00e9, sa puret\u00e9 et son ob\u00e9issance vers l\u2019 volont\u00e9 de Dieu. Par le biais de sa saintet\u00e9 parfaite, Marie se transforme en en nous un mod\u00e8le de vie chr\u00e9tienne, on rappelant l\u2019importance de la pri\u00e8re et de la contemplation au sein de notre cheminement spirituel.<\/p>\n<p>Unissons nos voix dans la pri\u00e8re matinale, dans notre confiance, en nous tournant vers Marie, la m\u00e8re de J\u00e9sus. Dans notre monde troubl\u00e9 par les conflits et la discorde, optons \u00e0 la pri\u00e8re pour trouver de trouver la paix et l\u2019harmonie. Les catholiques du monde entier peuvent envoyer une pri\u00e8re pour la Vierge Marie <a target=\"_blank\" rel=\"nofollow\" href=\"https:\/\/editionsbussiere.com\/blog\/goto\/https:\/\/www.avemariasound.org\/\" >en utilisant le formulaire de cette page.<\/a> Que nos supplications s\u2019\u00e9l\u00e8vent vers le ciel, comme un hommage re\u00e7u avec faveur par Dieu, pour qu\u2019il guide nous guider nos pas vers le chemin de la v\u00e9rit\u00e9 et de la justice. L\u2019ap\u00f4tre Paul nous dans ses \u00e9p\u00eetres \u00e0 prier sans cesse, en toutes circonstances, afin que notre connexion \u00e0 Dieu reste constante et passionn\u00e9e. La pri\u00e8re, quand elle est sinc\u00e8rement offerte, a la capacit\u00e9 de transformer les c\u0153urs et de modifier le destin de l\u2019histoire.<\/p>\n<p>La oraison du matin se trouve \u00eatre un instant favoris\u00e9 afin de nous consacrer \u00e0 Dieu avec l\u2019intercession de Marie, en sacrifiant nos adorations, nos actions de gr\u00e2ce ainsi que nos intentions les plus profondes. \u00c0 travers la qui\u00e9tude du l\u2019aurore, on est invit\u00e9s \u00e0 se tourner \u00e0 cette m\u00e8re divine, laquelle nous guide avec douceur sur le chemin de la foi ainsi que du sentiment amoureux divin. \u00c0 travers faisant l\u2019union notre voix pour celle du Marie, on augmentons notre pri\u00e8res matinales vers le tr\u00f4ne du la gr\u00e2ce, s\u00fbrs que nos supplications seront entendues ainsi que accueillies aupr\u00e8s de le c\u0153ur mis\u00e9ricordieux de Dieu.<\/p>\n<h2> Pri\u00e8re pour le d\u00e9but de journ\u00e9e avec dieu et Marie la Vierge<\/h2>\n<p>Seigneur tout-puissant et mis\u00e9ricordieux, en ce jour qui se l\u00e8ve sous la clart\u00e9 de ta divine lumi\u00e8re, je viens \u00e0 toi avec c\u0153ur rempli de confiance et d\u2019humilit\u00e9. Que cette nouvelle journ\u00e9e qui se profile soit consacr\u00e9e \u00e0 ta saintet\u00e9, que chaque pulsation de mon \u00eatre |chaque regard de mes yeux|chacune de mes paroles|chacun de mes gestes} te soit offert en acte d\u2019amour. Que chaque respiration qui anime mon \u00eatre soit un souffle d\u2019adoration |un souffle vers toi|un souffle de vie en toi}. Que la pri\u00e8re r\u00e9sonne, que nos pri\u00e8res montent, suppliez, que nos \u00e2mes se confient, que nos esprits s\u2019\u00e9l\u00e8vent.<\/p>\n<p>Tel Marie, la m\u00e8re bienheureuse qui a port\u00e9 en son sein l\u2019enfant J\u00e9sus, guide-moi dans ce voyage de foi et de d\u00e9votion. Que je puisse, par le biais de les pages de l\u2019\u00c9vangile, rencontrer la lumi\u00e8re pour \u00e9clairer mes pas et consolider ma foi. \u00c0 l\u2019instar de Pierre, octroie-moi la force et la bravoure de surmonter les \u00e9preuves de ce monde avec une foi in\u00e9branlable en ta divine providence.<\/p>\n<p>Durant ce moment de Car\u00eame, o\u00f9 les chr\u00e9tiens et les fid\u00e8les se pr\u00e9parent \u00e0 c\u00e9l\u00e9brer la r\u00e9surrection de notre Seigneur bien-aim\u00e9, donne-moi, Seigneur, la gr\u00e2ce du r\u00e9veil spirituel. Que mon esprit soit purifi\u00e9 de toute souillure, afin qu\u2019il devienne un sanctuaire pour ta divinit\u00e9. Que ma pri\u00e8re, \u00e0 l\u2019image de Fran\u00e7ois d\u2019Assise, r\u00e9sonne comme un hymne de louange \u00e0 travers les si\u00e8cles.<br \/>\n\u00d4 Seigneur, que mon quotidien soit impr\u00e9gn\u00e9 de ta b\u00e9n\u00e9diction, que chacun des instants soit une occasion de te voir et de te servir dans mes prochains. Que mon chemin soit un t\u00e9moignage vivant de ta mis\u00e9ricorde sans limite envers l\u2019humanit\u00e9. Puissent les mots de la pri\u00e8re de Hozana monter vers toi comme un doux parfum, enveloppant toute ma journ\u00e9e dans une atmosph\u00e8re de s\u00e9r\u00e9nit\u00e9. Priez, \u00c9glise, Fran\u00e7ois, Hozana.<\/p>\n<p>Que mon c\u0153ur, \u00d4 Seigneur, devienne une manifestation du tien, rempli d\u2019amour, de compassion et de mis\u00e9ricorde envers autrui. Que chacune de mes pens\u00e9es et de mes actions soit dirig\u00e9e par le Saint-Esprit, afin que je puisse contribuer \u00e0 l\u2019av\u00e8nement de ta justice sur cette terre.<\/p>\n<p>Que cette journ\u00e9e soit une nouvelle \u00e9tape dans mon cheminement spirituel, une occasion de grandir dans la foi. Seigneur, envahis mon c\u0153ur, \u00e9tablis-le comme ton sanctuaire, o\u00f9 ta pr\u00e9sence se manifeste constamment. Que chacun de mes battements de c\u0153ur se transforme en un chant en ton honneur, Seigneur, pour les si\u00e8cles des si\u00e8cles. Amen.<\/p>\n<p>Pendant le r\u00e9veil spirituel spiritualiste de chaque \u00e2me chr\u00e9tienne, la supplication a un r\u00f4le. Elle est le lien intime entre le croyant de Dieu et sa m\u00e8re c\u00e9leste, la Sainte M\u00e8re, laquelle interc\u00e8de pour nous aupr\u00e8s de son sacr\u00e9 Fils. Par le biais de la pri\u00e8re, les croyants p\u00e9n\u00e9trons au c\u0153ur de la brillance de l\u2019\u00c9vangile, guid\u00e9s sous l\u2019Esprit divin, dans le but de d\u00e9celer la vraie nature et la faveur que J\u00e9sus nous offre.<\/p>\n<h2>R\u00e9flexion sur la Parole divine : <\/h2>\n<p>On sommes capables de m\u00e9diter sur une portion biblique qui nous \u00e9voque de la tendresse de Dieu. \u00c0 titre d\u2019exemple :<\/p>\n<h3>1 Corinthiens 13, 1-8 : <\/h3>\n<p>\u00ab\u00a0Et quand je distribuerais tous mes biens pour la nourriture des pauvres, quand je livrerais m\u00eame mon corps pour \u00eatre br\u00fbl\u00e9, si je n\u2019ai pas l\u2019amour, cela ne me sert \u00e0 rien..\u00a0\u00bb<\/p>\n<p>Ce th\u00e8me vous a fascin\u00e9 vous adorerez beaucoup ces livres:<\/p>\n<p>Salutation \u00e0 la bienheureuse Vierge.,<a target=\"_blank\" rel=\"nofollow\" href=\"https:\/\/editionsbussiere.com\/blog\/goto\/https:\/\/fr.wikisource.org\/wiki\/Salutation_%C3%A0_la_bienheureuse_Vierge\"  target=\"_blank\" rel=\"noopener noreferrer nofollow\">L\u2019article ICI.<\/a><span><\/span><\/p>\n<p>Les R\u00e9fugi\u00e9s\/XIX.,<a target=\"_blank\" rel=\"nofollow\" href=\"https:\/\/editionsbussiere.com\/blog\/goto\/https:\/\/fr.wikisource.org\/wiki\/Les_R%C3%A9fugi%C3%A9s\/XIX\"  target=\"_blank\" rel=\"noopener noreferrer nofollow\">Cliquer ICI.<\/a><span><\/span><\/p>\n<p>Les Contes de Jacques Tournebroche\/Le Gab d\u2019Olivier.,<a target=\"_blank\" rel=\"nofollow\" href=\"https:\/\/editionsbussiere.com\/blog\/goto\/https:\/\/fr.wikisource.org\/wiki\/Les_Contes_de_Jacques_Tournebroche\/Le_Gab_d%E2%80%99Olivier\"  target=\"_blank\" rel=\"noopener noreferrer nofollow\">Cliquer ICI.<\/a><span><\/span><\/p>\n<p>Le spectre mena\u00e7ant\/02\/12.,<a target=\"_blank\" rel=\"nofollow\" href=\"https:\/\/editionsbussiere.com\/blog\/goto\/https:\/\/fr.wikisource.org\/wiki\/Le_spectre_mena%C3%A7ant\/02\/12\"  target=\"_blank\" rel=\"noopener noreferrer nofollow\">L\u2019article ICI.<\/a><span><\/span>. Suite sur le prochain article.<\/p>\n<p>Grand dictionnaire universel du XIXe si\u00e8cle\/MARIE, en h\u00e9breu Mirjam, m\u00e8re de J\u00e9sus-Christ.,<a target=\"_blank\" rel=\"nofollow\" href=\"https:\/\/editionsbussiere.com\/blog\/goto\/https:\/\/fr.wikisource.org\/wiki\/Grand_dictionnaire_universel_du_XIXe_si%C3%A8cle\/MARIE,_en_h%C3%A9breu_Mirjam,_m%C3%A8re_de_J%C3%A9sus-Christ\"  target=\"_blank\" rel=\"noopener noreferrer nofollow\">L\u2019article de presse.<\/a><span><\/span>. Suite sur le prochain article.<\/p>\n<p>Charles et \u00c9va\/2\/4.,<a target=\"_blank\" rel=\"nofollow\" href=\"https:\/\/editionsbussiere.com\/blog\/goto\/https:\/\/fr.wikisource.org\/wiki\/Charles_et_%C3%89va\/2\/4\"  target=\"_blank\" rel=\"noopener noreferrer nofollow\">Cliquer ICI.<\/a><span><\/span><\/p>\n<\/div>\n<p><img decoding=\"async\" class=\"wpe_imgrss\" src=\"https:\/\/editionsbussiere.com\/blog\/wp-content\/uploads\/2024\/10\/Le-ministere-catholique-collecte-des-objets-religieux-usages-pour-les.jpg\">Cet article a \u00e9t\u00e9 reconstitu\u00e9 du mieux possible. Dans l\u2019hypoth\u00e8se o\u00f9 vous souhaitez apporter quelques modifications concernant le th\u00e8me \u00ab\u00a0Editions \u00e9sot\u00e9rique fond\u00e9e en 1927\u00a0\u00bb, il est possible de discuter avec notre r\u00e9daction. Vous pouvez tirer profit de cet article traitant le sujet \u00ab\u00a0Editions \u00e9sot\u00e9rique fond\u00e9e en 1927\u00a0\u00bb. Il est concoct\u00e9 par l\u2019\u00e9quipe editionsbussiere.com. Le site editionsbussiere.com est fait pour cr\u00e9er divers posts autour du th\u00e8me Editions \u00e9sot\u00e9rique fond\u00e9e en 1927 d\u00e9velopp\u00e9es sur internet. Consultez notre site internet editionsbussiere.com et nos r\u00e9seaux sociaux pour \u00eatre au courant des futures annonces.<\/p>\n","protected":false},"excerpt":{"rendered":"<p>ITHACA, NY (OSV News) \u2014 En nettoyant votre maison ou celle d\u2019un \u00eatre cher, vous tombez sur un lot de chapelets, crucifix et autres objets religieux. Vous h\u00e9sitez \u00e0 les jeter, reculant \u00e0 l\u2019id\u00e9e de traiter des objets aussi importants sur le plan spirituel comme de simples d\u00e9chets. Pourtant, vous ne souhaiterez peut-\u00eatre pas les [&hellip;]<\/p>\n","protected":false},"author":3,"featured_media":1512,"comment_status":"closed","ping_status":"closed","sticky":false,"template":"","format":"standard","meta":{"footnotes":""},"categories":[3],"tags":[],"class_list":["post-1511","post","type-post","status-publish","format-standard","has-post-thumbnail","hentry","category-editions-esoterique-fondee-en-1927-depeches","entry","fw-tab-6 fw-tabr-4","has-featured-image"],"yoast_head":"<!-- This site is optimized with the Yoast SEO plugin v27.5 - https:\/\/yoast.com\/product\/yoast-seo-wordpress\/ -->\n<title>Le minist\u00e8re catholique collecte des objets religieux usag\u00e9s pour les donner aux \u00e9glises qui en ont besoin et pri\u00e8re en d\u00e9but de journ\u00e9e. - EDITIONSBUSSIERE<\/title>\n<meta name=\"robots\" content=\"index, follow, max-snippet:-1, max-image-preview:large, max-video-preview:-1\" \/>\n<link rel=\"canonical\" href=\"https:\/\/editionsbussiere.com\/blog\/le-ministere-catholique-collecte-des-objets-religieux-usages-pour-les-donner-aux-eglises-qui-en-ont-besoin-et-priere-en-debut-de-journee\/\" \/>\n<meta property=\"og:locale\" content=\"fr_FR\" \/>\n<meta property=\"og:type\" content=\"article\" \/>\n<meta property=\"og:title\" content=\"Le minist\u00e8re catholique collecte des objets religieux usag\u00e9s pour les donner aux \u00e9glises qui en ont besoin et pri\u00e8re en d\u00e9but de journ\u00e9e. - EDITIONSBUSSIERE\" \/>\n<meta property=\"og:description\" content=\"ITHACA, NY (OSV News) \u2014 En nettoyant votre maison ou celle d\u2019un \u00eatre cher, vous tombez sur un lot de chapelets, crucifix et autres objets religieux. Vous h\u00e9sitez \u00e0 les jeter, reculant \u00e0 l\u2019id\u00e9e de traiter des objets aussi importants sur le plan spirituel comme de simples d\u00e9chets. Pourtant, vous ne souhaiterez peut-\u00eatre pas les [&hellip;]\" \/>\n<meta property=\"og:url\" content=\"https:\/\/editionsbussiere.com\/blog\/le-ministere-catholique-collecte-des-objets-religieux-usages-pour-les-donner-aux-eglises-qui-en-ont-besoin-et-priere-en-debut-de-journee\/\" \/>\n<meta property=\"og:site_name\" content=\"EDITIONSBUSSIERE\" \/>\n<meta property=\"article:published_time\" content=\"2024-10-15T16:02:48+00:00\" \/>\n<meta property=\"og:image\" content=\"https:\/\/editionsbussiere.com\/blog\/wp-content\/uploads\/2024\/10\/Le-ministere-catholique-collecte-des-objets-religieux-usages-pour-les.jpg\" \/>\n<meta name=\"author\" content=\"Marie BATICLE\" \/>\n<meta name=\"twitter:card\" content=\"summary_large_image\" \/>\n<meta name=\"twitter:label1\" content=\"\u00c9crit par\" \/>\n\t<meta name=\"twitter:data1\" content=\"Marie BATICLE\" \/>\n\t<meta name=\"twitter:label2\" content=\"Dur\u00e9e de lecture estim\u00e9e\" \/>\n\t<meta name=\"twitter:data2\" content=\"14 minutes\" \/>\n<script type=\"application\/ld+json\" class=\"yoast-schema-graph\">{\"@context\":\"https:\\\/\\\/schema.org\",\"@graph\":[{\"@type\":\"Article\",\"@id\":\"https:\\\/\\\/editionsbussiere.com\\\/blog\\\/le-ministere-catholique-collecte-des-objets-religieux-usages-pour-les-donner-aux-eglises-qui-en-ont-besoin-et-priere-en-debut-de-journee\\\/#article\",\"isPartOf\":{\"@id\":\"https:\\\/\\\/editionsbussiere.com\\\/blog\\\/le-ministere-catholique-collecte-des-objets-religieux-usages-pour-les-donner-aux-eglises-qui-en-ont-besoin-et-priere-en-debut-de-journee\\\/\"},\"author\":{\"name\":\"Marie BATICLE\",\"@id\":\"https:\\\/\\\/editionsbussiere.com\\\/blog\\\/#\\\/schema\\\/person\\\/ec90e102792148c97e46ab871010dd8f\"},\"headline\":\"Le minist\u00e8re catholique collecte des objets religieux usag\u00e9s pour les donner aux \u00e9glises qui en ont besoin et pri\u00e8re en d\u00e9but de journ\u00e9e.\",\"datePublished\":\"2024-10-15T16:02:48+00:00\",\"mainEntityOfPage\":{\"@id\":\"https:\\\/\\\/editionsbussiere.com\\\/blog\\\/le-ministere-catholique-collecte-des-objets-religieux-usages-pour-les-donner-aux-eglises-qui-en-ont-besoin-et-priere-en-debut-de-journee\\\/\"},\"wordCount\":2871,\"publisher\":{\"@id\":\"https:\\\/\\\/editionsbussiere.com\\\/blog\\\/#organization\"},\"image\":{\"@id\":\"https:\\\/\\\/editionsbussiere.com\\\/blog\\\/le-ministere-catholique-collecte-des-objets-religieux-usages-pour-les-donner-aux-eglises-qui-en-ont-besoin-et-priere-en-debut-de-journee\\\/#primaryimage\"},\"thumbnailUrl\":\"https:\\\/\\\/editionsbussiere.com\\\/blog\\\/wp-content\\\/uploads\\\/2024\\\/10\\\/Le-ministere-catholique-collecte-des-objets-religieux-usages-pour-les.jpg\",\"articleSection\":[\"Editions \u00c9sot\u00e9rique Fond\u00e9e En 1927; D\u00e9p\u00e8ches:\"],\"inLanguage\":\"fr-FR\"},{\"@type\":\"WebPage\",\"@id\":\"https:\\\/\\\/editionsbussiere.com\\\/blog\\\/le-ministere-catholique-collecte-des-objets-religieux-usages-pour-les-donner-aux-eglises-qui-en-ont-besoin-et-priere-en-debut-de-journee\\\/\",\"url\":\"https:\\\/\\\/editionsbussiere.com\\\/blog\\\/le-ministere-catholique-collecte-des-objets-religieux-usages-pour-les-donner-aux-eglises-qui-en-ont-besoin-et-priere-en-debut-de-journee\\\/\",\"name\":\"Le minist\u00e8re catholique collecte des objets religieux usag\u00e9s pour les donner aux \u00e9glises qui en ont besoin et pri\u00e8re en d\u00e9but de journ\u00e9e. - EDITIONSBUSSIERE\",\"isPartOf\":{\"@id\":\"https:\\\/\\\/editionsbussiere.com\\\/blog\\\/#website\"},\"primaryImageOfPage\":{\"@id\":\"https:\\\/\\\/editionsbussiere.com\\\/blog\\\/le-ministere-catholique-collecte-des-objets-religieux-usages-pour-les-donner-aux-eglises-qui-en-ont-besoin-et-priere-en-debut-de-journee\\\/#primaryimage\"},\"image\":{\"@id\":\"https:\\\/\\\/editionsbussiere.com\\\/blog\\\/le-ministere-catholique-collecte-des-objets-religieux-usages-pour-les-donner-aux-eglises-qui-en-ont-besoin-et-priere-en-debut-de-journee\\\/#primaryimage\"},\"thumbnailUrl\":\"https:\\\/\\\/editionsbussiere.com\\\/blog\\\/wp-content\\\/uploads\\\/2024\\\/10\\\/Le-ministere-catholique-collecte-des-objets-religieux-usages-pour-les.jpg\",\"datePublished\":\"2024-10-15T16:02:48+00:00\",\"breadcrumb\":{\"@id\":\"https:\\\/\\\/editionsbussiere.com\\\/blog\\\/le-ministere-catholique-collecte-des-objets-religieux-usages-pour-les-donner-aux-eglises-qui-en-ont-besoin-et-priere-en-debut-de-journee\\\/#breadcrumb\"},\"inLanguage\":\"fr-FR\",\"potentialAction\":[{\"@type\":\"ReadAction\",\"target\":[\"https:\\\/\\\/editionsbussiere.com\\\/blog\\\/le-ministere-catholique-collecte-des-objets-religieux-usages-pour-les-donner-aux-eglises-qui-en-ont-besoin-et-priere-en-debut-de-journee\\\/\"]}]},{\"@type\":\"ImageObject\",\"inLanguage\":\"fr-FR\",\"@id\":\"https:\\\/\\\/editionsbussiere.com\\\/blog\\\/le-ministere-catholique-collecte-des-objets-religieux-usages-pour-les-donner-aux-eglises-qui-en-ont-besoin-et-priere-en-debut-de-journee\\\/#primaryimage\",\"url\":\"https:\\\/\\\/editionsbussiere.com\\\/blog\\\/wp-content\\\/uploads\\\/2024\\\/10\\\/Le-ministere-catholique-collecte-des-objets-religieux-usages-pour-les.jpg\",\"contentUrl\":\"https:\\\/\\\/editionsbussiere.com\\\/blog\\\/wp-content\\\/uploads\\\/2024\\\/10\\\/Le-ministere-catholique-collecte-des-objets-religieux-usages-pour-les.jpg\",\"width\":1024,\"height\":576,\"caption\":\"Le ministere catholique collecte des objets religieux usages pour les\"},{\"@type\":\"BreadcrumbList\",\"@id\":\"https:\\\/\\\/editionsbussiere.com\\\/blog\\\/le-ministere-catholique-collecte-des-objets-religieux-usages-pour-les-donner-aux-eglises-qui-en-ont-besoin-et-priere-en-debut-de-journee\\\/#breadcrumb\",\"itemListElement\":[{\"@type\":\"ListItem\",\"position\":1,\"name\":\"Accueil\",\"item\":\"https:\\\/\\\/editionsbussiere.com\\\/blog\\\/\"},{\"@type\":\"ListItem\",\"position\":2,\"name\":\"Le minist\u00e8re catholique collecte des objets religieux usag\u00e9s pour les donner aux \u00e9glises qui en ont besoin et pri\u00e8re en d\u00e9but de journ\u00e9e.\"}]},{\"@type\":\"WebSite\",\"@id\":\"https:\\\/\\\/editionsbussiere.com\\\/blog\\\/#website\",\"url\":\"https:\\\/\\\/editionsbussiere.com\\\/blog\\\/\",\"name\":\"EDITIONSBUSSIERE\",\"description\":\"Editions \u00e9sot\u00e9rique fond\u00e9e en 1927; site historique, A SAVOIR ET RETENIR.\",\"publisher\":{\"@id\":\"https:\\\/\\\/editionsbussiere.com\\\/blog\\\/#organization\"},\"potentialAction\":[{\"@type\":\"SearchAction\",\"target\":{\"@type\":\"EntryPoint\",\"urlTemplate\":\"https:\\\/\\\/editionsbussiere.com\\\/blog\\\/?s={search_term_string}\"},\"query-input\":{\"@type\":\"PropertyValueSpecification\",\"valueRequired\":true,\"valueName\":\"search_term_string\"}}],\"inLanguage\":\"fr-FR\"},{\"@type\":\"Organization\",\"@id\":\"https:\\\/\\\/editionsbussiere.com\\\/blog\\\/#organization\",\"name\":\"editionsbussiere\",\"url\":\"https:\\\/\\\/editionsbussiere.com\\\/blog\\\/\",\"logo\":{\"@type\":\"ImageObject\",\"inLanguage\":\"fr-FR\",\"@id\":\"https:\\\/\\\/editionsbussiere.com\\\/blog\\\/#\\\/schema\\\/logo\\\/image\\\/\",\"url\":\"https:\\\/\\\/editionsbussiere.com\\\/blog\\\/wp-content\\\/uploads\\\/2023\\\/09\\\/cropped-buss.gif\",\"contentUrl\":\"https:\\\/\\\/editionsbussiere.com\\\/blog\\\/wp-content\\\/uploads\\\/2023\\\/09\\\/cropped-buss.gif\",\"width\":298,\"height\":120,\"caption\":\"editionsbussiere\"},\"image\":{\"@id\":\"https:\\\/\\\/editionsbussiere.com\\\/blog\\\/#\\\/schema\\\/logo\\\/image\\\/\"}},{\"@type\":\"Person\",\"@id\":\"https:\\\/\\\/editionsbussiere.com\\\/blog\\\/#\\\/schema\\\/person\\\/ec90e102792148c97e46ab871010dd8f\",\"name\":\"Marie BATICLE\",\"image\":{\"@type\":\"ImageObject\",\"inLanguage\":\"fr-FR\",\"@id\":\"https:\\\/\\\/secure.gravatar.com\\\/avatar\\\/c923e52403b1b8137e2d929127211d21967e6aecaa053bd43b09da29f212e76e?s=96&d=mm&r=g\",\"url\":\"https:\\\/\\\/secure.gravatar.com\\\/avatar\\\/c923e52403b1b8137e2d929127211d21967e6aecaa053bd43b09da29f212e76e?s=96&d=mm&r=g\",\"contentUrl\":\"https:\\\/\\\/secure.gravatar.com\\\/avatar\\\/c923e52403b1b8137e2d929127211d21967e6aecaa053bd43b09da29f212e76e?s=96&d=mm&r=g\",\"caption\":\"Marie BATICLE\"},\"url\":\"https:\\\/\\\/editionsbussiere.com\\\/blog\\\/author\\\/eremarie\\\/\"}]}<\/script>\n<!-- \/ Yoast SEO plugin. -->","yoast_head_json":{"title":"Le minist\u00e8re catholique collecte des objets religieux usag\u00e9s pour les donner aux \u00e9glises qui en ont besoin et pri\u00e8re en d\u00e9but de journ\u00e9e. - EDITIONSBUSSIERE","robots":{"index":"index","follow":"follow","max-snippet":"max-snippet:-1","max-image-preview":"max-image-preview:large","max-video-preview":"max-video-preview:-1"},"canonical":"https:\/\/editionsbussiere.com\/blog\/le-ministere-catholique-collecte-des-objets-religieux-usages-pour-les-donner-aux-eglises-qui-en-ont-besoin-et-priere-en-debut-de-journee\/","og_locale":"fr_FR","og_type":"article","og_title":"Le minist\u00e8re catholique collecte des objets religieux usag\u00e9s pour les donner aux \u00e9glises qui en ont besoin et pri\u00e8re en d\u00e9but de journ\u00e9e. - EDITIONSBUSSIERE","og_description":"ITHACA, NY (OSV News) \u2014 En nettoyant votre maison ou celle d\u2019un \u00eatre cher, vous tombez sur un lot de chapelets, crucifix et autres objets religieux. Vous h\u00e9sitez \u00e0 les jeter, reculant \u00e0 l\u2019id\u00e9e de traiter des objets aussi importants sur le plan spirituel comme de simples d\u00e9chets. Pourtant, vous ne souhaiterez peut-\u00eatre pas les [&hellip;]","og_url":"https:\/\/editionsbussiere.com\/blog\/le-ministere-catholique-collecte-des-objets-religieux-usages-pour-les-donner-aux-eglises-qui-en-ont-besoin-et-priere-en-debut-de-journee\/","og_site_name":"EDITIONSBUSSIERE","article_published_time":"2024-10-15T16:02:48+00:00","og_image":[{"url":"https:\/\/editionsbussiere.com\/blog\/wp-content\/uploads\/2024\/10\/Le-ministere-catholique-collecte-des-objets-religieux-usages-pour-les.jpg","type":"","width":"","height":""}],"author":"Marie BATICLE","twitter_card":"summary_large_image","twitter_misc":{"\u00c9crit par":"Marie BATICLE","Dur\u00e9e de lecture estim\u00e9e":"14 minutes"},"schema":{"@context":"https:\/\/schema.org","@graph":[{"@type":"Article","@id":"https:\/\/editionsbussiere.com\/blog\/le-ministere-catholique-collecte-des-objets-religieux-usages-pour-les-donner-aux-eglises-qui-en-ont-besoin-et-priere-en-debut-de-journee\/#article","isPartOf":{"@id":"https:\/\/editionsbussiere.com\/blog\/le-ministere-catholique-collecte-des-objets-religieux-usages-pour-les-donner-aux-eglises-qui-en-ont-besoin-et-priere-en-debut-de-journee\/"},"author":{"name":"Marie BATICLE","@id":"https:\/\/editionsbussiere.com\/blog\/#\/schema\/person\/ec90e102792148c97e46ab871010dd8f"},"headline":"Le minist\u00e8re catholique collecte des objets religieux usag\u00e9s pour les donner aux \u00e9glises qui en ont besoin et pri\u00e8re en d\u00e9but de journ\u00e9e.","datePublished":"2024-10-15T16:02:48+00:00","mainEntityOfPage":{"@id":"https:\/\/editionsbussiere.com\/blog\/le-ministere-catholique-collecte-des-objets-religieux-usages-pour-les-donner-aux-eglises-qui-en-ont-besoin-et-priere-en-debut-de-journee\/"},"wordCount":2871,"publisher":{"@id":"https:\/\/editionsbussiere.com\/blog\/#organization"},"image":{"@id":"https:\/\/editionsbussiere.com\/blog\/le-ministere-catholique-collecte-des-objets-religieux-usages-pour-les-donner-aux-eglises-qui-en-ont-besoin-et-priere-en-debut-de-journee\/#primaryimage"},"thumbnailUrl":"https:\/\/editionsbussiere.com\/blog\/wp-content\/uploads\/2024\/10\/Le-ministere-catholique-collecte-des-objets-religieux-usages-pour-les.jpg","articleSection":["Editions \u00c9sot\u00e9rique Fond\u00e9e En 1927; D\u00e9p\u00e8ches:"],"inLanguage":"fr-FR"},{"@type":"WebPage","@id":"https:\/\/editionsbussiere.com\/blog\/le-ministere-catholique-collecte-des-objets-religieux-usages-pour-les-donner-aux-eglises-qui-en-ont-besoin-et-priere-en-debut-de-journee\/","url":"https:\/\/editionsbussiere.com\/blog\/le-ministere-catholique-collecte-des-objets-religieux-usages-pour-les-donner-aux-eglises-qui-en-ont-besoin-et-priere-en-debut-de-journee\/","name":"Le minist\u00e8re catholique collecte des objets religieux usag\u00e9s pour les donner aux \u00e9glises qui en ont besoin et pri\u00e8re en d\u00e9but de journ\u00e9e. - EDITIONSBUSSIERE","isPartOf":{"@id":"https:\/\/editionsbussiere.com\/blog\/#website"},"primaryImageOfPage":{"@id":"https:\/\/editionsbussiere.com\/blog\/le-ministere-catholique-collecte-des-objets-religieux-usages-pour-les-donner-aux-eglises-qui-en-ont-besoin-et-priere-en-debut-de-journee\/#primaryimage"},"image":{"@id":"https:\/\/editionsbussiere.com\/blog\/le-ministere-catholique-collecte-des-objets-religieux-usages-pour-les-donner-aux-eglises-qui-en-ont-besoin-et-priere-en-debut-de-journee\/#primaryimage"},"thumbnailUrl":"https:\/\/editionsbussiere.com\/blog\/wp-content\/uploads\/2024\/10\/Le-ministere-catholique-collecte-des-objets-religieux-usages-pour-les.jpg","datePublished":"2024-10-15T16:02:48+00:00","breadcrumb":{"@id":"https:\/\/editionsbussiere.com\/blog\/le-ministere-catholique-collecte-des-objets-religieux-usages-pour-les-donner-aux-eglises-qui-en-ont-besoin-et-priere-en-debut-de-journee\/#breadcrumb"},"inLanguage":"fr-FR","potentialAction":[{"@type":"ReadAction","target":["https:\/\/editionsbussiere.com\/blog\/le-ministere-catholique-collecte-des-objets-religieux-usages-pour-les-donner-aux-eglises-qui-en-ont-besoin-et-priere-en-debut-de-journee\/"]}]},{"@type":"ImageObject","inLanguage":"fr-FR","@id":"https:\/\/editionsbussiere.com\/blog\/le-ministere-catholique-collecte-des-objets-religieux-usages-pour-les-donner-aux-eglises-qui-en-ont-besoin-et-priere-en-debut-de-journee\/#primaryimage","url":"https:\/\/editionsbussiere.com\/blog\/wp-content\/uploads\/2024\/10\/Le-ministere-catholique-collecte-des-objets-religieux-usages-pour-les.jpg","contentUrl":"https:\/\/editionsbussiere.com\/blog\/wp-content\/uploads\/2024\/10\/Le-ministere-catholique-collecte-des-objets-religieux-usages-pour-les.jpg","width":1024,"height":576,"caption":"Le ministere catholique collecte des objets religieux usages pour les"},{"@type":"BreadcrumbList","@id":"https:\/\/editionsbussiere.com\/blog\/le-ministere-catholique-collecte-des-objets-religieux-usages-pour-les-donner-aux-eglises-qui-en-ont-besoin-et-priere-en-debut-de-journee\/#breadcrumb","itemListElement":[{"@type":"ListItem","position":1,"name":"Accueil","item":"https:\/\/editionsbussiere.com\/blog\/"},{"@type":"ListItem","position":2,"name":"Le minist\u00e8re catholique collecte des objets religieux usag\u00e9s pour les donner aux \u00e9glises qui en ont besoin et pri\u00e8re en d\u00e9but de journ\u00e9e."}]},{"@type":"WebSite","@id":"https:\/\/editionsbussiere.com\/blog\/#website","url":"https:\/\/editionsbussiere.com\/blog\/","name":"EDITIONSBUSSIERE","description":"Editions \u00e9sot\u00e9rique fond\u00e9e en 1927; site historique, A SAVOIR ET RETENIR.","publisher":{"@id":"https:\/\/editionsbussiere.com\/blog\/#organization"},"potentialAction":[{"@type":"SearchAction","target":{"@type":"EntryPoint","urlTemplate":"https:\/\/editionsbussiere.com\/blog\/?s={search_term_string}"},"query-input":{"@type":"PropertyValueSpecification","valueRequired":true,"valueName":"search_term_string"}}],"inLanguage":"fr-FR"},{"@type":"Organization","@id":"https:\/\/editionsbussiere.com\/blog\/#organization","name":"editionsbussiere","url":"https:\/\/editionsbussiere.com\/blog\/","logo":{"@type":"ImageObject","inLanguage":"fr-FR","@id":"https:\/\/editionsbussiere.com\/blog\/#\/schema\/logo\/image\/","url":"https:\/\/editionsbussiere.com\/blog\/wp-content\/uploads\/2023\/09\/cropped-buss.gif","contentUrl":"https:\/\/editionsbussiere.com\/blog\/wp-content\/uploads\/2023\/09\/cropped-buss.gif","width":298,"height":120,"caption":"editionsbussiere"},"image":{"@id":"https:\/\/editionsbussiere.com\/blog\/#\/schema\/logo\/image\/"}},{"@type":"Person","@id":"https:\/\/editionsbussiere.com\/blog\/#\/schema\/person\/ec90e102792148c97e46ab871010dd8f","name":"Marie BATICLE","image":{"@type":"ImageObject","inLanguage":"fr-FR","@id":"https:\/\/secure.gravatar.com\/avatar\/c923e52403b1b8137e2d929127211d21967e6aecaa053bd43b09da29f212e76e?s=96&d=mm&r=g","url":"https:\/\/secure.gravatar.com\/avatar\/c923e52403b1b8137e2d929127211d21967e6aecaa053bd43b09da29f212e76e?s=96&d=mm&r=g","contentUrl":"https:\/\/secure.gravatar.com\/avatar\/c923e52403b1b8137e2d929127211d21967e6aecaa053bd43b09da29f212e76e?s=96&d=mm&r=g","caption":"Marie BATICLE"},"url":"https:\/\/editionsbussiere.com\/blog\/author\/eremarie\/"}]}},"_links":{"self":[{"href":"https:\/\/editionsbussiere.com\/blog\/wp-json\/wp\/v2\/posts\/1511","targetHints":{"allow":["GET"]}}],"collection":[{"href":"https:\/\/editionsbussiere.com\/blog\/wp-json\/wp\/v2\/posts"}],"about":[{"href":"https:\/\/editionsbussiere.com\/blog\/wp-json\/wp\/v2\/types\/post"}],"author":[{"embeddable":true,"href":"https:\/\/editionsbussiere.com\/blog\/wp-json\/wp\/v2\/users\/3"}],"replies":[{"embeddable":true,"href":"https:\/\/editionsbussiere.com\/blog\/wp-json\/wp\/v2\/comments?post=1511"}],"version-history":[{"count":0,"href":"https:\/\/editionsbussiere.com\/blog\/wp-json\/wp\/v2\/posts\/1511\/revisions"}],"wp:featuredmedia":[{"embeddable":true,"href":"https:\/\/editionsbussiere.com\/blog\/wp-json\/wp\/v2\/media\/1512"}],"wp:attachment":[{"href":"https:\/\/editionsbussiere.com\/blog\/wp-json\/wp\/v2\/media?parent=1511"}],"wp:term":[{"taxonomy":"category","embeddable":true,"href":"https:\/\/editionsbussiere.com\/blog\/wp-json\/wp\/v2\/categories?post=1511"},{"taxonomy":"post_tag","embeddable":true,"href":"https:\/\/editionsbussiere.com\/blog\/wp-json\/wp\/v2\/tags?post=1511"}],"curies":[{"name":"wp","href":"https:\/\/api.w.org\/{rel}","templated":true}]}}