{"id":1504,"date":"2024-10-14T21:11:19","date_gmt":"2024-10-14T19:11:19","guid":{"rendered":"https:\/\/editionsbussiere.com\/blog\/7-oeuvres-emblematiques-de-leonard-de-vinci-et-se-devouer-a-la-sainte-vierge-marie\/"},"modified":"2024-10-14T21:11:19","modified_gmt":"2024-10-14T19:11:19","slug":"7-oeuvres-emblematiques-de-leonard-de-vinci-et-se-devouer-a-la-sainte-vierge-marie","status":"publish","type":"post","link":"https:\/\/editionsbussiere.com\/blog\/7-oeuvres-emblematiques-de-leonard-de-vinci-et-se-devouer-a-la-sainte-vierge-marie\/","title":{"rendered":"7 \u0153uvres embl\u00e9matiques de L\u00e9onard de Vinci\n et se d\u00e9vouer \u00e0 la Sainte Vierge Marie."},"content":{"rendered":"<div><img width=\"576\" height=\"1024\" src=\"https:\/\/editionsbussiere.com\/blog\/wp-content\/uploads\/2024\/10\/7-oeuvres-emblematiques-de-Leonard-de-Vinci-et-se-devouer-576x1024-1.png\" class=\"attachment-large size-large wp-post-image\" alt=\"7 \u0153uvres embl\u00e9matiques de L\u00e9onard de Vinci et se d\u00e9vouer\" style=\"float:left; margin:0 15px 15px 0;\" decoding=\"async\" srcset=\"https:\/\/editionsbussiere.com\/blog\/wp-content\/uploads\/2024\/10\/7-oeuvres-emblematiques-de-Leonard-de-Vinci-et-se-devouer-576x1024-1.png 576w, https:\/\/www.n42.fr\/wp-content\/uploads\/2024\/10\/7-oeuvres-emblematiques-de-Leonard-de-Vinci-et-se-devouer-169x300.png 169w, https:\/\/www.n42.fr\/wp-content\/uploads\/2024\/10\/7-oeuvres-emblematiques-de-Leonard-de-Vinci-et-se-devouer.png 720w\" sizes=\"(max-width: 576px) 100vw, 576px\"><\/p>\n<p>\n<\/p>\n<div id=\"story_1\">\n      <amp-story-grid-layer template=\"fill\"><br \/>\n      <amp-img animate-in=\"zoom-in\" animate-in-duration=\"200s\" src=\"https:\/\/english.cdn.zeenews.com\/sites\/default\/files\/2024\/10\/14\/1545981-untitled-design-2024-10-14t213352.981.png\" width=\"720\" height=\"1280\" alt=\"Mona Lisa\" title=\"Mona Lisa\" layout=\"responsive\" class=\"custom-animation\"><\/amp-img>    <\/p>\n<p><\/amp-story-grid-layer><\/p>\n<p>      <amp-story-grid-layer template=\"vertical\" style=\"align-content: end;background: transparent linear-gradient(180deg,#00000000 0%,#000000 100%) 0% 0% no-repeat padding-box;\"><\/amp-story-grid-layer><\/p>\n<h2 style=\"color:#fff;font-family: 'Poppins', sans-serif;\" animate-in=\"fly-in-left\" animate-in-duration=\"0.5s\" animate-in-delay=\"0.4s\">Mona Lisa<\/h2>\n<p style=\"color:#fff;font-family: 'Poppins', sans-serif;margin-top: -18px;margin-bottom :\" animate-in=\"fly-in-left\" animate-in-duration=\"0.5s\" animate-in-delay=\"0.8s\">Le portrait embl\u00e9matique connu pour son sourire \u00e9nigmatique et son utilisation magistrale du sfumato<\/p>\n<\/p>\n<\/div>\n<div id=\"story_2\">\n      <amp-story-grid-layer template=\"fill\"><br \/>\n      <amp-img animate-in=\"zoom-in\" animate-in-duration=\"200s\" src=\"https:\/\/english.cdn.zeenews.com\/sites\/default\/files\/2024\/10\/14\/1545982-untitled-design-2024-10-14t213453.306.png\" width=\"720\" height=\"1280\" alt=\"The Last Supper\" title=\"The Last Supper\" layout=\"responsive\" class=\"custom-animation\"><\/amp-img>    <\/p>\n<p><\/amp-story-grid-layer><\/p>\n<p>      <amp-story-grid-layer template=\"vertical\" style=\"align-content: end;background: transparent linear-gradient(180deg,#00000000 0%,#000000 100%) 0% 0% no-repeat padding-box;\"><\/amp-story-grid-layer><\/p>\n<h2 style=\"color:#fff;font-family: 'Poppins', sans-serif;\" animate-in=\"fly-in-left\" animate-in-duration=\"0.5s\" animate-in-delay=\"0.4s\">La C\u00e8ne<\/h2>\n<p style=\"color:#fff;font-family: 'Poppins', sans-serif;margin-top: -18px;margin-bottom :\" animate-in=\"fly-in-left\" animate-in-duration=\"0.5s\" animate-in-delay=\"0.8s\">Une fresque murale repr\u00e9sentant le dernier repas de J\u00e9sus avec ses disciples, c\u00e9l\u00e8bre pour sa profondeur \u00e9motionnelle et sa composition<\/p>\n<\/p>\n<\/div>\n<div id=\"story_3\">\n      <amp-story-grid-layer template=\"fill\"><br \/>\n      <amp-img animate-in=\"zoom-in\" animate-in-duration=\"200s\" src=\"https:\/\/english.cdn.zeenews.com\/sites\/default\/files\/2024\/10\/14\/1545987-untitled-design-2024-10-14t213709.644.png\" width=\"720\" height=\"1280\" alt=\"Vitruvian Man\" title=\"Vitruvian Man\" layout=\"responsive\" class=\"custom-animation\"><\/amp-img>    <\/p>\n<p><\/amp-story-grid-layer><\/p>\n<p>      <amp-story-grid-layer template=\"vertical\" style=\"align-content: end;background: transparent linear-gradient(180deg,#00000000 0%,#000000 100%) 0% 0% no-repeat padding-box;\"><\/amp-story-grid-layer><\/p>\n<h2 style=\"color:#fff;font-family: 'Poppins', sans-serif;\" animate-in=\"fly-in-left\" animate-in-duration=\"0.5s\" animate-in-delay=\"0.4s\">L\u2019Homme de Vitruve<\/h2>\n<p style=\"color:#fff;font-family: 'Poppins', sans-serif;margin-top: -18px;margin-bottom :\" animate-in=\"fly-in-left\" animate-in-duration=\"0.5s\" animate-in-delay=\"0.8s\">Un dessin illustrant les proportions humaines id\u00e9ales, m\u00ealant art et science<\/p>\n<\/p>\n<\/div>\n<div id=\"story_4\">\n      <amp-story-grid-layer template=\"fill\"><br \/>\n      <amp-img animate-in=\"zoom-in\" animate-in-duration=\"200s\" src=\"https:\/\/english.cdn.zeenews.com\/sites\/default\/files\/2024\/10\/14\/1545989-untitled-design-2024-10-14t213836.596.png\" width=\"720\" height=\"1280\" alt=\" Lady with an Ermine\" title=\" Lady with an Ermine\" layout=\"responsive\" class=\"custom-animation\"><\/amp-img>    <\/p>\n<p><\/amp-story-grid-layer><\/p>\n<p>      <amp-story-grid-layer template=\"vertical\" style=\"align-content: end;background: transparent linear-gradient(180deg,#00000000 0%,#000000 100%) 0% 0% no-repeat padding-box;\"><\/amp-story-grid-layer><\/p>\n<h2 style=\"color:#fff;font-family: 'Poppins', sans-serif;\" animate-in=\"fly-in-left\" animate-in-duration=\"0.5s\" animate-in-delay=\"0.4s\">  Dame \u00e0 l\u2019hermine<\/h2>\n<p style=\"color:#fff;font-family: 'Poppins', sans-serif;margin-top: -18px;margin-bottom :\" animate-in=\"fly-in-left\" animate-in-duration=\"0.5s\" animate-in-delay=\"0.8s\">Un portrait mettant en vedette une jeune femme tenant une hermine, remarquable pour son \u00e9l\u00e9gance et ses d\u00e9tails<\/p>\n<\/p>\n<\/div>\n<div id=\"story_5\">\n      <amp-story-grid-layer template=\"fill\"><br \/>\n      <amp-img animate-in=\"zoom-in\" animate-in-duration=\"200s\" src=\"https:\/\/english.cdn.zeenews.com\/sites\/default\/files\/2024\/10\/14\/1545990-untitled-design-2024-10-14t213907.792.png\" width=\"720\" height=\"1280\" alt=\"Annunciation\" title=\"Annunciation\" layout=\"responsive\" class=\"custom-animation\"><\/amp-img>    <\/p>\n<p><\/amp-story-grid-layer><\/p>\n<p>      <amp-story-grid-layer template=\"vertical\" style=\"align-content: end;background: transparent linear-gradient(180deg,#00000000 0%,#000000 100%) 0% 0% no-repeat padding-box;\"><\/amp-story-grid-layer><\/p>\n<h2 style=\"color:#fff;font-family: 'Poppins', sans-serif;\" animate-in=\"fly-in-left\" animate-in-duration=\"0.5s\" animate-in-delay=\"0.4s\">Annonciation<\/h2>\n<p style=\"color:#fff;font-family: 'Poppins', sans-serif;margin-top: -18px;margin-bottom :\" animate-in=\"fly-in-left\" animate-in-duration=\"0.5s\" animate-in-delay=\"0.8s\">Une \u0153uvre ancienne repr\u00e9sentant la visite de l\u2019ange Gabriel \u00e0 la Vierge Marie, caract\u00e9ris\u00e9e par son atmosph\u00e8re sereine<\/p>\n<\/p>\n<\/div>\n<div id=\"story_6\">\n      <amp-story-grid-layer template=\"fill\"><br \/>\n      <amp-img animate-in=\"zoom-in\" animate-in-duration=\"200s\" src=\"https:\/\/english.cdn.zeenews.com\/sites\/default\/files\/2024\/10\/14\/1545991-untitled-design-2024-10-14t214026.341.png\" width=\"720\" height=\"1280\" alt=\"The Baptism of Christ\" title=\"The Baptism of Christ\" layout=\"responsive\" class=\"custom-animation\"><\/amp-img>    <\/p>\n<p><\/amp-story-grid-layer><\/p>\n<p>      <amp-story-grid-layer template=\"vertical\" style=\"align-content: end;background: transparent linear-gradient(180deg,#00000000 0%,#000000 100%) 0% 0% no-repeat padding-box;\"><\/amp-story-grid-layer><\/p>\n<h2 style=\"color:#fff;font-family: 'Poppins', sans-serif;\" animate-in=\"fly-in-left\" animate-in-duration=\"0.5s\" animate-in-delay=\"0.4s\">Le bapt\u00eame du Christ<\/h2>\n<p style=\"color:#fff;font-family: 'Poppins', sans-serif;margin-top: -18px;margin-bottom :\" animate-in=\"fly-in-left\" animate-in-duration=\"0.5s\" animate-in-delay=\"0.8s\">Un travail collaboratif avec Andrea del Verrocchio, mettant en valeur le talent pr\u00e9coce et les comp\u00e9tences de composition de L\u00e9onard de Vinci<\/p>\n<\/p>\n<\/div>\n<div id=\"story_7\">\n      <amp-story-grid-layer template=\"fill\"><br \/>\n      <amp-img animate-in=\"zoom-in\" animate-in-duration=\"200s\" src=\"https:\/\/english.cdn.zeenews.com\/sites\/default\/files\/2024\/10\/14\/1545992-untitled-design-2024-10-14t214122.002.png\" width=\"720\" height=\"1280\" alt=\"Ginevra de' Benci\" title=\"Ginevra de' Benci\" layout=\"responsive\" class=\"custom-animation\"><\/amp-img>    <\/p>\n<p><\/amp-story-grid-layer><\/p>\n<p>      <amp-story-grid-layer template=\"vertical\" style=\"align-content: end;background: transparent linear-gradient(180deg,#00000000 0%,#000000 100%) 0% 0% no-repeat padding-box;\"><\/amp-story-grid-layer><\/p>\n<h2 style=\"color:#fff;font-family: 'Poppins', sans-serif;\" animate-in=\"fly-in-left\" animate-in-duration=\"0.5s\" animate-in-delay=\"0.4s\">Ginevra de\u2019 Benci<\/h2>\n<p style=\"color:#fff;font-family: 'Poppins', sans-serif;margin-top: -18px;margin-bottom :\" animate-in=\"fly-in-left\" animate-in-duration=\"0.5s\" animate-in-delay=\"0.8s\">Un portrait d\u2019une jeune femme connue pour sa profondeur psychologique et ses d\u00e9tails exquis en arri\u00e8re-plan<\/p>\n<\/p>\n<\/div>\n<h2>\n<\/h2>\n<p>La Signification de la Pri\u00e8re \u00e0 Marie<\/p>\n<p>L\u2019invocation \u00e0 Marie constitue un \u00e9l\u00e9ment crucial de la spiritualit\u00e9 chr\u00e9tienne, solidement enracin\u00e9e dans la doctrine catholique depuis des temps imm\u00e9moriaux. C\u2019est un roc sur lequel les fid\u00e8les s\u2019appuient pour obtenir r\u00e9confort, guidance et intervention dans leur relation avec Dieu. Au fil du temps, cette pratique de d\u00e9votion a \u00e9t\u00e9 renforc\u00e9e par les \u00e9crits bibliques, les coutumes eccl\u00e9siastiques, et le mod\u00e8le des saints qui ont honor\u00e9 Marie m\u00e8re spirituelle aimante.<\/p>\n<h3>\n<\/h3>\n<p>L\u2019exercice du Rosaire<\/p>\n<p>Le Chapelet tient une position centrale dans la vie spirituelle de un grand nombre de fid\u00e8les. En r\u00e9citant les diff\u00e9rents myst\u00e8res, les fid\u00e8les se plongent dans les moments li\u00e9s \u00e0 J\u00e9sus et Marie, renfor\u00e7ant ainsi leur connexion spirituelle avec eux. \u00c0 travers chaque Ave Maria, ils expriment leur confiance en l\u2019intercession de Marie et leur d\u00e9sir de suivre les enseignements du Christ. Saint Louis-Marie Grignion de Montfort, dans son livre sur la vraie d\u00e9votion \u00e0 la Sainte Vierge, encourage les chr\u00e9tiens \u00e0 pratiquer r\u00e9guli\u00e8rement la m\u00e9ditation des diff\u00e9rents myst\u00e8res du rosaire pour approfondir leur relation avec la M\u00e8re de Dieu. Cette pratique ancienne, transmise de g\u00e9n\u00e9ration en g\u00e9n\u00e9ration, demeure une source d\u2019illumination spirituelle pour les croyants, les aidant \u00e0 se connecter avec la divine Dame du Ciel.<\/p>\n<h3>\n<\/h3>\n<p>L\u2019encouragement \u00e0 prier<\/p>\n<p>Prions ensemble, en tant que fr\u00e8res et s\u0153urs, fr\u00e8res et s\u0153urs, dans notre esp\u00e9rance, en Marie, la m\u00e8re de J\u00e9sus. Au sein de notre monde troubl\u00e9 par la guerre et la discorde, recourons \u00e0 la pri\u00e8re comme un moyen de retrouver la paix et l\u2019harmonie. Vous aussi vous pouvez envoyer une pri\u00e8re pour la Vierge Marie <a target=\"_blank\" rel=\"nofollow\" href=\"https:\/\/editionsbussiere.com\/blog\/goto\/https:\/\/www.avemariasound.org\/\" >sur cette page.<\/a> Que nos pri\u00e8res montent vers le ciel, comme une offrande re\u00e7u avec faveur par Dieu, afin qu\u2019il puisse nous guider nos pas vers le chemin de la justice et de la v\u00e9rit\u00e9. L\u2019ap\u00f4tre Paul nous dans ses \u00e9p\u00eetres \u00e0 prier sans cesse, quelle que soit la situation, pour que notre connexion \u00e0 Dieu reste constante et ardente. La pri\u00e8re, lorsqu\u2019elle est offerte sinc\u00e8rement, a le pouvoir pour changer nos c\u0153urs et de modifier le destin de l\u2019histoire.<\/p>\n<h2>\n<\/h2>\n<p>Les le\u00e7ons du Saint-P\u00e8re<\/p>\n<p>Le Saint-P\u00e8re, dans ses enseignements \u00e9clair\u00e9s, publi\u00e9s par Bayard, nous souligne l\u2019importance de la pri\u00e8re journali\u00e8re. \u00c0 travers ses discours et ses audiences, il nous incite \u00e0 d\u00e9velopper une relation personnelle avec Dieu, en s\u2019appuyant sur la m\u00e9ditation de la Parole biblique et la r\u00e9citation du rosaire. Son exemple d\u2019humilit\u00e9 et de compassion nous motive \u00e0 approfondir davantage notre pri\u00e8re et \u00e0 rechercher la pr\u00e9sence divine dans chaque aspect de notre quotidien. Le Souverain Pontife Jean-Paul II, dans son \u00e9crit sur la foi chr\u00e9tienne, nous souligne que la pri\u00e8re constitue le fondement de la vie de foi et c\u2019est par elle que nous nous unissons \u00e0 Dieu. La pri\u00e8re, transmise par les pontifes de g\u00e9n\u00e9ration en g\u00e9n\u00e9ration, est un phare d\u2019espoir dans les temp\u00eates, un fondement solide auquel les \u00e2mes peuvent s\u2019appuyer.<\/p>\n<h3>\n<\/h3>\n<p>Les publications \u00e9crits par Leli\u00e8vre et Hubert<\/p>\n<p>Dans le contexte de la vie de foi, l\u2019\u00e9glise pr\u00e9conise la pri\u00e8re, et lors de les moments de pri\u00e8re, les croyants accomplissent le signe de croix et r\u00e9citent l\u2019Ave Maria. Des penseurs contemporains, tels que Leli\u00e8vre et Hubert, nous incitent aussi \u00e0 m\u00e9diter sur la force de la pri\u00e8re, dans leurs ouvrages inspirants. Leurs ouvrages, abondant en enseignements spirituels, nous guident dans notre parcours de la foi et nous invitent \u00e0 puiser dans les tr\u00e9sors de la tradition chr\u00e9tienne pour enrichir notre vie spirituelle. En r\u00e9fl\u00e9chissant sur leurs publications, nous d\u00e9couvrons de nouvelles mani\u00e8res d\u2019approfondir notre connexion avec le divin et de grandir dans la saintet\u00e9. L\u2019ap\u00f4tre Jean, dans l\u2019\u00c9vangile, nous enseigne que la pri\u00e8re est un puissant moyen pour rester en communion avec Dieu et de recevoir de ses gr\u00e2ces. Chaque passage de leurs publications r\u00e9sonne comme une invitation \u00e0 une pri\u00e8re fervente et \u00e0 une existence impr\u00e9gn\u00e9e de la pr\u00e9sence divine. Dans notre exploration de connexion spirituelle, chaque lecture devient une invitation \u00e0 s\u2019\u00e9lever vers le divin, par le biais de la r\u00e9flexion et la m\u00e9ditation.<\/p>\n<h3>\n<\/h3>\n<p>L\u2019acte de prier dans la chapelle<\/p>\n<p>Dans nos lieux de culte simples ou grandioses, tournons-nous vers le divin avec confiance et humilit\u00e9, sachant qu\u2019il \u00e9coute nos pri\u00e8res avec amour et sollicitude. Que chaque flamme vacillante, chaque chapelet r\u00e9cit\u00e9, soit une offrande \u00e0 notre Seigneur et \u00e0 sa sainte m\u00e8re, Marie. Que nos moments de pri\u00e8re dans la chapelle soient des moments de faveur divine et de renouvellement de notre esprit, nous renfor\u00e7ant pour faire face \u00e0 les challenges avec audace et foi in\u00e9branlable. La sainte Bernadette Soubirous, \u00e0 qui la Vierge Marie est apparue \u00e0 Lourdes, nous d\u00e9montre la valeur de la pri\u00e8re dans l\u2019existence des catholiques et l\u2019efficacit\u00e9 de l\u2019intercession de la Sainte Vierge. Chaque personne qui entre dans une chapelle, chaque page de la Bible lue dans ce lieu sacr\u00e9, constitue une rencontre avec la divinit\u00e9, une \u00e9tape dans le processus de transformation spirituelle. \u00c0 travers les \u00c9critures saintes, tout croyant est encourag\u00e9 \u00e0 m\u00e9diter la croix du Christ, \u00e0 m\u00e9diter sur son sacrifice, et \u00e0 trouver consolation et esp\u00e9rance dans la gr\u00e2ce salvatrice qu\u2019elle offre.<\/p>\n<h2>\nLa pratique de la pri\u00e8re comme rem\u00e8de pour l\u2019esprit<br \/>\n<\/h2>\n<p>Comme un gu\u00e9risseur pour nos esprits, la pri\u00e8re nous apaise et nous renforce au cours des p\u00e9riodes de douleur et de d\u00e9sespoir. Elle nous rappelle que la pr\u00e9sence divine ne nous quitte jamais, m\u00eame au c\u0153ur de nos heures les plus sombres. En nous penchant vers lui dans la pri\u00e8re, nous d\u00e9couvrons la force int\u00e9rieure dont nous avons besoin pour traverser les \u00e9preuves et pour affronter l\u2019avenir avec espoir et confiance. L\u2019acte de prier est semblable \u00e0 une fontaine d\u2019eau vive qui satisfait notre soif spirituelle et qui, au cours de notre marche avec Dieu, nous r\u00e9g\u00e9n\u00e8re.<br \/>\n\u00c0 chaque pri\u00e8re prononc\u00e9e, \u00e0 chaque intention confi\u00e9e, nous trouvons une paix divine, une gu\u00e9rison spirituelle, qui d\u00e9passe les limites de la condition humaine. Chaque page de la Bible est une invitation \u00e0 communier avec Dieu, \u00e0 lui remettre nos fardeaux, et \u00e0 recevoir sa gr\u00e2ce transformante.<\/p>\n<h2>Un regard diff\u00e9rent sur la pri\u00e8re \u00e0 Marie<\/h2>\n<p>La pri\u00e8re \u00e0 Marie repr\u00e9sente une coutume solidement ancr\u00e9e dans la tradition catholique chr\u00e9tienne, fournissant un lien spirituel pr\u00e9cieux pour les fid\u00e8les du monde entier. Comme figure maternelle spirituelle et intercesseur, elle est invoqu\u00e9e avec ardeur dans les moments de besoin et de louange. Le rosaire, avec ses myst\u00e8res contemplatifs, accompagne les croyants dans leur cheminement spirituel, les aidant \u00e0 contempler J\u00e9sus, son fils, \u00e0 travers les yeux de la Vierge Marie. Cette affection envers Marie se manifeste dans les lieux saints tel que le sanctuaire de Lourdes, o\u00f9 les p\u00e8lerins affluent \u00e0 la recherche de consolation et de gu\u00e9rison, repr\u00e9sentant le lien profond entre la foi catholique et la d\u00e9votion mariale. Les enseignements \u00e9clairants de th\u00e9ologiens comme Leli\u00e8vre et Hubert proposent une r\u00e9flexion pr\u00e9cieuse sur la valeur de la pri\u00e8re \u00e0 Marie et son r\u00f4le dans la vie spirituelle des croyants. \u00c0 travers la lecture attentive de textes religieux et spirituels, les croyants \u00e9largissent leur compr\u00e9hension de la v\u00e9n\u00e9ration de Marie et d\u00e9veloppent une connexion plus \u00e9troite avec Marie, notre m\u00e8re dans la foi. Dans un monde marqu\u00e9 par les conflits et les hostilit\u00e9s, la d\u00e9votion \u00e0 Marie constitue un refuge de paix et d\u2019espoir, appelant chaque personne, quelle que soit sa position dans la foi catholique, \u00e0 se tourner vers la Sainte Vierge avec une foi profonde et une d\u00e9votion sinc\u00e8re. Prions donc en commun, avec un c\u0153ur humble et sinc\u00e8re, en honorant Marie comme notre m\u00e8re et notre intercesseur, en lui confiant nos v\u0153ux et nos aspirations les plus profondes. Dans cette qu\u00eate spirituelle, chaque croyant est invit\u00e9 \u00e0 poursuivre la voie des pri\u00e8res et des aspirations du c\u0153ur, guid\u00e9 par le saint P\u00e8re et les ressources spirituelles inestimables disponibles sur des plateformes comme Aleteia. Par cons\u00e9quent, avec un c\u0153ur humble et une foi sinc\u00e8re, saluons Marie dans notre pri\u00e8re quotidienne, lui demandant son intercession maternelle, et la gr\u00e2ce de pers\u00e9v\u00e9rer dans la pri\u00e8re fervente.<br \/>\nQue notre communion avec le divin soit notre refuge et notre consolation dans toutes les circonstances. Que nous nous inclinions vers Marie, notre m\u00e8re c\u00e9leste, avec un c\u0153ur ouvert et une foi in\u00e9branlable, sachant qu\u2019elle interc\u00e8de pour nous aupr\u00e8s de son fils bien-aim\u00e9. Que notre dialogue avec le divin nous m\u00e8ne vers la voie de la saintet\u00e9, nous rapprochant toujours plus de Dieu et de son amour infini.<\/p>\n<p>Bibliographie :<\/p>\n<p>Quand j\u2019\u00e9tais chez mon p\u00e8re.,<a target=\"_blank\" rel=\"nofollow\" href=\"https:\/\/editionsbussiere.com\/blog\/goto\/https:\/\/fr.wikisource.org\/wiki\/Quand_j%E2%80%99%C3%A9tais_chez_mon_p%C3%A8re\"  target=\"_blank\" rel=\"noopener noreferrer nofollow\">Le dossier.<\/a><span><\/span>. Suite sur le prochain article.<\/p>\n<p>Lourdes\/Quatri\u00e8me journ\u00e9e\/Chapitre IV.,<a target=\"_blank\" rel=\"nofollow\" href=\"https:\/\/editionsbussiere.com\/blog\/goto\/https:\/\/fr.wikisource.org\/wiki\/Lourdes\/Quatri%C3%A8me_journ%C3%A9e\/Chapitre_IV\"  target=\"_blank\" rel=\"noopener noreferrer nofollow\">Cliquer ICI.<\/a><span><\/span><\/p>\n<p>Les Hautes Montagnes\/66.,<a target=\"_blank\" rel=\"nofollow\" href=\"https:\/\/editionsbussiere.com\/blog\/goto\/https:\/\/fr.wikisource.org\/wiki\/Les_Hautes_Montagnes\/66\"  target=\"_blank\" rel=\"noopener noreferrer nofollow\">A lire ici.<\/a><span><\/span><\/p>\n<p>Le Roi vierge\/Livre 2, 3.,<a target=\"_blank\" rel=\"nofollow\" href=\"https:\/\/editionsbussiere.com\/blog\/goto\/https:\/\/fr.wikisource.org\/wiki\/Le_Roi_vierge\/Livre_2,_3\"  target=\"_blank\" rel=\"noopener noreferrer nofollow\">L\u2019article de presse.<\/a><span><\/span><\/p>\n<p>L\u00e9gendes canadiennes (Rouleau)\/Tome II\/04.,<a target=\"_blank\" rel=\"nofollow\" href=\"https:\/\/editionsbussiere.com\/blog\/goto\/https:\/\/fr.wikisource.org\/wiki\/L%C3%A9gendes_canadiennes_(Rouleau)\/Tome_II\/04\"  target=\"_blank\" rel=\"noopener noreferrer nofollow\">Ici.<\/a><span><\/span>. Suite sur le prochain article.<\/p>\n<p>Contes du lit-clos\/La Nuit des \u00c2mes.,<a target=\"_blank\" rel=\"nofollow\" href=\"https:\/\/editionsbussiere.com\/blog\/goto\/https:\/\/fr.wikisource.org\/wiki\/Contes_du_lit-clos\/La_Nuit_des_%C3%82mes\"  target=\"_blank\" rel=\"noopener noreferrer nofollow\">Article complet.<\/a><span><\/span>. Suite sur le prochain article.<\/p>\n<\/div>\n<p><img decoding=\"async\" class=\"wpe_imgrss\" src=\"https:\/\/editionsbussiere.com\/blog\/wp-content\/uploads\/2024\/10\/7-oeuvres-emblematiques-de-Leonard-de-Vinci-et-se-devouer-576x1024-1.png\">Cet article a \u00e9t\u00e9 reconstitu\u00e9 du mieux possible. Dans l\u2019hypoth\u00e8se o\u00f9 vous souhaitez apporter quelques modifications concernant le th\u00e8me \u00ab\u00a0Editions \u00e9sot\u00e9rique fond\u00e9e en 1927\u00a0\u00bb, il est possible de discuter avec notre r\u00e9daction. Vous pouvez tirer profit de cet article traitant le sujet \u00ab\u00a0Editions \u00e9sot\u00e9rique fond\u00e9e en 1927\u00a0\u00bb. Il est concoct\u00e9 par l\u2019\u00e9quipe editionsbussiere.com. Le site editionsbussiere.com est fait pour cr\u00e9er divers posts autour du th\u00e8me Editions \u00e9sot\u00e9rique fond\u00e9e en 1927 d\u00e9velopp\u00e9es sur internet. Consultez notre site internet editionsbussiere.com et nos r\u00e9seaux sociaux pour \u00eatre au courant des futures annonces.<\/p>\n","protected":false},"excerpt":{"rendered":"<p>Mona Lisa Le portrait embl\u00e9matique connu pour son sourire \u00e9nigmatique et son utilisation magistrale du sfumato La C\u00e8ne Une fresque murale repr\u00e9sentant le dernier repas de J\u00e9sus avec ses disciples, c\u00e9l\u00e8bre pour sa profondeur \u00e9motionnelle et sa composition L\u2019Homme de Vitruve Un dessin illustrant les proportions humaines id\u00e9ales, m\u00ealant art et science Dame \u00e0 l\u2019hermine [&hellip;]<\/p>\n","protected":false},"author":3,"featured_media":1505,"comment_status":"closed","ping_status":"closed","sticky":false,"template":"","format":"standard","meta":{"footnotes":""},"categories":[3],"tags":[],"class_list":["post-1504","post","type-post","status-publish","format-standard","has-post-thumbnail","hentry","category-editions-esoterique-fondee-en-1927-depeches","entry","fw-tab-6 fw-tabr-4","has-featured-image"],"yoast_head":"<!-- This site is optimized with the Yoast SEO plugin v27.5 - https:\/\/yoast.com\/product\/yoast-seo-wordpress\/ -->\n<title>7 \u0153uvres embl\u00e9matiques de L\u00e9onard de Vinci et se d\u00e9vouer \u00e0 la Sainte Vierge Marie. - EDITIONSBUSSIERE<\/title>\n<meta name=\"robots\" content=\"index, follow, max-snippet:-1, max-image-preview:large, max-video-preview:-1\" \/>\n<link rel=\"canonical\" href=\"https:\/\/editionsbussiere.com\/blog\/7-oeuvres-emblematiques-de-leonard-de-vinci-et-se-devouer-a-la-sainte-vierge-marie\/\" \/>\n<meta property=\"og:locale\" content=\"fr_FR\" \/>\n<meta property=\"og:type\" content=\"article\" \/>\n<meta property=\"og:title\" content=\"7 \u0153uvres embl\u00e9matiques de L\u00e9onard de Vinci et se d\u00e9vouer \u00e0 la Sainte Vierge Marie. - EDITIONSBUSSIERE\" \/>\n<meta property=\"og:description\" content=\"Mona Lisa Le portrait embl\u00e9matique connu pour son sourire \u00e9nigmatique et son utilisation magistrale du sfumato La C\u00e8ne Une fresque murale repr\u00e9sentant le dernier repas de J\u00e9sus avec ses disciples, c\u00e9l\u00e8bre pour sa profondeur \u00e9motionnelle et sa composition L\u2019Homme de Vitruve Un dessin illustrant les proportions humaines id\u00e9ales, m\u00ealant art et science Dame \u00e0 l\u2019hermine [&hellip;]\" \/>\n<meta property=\"og:url\" content=\"https:\/\/editionsbussiere.com\/blog\/7-oeuvres-emblematiques-de-leonard-de-vinci-et-se-devouer-a-la-sainte-vierge-marie\/\" \/>\n<meta property=\"og:site_name\" content=\"EDITIONSBUSSIERE\" \/>\n<meta property=\"article:published_time\" content=\"2024-10-14T19:11:19+00:00\" \/>\n<meta property=\"og:image\" content=\"https:\/\/editionsbussiere.com\/blog\/wp-content\/uploads\/2024\/10\/7-oeuvres-emblematiques-de-Leonard-de-Vinci-et-se-devouer-576x1024-1.png\" \/>\n<meta name=\"author\" content=\"Marie BATICLE\" \/>\n<meta name=\"twitter:card\" content=\"summary_large_image\" \/>\n<meta name=\"twitter:label1\" content=\"\u00c9crit par\" \/>\n\t<meta name=\"twitter:data1\" content=\"Marie BATICLE\" \/>\n\t<meta name=\"twitter:label2\" content=\"Dur\u00e9e de lecture estim\u00e9e\" \/>\n\t<meta name=\"twitter:data2\" content=\"9 minutes\" \/>\n<script type=\"application\/ld+json\" class=\"yoast-schema-graph\">{\"@context\":\"https:\\\/\\\/schema.org\",\"@graph\":[{\"@type\":\"Article\",\"@id\":\"https:\\\/\\\/editionsbussiere.com\\\/blog\\\/7-oeuvres-emblematiques-de-leonard-de-vinci-et-se-devouer-a-la-sainte-vierge-marie\\\/#article\",\"isPartOf\":{\"@id\":\"https:\\\/\\\/editionsbussiere.com\\\/blog\\\/7-oeuvres-emblematiques-de-leonard-de-vinci-et-se-devouer-a-la-sainte-vierge-marie\\\/\"},\"author\":{\"name\":\"Marie BATICLE\",\"@id\":\"https:\\\/\\\/editionsbussiere.com\\\/blog\\\/#\\\/schema\\\/person\\\/ec90e102792148c97e46ab871010dd8f\"},\"headline\":\"7 \u0153uvres embl\u00e9matiques de L\u00e9onard de Vinci et se d\u00e9vouer \u00e0 la Sainte Vierge Marie.\",\"datePublished\":\"2024-10-14T19:11:19+00:00\",\"mainEntityOfPage\":{\"@id\":\"https:\\\/\\\/editionsbussiere.com\\\/blog\\\/7-oeuvres-emblematiques-de-leonard-de-vinci-et-se-devouer-a-la-sainte-vierge-marie\\\/\"},\"wordCount\":1906,\"publisher\":{\"@id\":\"https:\\\/\\\/editionsbussiere.com\\\/blog\\\/#organization\"},\"image\":{\"@id\":\"https:\\\/\\\/editionsbussiere.com\\\/blog\\\/7-oeuvres-emblematiques-de-leonard-de-vinci-et-se-devouer-a-la-sainte-vierge-marie\\\/#primaryimage\"},\"thumbnailUrl\":\"https:\\\/\\\/editionsbussiere.com\\\/blog\\\/wp-content\\\/uploads\\\/2024\\\/10\\\/7-oeuvres-emblematiques-de-Leonard-de-Vinci-et-se-devouer-576x1024-1.png\",\"articleSection\":[\"Editions \u00c9sot\u00e9rique Fond\u00e9e En 1927; D\u00e9p\u00e8ches:\"],\"inLanguage\":\"fr-FR\"},{\"@type\":\"WebPage\",\"@id\":\"https:\\\/\\\/editionsbussiere.com\\\/blog\\\/7-oeuvres-emblematiques-de-leonard-de-vinci-et-se-devouer-a-la-sainte-vierge-marie\\\/\",\"url\":\"https:\\\/\\\/editionsbussiere.com\\\/blog\\\/7-oeuvres-emblematiques-de-leonard-de-vinci-et-se-devouer-a-la-sainte-vierge-marie\\\/\",\"name\":\"7 \u0153uvres embl\u00e9matiques de L\u00e9onard de Vinci et se d\u00e9vouer \u00e0 la Sainte Vierge Marie. - EDITIONSBUSSIERE\",\"isPartOf\":{\"@id\":\"https:\\\/\\\/editionsbussiere.com\\\/blog\\\/#website\"},\"primaryImageOfPage\":{\"@id\":\"https:\\\/\\\/editionsbussiere.com\\\/blog\\\/7-oeuvres-emblematiques-de-leonard-de-vinci-et-se-devouer-a-la-sainte-vierge-marie\\\/#primaryimage\"},\"image\":{\"@id\":\"https:\\\/\\\/editionsbussiere.com\\\/blog\\\/7-oeuvres-emblematiques-de-leonard-de-vinci-et-se-devouer-a-la-sainte-vierge-marie\\\/#primaryimage\"},\"thumbnailUrl\":\"https:\\\/\\\/editionsbussiere.com\\\/blog\\\/wp-content\\\/uploads\\\/2024\\\/10\\\/7-oeuvres-emblematiques-de-Leonard-de-Vinci-et-se-devouer-576x1024-1.png\",\"datePublished\":\"2024-10-14T19:11:19+00:00\",\"breadcrumb\":{\"@id\":\"https:\\\/\\\/editionsbussiere.com\\\/blog\\\/7-oeuvres-emblematiques-de-leonard-de-vinci-et-se-devouer-a-la-sainte-vierge-marie\\\/#breadcrumb\"},\"inLanguage\":\"fr-FR\",\"potentialAction\":[{\"@type\":\"ReadAction\",\"target\":[\"https:\\\/\\\/editionsbussiere.com\\\/blog\\\/7-oeuvres-emblematiques-de-leonard-de-vinci-et-se-devouer-a-la-sainte-vierge-marie\\\/\"]}]},{\"@type\":\"ImageObject\",\"inLanguage\":\"fr-FR\",\"@id\":\"https:\\\/\\\/editionsbussiere.com\\\/blog\\\/7-oeuvres-emblematiques-de-leonard-de-vinci-et-se-devouer-a-la-sainte-vierge-marie\\\/#primaryimage\",\"url\":\"https:\\\/\\\/editionsbussiere.com\\\/blog\\\/wp-content\\\/uploads\\\/2024\\\/10\\\/7-oeuvres-emblematiques-de-Leonard-de-Vinci-et-se-devouer-576x1024-1.png\",\"contentUrl\":\"https:\\\/\\\/editionsbussiere.com\\\/blog\\\/wp-content\\\/uploads\\\/2024\\\/10\\\/7-oeuvres-emblematiques-de-Leonard-de-Vinci-et-se-devouer-576x1024-1.png\",\"width\":576,\"height\":1024,\"caption\":\"7 oeuvres emblematiques de Leonard de Vinci et se devouer 576x1024 1\"},{\"@type\":\"BreadcrumbList\",\"@id\":\"https:\\\/\\\/editionsbussiere.com\\\/blog\\\/7-oeuvres-emblematiques-de-leonard-de-vinci-et-se-devouer-a-la-sainte-vierge-marie\\\/#breadcrumb\",\"itemListElement\":[{\"@type\":\"ListItem\",\"position\":1,\"name\":\"Accueil\",\"item\":\"https:\\\/\\\/editionsbussiere.com\\\/blog\\\/\"},{\"@type\":\"ListItem\",\"position\":2,\"name\":\"7 \u0153uvres embl\u00e9matiques de L\u00e9onard de Vinci et se d\u00e9vouer \u00e0 la Sainte Vierge Marie.\"}]},{\"@type\":\"WebSite\",\"@id\":\"https:\\\/\\\/editionsbussiere.com\\\/blog\\\/#website\",\"url\":\"https:\\\/\\\/editionsbussiere.com\\\/blog\\\/\",\"name\":\"EDITIONSBUSSIERE\",\"description\":\"Editions \u00e9sot\u00e9rique fond\u00e9e en 1927; site historique, A SAVOIR ET RETENIR.\",\"publisher\":{\"@id\":\"https:\\\/\\\/editionsbussiere.com\\\/blog\\\/#organization\"},\"potentialAction\":[{\"@type\":\"SearchAction\",\"target\":{\"@type\":\"EntryPoint\",\"urlTemplate\":\"https:\\\/\\\/editionsbussiere.com\\\/blog\\\/?s={search_term_string}\"},\"query-input\":{\"@type\":\"PropertyValueSpecification\",\"valueRequired\":true,\"valueName\":\"search_term_string\"}}],\"inLanguage\":\"fr-FR\"},{\"@type\":\"Organization\",\"@id\":\"https:\\\/\\\/editionsbussiere.com\\\/blog\\\/#organization\",\"name\":\"editionsbussiere\",\"url\":\"https:\\\/\\\/editionsbussiere.com\\\/blog\\\/\",\"logo\":{\"@type\":\"ImageObject\",\"inLanguage\":\"fr-FR\",\"@id\":\"https:\\\/\\\/editionsbussiere.com\\\/blog\\\/#\\\/schema\\\/logo\\\/image\\\/\",\"url\":\"https:\\\/\\\/editionsbussiere.com\\\/blog\\\/wp-content\\\/uploads\\\/2023\\\/09\\\/cropped-buss.gif\",\"contentUrl\":\"https:\\\/\\\/editionsbussiere.com\\\/blog\\\/wp-content\\\/uploads\\\/2023\\\/09\\\/cropped-buss.gif\",\"width\":298,\"height\":120,\"caption\":\"editionsbussiere\"},\"image\":{\"@id\":\"https:\\\/\\\/editionsbussiere.com\\\/blog\\\/#\\\/schema\\\/logo\\\/image\\\/\"}},{\"@type\":\"Person\",\"@id\":\"https:\\\/\\\/editionsbussiere.com\\\/blog\\\/#\\\/schema\\\/person\\\/ec90e102792148c97e46ab871010dd8f\",\"name\":\"Marie BATICLE\",\"image\":{\"@type\":\"ImageObject\",\"inLanguage\":\"fr-FR\",\"@id\":\"https:\\\/\\\/secure.gravatar.com\\\/avatar\\\/c923e52403b1b8137e2d929127211d21967e6aecaa053bd43b09da29f212e76e?s=96&d=mm&r=g\",\"url\":\"https:\\\/\\\/secure.gravatar.com\\\/avatar\\\/c923e52403b1b8137e2d929127211d21967e6aecaa053bd43b09da29f212e76e?s=96&d=mm&r=g\",\"contentUrl\":\"https:\\\/\\\/secure.gravatar.com\\\/avatar\\\/c923e52403b1b8137e2d929127211d21967e6aecaa053bd43b09da29f212e76e?s=96&d=mm&r=g\",\"caption\":\"Marie BATICLE\"},\"url\":\"https:\\\/\\\/editionsbussiere.com\\\/blog\\\/author\\\/eremarie\\\/\"}]}<\/script>\n<!-- \/ Yoast SEO plugin. -->","yoast_head_json":{"title":"7 \u0153uvres embl\u00e9matiques de L\u00e9onard de Vinci et se d\u00e9vouer \u00e0 la Sainte Vierge Marie. - EDITIONSBUSSIERE","robots":{"index":"index","follow":"follow","max-snippet":"max-snippet:-1","max-image-preview":"max-image-preview:large","max-video-preview":"max-video-preview:-1"},"canonical":"https:\/\/editionsbussiere.com\/blog\/7-oeuvres-emblematiques-de-leonard-de-vinci-et-se-devouer-a-la-sainte-vierge-marie\/","og_locale":"fr_FR","og_type":"article","og_title":"7 \u0153uvres embl\u00e9matiques de L\u00e9onard de Vinci et se d\u00e9vouer \u00e0 la Sainte Vierge Marie. - EDITIONSBUSSIERE","og_description":"Mona Lisa Le portrait embl\u00e9matique connu pour son sourire \u00e9nigmatique et son utilisation magistrale du sfumato La C\u00e8ne Une fresque murale repr\u00e9sentant le dernier repas de J\u00e9sus avec ses disciples, c\u00e9l\u00e8bre pour sa profondeur \u00e9motionnelle et sa composition L\u2019Homme de Vitruve Un dessin illustrant les proportions humaines id\u00e9ales, m\u00ealant art et science Dame \u00e0 l\u2019hermine [&hellip;]","og_url":"https:\/\/editionsbussiere.com\/blog\/7-oeuvres-emblematiques-de-leonard-de-vinci-et-se-devouer-a-la-sainte-vierge-marie\/","og_site_name":"EDITIONSBUSSIERE","article_published_time":"2024-10-14T19:11:19+00:00","og_image":[{"url":"https:\/\/editionsbussiere.com\/blog\/wp-content\/uploads\/2024\/10\/7-oeuvres-emblematiques-de-Leonard-de-Vinci-et-se-devouer-576x1024-1.png","type":"","width":"","height":""}],"author":"Marie BATICLE","twitter_card":"summary_large_image","twitter_misc":{"\u00c9crit par":"Marie BATICLE","Dur\u00e9e de lecture estim\u00e9e":"9 minutes"},"schema":{"@context":"https:\/\/schema.org","@graph":[{"@type":"Article","@id":"https:\/\/editionsbussiere.com\/blog\/7-oeuvres-emblematiques-de-leonard-de-vinci-et-se-devouer-a-la-sainte-vierge-marie\/#article","isPartOf":{"@id":"https:\/\/editionsbussiere.com\/blog\/7-oeuvres-emblematiques-de-leonard-de-vinci-et-se-devouer-a-la-sainte-vierge-marie\/"},"author":{"name":"Marie BATICLE","@id":"https:\/\/editionsbussiere.com\/blog\/#\/schema\/person\/ec90e102792148c97e46ab871010dd8f"},"headline":"7 \u0153uvres embl\u00e9matiques de L\u00e9onard de Vinci et se d\u00e9vouer \u00e0 la Sainte Vierge Marie.","datePublished":"2024-10-14T19:11:19+00:00","mainEntityOfPage":{"@id":"https:\/\/editionsbussiere.com\/blog\/7-oeuvres-emblematiques-de-leonard-de-vinci-et-se-devouer-a-la-sainte-vierge-marie\/"},"wordCount":1906,"publisher":{"@id":"https:\/\/editionsbussiere.com\/blog\/#organization"},"image":{"@id":"https:\/\/editionsbussiere.com\/blog\/7-oeuvres-emblematiques-de-leonard-de-vinci-et-se-devouer-a-la-sainte-vierge-marie\/#primaryimage"},"thumbnailUrl":"https:\/\/editionsbussiere.com\/blog\/wp-content\/uploads\/2024\/10\/7-oeuvres-emblematiques-de-Leonard-de-Vinci-et-se-devouer-576x1024-1.png","articleSection":["Editions \u00c9sot\u00e9rique Fond\u00e9e En 1927; D\u00e9p\u00e8ches:"],"inLanguage":"fr-FR"},{"@type":"WebPage","@id":"https:\/\/editionsbussiere.com\/blog\/7-oeuvres-emblematiques-de-leonard-de-vinci-et-se-devouer-a-la-sainte-vierge-marie\/","url":"https:\/\/editionsbussiere.com\/blog\/7-oeuvres-emblematiques-de-leonard-de-vinci-et-se-devouer-a-la-sainte-vierge-marie\/","name":"7 \u0153uvres embl\u00e9matiques de L\u00e9onard de Vinci et se d\u00e9vouer \u00e0 la Sainte Vierge Marie. - EDITIONSBUSSIERE","isPartOf":{"@id":"https:\/\/editionsbussiere.com\/blog\/#website"},"primaryImageOfPage":{"@id":"https:\/\/editionsbussiere.com\/blog\/7-oeuvres-emblematiques-de-leonard-de-vinci-et-se-devouer-a-la-sainte-vierge-marie\/#primaryimage"},"image":{"@id":"https:\/\/editionsbussiere.com\/blog\/7-oeuvres-emblematiques-de-leonard-de-vinci-et-se-devouer-a-la-sainte-vierge-marie\/#primaryimage"},"thumbnailUrl":"https:\/\/editionsbussiere.com\/blog\/wp-content\/uploads\/2024\/10\/7-oeuvres-emblematiques-de-Leonard-de-Vinci-et-se-devouer-576x1024-1.png","datePublished":"2024-10-14T19:11:19+00:00","breadcrumb":{"@id":"https:\/\/editionsbussiere.com\/blog\/7-oeuvres-emblematiques-de-leonard-de-vinci-et-se-devouer-a-la-sainte-vierge-marie\/#breadcrumb"},"inLanguage":"fr-FR","potentialAction":[{"@type":"ReadAction","target":["https:\/\/editionsbussiere.com\/blog\/7-oeuvres-emblematiques-de-leonard-de-vinci-et-se-devouer-a-la-sainte-vierge-marie\/"]}]},{"@type":"ImageObject","inLanguage":"fr-FR","@id":"https:\/\/editionsbussiere.com\/blog\/7-oeuvres-emblematiques-de-leonard-de-vinci-et-se-devouer-a-la-sainte-vierge-marie\/#primaryimage","url":"https:\/\/editionsbussiere.com\/blog\/wp-content\/uploads\/2024\/10\/7-oeuvres-emblematiques-de-Leonard-de-Vinci-et-se-devouer-576x1024-1.png","contentUrl":"https:\/\/editionsbussiere.com\/blog\/wp-content\/uploads\/2024\/10\/7-oeuvres-emblematiques-de-Leonard-de-Vinci-et-se-devouer-576x1024-1.png","width":576,"height":1024,"caption":"7 oeuvres emblematiques de Leonard de Vinci et se devouer 576x1024 1"},{"@type":"BreadcrumbList","@id":"https:\/\/editionsbussiere.com\/blog\/7-oeuvres-emblematiques-de-leonard-de-vinci-et-se-devouer-a-la-sainte-vierge-marie\/#breadcrumb","itemListElement":[{"@type":"ListItem","position":1,"name":"Accueil","item":"https:\/\/editionsbussiere.com\/blog\/"},{"@type":"ListItem","position":2,"name":"7 \u0153uvres embl\u00e9matiques de L\u00e9onard de Vinci et se d\u00e9vouer \u00e0 la Sainte Vierge Marie."}]},{"@type":"WebSite","@id":"https:\/\/editionsbussiere.com\/blog\/#website","url":"https:\/\/editionsbussiere.com\/blog\/","name":"EDITIONSBUSSIERE","description":"Editions \u00e9sot\u00e9rique fond\u00e9e en 1927; site historique, A SAVOIR ET RETENIR.","publisher":{"@id":"https:\/\/editionsbussiere.com\/blog\/#organization"},"potentialAction":[{"@type":"SearchAction","target":{"@type":"EntryPoint","urlTemplate":"https:\/\/editionsbussiere.com\/blog\/?s={search_term_string}"},"query-input":{"@type":"PropertyValueSpecification","valueRequired":true,"valueName":"search_term_string"}}],"inLanguage":"fr-FR"},{"@type":"Organization","@id":"https:\/\/editionsbussiere.com\/blog\/#organization","name":"editionsbussiere","url":"https:\/\/editionsbussiere.com\/blog\/","logo":{"@type":"ImageObject","inLanguage":"fr-FR","@id":"https:\/\/editionsbussiere.com\/blog\/#\/schema\/logo\/image\/","url":"https:\/\/editionsbussiere.com\/blog\/wp-content\/uploads\/2023\/09\/cropped-buss.gif","contentUrl":"https:\/\/editionsbussiere.com\/blog\/wp-content\/uploads\/2023\/09\/cropped-buss.gif","width":298,"height":120,"caption":"editionsbussiere"},"image":{"@id":"https:\/\/editionsbussiere.com\/blog\/#\/schema\/logo\/image\/"}},{"@type":"Person","@id":"https:\/\/editionsbussiere.com\/blog\/#\/schema\/person\/ec90e102792148c97e46ab871010dd8f","name":"Marie BATICLE","image":{"@type":"ImageObject","inLanguage":"fr-FR","@id":"https:\/\/secure.gravatar.com\/avatar\/c923e52403b1b8137e2d929127211d21967e6aecaa053bd43b09da29f212e76e?s=96&d=mm&r=g","url":"https:\/\/secure.gravatar.com\/avatar\/c923e52403b1b8137e2d929127211d21967e6aecaa053bd43b09da29f212e76e?s=96&d=mm&r=g","contentUrl":"https:\/\/secure.gravatar.com\/avatar\/c923e52403b1b8137e2d929127211d21967e6aecaa053bd43b09da29f212e76e?s=96&d=mm&r=g","caption":"Marie BATICLE"},"url":"https:\/\/editionsbussiere.com\/blog\/author\/eremarie\/"}]}},"_links":{"self":[{"href":"https:\/\/editionsbussiere.com\/blog\/wp-json\/wp\/v2\/posts\/1504","targetHints":{"allow":["GET"]}}],"collection":[{"href":"https:\/\/editionsbussiere.com\/blog\/wp-json\/wp\/v2\/posts"}],"about":[{"href":"https:\/\/editionsbussiere.com\/blog\/wp-json\/wp\/v2\/types\/post"}],"author":[{"embeddable":true,"href":"https:\/\/editionsbussiere.com\/blog\/wp-json\/wp\/v2\/users\/3"}],"replies":[{"embeddable":true,"href":"https:\/\/editionsbussiere.com\/blog\/wp-json\/wp\/v2\/comments?post=1504"}],"version-history":[{"count":0,"href":"https:\/\/editionsbussiere.com\/blog\/wp-json\/wp\/v2\/posts\/1504\/revisions"}],"wp:featuredmedia":[{"embeddable":true,"href":"https:\/\/editionsbussiere.com\/blog\/wp-json\/wp\/v2\/media\/1505"}],"wp:attachment":[{"href":"https:\/\/editionsbussiere.com\/blog\/wp-json\/wp\/v2\/media?parent=1504"}],"wp:term":[{"taxonomy":"category","embeddable":true,"href":"https:\/\/editionsbussiere.com\/blog\/wp-json\/wp\/v2\/categories?post=1504"},{"taxonomy":"post_tag","embeddable":true,"href":"https:\/\/editionsbussiere.com\/blog\/wp-json\/wp\/v2\/tags?post=1504"}],"curies":[{"name":"wp","href":"https:\/\/api.w.org\/{rel}","templated":true}]}}