{"id":1502,"date":"2024-10-14T13:08:37","date_gmt":"2024-10-14T11:08:37","guid":{"rendered":"https:\/\/editionsbussiere.com\/blog\/conseils-pratiques-des-saints-du-7-octobre-supplication-du-matin\/"},"modified":"2024-10-14T13:08:37","modified_gmt":"2024-10-14T11:08:37","slug":"conseils-pratiques-des-saints-du-7-octobre-supplication-du-matin","status":"publish","type":"post","link":"https:\/\/editionsbussiere.com\/blog\/conseils-pratiques-des-saints-du-7-octobre-supplication-du-matin\/","title":{"rendered":"Conseils pratiques des saints du 7 octobre\n &amp; supplication du matin."},"content":{"rendered":"<div><img width=\"580\" height=\"339\" src=\"https:\/\/editionsbussiere.com\/blog\/wp-content\/uploads\/2024\/10\/Conseils-pratiques-des-saints-du-7-octobre-supplication-du-1024x598-1.jpg\" class=\"attachment-large size-large wp-post-image\" alt=\"Conseils pratiques des saints du 7 octobre &amp; supplication du\" style=\"float:left; margin:0 15px 15px 0;\" decoding=\"async\" srcset=\"https:\/\/editionsbussiere.com\/blog\/wp-content\/uploads\/2024\/10\/Conseils-pratiques-des-saints-du-7-octobre-supplication-du-1024x598-1.jpg 1024w, https:\/\/www.n42.fr\/wp-content\/uploads\/2024\/10\/Conseils-pratiques-des-saints-du-7-octobre-supplication-du-300x175.jpg 300w, https:\/\/www.n42.fr\/wp-content\/uploads\/2024\/10\/Conseils-pratiques-des-saints-du-7-octobre-supplication-du-768x448.jpg 768w, https:\/\/www.n42.fr\/wp-content\/uploads\/2024\/10\/Conseils-pratiques-des-saints-du-7-octobre-supplication-du-1536x896.jpg 1536w, https:\/\/www.n42.fr\/wp-content\/uploads\/2024\/10\/Conseils-pratiques-des-saints-du-7-octobre-supplication-du-2048x1195.jpg 2048w, https:\/\/www.n42.fr\/wp-content\/uploads\/2024\/10\/Conseils-pratiques-des-saints-du-7-octobre-supplication-du-1200x700.jpg 1200w, https:\/\/www.n42.fr\/wp-content\/uploads\/2024\/10\/Conseils-pratiques-des-saints-du-7-octobre-supplication-du-1980x1156.jpg 1980w\" sizes=\"(max-width: 580px) 100vw, 580px\"><\/p>\n<p>\n<\/p>\n<div>\n<p class=\"has-drop-cap\">L\u2019automne est dans l\u2019air et vous anticipez peut-\u00eatre les vacances qui approchent, impatients que les festivit\u00e9s commencent. En tant que catholiques, nous n\u2019avons pas besoin d\u2019attendre pour c\u00e9l\u00e9brer ! Chaque jour est la f\u00eate d\u2019un saint ou d\u2019un autre, et le mois d\u2019octobre ne manque certainement pas.<\/p>\n<p>Ce mois-ci, prenons quelques conseils pratiques de quelques-uns de ces saints, en appliquant leurs conseils \u00e0 nos propres vies afin que nous puissions vivre dans la joie que Dieu veut pour nous.<\/p>\n<\/p>\n<h2 class=\"uagb-heading-text\">Conseils relationnels<\/h2>\n<blockquote class=\"wp-block-quote is-layout-flow wp-block-quote-is-layout-flow\">\n<p><em>La vraie charit\u00e9 consiste \u00e0 supporter tous les d\u00e9fauts du prochain, \u00e0 ne pas s\u2019\u00e9tonner de ses d\u00e9fauts et \u00e0 s\u2019\u00e9difier par ses moindres vertus. <\/em>-St. Th\u00e9r\u00e8se de Lisieux, f\u00eate le 1er octobre<\/p>\n<p><em>Nous devons toujours nous conduire envers notre ennemi comme s\u2019il devait un jour \u00eatre notre ami. <\/em>\u2013 St. John Henry Newman, f\u00eate le 9 octobre<\/p>\n<\/blockquote>\n<p><strong>Agissez\u00a0: <\/strong>En octobre, effor\u00e7ons-nous de rechercher le meilleur chez les gens, m\u00eame lorsque cela est difficile. Notre attitude envers une personne qui nous ennuie ou nous d\u00e9range peut faire toute la diff\u00e9rence. Nous ne pouvons pas changer les actions des gens, mais notre attitude \u00e0 leur \u00e9gard peut les aider \u00e0 ouvrir les yeux sur une fa\u00e7on de vivre totalement diff\u00e9rente. Nous ne devons pas \u00eatre coinc\u00e9s dans un cycle de mis\u00e8re ; nous pouvons choisir de sortir du cycle et, par la gr\u00e2ce de Dieu, nous pourrons peut-\u00eatre aider quelqu\u2019un d\u2019autre \u00e0 faire de m\u00eame gr\u00e2ce \u00e0 la d\u00e9cence avec laquelle nous le traitons.<\/p>\n<\/p>\n<h2 class=\"uagb-heading-text\">Donner la priorit\u00e9 \u00e0 la pri\u00e8re<\/h2>\n<blockquote class=\"wp-block-quote is-layout-flow wp-block-quote-is-layout-flow\">\n<p><em>Je n\u2019ai besoin de rien d\u2019autre que Dieu et de me perdre dans le c\u0153ur de J\u00e9sus. <\/em>\u2013 Sainte Marguerite-Marie Alacoque, f\u00eate le 16 octobre<\/p>\n<p><em>La pri\u00e8re peut vraiment changer votre vie, car elle d\u00e9tourne votre attention de vous-m\u00eame et dirige votre esprit et votre c\u0153ur vers le Seigneur. Si nous ne regardons que nous-m\u00eames, avec nos propres limites et nos p\u00e9ch\u00e9s, nous c\u00e9dons rapidement \u00e0 la tristesse et au d\u00e9couragement. Mais si nous gardons les yeux fix\u00e9s sur le Seigneur, alors nos c\u0153urs sont remplis d\u2019esp\u00e9rance, nos esprits sont lav\u00e9s par la lumi\u00e8re de la v\u00e9rit\u00e9 et nous parvenons \u00e0 conna\u00eetre la pl\u00e9nitude de l\u2019\u00c9vangile avec toutes ses promesses et sa vie. <\/em>-St. Jean-Paul II, f\u00eate le 22 octobre<sup>sd<\/sup><\/p>\n<\/blockquote>\n<p><strong>Agissez\u00a0: <\/strong>Pensez \u00e0 prendre la r\u00e9solution ce mois-ci de prier devant J\u00e9sus pendant une heure d\u2019adoration eucharistique chaque semaine.<\/p>\n<\/p>\n<h2 class=\"uagb-heading-text\">Rester fid\u00e8le \u00e0 nos valeurs de foi<\/h2>\n<blockquote class=\"wp-block-quote is-layout-flow wp-block-quote-is-layout-flow\">\n<p><em>Nous pouvons croire ce que nous choisissons. Nous sommes responsables de ce que nous choisissons de croire. <\/em>-St. John Henry Newman, f\u00eate le 9 octobre<\/p>\n<p><em>Nous sommes confront\u00e9s \u00e0 un choc \u00e9norme et dramatique entre le bien et le mal, la mort et la vie, la \u00ab culture de la mort \u00bb et la \u00ab culture de la vie \u00bb. Nous nous trouvons non seulement confront\u00e9s \u00e0 ce conflit, mais n\u00e9cessairement au milieu de celui-ci : nous y sommes tous impliqu\u00e9s et nous y participons tous, avec la responsabilit\u00e9 in\u00e9luctable de choisir d\u2019\u00eatre inconditionnellement pro-vie. <\/em>\u2013 Saint Jean-Paul II, f\u00eate le 22 octobre<\/p>\n<\/blockquote>\n<p><strong>Agissez\u00a0: <\/strong>Le mois d\u2019octobre est \u00e9galement le Mois du respect de la vie, une c\u00e9l\u00e9bration de la valeur de chaque vie. \u00c0 l\u2019approche des \u00e9lections de novembre, votez selon les enseignements de l\u2019\u00c9glise catholique que J\u00e9sus-Christ lui-m\u00eame a \u00e9tabli et continue de guider. Suivre la Volont\u00e9 de Dieu est la seule fa\u00e7on pour notre pays d\u2019\u00eatre v\u00e9ritablement libre. <\/p>\n<\/p>\n<h2 class=\"uagb-heading-text\">Comment vivre pleinement sa vie<\/h2>\n<blockquote class=\"wp-block-quote is-layout-flow wp-block-quote-is-layout-flow\">\n<p><em>Tous les \u00eatres humains naissent originaux, mais beaucoup meurent sous forme de photocopies. <\/em>\u2013 Bl. Carlo Acutis, f\u00eate le 12 octobre<\/p>\n<p><em>Dieu marche parmi les casseroles et les po\u00eales. <\/em>\u2013 Sainte Th\u00e9r\u00e8se d\u2019Avila, f\u00eate le 15 octobre<\/p>\n<p><em>Commencez par faire ce qui est n\u00e9cessaire, puis ce qui est possible, et du coup vous faites l\u2019impossible. <\/em>\u2013 attribu\u00e9 \u00e0 saint Fran\u00e7ois d\u2019Assise, f\u00eate le 4 octobre<\/p>\n<\/blockquote>\n<p><strong>Agissez\u00a0: <\/strong>La vie est juste devant nous, elle nous attend, mais nous n\u2019exploitons pas toujours notre plein potentiel. Nous sommes souvent tr\u00e8s pr\u00e9occup\u00e9s par ce que les autres pensent de nous, ou par le fait d\u2019obtenir le meilleur travail, ou par le fait de faire des choses \u00e9normes et d\u2019\u00eatre parfaits. Les saints nous rappellent que nous pouvons trouver Dieu dans nos plus petites activit\u00e9s, nos choix et nos plaisirs. En vivant dans le pr\u00e9sent et en abandonnant notre quotidien \u00e0 Dieu, nous trouvons un sens et de la joie au quotidien. <em><\/em><\/p>\n<hr class=\"wp-block-separator has-alpha-channel-opacity\">\n<p>Photo de Autumn Mott Rodeheaver sur Unsplash<\/p>\n<\/div>\n<p><script>(function(d, s, id) \n  var js, fjs = d.getElementsByTagName(s)[0];\n  if (d.getElementById(id)) return;\n  js = d.createElement(s); js.id = id;\n  js.src = \"\/\/connect.facebook.net\/en_US\/sdk.js#xfbml=1&version=v2.10&appId=123517014997301\";\n  fjs.parentNode.insertBefore(js, fjs);\n(document, 'script', 'facebook-jssdk'));<\/script><\/p>\n<h2> \u00c9lever nos propres pri\u00e8res pour notre entourage au Seigneur matin.<\/h2>\n<p>La derni\u00e8re section de la pri\u00e8re du matin consiste \u00e0 prier pour nos familles proches, notre famille, nos compagnons et notre communaut\u00e9. Nous pouvons prier pour leur, leur prosp\u00e9rit\u00e9, leur s\u00fbret\u00e9, et leur r\u00e9ussite. Nous pouvons \u00e9galement prier pour ceux qui nous ont nui et pour ces individus qui nous ont l\u00e9s\u00e9s, et demander \u00e0 Dieu de nous aider \u00e0 leur pardonner et \u00e0 leur t\u00e9moigner de la compassion.<\/p>\n<h3> Invoquer pour la condition physique et la s\u00e9curit\u00e9 de nos familles.<\/h3>\n<p>\u00d4 Seigneur, nous tous te confions nos familles, nos familles et nos amis. Surveille, \u00f4 Dieu, au-dessus de eux, avec prot\u00e8ge -les de tout danger et de toute maladie. Offre, Seigneur, la bien-\u00eatre du corps ainsi que de l\u2019esprit \u00e0 eux, et aussi la paix dans leur esprit. Puisses-tu permettre ta b\u00e9n\u00e9diction forte les \u00e2mes prot\u00e8ge avec les guide tout au long de cette journ\u00e9e, pour qu\u2019ils jouissent dans une protection et la s\u00e9r\u00e9nit\u00e9.<\/p>\n<p>Nous autres vers toi prions aussi pour nos propres enfants, Seigneur tout-puissant, qu\u2019ils grandissent dans leur foi avec dans l\u2019amour de ton saint nom. Donne, \u00d4 Dieu, la sagesse avec la force n\u00e9cessaires afin de surmonter les \u00e9preuves de la vie, et aussi dirige leurs pas le long de le chemin de la v\u00e9rit\u00e9 et de la justice.<\/p>\n<p>Enfin, nous autres te prions pour nos amis ainsi que nos voisins, Seigneur, afin qu\u2019ils d\u00e9couvrent la joie de ton amour avec la s\u00e9r\u00e9nit\u00e9 de ton pardon. Donne-leur, cher Dieu, de c\u0153urs pleins de g\u00e9n\u00e9rosit\u00e9 pour partager avec ceux qui dans le besoin, et aussi bras ouvertes en vue de accueillir ceux qui sont seuls et aussi abandonn\u00e9s.<\/p>\n<h3> Prier pour les n\u00f4tres ennemis et ceux que nous ont offens\u00e9s. <\/h3>\n<p>Seigneur, J\u00e9sus, nous t\u2019 prions pour les n\u00f4tres ennemis ainsi que pour ceux-ci que nous-m\u00eames ont offens\u00e9s. Accorde-leur, \u00f4 J\u00e9sus, ta mis\u00e9ricorde et votre pardon, et ouvre leur c\u0153ur \u00e0 la lumi\u00e8re de ta v\u00e9rit\u00e9. Aide-nous, Seigneur Dieu, \u00e0 leur montrer de la compassion et aussi \u00e0 leur pardonner comme tu nous as pardonn\u00e9. Que ta paix r\u00e8gne dans les n\u00f4tres c\u0153urs ainsi que que ton amour guide notre actions, pour que nous puissions vivre en harmonie avec tous ceux qui nous entourent.<\/p>\n<h3> Comprendre la pri\u00e8re : <\/h3>\n<p>Finalement, la invocation nous reconna\u00eet notre mission en tant que prog\u00e9niture de Dieu : se trouver des t\u00e9moins de sa lumi\u00e8re et de son affection dans une p\u00e9riode en proie aux obscurit\u00e9s. \u00c0 travers nos discours et nos \u0153uvres, nous r\u00e9pandons la bonne nouvelle de la paix et de la conciliation, amenant l\u2019attente et la cicatrisation \u00e0 un contexte endommag\u00e9.<\/p>\n<p>\u00c0 l\u2019int\u00e9rieur de la spiritualit\u00e9 chr\u00e9tienne, le aube porte une importance distincte, symbolisant le rafra\u00eechissement et l\u2019 renaissance int\u00e9rieure. C\u2019est au d\u00e9but de chaque matin\u00e9e que l\u2019esprit se oriente vers l\u2019\u00c9ternel dans la pri\u00e8re, s\u2019effor\u00e7ant \u00e0 \u00eatre \u00e9clair\u00e9e par la lumi\u00e8re divine. La coutume des pri\u00e8res matinales est essentiellement enracin\u00e9e dans le patrimoine chr\u00e9tienne, offrant une p\u00e9riode particulier pour \u00e9tablir une connexion avec le Seigneur et se pr\u00e9parer int\u00e9rieurement aux d\u00e9fis de la journ\u00e9e \u00e0 venir.<\/p>\n<p>Au l\u2019int\u00e9rieur de ces pri\u00e8res matinales se rep\u00e8re souvent une d\u00e9votion particuli\u00e8re pour Marie, la m\u00e8re de J\u00e9sus et aussi figure sainte v\u00e9n\u00e9r\u00e9e par beaucoup fid\u00e8les. En tant m\u00e8re intercesseur au milieu de les hommes et Dieu, Marie est sollicit\u00e9e pour intervenir pour nous, nous-m\u00eames guidant sur le chemin vers la saintet\u00e9 et de la gr\u00e2ce divine. Sa apparition parentale donne consolation et abri, entourant nos oraisons matinales d\u2019une douceur c\u00e9leste.<\/p>\n<p>Au travers l\u2019 oraisons du matin, nous sommes invit\u00e9s \u00e0 nous unir \u00e0 Marie au sein de une initiative pour sanctification individuelle. En m\u00e9ditant sur sa vie et ses vertus, nous cherchons \u00e0 imiter son humilit\u00e9, sa puret\u00e9 ainsi que son ob\u00e9issance \u00e0 la volont\u00e9 de Dieu. Gr\u00e2ce \u00e0 sa saintet\u00e9 exemplaire, Marie se transforme en pour nous un mod\u00e8le pour vie chr\u00e9tienne, nous rappelant l\u2019importance de la pri\u00e8re ainsi que de la contemplation au sein de notre cheminement spirituel.<\/p>\n<p>Unissons-nous dans la pri\u00e8re du matin, dans notre esp\u00e9rance, en nous tournant vers Marie, la m\u00e8re de notre Seigneur J\u00e9sus-Christ. Au sein de notre monde tourment\u00e9 par les conflits et la discorde, optons \u00e0 la pri\u00e8re pour trouver pour trouver la paix et l\u2019harmonie. Tout chr\u00e9tien peut \u00e9crire une intention de pri\u00e8re pour Marie <a target=\"_blank\" rel=\"nofollow\" href=\"https:\/\/editionsbussiere.com\/blog\/goto\/https:\/\/www.avemariasound.org\/\" >utilisant ces informations.<\/a> Que nos pri\u00e8res s\u2019\u00e9l\u00e8vent vers le ciel, comme une offrande agr\u00e9able \u00e0 Dieu, afin qu\u2019il guide \u00e9clairer nos pas sur le chemin de la v\u00e9rit\u00e9 et de la justice. L\u2019ap\u00f4tre Paul nous exhorte dans ses \u00e9p\u00eetres \u00e0 prier sans cesse, quelle que soit la situation, pour que notre communion \u00e0 Dieu reste solide et ardente. La pri\u00e8re, quand elle est sinc\u00e8rement offerte, a le pouvoir pour transformer les c\u0153urs et de modifier le cours de l\u2019histoire.<\/p>\n<p>La r\u00e9citation du matin est ainsi un instant favoris\u00e9 afin de nous consacrer vers Dieu avec l\u2019intercession de Marie, en pr\u00e9sentant nos louanges, nos remerciements et nos intentions les plus profondes. Au sein de la qui\u00e9tude du l\u2019aurore, on se trouve invit\u00e9s \u00e0 se tourner envers cette m\u00e8re sainte, qui nous guide avec tendresse au sujet de le chemin de la foi et de l\u2019amour divin. En faisant l\u2019union nos voix \u00e0 celle-ci de Marie, nous \u00e9levons nos pri\u00e8res matinales vers du tr\u00f4ne de la gr\u00e2ce, s\u00fbrs que notre supplications seront entendues ainsi que accueillies par du c\u0153ur mis\u00e9ricordieux de Dieu.<\/p>\n<h2> Pri\u00e8re envers le d\u00e9but de journ\u00e9e avec Dieu et la Sainte M\u00e8re<\/h2>\n<p>\u00d4 Tout-Puissant et Mis\u00e9ricordieux Seigneur, en ce nouveau jour qui commence sous la clart\u00e9 de ta lumi\u00e8re c\u00e9leste, je viens \u00e0 Toi avec c\u0153ur rempli de confiance et d\u2019humilit\u00e9. Que cette journ\u00e9e qui s\u2019ouvre soit consacr\u00e9e \u00e0 ta saintet\u00e9, que chaque battement de mon c\u0153ur |chaque regard de mes yeux|chacune de mes paroles|chacun de mes gestes} te soit offert en sacrifice. Que chaque respiration qui anime mon \u00eatre soit un souffle d\u2019adoration |un souffle vers toi|un souffle de vie en toi}. Que la pri\u00e8re r\u00e9sonne, priez, que nos c\u0153urs implorent, suppliez, suppliez.<\/p>\n<p>Comme Marie, la m\u00e8re sainte qui a port\u00e9 en son sein l\u2019enfant J\u00e9sus, guide-moi dans ce voyage de foi et de d\u00e9votion. Que je puisse, \u00e0 travers les pages de l\u2019\u00c9vangile, rencontrer la lueur pour \u00e9clairer mes pas et renforcer ma foi. Comme Pierre, octroie-moi la puissance et le courage de faire face \u00e0 les \u00e9preuves de ce monde avec une foi in\u00e9branlable en ta divine providence.<\/p>\n<p>Au cours de ce p\u00e9riode de Car\u00eame, o\u00f9 les croyants et les croyantes se pr\u00e9parent \u00e0 comm\u00e9morer la r\u00e9surrection de ton fils bien-aim\u00e9, donne-moi, Seigneur, l\u2019\u00e9veil spirituel. Que mon c\u0153ur soit purifi\u00e9 de tout ce qui le souille, afin qu\u2019il devienne un lieu sacr\u00e9 o\u00f9 tu r\u00e9sides. Que mes suppliques, suivant l\u2019exemple de Fran\u00e7ois d\u2019Assise, retentisse comme une m\u00e9lodie de louanges \u00e0 travers les si\u00e8cles.<br \/>\nSeigneur, que chaque jour soit impr\u00e9gn\u00e9 de ton amour, que chacun des instants soit une occasion de te voir et de te servir dans mes prochains. Que mon existence soit un t\u00e9moignage vivant de ton amour infini pour tous. Puissent les mots de la pri\u00e8re de Hozana monter vers toi comme un doux parfum, enveloppant chacune de mes journ\u00e9es dans une douce tranquillit\u00e9. Priez, \u00c9glise, Fran\u00e7ois, Hozana.<\/p>\n<p>Que mon c\u0153ur, \u00d4 Seigneur, devienne une r\u00e9plique du tien, rempli d\u2019amour, de compassion et de mis\u00e9ricorde envers mes semblables. Que chacune de mes pens\u00e9es et de mes actions soit dirig\u00e9e par l\u2019Esprit divin, afin que je puisse contribuer \u00e0 l\u2019av\u00e8nement de ton r\u00e8gne de justice sur cette terre.<\/p>\n<p>Puissent cette journ\u00e9e constitue une nouvelle \u00e9tape dans mon cheminement spirituel, une opportunit\u00e9 de grandir dans la foi. Seigneur, prends possession de mon c\u0153ur, \u00e9tablis-le comme ton sanctuaire, o\u00f9 ta pr\u00e9sence se manifeste en tout temps. Que chaque battement de mon c\u0153ur soit un chant \u00e0 ta gloire, \u00f4 Seigneur, pour l\u2019\u00e9ternit\u00e9. Amen.<\/p>\n<p>Au sein de le r\u00e9veil spirituel spiritualiste de tout \u00e2me chr\u00e9tienne, l\u2019oraison joue. Elle est le lien sacr\u00e9 \u00e9troite entre le croyant de Dieu et sa m\u00e8re c\u00e9leste, la Sainte M\u00e8re, la sainte prie en faveur de nous aupr\u00e8s de son sacr\u00e9 Fils. En utilisant la supplication, les croyants nous introduisons au sein de la brillance de l\u2019\u00c9vangile, guid\u00e9s avec le Saint-Esprit, pour trouver la vraie nature et la faveur que J\u00e9sus nous dispense.<\/p>\n<h2>Contemplation en ce qui concerne la Parole de Dieu : <\/h2>\n<p>Nous sommes capables de m\u00e9diter en ce qui concerne un passage de la Bible qui nous \u00e9voque de la tendresse divin. \u00c0 titre illustratif :<\/p>\n<h3>1 Corinthiens 13, 1-8 : <\/h3>\n<p>\u00a0\u00bb<br \/>\nL\u2019amour est patient, il est plein de bont\u00e9; l\u2019amour n\u2019est point envieux; l\u2019amour ne se vante point, il ne s\u2019enfle point d\u2019orgueil, il ne fait rien de malhonn\u00eate, il ne cherche point son int\u00e9r\u00eat, il ne s\u2019irrite point, il ne soup\u00e7onne point le mal, il ne se r\u00e9jouit point de l\u2019injustice, mais il se r\u00e9jouit de la v\u00e9rit\u00e9; il supporte tout, il croit tout, il esp\u00e8re tout, il endure tout.<br \/>\nL\u2019amour ne p\u00e9rit jamais; mais, les proph\u00e9ties, elles seront abolies; les langues, elles cesseront; la connaissance, elle sera abolie.\u00a0\u00bb<\/p>\n<p>Publications sur un objet proche:<\/p>\n<p>Odes et Ballades\/La L\u00e9gende de la nonne.,<a target=\"_blank\" rel=\"nofollow\" href=\"https:\/\/editionsbussiere.com\/blog\/goto\/https:\/\/fr.wikisource.org\/wiki\/Odes_et_Ballades\/La_L%C3%A9gende_de_la_nonne\"  target=\"_blank\" rel=\"noopener noreferrer nofollow\">Article complet.<\/a><span><\/span><\/p>\n<p>Marie-Claire\/26.,<a target=\"_blank\" rel=\"nofollow\" href=\"https:\/\/editionsbussiere.com\/blog\/goto\/https:\/\/fr.wikisource.org\/wiki\/Marie-Claire\/26\"  target=\"_blank\" rel=\"noopener noreferrer nofollow\">Le post d\u2019actualit\u00e9.<\/a><span><\/span><\/p>\n<p>Les Forces \u00e9ternelles\/Les bless\u00e9s.,<a target=\"_blank\" rel=\"nofollow\" href=\"https:\/\/editionsbussiere.com\/blog\/goto\/https:\/\/fr.wikisource.org\/wiki\/Les_Forces_%C3%A9ternelles\/Les_bless%C3%A9s\"  target=\"_blank\" rel=\"noopener noreferrer nofollow\">L\u2019article ICI.<\/a><span><\/span><\/p>\n<p>Le Roi vierge\/Livre 2, 1.,<a target=\"_blank\" rel=\"nofollow\" href=\"https:\/\/editionsbussiere.com\/blog\/goto\/https:\/\/fr.wikisource.org\/wiki\/Le_Roi_vierge\/Livre_2,_1\"  target=\"_blank\" rel=\"noopener noreferrer nofollow\">Cliquer ICI.<\/a><span><\/span><\/p>\n<p>Histoire des \u00e9glises et chapelles de Lyon\/Saint-Pierre-le-Vieux.,<a target=\"_blank\" rel=\"nofollow\" href=\"https:\/\/editionsbussiere.com\/blog\/goto\/https:\/\/fr.wikisource.org\/wiki\/Histoire_des_%C3%A9glises_et_chapelles_de_Lyon\/Saint-Pierre-le-Vieux\"  target=\"_blank\" rel=\"noopener noreferrer nofollow\">L\u2019article ICI.<\/a><span><\/span><\/p>\n<p>Auteur:Jean Eudes.,<a target=\"_blank\" rel=\"nofollow\" href=\"https:\/\/editionsbussiere.com\/blog\/goto\/https:\/\/fr.wikisource.org\/wiki\/Auteur:Jean_Eudes\"  target=\"_blank\" rel=\"noopener noreferrer nofollow\">L\u2019article ICI.<\/a><span><\/span><\/p>\n<\/div>\n<p><img decoding=\"async\" class=\"wpe_imgrss\" src=\"https:\/\/editionsbussiere.com\/blog\/wp-content\/uploads\/2024\/10\/Conseils-pratiques-des-saints-du-7-octobre-supplication-du-1024x598-1.jpg\">Cet article a \u00e9t\u00e9 reconstitu\u00e9 du mieux possible. Dans l\u2019hypoth\u00e8se o\u00f9 vous souhaitez apporter quelques modifications concernant le th\u00e8me \u00ab\u00a0Editions \u00e9sot\u00e9rique fond\u00e9e en 1927\u00a0\u00bb, il est possible de discuter avec notre r\u00e9daction. Vous pouvez tirer profit de cet article traitant le sujet \u00ab\u00a0Editions \u00e9sot\u00e9rique fond\u00e9e en 1927\u00a0\u00bb. Il est concoct\u00e9 par l\u2019\u00e9quipe editionsbussiere.com. Le site editionsbussiere.com est fait pour cr\u00e9er divers posts autour du th\u00e8me Editions \u00e9sot\u00e9rique fond\u00e9e en 1927 d\u00e9velopp\u00e9es sur internet. Consultez notre site internet editionsbussiere.com et nos r\u00e9seaux sociaux pour \u00eatre au courant des futures annonces.<\/p>\n","protected":false},"excerpt":{"rendered":"<p>L\u2019automne est dans l\u2019air et vous anticipez peut-\u00eatre les vacances qui approchent, impatients que les festivit\u00e9s commencent. En tant que catholiques, nous n\u2019avons pas besoin d\u2019attendre pour c\u00e9l\u00e9brer ! Chaque jour est la f\u00eate d\u2019un saint ou d\u2019un autre, et le mois d\u2019octobre ne manque certainement pas. Ce mois-ci, prenons quelques conseils pratiques de quelques-uns [&hellip;]<\/p>\n","protected":false},"author":3,"featured_media":1503,"comment_status":"closed","ping_status":"closed","sticky":false,"template":"","format":"standard","meta":{"footnotes":""},"categories":[3],"tags":[],"class_list":["post-1502","post","type-post","status-publish","format-standard","has-post-thumbnail","hentry","category-editions-esoterique-fondee-en-1927-depeches","entry","fw-tab-6 fw-tabr-4","has-featured-image"],"yoast_head":"<!-- This site is optimized with the Yoast SEO plugin v27.5 - https:\/\/yoast.com\/product\/yoast-seo-wordpress\/ -->\n<title>Conseils pratiques des saints du 7 octobre &amp; supplication du matin. - EDITIONSBUSSIERE<\/title>\n<meta name=\"robots\" content=\"index, follow, max-snippet:-1, max-image-preview:large, max-video-preview:-1\" \/>\n<link rel=\"canonical\" href=\"https:\/\/editionsbussiere.com\/blog\/conseils-pratiques-des-saints-du-7-octobre-supplication-du-matin\/\" \/>\n<meta property=\"og:locale\" content=\"fr_FR\" \/>\n<meta property=\"og:type\" content=\"article\" \/>\n<meta property=\"og:title\" content=\"Conseils pratiques des saints du 7 octobre &amp; supplication du matin. - EDITIONSBUSSIERE\" \/>\n<meta property=\"og:description\" content=\"L\u2019automne est dans l\u2019air et vous anticipez peut-\u00eatre les vacances qui approchent, impatients que les festivit\u00e9s commencent. En tant que catholiques, nous n\u2019avons pas besoin d\u2019attendre pour c\u00e9l\u00e9brer ! Chaque jour est la f\u00eate d\u2019un saint ou d\u2019un autre, et le mois d\u2019octobre ne manque certainement pas. Ce mois-ci, prenons quelques conseils pratiques de quelques-uns [&hellip;]\" \/>\n<meta property=\"og:url\" content=\"https:\/\/editionsbussiere.com\/blog\/conseils-pratiques-des-saints-du-7-octobre-supplication-du-matin\/\" \/>\n<meta property=\"og:site_name\" content=\"EDITIONSBUSSIERE\" \/>\n<meta property=\"article:published_time\" content=\"2024-10-14T11:08:37+00:00\" \/>\n<meta property=\"og:image\" content=\"https:\/\/editionsbussiere.com\/blog\/wp-content\/uploads\/2024\/10\/Conseils-pratiques-des-saints-du-7-octobre-supplication-du-1024x598-1.jpg\" \/>\n<meta name=\"author\" content=\"Marie BATICLE\" \/>\n<meta name=\"twitter:card\" content=\"summary_large_image\" \/>\n<meta name=\"twitter:label1\" content=\"\u00c9crit par\" \/>\n\t<meta name=\"twitter:data1\" content=\"Marie BATICLE\" \/>\n\t<meta name=\"twitter:label2\" content=\"Dur\u00e9e de lecture estim\u00e9e\" \/>\n\t<meta name=\"twitter:data2\" content=\"13 minutes\" \/>\n<script type=\"application\/ld+json\" class=\"yoast-schema-graph\">{\"@context\":\"https:\\\/\\\/schema.org\",\"@graph\":[{\"@type\":\"Article\",\"@id\":\"https:\\\/\\\/editionsbussiere.com\\\/blog\\\/conseils-pratiques-des-saints-du-7-octobre-supplication-du-matin\\\/#article\",\"isPartOf\":{\"@id\":\"https:\\\/\\\/editionsbussiere.com\\\/blog\\\/conseils-pratiques-des-saints-du-7-octobre-supplication-du-matin\\\/\"},\"author\":{\"name\":\"Marie BATICLE\",\"@id\":\"https:\\\/\\\/editionsbussiere.com\\\/blog\\\/#\\\/schema\\\/person\\\/ec90e102792148c97e46ab871010dd8f\"},\"headline\":\"Conseils pratiques des saints du 7 octobre &amp; supplication du matin.\",\"datePublished\":\"2024-10-14T11:08:37+00:00\",\"mainEntityOfPage\":{\"@id\":\"https:\\\/\\\/editionsbussiere.com\\\/blog\\\/conseils-pratiques-des-saints-du-7-octobre-supplication-du-matin\\\/\"},\"wordCount\":2648,\"publisher\":{\"@id\":\"https:\\\/\\\/editionsbussiere.com\\\/blog\\\/#organization\"},\"image\":{\"@id\":\"https:\\\/\\\/editionsbussiere.com\\\/blog\\\/conseils-pratiques-des-saints-du-7-octobre-supplication-du-matin\\\/#primaryimage\"},\"thumbnailUrl\":\"https:\\\/\\\/editionsbussiere.com\\\/blog\\\/wp-content\\\/uploads\\\/2024\\\/10\\\/Conseils-pratiques-des-saints-du-7-octobre-supplication-du-1024x598-1.jpg\",\"articleSection\":[\"Editions \u00c9sot\u00e9rique Fond\u00e9e En 1927; D\u00e9p\u00e8ches:\"],\"inLanguage\":\"fr-FR\"},{\"@type\":\"WebPage\",\"@id\":\"https:\\\/\\\/editionsbussiere.com\\\/blog\\\/conseils-pratiques-des-saints-du-7-octobre-supplication-du-matin\\\/\",\"url\":\"https:\\\/\\\/editionsbussiere.com\\\/blog\\\/conseils-pratiques-des-saints-du-7-octobre-supplication-du-matin\\\/\",\"name\":\"Conseils pratiques des saints du 7 octobre &amp; supplication du matin. - EDITIONSBUSSIERE\",\"isPartOf\":{\"@id\":\"https:\\\/\\\/editionsbussiere.com\\\/blog\\\/#website\"},\"primaryImageOfPage\":{\"@id\":\"https:\\\/\\\/editionsbussiere.com\\\/blog\\\/conseils-pratiques-des-saints-du-7-octobre-supplication-du-matin\\\/#primaryimage\"},\"image\":{\"@id\":\"https:\\\/\\\/editionsbussiere.com\\\/blog\\\/conseils-pratiques-des-saints-du-7-octobre-supplication-du-matin\\\/#primaryimage\"},\"thumbnailUrl\":\"https:\\\/\\\/editionsbussiere.com\\\/blog\\\/wp-content\\\/uploads\\\/2024\\\/10\\\/Conseils-pratiques-des-saints-du-7-octobre-supplication-du-1024x598-1.jpg\",\"datePublished\":\"2024-10-14T11:08:37+00:00\",\"breadcrumb\":{\"@id\":\"https:\\\/\\\/editionsbussiere.com\\\/blog\\\/conseils-pratiques-des-saints-du-7-octobre-supplication-du-matin\\\/#breadcrumb\"},\"inLanguage\":\"fr-FR\",\"potentialAction\":[{\"@type\":\"ReadAction\",\"target\":[\"https:\\\/\\\/editionsbussiere.com\\\/blog\\\/conseils-pratiques-des-saints-du-7-octobre-supplication-du-matin\\\/\"]}]},{\"@type\":\"ImageObject\",\"inLanguage\":\"fr-FR\",\"@id\":\"https:\\\/\\\/editionsbussiere.com\\\/blog\\\/conseils-pratiques-des-saints-du-7-octobre-supplication-du-matin\\\/#primaryimage\",\"url\":\"https:\\\/\\\/editionsbussiere.com\\\/blog\\\/wp-content\\\/uploads\\\/2024\\\/10\\\/Conseils-pratiques-des-saints-du-7-octobre-supplication-du-1024x598-1.jpg\",\"contentUrl\":\"https:\\\/\\\/editionsbussiere.com\\\/blog\\\/wp-content\\\/uploads\\\/2024\\\/10\\\/Conseils-pratiques-des-saints-du-7-octobre-supplication-du-1024x598-1.jpg\",\"width\":1024,\"height\":598,\"caption\":\"Conseils pratiques des saints du 7 octobre supplication du 1024x598 1\"},{\"@type\":\"BreadcrumbList\",\"@id\":\"https:\\\/\\\/editionsbussiere.com\\\/blog\\\/conseils-pratiques-des-saints-du-7-octobre-supplication-du-matin\\\/#breadcrumb\",\"itemListElement\":[{\"@type\":\"ListItem\",\"position\":1,\"name\":\"Accueil\",\"item\":\"https:\\\/\\\/editionsbussiere.com\\\/blog\\\/\"},{\"@type\":\"ListItem\",\"position\":2,\"name\":\"Conseils pratiques des saints du 7 octobre &amp; supplication du matin.\"}]},{\"@type\":\"WebSite\",\"@id\":\"https:\\\/\\\/editionsbussiere.com\\\/blog\\\/#website\",\"url\":\"https:\\\/\\\/editionsbussiere.com\\\/blog\\\/\",\"name\":\"EDITIONSBUSSIERE\",\"description\":\"Editions \u00e9sot\u00e9rique fond\u00e9e en 1927; site historique, A SAVOIR ET RETENIR.\",\"publisher\":{\"@id\":\"https:\\\/\\\/editionsbussiere.com\\\/blog\\\/#organization\"},\"potentialAction\":[{\"@type\":\"SearchAction\",\"target\":{\"@type\":\"EntryPoint\",\"urlTemplate\":\"https:\\\/\\\/editionsbussiere.com\\\/blog\\\/?s={search_term_string}\"},\"query-input\":{\"@type\":\"PropertyValueSpecification\",\"valueRequired\":true,\"valueName\":\"search_term_string\"}}],\"inLanguage\":\"fr-FR\"},{\"@type\":\"Organization\",\"@id\":\"https:\\\/\\\/editionsbussiere.com\\\/blog\\\/#organization\",\"name\":\"editionsbussiere\",\"url\":\"https:\\\/\\\/editionsbussiere.com\\\/blog\\\/\",\"logo\":{\"@type\":\"ImageObject\",\"inLanguage\":\"fr-FR\",\"@id\":\"https:\\\/\\\/editionsbussiere.com\\\/blog\\\/#\\\/schema\\\/logo\\\/image\\\/\",\"url\":\"https:\\\/\\\/editionsbussiere.com\\\/blog\\\/wp-content\\\/uploads\\\/2023\\\/09\\\/cropped-buss.gif\",\"contentUrl\":\"https:\\\/\\\/editionsbussiere.com\\\/blog\\\/wp-content\\\/uploads\\\/2023\\\/09\\\/cropped-buss.gif\",\"width\":298,\"height\":120,\"caption\":\"editionsbussiere\"},\"image\":{\"@id\":\"https:\\\/\\\/editionsbussiere.com\\\/blog\\\/#\\\/schema\\\/logo\\\/image\\\/\"}},{\"@type\":\"Person\",\"@id\":\"https:\\\/\\\/editionsbussiere.com\\\/blog\\\/#\\\/schema\\\/person\\\/ec90e102792148c97e46ab871010dd8f\",\"name\":\"Marie BATICLE\",\"image\":{\"@type\":\"ImageObject\",\"inLanguage\":\"fr-FR\",\"@id\":\"https:\\\/\\\/secure.gravatar.com\\\/avatar\\\/c923e52403b1b8137e2d929127211d21967e6aecaa053bd43b09da29f212e76e?s=96&d=mm&r=g\",\"url\":\"https:\\\/\\\/secure.gravatar.com\\\/avatar\\\/c923e52403b1b8137e2d929127211d21967e6aecaa053bd43b09da29f212e76e?s=96&d=mm&r=g\",\"contentUrl\":\"https:\\\/\\\/secure.gravatar.com\\\/avatar\\\/c923e52403b1b8137e2d929127211d21967e6aecaa053bd43b09da29f212e76e?s=96&d=mm&r=g\",\"caption\":\"Marie BATICLE\"},\"url\":\"https:\\\/\\\/editionsbussiere.com\\\/blog\\\/author\\\/eremarie\\\/\"}]}<\/script>\n<!-- \/ Yoast SEO plugin. -->","yoast_head_json":{"title":"Conseils pratiques des saints du 7 octobre &amp; supplication du matin. - EDITIONSBUSSIERE","robots":{"index":"index","follow":"follow","max-snippet":"max-snippet:-1","max-image-preview":"max-image-preview:large","max-video-preview":"max-video-preview:-1"},"canonical":"https:\/\/editionsbussiere.com\/blog\/conseils-pratiques-des-saints-du-7-octobre-supplication-du-matin\/","og_locale":"fr_FR","og_type":"article","og_title":"Conseils pratiques des saints du 7 octobre &amp; supplication du matin. - EDITIONSBUSSIERE","og_description":"L\u2019automne est dans l\u2019air et vous anticipez peut-\u00eatre les vacances qui approchent, impatients que les festivit\u00e9s commencent. En tant que catholiques, nous n\u2019avons pas besoin d\u2019attendre pour c\u00e9l\u00e9brer ! Chaque jour est la f\u00eate d\u2019un saint ou d\u2019un autre, et le mois d\u2019octobre ne manque certainement pas. Ce mois-ci, prenons quelques conseils pratiques de quelques-uns [&hellip;]","og_url":"https:\/\/editionsbussiere.com\/blog\/conseils-pratiques-des-saints-du-7-octobre-supplication-du-matin\/","og_site_name":"EDITIONSBUSSIERE","article_published_time":"2024-10-14T11:08:37+00:00","og_image":[{"url":"https:\/\/editionsbussiere.com\/blog\/wp-content\/uploads\/2024\/10\/Conseils-pratiques-des-saints-du-7-octobre-supplication-du-1024x598-1.jpg","type":"","width":"","height":""}],"author":"Marie BATICLE","twitter_card":"summary_large_image","twitter_misc":{"\u00c9crit par":"Marie BATICLE","Dur\u00e9e de lecture estim\u00e9e":"13 minutes"},"schema":{"@context":"https:\/\/schema.org","@graph":[{"@type":"Article","@id":"https:\/\/editionsbussiere.com\/blog\/conseils-pratiques-des-saints-du-7-octobre-supplication-du-matin\/#article","isPartOf":{"@id":"https:\/\/editionsbussiere.com\/blog\/conseils-pratiques-des-saints-du-7-octobre-supplication-du-matin\/"},"author":{"name":"Marie BATICLE","@id":"https:\/\/editionsbussiere.com\/blog\/#\/schema\/person\/ec90e102792148c97e46ab871010dd8f"},"headline":"Conseils pratiques des saints du 7 octobre &amp; supplication du matin.","datePublished":"2024-10-14T11:08:37+00:00","mainEntityOfPage":{"@id":"https:\/\/editionsbussiere.com\/blog\/conseils-pratiques-des-saints-du-7-octobre-supplication-du-matin\/"},"wordCount":2648,"publisher":{"@id":"https:\/\/editionsbussiere.com\/blog\/#organization"},"image":{"@id":"https:\/\/editionsbussiere.com\/blog\/conseils-pratiques-des-saints-du-7-octobre-supplication-du-matin\/#primaryimage"},"thumbnailUrl":"https:\/\/editionsbussiere.com\/blog\/wp-content\/uploads\/2024\/10\/Conseils-pratiques-des-saints-du-7-octobre-supplication-du-1024x598-1.jpg","articleSection":["Editions \u00c9sot\u00e9rique Fond\u00e9e En 1927; D\u00e9p\u00e8ches:"],"inLanguage":"fr-FR"},{"@type":"WebPage","@id":"https:\/\/editionsbussiere.com\/blog\/conseils-pratiques-des-saints-du-7-octobre-supplication-du-matin\/","url":"https:\/\/editionsbussiere.com\/blog\/conseils-pratiques-des-saints-du-7-octobre-supplication-du-matin\/","name":"Conseils pratiques des saints du 7 octobre &amp; supplication du matin. - EDITIONSBUSSIERE","isPartOf":{"@id":"https:\/\/editionsbussiere.com\/blog\/#website"},"primaryImageOfPage":{"@id":"https:\/\/editionsbussiere.com\/blog\/conseils-pratiques-des-saints-du-7-octobre-supplication-du-matin\/#primaryimage"},"image":{"@id":"https:\/\/editionsbussiere.com\/blog\/conseils-pratiques-des-saints-du-7-octobre-supplication-du-matin\/#primaryimage"},"thumbnailUrl":"https:\/\/editionsbussiere.com\/blog\/wp-content\/uploads\/2024\/10\/Conseils-pratiques-des-saints-du-7-octobre-supplication-du-1024x598-1.jpg","datePublished":"2024-10-14T11:08:37+00:00","breadcrumb":{"@id":"https:\/\/editionsbussiere.com\/blog\/conseils-pratiques-des-saints-du-7-octobre-supplication-du-matin\/#breadcrumb"},"inLanguage":"fr-FR","potentialAction":[{"@type":"ReadAction","target":["https:\/\/editionsbussiere.com\/blog\/conseils-pratiques-des-saints-du-7-octobre-supplication-du-matin\/"]}]},{"@type":"ImageObject","inLanguage":"fr-FR","@id":"https:\/\/editionsbussiere.com\/blog\/conseils-pratiques-des-saints-du-7-octobre-supplication-du-matin\/#primaryimage","url":"https:\/\/editionsbussiere.com\/blog\/wp-content\/uploads\/2024\/10\/Conseils-pratiques-des-saints-du-7-octobre-supplication-du-1024x598-1.jpg","contentUrl":"https:\/\/editionsbussiere.com\/blog\/wp-content\/uploads\/2024\/10\/Conseils-pratiques-des-saints-du-7-octobre-supplication-du-1024x598-1.jpg","width":1024,"height":598,"caption":"Conseils pratiques des saints du 7 octobre supplication du 1024x598 1"},{"@type":"BreadcrumbList","@id":"https:\/\/editionsbussiere.com\/blog\/conseils-pratiques-des-saints-du-7-octobre-supplication-du-matin\/#breadcrumb","itemListElement":[{"@type":"ListItem","position":1,"name":"Accueil","item":"https:\/\/editionsbussiere.com\/blog\/"},{"@type":"ListItem","position":2,"name":"Conseils pratiques des saints du 7 octobre &amp; supplication du matin."}]},{"@type":"WebSite","@id":"https:\/\/editionsbussiere.com\/blog\/#website","url":"https:\/\/editionsbussiere.com\/blog\/","name":"EDITIONSBUSSIERE","description":"Editions \u00e9sot\u00e9rique fond\u00e9e en 1927; site historique, A SAVOIR ET RETENIR.","publisher":{"@id":"https:\/\/editionsbussiere.com\/blog\/#organization"},"potentialAction":[{"@type":"SearchAction","target":{"@type":"EntryPoint","urlTemplate":"https:\/\/editionsbussiere.com\/blog\/?s={search_term_string}"},"query-input":{"@type":"PropertyValueSpecification","valueRequired":true,"valueName":"search_term_string"}}],"inLanguage":"fr-FR"},{"@type":"Organization","@id":"https:\/\/editionsbussiere.com\/blog\/#organization","name":"editionsbussiere","url":"https:\/\/editionsbussiere.com\/blog\/","logo":{"@type":"ImageObject","inLanguage":"fr-FR","@id":"https:\/\/editionsbussiere.com\/blog\/#\/schema\/logo\/image\/","url":"https:\/\/editionsbussiere.com\/blog\/wp-content\/uploads\/2023\/09\/cropped-buss.gif","contentUrl":"https:\/\/editionsbussiere.com\/blog\/wp-content\/uploads\/2023\/09\/cropped-buss.gif","width":298,"height":120,"caption":"editionsbussiere"},"image":{"@id":"https:\/\/editionsbussiere.com\/blog\/#\/schema\/logo\/image\/"}},{"@type":"Person","@id":"https:\/\/editionsbussiere.com\/blog\/#\/schema\/person\/ec90e102792148c97e46ab871010dd8f","name":"Marie BATICLE","image":{"@type":"ImageObject","inLanguage":"fr-FR","@id":"https:\/\/secure.gravatar.com\/avatar\/c923e52403b1b8137e2d929127211d21967e6aecaa053bd43b09da29f212e76e?s=96&d=mm&r=g","url":"https:\/\/secure.gravatar.com\/avatar\/c923e52403b1b8137e2d929127211d21967e6aecaa053bd43b09da29f212e76e?s=96&d=mm&r=g","contentUrl":"https:\/\/secure.gravatar.com\/avatar\/c923e52403b1b8137e2d929127211d21967e6aecaa053bd43b09da29f212e76e?s=96&d=mm&r=g","caption":"Marie BATICLE"},"url":"https:\/\/editionsbussiere.com\/blog\/author\/eremarie\/"}]}},"_links":{"self":[{"href":"https:\/\/editionsbussiere.com\/blog\/wp-json\/wp\/v2\/posts\/1502","targetHints":{"allow":["GET"]}}],"collection":[{"href":"https:\/\/editionsbussiere.com\/blog\/wp-json\/wp\/v2\/posts"}],"about":[{"href":"https:\/\/editionsbussiere.com\/blog\/wp-json\/wp\/v2\/types\/post"}],"author":[{"embeddable":true,"href":"https:\/\/editionsbussiere.com\/blog\/wp-json\/wp\/v2\/users\/3"}],"replies":[{"embeddable":true,"href":"https:\/\/editionsbussiere.com\/blog\/wp-json\/wp\/v2\/comments?post=1502"}],"version-history":[{"count":0,"href":"https:\/\/editionsbussiere.com\/blog\/wp-json\/wp\/v2\/posts\/1502\/revisions"}],"wp:featuredmedia":[{"embeddable":true,"href":"https:\/\/editionsbussiere.com\/blog\/wp-json\/wp\/v2\/media\/1503"}],"wp:attachment":[{"href":"https:\/\/editionsbussiere.com\/blog\/wp-json\/wp\/v2\/media?parent=1502"}],"wp:term":[{"taxonomy":"category","embeddable":true,"href":"https:\/\/editionsbussiere.com\/blog\/wp-json\/wp\/v2\/categories?post=1502"},{"taxonomy":"post_tag","embeddable":true,"href":"https:\/\/editionsbussiere.com\/blog\/wp-json\/wp\/v2\/tags?post=1502"}],"curies":[{"name":"wp","href":"https:\/\/api.w.org\/{rel}","templated":true}]}}