{"id":1500,"date":"2024-10-14T00:06:42","date_gmt":"2024-10-13T22:06:42","guid":{"rendered":"https:\/\/editionsbussiere.com\/blog\/la-vraie-richesse-cest-detre-aime-de-dieu-catholic-world-report-et-supplication-en-debut-de-journee\/"},"modified":"2024-10-14T00:06:42","modified_gmt":"2024-10-13T22:06:42","slug":"la-vraie-richesse-cest-detre-aime-de-dieu-catholic-world-report-et-supplication-en-debut-de-journee","status":"publish","type":"post","link":"https:\/\/editionsbussiere.com\/blog\/la-vraie-richesse-cest-detre-aime-de-dieu-catholic-world-report-et-supplication-en-debut-de-journee\/","title":{"rendered":"\u00ab La vraie richesse, c\u2019est d\u2019\u00eatre aim\u00e9 de Dieu \u00bb \u2013 Catholic World Report\n et supplication en d\u00e9but de journ\u00e9e."},"content":{"rendered":"<div><img width=\"580\" height=\"386\" src=\"https:\/\/editionsbussiere.com\/blog\/wp-content\/uploads\/2024\/10\/La-vraie-richesse-cest-detre-aime-de-Dieu.jpg\" class=\"attachment-large size-large wp-post-image\" alt=\"\u00ab La vraie richesse, c'est d'\u00eatre aim\u00e9 de Dieu \u00bb\" style=\"float:left; margin:0 15px 15px 0;\" decoding=\"async\" srcset=\"https:\/\/editionsbussiere.com\/blog\/wp-content\/uploads\/2024\/10\/La-vraie-richesse-cest-detre-aime-de-Dieu.jpg 800w, https:\/\/www.n42.fr\/wp-content\/uploads\/2024\/10\/La-vraie-richesse-cest-detre-aime-de-Dieu-300x200.jpg 300w, https:\/\/www.n42.fr\/wp-content\/uploads\/2024\/10\/La-vraie-richesse-cest-detre-aime-de-Dieu-768x512.jpg 768w\" sizes=\"(max-width: 580px) 100vw, 580px\"><\/p>\n<p>\n<\/p>\n<div>\n<div style=\"width: 100%; margin-bottom: 25px;\">\n<figure style=\"width: 800px\" class=\"wp-caption alignnone\"><figcaption class=\"wp-caption-text\">Le pape Fran\u00e7ois s\u2019adresse aux fid\u00e8les lors du discours de l\u2019Ang\u00e9lus sur la place Saint-Pierre au Vatican, le dimanche 13 octobre 2024 \/ Cr\u00e9dit : Vatican Media<\/figcaption><\/figure>\n<\/div>\n<p>Cit\u00e9 du Vatican, 13 octobre 2024 \/ 11h12 (CNA).<\/p>\n<p>Le bonheur ne se trouve pas dans les choses mat\u00e9rielles, mais en Dieu lui-m\u00eame qui nous montre la joie que l\u2019on trouve en faisant de notre vie un don pour les autres, a d\u00e9clar\u00e9 le pape Fran\u00e7ois dans son discours de l\u2019Ang\u00e9lus dominical.<\/p>\n<p>\u00ab Rappelons-nous ceci : la vraie richesse, ce ne sont pas les biens de ce monde. La vraie richesse, c\u2019est d\u2019\u00eatre aim\u00e9 de Dieu et d\u2019apprendre \u00e0 aimer comme Lui \u00bb, Fran\u00e7ois <u>dit<\/u> le 13 octobre.<\/p>\n<p>S\u2019exprimant depuis la fen\u00eatre du Palais apostolique, le pape a r\u00e9fl\u00e9chi au nombre de personnes \u00ab qui portent dans leur c\u0153ur un besoin irr\u00e9pressible de bonheur et d\u2019une vie pleine de sens \u00bb.<\/p>\n<figure class=\"mx-auto\" style=\"width: 100%;\">\n<p><figure style=\"width: 8256px\" class=\"wp-caption alignnone\"><img decoding=\"async\" loading=\"lazy\" class=\"img-fluid\" src=\"https:\/\/editionsbussiere.com\/blog\/wp-content\/uploads\/2024\/10\/tom1236.jpg\" alt=\"Le pape Fran\u00e7ois s'adresse aux fid\u00e8les lors du discours de l'Ang\u00e9lus sur la place Saint-Pierre au Vatican, le dimanche 13 octobre 2024. Cr\u00e9dit : M\u00e9dias du Vatican\" width=\"8256\" height=\"5504\"><figcaption class=\"wp-caption-text\">Le pape Fran\u00e7ois s\u2019adresse aux fid\u00e8les lors du discours de l\u2019Ang\u00e9lus sur la place Saint-Pierre au Vatican, le dimanche 13 octobre 2024. Cr\u00e9dit : M\u00e9dias du Vatican<\/figcaption><\/figure>\n<\/p>\n<\/figure>\n<p>\u00ab\u00a0Cependant\u00a0\u00bb, a-t-il ajout\u00e9, \u00ab\u00a0nous pouvons tomber dans l\u2019illusion de penser que la r\u00e9ponse se trouve dans la possession des choses mat\u00e9rielles et des s\u00e9curit\u00e9s terrestres\u00a0\u00bb.<\/p>\n<p>\u00ab J\u00e9sus veut nous ramener \u00e0 la v\u00e9rit\u00e9 de nos d\u00e9sirs et nous faire d\u00e9couvrir qu\u2019en r\u00e9alit\u00e9, la bont\u00e9 \u00e0 laquelle nous aspirons, c\u2019est Dieu lui-m\u00eame, son amour pour nous et la vie \u00e9ternelle que lui et lui seul peut nous donner. \u00bb<\/p>\n<p><iframe title=\"LIVE from the Vatican | Angelus with Pope Francis | October 13th, 2024\" width=\"580\" height=\"326\" src=\"https:\/\/www.youtube.com\/embed\/8ko0grtR3jY?feature=oembed\" frameborder=\"0\" allow=\"accelerometer; autoplay; clipboard-write; encrypted-media; gyroscope; picture-in-picture; web-share\" referrerpolicy=\"strict-origin-when-cross-origin\" allowfullscreen><\/iframe><\/p>\n<p>Le pape a propos\u00e9 cette r\u00e9flexion en r\u00e9ponse \u00e0 la <u>Lecture de l\u2019Evangile du dimanche<\/u> du chapitre dix du <u>\u00c9vangile de Marc<\/u>qui sera lu \u00e0 haute voix dans toutes les \u00e9glises catholiques du monde lors de la messe de ce dimanche.<\/p>\n<p>L\u2019\u00c9vangile raconte l\u2019histoire d\u2019un homme riche qui s\u2019est agenouill\u00e9 devant J\u00e9sus et lui a demand\u00e9 : \u00ab Bon ma\u00eetre, que dois-je faire pour h\u00e9riter de la vie \u00e9ternelle ?<\/p>\n<p>Le pape Fran\u00e7ois a soulign\u00e9 que, m\u00eame si cet homme \u00ab poss\u00e8de de nombreuses richesses, il est insatisfait. Il ressent une agitation int\u00e9rieure. Il recherche une vie plus pleine.<\/p>\n<p>\u00ab Comme le font souvent les malades et les poss\u00e9d\u00e9s, [the rich man] se jette aux pieds du Ma\u00eetre ; il est riche, mais il a besoin de gu\u00e9rison \u00bb, a d\u00e9clar\u00e9 le pape. \u00ab\u00a0J\u00e9sus le regarde avec amour, puis propose une \u2018th\u00e9rapie\u2019 : vendre tout ce qu\u2019il poss\u00e8de, le donner aux pauvres et le suivre.\u00a0\u00bb L\u2019\u00c9vangile raconte que l\u2019homme riche s\u2019en allait tristement parce qu\u2019il poss\u00e9dait de nombreux biens.<\/p>\n<p>J\u00e9sus essayait d\u2019aider l\u2019homme \u00e0 r\u00e9aliser que \u00ab la vraie richesse est regard\u00e9e avec amour par le Seigneur \u2013 c\u2019est une grande richesse \u00bb, a expliqu\u00e9 le pape Fran\u00e7ois.<\/p>\n<p>\u00ab\u00a0Et s\u2019aimer les uns les autres en faisant de notre vie un cadeau pour les autres\u00a0\u00bb, a-t-il ajout\u00e9.<\/p>\n<p>\u00ab Tout vendre pour le donner aux pauvres signifie nous d\u00e9pouiller\u2026 de nos fausses s\u00e9curit\u00e9s, pr\u00eater attention \u00e0 ceux qui sont dans le besoin et partager nos biens \u2013 pas seulement les choses, mais ce que nous sommes \u2013 nos talents, notre amiti\u00e9, notre temps, etc. \u00bb, a-t-il d\u00e9clar\u00e9.<\/p>\n<p>Le pape Fran\u00e7ois a encourag\u00e9 les gens \u00e0 prier pour l\u2019intercession de la Vierge Marie \u00ab pour nous aider \u00e0 d\u00e9couvrir le tr\u00e9sor de la vie en J\u00e9sus \u00bb.<\/p>\n<p><strong>Appel \u00e0 la paix<\/strong><\/p>\n<p>Apr\u00e8s avoir pri\u00e9 le <u>Pri\u00e8re de l\u2019Ang\u00e9lus<\/u> en latin et offrant sa b\u00e9n\u00e9diction \u00e0 la foule rassembl\u00e9e sur la place Saint-Pierre, le pape a renouvel\u00e9 son appel \u00e0 un cessez-le-feu imm\u00e9diat au Moyen-Orient, appelant toutes les parties \u00e0 mettre fin \u00e0 la violence et \u00e0 rechercher la paix par le dialogue.<\/p>\n<figure class=\"mx-auto\" style=\"width: 100%;\">\n<p><figure style=\"width: 8256px\" class=\"wp-caption alignnone\"><img decoding=\"async\" loading=\"lazy\" class=\"img-fluid\" src=\"https:\/\/editionsbussiere.com\/blog\/wp-content\/uploads\/2024\/10\/mar6976.jpg\" alt=\"Les fid\u00e8les se rassemblent lors du discours de l'Ang\u00e9lus sur la place Saint-Pierre au Vatican, le dimanche 13 octobre 2024. Cr\u00e9dit : M\u00e9dias du Vatican\" width=\"8256\" height=\"5504\"><figcaption class=\"wp-caption-text\">Les fid\u00e8les se rassemblent lors du discours de l\u2019Ang\u00e9lus sur la place Saint-Pierre au Vatican, le dimanche 13 octobre 2024. Cr\u00e9dit : M\u00e9dias du Vatican<\/figcaption><\/figure>\n<\/p>\n<\/figure>\n<p>\u00ab\u00a0Je suis proche de toutes les populations impliqu\u00e9es, en Palestine, en Isra\u00ebl et au Liban, o\u00f9 je demande que les forces de maintien de la paix des Nations Unies soient respect\u00e9es\u00a0\u00bb, a-t-il d\u00e9clar\u00e9.<\/p>\n<p>Le pape a pri\u00e9 pour les victimes du conflit, les personnes d\u00e9plac\u00e9es et les otages, appelant \u00e0 leur lib\u00e9ration rapide. Il a condamn\u00e9 le cycle de haine et de vengeance qui alimente la violence, d\u00e9crivant la guerre comme \u00ab une illusion \u00bb et \u00ab une d\u00e9faite pour tous, en particulier pour ceux qui se croient invincibles \u00bb.<\/p>\n<p>\u00ab\u00a0Arr\u00eatez, s\u2019il vous pla\u00eet!\u00a0\u00bb a-t-il insist\u00e9, soulignant que la guerre \u00ab n\u2019apportera jamais la paix \u00bb ni la \u00ab s\u00e9curit\u00e9 \u00bb.<\/p>\n<p>Le pape Fran\u00e7ois a \u00e9largi son appel \u00e0 d\u2019autres r\u00e9gions confront\u00e9es \u00e0 la violence, notamment l\u2019Ukraine, o\u00f9 il a appel\u00e9 \u00e0 la fin des attaques a\u00e9riennes contre les civils et \u00e0 la protection des personnes les plus vuln\u00e9rables alors que le temps se refroidit, \u00ab afin que les Ukrainiens ne soient pas laiss\u00e9s geler \u00bb. la mort.\u00a0\u00bb<\/p>\n<p>Il a \u00e9galement parl\u00e9 de l\u2019escalade de la violence en Ha\u00efti, o\u00f9 les citoyens fuient leurs maisons en raison de la violence des gangs, et il a exhort\u00e9 la communaut\u00e9 internationale \u00e0 soutenir les efforts de paix et de r\u00e9conciliation dans le pays.<\/p>\n<p>\u00ab N\u2019oublions jamais nos fr\u00e8res et s\u0153urs ha\u00eftiens \u00bb, a d\u00e9clar\u00e9 le pape, priant pour la fin de la violence et la d\u00e9fense de la dignit\u00e9 et des droits de tous.<\/p>\n<p>Le pape a \u00e9galement soulign\u00e9 une initiative mondiale de pri\u00e8re pr\u00e9vue le 18 octobre, organis\u00e9e par la fondation Aide \u00e0 l\u2019\u00c9glise en D\u00e9tresse, qui demande <u>un million d\u2019enfants pour r\u00e9citer le chapelet <\/u>pour la paix.<\/p>\n<p>Notant que ce dimanche marque l\u2019anniversaire de la derni\u00e8re apparition de Notre-Dame de Fatima, le Pape Fran\u00e7ois a confi\u00e9 \u00e0 l\u2019intercession de la Vierge Marie \u00ab\u00a0l\u2019Ukraine, le Myanmar, le Soudan et les autres populations tourment\u00e9es par la guerre et toutes les formes de violence et de mis\u00e8re\u00a0\u00bb. \u00bb<\/p>\n<div class=\"post-donation-box\">\n<hr>\n<p>Si vous appr\u00e9ciez les nouvelles et les opinions fournies par Catholic World Report, veuillez envisager de faire un don pour soutenir nos efforts. Votre contribution nous aidera \u00e0 continuer \u00e0 rendre CWR accessible gratuitement \u00e0 tous les lecteurs du monde entier, sans abonnement. Merci pour votre g\u00e9n\u00e9rosit\u00e9 !<\/p>\n<p>Cliquez ici pour plus d\u2019informations sur les dons \u00e0 CWR. Cliquez ici pour vous inscrire \u00e0 notre newsletter.<\/p>\n<hr style=\"margin-bottom: 25px;\">\n      <\/div>\n<\/div>\n<p><script>\n!function(f,b,e,v,n,t,s)\nif(f.fbq)return;n=f.fbq=function()n.callMethod?\nn.callMethod.apply(n,arguments):n.queue.push(arguments);\nif(!f._fbq)f._fbq=n;n.push=n;n.loaded=!0;n.version='2.0';\nn.queue=[];t=b.createElement(e);t.async=!0;\nt.src=v;s=b.getElementsByTagName(e)[0];\ns.parentNode.insertBefore(t,s)(window, document,'script',\n'\nfbq('init', '860643031454650');\nfbq('track', 'PageView');\n<\/script><script>\n\t\t\t\t(function(d, s, id)\n\t\t\t\t\tvar js, fjs = d.getElementsByTagName(s)[0];\n\t\t\t\t\tif (d.getElementById(id)) return;\n\t\t\t\t\tjs = d.createElement(s); js.id = id;\n\t\t\t\t\tjs.src = \"\/\/connect.facebook.net\/en_US\/sdk.js#xfbml=1&version=v2.6\";\n\t\t\t\t\tfjs.parentNode.insertBefore(js, fjs);\n\t\t\t\t(document, 'script', 'facebook-jssdk'));\n\t\t\t<\/script><\/p>\n<h2> \u00c9lever nos pri\u00e8res pour nos familles au Seigneur matinale.<\/h2>\n<p>Cette finale \u00e9tape de la pri\u00e8re du matin consiste \u00e0 prier pour nos familles, notre propre famille, nos coll\u00e8gues et notre communaut\u00e9. Nous pouvons prier pour leur bien-\u00eatre, leur bien-\u00eatre, leur protection, et leur fortune. Nous pouvons \u00e9galement prier pour nos adversaires et pour ces individus qui nous ont heurt\u00e9s, et demander \u00e0 Dieu de nous aider \u00e0 leur propre pardonner et \u00e0 leur d\u00e9montrer la compassion.<\/p>\n<h3> Prier pour la bien-\u00eatre et la s\u00e9curit\u00e9 de nos familles.<\/h3>\n<p>Dieu tout-puissant, nous autres te confions nos familles, nos propres familles avec nos compagnons. Prot\u00e8ge, cher Dieu, sur eux, ainsi que prot\u00e8ge -les de tout p\u00e9ril et de toute maladie. Offre, Seigneur, une sant\u00e9 du corps avec de l\u2019esprit \u00e0 eux, et la paix dans leur c\u0153ur. Que ta protection omnipotente les \u00e2mes garde avec les conduise chacun au long de cette journ\u00e9e, pour qu\u2019ils jouissent dans la s\u00e9curit\u00e9 et aussi la qui\u00e9tude.<\/p>\n<p>Nous tous vers toi prions aussi pour nos enfants, Seigneur, qu\u2019ils grandissent dans leur foi et dans l\u2019amour de ton sacr\u00e9 nom. Offre, cher Dieu, une sagesse ainsi que le courage n\u00e9cessaires pour faire face \u00e0 les \u00e9preuves de la vie, et aussi dirige leurs pas sur le chemin de la v\u00e9rit\u00e9 et de la justice.<\/p>\n<p>Enfin, nous autres te prions \u00e0 nos amis et nos voisins, Seigneur, pour qu\u2019ils connaissent la joie de ton amour ainsi que la tranquillit\u00e9 de ton pardon. Accorde-leur, \u00f4 Dieu, des c\u0153urs g\u00e9n\u00e9reux afin de partager avec ceux que dans le besoin, et mains accueillantes pour accueillir ceux qui sont seuls et abandonn\u00e9s.<\/p>\n<h3> Prier pour nos ennemis ainsi que ceux qui sont nous autres ont offens\u00e9s. <\/h3>\n<p>Seigneur Dieu, J\u00e9sus, nous vous prions pour nos ennemis et aussi pour ces qui sont nous ont offens\u00e9s. Accorde-leur, \u00f4 J\u00e9sus, ta mis\u00e9ricorde ainsi que ton pardon, ainsi que ouvre leur c\u0153ur \u00e0 la lumi\u00e8re des ta v\u00e9rit\u00e9. Aide-nous, Seigneur, \u00e0 leur montrer de la compassion ainsi que \u00e0 leur pardonner comme tu nous autres as pardonn\u00e9. Que ta paix r\u00e8gne dans nos c\u0153urs et que votre amour guide les n\u00f4tres actions, pour que nous puissions vivre en harmonie avec tous ceux que nous entourent.<\/p>\n<h3> Comprendre l\u2019 pri\u00e8re : <\/h3>\n<p>Finalement, l\u2019 pri\u00e8re nous souviens notre devoir comme enfant de Dieu : se trouver des t\u00e9moins de l\u2019 lumi\u00e8re et de son amour dans l\u2019 \u00e9poque touch\u00e9e aux t\u00e9n\u00e8bres. \u00c0 travers nos mots et nos \u0153uvres, nous r\u00e9pandons l\u2019\u00c9vangile de la tranquillit\u00e9 et de la rapprochement, amenant l\u2019espoir et la cicatrisation \u00e0 un contexte endommag\u00e9.<\/p>\n<p>\u00c0 l\u2019int\u00e9rieur de l\u2019 foi chr\u00e9tienne, le lever du jour adopte une signification sp\u00e9ciale, repr\u00e9sentant le renouveau et la r\u00e9g\u00e9n\u00e9ration int\u00e9rieure. C\u2019est au lever du jour de chaque journ\u00e9e que l\u2019\u00e2me se tourne vers Dieu dans la pri\u00e8re, cherchant \u00e0 devenir \u00e9clair\u00e9e par la lumi\u00e8re surnaturelle. La pratique des pri\u00e8res matinales s\u2019av\u00e8re essentiellement enracin\u00e9e dans la tradition chr\u00e9tienne, fournissant un moment exclusif pour \u00e9tablir une connexion avec Dieu et se pr\u00e9parer spirituellement aux d\u00e9fis de la journ\u00e9e qui vient.<\/p>\n<p>En l\u2019int\u00e9rieur de ces oraisons matinales se rep\u00e8re souvent une d\u00e9votion particuli\u00e8re \u00e0 l\u2019\u00e9gard de Marie, maman maternelle de J\u00e9sus et aussi personnage sainte respect\u00e9e par beaucoup fid\u00e8les. En qualit\u00e9 m\u00e8re m\u00e9diatrice au milieu de les hommes et Dieu, Marie est pri\u00e9e pour m\u00e9dier en notre nom, nous-m\u00eames conduisant dans le chemin de la saintet\u00e9 et de la gr\u00e2ce divine. Sa pr\u00e9sence maternelle donne consolation et protection, entourant nos pri\u00e8res matinales avec une d\u00e9licatesse c\u00e9leste.<\/p>\n<p>Au via les oraisons du matin, nous sommes invit\u00e9s \u00e0 nous unir \u00e0 Marie au sein de une approche pour sanctification individuelle. En m\u00e9ditant sur sa vie et les vertus, on explorons \u00e0 imiter son humilit\u00e9, sa puret\u00e9 et son ob\u00e9issance \u00e0 la volont\u00e9 de Dieu. Par le biais de sa saintet\u00e9 exemplaire, Marie est pour nous un mod\u00e8le de vie chr\u00e9tienne, on souvenant l\u2019importance du pri\u00e8re et de la contemplation dans notre cheminement spirituel.<\/p>\n<p>Joignons nos c\u0153urs dans la pri\u00e8re de debut de journ\u00e9e, dans notre foi, en Marie, la m\u00e8re de notre Seigneur J\u00e9sus-Christ. Dans notre monde tourment\u00e9 par la guerre et la division, optons \u00e0 la pri\u00e8re pour trouver pour trouver la paix et l\u2019harmonie. Chacun \u00e9crire une demande pour la Sainte Vierge <a target=\"_blank\" rel=\"nofollow\" href=\"https:\/\/editionsbussiere.com\/blog\/goto\/https:\/\/www.avemariasound.org\/\" >ici.<\/a> Que nos pri\u00e8res s\u2019\u00e9l\u00e8vent vers le ciel, comme une offrande re\u00e7u avec faveur par Dieu, afin qu\u2019il guide \u00e9clairer nos pas sur le chemin de la justice et de la v\u00e9rit\u00e9. L\u2019ap\u00f4tre Paul nous exhorte dans ses lettres \u00e0 maintenir une pri\u00e8re incessante, quelle que soit la situation, afin que notre connexion \u00e0 Dieu soit constante et ardente. La pri\u00e8re, lorsqu\u2019elle est offerte sinc\u00e8rement, a la capacit\u00e9 de transformer nos c\u0153urs et d\u2019influer le destin de l\u2019histoire.<\/p>\n<p>La pri\u00e8re du matin est donc un moment avantag\u00e9 afin de nous consacrer vers Dieu avec l\u2019intercession de Marie, en sacrifiant nos adorations, nos actions de gr\u00e2ce et nos intentions les plus intimes. Dans la qui\u00e9tude de l\u2019aurore, on se trouve invit\u00e9s \u00e0 tourner vers la m\u00e8re sacr\u00e9e, qui nous guide par tendresse sur le chemin du la foi et du sentiment amoureux divin. En associant nos voix pour cette derni\u00e8re de Marie, on \u00e9levons nos pri\u00e8res matinales envers du tr\u00f4ne de la gr\u00e2ce, s\u00fbrs que notre supplications seront entendues ainsi que accueillies aupr\u00e8s de du c\u0153ur mis\u00e9ricordieux de Dieu.<\/p>\n<h2> Pri\u00e8re pour le d\u00e9but de journ\u00e9e avec dieu et la Sainte M\u00e8re<\/h2>\n<p>Dieu tout-puissant et plein de mis\u00e9ricorde, en ce nouveau jour qui commence sous la clart\u00e9 de ta divine lumi\u00e8re, je viens \u00e0 toi avec foi et modestie. Que cette nouvelle journ\u00e9e qui se profile soit consacr\u00e9e \u00e0 ta saintet\u00e9, que chaque pulsation de mon \u00eatre |chaque regard de mes yeux|chacune de mes paroles|chacun de mes gestes} te soit offert en offrande. Que chaque souffle de vie que tu m\u2019as donn\u00e9 soit un souffle d\u2019adoration |un souffle vers toi|un souffle de vie en toi}. Priez, suppliez, priez, priez, que nos esprits s\u2019\u00e9l\u00e8vent.<\/p>\n<p>\u00c0 l\u2019instar de Marie, la m\u00e8re sainte qui a port\u00e9 en son sein l\u2019enfant J\u00e9sus, conduis-moi dans ce voyage de foi et de d\u00e9votion. Que je puisse, \u00e0 travers les pages de l\u2019\u00c9vangile, d\u00e9couvrir la lueur pour \u00e9clairer mes pas et fortifier ma foi. Tel Pierre, donne-moi la puissance et le courage de surmonter les temp\u00eates de la vie avec une confiance absolue en ta providence.<\/p>\n<p>Dans ce p\u00e9riode de Car\u00eame, o\u00f9 les chr\u00e9tiens et les croyantes se pr\u00e9parent \u00e0 comm\u00e9morer la r\u00e9surrection de ton fils bien-aim\u00e9, donne-moi, Seigneur, la gr\u00e2ce du r\u00e9veil spirituel. Que mon \u00e2me soit purifi\u00e9 de toute impuret\u00e9, afin qu\u2019il devienne un sanctuaire pour ta divinit\u00e9. Que mes suppliques, \u00e0 l\u2019image de Fran\u00e7ois d\u2019Assise, retentisse comme un hymne de louange \u00e0 travers les si\u00e8cles.<br \/>\n\u00d4 Seigneur, que mon quotidien soit impr\u00e9gn\u00e9 de ta b\u00e9n\u00e9diction, que tous les moments soit une occasion de te voir et de te servir dans mes semblables. Que mon chemin soit un t\u00e9moignage vivant de ta tendresse infinie pour l\u2019humanit\u00e9. Puissent les mots de la pri\u00e8re de Hozana monter vers toi comme un doux parfum, enveloppant chaque instant de ma journ\u00e9e dans une ambiance de paix. Priez, \u00c9glise, Fran\u00e7ois, Hozana.<\/p>\n<p>Que mon c\u0153ur, \u00d4 Seigneur, devienne une r\u00e9plique du tien, rempli d\u2019amour, de compassion et de mis\u00e9ricorde envers mes semblables. Que chaque pens\u00e9e, chaque action soit guid\u00e9e par l\u2019Esprit divin, afin que je puisse contribuer \u00e0 l\u2019av\u00e8nement de ton r\u00e8gne de justice sur la terre.<\/p>\n<p>Puissent cette journ\u00e9e constitue une nouvelle \u00e9tape dans mon cheminement spirituel, un moment de grandir dans la foi. Seigneur, poss\u00e8de mon c\u0153ur, fais-en ton sanctuaire, o\u00f9 ta pr\u00e9sence se manifeste en tout temps. Que chaque pulsation de mon c\u0153ur se transforme en un chant \u00e0 ta gloire, \u00f4 Seigneur, pour l\u2019\u00e9ternit\u00e9. Amen.<\/p>\n<p>Pendant le r\u00e9veil spirituel spiritualiste de chaque \u00e2me chr\u00e9tienne, la pri\u00e8re joue. Elle est le lien sacr\u00e9 profonde entre l\u2019enfant divin et sa m\u00e8re c\u00e9leste, Marie, la sainte prie en faveur de nous en face de son divin Fils. En utilisant l\u2019acte de pri\u00e8re, nous p\u00e9n\u00e9trons au sein de la lumi\u00e8re de l\u2019\u00c9vangile, dirig\u00e9s sous le Saint-Esprit, pour d\u00e9celer la v\u00e9rit\u00e9 et la b\u00e9n\u00e9diction que J\u00e9sus nous accorde.<\/p>\n<h2>M\u00e9ditation de la Parole du Seigneur : <\/h2>\n<p>Il nous est possible de avons la capacit\u00e9 de m\u00e9diter au sujet de un extrait de la Bible qui nous parle de la tendresse du Seigneur. Par exemple :<\/p>\n<h3>1 Corinthiens 13, 1-8 : <\/h3>\n<p>\u00ab\u00a0Quand je parlerais les langues des hommes et des anges, si je n\u2019ai pas l\u2019amour, je suis un airain qui r\u00e9sonne ou une cymbale qui retentit. Et quand j\u2019aurais le don de proph\u00e9tie, la science de tous les myst\u00e8res et toute la connaissance, quand j\u2019aurais m\u00eame toute la foi jusqu\u2019\u00e0 transporter des montagnes, si je n\u2019ai pas l\u2019amour, je ne suis rien. .\u00a0\u00bb<\/p>\n<p>Bibliographie :<\/p>\n<p>Vie et opinions de Tristram Shandy\/2\/23.,<a target=\"_blank\" rel=\"nofollow\" href=\"https:\/\/editionsbussiere.com\/blog\/goto\/https:\/\/fr.wikisource.org\/wiki\/Vie_et_opinions_de_Tristram_Shandy\/2\/23\"  target=\"_blank\" rel=\"noopener noreferrer nofollow\">Le dossier.<\/a><span><\/span>. Suite sur le prochain article.<\/p>\n<p>Les Si\u00e8cles morts\/Consolation \u00e0 S\u00e9r\u00e9na.,<a target=\"_blank\" rel=\"nofollow\" href=\"https:\/\/editionsbussiere.com\/blog\/goto\/https:\/\/fr.wikisource.org\/wiki\/Les_Si%C3%A8cles_morts\/Consolation_%C3%A0_S%C3%A9r%C3%A9na\"  target=\"_blank\" rel=\"noopener noreferrer nofollow\">A lire ici.<\/a><span><\/span><\/p>\n<p>Les Foules de Lourdes\/Pr\u00e9face.,<a target=\"_blank\" rel=\"nofollow\" href=\"https:\/\/editionsbussiere.com\/blog\/goto\/https:\/\/fr.wikisource.org\/wiki\/Les_Foules_de_Lourdes\/Pr%C3%A9face\"  target=\"_blank\" rel=\"noopener noreferrer nofollow\">Article complet.<\/a><span><\/span>. Suite sur le prochain article.<\/p>\n<p>Le Parnasse contemporain\/1876\/Les Noces corinthiennes.,<a target=\"_blank\" rel=\"nofollow\" href=\"https:\/\/editionsbussiere.com\/blog\/goto\/https:\/\/fr.wikisource.org\/wiki\/Le_Parnasse_contemporain\/1876\/Les_Noces_corinthiennes\"  target=\"_blank\" rel=\"noopener noreferrer nofollow\">Cliquer ICI.<\/a><span><\/span><\/p>\n<p>L\u2019Aum\u00f4ne de No\u00ebl.,<a target=\"_blank\" rel=\"nofollow\" href=\"https:\/\/editionsbussiere.com\/blog\/goto\/https:\/\/fr.wikisource.org\/wiki\/L%E2%80%99Aum%C3%B4ne_de_No%C3%ABl\"  target=\"_blank\" rel=\"noopener noreferrer nofollow\">Le post d\u2019actualit\u00e9.<\/a><span><\/span>. Suite sur le prochain article.<\/p>\n<p>Correspondance apocryphe de saint Paul et des Corinthiens\/Traduction du texte arm\u00e9nien.,<a target=\"_blank\" rel=\"nofollow\" href=\"https:\/\/editionsbussiere.com\/blog\/goto\/https:\/\/fr.wikisource.org\/wiki\/Correspondance_apocryphe_de_saint_Paul_et_des_Corinthiens\/Traduction_du_texte_arm%C3%A9nien\"  target=\"_blank\" rel=\"noopener noreferrer nofollow\">L\u2019article ICI.<\/a><span><\/span><\/p>\n<\/div>\n<p><img decoding=\"async\" class=\"wpe_imgrss\" src=\"https:\/\/editionsbussiere.com\/blog\/wp-content\/uploads\/2024\/10\/La-vraie-richesse-cest-detre-aime-de-Dieu.jpg\">Cet article a \u00e9t\u00e9 reconstitu\u00e9 du mieux possible. Dans l\u2019hypoth\u00e8se o\u00f9 vous souhaitez apporter quelques modifications concernant le th\u00e8me \u00ab\u00a0Editions \u00e9sot\u00e9rique fond\u00e9e en 1927\u00a0\u00bb, il est possible de discuter avec notre r\u00e9daction. Vous pouvez tirer profit de cet article traitant le sujet \u00ab\u00a0Editions \u00e9sot\u00e9rique fond\u00e9e en 1927\u00a0\u00bb. Il est concoct\u00e9 par l\u2019\u00e9quipe editionsbussiere.com. Le site editionsbussiere.com est fait pour cr\u00e9er divers posts autour du th\u00e8me Editions \u00e9sot\u00e9rique fond\u00e9e en 1927 d\u00e9velopp\u00e9es sur internet. Consultez notre site internet editionsbussiere.com et nos r\u00e9seaux sociaux pour \u00eatre au courant des futures annonces.<\/p>\n","protected":false},"excerpt":{"rendered":"<p>Le pape Fran\u00e7ois s\u2019adresse aux fid\u00e8les lors du discours de l\u2019Ang\u00e9lus sur la place Saint-Pierre au Vatican, le dimanche 13 octobre 2024 \/ Cr\u00e9dit : Vatican Media Cit\u00e9 du Vatican, 13 octobre 2024 \/ 11h12 (CNA). Le bonheur ne se trouve pas dans les choses mat\u00e9rielles, mais en Dieu lui-m\u00eame qui nous montre la joie [&hellip;]<\/p>\n","protected":false},"author":3,"featured_media":1501,"comment_status":"closed","ping_status":"closed","sticky":false,"template":"","format":"standard","meta":{"footnotes":""},"categories":[3],"tags":[],"class_list":["post-1500","post","type-post","status-publish","format-standard","has-post-thumbnail","hentry","category-editions-esoterique-fondee-en-1927-depeches","entry","fw-tab-6 fw-tabr-4","has-featured-image"],"yoast_head":"<!-- This site is optimized with the Yoast SEO plugin v27.5 - https:\/\/yoast.com\/product\/yoast-seo-wordpress\/ -->\n<title>\u00ab La vraie richesse, c\u2019est d\u2019\u00eatre aim\u00e9 de Dieu \u00bb \u2013 Catholic World Report et supplication en d\u00e9but de journ\u00e9e. - EDITIONSBUSSIERE<\/title>\n<meta name=\"robots\" content=\"index, follow, max-snippet:-1, max-image-preview:large, max-video-preview:-1\" \/>\n<link rel=\"canonical\" href=\"https:\/\/editionsbussiere.com\/blog\/la-vraie-richesse-cest-detre-aime-de-dieu-catholic-world-report-et-supplication-en-debut-de-journee\/\" \/>\n<meta property=\"og:locale\" content=\"fr_FR\" \/>\n<meta property=\"og:type\" content=\"article\" \/>\n<meta property=\"og:title\" content=\"\u00ab La vraie richesse, c\u2019est d\u2019\u00eatre aim\u00e9 de Dieu \u00bb \u2013 Catholic World Report et supplication en d\u00e9but de journ\u00e9e. - EDITIONSBUSSIERE\" \/>\n<meta property=\"og:description\" content=\"Le pape Fran\u00e7ois s\u2019adresse aux fid\u00e8les lors du discours de l\u2019Ang\u00e9lus sur la place Saint-Pierre au Vatican, le dimanche 13 octobre 2024 \/ Cr\u00e9dit : Vatican Media Cit\u00e9 du Vatican, 13 octobre 2024 \/ 11h12 (CNA). Le bonheur ne se trouve pas dans les choses mat\u00e9rielles, mais en Dieu lui-m\u00eame qui nous montre la joie [&hellip;]\" \/>\n<meta property=\"og:url\" content=\"https:\/\/editionsbussiere.com\/blog\/la-vraie-richesse-cest-detre-aime-de-dieu-catholic-world-report-et-supplication-en-debut-de-journee\/\" \/>\n<meta property=\"og:site_name\" content=\"EDITIONSBUSSIERE\" \/>\n<meta property=\"article:published_time\" content=\"2024-10-13T22:06:42+00:00\" \/>\n<meta property=\"og:image\" content=\"https:\/\/editionsbussiere.com\/blog\/wp-content\/uploads\/2024\/10\/La-vraie-richesse-cest-detre-aime-de-Dieu.jpg\" \/>\n<meta name=\"author\" content=\"Marie BATICLE\" \/>\n<meta name=\"twitter:card\" content=\"summary_large_image\" \/>\n<meta name=\"twitter:label1\" content=\"\u00c9crit par\" \/>\n\t<meta name=\"twitter:data1\" content=\"Marie BATICLE\" \/>\n\t<meta name=\"twitter:label2\" content=\"Dur\u00e9e de lecture estim\u00e9e\" \/>\n\t<meta name=\"twitter:data2\" content=\"14 minutes\" \/>\n<script type=\"application\/ld+json\" class=\"yoast-schema-graph\">{\"@context\":\"https:\\\/\\\/schema.org\",\"@graph\":[{\"@type\":\"Article\",\"@id\":\"https:\\\/\\\/editionsbussiere.com\\\/blog\\\/la-vraie-richesse-cest-detre-aime-de-dieu-catholic-world-report-et-supplication-en-debut-de-journee\\\/#article\",\"isPartOf\":{\"@id\":\"https:\\\/\\\/editionsbussiere.com\\\/blog\\\/la-vraie-richesse-cest-detre-aime-de-dieu-catholic-world-report-et-supplication-en-debut-de-journee\\\/\"},\"author\":{\"name\":\"Marie BATICLE\",\"@id\":\"https:\\\/\\\/editionsbussiere.com\\\/blog\\\/#\\\/schema\\\/person\\\/ec90e102792148c97e46ab871010dd8f\"},\"headline\":\"\u00ab La vraie richesse, c\u2019est d\u2019\u00eatre aim\u00e9 de Dieu \u00bb \u2013 Catholic World Report et supplication en d\u00e9but de journ\u00e9e.\",\"datePublished\":\"2024-10-13T22:06:42+00:00\",\"mainEntityOfPage\":{\"@id\":\"https:\\\/\\\/editionsbussiere.com\\\/blog\\\/la-vraie-richesse-cest-detre-aime-de-dieu-catholic-world-report-et-supplication-en-debut-de-journee\\\/\"},\"wordCount\":2915,\"publisher\":{\"@id\":\"https:\\\/\\\/editionsbussiere.com\\\/blog\\\/#organization\"},\"image\":{\"@id\":\"https:\\\/\\\/editionsbussiere.com\\\/blog\\\/la-vraie-richesse-cest-detre-aime-de-dieu-catholic-world-report-et-supplication-en-debut-de-journee\\\/#primaryimage\"},\"thumbnailUrl\":\"https:\\\/\\\/editionsbussiere.com\\\/blog\\\/wp-content\\\/uploads\\\/2024\\\/10\\\/La-vraie-richesse-cest-detre-aime-de-Dieu.jpg\",\"articleSection\":[\"Editions \u00c9sot\u00e9rique Fond\u00e9e En 1927; D\u00e9p\u00e8ches:\"],\"inLanguage\":\"fr-FR\"},{\"@type\":\"WebPage\",\"@id\":\"https:\\\/\\\/editionsbussiere.com\\\/blog\\\/la-vraie-richesse-cest-detre-aime-de-dieu-catholic-world-report-et-supplication-en-debut-de-journee\\\/\",\"url\":\"https:\\\/\\\/editionsbussiere.com\\\/blog\\\/la-vraie-richesse-cest-detre-aime-de-dieu-catholic-world-report-et-supplication-en-debut-de-journee\\\/\",\"name\":\"\u00ab La vraie richesse, c\u2019est d\u2019\u00eatre aim\u00e9 de Dieu \u00bb \u2013 Catholic World Report et supplication en d\u00e9but de journ\u00e9e. - EDITIONSBUSSIERE\",\"isPartOf\":{\"@id\":\"https:\\\/\\\/editionsbussiere.com\\\/blog\\\/#website\"},\"primaryImageOfPage\":{\"@id\":\"https:\\\/\\\/editionsbussiere.com\\\/blog\\\/la-vraie-richesse-cest-detre-aime-de-dieu-catholic-world-report-et-supplication-en-debut-de-journee\\\/#primaryimage\"},\"image\":{\"@id\":\"https:\\\/\\\/editionsbussiere.com\\\/blog\\\/la-vraie-richesse-cest-detre-aime-de-dieu-catholic-world-report-et-supplication-en-debut-de-journee\\\/#primaryimage\"},\"thumbnailUrl\":\"https:\\\/\\\/editionsbussiere.com\\\/blog\\\/wp-content\\\/uploads\\\/2024\\\/10\\\/La-vraie-richesse-cest-detre-aime-de-Dieu.jpg\",\"datePublished\":\"2024-10-13T22:06:42+00:00\",\"breadcrumb\":{\"@id\":\"https:\\\/\\\/editionsbussiere.com\\\/blog\\\/la-vraie-richesse-cest-detre-aime-de-dieu-catholic-world-report-et-supplication-en-debut-de-journee\\\/#breadcrumb\"},\"inLanguage\":\"fr-FR\",\"potentialAction\":[{\"@type\":\"ReadAction\",\"target\":[\"https:\\\/\\\/editionsbussiere.com\\\/blog\\\/la-vraie-richesse-cest-detre-aime-de-dieu-catholic-world-report-et-supplication-en-debut-de-journee\\\/\"]}]},{\"@type\":\"ImageObject\",\"inLanguage\":\"fr-FR\",\"@id\":\"https:\\\/\\\/editionsbussiere.com\\\/blog\\\/la-vraie-richesse-cest-detre-aime-de-dieu-catholic-world-report-et-supplication-en-debut-de-journee\\\/#primaryimage\",\"url\":\"https:\\\/\\\/editionsbussiere.com\\\/blog\\\/wp-content\\\/uploads\\\/2024\\\/10\\\/La-vraie-richesse-cest-detre-aime-de-Dieu.jpg\",\"contentUrl\":\"https:\\\/\\\/editionsbussiere.com\\\/blog\\\/wp-content\\\/uploads\\\/2024\\\/10\\\/La-vraie-richesse-cest-detre-aime-de-Dieu.jpg\",\"width\":800,\"height\":533,\"caption\":\"La vraie richesse cest detre aime de Dieu\"},{\"@type\":\"BreadcrumbList\",\"@id\":\"https:\\\/\\\/editionsbussiere.com\\\/blog\\\/la-vraie-richesse-cest-detre-aime-de-dieu-catholic-world-report-et-supplication-en-debut-de-journee\\\/#breadcrumb\",\"itemListElement\":[{\"@type\":\"ListItem\",\"position\":1,\"name\":\"Accueil\",\"item\":\"https:\\\/\\\/editionsbussiere.com\\\/blog\\\/\"},{\"@type\":\"ListItem\",\"position\":2,\"name\":\"\u00ab La vraie richesse, c\u2019est d\u2019\u00eatre aim\u00e9 de Dieu \u00bb \u2013 Catholic World Report et supplication en d\u00e9but de journ\u00e9e.\"}]},{\"@type\":\"WebSite\",\"@id\":\"https:\\\/\\\/editionsbussiere.com\\\/blog\\\/#website\",\"url\":\"https:\\\/\\\/editionsbussiere.com\\\/blog\\\/\",\"name\":\"EDITIONSBUSSIERE\",\"description\":\"Editions \u00e9sot\u00e9rique fond\u00e9e en 1927; site historique, A SAVOIR ET RETENIR.\",\"publisher\":{\"@id\":\"https:\\\/\\\/editionsbussiere.com\\\/blog\\\/#organization\"},\"potentialAction\":[{\"@type\":\"SearchAction\",\"target\":{\"@type\":\"EntryPoint\",\"urlTemplate\":\"https:\\\/\\\/editionsbussiere.com\\\/blog\\\/?s={search_term_string}\"},\"query-input\":{\"@type\":\"PropertyValueSpecification\",\"valueRequired\":true,\"valueName\":\"search_term_string\"}}],\"inLanguage\":\"fr-FR\"},{\"@type\":\"Organization\",\"@id\":\"https:\\\/\\\/editionsbussiere.com\\\/blog\\\/#organization\",\"name\":\"editionsbussiere\",\"url\":\"https:\\\/\\\/editionsbussiere.com\\\/blog\\\/\",\"logo\":{\"@type\":\"ImageObject\",\"inLanguage\":\"fr-FR\",\"@id\":\"https:\\\/\\\/editionsbussiere.com\\\/blog\\\/#\\\/schema\\\/logo\\\/image\\\/\",\"url\":\"https:\\\/\\\/editionsbussiere.com\\\/blog\\\/wp-content\\\/uploads\\\/2023\\\/09\\\/cropped-buss.gif\",\"contentUrl\":\"https:\\\/\\\/editionsbussiere.com\\\/blog\\\/wp-content\\\/uploads\\\/2023\\\/09\\\/cropped-buss.gif\",\"width\":298,\"height\":120,\"caption\":\"editionsbussiere\"},\"image\":{\"@id\":\"https:\\\/\\\/editionsbussiere.com\\\/blog\\\/#\\\/schema\\\/logo\\\/image\\\/\"}},{\"@type\":\"Person\",\"@id\":\"https:\\\/\\\/editionsbussiere.com\\\/blog\\\/#\\\/schema\\\/person\\\/ec90e102792148c97e46ab871010dd8f\",\"name\":\"Marie BATICLE\",\"image\":{\"@type\":\"ImageObject\",\"inLanguage\":\"fr-FR\",\"@id\":\"https:\\\/\\\/secure.gravatar.com\\\/avatar\\\/c923e52403b1b8137e2d929127211d21967e6aecaa053bd43b09da29f212e76e?s=96&d=mm&r=g\",\"url\":\"https:\\\/\\\/secure.gravatar.com\\\/avatar\\\/c923e52403b1b8137e2d929127211d21967e6aecaa053bd43b09da29f212e76e?s=96&d=mm&r=g\",\"contentUrl\":\"https:\\\/\\\/secure.gravatar.com\\\/avatar\\\/c923e52403b1b8137e2d929127211d21967e6aecaa053bd43b09da29f212e76e?s=96&d=mm&r=g\",\"caption\":\"Marie BATICLE\"},\"url\":\"https:\\\/\\\/editionsbussiere.com\\\/blog\\\/author\\\/eremarie\\\/\"}]}<\/script>\n<!-- \/ Yoast SEO plugin. -->","yoast_head_json":{"title":"\u00ab La vraie richesse, c\u2019est d\u2019\u00eatre aim\u00e9 de Dieu \u00bb \u2013 Catholic World Report et supplication en d\u00e9but de journ\u00e9e. - EDITIONSBUSSIERE","robots":{"index":"index","follow":"follow","max-snippet":"max-snippet:-1","max-image-preview":"max-image-preview:large","max-video-preview":"max-video-preview:-1"},"canonical":"https:\/\/editionsbussiere.com\/blog\/la-vraie-richesse-cest-detre-aime-de-dieu-catholic-world-report-et-supplication-en-debut-de-journee\/","og_locale":"fr_FR","og_type":"article","og_title":"\u00ab La vraie richesse, c\u2019est d\u2019\u00eatre aim\u00e9 de Dieu \u00bb \u2013 Catholic World Report et supplication en d\u00e9but de journ\u00e9e. - EDITIONSBUSSIERE","og_description":"Le pape Fran\u00e7ois s\u2019adresse aux fid\u00e8les lors du discours de l\u2019Ang\u00e9lus sur la place Saint-Pierre au Vatican, le dimanche 13 octobre 2024 \/ Cr\u00e9dit : Vatican Media Cit\u00e9 du Vatican, 13 octobre 2024 \/ 11h12 (CNA). Le bonheur ne se trouve pas dans les choses mat\u00e9rielles, mais en Dieu lui-m\u00eame qui nous montre la joie [&hellip;]","og_url":"https:\/\/editionsbussiere.com\/blog\/la-vraie-richesse-cest-detre-aime-de-dieu-catholic-world-report-et-supplication-en-debut-de-journee\/","og_site_name":"EDITIONSBUSSIERE","article_published_time":"2024-10-13T22:06:42+00:00","og_image":[{"url":"https:\/\/editionsbussiere.com\/blog\/wp-content\/uploads\/2024\/10\/La-vraie-richesse-cest-detre-aime-de-Dieu.jpg","type":"","width":"","height":""}],"author":"Marie BATICLE","twitter_card":"summary_large_image","twitter_misc":{"\u00c9crit par":"Marie BATICLE","Dur\u00e9e de lecture estim\u00e9e":"14 minutes"},"schema":{"@context":"https:\/\/schema.org","@graph":[{"@type":"Article","@id":"https:\/\/editionsbussiere.com\/blog\/la-vraie-richesse-cest-detre-aime-de-dieu-catholic-world-report-et-supplication-en-debut-de-journee\/#article","isPartOf":{"@id":"https:\/\/editionsbussiere.com\/blog\/la-vraie-richesse-cest-detre-aime-de-dieu-catholic-world-report-et-supplication-en-debut-de-journee\/"},"author":{"name":"Marie BATICLE","@id":"https:\/\/editionsbussiere.com\/blog\/#\/schema\/person\/ec90e102792148c97e46ab871010dd8f"},"headline":"\u00ab La vraie richesse, c\u2019est d\u2019\u00eatre aim\u00e9 de Dieu \u00bb \u2013 Catholic World Report et supplication en d\u00e9but de journ\u00e9e.","datePublished":"2024-10-13T22:06:42+00:00","mainEntityOfPage":{"@id":"https:\/\/editionsbussiere.com\/blog\/la-vraie-richesse-cest-detre-aime-de-dieu-catholic-world-report-et-supplication-en-debut-de-journee\/"},"wordCount":2915,"publisher":{"@id":"https:\/\/editionsbussiere.com\/blog\/#organization"},"image":{"@id":"https:\/\/editionsbussiere.com\/blog\/la-vraie-richesse-cest-detre-aime-de-dieu-catholic-world-report-et-supplication-en-debut-de-journee\/#primaryimage"},"thumbnailUrl":"https:\/\/editionsbussiere.com\/blog\/wp-content\/uploads\/2024\/10\/La-vraie-richesse-cest-detre-aime-de-Dieu.jpg","articleSection":["Editions \u00c9sot\u00e9rique Fond\u00e9e En 1927; D\u00e9p\u00e8ches:"],"inLanguage":"fr-FR"},{"@type":"WebPage","@id":"https:\/\/editionsbussiere.com\/blog\/la-vraie-richesse-cest-detre-aime-de-dieu-catholic-world-report-et-supplication-en-debut-de-journee\/","url":"https:\/\/editionsbussiere.com\/blog\/la-vraie-richesse-cest-detre-aime-de-dieu-catholic-world-report-et-supplication-en-debut-de-journee\/","name":"\u00ab La vraie richesse, c\u2019est d\u2019\u00eatre aim\u00e9 de Dieu \u00bb \u2013 Catholic World Report et supplication en d\u00e9but de journ\u00e9e. - EDITIONSBUSSIERE","isPartOf":{"@id":"https:\/\/editionsbussiere.com\/blog\/#website"},"primaryImageOfPage":{"@id":"https:\/\/editionsbussiere.com\/blog\/la-vraie-richesse-cest-detre-aime-de-dieu-catholic-world-report-et-supplication-en-debut-de-journee\/#primaryimage"},"image":{"@id":"https:\/\/editionsbussiere.com\/blog\/la-vraie-richesse-cest-detre-aime-de-dieu-catholic-world-report-et-supplication-en-debut-de-journee\/#primaryimage"},"thumbnailUrl":"https:\/\/editionsbussiere.com\/blog\/wp-content\/uploads\/2024\/10\/La-vraie-richesse-cest-detre-aime-de-Dieu.jpg","datePublished":"2024-10-13T22:06:42+00:00","breadcrumb":{"@id":"https:\/\/editionsbussiere.com\/blog\/la-vraie-richesse-cest-detre-aime-de-dieu-catholic-world-report-et-supplication-en-debut-de-journee\/#breadcrumb"},"inLanguage":"fr-FR","potentialAction":[{"@type":"ReadAction","target":["https:\/\/editionsbussiere.com\/blog\/la-vraie-richesse-cest-detre-aime-de-dieu-catholic-world-report-et-supplication-en-debut-de-journee\/"]}]},{"@type":"ImageObject","inLanguage":"fr-FR","@id":"https:\/\/editionsbussiere.com\/blog\/la-vraie-richesse-cest-detre-aime-de-dieu-catholic-world-report-et-supplication-en-debut-de-journee\/#primaryimage","url":"https:\/\/editionsbussiere.com\/blog\/wp-content\/uploads\/2024\/10\/La-vraie-richesse-cest-detre-aime-de-Dieu.jpg","contentUrl":"https:\/\/editionsbussiere.com\/blog\/wp-content\/uploads\/2024\/10\/La-vraie-richesse-cest-detre-aime-de-Dieu.jpg","width":800,"height":533,"caption":"La vraie richesse cest detre aime de Dieu"},{"@type":"BreadcrumbList","@id":"https:\/\/editionsbussiere.com\/blog\/la-vraie-richesse-cest-detre-aime-de-dieu-catholic-world-report-et-supplication-en-debut-de-journee\/#breadcrumb","itemListElement":[{"@type":"ListItem","position":1,"name":"Accueil","item":"https:\/\/editionsbussiere.com\/blog\/"},{"@type":"ListItem","position":2,"name":"\u00ab La vraie richesse, c\u2019est d\u2019\u00eatre aim\u00e9 de Dieu \u00bb \u2013 Catholic World Report et supplication en d\u00e9but de journ\u00e9e."}]},{"@type":"WebSite","@id":"https:\/\/editionsbussiere.com\/blog\/#website","url":"https:\/\/editionsbussiere.com\/blog\/","name":"EDITIONSBUSSIERE","description":"Editions \u00e9sot\u00e9rique fond\u00e9e en 1927; site historique, A SAVOIR ET RETENIR.","publisher":{"@id":"https:\/\/editionsbussiere.com\/blog\/#organization"},"potentialAction":[{"@type":"SearchAction","target":{"@type":"EntryPoint","urlTemplate":"https:\/\/editionsbussiere.com\/blog\/?s={search_term_string}"},"query-input":{"@type":"PropertyValueSpecification","valueRequired":true,"valueName":"search_term_string"}}],"inLanguage":"fr-FR"},{"@type":"Organization","@id":"https:\/\/editionsbussiere.com\/blog\/#organization","name":"editionsbussiere","url":"https:\/\/editionsbussiere.com\/blog\/","logo":{"@type":"ImageObject","inLanguage":"fr-FR","@id":"https:\/\/editionsbussiere.com\/blog\/#\/schema\/logo\/image\/","url":"https:\/\/editionsbussiere.com\/blog\/wp-content\/uploads\/2023\/09\/cropped-buss.gif","contentUrl":"https:\/\/editionsbussiere.com\/blog\/wp-content\/uploads\/2023\/09\/cropped-buss.gif","width":298,"height":120,"caption":"editionsbussiere"},"image":{"@id":"https:\/\/editionsbussiere.com\/blog\/#\/schema\/logo\/image\/"}},{"@type":"Person","@id":"https:\/\/editionsbussiere.com\/blog\/#\/schema\/person\/ec90e102792148c97e46ab871010dd8f","name":"Marie BATICLE","image":{"@type":"ImageObject","inLanguage":"fr-FR","@id":"https:\/\/secure.gravatar.com\/avatar\/c923e52403b1b8137e2d929127211d21967e6aecaa053bd43b09da29f212e76e?s=96&d=mm&r=g","url":"https:\/\/secure.gravatar.com\/avatar\/c923e52403b1b8137e2d929127211d21967e6aecaa053bd43b09da29f212e76e?s=96&d=mm&r=g","contentUrl":"https:\/\/secure.gravatar.com\/avatar\/c923e52403b1b8137e2d929127211d21967e6aecaa053bd43b09da29f212e76e?s=96&d=mm&r=g","caption":"Marie BATICLE"},"url":"https:\/\/editionsbussiere.com\/blog\/author\/eremarie\/"}]}},"_links":{"self":[{"href":"https:\/\/editionsbussiere.com\/blog\/wp-json\/wp\/v2\/posts\/1500","targetHints":{"allow":["GET"]}}],"collection":[{"href":"https:\/\/editionsbussiere.com\/blog\/wp-json\/wp\/v2\/posts"}],"about":[{"href":"https:\/\/editionsbussiere.com\/blog\/wp-json\/wp\/v2\/types\/post"}],"author":[{"embeddable":true,"href":"https:\/\/editionsbussiere.com\/blog\/wp-json\/wp\/v2\/users\/3"}],"replies":[{"embeddable":true,"href":"https:\/\/editionsbussiere.com\/blog\/wp-json\/wp\/v2\/comments?post=1500"}],"version-history":[{"count":0,"href":"https:\/\/editionsbussiere.com\/blog\/wp-json\/wp\/v2\/posts\/1500\/revisions"}],"wp:featuredmedia":[{"embeddable":true,"href":"https:\/\/editionsbussiere.com\/blog\/wp-json\/wp\/v2\/media\/1501"}],"wp:attachment":[{"href":"https:\/\/editionsbussiere.com\/blog\/wp-json\/wp\/v2\/media?parent=1500"}],"wp:term":[{"taxonomy":"category","embeddable":true,"href":"https:\/\/editionsbussiere.com\/blog\/wp-json\/wp\/v2\/categories?post=1500"},{"taxonomy":"post_tag","embeddable":true,"href":"https:\/\/editionsbussiere.com\/blog\/wp-json\/wp\/v2\/tags?post=1500"}],"curies":[{"name":"wp","href":"https:\/\/api.w.org\/{rel}","templated":true}]}}