{"id":1493,"date":"2024-10-12T15:14:47","date_gmt":"2024-10-12T13:14:47","guid":{"rendered":"https:\/\/editionsbussiere.com\/blog\/le-pape-aux-cardinaux-elus-gardez-les-yeux-leves-les-mains-jointes-les-pieds-nus-et-se-devouer-a-la-mere-de-dieu\/"},"modified":"2024-10-12T15:14:47","modified_gmt":"2024-10-12T13:14:47","slug":"le-pape-aux-cardinaux-elus-gardez-les-yeux-leves-les-mains-jointes-les-pieds-nus-et-se-devouer-a-la-mere-de-dieu","status":"publish","type":"post","link":"https:\/\/editionsbussiere.com\/blog\/le-pape-aux-cardinaux-elus-gardez-les-yeux-leves-les-mains-jointes-les-pieds-nus-et-se-devouer-a-la-mere-de-dieu\/","title":{"rendered":"Le pape aux cardinaux \u00e9lus : gardez les yeux lev\u00e9s, les mains jointes, les pieds nus\n et se d\u00e9vouer \u00e0 la m\u00e8re de dieu ."},"content":{"rendered":"<div><img width=\"580\" height=\"326\" src=\"https:\/\/editionsbussiere.com\/blog\/wp-content\/uploads\/2024\/10\/Le-pape-aux-cardinaux-elus-gardez-les-yeux-leves-1024x576-1.jpeg\" class=\"attachment-large size-large wp-post-image\" alt=\"Le pape aux cardinaux \u00e9lus : gardez les yeux lev\u00e9s,\" style=\"float:left; margin:0 15px 15px 0;\" decoding=\"async\" srcset=\"https:\/\/editionsbussiere.com\/blog\/wp-content\/uploads\/2024\/10\/Le-pape-aux-cardinaux-elus-gardez-les-yeux-leves-1024x576-1.jpeg 1024w, https:\/\/www.n42.fr\/wp-content\/uploads\/2024\/10\/Le-pape-aux-cardinaux-elus-gardez-les-yeux-leves-300x169.jpeg 300w, https:\/\/www.n42.fr\/wp-content\/uploads\/2024\/10\/Le-pape-aux-cardinaux-elus-gardez-les-yeux-leves-768x432.jpeg 768w, https:\/\/www.n42.fr\/wp-content\/uploads\/2024\/10\/Le-pape-aux-cardinaux-elus-gardez-les-yeux-leves-1200x675.jpeg 1200w, https:\/\/www.n42.fr\/wp-content\/uploads\/2024\/10\/Le-pape-aux-cardinaux-elus-gardez-les-yeux-leves.jpeg 1500w\" sizes=\"(max-width: 580px) 100vw, 580px\"><\/p>\n<p><img decoding=\"async\" src=\"https:\/\/editionsbussiere.com\/blog\/wp-content\/uploads\/2024\/10\/cq5dam.thumbnail.cropped.750.422-1.jpeg\"><\/p>\n<p>A la veille du Consistoire qui les \u00e9l\u00e8vera \u00e0 la dignit\u00e9 de cardinalat, le pape Fran\u00e7ois \u00e9crit aux nouveaux cardinaux \u00e9lus, les invitant \u00e0 incarner trois attitudes qui ont caract\u00e9ris\u00e9 saint Jean de la Croix : les yeux lev\u00e9s, les mains jointes, les pieds nus.<\/p>\n<div>\n<p><b>Par Christopher Wells<\/b><\/p>\n<p>Le pape Fran\u00e7ois a \u00e9crit une lettre personnelle <b><u>lettre <\/u><\/b>aux 21 hommes \u2013 \u00e9v\u00eaques et pr\u00eatres du monde entier \u2013 qu\u2019il \u00e9l\u00e8vera au cardinalat lors d\u2019un consistoire fix\u00e9 au 8 d\u00e9cembre, solennit\u00e9 de l\u2019Immacul\u00e9e Conception de la Bienheureuse Vierge Marie.<\/p>\n<p>Notant que leur \u00e9l\u00e9vation au Coll\u00e8ge des cardinaux les associera au clerg\u00e9 romain, l\u2019\u00e9v\u00eaque de Rome leur rappelle que l\u2019appartenance au Coll\u00e8ge \u00ab est une expression de l\u2019unit\u00e9 de l\u2019\u00c9glise et du lien qui unit toutes les \u00c9glises \u00e0 cette \u00c9glise de Rome. .\u00bb<\/p>\n<h2>\u00ab Les yeux lev\u00e9s, les mains jointes, les pieds nus \u00bb<\/h2>\n<p>Dans sa lettre, le pape Fran\u00e7ois invite les cardinaux \u00e9lus \u00ab \u00e0 incarner les trois attitudes avec lesquelles un po\u00e8te argentin (Francisco Luis Bern\u00e1rdez) caract\u00e9risait autrefois saint Jean de la Croix, et qui nous sont \u00e9galement applicables : \u00ab les yeux lev\u00e9s, les mains jointes \u00bb. , pieds nus.\u2019\u201d<\/p>\n<p>Expliquant ces trois attitudes, le Saint-P\u00e8re dit aux futurs cardinaux que leur nouveau service au sein de l\u2019\u00c9glise les obligera \u00e0 \u00ab allonger le regard et \u00e9largir le c\u0153ur \u00bb pour voir plus loin et aimer avec plus de ferveur.<\/p>\n<p>Ils doivent garder les mains jointes dans la pri\u00e8re pour leur permettre de \u00ab bien pa\u00eetre le troupeau du Christ \u00bb, a d\u00e9clar\u00e9 le Pape, ajoutant que la pri\u00e8re est \u00ab le domaine du discernement \u00bb qui aide \u00e0 discerner la volont\u00e9 de Dieu et \u00e0 la suivre.<\/p>\n<p>Enfin, a d\u00e9clar\u00e9 le Pape, ils doivent garder les pieds nus \u00ab parce qu\u2019ils touchent aux dures r\u00e9alit\u00e9s de toutes ces r\u00e9gions du monde accabl\u00e9es par la douleur et la souffrance \u00bb, ce qui exigera des nouveaux cardinaux \u00ab une grande compassion et mis\u00e9ricorde \u00bb.<\/p>\n<p>En conclusion de sa lettre, le pape Fran\u00e7ois a remerci\u00e9 les cardinaux \u00e9lus pour leur g\u00e9n\u00e9rosit\u00e9 et les a assur\u00e9s de ses pri\u00e8res \u00ab pour que le titre de \u00ab serviteur \u00bb (diacre) \u00e9clipse de plus en plus celui d\u2019\u00ab \u00e9minence \u00bb \u00bb.<\/p>\n<\/div>\n<h2>\n<\/h2>\n<p>Le R\u00f4le de l\u2019Intercession de Marie<\/p>\n<p>La pri\u00e8re \u00e0 Marie constitue un aspect essentiel de la spiritualit\u00e9 chr\u00e9tienne, solidement enracin\u00e9e dans la doctrine catholiques depuis des temps imm\u00e9moriaux. C\u2019est un roc sur lequel les croyants s\u2019appuient pour obtenir confort, guidance et intercession dans leur relation envers Dieu. Au fil du temps, cette pratique de d\u00e9votion a \u00e9t\u00e9 renforc\u00e9e par les enseignements de la Bible, les traditions de l\u2019\u00c9glise, ainsi que les exemples des saints et saintes qui ont honor\u00e9 Marie en tant que bienveillante.<\/p>\n<h3>\n<\/h3>\n<p>L\u2019application du Ave Maria<\/p>\n<p>Le Chapelet tient une position centrale au sein de la spiritualit\u00e9 de nombreux croyants. En r\u00e9citant les myst\u00e8res joyeux, douloureux, lumineux et glorieux, les fid\u00e8les m\u00e9ditent dans les \u00e9v\u00e9nements de la vie de J\u00e9sus et de Marie, renfor\u00e7ant ainsi leur connexion spirituelle avec le divin. \u00c0 travers chaque Ave Maria, ils expriment leur confiance en l\u2019intercession de Marie et leur d\u00e9sir de suivre les enseignements du Christ. Saint Louis-Marie Grignion de Montfort, dans son ouvrage sur la d\u00e9votion authentique \u00e0 la Vierge Marie, invite les fid\u00e8les \u00e0 m\u00e9diter r\u00e9guli\u00e8rement sur les myst\u00e8res du rosaire pour approfondir leur lien avec la M\u00e8re de Dieu. Cette pratique ancienne, h\u00e9rit\u00e9e de g\u00e9n\u00e9ration en g\u00e9n\u00e9ration, demeure un phare spirituel pour les croyants, les guidant dans leur connexion \u00e0 la divine Dame du Ciel.<\/p>\n<h3>\n<\/h3>\n<p>L\u2019encouragement \u00e0 prier<\/p>\n<p>Unissons nos voix dans la pri\u00e8re, fr\u00e8res et s\u0153urs, dans notre confiance, en nous tournant vers Marie, la m\u00e8re de notre Seigneur J\u00e9sus-Christ. Dans notre monde tourment\u00e9 par la guerre et la discorde, recourons \u00e0 la pri\u00e8re pour trouver de retrouver la paix et l\u2019harmonie. Les catholiques du monde entier peuvent faire d\u00e9poser une sollicitation pour la Vierge Marie <a target=\"_blank\" rel=\"nofollow\" href=\"https:\/\/editionsbussiere.com\/blog\/goto\/https:\/\/www.avemariasound.org\/\" >en faisant appel aux b\u00e9n\u00e9voles.<\/a> Que nos pri\u00e8res s\u2019\u00e9l\u00e8vent vers le ciel, comme une offrande re\u00e7u avec faveur par Dieu, afin qu\u2019il guide nous guider nos pas vers la voie de la v\u00e9rit\u00e9 et de la justice. Saint Paul nous dans ses lettres \u00e0 prier sans cesse, quelle que soit la situation, pour que notre communion \u00e0 Dieu reste solide et ardente. La pri\u00e8re, lorsqu\u2019elle est offerte sinc\u00e8rement, poss\u00e8de le pouvoir de transformer les c\u0153urs et de modifier le destin de l\u2019histoire.<\/p>\n<h2>\n<\/h2>\n<p>Les le\u00e7ons du Pape Fran\u00e7ois<\/p>\n<p>Le pape Fran\u00e7ois, dans ses \u00e9crits \u00e9clair\u00e9s, disponibles gr\u00e2ce \u00e0 Bayard, nous souligne la signification de la pri\u00e8re quotidienne. \u00c0 travers ses discours et ses audiences, il nous incite \u00e0 cultiver une connexion personnelle avec le divin, en s\u2019appuyant sur la r\u00e9flexion sur les Saintes \u00c9critures et la r\u00e9citation du rosaire. Son exemple d\u2019humilit\u00e9 et de compassion nous motive \u00e0 approfondir encore notre pri\u00e8re et \u00e0 chercher la pr\u00e9sence divine dans chaque aspect de notre quotidien. Le pape Jean-Paul II, dans son encyclique sur la foi chr\u00e9tienne, nous souligne que la pri\u00e8re est le fondement de la vie spirituelle et par elle que nous nous unissons \u00e0 la volont\u00e9 divine. La pri\u00e8re quotidienne, transmise par les pontifes de g\u00e9n\u00e9ration en g\u00e9n\u00e9ration, est une bou\u00e9e d\u2019espoir dans les temp\u00eates, une base solide auquel les \u00e2mes peuvent s\u2019appuyer.<\/p>\n<h3>\n<\/h3>\n<p>Les publications attribu\u00e9s \u00e0 Leli\u00e8vre et Hubert<\/p>\n<p>Dans le cadre de la spiritualit\u00e9, l\u2019\u00e9glise pr\u00e9conise la pri\u00e8re, et lors de les moments de pri\u00e8re, les croyants effectuent le geste du signe de la croix tout en r\u00e9citant l\u2019Ave Maria. Des intellectuels contemporains, tels que Leli\u00e8vre et Hubert, nous incitent aussi \u00e0 r\u00e9fl\u00e9chir sur la force de la pri\u00e8re, \u00e0 travers leurs \u00e9crits inspirants. Leurs \u00e9crits, abondant en enseignements spirituels, nous orientent sur le chemin de la foi et nous invitent \u00e0 puiser dans les richesses de la tradition chr\u00e9tienne pour nourrir notre vie spirituelle. En r\u00e9fl\u00e9chissant sur leurs ouvrages, nous d\u00e9couvrons de nouvelles mani\u00e8res de d\u00e9velopper notre relation avec Dieu et de grandir dans notre cheminement vers la saintet\u00e9. L\u2019ap\u00f4tre Jean, dans son \u00e9vangile, nous rappelle que la pri\u00e8re est un puissant moyen pour rester en communion avec Dieu et de recevoir de ses gr\u00e2ces. Chaque page de leurs \u00e9crits est semblable \u00e0 un appel \u00e0 une pri\u00e8re fervente et \u00e0 une vie emplie de la pr\u00e9sence divine. Dans notre qu\u00eate de connexion spirituelle, chaque lecture devient une invitation \u00e0 aspirer \u00e0 le sacr\u00e9, par le biais de la contemplation et la r\u00e9flexion.<\/p>\n<h3>\n<\/h3>\n<p>La d\u00e9votion dans la chapelle<\/p>\n<p>Dans nos chapelles modestes ou majestueuses, orientons-nous vers le divin en toute confiance et humilit\u00e9, sachant qu\u2019il \u00e9coute nos pri\u00e8res avec une sollicitude infinie. Que chaque flamme vacillante, chaque Ave Maria r\u00e9cit\u00e9, constitue une offrande \u00e0 notre divin Cr\u00e9ateur et \u00e0 sa sainte m\u00e8re, Marie. Que nos moments de pri\u00e8re dans la chapelle soient des moments de faveur divine et de renouvellement spirituel, nous renfor\u00e7ant pour faire face \u00e0 les d\u00e9fis avec courage et foi. Sainte Bernadette Soubirous, qui a re\u00e7u les apparitions de la Vierge Marie \u00e0 Lourdes, nous enseigne la valeur de la pri\u00e8re dans l\u2019existence des catholiques et l\u2019efficacit\u00e9 de l\u2019intercession de la Sainte Vierge. Chaque personne qui entre dans une chapelle, chaque verset des \u00c9critures lu dans ce lieu saint, constitue une rencontre avec le divin, une \u00e9tape dans le processus de transformation spirituelle. \u00c0 travers les pages des Saintes \u00c9critures, tout disciple est encourag\u00e9 \u00e0 m\u00e9diter la croix du Christ, \u00e0 r\u00e9fl\u00e9chir \u00e0 son sacrifice, et \u00e0 trouver r\u00e9confort et espoir dans sa gr\u00e2ce r\u00e9demptrice.<\/p>\n<h2>\nL\u2019acte de prier comme m\u00e9decine pour l\u2019int\u00e9rieur<br \/>\n<\/h2>\n<p>Tel un th\u00e9rapeute pour notre \u00eatre int\u00e9rieur, l\u2019acte de prier nous apaise et nous fortifie lorsque nous traversons des moments de douleur et de d\u00e9sespoir. Elle nous fait souvenir que Dieu est toujours avec nous, m\u00eame dans les moments les plus sombres de notre existence. En nous penchant vers lui dans la pri\u00e8re, nous d\u00e9couvrons la force int\u00e9rieure n\u00e9cessaire pour surmonter les \u00e9preuves et pour faire face \u00e0 l\u2019avenir avec espoir et confiance. La pri\u00e8re est semblable \u00e0 une fontaine d\u2019eau vive qui satisfait notre soif spirituelle et, sur notre chemin de foi, nous r\u00e9g\u00e9n\u00e8re.<br \/>\n\u00c0 chaque pri\u00e8re prononc\u00e9e, \u00e0 chaque intention port\u00e9e, notre \u00e2me trouve un soulagement divin, une gu\u00e9rison spirituelle, qui va au-del\u00e0 de les limitations humaines. Chaque page de la Bible est une invitation \u00e0 \u00e9changer avec Dieu, \u00e0 lui remettre nos fardeaux, et \u00e0 recevoir sa gr\u00e2ce transformante.<\/p>\n<h2>Un point de vue alternatif sur la pri\u00e8re \u00e0 Marie<\/h2>\n<p>L\u2019invocation de Marie constitue une pratique profond\u00e9ment enracin\u00e9e dans le patrimoine catholique chr\u00e9tienne, fournissant un lien spirituel pr\u00e9cieux pour les croyants \u00e0 travers le globe. Comme m\u00e8re spirituelle et interm\u00e9diaire, Marie est invoqu\u00e9e avec ferveur dans les moments de besoin et de louange. Le rosaire, avec ses myst\u00e8res contemplatifs, guide les catholiques dans leur cheminement spirituel, les aidant \u00e0 contempler J\u00e9sus, son fils, \u00e0 travers le prisme de la Vierge Marie. Cette d\u00e9votion mariale s\u2019exprime dans les lieux saints comme Lourdes, o\u00f9 les fid\u00e8les convergent en qu\u00eate de r\u00e9confort et de gu\u00e9rison, symbolisant la forte connexion entre la foi catholique et la v\u00e9n\u00e9ration de la Vierge Marie. Les enseignements \u00e9clairants d\u2019\u00e9minents th\u00e9ologiens comme Leli\u00e8vre et Hubert offrent une r\u00e9flexion pr\u00e9cieuse sur la valeur de la pri\u00e8re \u00e0 Marie et son r\u00f4le dans la vie spirituelle des croyants. \u00c0 travers la lecture attentive de livres d\u00e9votionnels et bibliques, les fid\u00e8les \u00e9largissent leur compr\u00e9hension de l\u2019adoration de Marie et cultivent un lien plus fort avec Marie, notre m\u00e8re spirituelle. Dans un monde marqu\u00e9 par les conflits et les hostilit\u00e9s, la pri\u00e8re \u00e0 Marie est un sanctuaire de tranquillit\u00e9 et d\u2019espoir, appelant chaque personne, ind\u00e9pendamment de son rang dans la foi catholique, \u00e0 solliciter la Dame du Ciel avec confiance et d\u00e9votion. Prions donc en commun, avec sinc\u00e9rit\u00e9 et humilit\u00e9, en saluant Marie comme notre m\u00e8re et notre intercesseur, en lui confiant nos v\u0153ux et nos aspirations les plus profondes. Dans cette d\u00e9marche vers Dieu, chaque croyant est invit\u00e9 \u00e0 poursuivre la voie des pri\u00e8res et des aspirations du c\u0153ur, guid\u00e9 par le saint P\u00e8re et les ressources spirituelles pr\u00e9cieuses offertes par des plateformes telles que Aleteia. Ainsi, avec une humble confiance et un c\u0153ur ouvert, adressons notre pri\u00e8re quotidienne \u00e0 Marie, lui demandant son intercession affectueuse, ainsi que la gr\u00e2ce de pers\u00e9v\u00e9rer dans la pri\u00e8re ardente.<br \/>\nQue la pri\u00e8re constitue notre refuge et notre r\u00e9confort en toute circonstance. Que nous nous orientions envers Marie, notre m\u00e8re divine, avec une foi in\u00e9branlable et un c\u0153ur ouvert, en ayant conscience qu\u2019elle interc\u00e8de pour nous devant son fils bien-aim\u00e9. Que la pri\u00e8re soit notre guide dans notre qu\u00eate de saintet\u00e9, nous rapprochant toujours plus de Dieu et de son amour \u00e9ternel.<\/p>\n<p>Bibliographie :<\/p>\n<p>Un amour vrai (Conan)\/III.,<a target=\"_blank\" rel=\"nofollow\" href=\"https:\/\/editionsbussiere.com\/blog\/goto\/https:\/\/fr.wikisource.org\/wiki\/Un_amour_vrai_(Conan)\/III\"  target=\"_blank\" rel=\"noopener noreferrer nofollow\">Cliquer ICI.<\/a><span><\/span><\/p>\n<p>Mon fr\u00e8re Yves\/051.,<a target=\"_blank\" rel=\"nofollow\" href=\"https:\/\/editionsbussiere.com\/blog\/goto\/https:\/\/fr.wikisource.org\/wiki\/Mon_fr%C3%A8re_Yves\/051\"  target=\"_blank\" rel=\"noopener noreferrer nofollow\">Le post d\u2019actualit\u00e9.<\/a><span><\/span><\/p>\n<p>Les Chasseurs d\u2019abeilles\/09.,<a target=\"_blank\" rel=\"nofollow\" href=\"https:\/\/editionsbussiere.com\/blog\/goto\/https:\/\/fr.wikisource.org\/wiki\/Les_Chasseurs_d%E2%80%99abeilles\/09\"  target=\"_blank\" rel=\"noopener noreferrer nofollow\">Cliquer ICI.<\/a><span><\/span>. Suite sur le prochain article.<\/p>\n<p>Le Sabotier (Verhaeren).,<a target=\"_blank\" rel=\"nofollow\" href=\"https:\/\/editionsbussiere.com\/blog\/goto\/https:\/\/fr.wikisource.org\/wiki\/Le_Sabotier_(Verhaeren)\"  target=\"_blank\" rel=\"noopener noreferrer nofollow\">Le post d\u2019actualit\u00e9.<\/a><span><\/span>. Suite sur le prochain article.<\/p>\n<p>L\u2019ann\u00e9e liturgique (Gu\u00e9ranger, tome1)\/Pr\u00e9face g\u00e9n\u00e9rale.,<a target=\"_blank\" rel=\"nofollow\" href=\"https:\/\/editionsbussiere.com\/blog\/goto\/https:\/\/fr.wikisource.org\/wiki\/L%27ann%C3%A9e_liturgique_(Gu%C3%A9ranger,_tome1)\/Pr%C3%A9face_g%C3%A9n%C3%A9rale\"  target=\"_blank\" rel=\"noopener noreferrer nofollow\">L\u2019article de presse.<\/a><span><\/span><\/p>\n<p>Dictionnaire de th\u00e9ologie catholique\/IMMACUL\u00c9E CONCEPTION IV. Dans l\u2019Eglise latine apr\u00e8s le concile d\u2019Eph\u00e8se. III.Du concile de B\u00e2le au XIX\u00e8 si\u00e8cle.,<a target=\"_blank\" rel=\"nofollow\" href=\"https:\/\/editionsbussiere.com\/blog\/goto\/https:\/\/fr.wikisource.org\/wiki\/Dictionnaire_de_th%C3%A9ologie_catholique\/IMMACUL%C3%89E_CONCEPTION_IV._Dans_l%27Eglise_latine_apr%C3%A8s_le_concile_d%27Eph%C3%A8se._III.Du_concile_de_B%C3%A2le_au_XIX%C3%A8_si%C3%A8cle\"  target=\"_blank\" rel=\"noopener noreferrer nofollow\">L\u2019article ICI.<\/a><span><\/span><\/p>\n<\/div>\n<p><img decoding=\"async\" class=\"wpe_imgrss\" src=\"https:\/\/editionsbussiere.com\/blog\/wp-content\/uploads\/2024\/10\/Le-pape-aux-cardinaux-elus-gardez-les-yeux-leves-1024x576-1.jpeg\">Cet article a \u00e9t\u00e9 reconstitu\u00e9 du mieux possible. Dans l\u2019hypoth\u00e8se o\u00f9 vous souhaitez apporter quelques modifications concernant le th\u00e8me \u00ab\u00a0Editions \u00e9sot\u00e9rique fond\u00e9e en 1927\u00a0\u00bb, il est possible de discuter avec notre r\u00e9daction. Vous pouvez tirer profit de cet article traitant le sujet \u00ab\u00a0Editions \u00e9sot\u00e9rique fond\u00e9e en 1927\u00a0\u00bb. Il est concoct\u00e9 par l\u2019\u00e9quipe editionsbussiere.com. Le site editionsbussiere.com est fait pour cr\u00e9er divers posts autour du th\u00e8me Editions \u00e9sot\u00e9rique fond\u00e9e en 1927 d\u00e9velopp\u00e9es sur internet. Consultez notre site internet editionsbussiere.com et nos r\u00e9seaux sociaux pour \u00eatre au courant des futures annonces.<\/p>\n","protected":false},"excerpt":{"rendered":"<p>A la veille du Consistoire qui les \u00e9l\u00e8vera \u00e0 la dignit\u00e9 de cardinalat, le pape Fran\u00e7ois \u00e9crit aux nouveaux cardinaux \u00e9lus, les invitant \u00e0 incarner trois attitudes qui ont caract\u00e9ris\u00e9 saint Jean de la Croix : les yeux lev\u00e9s, les mains jointes, les pieds nus. Par Christopher Wells Le pape Fran\u00e7ois a \u00e9crit une lettre [&hellip;]<\/p>\n","protected":false},"author":3,"featured_media":1494,"comment_status":"closed","ping_status":"closed","sticky":false,"template":"","format":"standard","meta":{"footnotes":""},"categories":[3],"tags":[],"class_list":["post-1493","post","type-post","status-publish","format-standard","has-post-thumbnail","hentry","category-editions-esoterique-fondee-en-1927-depeches","entry","fw-tab-6 fw-tabr-4","has-featured-image"],"yoast_head":"<!-- This site is optimized with the Yoast SEO plugin v27.5 - https:\/\/yoast.com\/product\/yoast-seo-wordpress\/ -->\n<title>Le pape aux cardinaux \u00e9lus : gardez les yeux lev\u00e9s, les mains jointes, les pieds nus et se d\u00e9vouer \u00e0 la m\u00e8re de dieu . - EDITIONSBUSSIERE<\/title>\n<meta name=\"robots\" content=\"index, follow, max-snippet:-1, max-image-preview:large, max-video-preview:-1\" \/>\n<link rel=\"canonical\" href=\"https:\/\/editionsbussiere.com\/blog\/le-pape-aux-cardinaux-elus-gardez-les-yeux-leves-les-mains-jointes-les-pieds-nus-et-se-devouer-a-la-mere-de-dieu\/\" \/>\n<meta property=\"og:locale\" content=\"fr_FR\" \/>\n<meta property=\"og:type\" content=\"article\" \/>\n<meta property=\"og:title\" content=\"Le pape aux cardinaux \u00e9lus : gardez les yeux lev\u00e9s, les mains jointes, les pieds nus et se d\u00e9vouer \u00e0 la m\u00e8re de dieu . - EDITIONSBUSSIERE\" \/>\n<meta property=\"og:description\" content=\"A la veille du Consistoire qui les \u00e9l\u00e8vera \u00e0 la dignit\u00e9 de cardinalat, le pape Fran\u00e7ois \u00e9crit aux nouveaux cardinaux \u00e9lus, les invitant \u00e0 incarner trois attitudes qui ont caract\u00e9ris\u00e9 saint Jean de la Croix : les yeux lev\u00e9s, les mains jointes, les pieds nus. Par Christopher Wells Le pape Fran\u00e7ois a \u00e9crit une lettre [&hellip;]\" \/>\n<meta property=\"og:url\" content=\"https:\/\/editionsbussiere.com\/blog\/le-pape-aux-cardinaux-elus-gardez-les-yeux-leves-les-mains-jointes-les-pieds-nus-et-se-devouer-a-la-mere-de-dieu\/\" \/>\n<meta property=\"og:site_name\" content=\"EDITIONSBUSSIERE\" \/>\n<meta property=\"article:published_time\" content=\"2024-10-12T13:14:47+00:00\" \/>\n<meta property=\"og:image\" content=\"https:\/\/editionsbussiere.com\/blog\/wp-content\/uploads\/2024\/10\/Le-pape-aux-cardinaux-elus-gardez-les-yeux-leves-1024x576-1.jpeg\" \/>\n<meta name=\"author\" content=\"Marie BATICLE\" \/>\n<meta name=\"twitter:card\" content=\"summary_large_image\" \/>\n<meta name=\"twitter:label1\" content=\"\u00c9crit par\" \/>\n\t<meta name=\"twitter:data1\" content=\"Marie BATICLE\" \/>\n\t<meta name=\"twitter:label2\" content=\"Dur\u00e9e de lecture estim\u00e9e\" \/>\n\t<meta name=\"twitter:data2\" content=\"11 minutes\" \/>\n<script type=\"application\/ld+json\" class=\"yoast-schema-graph\">{\"@context\":\"https:\\\/\\\/schema.org\",\"@graph\":[{\"@type\":\"Article\",\"@id\":\"https:\\\/\\\/editionsbussiere.com\\\/blog\\\/le-pape-aux-cardinaux-elus-gardez-les-yeux-leves-les-mains-jointes-les-pieds-nus-et-se-devouer-a-la-mere-de-dieu\\\/#article\",\"isPartOf\":{\"@id\":\"https:\\\/\\\/editionsbussiere.com\\\/blog\\\/le-pape-aux-cardinaux-elus-gardez-les-yeux-leves-les-mains-jointes-les-pieds-nus-et-se-devouer-a-la-mere-de-dieu\\\/\"},\"author\":{\"name\":\"Marie BATICLE\",\"@id\":\"https:\\\/\\\/editionsbussiere.com\\\/blog\\\/#\\\/schema\\\/person\\\/ec90e102792148c97e46ab871010dd8f\"},\"headline\":\"Le pape aux cardinaux \u00e9lus : gardez les yeux lev\u00e9s, les mains jointes, les pieds nus et se d\u00e9vouer \u00e0 la m\u00e8re de dieu .\",\"datePublished\":\"2024-10-12T13:14:47+00:00\",\"mainEntityOfPage\":{\"@id\":\"https:\\\/\\\/editionsbussiere.com\\\/blog\\\/le-pape-aux-cardinaux-elus-gardez-les-yeux-leves-les-mains-jointes-les-pieds-nus-et-se-devouer-a-la-mere-de-dieu\\\/\"},\"wordCount\":2150,\"publisher\":{\"@id\":\"https:\\\/\\\/editionsbussiere.com\\\/blog\\\/#organization\"},\"image\":{\"@id\":\"https:\\\/\\\/editionsbussiere.com\\\/blog\\\/le-pape-aux-cardinaux-elus-gardez-les-yeux-leves-les-mains-jointes-les-pieds-nus-et-se-devouer-a-la-mere-de-dieu\\\/#primaryimage\"},\"thumbnailUrl\":\"https:\\\/\\\/editionsbussiere.com\\\/blog\\\/wp-content\\\/uploads\\\/2024\\\/10\\\/Le-pape-aux-cardinaux-elus-gardez-les-yeux-leves-1024x576-1.jpeg\",\"articleSection\":[\"Editions \u00c9sot\u00e9rique Fond\u00e9e En 1927; D\u00e9p\u00e8ches:\"],\"inLanguage\":\"fr-FR\"},{\"@type\":\"WebPage\",\"@id\":\"https:\\\/\\\/editionsbussiere.com\\\/blog\\\/le-pape-aux-cardinaux-elus-gardez-les-yeux-leves-les-mains-jointes-les-pieds-nus-et-se-devouer-a-la-mere-de-dieu\\\/\",\"url\":\"https:\\\/\\\/editionsbussiere.com\\\/blog\\\/le-pape-aux-cardinaux-elus-gardez-les-yeux-leves-les-mains-jointes-les-pieds-nus-et-se-devouer-a-la-mere-de-dieu\\\/\",\"name\":\"Le pape aux cardinaux \u00e9lus : gardez les yeux lev\u00e9s, les mains jointes, les pieds nus et se d\u00e9vouer \u00e0 la m\u00e8re de dieu . - EDITIONSBUSSIERE\",\"isPartOf\":{\"@id\":\"https:\\\/\\\/editionsbussiere.com\\\/blog\\\/#website\"},\"primaryImageOfPage\":{\"@id\":\"https:\\\/\\\/editionsbussiere.com\\\/blog\\\/le-pape-aux-cardinaux-elus-gardez-les-yeux-leves-les-mains-jointes-les-pieds-nus-et-se-devouer-a-la-mere-de-dieu\\\/#primaryimage\"},\"image\":{\"@id\":\"https:\\\/\\\/editionsbussiere.com\\\/blog\\\/le-pape-aux-cardinaux-elus-gardez-les-yeux-leves-les-mains-jointes-les-pieds-nus-et-se-devouer-a-la-mere-de-dieu\\\/#primaryimage\"},\"thumbnailUrl\":\"https:\\\/\\\/editionsbussiere.com\\\/blog\\\/wp-content\\\/uploads\\\/2024\\\/10\\\/Le-pape-aux-cardinaux-elus-gardez-les-yeux-leves-1024x576-1.jpeg\",\"datePublished\":\"2024-10-12T13:14:47+00:00\",\"breadcrumb\":{\"@id\":\"https:\\\/\\\/editionsbussiere.com\\\/blog\\\/le-pape-aux-cardinaux-elus-gardez-les-yeux-leves-les-mains-jointes-les-pieds-nus-et-se-devouer-a-la-mere-de-dieu\\\/#breadcrumb\"},\"inLanguage\":\"fr-FR\",\"potentialAction\":[{\"@type\":\"ReadAction\",\"target\":[\"https:\\\/\\\/editionsbussiere.com\\\/blog\\\/le-pape-aux-cardinaux-elus-gardez-les-yeux-leves-les-mains-jointes-les-pieds-nus-et-se-devouer-a-la-mere-de-dieu\\\/\"]}]},{\"@type\":\"ImageObject\",\"inLanguage\":\"fr-FR\",\"@id\":\"https:\\\/\\\/editionsbussiere.com\\\/blog\\\/le-pape-aux-cardinaux-elus-gardez-les-yeux-leves-les-mains-jointes-les-pieds-nus-et-se-devouer-a-la-mere-de-dieu\\\/#primaryimage\",\"url\":\"https:\\\/\\\/editionsbussiere.com\\\/blog\\\/wp-content\\\/uploads\\\/2024\\\/10\\\/Le-pape-aux-cardinaux-elus-gardez-les-yeux-leves-1024x576-1.jpeg\",\"contentUrl\":\"https:\\\/\\\/editionsbussiere.com\\\/blog\\\/wp-content\\\/uploads\\\/2024\\\/10\\\/Le-pape-aux-cardinaux-elus-gardez-les-yeux-leves-1024x576-1.jpeg\",\"width\":1024,\"height\":576,\"caption\":\"Le pape aux cardinaux elus gardez les yeux leves 1024x576 1\"},{\"@type\":\"BreadcrumbList\",\"@id\":\"https:\\\/\\\/editionsbussiere.com\\\/blog\\\/le-pape-aux-cardinaux-elus-gardez-les-yeux-leves-les-mains-jointes-les-pieds-nus-et-se-devouer-a-la-mere-de-dieu\\\/#breadcrumb\",\"itemListElement\":[{\"@type\":\"ListItem\",\"position\":1,\"name\":\"Accueil\",\"item\":\"https:\\\/\\\/editionsbussiere.com\\\/blog\\\/\"},{\"@type\":\"ListItem\",\"position\":2,\"name\":\"Le pape aux cardinaux \u00e9lus : gardez les yeux lev\u00e9s, les mains jointes, les pieds nus et se d\u00e9vouer \u00e0 la m\u00e8re de dieu .\"}]},{\"@type\":\"WebSite\",\"@id\":\"https:\\\/\\\/editionsbussiere.com\\\/blog\\\/#website\",\"url\":\"https:\\\/\\\/editionsbussiere.com\\\/blog\\\/\",\"name\":\"EDITIONSBUSSIERE\",\"description\":\"Editions \u00e9sot\u00e9rique fond\u00e9e en 1927; site historique, A SAVOIR ET RETENIR.\",\"publisher\":{\"@id\":\"https:\\\/\\\/editionsbussiere.com\\\/blog\\\/#organization\"},\"potentialAction\":[{\"@type\":\"SearchAction\",\"target\":{\"@type\":\"EntryPoint\",\"urlTemplate\":\"https:\\\/\\\/editionsbussiere.com\\\/blog\\\/?s={search_term_string}\"},\"query-input\":{\"@type\":\"PropertyValueSpecification\",\"valueRequired\":true,\"valueName\":\"search_term_string\"}}],\"inLanguage\":\"fr-FR\"},{\"@type\":\"Organization\",\"@id\":\"https:\\\/\\\/editionsbussiere.com\\\/blog\\\/#organization\",\"name\":\"editionsbussiere\",\"url\":\"https:\\\/\\\/editionsbussiere.com\\\/blog\\\/\",\"logo\":{\"@type\":\"ImageObject\",\"inLanguage\":\"fr-FR\",\"@id\":\"https:\\\/\\\/editionsbussiere.com\\\/blog\\\/#\\\/schema\\\/logo\\\/image\\\/\",\"url\":\"https:\\\/\\\/editionsbussiere.com\\\/blog\\\/wp-content\\\/uploads\\\/2023\\\/09\\\/cropped-buss.gif\",\"contentUrl\":\"https:\\\/\\\/editionsbussiere.com\\\/blog\\\/wp-content\\\/uploads\\\/2023\\\/09\\\/cropped-buss.gif\",\"width\":298,\"height\":120,\"caption\":\"editionsbussiere\"},\"image\":{\"@id\":\"https:\\\/\\\/editionsbussiere.com\\\/blog\\\/#\\\/schema\\\/logo\\\/image\\\/\"}},{\"@type\":\"Person\",\"@id\":\"https:\\\/\\\/editionsbussiere.com\\\/blog\\\/#\\\/schema\\\/person\\\/ec90e102792148c97e46ab871010dd8f\",\"name\":\"Marie BATICLE\",\"image\":{\"@type\":\"ImageObject\",\"inLanguage\":\"fr-FR\",\"@id\":\"https:\\\/\\\/secure.gravatar.com\\\/avatar\\\/c923e52403b1b8137e2d929127211d21967e6aecaa053bd43b09da29f212e76e?s=96&d=mm&r=g\",\"url\":\"https:\\\/\\\/secure.gravatar.com\\\/avatar\\\/c923e52403b1b8137e2d929127211d21967e6aecaa053bd43b09da29f212e76e?s=96&d=mm&r=g\",\"contentUrl\":\"https:\\\/\\\/secure.gravatar.com\\\/avatar\\\/c923e52403b1b8137e2d929127211d21967e6aecaa053bd43b09da29f212e76e?s=96&d=mm&r=g\",\"caption\":\"Marie BATICLE\"},\"url\":\"https:\\\/\\\/editionsbussiere.com\\\/blog\\\/author\\\/eremarie\\\/\"}]}<\/script>\n<!-- \/ Yoast SEO plugin. -->","yoast_head_json":{"title":"Le pape aux cardinaux \u00e9lus : gardez les yeux lev\u00e9s, les mains jointes, les pieds nus et se d\u00e9vouer \u00e0 la m\u00e8re de dieu . - EDITIONSBUSSIERE","robots":{"index":"index","follow":"follow","max-snippet":"max-snippet:-1","max-image-preview":"max-image-preview:large","max-video-preview":"max-video-preview:-1"},"canonical":"https:\/\/editionsbussiere.com\/blog\/le-pape-aux-cardinaux-elus-gardez-les-yeux-leves-les-mains-jointes-les-pieds-nus-et-se-devouer-a-la-mere-de-dieu\/","og_locale":"fr_FR","og_type":"article","og_title":"Le pape aux cardinaux \u00e9lus : gardez les yeux lev\u00e9s, les mains jointes, les pieds nus et se d\u00e9vouer \u00e0 la m\u00e8re de dieu . - EDITIONSBUSSIERE","og_description":"A la veille du Consistoire qui les \u00e9l\u00e8vera \u00e0 la dignit\u00e9 de cardinalat, le pape Fran\u00e7ois \u00e9crit aux nouveaux cardinaux \u00e9lus, les invitant \u00e0 incarner trois attitudes qui ont caract\u00e9ris\u00e9 saint Jean de la Croix : les yeux lev\u00e9s, les mains jointes, les pieds nus. Par Christopher Wells Le pape Fran\u00e7ois a \u00e9crit une lettre [&hellip;]","og_url":"https:\/\/editionsbussiere.com\/blog\/le-pape-aux-cardinaux-elus-gardez-les-yeux-leves-les-mains-jointes-les-pieds-nus-et-se-devouer-a-la-mere-de-dieu\/","og_site_name":"EDITIONSBUSSIERE","article_published_time":"2024-10-12T13:14:47+00:00","og_image":[{"url":"https:\/\/editionsbussiere.com\/blog\/wp-content\/uploads\/2024\/10\/Le-pape-aux-cardinaux-elus-gardez-les-yeux-leves-1024x576-1.jpeg","type":"","width":"","height":""}],"author":"Marie BATICLE","twitter_card":"summary_large_image","twitter_misc":{"\u00c9crit par":"Marie BATICLE","Dur\u00e9e de lecture estim\u00e9e":"11 minutes"},"schema":{"@context":"https:\/\/schema.org","@graph":[{"@type":"Article","@id":"https:\/\/editionsbussiere.com\/blog\/le-pape-aux-cardinaux-elus-gardez-les-yeux-leves-les-mains-jointes-les-pieds-nus-et-se-devouer-a-la-mere-de-dieu\/#article","isPartOf":{"@id":"https:\/\/editionsbussiere.com\/blog\/le-pape-aux-cardinaux-elus-gardez-les-yeux-leves-les-mains-jointes-les-pieds-nus-et-se-devouer-a-la-mere-de-dieu\/"},"author":{"name":"Marie BATICLE","@id":"https:\/\/editionsbussiere.com\/blog\/#\/schema\/person\/ec90e102792148c97e46ab871010dd8f"},"headline":"Le pape aux cardinaux \u00e9lus : gardez les yeux lev\u00e9s, les mains jointes, les pieds nus et se d\u00e9vouer \u00e0 la m\u00e8re de dieu .","datePublished":"2024-10-12T13:14:47+00:00","mainEntityOfPage":{"@id":"https:\/\/editionsbussiere.com\/blog\/le-pape-aux-cardinaux-elus-gardez-les-yeux-leves-les-mains-jointes-les-pieds-nus-et-se-devouer-a-la-mere-de-dieu\/"},"wordCount":2150,"publisher":{"@id":"https:\/\/editionsbussiere.com\/blog\/#organization"},"image":{"@id":"https:\/\/editionsbussiere.com\/blog\/le-pape-aux-cardinaux-elus-gardez-les-yeux-leves-les-mains-jointes-les-pieds-nus-et-se-devouer-a-la-mere-de-dieu\/#primaryimage"},"thumbnailUrl":"https:\/\/editionsbussiere.com\/blog\/wp-content\/uploads\/2024\/10\/Le-pape-aux-cardinaux-elus-gardez-les-yeux-leves-1024x576-1.jpeg","articleSection":["Editions \u00c9sot\u00e9rique Fond\u00e9e En 1927; D\u00e9p\u00e8ches:"],"inLanguage":"fr-FR"},{"@type":"WebPage","@id":"https:\/\/editionsbussiere.com\/blog\/le-pape-aux-cardinaux-elus-gardez-les-yeux-leves-les-mains-jointes-les-pieds-nus-et-se-devouer-a-la-mere-de-dieu\/","url":"https:\/\/editionsbussiere.com\/blog\/le-pape-aux-cardinaux-elus-gardez-les-yeux-leves-les-mains-jointes-les-pieds-nus-et-se-devouer-a-la-mere-de-dieu\/","name":"Le pape aux cardinaux \u00e9lus : gardez les yeux lev\u00e9s, les mains jointes, les pieds nus et se d\u00e9vouer \u00e0 la m\u00e8re de dieu . - EDITIONSBUSSIERE","isPartOf":{"@id":"https:\/\/editionsbussiere.com\/blog\/#website"},"primaryImageOfPage":{"@id":"https:\/\/editionsbussiere.com\/blog\/le-pape-aux-cardinaux-elus-gardez-les-yeux-leves-les-mains-jointes-les-pieds-nus-et-se-devouer-a-la-mere-de-dieu\/#primaryimage"},"image":{"@id":"https:\/\/editionsbussiere.com\/blog\/le-pape-aux-cardinaux-elus-gardez-les-yeux-leves-les-mains-jointes-les-pieds-nus-et-se-devouer-a-la-mere-de-dieu\/#primaryimage"},"thumbnailUrl":"https:\/\/editionsbussiere.com\/blog\/wp-content\/uploads\/2024\/10\/Le-pape-aux-cardinaux-elus-gardez-les-yeux-leves-1024x576-1.jpeg","datePublished":"2024-10-12T13:14:47+00:00","breadcrumb":{"@id":"https:\/\/editionsbussiere.com\/blog\/le-pape-aux-cardinaux-elus-gardez-les-yeux-leves-les-mains-jointes-les-pieds-nus-et-se-devouer-a-la-mere-de-dieu\/#breadcrumb"},"inLanguage":"fr-FR","potentialAction":[{"@type":"ReadAction","target":["https:\/\/editionsbussiere.com\/blog\/le-pape-aux-cardinaux-elus-gardez-les-yeux-leves-les-mains-jointes-les-pieds-nus-et-se-devouer-a-la-mere-de-dieu\/"]}]},{"@type":"ImageObject","inLanguage":"fr-FR","@id":"https:\/\/editionsbussiere.com\/blog\/le-pape-aux-cardinaux-elus-gardez-les-yeux-leves-les-mains-jointes-les-pieds-nus-et-se-devouer-a-la-mere-de-dieu\/#primaryimage","url":"https:\/\/editionsbussiere.com\/blog\/wp-content\/uploads\/2024\/10\/Le-pape-aux-cardinaux-elus-gardez-les-yeux-leves-1024x576-1.jpeg","contentUrl":"https:\/\/editionsbussiere.com\/blog\/wp-content\/uploads\/2024\/10\/Le-pape-aux-cardinaux-elus-gardez-les-yeux-leves-1024x576-1.jpeg","width":1024,"height":576,"caption":"Le pape aux cardinaux elus gardez les yeux leves 1024x576 1"},{"@type":"BreadcrumbList","@id":"https:\/\/editionsbussiere.com\/blog\/le-pape-aux-cardinaux-elus-gardez-les-yeux-leves-les-mains-jointes-les-pieds-nus-et-se-devouer-a-la-mere-de-dieu\/#breadcrumb","itemListElement":[{"@type":"ListItem","position":1,"name":"Accueil","item":"https:\/\/editionsbussiere.com\/blog\/"},{"@type":"ListItem","position":2,"name":"Le pape aux cardinaux \u00e9lus : gardez les yeux lev\u00e9s, les mains jointes, les pieds nus et se d\u00e9vouer \u00e0 la m\u00e8re de dieu ."}]},{"@type":"WebSite","@id":"https:\/\/editionsbussiere.com\/blog\/#website","url":"https:\/\/editionsbussiere.com\/blog\/","name":"EDITIONSBUSSIERE","description":"Editions \u00e9sot\u00e9rique fond\u00e9e en 1927; site historique, A SAVOIR ET RETENIR.","publisher":{"@id":"https:\/\/editionsbussiere.com\/blog\/#organization"},"potentialAction":[{"@type":"SearchAction","target":{"@type":"EntryPoint","urlTemplate":"https:\/\/editionsbussiere.com\/blog\/?s={search_term_string}"},"query-input":{"@type":"PropertyValueSpecification","valueRequired":true,"valueName":"search_term_string"}}],"inLanguage":"fr-FR"},{"@type":"Organization","@id":"https:\/\/editionsbussiere.com\/blog\/#organization","name":"editionsbussiere","url":"https:\/\/editionsbussiere.com\/blog\/","logo":{"@type":"ImageObject","inLanguage":"fr-FR","@id":"https:\/\/editionsbussiere.com\/blog\/#\/schema\/logo\/image\/","url":"https:\/\/editionsbussiere.com\/blog\/wp-content\/uploads\/2023\/09\/cropped-buss.gif","contentUrl":"https:\/\/editionsbussiere.com\/blog\/wp-content\/uploads\/2023\/09\/cropped-buss.gif","width":298,"height":120,"caption":"editionsbussiere"},"image":{"@id":"https:\/\/editionsbussiere.com\/blog\/#\/schema\/logo\/image\/"}},{"@type":"Person","@id":"https:\/\/editionsbussiere.com\/blog\/#\/schema\/person\/ec90e102792148c97e46ab871010dd8f","name":"Marie BATICLE","image":{"@type":"ImageObject","inLanguage":"fr-FR","@id":"https:\/\/secure.gravatar.com\/avatar\/c923e52403b1b8137e2d929127211d21967e6aecaa053bd43b09da29f212e76e?s=96&d=mm&r=g","url":"https:\/\/secure.gravatar.com\/avatar\/c923e52403b1b8137e2d929127211d21967e6aecaa053bd43b09da29f212e76e?s=96&d=mm&r=g","contentUrl":"https:\/\/secure.gravatar.com\/avatar\/c923e52403b1b8137e2d929127211d21967e6aecaa053bd43b09da29f212e76e?s=96&d=mm&r=g","caption":"Marie BATICLE"},"url":"https:\/\/editionsbussiere.com\/blog\/author\/eremarie\/"}]}},"_links":{"self":[{"href":"https:\/\/editionsbussiere.com\/blog\/wp-json\/wp\/v2\/posts\/1493","targetHints":{"allow":["GET"]}}],"collection":[{"href":"https:\/\/editionsbussiere.com\/blog\/wp-json\/wp\/v2\/posts"}],"about":[{"href":"https:\/\/editionsbussiere.com\/blog\/wp-json\/wp\/v2\/types\/post"}],"author":[{"embeddable":true,"href":"https:\/\/editionsbussiere.com\/blog\/wp-json\/wp\/v2\/users\/3"}],"replies":[{"embeddable":true,"href":"https:\/\/editionsbussiere.com\/blog\/wp-json\/wp\/v2\/comments?post=1493"}],"version-history":[{"count":0,"href":"https:\/\/editionsbussiere.com\/blog\/wp-json\/wp\/v2\/posts\/1493\/revisions"}],"wp:featuredmedia":[{"embeddable":true,"href":"https:\/\/editionsbussiere.com\/blog\/wp-json\/wp\/v2\/media\/1494"}],"wp:attachment":[{"href":"https:\/\/editionsbussiere.com\/blog\/wp-json\/wp\/v2\/media?parent=1493"}],"wp:term":[{"taxonomy":"category","embeddable":true,"href":"https:\/\/editionsbussiere.com\/blog\/wp-json\/wp\/v2\/categories?post=1493"},{"taxonomy":"post_tag","embeddable":true,"href":"https:\/\/editionsbussiere.com\/blog\/wp-json\/wp\/v2\/tags?post=1493"}],"curies":[{"name":"wp","href":"https:\/\/api.w.org\/{rel}","templated":true}]}}