{"id":1485,"date":"2024-10-11T22:04:30","date_gmt":"2024-10-11T20:04:30","guid":{"rendered":"https:\/\/editionsbussiere.com\/blog\/la-campagne-soppose-a-la-facon-dont-lamerique-a-ete-evangelisee-catholic-world-report-avec-une-priere-du-matin\/"},"modified":"2024-10-11T22:04:30","modified_gmt":"2024-10-11T20:04:30","slug":"la-campagne-soppose-a-la-facon-dont-lamerique-a-ete-evangelisee-catholic-world-report-avec-une-priere-du-matin","status":"publish","type":"post","link":"https:\/\/editionsbussiere.com\/blog\/la-campagne-soppose-a-la-facon-dont-lamerique-a-ete-evangelisee-catholic-world-report-avec-une-priere-du-matin\/","title":{"rendered":"La campagne s\u2019oppose \u00e0 la fa\u00e7on dont l\u2019Am\u00e9rique a \u00e9t\u00e9 \u00e9vang\u00e9lis\u00e9e \u2013 Catholic World Report\n avec une pri\u00e8re du matin."},"content":{"rendered":"<div><img width=\"580\" height=\"326\" src=\"https:\/\/editionsbussiere.com\/blog\/wp-content\/uploads\/2024\/10\/La-campagne-soppose-a-la-facon-dont-lAmerique-a-ete.jpg\" class=\"attachment-large size-large wp-post-image\" alt=\"La campagne s\u2019oppose \u00e0 la fa\u00e7on dont l\u2019Am\u00e9rique a \u00e9t\u00e9\" style=\"float:left; margin:0 15px 15px 0;\" decoding=\"async\" srcset=\"https:\/\/editionsbussiere.com\/blog\/wp-content\/uploads\/2024\/10\/La-campagne-soppose-a-la-facon-dont-lAmerique-a-ete.jpg 800w, https:\/\/www.n42.fr\/wp-content\/uploads\/2024\/10\/La-campagne-soppose-a-la-facon-dont-lAmerique-a-ete-300x169.jpg 300w, https:\/\/www.n42.fr\/wp-content\/uploads\/2024\/10\/La-campagne-soppose-a-la-facon-dont-lAmerique-a-ete-768x432.jpg 768w\" sizes=\"(max-width: 580px) 100vw, 580px\"><\/p>\n<p>\n<\/p>\n<div>\n<div style=\"width: 100%; margin-bottom: 25px;\">\n<figure style=\"width: 800px\" class=\"wp-caption alignnone\"><figcaption class=\"wp-caption-text\">L\u2019Association catholique des propagandistes (Advocates) a lanc\u00e9 une nouvelle campagne d\u2019affichage dans le but de \u00ab d\u00e9manteler les st\u00e9r\u00e9otypes de la l\u00e9gende noire contre l\u2019h\u00e9ritage hispanique \u00bb et de vanter ceux qui \u00ab au risque de perdre la vie, se sont lanc\u00e9s dans l\u2019aventure d\u2019atteindre le Nouveau Monde avec un objectif principal : propager le christianisme. \/ Cr\u00e9dit\u00a0: Avec l\u2019aimable autorisation de l\u2019Association catholique des propagandistes (Advocates)<\/figcaption><\/figure>\n<\/div>\n<p>Madrid, Espagne, 11 octobre 2024 \/ 08h00 (CNA).<\/p>\n<p>L\u2019Association catholique des propagandistes (avocats) (ACdP) en Espagne a lanc\u00e9 une campagne sur la d\u00e9couverte et l\u2019\u00e9vang\u00e9lisation de l\u2019Am\u00e9rique intitul\u00e9e \u00ab 1492\u00a0: ni g\u00e9nocidaires ni propri\u00e9taires d\u2019esclaves \u2013 ils \u00e9taient des h\u00e9ros et des saints \u00bb.<\/p>\n<p>Avec plus de 200 affiches distribu\u00e9es sur des chapiteaux et des panneaux d\u2019affichage dans plus de 60 villes espagnoles, la campagne a \u00e9t\u00e9 cr\u00e9\u00e9e dans le but de \u00ab d\u00e9manteler les st\u00e9r\u00e9otypes de la l\u00e9gende noire contre l\u2019h\u00e9ritage hispanique \u00bb.<\/p>\n<p>La campagne vante les r\u00e9alisations de ceux qui \u00ab au risque de perdre la vie, se sont lanc\u00e9s dans l\u2019aventure d\u2019atteindre le Nouveau Monde avec un objectif principal : propager le christianisme \u00bb, explique un communiqu\u00e9 de l\u2019organisation.<\/p>\n<p>L\u2019ACdP a soulign\u00e9 qu\u2019avec cette initiative, elle \u00ab rend hommage \u00e0 ceux qui ont apport\u00e9 la promotion de la dignit\u00e9 humaine \u2013 qui trouve son origine dans la foi catholique \u2013 aux peuples autochtones, soumis \u00e0 l\u2019oppression d\u2019empires sanguinaires \u00bb.<\/p>\n<p>L\u2019association cherche \u00e0 \u00ab\u00a0combattre la soi-disant \u2018l\u00e9gende noire\u2019 r\u00e9pandue depuis des si\u00e8cles contre la remarquable r\u00e9ussite espagnole\u00a0\u00bb.<\/p>\n<p>Les affiches et les panneaux d\u2019affichage montrent un code QR qui renvoie \u00e0 une vid\u00e9o qui, sur un ton humoristique, simule un concours t\u00e9l\u00e9vis\u00e9 auquel participent un promoteur de la \u00ab l\u00e9gende noire \u00bb et un citoyen d\u2019un pays d\u2019Am\u00e9rique latine.<\/p>\n<p>Le concours t\u00e9l\u00e9vis\u00e9 simul\u00e9 d\u00e9mant\u00e8le un \u00e0 un les principaux st\u00e9r\u00e9otypes sur l\u2019arriv\u00e9e des Espagnols dans les Am\u00e9riques et la diffusion de la foi chr\u00e9tienne par les monarques catholiques, la reine Isabelle de Castille et son \u00e9poux, le roi Ferdinand d\u2019Aragon.<\/p>\n<p>Entre autres points, l\u2019\u00e9pisode souligne que l\u2019Espagne n\u2019a jamais eu de \u00ab colonies \u00bb mais de \u00ab vice-royaut\u00e9s \u00bb et qu\u2019au niveau culturel, 100 des 140 sites du patrimoine mondial des Nations Unies en Am\u00e9rique latine sont d\u2019origine espagnole. Il souligne \u00e9galement qu\u2019en 1538 plus de 30 universit\u00e9s avaient d\u00e9j\u00e0 \u00e9t\u00e9 fond\u00e9es et qu\u2019en 1574 la Bible avait \u00e9t\u00e9 traduite dans plus de 12 langues autochtones.<\/p>\n<p>Le fait que les Espagnols se soient mari\u00e9s avec des autochtones, r\u00e9sultant en une soci\u00e9t\u00e9 m\u00e9tisse, a \u00e9t\u00e9 soulign\u00e9 comme contraire \u00e0 l\u2019expulsion et \u00e0 l\u2019extermination g\u00e9n\u00e9ralis\u00e9es des peuples autochtones par d\u2019autres puissances europ\u00e9ennes en Am\u00e9rique du Nord. L\u2019\u00e9pisode a \u00e9galement soulign\u00e9 l\u2019\u00e9norme co\u00fbt \u00e9conomique que l\u2019Espagne a support\u00e9 pour maintenir sa pr\u00e9sence en Am\u00e9rique, bien plus que ce qu\u2019elle a obtenu des ressources naturelles du nouveau continent.<\/p>\n<p>L\u2019ann\u00e9e derni\u00e8re, \u00e0 l\u2019occasion de la Journ\u00e9e du patrimoine hispanique, l\u2019ACdP a \u00e9galement publi\u00e9 une vid\u00e9o qui r\u00e9sume en deux minutes l\u2019histoire de l\u2019Espagne, depuis l\u2019apparition de la Vierge Marie \u00e0 l\u2019ap\u00f4tre saint Jacques \u00e0 Saragosse jusqu\u2019aux temps modernes.<\/p>\n<p>Ces campagnes et d\u2019autres font partie d\u2019une strat\u00e9gie d\u00e9velopp\u00e9e par l\u2019ACdP ces derni\u00e8res ann\u00e9es pour mettre en \u00e9vidence l\u2019impact positif des valeurs catholiques dans la soci\u00e9t\u00e9.<\/p>\n<p><em>Cette histoire <\/em><em>a \u00e9t\u00e9 publi\u00e9 pour la premi\u00e8re fois<\/em><em>  par ACI Prensa, le partenaire d\u2019information en langue espagnole de CNA. Il a \u00e9t\u00e9 traduit et adapt\u00e9 par CNA.<\/em><\/p>\n<div class=\"post-donation-box\">\n<hr>\n<p>Si vous appr\u00e9ciez les nouvelles et les opinions fournies par Catholic World Report, veuillez envisager de faire un don pour soutenir nos efforts. Votre contribution nous aidera \u00e0 continuer \u00e0 rendre CWR accessible gratuitement \u00e0 tous les lecteurs du monde entier, sans abonnement. Merci pour votre g\u00e9n\u00e9rosit\u00e9 !<\/p>\n<p>Cliquez ici pour plus d\u2019informations sur les dons \u00e0 CWR. Cliquez ici pour vous inscrire \u00e0 notre newsletter.<\/p>\n<hr style=\"margin-bottom: 25px;\">\n      <\/div>\n<\/div>\n<p><script>\n!function(f,b,e,v,n,t,s)\nif(f.fbq)return;n=f.fbq=function()n.callMethod?\nn.callMethod.apply(n,arguments):n.queue.push(arguments);\nif(!f._fbq)f._fbq=n;n.push=n;n.loaded=!0;n.version='2.0';\nn.queue=[];t=b.createElement(e);t.async=!0;\nt.src=v;s=b.getElementsByTagName(e)[0];\ns.parentNode.insertBefore(t,s)(window, document,'script',\n'\nfbq('init', '860643031454650');\nfbq('track', 'PageView');\n<\/script><script>\n\t\t\t\t(function(d, s, id)\n\t\t\t\t\tvar js, fjs = d.getElementsByTagName(s)[0];\n\t\t\t\t\tif (d.getElementById(id)) return;\n\t\t\t\t\tjs = d.createElement(s); js.id = id;\n\t\t\t\t\tjs.src = \"\/\/connect.facebook.net\/en_US\/sdk.js#xfbml=1&version=v2.6\";\n\t\t\t\t\tfjs.parentNode.insertBefore(js, fjs);\n\t\t\t\t(document, 'script', 'facebook-jssdk'));\n\t\t\t<\/script><\/p>\n<h2> \u00c9lever nos pri\u00e8res pour nos familles au Seigneur de bon matin.<\/h2>\n<p>La derni\u00e8re phase de la pri\u00e8re du matin consiste \u00e0 prier pour nos proches familles, notre propre famille, nos connaissances et nos communaut\u00e9. Nous pouvons prier pour leur propre, leur prosp\u00e9rit\u00e9, leur s\u00fbret\u00e9, et leur r\u00e9ussite. Nous pouvons \u00e9galement prier pour nos adversaires et pour celles qui nous ont bless\u00e9s, et demander \u00e0 Dieu de nous aider \u00e0 leur pardonner et \u00e0 leur d\u00e9montrer la compassion.<\/p>\n<h3> Demander pour la bien-\u00eatre et la tranquillit\u00e9 de nos proches.<\/h3>\n<p>\u00d4 Seigneur, nous te confions nos proches, notre familles avec nos connaissances. Garde, \u00f4 Dieu, au-dessus de eux, et sauvegarde -les de tout risque et de toute affliction. Accorde, Dieu mis\u00e9ricordieux, une vigueur du corps ainsi que de l\u2019esprit \u00e0 eux, ainsi que la paix dans leur esprit. Puisses-tu permettre ta b\u00e9n\u00e9diction omnipotente les \u00e2mes garde et les guide chacun au long de cette journ\u00e9e, pour qu\u2019il puissent vivent dans une tranquillit\u00e9 et aussi la paix.<\/p>\n<p>Nous vers toi prions pareillement pour nos enfants, Seigneur, afin qu\u2019ils grandissent dans leur foi ainsi que dans l\u2019amour de ton sacr\u00e9 nom. Offre, \u00d4 Dieu, la sagesse et la vigueur n\u00e9cessaires en vue de faire face \u00e0 les \u00e9preuves de la vie, ainsi que conduise leurs pas sur le chemin de la v\u00e9rit\u00e9 et de la justice.<\/p>\n<p>Enfin, nous te prions pour nos amis ainsi que nos voisins, Seigneur, qu\u2019ils d\u00e9couvrent la joie de ton amour avec la s\u00e9r\u00e9nit\u00e9 de ton pardon. Accorde-leur, \u00f4 Dieu, de c\u0153urs g\u00e9n\u00e9reux en vue de partager avec ceux qui sont dans le besoin, et mains accueillantes pour accueillir ceux que seuls et abandonn\u00e9s.<\/p>\n<h3> Prier pour nos ennemis et ceux qui sont nous ont offens\u00e9s. <\/h3>\n<p>Seigneur Dieu, J\u00e9sus, nous vous prions pour nos ennemis et aussi pour ceux que nous autres ont offens\u00e9s. Accorde-leur, \u00f4 Christ, votre mis\u00e9ricorde ainsi que ton pardon, ainsi que ouvre leur c\u0153ur \u00e0 la lumi\u00e8re des ta v\u00e9rit\u00e9. Aide-nous, Seigneur, \u00e0 leur montrer de la compassion et \u00e0 leur pardonner comme tu nous autres as pardonn\u00e9. Que ta paix r\u00e8gne dans notre c\u0153urs ainsi que que ton amour guide les n\u00f4tres actions, pour que nous puissions vivre en harmonie avec tous ceux qui nous-m\u00eames entourent.<\/p>\n<h3> Comprendre la pri\u00e8re : <\/h3>\n<p>En conclusion, l\u2019 pri\u00e8re nous reconna\u00eet notre devoir en tant que enfants de Dieu : \u00eatre des observateurs de sa clart\u00e9 et de ses affection dans une \u00e8re affect\u00e9e aux obscurit\u00e9s. \u00c0 travers notre mots et nos \u0153uvres, nous r\u00e9pandons le message de l\u2019 tranquillit\u00e9 et de la rapprochement, amenant l\u2019esp\u00e9rance et la cicatrisation \u00e0 un environnement ab\u00eem\u00e9.<\/p>\n<p>\u00c0 l\u2019int\u00e9rieur de la spiritualit\u00e9 chr\u00e9tienne, le lever du jour adopte une valeur particuli\u00e8re, symbolisant le renouvellement et l\u2019 reconstruction int\u00e9rieure. C\u2019est au d\u00e9but de chaque jour que le c\u0153ur se dirige vers le Seigneur dans l\u2019oraison, cherchant \u00e0 se trouver \u00e9clair\u00e9e par la clart\u00e9 c\u00e9leste. L\u2019habitude des pri\u00e8res matinales est profond\u00e9ment enracin\u00e9e dans la tradition chr\u00e9tienne, fournissant une p\u00e9riode privil\u00e9gi\u00e9 pour communier avec l\u2019\u00c9ternel et se disposer mentalement aux d\u00e9fis de la journ\u00e9e qui vient.<\/p>\n<p>Au au sein de ces pri\u00e8res matinales se observe habituellement une d\u00e9votion sp\u00e9ciale pour Marie, la maternelle de J\u00e9sus et aussi ic\u00f4ne sainte v\u00e9n\u00e9r\u00e9e par beaucoup fid\u00e8les. En qualit\u00e9 de interm\u00e9diaire au milieu de les hommes et Dieu, Marie est invoqu\u00e9e pour interc\u00e9der en notre faveur, nous-m\u00eames conduisant sur le chemin de la saintet\u00e9 ainsi que ainsi que la gr\u00e2ce divine. Ses pr\u00e9sence maternelle donne r\u00e9confort et s\u00e9curit\u00e9, enveloppant nos pri\u00e8res matinales d\u2019une douceur c\u00e9leste.<\/p>\n<p>\u00c0 par les pri\u00e8re du matin, nous sommes appel\u00e9s \u00e0 nous rallier \u00e0 Marie dans une initiative de b\u00e9atification individuelle. En m\u00e9ditant au sujet de sa vie ainsi que ses vertus, on cherchons \u00e0 imiter son humilit\u00e9, la puret\u00e9 et son ob\u00e9issance \u00e0 l\u2019 volont\u00e9 de Dieu. Par le biais de sa saintet\u00e9 mod\u00e8le, Marie devient en nous une mod\u00e8le de vie chr\u00e9tienne, nous rappelant l\u2019importance de la pri\u00e8re ainsi que de la contemplation dans notre cheminement spirituel.<\/p>\n<p>Unissons nos voix dans la pri\u00e8re de debut de journ\u00e9e, dans l\u2019unit\u00e9 de notre esp\u00e9rance, en nous tournant vers Marie, la m\u00e8re de notre Seigneur J\u00e9sus-Christ. Dans notre monde troubl\u00e9 par les conflits et la division, optons \u00e0 la pri\u00e8re pour trouver de trouver la s\u00e9r\u00e9nit\u00e9 et l\u2019harmonie. Les catholiques du monde entier peuvent envoyer une intention de pri\u00e8re pour la m\u00e8re de dieu <a target=\"_blank\" rel=\"nofollow\" href=\"https:\/\/editionsbussiere.com\/blog\/goto\/https:\/\/www.avemariasound.org\/\" >en nous faisant appel.<\/a> Que nos supplications s\u2019\u00e9l\u00e8vent vers le ciel, comme une offrande re\u00e7u avec faveur par Dieu, afin qu\u2019il guide \u00e9clairer nos chemins sur le chemin de la justice et de la v\u00e9rit\u00e9. L\u2019ap\u00f4tre Paul nous dans ses \u00e9p\u00eetres \u00e0 prier sans cesse, quelle que soit la situation, pour que notre connexion \u00e0 Dieu soit solide et ardente. La pri\u00e8re, lorsqu\u2019elle est offerte sinc\u00e8rement, poss\u00e8de le pouvoir de transformer nos c\u0153urs et de modifier le cours de l\u2019histoire.<\/p>\n<p>La oraison du matin se trouve \u00eatre un moment favoris\u00e9 afin de se consacrer \u00e0 Dieu avec l\u2019intercession de Marie, en sacrifiant nos acclamations, nos reconnaissances et nos intentions les plus profondes. Au sein de l\u2019 qui\u00e9tude de l\u2019aurore, on est invit\u00e9s \u00e0 se tourner envers cette m\u00e8re sacr\u00e9e, laquelle nous guide par affection au sujet de le chemin du la foi et l\u2019amour divin. En faisant l\u2019union nos voix pour celle de Marie, nous \u00e9levons notre pri\u00e8res matinales vers le tr\u00f4ne de du don divin, confiants que notre supplications seront entendues ainsi que accueillies par du c\u0153ur mis\u00e9ricordieux de Dieu.<\/p>\n<h2> Pri\u00e8re pour le d\u00e9but de journ\u00e9e avec dieu et la Sainte M\u00e8re<\/h2>\n<p>Dieu tout-puissant et plein de mis\u00e9ricorde, en ce matin qui s\u2019annonce sous la clart\u00e9 de ta divine lumi\u00e8re, je viens \u00e0 toi avec confiance et humilit\u00e9. Que cette journ\u00e9e qui s\u2019ouvre soit consacr\u00e9e \u00e0 ta saintet\u00e9, que chaque battement de mon c\u0153ur |chaque regard de mes yeux|chacune de mes paroles|chacun de mes gestes} te soit offert en offrande. Que chaque respiration qui anime mon \u00eatre soit un souffle de pri\u00e8re |un souffle vers toi|un souffle de vie en toi}. Suppliez, que nos pri\u00e8res montent, priez, priez, que nos esprits s\u2019\u00e9l\u00e8vent.<\/p>\n<p>Comme Marie, la m\u00e8re sainte qui a port\u00e9 en son sein l\u2019enfant J\u00e9sus, guide-moi dans ce voyage de foi et de d\u00e9votion. Que je puisse, \u00e0 travers les pages de l\u2019\u00c9vangile, rencontrer la clart\u00e9 pour \u00e9clairer mes pas et renforcer ma foi. \u00c0 l\u2019instar de Pierre, accorde-moi la force et la bravoure de surmonter les tourments de l\u2019existence avec une confiance in\u00e9branlable en ta providence.<\/p>\n<p>Durant ce moment de Car\u00eame, o\u00f9 les croyants et les chr\u00e9tiennes se pr\u00e9parent \u00e0 honorer la r\u00e9surrection de J\u00e9sus-Christ, accorde-moi, Seigneur, la b\u00e9n\u00e9diction de la renaissance spirituelle. Que mon c\u0153ur soit purifi\u00e9 de toute souillure, afin qu\u2019il devienne un temple digne de ta pr\u00e9sence. Que mes pri\u00e8res, suivant l\u2019exemple de Fran\u00e7ois d\u2019Assise, retentisse tel un hymne de louange \u00e0 travers les si\u00e8cles.<br \/>\n\u00d4 Seigneur, que ma journ\u00e9e soit impr\u00e9gn\u00e9 de ta gr\u00e2ce, que chacun des instants soit une occasion de te rencontrer et de te servir dans mes prochains. Que ma vie soit un t\u00e9moignage vivant de ta tendresse infinie pour l\u2019humanit\u00e9. Puissent les pri\u00e8res de Hozana monter vers toi comme un doux parfum, enveloppant chaque instant de ma journ\u00e9e dans une douce tranquillit\u00e9. Priez, \u00c9glise, Fran\u00e7ois, Hozana.<\/p>\n<p>Que mon c\u0153ur, \u00d4 Seigneur, devienne un reflet du tien, rempli d\u2019amour, de compassion et de mis\u00e9ricorde envers mes semblables. Que chacune de mes pens\u00e9es et de mes actions soit dirig\u00e9e par l\u2019Esprit divin, afin que je puisse contribuer \u00e0 l\u2019av\u00e8nement de ta justice sur la terre.<\/p>\n<p>Puissent cette journ\u00e9e constitue une nouvelle \u00e9tape dans mon cheminement spirituel, une occasion de grandir dans la foi. Seigneur, prends possession de mon c\u0153ur, fais-en ton sanctuaire, o\u00f9 ta pr\u00e9sence se manifeste en tout temps. Que chacun de mes battements de c\u0153ur se transforme en un chant en ton honneur, Seigneur, pour l\u2019\u00e9ternit\u00e9. Amen.<\/p>\n<p>Dans le r\u00e9veil spirituel religieux de chaque \u00e2me chr\u00e9tienne, la pri\u00e8re a un r\u00f4le. C\u2019est la connexion intime entre le croyant de Dieu et sa m\u00e8re c\u00e9leste, Marie, qui interc\u00e8de pour nous aupr\u00e8s de son c\u00e9leste Fils. Par le biais de la supplication, les fid\u00e8les p\u00e9n\u00e9trons dans la clart\u00e9 de l\u2019\u00c9vangile, men\u00e9s par l\u2019Esprit Saint, dans le but de d\u00e9celer la vraie nature et la faveur que J\u00e9sus nous offre.<\/p>\n<h2>M\u00e9ditation de la divine Parole du Seigneur : <\/h2>\n<p>On sommes capables de m\u00e9diter sur un passage religieux qui nous enseigne de la tendresse du Seigneur. \u00c0 titre d\u2019exemple :<\/p>\n<h3>1 Corinthiens 13, 1-8 : <\/h3>\n<p>\u00a0\u00bb<br \/>\nL\u2019amour est patient, il est plein de bont\u00e9; l\u2019amour n\u2019est point envieux; l\u2019amour ne se vante point, il ne s\u2019enfle point d\u2019orgueil, il ne fait rien de malhonn\u00eate, il ne cherche point son int\u00e9r\u00eat, il ne s\u2019irrite point, il ne soup\u00e7onne point le mal, il ne se r\u00e9jouit point de l\u2019injustice, mais il se r\u00e9jouit de la v\u00e9rit\u00e9; il supporte tout, il croit tout, il esp\u00e8re tout, il endure tout.<br \/>\nL\u2019amour ne p\u00e9rit jamais; mais, les proph\u00e9ties, elles seront abolies; les langues, elles cesseront; la connaissance, elle sera abolie.\u00a0\u00bb<\/p>\n<p>Publications sur un propos semblable:<\/p>\n<p>Voyages aux Montagnes Rocheuses\/12.,<a target=\"_blank\" rel=\"nofollow\" href=\"https:\/\/editionsbussiere.com\/blog\/goto\/https:\/\/fr.wikisource.org\/wiki\/Voyages_aux_Montagnes_Rocheuses\/12\"  target=\"_blank\" rel=\"noopener noreferrer nofollow\">Le texte de l\u2019article.<\/a><span><\/span><\/p>\n<p>Livre de pri\u00e8res, 1852\/Pri\u00e8res diverses (vie).,<a target=\"_blank\" rel=\"nofollow\" href=\"https:\/\/editionsbussiere.com\/blog\/goto\/https:\/\/fr.wikisource.org\/wiki\/Livre_de_pri%C3%A8res,_1852\/Pri%C3%A8res_diverses_(vie)\"  target=\"_blank\" rel=\"noopener noreferrer nofollow\">Cliquer ICI.<\/a><span><\/span><\/p>\n<p>Les Foules de Lourdes\/Chapitre XV.,<a target=\"_blank\" rel=\"nofollow\" href=\"https:\/\/editionsbussiere.com\/blog\/goto\/https:\/\/fr.wikisource.org\/wiki\/Les_Foules_de_Lourdes\/Chapitre_XV\"  target=\"_blank\" rel=\"noopener noreferrer nofollow\">Le dossier.<\/a><span><\/span><\/p>\n<p>Le v\u0153u de Louis XIII \u2013 MM. Ingres et Calamatta.,<a target=\"_blank\" rel=\"nofollow\" href=\"https:\/\/editionsbussiere.com\/blog\/goto\/https:\/\/fr.wikisource.org\/wiki\/Le_v%C5%93u_de_Louis_XIII_-_MM._Ingres_et_Calamatta\"  target=\"_blank\" rel=\"noopener noreferrer nofollow\">A lire ici.<\/a><span><\/span><\/p>\n<p>La Fortune de Gaspard\/XXIX.,<a target=\"_blank\" rel=\"nofollow\" href=\"https:\/\/editionsbussiere.com\/blog\/goto\/https:\/\/fr.wikisource.org\/wiki\/La_Fortune_de_Gaspard\/XXIX\"  target=\"_blank\" rel=\"noopener noreferrer nofollow\">Cliquer ICI.<\/a><span><\/span><\/p>\n<p>Chants populaires de la Basse-Bretagne\/Marie Le Masson.,<a target=\"_blank\" rel=\"nofollow\" href=\"https:\/\/editionsbussiere.com\/blog\/goto\/https:\/\/fr.wikisource.org\/wiki\/Chants_populaires_de_la_Basse-Bretagne\/Marie_Le_Masson\"  target=\"_blank\" rel=\"noopener noreferrer nofollow\">Le post d\u2019actualit\u00e9.<\/a><span><\/span><\/p>\n<\/div>\n<p><img decoding=\"async\" class=\"wpe_imgrss\" src=\"https:\/\/editionsbussiere.com\/blog\/wp-content\/uploads\/2024\/10\/La-campagne-soppose-a-la-facon-dont-lAmerique-a-ete.jpg\">Cet article a \u00e9t\u00e9 reconstitu\u00e9 du mieux possible. Dans l\u2019hypoth\u00e8se o\u00f9 vous souhaitez apporter quelques modifications concernant le th\u00e8me \u00ab\u00a0Editions \u00e9sot\u00e9rique fond\u00e9e en 1927\u00a0\u00bb, il est possible de discuter avec notre r\u00e9daction. Vous pouvez tirer profit de cet article traitant le sujet \u00ab\u00a0Editions \u00e9sot\u00e9rique fond\u00e9e en 1927\u00a0\u00bb. Il est concoct\u00e9 par l\u2019\u00e9quipe editionsbussiere.com. Le site editionsbussiere.com est fait pour cr\u00e9er divers posts autour du th\u00e8me Editions \u00e9sot\u00e9rique fond\u00e9e en 1927 d\u00e9velopp\u00e9es sur internet. Consultez notre site internet editionsbussiere.com et nos r\u00e9seaux sociaux pour \u00eatre au courant des futures annonces.<\/p>\n","protected":false},"excerpt":{"rendered":"<p>L\u2019Association catholique des propagandistes (Advocates) a lanc\u00e9 une nouvelle campagne d\u2019affichage dans le but de \u00ab d\u00e9manteler les st\u00e9r\u00e9otypes de la l\u00e9gende noire contre l\u2019h\u00e9ritage hispanique \u00bb et de vanter ceux qui \u00ab au risque de perdre la vie, se sont lanc\u00e9s dans l\u2019aventure d\u2019atteindre le Nouveau Monde avec un objectif principal : propager le [&hellip;]<\/p>\n","protected":false},"author":3,"featured_media":1486,"comment_status":"closed","ping_status":"closed","sticky":false,"template":"","format":"standard","meta":{"footnotes":""},"categories":[3],"tags":[],"class_list":["post-1485","post","type-post","status-publish","format-standard","has-post-thumbnail","hentry","category-editions-esoterique-fondee-en-1927-depeches","entry","fw-tab-6 fw-tabr-4","has-featured-image"],"yoast_head":"<!-- This site is optimized with the Yoast SEO plugin v27.5 - https:\/\/yoast.com\/product\/yoast-seo-wordpress\/ -->\n<title>La campagne s\u2019oppose \u00e0 la fa\u00e7on dont l\u2019Am\u00e9rique a \u00e9t\u00e9 \u00e9vang\u00e9lis\u00e9e \u2013 Catholic World Report avec une pri\u00e8re du matin. - EDITIONSBUSSIERE<\/title>\n<meta name=\"robots\" content=\"index, follow, max-snippet:-1, max-image-preview:large, max-video-preview:-1\" \/>\n<link rel=\"canonical\" href=\"https:\/\/editionsbussiere.com\/blog\/la-campagne-soppose-a-la-facon-dont-lamerique-a-ete-evangelisee-catholic-world-report-avec-une-priere-du-matin\/\" \/>\n<meta property=\"og:locale\" content=\"fr_FR\" \/>\n<meta property=\"og:type\" content=\"article\" \/>\n<meta property=\"og:title\" content=\"La campagne s\u2019oppose \u00e0 la fa\u00e7on dont l\u2019Am\u00e9rique a \u00e9t\u00e9 \u00e9vang\u00e9lis\u00e9e \u2013 Catholic World Report avec une pri\u00e8re du matin. - EDITIONSBUSSIERE\" \/>\n<meta property=\"og:description\" content=\"L\u2019Association catholique des propagandistes (Advocates) a lanc\u00e9 une nouvelle campagne d\u2019affichage dans le but de \u00ab d\u00e9manteler les st\u00e9r\u00e9otypes de la l\u00e9gende noire contre l\u2019h\u00e9ritage hispanique \u00bb et de vanter ceux qui \u00ab au risque de perdre la vie, se sont lanc\u00e9s dans l\u2019aventure d\u2019atteindre le Nouveau Monde avec un objectif principal : propager le [&hellip;]\" \/>\n<meta property=\"og:url\" content=\"https:\/\/editionsbussiere.com\/blog\/la-campagne-soppose-a-la-facon-dont-lamerique-a-ete-evangelisee-catholic-world-report-avec-une-priere-du-matin\/\" \/>\n<meta property=\"og:site_name\" content=\"EDITIONSBUSSIERE\" \/>\n<meta property=\"article:published_time\" content=\"2024-10-11T20:04:30+00:00\" \/>\n<meta property=\"og:image\" content=\"https:\/\/editionsbussiere.com\/blog\/wp-content\/uploads\/2024\/10\/La-campagne-soppose-a-la-facon-dont-lAmerique-a-ete.jpg\" \/>\n<meta name=\"author\" content=\"Marie BATICLE\" \/>\n<meta name=\"twitter:card\" content=\"summary_large_image\" \/>\n<meta name=\"twitter:label1\" content=\"\u00c9crit par\" \/>\n\t<meta name=\"twitter:data1\" content=\"Marie BATICLE\" \/>\n\t<meta name=\"twitter:label2\" content=\"Dur\u00e9e de lecture estim\u00e9e\" \/>\n\t<meta name=\"twitter:data2\" content=\"13 minutes\" \/>\n<script type=\"application\/ld+json\" class=\"yoast-schema-graph\">{\"@context\":\"https:\\\/\\\/schema.org\",\"@graph\":[{\"@type\":\"Article\",\"@id\":\"https:\\\/\\\/editionsbussiere.com\\\/blog\\\/la-campagne-soppose-a-la-facon-dont-lamerique-a-ete-evangelisee-catholic-world-report-avec-une-priere-du-matin\\\/#article\",\"isPartOf\":{\"@id\":\"https:\\\/\\\/editionsbussiere.com\\\/blog\\\/la-campagne-soppose-a-la-facon-dont-lamerique-a-ete-evangelisee-catholic-world-report-avec-une-priere-du-matin\\\/\"},\"author\":{\"name\":\"Marie BATICLE\",\"@id\":\"https:\\\/\\\/editionsbussiere.com\\\/blog\\\/#\\\/schema\\\/person\\\/ec90e102792148c97e46ab871010dd8f\"},\"headline\":\"La campagne s\u2019oppose \u00e0 la fa\u00e7on dont l\u2019Am\u00e9rique a \u00e9t\u00e9 \u00e9vang\u00e9lis\u00e9e \u2013 Catholic World Report avec une pri\u00e8re du matin.\",\"datePublished\":\"2024-10-11T20:04:30+00:00\",\"mainEntityOfPage\":{\"@id\":\"https:\\\/\\\/editionsbussiere.com\\\/blog\\\/la-campagne-soppose-a-la-facon-dont-lamerique-a-ete-evangelisee-catholic-world-report-avec-une-priere-du-matin\\\/\"},\"wordCount\":2579,\"publisher\":{\"@id\":\"https:\\\/\\\/editionsbussiere.com\\\/blog\\\/#organization\"},\"image\":{\"@id\":\"https:\\\/\\\/editionsbussiere.com\\\/blog\\\/la-campagne-soppose-a-la-facon-dont-lamerique-a-ete-evangelisee-catholic-world-report-avec-une-priere-du-matin\\\/#primaryimage\"},\"thumbnailUrl\":\"https:\\\/\\\/editionsbussiere.com\\\/blog\\\/wp-content\\\/uploads\\\/2024\\\/10\\\/La-campagne-soppose-a-la-facon-dont-lAmerique-a-ete.jpg\",\"articleSection\":[\"Editions \u00c9sot\u00e9rique Fond\u00e9e En 1927; D\u00e9p\u00e8ches:\"],\"inLanguage\":\"fr-FR\"},{\"@type\":\"WebPage\",\"@id\":\"https:\\\/\\\/editionsbussiere.com\\\/blog\\\/la-campagne-soppose-a-la-facon-dont-lamerique-a-ete-evangelisee-catholic-world-report-avec-une-priere-du-matin\\\/\",\"url\":\"https:\\\/\\\/editionsbussiere.com\\\/blog\\\/la-campagne-soppose-a-la-facon-dont-lamerique-a-ete-evangelisee-catholic-world-report-avec-une-priere-du-matin\\\/\",\"name\":\"La campagne s\u2019oppose \u00e0 la fa\u00e7on dont l\u2019Am\u00e9rique a \u00e9t\u00e9 \u00e9vang\u00e9lis\u00e9e \u2013 Catholic World Report avec une pri\u00e8re du matin. - EDITIONSBUSSIERE\",\"isPartOf\":{\"@id\":\"https:\\\/\\\/editionsbussiere.com\\\/blog\\\/#website\"},\"primaryImageOfPage\":{\"@id\":\"https:\\\/\\\/editionsbussiere.com\\\/blog\\\/la-campagne-soppose-a-la-facon-dont-lamerique-a-ete-evangelisee-catholic-world-report-avec-une-priere-du-matin\\\/#primaryimage\"},\"image\":{\"@id\":\"https:\\\/\\\/editionsbussiere.com\\\/blog\\\/la-campagne-soppose-a-la-facon-dont-lamerique-a-ete-evangelisee-catholic-world-report-avec-une-priere-du-matin\\\/#primaryimage\"},\"thumbnailUrl\":\"https:\\\/\\\/editionsbussiere.com\\\/blog\\\/wp-content\\\/uploads\\\/2024\\\/10\\\/La-campagne-soppose-a-la-facon-dont-lAmerique-a-ete.jpg\",\"datePublished\":\"2024-10-11T20:04:30+00:00\",\"breadcrumb\":{\"@id\":\"https:\\\/\\\/editionsbussiere.com\\\/blog\\\/la-campagne-soppose-a-la-facon-dont-lamerique-a-ete-evangelisee-catholic-world-report-avec-une-priere-du-matin\\\/#breadcrumb\"},\"inLanguage\":\"fr-FR\",\"potentialAction\":[{\"@type\":\"ReadAction\",\"target\":[\"https:\\\/\\\/editionsbussiere.com\\\/blog\\\/la-campagne-soppose-a-la-facon-dont-lamerique-a-ete-evangelisee-catholic-world-report-avec-une-priere-du-matin\\\/\"]}]},{\"@type\":\"ImageObject\",\"inLanguage\":\"fr-FR\",\"@id\":\"https:\\\/\\\/editionsbussiere.com\\\/blog\\\/la-campagne-soppose-a-la-facon-dont-lamerique-a-ete-evangelisee-catholic-world-report-avec-une-priere-du-matin\\\/#primaryimage\",\"url\":\"https:\\\/\\\/editionsbussiere.com\\\/blog\\\/wp-content\\\/uploads\\\/2024\\\/10\\\/La-campagne-soppose-a-la-facon-dont-lAmerique-a-ete.jpg\",\"contentUrl\":\"https:\\\/\\\/editionsbussiere.com\\\/blog\\\/wp-content\\\/uploads\\\/2024\\\/10\\\/La-campagne-soppose-a-la-facon-dont-lAmerique-a-ete.jpg\",\"width\":800,\"height\":450,\"caption\":\"La campagne soppose a la facon dont lAmerique a ete\"},{\"@type\":\"BreadcrumbList\",\"@id\":\"https:\\\/\\\/editionsbussiere.com\\\/blog\\\/la-campagne-soppose-a-la-facon-dont-lamerique-a-ete-evangelisee-catholic-world-report-avec-une-priere-du-matin\\\/#breadcrumb\",\"itemListElement\":[{\"@type\":\"ListItem\",\"position\":1,\"name\":\"Accueil\",\"item\":\"https:\\\/\\\/editionsbussiere.com\\\/blog\\\/\"},{\"@type\":\"ListItem\",\"position\":2,\"name\":\"La campagne s\u2019oppose \u00e0 la fa\u00e7on dont l\u2019Am\u00e9rique a \u00e9t\u00e9 \u00e9vang\u00e9lis\u00e9e \u2013 Catholic World Report avec une pri\u00e8re du matin.\"}]},{\"@type\":\"WebSite\",\"@id\":\"https:\\\/\\\/editionsbussiere.com\\\/blog\\\/#website\",\"url\":\"https:\\\/\\\/editionsbussiere.com\\\/blog\\\/\",\"name\":\"EDITIONSBUSSIERE\",\"description\":\"Editions \u00e9sot\u00e9rique fond\u00e9e en 1927; site historique, A SAVOIR ET RETENIR.\",\"publisher\":{\"@id\":\"https:\\\/\\\/editionsbussiere.com\\\/blog\\\/#organization\"},\"potentialAction\":[{\"@type\":\"SearchAction\",\"target\":{\"@type\":\"EntryPoint\",\"urlTemplate\":\"https:\\\/\\\/editionsbussiere.com\\\/blog\\\/?s={search_term_string}\"},\"query-input\":{\"@type\":\"PropertyValueSpecification\",\"valueRequired\":true,\"valueName\":\"search_term_string\"}}],\"inLanguage\":\"fr-FR\"},{\"@type\":\"Organization\",\"@id\":\"https:\\\/\\\/editionsbussiere.com\\\/blog\\\/#organization\",\"name\":\"editionsbussiere\",\"url\":\"https:\\\/\\\/editionsbussiere.com\\\/blog\\\/\",\"logo\":{\"@type\":\"ImageObject\",\"inLanguage\":\"fr-FR\",\"@id\":\"https:\\\/\\\/editionsbussiere.com\\\/blog\\\/#\\\/schema\\\/logo\\\/image\\\/\",\"url\":\"https:\\\/\\\/editionsbussiere.com\\\/blog\\\/wp-content\\\/uploads\\\/2023\\\/09\\\/cropped-buss.gif\",\"contentUrl\":\"https:\\\/\\\/editionsbussiere.com\\\/blog\\\/wp-content\\\/uploads\\\/2023\\\/09\\\/cropped-buss.gif\",\"width\":298,\"height\":120,\"caption\":\"editionsbussiere\"},\"image\":{\"@id\":\"https:\\\/\\\/editionsbussiere.com\\\/blog\\\/#\\\/schema\\\/logo\\\/image\\\/\"}},{\"@type\":\"Person\",\"@id\":\"https:\\\/\\\/editionsbussiere.com\\\/blog\\\/#\\\/schema\\\/person\\\/ec90e102792148c97e46ab871010dd8f\",\"name\":\"Marie BATICLE\",\"image\":{\"@type\":\"ImageObject\",\"inLanguage\":\"fr-FR\",\"@id\":\"https:\\\/\\\/secure.gravatar.com\\\/avatar\\\/c923e52403b1b8137e2d929127211d21967e6aecaa053bd43b09da29f212e76e?s=96&d=mm&r=g\",\"url\":\"https:\\\/\\\/secure.gravatar.com\\\/avatar\\\/c923e52403b1b8137e2d929127211d21967e6aecaa053bd43b09da29f212e76e?s=96&d=mm&r=g\",\"contentUrl\":\"https:\\\/\\\/secure.gravatar.com\\\/avatar\\\/c923e52403b1b8137e2d929127211d21967e6aecaa053bd43b09da29f212e76e?s=96&d=mm&r=g\",\"caption\":\"Marie BATICLE\"},\"url\":\"https:\\\/\\\/editionsbussiere.com\\\/blog\\\/author\\\/eremarie\\\/\"}]}<\/script>\n<!-- \/ Yoast SEO plugin. -->","yoast_head_json":{"title":"La campagne s\u2019oppose \u00e0 la fa\u00e7on dont l\u2019Am\u00e9rique a \u00e9t\u00e9 \u00e9vang\u00e9lis\u00e9e \u2013 Catholic World Report avec une pri\u00e8re du matin. - EDITIONSBUSSIERE","robots":{"index":"index","follow":"follow","max-snippet":"max-snippet:-1","max-image-preview":"max-image-preview:large","max-video-preview":"max-video-preview:-1"},"canonical":"https:\/\/editionsbussiere.com\/blog\/la-campagne-soppose-a-la-facon-dont-lamerique-a-ete-evangelisee-catholic-world-report-avec-une-priere-du-matin\/","og_locale":"fr_FR","og_type":"article","og_title":"La campagne s\u2019oppose \u00e0 la fa\u00e7on dont l\u2019Am\u00e9rique a \u00e9t\u00e9 \u00e9vang\u00e9lis\u00e9e \u2013 Catholic World Report avec une pri\u00e8re du matin. - EDITIONSBUSSIERE","og_description":"L\u2019Association catholique des propagandistes (Advocates) a lanc\u00e9 une nouvelle campagne d\u2019affichage dans le but de \u00ab d\u00e9manteler les st\u00e9r\u00e9otypes de la l\u00e9gende noire contre l\u2019h\u00e9ritage hispanique \u00bb et de vanter ceux qui \u00ab au risque de perdre la vie, se sont lanc\u00e9s dans l\u2019aventure d\u2019atteindre le Nouveau Monde avec un objectif principal : propager le [&hellip;]","og_url":"https:\/\/editionsbussiere.com\/blog\/la-campagne-soppose-a-la-facon-dont-lamerique-a-ete-evangelisee-catholic-world-report-avec-une-priere-du-matin\/","og_site_name":"EDITIONSBUSSIERE","article_published_time":"2024-10-11T20:04:30+00:00","og_image":[{"url":"https:\/\/editionsbussiere.com\/blog\/wp-content\/uploads\/2024\/10\/La-campagne-soppose-a-la-facon-dont-lAmerique-a-ete.jpg","type":"","width":"","height":""}],"author":"Marie BATICLE","twitter_card":"summary_large_image","twitter_misc":{"\u00c9crit par":"Marie BATICLE","Dur\u00e9e de lecture estim\u00e9e":"13 minutes"},"schema":{"@context":"https:\/\/schema.org","@graph":[{"@type":"Article","@id":"https:\/\/editionsbussiere.com\/blog\/la-campagne-soppose-a-la-facon-dont-lamerique-a-ete-evangelisee-catholic-world-report-avec-une-priere-du-matin\/#article","isPartOf":{"@id":"https:\/\/editionsbussiere.com\/blog\/la-campagne-soppose-a-la-facon-dont-lamerique-a-ete-evangelisee-catholic-world-report-avec-une-priere-du-matin\/"},"author":{"name":"Marie BATICLE","@id":"https:\/\/editionsbussiere.com\/blog\/#\/schema\/person\/ec90e102792148c97e46ab871010dd8f"},"headline":"La campagne s\u2019oppose \u00e0 la fa\u00e7on dont l\u2019Am\u00e9rique a \u00e9t\u00e9 \u00e9vang\u00e9lis\u00e9e \u2013 Catholic World Report avec une pri\u00e8re du matin.","datePublished":"2024-10-11T20:04:30+00:00","mainEntityOfPage":{"@id":"https:\/\/editionsbussiere.com\/blog\/la-campagne-soppose-a-la-facon-dont-lamerique-a-ete-evangelisee-catholic-world-report-avec-une-priere-du-matin\/"},"wordCount":2579,"publisher":{"@id":"https:\/\/editionsbussiere.com\/blog\/#organization"},"image":{"@id":"https:\/\/editionsbussiere.com\/blog\/la-campagne-soppose-a-la-facon-dont-lamerique-a-ete-evangelisee-catholic-world-report-avec-une-priere-du-matin\/#primaryimage"},"thumbnailUrl":"https:\/\/editionsbussiere.com\/blog\/wp-content\/uploads\/2024\/10\/La-campagne-soppose-a-la-facon-dont-lAmerique-a-ete.jpg","articleSection":["Editions \u00c9sot\u00e9rique Fond\u00e9e En 1927; D\u00e9p\u00e8ches:"],"inLanguage":"fr-FR"},{"@type":"WebPage","@id":"https:\/\/editionsbussiere.com\/blog\/la-campagne-soppose-a-la-facon-dont-lamerique-a-ete-evangelisee-catholic-world-report-avec-une-priere-du-matin\/","url":"https:\/\/editionsbussiere.com\/blog\/la-campagne-soppose-a-la-facon-dont-lamerique-a-ete-evangelisee-catholic-world-report-avec-une-priere-du-matin\/","name":"La campagne s\u2019oppose \u00e0 la fa\u00e7on dont l\u2019Am\u00e9rique a \u00e9t\u00e9 \u00e9vang\u00e9lis\u00e9e \u2013 Catholic World Report avec une pri\u00e8re du matin. - EDITIONSBUSSIERE","isPartOf":{"@id":"https:\/\/editionsbussiere.com\/blog\/#website"},"primaryImageOfPage":{"@id":"https:\/\/editionsbussiere.com\/blog\/la-campagne-soppose-a-la-facon-dont-lamerique-a-ete-evangelisee-catholic-world-report-avec-une-priere-du-matin\/#primaryimage"},"image":{"@id":"https:\/\/editionsbussiere.com\/blog\/la-campagne-soppose-a-la-facon-dont-lamerique-a-ete-evangelisee-catholic-world-report-avec-une-priere-du-matin\/#primaryimage"},"thumbnailUrl":"https:\/\/editionsbussiere.com\/blog\/wp-content\/uploads\/2024\/10\/La-campagne-soppose-a-la-facon-dont-lAmerique-a-ete.jpg","datePublished":"2024-10-11T20:04:30+00:00","breadcrumb":{"@id":"https:\/\/editionsbussiere.com\/blog\/la-campagne-soppose-a-la-facon-dont-lamerique-a-ete-evangelisee-catholic-world-report-avec-une-priere-du-matin\/#breadcrumb"},"inLanguage":"fr-FR","potentialAction":[{"@type":"ReadAction","target":["https:\/\/editionsbussiere.com\/blog\/la-campagne-soppose-a-la-facon-dont-lamerique-a-ete-evangelisee-catholic-world-report-avec-une-priere-du-matin\/"]}]},{"@type":"ImageObject","inLanguage":"fr-FR","@id":"https:\/\/editionsbussiere.com\/blog\/la-campagne-soppose-a-la-facon-dont-lamerique-a-ete-evangelisee-catholic-world-report-avec-une-priere-du-matin\/#primaryimage","url":"https:\/\/editionsbussiere.com\/blog\/wp-content\/uploads\/2024\/10\/La-campagne-soppose-a-la-facon-dont-lAmerique-a-ete.jpg","contentUrl":"https:\/\/editionsbussiere.com\/blog\/wp-content\/uploads\/2024\/10\/La-campagne-soppose-a-la-facon-dont-lAmerique-a-ete.jpg","width":800,"height":450,"caption":"La campagne soppose a la facon dont lAmerique a ete"},{"@type":"BreadcrumbList","@id":"https:\/\/editionsbussiere.com\/blog\/la-campagne-soppose-a-la-facon-dont-lamerique-a-ete-evangelisee-catholic-world-report-avec-une-priere-du-matin\/#breadcrumb","itemListElement":[{"@type":"ListItem","position":1,"name":"Accueil","item":"https:\/\/editionsbussiere.com\/blog\/"},{"@type":"ListItem","position":2,"name":"La campagne s\u2019oppose \u00e0 la fa\u00e7on dont l\u2019Am\u00e9rique a \u00e9t\u00e9 \u00e9vang\u00e9lis\u00e9e \u2013 Catholic World Report avec une pri\u00e8re du matin."}]},{"@type":"WebSite","@id":"https:\/\/editionsbussiere.com\/blog\/#website","url":"https:\/\/editionsbussiere.com\/blog\/","name":"EDITIONSBUSSIERE","description":"Editions \u00e9sot\u00e9rique fond\u00e9e en 1927; site historique, A SAVOIR ET RETENIR.","publisher":{"@id":"https:\/\/editionsbussiere.com\/blog\/#organization"},"potentialAction":[{"@type":"SearchAction","target":{"@type":"EntryPoint","urlTemplate":"https:\/\/editionsbussiere.com\/blog\/?s={search_term_string}"},"query-input":{"@type":"PropertyValueSpecification","valueRequired":true,"valueName":"search_term_string"}}],"inLanguage":"fr-FR"},{"@type":"Organization","@id":"https:\/\/editionsbussiere.com\/blog\/#organization","name":"editionsbussiere","url":"https:\/\/editionsbussiere.com\/blog\/","logo":{"@type":"ImageObject","inLanguage":"fr-FR","@id":"https:\/\/editionsbussiere.com\/blog\/#\/schema\/logo\/image\/","url":"https:\/\/editionsbussiere.com\/blog\/wp-content\/uploads\/2023\/09\/cropped-buss.gif","contentUrl":"https:\/\/editionsbussiere.com\/blog\/wp-content\/uploads\/2023\/09\/cropped-buss.gif","width":298,"height":120,"caption":"editionsbussiere"},"image":{"@id":"https:\/\/editionsbussiere.com\/blog\/#\/schema\/logo\/image\/"}},{"@type":"Person","@id":"https:\/\/editionsbussiere.com\/blog\/#\/schema\/person\/ec90e102792148c97e46ab871010dd8f","name":"Marie BATICLE","image":{"@type":"ImageObject","inLanguage":"fr-FR","@id":"https:\/\/secure.gravatar.com\/avatar\/c923e52403b1b8137e2d929127211d21967e6aecaa053bd43b09da29f212e76e?s=96&d=mm&r=g","url":"https:\/\/secure.gravatar.com\/avatar\/c923e52403b1b8137e2d929127211d21967e6aecaa053bd43b09da29f212e76e?s=96&d=mm&r=g","contentUrl":"https:\/\/secure.gravatar.com\/avatar\/c923e52403b1b8137e2d929127211d21967e6aecaa053bd43b09da29f212e76e?s=96&d=mm&r=g","caption":"Marie BATICLE"},"url":"https:\/\/editionsbussiere.com\/blog\/author\/eremarie\/"}]}},"_links":{"self":[{"href":"https:\/\/editionsbussiere.com\/blog\/wp-json\/wp\/v2\/posts\/1485","targetHints":{"allow":["GET"]}}],"collection":[{"href":"https:\/\/editionsbussiere.com\/blog\/wp-json\/wp\/v2\/posts"}],"about":[{"href":"https:\/\/editionsbussiere.com\/blog\/wp-json\/wp\/v2\/types\/post"}],"author":[{"embeddable":true,"href":"https:\/\/editionsbussiere.com\/blog\/wp-json\/wp\/v2\/users\/3"}],"replies":[{"embeddable":true,"href":"https:\/\/editionsbussiere.com\/blog\/wp-json\/wp\/v2\/comments?post=1485"}],"version-history":[{"count":0,"href":"https:\/\/editionsbussiere.com\/blog\/wp-json\/wp\/v2\/posts\/1485\/revisions"}],"wp:featuredmedia":[{"embeddable":true,"href":"https:\/\/editionsbussiere.com\/blog\/wp-json\/wp\/v2\/media\/1486"}],"wp:attachment":[{"href":"https:\/\/editionsbussiere.com\/blog\/wp-json\/wp\/v2\/media?parent=1485"}],"wp:term":[{"taxonomy":"category","embeddable":true,"href":"https:\/\/editionsbussiere.com\/blog\/wp-json\/wp\/v2\/categories?post=1485"},{"taxonomy":"post_tag","embeddable":true,"href":"https:\/\/editionsbussiere.com\/blog\/wp-json\/wp\/v2\/tags?post=1485"}],"curies":[{"name":"wp","href":"https:\/\/api.w.org\/{rel}","templated":true}]}}