{"id":1482,"date":"2024-10-10T23:17:54","date_gmt":"2024-10-10T21:17:54","guid":{"rendered":"https:\/\/editionsbussiere.com\/blog\/larcheveque-lori-nomme-gardien-honoraire-de-la-basilique-de-baltimore-priere-en-debut-de-journee\/"},"modified":"2024-10-10T23:17:54","modified_gmt":"2024-10-10T21:17:54","slug":"larcheveque-lori-nomme-gardien-honoraire-de-la-basilique-de-baltimore-priere-en-debut-de-journee","status":"publish","type":"post","link":"https:\/\/editionsbussiere.com\/blog\/larcheveque-lori-nomme-gardien-honoraire-de-la-basilique-de-baltimore-priere-en-debut-de-journee\/","title":{"rendered":"L\u2019archev\u00eaque Lori nomm\u00e9 gardien honoraire de la basilique de Baltimore\n &amp; pri\u00e8re en d\u00e9but de journ\u00e9e."},"content":{"rendered":"<div><img width=\"580\" height=\"387\" src=\"https:\/\/editionsbussiere.com\/blog\/wp-content\/uploads\/2024\/10\/Larcheveque-Lori-nomme-gardien-honoraire-de-la-basilique-de-Baltimore.jpg\" class=\"attachment-large size-large wp-post-image\" alt=\"L'archev\u00eaque Lori nomm\u00e9 gardien honoraire de la basilique de Baltimore\" style=\"float:left; margin:0 15px 15px 0;\" decoding=\"async\" srcset=\"https:\/\/editionsbussiere.com\/blog\/wp-content\/uploads\/2024\/10\/Larcheveque-Lori-nomme-gardien-honoraire-de-la-basilique-de-Baltimore.jpg 900w, https:\/\/www.n42.fr\/wp-content\/uploads\/2024\/10\/Larcheveque-Lori-nomme-gardien-honoraire-de-la-basilique-de-Baltimore-300x200.jpg 300w, https:\/\/www.n42.fr\/wp-content\/uploads\/2024\/10\/Larcheveque-Lori-nomme-gardien-honoraire-de-la-basilique-de-Baltimore-768x512.jpg 768w\" sizes=\"(max-width: 580px) 100vw, 580px\"><\/p>\n<p>\n<\/p>\n<div>\n<p>La Basilique de l\u2019Assomption Historic Trust a nomm\u00e9 l\u2019archev\u00eaque de Baltimore, William E. Lori, gardien honoraire de la premi\u00e8re cath\u00e9drale catholique d\u2019Am\u00e9rique lors de la r\u00e9union annuelle d\u2019automne de la fiducie.<\/p>\n<p>La r\u00e9solution visant \u00e0 cr\u00e9er le titre honorifique en premier a \u00e9t\u00e9 adopt\u00e9e par le conseil d\u2019administration en 2022. La d\u00e9signation reconna\u00eet les personnes qui ont apport\u00e9 une contribution significative \u2013 par leur talent ou leur tr\u00e9sor \u2013 pour soutenir le travail de la fiducie.<\/p>\n<p>La fiducie \u0153uvre au maintien et \u00e0 la pr\u00e9servation de la basilique du sanctuaire national de l\u2019Assomption de la Bienheureuse Vierge Marie. La basilique, situ\u00e9e au 409 Cathedral St., en plein centre de la ville de Baltimore et ouverte en 1821, fut la premi\u00e8re cath\u00e9drale catholique des \u00c9tats-Unis. <\/p>\n<p>La basilique est connue \u00e0 la fois pour son architecture et pour sa place dans l\u2019histoire de l\u2019\u00c9glise. L\u2019archev\u00eaque John Carroll, premier \u00e9v\u00eaque des \u00c9tats-Unis, essayait de se forger une vision am\u00e9ricaine de l\u2019\u00c9glise \u00e0 la fin du XVIIIe et au d\u00e9but du XIXe si\u00e8cle lorsqu\u2019il dirigea la campagne pour la construction de la basilique. Il a \u00e9t\u00e9 con\u00e7u par l\u2019un des plus grands architectes am\u00e9ricains de l\u2019\u00e9poque, Benjamin Henry Latrobe, qui a \u00e9galement con\u00e7u le Capitole des \u00c9tats-Unis \u00e0 Washington, DC.<\/p>\n<p>Dans un communiqu\u00e9 de presse annon\u00e7ant cet honneur, le Basilica Trust a not\u00e9 que Mgr Lori a servi avec \u00ab un d\u00e9vouement in\u00e9branlable au Trust en tant qu\u2019archev\u00eaque de Baltimore depuis 2012. Son leadership a \u00e9t\u00e9 caract\u00e9ris\u00e9 par un profond engagement envers les fid\u00e8les, favorisant une communaut\u00e9 dynamique de croyants gr\u00e2ce \u00e0 son minist\u00e8re compatissant et \u00e0 son t\u00e9moignage in\u00e9branlable des enseignements de J\u00e9sus-Christ \u00bb, <\/p>\n<p>En tant que pr\u00e9sident du Historic Trust depuis 2012, Mgr Lori a jou\u00e9 un r\u00f4le central dans la pr\u00e9servation et la mise en valeur de la basilique. Sous sa direction, la fondation a \u00e9largi son soutien, r\u00e9unissant des directeurs de tout le pays pour renforcer l\u2019importance de la basilique en tant que monument national pr\u00e9cieux.<\/p>\n<p>\u00ab La vision et le leadership de l\u2019archev\u00eaque Lori ont jou\u00e9 un r\u00f4le d\u00e9terminant pour garantir que la basilique reste un phare de foi et d\u2019histoire pour les g\u00e9n\u00e9rations futures \u00bb, a d\u00e9clar\u00e9 le diacre Sean Keller, vice-pr\u00e9sident du Trust historique de la Basilique de l\u2019Assomption. \u00ab Nous sommes honor\u00e9s de reconna\u00eetre ses contributions inestimables avec ce titre distingu\u00e9. \u00bb<\/p>\n<p>Le Basilique de l\u2019Assomption Historic Trust, constitu\u00e9 le 1er avril 1976, se consacre \u00e0 la mission d\u2019entretien, de pr\u00e9servation et de restauration de la basilique et de ses propri\u00e9t\u00e9s environnantes. Gr\u00e2ce \u00e0 la g\u00e9n\u00e9rosit\u00e9 d\u2019anciens donateurs, la fondation a r\u00e9ussi \u00e0 redonner \u00e0 la basilique de Baltimore sa grandeur d\u2019origine, assurant ainsi son statut de \u00ab cath\u00e9drale de l\u2019Am\u00e9rique \u00bb pour des milliers de visiteurs, p\u00e8lerins et fid\u00e8les nationaux et internationaux, selon le communiqu\u00e9 de presse.<\/p>\n<p><em>Pour plus d\u2019informations sur la Basilique de l\u2019Assomption Historic Trust et ses initiatives, visitez <\/em><em>hypothesetrust.org\/<\/em><\/p>\n<section class=\"ab-block-post-grid featuredpost aligncenter\">\n<h2 class=\"ab-post-grid-section-title\">Lire plus d\u2019actualit\u00e9s locales<\/h2>\n<\/section>\n<p class=\"post-copyright\">Copyright \u00a9 2024 M\u00e9dias de revue catholique<\/p>\n<p class=\"print-friendly\"><img decoding=\"async\" class=\"WP-PrintIcon\" src=\"https:\/\/editionsbussiere.com\/blog\/wp-content\/uploads\/2024\/10\/printer_famfamfam-4.gif\" alt=\"Imprimer\" title=\"Imprimer\" style=\"border: 0px;\"> Imprimer<\/p>\n<p>\t\t\t<!--<rdf:RDF xmlns:rdf=\"http:\/\/www.w3.org\/1999\/02\/22-rdf-syntax-ns#\"\n\t\t\txmlns:dc=\"http:\/\/purl.org\/dc\/elements\/1.1\/\"\n\t\t\txmlns:trackback=\"http:\/\/madskills.com\/public\/xml\/rss\/module\/trackback\/\">\n\t\t<rdf:Description rdf:about=\"https:\/\/catholicreview.org\/archbishop-lori-named-honorary-custodian-of-baltimore-basilica\/\"\n    dc:identifier=\"https:\/\/catholicreview.org\/archbishop-lori-named-honorary-custodian-of-baltimore-basilica\/\"\n    dc:title=\"Archbishop Lori named honorary custodian of Baltimore Basilica\"\n    trackback:ping=\"https:\/\/catholicreview.org\/archbishop-lori-named-honorary-custodian-of-baltimore-basilica\/trackback\/\" \/>\n<\/rdf:RDF>-->\n<\/p>\n<\/div>\n<h2>Une p\u00e9riode de pri\u00e8re individuelle afin de nous relier envers Dieu. <\/h2>\n<p>Cher P\u00e8re c\u00e9leste, j\u2019arrive face \u00e0 toi afin de te exprimer ma gratitude en raison de cette fra\u00eeche journ\u00e9e. Je te loue en raison de ta bienveillance ainsi que ton engagement envers moi. Je t\u2019implore de me remplir de ton esprit et de me fournir la gr\u00e2ce de te sentir pr\u00e8s de moi tout au long de cette journ\u00e9e. Je d\u00e9pose entre tes mains toutes mes soucis, mes plaisirs, mes afflictions, mes d\u00e9sirs et mes esp\u00e9rances. Puisses ton Saint-Esprit \u00e9claire mon esprit et renforce ma foi, afin que je puisse marcher dans ton chemin et accomplir ta volont\u00e9. Accorde-moi la gr\u00e2ce de mener selon la compassion qui tu nous as illustr\u00e9 l\u2019exemple \u00e0 travers ton Fils bien-aim\u00e9, J\u00e9sus-Christ.<\/p>\n<h3> Note sur compr\u00e9hension : <\/h3>\n<p>La pratique de pri\u00e8re nous entra\u00eene dans le myst\u00e8re de la famille divine, o\u00f9 le Seigneur le P\u00e8re nous prend tel ses fils et filles bien-aim\u00e9s. \u00c0 travers ce lien familial, nous trouvons la puissance et la consolation en vue de traverser les d\u00e9fis de ce monde. Elle nous renvoie \u00e0 les paroles de Pierre, celui-ci encourage les disciples du Christ \u00e0 demeurer fermes dans leur foi, m\u00eame au milieu des tourments de ce monde-ci.<\/p>\n<h3>\nRenforcer notre relation envers J\u00e9sus d\u00e8s chaque matin<\/h3>\n<p>Nous avons la possibilit\u00e9 de ruminer \u00e0 propos de l\u2019un des nombreux \u00e9vangiles en vue de nous connecter avec J\u00e9sus. Par exemple :<\/p>\n<h3>Jean 15, 9-17 : <\/h3>\n<p>\u00ab\u00a0Comme le P\u00e8re m\u2019a aim\u00e9, je vous ai aussi aim\u00e9s. Demeurez dans mon amour. Si vous gardez mes commandements, vous demeurerez dans mon amour, de m\u00eame que j\u2019ai gard\u00e9 les commandements de mon P\u00e8re et que je demeure dans son amour. Je vous ai dit ces choses, afin que ma joie soit en vous, et que votre joie soit parfaite.\u00a0\u00bb<\/p>\n<h2> Demander r\u00e9mission \u00e0 Dieu pour nos p\u00e9ch\u00e9s <\/h2>\n<p>Ma\u00eetre J\u00e9sus, je me rends te implorer de pardonner mes p\u00e9ch\u00e9s. Je prends conscience que je ne suis pas irr\u00e9prochable et que j\u2019ai besoin de ta sainte mis\u00e9ricorde. Je te demande de me d\u00e9livrer de toute ce qui me d\u00e9tache de toi et de me donner la gr\u00e2ce de vivre en conformit\u00e9 avec ta volont\u00e9. Que ta b\u00e9n\u00e9diction sacr\u00e9e dissipe les recoins les plus sombres de mon c\u0153ur, purifiant ma personne et me guidant sur le chemin de la saintet\u00e9. Amen.<\/p>\n<h3> Discussion avec le Seigneur comme parler avec un ami. <\/h3>\n<p>Nous sommes capables de discuter \u00e0 Dieu comme envers un ami intime, lui confier nos joies et nos peines, lui demander de l\u2019aide dans nos d\u00e9fis quotidiens. Par exemple : Dieu, merci \u00e0 cause de cette in\u00e9dite journ\u00e9e. Je viens te implorer m\u2019assister \u00e0 \u00eatre calme avec mes enfants et \u00e0 me accorder la force d\u2019affronter aux d\u00e9fis de la journ\u00e9e. Je te confie mes projets et mes soucis, et je te demande de me indiquer comment je ai la capacit\u00e9 de te rendre service et t\u2019honorer aujourd\u2019hui. Accorde-moi, \u00f4 Seigneur, ta sagesse pour que je puisse prendre les bonnes d\u00e9cisions et ton soutien pour traverser les \u00e9preuves avec foi. Amen.<\/p>\n<h3> Un moment de tranquillit\u00e9 pour percevoir Dieu. <\/h3>\n<p>Apr\u00e8s la pri\u00e8re et cette m\u00e9ditation, il est crucial de prendre quelques moment de silence en vue de \u00e9couter cette voix de Dieu dans nos c\u0153urs. Dans ce silence, nous ressentir sa pr\u00e9sence apaisante et recevoir ses inspirations afin de la journ\u00e9e \u00e0.<\/p>\n<h3> Se orienter \u00e0 le Christ pour retrouver une paix int\u00e9rieure. <\/h3>\n<p>Nous sommes capables de prier J\u00e9sus de nous accorder sa paix et de nous soutenir en vue de \u00e9couter sa parole. Par exemple :<br \/>\nSeigneur J\u00e9sus, j\u2019arrive te supplier de remplir mon propre c\u0153ur par ta tendresse. Je te demande de me lib\u00e9rer de toutes pens\u00e9es et les diff\u00e9rentes inqui\u00e9tudes me perturbent. Aide-moi \u00e0 \u00e9couter ta parole et \u00e0 la mettre en pratique dans ma vie. Que ton Esprit Saint, \u00f4 Christ, devienne ma force tout au long de cette journ\u00e9e. Amen.<\/p>\n<h3> Achever notre pri\u00e8re matinale en offrant notre journ\u00e9e envers Dieu. <\/h3>\n<p>Nous pouvonsoffrir la journ\u00e9e \u00e0 Dieu et m\u00eame lui demander de la remplir de sa pr\u00e9sence et aussi de sa b\u00e9n\u00e9diction. Par exemple :<br \/>\nSeigneur, je te confie cette journ\u00e9e entre vos mains. Que toutes de mes pas soit dirig\u00e9 par ta sagesse, que chacune de mes paroles soit inspir\u00e9e par votre amour. Que toutes mes actions soient accomplies selon ta divine volont\u00e9, pour ta divine gloire et le bien. Que ton lumi\u00e8re \u00e9claire ma route et \u00e9galement que tu habites mon c\u0153ur. Amen.<\/p>\n<h3> Invocation d\u2019intercession matinale. <\/h3>\n<p>La pri\u00e8re du matin consiste \u00e0 prier pour les besoins des chr\u00e9tiennes et de tous les chr\u00e9tiens. Nous sommes capables de prier pour les personnes dans le besoin, pour les malades, pour les personnes qui se trouvent souffrent, pour les personnes qui se trouvent confront\u00e9es \u00e0 des difficult\u00e9s, pour les personnes d\u00e9courag\u00e9es et pour les personnes qui dans l\u2019erreur.<\/p>\n<h3> Prier en vue de l\u2019ensemble des individus dans le besoin. <\/p>\n<h3>\n<\/h3>\n<\/h3>\n<p>Seigneur, dans sa grande mis\u00e9ricorde, tu te demandons en vue de chacune des personnes qui traversent des difficult\u00e9s financi\u00e8res. Que vous leur accordes la force et la pers\u00e9v\u00e9rance pour d\u00e9passer ces \u00e9preuves, et \u00e9galement que lui leur apportes les ressources n\u00e9cessaires afin de subvenir \u00e0 l\u2019ensemble de leurs besoins. Accorde-leur, Grand, votre providence en vue de \u00e9clairer leur pas dans les t\u00e9n\u00e8bres de leurs soucis financiers.<\/p>\n<p>On te demandons \u00e9galement en vue de chaque personnes qui luttent vis-\u00e0-vis de des probl\u00e8mes de sant\u00e9. Que ta main puissante se pose sur elles, Seigneur, pour les gu\u00e9rir ainsi que les r\u00e9conforter dans leur douleur. Accorde-leur, Dieu Tout-Puissant, la force et aussi le courage pour faire face \u00e0 leurs d\u00e9fis de sant\u00e9 avec confiance en votre divine providence.<\/p>\n<p>On te prions encore afin de chaque personnes qui sont confront\u00e9es \u00e0 de difficult\u00e9s dans leur vie, peu importe ce que ce soit sur le plan professionnel, relationnel ou \u00e9motionnel. Que ta gr\u00e2ce, Seigneur, reste leur soutien et leur r\u00e9confort dans ces moments d\u2019\u00e9preuve. Accorde-leur, Dieu Tout-Puissant, ton Esprit Saint afin de illuminer leur chemin et les guider vers la s\u00e9r\u00e9nit\u00e9.<\/p>\n<p>Enfin, nous te prions en vue de l\u2019ensemble des personnes qui sont sans-abri, les personnes qui sont marginalis\u00e9es et aussi exclues de la soci\u00e9t\u00e9. Que sa mis\u00e9ricorde, Seigneur, se r\u00e9pande sur elles comme une certaine douce ros\u00e9e, leur apportant r\u00e9confort ainsi que espoir dans leur d\u00e9tresse. Accorde-leur, Grand, des mains g\u00e9n\u00e9reuses pour les aider et aussi des c\u0153urs compatissants en vue de les accueillir dans leur communaut\u00e9.<\/p>\n<h3> explication sur la fameuse pri\u00e8re du matin. <\/h3>\n<p>Dans la pri\u00e8re, nous \u00e9levons nos esprits vers le Ciel, suppliant la lumi\u00e8re de Dieu pour \u00e9clairer nos chemins sombres. Marie, notre m\u00e8re, nous accompagne dans ce voyage, nous \u00e9duquant \u00e0 contempler sur les myst\u00e8res de la vie de son divin enfant. Elle nous m\u00e8ne vers J\u00e9sus, le phare du monde, qui illumine nos t\u00e9n\u00e8bres et nous guide vers la v\u00e9rit\u00e9.<br \/>\nLa supplication nous relie aussi \u00e0 notre communaut\u00e9 religieuse, la famille des croyants, o\u00f9 nous \u00e9changeons nos joies et nos afflictions, nos esp\u00e9rances et nos craintes. Ensemble, nous formons le corps du Christ, convoqu\u00e9s \u00e0 d\u00e9montrer de son affection. Par nos invocations, nous interc\u00e9dons pour les n\u00e9cessit\u00e9s des croyantes et des fid\u00e8les, offrant notre amour et notre piti\u00e9 \u00e0 ceux qui souffrent.<br \/>\nPrions ensemble un pri\u00e8re de debut de journ\u00e9e, dans l\u2019unit\u00e9 de notre confiance, en nous tournant vers Marie, la m\u00e8re de J\u00e9sus. Au sein de notre monde tourment\u00e9 par la guerre et la division, recourons \u00e0 la pri\u00e8re pour trouver pour trouver la s\u00e9r\u00e9nit\u00e9 et la r\u00e9conciliation. Il est possible faire d\u00e9poser une sollicitation pour Marie <a target=\"_blank\" rel=\"nofollow\" href=\"https:\/\/editionsbussiere.com\/blog\/goto\/https:\/\/www.avemariasound.org\/\" >en nous faisant appel.<\/a> Que nos pri\u00e8res s\u2019\u00e9l\u00e8vent vers le ciel, comme une offrande agr\u00e9able \u00e0 Dieu, afin qu\u2019il puisse nous guider nos pas vers la voie de la v\u00e9rit\u00e9 et de la justice. L\u2019ap\u00f4tre Paul nous exhorte dans ses lettres \u00e0 prier sans cesse, quelle que soit la situation, afin que notre connexion avec Dieu soit solide et passionn\u00e9e. La pri\u00e8re, quand elle est sinc\u00e8rement offerte, a la capacit\u00e9 de changer nos c\u0153urs et de modifier le cours de l\u2019histoire.<\/p>\n<h2> \u00c9lever nos proches pri\u00e8res pour notre entourage au Seigneur au lever du jour.<\/h2>\n<p>Cette ult\u00e9rieure phase de la pri\u00e8re du matin consiste \u00e0 prier pour nos familles \u00eatres chers, nos famille, nos compagnons et notre propre communaut\u00e9. Nous pouvons prier pour leur, leur prosp\u00e9rit\u00e9, leur s\u00fbret\u00e9, et leur r\u00e9ussite. Nous pouvons \u00e9galement prier pour nos d\u00e9tracteurs et pour ceux qui nous ont offens\u00e9s, et demander \u00e0 Dieu de nous aider \u00e0 leur pardonner et \u00e0 leur d\u00e9montrer la compassion.<\/p>\n<h3> Demander pour la sant\u00e9 et la s\u00e9curit\u00e9 de nos \u00eatres chers.<\/h3>\n<p>Seigneur, nous autres te confions nos proches, notre familles avec nos amis. Surveille, \u00f4 Dieu, au-dessus de eux, et pr\u00e9serve -les de tout risque et de toute affliction. Donne, \u00d4 Seigneur, une sant\u00e9 du corps ainsi que de l\u2019esprit \u00e0 eux, ainsi que la paix dans leur c\u0153ur. Que ta b\u00e9n\u00e9diction puissante les veille ainsi que les personnes guide tout au long de cette journ\u00e9e, afin qu\u2019ils jouissent dans une protection et aussi la paix.<\/p>\n<p>Nous tous te prions pareillement pour nos enfants, Seigneur, pour qu\u2019ils grandissent dans leur foi ainsi que dans l\u2019amour de ton sacr\u00e9 nom. Donne, \u00d4 Dieu, une sagesse ainsi que la force n\u00e9cessaires pour affronter les \u00e9preuves de la vie, ainsi que guide leurs pas sur le chemin de la v\u00e9rit\u00e9 et aussi de la justice.<\/p>\n<p>Enfin, nous autres te prions pour nos amis et aussi nos voisins, Seigneur, pour qu\u2019ils d\u00e9couvrent la joie de ton amour ainsi que la paix de ton pardon. Donne-leur, \u00f4 Dieu, des c\u0153urs bienveillants en vue de partager avec ceux qui dans le besoin, et des accueillantes afin de accueillir ceux que seuls et aussi abandonn\u00e9s.<\/p>\n<h3> Prier pour nos ennemis ainsi que ceux qui sont nous-m\u00eames ont offens\u00e9s. <\/h3>\n<p>Seigneur, le Christ, nous vous prions pour les n\u00f4tres ennemis et aussi pour ceux-ci qui sont nous autres ont offens\u00e9s. Accorde-leur, \u00f4 J\u00e9sus, votre mis\u00e9ricorde et ton pardon, et aussi ouvre leur c\u0153ur \u00e0 la lumi\u00e8re de ta v\u00e9rit\u00e9. Aide-nous, Seigneur, \u00e0 leur montrer de la compassion et aussi \u00e0 leur pardonner comme tu nous as pardonn\u00e9. Que votre paix r\u00e8gne dans les n\u00f4tres c\u0153urs et que votre amour guide les n\u00f4tres actions, pour que nous puissions vivre en harmonie avec tous ceux qui nous autres entourent.<\/p>\n<h3> Appr\u00e9hender la pri\u00e8re : <\/h3>\n<p>Pour terminer, la pri\u00e8re nous rappelle notre mission comme prog\u00e9niture de Dieu : exister des observateurs de sa lumi\u00e8re et de ses attachement dans une p\u00e9riode en proie aux t\u00e9n\u00e8bres. \u00c0 travers nos discours et notre actions, nous r\u00e9pandons la bonne nouvelle de l\u2019 tranquillit\u00e9 et de la conciliation, apportant l\u2019espoir et la cicatrisation \u00e0 un environnement endommag\u00e9.<\/p>\n<p>Au sein de la foi chr\u00e9tienne, le lever du jour porte l\u2019 signification distincte, repr\u00e9sentant l\u2019 rafra\u00eechissement et la reconstruction spirituelle. C\u2019est \u00e0 l\u2019aube de chaque jour que l\u2019\u00e2me se dirige vers le Seigneur dans la pri\u00e8re, s\u2019effor\u00e7ant \u00e0 devenir \u00e9clair\u00e9e par la clart\u00e9 surnaturelle. La coutume des pri\u00e8res matinales s\u2019av\u00e8re essentiellement enracin\u00e9e dans la tradition chr\u00e9tienne, proposant une p\u00e9riode privil\u00e9gi\u00e9 pour se connecter avec l\u2019\u00c9ternel et se pr\u00e9parer spirituellement aux \u00e9preuves de la journ\u00e9e qui vient.<\/p>\n<p>Au l\u2019int\u00e9rieur de ces oraisons matinales s\u2019 rep\u00e8re habituellement une d\u00e9votion sp\u00e9ciale pour Marie, la mam de J\u00e9sus et ic\u00f4ne sainte respect\u00e9e par beaucoup fid\u00e8les. En qualit\u00e9 m\u00e8re interm\u00e9diaire parmi les hommes et Dieu, Marie est pri\u00e9e pour interc\u00e9der en notre faveur, nous-m\u00eames guidant dans le chemin vers la saintet\u00e9 et de la gr\u00e2ce divine. Sa apparition maternelle fournit consolation ainsi que s\u00e9curit\u00e9, cercant nos pri\u00e8re matinales d\u2019une d\u00e9licatesse c\u00e9leste.<\/p>\n<p>Au par l\u2019 pri\u00e8re du matin, nous sommes appel\u00e9s \u00e0 nous unir vers Marie dans une initiative de purification personnelle. En m\u00e9ditant au sujet de la vie ainsi que ses vertus, nous cherchons \u00e0 imiter son humilit\u00e9, sa puret\u00e9 et son ob\u00e9issance vers l\u2019 volont\u00e9 de Dieu. \u00c0 travers sa saintet\u00e9 parfaite, Marie se transforme en pour nous un mod\u00e8le pour vie chr\u00e9tienne, nous rem\u00e9morant l\u2019importance de la pri\u00e8re et de la contemplation dans notre cheminement spirituel.<\/p>\n<p>La r\u00e9citation du matin est donc un instant privil\u00e9gi\u00e9 pour se consacrer vers Dieu avec l\u2019intercession de Marie, en offrant nos acclamations, nos reconnaissances et nos intentions les plus profondes. \u00c0 travers l\u2019 qui\u00e9tude du l\u2019aurore, nous sommes invit\u00e9s pour se tourner \u00e0 cette m\u00e8re divine, laquelle nous guide avec tendresse sur le chemin du la foi et du sentiment amoureux divin. \u00c0 travers unissant nos voix \u00e0 cette derni\u00e8re de Marie, nous \u00e9levons nos pri\u00e8res matinales vers du tr\u00f4ne de du don divin, s\u00fbrs que nos supplications seront entendues ainsi que accueillies aupr\u00e8s de le c\u0153ur mis\u00e9ricordieux de Dieu.<\/p>\n<p>Ce th\u00e8me r\u00e9pond \u00e0 vos questions vous aimerez beaucoup ces parutions:<\/p>\n<p>Notre-Dame-d\u2019Amour\/I.,<a target=\"_blank\" rel=\"nofollow\" href=\"https:\/\/editionsbussiere.com\/blog\/goto\/https:\/\/fr.wikisource.org\/wiki\/Notre-Dame-d%E2%80%99Amour\/I\"  target=\"_blank\" rel=\"noopener noreferrer nofollow\">Le post d\u2019actualit\u00e9.<\/a><span><\/span>. Suite sur le prochain article.<\/p>\n<p>Manuel de la parole\/15\/24.,<a target=\"_blank\" rel=\"nofollow\" href=\"https:\/\/editionsbussiere.com\/blog\/goto\/https:\/\/fr.wikisource.org\/wiki\/Manuel_de_la_parole\/15\/24\"  target=\"_blank\" rel=\"noopener noreferrer nofollow\">L\u2019article de presse.<\/a><span><\/span><\/p>\n<p>Les Oiseaux de passage (S\u00e9galas)\/03\/06.,<a target=\"_blank\" rel=\"nofollow\" href=\"https:\/\/editionsbussiere.com\/blog\/goto\/https:\/\/fr.wikisource.org\/wiki\/Les_Oiseaux_de_passage_(S%C3%A9galas)\/03\/06\"  target=\"_blank\" rel=\"noopener noreferrer nofollow\">L\u2019article ICI.<\/a><span><\/span><\/p>\n<p>Le Chant des Blancs.,<a target=\"_blank\" rel=\"nofollow\" href=\"https:\/\/editionsbussiere.com\/blog\/goto\/https:\/\/fr.wikisource.org\/wiki\/Le_Chant_des_Blancs\"  target=\"_blank\" rel=\"noopener noreferrer nofollow\">Le texte de l\u2019article.<\/a><span><\/span><\/p>\n<p>Jours d\u2019Exil, tome III\/\u00c9pilogue.,<a target=\"_blank\" rel=\"nofollow\" href=\"https:\/\/editionsbussiere.com\/blog\/goto\/https:\/\/fr.wikisource.org\/wiki\/Jours_d%E2%80%99Exil,_tome_III\/%C3%89pilogue\"  target=\"_blank\" rel=\"noopener noreferrer nofollow\">Le texte de l\u2019article.<\/a><span><\/span>. Suite sur le prochain article.<\/p>\n<p>Credo (abb\u00e9 Moreau).,<a target=\"_blank\" rel=\"nofollow\" href=\"https:\/\/editionsbussiere.com\/blog\/goto\/https:\/\/fr.wikisource.org\/wiki\/Credo_(abb%C3%A9_Moreau)\"  target=\"_blank\" rel=\"noopener noreferrer nofollow\">L\u2019article ICI.<\/a><span><\/span>. Suite sur le prochain article.<\/p>\n<\/div>\n<p><img decoding=\"async\" class=\"wpe_imgrss\" src=\"https:\/\/editionsbussiere.com\/blog\/wp-content\/uploads\/2024\/10\/Larcheveque-Lori-nomme-gardien-honoraire-de-la-basilique-de-Baltimore.jpg\">Cet article a \u00e9t\u00e9 reconstitu\u00e9 du mieux possible. Dans l\u2019hypoth\u00e8se o\u00f9 vous souhaitez apporter quelques modifications concernant le th\u00e8me \u00ab\u00a0Editions \u00e9sot\u00e9rique fond\u00e9e en 1927\u00a0\u00bb, il est possible de discuter avec notre r\u00e9daction. Vous pouvez tirer profit de cet article traitant le sujet \u00ab\u00a0Editions \u00e9sot\u00e9rique fond\u00e9e en 1927\u00a0\u00bb. Il est concoct\u00e9 par l\u2019\u00e9quipe editionsbussiere.com. Le site editionsbussiere.com est fait pour cr\u00e9er divers posts autour du th\u00e8me Editions \u00e9sot\u00e9rique fond\u00e9e en 1927 d\u00e9velopp\u00e9es sur internet. Consultez notre site internet editionsbussiere.com et nos r\u00e9seaux sociaux pour \u00eatre au courant des futures annonces.<\/p>\n","protected":false},"excerpt":{"rendered":"<p>La Basilique de l\u2019Assomption Historic Trust a nomm\u00e9 l\u2019archev\u00eaque de Baltimore, William E. Lori, gardien honoraire de la premi\u00e8re cath\u00e9drale catholique d\u2019Am\u00e9rique lors de la r\u00e9union annuelle d\u2019automne de la fiducie. La r\u00e9solution visant \u00e0 cr\u00e9er le titre honorifique en premier a \u00e9t\u00e9 adopt\u00e9e par le conseil d\u2019administration en 2022. La d\u00e9signation reconna\u00eet les personnes [&hellip;]<\/p>\n","protected":false},"author":3,"featured_media":1483,"comment_status":"closed","ping_status":"closed","sticky":false,"template":"","format":"standard","meta":{"footnotes":""},"categories":[3],"tags":[],"class_list":["post-1482","post","type-post","status-publish","format-standard","has-post-thumbnail","hentry","category-editions-esoterique-fondee-en-1927-depeches","entry","fw-tab-6 fw-tabr-4","has-featured-image"],"yoast_head":"<!-- This site is optimized with the Yoast SEO plugin v27.5 - https:\/\/yoast.com\/product\/yoast-seo-wordpress\/ -->\n<title>L\u2019archev\u00eaque Lori nomm\u00e9 gardien honoraire de la basilique de Baltimore &amp; pri\u00e8re en d\u00e9but de journ\u00e9e. - EDITIONSBUSSIERE<\/title>\n<meta name=\"robots\" content=\"index, follow, max-snippet:-1, max-image-preview:large, max-video-preview:-1\" \/>\n<link rel=\"canonical\" href=\"https:\/\/editionsbussiere.com\/blog\/larcheveque-lori-nomme-gardien-honoraire-de-la-basilique-de-baltimore-priere-en-debut-de-journee\/\" \/>\n<meta property=\"og:locale\" content=\"fr_FR\" \/>\n<meta property=\"og:type\" content=\"article\" \/>\n<meta property=\"og:title\" content=\"L\u2019archev\u00eaque Lori nomm\u00e9 gardien honoraire de la basilique de Baltimore &amp; pri\u00e8re en d\u00e9but de journ\u00e9e. - EDITIONSBUSSIERE\" \/>\n<meta property=\"og:description\" content=\"La Basilique de l\u2019Assomption Historic Trust a nomm\u00e9 l\u2019archev\u00eaque de Baltimore, William E. Lori, gardien honoraire de la premi\u00e8re cath\u00e9drale catholique d\u2019Am\u00e9rique lors de la r\u00e9union annuelle d\u2019automne de la fiducie. La r\u00e9solution visant \u00e0 cr\u00e9er le titre honorifique en premier a \u00e9t\u00e9 adopt\u00e9e par le conseil d\u2019administration en 2022. La d\u00e9signation reconna\u00eet les personnes [&hellip;]\" \/>\n<meta property=\"og:url\" content=\"https:\/\/editionsbussiere.com\/blog\/larcheveque-lori-nomme-gardien-honoraire-de-la-basilique-de-baltimore-priere-en-debut-de-journee\/\" \/>\n<meta property=\"og:site_name\" content=\"EDITIONSBUSSIERE\" \/>\n<meta property=\"article:published_time\" content=\"2024-10-10T21:17:54+00:00\" \/>\n<meta property=\"og:image\" content=\"https:\/\/editionsbussiere.com\/blog\/wp-content\/uploads\/2024\/10\/Larcheveque-Lori-nomme-gardien-honoraire-de-la-basilique-de-Baltimore.jpg\" \/>\n<meta name=\"author\" content=\"Marie BATICLE\" \/>\n<meta name=\"twitter:card\" content=\"summary_large_image\" \/>\n<meta name=\"twitter:label1\" content=\"\u00c9crit par\" \/>\n\t<meta name=\"twitter:data1\" content=\"Marie BATICLE\" \/>\n\t<meta name=\"twitter:label2\" content=\"Dur\u00e9e de lecture estim\u00e9e\" \/>\n\t<meta name=\"twitter:data2\" content=\"15 minutes\" \/>\n<script type=\"application\/ld+json\" class=\"yoast-schema-graph\">{\"@context\":\"https:\\\/\\\/schema.org\",\"@graph\":[{\"@type\":\"Article\",\"@id\":\"https:\\\/\\\/editionsbussiere.com\\\/blog\\\/larcheveque-lori-nomme-gardien-honoraire-de-la-basilique-de-baltimore-priere-en-debut-de-journee\\\/#article\",\"isPartOf\":{\"@id\":\"https:\\\/\\\/editionsbussiere.com\\\/blog\\\/larcheveque-lori-nomme-gardien-honoraire-de-la-basilique-de-baltimore-priere-en-debut-de-journee\\\/\"},\"author\":{\"name\":\"Marie BATICLE\",\"@id\":\"https:\\\/\\\/editionsbussiere.com\\\/blog\\\/#\\\/schema\\\/person\\\/ec90e102792148c97e46ab871010dd8f\"},\"headline\":\"L\u2019archev\u00eaque Lori nomm\u00e9 gardien honoraire de la basilique de Baltimore &amp; pri\u00e8re en d\u00e9but de journ\u00e9e.\",\"datePublished\":\"2024-10-10T21:17:54+00:00\",\"mainEntityOfPage\":{\"@id\":\"https:\\\/\\\/editionsbussiere.com\\\/blog\\\/larcheveque-lori-nomme-gardien-honoraire-de-la-basilique-de-baltimore-priere-en-debut-de-journee\\\/\"},\"wordCount\":3073,\"publisher\":{\"@id\":\"https:\\\/\\\/editionsbussiere.com\\\/blog\\\/#organization\"},\"image\":{\"@id\":\"https:\\\/\\\/editionsbussiere.com\\\/blog\\\/larcheveque-lori-nomme-gardien-honoraire-de-la-basilique-de-baltimore-priere-en-debut-de-journee\\\/#primaryimage\"},\"thumbnailUrl\":\"https:\\\/\\\/editionsbussiere.com\\\/blog\\\/wp-content\\\/uploads\\\/2024\\\/10\\\/Larcheveque-Lori-nomme-gardien-honoraire-de-la-basilique-de-Baltimore.jpg\",\"articleSection\":[\"Editions \u00c9sot\u00e9rique Fond\u00e9e En 1927; D\u00e9p\u00e8ches:\"],\"inLanguage\":\"fr-FR\"},{\"@type\":\"WebPage\",\"@id\":\"https:\\\/\\\/editionsbussiere.com\\\/blog\\\/larcheveque-lori-nomme-gardien-honoraire-de-la-basilique-de-baltimore-priere-en-debut-de-journee\\\/\",\"url\":\"https:\\\/\\\/editionsbussiere.com\\\/blog\\\/larcheveque-lori-nomme-gardien-honoraire-de-la-basilique-de-baltimore-priere-en-debut-de-journee\\\/\",\"name\":\"L\u2019archev\u00eaque Lori nomm\u00e9 gardien honoraire de la basilique de Baltimore &amp; pri\u00e8re en d\u00e9but de journ\u00e9e. - EDITIONSBUSSIERE\",\"isPartOf\":{\"@id\":\"https:\\\/\\\/editionsbussiere.com\\\/blog\\\/#website\"},\"primaryImageOfPage\":{\"@id\":\"https:\\\/\\\/editionsbussiere.com\\\/blog\\\/larcheveque-lori-nomme-gardien-honoraire-de-la-basilique-de-baltimore-priere-en-debut-de-journee\\\/#primaryimage\"},\"image\":{\"@id\":\"https:\\\/\\\/editionsbussiere.com\\\/blog\\\/larcheveque-lori-nomme-gardien-honoraire-de-la-basilique-de-baltimore-priere-en-debut-de-journee\\\/#primaryimage\"},\"thumbnailUrl\":\"https:\\\/\\\/editionsbussiere.com\\\/blog\\\/wp-content\\\/uploads\\\/2024\\\/10\\\/Larcheveque-Lori-nomme-gardien-honoraire-de-la-basilique-de-Baltimore.jpg\",\"datePublished\":\"2024-10-10T21:17:54+00:00\",\"breadcrumb\":{\"@id\":\"https:\\\/\\\/editionsbussiere.com\\\/blog\\\/larcheveque-lori-nomme-gardien-honoraire-de-la-basilique-de-baltimore-priere-en-debut-de-journee\\\/#breadcrumb\"},\"inLanguage\":\"fr-FR\",\"potentialAction\":[{\"@type\":\"ReadAction\",\"target\":[\"https:\\\/\\\/editionsbussiere.com\\\/blog\\\/larcheveque-lori-nomme-gardien-honoraire-de-la-basilique-de-baltimore-priere-en-debut-de-journee\\\/\"]}]},{\"@type\":\"ImageObject\",\"inLanguage\":\"fr-FR\",\"@id\":\"https:\\\/\\\/editionsbussiere.com\\\/blog\\\/larcheveque-lori-nomme-gardien-honoraire-de-la-basilique-de-baltimore-priere-en-debut-de-journee\\\/#primaryimage\",\"url\":\"https:\\\/\\\/editionsbussiere.com\\\/blog\\\/wp-content\\\/uploads\\\/2024\\\/10\\\/Larcheveque-Lori-nomme-gardien-honoraire-de-la-basilique-de-Baltimore.jpg\",\"contentUrl\":\"https:\\\/\\\/editionsbussiere.com\\\/blog\\\/wp-content\\\/uploads\\\/2024\\\/10\\\/Larcheveque-Lori-nomme-gardien-honoraire-de-la-basilique-de-Baltimore.jpg\",\"width\":900,\"height\":600,\"caption\":\"Larcheveque Lori nomme gardien honoraire de la basilique de Baltimore\"},{\"@type\":\"BreadcrumbList\",\"@id\":\"https:\\\/\\\/editionsbussiere.com\\\/blog\\\/larcheveque-lori-nomme-gardien-honoraire-de-la-basilique-de-baltimore-priere-en-debut-de-journee\\\/#breadcrumb\",\"itemListElement\":[{\"@type\":\"ListItem\",\"position\":1,\"name\":\"Accueil\",\"item\":\"https:\\\/\\\/editionsbussiere.com\\\/blog\\\/\"},{\"@type\":\"ListItem\",\"position\":2,\"name\":\"L\u2019archev\u00eaque Lori nomm\u00e9 gardien honoraire de la basilique de Baltimore &amp; pri\u00e8re en d\u00e9but de journ\u00e9e.\"}]},{\"@type\":\"WebSite\",\"@id\":\"https:\\\/\\\/editionsbussiere.com\\\/blog\\\/#website\",\"url\":\"https:\\\/\\\/editionsbussiere.com\\\/blog\\\/\",\"name\":\"EDITIONSBUSSIERE\",\"description\":\"Editions \u00e9sot\u00e9rique fond\u00e9e en 1927; site historique, A SAVOIR ET RETENIR.\",\"publisher\":{\"@id\":\"https:\\\/\\\/editionsbussiere.com\\\/blog\\\/#organization\"},\"potentialAction\":[{\"@type\":\"SearchAction\",\"target\":{\"@type\":\"EntryPoint\",\"urlTemplate\":\"https:\\\/\\\/editionsbussiere.com\\\/blog\\\/?s={search_term_string}\"},\"query-input\":{\"@type\":\"PropertyValueSpecification\",\"valueRequired\":true,\"valueName\":\"search_term_string\"}}],\"inLanguage\":\"fr-FR\"},{\"@type\":\"Organization\",\"@id\":\"https:\\\/\\\/editionsbussiere.com\\\/blog\\\/#organization\",\"name\":\"editionsbussiere\",\"url\":\"https:\\\/\\\/editionsbussiere.com\\\/blog\\\/\",\"logo\":{\"@type\":\"ImageObject\",\"inLanguage\":\"fr-FR\",\"@id\":\"https:\\\/\\\/editionsbussiere.com\\\/blog\\\/#\\\/schema\\\/logo\\\/image\\\/\",\"url\":\"https:\\\/\\\/editionsbussiere.com\\\/blog\\\/wp-content\\\/uploads\\\/2023\\\/09\\\/cropped-buss.gif\",\"contentUrl\":\"https:\\\/\\\/editionsbussiere.com\\\/blog\\\/wp-content\\\/uploads\\\/2023\\\/09\\\/cropped-buss.gif\",\"width\":298,\"height\":120,\"caption\":\"editionsbussiere\"},\"image\":{\"@id\":\"https:\\\/\\\/editionsbussiere.com\\\/blog\\\/#\\\/schema\\\/logo\\\/image\\\/\"}},{\"@type\":\"Person\",\"@id\":\"https:\\\/\\\/editionsbussiere.com\\\/blog\\\/#\\\/schema\\\/person\\\/ec90e102792148c97e46ab871010dd8f\",\"name\":\"Marie BATICLE\",\"image\":{\"@type\":\"ImageObject\",\"inLanguage\":\"fr-FR\",\"@id\":\"https:\\\/\\\/secure.gravatar.com\\\/avatar\\\/c923e52403b1b8137e2d929127211d21967e6aecaa053bd43b09da29f212e76e?s=96&d=mm&r=g\",\"url\":\"https:\\\/\\\/secure.gravatar.com\\\/avatar\\\/c923e52403b1b8137e2d929127211d21967e6aecaa053bd43b09da29f212e76e?s=96&d=mm&r=g\",\"contentUrl\":\"https:\\\/\\\/secure.gravatar.com\\\/avatar\\\/c923e52403b1b8137e2d929127211d21967e6aecaa053bd43b09da29f212e76e?s=96&d=mm&r=g\",\"caption\":\"Marie BATICLE\"},\"url\":\"https:\\\/\\\/editionsbussiere.com\\\/blog\\\/author\\\/eremarie\\\/\"}]}<\/script>\n<!-- \/ Yoast SEO plugin. -->","yoast_head_json":{"title":"L\u2019archev\u00eaque Lori nomm\u00e9 gardien honoraire de la basilique de Baltimore &amp; pri\u00e8re en d\u00e9but de journ\u00e9e. - EDITIONSBUSSIERE","robots":{"index":"index","follow":"follow","max-snippet":"max-snippet:-1","max-image-preview":"max-image-preview:large","max-video-preview":"max-video-preview:-1"},"canonical":"https:\/\/editionsbussiere.com\/blog\/larcheveque-lori-nomme-gardien-honoraire-de-la-basilique-de-baltimore-priere-en-debut-de-journee\/","og_locale":"fr_FR","og_type":"article","og_title":"L\u2019archev\u00eaque Lori nomm\u00e9 gardien honoraire de la basilique de Baltimore &amp; pri\u00e8re en d\u00e9but de journ\u00e9e. - EDITIONSBUSSIERE","og_description":"La Basilique de l\u2019Assomption Historic Trust a nomm\u00e9 l\u2019archev\u00eaque de Baltimore, William E. Lori, gardien honoraire de la premi\u00e8re cath\u00e9drale catholique d\u2019Am\u00e9rique lors de la r\u00e9union annuelle d\u2019automne de la fiducie. La r\u00e9solution visant \u00e0 cr\u00e9er le titre honorifique en premier a \u00e9t\u00e9 adopt\u00e9e par le conseil d\u2019administration en 2022. La d\u00e9signation reconna\u00eet les personnes [&hellip;]","og_url":"https:\/\/editionsbussiere.com\/blog\/larcheveque-lori-nomme-gardien-honoraire-de-la-basilique-de-baltimore-priere-en-debut-de-journee\/","og_site_name":"EDITIONSBUSSIERE","article_published_time":"2024-10-10T21:17:54+00:00","og_image":[{"url":"https:\/\/editionsbussiere.com\/blog\/wp-content\/uploads\/2024\/10\/Larcheveque-Lori-nomme-gardien-honoraire-de-la-basilique-de-Baltimore.jpg","type":"","width":"","height":""}],"author":"Marie BATICLE","twitter_card":"summary_large_image","twitter_misc":{"\u00c9crit par":"Marie BATICLE","Dur\u00e9e de lecture estim\u00e9e":"15 minutes"},"schema":{"@context":"https:\/\/schema.org","@graph":[{"@type":"Article","@id":"https:\/\/editionsbussiere.com\/blog\/larcheveque-lori-nomme-gardien-honoraire-de-la-basilique-de-baltimore-priere-en-debut-de-journee\/#article","isPartOf":{"@id":"https:\/\/editionsbussiere.com\/blog\/larcheveque-lori-nomme-gardien-honoraire-de-la-basilique-de-baltimore-priere-en-debut-de-journee\/"},"author":{"name":"Marie BATICLE","@id":"https:\/\/editionsbussiere.com\/blog\/#\/schema\/person\/ec90e102792148c97e46ab871010dd8f"},"headline":"L\u2019archev\u00eaque Lori nomm\u00e9 gardien honoraire de la basilique de Baltimore &amp; pri\u00e8re en d\u00e9but de journ\u00e9e.","datePublished":"2024-10-10T21:17:54+00:00","mainEntityOfPage":{"@id":"https:\/\/editionsbussiere.com\/blog\/larcheveque-lori-nomme-gardien-honoraire-de-la-basilique-de-baltimore-priere-en-debut-de-journee\/"},"wordCount":3073,"publisher":{"@id":"https:\/\/editionsbussiere.com\/blog\/#organization"},"image":{"@id":"https:\/\/editionsbussiere.com\/blog\/larcheveque-lori-nomme-gardien-honoraire-de-la-basilique-de-baltimore-priere-en-debut-de-journee\/#primaryimage"},"thumbnailUrl":"https:\/\/editionsbussiere.com\/blog\/wp-content\/uploads\/2024\/10\/Larcheveque-Lori-nomme-gardien-honoraire-de-la-basilique-de-Baltimore.jpg","articleSection":["Editions \u00c9sot\u00e9rique Fond\u00e9e En 1927; D\u00e9p\u00e8ches:"],"inLanguage":"fr-FR"},{"@type":"WebPage","@id":"https:\/\/editionsbussiere.com\/blog\/larcheveque-lori-nomme-gardien-honoraire-de-la-basilique-de-baltimore-priere-en-debut-de-journee\/","url":"https:\/\/editionsbussiere.com\/blog\/larcheveque-lori-nomme-gardien-honoraire-de-la-basilique-de-baltimore-priere-en-debut-de-journee\/","name":"L\u2019archev\u00eaque Lori nomm\u00e9 gardien honoraire de la basilique de Baltimore &amp; pri\u00e8re en d\u00e9but de journ\u00e9e. - EDITIONSBUSSIERE","isPartOf":{"@id":"https:\/\/editionsbussiere.com\/blog\/#website"},"primaryImageOfPage":{"@id":"https:\/\/editionsbussiere.com\/blog\/larcheveque-lori-nomme-gardien-honoraire-de-la-basilique-de-baltimore-priere-en-debut-de-journee\/#primaryimage"},"image":{"@id":"https:\/\/editionsbussiere.com\/blog\/larcheveque-lori-nomme-gardien-honoraire-de-la-basilique-de-baltimore-priere-en-debut-de-journee\/#primaryimage"},"thumbnailUrl":"https:\/\/editionsbussiere.com\/blog\/wp-content\/uploads\/2024\/10\/Larcheveque-Lori-nomme-gardien-honoraire-de-la-basilique-de-Baltimore.jpg","datePublished":"2024-10-10T21:17:54+00:00","breadcrumb":{"@id":"https:\/\/editionsbussiere.com\/blog\/larcheveque-lori-nomme-gardien-honoraire-de-la-basilique-de-baltimore-priere-en-debut-de-journee\/#breadcrumb"},"inLanguage":"fr-FR","potentialAction":[{"@type":"ReadAction","target":["https:\/\/editionsbussiere.com\/blog\/larcheveque-lori-nomme-gardien-honoraire-de-la-basilique-de-baltimore-priere-en-debut-de-journee\/"]}]},{"@type":"ImageObject","inLanguage":"fr-FR","@id":"https:\/\/editionsbussiere.com\/blog\/larcheveque-lori-nomme-gardien-honoraire-de-la-basilique-de-baltimore-priere-en-debut-de-journee\/#primaryimage","url":"https:\/\/editionsbussiere.com\/blog\/wp-content\/uploads\/2024\/10\/Larcheveque-Lori-nomme-gardien-honoraire-de-la-basilique-de-Baltimore.jpg","contentUrl":"https:\/\/editionsbussiere.com\/blog\/wp-content\/uploads\/2024\/10\/Larcheveque-Lori-nomme-gardien-honoraire-de-la-basilique-de-Baltimore.jpg","width":900,"height":600,"caption":"Larcheveque Lori nomme gardien honoraire de la basilique de Baltimore"},{"@type":"BreadcrumbList","@id":"https:\/\/editionsbussiere.com\/blog\/larcheveque-lori-nomme-gardien-honoraire-de-la-basilique-de-baltimore-priere-en-debut-de-journee\/#breadcrumb","itemListElement":[{"@type":"ListItem","position":1,"name":"Accueil","item":"https:\/\/editionsbussiere.com\/blog\/"},{"@type":"ListItem","position":2,"name":"L\u2019archev\u00eaque Lori nomm\u00e9 gardien honoraire de la basilique de Baltimore &amp; pri\u00e8re en d\u00e9but de journ\u00e9e."}]},{"@type":"WebSite","@id":"https:\/\/editionsbussiere.com\/blog\/#website","url":"https:\/\/editionsbussiere.com\/blog\/","name":"EDITIONSBUSSIERE","description":"Editions \u00e9sot\u00e9rique fond\u00e9e en 1927; site historique, A SAVOIR ET RETENIR.","publisher":{"@id":"https:\/\/editionsbussiere.com\/blog\/#organization"},"potentialAction":[{"@type":"SearchAction","target":{"@type":"EntryPoint","urlTemplate":"https:\/\/editionsbussiere.com\/blog\/?s={search_term_string}"},"query-input":{"@type":"PropertyValueSpecification","valueRequired":true,"valueName":"search_term_string"}}],"inLanguage":"fr-FR"},{"@type":"Organization","@id":"https:\/\/editionsbussiere.com\/blog\/#organization","name":"editionsbussiere","url":"https:\/\/editionsbussiere.com\/blog\/","logo":{"@type":"ImageObject","inLanguage":"fr-FR","@id":"https:\/\/editionsbussiere.com\/blog\/#\/schema\/logo\/image\/","url":"https:\/\/editionsbussiere.com\/blog\/wp-content\/uploads\/2023\/09\/cropped-buss.gif","contentUrl":"https:\/\/editionsbussiere.com\/blog\/wp-content\/uploads\/2023\/09\/cropped-buss.gif","width":298,"height":120,"caption":"editionsbussiere"},"image":{"@id":"https:\/\/editionsbussiere.com\/blog\/#\/schema\/logo\/image\/"}},{"@type":"Person","@id":"https:\/\/editionsbussiere.com\/blog\/#\/schema\/person\/ec90e102792148c97e46ab871010dd8f","name":"Marie BATICLE","image":{"@type":"ImageObject","inLanguage":"fr-FR","@id":"https:\/\/secure.gravatar.com\/avatar\/c923e52403b1b8137e2d929127211d21967e6aecaa053bd43b09da29f212e76e?s=96&d=mm&r=g","url":"https:\/\/secure.gravatar.com\/avatar\/c923e52403b1b8137e2d929127211d21967e6aecaa053bd43b09da29f212e76e?s=96&d=mm&r=g","contentUrl":"https:\/\/secure.gravatar.com\/avatar\/c923e52403b1b8137e2d929127211d21967e6aecaa053bd43b09da29f212e76e?s=96&d=mm&r=g","caption":"Marie BATICLE"},"url":"https:\/\/editionsbussiere.com\/blog\/author\/eremarie\/"}]}},"_links":{"self":[{"href":"https:\/\/editionsbussiere.com\/blog\/wp-json\/wp\/v2\/posts\/1482","targetHints":{"allow":["GET"]}}],"collection":[{"href":"https:\/\/editionsbussiere.com\/blog\/wp-json\/wp\/v2\/posts"}],"about":[{"href":"https:\/\/editionsbussiere.com\/blog\/wp-json\/wp\/v2\/types\/post"}],"author":[{"embeddable":true,"href":"https:\/\/editionsbussiere.com\/blog\/wp-json\/wp\/v2\/users\/3"}],"replies":[{"embeddable":true,"href":"https:\/\/editionsbussiere.com\/blog\/wp-json\/wp\/v2\/comments?post=1482"}],"version-history":[{"count":0,"href":"https:\/\/editionsbussiere.com\/blog\/wp-json\/wp\/v2\/posts\/1482\/revisions"}],"wp:featuredmedia":[{"embeddable":true,"href":"https:\/\/editionsbussiere.com\/blog\/wp-json\/wp\/v2\/media\/1483"}],"wp:attachment":[{"href":"https:\/\/editionsbussiere.com\/blog\/wp-json\/wp\/v2\/media?parent=1482"}],"wp:term":[{"taxonomy":"category","embeddable":true,"href":"https:\/\/editionsbussiere.com\/blog\/wp-json\/wp\/v2\/categories?post=1482"},{"taxonomy":"post_tag","embeddable":true,"href":"https:\/\/editionsbussiere.com\/blog\/wp-json\/wp\/v2\/tags?post=1482"}],"curies":[{"name":"wp","href":"https:\/\/api.w.org\/{rel}","templated":true}]}}