{"id":1476,"date":"2024-10-10T09:26:41","date_gmt":"2024-10-10T07:26:41","guid":{"rendered":"https:\/\/editionsbussiere.com\/blog\/la-lecture-a-fait-de-nombreux-saints-avec-une-requete-au-petit-jour\/"},"modified":"2024-10-10T09:26:41","modified_gmt":"2024-10-10T07:26:41","slug":"la-lecture-a-fait-de-nombreux-saints-avec-une-requete-au-petit-jour","status":"publish","type":"post","link":"https:\/\/editionsbussiere.com\/blog\/la-lecture-a-fait-de-nombreux-saints-avec-une-requete-au-petit-jour\/","title":{"rendered":"La lecture a fait de nombreux saints\n avec une requ\u00eate au petit jour."},"content":{"rendered":"<div><img width=\"580\" height=\"576\" src=\"https:\/\/editionsbussiere.com\/blog\/wp-content\/uploads\/2024\/10\/La-lecture-a-fait-de-nombreux-saints-avec-une-requete.jpg\" class=\"attachment-large size-large wp-post-image\" alt=\"La lecture a fait de nombreux saints avec une requ\u00eate\" style=\"float:left; margin:0 15px 15px 0;\" decoding=\"async\" loading=\"lazy\" srcset=\"https:\/\/editionsbussiere.com\/blog\/wp-content\/uploads\/2024\/10\/La-lecture-a-fait-de-nombreux-saints-avec-une-requete.jpg 720w, https:\/\/www.n42.fr\/wp-content\/uploads\/2024\/10\/La-lecture-a-fait-de-nombreux-saints-avec-une-requete-300x298.jpg 300w, https:\/\/www.n42.fr\/wp-content\/uploads\/2024\/10\/La-lecture-a-fait-de-nombreux-saints-avec-une-requete-150x150.jpg 150w\" sizes=\"auto, (max-width: 580px) 100vw, 580px\"><\/p>\n<p>\n<\/p>\n<div id=\"post-content\">\n<p style=\"font-weight: 400;\">Un nouveau probl\u00e8me \u2013 nouveau pour moi en tout cas \u2013 a attir\u00e9 mon attention la semaine derni\u00e8re. Je correspondais avec un \u00e9tudiant d\u2019une autre institution qui venait de se convertir du protestantisme au catholicisme. Il est cependant apparu clairement au cours de nos \u00e9changes que sa conversion \u00e9tait le r\u00e9sultat uniquement du visionnage de vid\u00e9os sur YouTube. Pas gr\u00e2ce \u00e0 des amiti\u00e9s, pas en se \u00ab lisant \u00bb dans le catholicisme, mais en regardant des vid\u00e9os.<\/p>\n<p style=\"font-weight: 400;\">Je me suis dit, <em>C\u2019est int\u00e9ressant.  Il n\u2019a lu aucun livre.  Son catholicisme est un produit de notre nouvelle \u00e8re visuelle. . . .Mais pourquoi nous soucions-nous des livres de toute fa\u00e7on ?<\/em><\/p>\n<p style=\"font-weight: 400;\">Je suis pr\u00e9occup\u00e9 \u2013 m\u00eame si ce n\u2019est pas tr\u00e8s grave \u2013 par le fait qu\u2019il existait auparavant un bon syst\u00e8me d\u2019accr\u00e9ditation, qui allait de pair avec les livres. Si vous avez achet\u00e9 un livre Doubleday Image dans les ann\u00e9es 1950, vous pouvez \u00eatre s\u00fbr que vous aviez entre les mains un tr\u00e8s bon livre catholique. Autrefois, il importait aussi qu\u2019un livre ait une imprimatur et un nihil obstat de l\u2019\u00e9v\u00eaque. Aujourd\u2019hui, toute personne poss\u00e9dant un smartphone peut publier des vid\u00e9os sur Internet.<\/p>\n<p style=\"font-weight: 400;\">Cela fait longtemps que la certification des livres n\u2019est plus fiable. Nos gardiens ont g\u00e9n\u00e9ralement \u00e9chou\u00e9.  Je serai bien si, en mati\u00e8re de religion, nous retournons \u00e0 une culture principalement orale, comme \u00e0 l\u2019\u00e9poque du Nouveau Testament, o\u00f9 n\u2019importe qui pouvait se rendre dans une ville comme Corinthe et pr\u00eacher ce qu\u2019il voulait. Un tel changement renvoie la responsabilit\u00e9 de la puret\u00e9 de la v\u00e9rit\u00e9 chr\u00e9tienne l\u00e0 o\u00f9 elle appartient, \u00e0 nos \u00e9v\u00eaques, les successeurs des ap\u00f4tres \u2013 et peut-\u00eatre qu\u2019alors ils se r\u00e9veilleront de leur sommeil synodal et recommenceront \u00e0 faire ce travail.<\/p>\n<p style=\"font-weight: 400;\">N\u00e9anmoins, les livres ont leur place, tout comme la Bible a toujours eu sa place, en raison de la proximit\u00e9 de la lecture et de la pri\u00e8re. La lecture peut favoriser la vie int\u00e9rieure, mais pas le visionnage de vid\u00e9os. De plus, la lecture provoque la d\u00e9lib\u00e9ration et le jugement r\u00e9fl\u00e9chi, tandis que les vid\u00e9os incitent \u00e0 la distraction. Reading est ind\u00e9niablement un sol riche pour recevoir les graines : les vid\u00e9os sont au mieux un sol peu profond, g\u00e9n\u00e9ralement de simples rochers au bord du chemin, des oiseaux planant \u00e0 proximit\u00e9.<\/p>\n<p style=\"font-weight: 400;\">Alors voici le nouveau probl\u00e8me : quels livres spirituels recommandez-vous \u00e0 un jeune qui n\u2019a pas lu de livres spirituels, et peut-\u00eatre m\u00eame qui n\u2019a lu aucun livre du tout ? Autrefois, le probl\u00e8me consistait \u00e0 choisir une s\u00e9quence intelligible de livres tra\u00e7ant un chemin de conversion. Maintenant, le probl\u00e8me est le suivant : parmi des centaines de bons livres, lesquels sont les meilleurs \u00e0 placer en premier entre les mains d\u2019un v\u00e9ritable n\u00e9ophyte ?<\/p>\n<p style=\"font-weight: 400;\">Il faudrait que ce soient des livres qui soient du lait maternel pour les nourrissons, et non de la nourriture solide pour les chr\u00e9tiens m\u00fbrs. Ils doivent \u00eatre courts. Ils doivent r\u00e9pondre aux besoins les plus s\u00e9rieux des jeunes. Ils doivent ouvrir les portes et mener quelque part.  Mais ils doivent aussi \u00eatre solides et s\u00e9rieux \u2013 des choses honn\u00eates. Nous n\u2019avons aucune raison de penser que ce seront les livres qui seront importants pour vous et moi. Peut-\u00eatre ne s\u2019agira-t-il m\u00eame pas de livres explicitement spirituels, mais de livres traitant de prol\u00e9gom\u00e8nes.<\/p>\n<figure id=\"attachment_72342\" aria-describedby=\"caption-attachment-72342\" style=\"width: 650px\" class=\"wp-caption aligncenter\"><img loading=\"lazy\" decoding=\"async\" class=\" wp-image-72342\" src=\"https:\/\/editionsbussiere.com\/blog\/wp-content\/uploads\/2024\/10\/35f2bb27-0e7e-478b-9bcf-5ea90b0d3265.jpg\" alt=\"\" width=\"650\" height=\"645\" srcset=\"https:\/\/editionsbussiere.com\/blog\/wp-content\/uploads\/2024\/10\/35f2bb27-0e7e-478b-9bcf-5ea90b0d3265.jpg 720w, https:\/\/www.thecatholicthing.org\/wp-content\/uploads\/35f2bb27-0e7e-478b-9bcf-5ea90b0d3265-300x298.jpg 300w, https:\/\/www.thecatholicthing.org\/wp-content\/uploads\/35f2bb27-0e7e-478b-9bcf-5ea90b0d3265-150x150.jpg 150w\" sizes=\"auto, (max-width: 650px) 100vw, 650px\"><figcaption id=\"caption-attachment-72342\" class=\"wp-caption-text\">Marie \u00e0 l\u2019Annonciation (Maria der Verk\u00fcndigung, alias <em>Marie lisant<\/em>) par Lorenzo Costa, v. 1512-1515 [Staatliche Kunstsammlungen Dresden, Germany]<\/figcaption><\/figure>\n<p style=\"font-weight: 400;\">Je vais vous faire part de mes r\u00e9flexions sur une telle liste\u00a0; vous pourriez composer le v\u00f4tre.<\/p>\n<p style=\"font-weight: 400;\">Le tout premier livre que je recommanderais est celui de CS Lewis <em>L\u2019abolition de l\u2019homme<\/em>. Rien n\u2019indique avec autant d\u2019\u00e9l\u00e9gance \u00e0 un chr\u00e9tien le genre de monde dans lequel il vit et quelle sorte de chr\u00e9tien il doit devenir. La premi\u00e8re conf\u00e9rence r\u00e9fute l\u2019\u00e9motivisme, la vision de la moralit\u00e9 que presque tout le monde d\u00e9fend aujourd\u2019hui, et plaide en faveur du d\u00e9veloppement du c\u0153ur, de la magnanimit\u00e9 et de la virilit\u00e9. La seconde montre que dans la mesure o\u00f9 nous rejetons la loi naturelle, nous nous effa\u00e7ons. Tandis que le troisi\u00e8me pr\u00e9vient que la science industrielle, avec ses racines dans la magie et les marchandages faustiens, se retournera contre nous.<\/p>\n<p style=\"font-weight: 400;\">Deuxi\u00e8mement, je proposerais Thomas \u00e0 Kempis, <em>L\u2019imitation du Christ<\/em>parce qu\u2019il trace si fortement le chemin \u00e9troit et oriente le lecteur vers la pri\u00e8re et la mortification n\u00e9cessaires.<\/p>\n<p style=\"font-weight: 400;\">Troisi\u00e8mement, je recommanderais l\u2019un des petits livres contenant des paroles de M\u00e8re Theresa. Il existe de nombreux livres de ce type\u00a0; l\u2019un de mes favoris a \u00e9t\u00e9 \u00e9dit\u00e9 par Malcolm Muggeridge, <em>Quelque chose de beau pour Dieu<\/em>. La raison en est que l\u2019on veut montrer comment, ici et maintenant, parmi nous, il y a effectivement des chr\u00e9tiens qui suivent radicalement le Christ.<\/p>\n<p style=\"font-weight: 400;\">Ma quatri\u00e8me suggestion serait un recueil d\u2019\u00e9crits des premiers \u00e9v\u00eaques, les soi-disant P\u00e8res apostoliques. L\u00e0, un jeune verra que les th\u00e9ories sur l\u2019origine de l\u2019\u00c9glise par ordre spontan\u00e9 sont fausses. Bien que l\u2019ordre spontan\u00e9 soit certainement important dans la vie chr\u00e9tienne \u2013 cet essai que vous lisez sur ce site en est un exemple \u2013 n\u00e9anmoins, la structure de l\u2019autorit\u00e9 dans l\u2019\u00c9glise est que le Christ a dit \u00e0 ses Ap\u00f4tres de nommer des successeurs, de gouverner avec le m\u00eame autorit\u00e9 qu\u2019il a conf\u00e9r\u00e9e aux Ap\u00f4tres. Un livre sur les P\u00e8res apostoliques ouvrira des portes, car il conduira naturellement \u00e0 l\u2019\u00e9tude des Conciles \u0153cum\u00e9niques et des deux grands cat\u00e9chismes de l\u2019\u00c9glise.<\/p>\n<p style=\"font-weight: 400;\">Ensuite, je ne n\u00e9gligerais pas de demander \u00e0 un jeune \u2013 m\u00eame si je laisserai cette question pour la fin, car elle est tellement \u00e9vidente : \u00ab Avez-vous lu un livre de la Bible en entier, d\u2019un seul coup ? Je sugg\u00e9rerai \u00e0 mon jeune ami de se lib\u00e9rer une journ\u00e9e, d\u2019aller dans un endroit calme \u00e0 la campagne, de laisser son t\u00e9l\u00e9phone derri\u00e8re lui ou de le verrouiller, et de lire ces quatre s\u2019il le peut\u00a0: <em>Gen\u00e8se, Exode, Psaumes<\/em> (au moins 1, 2, 8, 16, 22, 23, 27, 46, 51, 62, 100, 121 et 139), et <em>Matthieu<\/em>.<\/p>\n<p style=\"font-weight: 400;\">Lorsque je m\u2019arr\u00eate et regarde cette liste, une m\u00e9ta-r\u00e9flexion me vient \u00e0 l\u2019esprit : il n\u2019y a rien l\u00e0-dedans sur le sexe. Mon jeune ami, depuis qu\u2019il est un homme, a probablement eu du mal avec la pornographie et cetera. Les p\u00e9ch\u00e9s capitaux que sont la \u00ab convoitise \u00bb et la \u00ab cupidit\u00e9 \u00bb sont sans aucun doute les principaux pi\u00e8ges que Satan tend aux jeunes. Mais ma liste t\u00e9moigne de la v\u00e9rit\u00e9 selon laquelle l\u2019affranchissement du p\u00e9ch\u00e9 est en g\u00e9n\u00e9ral un don de suivre Christ de pr\u00e8s.<\/p>\n<p style=\"font-weight: 400;\"><em>Tolle, lege.<\/em>  Ramassez-les. . .et lire.<\/p>\n<\/div>\n<h2> \u00c9lever nos propres pri\u00e8res pour notre entourage au Seigneur de bon matin.<\/h2>\n<p>L\u2019ultime finale \u00e9tape de la pri\u00e8re du matin consiste \u00e0 prier pour nos proches amis, notre famille, nos connaissances et notre communaut\u00e9. Nous pouvons prier pour leur, leur bien-\u00eatre, leur s\u00fbret\u00e9, et leur prosp\u00e9rit\u00e9. Nous pouvons \u00e9galement prier pour nos adversaires et pour ceux qui nous ont offens\u00e9s, et demander \u00e0 Dieu de nous aider \u00e0 leur pardonner et \u00e0 leur t\u00e9moigner de la compassion.<\/p>\n<h3> Prier pour la vigueur et la s\u00e9curit\u00e9 de nos \u00eatres chers.<\/h3>\n<p>Dieu tout-puissant, nous autres te confions nos familles, nos propres familles ainsi que nos amis. Surveille, \u00d4 Dieu, au-dessus de eux, avec pr\u00e9serve -les de tout danger et de toute affliction. Offre, Dieu mis\u00e9ricordieux, une bien-\u00eatre du corps et de l\u2019esprit \u00e0 eux, et aussi la paix dans leur esprit. Puissante soit la volont\u00e9 pour que ta protection omnipotente les esprits garde et les guide chacun au long de cette journ\u00e9e, pour qu\u2019ils vivent dans la protection et aussi la qui\u00e9tude.<\/p>\n<p>Nous tous vers toi prions \u00e9galement pour nos enfants, Seigneur tout-puissant, afin qu\u2019ils grandissent dans la foi avec dans l\u2019amour de ton saint nom. Donne, \u00d4 Dieu, une sagesse avec la vigueur n\u00e9cessaires en vue de affronter les \u00e9preuves de la vie, ainsi que dirige leurs pas le long de le chemin de la v\u00e9rit\u00e9 et aussi de la justice.<\/p>\n<p>Enfin, nous te prions \u00e0 nos amis ainsi que nos voisins, Seigneur, pour qu\u2019ils d\u00e9couvrent la joie de ton amour et la tranquillit\u00e9 de ton pardon. Accorde-leur, cher Dieu, de c\u0153urs pleins de g\u00e9n\u00e9rosit\u00e9 pour partager avec ceux qui dans le besoin, et bras accueillantes afin de accueillir ceux qui sont seuls et abandonn\u00e9s.<\/p>\n<h3> Prier pour les n\u00f4tres ennemis ainsi que ceux qui sont nous-m\u00eames ont offens\u00e9s. <\/h3>\n<p>Seigneur Dieu, J\u00e9sus, nous te prions pour les n\u00f4tres ennemis ainsi que pour ceux que nous autres ont offens\u00e9s. Accorde-leur, \u00f4 J\u00e9sus, votre mis\u00e9ricorde et votre pardon, ainsi que ouvre leur c\u0153ur \u00e0 la lumi\u00e8re de ta v\u00e9rit\u00e9. Aide-nous, Seigneur Dieu, \u00e0 leur montrer de la compassion ainsi que \u00e0 leur pardonner comme tu nous-m\u00eames as pardonn\u00e9. Que ta paix r\u00e8gne dans nos c\u0153urs ainsi que que votre amour guide notre actions, pour que nous puissions vivre en harmonie avec tous ceux que nous-m\u00eames entourent.<\/p>\n<h3> Appr\u00e9hender la pri\u00e8re : <\/h3>\n<p>Pour terminer, la invocation nous souviens notre devoir tel que enfants de l\u2019\u00c9ternel : \u00eatre des t\u00e9moins de sa lumi\u00e8re et de son amour dans une p\u00e9riode en proie aux obscurit\u00e9s. \u00c0 travers nos discours et nos actes, nous propageons l\u2019\u00c9vangile de la paix et de la rapprochement, offrant l\u2019espoir et la r\u00e9paration \u00e0 un contexte ab\u00eem\u00e9.<\/p>\n<p>\u00c0 l\u2019int\u00e9rieur de l\u2019 foi chr\u00e9tienne, le matin porte une signification particuli\u00e8re, illustrant l\u2019 renouveau et la reconstruction spirituelle. C\u2019est \u00e0 l\u2019aube de chaque matin\u00e9e que l\u2019esprit se tourne vers l\u2019\u00c9ternel dans la pri\u00e8re, recherchant \u00e0 se trouver \u00e9clair\u00e9e par la lumi\u00e8re divine. L\u2019habitude des pri\u00e8res matinales est profond\u00e9ment enracin\u00e9e dans la tradition chr\u00e9tienne, proposant un moment privil\u00e9gi\u00e9 pour \u00e9tablir une connexion avec Dieu et se pr\u00e9parer int\u00e9rieurement aux d\u00e9fis de la journ\u00e9e qui s\u2019annonce.<\/p>\n<p>Au au c\u0153ur de ces pri\u00e8res matinales s\u2019 observe souvent une d\u00e9votion distincte \u00e0 l\u2019\u00e9gard de Marie, la m\u00e8re de J\u00e9sus et personnage sainte v\u00e9n\u00e9r\u00e9e par beaucoup fid\u00e8les. En qualit\u00e9 de interm\u00e9diaire au milieu de les hommes et Dieu, Marie est invoqu\u00e9e pour interc\u00e9der en notre nom, nous-m\u00eames guidant sur le chemin de la saintet\u00e9 et ainsi que la gr\u00e2ce divine. Son pr\u00e9sence maternelle donne consolation ainsi que s\u00e9curit\u00e9, cercant nos pri\u00e8re matinales d\u2019une douceur c\u00e9leste.<\/p>\n<p>\u00c0 via l\u2019 pri\u00e8re du matin, on est invit\u00e9s pour nous joindre \u00e0 Marie au sein de une d\u00e9marche pour b\u00e9atification personnelle. Dans m\u00e9ditant au sujet de sa vie et les vertus, nous explorons pour imiter son humilit\u00e9, sa puret\u00e9 et sa ob\u00e9issance \u00e0 la volont\u00e9 de Dieu. Par le biais de la saintet\u00e9 parfaite, Marie devient pour nous un mod\u00e8le de vie chr\u00e9tienne, on rappelant l\u2019importance de la pri\u00e8re ainsi que de la contemplation dans nos cheminement spirituel.<\/p>\n<p>Unissons-nous dans la pri\u00e8re du matin, dans notre confiance, en Marie, la m\u00e8re de notre Seigneur J\u00e9sus-Christ. Au sein de notre monde troubl\u00e9 par les conflits et la discorde, recourons \u00e0 la pri\u00e8re comme un moyen de retrouver la paix et la r\u00e9conciliation. Les catholiques du monde entier peuvent envoyer une pri\u00e8re pour la Vierge Marie <a target=\"_blank\" rel=\"nofollow\" href=\"https:\/\/editionsbussiere.com\/blog\/goto\/https:\/\/www.avemariasound.org\/\" >sur la page de pri\u00e8re pour marie.<\/a> Que nos supplications s\u2019\u00e9l\u00e8vent vers le ciel, comme un hommage re\u00e7u avec faveur \u00e0 Dieu, pour qu\u2019il guide \u00e9clairer nos chemins vers le chemin de la justice et de la v\u00e9rit\u00e9. L\u2019ap\u00f4tre Paul nous dans ses \u00e9p\u00eetres \u00e0 prier sans cesse, en toutes circonstances, pour que notre connexion \u00e0 Dieu reste constante et passionn\u00e9e. La pri\u00e8re, quand elle est sinc\u00e8rement offerte, a le pouvoir de changer nos c\u0153urs et de modifier le destin de l\u2019histoire.<\/p>\n<p>La pri\u00e8re du matin se trouve \u00eatre un temps avantag\u00e9 pour se consacrer vers Dieu avec l\u2019intercession de Marie, en lui pr\u00e9sentant nos adorations, nos remerciements ainsi que nos intentions les plus intimes. \u00c0 travers la qui\u00e9tude du l\u2019aurore, on se trouve invit\u00e9s pour se tourner vers cette maman sacr\u00e9e, laquelle nous guide avec affection sur le chemin du la croyance ainsi que du sentiment amoureux divin. \u00c0 travers unissant notre voix \u00e0 celle-ci de Marie, nous augmentons nos pri\u00e8res matinales envers le tr\u00f4ne du la gr\u00e2ce, assur\u00e9s que notre supplications seront entendues et accueillies par le c\u0153ur mis\u00e9ricordieux de Dieu.<\/p>\n<h2> Pri\u00e8re pour le d\u00e9but de journ\u00e9e avec dieu et la Vierge Marie<\/h2>\n<p>Seigneur tout-puissant et mis\u00e9ricordieux, en ce nouveau jour qui commence sous la clart\u00e9 de ta divine lumi\u00e8re, je viens \u00e0 toi avec confiance et humilit\u00e9. Que cette nouvelle journ\u00e9e qui se profile soit consacr\u00e9e \u00e0 ton saint nom, que chaque pulsation de mon \u00eatre |chaque regard de mes yeux|chacune de mes paroles|chacun de mes gestes} te soit offert en offrande. Que chaque respiration qui anime mon \u00eatre soit un souffle d\u2019adoration |un souffle vers toi|un souffle de vie en toi}. Que la pri\u00e8re r\u00e9sonne, suppliez, que nos c\u0153urs implorent, suppliez, priez.<\/p>\n<p>\u00c0 l\u2019instar de Marie, la m\u00e8re bienheureuse qui a port\u00e9 en son sein l\u2019enfant J\u00e9sus, accompagne-moi dans ce voyage de foi et de d\u00e9votion. Que je puisse, par le biais de les pages de l\u2019\u00c9vangile, rencontrer la clart\u00e9 pour \u00e9clairer mes pas et consolider ma foi. Tel Pierre, donne-moi la puissance et la bravoure de surmonter les temp\u00eates de la vie avec une confiance absolue en ta providence.<\/p>\n<p>Au cours de ce p\u00e9riode de Car\u00eame, o\u00f9 les chr\u00e9tiens et les croyantes se pr\u00e9parent \u00e0 comm\u00e9morer la r\u00e9surrection de J\u00e9sus-Christ, accorde-moi, Seigneur, l\u2019\u00e9veil spirituel. Que mon esprit soit purifi\u00e9 de toute impuret\u00e9, afin qu\u2019il devienne un temple digne de ta pr\u00e9sence. Que mes suppliques, inspir\u00e9e par l\u2019exemple de Fran\u00e7ois d\u2019Assise, retentisse comme un hymne de louange \u00e0 travers les si\u00e8cles.<br \/>\nSeigneur, que chaque jour soit impr\u00e9gn\u00e9 de ta b\u00e9n\u00e9diction, que tous les moments soit une occasion de te voir et de te servir dans mes prochains. Que mon existence soit un t\u00e9moignage vivant de ta tendresse infinie pour l\u2019humanit\u00e9. Puissent les supplications de Hozana monter vers toi comme un doux parfum, enveloppant chacune de mes journ\u00e9es dans une douce tranquillit\u00e9. Priez, \u00c9glise, Fran\u00e7ois, Hozana.<\/p>\n<p>Puissent mon c\u0153ur, \u00d4 Seigneur, devienne une r\u00e9plique du tien, rempli d\u2019amour, de compassion et de mis\u00e9ricorde envers autrui. Que toutes mes pens\u00e9es et mes actions soient conduites par le Saint-Esprit, afin que je puisse contribuer \u00e0 l\u2019av\u00e8nement de ton r\u00e8gne de justice sur ce monde.<\/p>\n<p>Que cette journ\u00e9e soit une nouvelle \u00e9tape dans mon cheminement spirituel, un moment de grandir dans la foi. Seigneur, prends possession de mon c\u0153ur, \u00e9tablis-le comme ton sanctuaire, o\u00f9 ta pr\u00e9sence se manifeste en tout temps. Que chaque pulsation de mon c\u0153ur soit un chant en ton honneur, Seigneur, pour toujours. Amen.<\/p>\n<p>Au sein de le r\u00e9veil spirituel de tout \u00e2me chr\u00e9tienne, l\u2019oraison joue. Celle-ci constitue le lien sacr\u00e9 profonde entre le fid\u00e8le de Dieu et sa m\u00e8re c\u00e9leste, la Sainte M\u00e8re, la sainte interc\u00e8de pour nous devant son c\u00e9leste Fils. \u00c0 travers la supplication, les fid\u00e8les entrons dans la lumi\u00e8re de la doctrine divine, dirig\u00e9s par l\u2019Esprit divin, pour d\u00e9celer la vraie nature et la b\u00e9n\u00e9diction que J\u00e9sus nous dispense.<\/p>\n<h2>Contemplation en ce qui concerne la Parole divine : <\/h2>\n<p>On pouvons ruminer au sujet de un passage religieux qui nous \u00e9voque de l\u2019amour de Dieu. \u00c0 titre d\u2019exemple :<\/p>\n<h3>1 Corinthiens 13, 1-8 : <\/h3>\n<p>\u00ab\u00a0Quand je parlerais les langues des hommes et des anges, si je n\u2019ai pas l\u2019amour, je suis un airain qui r\u00e9sonne ou une cymbale qui retentit. Et quand j\u2019aurais le don de proph\u00e9tie, la science de tous les myst\u00e8res et toute la connaissance, quand j\u2019aurais m\u00eame toute la foi jusqu\u2019\u00e0 transporter des montagnes, si je n\u2019ai pas l\u2019amour, je ne suis rien. .\u00a0\u00bb<\/p>\n<p>Bibliographie :<\/p>\n<p>Pauvres fleurs\/Cantique des Bannis.,<a target=\"_blank\" rel=\"nofollow\" href=\"https:\/\/editionsbussiere.com\/blog\/goto\/https:\/\/fr.wikisource.org\/wiki\/Pauvres_fleurs\/Cantique_des_Bannis\"  target=\"_blank\" rel=\"noopener noreferrer nofollow\">A lire ici.<\/a><span><\/span><\/p>\n<p>M\u00e9moires d\u2019une ex-palladiste parfaite, initi\u00e9e, ind\u00e9pendante\/01\/14 juin 1895.,<a target=\"_blank\" rel=\"nofollow\" href=\"https:\/\/editionsbussiere.com\/blog\/goto\/https:\/\/fr.wikisource.org\/wiki\/M%C3%A9moires_d%E2%80%99une_ex-palladiste_parfaite,_initi%C3%A9e,_ind%C3%A9pendante\/01\/14_juin_1895\"  target=\"_blank\" rel=\"noopener noreferrer nofollow\">Le post d\u2019actualit\u00e9.<\/a><span><\/span><\/p>\n<p>Les Fianc\u00e9s (Mont\u00e9mont)\/Chapitre VI.,<a target=\"_blank\" rel=\"nofollow\" href=\"https:\/\/editionsbussiere.com\/blog\/goto\/https:\/\/fr.wikisource.org\/wiki\/Les_Fianc%C3%A9s_(Mont%C3%A9mont)\/Chapitre_VI\"  target=\"_blank\" rel=\"noopener noreferrer nofollow\">Cliquer ICI.<\/a><span><\/span>. Suite sur le prochain article.<\/p>\n<p>Le Fl\u00e9au (Verhaeren).,<a target=\"_blank\" rel=\"nofollow\" href=\"https:\/\/editionsbussiere.com\/blog\/goto\/https:\/\/fr.wikisource.org\/wiki\/Le_Fl%C3%A9au_(Verhaeren)\"  target=\"_blank\" rel=\"noopener noreferrer nofollow\">Le dossier.<\/a><span><\/span>. Suite sur le prochain article.<\/p>\n<p>L\u2019Encyclop\u00e9die\/1re \u00e9dition\/PRIERE.,<a target=\"_blank\" rel=\"nofollow\" href=\"https:\/\/editionsbussiere.com\/blog\/goto\/https:\/\/fr.wikisource.org\/wiki\/L%E2%80%99Encyclop%C3%A9die\/1re_%C3%A9dition\/PRIERE\"  target=\"_blank\" rel=\"noopener noreferrer nofollow\">Article complet.<\/a><span><\/span>. Suite sur le prochain article.<\/p>\n<p>\u00c0 l\u2019ombre de mes dieux\/La vieille \u00e9glise.,<a target=\"_blank\" rel=\"nofollow\" href=\"https:\/\/editionsbussiere.com\/blog\/goto\/https:\/\/fr.wikisource.org\/wiki\/%C3%80_l%E2%80%99ombre_de_mes_dieux\/La_vieille_%C3%A9glise\"  target=\"_blank\" rel=\"noopener noreferrer nofollow\">Le post d\u2019actualit\u00e9.<\/a><span><\/span>. Suite sur le prochain article.<\/p>\n<\/div>\n<p><img decoding=\"async\" class=\"wpe_imgrss\" src=\"https:\/\/editionsbussiere.com\/blog\/wp-content\/uploads\/2024\/10\/La-lecture-a-fait-de-nombreux-saints-avec-une-requete.jpg\">Cet article a \u00e9t\u00e9 reconstitu\u00e9 du mieux possible. Dans l\u2019hypoth\u00e8se o\u00f9 vous souhaitez apporter quelques modifications concernant le th\u00e8me \u00ab\u00a0Editions \u00e9sot\u00e9rique fond\u00e9e en 1927\u00a0\u00bb, il est possible de discuter avec notre r\u00e9daction. Vous pouvez tirer profit de cet article traitant le sujet \u00ab\u00a0Editions \u00e9sot\u00e9rique fond\u00e9e en 1927\u00a0\u00bb. Il est concoct\u00e9 par l\u2019\u00e9quipe editionsbussiere.com. Le site editionsbussiere.com est fait pour cr\u00e9er divers posts autour du th\u00e8me Editions \u00e9sot\u00e9rique fond\u00e9e en 1927 d\u00e9velopp\u00e9es sur internet. Consultez notre site internet editionsbussiere.com et nos r\u00e9seaux sociaux pour \u00eatre au courant des futures annonces.<\/p>\n","protected":false},"excerpt":{"rendered":"<p>Un nouveau probl\u00e8me \u2013 nouveau pour moi en tout cas \u2013 a attir\u00e9 mon attention la semaine derni\u00e8re. Je correspondais avec un \u00e9tudiant d\u2019une autre institution qui venait de se convertir du protestantisme au catholicisme. Il est cependant apparu clairement au cours de nos \u00e9changes que sa conversion \u00e9tait le r\u00e9sultat uniquement du visionnage de [&hellip;]<\/p>\n","protected":false},"author":3,"featured_media":1477,"comment_status":"closed","ping_status":"closed","sticky":false,"template":"","format":"standard","meta":{"footnotes":""},"categories":[3],"tags":[],"class_list":["post-1476","post","type-post","status-publish","format-standard","has-post-thumbnail","hentry","category-editions-esoterique-fondee-en-1927-depeches","entry","fw-tab-6 fw-tabr-4","has-featured-image"],"yoast_head":"<!-- This site is optimized with the Yoast SEO plugin v27.5 - https:\/\/yoast.com\/product\/yoast-seo-wordpress\/ -->\n<title>La lecture a fait de nombreux saints avec une requ\u00eate au petit jour. - EDITIONSBUSSIERE<\/title>\n<meta name=\"robots\" content=\"index, follow, max-snippet:-1, max-image-preview:large, max-video-preview:-1\" \/>\n<link rel=\"canonical\" href=\"https:\/\/editionsbussiere.com\/blog\/la-lecture-a-fait-de-nombreux-saints-avec-une-requete-au-petit-jour\/\" \/>\n<meta property=\"og:locale\" content=\"fr_FR\" \/>\n<meta property=\"og:type\" content=\"article\" \/>\n<meta property=\"og:title\" content=\"La lecture a fait de nombreux saints avec une requ\u00eate au petit jour. - EDITIONSBUSSIERE\" \/>\n<meta property=\"og:description\" content=\"Un nouveau probl\u00e8me \u2013 nouveau pour moi en tout cas \u2013 a attir\u00e9 mon attention la semaine derni\u00e8re. Je correspondais avec un \u00e9tudiant d\u2019une autre institution qui venait de se convertir du protestantisme au catholicisme. Il est cependant apparu clairement au cours de nos \u00e9changes que sa conversion \u00e9tait le r\u00e9sultat uniquement du visionnage de [&hellip;]\" \/>\n<meta property=\"og:url\" content=\"https:\/\/editionsbussiere.com\/blog\/la-lecture-a-fait-de-nombreux-saints-avec-une-requete-au-petit-jour\/\" \/>\n<meta property=\"og:site_name\" content=\"EDITIONSBUSSIERE\" \/>\n<meta property=\"article:published_time\" content=\"2024-10-10T07:26:41+00:00\" \/>\n<meta property=\"og:image\" content=\"https:\/\/editionsbussiere.com\/blog\/wp-content\/uploads\/2024\/10\/La-lecture-a-fait-de-nombreux-saints-avec-une-requete.jpg\" \/>\n<meta name=\"author\" content=\"Marie BATICLE\" \/>\n<meta name=\"twitter:card\" content=\"summary_large_image\" \/>\n<meta name=\"twitter:label1\" content=\"\u00c9crit par\" \/>\n\t<meta name=\"twitter:data1\" content=\"Marie BATICLE\" \/>\n\t<meta name=\"twitter:label2\" content=\"Dur\u00e9e de lecture estim\u00e9e\" \/>\n\t<meta name=\"twitter:data2\" content=\"15 minutes\" \/>\n<script type=\"application\/ld+json\" class=\"yoast-schema-graph\">{\"@context\":\"https:\\\/\\\/schema.org\",\"@graph\":[{\"@type\":\"Article\",\"@id\":\"https:\\\/\\\/editionsbussiere.com\\\/blog\\\/la-lecture-a-fait-de-nombreux-saints-avec-une-requete-au-petit-jour\\\/#article\",\"isPartOf\":{\"@id\":\"https:\\\/\\\/editionsbussiere.com\\\/blog\\\/la-lecture-a-fait-de-nombreux-saints-avec-une-requete-au-petit-jour\\\/\"},\"author\":{\"name\":\"Marie BATICLE\",\"@id\":\"https:\\\/\\\/editionsbussiere.com\\\/blog\\\/#\\\/schema\\\/person\\\/ec90e102792148c97e46ab871010dd8f\"},\"headline\":\"La lecture a fait de nombreux saints avec une requ\u00eate au petit jour.\",\"datePublished\":\"2024-10-10T07:26:41+00:00\",\"mainEntityOfPage\":{\"@id\":\"https:\\\/\\\/editionsbussiere.com\\\/blog\\\/la-lecture-a-fait-de-nombreux-saints-avec-une-requete-au-petit-jour\\\/\"},\"wordCount\":3036,\"publisher\":{\"@id\":\"https:\\\/\\\/editionsbussiere.com\\\/blog\\\/#organization\"},\"image\":{\"@id\":\"https:\\\/\\\/editionsbussiere.com\\\/blog\\\/la-lecture-a-fait-de-nombreux-saints-avec-une-requete-au-petit-jour\\\/#primaryimage\"},\"thumbnailUrl\":\"https:\\\/\\\/editionsbussiere.com\\\/blog\\\/wp-content\\\/uploads\\\/2024\\\/10\\\/La-lecture-a-fait-de-nombreux-saints-avec-une-requete.jpg\",\"articleSection\":[\"Editions \u00c9sot\u00e9rique Fond\u00e9e En 1927; D\u00e9p\u00e8ches:\"],\"inLanguage\":\"fr-FR\"},{\"@type\":\"WebPage\",\"@id\":\"https:\\\/\\\/editionsbussiere.com\\\/blog\\\/la-lecture-a-fait-de-nombreux-saints-avec-une-requete-au-petit-jour\\\/\",\"url\":\"https:\\\/\\\/editionsbussiere.com\\\/blog\\\/la-lecture-a-fait-de-nombreux-saints-avec-une-requete-au-petit-jour\\\/\",\"name\":\"La lecture a fait de nombreux saints avec une requ\u00eate au petit jour. - EDITIONSBUSSIERE\",\"isPartOf\":{\"@id\":\"https:\\\/\\\/editionsbussiere.com\\\/blog\\\/#website\"},\"primaryImageOfPage\":{\"@id\":\"https:\\\/\\\/editionsbussiere.com\\\/blog\\\/la-lecture-a-fait-de-nombreux-saints-avec-une-requete-au-petit-jour\\\/#primaryimage\"},\"image\":{\"@id\":\"https:\\\/\\\/editionsbussiere.com\\\/blog\\\/la-lecture-a-fait-de-nombreux-saints-avec-une-requete-au-petit-jour\\\/#primaryimage\"},\"thumbnailUrl\":\"https:\\\/\\\/editionsbussiere.com\\\/blog\\\/wp-content\\\/uploads\\\/2024\\\/10\\\/La-lecture-a-fait-de-nombreux-saints-avec-une-requete.jpg\",\"datePublished\":\"2024-10-10T07:26:41+00:00\",\"breadcrumb\":{\"@id\":\"https:\\\/\\\/editionsbussiere.com\\\/blog\\\/la-lecture-a-fait-de-nombreux-saints-avec-une-requete-au-petit-jour\\\/#breadcrumb\"},\"inLanguage\":\"fr-FR\",\"potentialAction\":[{\"@type\":\"ReadAction\",\"target\":[\"https:\\\/\\\/editionsbussiere.com\\\/blog\\\/la-lecture-a-fait-de-nombreux-saints-avec-une-requete-au-petit-jour\\\/\"]}]},{\"@type\":\"ImageObject\",\"inLanguage\":\"fr-FR\",\"@id\":\"https:\\\/\\\/editionsbussiere.com\\\/blog\\\/la-lecture-a-fait-de-nombreux-saints-avec-une-requete-au-petit-jour\\\/#primaryimage\",\"url\":\"https:\\\/\\\/editionsbussiere.com\\\/blog\\\/wp-content\\\/uploads\\\/2024\\\/10\\\/La-lecture-a-fait-de-nombreux-saints-avec-une-requete.jpg\",\"contentUrl\":\"https:\\\/\\\/editionsbussiere.com\\\/blog\\\/wp-content\\\/uploads\\\/2024\\\/10\\\/La-lecture-a-fait-de-nombreux-saints-avec-une-requete.jpg\",\"width\":720,\"height\":715,\"caption\":\"La lecture a fait de nombreux saints avec une requete\"},{\"@type\":\"BreadcrumbList\",\"@id\":\"https:\\\/\\\/editionsbussiere.com\\\/blog\\\/la-lecture-a-fait-de-nombreux-saints-avec-une-requete-au-petit-jour\\\/#breadcrumb\",\"itemListElement\":[{\"@type\":\"ListItem\",\"position\":1,\"name\":\"Accueil\",\"item\":\"https:\\\/\\\/editionsbussiere.com\\\/blog\\\/\"},{\"@type\":\"ListItem\",\"position\":2,\"name\":\"La lecture a fait de nombreux saints avec une requ\u00eate au petit jour.\"}]},{\"@type\":\"WebSite\",\"@id\":\"https:\\\/\\\/editionsbussiere.com\\\/blog\\\/#website\",\"url\":\"https:\\\/\\\/editionsbussiere.com\\\/blog\\\/\",\"name\":\"EDITIONSBUSSIERE\",\"description\":\"Editions \u00e9sot\u00e9rique fond\u00e9e en 1927; site historique, A SAVOIR ET RETENIR.\",\"publisher\":{\"@id\":\"https:\\\/\\\/editionsbussiere.com\\\/blog\\\/#organization\"},\"potentialAction\":[{\"@type\":\"SearchAction\",\"target\":{\"@type\":\"EntryPoint\",\"urlTemplate\":\"https:\\\/\\\/editionsbussiere.com\\\/blog\\\/?s={search_term_string}\"},\"query-input\":{\"@type\":\"PropertyValueSpecification\",\"valueRequired\":true,\"valueName\":\"search_term_string\"}}],\"inLanguage\":\"fr-FR\"},{\"@type\":\"Organization\",\"@id\":\"https:\\\/\\\/editionsbussiere.com\\\/blog\\\/#organization\",\"name\":\"editionsbussiere\",\"url\":\"https:\\\/\\\/editionsbussiere.com\\\/blog\\\/\",\"logo\":{\"@type\":\"ImageObject\",\"inLanguage\":\"fr-FR\",\"@id\":\"https:\\\/\\\/editionsbussiere.com\\\/blog\\\/#\\\/schema\\\/logo\\\/image\\\/\",\"url\":\"https:\\\/\\\/editionsbussiere.com\\\/blog\\\/wp-content\\\/uploads\\\/2023\\\/09\\\/cropped-buss.gif\",\"contentUrl\":\"https:\\\/\\\/editionsbussiere.com\\\/blog\\\/wp-content\\\/uploads\\\/2023\\\/09\\\/cropped-buss.gif\",\"width\":298,\"height\":120,\"caption\":\"editionsbussiere\"},\"image\":{\"@id\":\"https:\\\/\\\/editionsbussiere.com\\\/blog\\\/#\\\/schema\\\/logo\\\/image\\\/\"}},{\"@type\":\"Person\",\"@id\":\"https:\\\/\\\/editionsbussiere.com\\\/blog\\\/#\\\/schema\\\/person\\\/ec90e102792148c97e46ab871010dd8f\",\"name\":\"Marie BATICLE\",\"image\":{\"@type\":\"ImageObject\",\"inLanguage\":\"fr-FR\",\"@id\":\"https:\\\/\\\/secure.gravatar.com\\\/avatar\\\/c923e52403b1b8137e2d929127211d21967e6aecaa053bd43b09da29f212e76e?s=96&d=mm&r=g\",\"url\":\"https:\\\/\\\/secure.gravatar.com\\\/avatar\\\/c923e52403b1b8137e2d929127211d21967e6aecaa053bd43b09da29f212e76e?s=96&d=mm&r=g\",\"contentUrl\":\"https:\\\/\\\/secure.gravatar.com\\\/avatar\\\/c923e52403b1b8137e2d929127211d21967e6aecaa053bd43b09da29f212e76e?s=96&d=mm&r=g\",\"caption\":\"Marie BATICLE\"},\"url\":\"https:\\\/\\\/editionsbussiere.com\\\/blog\\\/author\\\/eremarie\\\/\"}]}<\/script>\n<!-- \/ Yoast SEO plugin. -->","yoast_head_json":{"title":"La lecture a fait de nombreux saints avec une requ\u00eate au petit jour. - EDITIONSBUSSIERE","robots":{"index":"index","follow":"follow","max-snippet":"max-snippet:-1","max-image-preview":"max-image-preview:large","max-video-preview":"max-video-preview:-1"},"canonical":"https:\/\/editionsbussiere.com\/blog\/la-lecture-a-fait-de-nombreux-saints-avec-une-requete-au-petit-jour\/","og_locale":"fr_FR","og_type":"article","og_title":"La lecture a fait de nombreux saints avec une requ\u00eate au petit jour. - EDITIONSBUSSIERE","og_description":"Un nouveau probl\u00e8me \u2013 nouveau pour moi en tout cas \u2013 a attir\u00e9 mon attention la semaine derni\u00e8re. Je correspondais avec un \u00e9tudiant d\u2019une autre institution qui venait de se convertir du protestantisme au catholicisme. Il est cependant apparu clairement au cours de nos \u00e9changes que sa conversion \u00e9tait le r\u00e9sultat uniquement du visionnage de [&hellip;]","og_url":"https:\/\/editionsbussiere.com\/blog\/la-lecture-a-fait-de-nombreux-saints-avec-une-requete-au-petit-jour\/","og_site_name":"EDITIONSBUSSIERE","article_published_time":"2024-10-10T07:26:41+00:00","og_image":[{"url":"https:\/\/editionsbussiere.com\/blog\/wp-content\/uploads\/2024\/10\/La-lecture-a-fait-de-nombreux-saints-avec-une-requete.jpg","type":"","width":"","height":""}],"author":"Marie BATICLE","twitter_card":"summary_large_image","twitter_misc":{"\u00c9crit par":"Marie BATICLE","Dur\u00e9e de lecture estim\u00e9e":"15 minutes"},"schema":{"@context":"https:\/\/schema.org","@graph":[{"@type":"Article","@id":"https:\/\/editionsbussiere.com\/blog\/la-lecture-a-fait-de-nombreux-saints-avec-une-requete-au-petit-jour\/#article","isPartOf":{"@id":"https:\/\/editionsbussiere.com\/blog\/la-lecture-a-fait-de-nombreux-saints-avec-une-requete-au-petit-jour\/"},"author":{"name":"Marie BATICLE","@id":"https:\/\/editionsbussiere.com\/blog\/#\/schema\/person\/ec90e102792148c97e46ab871010dd8f"},"headline":"La lecture a fait de nombreux saints avec une requ\u00eate au petit jour.","datePublished":"2024-10-10T07:26:41+00:00","mainEntityOfPage":{"@id":"https:\/\/editionsbussiere.com\/blog\/la-lecture-a-fait-de-nombreux-saints-avec-une-requete-au-petit-jour\/"},"wordCount":3036,"publisher":{"@id":"https:\/\/editionsbussiere.com\/blog\/#organization"},"image":{"@id":"https:\/\/editionsbussiere.com\/blog\/la-lecture-a-fait-de-nombreux-saints-avec-une-requete-au-petit-jour\/#primaryimage"},"thumbnailUrl":"https:\/\/editionsbussiere.com\/blog\/wp-content\/uploads\/2024\/10\/La-lecture-a-fait-de-nombreux-saints-avec-une-requete.jpg","articleSection":["Editions \u00c9sot\u00e9rique Fond\u00e9e En 1927; D\u00e9p\u00e8ches:"],"inLanguage":"fr-FR"},{"@type":"WebPage","@id":"https:\/\/editionsbussiere.com\/blog\/la-lecture-a-fait-de-nombreux-saints-avec-une-requete-au-petit-jour\/","url":"https:\/\/editionsbussiere.com\/blog\/la-lecture-a-fait-de-nombreux-saints-avec-une-requete-au-petit-jour\/","name":"La lecture a fait de nombreux saints avec une requ\u00eate au petit jour. - EDITIONSBUSSIERE","isPartOf":{"@id":"https:\/\/editionsbussiere.com\/blog\/#website"},"primaryImageOfPage":{"@id":"https:\/\/editionsbussiere.com\/blog\/la-lecture-a-fait-de-nombreux-saints-avec-une-requete-au-petit-jour\/#primaryimage"},"image":{"@id":"https:\/\/editionsbussiere.com\/blog\/la-lecture-a-fait-de-nombreux-saints-avec-une-requete-au-petit-jour\/#primaryimage"},"thumbnailUrl":"https:\/\/editionsbussiere.com\/blog\/wp-content\/uploads\/2024\/10\/La-lecture-a-fait-de-nombreux-saints-avec-une-requete.jpg","datePublished":"2024-10-10T07:26:41+00:00","breadcrumb":{"@id":"https:\/\/editionsbussiere.com\/blog\/la-lecture-a-fait-de-nombreux-saints-avec-une-requete-au-petit-jour\/#breadcrumb"},"inLanguage":"fr-FR","potentialAction":[{"@type":"ReadAction","target":["https:\/\/editionsbussiere.com\/blog\/la-lecture-a-fait-de-nombreux-saints-avec-une-requete-au-petit-jour\/"]}]},{"@type":"ImageObject","inLanguage":"fr-FR","@id":"https:\/\/editionsbussiere.com\/blog\/la-lecture-a-fait-de-nombreux-saints-avec-une-requete-au-petit-jour\/#primaryimage","url":"https:\/\/editionsbussiere.com\/blog\/wp-content\/uploads\/2024\/10\/La-lecture-a-fait-de-nombreux-saints-avec-une-requete.jpg","contentUrl":"https:\/\/editionsbussiere.com\/blog\/wp-content\/uploads\/2024\/10\/La-lecture-a-fait-de-nombreux-saints-avec-une-requete.jpg","width":720,"height":715,"caption":"La lecture a fait de nombreux saints avec une requete"},{"@type":"BreadcrumbList","@id":"https:\/\/editionsbussiere.com\/blog\/la-lecture-a-fait-de-nombreux-saints-avec-une-requete-au-petit-jour\/#breadcrumb","itemListElement":[{"@type":"ListItem","position":1,"name":"Accueil","item":"https:\/\/editionsbussiere.com\/blog\/"},{"@type":"ListItem","position":2,"name":"La lecture a fait de nombreux saints avec une requ\u00eate au petit jour."}]},{"@type":"WebSite","@id":"https:\/\/editionsbussiere.com\/blog\/#website","url":"https:\/\/editionsbussiere.com\/blog\/","name":"EDITIONSBUSSIERE","description":"Editions \u00e9sot\u00e9rique fond\u00e9e en 1927; site historique, A SAVOIR ET RETENIR.","publisher":{"@id":"https:\/\/editionsbussiere.com\/blog\/#organization"},"potentialAction":[{"@type":"SearchAction","target":{"@type":"EntryPoint","urlTemplate":"https:\/\/editionsbussiere.com\/blog\/?s={search_term_string}"},"query-input":{"@type":"PropertyValueSpecification","valueRequired":true,"valueName":"search_term_string"}}],"inLanguage":"fr-FR"},{"@type":"Organization","@id":"https:\/\/editionsbussiere.com\/blog\/#organization","name":"editionsbussiere","url":"https:\/\/editionsbussiere.com\/blog\/","logo":{"@type":"ImageObject","inLanguage":"fr-FR","@id":"https:\/\/editionsbussiere.com\/blog\/#\/schema\/logo\/image\/","url":"https:\/\/editionsbussiere.com\/blog\/wp-content\/uploads\/2023\/09\/cropped-buss.gif","contentUrl":"https:\/\/editionsbussiere.com\/blog\/wp-content\/uploads\/2023\/09\/cropped-buss.gif","width":298,"height":120,"caption":"editionsbussiere"},"image":{"@id":"https:\/\/editionsbussiere.com\/blog\/#\/schema\/logo\/image\/"}},{"@type":"Person","@id":"https:\/\/editionsbussiere.com\/blog\/#\/schema\/person\/ec90e102792148c97e46ab871010dd8f","name":"Marie BATICLE","image":{"@type":"ImageObject","inLanguage":"fr-FR","@id":"https:\/\/secure.gravatar.com\/avatar\/c923e52403b1b8137e2d929127211d21967e6aecaa053bd43b09da29f212e76e?s=96&d=mm&r=g","url":"https:\/\/secure.gravatar.com\/avatar\/c923e52403b1b8137e2d929127211d21967e6aecaa053bd43b09da29f212e76e?s=96&d=mm&r=g","contentUrl":"https:\/\/secure.gravatar.com\/avatar\/c923e52403b1b8137e2d929127211d21967e6aecaa053bd43b09da29f212e76e?s=96&d=mm&r=g","caption":"Marie BATICLE"},"url":"https:\/\/editionsbussiere.com\/blog\/author\/eremarie\/"}]}},"_links":{"self":[{"href":"https:\/\/editionsbussiere.com\/blog\/wp-json\/wp\/v2\/posts\/1476","targetHints":{"allow":["GET"]}}],"collection":[{"href":"https:\/\/editionsbussiere.com\/blog\/wp-json\/wp\/v2\/posts"}],"about":[{"href":"https:\/\/editionsbussiere.com\/blog\/wp-json\/wp\/v2\/types\/post"}],"author":[{"embeddable":true,"href":"https:\/\/editionsbussiere.com\/blog\/wp-json\/wp\/v2\/users\/3"}],"replies":[{"embeddable":true,"href":"https:\/\/editionsbussiere.com\/blog\/wp-json\/wp\/v2\/comments?post=1476"}],"version-history":[{"count":0,"href":"https:\/\/editionsbussiere.com\/blog\/wp-json\/wp\/v2\/posts\/1476\/revisions"}],"wp:featuredmedia":[{"embeddable":true,"href":"https:\/\/editionsbussiere.com\/blog\/wp-json\/wp\/v2\/media\/1477"}],"wp:attachment":[{"href":"https:\/\/editionsbussiere.com\/blog\/wp-json\/wp\/v2\/media?parent=1476"}],"wp:term":[{"taxonomy":"category","embeddable":true,"href":"https:\/\/editionsbussiere.com\/blog\/wp-json\/wp\/v2\/categories?post=1476"},{"taxonomy":"post_tag","embeddable":true,"href":"https:\/\/editionsbussiere.com\/blog\/wp-json\/wp\/v2\/tags?post=1476"}],"curies":[{"name":"wp","href":"https:\/\/api.w.org\/{rel}","templated":true}]}}