{"id":1472,"date":"2024-10-08T15:24:31","date_gmt":"2024-10-08T13:24:31","guid":{"rendered":"https:\/\/editionsbussiere.com\/blog\/la-foi-des-enfants-et-le-pouvoir-de-la-priere-se-combinent-dans-un-chapelet-dun-million-de-personnes-avec-une-invocation-en-debut-de-journee\/"},"modified":"2024-10-08T15:24:31","modified_gmt":"2024-10-08T13:24:31","slug":"la-foi-des-enfants-et-le-pouvoir-de-la-priere-se-combinent-dans-un-chapelet-dun-million-de-personnes-avec-une-invocation-en-debut-de-journee","status":"publish","type":"post","link":"https:\/\/editionsbussiere.com\/blog\/la-foi-des-enfants-et-le-pouvoir-de-la-priere-se-combinent-dans-un-chapelet-dun-million-de-personnes-avec-une-invocation-en-debut-de-journee\/","title":{"rendered":"La foi des enfants et le pouvoir de la pri\u00e8re se combinent dans un chapelet d\u2019un million de personnes\n avec une invocation en d\u00e9but de journ\u00e9e."},"content":{"rendered":"<div><img width=\"580\" height=\"326\" src=\"https:\/\/editionsbussiere.com\/blog\/wp-content\/uploads\/2024\/10\/La-foi-des-enfants-et-le-pouvoir-de-la-priere.jpg\" class=\"attachment-large size-large wp-post-image\" alt=\"La foi des enfants et le pouvoir de la pri\u00e8re\" style=\"float:left; margin:0 15px 15px 0;\" decoding=\"async\" srcset=\"https:\/\/editionsbussiere.com\/blog\/wp-content\/uploads\/2024\/10\/La-foi-des-enfants-et-le-pouvoir-de-la-priere.jpg 1024w, https:\/\/www.n42.fr\/wp-content\/uploads\/2024\/10\/La-foi-des-enfants-et-le-pouvoir-de-la-priere-300x169.jpg 300w, https:\/\/www.n42.fr\/wp-content\/uploads\/2024\/10\/La-foi-des-enfants-et-le-pouvoir-de-la-priere-768x432.jpg 768w\" sizes=\"(max-width: 580px) 100vw, 580px\"><\/p>\n<p>\n<\/p>\n<div>\n<p>(OSV News) \u2013 Alors que les conflits font rage dans le monde entier, un million d\u2019enfants sont pr\u00eats \u00e0 prendre d\u2019assaut le ciel en priant.<\/p>\n<p>Le 18 octobre, l\u2019Aide \u00e0 l\u2019\u00c9glise en D\u00e9tresse organisera sa campagne annuelle \u00ab Un million d\u2019enfants priant le Rosaire \u00bb, invitant les enfants \u2013 ainsi que les familles, les paroisses, les cat\u00e9chistes et les enseignants \u2013 \u00e0 se joindre \u00e0 la r\u00e9citation du chapelet ce jour-l\u00e0, en s\u2019engageant \u00e0 l\u2019intention de le faire sur le site Internet de l\u2019AED d\u00e9di\u00e9 \u00e0 cette initiative, millionchildrenpraying.org.<\/p>\n<p>Le site propose \u00e9galement de nombreuses ressources, telles que des kits de pri\u00e8re et des r\u00e9flexions pour le chapelet, en 15 langues.<\/p>\n<p>L\u2019AED \u2013 qui depuis 1947 travaille sous la direction du pape pour fournir une aide pastorale et humanitaire aux catholiques pers\u00e9cut\u00e9s, g\u00e9rant 5 000 projets dans plus de 145 pays chaque ann\u00e9e \u2013 consacrera cette ann\u00e9e ses efforts \u00e0 interc\u00e9der pour la paix et l\u2019unit\u00e9.<\/p>\n<p>\u00ab Il y a tellement de points chauds dans le monde \u00bb, a d\u00e9clar\u00e9 \u00e0 OSV News Edward Clancy, directeur de la sensibilisation d\u2019ACN bas\u00e9 aux \u00c9tats-Unis. \u00ab C\u2019est vraiment un moment o\u00f9 l\u2019\u00c9glise doit \u00eatre unie et o\u00f9 nous devons prier pour la paix. Ce sont les deux principes fondamentaux de la campagne du chapelet.<\/p>\n<p>Plus de 120 conflits arm\u00e9s \u2013 y compris la guerre grandissante entre Isra\u00ebl et le Hamas et la guerre de 10 ans men\u00e9e par la Russie contre l\u2019Ukraine \u2013 ont actuellement lieu dans le monde, impliquant plus de 60 \u00c9tats et 120 groupes arm\u00e9s non \u00e9tatiques, selon le Comit\u00e9 international du Rouge. Cross, qui fournit une aide humanitaire et promeut des lois prot\u00e9geant les victimes de guerre.<\/p>\n<p>Depuis le d\u00e9but de la campagne de pri\u00e8re en 2005, l\u2019AED offre le chapelet le 18 octobre, f\u00eate de saint Luc l\u2019\u00e9vang\u00e9liste, dont l\u2019\u00c9vangile contient plusieurs passages mettant en sc\u00e8ne Marie.<\/p>\n<p>Clancy a not\u00e9 qu\u2019en 2024, cette date tombe un vendredi, lorsque les myst\u00e8res douloureux du chapelet, qui racontent la passion et la mort du Christ, sont traditionnellement r\u00e9cit\u00e9s \u2013 et que la co\u00efncidence est poignante \u00ab surtout avec tout ce qui se passe \u00bb dans le monde, a-t-il d\u00e9clar\u00e9. a d\u00e9clar\u00e9 \u00e0 OSV News. \u00ab Les Myst\u00e8res Douloureux sont ceux que nous devrions prier dans les conditions actuelles. \u00bb<\/p>\n<p>La campagne du chapelet de l\u2019AED, qui s\u2019associe actuellement au Sanctuaire de Fatima, au R\u00e9seau mondial de pri\u00e8re du Pape et \u00e0 l\u2019Apostolat mondial de Fatima, a d\u00e9but\u00e9 en 2005 au Venezuela, alors que ce pays \u00e9tait sous le contr\u00f4le du dirigeant autoritaire Hugo Chavez (dont le successeur, Nicolas Maduro , n\u2019a fait qu\u2019intensifier la r\u00e9pression). Plusieurs femmes pr\u00e9sentes pendant qu\u2019un groupe d\u2019enfants priaient le chapelet se sont inspir\u00e9es d\u2019une citation populairement attribu\u00e9e \u00e0 saint Pio de Pietrelcina : \u00ab Quand un million d\u2019enfants prieront le chapelet, le monde changera \u00bb.<\/p>\n<p>Les enfants sont particuli\u00e8rement qualifi\u00e9s pour interc\u00e9der pour le monde, a d\u00e9clar\u00e9 Clancy, soulignant \u00ab une combinaison de leur innocence (et) de la sinc\u00e9rit\u00e9 de leur pri\u00e8re \u00bb.<\/p>\n<p>\u00ab Leurs pri\u00e8res sont bien plus efficaces \u00bb, a-t-il d\u00e9clar\u00e9. \u00ab Notre-Dame est une m\u00e8re. Et qu\u2019a dit J\u00e9sus ? \u00ab Amenez-moi les enfants \u00bb (Mt 19,14, Marc 10,14, Lc 18,16). Il s\u2019agit des jeunes, de l\u2019espoir qu\u2019ils ont, de leur capacit\u00e9 \u00e0 surmonter tant de choses.<\/p>\n<p>Le pr\u00e9sident international de l\u2019AED, le cardinal Mauro Piacenza, et l\u2019assistant eccl\u00e9siastique de l\u2019agence, le p\u00e8re Anton L\u00e4sser, exhortent les fid\u00e8les \u00e0 organiser des pri\u00e8res du chapelet le 18 octobre dans les \u00e9coles, les r\u00e9unions de groupe et en ligne, a d\u00e9clar\u00e9 Clancy, ajoutant que lui et l\u2019\u00e9quipe de l\u2019AED cherchent \u00ab \u00e0 contribuer \u00e0 inspirer le sens dans aux gens qu\u2019ils peuvent faire quelque chose et que la pri\u00e8re a un effet sur le monde.<\/p>\n<p><em>Gina Christian est journaliste multim\u00e9dia pour OSV News. Suivez-la sur X (anciennement Twitter) @GinaJesseReina.<\/em><\/p>\n<\/div>\n<h2> \u00c9lever nos propres et les pri\u00e8res pour nos amis au Seigneur de bon matin.<\/h2>\n<p>La finale partie de la pri\u00e8re du matin consiste \u00e0 prier pour nos proches \u00eatres chers, nos famille, nos compagnons et notre propre communaut\u00e9. Nous pouvons prier pour leur propre, leur prosp\u00e9rit\u00e9, leur s\u00e9curit\u00e9, et leur r\u00e9ussite. Nous pouvons \u00e9galement prier pour ceux qui nous ont nui et pour celles qui nous ont l\u00e9s\u00e9s, et demander \u00e0 Dieu de nous aider \u00e0 leur pardonner et \u00e0 leur t\u00e9moigner de la compassion.<\/p>\n<h3> Invoquer pour la bien-\u00eatre et la protection de nos familles.<\/h3>\n<p>Dieu tout-puissant, nous te confions nos amis, nos propres familles et nos compagnons. Garde, \u00d4 Dieu, sur eux, et sauvegarde -les de tout risque et de toute maladie. Accorde, Seigneur, une vigueur du corps ainsi que de l\u2019esprit pour eux, et la paix dans leur c\u0153ur. Puissante soit la volont\u00e9 pour que ta protection puissante les esprits veille avec les guide tout au long de cette journ\u00e9e, pour qu\u2019ils puissent vivre dans une s\u00e9curit\u00e9 et aussi la paix.<\/p>\n<p>Nous \u00e0 toi prions pareillement pour nos enfants, Seigneur tout-puissant, qu\u2019ils grandissent dans la foi et dans l\u2019amour de ton saint nom. Offre, \u00d4 Dieu, une sagesse ainsi que la vigueur n\u00e9cessaires pour affronter les d\u00e9fis de la vie, et guide leurs pas le long de le chemin de la v\u00e9rit\u00e9 et aussi de la justice.<\/p>\n<p>Enfin, nous tous te prions \u00e0 nos amis et nos voisins, Seigneur, afin qu\u2019ils d\u00e9couvrent la joie de ton amour avec la s\u00e9r\u00e9nit\u00e9 de ton pardon. Donne-leur, \u00d4 Dieu, de c\u0153urs pleins de g\u00e9n\u00e9rosit\u00e9 en vue de partager avec ceux qui dans le besoin, et des largement ouvertes pour accueillir ceux que seuls et aussi abandonn\u00e9s.<\/p>\n<h3> Prier pour nos ennemis et aussi ceux que nous-m\u00eames ont offens\u00e9s. <\/h3>\n<p>Seigneur, J\u00e9sus, nous te prions pour les n\u00f4tres ennemis et pour ceux que nous ont offens\u00e9s. Accorde-leur, \u00f4 Christ, ta mis\u00e9ricorde et votre pardon, et aussi ouvre leur c\u0153ur \u00e0 la lumi\u00e8re de ta v\u00e9rit\u00e9. Aide-nous, Seigneur Dieu, \u00e0 leur montrer de la compassion et \u00e0 leur pardonner comme tu nous as pardonn\u00e9. Que votre paix r\u00e8gne dans les n\u00f4tres c\u0153urs ainsi que que votre amour guide nos actions, pour que nous puissions vivre en harmonie avec tous ceux qui sont nous entourent.<\/p>\n<h3> Appr\u00e9hender la pri\u00e8re : <\/h3>\n<p>En conclusion, l\u2019 oraison nous rappelle notre mission comme enfant de Dieu : exister des observateurs de sa lumi\u00e8re et de son amour dans l\u2019 \u00e9poque affect\u00e9e aux obscurit\u00e9s. \u00c0 travers notre paroles et notre \u0153uvres, nous r\u00e9pandons la bonne nouvelle de la s\u00e9r\u00e9nit\u00e9 et de la conciliation, offrant l\u2019attente et la r\u00e9paration \u00e0 un contexte endommag\u00e9.<\/p>\n<p>Au sein de l\u2019 foi chr\u00e9tienne, le aube rev\u00eat une signification particuli\u00e8re, repr\u00e9sentant le rafra\u00eechissement et la reconstruction spirituelle. C\u2019est au d\u00e9but de chaque jour que le c\u0153ur se tourne vers Dieu dans la pri\u00e8re, cherchant \u00e0 se trouver \u00e9clair\u00e9e par la clart\u00e9 surnaturelle. La coutume des pri\u00e8res matinales est essentiellement enracin\u00e9e dans la tradition chr\u00e9tienne, proposant une p\u00e9riode exclusif pour \u00e9tablir une connexion avec l\u2019\u00c9ternel et se disposer mentalement aux \u00e9preuves de la journ\u00e9e qui vient.<\/p>\n<p>Au au c\u0153ur de ces pri\u00e8re matinales se rep\u00e8re r\u00e9guli\u00e8rement une d\u00e9votion particuli\u00e8re \u00e0 l\u2019\u00e9gard de Marie, maman maternelle de J\u00e9sus et figure sainte ador\u00e9e par de nombreux fid\u00e8les. En tant d\u2019 intercesseur parmi les hommes et Dieu, Marie est pri\u00e9e pour intervenir en notre nom, nous conduisant dans le chemin de la saintet\u00e9 ainsi que de la gr\u00e2ce divine. Ses pr\u00e9sentation maternelle donne consolation et s\u00e9curit\u00e9, enveloppant nos pri\u00e8res matinales avec une d\u00e9licatesse c\u00e9leste.<\/p>\n<p>Au par les oraisons du matin, nous sommes appel\u00e9s \u00e0 nous unir \u00e0 Marie dans une d\u00e9marche pour purification personnelle. Dans m\u00e9ditant sur sa vie et ses vertus, on cherchons \u00e0 imiter son humilit\u00e9, sa puret\u00e9 et son ob\u00e9issance vers la volont\u00e9 de Dieu. Gr\u00e2ce \u00e0 sa saintet\u00e9 parfaite, Marie est pour nous un mod\u00e8le de vie chr\u00e9tienne, nous rappelant l\u2019importance du pri\u00e8re ainsi que de la contemplation au sein de notre cheminement spirituel.<\/p>\n<p>Joignons nos c\u0153urs dans la pri\u00e8re du matin, dans l\u2019unit\u00e9 de notre esp\u00e9rance, en nous tournant vers Marie, la m\u00e8re de J\u00e9sus. Au sein de notre monde troubl\u00e9 par la guerre et la discorde, recourons \u00e0 la pri\u00e8re comme un moyen pour trouver la paix et l\u2019harmonie. Chacun exprimer une intention de pri\u00e8re pour Marie <a target=\"_blank\" rel=\"nofollow\" href=\"https:\/\/editionsbussiere.com\/blog\/goto\/https:\/\/www.avemariasound.org\/\" >sur le web.<\/a> Que nos supplications s\u2019\u00e9l\u00e8vent vers le ciel, comme une offrande agr\u00e9able par Dieu, afin qu\u2019il puisse \u00e9clairer nos chemins vers la voie de la justice et de la v\u00e9rit\u00e9. L\u2019ap\u00f4tre Paul nous exhorte dans ses lettres \u00e0 prier sans cesse, en toutes circonstances, pour que notre connexion \u00e0 Dieu soit constante et passionn\u00e9e. La pri\u00e8re, quand elle est sinc\u00e8rement offerte, poss\u00e8de la capacit\u00e9 de changer les c\u0153urs et de modifier le cours de l\u2019histoire.<\/p>\n<p>La r\u00e9citation du matin est ainsi un instant favoris\u00e9 afin de se consacrer \u00e0 Dieu avec l\u2019intercession de Marie, en lui sacrifiant nos louanges, nos remerciements et nos intentions les plus profondes. \u00c0 travers l\u2019 qui\u00e9tude de l\u2019aurore, nous sommes invit\u00e9s \u00e0 tourner envers cette m\u00e8re sacr\u00e9e, qui on guide par tendresse sur le chemin de la foi et de l\u2019amour divin. En faisant l\u2019union notre voix \u00e0 celle-ci de Marie, nous \u00e9levons nos pri\u00e8res matinales vers le tr\u00f4ne de du don divin, s\u00fbrs que nos supplications seront entendues et accueillies aupr\u00e8s de le c\u0153ur mis\u00e9ricordieux de Dieu.<\/p>\n<h2> Pri\u00e8re pour le d\u00e9but de journ\u00e9e avec Dieu et la Sainte M\u00e8re<\/h2>\n<p>Dieu tout-puissant et plein de mis\u00e9ricorde, en ce nouveau jour qui commence sous la clart\u00e9 de ta divine lumi\u00e8re, je viens \u00e0 Toi avec foi et modestie. Que cette journ\u00e9e qui s\u2019ouvre soit consacr\u00e9e \u00e0 ta gloire sainte, que chaque battement de mon c\u0153ur |chaque regard de mes yeux|chacune de mes paroles|chacun de mes gestes} te soit offert en acte d\u2019amour. Que chaque souffle qui anime mon corps soit un soupir de d\u00e9votion |un souffle vers toi|un souffle de vie en toi}. Que la pri\u00e8re r\u00e9sonne, suppliez, que nos c\u0153urs implorent, que nos \u00e2mes se confient, suppliez.<\/p>\n<p>Comme Marie, la m\u00e8re bienheureuse qui a port\u00e9 en son sein l\u2019enfant J\u00e9sus, conduis-moi dans ce parcours de foi et de d\u00e9votion. Que je puisse, \u00e0 travers les pages de l\u2019\u00c9vangile, trouver la lumi\u00e8re pour \u00e9clairer mes pas et consolider ma foi. Tel Pierre, accorde-moi la force et l\u2019audace de faire face \u00e0 les \u00e9preuves de ce monde avec une confiance in\u00e9branlable en ta providence.<\/p>\n<p>Au cours de ce p\u00e9riode de Car\u00eame, o\u00f9 les croyants et les fid\u00e8les se pr\u00e9parent \u00e0 honorer la r\u00e9surrection de ton fils bien-aim\u00e9, donne-moi, Seigneur, la b\u00e9n\u00e9diction de la renaissance spirituelle. Que mon c\u0153ur soit purifi\u00e9 de tout ce qui le souille, afin qu\u2019il devienne un sanctuaire pour ta divinit\u00e9. Que mes suppliques, suivant l\u2019exemple de Fran\u00e7ois d\u2019Assise, r\u00e9sonne tel un hymne de louange \u00e0 travers les si\u00e8cles.<br \/>\n\u00d4 Seigneur, que ma journ\u00e9e soit impr\u00e9gn\u00e9 de ta b\u00e9n\u00e9diction, que tous les moments soit une occasion de entrer en communion avec toi et de te servir dans mes semblables. Que ma vie soit un t\u00e9moignage vivant de ta tendresse infinie pour l\u2019humanit\u00e9. Puissent les mots de la pri\u00e8re de Hozana monter vers toi comme un doux parfum, enveloppant chaque instant de ma journ\u00e9e dans une douce tranquillit\u00e9. Priez, \u00c9glise, Fran\u00e7ois, Hozana.<\/p>\n<p>Puissent mon c\u0153ur, Dieu Tout-Puissant, devienne une r\u00e9plique du tien, rempli d\u2019amour, de compassion et de mis\u00e9ricorde envers mes semblables. Que chacune de mes pens\u00e9es et de mes actions soit dirig\u00e9e par ton Esprit saint, afin que je puisse contribuer \u00e0 l\u2019av\u00e8nement de ton r\u00e8gne de justice sur ce monde.<\/p>\n<p>Que cette journ\u00e9e soit une nouvelle \u00e9tape dans mon cheminement spirituel, une occasion de grandir dans la foi. Seigneur, poss\u00e8de mon c\u0153ur, fais-en ton sanctuaire, o\u00f9 ta pr\u00e9sence se manifeste constamment. Que chacun de mes battements de c\u0153ur se transforme en un chant \u00e0 ta gloire, \u00f4 Seigneur, pour les si\u00e8cles des si\u00e8cles. Amen.<\/p>\n<p>Au sein de l\u2019\u00e9veil religieux de chaque \u00e2me chr\u00e9tienne, l\u2019oraison a un r\u00f4le. Celle-ci constitue la connexion \u00e9troite entre le croyant divin et sa m\u00e8re c\u00e9leste, Marie, la sainte interc\u00e8de en faveur de nous en face de son c\u00e9leste Fils. Par le biais de la supplication, nous p\u00e9n\u00e9trons au c\u0153ur de la lumi\u00e8re de l\u2019\u00c9vangile, dirig\u00e9s avec l\u2019Esprit divin, dans le but de d\u00e9celer la r\u00e9alit\u00e9 et la gr\u00e2ce que J\u00e9sus nous accorde.<\/p>\n<h2>M\u00e9ditation de la sainte Parole divine : <\/h2>\n<p>Nous sommes capables de m\u00e9diter au sujet de un passage religieux qui nous \u00e9voque de la tendresse divin. \u00c0 titre illustratif :<\/p>\n<h3>1 Corinthiens 13, 1-8 : <\/h3>\n<p>\u00ab\u00a0Et quand je distribuerais tous mes biens pour la nourriture des pauvres, quand je livrerais m\u00eame mon corps pour \u00eatre br\u00fbl\u00e9, si je n\u2019ai pas l\u2019amour, cela ne me sert \u00e0 rien..\u00a0\u00bb<\/p>\n<p>A lire sur un th\u00e8me \u00e9quivalent:<\/p>\n<p>Po\u00e9sies (Poncy)\/Vol. 1\/\u00c0 un grand ch\u00eane.,<a target=\"_blank\" rel=\"nofollow\" href=\"https:\/\/editionsbussiere.com\/blog\/goto\/https:\/\/fr.wikisource.org\/wiki\/Po%C3%A9sies_(Poncy)\/Vol._1\/%C3%80_un_grand_ch%C3%AAne\"  target=\"_blank\" rel=\"noopener noreferrer nofollow\">Le post d\u2019actualit\u00e9.<\/a><span><\/span><\/p>\n<p>Marie-Claire\/17.,<a target=\"_blank\" rel=\"nofollow\" href=\"https:\/\/editionsbussiere.com\/blog\/goto\/https:\/\/fr.wikisource.org\/wiki\/Marie-Claire\/17\"  target=\"_blank\" rel=\"noopener noreferrer nofollow\">Le texte de l\u2019article.<\/a><span><\/span><\/p>\n<p>Les Chants du cr\u00e9puscule\/\u00c0 Louis B\u2026.,<a target=\"_blank\" rel=\"nofollow\" href=\"https:\/\/editionsbussiere.com\/blog\/goto\/https:\/\/fr.wikisource.org\/wiki\/Les_Chants_du_cr%C3%A9puscule\/%C3%80_Louis_B%E2%80%A6\"  target=\"_blank\" rel=\"noopener noreferrer nofollow\">A lire ici.<\/a><span><\/span><\/p>\n<p>Le Coran (Traduction de Savary)\/66.,<a target=\"_blank\" rel=\"nofollow\" href=\"https:\/\/editionsbussiere.com\/blog\/goto\/https:\/\/fr.wikisource.org\/wiki\/Le_Coran_(Traduction_de_Savary)\/66\"  target=\"_blank\" rel=\"noopener noreferrer nofollow\">Cliquer ICI.<\/a><span><\/span>. Suite sur le prochain article.<\/p>\n<p>Dictionnaire de Tr\u00e9voux\/6e \u00e9dition, 1771\/AV\u00c9 MARIA.,<a target=\"_blank\" rel=\"nofollow\" href=\"https:\/\/editionsbussiere.com\/blog\/goto\/https:\/\/fr.wikisource.org\/wiki\/Dictionnaire_de_Tr%C3%A9voux\/6e_%C3%A9dition,_1771\/AV%C3%89_MARIA\"  target=\"_blank\" rel=\"noopener noreferrer nofollow\">L\u2019article ICI.<\/a><span><\/span>. Suite sur le prochain article.<\/p>\n<p>Chansons populaires de la Basse-Bretagne\/Le r\u00eave de la Vierge.,<a target=\"_blank\" rel=\"nofollow\" href=\"https:\/\/editionsbussiere.com\/blog\/goto\/https:\/\/fr.wikisource.org\/wiki\/Chansons_populaires_de_la_Basse-Bretagne\/Le_r%C3%AAve_de_la_Vierge\"  target=\"_blank\" rel=\"noopener noreferrer nofollow\">Le dossier.<\/a><span><\/span><\/p>\n<\/div>\n<p><img decoding=\"async\" class=\"wpe_imgrss\" src=\"https:\/\/editionsbussiere.com\/blog\/wp-content\/uploads\/2024\/10\/La-foi-des-enfants-et-le-pouvoir-de-la-priere.jpg\">Cet article a \u00e9t\u00e9 reconstitu\u00e9 du mieux possible. Dans l\u2019hypoth\u00e8se o\u00f9 vous souhaitez apporter quelques modifications concernant le th\u00e8me \u00ab\u00a0Editions \u00e9sot\u00e9rique fond\u00e9e en 1927\u00a0\u00bb, il est possible de discuter avec notre r\u00e9daction. Vous pouvez tirer profit de cet article traitant le sujet \u00ab\u00a0Editions \u00e9sot\u00e9rique fond\u00e9e en 1927\u00a0\u00bb. Il est concoct\u00e9 par l\u2019\u00e9quipe editionsbussiere.com. Le site editionsbussiere.com est fait pour cr\u00e9er divers posts autour du th\u00e8me Editions \u00e9sot\u00e9rique fond\u00e9e en 1927 d\u00e9velopp\u00e9es sur internet. Consultez notre site internet editionsbussiere.com et nos r\u00e9seaux sociaux pour \u00eatre au courant des futures annonces.<\/p>\n","protected":false},"excerpt":{"rendered":"<p>(OSV News) \u2013 Alors que les conflits font rage dans le monde entier, un million d\u2019enfants sont pr\u00eats \u00e0 prendre d\u2019assaut le ciel en priant. Le 18 octobre, l\u2019Aide \u00e0 l\u2019\u00c9glise en D\u00e9tresse organisera sa campagne annuelle \u00ab Un million d\u2019enfants priant le Rosaire \u00bb, invitant les enfants \u2013 ainsi que les familles, les paroisses, [&hellip;]<\/p>\n","protected":false},"author":3,"featured_media":1473,"comment_status":"closed","ping_status":"closed","sticky":false,"template":"","format":"standard","meta":{"footnotes":""},"categories":[3],"tags":[],"class_list":["post-1472","post","type-post","status-publish","format-standard","has-post-thumbnail","hentry","category-editions-esoterique-fondee-en-1927-depeches","entry","fw-tab-6 fw-tabr-4","has-featured-image"],"yoast_head":"<!-- This site is optimized with the Yoast SEO plugin v27.5 - https:\/\/yoast.com\/product\/yoast-seo-wordpress\/ -->\n<title>La foi des enfants et le pouvoir de la pri\u00e8re se combinent dans un chapelet d\u2019un million de personnes avec une invocation en d\u00e9but de journ\u00e9e. - EDITIONSBUSSIERE<\/title>\n<meta name=\"robots\" content=\"index, follow, max-snippet:-1, max-image-preview:large, max-video-preview:-1\" \/>\n<link rel=\"canonical\" href=\"https:\/\/editionsbussiere.com\/blog\/la-foi-des-enfants-et-le-pouvoir-de-la-priere-se-combinent-dans-un-chapelet-dun-million-de-personnes-avec-une-invocation-en-debut-de-journee\/\" \/>\n<meta property=\"og:locale\" content=\"fr_FR\" \/>\n<meta property=\"og:type\" content=\"article\" \/>\n<meta property=\"og:title\" content=\"La foi des enfants et le pouvoir de la pri\u00e8re se combinent dans un chapelet d\u2019un million de personnes avec une invocation en d\u00e9but de journ\u00e9e. - EDITIONSBUSSIERE\" \/>\n<meta property=\"og:description\" content=\"(OSV News) \u2013 Alors que les conflits font rage dans le monde entier, un million d\u2019enfants sont pr\u00eats \u00e0 prendre d\u2019assaut le ciel en priant. Le 18 octobre, l\u2019Aide \u00e0 l\u2019\u00c9glise en D\u00e9tresse organisera sa campagne annuelle \u00ab Un million d\u2019enfants priant le Rosaire \u00bb, invitant les enfants \u2013 ainsi que les familles, les paroisses, [&hellip;]\" \/>\n<meta property=\"og:url\" content=\"https:\/\/editionsbussiere.com\/blog\/la-foi-des-enfants-et-le-pouvoir-de-la-priere-se-combinent-dans-un-chapelet-dun-million-de-personnes-avec-une-invocation-en-debut-de-journee\/\" \/>\n<meta property=\"og:site_name\" content=\"EDITIONSBUSSIERE\" \/>\n<meta property=\"article:published_time\" content=\"2024-10-08T13:24:31+00:00\" \/>\n<meta property=\"og:image\" content=\"https:\/\/editionsbussiere.com\/blog\/wp-content\/uploads\/2024\/10\/La-foi-des-enfants-et-le-pouvoir-de-la-priere.jpg\" \/>\n<meta name=\"author\" content=\"Marie BATICLE\" \/>\n<meta name=\"twitter:card\" content=\"summary_large_image\" \/>\n<meta name=\"twitter:label1\" content=\"\u00c9crit par\" \/>\n\t<meta name=\"twitter:data1\" content=\"Marie BATICLE\" \/>\n\t<meta name=\"twitter:label2\" content=\"Dur\u00e9e de lecture estim\u00e9e\" \/>\n\t<meta name=\"twitter:data2\" content=\"12 minutes\" \/>\n<script type=\"application\/ld+json\" class=\"yoast-schema-graph\">{\"@context\":\"https:\\\/\\\/schema.org\",\"@graph\":[{\"@type\":\"Article\",\"@id\":\"https:\\\/\\\/editionsbussiere.com\\\/blog\\\/la-foi-des-enfants-et-le-pouvoir-de-la-priere-se-combinent-dans-un-chapelet-dun-million-de-personnes-avec-une-invocation-en-debut-de-journee\\\/#article\",\"isPartOf\":{\"@id\":\"https:\\\/\\\/editionsbussiere.com\\\/blog\\\/la-foi-des-enfants-et-le-pouvoir-de-la-priere-se-combinent-dans-un-chapelet-dun-million-de-personnes-avec-une-invocation-en-debut-de-journee\\\/\"},\"author\":{\"name\":\"Marie BATICLE\",\"@id\":\"https:\\\/\\\/editionsbussiere.com\\\/blog\\\/#\\\/schema\\\/person\\\/ec90e102792148c97e46ab871010dd8f\"},\"headline\":\"La foi des enfants et le pouvoir de la pri\u00e8re se combinent dans un chapelet d\u2019un million de personnes avec une invocation en d\u00e9but de journ\u00e9e.\",\"datePublished\":\"2024-10-08T13:24:31+00:00\",\"mainEntityOfPage\":{\"@id\":\"https:\\\/\\\/editionsbussiere.com\\\/blog\\\/la-foi-des-enfants-et-le-pouvoir-de-la-priere-se-combinent-dans-un-chapelet-dun-million-de-personnes-avec-une-invocation-en-debut-de-journee\\\/\"},\"wordCount\":2505,\"publisher\":{\"@id\":\"https:\\\/\\\/editionsbussiere.com\\\/blog\\\/#organization\"},\"image\":{\"@id\":\"https:\\\/\\\/editionsbussiere.com\\\/blog\\\/la-foi-des-enfants-et-le-pouvoir-de-la-priere-se-combinent-dans-un-chapelet-dun-million-de-personnes-avec-une-invocation-en-debut-de-journee\\\/#primaryimage\"},\"thumbnailUrl\":\"https:\\\/\\\/editionsbussiere.com\\\/blog\\\/wp-content\\\/uploads\\\/2024\\\/10\\\/La-foi-des-enfants-et-le-pouvoir-de-la-priere.jpg\",\"articleSection\":[\"Editions \u00c9sot\u00e9rique Fond\u00e9e En 1927; D\u00e9p\u00e8ches:\"],\"inLanguage\":\"fr-FR\"},{\"@type\":\"WebPage\",\"@id\":\"https:\\\/\\\/editionsbussiere.com\\\/blog\\\/la-foi-des-enfants-et-le-pouvoir-de-la-priere-se-combinent-dans-un-chapelet-dun-million-de-personnes-avec-une-invocation-en-debut-de-journee\\\/\",\"url\":\"https:\\\/\\\/editionsbussiere.com\\\/blog\\\/la-foi-des-enfants-et-le-pouvoir-de-la-priere-se-combinent-dans-un-chapelet-dun-million-de-personnes-avec-une-invocation-en-debut-de-journee\\\/\",\"name\":\"La foi des enfants et le pouvoir de la pri\u00e8re se combinent dans un chapelet d\u2019un million de personnes avec une invocation en d\u00e9but de journ\u00e9e. - EDITIONSBUSSIERE\",\"isPartOf\":{\"@id\":\"https:\\\/\\\/editionsbussiere.com\\\/blog\\\/#website\"},\"primaryImageOfPage\":{\"@id\":\"https:\\\/\\\/editionsbussiere.com\\\/blog\\\/la-foi-des-enfants-et-le-pouvoir-de-la-priere-se-combinent-dans-un-chapelet-dun-million-de-personnes-avec-une-invocation-en-debut-de-journee\\\/#primaryimage\"},\"image\":{\"@id\":\"https:\\\/\\\/editionsbussiere.com\\\/blog\\\/la-foi-des-enfants-et-le-pouvoir-de-la-priere-se-combinent-dans-un-chapelet-dun-million-de-personnes-avec-une-invocation-en-debut-de-journee\\\/#primaryimage\"},\"thumbnailUrl\":\"https:\\\/\\\/editionsbussiere.com\\\/blog\\\/wp-content\\\/uploads\\\/2024\\\/10\\\/La-foi-des-enfants-et-le-pouvoir-de-la-priere.jpg\",\"datePublished\":\"2024-10-08T13:24:31+00:00\",\"breadcrumb\":{\"@id\":\"https:\\\/\\\/editionsbussiere.com\\\/blog\\\/la-foi-des-enfants-et-le-pouvoir-de-la-priere-se-combinent-dans-un-chapelet-dun-million-de-personnes-avec-une-invocation-en-debut-de-journee\\\/#breadcrumb\"},\"inLanguage\":\"fr-FR\",\"potentialAction\":[{\"@type\":\"ReadAction\",\"target\":[\"https:\\\/\\\/editionsbussiere.com\\\/blog\\\/la-foi-des-enfants-et-le-pouvoir-de-la-priere-se-combinent-dans-un-chapelet-dun-million-de-personnes-avec-une-invocation-en-debut-de-journee\\\/\"]}]},{\"@type\":\"ImageObject\",\"inLanguage\":\"fr-FR\",\"@id\":\"https:\\\/\\\/editionsbussiere.com\\\/blog\\\/la-foi-des-enfants-et-le-pouvoir-de-la-priere-se-combinent-dans-un-chapelet-dun-million-de-personnes-avec-une-invocation-en-debut-de-journee\\\/#primaryimage\",\"url\":\"https:\\\/\\\/editionsbussiere.com\\\/blog\\\/wp-content\\\/uploads\\\/2024\\\/10\\\/La-foi-des-enfants-et-le-pouvoir-de-la-priere.jpg\",\"contentUrl\":\"https:\\\/\\\/editionsbussiere.com\\\/blog\\\/wp-content\\\/uploads\\\/2024\\\/10\\\/La-foi-des-enfants-et-le-pouvoir-de-la-priere.jpg\",\"width\":1024,\"height\":576,\"caption\":\"La foi des enfants et le pouvoir de la priere\"},{\"@type\":\"BreadcrumbList\",\"@id\":\"https:\\\/\\\/editionsbussiere.com\\\/blog\\\/la-foi-des-enfants-et-le-pouvoir-de-la-priere-se-combinent-dans-un-chapelet-dun-million-de-personnes-avec-une-invocation-en-debut-de-journee\\\/#breadcrumb\",\"itemListElement\":[{\"@type\":\"ListItem\",\"position\":1,\"name\":\"Accueil\",\"item\":\"https:\\\/\\\/editionsbussiere.com\\\/blog\\\/\"},{\"@type\":\"ListItem\",\"position\":2,\"name\":\"La foi des enfants et le pouvoir de la pri\u00e8re se combinent dans un chapelet d\u2019un million de personnes avec une invocation en d\u00e9but de journ\u00e9e.\"}]},{\"@type\":\"WebSite\",\"@id\":\"https:\\\/\\\/editionsbussiere.com\\\/blog\\\/#website\",\"url\":\"https:\\\/\\\/editionsbussiere.com\\\/blog\\\/\",\"name\":\"EDITIONSBUSSIERE\",\"description\":\"Editions \u00e9sot\u00e9rique fond\u00e9e en 1927; site historique, A SAVOIR ET RETENIR.\",\"publisher\":{\"@id\":\"https:\\\/\\\/editionsbussiere.com\\\/blog\\\/#organization\"},\"potentialAction\":[{\"@type\":\"SearchAction\",\"target\":{\"@type\":\"EntryPoint\",\"urlTemplate\":\"https:\\\/\\\/editionsbussiere.com\\\/blog\\\/?s={search_term_string}\"},\"query-input\":{\"@type\":\"PropertyValueSpecification\",\"valueRequired\":true,\"valueName\":\"search_term_string\"}}],\"inLanguage\":\"fr-FR\"},{\"@type\":\"Organization\",\"@id\":\"https:\\\/\\\/editionsbussiere.com\\\/blog\\\/#organization\",\"name\":\"editionsbussiere\",\"url\":\"https:\\\/\\\/editionsbussiere.com\\\/blog\\\/\",\"logo\":{\"@type\":\"ImageObject\",\"inLanguage\":\"fr-FR\",\"@id\":\"https:\\\/\\\/editionsbussiere.com\\\/blog\\\/#\\\/schema\\\/logo\\\/image\\\/\",\"url\":\"https:\\\/\\\/editionsbussiere.com\\\/blog\\\/wp-content\\\/uploads\\\/2023\\\/09\\\/cropped-buss.gif\",\"contentUrl\":\"https:\\\/\\\/editionsbussiere.com\\\/blog\\\/wp-content\\\/uploads\\\/2023\\\/09\\\/cropped-buss.gif\",\"width\":298,\"height\":120,\"caption\":\"editionsbussiere\"},\"image\":{\"@id\":\"https:\\\/\\\/editionsbussiere.com\\\/blog\\\/#\\\/schema\\\/logo\\\/image\\\/\"}},{\"@type\":\"Person\",\"@id\":\"https:\\\/\\\/editionsbussiere.com\\\/blog\\\/#\\\/schema\\\/person\\\/ec90e102792148c97e46ab871010dd8f\",\"name\":\"Marie BATICLE\",\"image\":{\"@type\":\"ImageObject\",\"inLanguage\":\"fr-FR\",\"@id\":\"https:\\\/\\\/secure.gravatar.com\\\/avatar\\\/c923e52403b1b8137e2d929127211d21967e6aecaa053bd43b09da29f212e76e?s=96&d=mm&r=g\",\"url\":\"https:\\\/\\\/secure.gravatar.com\\\/avatar\\\/c923e52403b1b8137e2d929127211d21967e6aecaa053bd43b09da29f212e76e?s=96&d=mm&r=g\",\"contentUrl\":\"https:\\\/\\\/secure.gravatar.com\\\/avatar\\\/c923e52403b1b8137e2d929127211d21967e6aecaa053bd43b09da29f212e76e?s=96&d=mm&r=g\",\"caption\":\"Marie BATICLE\"},\"url\":\"https:\\\/\\\/editionsbussiere.com\\\/blog\\\/author\\\/eremarie\\\/\"}]}<\/script>\n<!-- \/ Yoast SEO plugin. -->","yoast_head_json":{"title":"La foi des enfants et le pouvoir de la pri\u00e8re se combinent dans un chapelet d\u2019un million de personnes avec une invocation en d\u00e9but de journ\u00e9e. - EDITIONSBUSSIERE","robots":{"index":"index","follow":"follow","max-snippet":"max-snippet:-1","max-image-preview":"max-image-preview:large","max-video-preview":"max-video-preview:-1"},"canonical":"https:\/\/editionsbussiere.com\/blog\/la-foi-des-enfants-et-le-pouvoir-de-la-priere-se-combinent-dans-un-chapelet-dun-million-de-personnes-avec-une-invocation-en-debut-de-journee\/","og_locale":"fr_FR","og_type":"article","og_title":"La foi des enfants et le pouvoir de la pri\u00e8re se combinent dans un chapelet d\u2019un million de personnes avec une invocation en d\u00e9but de journ\u00e9e. - EDITIONSBUSSIERE","og_description":"(OSV News) \u2013 Alors que les conflits font rage dans le monde entier, un million d\u2019enfants sont pr\u00eats \u00e0 prendre d\u2019assaut le ciel en priant. Le 18 octobre, l\u2019Aide \u00e0 l\u2019\u00c9glise en D\u00e9tresse organisera sa campagne annuelle \u00ab Un million d\u2019enfants priant le Rosaire \u00bb, invitant les enfants \u2013 ainsi que les familles, les paroisses, [&hellip;]","og_url":"https:\/\/editionsbussiere.com\/blog\/la-foi-des-enfants-et-le-pouvoir-de-la-priere-se-combinent-dans-un-chapelet-dun-million-de-personnes-avec-une-invocation-en-debut-de-journee\/","og_site_name":"EDITIONSBUSSIERE","article_published_time":"2024-10-08T13:24:31+00:00","og_image":[{"url":"https:\/\/editionsbussiere.com\/blog\/wp-content\/uploads\/2024\/10\/La-foi-des-enfants-et-le-pouvoir-de-la-priere.jpg","type":"","width":"","height":""}],"author":"Marie BATICLE","twitter_card":"summary_large_image","twitter_misc":{"\u00c9crit par":"Marie BATICLE","Dur\u00e9e de lecture estim\u00e9e":"12 minutes"},"schema":{"@context":"https:\/\/schema.org","@graph":[{"@type":"Article","@id":"https:\/\/editionsbussiere.com\/blog\/la-foi-des-enfants-et-le-pouvoir-de-la-priere-se-combinent-dans-un-chapelet-dun-million-de-personnes-avec-une-invocation-en-debut-de-journee\/#article","isPartOf":{"@id":"https:\/\/editionsbussiere.com\/blog\/la-foi-des-enfants-et-le-pouvoir-de-la-priere-se-combinent-dans-un-chapelet-dun-million-de-personnes-avec-une-invocation-en-debut-de-journee\/"},"author":{"name":"Marie BATICLE","@id":"https:\/\/editionsbussiere.com\/blog\/#\/schema\/person\/ec90e102792148c97e46ab871010dd8f"},"headline":"La foi des enfants et le pouvoir de la pri\u00e8re se combinent dans un chapelet d\u2019un million de personnes avec une invocation en d\u00e9but de journ\u00e9e.","datePublished":"2024-10-08T13:24:31+00:00","mainEntityOfPage":{"@id":"https:\/\/editionsbussiere.com\/blog\/la-foi-des-enfants-et-le-pouvoir-de-la-priere-se-combinent-dans-un-chapelet-dun-million-de-personnes-avec-une-invocation-en-debut-de-journee\/"},"wordCount":2505,"publisher":{"@id":"https:\/\/editionsbussiere.com\/blog\/#organization"},"image":{"@id":"https:\/\/editionsbussiere.com\/blog\/la-foi-des-enfants-et-le-pouvoir-de-la-priere-se-combinent-dans-un-chapelet-dun-million-de-personnes-avec-une-invocation-en-debut-de-journee\/#primaryimage"},"thumbnailUrl":"https:\/\/editionsbussiere.com\/blog\/wp-content\/uploads\/2024\/10\/La-foi-des-enfants-et-le-pouvoir-de-la-priere.jpg","articleSection":["Editions \u00c9sot\u00e9rique Fond\u00e9e En 1927; D\u00e9p\u00e8ches:"],"inLanguage":"fr-FR"},{"@type":"WebPage","@id":"https:\/\/editionsbussiere.com\/blog\/la-foi-des-enfants-et-le-pouvoir-de-la-priere-se-combinent-dans-un-chapelet-dun-million-de-personnes-avec-une-invocation-en-debut-de-journee\/","url":"https:\/\/editionsbussiere.com\/blog\/la-foi-des-enfants-et-le-pouvoir-de-la-priere-se-combinent-dans-un-chapelet-dun-million-de-personnes-avec-une-invocation-en-debut-de-journee\/","name":"La foi des enfants et le pouvoir de la pri\u00e8re se combinent dans un chapelet d\u2019un million de personnes avec une invocation en d\u00e9but de journ\u00e9e. - EDITIONSBUSSIERE","isPartOf":{"@id":"https:\/\/editionsbussiere.com\/blog\/#website"},"primaryImageOfPage":{"@id":"https:\/\/editionsbussiere.com\/blog\/la-foi-des-enfants-et-le-pouvoir-de-la-priere-se-combinent-dans-un-chapelet-dun-million-de-personnes-avec-une-invocation-en-debut-de-journee\/#primaryimage"},"image":{"@id":"https:\/\/editionsbussiere.com\/blog\/la-foi-des-enfants-et-le-pouvoir-de-la-priere-se-combinent-dans-un-chapelet-dun-million-de-personnes-avec-une-invocation-en-debut-de-journee\/#primaryimage"},"thumbnailUrl":"https:\/\/editionsbussiere.com\/blog\/wp-content\/uploads\/2024\/10\/La-foi-des-enfants-et-le-pouvoir-de-la-priere.jpg","datePublished":"2024-10-08T13:24:31+00:00","breadcrumb":{"@id":"https:\/\/editionsbussiere.com\/blog\/la-foi-des-enfants-et-le-pouvoir-de-la-priere-se-combinent-dans-un-chapelet-dun-million-de-personnes-avec-une-invocation-en-debut-de-journee\/#breadcrumb"},"inLanguage":"fr-FR","potentialAction":[{"@type":"ReadAction","target":["https:\/\/editionsbussiere.com\/blog\/la-foi-des-enfants-et-le-pouvoir-de-la-priere-se-combinent-dans-un-chapelet-dun-million-de-personnes-avec-une-invocation-en-debut-de-journee\/"]}]},{"@type":"ImageObject","inLanguage":"fr-FR","@id":"https:\/\/editionsbussiere.com\/blog\/la-foi-des-enfants-et-le-pouvoir-de-la-priere-se-combinent-dans-un-chapelet-dun-million-de-personnes-avec-une-invocation-en-debut-de-journee\/#primaryimage","url":"https:\/\/editionsbussiere.com\/blog\/wp-content\/uploads\/2024\/10\/La-foi-des-enfants-et-le-pouvoir-de-la-priere.jpg","contentUrl":"https:\/\/editionsbussiere.com\/blog\/wp-content\/uploads\/2024\/10\/La-foi-des-enfants-et-le-pouvoir-de-la-priere.jpg","width":1024,"height":576,"caption":"La foi des enfants et le pouvoir de la priere"},{"@type":"BreadcrumbList","@id":"https:\/\/editionsbussiere.com\/blog\/la-foi-des-enfants-et-le-pouvoir-de-la-priere-se-combinent-dans-un-chapelet-dun-million-de-personnes-avec-une-invocation-en-debut-de-journee\/#breadcrumb","itemListElement":[{"@type":"ListItem","position":1,"name":"Accueil","item":"https:\/\/editionsbussiere.com\/blog\/"},{"@type":"ListItem","position":2,"name":"La foi des enfants et le pouvoir de la pri\u00e8re se combinent dans un chapelet d\u2019un million de personnes avec une invocation en d\u00e9but de journ\u00e9e."}]},{"@type":"WebSite","@id":"https:\/\/editionsbussiere.com\/blog\/#website","url":"https:\/\/editionsbussiere.com\/blog\/","name":"EDITIONSBUSSIERE","description":"Editions \u00e9sot\u00e9rique fond\u00e9e en 1927; site historique, A SAVOIR ET RETENIR.","publisher":{"@id":"https:\/\/editionsbussiere.com\/blog\/#organization"},"potentialAction":[{"@type":"SearchAction","target":{"@type":"EntryPoint","urlTemplate":"https:\/\/editionsbussiere.com\/blog\/?s={search_term_string}"},"query-input":{"@type":"PropertyValueSpecification","valueRequired":true,"valueName":"search_term_string"}}],"inLanguage":"fr-FR"},{"@type":"Organization","@id":"https:\/\/editionsbussiere.com\/blog\/#organization","name":"editionsbussiere","url":"https:\/\/editionsbussiere.com\/blog\/","logo":{"@type":"ImageObject","inLanguage":"fr-FR","@id":"https:\/\/editionsbussiere.com\/blog\/#\/schema\/logo\/image\/","url":"https:\/\/editionsbussiere.com\/blog\/wp-content\/uploads\/2023\/09\/cropped-buss.gif","contentUrl":"https:\/\/editionsbussiere.com\/blog\/wp-content\/uploads\/2023\/09\/cropped-buss.gif","width":298,"height":120,"caption":"editionsbussiere"},"image":{"@id":"https:\/\/editionsbussiere.com\/blog\/#\/schema\/logo\/image\/"}},{"@type":"Person","@id":"https:\/\/editionsbussiere.com\/blog\/#\/schema\/person\/ec90e102792148c97e46ab871010dd8f","name":"Marie BATICLE","image":{"@type":"ImageObject","inLanguage":"fr-FR","@id":"https:\/\/secure.gravatar.com\/avatar\/c923e52403b1b8137e2d929127211d21967e6aecaa053bd43b09da29f212e76e?s=96&d=mm&r=g","url":"https:\/\/secure.gravatar.com\/avatar\/c923e52403b1b8137e2d929127211d21967e6aecaa053bd43b09da29f212e76e?s=96&d=mm&r=g","contentUrl":"https:\/\/secure.gravatar.com\/avatar\/c923e52403b1b8137e2d929127211d21967e6aecaa053bd43b09da29f212e76e?s=96&d=mm&r=g","caption":"Marie BATICLE"},"url":"https:\/\/editionsbussiere.com\/blog\/author\/eremarie\/"}]}},"_links":{"self":[{"href":"https:\/\/editionsbussiere.com\/blog\/wp-json\/wp\/v2\/posts\/1472","targetHints":{"allow":["GET"]}}],"collection":[{"href":"https:\/\/editionsbussiere.com\/blog\/wp-json\/wp\/v2\/posts"}],"about":[{"href":"https:\/\/editionsbussiere.com\/blog\/wp-json\/wp\/v2\/types\/post"}],"author":[{"embeddable":true,"href":"https:\/\/editionsbussiere.com\/blog\/wp-json\/wp\/v2\/users\/3"}],"replies":[{"embeddable":true,"href":"https:\/\/editionsbussiere.com\/blog\/wp-json\/wp\/v2\/comments?post=1472"}],"version-history":[{"count":0,"href":"https:\/\/editionsbussiere.com\/blog\/wp-json\/wp\/v2\/posts\/1472\/revisions"}],"wp:featuredmedia":[{"embeddable":true,"href":"https:\/\/editionsbussiere.com\/blog\/wp-json\/wp\/v2\/media\/1473"}],"wp:attachment":[{"href":"https:\/\/editionsbussiere.com\/blog\/wp-json\/wp\/v2\/media?parent=1472"}],"wp:term":[{"taxonomy":"category","embeddable":true,"href":"https:\/\/editionsbussiere.com\/blog\/wp-json\/wp\/v2\/categories?post=1472"},{"taxonomy":"post_tag","embeddable":true,"href":"https:\/\/editionsbussiere.com\/blog\/wp-json\/wp\/v2\/tags?post=1472"}],"curies":[{"name":"wp","href":"https:\/\/api.w.org\/{rel}","templated":true}]}}