{"id":1468,"date":"2024-10-08T01:33:57","date_gmt":"2024-10-07T23:33:57","guid":{"rendered":"https:\/\/editionsbussiere.com\/blog\/les-paroissiens-de-la-cathedrale-participent-au-lancement-dun-garde-manger-sans-gluten-priere-pour-commencer-la-journee\/"},"modified":"2024-10-08T01:33:57","modified_gmt":"2024-10-07T23:33:57","slug":"les-paroissiens-de-la-cathedrale-participent-au-lancement-dun-garde-manger-sans-gluten-priere-pour-commencer-la-journee","status":"publish","type":"post","link":"https:\/\/editionsbussiere.com\/blog\/les-paroissiens-de-la-cathedrale-participent-au-lancement-dun-garde-manger-sans-gluten-priere-pour-commencer-la-journee\/","title":{"rendered":"Les paroissiens de la cath\u00e9drale participent au lancement d\u2019un garde-manger sans gluten\n &amp; pri\u00e8re pour commencer la journ\u00e9e."},"content":{"rendered":"<div><img width=\"580\" height=\"387\" src=\"https:\/\/editionsbussiere.com\/blog\/wp-content\/uploads\/2024\/10\/Les-paroissiens-de-la-cathedrale-participent-au-lancement-dun-garde-manger.jpg\" class=\"attachment-large size-large wp-post-image\" alt=\"Les paroissiens de la cath\u00e9drale participent au lancement d\u2019un garde-manger\" style=\"float:left; margin:0 15px 15px 0;\" decoding=\"async\" srcset=\"https:\/\/editionsbussiere.com\/blog\/wp-content\/uploads\/2024\/10\/Les-paroissiens-de-la-cathedrale-participent-au-lancement-dun-garde-manger.jpg 900w, https:\/\/www.n42.fr\/wp-content\/uploads\/2024\/10\/Les-paroissiens-de-la-cathedrale-participent-au-lancement-dun-garde-manger-300x200.jpg 300w, https:\/\/www.n42.fr\/wp-content\/uploads\/2024\/10\/Les-paroissiens-de-la-cathedrale-participent-au-lancement-dun-garde-manger-768x513.jpg 768w\" sizes=\"(max-width: 580px) 100vw, 580px\"><\/p>\n<p>\n<\/p>\n<div>\n<p>Bridget Tucker avait 4 ans lorsqu\u2019on lui a diagnostiqu\u00e9 la maladie c\u0153liaque, une maladie auto-immune d\u00e9clench\u00e9e par le gluten pr\u00e9sent dans le bl\u00e9, le seigle et l\u2019orge.<\/p>\n<p>Aujourd\u2019hui \u00e2g\u00e9 de 18 ans, Tucker ne se contente plus de d\u00eener \u00e0 la maison, o\u00f9 tout est sans gluten. Elle sort avec des amis, mange chez eux ou au restaurant.<\/p>\n<p>\u00ab\u00a0Je dois v\u00e9rifier les choses et penser \u00e0 la contamination crois\u00e9e avec d\u2019autres aliments\u00a0\u00bb, a d\u00e9clar\u00e9 Tucker, paroissien de la cath\u00e9drale Marie-Notre-Reine de Homeland. \u00ab\u00a0Cela co\u00fbte plus cher.\u00a0\u00bb<\/p>\n<div class=\"wp-block-image\">\n<figure class=\"alignright size-full is-resized\"><img loading=\"lazy\" decoding=\"async\" width=\"428\" height=\"428\" src=\"https:\/\/editionsbussiere.com\/blog\/wp-content\/uploads\/2024\/10\/gluten-free-pantry-cropped.jpg\" alt=\"\" class=\"wp-image-252622\" style=\"width:417px;height:auto\" srcset=\"https:\/\/editionsbussiere.com\/blog\/wp-content\/uploads\/2024\/10\/gluten-free-pantry-cropped.jpg 428w, https:\/\/catholicreview.org\/wp-content\/uploads\/2024\/10\/gluten-free-pantry-cropped-300x300.jpg 300w, https:\/\/catholicreview.org\/wp-content\/uploads\/2024\/10\/gluten-free-pantry-cropped-150x150.jpg 150w, https:\/\/catholicreview.org\/wp-content\/uploads\/2024\/10\/gluten-free-pantry-cropped-60x60.jpg 60w, https:\/\/catholicreview.org\/wp-content\/uploads\/2024\/10\/gluten-free-pantry-cropped-75x75.jpg 75w\" sizes=\"auto, (max-width: 428px) 100vw, 428px\"><figcaption class=\"wp-element-caption\">Bridget Tucker, 18 ans, se tient devant les \u00e9tag\u00e8res sans gluten du garde-manger de GEDCO. (Katie V. Jones\/Personnel CR<\/figcaption><\/figure>\n<\/div>\n<p>Selon la m\u00e8re de Bridget, Andrea, les aliments sans gluten, qu\u2019il s\u2019agisse de p\u00e2tes, de pain, de soupe ou de farine, sont g\u00e9n\u00e9ralement trois \u00e0 quatre fois plus chers que leurs homologues contenant de la farine de bl\u00e9, qu\u2019ils soient pr\u00e9par\u00e9s \u00e0 la maison ou au restaurant. Les p\u00e2tes co\u00fbtent environ 5 dollars la bo\u00eete, a d\u00e9clar\u00e9 Andrea, tandis qu\u2019une miche de pain co\u00fbte 7 dollars.<\/p>\n<p>\u00abNous sommes tellement b\u00e9nis\u00bb, a d\u00e9clar\u00e9 Andrea, \u00e9galement paroissienne de la cath\u00e9drale. \u00ab Nous avons les moyens d\u2019acheter la nourriture dont elle a besoin. Nous ne prenons pas cela \u00e0 la l\u00e9g\u00e8re. \u00bb<\/p>\n<p>En tant que b\u00e9n\u00e9voles de longue date de la Christ Child Society de Baltimore, une organisation \u00e0 but non lucratif qui r\u00e9pond aux besoins des enfants et des familles, les Tucker savaient que tout le monde n\u2019avait pas cette chance. Bridget a contact\u00e9 le garde-manger de la Govans Ecumenical Development Corporation (GEDCO) \u00e0 Baltimore avec une id\u00e9e. Elle a demand\u00e9 si elle pouvait approvisionner certaines \u00e9tag\u00e8res en produits alimentaires sans gluten et sans allerg\u00e8nes.<\/p>\n<p>En tant que directeur adjoint de GEDCO, Joseph Crawley conna\u00eet les tenants et les aboutissants du centre, de son garde-manger \u00e0 ses programmes destin\u00e9s aux personnes \u00e2g\u00e9es. Il est cependant le premier \u00e0 admettre qu\u2019il ne savait pas grand-chose sur la maladie coeliaque ou sur la n\u00e9cessit\u00e9 de manger des aliments sans gluten jusqu\u2019\u00e0 ce qu\u2019il rencontre Bridget.<\/p>\n<p>\u00ab\u00a0Les gens qui ne peuvent pas manger certaines choses peuvent venir ici\u00a0\u00bb, a d\u00e9clar\u00e9 Crawley. \u00ab Nous avons une s\u00e9lection magnifique, vraiment unique en son genre. Je lui donne du cr\u00e9dit, ainsi qu\u2019\u00e0 sa m\u00e8re.<\/p>\n<p>Les garde-manger proposant des aliments sans gluten ne sont pas courants, a d\u00e9clar\u00e9 Andrea, et GEDCO \u00e9tait \u00ab tr\u00e8s dispos\u00e9 et ouvert \u00e0 le faire. C\u2019\u00e9tait juste un cadeau.<\/p>\n<p>En d\u00e9cembre dernier, le garde-manger de GEDCO a commenc\u00e9 \u00e0 proposer pour la premi\u00e8re fois des produits alimentaires sans gluten\/sans allerg\u00e8nes. Bridget maintient le garde-manger approvisionn\u00e9 gr\u00e2ce aux dons d\u2019entreprises sans gluten et aux collections qu\u2019elle d\u00e9tient dans son quartier.<\/p>\n<p>\u00ab Nous allons trier les dons g\u00e9n\u00e9raux et voir s\u2019il y a quelque chose \u00e0 y mettre \u00bb, a d\u00e9clar\u00e9 Andrea. \u00ab Les gens sont tellement heureux de pouvoir aider facilement. \u00bb<\/p>\n<p>Bridget et sa m\u00e8re ach\u00e8tent \u00e9galement des articles suppl\u00e9mentaires pour le garde-manger lorsqu\u2019elles font leurs courses, a-t-elle d\u00e9clar\u00e9, surtout si elles remarquent que certains articles sont bas.<\/p>\n<p>\u00abLes macaronis au fromage sont populaires\u00bb, a d\u00e9clar\u00e9 Bridget. \u00ab\u00a0Ils s\u2019envolent des \u00e9tag\u00e8res.\u00a0\u00bb<\/p>\n<p>Pour les personnes souffrant d\u2019ins\u00e9curit\u00e9 alimentaire et d\u2019allergies alimentaires, choisir de manger des aliments qui les rendent malades ou qui leur donnent faim est la question courante \u00e0 laquelle beaucoup sont confront\u00e9es, a d\u00e9clar\u00e9 Andrea. Il est important de faire conna\u00eetre le garde-manger sans gluten.<\/p>\n<p>\u00ab Il s\u2019agit d\u2019un espace inclusif dans lequel les gens se sentent pris en charge, entendus et reconnus \u00bb, a d\u00e9clar\u00e9 Andrea. \u00ab Le besoin est \u00e9norme. Pour la maladie coeliaque, le r\u00e9gime alimentaire est la seule r\u00e9ponse. Il n\u2019y a pas de m\u00e9dicaments.<\/p>\n<p>En derni\u00e8re ann\u00e9e de l\u2019\u00e9cole pour filles St. Paul\u2019s, Bridget pr\u00e9voit de continuer \u00e0 aider avec le garde-manger sans gluten lorsqu\u2019elle ira \u00e0 l\u2019universit\u00e9 l\u2019automne prochain en passant des commandes en ligne pendant que sa m\u00e8re et les \u00e9tudiants qui ont besoin d\u2019heures de b\u00e9n\u00e9volat distribuent la nourriture au garde-manger et la conservent. il \u00e9tait stock\u00e9.<\/p>\n<p>\u00ab J\u2019aimerais impliquer d\u2019autres personnes de la communaut\u00e9 \u00bb, a d\u00e9clar\u00e9 Andrea. \u00ab Les gens doivent avoir acc\u00e8s \u00e0 une alimentation saine. \u00bb<\/p>\n<p><em>Envoyez un e-mail \u00e0 Katie V. Jones \u00e0 kjones@CatholicReview.org<\/em><\/p>\n<section class=\"ab-block-post-grid featuredpost aligncenter\">\n<h2 class=\"ab-post-grid-section-title\">Lire la suite Justice sociale<\/h2>\n<\/section>\n<p class=\"post-copyright\">Copyright \u00a9 2024 Revue Catholique Media<\/p>\n<p class=\"print-friendly\"><img decoding=\"async\" class=\"WP-PrintIcon\" src=\"https:\/\/editionsbussiere.com\/blog\/wp-content\/uploads\/2024\/10\/printer_famfamfam-3.gif\" alt=\"Imprimer\" title=\"Imprimer\" style=\"border: 0px;\"> Imprimer<\/p>\n<p>\t\t\t<!--<rdf:RDF xmlns:rdf=\"http:\/\/www.w3.org\/1999\/02\/22-rdf-syntax-ns#\"\n\t\t\txmlns:dc=\"http:\/\/purl.org\/dc\/elements\/1.1\/\"\n\t\t\txmlns:trackback=\"http:\/\/madskills.com\/public\/xml\/rss\/module\/trackback\/\">\n\t\t<rdf:Description rdf:about=\"https:\/\/catholicreview.org\/cathedral-parishioners-help-launch-gluten-free-food-pantry\/\"\n    dc:identifier=\"https:\/\/catholicreview.org\/cathedral-parishioners-help-launch-gluten-free-food-pantry\/\"\n    dc:title=\"Cathedral parishioners help launch gluten-free food pantry\"\n    trackback:ping=\"https:\/\/catholicreview.org\/cathedral-parishioners-help-launch-gluten-free-food-pantry\/trackback\/\" \/>\n<\/rdf:RDF>-->\n<\/p>\n<\/div>\n<h2>Un de supplication personnelle pour nous relier envers Dieu. <\/h2>\n<p>Adorable P\u00e8re c\u00e9leste, je me pr\u00e9sente devant toi afin de te rendre gr\u00e2ce pour cette in\u00e9dite journ\u00e9e. Je t\u2019adore en raison de ta bont\u00e9 et aussi ton engagement envers moi. Je te demande de me remplir de ton esprit et de m\u2019accorder la gr\u00e2ce d\u2019\u00e9prouver ta pr\u00e8s de moi durant de cette journ\u00e9e. Je d\u00e9pose entre tes mains toutes mes soucis, mes all\u00e9gresses, mes peines, mes aspirations et mes attentes. Puisses ton esprit sacr\u00e9 \u00e9claire de sa lumi\u00e8re mon esprit et fortifie ma foi, de sorte que je puisse marcher dans tes voies et r\u00e9aliser ta volont\u00e9. Octroie-moi la gr\u00e2ce de vivre selon la compassion qui tu nous as illustr\u00e9 la d\u00e9monstration \u00e0 travers ton Fils admir\u00e9, J\u00e9sus-Christ.<\/p>\n<h3> Note \u00e0 propos de compr\u00e9hension : <\/h3>\n<p>La pratique de pri\u00e8re nous plonge dans la famille sacr\u00e9e, l\u00e0 o\u00f9 le Tout-Puissant notre P\u00e8re nous accueille tel ses enfants bien-aim\u00e9s. \u00c0 travers cette relation familial, nous rencontrons la force et aussi la consolation afin de surmonter les difficult\u00e9s de ce monde. La pri\u00e8re nous renvoie \u00e0 la parole de l\u2019ap\u00f4tre Pierre, lequel exhorte les fid\u00e8les \u00e0 demeurer fermes dans foi, m\u00eame face \u00e0 dans le tumulte des tourments de la vie.<\/p>\n<h3>\nRenforcer notre relation envers J\u00e9sus d\u00e8s le matin<\/h3>\n<p>Nous pouvons m\u00e9diter \u00e0 propos de l\u2019un des nombreux \u00e9vangiles en vue de nous ouvrir envers J\u00e9sus. Par exemple :<\/p>\n<h3>Jean 15, 9-17 : <\/h3>\n<p>\u00a0\u00bb<br \/>\nC\u2019est ici mon commandement: Aimez-vous les uns les autres, comme je vous ai aim\u00e9s. Il n\u2019y a pas de plus grand amour que de donner sa vie pour ses amis. Vous \u00eates mes amis, si vous faites ce que je vous commande. Je ne vous appelle plus serviteurs, parce que le serviteur ne sait pas ce que fait son ma\u00eetre; mais je vous ai appel\u00e9s amis, parce que je vous ai fait conna\u00eetre tout ce que j\u2019ai appris de mon P\u00e8re.\u00a0\u00bb<\/p>\n<h2> Demander r\u00e9mission \u00e0 Dieu \u00e0 cause de nos p\u00e9ch\u00e9s <\/h2>\n<p>Seigneur J\u00e9sus, j\u2019arrive te prier de pardonner mes propres p\u00e9ch\u00e9s. Je suis que je ne suis pas irr\u00e9prochable et que j\u2019ai besoin de ton mis\u00e9ricorde. Je te demande de me affranchir de chaque ce qui me \u00e9loigne de toi et de me accorder la gr\u00e2ce de vivre en harmonie avec ta volont\u00e9. Que ta b\u00e9n\u00e9diction divine illumine les coins les plus sombres de mon c\u0153ur, purifiant ma personne et me guidant sur la route de la saintet\u00e9. Amen.<\/p>\n<h3> Discussion envers le Seigneur tel que parler avec un ami. <\/h3>\n<p>Nous sommes capables de discuter \u00e0 Dieu de la m\u00eame mani\u00e8re que \u00e0 un ami proche, l\u2019\u00c9ternel confier nos joies et nos peines, lui demander de l\u2019aide dans nos d\u00e9fis quotidiens. Par exemple : Ma\u00eetre, gr\u00e2ce \u00e0 cause de cette nouvelle journ\u00e9e. Je me pr\u00e9sente te implorer de \u00e0 \u00eatre patient avec mes enfants et pour me accorder la vigueur d\u2019affronter aux d\u00e9fis de la journ\u00e9e. Je te confie mes projets et mes soucis, et je supplie de me indiquer de quelle mani\u00e8re je peux te rendre service et t\u2019honorer aujourd\u2019hui. Accorde-moi, \u00f4 Seigneur, ton intelligence pour que je puisse prendre les bonnes d\u00e9cisions et ton soutien pour traverser les \u00e9preuves avec foi. Amen.<\/p>\n<h3> Un moment de tranquillit\u00e9 pour percevoir Dieu. <\/h3>\n<p>Apr\u00e8s la pri\u00e8re et la m\u00e9ditation, il est crucial de prendre quelques moment de silence pour \u00e9couter cette voix de Dieu dans nos propres c\u0153urs. Dans ce silence, il nous ressentir sa pr\u00e9sence sereine et accueillir ses inspirations en vue de la journ\u00e9e qui vient.<\/p>\n<h3> Se orienter \u00e0 le Christ pour d\u00e9couvrir une paix int\u00e9rieure. <\/h3>\n<p>Nous pouvons prier J\u00e9sus de nous donner sa paix et de nous assister pour \u00e9couter sa parole. Par exemple :<br \/>\nSeigneur J\u00e9sus, j\u2019arrive te implorer m\u2019assister remplir mon c\u0153ur par ta tendresse. Je te demande de me d\u00e9livrer de chaque pens\u00e9es et les diff\u00e9rentes inqui\u00e9tudes me perturbent. Aide-moi \u00e0 \u00e9couter ta parole et pour la mettre en pratique dans ma vie. Que ton Esprit Saint, \u00f4 Christ, se transforme en ma force durant de cette journ\u00e9e. Amen.<\/p>\n<h3> Achever notre pri\u00e8re matinale en d\u00e9diant notre journ\u00e9e \u00e0 Dieu. <\/h3>\n<p>Nous avons la capacit\u00e9 d\u2019offrir notre journ\u00e9e \u00e0 Dieu et lui demander pour la remplir de sa pr\u00e9sence et de sa b\u00e9n\u00e9diction. Par exemple :<br \/>\nSeigneur, moi te confesse cette journ\u00e9e entre vos mains. Que toutes de mes pas soit dirig\u00e9 par ta sagesse, que toutes de mes paroles soit inspir\u00e9e par ton amour. Que toutes mes actions soient accomplies selon ta volont\u00e9, pour ton gloire et l\u2019ensemble des bien. Que ton lumi\u00e8re \u00e9claire ma route ainsi que que tu habites mon c\u0153ur. Amen.<\/p>\n<h3> Invocation d\u2019intercession matinale. <\/h3>\n<p>La supplication du matin consiste \u00e0 prier pour les besoins des chr\u00e9tiennes et de tous les chr\u00e9tiens. Nous pouvons prier pour les personnes dans le besoin, pour les malades, pour les personnes qui se trouvent souffrent, pour les personnes qui se trouvent confront\u00e9es \u00e0 des difficult\u00e9s, pour les personnes d\u00e9courag\u00e9es et pour les personnes qui sont dans l\u2019erreur.<\/p>\n<h3> Prier en vue de l\u2019ensemble des individus dans le besoin. <\/p>\n<h3>\n<\/h3>\n<\/h3>\n<p>Seigneur, dans sa grande mis\u00e9ricorde, nous te demandons en vue de toutes personnes qui traversent de difficult\u00e9s financi\u00e8res. Que lui leur accordes la force et la pers\u00e9v\u00e9rance en vue de d\u00e9passer ces \u00e9preuves, ainsi que que lui leur apportes les ressources n\u00e9cessaires afin de subvenir \u00e0 l\u2019ensemble de leurs besoins. Accorde-leur, Dieu Tout-Puissant, sa providence pour guider leur pas dans l\u2019ombre de leurs soucis financiers.<\/p>\n<p>Nous te implorons \u00e9galement en vue de toutes personnes qui luttent vis-\u00e0-vis de de probl\u00e8mes de sant\u00e9. Que votre main puissante se pose sur elles, Seigneur, pour les gu\u00e9rir et les r\u00e9conforter dans leur douleur. Accorde-leur, Dieu Tout-Puissant, la force et aussi le courage pour faire face \u00e0 leurs d\u00e9fis de sant\u00e9 avec confiance en sa divine providence.<\/p>\n<p>On te demandons aussi en vue de toutes personnes qui sont confront\u00e9es face \u00e0 d\u2019innombrables difficult\u00e9s dans leur vie, que ce soit-ce sur le domaine professionnel, relationnel ou \u00e9motionnel. Que sa gr\u00e2ce, Seigneur, reste leur soutien ainsi que leur r\u00e9confort dans ces moments d\u2019\u00e9preuve. Accorde-leur, Dieu Tout-Puissant, ton Esprit Saint pour guider leur chemin et aussi les guider vers la s\u00e9r\u00e9nit\u00e9.<\/p>\n<p>En conclusion, nous vous prions pour toutes personnes qui sont sans-abri, celles qui sont marginalis\u00e9es et aussi exclues de la soci\u00e9t\u00e9. Que votre mis\u00e9ricorde, Seigneur, se r\u00e9pande sur elles comme une certaine douce ros\u00e9e, leur apportant r\u00e9confort et \u00e9galement espoir dans leur d\u00e9tresse. Accorde-leur, \u00f4, des mains g\u00e9n\u00e9reuses en vue de les aider et des c\u0153urs compatissants pour les accueillir dans leur communaut\u00e9.<\/p>\n<h3> \u00e9claircissement sur la pri\u00e8re du matin. <\/h3>\n<p>Durant la pri\u00e8re, nous \u00e9levons nos c\u0153urs vers le Ciel, suppliant la lumi\u00e8re de Dieu pour illuminer nos chemins obscurs. Marie, notre m\u00e8re, nous guide dans ce parcours, nous instruisant \u00e0 contempler sur les myst\u00e8res de la vie de son divin enfant. Elle nous guide vers J\u00e9sus, le rayon du monde, qui lumine nos t\u00e9n\u00e8bres et nous conduit \u00e0 la v\u00e9rit\u00e9.<br \/>\nLa supplication nous relie aussi \u00e0 notre famille spirituelle, la communaut\u00e9 des croyants, o\u00f9 nous partageons nos contentements et nos douleurs, nos espoirs et nos anxi\u00e9t\u00e9s. Ensemble, nous formons le corps du Christ, appel\u00e9s \u00e0 t\u00e9moigner de son affection. Par nos invocations, nous sollicitons pour les n\u00e9cessit\u00e9s des croyantes et des chr\u00e9tiens, offrant notre amour et notre mis\u00e9ricorde \u00e0 ceux qui souffrent.<br \/>\nUnissons-nous dans la pri\u00e8re du matin, dans l\u2019unit\u00e9 de notre confiance, en Marie, la m\u00e8re de notre Seigneur J\u00e9sus-Christ. Dans notre monde tourment\u00e9 par la guerre et la discorde, optons \u00e0 la pri\u00e8re pour trouver pour retrouver la s\u00e9r\u00e9nit\u00e9 et l\u2019harmonie. Chacun \u00e9crire une sollicitation pour Marie <a target=\"_blank\" rel=\"nofollow\" href=\"https:\/\/editionsbussiere.com\/blog\/goto\/https:\/\/www.avemariasound.org\/\" >sur cette page.<\/a> Que nos pri\u00e8res s\u2019\u00e9l\u00e8vent vers le ciel, comme un hommage re\u00e7u avec faveur \u00e0 Dieu, pour qu\u2019il guide nous guider nos pas vers le chemin de la justice et de la v\u00e9rit\u00e9. L\u2019ap\u00f4tre Paul nous dans ses lettres \u00e0 maintenir une pri\u00e8re incessante, quelle que soit la situation, pour que notre communion \u00e0 Dieu soit solide et passionn\u00e9e. La pri\u00e8re, lorsqu\u2019elle est offerte sinc\u00e8rement, a la capacit\u00e9 pour changer les c\u0153urs et d\u2019influer le destin de l\u2019histoire.<\/p>\n<h2> \u00c9lever nos propres et les pri\u00e8res pour notre entourage au Seigneur au lever du jour.<\/h2>\n<p>Cette ult\u00e9rieure phase de la pri\u00e8re du matin consiste \u00e0 prier pour nos familles amis, nos famille, nos amis et nos communaut\u00e9. Nous pouvons prier pour leur bien-\u00eatre, leur bonheur, leur s\u00fbret\u00e9, et leur r\u00e9ussite. Nous pouvons \u00e9galement prier pour nos ennemis et pour ceux qui nous ont heurt\u00e9s, et demander \u00e0 Dieu de nous aider \u00e0 leur propre pardonner et \u00e0 leur d\u00e9montrer la compassion.<\/p>\n<h3> Demander pour la condition physique et la s\u00e9curit\u00e9 de nos \u00eatres chers.<\/h3>\n<p>Seigneur, nous tous te confions nos amis, nos familles ainsi que nos connaissances. Veille, \u00f4 Dieu, au-dessus de eux, avec prot\u00e8ge -les de tout danger et de toute maladie. Donne, Seigneur, une sant\u00e9 du corps et de l\u2019esprit \u00e0 eux, et la paix dans leur c\u0153ur. Puisses-tu permettre ta guidance forte les esprits garde et les dirige chacun au long de cette journ\u00e9e, afin qu\u2019ils puissent vivre dans la tranquillit\u00e9 et la s\u00e9r\u00e9nit\u00e9.<\/p>\n<p>Nous tous te prions pareillement pour nos enfants, Seigneur, qu\u2019ils grandissent dans leur foi ainsi que dans l\u2019amour de ton b\u00e9ni nom. Accorde, \u00f4 Dieu, une sagesse et la vigueur n\u00e9cessaires en vue de faire face \u00e0 les \u00e9preuves de la vie, et guide leurs pas sur le chemin de la v\u00e9rit\u00e9 ainsi que de la justice.<\/p>\n<p>Enfin, nous te prions pour nos amis et nos voisins, Seigneur, afin qu\u2019ils exp\u00e9rimentent la joie de ton amour ainsi que la s\u00e9r\u00e9nit\u00e9 de ton pardon. Accorde-leur, cher Dieu, de c\u0153urs pleins de g\u00e9n\u00e9rosit\u00e9 en vue de partager avec ceux qui sont dans le besoin, et aussi mains accueillantes pour accueillir ceux qui seuls ainsi que abandonn\u00e9s.<\/p>\n<h3> Prier pour les n\u00f4tres ennemis ainsi que ceux qui nous ont offens\u00e9s. <\/h3>\n<p>Seigneur Dieu, J\u00e9sus, nous t\u2019 prions pour les n\u00f4tres ennemis et aussi pour ceux que nous autres ont offens\u00e9s. Accorde-leur, \u00f4 Christ, ta mis\u00e9ricorde et ton pardon, et aussi ouvre leur c\u0153ur \u00e0 la lumi\u00e8re de ta v\u00e9rit\u00e9. Aide-nous, Seigneur Dieu, \u00e0 leur montrer de la compassion et \u00e0 leur pardonner comme tu nous as pardonn\u00e9. Que votre paix r\u00e8gne dans nos c\u0153urs ainsi que que votre amour guide notre actions, pour que nous puissions vivre en harmonie avec tous ceux qui sont nous autres entourent.<\/p>\n<h3> Comprendre l\u2019 pri\u00e8re : <\/h3>\n<p>En conclusion, l\u2019 oraison nous souviens notre mission tel que prog\u00e9niture de Dieu : \u00eatre des observateurs de sa lumi\u00e8re et de ses attachement dans l\u2019 \u00e8re affect\u00e9e aux t\u00e9n\u00e8bres. \u00c0 travers nos mots et nos \u0153uvres, nous propageons le message de l\u2019 tranquillit\u00e9 et de la rapprochement, offrant l\u2019attente et la r\u00e9paration \u00e0 un environnement endommag\u00e9.<\/p>\n<p>Au sein de la spiritualit\u00e9 chr\u00e9tienne, le aube adopte une valeur particuli\u00e8re, repr\u00e9sentant le rafra\u00eechissement et la renaissance int\u00e9rieure. C\u2019est au lever du jour de chaque journ\u00e9e que l\u2019\u00e2me se oriente vers Dieu dans la pri\u00e8re, recherchant \u00e0 se trouver \u00e9clair\u00e9e par la lumi\u00e8re divine. La pratique des pri\u00e8res matinales se r\u00e9v\u00e8le profond\u00e9ment enracin\u00e9e dans le patrimoine chr\u00e9tienne, offrant un instant particulier pour se connecter avec le Seigneur et se pr\u00e9parer mentalement aux d\u00e9fis de la journ\u00e9e qui vient.<\/p>\n<p>En au sein de ces oraisons matinales se observe souvent une d\u00e9votion sp\u00e9ciale envers Marie, maman m\u00e8re de J\u00e9sus et figure sainte ador\u00e9e par de nombreux fid\u00e8les. En tant de intercesseur entre les hommes et Dieu, Marie est sollicit\u00e9e afin de intervenir pour nous, nous-m\u00eames orientant dans le chemin vers la saintet\u00e9 et de la gr\u00e2ce divine. Ses pr\u00e9sence maternelle fournit r\u00e9confort et s\u00e9curit\u00e9, enveloppant nos pri\u00e8re matinales d\u2019une tendresse c\u00e9leste.<\/p>\n<p>En via l\u2019 pri\u00e8re du matin, on est appel\u00e9s \u00e0 nous unir \u00e0 Marie dans une d\u00e9marche pour purification individuelle. En m\u00e9ditant sur sa vie et les vertus, on explorons \u00e0 imiter son humilit\u00e9, sa puret\u00e9 et son ob\u00e9issance vers la volont\u00e9 du Dieu. Par le biais de la saintet\u00e9 exemplaire, Marie se transforme en en nous une mod\u00e8le de vie chr\u00e9tienne, on souvenant l\u2019importance du pri\u00e8re ainsi que de la contemplation au sein de notre cheminement spirituel.<\/p>\n<p>La r\u00e9citation du matin est donc un instant avantag\u00e9 afin de nous consacrer \u00e0 Dieu avec l\u2019intercession de Marie, en lui offrant nos louanges, nos actions de gr\u00e2ce et nos intentions les plus intimes. \u00c0 travers l\u2019 qui\u00e9tude de l\u2019aurore, on est invit\u00e9s \u00e0 se tourner envers cette m\u00e8re divine, qui nous guide par tendresse sur le chemin de la foi ainsi que l\u2019amour divin. En unissant nos voix \u00e0 celle-ci du Marie, nous \u00e9levons nos pri\u00e8res matinales envers le tr\u00f4ne de la gr\u00e2ce, s\u00fbrs que notre supplications seront entendues et accueillies aupr\u00e8s de le c\u0153ur mis\u00e9ricordieux de Dieu.<\/p>\n<p>Ce th\u00e8me correspond \u00e0 vos interrogations vous adorerez \u00e9galement ces publications :<\/p>\n<p>R\u00e9cits de voyages d\u2019un Arabe.,<a target=\"_blank\" rel=\"nofollow\" href=\"https:\/\/editionsbussiere.com\/blog\/goto\/https:\/\/fr.wikisource.org\/wiki\/R%C3%A9cits_de_voyages_d%E2%80%99un_Arabe\"  target=\"_blank\" rel=\"noopener noreferrer nofollow\">L\u2019article de presse.<\/a><span><\/span><\/p>\n<p>Les vies des plus excellents peintres, sculpteurs, et architectes\/Giovannantonio da VERZELLI dit le SODOMA.,<a target=\"_blank\" rel=\"nofollow\" href=\"https:\/\/editionsbussiere.com\/blog\/goto\/https:\/\/fr.wikisource.org\/wiki\/Les_vies_des_plus_excellents_peintres,_sculpteurs,_et_architectes\/Giovannantonio_da_VERZELLI_dit_le_SODOMA\"  target=\"_blank\" rel=\"noopener noreferrer nofollow\">Le texte de l\u2019article.<\/a><span><\/span><\/p>\n<p>Les Foules de Lourdes\/Chapitre XV.,<a target=\"_blank\" rel=\"nofollow\" href=\"https:\/\/editionsbussiere.com\/blog\/goto\/https:\/\/fr.wikisource.org\/wiki\/Les_Foules_de_Lourdes\/Chapitre_XV\"  target=\"_blank\" rel=\"noopener noreferrer nofollow\">Le post d\u2019actualit\u00e9.<\/a><span><\/span>. Suite sur le prochain article.<\/p>\n<p>Le Solitaire (d\u2019Arlincourt)\/\u00c9pilogue.,<a target=\"_blank\" rel=\"nofollow\" href=\"https:\/\/editionsbussiere.com\/blog\/goto\/https:\/\/fr.wikisource.org\/wiki\/Le_Solitaire_(d%27Arlincourt)\/%C3%89pilogue\"  target=\"_blank\" rel=\"noopener noreferrer nofollow\">Article complet.<\/a><span><\/span>. Suite sur le prochain article.<\/p>\n<p>L\u2019Antoniade\/Premier \u00c2ge\/D\u00e9dicace.,<a target=\"_blank\" rel=\"nofollow\" href=\"https:\/\/editionsbussiere.com\/blog\/goto\/https:\/\/fr.wikisource.org\/wiki\/L%E2%80%99Antoniade\/Premier_%C3%82ge\/D%C3%A9dicace\"  target=\"_blank\" rel=\"noopener noreferrer nofollow\">L\u2019article ICI.<\/a><span><\/span><\/p>\n<p>Cat\u00e9chisme du dioc\u00e8se de Sens\/La Purification, De l\u2019Ave Maria.,<a target=\"_blank\" rel=\"nofollow\" href=\"https:\/\/editionsbussiere.com\/blog\/goto\/https:\/\/fr.wikisource.org\/wiki\/Cat%C3%A9chisme_du_dioc%C3%A8se_de_Sens\/La_Purification,_De_l%27Ave_Maria\"  target=\"_blank\" rel=\"noopener noreferrer nofollow\">Ici.<\/a><span><\/span><\/p>\n<\/div>\n<p><img decoding=\"async\" class=\"wpe_imgrss\" src=\"https:\/\/editionsbussiere.com\/blog\/wp-content\/uploads\/2024\/10\/Les-paroissiens-de-la-cathedrale-participent-au-lancement-dun-garde-manger.jpg\">Cet article a \u00e9t\u00e9 reconstitu\u00e9 du mieux possible. Dans l\u2019hypoth\u00e8se o\u00f9 vous souhaitez apporter quelques modifications concernant le th\u00e8me \u00ab\u00a0Editions \u00e9sot\u00e9rique fond\u00e9e en 1927\u00a0\u00bb, il est possible de discuter avec notre r\u00e9daction. Vous pouvez tirer profit de cet article traitant le sujet \u00ab\u00a0Editions \u00e9sot\u00e9rique fond\u00e9e en 1927\u00a0\u00bb. Il est concoct\u00e9 par l\u2019\u00e9quipe editionsbussiere.com. Le site editionsbussiere.com est fait pour cr\u00e9er divers posts autour du th\u00e8me Editions \u00e9sot\u00e9rique fond\u00e9e en 1927 d\u00e9velopp\u00e9es sur internet. Consultez notre site internet editionsbussiere.com et nos r\u00e9seaux sociaux pour \u00eatre au courant des futures annonces.<\/p>\n","protected":false},"excerpt":{"rendered":"<p>Bridget Tucker avait 4 ans lorsqu\u2019on lui a diagnostiqu\u00e9 la maladie c\u0153liaque, une maladie auto-immune d\u00e9clench\u00e9e par le gluten pr\u00e9sent dans le bl\u00e9, le seigle et l\u2019orge. Aujourd\u2019hui \u00e2g\u00e9 de 18 ans, Tucker ne se contente plus de d\u00eener \u00e0 la maison, o\u00f9 tout est sans gluten. Elle sort avec des amis, mange chez eux [&hellip;]<\/p>\n","protected":false},"author":3,"featured_media":1469,"comment_status":"closed","ping_status":"closed","sticky":false,"template":"","format":"standard","meta":{"footnotes":""},"categories":[3],"tags":[],"class_list":["post-1468","post","type-post","status-publish","format-standard","has-post-thumbnail","hentry","category-editions-esoterique-fondee-en-1927-depeches","entry","fw-tab-6 fw-tabr-4","has-featured-image"],"yoast_head":"<!-- This site is optimized with the Yoast SEO plugin v27.5 - https:\/\/yoast.com\/product\/yoast-seo-wordpress\/ -->\n<title>Les paroissiens de la cath\u00e9drale participent au lancement d\u2019un garde-manger sans gluten &amp; pri\u00e8re pour commencer la journ\u00e9e. - EDITIONSBUSSIERE<\/title>\n<meta name=\"robots\" content=\"index, follow, max-snippet:-1, max-image-preview:large, max-video-preview:-1\" \/>\n<link rel=\"canonical\" href=\"https:\/\/editionsbussiere.com\/blog\/les-paroissiens-de-la-cathedrale-participent-au-lancement-dun-garde-manger-sans-gluten-priere-pour-commencer-la-journee\/\" \/>\n<meta property=\"og:locale\" content=\"fr_FR\" \/>\n<meta property=\"og:type\" content=\"article\" \/>\n<meta property=\"og:title\" content=\"Les paroissiens de la cath\u00e9drale participent au lancement d\u2019un garde-manger sans gluten &amp; pri\u00e8re pour commencer la journ\u00e9e. - EDITIONSBUSSIERE\" \/>\n<meta property=\"og:description\" content=\"Bridget Tucker avait 4 ans lorsqu\u2019on lui a diagnostiqu\u00e9 la maladie c\u0153liaque, une maladie auto-immune d\u00e9clench\u00e9e par le gluten pr\u00e9sent dans le bl\u00e9, le seigle et l\u2019orge. Aujourd\u2019hui \u00e2g\u00e9 de 18 ans, Tucker ne se contente plus de d\u00eener \u00e0 la maison, o\u00f9 tout est sans gluten. Elle sort avec des amis, mange chez eux [&hellip;]\" \/>\n<meta property=\"og:url\" content=\"https:\/\/editionsbussiere.com\/blog\/les-paroissiens-de-la-cathedrale-participent-au-lancement-dun-garde-manger-sans-gluten-priere-pour-commencer-la-journee\/\" \/>\n<meta property=\"og:site_name\" content=\"EDITIONSBUSSIERE\" \/>\n<meta property=\"article:published_time\" content=\"2024-10-07T23:33:57+00:00\" \/>\n<meta property=\"og:image\" content=\"https:\/\/editionsbussiere.com\/blog\/wp-content\/uploads\/2024\/10\/Les-paroissiens-de-la-cathedrale-participent-au-lancement-dun-garde-manger.jpg\" \/>\n<meta name=\"author\" content=\"Marie BATICLE\" \/>\n<meta name=\"twitter:card\" content=\"summary_large_image\" \/>\n<meta name=\"twitter:label1\" content=\"\u00c9crit par\" \/>\n\t<meta name=\"twitter:data1\" content=\"Marie BATICLE\" \/>\n\t<meta name=\"twitter:label2\" content=\"Dur\u00e9e de lecture estim\u00e9e\" \/>\n\t<meta name=\"twitter:data2\" content=\"16 minutes\" \/>\n<script type=\"application\/ld+json\" class=\"yoast-schema-graph\">{\"@context\":\"https:\\\/\\\/schema.org\",\"@graph\":[{\"@type\":\"Article\",\"@id\":\"https:\\\/\\\/editionsbussiere.com\\\/blog\\\/les-paroissiens-de-la-cathedrale-participent-au-lancement-dun-garde-manger-sans-gluten-priere-pour-commencer-la-journee\\\/#article\",\"isPartOf\":{\"@id\":\"https:\\\/\\\/editionsbussiere.com\\\/blog\\\/les-paroissiens-de-la-cathedrale-participent-au-lancement-dun-garde-manger-sans-gluten-priere-pour-commencer-la-journee\\\/\"},\"author\":{\"name\":\"Marie BATICLE\",\"@id\":\"https:\\\/\\\/editionsbussiere.com\\\/blog\\\/#\\\/schema\\\/person\\\/ec90e102792148c97e46ab871010dd8f\"},\"headline\":\"Les paroissiens de la cath\u00e9drale participent au lancement d\u2019un garde-manger sans gluten &amp; pri\u00e8re pour commencer la journ\u00e9e.\",\"datePublished\":\"2024-10-07T23:33:57+00:00\",\"mainEntityOfPage\":{\"@id\":\"https:\\\/\\\/editionsbussiere.com\\\/blog\\\/les-paroissiens-de-la-cathedrale-participent-au-lancement-dun-garde-manger-sans-gluten-priere-pour-commencer-la-journee\\\/\"},\"wordCount\":3320,\"publisher\":{\"@id\":\"https:\\\/\\\/editionsbussiere.com\\\/blog\\\/#organization\"},\"image\":{\"@id\":\"https:\\\/\\\/editionsbussiere.com\\\/blog\\\/les-paroissiens-de-la-cathedrale-participent-au-lancement-dun-garde-manger-sans-gluten-priere-pour-commencer-la-journee\\\/#primaryimage\"},\"thumbnailUrl\":\"https:\\\/\\\/editionsbussiere.com\\\/blog\\\/wp-content\\\/uploads\\\/2024\\\/10\\\/Les-paroissiens-de-la-cathedrale-participent-au-lancement-dun-garde-manger.jpg\",\"articleSection\":[\"Editions \u00c9sot\u00e9rique Fond\u00e9e En 1927; D\u00e9p\u00e8ches:\"],\"inLanguage\":\"fr-FR\"},{\"@type\":\"WebPage\",\"@id\":\"https:\\\/\\\/editionsbussiere.com\\\/blog\\\/les-paroissiens-de-la-cathedrale-participent-au-lancement-dun-garde-manger-sans-gluten-priere-pour-commencer-la-journee\\\/\",\"url\":\"https:\\\/\\\/editionsbussiere.com\\\/blog\\\/les-paroissiens-de-la-cathedrale-participent-au-lancement-dun-garde-manger-sans-gluten-priere-pour-commencer-la-journee\\\/\",\"name\":\"Les paroissiens de la cath\u00e9drale participent au lancement d\u2019un garde-manger sans gluten &amp; pri\u00e8re pour commencer la journ\u00e9e. - EDITIONSBUSSIERE\",\"isPartOf\":{\"@id\":\"https:\\\/\\\/editionsbussiere.com\\\/blog\\\/#website\"},\"primaryImageOfPage\":{\"@id\":\"https:\\\/\\\/editionsbussiere.com\\\/blog\\\/les-paroissiens-de-la-cathedrale-participent-au-lancement-dun-garde-manger-sans-gluten-priere-pour-commencer-la-journee\\\/#primaryimage\"},\"image\":{\"@id\":\"https:\\\/\\\/editionsbussiere.com\\\/blog\\\/les-paroissiens-de-la-cathedrale-participent-au-lancement-dun-garde-manger-sans-gluten-priere-pour-commencer-la-journee\\\/#primaryimage\"},\"thumbnailUrl\":\"https:\\\/\\\/editionsbussiere.com\\\/blog\\\/wp-content\\\/uploads\\\/2024\\\/10\\\/Les-paroissiens-de-la-cathedrale-participent-au-lancement-dun-garde-manger.jpg\",\"datePublished\":\"2024-10-07T23:33:57+00:00\",\"breadcrumb\":{\"@id\":\"https:\\\/\\\/editionsbussiere.com\\\/blog\\\/les-paroissiens-de-la-cathedrale-participent-au-lancement-dun-garde-manger-sans-gluten-priere-pour-commencer-la-journee\\\/#breadcrumb\"},\"inLanguage\":\"fr-FR\",\"potentialAction\":[{\"@type\":\"ReadAction\",\"target\":[\"https:\\\/\\\/editionsbussiere.com\\\/blog\\\/les-paroissiens-de-la-cathedrale-participent-au-lancement-dun-garde-manger-sans-gluten-priere-pour-commencer-la-journee\\\/\"]}]},{\"@type\":\"ImageObject\",\"inLanguage\":\"fr-FR\",\"@id\":\"https:\\\/\\\/editionsbussiere.com\\\/blog\\\/les-paroissiens-de-la-cathedrale-participent-au-lancement-dun-garde-manger-sans-gluten-priere-pour-commencer-la-journee\\\/#primaryimage\",\"url\":\"https:\\\/\\\/editionsbussiere.com\\\/blog\\\/wp-content\\\/uploads\\\/2024\\\/10\\\/Les-paroissiens-de-la-cathedrale-participent-au-lancement-dun-garde-manger.jpg\",\"contentUrl\":\"https:\\\/\\\/editionsbussiere.com\\\/blog\\\/wp-content\\\/uploads\\\/2024\\\/10\\\/Les-paroissiens-de-la-cathedrale-participent-au-lancement-dun-garde-manger.jpg\",\"width\":900,\"height\":601,\"caption\":\"Les paroissiens de la cathedrale participent au lancement dun garde manger\"},{\"@type\":\"BreadcrumbList\",\"@id\":\"https:\\\/\\\/editionsbussiere.com\\\/blog\\\/les-paroissiens-de-la-cathedrale-participent-au-lancement-dun-garde-manger-sans-gluten-priere-pour-commencer-la-journee\\\/#breadcrumb\",\"itemListElement\":[{\"@type\":\"ListItem\",\"position\":1,\"name\":\"Accueil\",\"item\":\"https:\\\/\\\/editionsbussiere.com\\\/blog\\\/\"},{\"@type\":\"ListItem\",\"position\":2,\"name\":\"Les paroissiens de la cath\u00e9drale participent au lancement d\u2019un garde-manger sans gluten &amp; pri\u00e8re pour commencer la journ\u00e9e.\"}]},{\"@type\":\"WebSite\",\"@id\":\"https:\\\/\\\/editionsbussiere.com\\\/blog\\\/#website\",\"url\":\"https:\\\/\\\/editionsbussiere.com\\\/blog\\\/\",\"name\":\"EDITIONSBUSSIERE\",\"description\":\"Editions \u00e9sot\u00e9rique fond\u00e9e en 1927; site historique, A SAVOIR ET RETENIR.\",\"publisher\":{\"@id\":\"https:\\\/\\\/editionsbussiere.com\\\/blog\\\/#organization\"},\"potentialAction\":[{\"@type\":\"SearchAction\",\"target\":{\"@type\":\"EntryPoint\",\"urlTemplate\":\"https:\\\/\\\/editionsbussiere.com\\\/blog\\\/?s={search_term_string}\"},\"query-input\":{\"@type\":\"PropertyValueSpecification\",\"valueRequired\":true,\"valueName\":\"search_term_string\"}}],\"inLanguage\":\"fr-FR\"},{\"@type\":\"Organization\",\"@id\":\"https:\\\/\\\/editionsbussiere.com\\\/blog\\\/#organization\",\"name\":\"editionsbussiere\",\"url\":\"https:\\\/\\\/editionsbussiere.com\\\/blog\\\/\",\"logo\":{\"@type\":\"ImageObject\",\"inLanguage\":\"fr-FR\",\"@id\":\"https:\\\/\\\/editionsbussiere.com\\\/blog\\\/#\\\/schema\\\/logo\\\/image\\\/\",\"url\":\"https:\\\/\\\/editionsbussiere.com\\\/blog\\\/wp-content\\\/uploads\\\/2023\\\/09\\\/cropped-buss.gif\",\"contentUrl\":\"https:\\\/\\\/editionsbussiere.com\\\/blog\\\/wp-content\\\/uploads\\\/2023\\\/09\\\/cropped-buss.gif\",\"width\":298,\"height\":120,\"caption\":\"editionsbussiere\"},\"image\":{\"@id\":\"https:\\\/\\\/editionsbussiere.com\\\/blog\\\/#\\\/schema\\\/logo\\\/image\\\/\"}},{\"@type\":\"Person\",\"@id\":\"https:\\\/\\\/editionsbussiere.com\\\/blog\\\/#\\\/schema\\\/person\\\/ec90e102792148c97e46ab871010dd8f\",\"name\":\"Marie BATICLE\",\"image\":{\"@type\":\"ImageObject\",\"inLanguage\":\"fr-FR\",\"@id\":\"https:\\\/\\\/secure.gravatar.com\\\/avatar\\\/c923e52403b1b8137e2d929127211d21967e6aecaa053bd43b09da29f212e76e?s=96&d=mm&r=g\",\"url\":\"https:\\\/\\\/secure.gravatar.com\\\/avatar\\\/c923e52403b1b8137e2d929127211d21967e6aecaa053bd43b09da29f212e76e?s=96&d=mm&r=g\",\"contentUrl\":\"https:\\\/\\\/secure.gravatar.com\\\/avatar\\\/c923e52403b1b8137e2d929127211d21967e6aecaa053bd43b09da29f212e76e?s=96&d=mm&r=g\",\"caption\":\"Marie BATICLE\"},\"url\":\"https:\\\/\\\/editionsbussiere.com\\\/blog\\\/author\\\/eremarie\\\/\"}]}<\/script>\n<!-- \/ Yoast SEO plugin. -->","yoast_head_json":{"title":"Les paroissiens de la cath\u00e9drale participent au lancement d\u2019un garde-manger sans gluten &amp; pri\u00e8re pour commencer la journ\u00e9e. - EDITIONSBUSSIERE","robots":{"index":"index","follow":"follow","max-snippet":"max-snippet:-1","max-image-preview":"max-image-preview:large","max-video-preview":"max-video-preview:-1"},"canonical":"https:\/\/editionsbussiere.com\/blog\/les-paroissiens-de-la-cathedrale-participent-au-lancement-dun-garde-manger-sans-gluten-priere-pour-commencer-la-journee\/","og_locale":"fr_FR","og_type":"article","og_title":"Les paroissiens de la cath\u00e9drale participent au lancement d\u2019un garde-manger sans gluten &amp; pri\u00e8re pour commencer la journ\u00e9e. - EDITIONSBUSSIERE","og_description":"Bridget Tucker avait 4 ans lorsqu\u2019on lui a diagnostiqu\u00e9 la maladie c\u0153liaque, une maladie auto-immune d\u00e9clench\u00e9e par le gluten pr\u00e9sent dans le bl\u00e9, le seigle et l\u2019orge. Aujourd\u2019hui \u00e2g\u00e9 de 18 ans, Tucker ne se contente plus de d\u00eener \u00e0 la maison, o\u00f9 tout est sans gluten. Elle sort avec des amis, mange chez eux [&hellip;]","og_url":"https:\/\/editionsbussiere.com\/blog\/les-paroissiens-de-la-cathedrale-participent-au-lancement-dun-garde-manger-sans-gluten-priere-pour-commencer-la-journee\/","og_site_name":"EDITIONSBUSSIERE","article_published_time":"2024-10-07T23:33:57+00:00","og_image":[{"url":"https:\/\/editionsbussiere.com\/blog\/wp-content\/uploads\/2024\/10\/Les-paroissiens-de-la-cathedrale-participent-au-lancement-dun-garde-manger.jpg","type":"","width":"","height":""}],"author":"Marie BATICLE","twitter_card":"summary_large_image","twitter_misc":{"\u00c9crit par":"Marie BATICLE","Dur\u00e9e de lecture estim\u00e9e":"16 minutes"},"schema":{"@context":"https:\/\/schema.org","@graph":[{"@type":"Article","@id":"https:\/\/editionsbussiere.com\/blog\/les-paroissiens-de-la-cathedrale-participent-au-lancement-dun-garde-manger-sans-gluten-priere-pour-commencer-la-journee\/#article","isPartOf":{"@id":"https:\/\/editionsbussiere.com\/blog\/les-paroissiens-de-la-cathedrale-participent-au-lancement-dun-garde-manger-sans-gluten-priere-pour-commencer-la-journee\/"},"author":{"name":"Marie BATICLE","@id":"https:\/\/editionsbussiere.com\/blog\/#\/schema\/person\/ec90e102792148c97e46ab871010dd8f"},"headline":"Les paroissiens de la cath\u00e9drale participent au lancement d\u2019un garde-manger sans gluten &amp; pri\u00e8re pour commencer la journ\u00e9e.","datePublished":"2024-10-07T23:33:57+00:00","mainEntityOfPage":{"@id":"https:\/\/editionsbussiere.com\/blog\/les-paroissiens-de-la-cathedrale-participent-au-lancement-dun-garde-manger-sans-gluten-priere-pour-commencer-la-journee\/"},"wordCount":3320,"publisher":{"@id":"https:\/\/editionsbussiere.com\/blog\/#organization"},"image":{"@id":"https:\/\/editionsbussiere.com\/blog\/les-paroissiens-de-la-cathedrale-participent-au-lancement-dun-garde-manger-sans-gluten-priere-pour-commencer-la-journee\/#primaryimage"},"thumbnailUrl":"https:\/\/editionsbussiere.com\/blog\/wp-content\/uploads\/2024\/10\/Les-paroissiens-de-la-cathedrale-participent-au-lancement-dun-garde-manger.jpg","articleSection":["Editions \u00c9sot\u00e9rique Fond\u00e9e En 1927; D\u00e9p\u00e8ches:"],"inLanguage":"fr-FR"},{"@type":"WebPage","@id":"https:\/\/editionsbussiere.com\/blog\/les-paroissiens-de-la-cathedrale-participent-au-lancement-dun-garde-manger-sans-gluten-priere-pour-commencer-la-journee\/","url":"https:\/\/editionsbussiere.com\/blog\/les-paroissiens-de-la-cathedrale-participent-au-lancement-dun-garde-manger-sans-gluten-priere-pour-commencer-la-journee\/","name":"Les paroissiens de la cath\u00e9drale participent au lancement d\u2019un garde-manger sans gluten &amp; pri\u00e8re pour commencer la journ\u00e9e. - EDITIONSBUSSIERE","isPartOf":{"@id":"https:\/\/editionsbussiere.com\/blog\/#website"},"primaryImageOfPage":{"@id":"https:\/\/editionsbussiere.com\/blog\/les-paroissiens-de-la-cathedrale-participent-au-lancement-dun-garde-manger-sans-gluten-priere-pour-commencer-la-journee\/#primaryimage"},"image":{"@id":"https:\/\/editionsbussiere.com\/blog\/les-paroissiens-de-la-cathedrale-participent-au-lancement-dun-garde-manger-sans-gluten-priere-pour-commencer-la-journee\/#primaryimage"},"thumbnailUrl":"https:\/\/editionsbussiere.com\/blog\/wp-content\/uploads\/2024\/10\/Les-paroissiens-de-la-cathedrale-participent-au-lancement-dun-garde-manger.jpg","datePublished":"2024-10-07T23:33:57+00:00","breadcrumb":{"@id":"https:\/\/editionsbussiere.com\/blog\/les-paroissiens-de-la-cathedrale-participent-au-lancement-dun-garde-manger-sans-gluten-priere-pour-commencer-la-journee\/#breadcrumb"},"inLanguage":"fr-FR","potentialAction":[{"@type":"ReadAction","target":["https:\/\/editionsbussiere.com\/blog\/les-paroissiens-de-la-cathedrale-participent-au-lancement-dun-garde-manger-sans-gluten-priere-pour-commencer-la-journee\/"]}]},{"@type":"ImageObject","inLanguage":"fr-FR","@id":"https:\/\/editionsbussiere.com\/blog\/les-paroissiens-de-la-cathedrale-participent-au-lancement-dun-garde-manger-sans-gluten-priere-pour-commencer-la-journee\/#primaryimage","url":"https:\/\/editionsbussiere.com\/blog\/wp-content\/uploads\/2024\/10\/Les-paroissiens-de-la-cathedrale-participent-au-lancement-dun-garde-manger.jpg","contentUrl":"https:\/\/editionsbussiere.com\/blog\/wp-content\/uploads\/2024\/10\/Les-paroissiens-de-la-cathedrale-participent-au-lancement-dun-garde-manger.jpg","width":900,"height":601,"caption":"Les paroissiens de la cathedrale participent au lancement dun garde manger"},{"@type":"BreadcrumbList","@id":"https:\/\/editionsbussiere.com\/blog\/les-paroissiens-de-la-cathedrale-participent-au-lancement-dun-garde-manger-sans-gluten-priere-pour-commencer-la-journee\/#breadcrumb","itemListElement":[{"@type":"ListItem","position":1,"name":"Accueil","item":"https:\/\/editionsbussiere.com\/blog\/"},{"@type":"ListItem","position":2,"name":"Les paroissiens de la cath\u00e9drale participent au lancement d\u2019un garde-manger sans gluten &amp; pri\u00e8re pour commencer la journ\u00e9e."}]},{"@type":"WebSite","@id":"https:\/\/editionsbussiere.com\/blog\/#website","url":"https:\/\/editionsbussiere.com\/blog\/","name":"EDITIONSBUSSIERE","description":"Editions \u00e9sot\u00e9rique fond\u00e9e en 1927; site historique, A SAVOIR ET RETENIR.","publisher":{"@id":"https:\/\/editionsbussiere.com\/blog\/#organization"},"potentialAction":[{"@type":"SearchAction","target":{"@type":"EntryPoint","urlTemplate":"https:\/\/editionsbussiere.com\/blog\/?s={search_term_string}"},"query-input":{"@type":"PropertyValueSpecification","valueRequired":true,"valueName":"search_term_string"}}],"inLanguage":"fr-FR"},{"@type":"Organization","@id":"https:\/\/editionsbussiere.com\/blog\/#organization","name":"editionsbussiere","url":"https:\/\/editionsbussiere.com\/blog\/","logo":{"@type":"ImageObject","inLanguage":"fr-FR","@id":"https:\/\/editionsbussiere.com\/blog\/#\/schema\/logo\/image\/","url":"https:\/\/editionsbussiere.com\/blog\/wp-content\/uploads\/2023\/09\/cropped-buss.gif","contentUrl":"https:\/\/editionsbussiere.com\/blog\/wp-content\/uploads\/2023\/09\/cropped-buss.gif","width":298,"height":120,"caption":"editionsbussiere"},"image":{"@id":"https:\/\/editionsbussiere.com\/blog\/#\/schema\/logo\/image\/"}},{"@type":"Person","@id":"https:\/\/editionsbussiere.com\/blog\/#\/schema\/person\/ec90e102792148c97e46ab871010dd8f","name":"Marie BATICLE","image":{"@type":"ImageObject","inLanguage":"fr-FR","@id":"https:\/\/secure.gravatar.com\/avatar\/c923e52403b1b8137e2d929127211d21967e6aecaa053bd43b09da29f212e76e?s=96&d=mm&r=g","url":"https:\/\/secure.gravatar.com\/avatar\/c923e52403b1b8137e2d929127211d21967e6aecaa053bd43b09da29f212e76e?s=96&d=mm&r=g","contentUrl":"https:\/\/secure.gravatar.com\/avatar\/c923e52403b1b8137e2d929127211d21967e6aecaa053bd43b09da29f212e76e?s=96&d=mm&r=g","caption":"Marie BATICLE"},"url":"https:\/\/editionsbussiere.com\/blog\/author\/eremarie\/"}]}},"_links":{"self":[{"href":"https:\/\/editionsbussiere.com\/blog\/wp-json\/wp\/v2\/posts\/1468","targetHints":{"allow":["GET"]}}],"collection":[{"href":"https:\/\/editionsbussiere.com\/blog\/wp-json\/wp\/v2\/posts"}],"about":[{"href":"https:\/\/editionsbussiere.com\/blog\/wp-json\/wp\/v2\/types\/post"}],"author":[{"embeddable":true,"href":"https:\/\/editionsbussiere.com\/blog\/wp-json\/wp\/v2\/users\/3"}],"replies":[{"embeddable":true,"href":"https:\/\/editionsbussiere.com\/blog\/wp-json\/wp\/v2\/comments?post=1468"}],"version-history":[{"count":0,"href":"https:\/\/editionsbussiere.com\/blog\/wp-json\/wp\/v2\/posts\/1468\/revisions"}],"wp:featuredmedia":[{"embeddable":true,"href":"https:\/\/editionsbussiere.com\/blog\/wp-json\/wp\/v2\/media\/1469"}],"wp:attachment":[{"href":"https:\/\/editionsbussiere.com\/blog\/wp-json\/wp\/v2\/media?parent=1468"}],"wp:term":[{"taxonomy":"category","embeddable":true,"href":"https:\/\/editionsbussiere.com\/blog\/wp-json\/wp\/v2\/categories?post=1468"},{"taxonomy":"post_tag","embeddable":true,"href":"https:\/\/editionsbussiere.com\/blog\/wp-json\/wp\/v2\/tags?post=1468"}],"curies":[{"name":"wp","href":"https:\/\/api.w.org\/{rel}","templated":true}]}}