{"id":1445,"date":"2024-10-02T15:25:42","date_gmt":"2024-10-02T13:25:42","guid":{"rendered":"https:\/\/editionsbussiere.com\/blog\/les-communautes-religieuses-abritent-les-libanais-fuyant-linvasion-invocation-matinale\/"},"modified":"2024-10-02T15:25:42","modified_gmt":"2024-10-02T13:25:42","slug":"les-communautes-religieuses-abritent-les-libanais-fuyant-linvasion-invocation-matinale","status":"publish","type":"post","link":"https:\/\/editionsbussiere.com\/blog\/les-communautes-religieuses-abritent-les-libanais-fuyant-linvasion-invocation-matinale\/","title":{"rendered":"Les communaut\u00e9s religieuses abritent les Libanais fuyant l\u2019invasion\n &amp; invocation matinale."},"content":{"rendered":"<div><img width=\"580\" height=\"385\" src=\"https:\/\/editionsbussiere.com\/blog\/wp-content\/uploads\/2024\/10\/Les-communautes-religieuses-abritent-les-Libanais-fuyant-linvasion-invocation.jpg\" class=\"attachment-large size-large wp-post-image\" alt=\"Les communaut\u00e9s religieuses abritent les Libanais fuyant l\u2019invasion &amp; invocation\" style=\"float:left; margin:0 15px 15px 0;\" decoding=\"async\" srcset=\"https:\/\/editionsbussiere.com\/blog\/wp-content\/uploads\/2024\/10\/Les-communautes-religieuses-abritent-les-Libanais-fuyant-linvasion-invocation.jpg 620w, https:\/\/www.n42.fr\/wp-content\/uploads\/2024\/10\/Les-communautes-religieuses-abritent-les-Libanais-fuyant-linvasion-invocation-300x199.jpg 300w\" sizes=\"(max-width: 580px) 100vw, 580px\"><\/p>\n<p>\n<\/p>\n<div id=\"free-content\">\n<p><span aria-label=\"post subtitle\" class=\"SubHeading_subheading__NJ_eJ\">Certaines des zones touch\u00e9es par les frappes a\u00e9riennes et l\u2019invasion terrestre d\u2019Isra\u00ebl sont chr\u00e9tiennes. Couvents et monast\u00e8res ont ouvert leurs portes pour aider les d\u00e9plac\u00e9s.<\/span><\/p>\n<div>\n<div>\n<p>Alors qu\u2019Isra\u00ebl poursuit une op\u00e9ration militaire majeure contre le Hezbollah au Liban, cherchant \u00e0 fournir une zone tampon aux habitants du nord du pays contre les attaques des milices soutenues par l\u2019Iran, <strong>Les ordres religieux catholiques ont ouvert leurs portes aux Libanais d\u00e9plac\u00e9s de leurs foyers.<\/strong><\/p>\n<\/div>\n<\/div>\n<div>\n<div>\n<p>Les communaut\u00e9s comprennent les Filles de la Charit\u00e9, les P\u00e8res Salvatoriens et une congr\u00e9gation franciscaine.<\/p>\n<\/div>\n<\/div>\n<div>\n<div>\n<p>T\u00f4t mardi matin, Isra\u00ebl a lanc\u00e9 une invasion terrestre du sud du Liban \u00e0 la suite d\u2019attaques massives de missiles contre des cibles pr\u00e9sum\u00e9es du Hezbollah. Ces deux actions font suite \u00e0 l\u2019assassinat par Isra\u00ebl du chef du Hezbollah Hassan Nasrallah vendredi dernier. Le Premier ministre libanais a d\u00e9clar\u00e9 que <strong>Un million de personnes ont d\u00e9sormais \u00e9t\u00e9 d\u00e9plac\u00e9es.<\/strong><\/p>\n<\/div>\n<\/div>\n<div>\n<div>\n<p>L\u2019Iran a lanc\u00e9 mardi soir un barrage de missiles balistiques contre Isra\u00ebl, renfor\u00e7ant encore les craintes d\u2019une escalade g\u00e9n\u00e9ralis\u00e9e des hostilit\u00e9s \u00e0 l\u2019\u00e9chelle r\u00e9gionale. T\u00e9h\u00e9ran a d\u00e9clar\u00e9 que l\u2019attaque \u00e9tait en repr\u00e9sailles \u00e0 l\u2019assassinat de Nasrallah, ainsi qu\u2019\u00e0 l\u2019assassinat par Isra\u00ebl en juillet du leader politique du Hamas, Ismail Haniyeh, dans la capitale iranienne.<\/p>\n<\/div>\n<\/div>\n<h2 class=\"Heading_heading__PlVsb\">Villages chr\u00e9tiens<\/h2>\n<div>\n<div>\n<p>Certaines des zones dans lesquelles Isra\u00ebl a men\u00e9 son attaque terrestre comprennent des villages en grande partie chr\u00e9tiens du sud du Liban. <\/p>\n<\/div>\n<\/div>\n<div>\n<blockquote class=\"Quote_container__XMwM_\">\n<div>\n<p>\u00ab\u00a0Certaines des villes et villages que l\u2019arm\u00e9e isra\u00e9lienne a ordonn\u00e9 aux civils d\u2019\u00e9vacuer sont en grande partie des communaut\u00e9s chr\u00e9tiennes o\u00f9 le Hezbollah, un groupe musulman chiite, n\u2019exerce pas autant de contr\u00f4le qu\u2019ailleurs dans le sud du Liban\u00a0\u00bb, a \u00e9crit le journaliste du New York Times, Euan Ward. 1er octobre. \u00ab Depuis pr\u00e8s d\u2019un an, les bombardements isra\u00e9liens les ont largement \u00e9pargn\u00e9s, m\u00eame si de nombreux habitants ont d\u00e9j\u00e0 fui, transformant certains endroits en villes fant\u00f4mes. \u00bb<\/p>\n<\/div>\n<p><!--$!--><template data-dgst=\"NEXT_DYNAMIC_NO_SSR_CODE\"><\/template><!--\/$--><\/p>\n<\/blockquote>\n<\/div>\n<div>\n<div>\n<p>Ward a rapport\u00e9 que les habitants d\u2019Ain Ebel, une ville \u00e0 majorit\u00e9 chr\u00e9tienne du sud du Liban, ont fait \u00e9tat du chaos mardi apr\u00e8s que l\u2019arm\u00e9e isra\u00e9lienne a ordonn\u00e9 l\u2019\u00e9vacuation de leur village. \u00ab Des dizaines de voitures se sont contourn\u00e9es alors qu\u2019elles tentaient de fuir, les habitants affirmant que plus de 250 personnes sont parties en l\u2019espace de quelques heures seulement. \u00bb<\/p>\n<\/div>\n<\/div>\n<div>\n<div>\n<p>Un autre village chr\u00e9tien qui a d\u00fb \u00eatre \u00e9vacu\u00e9 est Deir Mimas, \u00e0 environ 90 minutes au sud de Beyrouth. <\/p>\n<\/div>\n<\/div>\n<div>\n<blockquote class=\"Quote_container__XMwM_\">\n<div>\n<p>\u00ab\u00a0Deir Mimas est maintenant vide\u00a0\u00bb, d\u00e9clare le p\u00e8re franciscain. Toufiq Bou Merhi, fr\u00e8re de la Custodie de Terre Sainte, a d\u00e9clar\u00e9 \u00e0 TerraSanta.net, une publication de la Fondation Terre Sainte. \u00ab Hier soir, les bombes ont atteint le village et les maisons. Apr\u00e8s l\u2019ordre d\u2019\u00e9vacuation de l\u2019arm\u00e9e isra\u00e9lienne, les gens ont fui. \u00bb<\/p>\n<\/div>\n<p><!--$!--><template data-dgst=\"NEXT_DYNAMIC_NO_SSR_CODE\"><\/template><!--\/$--><\/p>\n<\/blockquote>\n<\/div>\n<div>\n<div>\n<p>Une petite communaut\u00e9 chr\u00e9tienne de Tyr, prise en charge par les fr\u00e8res, a \u00e9galement d\u00fb \u00eatre \u00e9vacu\u00e9e vers la capitale libanaise. <\/p>\n<\/div>\n<\/div>\n<div>\n<blockquote class=\"Quote_container__XMwM_\">\n<div>\n<p>\u00ab\u00a0J\u2019ai moi-m\u00eame quitt\u00e9 Tyr hier apr\u00e8s-midi, apr\u00e8s que toutes les personnes d\u00e9plac\u00e9es aient quitt\u00e9 le couvent suite \u00e0 l\u2019attaque de samedi\u00a0\u00bb, a d\u00e9clar\u00e9 le p\u00e8re. dit Merhi. \u00ab Le quartier tout entier est d\u00e9sormais vide. Les gens, effray\u00e9s, ont pr\u00e9f\u00e9r\u00e9 partir. Hier matin, lundi, voyant le couvent vide, j\u2019ai dit \u00e0 l\u2019autre fr\u00e8re qui m\u2019accompagnait : \u00ab Nous ne sommes pas l\u00e0 pour \u00eatre des h\u00e9ros. Nous \u00e9tions et sommes rest\u00e9s pour aider les gens. Aujourd\u2019hui, le quartier est vide et les personnes d\u00e9plac\u00e9es que nous avons aid\u00e9es sont parties. Allons \u00e0 Beyrouth o\u00f9 nous pouvons aider davantage les gens.\u2019\u00bb<\/p>\n<\/div>\n<p><!--$!--><template data-dgst=\"NEXT_DYNAMIC_NO_SSR_CODE\"><\/template><!--\/$--><\/p>\n<\/blockquote>\n<\/div>\n<div>\n<div>\n<p>Le pr\u00eatre a ajout\u00e9 que lui et les autres fr\u00e8res avaient retir\u00e9 le Saint-Sacrement et quelques reliques de leur monast\u00e8re. Il a d\u00e9clar\u00e9 que des paroissiens l\u2019avaient appel\u00e9 de Deir Mimas pour lui dire qu\u2019ils partiraient en petits groupes de voitures, car m\u00eame les routes et les voitures \u00e9taient prises pour cible par les militaires. <\/p>\n<\/div>\n<\/div>\n<div>\n<div>\n<p>Il a not\u00e9 que certains paroissiens ont des parents \u00e0 Beyrouth, donc trois ou quatre familles vivent d\u00e9sormais dans une m\u00eame maison.<\/p>\n<\/div>\n<\/div>\n<h2 class=\"Heading_heading__PlVsb\">Fournir un abri<\/h2>\n<div>\n<div>\n<p>Pour certaines autres personnes d\u00e9plac\u00e9es, les maisons religieuses ont offert refuge, comme l\u2019a rapport\u00e9 CNEWA. Les Filles de la Charit\u00e9, qui dirigent diverses \u00e9coles, h\u00f4pitaux et dispensaires, ont ouvert quatre de leurs centres \u00e0 Beyrouth, au Metn, au Kesrouan et dans la r\u00e9gion du Chouf. Ils ont pu accueillir jusqu\u2019\u00e0 750 personnes, dont 400 au centre de Beyrouth. Si n\u00e9cessaire, ils pourraient ouvrir deux autres centres au Mont-Liban et au Nord-Liban, qui pourraient accueillir 300 personnes suppl\u00e9mentaires.<\/p>\n<\/div>\n<\/div>\n<div>\n<div>\n<p>Les P\u00e8res Salvatoriens ont ouvert les portes de leur s\u00e9minaire de la r\u00e9gion du Kesrouan, pouvant accueillir 35 personnes. Le recteur et le personnel r\u00e9pondent aux besoins des d\u00e9plac\u00e9s en leur fournissant de la nourriture et des kits d\u2019hygi\u00e8ne de base.<\/p>\n<\/div>\n<\/div>\n<div>\n<div>\n<p>La Congr\u00e9gation des S\u0153urs de J\u00e9sus et Marie, pr\u00e9sente et active dans le soutien aux familles pauvres du quartier de Bourj Hammoud \u00e0 Beyrouth, h\u00e9berge 80 familles du sud du Liban, de Debel et Ain Ebel.<\/p>\n<\/div>\n<\/div>\n<div>\n<div>\n<p>Aide \u00e0 l\u2019\u00c9glise en D\u00e9tresse a rapport\u00e9 que S\u0153ur Maya El Beaino, des S\u0153urs des Sacr\u00e9s-C\u0153urs de J\u00e9sus et de Marie, a d\u00e9cid\u00e9 de rester au monast\u00e8re Saint-Joseph \u00e0 Ain Ebel, au sud du Liban, \u00e0 quelques kilom\u00e8tres de la fronti\u00e8re isra\u00e9lienne. , malgr\u00e9 les frappes a\u00e9riennes en cours. <\/p>\n<\/div>\n<\/div>\n<div>\n<blockquote class=\"Quote_container__XMwM_\">\n<div>\n<p>\u00ab Il y a encore ici quelque 9 000 chr\u00e9tiens r\u00e9partis dans trois villages diff\u00e9rents. Nous sommes constamment en danger \u00bb, a d\u00e9clar\u00e9 s\u0153ur Maya. \u00ab Il n\u2019y a pas d\u2019h\u00f4pital dans la r\u00e9gion, pas de Croix-Rouge et nous n\u2019avons que trois heures d\u2019\u00e9lectricit\u00e9 par jour. Cela signifie : pas d\u2019internet, pas d\u2019eau !<\/p>\n<\/div>\n<p><!--$!--><template data-dgst=\"NEXT_DYNAMIC_NO_SSR_CODE\"><\/template><!--\/$--><\/p>\n<\/blockquote>\n<\/div>\n<div>\n<div>\n<p>Parmi les autres communaut\u00e9s qui ont pu accueillir des groupes plus restreints figurent les S\u0153urs Salvatoriennes dans la r\u00e9gion du Chouf, les S\u0153urs Franciscaines de Marie Immacul\u00e9e dans la r\u00e9gion de Jbeil et les S\u0153urs du Saint-Sacrement \u00e0 Ain Warka dans la r\u00e9gion de Keserwan.<\/p>\n<\/div>\n<\/div>\n<div>\n<div>\n<p>Le Comit\u00e9 mixte chr\u00e9tien et les Petites S\u0153urs de Nazareth du camp de r\u00e9fugi\u00e9s de Dbayeh, o\u00f9 vivent quelque 500 familles palestiniennes et syriennes, ont accueilli 30 familles d\u00e9plac\u00e9es de diff\u00e9rentes r\u00e9gions du Liban, a indiqu\u00e9 CNEWA.<\/p>\n<\/div>\n<\/div>\n<div><!--$--><\/p>\n<div class=\"ReadAlso_wrapper__oBK8P\">\n<figure class=\"ReadAlso_figure__5rlR3\"><\/figure>\n<\/div>\n<p><!--\/$--><\/p>\n<\/div>\n<div><!--$--><\/p>\n<div class=\"ReadAlso_wrapper__oBK8P\">\n<figure class=\"ReadAlso_figure__5rlR3\"><\/figure>\n<\/div>\n<p><!--\/$--><\/p>\n<\/div>\n<\/div>\n<h2> \u00c9lever nos propres pri\u00e8res pour nos amis au Seigneur matinale.<\/h2>\n<p>Cette ult\u00e9rieure partie de la pri\u00e8re du matin consiste \u00e0 prier pour nos propres \u00eatres chers, l\u2019ensemble de notre famille, nos amis et notre propre communaut\u00e9. Nous pouvons prier pour leur propre, leur bonheur, leur s\u00fbret\u00e9, et leur r\u00e9ussite. Nous pouvons \u00e9galement prier pour nos d\u00e9tracteurs et pour celles qui nous ont offens\u00e9s, et demander \u00e0 Dieu de nous aider \u00e0 leur propre pardonner et \u00e0 leur d\u00e9montrer la compassion.<\/p>\n<h3> Demander pour la vigueur et la s\u00fbret\u00e9 de nos proches.<\/h3>\n<p>Seigneur, nous autres te confions nos familles, notre familles avec nos compagnons. Surveille, \u00f4 Dieu, sur eux, et prot\u00e8ge -les de tout risque et de toute affliction. Accorde, Seigneur, la sant\u00e9 du corps ainsi que de l\u2019esprit \u00e0 eux, et la paix dans leur c\u0153ur. Que ta b\u00e9n\u00e9diction puissante les esprits garde et les individus guide chacun au long de cette journ\u00e9e, afin qu\u2019ils puissent vivre dans la s\u00e9curit\u00e9 ainsi que la qui\u00e9tude.<\/p>\n<p>Nous autres \u00e0 toi prions aussi pour nos enfants, Dieu, qu\u2019ils grandissent dans la foi ainsi que dans l\u2019amour de ton saint nom. Accorde, \u00d4 Dieu, une sagesse et le courage n\u00e9cessaires en vue de faire face \u00e0 les \u00e9preuves de la vie, ainsi que dirige leurs pas sur le chemin de la v\u00e9rit\u00e9 et de la justice.<\/p>\n<p>Enfin, nous te prions pour nos amis et aussi nos voisins, Seigneur, afin qu\u2019ils exp\u00e9rimentent la joie de ton amour avec la paix de ton pardon. Offre-leur, \u00f4 Dieu, des c\u0153urs bienveillants en vue de partager avec ceux qui dans le besoin, et aussi des largement ouvertes afin de accueillir ceux qui seuls et aussi abandonn\u00e9s.<\/p>\n<h3> Prier pour les n\u00f4tres ennemis et ceux qui nous autres ont offens\u00e9s. <\/h3>\n<p>Seigneur, le Christ, nous t\u2019 prions pour les n\u00f4tres ennemis et aussi pour ces qui sont nous-m\u00eames ont offens\u00e9s. Accorde-leur, \u00f4 Christ, votre mis\u00e9ricorde et ton pardon, ainsi que ouvre leur c\u0153ur \u00e0 la lumi\u00e8re de ta v\u00e9rit\u00e9. Aide-nous, Seigneur, \u00e0 leur montrer de la compassion et aussi \u00e0 leur pardonner comme tu nous-m\u00eames as pardonn\u00e9. Que votre paix r\u00e8gne dans notre c\u0153urs et aussi que ton amour guide les n\u00f4tres actions, pour que nous puissions vivre en harmonie avec tous ceux que nous entourent.<\/p>\n<h3> Saisir l\u2019 pri\u00e8re : <\/h3>\n<p>Pour terminer, l\u2019 invocation nous reconna\u00eet notre mission en tant que enfants de l\u2019\u00c9ternel : exister des t\u00e9moins de l\u2019 lumi\u00e8re et de son affection dans une \u00e9poque en proie aux t\u00e9n\u00e8bres. \u00c0 travers nos discours et nos \u0153uvres, nous diffusons l\u2019\u00c9vangile de la paix et de la conciliation, offrant l\u2019espoir et la gu\u00e9rison \u00e0 un milieu bris\u00e9.<\/p>\n<p>\u00c0 l\u2019int\u00e9rieur de la spiritualit\u00e9 chr\u00e9tienne, le aube rev\u00eat une valeur particuli\u00e8re, symbolisant le rafra\u00eechissement et la renaissance spirituelle. C\u2019est au d\u00e9but de chaque journ\u00e9e que l\u2019esprit se dirige vers l\u2019\u00c9ternel dans la pri\u00e8re, s\u2019effor\u00e7ant \u00e0 devenir \u00e9clair\u00e9e par la lumi\u00e8re surnaturelle. La coutume des pri\u00e8res matinales est essentiellement enracin\u00e9e dans la tradition chr\u00e9tienne, fournissant une p\u00e9riode particulier pour se connecter avec le Seigneur et se pr\u00e9parer spirituellement aux d\u00e9fis de la journ\u00e9e qui vient.<\/p>\n<p>Au au sein de ces pri\u00e8re matinales s\u2019 trouve habituellement une d\u00e9votion sp\u00e9ciale pour Marie, maman maternelle de J\u00e9sus et aussi ic\u00f4ne sainte ador\u00e9e aupr\u00e8s de un grand nombre fid\u00e8les. En tant de m\u00e9diatrice entre les hommes et Dieu, Marie reste sollicit\u00e9e afin de m\u00e9dier en notre faveur, nous orientant sur le chemin de la saintet\u00e9 ainsi que ainsi que la gr\u00e2ce divine. Sa apparition parentale fournit consolation ainsi que s\u00e9curit\u00e9, entourant nos oraisons matinales d\u2019une douceur c\u00e9leste.<\/p>\n<p>\u00c0 par les oraisons du matin, on se trouve invit\u00e9s pour nous joindre \u00e0 Marie dans une initiative de b\u00e9atification individuelle. Par m\u00e9ditant sur la vie et les vertus, on recherchons pour imiter sa humilit\u00e9, sa puret\u00e9 ainsi que son ob\u00e9issance vers la volont\u00e9 de Dieu. Par le biais de sa saintet\u00e9 parfaite, Marie se transforme en pour nous une mod\u00e8le de vie chr\u00e9tienne, on rappelant l\u2019importance du pri\u00e8re et du contemplation dans nos cheminement spirituel.<\/p>\n<p>Unissons-nous dans la pri\u00e8re matinale, dans l\u2019unit\u00e9 de notre confiance, en nous tournant vers Marie, la m\u00e8re de J\u00e9sus. Dans notre monde tourment\u00e9 par la guerre et la discorde, recourons \u00e0 la pri\u00e8re pour trouver pour trouver la paix et l\u2019harmonie. Les chr\u00e9tiens ont la possibilit\u00e9 \u00e9crire une pri\u00e8re pour Marie <a target=\"_blank\" rel=\"nofollow\" href=\"https:\/\/editionsbussiere.com\/blog\/goto\/https:\/\/www.avemariasound.org\/\" >en faisant appel aux b\u00e9n\u00e9voles.<\/a> Que nos pri\u00e8res montent vers le ciel, comme une offrande agr\u00e9able \u00e0 Dieu, pour qu\u2019il puisse \u00e9clairer nos chemins sur la voie de la v\u00e9rit\u00e9 et de la justice. Saint Paul nous dans ses lettres \u00e0 maintenir une pri\u00e8re incessante, en toutes circonstances, pour que notre connexion avec Dieu soit solide et ardente. La pri\u00e8re, lorsqu\u2019elle est offerte sinc\u00e8rement, a la capacit\u00e9 de transformer nos c\u0153urs et de modifier le destin de l\u2019histoire.<\/p>\n<p>La oraison du matin se trouve \u00eatre un instant avantag\u00e9 pour nous consacrer \u00e0 Dieu avec l\u2019intercession de Marie, en lui pr\u00e9sentant nos adorations, nos reconnaissances et nos intentions les plus profondes. \u00c0 travers la qui\u00e9tude de l\u2019aurore, on se trouve invit\u00e9s \u00e0 tourner envers cette maman sainte, laquelle on guide par tendresse sur le chemin du la croyance et l\u2019amour divin. En faisant l\u2019union nos voix \u00e0 cette derni\u00e8re de Marie, on augmentons nos pri\u00e8res matinales \u00e0 le tr\u00f4ne de du don divin, s\u00fbrs que nos supplications seront entendues et accueillies par le c\u0153ur mis\u00e9ricordieux de Dieu.<\/p>\n<h2> Pri\u00e8re pour le matin avec Dieu et la Vierge Marie<\/h2>\n<p>\u00d4 Tout-Puissant et Mis\u00e9ricordieux Seigneur, en ce jour qui se l\u00e8ve sous la clart\u00e9 de ta lumi\u00e8re c\u00e9leste, je viens \u00e0 Toi avec foi et modestie. Que cette journ\u00e9e qui s\u2019ouvre soit consacr\u00e9e \u00e0 ta saintet\u00e9, que chaque pulsation de mon \u00eatre |chaque regard de mes yeux|chacune de mes paroles|chacun de mes gestes} te soit offert en sacrifice. Que chaque souffle qui anime mon corps soit un soupir de d\u00e9votion |un souffle vers toi|un souffle de vie en toi}. Priez, priez, suppliez, suppliez, que nos esprits s\u2019\u00e9l\u00e8vent.<\/p>\n<p>Comme Marie, la sainte m\u00e8re qui a port\u00e9 en son sein l\u2019enfant J\u00e9sus, accompagne-moi dans ce cheminement de foi et de d\u00e9votion. Que je puisse, \u00e0 travers les pages de l\u2019\u00c9vangile, d\u00e9couvrir la clart\u00e9 pour \u00e9clairer mes pas et renforcer ma foi. Tel Pierre, octroie-moi la vigueur et l\u2019audace d\u2019affronter les tourments de l\u2019existence avec une confiance absolue en ta providence.<\/p>\n<p>Durant ce p\u00e9riode de Car\u00eame, o\u00f9 les fid\u00e8les et les chr\u00e9tiennes se pr\u00e9parent \u00e0 c\u00e9l\u00e9brer la r\u00e9surrection de J\u00e9sus-Christ, octroie-moi, Seigneur, la gr\u00e2ce du r\u00e9veil spirituel. Que mon esprit soit purifi\u00e9 de toute impuret\u00e9, afin qu\u2019il devienne un temple digne de ta pr\u00e9sence. Que mes pri\u00e8res, inspir\u00e9e par l\u2019exemple de Fran\u00e7ois d\u2019Assise, sonne comme une m\u00e9lodie de louanges \u00e0 travers les si\u00e8cles.<br \/>\nSeigneur, que ma journ\u00e9e soit impr\u00e9gn\u00e9 de ta gr\u00e2ce, que tous les moments soit une occasion de te rencontrer et de te servir dans mes semblables. Que mon existence soit un t\u00e9moignage vivant de ton amour infini pour tous. Puissent les pri\u00e8res de Hozana monter vers toi comme un doux parfum, enveloppant chaque instant de ma journ\u00e9e dans une ambiance de paix. Priez, \u00c9glise, Fran\u00e7ois, Hozana.<\/p>\n<p>Que mon c\u0153ur, Dieu Tout-Puissant, devienne une manifestation du tien, rempli d\u2019amour, de compassion et de mis\u00e9ricorde envers les autres. Que chaque pens\u00e9e, chaque action soit guid\u00e9e par l\u2019Esprit divin, afin que je puisse contribuer \u00e0 l\u2019av\u00e8nement de ta justice sur la terre.<\/p>\n<p>Puissent cette journ\u00e9e soit une nouvelle \u00e9tape dans mon cheminement spirituel, une opportunit\u00e9 de grandir dans la foi. Seigneur, envahis mon c\u0153ur, fais-en ton sanctuaire, o\u00f9 ta pr\u00e9sence se manifeste constamment. Que chaque battement de mon c\u0153ur soit un chant en ton honneur, Seigneur, pour toujours. Amen.<\/p>\n<p>Dans le r\u00e9veil spirituel religieux de toute \u00e2me chr\u00e9tienne, la pri\u00e8re joue. C\u2019est le lien profonde entre le croyant de Dieu et sa m\u00e8re c\u00e9leste, la Sainte M\u00e8re, laquelle interc\u00e8de pour nous en face de son c\u00e9leste Fils. En utilisant la supplication, les fid\u00e8les p\u00e9n\u00e9trons dans la clart\u00e9 de la parole de Dieu, men\u00e9s par l\u2019Esprit Saint, afin de d\u00e9celer la vraie nature et la gr\u00e2ce que J\u00e9sus nous dispense.<\/p>\n<h2>R\u00e9flexion de la divine Parole de Dieu : <\/h2>\n<p>Il nous est possible de avons la capacit\u00e9 de m\u00e9diter en ce qui concerne un extrait de la Bible qui nous parle de l\u2019amour de Dieu. \u00c0 titre illustratif :<\/p>\n<h3>1 Corinthiens 13, 1-8 : <\/h3>\n<p>\u00ab\u00a0Et quand je distribuerais tous mes biens pour la nourriture des pauvres, quand je livrerais m\u00eame mon corps pour \u00eatre br\u00fbl\u00e9, si je n\u2019ai pas l\u2019amour, cela ne me sert \u00e0 rien..\u00a0\u00bb<\/p>\n<p>Bibliographie :<\/p>\n<p>Notre ma\u00eetre, le pass\u00e9 (1924)\/04.,<a target=\"_blank\" rel=\"nofollow\" href=\"https:\/\/editionsbussiere.com\/blog\/goto\/https:\/\/fr.wikisource.org\/wiki\/Notre_ma%C3%AEtre,_le_pass%C3%A9_(1924)\/04\"  target=\"_blank\" rel=\"noopener noreferrer nofollow\">Cliquer ICI.<\/a><span><\/span><\/p>\n<p>Livre de pri\u00e8res, 1852\/Pri\u00e8res du soir.,<a target=\"_blank\" rel=\"nofollow\" href=\"https:\/\/editionsbussiere.com\/blog\/goto\/https:\/\/fr.wikisource.org\/wiki\/Livre_de_pri%C3%A8res,_1852\/Pri%C3%A8res_du_soir\"  target=\"_blank\" rel=\"noopener noreferrer nofollow\">A lire ici.<\/a><span><\/span>. Suite sur le prochain article.<\/p>\n<p>Les L\u00e8vres closes.,<a target=\"_blank\" rel=\"nofollow\" href=\"https:\/\/editionsbussiere.com\/blog\/goto\/https:\/\/fr.wikisource.org\/wiki\/Les_L%C3%A8vres_closes\"  target=\"_blank\" rel=\"noopener noreferrer nofollow\">L\u2019article de presse.<\/a><span><\/span><\/p>\n<p>Le Livre des oraisons\/XXI.,<a target=\"_blank\" rel=\"nofollow\" href=\"https:\/\/editionsbussiere.com\/blog\/goto\/https:\/\/fr.wikisource.org\/wiki\/Le_Livre_des_oraisons\/XXI\"  target=\"_blank\" rel=\"noopener noreferrer nofollow\">Le post d\u2019actualit\u00e9.<\/a><span><\/span>. Suite sur le prochain article.<\/p>\n<p>Dictionnaire de Tr\u00e9voux\/6e \u00e9dition, 1771\/CONS\u00c9CRATION.,<a target=\"_blank\" rel=\"nofollow\" href=\"https:\/\/editionsbussiere.com\/blog\/goto\/https:\/\/fr.wikisource.org\/wiki\/Dictionnaire_de_Tr%C3%A9voux\/6e_%C3%A9dition,_1771\/CONS%C3%89CRATION\"  target=\"_blank\" rel=\"noopener noreferrer nofollow\">Le texte de l\u2019article.<\/a><span><\/span><\/p>\n<p>Dictionnaire apolog\u00e9tique de la foi catholique\/Marie, M\u00e8re de Dieu (II. Patristique).,<a target=\"_blank\" rel=\"nofollow\" href=\"https:\/\/editionsbussiere.com\/blog\/goto\/https:\/\/fr.wikisource.org\/wiki\/Dictionnaire_apolog%C3%A9tique_de_la_foi_catholique\/Marie,_M%C3%A8re_de_Dieu_(II._Patristique)\"  target=\"_blank\" rel=\"noopener noreferrer nofollow\">Article complet.<\/a><span><\/span><\/p>\n<\/div>\n<p><img decoding=\"async\" class=\"wpe_imgrss\" src=\"https:\/\/editionsbussiere.com\/blog\/wp-content\/uploads\/2024\/10\/Les-communautes-religieuses-abritent-les-Libanais-fuyant-linvasion-invocation.jpg\">Cet article a \u00e9t\u00e9 reconstitu\u00e9 du mieux possible. Dans l\u2019hypoth\u00e8se o\u00f9 vous souhaitez apporter quelques modifications concernant le th\u00e8me \u00ab\u00a0Editions \u00e9sot\u00e9rique fond\u00e9e en 1927\u00a0\u00bb, il est possible de discuter avec notre r\u00e9daction. Vous pouvez tirer profit de cet article traitant le sujet \u00ab\u00a0Editions \u00e9sot\u00e9rique fond\u00e9e en 1927\u00a0\u00bb. Il est concoct\u00e9 par l\u2019\u00e9quipe editionsbussiere.com. Le site editionsbussiere.com est fait pour cr\u00e9er divers posts autour du th\u00e8me Editions \u00e9sot\u00e9rique fond\u00e9e en 1927 d\u00e9velopp\u00e9es sur internet. Consultez notre site internet editionsbussiere.com et nos r\u00e9seaux sociaux pour \u00eatre au courant des futures annonces.<\/p>\n","protected":false},"excerpt":{"rendered":"<p>Certaines des zones touch\u00e9es par les frappes a\u00e9riennes et l\u2019invasion terrestre d\u2019Isra\u00ebl sont chr\u00e9tiennes. Couvents et monast\u00e8res ont ouvert leurs portes pour aider les d\u00e9plac\u00e9s. Alors qu\u2019Isra\u00ebl poursuit une op\u00e9ration militaire majeure contre le Hezbollah au Liban, cherchant \u00e0 fournir une zone tampon aux habitants du nord du pays contre les attaques des milices soutenues [&hellip;]<\/p>\n","protected":false},"author":3,"featured_media":1446,"comment_status":"closed","ping_status":"closed","sticky":false,"template":"","format":"standard","meta":{"footnotes":""},"categories":[3],"tags":[],"class_list":["post-1445","post","type-post","status-publish","format-standard","has-post-thumbnail","hentry","category-editions-esoterique-fondee-en-1927-depeches","entry","fw-tab-6 fw-tabr-4","has-featured-image"],"yoast_head":"<!-- This site is optimized with the Yoast SEO plugin v27.5 - https:\/\/yoast.com\/product\/yoast-seo-wordpress\/ -->\n<title>Les communaut\u00e9s religieuses abritent les Libanais fuyant l\u2019invasion &amp; invocation matinale. - EDITIONSBUSSIERE<\/title>\n<meta name=\"robots\" content=\"index, follow, max-snippet:-1, max-image-preview:large, max-video-preview:-1\" \/>\n<link rel=\"canonical\" href=\"https:\/\/editionsbussiere.com\/blog\/les-communautes-religieuses-abritent-les-libanais-fuyant-linvasion-invocation-matinale\/\" \/>\n<meta property=\"og:locale\" content=\"fr_FR\" \/>\n<meta property=\"og:type\" content=\"article\" \/>\n<meta property=\"og:title\" content=\"Les communaut\u00e9s religieuses abritent les Libanais fuyant l\u2019invasion &amp; invocation matinale. - EDITIONSBUSSIERE\" \/>\n<meta property=\"og:description\" content=\"Certaines des zones touch\u00e9es par les frappes a\u00e9riennes et l\u2019invasion terrestre d\u2019Isra\u00ebl sont chr\u00e9tiennes. Couvents et monast\u00e8res ont ouvert leurs portes pour aider les d\u00e9plac\u00e9s. Alors qu\u2019Isra\u00ebl poursuit une op\u00e9ration militaire majeure contre le Hezbollah au Liban, cherchant \u00e0 fournir une zone tampon aux habitants du nord du pays contre les attaques des milices soutenues [&hellip;]\" \/>\n<meta property=\"og:url\" content=\"https:\/\/editionsbussiere.com\/blog\/les-communautes-religieuses-abritent-les-libanais-fuyant-linvasion-invocation-matinale\/\" \/>\n<meta property=\"og:site_name\" content=\"EDITIONSBUSSIERE\" \/>\n<meta property=\"article:published_time\" content=\"2024-10-02T13:25:42+00:00\" \/>\n<meta property=\"og:image\" content=\"https:\/\/editionsbussiere.com\/blog\/wp-content\/uploads\/2024\/10\/Les-communautes-religieuses-abritent-les-Libanais-fuyant-linvasion-invocation.jpg\" \/>\n<meta name=\"author\" content=\"Marie BATICLE\" \/>\n<meta name=\"twitter:card\" content=\"summary_large_image\" \/>\n<meta name=\"twitter:label1\" content=\"\u00c9crit par\" \/>\n\t<meta name=\"twitter:data1\" content=\"Marie BATICLE\" \/>\n\t<meta name=\"twitter:label2\" content=\"Dur\u00e9e de lecture estim\u00e9e\" \/>\n\t<meta name=\"twitter:data2\" content=\"14 minutes\" \/>\n<script type=\"application\/ld+json\" class=\"yoast-schema-graph\">{\"@context\":\"https:\\\/\\\/schema.org\",\"@graph\":[{\"@type\":\"Article\",\"@id\":\"https:\\\/\\\/editionsbussiere.com\\\/blog\\\/les-communautes-religieuses-abritent-les-libanais-fuyant-linvasion-invocation-matinale\\\/#article\",\"isPartOf\":{\"@id\":\"https:\\\/\\\/editionsbussiere.com\\\/blog\\\/les-communautes-religieuses-abritent-les-libanais-fuyant-linvasion-invocation-matinale\\\/\"},\"author\":{\"name\":\"Marie BATICLE\",\"@id\":\"https:\\\/\\\/editionsbussiere.com\\\/blog\\\/#\\\/schema\\\/person\\\/ec90e102792148c97e46ab871010dd8f\"},\"headline\":\"Les communaut\u00e9s religieuses abritent les Libanais fuyant l\u2019invasion &amp; invocation matinale.\",\"datePublished\":\"2024-10-02T13:25:42+00:00\",\"mainEntityOfPage\":{\"@id\":\"https:\\\/\\\/editionsbussiere.com\\\/blog\\\/les-communautes-religieuses-abritent-les-libanais-fuyant-linvasion-invocation-matinale\\\/\"},\"wordCount\":2893,\"publisher\":{\"@id\":\"https:\\\/\\\/editionsbussiere.com\\\/blog\\\/#organization\"},\"image\":{\"@id\":\"https:\\\/\\\/editionsbussiere.com\\\/blog\\\/les-communautes-religieuses-abritent-les-libanais-fuyant-linvasion-invocation-matinale\\\/#primaryimage\"},\"thumbnailUrl\":\"https:\\\/\\\/editionsbussiere.com\\\/blog\\\/wp-content\\\/uploads\\\/2024\\\/10\\\/Les-communautes-religieuses-abritent-les-Libanais-fuyant-linvasion-invocation.jpg\",\"articleSection\":[\"Editions \u00c9sot\u00e9rique Fond\u00e9e En 1927; D\u00e9p\u00e8ches:\"],\"inLanguage\":\"fr-FR\"},{\"@type\":\"WebPage\",\"@id\":\"https:\\\/\\\/editionsbussiere.com\\\/blog\\\/les-communautes-religieuses-abritent-les-libanais-fuyant-linvasion-invocation-matinale\\\/\",\"url\":\"https:\\\/\\\/editionsbussiere.com\\\/blog\\\/les-communautes-religieuses-abritent-les-libanais-fuyant-linvasion-invocation-matinale\\\/\",\"name\":\"Les communaut\u00e9s religieuses abritent les Libanais fuyant l\u2019invasion &amp; invocation matinale. - EDITIONSBUSSIERE\",\"isPartOf\":{\"@id\":\"https:\\\/\\\/editionsbussiere.com\\\/blog\\\/#website\"},\"primaryImageOfPage\":{\"@id\":\"https:\\\/\\\/editionsbussiere.com\\\/blog\\\/les-communautes-religieuses-abritent-les-libanais-fuyant-linvasion-invocation-matinale\\\/#primaryimage\"},\"image\":{\"@id\":\"https:\\\/\\\/editionsbussiere.com\\\/blog\\\/les-communautes-religieuses-abritent-les-libanais-fuyant-linvasion-invocation-matinale\\\/#primaryimage\"},\"thumbnailUrl\":\"https:\\\/\\\/editionsbussiere.com\\\/blog\\\/wp-content\\\/uploads\\\/2024\\\/10\\\/Les-communautes-religieuses-abritent-les-Libanais-fuyant-linvasion-invocation.jpg\",\"datePublished\":\"2024-10-02T13:25:42+00:00\",\"breadcrumb\":{\"@id\":\"https:\\\/\\\/editionsbussiere.com\\\/blog\\\/les-communautes-religieuses-abritent-les-libanais-fuyant-linvasion-invocation-matinale\\\/#breadcrumb\"},\"inLanguage\":\"fr-FR\",\"potentialAction\":[{\"@type\":\"ReadAction\",\"target\":[\"https:\\\/\\\/editionsbussiere.com\\\/blog\\\/les-communautes-religieuses-abritent-les-libanais-fuyant-linvasion-invocation-matinale\\\/\"]}]},{\"@type\":\"ImageObject\",\"inLanguage\":\"fr-FR\",\"@id\":\"https:\\\/\\\/editionsbussiere.com\\\/blog\\\/les-communautes-religieuses-abritent-les-libanais-fuyant-linvasion-invocation-matinale\\\/#primaryimage\",\"url\":\"https:\\\/\\\/editionsbussiere.com\\\/blog\\\/wp-content\\\/uploads\\\/2024\\\/10\\\/Les-communautes-religieuses-abritent-les-Libanais-fuyant-linvasion-invocation.jpg\",\"contentUrl\":\"https:\\\/\\\/editionsbussiere.com\\\/blog\\\/wp-content\\\/uploads\\\/2024\\\/10\\\/Les-communautes-religieuses-abritent-les-Libanais-fuyant-linvasion-invocation.jpg\",\"width\":620,\"height\":412,\"caption\":\"Les communautes religieuses abritent les Libanais fuyant linvasion invocation\"},{\"@type\":\"BreadcrumbList\",\"@id\":\"https:\\\/\\\/editionsbussiere.com\\\/blog\\\/les-communautes-religieuses-abritent-les-libanais-fuyant-linvasion-invocation-matinale\\\/#breadcrumb\",\"itemListElement\":[{\"@type\":\"ListItem\",\"position\":1,\"name\":\"Accueil\",\"item\":\"https:\\\/\\\/editionsbussiere.com\\\/blog\\\/\"},{\"@type\":\"ListItem\",\"position\":2,\"name\":\"Les communaut\u00e9s religieuses abritent les Libanais fuyant l\u2019invasion &amp; invocation matinale.\"}]},{\"@type\":\"WebSite\",\"@id\":\"https:\\\/\\\/editionsbussiere.com\\\/blog\\\/#website\",\"url\":\"https:\\\/\\\/editionsbussiere.com\\\/blog\\\/\",\"name\":\"EDITIONSBUSSIERE\",\"description\":\"Editions \u00e9sot\u00e9rique fond\u00e9e en 1927; site historique, A SAVOIR ET RETENIR.\",\"publisher\":{\"@id\":\"https:\\\/\\\/editionsbussiere.com\\\/blog\\\/#organization\"},\"potentialAction\":[{\"@type\":\"SearchAction\",\"target\":{\"@type\":\"EntryPoint\",\"urlTemplate\":\"https:\\\/\\\/editionsbussiere.com\\\/blog\\\/?s={search_term_string}\"},\"query-input\":{\"@type\":\"PropertyValueSpecification\",\"valueRequired\":true,\"valueName\":\"search_term_string\"}}],\"inLanguage\":\"fr-FR\"},{\"@type\":\"Organization\",\"@id\":\"https:\\\/\\\/editionsbussiere.com\\\/blog\\\/#organization\",\"name\":\"editionsbussiere\",\"url\":\"https:\\\/\\\/editionsbussiere.com\\\/blog\\\/\",\"logo\":{\"@type\":\"ImageObject\",\"inLanguage\":\"fr-FR\",\"@id\":\"https:\\\/\\\/editionsbussiere.com\\\/blog\\\/#\\\/schema\\\/logo\\\/image\\\/\",\"url\":\"https:\\\/\\\/editionsbussiere.com\\\/blog\\\/wp-content\\\/uploads\\\/2023\\\/09\\\/cropped-buss.gif\",\"contentUrl\":\"https:\\\/\\\/editionsbussiere.com\\\/blog\\\/wp-content\\\/uploads\\\/2023\\\/09\\\/cropped-buss.gif\",\"width\":298,\"height\":120,\"caption\":\"editionsbussiere\"},\"image\":{\"@id\":\"https:\\\/\\\/editionsbussiere.com\\\/blog\\\/#\\\/schema\\\/logo\\\/image\\\/\"}},{\"@type\":\"Person\",\"@id\":\"https:\\\/\\\/editionsbussiere.com\\\/blog\\\/#\\\/schema\\\/person\\\/ec90e102792148c97e46ab871010dd8f\",\"name\":\"Marie BATICLE\",\"image\":{\"@type\":\"ImageObject\",\"inLanguage\":\"fr-FR\",\"@id\":\"https:\\\/\\\/secure.gravatar.com\\\/avatar\\\/c923e52403b1b8137e2d929127211d21967e6aecaa053bd43b09da29f212e76e?s=96&d=mm&r=g\",\"url\":\"https:\\\/\\\/secure.gravatar.com\\\/avatar\\\/c923e52403b1b8137e2d929127211d21967e6aecaa053bd43b09da29f212e76e?s=96&d=mm&r=g\",\"contentUrl\":\"https:\\\/\\\/secure.gravatar.com\\\/avatar\\\/c923e52403b1b8137e2d929127211d21967e6aecaa053bd43b09da29f212e76e?s=96&d=mm&r=g\",\"caption\":\"Marie BATICLE\"},\"url\":\"https:\\\/\\\/editionsbussiere.com\\\/blog\\\/author\\\/eremarie\\\/\"}]}<\/script>\n<!-- \/ Yoast SEO plugin. -->","yoast_head_json":{"title":"Les communaut\u00e9s religieuses abritent les Libanais fuyant l\u2019invasion &amp; invocation matinale. - EDITIONSBUSSIERE","robots":{"index":"index","follow":"follow","max-snippet":"max-snippet:-1","max-image-preview":"max-image-preview:large","max-video-preview":"max-video-preview:-1"},"canonical":"https:\/\/editionsbussiere.com\/blog\/les-communautes-religieuses-abritent-les-libanais-fuyant-linvasion-invocation-matinale\/","og_locale":"fr_FR","og_type":"article","og_title":"Les communaut\u00e9s religieuses abritent les Libanais fuyant l\u2019invasion &amp; invocation matinale. - EDITIONSBUSSIERE","og_description":"Certaines des zones touch\u00e9es par les frappes a\u00e9riennes et l\u2019invasion terrestre d\u2019Isra\u00ebl sont chr\u00e9tiennes. Couvents et monast\u00e8res ont ouvert leurs portes pour aider les d\u00e9plac\u00e9s. Alors qu\u2019Isra\u00ebl poursuit une op\u00e9ration militaire majeure contre le Hezbollah au Liban, cherchant \u00e0 fournir une zone tampon aux habitants du nord du pays contre les attaques des milices soutenues [&hellip;]","og_url":"https:\/\/editionsbussiere.com\/blog\/les-communautes-religieuses-abritent-les-libanais-fuyant-linvasion-invocation-matinale\/","og_site_name":"EDITIONSBUSSIERE","article_published_time":"2024-10-02T13:25:42+00:00","og_image":[{"url":"https:\/\/editionsbussiere.com\/blog\/wp-content\/uploads\/2024\/10\/Les-communautes-religieuses-abritent-les-Libanais-fuyant-linvasion-invocation.jpg","type":"","width":"","height":""}],"author":"Marie BATICLE","twitter_card":"summary_large_image","twitter_misc":{"\u00c9crit par":"Marie BATICLE","Dur\u00e9e de lecture estim\u00e9e":"14 minutes"},"schema":{"@context":"https:\/\/schema.org","@graph":[{"@type":"Article","@id":"https:\/\/editionsbussiere.com\/blog\/les-communautes-religieuses-abritent-les-libanais-fuyant-linvasion-invocation-matinale\/#article","isPartOf":{"@id":"https:\/\/editionsbussiere.com\/blog\/les-communautes-religieuses-abritent-les-libanais-fuyant-linvasion-invocation-matinale\/"},"author":{"name":"Marie BATICLE","@id":"https:\/\/editionsbussiere.com\/blog\/#\/schema\/person\/ec90e102792148c97e46ab871010dd8f"},"headline":"Les communaut\u00e9s religieuses abritent les Libanais fuyant l\u2019invasion &amp; invocation matinale.","datePublished":"2024-10-02T13:25:42+00:00","mainEntityOfPage":{"@id":"https:\/\/editionsbussiere.com\/blog\/les-communautes-religieuses-abritent-les-libanais-fuyant-linvasion-invocation-matinale\/"},"wordCount":2893,"publisher":{"@id":"https:\/\/editionsbussiere.com\/blog\/#organization"},"image":{"@id":"https:\/\/editionsbussiere.com\/blog\/les-communautes-religieuses-abritent-les-libanais-fuyant-linvasion-invocation-matinale\/#primaryimage"},"thumbnailUrl":"https:\/\/editionsbussiere.com\/blog\/wp-content\/uploads\/2024\/10\/Les-communautes-religieuses-abritent-les-Libanais-fuyant-linvasion-invocation.jpg","articleSection":["Editions \u00c9sot\u00e9rique Fond\u00e9e En 1927; D\u00e9p\u00e8ches:"],"inLanguage":"fr-FR"},{"@type":"WebPage","@id":"https:\/\/editionsbussiere.com\/blog\/les-communautes-religieuses-abritent-les-libanais-fuyant-linvasion-invocation-matinale\/","url":"https:\/\/editionsbussiere.com\/blog\/les-communautes-religieuses-abritent-les-libanais-fuyant-linvasion-invocation-matinale\/","name":"Les communaut\u00e9s religieuses abritent les Libanais fuyant l\u2019invasion &amp; invocation matinale. - EDITIONSBUSSIERE","isPartOf":{"@id":"https:\/\/editionsbussiere.com\/blog\/#website"},"primaryImageOfPage":{"@id":"https:\/\/editionsbussiere.com\/blog\/les-communautes-religieuses-abritent-les-libanais-fuyant-linvasion-invocation-matinale\/#primaryimage"},"image":{"@id":"https:\/\/editionsbussiere.com\/blog\/les-communautes-religieuses-abritent-les-libanais-fuyant-linvasion-invocation-matinale\/#primaryimage"},"thumbnailUrl":"https:\/\/editionsbussiere.com\/blog\/wp-content\/uploads\/2024\/10\/Les-communautes-religieuses-abritent-les-Libanais-fuyant-linvasion-invocation.jpg","datePublished":"2024-10-02T13:25:42+00:00","breadcrumb":{"@id":"https:\/\/editionsbussiere.com\/blog\/les-communautes-religieuses-abritent-les-libanais-fuyant-linvasion-invocation-matinale\/#breadcrumb"},"inLanguage":"fr-FR","potentialAction":[{"@type":"ReadAction","target":["https:\/\/editionsbussiere.com\/blog\/les-communautes-religieuses-abritent-les-libanais-fuyant-linvasion-invocation-matinale\/"]}]},{"@type":"ImageObject","inLanguage":"fr-FR","@id":"https:\/\/editionsbussiere.com\/blog\/les-communautes-religieuses-abritent-les-libanais-fuyant-linvasion-invocation-matinale\/#primaryimage","url":"https:\/\/editionsbussiere.com\/blog\/wp-content\/uploads\/2024\/10\/Les-communautes-religieuses-abritent-les-Libanais-fuyant-linvasion-invocation.jpg","contentUrl":"https:\/\/editionsbussiere.com\/blog\/wp-content\/uploads\/2024\/10\/Les-communautes-religieuses-abritent-les-Libanais-fuyant-linvasion-invocation.jpg","width":620,"height":412,"caption":"Les communautes religieuses abritent les Libanais fuyant linvasion invocation"},{"@type":"BreadcrumbList","@id":"https:\/\/editionsbussiere.com\/blog\/les-communautes-religieuses-abritent-les-libanais-fuyant-linvasion-invocation-matinale\/#breadcrumb","itemListElement":[{"@type":"ListItem","position":1,"name":"Accueil","item":"https:\/\/editionsbussiere.com\/blog\/"},{"@type":"ListItem","position":2,"name":"Les communaut\u00e9s religieuses abritent les Libanais fuyant l\u2019invasion &amp; invocation matinale."}]},{"@type":"WebSite","@id":"https:\/\/editionsbussiere.com\/blog\/#website","url":"https:\/\/editionsbussiere.com\/blog\/","name":"EDITIONSBUSSIERE","description":"Editions \u00e9sot\u00e9rique fond\u00e9e en 1927; site historique, A SAVOIR ET RETENIR.","publisher":{"@id":"https:\/\/editionsbussiere.com\/blog\/#organization"},"potentialAction":[{"@type":"SearchAction","target":{"@type":"EntryPoint","urlTemplate":"https:\/\/editionsbussiere.com\/blog\/?s={search_term_string}"},"query-input":{"@type":"PropertyValueSpecification","valueRequired":true,"valueName":"search_term_string"}}],"inLanguage":"fr-FR"},{"@type":"Organization","@id":"https:\/\/editionsbussiere.com\/blog\/#organization","name":"editionsbussiere","url":"https:\/\/editionsbussiere.com\/blog\/","logo":{"@type":"ImageObject","inLanguage":"fr-FR","@id":"https:\/\/editionsbussiere.com\/blog\/#\/schema\/logo\/image\/","url":"https:\/\/editionsbussiere.com\/blog\/wp-content\/uploads\/2023\/09\/cropped-buss.gif","contentUrl":"https:\/\/editionsbussiere.com\/blog\/wp-content\/uploads\/2023\/09\/cropped-buss.gif","width":298,"height":120,"caption":"editionsbussiere"},"image":{"@id":"https:\/\/editionsbussiere.com\/blog\/#\/schema\/logo\/image\/"}},{"@type":"Person","@id":"https:\/\/editionsbussiere.com\/blog\/#\/schema\/person\/ec90e102792148c97e46ab871010dd8f","name":"Marie BATICLE","image":{"@type":"ImageObject","inLanguage":"fr-FR","@id":"https:\/\/secure.gravatar.com\/avatar\/c923e52403b1b8137e2d929127211d21967e6aecaa053bd43b09da29f212e76e?s=96&d=mm&r=g","url":"https:\/\/secure.gravatar.com\/avatar\/c923e52403b1b8137e2d929127211d21967e6aecaa053bd43b09da29f212e76e?s=96&d=mm&r=g","contentUrl":"https:\/\/secure.gravatar.com\/avatar\/c923e52403b1b8137e2d929127211d21967e6aecaa053bd43b09da29f212e76e?s=96&d=mm&r=g","caption":"Marie BATICLE"},"url":"https:\/\/editionsbussiere.com\/blog\/author\/eremarie\/"}]}},"_links":{"self":[{"href":"https:\/\/editionsbussiere.com\/blog\/wp-json\/wp\/v2\/posts\/1445","targetHints":{"allow":["GET"]}}],"collection":[{"href":"https:\/\/editionsbussiere.com\/blog\/wp-json\/wp\/v2\/posts"}],"about":[{"href":"https:\/\/editionsbussiere.com\/blog\/wp-json\/wp\/v2\/types\/post"}],"author":[{"embeddable":true,"href":"https:\/\/editionsbussiere.com\/blog\/wp-json\/wp\/v2\/users\/3"}],"replies":[{"embeddable":true,"href":"https:\/\/editionsbussiere.com\/blog\/wp-json\/wp\/v2\/comments?post=1445"}],"version-history":[{"count":0,"href":"https:\/\/editionsbussiere.com\/blog\/wp-json\/wp\/v2\/posts\/1445\/revisions"}],"wp:featuredmedia":[{"embeddable":true,"href":"https:\/\/editionsbussiere.com\/blog\/wp-json\/wp\/v2\/media\/1446"}],"wp:attachment":[{"href":"https:\/\/editionsbussiere.com\/blog\/wp-json\/wp\/v2\/media?parent=1445"}],"wp:term":[{"taxonomy":"category","embeddable":true,"href":"https:\/\/editionsbussiere.com\/blog\/wp-json\/wp\/v2\/categories?post=1445"},{"taxonomy":"post_tag","embeddable":true,"href":"https:\/\/editionsbussiere.com\/blog\/wp-json\/wp\/v2\/tags?post=1445"}],"curies":[{"name":"wp","href":"https:\/\/api.w.org\/{rel}","templated":true}]}}