{"id":1425,"date":"2024-09-28T03:43:11","date_gmt":"2024-09-28T01:43:11","guid":{"rendered":"https:\/\/editionsbussiere.com\/blog\/une-statue-de-la-vierge-marie-retrouvee-un-an-apres-avoir-ete-volee-dans-une-paroisse-et-croire-en-la-mere-de-dieu-marie\/"},"modified":"2024-09-28T03:43:11","modified_gmt":"2024-09-28T01:43:11","slug":"une-statue-de-la-vierge-marie-retrouvee-un-an-apres-avoir-ete-volee-dans-une-paroisse-et-croire-en-la-mere-de-dieu-marie","status":"publish","type":"post","link":"https:\/\/editionsbussiere.com\/blog\/une-statue-de-la-vierge-marie-retrouvee-un-an-apres-avoir-ete-volee-dans-une-paroisse-et-croire-en-la-mere-de-dieu-marie\/","title":{"rendered":"Une statue de la Vierge Marie retrouv\u00e9e un an apr\u00e8s avoir \u00e9t\u00e9 vol\u00e9e dans une paroisse\n et croire en la m\u00e8re de dieu Marie."},"content":{"rendered":"<div><img width=\"580\" height=\"773\" src=\"https:\/\/editionsbussiere.com\/blog\/wp-content\/uploads\/2024\/09\/Une-statue-de-la-Vierge-Marie-retrouvee-un-an-apres-1.jpeg\" class=\"attachment-large size-large wp-post-image\" alt=\"Une statue de la Vierge Marie retrouv\u00e9e un an apr\u00e8s\" style=\"float:left; margin:0 15px 15px 0;\" decoding=\"async\" srcset=\"https:\/\/editionsbussiere.com\/blog\/wp-content\/uploads\/2024\/09\/Une-statue-de-la-Vierge-Marie-retrouvee-un-an-apres-1.jpeg 768w, https:\/\/www.n42.fr\/wp-content\/uploads\/2024\/09\/Une-statue-de-la-Vierge-Marie-retrouvee-un-an-apres-225x300.jpeg 225w\" sizes=\"(max-width: 580px) 100vw, 580px\"><\/p>\n<p>\n<\/p>\n<div>\n<p>\u00ab Dieu soit lou\u00e9 \u2013 les miracles se produisent ! \u00bb<\/p>\n<p>C\u2019\u00e9tait la premi\u00e8re ligne d\u2019une publication Facebook du 5 septembre sur la page Facebook de la paroisse Divine Mercy annon\u00e7ant que l\u2019\u00e9glise pourrait r\u00e9cup\u00e9rer une statue de la Vierge Marie vol\u00e9e il y a environ un an.<\/p>\n<p>Le 24 septembre, les pri\u00e8res des paroissiens ont \u00e9t\u00e9 exauc\u00e9es lorsque le service de police de South Milwaukee a annonc\u00e9 que la statue avait \u00e9t\u00e9 r\u00e9cup\u00e9r\u00e9e et restitu\u00e9e.<\/p>\n<p>\u00ab\u00a0Apr\u00e8s treize mois, la statue de la Vierge Marie vol\u00e9e \u00e0 la Divine Mis\u00e9ricorde en ao\u00fbt 2023 a \u00e9t\u00e9 r\u00e9cup\u00e9r\u00e9e par les agents (Robert) Wentz, (Adam) Harnen et (Jakob) Horsley\u00a0\u00bb, indique la publication Facebook du d\u00e9partement. \u00ab Il a \u00e9t\u00e9 restitu\u00e9 au personnel de la Divine Mis\u00e9ricorde. Nous sommes heureux de l\u2019avoir remis \u00e0 sa place. Deux suspects ont \u00e9t\u00e9 identifi\u00e9s et coop\u00e8rent \u00e0 notre enqu\u00eate.<\/p>\n<p>La statue a \u00e9t\u00e9 endommag\u00e9e \u2013 probablement lors du vol, selon le chef de la police de South Milwaukee, Bill Jessup \u2013 et il lui manque la main droite. Cependant, Jessup a d\u00e9clar\u00e9 que la pi\u00e8ce manquante avait \u00e9t\u00e9 r\u00e9cup\u00e9r\u00e9e et r\u00e9parable.<\/p>\n<p>Le moment est int\u00e9ressant puisqu\u2019une nouvelle statue de la Vierge Marie a \u00e9t\u00e9 r\u00e9cemment install\u00e9e \u00e0 l\u2019endroit o\u00f9 se trouvait autrefois la statue vol\u00e9e, du c\u00f4t\u00e9 est de l\u2019\u00e9glise au 800, avenue Marquette, selon une lettre du 21 septembre aux paroissiens du p\u00e8re Joe Sebastian. .<\/p>\n<h2>Comment la statue vol\u00e9e de la Vierge Marie a-t-elle \u00e9t\u00e9 retrouv\u00e9e ?<\/h2>\n<p>Dans une lettre du 14 septembre, Sebastian a annonc\u00e9 que la paroisse avait re\u00e7u la semaine pr\u00e9c\u00e9dente des nouvelles selon lesquelles \u00ab la personne responsable du vol de l\u2019ann\u00e9e derni\u00e8re s\u2019\u00e9tait rendue \u00e0 la police \u00bb.<\/p>\n<p>Jessup a pr\u00e9cis\u00e9, d\u00e9clarant au Journal Sentinel que le d\u00e9partement avait re\u00e7u un appel t\u00e9l\u00e9phonique anonyme dans lequel la personne mentionnait le nom du voleur pr\u00e9sum\u00e9.<\/p>\n<p>Il a d\u00e9clar\u00e9 que la statue avait \u00e9t\u00e9 r\u00e9cup\u00e9r\u00e9e dans une unit\u00e9 de stockage locale.<\/p>\n<p>\u00ab\u00a0Un homme de 18 ans a vol\u00e9 la statue\u00a0\u00bb, a d\u00e9clar\u00e9 Jessup. \u00ab\u00a0Son p\u00e8re avait \u00e9galement connaissance et \u00e9tait en possession de la statue, le dossier est donc en cours d\u2019examen pour vol, entrave et recel de biens vol\u00e9s.\u00a0\u00bb<\/p>\n<h2>Sebastian a exhort\u00e9 les paroissiens \u00e0 prier pour le voleur pr\u00e9sum\u00e9<\/h2>\n<p>Dans sa lettre du 14 septembre, Sebastian encourageait les paroissiens \u00e0 prier pour la personne responsable.<\/p>\n<p>\u00ab Nous sommes reconnaissants pour les nombreuses pri\u00e8res qui, sans aucun doute, ont contribu\u00e9 \u00e0 cette tournure des \u00e9v\u00e9nements et, plus important encore, au changement de c\u0153ur de la personne impliqu\u00e9e \u00bb, a-t-il \u00e9crit. \u00ab Nous prions pour leur gu\u00e9rison continue du c\u0153ur, de l\u2019esprit et de l\u2019\u00e2me. \u00bb<\/p>\n<p>Dans le message du 5 septembre, la paroisse a cit\u00e9 Luc 15\u00a0:7 qui d\u00e9clare : \u00ab Je vous le dis, de la m\u00eame mani\u00e8re, il y aura plus de joie au ciel pour un seul p\u00e9cheur qui se repent que pour quatre-vingt-dix-neuf justes qui n\u2019ont pas besoin d\u2019aide. de repentance. \u00bb<\/p>\n<p><em>Contactez Erik S. Hanley \u00e0 <\/em>erik.hanley@jrn.com<em>. Aimez sa page Facebook, <\/em>La rousse<em>et suivez-le sur X <\/em><a target=\"_blank\" rel=\"nofollow\" href=\"https:\/\/editionsbussiere.com\/blog\/goto\/https:\/\/twitter.com\/redheadliner\" rel=\"nofollow noopener\" target=\"_blank\"  data-ylk=\"slk:@Redheadliner;elm:context_link;itc:0;sec:content-canvas\" class=\"link \">@Redheadliner<\/a><em>.<\/em><\/p>\n<p><em>Cet article a \u00e9t\u00e9 initialement publi\u00e9 sur Milwaukee Journal Sentinel : une statue de la Vierge Marie vol\u00e9e dans l\u2019\u00e9glise du sud de Milwaukee a \u00e9t\u00e9 retrouv\u00e9e<\/em><\/p>\n<\/div>\n<p><script async src=\"\/\/platform.twitter.com\/widgets.js\" charset=\"utf-8\"><\/script><\/p>\n<h2>\n<\/h2>\n<p>La Signification de la Pri\u00e8re \u00e0 Marie<\/p>\n<p>L\u2019invocation \u00e0 Marie repr\u00e9sente un aspect essentiel de la spiritualit\u00e9 chr\u00e9tienne, profond\u00e9ment ancr\u00e9e dans la doctrine catholiques depuis des si\u00e8cles. C\u2019est un roc sur lequel les fid\u00e8les s\u2019appuient pour trouver confort, guidance et intercession dans leur marche avec Dieu. Au fil du temps, cette pi\u00e9t\u00e9 a gagn\u00e9 en force par les \u00e9crits bibliques, les coutumes eccl\u00e9siastiques, et le mod\u00e8le des saints et saintes qui ont honor\u00e9 Marie m\u00e8re spirituelle aimante.<\/p>\n<h3>\n<\/h3>\n<p>La pratique du Ave Maria<\/p>\n<p>Le Chapelet occupe une place centrale au sein de la spiritualit\u00e9 de un grand nombre de fid\u00e8les. En r\u00e9citant les diff\u00e9rents myst\u00e8res, les d\u00e9vots se plongent dans les \u00e9v\u00e9nements li\u00e9s \u00e0 J\u00e9sus et Marie, renfor\u00e7ant leur connexion spirituelle avec le divin. \u00c0 travers chaque Ave Maria, ils expriment leur foi en l\u2019intercession de Marie et leur d\u00e9sir de suivre les enseignements du Christ. Saint Louis-Marie Grignion de Montfort, dans son ouvrage sur la d\u00e9votion authentique \u00e0 la Vierge Marie, invite les fid\u00e8les \u00e0 pratiquer r\u00e9guli\u00e8rement la m\u00e9ditation des diff\u00e9rents myst\u00e8res du rosaire pour approfondir leur lien avec la M\u00e8re de Dieu. Cette pratique ancienne, transmise de g\u00e9n\u00e9ration en g\u00e9n\u00e9ration, reste un phare spirituel pour les croyants, les guidant dans leur connexion \u00e0 la c\u00e9leste Dame.<\/p>\n<h3>\n<\/h3>\n<p>L\u2019incitation \u00e0 la pri\u00e8re<\/p>\n<p>Unissons-nous dans la pri\u00e8re, fr\u00e8res et s\u0153urs, dans notre foi, en Marie, la m\u00e8re de J\u00e9sus. Au sein de notre monde troubl\u00e9 par les conflits et la division, recourons \u00e0 la pri\u00e8re pour trouver de trouver la paix et la r\u00e9conciliation. Vous aussi vous pouvez envoyer une demande pour la Sainte Vierge <a target=\"_blank\" rel=\"nofollow\" href=\"https:\/\/editionsbussiere.com\/blog\/goto\/https:\/\/www.avemariasound.org\/\" >sur la page de pri\u00e8re pour marie.<\/a> Que nos pri\u00e8res montent vers le ciel, comme un hommage re\u00e7u avec faveur par Dieu, pour qu\u2019il puisse \u00e9clairer nos chemins vers la voie de la v\u00e9rit\u00e9 et de la justice. L\u2019ap\u00f4tre Paul nous dans ses \u00e9p\u00eetres \u00e0 maintenir une pri\u00e8re incessante, en toutes circonstances, pour que notre communion avec Dieu reste solide et ardente. La pri\u00e8re, quand elle est sinc\u00e8rement offerte, a le pouvoir pour transformer nos c\u0153urs et d\u2019influer le cours de l\u2019histoire.<\/p>\n<h2>\n<\/h2>\n<p>L\u2019enseignement du Souverain Pontife<\/p>\n<p>Le Saint-P\u00e8re, dans ses enseignements \u00e9clair\u00e9s, publi\u00e9s par Bayard, nous souligne la valeur de la pri\u00e8re quotidienne. Par le biais de ses hom\u00e9lies et de ses audiences publiques, il nous encourage \u00e0 d\u00e9velopper une connexion personnelle avec Dieu, en se fondant sur la m\u00e9ditation de la Parole biblique et la r\u00e9citation du rosaire. Sa mani\u00e8re d\u2019\u00eatre d\u2019humilit\u00e9 et de compassion nous motive \u00e0 approfondir nos pri\u00e8res et \u00e0 rechercher la pr\u00e9sence de Dieu dans tous les aspects de notre existence. Le Souverain Pontife Jean-Paul II, dans son encyclique portant sur la foi chr\u00e9tienne, nous rappelle que la pri\u00e8re constitue le fondement de la vie spirituelle et par elle que nous sommes unis \u00e0 Dieu. La pri\u00e8re, transmise par les pontifes successifs, est un phare d\u2019espoir dans les temp\u00eates, une base solide auquel nous pouvons nous appuyer.<\/p>\n<h3>\n<\/h3>\n<p>Les ouvrages de Leli\u00e8vre et Hubert<\/p>\n<p>Dans le cadre de la spiritualit\u00e9, l\u2019\u00e9glise pr\u00e9conise le recours \u00e0 la pri\u00e8re, et lors de les moments de pri\u00e8re, les fid\u00e8les accomplissent le signe de croix tout en r\u00e9citant le Je vous salue Marie. Des intellectuels contemporains, comme Leli\u00e8vre et Hubert, nous incitent aussi \u00e0 m\u00e9diter sur la puissance de la pri\u00e8re, dans leurs ouvrages inspirants. Leurs ouvrages, porteurs de riches enseignements spirituels, nous orientent sur le chemin de la foi et nous invitent \u00e0 trouver dans les richesses de la tradition chr\u00e9tienne pour nourrir notre vie spirituelle. En r\u00e9fl\u00e9chissant sur leurs publications, nous d\u00e9couvrons de nouvelles mani\u00e8res de d\u00e9velopper notre connexion avec le divin et de grandir dans notre cheminement vers la saintet\u00e9. L\u2019ap\u00f4tre Jean, dans l\u2019\u00c9vangile, nous enseigne que la pri\u00e8re est une puissante voie pour rester en communion avec Dieu et de b\u00e9n\u00e9ficier ses b\u00e9n\u00e9dictions. Chaque page de leurs publications est semblable \u00e0 une invitation \u00e0 une pri\u00e8re fervente et \u00e0 une existence impr\u00e9gn\u00e9e de la pr\u00e9sence divine. Dans notre qu\u00eate de spiritualit\u00e9, chaque lecture devient un appel \u00e0 aspirer \u00e0 le sacr\u00e9, \u00e0 travers la r\u00e9flexion et la m\u00e9ditation.<\/p>\n<h3>\n<\/h3>\n<p>La pratique de la pri\u00e8re<\/p>\n<p>Dans nos chapelles simples ou grandioses, orientons-nous vers le divin en toute confiance et humilit\u00e9, sachant qu\u2019il \u00e9coute nos pri\u00e8res avec une sollicitude infinie. Que chaque bougie allum\u00e9e, chaque chapelet r\u00e9cit\u00e9, soit une offrande \u00e0 notre Seigneur ainsi qu\u2019\u00e0 la Vierge Marie. Que nos moments de pri\u00e8re dans la chapelle soient des moments de gr\u00e2ce et de renouvellement de notre esprit, nous fortifiant pour faire face \u00e0 les \u00e9preuves avec courage et foi. Sainte Bernadette Soubirous, qui a re\u00e7u les apparitions de la Vierge Marie \u00e0 Lourdes, nous enseigne l\u2019importance de la pri\u00e8re dans l\u2019existence des catholiques et l\u2019efficacit\u00e9 de l\u2019intercession de la Vierge Marie. Chaque personne qui entre dans une chapelle, chaque verset des \u00c9critures lu dans ce lieu saint, constitue une rencontre avec la divinit\u00e9, une \u00e9tape cruciale sur le chemin de la transformation int\u00e9rieure. \u00c0 travers les pages des Saintes \u00c9critures, tout disciple est invit\u00e9 \u00e0 contempler sur la croix du Christ, \u00e0 r\u00e9fl\u00e9chir \u00e0 son sacrifice, et \u00e0 trouver r\u00e9confort et espoir dans sa gr\u00e2ce r\u00e9demptrice.<\/p>\n<h2>\nLa pratique de la pri\u00e8re comme m\u00e9decine pour l\u2019esprit<br \/>\n<\/h2>\n<p>Tel un th\u00e9rapeute pour notre \u00eatre int\u00e9rieur, la pri\u00e8re nous gu\u00e9rit ainsi que nous fortifie lorsque nous traversons des moments de douleur et de d\u00e9sespoir. Elle nous rappelle que la pr\u00e9sence divine ne nous quitte jamais, m\u00eame lorsque nous traversons les t\u00e9n\u00e8bres les plus profondes de notre existence. En nous tournant vers lui dans la pri\u00e8re, nous d\u00e9couvrons la force int\u00e9rieure dont nous avons besoin pour surmonter les \u00e9preuves et pour affronter l\u2019avenir avec espoir et confiance. La pri\u00e8re est semblable \u00e0 une rivi\u00e8re vivifiante qui \u00e9tanche notre soif spirituelle et, dans notre marche avec Dieu, nous r\u00e9g\u00e9n\u00e8re.<br \/>\n\u00c0 chaque pri\u00e8re prononc\u00e9e, \u00e0 chaque intention confi\u00e9e, notre \u00e2me trouve une paix divine, une gu\u00e9rison spirituelle, qui va au-del\u00e0 de les limites de notre condition terrestre. Chaque passage des \u00c9critures nous invite \u00e0 dialoguer avec Dieu, \u00e0 lui remettre nos fardeaux, et \u00e0 recevoir sa gr\u00e2ce transformante.<\/p>\n<h2>Un point de vue alternatif sur la pri\u00e8re \u00e0 Marie<\/h2>\n<p>La pri\u00e8re \u00e0 Marie constitue une pratique solidement ancr\u00e9e dans la tradition religieuse catholique chr\u00e9tienne, offrant un lien spirituel pr\u00e9cieux pour les adeptes de tous horizons. En tant que figure maternelle spirituelle et interm\u00e9diaire, elle est pri\u00e9e avec ardeur lors des instants de n\u00e9cessit\u00e9 et de reconnaissance. Le chapelet, avec ses myst\u00e8res \u00e0 m\u00e9diter, accompagne les croyants dans leur cheminement spirituel, les encourageant \u00e0 m\u00e9diter sur J\u00e9sus, son fils, \u00e0 travers le prisme de la Vierge Marie. Cette affection envers Marie se refl\u00e8te dans les sites sacr\u00e9s tel que le sanctuaire de Lourdes, o\u00f9 les fid\u00e8les convergent en qu\u00eate de r\u00e9confort et de gu\u00e9rison, repr\u00e9sentant le lien profond entre la foi catholique et la v\u00e9n\u00e9ration de la Vierge Marie. Les \u00e9crits inspirants d\u2019\u00e9minents th\u00e9ologiens comme Leli\u00e8vre et Hubert fournissent une r\u00e9flexion pr\u00e9cieuse sur la signification de la pri\u00e8re mariale et son influence sur la vie spirituelle des fid\u00e8les. Par le biais d\u2019une lecture approfondie de textes religieux et spirituels, les fid\u00e8les \u00e9largissent leur compr\u00e9hension de l\u2019adoration de Marie et d\u00e9veloppent une relation plus profonde avec Marie, notre m\u00e8re dans la foi. Dans un monde marqu\u00e9 par les conflits et les hostilit\u00e9s, la pri\u00e8re \u00e0 Marie est un sanctuaire de paix et d\u2019espoir, incitant chaque individu, quel que soit son statut dans la foi catholique-chr\u00e9tienne, \u00e0 s\u2019adresser \u00e0 la Sainte Vierge avec confiance et ferveur. Prions donc en commun, avec un c\u0153ur sinc\u00e8re et humble, en saluant Marie comme notre m\u00e8re et notre intercesseur, en lui confiant nos v\u0153ux et nos aspirations les plus profondes. Dans cette qu\u00eate spirituelle, chaque croyant est invit\u00e9 \u00e0 suivre la voie des pri\u00e8res et des d\u00e9sirs du c\u0153ur, sous la direction du saint P\u00e8re et les ressources spirituelles pr\u00e9cieuses disponibles sur des plateformes comme Aleteia. Ainsi, avec un c\u0153ur ouvert et une humble confiance, adressons notre pri\u00e8re quotidienne \u00e0 Marie, lui demandant de nous interc\u00e9der, et la force de continuer dans la pri\u00e8re fervente.<br \/>\nQue notre dialogue avec le sacr\u00e9 constitue notre refuge et notre r\u00e9confort dans toutes les circonstances. Que nous nous inclinions en direction de Marie, notre m\u00e8re du ciel, avec une foi in\u00e9branlable et un c\u0153ur ouvert, convaincus qu\u2019elle plaide en notre faveur devant son fils bien-aim\u00e9. Que la pri\u00e8re nous guide dans notre qu\u00eate de saintet\u00e9, nous approchant toujours plus de Dieu et de son amour \u00e9ternel.<\/p>\n<p>Ce objet vous a captiv\u00e9 vous appr\u00e9cierez aussi ces livres:<\/p>\n<p>Vies des peintres, sculpteurs et architectes\/tome 1\/25.,<a target=\"_blank\" rel=\"nofollow\" href=\"https:\/\/editionsbussiere.com\/blog\/goto\/https:\/\/fr.wikisource.org\/wiki\/Vies_des_peintres,_sculpteurs_et_architectes\/tome_1\/25\"  target=\"_blank\" rel=\"noopener noreferrer nofollow\">Le post d\u2019actualit\u00e9.<\/a><span><\/span><\/p>\n<p>Livre pour l\u2019enseignement de ses filles du Chevalier de La Tour Landry\/Chapitre 53.,<a target=\"_blank\" rel=\"nofollow\" href=\"https:\/\/editionsbussiere.com\/blog\/goto\/https:\/\/fr.wikisource.org\/wiki\/Livre_pour_l%E2%80%99enseignement_de_ses_filles_du_Chevalier_de_La_Tour_Landry\/Chapitre_53\"  target=\"_blank\" rel=\"noopener noreferrer nofollow\">L\u2019article ICI.<\/a><span><\/span><\/p>\n<p>Les Petites Religions de Paris\/Le culte de l\u2019Humanit\u00e9.,<a target=\"_blank\" rel=\"nofollow\" href=\"https:\/\/editionsbussiere.com\/blog\/goto\/https:\/\/fr.wikisource.org\/wiki\/Les_Petites_Religions_de_Paris\/Le_culte_de_l%E2%80%99Humanit%C3%A9\"  target=\"_blank\" rel=\"noopener noreferrer nofollow\">A lire ici.<\/a><span><\/span><\/p>\n<p>Le Livre des ballades\/Priez pour paix, le vray tresor de joye.,<a target=\"_blank\" rel=\"nofollow\" href=\"https:\/\/editionsbussiere.com\/blog\/goto\/https:\/\/fr.wikisource.org\/wiki\/Le_Livre_des_ballades\/Priez_pour_paix,_le_vray_tresor_de_joye\"  target=\"_blank\" rel=\"noopener noreferrer nofollow\">A lire ici.<\/a><span><\/span><\/p>\n<p>La Jeunesse blanche (1913)\/Litanies.,<a target=\"_blank\" rel=\"nofollow\" href=\"https:\/\/editionsbussiere.com\/blog\/goto\/https:\/\/fr.wikisource.org\/wiki\/La_Jeunesse_blanche_(1913)\/Litanies\"  target=\"_blank\" rel=\"noopener noreferrer nofollow\">Article complet.<\/a><span><\/span><\/p>\n<p>Dans le nid d\u2019aiglons, la colombe\/17.,<a target=\"_blank\" rel=\"nofollow\" href=\"https:\/\/editionsbussiere.com\/blog\/goto\/https:\/\/fr.wikisource.org\/wiki\/Dans_le_nid_d%E2%80%99aiglons,_la_colombe\/17\"  target=\"_blank\" rel=\"noopener noreferrer nofollow\">L\u2019article ICI.<\/a><span><\/span><\/p>\n<\/div>\n<p><img decoding=\"async\" class=\"wpe_imgrss\" src=\"https:\/\/editionsbussiere.com\/blog\/wp-content\/uploads\/2024\/09\/Une-statue-de-la-Vierge-Marie-retrouvee-un-an-apres-1.jpeg\">Cet article a \u00e9t\u00e9 reconstitu\u00e9 du mieux possible. Dans l\u2019hypoth\u00e8se o\u00f9 vous souhaitez apporter quelques modifications concernant le th\u00e8me \u00ab\u00a0Editions \u00e9sot\u00e9rique fond\u00e9e en 1927\u00a0\u00bb, il est possible de discuter avec notre r\u00e9daction. Vous pouvez tirer profit de cet article traitant le sujet \u00ab\u00a0Editions \u00e9sot\u00e9rique fond\u00e9e en 1927\u00a0\u00bb. Il est concoct\u00e9 par l\u2019\u00e9quipe editionsbussiere.com. Le site editionsbussiere.com est fait pour cr\u00e9er divers posts autour du th\u00e8me Editions \u00e9sot\u00e9rique fond\u00e9e en 1927 d\u00e9velopp\u00e9es sur internet. Consultez notre site internet editionsbussiere.com et nos r\u00e9seaux sociaux pour \u00eatre au courant des futures annonces.<\/p>\n","protected":false},"excerpt":{"rendered":"<p>\u00ab Dieu soit lou\u00e9 \u2013 les miracles se produisent ! \u00bb C\u2019\u00e9tait la premi\u00e8re ligne d\u2019une publication Facebook du 5 septembre sur la page Facebook de la paroisse Divine Mercy annon\u00e7ant que l\u2019\u00e9glise pourrait r\u00e9cup\u00e9rer une statue de la Vierge Marie vol\u00e9e il y a environ un an. Le 24 septembre, les pri\u00e8res des paroissiens [&hellip;]<\/p>\n","protected":false},"author":3,"featured_media":1426,"comment_status":"closed","ping_status":"closed","sticky":false,"template":"","format":"standard","meta":{"footnotes":""},"categories":[3],"tags":[],"class_list":["post-1425","post","type-post","status-publish","format-standard","has-post-thumbnail","hentry","category-editions-esoterique-fondee-en-1927-depeches","entry","fw-tab-6 fw-tabr-4","has-featured-image"],"yoast_head":"<!-- This site is optimized with the Yoast SEO plugin v27.5 - https:\/\/yoast.com\/product\/yoast-seo-wordpress\/ -->\n<title>Une statue de la Vierge Marie retrouv\u00e9e un an apr\u00e8s avoir \u00e9t\u00e9 vol\u00e9e dans une paroisse et croire en la m\u00e8re de dieu Marie. - EDITIONSBUSSIERE<\/title>\n<meta name=\"robots\" content=\"index, follow, max-snippet:-1, max-image-preview:large, max-video-preview:-1\" \/>\n<link rel=\"canonical\" href=\"https:\/\/editionsbussiere.com\/blog\/une-statue-de-la-vierge-marie-retrouvee-un-an-apres-avoir-ete-volee-dans-une-paroisse-et-croire-en-la-mere-de-dieu-marie\/\" \/>\n<meta property=\"og:locale\" content=\"fr_FR\" \/>\n<meta property=\"og:type\" content=\"article\" \/>\n<meta property=\"og:title\" content=\"Une statue de la Vierge Marie retrouv\u00e9e un an apr\u00e8s avoir \u00e9t\u00e9 vol\u00e9e dans une paroisse et croire en la m\u00e8re de dieu Marie. - EDITIONSBUSSIERE\" \/>\n<meta property=\"og:description\" content=\"\u00ab Dieu soit lou\u00e9 \u2013 les miracles se produisent ! \u00bb C\u2019\u00e9tait la premi\u00e8re ligne d\u2019une publication Facebook du 5 septembre sur la page Facebook de la paroisse Divine Mercy annon\u00e7ant que l\u2019\u00e9glise pourrait r\u00e9cup\u00e9rer une statue de la Vierge Marie vol\u00e9e il y a environ un an. Le 24 septembre, les pri\u00e8res des paroissiens [&hellip;]\" \/>\n<meta property=\"og:url\" content=\"https:\/\/editionsbussiere.com\/blog\/une-statue-de-la-vierge-marie-retrouvee-un-an-apres-avoir-ete-volee-dans-une-paroisse-et-croire-en-la-mere-de-dieu-marie\/\" \/>\n<meta property=\"og:site_name\" content=\"EDITIONSBUSSIERE\" \/>\n<meta property=\"article:published_time\" content=\"2024-09-28T01:43:11+00:00\" \/>\n<meta property=\"og:image\" content=\"https:\/\/editionsbussiere.com\/blog\/wp-content\/uploads\/2024\/09\/Une-statue-de-la-Vierge-Marie-retrouvee-un-an-apres-1.jpeg\" \/>\n<meta name=\"author\" content=\"Marie BATICLE\" \/>\n<meta name=\"twitter:card\" content=\"summary_large_image\" \/>\n<meta name=\"twitter:label1\" content=\"\u00c9crit par\" \/>\n\t<meta name=\"twitter:data1\" content=\"Marie BATICLE\" \/>\n\t<meta name=\"twitter:label2\" content=\"Dur\u00e9e de lecture estim\u00e9e\" \/>\n\t<meta name=\"twitter:data2\" content=\"12 minutes\" \/>\n<script type=\"application\/ld+json\" class=\"yoast-schema-graph\">{\"@context\":\"https:\\\/\\\/schema.org\",\"@graph\":[{\"@type\":\"Article\",\"@id\":\"https:\\\/\\\/editionsbussiere.com\\\/blog\\\/une-statue-de-la-vierge-marie-retrouvee-un-an-apres-avoir-ete-volee-dans-une-paroisse-et-croire-en-la-mere-de-dieu-marie\\\/#article\",\"isPartOf\":{\"@id\":\"https:\\\/\\\/editionsbussiere.com\\\/blog\\\/une-statue-de-la-vierge-marie-retrouvee-un-an-apres-avoir-ete-volee-dans-une-paroisse-et-croire-en-la-mere-de-dieu-marie\\\/\"},\"author\":{\"name\":\"Marie BATICLE\",\"@id\":\"https:\\\/\\\/editionsbussiere.com\\\/blog\\\/#\\\/schema\\\/person\\\/ec90e102792148c97e46ab871010dd8f\"},\"headline\":\"Une statue de la Vierge Marie retrouv\u00e9e un an apr\u00e8s avoir \u00e9t\u00e9 vol\u00e9e dans une paroisse et croire en la m\u00e8re de dieu Marie.\",\"datePublished\":\"2024-09-28T01:43:11+00:00\",\"mainEntityOfPage\":{\"@id\":\"https:\\\/\\\/editionsbussiere.com\\\/blog\\\/une-statue-de-la-vierge-marie-retrouvee-un-an-apres-avoir-ete-volee-dans-une-paroisse-et-croire-en-la-mere-de-dieu-marie\\\/\"},\"wordCount\":2364,\"publisher\":{\"@id\":\"https:\\\/\\\/editionsbussiere.com\\\/blog\\\/#organization\"},\"image\":{\"@id\":\"https:\\\/\\\/editionsbussiere.com\\\/blog\\\/une-statue-de-la-vierge-marie-retrouvee-un-an-apres-avoir-ete-volee-dans-une-paroisse-et-croire-en-la-mere-de-dieu-marie\\\/#primaryimage\"},\"thumbnailUrl\":\"https:\\\/\\\/editionsbussiere.com\\\/blog\\\/wp-content\\\/uploads\\\/2024\\\/09\\\/Une-statue-de-la-Vierge-Marie-retrouvee-un-an-apres-1.jpeg\",\"articleSection\":[\"Editions \u00c9sot\u00e9rique Fond\u00e9e En 1927; D\u00e9p\u00e8ches:\"],\"inLanguage\":\"fr-FR\"},{\"@type\":\"WebPage\",\"@id\":\"https:\\\/\\\/editionsbussiere.com\\\/blog\\\/une-statue-de-la-vierge-marie-retrouvee-un-an-apres-avoir-ete-volee-dans-une-paroisse-et-croire-en-la-mere-de-dieu-marie\\\/\",\"url\":\"https:\\\/\\\/editionsbussiere.com\\\/blog\\\/une-statue-de-la-vierge-marie-retrouvee-un-an-apres-avoir-ete-volee-dans-une-paroisse-et-croire-en-la-mere-de-dieu-marie\\\/\",\"name\":\"Une statue de la Vierge Marie retrouv\u00e9e un an apr\u00e8s avoir \u00e9t\u00e9 vol\u00e9e dans une paroisse et croire en la m\u00e8re de dieu Marie. - EDITIONSBUSSIERE\",\"isPartOf\":{\"@id\":\"https:\\\/\\\/editionsbussiere.com\\\/blog\\\/#website\"},\"primaryImageOfPage\":{\"@id\":\"https:\\\/\\\/editionsbussiere.com\\\/blog\\\/une-statue-de-la-vierge-marie-retrouvee-un-an-apres-avoir-ete-volee-dans-une-paroisse-et-croire-en-la-mere-de-dieu-marie\\\/#primaryimage\"},\"image\":{\"@id\":\"https:\\\/\\\/editionsbussiere.com\\\/blog\\\/une-statue-de-la-vierge-marie-retrouvee-un-an-apres-avoir-ete-volee-dans-une-paroisse-et-croire-en-la-mere-de-dieu-marie\\\/#primaryimage\"},\"thumbnailUrl\":\"https:\\\/\\\/editionsbussiere.com\\\/blog\\\/wp-content\\\/uploads\\\/2024\\\/09\\\/Une-statue-de-la-Vierge-Marie-retrouvee-un-an-apres-1.jpeg\",\"datePublished\":\"2024-09-28T01:43:11+00:00\",\"breadcrumb\":{\"@id\":\"https:\\\/\\\/editionsbussiere.com\\\/blog\\\/une-statue-de-la-vierge-marie-retrouvee-un-an-apres-avoir-ete-volee-dans-une-paroisse-et-croire-en-la-mere-de-dieu-marie\\\/#breadcrumb\"},\"inLanguage\":\"fr-FR\",\"potentialAction\":[{\"@type\":\"ReadAction\",\"target\":[\"https:\\\/\\\/editionsbussiere.com\\\/blog\\\/une-statue-de-la-vierge-marie-retrouvee-un-an-apres-avoir-ete-volee-dans-une-paroisse-et-croire-en-la-mere-de-dieu-marie\\\/\"]}]},{\"@type\":\"ImageObject\",\"inLanguage\":\"fr-FR\",\"@id\":\"https:\\\/\\\/editionsbussiere.com\\\/blog\\\/une-statue-de-la-vierge-marie-retrouvee-un-an-apres-avoir-ete-volee-dans-une-paroisse-et-croire-en-la-mere-de-dieu-marie\\\/#primaryimage\",\"url\":\"https:\\\/\\\/editionsbussiere.com\\\/blog\\\/wp-content\\\/uploads\\\/2024\\\/09\\\/Une-statue-de-la-Vierge-Marie-retrouvee-un-an-apres-1.jpeg\",\"contentUrl\":\"https:\\\/\\\/editionsbussiere.com\\\/blog\\\/wp-content\\\/uploads\\\/2024\\\/09\\\/Une-statue-de-la-Vierge-Marie-retrouvee-un-an-apres-1.jpeg\",\"width\":768,\"height\":1024,\"caption\":\"Une statue de la Vierge Marie retrouvee un an apres 1\"},{\"@type\":\"BreadcrumbList\",\"@id\":\"https:\\\/\\\/editionsbussiere.com\\\/blog\\\/une-statue-de-la-vierge-marie-retrouvee-un-an-apres-avoir-ete-volee-dans-une-paroisse-et-croire-en-la-mere-de-dieu-marie\\\/#breadcrumb\",\"itemListElement\":[{\"@type\":\"ListItem\",\"position\":1,\"name\":\"Accueil\",\"item\":\"https:\\\/\\\/editionsbussiere.com\\\/blog\\\/\"},{\"@type\":\"ListItem\",\"position\":2,\"name\":\"Une statue de la Vierge Marie retrouv\u00e9e un an apr\u00e8s avoir \u00e9t\u00e9 vol\u00e9e dans une paroisse et croire en la m\u00e8re de dieu Marie.\"}]},{\"@type\":\"WebSite\",\"@id\":\"https:\\\/\\\/editionsbussiere.com\\\/blog\\\/#website\",\"url\":\"https:\\\/\\\/editionsbussiere.com\\\/blog\\\/\",\"name\":\"EDITIONSBUSSIERE\",\"description\":\"Editions \u00e9sot\u00e9rique fond\u00e9e en 1927; site historique, A SAVOIR ET RETENIR.\",\"publisher\":{\"@id\":\"https:\\\/\\\/editionsbussiere.com\\\/blog\\\/#organization\"},\"potentialAction\":[{\"@type\":\"SearchAction\",\"target\":{\"@type\":\"EntryPoint\",\"urlTemplate\":\"https:\\\/\\\/editionsbussiere.com\\\/blog\\\/?s={search_term_string}\"},\"query-input\":{\"@type\":\"PropertyValueSpecification\",\"valueRequired\":true,\"valueName\":\"search_term_string\"}}],\"inLanguage\":\"fr-FR\"},{\"@type\":\"Organization\",\"@id\":\"https:\\\/\\\/editionsbussiere.com\\\/blog\\\/#organization\",\"name\":\"editionsbussiere\",\"url\":\"https:\\\/\\\/editionsbussiere.com\\\/blog\\\/\",\"logo\":{\"@type\":\"ImageObject\",\"inLanguage\":\"fr-FR\",\"@id\":\"https:\\\/\\\/editionsbussiere.com\\\/blog\\\/#\\\/schema\\\/logo\\\/image\\\/\",\"url\":\"https:\\\/\\\/editionsbussiere.com\\\/blog\\\/wp-content\\\/uploads\\\/2023\\\/09\\\/cropped-buss.gif\",\"contentUrl\":\"https:\\\/\\\/editionsbussiere.com\\\/blog\\\/wp-content\\\/uploads\\\/2023\\\/09\\\/cropped-buss.gif\",\"width\":298,\"height\":120,\"caption\":\"editionsbussiere\"},\"image\":{\"@id\":\"https:\\\/\\\/editionsbussiere.com\\\/blog\\\/#\\\/schema\\\/logo\\\/image\\\/\"}},{\"@type\":\"Person\",\"@id\":\"https:\\\/\\\/editionsbussiere.com\\\/blog\\\/#\\\/schema\\\/person\\\/ec90e102792148c97e46ab871010dd8f\",\"name\":\"Marie BATICLE\",\"image\":{\"@type\":\"ImageObject\",\"inLanguage\":\"fr-FR\",\"@id\":\"https:\\\/\\\/secure.gravatar.com\\\/avatar\\\/c923e52403b1b8137e2d929127211d21967e6aecaa053bd43b09da29f212e76e?s=96&d=mm&r=g\",\"url\":\"https:\\\/\\\/secure.gravatar.com\\\/avatar\\\/c923e52403b1b8137e2d929127211d21967e6aecaa053bd43b09da29f212e76e?s=96&d=mm&r=g\",\"contentUrl\":\"https:\\\/\\\/secure.gravatar.com\\\/avatar\\\/c923e52403b1b8137e2d929127211d21967e6aecaa053bd43b09da29f212e76e?s=96&d=mm&r=g\",\"caption\":\"Marie BATICLE\"},\"url\":\"https:\\\/\\\/editionsbussiere.com\\\/blog\\\/author\\\/eremarie\\\/\"}]}<\/script>\n<!-- \/ Yoast SEO plugin. -->","yoast_head_json":{"title":"Une statue de la Vierge Marie retrouv\u00e9e un an apr\u00e8s avoir \u00e9t\u00e9 vol\u00e9e dans une paroisse et croire en la m\u00e8re de dieu Marie. - EDITIONSBUSSIERE","robots":{"index":"index","follow":"follow","max-snippet":"max-snippet:-1","max-image-preview":"max-image-preview:large","max-video-preview":"max-video-preview:-1"},"canonical":"https:\/\/editionsbussiere.com\/blog\/une-statue-de-la-vierge-marie-retrouvee-un-an-apres-avoir-ete-volee-dans-une-paroisse-et-croire-en-la-mere-de-dieu-marie\/","og_locale":"fr_FR","og_type":"article","og_title":"Une statue de la Vierge Marie retrouv\u00e9e un an apr\u00e8s avoir \u00e9t\u00e9 vol\u00e9e dans une paroisse et croire en la m\u00e8re de dieu Marie. - EDITIONSBUSSIERE","og_description":"\u00ab Dieu soit lou\u00e9 \u2013 les miracles se produisent ! \u00bb C\u2019\u00e9tait la premi\u00e8re ligne d\u2019une publication Facebook du 5 septembre sur la page Facebook de la paroisse Divine Mercy annon\u00e7ant que l\u2019\u00e9glise pourrait r\u00e9cup\u00e9rer une statue de la Vierge Marie vol\u00e9e il y a environ un an. Le 24 septembre, les pri\u00e8res des paroissiens [&hellip;]","og_url":"https:\/\/editionsbussiere.com\/blog\/une-statue-de-la-vierge-marie-retrouvee-un-an-apres-avoir-ete-volee-dans-une-paroisse-et-croire-en-la-mere-de-dieu-marie\/","og_site_name":"EDITIONSBUSSIERE","article_published_time":"2024-09-28T01:43:11+00:00","og_image":[{"url":"https:\/\/editionsbussiere.com\/blog\/wp-content\/uploads\/2024\/09\/Une-statue-de-la-Vierge-Marie-retrouvee-un-an-apres-1.jpeg","type":"","width":"","height":""}],"author":"Marie BATICLE","twitter_card":"summary_large_image","twitter_misc":{"\u00c9crit par":"Marie BATICLE","Dur\u00e9e de lecture estim\u00e9e":"12 minutes"},"schema":{"@context":"https:\/\/schema.org","@graph":[{"@type":"Article","@id":"https:\/\/editionsbussiere.com\/blog\/une-statue-de-la-vierge-marie-retrouvee-un-an-apres-avoir-ete-volee-dans-une-paroisse-et-croire-en-la-mere-de-dieu-marie\/#article","isPartOf":{"@id":"https:\/\/editionsbussiere.com\/blog\/une-statue-de-la-vierge-marie-retrouvee-un-an-apres-avoir-ete-volee-dans-une-paroisse-et-croire-en-la-mere-de-dieu-marie\/"},"author":{"name":"Marie BATICLE","@id":"https:\/\/editionsbussiere.com\/blog\/#\/schema\/person\/ec90e102792148c97e46ab871010dd8f"},"headline":"Une statue de la Vierge Marie retrouv\u00e9e un an apr\u00e8s avoir \u00e9t\u00e9 vol\u00e9e dans une paroisse et croire en la m\u00e8re de dieu Marie.","datePublished":"2024-09-28T01:43:11+00:00","mainEntityOfPage":{"@id":"https:\/\/editionsbussiere.com\/blog\/une-statue-de-la-vierge-marie-retrouvee-un-an-apres-avoir-ete-volee-dans-une-paroisse-et-croire-en-la-mere-de-dieu-marie\/"},"wordCount":2364,"publisher":{"@id":"https:\/\/editionsbussiere.com\/blog\/#organization"},"image":{"@id":"https:\/\/editionsbussiere.com\/blog\/une-statue-de-la-vierge-marie-retrouvee-un-an-apres-avoir-ete-volee-dans-une-paroisse-et-croire-en-la-mere-de-dieu-marie\/#primaryimage"},"thumbnailUrl":"https:\/\/editionsbussiere.com\/blog\/wp-content\/uploads\/2024\/09\/Une-statue-de-la-Vierge-Marie-retrouvee-un-an-apres-1.jpeg","articleSection":["Editions \u00c9sot\u00e9rique Fond\u00e9e En 1927; D\u00e9p\u00e8ches:"],"inLanguage":"fr-FR"},{"@type":"WebPage","@id":"https:\/\/editionsbussiere.com\/blog\/une-statue-de-la-vierge-marie-retrouvee-un-an-apres-avoir-ete-volee-dans-une-paroisse-et-croire-en-la-mere-de-dieu-marie\/","url":"https:\/\/editionsbussiere.com\/blog\/une-statue-de-la-vierge-marie-retrouvee-un-an-apres-avoir-ete-volee-dans-une-paroisse-et-croire-en-la-mere-de-dieu-marie\/","name":"Une statue de la Vierge Marie retrouv\u00e9e un an apr\u00e8s avoir \u00e9t\u00e9 vol\u00e9e dans une paroisse et croire en la m\u00e8re de dieu Marie. - EDITIONSBUSSIERE","isPartOf":{"@id":"https:\/\/editionsbussiere.com\/blog\/#website"},"primaryImageOfPage":{"@id":"https:\/\/editionsbussiere.com\/blog\/une-statue-de-la-vierge-marie-retrouvee-un-an-apres-avoir-ete-volee-dans-une-paroisse-et-croire-en-la-mere-de-dieu-marie\/#primaryimage"},"image":{"@id":"https:\/\/editionsbussiere.com\/blog\/une-statue-de-la-vierge-marie-retrouvee-un-an-apres-avoir-ete-volee-dans-une-paroisse-et-croire-en-la-mere-de-dieu-marie\/#primaryimage"},"thumbnailUrl":"https:\/\/editionsbussiere.com\/blog\/wp-content\/uploads\/2024\/09\/Une-statue-de-la-Vierge-Marie-retrouvee-un-an-apres-1.jpeg","datePublished":"2024-09-28T01:43:11+00:00","breadcrumb":{"@id":"https:\/\/editionsbussiere.com\/blog\/une-statue-de-la-vierge-marie-retrouvee-un-an-apres-avoir-ete-volee-dans-une-paroisse-et-croire-en-la-mere-de-dieu-marie\/#breadcrumb"},"inLanguage":"fr-FR","potentialAction":[{"@type":"ReadAction","target":["https:\/\/editionsbussiere.com\/blog\/une-statue-de-la-vierge-marie-retrouvee-un-an-apres-avoir-ete-volee-dans-une-paroisse-et-croire-en-la-mere-de-dieu-marie\/"]}]},{"@type":"ImageObject","inLanguage":"fr-FR","@id":"https:\/\/editionsbussiere.com\/blog\/une-statue-de-la-vierge-marie-retrouvee-un-an-apres-avoir-ete-volee-dans-une-paroisse-et-croire-en-la-mere-de-dieu-marie\/#primaryimage","url":"https:\/\/editionsbussiere.com\/blog\/wp-content\/uploads\/2024\/09\/Une-statue-de-la-Vierge-Marie-retrouvee-un-an-apres-1.jpeg","contentUrl":"https:\/\/editionsbussiere.com\/blog\/wp-content\/uploads\/2024\/09\/Une-statue-de-la-Vierge-Marie-retrouvee-un-an-apres-1.jpeg","width":768,"height":1024,"caption":"Une statue de la Vierge Marie retrouvee un an apres 1"},{"@type":"BreadcrumbList","@id":"https:\/\/editionsbussiere.com\/blog\/une-statue-de-la-vierge-marie-retrouvee-un-an-apres-avoir-ete-volee-dans-une-paroisse-et-croire-en-la-mere-de-dieu-marie\/#breadcrumb","itemListElement":[{"@type":"ListItem","position":1,"name":"Accueil","item":"https:\/\/editionsbussiere.com\/blog\/"},{"@type":"ListItem","position":2,"name":"Une statue de la Vierge Marie retrouv\u00e9e un an apr\u00e8s avoir \u00e9t\u00e9 vol\u00e9e dans une paroisse et croire en la m\u00e8re de dieu Marie."}]},{"@type":"WebSite","@id":"https:\/\/editionsbussiere.com\/blog\/#website","url":"https:\/\/editionsbussiere.com\/blog\/","name":"EDITIONSBUSSIERE","description":"Editions \u00e9sot\u00e9rique fond\u00e9e en 1927; site historique, A SAVOIR ET RETENIR.","publisher":{"@id":"https:\/\/editionsbussiere.com\/blog\/#organization"},"potentialAction":[{"@type":"SearchAction","target":{"@type":"EntryPoint","urlTemplate":"https:\/\/editionsbussiere.com\/blog\/?s={search_term_string}"},"query-input":{"@type":"PropertyValueSpecification","valueRequired":true,"valueName":"search_term_string"}}],"inLanguage":"fr-FR"},{"@type":"Organization","@id":"https:\/\/editionsbussiere.com\/blog\/#organization","name":"editionsbussiere","url":"https:\/\/editionsbussiere.com\/blog\/","logo":{"@type":"ImageObject","inLanguage":"fr-FR","@id":"https:\/\/editionsbussiere.com\/blog\/#\/schema\/logo\/image\/","url":"https:\/\/editionsbussiere.com\/blog\/wp-content\/uploads\/2023\/09\/cropped-buss.gif","contentUrl":"https:\/\/editionsbussiere.com\/blog\/wp-content\/uploads\/2023\/09\/cropped-buss.gif","width":298,"height":120,"caption":"editionsbussiere"},"image":{"@id":"https:\/\/editionsbussiere.com\/blog\/#\/schema\/logo\/image\/"}},{"@type":"Person","@id":"https:\/\/editionsbussiere.com\/blog\/#\/schema\/person\/ec90e102792148c97e46ab871010dd8f","name":"Marie BATICLE","image":{"@type":"ImageObject","inLanguage":"fr-FR","@id":"https:\/\/secure.gravatar.com\/avatar\/c923e52403b1b8137e2d929127211d21967e6aecaa053bd43b09da29f212e76e?s=96&d=mm&r=g","url":"https:\/\/secure.gravatar.com\/avatar\/c923e52403b1b8137e2d929127211d21967e6aecaa053bd43b09da29f212e76e?s=96&d=mm&r=g","contentUrl":"https:\/\/secure.gravatar.com\/avatar\/c923e52403b1b8137e2d929127211d21967e6aecaa053bd43b09da29f212e76e?s=96&d=mm&r=g","caption":"Marie BATICLE"},"url":"https:\/\/editionsbussiere.com\/blog\/author\/eremarie\/"}]}},"_links":{"self":[{"href":"https:\/\/editionsbussiere.com\/blog\/wp-json\/wp\/v2\/posts\/1425","targetHints":{"allow":["GET"]}}],"collection":[{"href":"https:\/\/editionsbussiere.com\/blog\/wp-json\/wp\/v2\/posts"}],"about":[{"href":"https:\/\/editionsbussiere.com\/blog\/wp-json\/wp\/v2\/types\/post"}],"author":[{"embeddable":true,"href":"https:\/\/editionsbussiere.com\/blog\/wp-json\/wp\/v2\/users\/3"}],"replies":[{"embeddable":true,"href":"https:\/\/editionsbussiere.com\/blog\/wp-json\/wp\/v2\/comments?post=1425"}],"version-history":[{"count":0,"href":"https:\/\/editionsbussiere.com\/blog\/wp-json\/wp\/v2\/posts\/1425\/revisions"}],"wp:featuredmedia":[{"embeddable":true,"href":"https:\/\/editionsbussiere.com\/blog\/wp-json\/wp\/v2\/media\/1426"}],"wp:attachment":[{"href":"https:\/\/editionsbussiere.com\/blog\/wp-json\/wp\/v2\/media?parent=1425"}],"wp:term":[{"taxonomy":"category","embeddable":true,"href":"https:\/\/editionsbussiere.com\/blog\/wp-json\/wp\/v2\/categories?post=1425"},{"taxonomy":"post_tag","embeddable":true,"href":"https:\/\/editionsbussiere.com\/blog\/wp-json\/wp\/v2\/tags?post=1425"}],"curies":[{"name":"wp","href":"https:\/\/api.w.org\/{rel}","templated":true}]}}