{"id":1417,"date":"2024-09-26T06:02:25","date_gmt":"2024-09-26T04:02:25","guid":{"rendered":"https:\/\/editionsbussiere.com\/blog\/derriere-le-rideau-de-la-magie-de-noel-a-la-cathedrale-avec-une-requete-en-debut-de-journee\/"},"modified":"2024-09-26T06:02:25","modified_gmt":"2024-09-26T04:02:25","slug":"derriere-le-rideau-de-la-magie-de-noel-a-la-cathedrale-avec-une-requete-en-debut-de-journee","status":"publish","type":"post","link":"https:\/\/editionsbussiere.com\/blog\/derriere-le-rideau-de-la-magie-de-noel-a-la-cathedrale-avec-une-requete-en-debut-de-journee\/","title":{"rendered":"Derri\u00e8re le rideau de la magie de No\u00ebl \u00e0 la Cath\u00e9drale\n avec une requ\u00eate en d\u00e9but de journ\u00e9e."},"content":{"rendered":"<div><img width=\"580\" height=\"387\" src=\"https:\/\/editionsbussiere.com\/blog\/wp-content\/uploads\/2024\/09\/Derriere-le-rideau-de-la-magie-de-Noel-a-la-1024x683-1.jpg\" class=\"attachment-large size-large wp-post-image\" alt=\"Derri\u00e8re le rideau de la magie de No\u00ebl \u00e0 la\" style=\"float:left; margin:0 15px 15px 0;\" decoding=\"async\" loading=\"lazy\" srcset=\"https:\/\/editionsbussiere.com\/blog\/wp-content\/uploads\/2024\/09\/Derriere-le-rideau-de-la-magie-de-Noel-a-la-1024x683-1.jpg 1024w, https:\/\/www.n42.fr\/wp-content\/uploads\/2024\/09\/Derriere-le-rideau-de-la-magie-de-Noel-a-la-300x200.jpg 300w, https:\/\/www.n42.fr\/wp-content\/uploads\/2024\/09\/Derriere-le-rideau-de-la-magie-de-Noel-a-la-768x512.jpg 768w, https:\/\/www.n42.fr\/wp-content\/uploads\/2024\/09\/Derriere-le-rideau-de-la-magie-de-Noel-a-la-1536x1024.jpg 1536w, https:\/\/www.n42.fr\/wp-content\/uploads\/2024\/09\/Derriere-le-rideau-de-la-magie-de-Noel-a-la-1200x800.jpg 1200w, https:\/\/www.n42.fr\/wp-content\/uploads\/2024\/09\/Derriere-le-rideau-de-la-magie-de-Noel-a-la-1980x1320.jpg 1980w, https:\/\/www.n42.fr\/wp-content\/uploads\/2024\/09\/Derriere-le-rideau-de-la-magie-de-Noel-a-la.jpg 2048w\" sizes=\"auto, (max-width: 580px) 100vw, 580px\"><\/p>\n<p>\n<\/p>\n<div>\n<p><iframe title=\"Behind the curtain of magic of Christmas at the Cathedral\" width=\"580\" height=\"326\" src=\"https:\/\/www.youtube.com\/embed\/wkCR4jvF5DA?feature=oembed\" frameborder=\"0\" allow=\"accelerometer; autoplay; clipboard-write; encrypted-media; gyroscope; picture-in-picture; web-share\" referrerpolicy=\"strict-origin-when-cross-origin\" allowfullscreen><\/iframe><\/p>\n<p>Pour la ville portuaire, l\u2019id\u00e9e de No\u00ebl n\u2019a pas encore travers\u00e9 l\u2019esprit de la plupart des gens.<\/p>\n<p>Cependant, pour les artistes num\u00e9riques travailleurs et d\u00e9vou\u00e9s de The Electric Canvas, No\u00ebl est au premier plan.<\/p>\n<p>Depuis des mois, l\u2019\u00e9quipe charg\u00e9e de projeter les images incroyables sur la fa\u00e7ade de la cath\u00e9drale Sainte-Marie s\u2019affaire \u00e0 se plonger dans la magie de la cr\u00e9ation de No\u00ebl \u00e0 la cath\u00e9drale 2024.<\/p>\n<p>\u00ab L\u2019Electric Canvas est ravi d\u2019\u00eatre de retour pour la troisi\u00e8me ann\u00e9e cons\u00e9cutive pour No\u00ebl \u00e0 la Cath\u00e9drale \u00bb, a d\u00e9clar\u00e9 Peter Milne, concepteur de projection et r\u00e9alisateur chez Electric Canvas<\/p>\n<p>\u00ab Notre d\u00e9partement artistique chez The Electric Canvas travaille sur de tr\u00e8s nombreux projets. Ils impliquent un producteur et un directeur artistique, des designers, des motion designers, des artistes de fond et des compositeurs.<\/p>\n<p>\u00ab Et ils travaillent ensemble pour que cela s\u2019am\u00e9liore d\u2019ann\u00e9e en ann\u00e9e. Et faire partie de cet environnement global, adopt\u00e9 par les habitants de Sydney et leurs familles, c\u2019est tout simplement formidable. \u00bb<\/p>\n<figure id=\"attachment_317270\" aria-describedby=\"caption-attachment-317270\" style=\"width: 850px\" class=\"wp-caption aligncenter\"><img fetchpriority=\"high\" decoding=\"async\" class=\"wp-image-317270\" src=\"https:\/\/editionsbussiere.com\/blog\/wp-content\/uploads\/2024\/09\/20231216_7673-scaled-1.jpg\" alt=\"\" width=\"850\" height=\"567\" srcset=\"https:\/\/editionsbussiere.com\/blog\/wp-content\/uploads\/2024\/09\/20231216_7673-scaled-1.jpg 2048w, https:\/\/catholicweekly.com.au\/wp-content\/uploads\/2024\/09\/20231216_7673-300x200.jpg 300w, https:\/\/catholicweekly.com.au\/wp-content\/uploads\/2024\/09\/20231216_7673-1024x683.jpg 1024w, https:\/\/catholicweekly.com.au\/wp-content\/uploads\/2024\/09\/20231216_7673-768x512.jpg 768w, https:\/\/catholicweekly.com.au\/wp-content\/uploads\/2024\/09\/20231216_7673-1536x1024.jpg 1536w, https:\/\/catholicweekly.com.au\/wp-content\/uploads\/2024\/09\/20231216_7673-630x420.jpg 630w, https:\/\/catholicweekly.com.au\/wp-content\/uploads\/2024\/09\/20231216_7673-696x464.jpg 696w, https:\/\/catholicweekly.com.au\/wp-content\/uploads\/2024\/09\/20231216_7673-1068x712.jpg 1068w, https:\/\/catholicweekly.com.au\/wp-content\/uploads\/2024\/09\/20231216_7673-1920x1280.jpg 1920w, https:\/\/catholicweekly.com.au\/wp-content\/uploads\/2024\/09\/20231216_7673-600x400.jpg 600w\" sizes=\"(max-width: 850px) 100vw, 850px\"><figcaption id=\"caption-attachment-317270\" class=\"wp-caption-text\">No\u00ebl \u00e0 la Cath\u00e9drale 2023. Images de Giovanni Portelli Photography \u00a9 2023<\/figcaption><\/figure>\n<p>Les concepteurs num\u00e9riques de The Electric Canvas passent presque une ann\u00e9e enti\u00e8re, 265 jours, \u00e0 donner vie \u00e0 No\u00ebl.<\/p>\n<p>\u00ab C\u2019est devenu plus qu\u2019une simple projection \u00bb, a d\u00e9clar\u00e9 Peter.<\/p>\n<p>\u00ab C\u2019est devenu un festival de No\u00ebl majeur dans la ville de Sydney. Pour notre part, cartographier la magnifique fa\u00e7ade de la cath\u00e9drale est un vrai plaisir. C\u2019est un exemple magnifique de ce type d\u2019architecture dans la ville, et nous adorons travailler avec elle. \u00bb<\/p>\n<p><em>L\u2019hebdomadaire catholique<\/em> Nous avons eu droit \u00e0 un aper\u00e7u \u00ab en coulisses \u00bb, en visitant l\u2019\u00e9quipe d\u2019artistes num\u00e9riques de The Electric Canvas, dans leurs studios de Chatswood. Nous y avons trouv\u00e9 l\u2019\u00e9quipe d\u00e9vou\u00e9e occup\u00e9e \u00e0 cr\u00e9er le contenu visuel innovant qui sera affich\u00e9 dans toute la cath\u00e9drale, utilisant plus de 30 millions de pixels pour transformer l\u2019\u00e9glise m\u00e8re de l\u2019Australie en un \u00e9blouissant pays des merveilles de No\u00ebl.<\/p>\n<p>\u00ab Nous utilisons une technologie vid\u00e9o de pointe, avec un service multim\u00e9dia de pointe pour diffuser des millions de pixels sur ce magnifique b\u00e2timent \u00bb, a d\u00e9clar\u00e9 Peter.<\/p>\n<p>\u00ab Nous utilisons la num\u00e9risation laser du 21e si\u00e8cle pour capturer toute l\u2019architecture, les d\u00e9tails architecturaux, ainsi que l\u2019am\u00e9nagement du site. \u00bb<\/p>\n<p>Mais l\u2019\u00e9quipe ne se contente pas de cr\u00e9er l\u2019\u00e9l\u00e9ment visuel qui contribue \u00e0 cr\u00e9er un \u00e9v\u00e9nement aussi spectaculaire.<\/p>\n<figure id=\"attachment_317266\" aria-describedby=\"caption-attachment-317266\" style=\"width: 850px\" class=\"wp-caption aligncenter\"><img decoding=\"async\" class=\"wp-image-317266\" src=\"https:\/\/editionsbussiere.com\/blog\/wp-content\/uploads\/2024\/09\/20231216_7492-scaled-1.jpg\" alt=\"\" width=\"850\" height=\"567\" srcset=\"https:\/\/editionsbussiere.com\/blog\/wp-content\/uploads\/2024\/09\/20231216_7492-scaled-1.jpg 2048w, https:\/\/catholicweekly.com.au\/wp-content\/uploads\/2024\/09\/20231216_7492-300x200.jpg 300w, https:\/\/catholicweekly.com.au\/wp-content\/uploads\/2024\/09\/20231216_7492-1024x683.jpg 1024w, https:\/\/catholicweekly.com.au\/wp-content\/uploads\/2024\/09\/20231216_7492-768x512.jpg 768w, https:\/\/catholicweekly.com.au\/wp-content\/uploads\/2024\/09\/20231216_7492-1536x1024.jpg 1536w, https:\/\/catholicweekly.com.au\/wp-content\/uploads\/2024\/09\/20231216_7492-630x420.jpg 630w, https:\/\/catholicweekly.com.au\/wp-content\/uploads\/2024\/09\/20231216_7492-696x464.jpg 696w, https:\/\/catholicweekly.com.au\/wp-content\/uploads\/2024\/09\/20231216_7492-1068x712.jpg 1068w, https:\/\/catholicweekly.com.au\/wp-content\/uploads\/2024\/09\/20231216_7492-1920x1280.jpg 1920w, https:\/\/catholicweekly.com.au\/wp-content\/uploads\/2024\/09\/20231216_7492-600x400.jpg 600w\" sizes=\"(max-width: 850px) 100vw, 850px\"><figcaption id=\"caption-attachment-317266\" class=\"wp-caption-text\">No\u00ebl \u00e0 la Cath\u00e9drale 2023. Images de Giovanni Portelli Photography \u00a9 2023<\/figcaption><\/figure>\n<p>\u00ab Nous avons \u00e9galement consacr\u00e9 beaucoup d\u2019efforts \u00e0 la bande sonore. Il ne s\u2019agit pas seulement d\u2019une projection. C\u2019est une exp\u00e9rience immersive, une exp\u00e9rience th\u00e9\u00e2trale pour les gens qui viennent ici \u00bb, a-t-il d\u00e9clar\u00e9.<\/p>\n<p>Les plans de cette ann\u00e9e sont d\u00e9j\u00e0 bien avanc\u00e9s pour offrir le No\u00ebl le plus spectaculaire \u00e0 la cath\u00e9drale \u00e0 ce jour.<\/p>\n<p>Le th\u00e8me pour 2024 sera annonc\u00e9 dans les prochaines semaines.<\/p>\n<p>\u00ab Nous pensons que nous nous am\u00e9liorons chaque ann\u00e9e. Nous avons quelques autres propositions \u00e0 ajouter \u00e0 l\u2019offre, ainsi que la grande fa\u00e7ade sud de la cath\u00e9drale. Et nous esp\u00e9rons continuer \u00e0 \u00e9tendre l\u2019empreinte de l\u2019\u00e9v\u00e9nement \u00e0 Sydney au cours des deux prochaines ann\u00e9es \u00bb, a d\u00e9clar\u00e9 Peter.<\/p>\n<p>Une chose est s\u00fbre, l\u2019\u00e9v\u00e9nement de No\u00ebl familial gratuit le plus populaire de Sydney est sur le point de ramener le plaisir et l\u2019esprit de No\u00ebl en Nouvelle-Galles du Sud et \u00e0 Sydney, plus grand et meilleur que jamais !<\/p>\n<\/div>\n<p><script>\n\t\t\tif ( window.fbAsyncInit === undefined ) \n\t\t\t\twindow.fbAsyncInit = function() \n\t\t\t\t\tFB.init(\n\t\t\t\t\tappId      : '2317757811685080',\n\t\t\t\t\txfbml      : true,\n\t\t\t\t\t\/\/ version    : 'v2.7'\n\t\t\t\t\tversion    : 'v9.0'\n\t\t\t\t\t);\n\t\t\t\t;\n\t\t\t\t(function(d, s, id)\n\t\t\t\t\tvar js, fjs = d.getElementsByTagName(s)[0];\n\t\t\t\t\tif (d.getElementById(id)) return;\n\t\t\t\t\tjs = d.createElement(s); js.id = id;\n\t\t\t\t\tjs.src=\"\n\t\t\t\t\tfjs.parentNode.insertBefore(js, fjs);\n\t\t\t\t(document, 'script', 'facebook-jssdk'));\n\t\t<\/script><\/p>\n<h2>Un de pri\u00e8re personnelle en vue de nous relier avec Dieu. <\/h2>\n<p>Adorable P\u00e8re c\u00e9leste, je viens en face de toi afin que je puisse te remercier en raison de cette in\u00e9dite journ\u00e9e. Je te loue en raison de ton amour et ton engagement envers moi. Je t\u2019implore de me remplir par ton esprit et de me donner la gr\u00e2ce de te sentir pr\u00e8s de moi durant de cette journ\u00e9e. Je d\u00e9pose entre tes mains toutes mes pr\u00e9occupations, mes joies, mes chagrins, mes d\u00e9sirs et mes espoirs. Puisses ton Saint-Esprit \u00e9claire mon esprit et fortifie ma foi, de sorte que je puisse avancer dans ton chemin et accomplir ta volont\u00e9. Octroie-moi la gr\u00e2ce de mener selon la compassion qui tu nous as enseign\u00e9 le mod\u00e8le \u00e0 travers ton Fils admir\u00e9, J\u00e9sus-Christ.<\/p>\n<h3> Note sur compr\u00e9hension : <\/h3>\n<p>La pratique de pri\u00e8re nous emm\u00e8ne dans le myst\u00e8re de la famille c\u00e9leste, o\u00f9 Dieu notre P\u00e8re nous prend comme ses prog\u00e9nitures bien-aim\u00e9s. \u00c0 travers ce lien familial, nous rencontrons la puissance ainsi que le r\u00e9confort pour affronter les \u00e9preuves du. Elle nous rappelle les enseignements du disciple Pierre, celui-ci encourage les chr\u00e9tiennes et les chr\u00e9tiens \u00e0 rester fermes dans leur foi, m\u00eame face \u00e0 au c\u0153ur des temp\u00eates de ce monde.<\/p>\n<h3>\nRenforcer notre lien envers J\u00e9sus d\u00e8s le matin<\/h3>\n<p>Nous pouvons r\u00e9fl\u00e9chir en ce qui concerne l\u2019un des diff\u00e9rents \u00e9vangiles pour nous ouvrir envers J\u00e9sus. Par exemple :<\/p>\n<h3>Jean 15, 9-17 : <\/h3>\n<p>\u00a0\u00bb Ce n\u2019est pas vous qui m\u2019avez choisi; mais c\u2019est moi qui vous ai choisis, et qui vous ai \u00e9tablis, afin que vous alliez, et que vous portiez du fruit, et que votre fruit demeure, afin que ce que vous demanderez au P\u00e8re en mon nom, il vous le donne. Ce que je vous commande, c\u2019est de vous aimer les uns les autres.\u00a0\u00bb<\/p>\n<h2> Demander pardon \u00e0 Dieu en raison de nos p\u00e9ch\u00e9s <\/h2>\n<p>Ma\u00eetre J\u00e9sus, je viens te prier de pardonner mes p\u00e9ch\u00e9s. Je suis que je ne suis pas parfait et que j\u2019ai besoin de ta sainte mis\u00e9ricorde. Je te demande de me affranchir de chaque ce qui me d\u00e9tache de toi et de me accorder la gr\u00e2ce pour vivre en accord avec ta volont\u00e9. Que ta b\u00e9n\u00e9diction sacr\u00e9e illumine les endroits les plus sombres de mon c\u0153ur, purifiant moi-m\u00eame et me m\u2019orientant sur la voie de la saintet\u00e9. Amen.<\/p>\n<h3> Discussion envers le Seigneur comme parler avec un ami. <\/h3>\n<p>Nous pouvons communiquer avec Dieu tel que \u00e0 un ami proche, l\u2019\u00c9ternel confier nos joies et nos peines, le Seigneur demander de l\u2019aide dans nos d\u00e9fis quotidiens. Par exemple : Seigneur, b\u00e9n\u00e9diction en raison de cette nouvelle journ\u00e9e. Je me pr\u00e9sente te supplier m\u2019assister \u00e0 \u00eatre patient \u00e0 l\u2019\u00e9gard de mes enfants et de me donner la puissance de faire face aux d\u00e9fis de la journ\u00e9e. Je te confie mes projets et mes soucis, et je te demande de me indiquer comment je suis en mesure de te assister et t\u2019honorer aujourd\u2019hui. Accorde-moi, \u00f4 Seigneur, ta sagesse pour prendre les bonnes d\u00e9cisions et ta faveur pour traverser les \u00e9preuves avec foi. Amen.<\/p>\n<h3> Un moment de silence pour \u00e9couter Dieu. <\/h3>\n<p>Apr\u00e8s la pri\u00e8re et la m\u00e9ditation, il est important de prendre un moment de silence en vue de \u00e9couter sa voix de Dieu dans nos c\u0153urs. Dans ce silence, nous ressentir sa pr\u00e9sence apaisante et accueillir ses inspirations pour la journ\u00e9e qui vient.<\/p>\n<h3> Se diriger en direction de le Christ en vue de trouver une paix int\u00e9rieure. <\/h3>\n<p>Nous pouvons prier J\u00e9sus de nous donner sa paix et m\u2019assister nous assister \u00e0 \u00e9couter sa parole. Par exemple :<br \/>\nSeigneur J\u00e9sus, je viens te prier de remplir mon propre c\u0153ur de ta tendresse. Je te demande de me lib\u00e9rer de toutes pens\u00e9es et les inqui\u00e9tudes m\u2019ennuient. Aide-moi en vue de \u00e9couter ta parole et \u00e0 la mettre en pratique dans ma vie. Que ton Esprit Saint, \u00f4 Christ, se transforme en ma force durant de cette journ\u00e9e. Amen.<\/p>\n<h3> Achever cette pri\u00e8re matinale en offrant notre journ\u00e9e pour Dieu. <\/h3>\n<p>Nous avons la capacit\u00e9 d\u2019offrir nos journ\u00e9e \u00e0 l\u2019\u00e9gard de Dieu et m\u00eame lui demander de la remplir de sa pr\u00e9sence et de sa b\u00e9n\u00e9diction. Par exemple :<br \/>\nSeigneur, moi te confesse cette journ\u00e9e entre tes mains. Que toutes de mes pas soit dirig\u00e9 par ta divine sagesse, que toutes de mes paroles soit inspir\u00e9e par ta amour. Que toutes mes actions soient accomplies selon ta volont\u00e9, pour ton gloire et le bien. Que ta divine lumi\u00e8re \u00e9claire ma route et \u00e9galement que tu habites mon c\u0153ur. Amen.<\/p>\n<h3> Invocation d\u2019imploration matinale. <\/h3>\n<p>La supplication du matin consiste \u00e0 prier pour les besoins de nos chr\u00e9tiennes et des chr\u00e9tiens. Nous avons la possibilit\u00e9 de prier pour les personnes dans le besoin, pour les malades, pour les personnes qui se trouvent souffrent, pour les personnes qui sont confront\u00e9es \u00e0 des difficult\u00e9s, pour les personnes d\u00e9courag\u00e9es et pour les personnes qui sont dans l\u2019erreur.<\/p>\n<h3> Prier afin de tous individus au sein de le besoin. <\/p>\n<h3>\n<\/h3>\n<\/h3>\n<p>Seigneur, dans votre grande mis\u00e9ricorde, tu te demandons pour toutes personnes qui traversent des difficult\u00e9s financi\u00e8res. Que lui leur accordes la force ainsi que la pers\u00e9v\u00e9rance afin de affronter ces \u00e9preuves, ainsi que que tu leur apportes les ressources n\u00e9cessaires en vue de subvenir \u00e0 leurs besoins. Accorde-leur, Dieu Tout-Puissant, sa providence en vue de \u00e9clairer leur pas dans l\u2019ombre de leurs soucis financiers.<\/p>\n<p>Nous autres te prions \u00e9galement pour chaque personnes qui luttent face \u00e0 des probl\u00e8mes de sant\u00e9. Que sa main puissante se pose sur elles, Seigneur, pour les gu\u00e9rir et aussi les r\u00e9conforter dans leur douleur. Accorde-leur, \u00f4, la force et le courage afin de faire face \u00e0 leurs d\u00e9fis de sant\u00e9 en ayant confiance en ta divine providence.<\/p>\n<p>Nous te demandons \u00e9galement en vue de chaque personnes qui sont confront\u00e9es face \u00e0 des difficult\u00e9s dans leur vie, quelle que soit ce que ce soit sur le plan professionnel, relationnel ou \u00e9motionnel. Que sa gr\u00e2ce, Seigneur, devienne leur soutien et aussi leur r\u00e9confort dans ces moments d\u2019\u00e9preuve. Accorde-leur, Dieu Tout-Puissant, ton Esprit Saint afin de illuminer leur chemin ainsi que les guider vers la s\u00e9r\u00e9nit\u00e9.<\/p>\n<p>En conclusion, nous vous prions afin de toutes personnes qui sont sans-abri, qui sont marginalis\u00e9es et exclues de la soci\u00e9t\u00e9. Que sa mis\u00e9ricorde, Seigneur, se r\u00e9pande sur elles comme une douce ros\u00e9e, leur apportant r\u00e9confort ainsi que espoir dans leur d\u00e9tresse. Accorde-leur, \u00f4, des mains g\u00e9n\u00e9reuses afin de les aider et des c\u0153urs compatissants afin de les accueillir dans leur communaut\u00e9.<\/p>\n<h3> \u00e9claircissement sur la pri\u00e8re du matin. <\/h3>\n<p>Dans la pri\u00e8re, nous tournons nos c\u0153urs envers le Ciel, demandant la lumi\u00e8re de Dieu pour guider nos chemins obscurs. Marie, notre m\u00e8re, nous guide dans ce voyage, nous instruisant \u00e0 m\u00e9diter sur les myst\u00e8res de la vie de son divin enfant. Elle nous conduit \u00e0 J\u00e9sus, le rayon du monde, qui illumine nos t\u00e9n\u00e8bres et nous oriente vers la v\u00e9rit\u00e9.<br \/>\nLa oraison nous relie aussi \u00e0 notre famille religieuse, la famille des croyants, o\u00f9 nous \u00e9changeons nos joies et nos douleurs, nos esp\u00e9rances et nos craintes. Collectivement, nous formons le corps du Christ, appel\u00e9s \u00e0 t\u00e9moigner de son charit\u00e9. Par nos supplications, nous interc\u00e9dons pour les n\u00e9cessit\u00e9s des disciples et des chr\u00e9tiens, offrant notre affection et notre compassion \u00e0 ceux qui souffrent.<br \/>\nUnissons nos voix dans la pri\u00e8re de debut de journ\u00e9e, dans notre confiance, en nous tournant vers Marie, la m\u00e8re de J\u00e9sus. Dans notre monde tourment\u00e9 par la guerre et la division, recourons \u00e0 la pri\u00e8re comme un moyen pour trouver la paix et l\u2019harmonie. Les chr\u00e9tiens ont la possibilit\u00e9 exprimer une demande pour la m\u00e8re de dieu <a target=\"_blank\" rel=\"nofollow\" href=\"https:\/\/editionsbussiere.com\/blog\/goto\/https:\/\/www.avemariasound.org\/\" >sur la page de pri\u00e8re pour marie.<\/a> Que nos supplications s\u2019\u00e9l\u00e8vent vers le ciel, comme une offrande agr\u00e9able par Dieu, afin qu\u2019il puisse \u00e9clairer nos chemins vers le chemin de la v\u00e9rit\u00e9 et de la justice. Saint Paul nous exhorte dans ses lettres \u00e0 maintenir une pri\u00e8re incessante, quelle que soit la situation, pour que notre connexion avec Dieu reste solide et passionn\u00e9e. La pri\u00e8re, quand elle est sinc\u00e8rement offerte, poss\u00e8de le pouvoir de changer nos c\u0153urs et de modifier le cours de l\u2019histoire.<\/p>\n<h2> \u00c9lever nos pri\u00e8res pour notre entourage au Seigneur matinale.<\/h2>\n<p>La finale \u00e9tape de la pri\u00e8re du matin consiste \u00e0 prier pour nos proches \u00eatres chers, notre famille, nos amis et notre propre communaut\u00e9. Nous pouvons prier pour leur propre, leur sant\u00e9, leur protection, et leur abondance. Nous pouvons \u00e9galement prier pour nos ennemis et pour ceux qui nous ont offens\u00e9s, et demander \u00e0 Dieu de nous aider \u00e0 leur propre pardonner et \u00e0 leur exprimer la compassion.<\/p>\n<h3> Invoquer pour la sant\u00e9 et la s\u00fbret\u00e9 de nos familles.<\/h3>\n<p>Dieu tout-puissant, nous autres te confions nos familles, nos propres familles avec nos compagnons. Prot\u00e8ge, cher Dieu, au-dessus de eux, et prot\u00e8ge -les de tout p\u00e9ril et de toute maladie. Donne, Dieu mis\u00e9ricordieux, une vigueur du corps ainsi que de l\u2019esprit \u00e0 eux, et la paix dans leur c\u0153ur. Que ta protection omnipotente les esprits veille et les individus dirige chacun au long de cette journ\u00e9e, pour qu\u2019ils puissent vivre dans la s\u00e9curit\u00e9 et la s\u00e9r\u00e9nit\u00e9.<\/p>\n<p>Nous autres \u00e0 toi prions aussi pour nos propres enfants, Dieu, qu\u2019ils grandissent dans la foi et dans l\u2019amour de ton saint nom. Accorde, \u00d4 Dieu, une sagesse avec le courage n\u00e9cessaires pour affronter les obstacles de la vie, ainsi que guide leurs pas le long de le chemin de la v\u00e9rit\u00e9 et aussi de la justice.<\/p>\n<p>Enfin, nous te prions en vue de nos amis et aussi nos voisins, Seigneur, pour qu\u2019ils exp\u00e9rimentent la joie de ton amour ainsi que la s\u00e9r\u00e9nit\u00e9 de ton pardon. Donne-leur, cher Dieu, des c\u0153urs pleins de g\u00e9n\u00e9rosit\u00e9 pour partager avec ceux qui sont dans le besoin, ainsi que bras accueillantes en vue de accueillir ceux qui sont seuls et abandonn\u00e9s.<\/p>\n<h3> Prier pour les n\u00f4tres ennemis et ceux que nous ont offens\u00e9s. <\/h3>\n<p>Seigneur Dieu, J\u00e9sus, nous vous prions pour les n\u00f4tres ennemis et aussi pour ceux qui sont nous ont offens\u00e9s. Accorde-leur, \u00f4 J\u00e9sus, votre mis\u00e9ricorde et ton pardon, et aussi ouvre leur c\u0153ur \u00e0 la lumi\u00e8re des ta v\u00e9rit\u00e9. Aide-nous, Seigneur, \u00e0 leur montrer de la compassion ainsi que \u00e0 leur pardonner comme tu nous-m\u00eames as pardonn\u00e9. Que ta paix r\u00e8gne dans les n\u00f4tres c\u0153urs et aussi que ton amour guide notre actions, pour que nous puissions vivre en harmonie avec tous ceux qui nous entourent.<\/p>\n<h3> Appr\u00e9hender l\u2019 pri\u00e8re : <\/h3>\n<p>En conclusion, la pri\u00e8re nous souviens notre mission comme enfants de l\u2019\u00c9ternel : se trouver des observateurs de sa lumi\u00e8re et de son affection dans l\u2019 p\u00e9riode affect\u00e9e aux t\u00e9n\u00e8bres. \u00c0 travers notre mots et nos actions, nous r\u00e9pandons l\u2019\u00c9vangile de la s\u00e9r\u00e9nit\u00e9 et de la rapprochement, amenant l\u2019esp\u00e9rance et la gu\u00e9rison \u00e0 un environnement ab\u00eem\u00e9.<\/p>\n<p>\u00c0 l\u2019int\u00e9rieur de la spiritualit\u00e9 chr\u00e9tienne, le matin rev\u00eat l\u2019 signification particuli\u00e8re, repr\u00e9sentant le rafra\u00eechissement et la r\u00e9g\u00e9n\u00e9ration int\u00e9rieure. C\u2019est au lever du jour de chaque journ\u00e9e que l\u2019esprit se oriente vers l\u2019\u00c9ternel dans la pri\u00e8re, s\u2019effor\u00e7ant \u00e0 \u00eatre \u00e9clair\u00e9e par la lumi\u00e8re c\u00e9leste. La coutume des pri\u00e8res matinales se r\u00e9v\u00e8le profond\u00e9ment enracin\u00e9e dans la tradition chr\u00e9tienne, proposant un moment privil\u00e9gi\u00e9 pour \u00e9tablir une connexion avec l\u2019\u00c9ternel et se disposer mentalement aux \u00e9preuves de la journ\u00e9e qui vient.<\/p>\n<p>\u00c0 au sein de ces pri\u00e8re matinales s\u2019 rep\u00e8re habituellement une d\u00e9votion distincte pour Marie, maman mam de J\u00e9sus et ic\u00f4ne sainte respect\u00e9e par de nombreux fid\u00e8les. En qualit\u00e9 de intercesseur parmi les hommes et Dieu, Marie est pri\u00e9e pour interc\u00e9der en notre nom, nous guidant dans le sentier vers la saintet\u00e9 et ainsi que la gr\u00e2ce divine. Son pr\u00e9sence maternelle fournit apaisement ainsi que s\u00e9curit\u00e9, entourant nos pri\u00e8res matinales d\u2019une d\u00e9licatesse c\u00e9leste.<\/p>\n<p>Au travers les pri\u00e8re du matin, on se trouve convives pour se rallier \u00e0 Marie dans une d\u00e9marche de purification personnelle. Dans m\u00e9ditant sur sa vie et ses vertus, nous recherchons \u00e0 imiter sa humilit\u00e9, la puret\u00e9 et son ob\u00e9issance \u00e0 la volont\u00e9 de Dieu. Gr\u00e2ce \u00e0 sa saintet\u00e9 exemplaire, Marie se transforme en en nous une mod\u00e8le pour vie chr\u00e9tienne, on rem\u00e9morant l\u2019importance de la pri\u00e8re et de la contemplation au sein de nos cheminement spirituel.<\/p>\n<p>La oraison du matin se trouve \u00eatre un instant favoris\u00e9 pour se consacrer vers Dieu avec l\u2019intercession de Marie, en pr\u00e9sentant nos louanges, nos remerciements et nos intentions les plus profondes. Au sein de l\u2019 qui\u00e9tude de l\u2019aurore, on est invit\u00e9s \u00e0 tourner envers cette m\u00e8re sacr\u00e9e, laquelle on guide avec affection sur le chemin de la foi et l\u2019amour divin. En faisant l\u2019union notre voix \u00e0 celle-ci de Marie, on haussant nos pri\u00e8res matinales \u00e0 le tr\u00f4ne de la gr\u00e2ce, s\u00fbrs que nos supplications seront entendues et accueillies par le c\u0153ur mis\u00e9ricordieux de Dieu.<\/p>\n<p>Ce propos r\u00e9pond \u00e0 vos investigations vous adorerez tout autant ces publications :<\/p>\n<p>Po\u00e9sies (Desbordes-Valmore, 1830)\/La Guirlande de Rose-Marie.,<a target=\"_blank\" rel=\"nofollow\" href=\"https:\/\/editionsbussiere.com\/blog\/goto\/https:\/\/fr.wikisource.org\/wiki\/Po%C3%A9sies_(Desbordes-Valmore,_1830)\/La_Guirlande_de_Rose-Marie\"  target=\"_blank\" rel=\"noopener noreferrer nofollow\">Ici.<\/a><span><\/span><\/p>\n<p>Militza.,<a target=\"_blank\" rel=\"nofollow\" href=\"https:\/\/editionsbussiere.com\/blog\/goto\/https:\/\/fr.wikisource.org\/wiki\/Militza\"  target=\"_blank\" rel=\"noopener noreferrer nofollow\">Article complet.<\/a><span><\/span><\/p>\n<p>Les Foules de Lourdes\/Pr\u00e9face.,<a target=\"_blank\" rel=\"nofollow\" href=\"https:\/\/editionsbussiere.com\/blog\/goto\/https:\/\/fr.wikisource.org\/wiki\/Les_Foules_de_Lourdes\/Pr%C3%A9face\"  target=\"_blank\" rel=\"noopener noreferrer nofollow\">Article complet.<\/a><span><\/span><\/p>\n<p>Le Moine et le Philosophe\/Tome 1\/I\/IX.,<a target=\"_blank\" rel=\"nofollow\" href=\"https:\/\/editionsbussiere.com\/blog\/goto\/https:\/\/fr.wikisource.org\/wiki\/Le_Moine_et_le_Philosophe\/Tome_1\/I\/IX\"  target=\"_blank\" rel=\"noopener noreferrer nofollow\">Le dossier.<\/a><span><\/span>. Suite sur le prochain article.<\/p>\n<p>Dictionnaire de Tr\u00e9voux\/6e \u00e9dition, 1771\/CONS\u00c9CRATION.,<a target=\"_blank\" rel=\"nofollow\" href=\"https:\/\/editionsbussiere.com\/blog\/goto\/https:\/\/fr.wikisource.org\/wiki\/Dictionnaire_de_Tr%C3%A9voux\/6e_%C3%A9dition,_1771\/CONS%C3%89CRATION\"  target=\"_blank\" rel=\"noopener noreferrer nofollow\">Article complet.<\/a><span><\/span><\/p>\n<p>Chansons populaires de la Basse-Bretagne\/Les trois Marie.,<a target=\"_blank\" rel=\"nofollow\" href=\"https:\/\/editionsbussiere.com\/blog\/goto\/https:\/\/fr.wikisource.org\/wiki\/Chansons_populaires_de_la_Basse-Bretagne\/Les_trois_Marie\"  target=\"_blank\" rel=\"noopener noreferrer nofollow\">L\u2019article de presse.<\/a><span><\/span>. Suite sur le prochain article.<\/p>\n<\/div>\n<p><img decoding=\"async\" class=\"wpe_imgrss\" src=\"https:\/\/editionsbussiere.com\/blog\/wp-content\/uploads\/2024\/09\/Derriere-le-rideau-de-la-magie-de-Noel-a-la-1024x683-1.jpg\">Cet article a \u00e9t\u00e9 reconstitu\u00e9 du mieux possible. Dans l\u2019hypoth\u00e8se o\u00f9 vous souhaitez apporter quelques modifications concernant le th\u00e8me \u00ab\u00a0Editions \u00e9sot\u00e9rique fond\u00e9e en 1927\u00a0\u00bb, il est possible de discuter avec notre r\u00e9daction. Vous pouvez tirer profit de cet article traitant le sujet \u00ab\u00a0Editions \u00e9sot\u00e9rique fond\u00e9e en 1927\u00a0\u00bb. Il est concoct\u00e9 par l\u2019\u00e9quipe editionsbussiere.com. Le site editionsbussiere.com est fait pour cr\u00e9er divers posts autour du th\u00e8me Editions \u00e9sot\u00e9rique fond\u00e9e en 1927 d\u00e9velopp\u00e9es sur internet. Consultez notre site internet editionsbussiere.com et nos r\u00e9seaux sociaux pour \u00eatre au courant des futures annonces.<\/p>\n","protected":false},"excerpt":{"rendered":"<p>Pour la ville portuaire, l\u2019id\u00e9e de No\u00ebl n\u2019a pas encore travers\u00e9 l\u2019esprit de la plupart des gens. Cependant, pour les artistes num\u00e9riques travailleurs et d\u00e9vou\u00e9s de The Electric Canvas, No\u00ebl est au premier plan. Depuis des mois, l\u2019\u00e9quipe charg\u00e9e de projeter les images incroyables sur la fa\u00e7ade de la cath\u00e9drale Sainte-Marie s\u2019affaire \u00e0 se plonger [&hellip;]<\/p>\n","protected":false},"author":3,"featured_media":1418,"comment_status":"closed","ping_status":"closed","sticky":false,"template":"","format":"standard","meta":{"footnotes":""},"categories":[3],"tags":[],"class_list":["post-1417","post","type-post","status-publish","format-standard","has-post-thumbnail","hentry","category-editions-esoterique-fondee-en-1927-depeches","entry","fw-tab-6 fw-tabr-4","has-featured-image"],"yoast_head":"<!-- This site is optimized with the Yoast SEO plugin v27.5 - https:\/\/yoast.com\/product\/yoast-seo-wordpress\/ -->\n<title>Derri\u00e8re le rideau de la magie de No\u00ebl \u00e0 la Cath\u00e9drale avec une requ\u00eate en d\u00e9but de journ\u00e9e. - EDITIONSBUSSIERE<\/title>\n<meta name=\"robots\" content=\"index, follow, max-snippet:-1, max-image-preview:large, max-video-preview:-1\" \/>\n<link rel=\"canonical\" href=\"https:\/\/editionsbussiere.com\/blog\/derriere-le-rideau-de-la-magie-de-noel-a-la-cathedrale-avec-une-requete-en-debut-de-journee\/\" \/>\n<meta property=\"og:locale\" content=\"fr_FR\" \/>\n<meta property=\"og:type\" content=\"article\" \/>\n<meta property=\"og:title\" content=\"Derri\u00e8re le rideau de la magie de No\u00ebl \u00e0 la Cath\u00e9drale avec une requ\u00eate en d\u00e9but de journ\u00e9e. - EDITIONSBUSSIERE\" \/>\n<meta property=\"og:description\" content=\"Pour la ville portuaire, l\u2019id\u00e9e de No\u00ebl n\u2019a pas encore travers\u00e9 l\u2019esprit de la plupart des gens. Cependant, pour les artistes num\u00e9riques travailleurs et d\u00e9vou\u00e9s de The Electric Canvas, No\u00ebl est au premier plan. Depuis des mois, l\u2019\u00e9quipe charg\u00e9e de projeter les images incroyables sur la fa\u00e7ade de la cath\u00e9drale Sainte-Marie s\u2019affaire \u00e0 se plonger [&hellip;]\" \/>\n<meta property=\"og:url\" content=\"https:\/\/editionsbussiere.com\/blog\/derriere-le-rideau-de-la-magie-de-noel-a-la-cathedrale-avec-une-requete-en-debut-de-journee\/\" \/>\n<meta property=\"og:site_name\" content=\"EDITIONSBUSSIERE\" \/>\n<meta property=\"article:published_time\" content=\"2024-09-26T04:02:25+00:00\" \/>\n<meta property=\"og:image\" content=\"https:\/\/editionsbussiere.com\/blog\/wp-content\/uploads\/2024\/09\/Derriere-le-rideau-de-la-magie-de-Noel-a-la-1024x683-1.jpg\" \/>\n<meta name=\"author\" content=\"Marie BATICLE\" \/>\n<meta name=\"twitter:card\" content=\"summary_large_image\" \/>\n<meta name=\"twitter:label1\" content=\"\u00c9crit par\" \/>\n\t<meta name=\"twitter:data1\" content=\"Marie BATICLE\" \/>\n\t<meta name=\"twitter:label2\" content=\"Dur\u00e9e de lecture estim\u00e9e\" \/>\n\t<meta name=\"twitter:data2\" content=\"16 minutes\" \/>\n<script type=\"application\/ld+json\" class=\"yoast-schema-graph\">{\"@context\":\"https:\\\/\\\/schema.org\",\"@graph\":[{\"@type\":\"Article\",\"@id\":\"https:\\\/\\\/editionsbussiere.com\\\/blog\\\/derriere-le-rideau-de-la-magie-de-noel-a-la-cathedrale-avec-une-requete-en-debut-de-journee\\\/#article\",\"isPartOf\":{\"@id\":\"https:\\\/\\\/editionsbussiere.com\\\/blog\\\/derriere-le-rideau-de-la-magie-de-noel-a-la-cathedrale-avec-une-requete-en-debut-de-journee\\\/\"},\"author\":{\"name\":\"Marie BATICLE\",\"@id\":\"https:\\\/\\\/editionsbussiere.com\\\/blog\\\/#\\\/schema\\\/person\\\/ec90e102792148c97e46ab871010dd8f\"},\"headline\":\"Derri\u00e8re le rideau de la magie de No\u00ebl \u00e0 la Cath\u00e9drale avec une requ\u00eate en d\u00e9but de journ\u00e9e.\",\"datePublished\":\"2024-09-26T04:02:25+00:00\",\"mainEntityOfPage\":{\"@id\":\"https:\\\/\\\/editionsbussiere.com\\\/blog\\\/derriere-le-rideau-de-la-magie-de-noel-a-la-cathedrale-avec-une-requete-en-debut-de-journee\\\/\"},\"wordCount\":3163,\"publisher\":{\"@id\":\"https:\\\/\\\/editionsbussiere.com\\\/blog\\\/#organization\"},\"image\":{\"@id\":\"https:\\\/\\\/editionsbussiere.com\\\/blog\\\/derriere-le-rideau-de-la-magie-de-noel-a-la-cathedrale-avec-une-requete-en-debut-de-journee\\\/#primaryimage\"},\"thumbnailUrl\":\"https:\\\/\\\/editionsbussiere.com\\\/blog\\\/wp-content\\\/uploads\\\/2024\\\/09\\\/Derriere-le-rideau-de-la-magie-de-Noel-a-la-1024x683-1.jpg\",\"articleSection\":[\"Editions \u00c9sot\u00e9rique Fond\u00e9e En 1927; D\u00e9p\u00e8ches:\"],\"inLanguage\":\"fr-FR\"},{\"@type\":\"WebPage\",\"@id\":\"https:\\\/\\\/editionsbussiere.com\\\/blog\\\/derriere-le-rideau-de-la-magie-de-noel-a-la-cathedrale-avec-une-requete-en-debut-de-journee\\\/\",\"url\":\"https:\\\/\\\/editionsbussiere.com\\\/blog\\\/derriere-le-rideau-de-la-magie-de-noel-a-la-cathedrale-avec-une-requete-en-debut-de-journee\\\/\",\"name\":\"Derri\u00e8re le rideau de la magie de No\u00ebl \u00e0 la Cath\u00e9drale avec une requ\u00eate en d\u00e9but de journ\u00e9e. - EDITIONSBUSSIERE\",\"isPartOf\":{\"@id\":\"https:\\\/\\\/editionsbussiere.com\\\/blog\\\/#website\"},\"primaryImageOfPage\":{\"@id\":\"https:\\\/\\\/editionsbussiere.com\\\/blog\\\/derriere-le-rideau-de-la-magie-de-noel-a-la-cathedrale-avec-une-requete-en-debut-de-journee\\\/#primaryimage\"},\"image\":{\"@id\":\"https:\\\/\\\/editionsbussiere.com\\\/blog\\\/derriere-le-rideau-de-la-magie-de-noel-a-la-cathedrale-avec-une-requete-en-debut-de-journee\\\/#primaryimage\"},\"thumbnailUrl\":\"https:\\\/\\\/editionsbussiere.com\\\/blog\\\/wp-content\\\/uploads\\\/2024\\\/09\\\/Derriere-le-rideau-de-la-magie-de-Noel-a-la-1024x683-1.jpg\",\"datePublished\":\"2024-09-26T04:02:25+00:00\",\"breadcrumb\":{\"@id\":\"https:\\\/\\\/editionsbussiere.com\\\/blog\\\/derriere-le-rideau-de-la-magie-de-noel-a-la-cathedrale-avec-une-requete-en-debut-de-journee\\\/#breadcrumb\"},\"inLanguage\":\"fr-FR\",\"potentialAction\":[{\"@type\":\"ReadAction\",\"target\":[\"https:\\\/\\\/editionsbussiere.com\\\/blog\\\/derriere-le-rideau-de-la-magie-de-noel-a-la-cathedrale-avec-une-requete-en-debut-de-journee\\\/\"]}]},{\"@type\":\"ImageObject\",\"inLanguage\":\"fr-FR\",\"@id\":\"https:\\\/\\\/editionsbussiere.com\\\/blog\\\/derriere-le-rideau-de-la-magie-de-noel-a-la-cathedrale-avec-une-requete-en-debut-de-journee\\\/#primaryimage\",\"url\":\"https:\\\/\\\/editionsbussiere.com\\\/blog\\\/wp-content\\\/uploads\\\/2024\\\/09\\\/Derriere-le-rideau-de-la-magie-de-Noel-a-la-1024x683-1.jpg\",\"contentUrl\":\"https:\\\/\\\/editionsbussiere.com\\\/blog\\\/wp-content\\\/uploads\\\/2024\\\/09\\\/Derriere-le-rideau-de-la-magie-de-Noel-a-la-1024x683-1.jpg\",\"width\":1024,\"height\":683,\"caption\":\"Derriere le rideau de la magie de Noel a la 1024x683 1\"},{\"@type\":\"BreadcrumbList\",\"@id\":\"https:\\\/\\\/editionsbussiere.com\\\/blog\\\/derriere-le-rideau-de-la-magie-de-noel-a-la-cathedrale-avec-une-requete-en-debut-de-journee\\\/#breadcrumb\",\"itemListElement\":[{\"@type\":\"ListItem\",\"position\":1,\"name\":\"Accueil\",\"item\":\"https:\\\/\\\/editionsbussiere.com\\\/blog\\\/\"},{\"@type\":\"ListItem\",\"position\":2,\"name\":\"Derri\u00e8re le rideau de la magie de No\u00ebl \u00e0 la Cath\u00e9drale avec une requ\u00eate en d\u00e9but de journ\u00e9e.\"}]},{\"@type\":\"WebSite\",\"@id\":\"https:\\\/\\\/editionsbussiere.com\\\/blog\\\/#website\",\"url\":\"https:\\\/\\\/editionsbussiere.com\\\/blog\\\/\",\"name\":\"EDITIONSBUSSIERE\",\"description\":\"Editions \u00e9sot\u00e9rique fond\u00e9e en 1927; site historique, A SAVOIR ET RETENIR.\",\"publisher\":{\"@id\":\"https:\\\/\\\/editionsbussiere.com\\\/blog\\\/#organization\"},\"potentialAction\":[{\"@type\":\"SearchAction\",\"target\":{\"@type\":\"EntryPoint\",\"urlTemplate\":\"https:\\\/\\\/editionsbussiere.com\\\/blog\\\/?s={search_term_string}\"},\"query-input\":{\"@type\":\"PropertyValueSpecification\",\"valueRequired\":true,\"valueName\":\"search_term_string\"}}],\"inLanguage\":\"fr-FR\"},{\"@type\":\"Organization\",\"@id\":\"https:\\\/\\\/editionsbussiere.com\\\/blog\\\/#organization\",\"name\":\"editionsbussiere\",\"url\":\"https:\\\/\\\/editionsbussiere.com\\\/blog\\\/\",\"logo\":{\"@type\":\"ImageObject\",\"inLanguage\":\"fr-FR\",\"@id\":\"https:\\\/\\\/editionsbussiere.com\\\/blog\\\/#\\\/schema\\\/logo\\\/image\\\/\",\"url\":\"https:\\\/\\\/editionsbussiere.com\\\/blog\\\/wp-content\\\/uploads\\\/2023\\\/09\\\/cropped-buss.gif\",\"contentUrl\":\"https:\\\/\\\/editionsbussiere.com\\\/blog\\\/wp-content\\\/uploads\\\/2023\\\/09\\\/cropped-buss.gif\",\"width\":298,\"height\":120,\"caption\":\"editionsbussiere\"},\"image\":{\"@id\":\"https:\\\/\\\/editionsbussiere.com\\\/blog\\\/#\\\/schema\\\/logo\\\/image\\\/\"}},{\"@type\":\"Person\",\"@id\":\"https:\\\/\\\/editionsbussiere.com\\\/blog\\\/#\\\/schema\\\/person\\\/ec90e102792148c97e46ab871010dd8f\",\"name\":\"Marie BATICLE\",\"image\":{\"@type\":\"ImageObject\",\"inLanguage\":\"fr-FR\",\"@id\":\"https:\\\/\\\/secure.gravatar.com\\\/avatar\\\/c923e52403b1b8137e2d929127211d21967e6aecaa053bd43b09da29f212e76e?s=96&d=mm&r=g\",\"url\":\"https:\\\/\\\/secure.gravatar.com\\\/avatar\\\/c923e52403b1b8137e2d929127211d21967e6aecaa053bd43b09da29f212e76e?s=96&d=mm&r=g\",\"contentUrl\":\"https:\\\/\\\/secure.gravatar.com\\\/avatar\\\/c923e52403b1b8137e2d929127211d21967e6aecaa053bd43b09da29f212e76e?s=96&d=mm&r=g\",\"caption\":\"Marie BATICLE\"},\"url\":\"https:\\\/\\\/editionsbussiere.com\\\/blog\\\/author\\\/eremarie\\\/\"}]}<\/script>\n<!-- \/ Yoast SEO plugin. -->","yoast_head_json":{"title":"Derri\u00e8re le rideau de la magie de No\u00ebl \u00e0 la Cath\u00e9drale avec une requ\u00eate en d\u00e9but de journ\u00e9e. - EDITIONSBUSSIERE","robots":{"index":"index","follow":"follow","max-snippet":"max-snippet:-1","max-image-preview":"max-image-preview:large","max-video-preview":"max-video-preview:-1"},"canonical":"https:\/\/editionsbussiere.com\/blog\/derriere-le-rideau-de-la-magie-de-noel-a-la-cathedrale-avec-une-requete-en-debut-de-journee\/","og_locale":"fr_FR","og_type":"article","og_title":"Derri\u00e8re le rideau de la magie de No\u00ebl \u00e0 la Cath\u00e9drale avec une requ\u00eate en d\u00e9but de journ\u00e9e. - EDITIONSBUSSIERE","og_description":"Pour la ville portuaire, l\u2019id\u00e9e de No\u00ebl n\u2019a pas encore travers\u00e9 l\u2019esprit de la plupart des gens. Cependant, pour les artistes num\u00e9riques travailleurs et d\u00e9vou\u00e9s de The Electric Canvas, No\u00ebl est au premier plan. Depuis des mois, l\u2019\u00e9quipe charg\u00e9e de projeter les images incroyables sur la fa\u00e7ade de la cath\u00e9drale Sainte-Marie s\u2019affaire \u00e0 se plonger [&hellip;]","og_url":"https:\/\/editionsbussiere.com\/blog\/derriere-le-rideau-de-la-magie-de-noel-a-la-cathedrale-avec-une-requete-en-debut-de-journee\/","og_site_name":"EDITIONSBUSSIERE","article_published_time":"2024-09-26T04:02:25+00:00","og_image":[{"url":"https:\/\/editionsbussiere.com\/blog\/wp-content\/uploads\/2024\/09\/Derriere-le-rideau-de-la-magie-de-Noel-a-la-1024x683-1.jpg","type":"","width":"","height":""}],"author":"Marie BATICLE","twitter_card":"summary_large_image","twitter_misc":{"\u00c9crit par":"Marie BATICLE","Dur\u00e9e de lecture estim\u00e9e":"16 minutes"},"schema":{"@context":"https:\/\/schema.org","@graph":[{"@type":"Article","@id":"https:\/\/editionsbussiere.com\/blog\/derriere-le-rideau-de-la-magie-de-noel-a-la-cathedrale-avec-une-requete-en-debut-de-journee\/#article","isPartOf":{"@id":"https:\/\/editionsbussiere.com\/blog\/derriere-le-rideau-de-la-magie-de-noel-a-la-cathedrale-avec-une-requete-en-debut-de-journee\/"},"author":{"name":"Marie BATICLE","@id":"https:\/\/editionsbussiere.com\/blog\/#\/schema\/person\/ec90e102792148c97e46ab871010dd8f"},"headline":"Derri\u00e8re le rideau de la magie de No\u00ebl \u00e0 la Cath\u00e9drale avec une requ\u00eate en d\u00e9but de journ\u00e9e.","datePublished":"2024-09-26T04:02:25+00:00","mainEntityOfPage":{"@id":"https:\/\/editionsbussiere.com\/blog\/derriere-le-rideau-de-la-magie-de-noel-a-la-cathedrale-avec-une-requete-en-debut-de-journee\/"},"wordCount":3163,"publisher":{"@id":"https:\/\/editionsbussiere.com\/blog\/#organization"},"image":{"@id":"https:\/\/editionsbussiere.com\/blog\/derriere-le-rideau-de-la-magie-de-noel-a-la-cathedrale-avec-une-requete-en-debut-de-journee\/#primaryimage"},"thumbnailUrl":"https:\/\/editionsbussiere.com\/blog\/wp-content\/uploads\/2024\/09\/Derriere-le-rideau-de-la-magie-de-Noel-a-la-1024x683-1.jpg","articleSection":["Editions \u00c9sot\u00e9rique Fond\u00e9e En 1927; D\u00e9p\u00e8ches:"],"inLanguage":"fr-FR"},{"@type":"WebPage","@id":"https:\/\/editionsbussiere.com\/blog\/derriere-le-rideau-de-la-magie-de-noel-a-la-cathedrale-avec-une-requete-en-debut-de-journee\/","url":"https:\/\/editionsbussiere.com\/blog\/derriere-le-rideau-de-la-magie-de-noel-a-la-cathedrale-avec-une-requete-en-debut-de-journee\/","name":"Derri\u00e8re le rideau de la magie de No\u00ebl \u00e0 la Cath\u00e9drale avec une requ\u00eate en d\u00e9but de journ\u00e9e. - EDITIONSBUSSIERE","isPartOf":{"@id":"https:\/\/editionsbussiere.com\/blog\/#website"},"primaryImageOfPage":{"@id":"https:\/\/editionsbussiere.com\/blog\/derriere-le-rideau-de-la-magie-de-noel-a-la-cathedrale-avec-une-requete-en-debut-de-journee\/#primaryimage"},"image":{"@id":"https:\/\/editionsbussiere.com\/blog\/derriere-le-rideau-de-la-magie-de-noel-a-la-cathedrale-avec-une-requete-en-debut-de-journee\/#primaryimage"},"thumbnailUrl":"https:\/\/editionsbussiere.com\/blog\/wp-content\/uploads\/2024\/09\/Derriere-le-rideau-de-la-magie-de-Noel-a-la-1024x683-1.jpg","datePublished":"2024-09-26T04:02:25+00:00","breadcrumb":{"@id":"https:\/\/editionsbussiere.com\/blog\/derriere-le-rideau-de-la-magie-de-noel-a-la-cathedrale-avec-une-requete-en-debut-de-journee\/#breadcrumb"},"inLanguage":"fr-FR","potentialAction":[{"@type":"ReadAction","target":["https:\/\/editionsbussiere.com\/blog\/derriere-le-rideau-de-la-magie-de-noel-a-la-cathedrale-avec-une-requete-en-debut-de-journee\/"]}]},{"@type":"ImageObject","inLanguage":"fr-FR","@id":"https:\/\/editionsbussiere.com\/blog\/derriere-le-rideau-de-la-magie-de-noel-a-la-cathedrale-avec-une-requete-en-debut-de-journee\/#primaryimage","url":"https:\/\/editionsbussiere.com\/blog\/wp-content\/uploads\/2024\/09\/Derriere-le-rideau-de-la-magie-de-Noel-a-la-1024x683-1.jpg","contentUrl":"https:\/\/editionsbussiere.com\/blog\/wp-content\/uploads\/2024\/09\/Derriere-le-rideau-de-la-magie-de-Noel-a-la-1024x683-1.jpg","width":1024,"height":683,"caption":"Derriere le rideau de la magie de Noel a la 1024x683 1"},{"@type":"BreadcrumbList","@id":"https:\/\/editionsbussiere.com\/blog\/derriere-le-rideau-de-la-magie-de-noel-a-la-cathedrale-avec-une-requete-en-debut-de-journee\/#breadcrumb","itemListElement":[{"@type":"ListItem","position":1,"name":"Accueil","item":"https:\/\/editionsbussiere.com\/blog\/"},{"@type":"ListItem","position":2,"name":"Derri\u00e8re le rideau de la magie de No\u00ebl \u00e0 la Cath\u00e9drale avec une requ\u00eate en d\u00e9but de journ\u00e9e."}]},{"@type":"WebSite","@id":"https:\/\/editionsbussiere.com\/blog\/#website","url":"https:\/\/editionsbussiere.com\/blog\/","name":"EDITIONSBUSSIERE","description":"Editions \u00e9sot\u00e9rique fond\u00e9e en 1927; site historique, A SAVOIR ET RETENIR.","publisher":{"@id":"https:\/\/editionsbussiere.com\/blog\/#organization"},"potentialAction":[{"@type":"SearchAction","target":{"@type":"EntryPoint","urlTemplate":"https:\/\/editionsbussiere.com\/blog\/?s={search_term_string}"},"query-input":{"@type":"PropertyValueSpecification","valueRequired":true,"valueName":"search_term_string"}}],"inLanguage":"fr-FR"},{"@type":"Organization","@id":"https:\/\/editionsbussiere.com\/blog\/#organization","name":"editionsbussiere","url":"https:\/\/editionsbussiere.com\/blog\/","logo":{"@type":"ImageObject","inLanguage":"fr-FR","@id":"https:\/\/editionsbussiere.com\/blog\/#\/schema\/logo\/image\/","url":"https:\/\/editionsbussiere.com\/blog\/wp-content\/uploads\/2023\/09\/cropped-buss.gif","contentUrl":"https:\/\/editionsbussiere.com\/blog\/wp-content\/uploads\/2023\/09\/cropped-buss.gif","width":298,"height":120,"caption":"editionsbussiere"},"image":{"@id":"https:\/\/editionsbussiere.com\/blog\/#\/schema\/logo\/image\/"}},{"@type":"Person","@id":"https:\/\/editionsbussiere.com\/blog\/#\/schema\/person\/ec90e102792148c97e46ab871010dd8f","name":"Marie BATICLE","image":{"@type":"ImageObject","inLanguage":"fr-FR","@id":"https:\/\/secure.gravatar.com\/avatar\/c923e52403b1b8137e2d929127211d21967e6aecaa053bd43b09da29f212e76e?s=96&d=mm&r=g","url":"https:\/\/secure.gravatar.com\/avatar\/c923e52403b1b8137e2d929127211d21967e6aecaa053bd43b09da29f212e76e?s=96&d=mm&r=g","contentUrl":"https:\/\/secure.gravatar.com\/avatar\/c923e52403b1b8137e2d929127211d21967e6aecaa053bd43b09da29f212e76e?s=96&d=mm&r=g","caption":"Marie BATICLE"},"url":"https:\/\/editionsbussiere.com\/blog\/author\/eremarie\/"}]}},"_links":{"self":[{"href":"https:\/\/editionsbussiere.com\/blog\/wp-json\/wp\/v2\/posts\/1417","targetHints":{"allow":["GET"]}}],"collection":[{"href":"https:\/\/editionsbussiere.com\/blog\/wp-json\/wp\/v2\/posts"}],"about":[{"href":"https:\/\/editionsbussiere.com\/blog\/wp-json\/wp\/v2\/types\/post"}],"author":[{"embeddable":true,"href":"https:\/\/editionsbussiere.com\/blog\/wp-json\/wp\/v2\/users\/3"}],"replies":[{"embeddable":true,"href":"https:\/\/editionsbussiere.com\/blog\/wp-json\/wp\/v2\/comments?post=1417"}],"version-history":[{"count":0,"href":"https:\/\/editionsbussiere.com\/blog\/wp-json\/wp\/v2\/posts\/1417\/revisions"}],"wp:featuredmedia":[{"embeddable":true,"href":"https:\/\/editionsbussiere.com\/blog\/wp-json\/wp\/v2\/media\/1418"}],"wp:attachment":[{"href":"https:\/\/editionsbussiere.com\/blog\/wp-json\/wp\/v2\/media?parent=1417"}],"wp:term":[{"taxonomy":"category","embeddable":true,"href":"https:\/\/editionsbussiere.com\/blog\/wp-json\/wp\/v2\/categories?post=1417"},{"taxonomy":"post_tag","embeddable":true,"href":"https:\/\/editionsbussiere.com\/blog\/wp-json\/wp\/v2\/tags?post=1417"}],"curies":[{"name":"wp","href":"https:\/\/api.w.org\/{rel}","templated":true}]}}