{"id":1411,"date":"2024-09-24T15:08:58","date_gmt":"2024-09-24T13:08:58","guid":{"rendered":"https:\/\/editionsbussiere.com\/blog\/quelle-est-lhistoire-entre-jesus-et-marie-de-magdala-et-requete-en-debut-de-journee\/"},"modified":"2024-09-24T15:08:58","modified_gmt":"2024-09-24T13:08:58","slug":"quelle-est-lhistoire-entre-jesus-et-marie-de-magdala-et-requete-en-debut-de-journee","status":"publish","type":"post","link":"https:\/\/editionsbussiere.com\/blog\/quelle-est-lhistoire-entre-jesus-et-marie-de-magdala-et-requete-en-debut-de-journee\/","title":{"rendered":"Quelle est l\u2019histoire entre J\u00e9sus et Marie de Magdala ?\n et requ\u00eate en d\u00e9but de journ\u00e9e."},"content":{"rendered":"<div><img width=\"316\" height=\"316\" src=\"https:\/\/editionsbussiere.com\/blog\/wp-content\/uploads\/2024\/09\/Existe-t-il-des-textes-de-la-Bible-qui-resument-lEvangile-1.png\" class=\"attachment-large size-large wp-post-image\" alt=\"Existe-t-il des textes de la Bible qui r\u00e9sument l\u2019\u00c9vangile ?\" style=\"float:left; margin:0 15px 15px 0;\" decoding=\"async\" srcset=\"https:\/\/editionsbussiere.com\/blog\/wp-content\/uploads\/2024\/09\/Existe-t-il-des-textes-de-la-Bible-qui-resument-lEvangile-1.png 316w, https:\/\/www.n42.fr\/wp-content\/uploads\/2024\/02\/Existe-t-il-des-textes-de-la-Bible-qui-resument-lEvangile-300x300.png 300w, https:\/\/www.n42.fr\/wp-content\/uploads\/2024\/02\/Existe-t-il-des-textes-de-la-Bible-qui-resument-lEvangile-150x150.png 150w\" sizes=\"(max-width: 316px) 100vw, 316px\"><\/p>\n<p>\n<\/p>\n<p>Je m\u2019int\u00e9resse \u00e0 un mythe :<\/p>\n<p>Existe-t-il des preuves \u00e0 l\u2019appui de l\u2019affirmation selon laquelle J\u00e9sus et Marie de Magdala auraient pu avoir une relation intime, comme un mariage ou des fian\u00e7ailles au moins ?<\/p>\n<p>Je recherche des sources, des sources solides.<\/p>\n<h2>Une p\u00e9riode de communion individuelle en vue de nous ouvrir avec Dieu. <\/h2>\n<p>Adorable P\u00e8re divin, je viens en face de toi pour te rendre gr\u00e2ce pour cette in\u00e9dite journ\u00e9e. Je t\u2019adore pour ta bienveillance et ton engagement envers moi. Je te supplie de me remplir de ton esprit et de me donner la gr\u00e2ce d\u2019\u00e9prouver ta pr\u00e8s de moi durant de cette journ\u00e9e. Je te remets toutes mes inqui\u00e9tudes, mes joies, mes chagrins, mes aspirations et mes esp\u00e9rances. Que ton Esprit Saint \u00e9claire de sa lumi\u00e8re mon esprit et fortifie ma foi, pour que je puisse cheminer dans tes voies et accomplir ta volont\u00e9. Donne-moi la gr\u00e2ce de vivre selon la compassion dont tu nous as montr\u00e9 l\u2019exemple \u00e0 travers ton Fils admir\u00e9, J\u00e9sus-Christ.<\/p>\n<h3> Note sur compr\u00e9hension : <\/h3>\n<p>La pri\u00e8re nous emm\u00e8ne dans le famille divine, l\u00e0 o\u00f9 Dieu le P\u00e8re nous prend tel ses prog\u00e9nitures bien-aim\u00e9s. Au sein de ce lien familial, nous rencontrons la puissance et aussi le r\u00e9confort en vue de traverser les \u00e9preuves de ce. Elle nous rappelle les paroles du disciple Pierre, qui exhorte les fid\u00e8les \u00e0 demeurer fermes dans la foi, m\u00eame en au c\u0153ur des temp\u00eates de ce monde.<\/p>\n<h3>\nRenforcer notre connexion envers J\u00e9sus d\u00e8s chaque matin<\/h3>\n<p>Nous sommes capables de ruminer \u00e0 propos de l\u2019un des \u00e9vangiles en vue de nous ouvrir avec J\u00e9sus. Par exemple :<\/p>\n<h3>Jean 15, 9-17 : <\/h3>\n<p>\u00a0\u00bb<br \/>\nC\u2019est ici mon commandement: Aimez-vous les uns les autres, comme je vous ai aim\u00e9s. Il n\u2019y a pas de plus grand amour que de donner sa vie pour ses amis. Vous \u00eates mes amis, si vous faites ce que je vous commande. Je ne vous appelle plus serviteurs, parce que le serviteur ne sait pas ce que fait son ma\u00eetre; mais je vous ai appel\u00e9s amis, parce que je vous ai fait conna\u00eetre tout ce que j\u2019ai appris de mon P\u00e8re.\u00a0\u00bb<\/p>\n<h2> Demander pardon \u00e0 Dieu pour nos p\u00e9ch\u00e9s <\/h2>\n<p>Dieu J\u00e9sus, je me rends te supplier de pardonner mes p\u00e9ch\u00e9s. Je prends conscience que je ne suis pas sans d\u00e9faut et que j\u2019ai besoin de ta mis\u00e9ricorde. Je te demande de me affranchir de chaque ce qui me d\u00e9tache de toi et de me octroyer la gr\u00e2ce pour vivre en conformit\u00e9 avec ta volont\u00e9. Que ta b\u00e9n\u00e9diction divine dissipe les coins les plus sombres de mon c\u0153ur, purifiant mon \u00eatre et me m\u2019orientant sur la route de la saintet\u00e9. Amen.<\/p>\n<h3> Discussion envers le Seigneur tel que parler avec un ami. <\/h3>\n<p>Nous sommes capables de communiquer \u00e0 Dieu tel que \u00e0 un ami fid\u00e8le, l\u2019\u00c9ternel confier nos joies et nos peines, le Seigneur demander de l\u2019aide dans nos d\u00e9fis quotidiens. Par exemple : Seigneur, b\u00e9n\u00e9diction \u00e0 cause de cette fra\u00eeche journ\u00e9e. Je viens te supplier m\u2019assister \u00e0 \u00eatre calme envers mes enfants et de me octroyer la force de faire face aux d\u00e9fis de la journ\u00e9e. Je te remets mes projets et mes soucis, et je sollicite de me montrer de quelle mani\u00e8re je suis en mesure de te rendre service et t\u2019honorer aujourd\u2019hui. Accorde-moi, \u00f4 Seigneur, ton intelligence afin de prendre les bonnes d\u00e9cisions et ta gr\u00e2ce pour traverser les \u00e9preuves avec foi. Amen.<\/p>\n<h3> Un moment de calme pour entendre Dieu. <\/h3>\n<p>Apr\u00e8s cette pri\u00e8re et une m\u00e9ditation, il est crucial de prendre quelques moment de silence pour \u00e9couter la voix de Dieu dans nos propres c\u0153urs. Dans ce silence, nous ressentir sa pr\u00e9sence sereine et obtenir ses inspirations afin de la journ\u00e9e qui vient.<\/p>\n<h3> Se orienter vers le Christ en vue de trouver cette paix int\u00e9rieure. <\/h3>\n<p>Nous pouvons prier J\u00e9sus de nous accorder sa paix et de nous soutenir pour \u00e9couter sa parole. Par exemple :<br \/>\nSeigneur J\u00e9sus, je me pr\u00e9sente te prier m\u2019assister remplir mon c\u0153ur par ta tendresse. Je te demande de me d\u00e9gager de toutes les pens\u00e9es et les inqui\u00e9tudes me perturbent. Aide-moi \u00e0 \u00e9couter ta parole et pour la mettre en pratique dans ma vie. Que ton Esprit Saint, \u00f4 Christ, se transforme en ma force tout au long de cette journ\u00e9e. Amen.<\/p>\n<h3> Achever la pri\u00e8re matinale en consacrant notre journ\u00e9e \u00e0 Dieu. <\/h3>\n<p>Nous pouvonsoffrir nos journ\u00e9e \u00e0 Dieu m\u00eame lui demander afin de la remplir de sa pr\u00e9sence ainsi que de sa b\u00e9n\u00e9diction. Par exemple :<br \/>\nSeigneur, je te confie cette journ\u00e9e entre vos mains. Que tous de mes pas soit dirig\u00e9 par ta divine sagesse, que toutes de mes paroles soit inspir\u00e9e par ton amour. Que toutes mes actions soient accomplies selon ta divine volont\u00e9, pour ta divine gloire et l\u2019ensemble des bien. Que ta lumi\u00e8re \u00e9claire ma route et que tu habites mon c\u0153ur. Amen.<\/p>\n<h3> Invocation d\u2019imploration matinale. <\/h3>\n<p>La pri\u00e8re du matin consiste \u00e0 implorer pour les besoins des chr\u00e9tiennes et de tous les chr\u00e9tiens. Nous avons la possibilit\u00e9 de prier pour les personnes dans le besoin, pour les malades, pour les personnes qui souffrent, pour les personnes qui sont confront\u00e9es \u00e0 des difficult\u00e9s, pour les personnes d\u00e9courag\u00e9es et pour les personnes qui se trouvent dans l\u2019erreur.<\/p>\n<h3> Prier pour chacun individus au sein de le besoin. <\/p>\n<h3>\n<\/h3>\n<\/h3>\n<p>Seigneur, dans sa grande mis\u00e9ricorde, nous te demandons en vue de chacune des personnes qui traversent d\u2019innombrables difficult\u00e9s financi\u00e8res. Que vous leur accordes la force ainsi que la pers\u00e9v\u00e9rance afin de affronter ces \u00e9preuves, et que tu leur apportes les ressources n\u00e9cessaires pour subvenir \u00e0 l\u2019ensemble de leurs besoins. Accorde-leur, Dieu Tout-Puissant, votre providence afin de illuminer leur pas dans l\u2019obscurit\u00e9 de leurs soucis financiers.<\/p>\n<p>On te prions \u00e9galement pour toutes personnes qui luttent contre de probl\u00e8mes de sant\u00e9. Que votre main puissante se pose sur elles, Seigneur, pour les gu\u00e9rir et aussi les r\u00e9conforter dans leur douleur. Accorde-leur, Grand, la force et le courage de faire face \u00e0 leurs d\u00e9fis de sant\u00e9 en confiance en votre divine providence.<\/p>\n<p>On te demandons encore pour chaque personnes qui sont confront\u00e9es vis-\u00e0-vis de d\u2019innombrables difficult\u00e9s dans leur vie, quelle que soit ce que ce soit sur le plan professionnel, relationnel ou encore \u00e9motionnel. Que sa gr\u00e2ce, Seigneur, soit leur soutien ainsi que leur r\u00e9confort dans ces moments d\u2019\u00e9preuve. Accorde-leur, Grand, ton Esprit Saint afin de illuminer leur chemin et les guider vers la s\u00e9r\u00e9nit\u00e9.<\/p>\n<p>En conclusion, nous te prions en vue de toutes personnes qui sont sans-abri, celles qui sont marginalis\u00e9es et aussi exclues de la soci\u00e9t\u00e9. Que votre mis\u00e9ricorde, Seigneur, se r\u00e9pande sur elles comme une certaine douce ros\u00e9e, leur apportant r\u00e9confort et \u00e9galement espoir dans leur d\u00e9tresse. Accorde-leur, \u00f4, des mains g\u00e9n\u00e9reuses pour les aider et aussi des c\u0153urs compatissants afin de les accueillir dans leur communaut\u00e9.<\/p>\n<h3> explication sur la pri\u00e8re du matin. <\/h3>\n<p>Durant la pri\u00e8re, nous tournons nos c\u0153urs envers le Ciel, implorant la lumi\u00e8re de Dieu pour illuminer nos chemins obscurs. Marie, notre m\u00e8re, nous soutient dans ce voyage, nous enseignant \u00e0 ruminer sur les myst\u00e8res de la vie de son divin enfant. Elle nous conduit \u00e0 J\u00e9sus, le rayon du monde, qui illumine nos t\u00e9n\u00e8bres et nous oriente vers la v\u00e9rit\u00e9.<br \/>\nLa supplication nous relie aussi \u00e0 notre communaut\u00e9 spirituelle, la assembl\u00e9e des croyants, o\u00f9 nous partageons nos contentements et nos afflictions, nos attentes et nos anxi\u00e9t\u00e9s. Unis, nous formons le corps du Christ, appel\u00e9s \u00e0 d\u00e9montrer de son charit\u00e9. Par nos supplications, nous interc\u00e9dons pour les n\u00e9cessit\u00e9s des chr\u00e9tiennes et des chr\u00e9tiens, donnant notre amour et notre compassion \u00e0 ceux qui endurent.<br \/>\nJoignons nos c\u0153urs dans la pri\u00e8re matinale, dans notre esp\u00e9rance, en nous tournant vers Marie, la m\u00e8re de notre Seigneur J\u00e9sus-Christ. Au sein de notre monde tourment\u00e9 par la guerre et la division, recourons \u00e0 la pri\u00e8re pour trouver de trouver la paix et l\u2019harmonie. Tout chr\u00e9tien peut envoyer une intention de pri\u00e8re pour la Sainte Vierge <a target=\"_blank\" rel=\"nofollow\" href=\"https:\/\/editionsbussiere.com\/blog\/goto\/https:\/\/www.avemariasound.org\/\" >en visitant cette page.<\/a> Que nos supplications s\u2019\u00e9l\u00e8vent vers le ciel, comme un hommage agr\u00e9able \u00e0 Dieu, pour qu\u2019il puisse \u00e9clairer nos chemins sur la voie de la v\u00e9rit\u00e9 et de la justice. L\u2019ap\u00f4tre Paul nous dans ses lettres \u00e0 prier sans cesse, quelle que soit la situation, afin que notre communion \u00e0 Dieu reste solide et passionn\u00e9e. La pri\u00e8re, quand elle est sinc\u00e8rement offerte, poss\u00e8de la capacit\u00e9 pour changer nos c\u0153urs et d\u2019influer le cours de l\u2019histoire.<\/p>\n<h2> \u00c9lever nos propres et les pri\u00e8res pour notre entourage au Seigneur matin.<\/h2>\n<p>Cette ultime \u00e9tape de la pri\u00e8re du matin consiste \u00e0 prier pour nos propres \u00eatres chers, notre propre famille, nos amis et notre propre communaut\u00e9. Nous pouvons prier pour leur propre, leur prosp\u00e9rit\u00e9, leur s\u00fbret\u00e9, et leur r\u00e9ussite. Nous pouvons \u00e9galement prier pour ceux qui nous ont nui et pour ceux qui nous ont l\u00e9s\u00e9s, et demander \u00e0 Dieu de nous aider \u00e0 leur propre pardonner et \u00e0 leur exprimer la compassion.<\/p>\n<h3> Invoquer pour la sant\u00e9 et la s\u00e9curit\u00e9 de nos familles.<\/h3>\n<p>Dieu tout-puissant, nous te confions nos amis, nos familles et nos connaissances. Prot\u00e8ge, \u00d4 Dieu, sur eux, ainsi que sauvegarde -les de tout p\u00e9ril et de toute affliction. Accorde, Dieu mis\u00e9ricordieux, une vigueur du corps ainsi que de l\u2019esprit \u00e0 eux, et la paix dans leur esprit. Que ta main forte les veille avec les personnes dirige tout au long de cette journ\u00e9e, pour qu\u2019ils puissent vivre dans la protection et aussi la qui\u00e9tude.<\/p>\n<p>Nous vers toi prions \u00e9galement pour notre enfants, Dieu, qu\u2019ils grandissent dans leur foi avec dans l\u2019amour de ton sacr\u00e9 nom. Offre, cher Dieu, une sagesse avec le courage n\u00e9cessaires afin de affronter les \u00e9preuves de la vie, et aussi guide leurs pas le long de le chemin de la v\u00e9rit\u00e9 ainsi que de la justice.<\/p>\n<p>Enfin, nous autres te prions \u00e0 nos amis ainsi que nos voisins, Seigneur, afin qu\u2019ils connaissent la joie de ton amour et la s\u00e9r\u00e9nit\u00e9 de ton pardon. Accorde-leur, \u00f4 Dieu, des c\u0153urs bienveillants en vue de partager avec ceux qui dans le besoin, et aussi des largement ouvertes pour accueillir ceux qui seuls ainsi que abandonn\u00e9s.<\/p>\n<h3> Prier pour notre ennemis ainsi que ceux qui nous-m\u00eames ont offens\u00e9s. <\/h3>\n<p>\u00d4 Seigneur, le Christ, nous te prions pour les n\u00f4tres ennemis et pour ces qui nous autres ont offens\u00e9s. Accorde-leur, \u00f4 Christ, ta mis\u00e9ricorde et aussi votre pardon, et ouvre leur c\u0153ur \u00e0 la lumi\u00e8re de ta v\u00e9rit\u00e9. Aide-nous, \u00d4 Seigneur, \u00e0 leur montrer de la compassion ainsi que \u00e0 leur pardonner comme tu nous as pardonn\u00e9. Que votre paix r\u00e8gne dans notre c\u0153urs et aussi que ton amour guide nos actions, pour que nous puissions vivre en harmonie avec tous ceux que nous entourent.<\/p>\n<h3> Comprendre l\u2019 pri\u00e8re : <\/h3>\n<p>Finalement, l\u2019 oraison nous reconna\u00eet notre mission tel que prog\u00e9niture de l\u2019\u00c9ternel : \u00eatre des observateurs de sa clart\u00e9 et de son attachement dans une \u00e8re affect\u00e9e aux t\u00e9n\u00e8bres. \u00c0 travers notre mots et notre actes, nous propageons l\u2019\u00c9vangile de la tranquillit\u00e9 et de la conciliation, amenant l\u2019attente et la cicatrisation \u00e0 un milieu endommag\u00e9.<\/p>\n<p>\u00c0 l\u2019int\u00e9rieur de la spiritualit\u00e9 chr\u00e9tienne, le matin rev\u00eat une signification particuli\u00e8re, illustrant le rafra\u00eechissement et l\u2019 reconstruction spirituelle. C\u2019est au lever du jour de chaque jour que l\u2019\u00e2me se oriente vers Dieu dans l\u2019oraison, recherchant \u00e0 devenir \u00e9clair\u00e9e par la lumi\u00e8re c\u00e9leste. La coutume des pri\u00e8res matinales se r\u00e9v\u00e8le essentiellement enracin\u00e9e dans le patrimoine chr\u00e9tienne, fournissant un instant exclusif pour se connecter avec l\u2019\u00c9ternel et se pr\u00e9parer int\u00e9rieurement aux \u00e9preuves de la journ\u00e9e qui vient.<\/p>\n<p>Au au sein de ces oraisons matinales s\u2019 trouve habituellement une d\u00e9votion distincte envers Marie, maman m\u00e8re de J\u00e9sus et ic\u00f4ne sainte v\u00e9n\u00e9r\u00e9e par un grand nombre fid\u00e8les. En tant m\u00e8re intercesseur au milieu de les hommes et Dieu, Marie est invoqu\u00e9e pour m\u00e9dier en notre nom, nous orientant sur le chemin de la saintet\u00e9 et de la gr\u00e2ce divine. Son pr\u00e9sentation parentale offre consolation et abri, enveloppant nos pri\u00e8res matinales d\u2019une douceur c\u00e9leste.<\/p>\n<p>En via les pri\u00e8re du matin, on se trouve invit\u00e9s pour nous joindre \u00e0 Marie dans une approche pour purification individuelle. Par m\u00e9ditant sur la vie ainsi que ses vertus, on recherchons \u00e0 imiter son humilit\u00e9, sa puret\u00e9 et son ob\u00e9issance \u00e0 la volont\u00e9 du Dieu. \u00c0 travers sa saintet\u00e9 mod\u00e8le, Marie devient pour nous une mod\u00e8le de vie chr\u00e9tienne, on souvenant l\u2019importance de la pri\u00e8re et de la contemplation dans nos cheminement spirituel.<\/p>\n<p>La pri\u00e8re du matin se trouve \u00eatre un moment privil\u00e9gi\u00e9 pour se consacrer vers Dieu avec l\u2019intercession de Marie, en offrant nos acclamations, nos reconnaissances et nos intentions les plus profondes. \u00c0 travers la qui\u00e9tude de l\u2019aurore, on se trouve invit\u00e9s \u00e0 tourner envers cette m\u00e8re sainte, laquelle nous guide avec tendresse sur le chemin de la foi et du sentiment amoureux divin. En unissant nos voix \u00e0 celle-ci de Marie, nous haussant notre pri\u00e8res matinales vers le tr\u00f4ne de la gr\u00e2ce, confiants que nos supplications seront entendues et accueillies par du c\u0153ur mis\u00e9ricordieux de Dieu.<\/p>\n<p>Bibliographie :<\/p>\n<p>Quatre-vingt-un Chapitres sur l\u2019esprit et les passions\/Livre VII\/Chapitre 5.,<a target=\"_blank\" rel=\"nofollow\" href=\"https:\/\/editionsbussiere.com\/blog\/goto\/https:\/\/fr.wikisource.org\/wiki\/Quatre-vingt-un_Chapitres_sur_l%E2%80%99esprit_et_les_passions\/Livre_VII\/Chapitre_5\"  target=\"_blank\" rel=\"noopener noreferrer nofollow\">Le dossier.<\/a><span><\/span><\/p>\n<p>Marie Calumet\/07.,<a target=\"_blank\" rel=\"nofollow\" href=\"https:\/\/editionsbussiere.com\/blog\/goto\/https:\/\/fr.wikisource.org\/wiki\/Marie_Calumet\/07\"  target=\"_blank\" rel=\"noopener noreferrer nofollow\">L\u2019article de presse.<\/a><span><\/span>. Suite sur le prochain article.<\/p>\n<p>Les P\u00e8res de l\u2019\u00c9glise\/Tome 1\/\u00c9p\u00eetre aux Smyrniens (saint Ignace).,<a target=\"_blank\" rel=\"nofollow\" href=\"https:\/\/editionsbussiere.com\/blog\/goto\/https:\/\/fr.wikisource.org\/wiki\/Les_P%C3%A8res_de_l%E2%80%99%C3%89glise\/Tome_1\/%C3%89p%C3%AEtre_aux_Smyrniens_(saint_Ignace)\"  target=\"_blank\" rel=\"noopener noreferrer nofollow\">Cliquer ICI.<\/a><span><\/span>. Suite sur le prochain article.<\/p>\n<p>Le Livre des ballades\/Priez pour paix, le vray tresor de joye.,<a target=\"_blank\" rel=\"nofollow\" href=\"https:\/\/editionsbussiere.com\/blog\/goto\/https:\/\/fr.wikisource.org\/wiki\/Le_Livre_des_ballades\/Priez_pour_paix,_le_vray_tresor_de_joye\"  target=\"_blank\" rel=\"noopener noreferrer nofollow\">Le dossier.<\/a><span><\/span><\/p>\n<p>L\u2019Antoniade\/Premier \u00c2ge\/Pri\u00e8re \u00e0 Marie immacul\u00e9e.,<a target=\"_blank\" rel=\"nofollow\" href=\"https:\/\/editionsbussiere.com\/blog\/goto\/https:\/\/fr.wikisource.org\/wiki\/L%E2%80%99Antoniade\/Premier_%C3%82ge\/Pri%C3%A8re_%C3%A0_Marie_immacul%C3%A9e\"  target=\"_blank\" rel=\"noopener noreferrer nofollow\">Article complet.<\/a><span><\/span><\/p>\n<p>Bouquets et pri\u00e8res\/Pri\u00e8re pour mon Amie.,<a target=\"_blank\" rel=\"nofollow\" href=\"https:\/\/editionsbussiere.com\/blog\/goto\/https:\/\/fr.wikisource.org\/wiki\/Bouquets_et_pri%C3%A8res\/Pri%C3%A8re_pour_mon_Amie\"  target=\"_blank\" rel=\"noopener noreferrer nofollow\">Le dossier.<\/a><span><\/span><\/p>\n<\/div>\n<p><img decoding=\"async\" class=\"wpe_imgrss\" src=\"https:\/\/editionsbussiere.com\/blog\/wp-content\/uploads\/2024\/09\/Existe-t-il-des-textes-de-la-Bible-qui-resument-lEvangile-1.png\">Cet article a \u00e9t\u00e9 reconstitu\u00e9 du mieux possible. Dans l\u2019hypoth\u00e8se o\u00f9 vous souhaitez apporter quelques modifications concernant le th\u00e8me \u00ab\u00a0Editions \u00e9sot\u00e9rique fond\u00e9e en 1927\u00a0\u00bb, il est possible de discuter avec notre r\u00e9daction. Vous pouvez tirer profit de cet article traitant le sujet \u00ab\u00a0Editions \u00e9sot\u00e9rique fond\u00e9e en 1927\u00a0\u00bb. Il est concoct\u00e9 par l\u2019\u00e9quipe editionsbussiere.com. Le site editionsbussiere.com est fait pour cr\u00e9er divers posts autour du th\u00e8me Editions \u00e9sot\u00e9rique fond\u00e9e en 1927 d\u00e9velopp\u00e9es sur internet. Consultez notre site internet editionsbussiere.com et nos r\u00e9seaux sociaux pour \u00eatre au courant des futures annonces.<\/p>\n","protected":false},"excerpt":{"rendered":"<p>Je m\u2019int\u00e9resse \u00e0 un mythe : Existe-t-il des preuves \u00e0 l\u2019appui de l\u2019affirmation selon laquelle J\u00e9sus et Marie de Magdala auraient pu avoir une relation intime, comme un mariage ou des fian\u00e7ailles au moins ? Je recherche des sources, des sources solides. Une p\u00e9riode de communion individuelle en vue de nous ouvrir avec Dieu. Adorable [&hellip;]<\/p>\n","protected":false},"author":3,"featured_media":1412,"comment_status":"closed","ping_status":"closed","sticky":false,"template":"","format":"standard","meta":{"footnotes":""},"categories":[3],"tags":[],"class_list":["post-1411","post","type-post","status-publish","format-standard","has-post-thumbnail","hentry","category-editions-esoterique-fondee-en-1927-depeches","entry","fw-tab-6 fw-tabr-4","has-featured-image"],"yoast_head":"<!-- This site is optimized with the Yoast SEO plugin v27.5 - https:\/\/yoast.com\/product\/yoast-seo-wordpress\/ -->\n<title>Quelle est l\u2019histoire entre J\u00e9sus et Marie de Magdala ? et requ\u00eate en d\u00e9but de journ\u00e9e. - EDITIONSBUSSIERE<\/title>\n<meta name=\"robots\" content=\"index, follow, max-snippet:-1, max-image-preview:large, max-video-preview:-1\" \/>\n<link rel=\"canonical\" href=\"https:\/\/editionsbussiere.com\/blog\/quelle-est-lhistoire-entre-jesus-et-marie-de-magdala-et-requete-en-debut-de-journee\/\" \/>\n<meta property=\"og:locale\" content=\"fr_FR\" \/>\n<meta property=\"og:type\" content=\"article\" \/>\n<meta property=\"og:title\" content=\"Quelle est l\u2019histoire entre J\u00e9sus et Marie de Magdala ? et requ\u00eate en d\u00e9but de journ\u00e9e. - EDITIONSBUSSIERE\" \/>\n<meta property=\"og:description\" content=\"Je m\u2019int\u00e9resse \u00e0 un mythe : Existe-t-il des preuves \u00e0 l\u2019appui de l\u2019affirmation selon laquelle J\u00e9sus et Marie de Magdala auraient pu avoir une relation intime, comme un mariage ou des fian\u00e7ailles au moins ? Je recherche des sources, des sources solides. Une p\u00e9riode de communion individuelle en vue de nous ouvrir avec Dieu. Adorable [&hellip;]\" \/>\n<meta property=\"og:url\" content=\"https:\/\/editionsbussiere.com\/blog\/quelle-est-lhistoire-entre-jesus-et-marie-de-magdala-et-requete-en-debut-de-journee\/\" \/>\n<meta property=\"og:site_name\" content=\"EDITIONSBUSSIERE\" \/>\n<meta property=\"article:published_time\" content=\"2024-09-24T13:08:58+00:00\" \/>\n<meta property=\"og:image\" content=\"https:\/\/editionsbussiere.com\/blog\/wp-content\/uploads\/2024\/09\/Existe-t-il-des-textes-de-la-Bible-qui-resument-lEvangile-1.png\" \/>\n<meta name=\"author\" content=\"Marie BATICLE\" \/>\n<meta name=\"twitter:card\" content=\"summary_large_image\" \/>\n<meta name=\"twitter:label1\" content=\"\u00c9crit par\" \/>\n\t<meta name=\"twitter:data1\" content=\"Marie BATICLE\" \/>\n\t<meta name=\"twitter:label2\" content=\"Dur\u00e9e de lecture estim\u00e9e\" \/>\n\t<meta name=\"twitter:data2\" content=\"13 minutes\" \/>\n<script type=\"application\/ld+json\" class=\"yoast-schema-graph\">{\"@context\":\"https:\\\/\\\/schema.org\",\"@graph\":[{\"@type\":\"Article\",\"@id\":\"https:\\\/\\\/editionsbussiere.com\\\/blog\\\/quelle-est-lhistoire-entre-jesus-et-marie-de-magdala-et-requete-en-debut-de-journee\\\/#article\",\"isPartOf\":{\"@id\":\"https:\\\/\\\/editionsbussiere.com\\\/blog\\\/quelle-est-lhistoire-entre-jesus-et-marie-de-magdala-et-requete-en-debut-de-journee\\\/\"},\"author\":{\"name\":\"Marie BATICLE\",\"@id\":\"https:\\\/\\\/editionsbussiere.com\\\/blog\\\/#\\\/schema\\\/person\\\/ec90e102792148c97e46ab871010dd8f\"},\"headline\":\"Quelle est l\u2019histoire entre J\u00e9sus et Marie de Magdala ? et requ\u00eate en d\u00e9but de journ\u00e9e.\",\"datePublished\":\"2024-09-24T13:08:58+00:00\",\"mainEntityOfPage\":{\"@id\":\"https:\\\/\\\/editionsbussiere.com\\\/blog\\\/quelle-est-lhistoire-entre-jesus-et-marie-de-magdala-et-requete-en-debut-de-journee\\\/\"},\"wordCount\":2568,\"publisher\":{\"@id\":\"https:\\\/\\\/editionsbussiere.com\\\/blog\\\/#organization\"},\"image\":{\"@id\":\"https:\\\/\\\/editionsbussiere.com\\\/blog\\\/quelle-est-lhistoire-entre-jesus-et-marie-de-magdala-et-requete-en-debut-de-journee\\\/#primaryimage\"},\"thumbnailUrl\":\"https:\\\/\\\/editionsbussiere.com\\\/blog\\\/wp-content\\\/uploads\\\/2024\\\/09\\\/Existe-t-il-des-textes-de-la-Bible-qui-resument-lEvangile-1.png\",\"articleSection\":[\"Editions \u00c9sot\u00e9rique Fond\u00e9e En 1927; D\u00e9p\u00e8ches:\"],\"inLanguage\":\"fr-FR\"},{\"@type\":\"WebPage\",\"@id\":\"https:\\\/\\\/editionsbussiere.com\\\/blog\\\/quelle-est-lhistoire-entre-jesus-et-marie-de-magdala-et-requete-en-debut-de-journee\\\/\",\"url\":\"https:\\\/\\\/editionsbussiere.com\\\/blog\\\/quelle-est-lhistoire-entre-jesus-et-marie-de-magdala-et-requete-en-debut-de-journee\\\/\",\"name\":\"Quelle est l\u2019histoire entre J\u00e9sus et Marie de Magdala ? et requ\u00eate en d\u00e9but de journ\u00e9e. - EDITIONSBUSSIERE\",\"isPartOf\":{\"@id\":\"https:\\\/\\\/editionsbussiere.com\\\/blog\\\/#website\"},\"primaryImageOfPage\":{\"@id\":\"https:\\\/\\\/editionsbussiere.com\\\/blog\\\/quelle-est-lhistoire-entre-jesus-et-marie-de-magdala-et-requete-en-debut-de-journee\\\/#primaryimage\"},\"image\":{\"@id\":\"https:\\\/\\\/editionsbussiere.com\\\/blog\\\/quelle-est-lhistoire-entre-jesus-et-marie-de-magdala-et-requete-en-debut-de-journee\\\/#primaryimage\"},\"thumbnailUrl\":\"https:\\\/\\\/editionsbussiere.com\\\/blog\\\/wp-content\\\/uploads\\\/2024\\\/09\\\/Existe-t-il-des-textes-de-la-Bible-qui-resument-lEvangile-1.png\",\"datePublished\":\"2024-09-24T13:08:58+00:00\",\"breadcrumb\":{\"@id\":\"https:\\\/\\\/editionsbussiere.com\\\/blog\\\/quelle-est-lhistoire-entre-jesus-et-marie-de-magdala-et-requete-en-debut-de-journee\\\/#breadcrumb\"},\"inLanguage\":\"fr-FR\",\"potentialAction\":[{\"@type\":\"ReadAction\",\"target\":[\"https:\\\/\\\/editionsbussiere.com\\\/blog\\\/quelle-est-lhistoire-entre-jesus-et-marie-de-magdala-et-requete-en-debut-de-journee\\\/\"]}]},{\"@type\":\"ImageObject\",\"inLanguage\":\"fr-FR\",\"@id\":\"https:\\\/\\\/editionsbussiere.com\\\/blog\\\/quelle-est-lhistoire-entre-jesus-et-marie-de-magdala-et-requete-en-debut-de-journee\\\/#primaryimage\",\"url\":\"https:\\\/\\\/editionsbussiere.com\\\/blog\\\/wp-content\\\/uploads\\\/2024\\\/09\\\/Existe-t-il-des-textes-de-la-Bible-qui-resument-lEvangile-1.png\",\"contentUrl\":\"https:\\\/\\\/editionsbussiere.com\\\/blog\\\/wp-content\\\/uploads\\\/2024\\\/09\\\/Existe-t-il-des-textes-de-la-Bible-qui-resument-lEvangile-1.png\",\"width\":316,\"height\":316,\"caption\":\"Existe t il des textes de la Bible qui resument lEvangile 1\"},{\"@type\":\"BreadcrumbList\",\"@id\":\"https:\\\/\\\/editionsbussiere.com\\\/blog\\\/quelle-est-lhistoire-entre-jesus-et-marie-de-magdala-et-requete-en-debut-de-journee\\\/#breadcrumb\",\"itemListElement\":[{\"@type\":\"ListItem\",\"position\":1,\"name\":\"Accueil\",\"item\":\"https:\\\/\\\/editionsbussiere.com\\\/blog\\\/\"},{\"@type\":\"ListItem\",\"position\":2,\"name\":\"Quelle est l\u2019histoire entre J\u00e9sus et Marie de Magdala ? et requ\u00eate en d\u00e9but de journ\u00e9e.\"}]},{\"@type\":\"WebSite\",\"@id\":\"https:\\\/\\\/editionsbussiere.com\\\/blog\\\/#website\",\"url\":\"https:\\\/\\\/editionsbussiere.com\\\/blog\\\/\",\"name\":\"EDITIONSBUSSIERE\",\"description\":\"Editions \u00e9sot\u00e9rique fond\u00e9e en 1927; site historique, A SAVOIR ET RETENIR.\",\"publisher\":{\"@id\":\"https:\\\/\\\/editionsbussiere.com\\\/blog\\\/#organization\"},\"potentialAction\":[{\"@type\":\"SearchAction\",\"target\":{\"@type\":\"EntryPoint\",\"urlTemplate\":\"https:\\\/\\\/editionsbussiere.com\\\/blog\\\/?s={search_term_string}\"},\"query-input\":{\"@type\":\"PropertyValueSpecification\",\"valueRequired\":true,\"valueName\":\"search_term_string\"}}],\"inLanguage\":\"fr-FR\"},{\"@type\":\"Organization\",\"@id\":\"https:\\\/\\\/editionsbussiere.com\\\/blog\\\/#organization\",\"name\":\"editionsbussiere\",\"url\":\"https:\\\/\\\/editionsbussiere.com\\\/blog\\\/\",\"logo\":{\"@type\":\"ImageObject\",\"inLanguage\":\"fr-FR\",\"@id\":\"https:\\\/\\\/editionsbussiere.com\\\/blog\\\/#\\\/schema\\\/logo\\\/image\\\/\",\"url\":\"https:\\\/\\\/editionsbussiere.com\\\/blog\\\/wp-content\\\/uploads\\\/2023\\\/09\\\/cropped-buss.gif\",\"contentUrl\":\"https:\\\/\\\/editionsbussiere.com\\\/blog\\\/wp-content\\\/uploads\\\/2023\\\/09\\\/cropped-buss.gif\",\"width\":298,\"height\":120,\"caption\":\"editionsbussiere\"},\"image\":{\"@id\":\"https:\\\/\\\/editionsbussiere.com\\\/blog\\\/#\\\/schema\\\/logo\\\/image\\\/\"}},{\"@type\":\"Person\",\"@id\":\"https:\\\/\\\/editionsbussiere.com\\\/blog\\\/#\\\/schema\\\/person\\\/ec90e102792148c97e46ab871010dd8f\",\"name\":\"Marie BATICLE\",\"image\":{\"@type\":\"ImageObject\",\"inLanguage\":\"fr-FR\",\"@id\":\"https:\\\/\\\/secure.gravatar.com\\\/avatar\\\/c923e52403b1b8137e2d929127211d21967e6aecaa053bd43b09da29f212e76e?s=96&d=mm&r=g\",\"url\":\"https:\\\/\\\/secure.gravatar.com\\\/avatar\\\/c923e52403b1b8137e2d929127211d21967e6aecaa053bd43b09da29f212e76e?s=96&d=mm&r=g\",\"contentUrl\":\"https:\\\/\\\/secure.gravatar.com\\\/avatar\\\/c923e52403b1b8137e2d929127211d21967e6aecaa053bd43b09da29f212e76e?s=96&d=mm&r=g\",\"caption\":\"Marie BATICLE\"},\"url\":\"https:\\\/\\\/editionsbussiere.com\\\/blog\\\/author\\\/eremarie\\\/\"}]}<\/script>\n<!-- \/ Yoast SEO plugin. -->","yoast_head_json":{"title":"Quelle est l\u2019histoire entre J\u00e9sus et Marie de Magdala ? et requ\u00eate en d\u00e9but de journ\u00e9e. - EDITIONSBUSSIERE","robots":{"index":"index","follow":"follow","max-snippet":"max-snippet:-1","max-image-preview":"max-image-preview:large","max-video-preview":"max-video-preview:-1"},"canonical":"https:\/\/editionsbussiere.com\/blog\/quelle-est-lhistoire-entre-jesus-et-marie-de-magdala-et-requete-en-debut-de-journee\/","og_locale":"fr_FR","og_type":"article","og_title":"Quelle est l\u2019histoire entre J\u00e9sus et Marie de Magdala ? et requ\u00eate en d\u00e9but de journ\u00e9e. - EDITIONSBUSSIERE","og_description":"Je m\u2019int\u00e9resse \u00e0 un mythe : Existe-t-il des preuves \u00e0 l\u2019appui de l\u2019affirmation selon laquelle J\u00e9sus et Marie de Magdala auraient pu avoir une relation intime, comme un mariage ou des fian\u00e7ailles au moins ? Je recherche des sources, des sources solides. Une p\u00e9riode de communion individuelle en vue de nous ouvrir avec Dieu. Adorable [&hellip;]","og_url":"https:\/\/editionsbussiere.com\/blog\/quelle-est-lhistoire-entre-jesus-et-marie-de-magdala-et-requete-en-debut-de-journee\/","og_site_name":"EDITIONSBUSSIERE","article_published_time":"2024-09-24T13:08:58+00:00","og_image":[{"url":"https:\/\/editionsbussiere.com\/blog\/wp-content\/uploads\/2024\/09\/Existe-t-il-des-textes-de-la-Bible-qui-resument-lEvangile-1.png","type":"","width":"","height":""}],"author":"Marie BATICLE","twitter_card":"summary_large_image","twitter_misc":{"\u00c9crit par":"Marie BATICLE","Dur\u00e9e de lecture estim\u00e9e":"13 minutes"},"schema":{"@context":"https:\/\/schema.org","@graph":[{"@type":"Article","@id":"https:\/\/editionsbussiere.com\/blog\/quelle-est-lhistoire-entre-jesus-et-marie-de-magdala-et-requete-en-debut-de-journee\/#article","isPartOf":{"@id":"https:\/\/editionsbussiere.com\/blog\/quelle-est-lhistoire-entre-jesus-et-marie-de-magdala-et-requete-en-debut-de-journee\/"},"author":{"name":"Marie BATICLE","@id":"https:\/\/editionsbussiere.com\/blog\/#\/schema\/person\/ec90e102792148c97e46ab871010dd8f"},"headline":"Quelle est l\u2019histoire entre J\u00e9sus et Marie de Magdala ? et requ\u00eate en d\u00e9but de journ\u00e9e.","datePublished":"2024-09-24T13:08:58+00:00","mainEntityOfPage":{"@id":"https:\/\/editionsbussiere.com\/blog\/quelle-est-lhistoire-entre-jesus-et-marie-de-magdala-et-requete-en-debut-de-journee\/"},"wordCount":2568,"publisher":{"@id":"https:\/\/editionsbussiere.com\/blog\/#organization"},"image":{"@id":"https:\/\/editionsbussiere.com\/blog\/quelle-est-lhistoire-entre-jesus-et-marie-de-magdala-et-requete-en-debut-de-journee\/#primaryimage"},"thumbnailUrl":"https:\/\/editionsbussiere.com\/blog\/wp-content\/uploads\/2024\/09\/Existe-t-il-des-textes-de-la-Bible-qui-resument-lEvangile-1.png","articleSection":["Editions \u00c9sot\u00e9rique Fond\u00e9e En 1927; D\u00e9p\u00e8ches:"],"inLanguage":"fr-FR"},{"@type":"WebPage","@id":"https:\/\/editionsbussiere.com\/blog\/quelle-est-lhistoire-entre-jesus-et-marie-de-magdala-et-requete-en-debut-de-journee\/","url":"https:\/\/editionsbussiere.com\/blog\/quelle-est-lhistoire-entre-jesus-et-marie-de-magdala-et-requete-en-debut-de-journee\/","name":"Quelle est l\u2019histoire entre J\u00e9sus et Marie de Magdala ? et requ\u00eate en d\u00e9but de journ\u00e9e. - EDITIONSBUSSIERE","isPartOf":{"@id":"https:\/\/editionsbussiere.com\/blog\/#website"},"primaryImageOfPage":{"@id":"https:\/\/editionsbussiere.com\/blog\/quelle-est-lhistoire-entre-jesus-et-marie-de-magdala-et-requete-en-debut-de-journee\/#primaryimage"},"image":{"@id":"https:\/\/editionsbussiere.com\/blog\/quelle-est-lhistoire-entre-jesus-et-marie-de-magdala-et-requete-en-debut-de-journee\/#primaryimage"},"thumbnailUrl":"https:\/\/editionsbussiere.com\/blog\/wp-content\/uploads\/2024\/09\/Existe-t-il-des-textes-de-la-Bible-qui-resument-lEvangile-1.png","datePublished":"2024-09-24T13:08:58+00:00","breadcrumb":{"@id":"https:\/\/editionsbussiere.com\/blog\/quelle-est-lhistoire-entre-jesus-et-marie-de-magdala-et-requete-en-debut-de-journee\/#breadcrumb"},"inLanguage":"fr-FR","potentialAction":[{"@type":"ReadAction","target":["https:\/\/editionsbussiere.com\/blog\/quelle-est-lhistoire-entre-jesus-et-marie-de-magdala-et-requete-en-debut-de-journee\/"]}]},{"@type":"ImageObject","inLanguage":"fr-FR","@id":"https:\/\/editionsbussiere.com\/blog\/quelle-est-lhistoire-entre-jesus-et-marie-de-magdala-et-requete-en-debut-de-journee\/#primaryimage","url":"https:\/\/editionsbussiere.com\/blog\/wp-content\/uploads\/2024\/09\/Existe-t-il-des-textes-de-la-Bible-qui-resument-lEvangile-1.png","contentUrl":"https:\/\/editionsbussiere.com\/blog\/wp-content\/uploads\/2024\/09\/Existe-t-il-des-textes-de-la-Bible-qui-resument-lEvangile-1.png","width":316,"height":316,"caption":"Existe t il des textes de la Bible qui resument lEvangile 1"},{"@type":"BreadcrumbList","@id":"https:\/\/editionsbussiere.com\/blog\/quelle-est-lhistoire-entre-jesus-et-marie-de-magdala-et-requete-en-debut-de-journee\/#breadcrumb","itemListElement":[{"@type":"ListItem","position":1,"name":"Accueil","item":"https:\/\/editionsbussiere.com\/blog\/"},{"@type":"ListItem","position":2,"name":"Quelle est l\u2019histoire entre J\u00e9sus et Marie de Magdala ? et requ\u00eate en d\u00e9but de journ\u00e9e."}]},{"@type":"WebSite","@id":"https:\/\/editionsbussiere.com\/blog\/#website","url":"https:\/\/editionsbussiere.com\/blog\/","name":"EDITIONSBUSSIERE","description":"Editions \u00e9sot\u00e9rique fond\u00e9e en 1927; site historique, A SAVOIR ET RETENIR.","publisher":{"@id":"https:\/\/editionsbussiere.com\/blog\/#organization"},"potentialAction":[{"@type":"SearchAction","target":{"@type":"EntryPoint","urlTemplate":"https:\/\/editionsbussiere.com\/blog\/?s={search_term_string}"},"query-input":{"@type":"PropertyValueSpecification","valueRequired":true,"valueName":"search_term_string"}}],"inLanguage":"fr-FR"},{"@type":"Organization","@id":"https:\/\/editionsbussiere.com\/blog\/#organization","name":"editionsbussiere","url":"https:\/\/editionsbussiere.com\/blog\/","logo":{"@type":"ImageObject","inLanguage":"fr-FR","@id":"https:\/\/editionsbussiere.com\/blog\/#\/schema\/logo\/image\/","url":"https:\/\/editionsbussiere.com\/blog\/wp-content\/uploads\/2023\/09\/cropped-buss.gif","contentUrl":"https:\/\/editionsbussiere.com\/blog\/wp-content\/uploads\/2023\/09\/cropped-buss.gif","width":298,"height":120,"caption":"editionsbussiere"},"image":{"@id":"https:\/\/editionsbussiere.com\/blog\/#\/schema\/logo\/image\/"}},{"@type":"Person","@id":"https:\/\/editionsbussiere.com\/blog\/#\/schema\/person\/ec90e102792148c97e46ab871010dd8f","name":"Marie BATICLE","image":{"@type":"ImageObject","inLanguage":"fr-FR","@id":"https:\/\/secure.gravatar.com\/avatar\/c923e52403b1b8137e2d929127211d21967e6aecaa053bd43b09da29f212e76e?s=96&d=mm&r=g","url":"https:\/\/secure.gravatar.com\/avatar\/c923e52403b1b8137e2d929127211d21967e6aecaa053bd43b09da29f212e76e?s=96&d=mm&r=g","contentUrl":"https:\/\/secure.gravatar.com\/avatar\/c923e52403b1b8137e2d929127211d21967e6aecaa053bd43b09da29f212e76e?s=96&d=mm&r=g","caption":"Marie BATICLE"},"url":"https:\/\/editionsbussiere.com\/blog\/author\/eremarie\/"}]}},"_links":{"self":[{"href":"https:\/\/editionsbussiere.com\/blog\/wp-json\/wp\/v2\/posts\/1411","targetHints":{"allow":["GET"]}}],"collection":[{"href":"https:\/\/editionsbussiere.com\/blog\/wp-json\/wp\/v2\/posts"}],"about":[{"href":"https:\/\/editionsbussiere.com\/blog\/wp-json\/wp\/v2\/types\/post"}],"author":[{"embeddable":true,"href":"https:\/\/editionsbussiere.com\/blog\/wp-json\/wp\/v2\/users\/3"}],"replies":[{"embeddable":true,"href":"https:\/\/editionsbussiere.com\/blog\/wp-json\/wp\/v2\/comments?post=1411"}],"version-history":[{"count":0,"href":"https:\/\/editionsbussiere.com\/blog\/wp-json\/wp\/v2\/posts\/1411\/revisions"}],"wp:featuredmedia":[{"embeddable":true,"href":"https:\/\/editionsbussiere.com\/blog\/wp-json\/wp\/v2\/media\/1412"}],"wp:attachment":[{"href":"https:\/\/editionsbussiere.com\/blog\/wp-json\/wp\/v2\/media?parent=1411"}],"wp:term":[{"taxonomy":"category","embeddable":true,"href":"https:\/\/editionsbussiere.com\/blog\/wp-json\/wp\/v2\/categories?post=1411"},{"taxonomy":"post_tag","embeddable":true,"href":"https:\/\/editionsbussiere.com\/blog\/wp-json\/wp\/v2\/tags?post=1411"}],"curies":[{"name":"wp","href":"https:\/\/api.w.org\/{rel}","templated":true}]}}