{"id":1409,"date":"2024-09-24T15:08:56","date_gmt":"2024-09-24T13:08:56","guid":{"rendered":"https:\/\/editionsbussiere.com\/blog\/permettez-a-jesus-de-guerir-votre-incoherence-et-invocation-pour-commencer-la-journee\/"},"modified":"2024-09-24T15:08:56","modified_gmt":"2024-09-24T13:08:56","slug":"permettez-a-jesus-de-guerir-votre-incoherence-et-invocation-pour-commencer-la-journee","status":"publish","type":"post","link":"https:\/\/editionsbussiere.com\/blog\/permettez-a-jesus-de-guerir-votre-incoherence-et-invocation-pour-commencer-la-journee\/","title":{"rendered":"Permettez \u00e0 J\u00e9sus de gu\u00e9rir votre incoh\u00e9rence\n et invocation pour commencer la journ\u00e9e."},"content":{"rendered":"<div><img width=\"580\" height=\"389\" src=\"https:\/\/editionsbussiere.com\/blog\/wp-content\/uploads\/2024\/09\/Permettez-a-Jesus-de-guerir-votre-incoherence-et-invocation-pour-1024x686-1.jpg\" class=\"attachment-large size-large wp-post-image\" alt=\"Permettez \u00e0 J\u00e9sus de gu\u00e9rir votre incoh\u00e9rence et invocation pour\" style=\"float:left; margin:0 15px 15px 0;\" decoding=\"async\" loading=\"lazy\" srcset=\"https:\/\/editionsbussiere.com\/blog\/wp-content\/uploads\/2024\/09\/Permettez-a-Jesus-de-guerir-votre-incoherence-et-invocation-pour-1024x686-1.jpg 1024w, https:\/\/www.n42.fr\/wp-content\/uploads\/2024\/09\/Permettez-a-Jesus-de-guerir-votre-incoherence-et-invocation-pour-300x201.jpg 300w, https:\/\/www.n42.fr\/wp-content\/uploads\/2024\/09\/Permettez-a-Jesus-de-guerir-votre-incoherence-et-invocation-pour-768x514.jpg 768w, https:\/\/www.n42.fr\/wp-content\/uploads\/2024\/09\/Permettez-a-Jesus-de-guerir-votre-incoherence-et-invocation-pour-1536x1028.jpg 1536w, https:\/\/www.n42.fr\/wp-content\/uploads\/2024\/09\/Permettez-a-Jesus-de-guerir-votre-incoherence-et-invocation-pour-2048x1371.jpg 2048w, https:\/\/www.n42.fr\/wp-content\/uploads\/2024\/09\/Permettez-a-Jesus-de-guerir-votre-incoherence-et-invocation-pour-1200x803.jpg 1200w, https:\/\/www.n42.fr\/wp-content\/uploads\/2024\/09\/Permettez-a-Jesus-de-guerir-votre-incoherence-et-invocation-pour-1980x1326.jpg 1980w\" sizes=\"auto, (max-width: 580px) 100vw, 580px\"><\/p>\n<p>\n<\/p>\n<div>\n<p><em>Il a tout bien fait.<\/em><\/p>\n<p class=\"has-drop-cap\">Qu\u2019y a-t-il de plus difficile que de faire le bien que nous savons que nous devons faire ? Faire ce bien de mani\u00e8re constante, en tout temps, en tout lieu et dans toutes les conditions. Malgr\u00e9 nos bonnes r\u00e9solutions, nous ne parvenons pas toujours \u00e0 faire le bien que nous avons l\u2019intention de faire.<\/p>\n<p>L\u2019ap\u00f4tre des Gentils conna\u00eet bien l\u2019efficacit\u00e9 de la gr\u00e2ce de Dieu dans sa vie : \u00ab Mais par la gr\u00e2ce de Dieu je suis ce que je suis, et sa gr\u00e2ce envers moi n\u2019a pas \u00e9t\u00e9 vaine \u00bb (1 Co 15, 10). Mais il fait aussi l\u2019exp\u00e9rience de cette oscillation entre le bien et le mal : \u00ab Car je ne fais pas le bien que je veux, mais je fais le mal que je ne veux pas \u00bb. Puis il d\u00e9signe J\u00e9sus-Christ comme la r\u00e9ponse \u00e0 son oscillation entre le bien et le mal : \u00ab Qui me sauvera de ce corps de mort ? Gr\u00e2ces soient rendues \u00e0 Dieu par J\u00e9sus-Christ notre Seigneur \u00bb (Rom 7, 19.24).<\/p>\n<p>L\u2019exp\u00e9rience et les paroles de saint Paul nous font comprendre que nous ne sommes pas condamn\u00e9s \u00e0 une vie d\u2019incoh\u00e9rence lorsqu\u2019il s\u2019agit de faire le bien et d\u2019\u00e9viter le mal. En J\u00e9sus-Christ et par lui, nous avons acc\u00e8s \u00e0 tout ce dont nous avons besoin pour \u00eatre plus constants dans l\u2019accomplissement du bien.  <\/p>\n<p>Apr\u00e8s que J\u00e9sus eut gu\u00e9ri le sourd-muet (Mc 7, 31-37), la foule dit de lui : \u00ab Il a tout bien fait. \u00bb J\u00e9sus ne faisait pas seulement de bonnes choses. Il le faisait tout le temps. En bref, il \u00e9tait constant.<\/p>\n<p>Derri\u00e8re la constance de J\u00e9sus se cachent quatre choses que nous pouvons imiter pour devenir plus constants dans nos actions bienveillantes.<\/p>\n<p><strong>J\u00e9sus avait toujours en lui l\u2019Esprit de bont\u00e9 et il \u00e9tait conduit par cet Esprit. <\/strong>Il a d\u00e9crit sa mission en ces termes : \u00ab L\u2019Esprit du Seigneur est sur moi, car il m\u2019a oint pour annoncer une bonne nouvelle aux pauvres. Il m\u2019a envoy\u00e9 pour proclamer aux captifs la d\u00e9livrance et aux aveugles le recouvrement de la vue, pour renvoyer libres les opprim\u00e9s\u2026 \u00bb (Lc 4, 18). Par la puissance de cet Esprit, aucune quantit\u00e9 de mal dans le monde ne pouvait emp\u00eacher notre Seigneur J\u00e9sus d\u2019accomplir de bonnes et puissantes choses dans la vie des autres.<\/p>\n<p>Nous avons aussi cet Esprit de bont\u00e9 en nous d\u00e8s le moment de notre bapt\u00eame. Nous pouvons \u00eatre plus constants dans le bien que nous faisons lorsque nous sommes nous aussi guid\u00e9s et soutenus par l\u2019Esprit : \u00ab Car tous ceux qui sont conduits par l\u2019Esprit de Dieu sont fils de Dieu. \u00bb (Romains 8:14) Nous sommes plus inconstants dans nos actions lorsque nous sommes contr\u00f4l\u00e9s par nos \u00e9motions ou nos pr\u00e9f\u00e9rences personnelles, lorsque nous sommes vaincus par nos peurs d\u2019\u00eatre rejet\u00e9s ou lorsque nous aspirons \u00e0 l\u2019acceptation et \u00e0 l\u2019attention des autres. Nous ne pouvons pas non plus \u00eatre constants lorsque nous d\u00e9pendons uniquement de notre force ou de nos bonnes r\u00e9solutions pour faire le bien. <\/p>\n<p><strong>J\u00e9sus a tout fait par amour et d\u00e9pendance envers le P\u00e8re. <\/strong>Lorsqu\u2019on lui a demand\u00e9 pourquoi il gu\u00e9rissait le jour du sabbat, il a r\u00e9pondu : \u00ab En v\u00e9rit\u00e9, en v\u00e9rit\u00e9, je vous le dis, le Fils ne peut rien faire de lui-m\u00eame, il ne fait que ce qu\u2019il voit faire au P\u00e8re ; et tout ce qu\u2019il fait, le Fils le fait pareillement. Car le P\u00e8re aime le Fils et lui montre tout ce qu\u2019il fait lui-m\u00eame. \u00bb (Jn 5, 19-20) Il a tout fait pour plaire au P\u00e8re et dans une totale d\u00e9pendance de lui. Il a \u00e9t\u00e9 constant dans tout ce qu\u2019il a fait pour nous parce qu\u2019il a tout fait avant tout par amour pour le P\u00e8re. Notre infid\u00e9lit\u00e9 et notre manque de reconnaissance n\u2019ont rien enlev\u00e9 \u00e0 sa bont\u00e9 \u00e9ternelle.<\/p>\n<p>Nous pouvons aussi faire de bonnes choses par amour pour le P\u00e8re, car nous avons \u00e9t\u00e9 introduits gratuitement dans cette relation d\u2019amour avec le P\u00e8re : \u00ab L\u2019amour de Dieu a \u00e9t\u00e9 r\u00e9pandu dans nos c\u0153urs par le Saint-Esprit qui nous a \u00e9t\u00e9 donn\u00e9. \u00bb (Romains 5, 5) Nous pouvons faire le bien pour plaire au P\u00e8re et non pas en premier lieu \u00e0 nous-m\u00eames ou aux autres. Nous devenons plus constants dans la bont\u00e9 lorsque nous nous renon\u00e7ons \u00e0 nous-m\u00eames et faisons le bien pour l\u2019amour de Celui qui nous a gratuitement mis en communion avec son Fils et nous a donn\u00e9 part \u00e0 sa vie par gr\u00e2ce. Toute motivation autre que l\u2019amour pour Dieu ne nous rendra que sporadique dans la bont\u00e9.<\/p>\n<p><strong>J\u00e9sus a utilis\u00e9 tout ce qu\u2019il avait pour faire le bien, jamais le mal. <\/strong>J\u00e9sus a employ\u00e9 tout ce qu\u2019il avait pour rendre la parole et l\u2019ou\u00efe au sourd-muet. Il a utilis\u00e9 son temps pour s\u2019occuper de lui, il a utilis\u00e9 ses mains pour l\u2019\u00e9loigner de la foule, il a utilis\u00e9 son doigt pour toucher ses oreilles, il a utilis\u00e9 sa salive pour toucher sa langue, il a utilis\u00e9 ses yeux pour lever les yeux vers le ciel, il a utilis\u00e9 ses l\u00e8vres et sa voix pour prononcer les mots qui ont ouvert les oreilles de l\u2019homme : \u00ab Ephphatha !  <\/p>\n<p>Nous ne faisons pas le bien de mani\u00e8re coh\u00e9rente parce qu\u2019il nous est tr\u00e8s facile d\u2019abuser des dons que Dieu nous a donn\u00e9s. Nous les utilisons pour faire du mal aux autres et pour nos propres int\u00e9r\u00eats \u00e9go\u00efstes qui n\u2019ont rien \u00e0 voir avec la volont\u00e9 de Dieu. Nous ignorons le fait que Dieu nous a donn\u00e9 toutes ces choses pour ces raisons : \u00ab \u00e9difier les hommes, donner gloire \u00e0 notre P\u00e8re qui est dans les cieux \u00bb (Mt 5, 16) et \u00ab travailler \u00e0 notre salut dans la crainte et le tremblement \u00bb (Ph 2, 12). En J\u00e9sus-Christ, nous aussi pouvons utiliser tout ce que nous avons pour faire le bien aux autres et jamais le mal.<\/p>\n<p><strong>Enfin, toutes les actions de J\u00e9sus \u00e9taient accompagn\u00e9es d\u2019une pri\u00e8re au P\u00e8re. <\/strong>Avant d\u2019ouvrir les oreilles du sourd-muet, on nous dit que \u00ab J\u00e9sus leva les yeux au ciel et g\u00e9mit \u00bb. Il faisait toujours de bonnes choses parce qu\u2019il \u00e9tait en communion constante avec le P\u00e8re. M\u00eame son agonie sur la croix n\u2019a pas pu l\u2019emp\u00eacher de prier pour demander pardon \u00e0 ses bourreaux : \u00ab P\u00e8re, pardonne-leur, car ils ne savent pas ce qu\u2019ils font \u00bb (Lc 23, 34).<\/p>\n<p>Nous aussi, nous pouvons faire le bien avec constance lorsque nous nous effor\u00e7ons de vivre dans la pr\u00e9sence aimante de Dieu et d\u2019\u00e9lever notre esprit et notre c\u0153ur vers Lui dans la pri\u00e8re. Dieu est plus proche de nous que nos \u00e9checs, nos luttes et nos difficult\u00e9s dans ce monde. Nous ne sommes jamais seuls ni abandonn\u00e9s face aux maux de ce monde. Comme J\u00e9sus et avec J\u00e9sus, nous pouvons toujours prier le P\u00e8re et faire sa volont\u00e9 avec plus de constance. En vivant dans la pr\u00e9sence de Dieu, nous pouvons aussi accepter nos \u00e9checs comme un appel divin \u00e0 faire davantage confiance \u00e0 Dieu et \u00e0 acqu\u00e9rir le temp\u00e9rament de J\u00e9sus. Cela seul nous emp\u00eache de nous d\u00e9courager ou d\u2019abandonner.<\/p>\n<p>Tout comme \u00e0 notre \u00e9poque, les premiers chr\u00e9tiens s\u2019\u00e9taient r\u00e9sign\u00e9s \u00e0 une vie d\u2019incoh\u00e9rence dans la bont\u00e9. Ils faisaient preuve d\u2019hospitalit\u00e9 envers les riches et les influents et les accueillaient parmi eux : \u00ab Tu pr\u00eates attention \u00e0 celui qui porte un beau costume et tu lui dis : \u201cAssieds-toi ici, s\u2019il te pla\u00eet.\u201d \u00bb Mais ils traitaient les pauvres avec m\u00e9pris : \u00ab Tu dis au pauvre : \u201cReste l\u00e0.\u201d \u00bb (Voir Jacques 2:1-5). Ils \u00e9taient partiaux dans leur traitement des autres parce qu\u2019ils ne voyaient pas leur manque d\u2019hospitalit\u00e9.<\/p>\n<p>Mes chers fr\u00e8res et s\u0153urs en Christ, Dieu veut que nous fassions toujours le bien et que nous le fassions bien parce que nous sommes ses enfants, rachet\u00e9s par le sang de son Fils, J\u00e9sus-Christ, et appel\u00e9s \u00e0 communier avec lui. Gr\u00e2ce \u00e0 la puissance de cette communion, nous ne pouvons pas nous contenter de faire le bien aujourd\u2019hui et de faire le mal demain. Par sa gr\u00e2ce, nous pouvons nous aussi devenir plus constants dans le bien en partageant le temp\u00e9rament de J\u00e9sus-Christ qui demeure \u00ab le m\u00eame hier, aujourd\u2019hui et \u00e9ternellement \u00bb (H\u00e9breux 13:8).<\/p>\n<p>Chaque Eucharistie est une rencontre avec cet amour constant de J\u00e9sus pour nous. Sa gr\u00e2ce en nous pour faire le bien est toujours efficace et jamais vaine. Partageons aussi profond\u00e9ment sa propre disposition afin que nous puissions devenir plus constants \u00e0 faire le bien et \u00e0 le faire bien.<\/p>\n<p>Gloire \u00e0 J\u00e9sus !!! Honneur \u00e0 Marie !!!<\/p>\n<hr class=\"wp-block-separator has-alpha-channel-opacity\">\n<p>Photo de Eric Rothermel sur Unsplash<\/p>\n<\/div>\n<p><script>(function(d, s, id) \n  var js, fjs = d.getElementsByTagName(s)[0];\n  if (d.getElementById(id)) return;\n  js = d.createElement(s); js.id = id;\n  js.src = \"\/\/connect.facebook.net\/en_US\/sdk.js#xfbml=1&version=v2.10&appId=123517014997301\";\n  fjs.parentNode.insertBefore(js, fjs);\n(document, 'script', 'facebook-jssdk'));<\/script><\/p>\n<h2> \u00c9lever nos pri\u00e8res pour nos familles au Seigneur matin.<\/h2>\n<p>Cette ult\u00e9rieure phase de la pri\u00e8re du matin consiste \u00e0 prier pour nos familles proches, nos famille, nos connaissances et nos communaut\u00e9. Nous pouvons prier pour leur bien-\u00eatre, leur prosp\u00e9rit\u00e9, leur s\u00e9curit\u00e9, et leur fortune. Nous pouvons \u00e9galement prier pour nos ennemis et pour celles qui nous ont heurt\u00e9s, et demander \u00e0 Dieu de nous aider \u00e0 leur propre pardonner et \u00e0 leur montrer la compassion.<\/p>\n<h3> Invoquer pour la bien-\u00eatre et la s\u00e9curit\u00e9 de nos familles.<\/h3>\n<p>Dieu tout-puissant, nous autres te confions nos amis, nos propres familles et nos compagnons. Garde, cher Dieu, sur eux, avec pr\u00e9serve -les de tout risque et de toute affliction. Donne, \u00d4 Seigneur, une sant\u00e9 du corps et de l\u2019esprit \u00e0 eux, et la paix dans leur esprit. Puisses-tu permettre ta guidance omnipotente les prot\u00e8ge et les conduise tout au long de cette journ\u00e9e, pour qu\u2019il puissent jouissent dans la s\u00e9curit\u00e9 ainsi que la qui\u00e9tude.<\/p>\n<p>Nous tous \u00e0 toi prions aussi pour nos propres enfants, Seigneur tout-puissant, afin qu\u2019ils grandissent dans leur foi avec dans l\u2019amour de ton b\u00e9ni nom. Donne, cher Dieu, la sagesse ainsi que la force n\u00e9cessaires en vue de surmonter les d\u00e9fis de la vie, et aussi dirige leurs pas le long de le chemin de la v\u00e9rit\u00e9 et aussi de la justice.<\/p>\n<p>Enfin, nous tous te prions en vue de nos amis et nos voisins, Seigneur, qu\u2019ils d\u00e9couvrent la joie de ton amour ainsi que la s\u00e9r\u00e9nit\u00e9 de ton pardon. Accorde-leur, \u00d4 Dieu, des c\u0153urs bienveillants pour partager avec ceux qui dans le besoin, et aussi mains accueillantes pour accueillir ceux qui sont seuls ainsi que abandonn\u00e9s.<\/p>\n<h3> Prier pour notre ennemis et ceux qui nous ont offens\u00e9s. <\/h3>\n<p>Seigneur Dieu, le Christ, nous vous prions pour nos ennemis et pour ceux que nous-m\u00eames ont offens\u00e9s. Accorde-leur, \u00f4 Christ, ta mis\u00e9ricorde et votre pardon, et aussi ouvre leur c\u0153ur \u00e0 la lumi\u00e8re de ta v\u00e9rit\u00e9. Aide-nous, Seigneur, \u00e0 leur montrer de la compassion et \u00e0 leur pardonner comme tu nous as pardonn\u00e9. Que ta paix r\u00e8gne dans les n\u00f4tres c\u0153urs et aussi que votre amour guide les n\u00f4tres actions, pour que nous puissions vivre en harmonie avec tous ceux que nous autres entourent.<\/p>\n<h3> Comprendre la pri\u00e8re : <\/h3>\n<p>En conclusion, la invocation nous rappelle notre devoir comme enfants de Dieu : se trouver des observateurs de sa lumi\u00e8re et de ses attachement dans une \u00e8re en proie aux t\u00e9n\u00e8bres. \u00c0 travers notre paroles et nos actions, nous diffusons l\u2019\u00c9vangile de l\u2019 tranquillit\u00e9 et de la rapprochement, amenant l\u2019esp\u00e9rance et la cicatrisation \u00e0 un environnement endommag\u00e9.<\/p>\n<p>Au sein de l\u2019 spiritualit\u00e9 chr\u00e9tienne, le lever du jour adopte l\u2019 valeur particuli\u00e8re, symbolisant le renouveau et la renaissance int\u00e9rieure. C\u2019est au lever du jour de chaque matin\u00e9e que l\u2019esprit se tourne vers Dieu dans la pri\u00e8re, cherchant \u00e0 devenir \u00e9clair\u00e9e par la lumi\u00e8re c\u00e9leste. La pratique des pri\u00e8res matinales s\u2019av\u00e8re essentiellement enracin\u00e9e dans le patrimoine chr\u00e9tienne, proposant un instant privil\u00e9gi\u00e9 pour se connecter avec Dieu et se pr\u00e9parer mentalement aux \u00e9preuves de la journ\u00e9e qui s\u2019annonce.<\/p>\n<p>Au au c\u0153ur au sein de ces oraisons matinales se trouve r\u00e9guli\u00e8rement une d\u00e9votion distincte \u00e0 l\u2019\u00e9gard de Marie, maman maternelle de J\u00e9sus et ic\u00f4ne sainte v\u00e9n\u00e9r\u00e9e par de nombreux fid\u00e8les. En tant de m\u00e9diatrice parmi les hommes et Dieu, Marie reste sollicit\u00e9e afin de m\u00e9dier en notre nom, nous-m\u00eames guidant sur le chemin de la saintet\u00e9 et de la gr\u00e2ce divine. Sa pr\u00e9sence maternelle fournit r\u00e9confort et abri, enveloppant nos pri\u00e8re matinales d\u2019une d\u00e9licatesse c\u00e9leste.<\/p>\n<p>En via l\u2019 pri\u00e8re du matin, on se trouve invit\u00e9s pour nous rallier \u00e0 Marie dans une approche pour purification personnelle. Dans m\u00e9ditant sur la vie et les vertus, nous recherchons \u00e0 imiter sa humilit\u00e9, la puret\u00e9 et son ob\u00e9issance \u00e0 l\u2019 volont\u00e9 de Dieu. \u00c0 travers sa saintet\u00e9 mod\u00e8le, Marie est pour nous un mod\u00e8le de vie chr\u00e9tienne, nous rappelant l\u2019importance de la pri\u00e8re et de la contemplation au sein de nos cheminement spirituel.<\/p>\n<p>Unissons nos voix dans la pri\u00e8re matinale, dans notre esp\u00e9rance, en nous tournant vers Marie, la m\u00e8re de J\u00e9sus. Dans notre monde tourment\u00e9 par les conflits et la division, optons \u00e0 la pri\u00e8re comme un moyen de retrouver la s\u00e9r\u00e9nit\u00e9 et la r\u00e9conciliation. Les chr\u00e9tiens ont la possibilit\u00e9 exprimer un message pour la m\u00e8re de dieu <a target=\"_blank\" rel=\"nofollow\" href=\"https:\/\/editionsbussiere.com\/blog\/goto\/https:\/\/www.avemariasound.org\/\" >sur ce lien.<\/a> Que nos pri\u00e8res s\u2019\u00e9l\u00e8vent vers le ciel, comme une offrande agr\u00e9able \u00e0 Dieu, pour qu\u2019il guide \u00e9clairer nos chemins vers le chemin de la justice et de la v\u00e9rit\u00e9. Saint Paul nous exhorte dans ses \u00e9p\u00eetres \u00e0 prier sans cesse, quelle que soit la situation, afin que notre connexion \u00e0 Dieu reste constante et ardente. La pri\u00e8re, lorsqu\u2019elle est offerte sinc\u00e8rement, a la capacit\u00e9 pour changer nos c\u0153urs et de modifier le cours de l\u2019histoire.<\/p>\n<p>La oraison du matin se trouve \u00eatre un instant favoris\u00e9 pour se consacrer vers Dieu avec l\u2019intercession de Marie, en lui sacrifiant nos adorations, nos remerciements et nos intentions les plus profondes. \u00c0 travers la qui\u00e9tude du l\u2019aurore, nous sommes invit\u00e9s \u00e0 tourner envers cette m\u00e8re sainte, qui on guide avec tendresse sur le chemin de la croyance et de l\u2019amour divin. En unissant nos voix \u00e0 celle de Marie, on haussant notre pri\u00e8res matinales \u00e0 le tr\u00f4ne du la gr\u00e2ce, s\u00fbrs que notre supplications seront entendues et accueillies par le c\u0153ur mis\u00e9ricordieux de Dieu.<\/p>\n<h2> Pri\u00e8re pour le d\u00e9but de journ\u00e9e avec Dieu et la Sainte M\u00e8re<\/h2>\n<p>Dieu tout-puissant et plein de mis\u00e9ricorde, en ce nouveau jour qui commence sous la clart\u00e9 de ta lumi\u00e8re c\u00e9leste, je viens \u00e0 Toi avec c\u0153ur rempli de confiance et d\u2019humilit\u00e9. Que cette journ\u00e9e qui s\u2019ouvre soit consacr\u00e9e \u00e0 ton saint nom, que chaque battement de mon c\u0153ur |chaque regard de mes yeux|chacune de mes paroles|chacun de mes gestes} te soit offert en acte d\u2019amour. Que chaque souffle qui anime mon corps soit un souffle de pri\u00e8re |un souffle vers toi|un souffle de vie en toi}. Suppliez, que nos pri\u00e8res montent, que nos c\u0153urs implorent, suppliez, que nos esprits s\u2019\u00e9l\u00e8vent.<\/p>\n<p>Tel Marie, la sainte m\u00e8re qui a port\u00e9 en son sein l\u2019enfant J\u00e9sus, guide-moi dans ce cheminement de foi et de d\u00e9votion. Que je puisse, \u00e0 travers les pages de l\u2019\u00c9vangile, d\u00e9couvrir la lumi\u00e8re pour \u00e9clairer mes pas et renforcer ma foi. Tel Pierre, donne-moi la puissance et le courage d\u2019affronter les temp\u00eates de la vie avec une foi in\u00e9branlable en ta divine providence.<\/p>\n<p>Durant ce temps de Car\u00eame, o\u00f9 les croyants et les croyantes se pr\u00e9parent \u00e0 comm\u00e9morer la r\u00e9surrection de ton fils bien-aim\u00e9, octroie-moi, Seigneur, la gr\u00e2ce du r\u00e9veil spirituel. Que mon esprit soit purifi\u00e9 de tout ce qui le souille, afin qu\u2019il devienne un temple digne de ta pr\u00e9sence. Que mes suppliques, inspir\u00e9e par l\u2019exemple de Fran\u00e7ois d\u2019Assise, r\u00e9sonne comme un hymne de louange \u00e0 travers les si\u00e8cles.<br \/>\n\u00d4 Seigneur, que mon quotidien soit impr\u00e9gn\u00e9 de ta gr\u00e2ce, que chaque instant soit une occasion de entrer en communion avec toi et de te servir dans mes semblables. Que ma vie soit un t\u00e9moignage vivant de ta tendresse infinie pour l\u2019humanit\u00e9. Puissent les supplications de Hozana monter vers toi comme un doux parfum, enveloppant chaque instant de ma journ\u00e9e dans une ambiance de paix. Priez, \u00c9glise, Fran\u00e7ois, Hozana.<\/p>\n<p>Que mon c\u0153ur, Dieu Tout-Puissant, devienne une r\u00e9plique du tien, rempli d\u2019amour, de compassion et de mis\u00e9ricorde envers autrui. Que toutes mes pens\u00e9es et mes actions soient conduites par l\u2019Esprit divin, afin que je puisse contribuer \u00e0 l\u2019av\u00e8nement de ton r\u00e8gne de justice sur cette terre.<\/p>\n<p>Puissent cette journ\u00e9e constitue une nouvelle \u00e9tape dans mon cheminement spirituel, un moment de grandir dans la foi. Seigneur, poss\u00e8de mon c\u0153ur, \u00e9tablis-le comme ton sanctuaire, o\u00f9 ta pr\u00e9sence se manifeste \u00e0 chaque instant. Que chaque pulsation de mon c\u0153ur devienne un chant \u00e0 ta louange, Seigneur, pour l\u2019\u00e9ternit\u00e9. Amen.<\/p>\n<p>Pendant le r\u00e9veil spirituel spiritualiste de chaque \u00e2me chr\u00e9tienne, la supplication a un r\u00f4le. C\u2019est la connexion profonde entre le croyant divin et sa m\u00e8re c\u00e9leste, la Vierge Marie, la sainte supplie pour le compte de nous devant son divin Fils. \u00c0 travers la supplication, les fid\u00e8les nous introduisons au c\u0153ur de la lumi\u00e8re de la parole de Dieu, guid\u00e9s sous l\u2019Esprit Saint, dans le but de d\u00e9celer la r\u00e9alit\u00e9 et la faveur que J\u00e9sus nous offre.<\/p>\n<h2>R\u00e9flexion sur la Parole du Seigneur : <\/h2>\n<p>Il nous est possible de pouvons contempler en ce qui concerne un passage biblique qui nous parle de l\u2019amour de Dieu. Par exemple :<\/p>\n<h3>1 Corinthiens 13, 1-8 : <\/h3>\n<p>\u00ab\u00a0Quand je parlerais les langues des hommes et des anges, si je n\u2019ai pas l\u2019amour, je suis un airain qui r\u00e9sonne ou une cymbale qui retentit. Et quand j\u2019aurais le don de proph\u00e9tie, la science de tous les myst\u00e8res et toute la connaissance, quand j\u2019aurais m\u00eame toute la foi jusqu\u2019\u00e0 transporter des montagnes, si je n\u2019ai pas l\u2019amour, je ne suis rien. .\u00a0\u00bb<\/p>\n<p>Bibliographie :<\/p>\n<p>Souvenirs de la Basse Cornouaille\/Livraison 1\/La Croix de Penn\u00e9arc\u2019h.,<a target=\"_blank\" rel=\"nofollow\" href=\"https:\/\/editionsbussiere.com\/blog\/goto\/https:\/\/fr.wikisource.org\/wiki\/Souvenirs_de_la_Basse_Cornouaille\/Livraison_1\/La_Croix_de_Penn%C3%A9arc%E2%80%99h\"  target=\"_blank\" rel=\"noopener noreferrer nofollow\">A lire ici.<\/a><span><\/span><\/p>\n<p>Les Reposoirs de la procession (1893)\/Tome I\/Nocturne.,<a target=\"_blank\" rel=\"nofollow\" href=\"https:\/\/editionsbussiere.com\/blog\/goto\/https:\/\/fr.wikisource.org\/wiki\/Les_Reposoirs_de_la_procession_(1893)\/Tome_I\/Nocturne\"  target=\"_blank\" rel=\"noopener noreferrer nofollow\">Le post d\u2019actualit\u00e9.<\/a><span><\/span>. Suite sur le prochain article.<\/p>\n<p>Les Petits po\u00e8mes grecs\/Orph\u00e9e\/Hymnes.,<a target=\"_blank\" rel=\"nofollow\" href=\"https:\/\/editionsbussiere.com\/blog\/goto\/https:\/\/fr.wikisource.org\/wiki\/Les_Petits_po%C3%A8mes_grecs\/Orph%C3%A9e\/Hymnes\"  target=\"_blank\" rel=\"noopener noreferrer nofollow\">Article complet.<\/a><span><\/span>. Suite sur le prochain article.<\/p>\n<p>Le Roi vierge\/Livre 3, 3.,<a target=\"_blank\" rel=\"nofollow\" href=\"https:\/\/editionsbussiere.com\/blog\/goto\/https:\/\/fr.wikisource.org\/wiki\/Le_Roi_vierge\/Livre_3,_3\"  target=\"_blank\" rel=\"noopener noreferrer nofollow\">Cliquer ICI.<\/a><span><\/span>. Suite sur le prochain article.<\/p>\n<p>Isaac Laquedem\/Vol. 4\/Premi\u00e8re partie\/La R\u00e9surrection.,<a target=\"_blank\" rel=\"nofollow\" href=\"https:\/\/editionsbussiere.com\/blog\/goto\/https:\/\/fr.wikisource.org\/wiki\/Isaac_Laquedem\/Vol._4\/Premi%C3%A8re_partie\/La_R%C3%A9surrection\"  target=\"_blank\" rel=\"noopener noreferrer nofollow\">Le post d\u2019actualit\u00e9.<\/a><span><\/span>. Suite sur le prochain article.<\/p>\n<p>Bouquets et pri\u00e8res\/Texte entier.,<a target=\"_blank\" rel=\"nofollow\" href=\"https:\/\/editionsbussiere.com\/blog\/goto\/https:\/\/fr.wikisource.org\/wiki\/Bouquets_et_pri%C3%A8res\/Texte_entier\"  target=\"_blank\" rel=\"noopener noreferrer nofollow\">Le post d\u2019actualit\u00e9.<\/a><span><\/span><\/p>\n<\/div>\n<p><img decoding=\"async\" class=\"wpe_imgrss\" src=\"https:\/\/editionsbussiere.com\/blog\/wp-content\/uploads\/2024\/09\/Permettez-a-Jesus-de-guerir-votre-incoherence-et-invocation-pour-1024x686-1.jpg\">Cet article a \u00e9t\u00e9 reconstitu\u00e9 du mieux possible. Dans l\u2019hypoth\u00e8se o\u00f9 vous souhaitez apporter quelques modifications concernant le th\u00e8me \u00ab\u00a0Editions \u00e9sot\u00e9rique fond\u00e9e en 1927\u00a0\u00bb, il est possible de discuter avec notre r\u00e9daction. Vous pouvez tirer profit de cet article traitant le sujet \u00ab\u00a0Editions \u00e9sot\u00e9rique fond\u00e9e en 1927\u00a0\u00bb. Il est concoct\u00e9 par l\u2019\u00e9quipe editionsbussiere.com. Le site editionsbussiere.com est fait pour cr\u00e9er divers posts autour du th\u00e8me Editions \u00e9sot\u00e9rique fond\u00e9e en 1927 d\u00e9velopp\u00e9es sur internet. Consultez notre site internet editionsbussiere.com et nos r\u00e9seaux sociaux pour \u00eatre au courant des futures annonces.<\/p>\n","protected":false},"excerpt":{"rendered":"<p>Il a tout bien fait. Qu\u2019y a-t-il de plus difficile que de faire le bien que nous savons que nous devons faire ? Faire ce bien de mani\u00e8re constante, en tout temps, en tout lieu et dans toutes les conditions. Malgr\u00e9 nos bonnes r\u00e9solutions, nous ne parvenons pas toujours \u00e0 faire le bien que nous [&hellip;]<\/p>\n","protected":false},"author":3,"featured_media":1410,"comment_status":"closed","ping_status":"closed","sticky":false,"template":"","format":"standard","meta":{"footnotes":""},"categories":[3],"tags":[],"class_list":["post-1409","post","type-post","status-publish","format-standard","has-post-thumbnail","hentry","category-editions-esoterique-fondee-en-1927-depeches","entry","fw-tab-6 fw-tabr-4","has-featured-image"],"yoast_head":"<!-- This site is optimized with the Yoast SEO plugin v27.5 - https:\/\/yoast.com\/product\/yoast-seo-wordpress\/ -->\n<title>Permettez \u00e0 J\u00e9sus de gu\u00e9rir votre incoh\u00e9rence et invocation pour commencer la journ\u00e9e. - EDITIONSBUSSIERE<\/title>\n<meta name=\"robots\" content=\"index, follow, max-snippet:-1, max-image-preview:large, max-video-preview:-1\" \/>\n<link rel=\"canonical\" href=\"https:\/\/editionsbussiere.com\/blog\/permettez-a-jesus-de-guerir-votre-incoherence-et-invocation-pour-commencer-la-journee\/\" \/>\n<meta property=\"og:locale\" content=\"fr_FR\" \/>\n<meta property=\"og:type\" content=\"article\" \/>\n<meta property=\"og:title\" content=\"Permettez \u00e0 J\u00e9sus de gu\u00e9rir votre incoh\u00e9rence et invocation pour commencer la journ\u00e9e. - EDITIONSBUSSIERE\" \/>\n<meta property=\"og:description\" content=\"Il a tout bien fait. Qu\u2019y a-t-il de plus difficile que de faire le bien que nous savons que nous devons faire ? Faire ce bien de mani\u00e8re constante, en tout temps, en tout lieu et dans toutes les conditions. Malgr\u00e9 nos bonnes r\u00e9solutions, nous ne parvenons pas toujours \u00e0 faire le bien que nous [&hellip;]\" \/>\n<meta property=\"og:url\" content=\"https:\/\/editionsbussiere.com\/blog\/permettez-a-jesus-de-guerir-votre-incoherence-et-invocation-pour-commencer-la-journee\/\" \/>\n<meta property=\"og:site_name\" content=\"EDITIONSBUSSIERE\" \/>\n<meta property=\"article:published_time\" content=\"2024-09-24T13:08:56+00:00\" \/>\n<meta property=\"og:image\" content=\"https:\/\/editionsbussiere.com\/blog\/wp-content\/uploads\/2024\/09\/Permettez-a-Jesus-de-guerir-votre-incoherence-et-invocation-pour-1024x686-1.jpg\" \/>\n<meta name=\"author\" content=\"Marie BATICLE\" \/>\n<meta name=\"twitter:card\" content=\"summary_large_image\" \/>\n<meta name=\"twitter:label1\" content=\"\u00c9crit par\" \/>\n\t<meta name=\"twitter:data1\" content=\"Marie BATICLE\" \/>\n\t<meta name=\"twitter:label2\" content=\"Dur\u00e9e de lecture estim\u00e9e\" \/>\n\t<meta name=\"twitter:data2\" content=\"17 minutes\" \/>\n<script type=\"application\/ld+json\" class=\"yoast-schema-graph\">{\"@context\":\"https:\\\/\\\/schema.org\",\"@graph\":[{\"@type\":\"Article\",\"@id\":\"https:\\\/\\\/editionsbussiere.com\\\/blog\\\/permettez-a-jesus-de-guerir-votre-incoherence-et-invocation-pour-commencer-la-journee\\\/#article\",\"isPartOf\":{\"@id\":\"https:\\\/\\\/editionsbussiere.com\\\/blog\\\/permettez-a-jesus-de-guerir-votre-incoherence-et-invocation-pour-commencer-la-journee\\\/\"},\"author\":{\"name\":\"Marie BATICLE\",\"@id\":\"https:\\\/\\\/editionsbussiere.com\\\/blog\\\/#\\\/schema\\\/person\\\/ec90e102792148c97e46ab871010dd8f\"},\"headline\":\"Permettez \u00e0 J\u00e9sus de gu\u00e9rir votre incoh\u00e9rence et invocation pour commencer la journ\u00e9e.\",\"datePublished\":\"2024-09-24T13:08:56+00:00\",\"mainEntityOfPage\":{\"@id\":\"https:\\\/\\\/editionsbussiere.com\\\/blog\\\/permettez-a-jesus-de-guerir-votre-incoherence-et-invocation-pour-commencer-la-journee\\\/\"},\"wordCount\":3381,\"publisher\":{\"@id\":\"https:\\\/\\\/editionsbussiere.com\\\/blog\\\/#organization\"},\"image\":{\"@id\":\"https:\\\/\\\/editionsbussiere.com\\\/blog\\\/permettez-a-jesus-de-guerir-votre-incoherence-et-invocation-pour-commencer-la-journee\\\/#primaryimage\"},\"thumbnailUrl\":\"https:\\\/\\\/editionsbussiere.com\\\/blog\\\/wp-content\\\/uploads\\\/2024\\\/09\\\/Permettez-a-Jesus-de-guerir-votre-incoherence-et-invocation-pour-1024x686-1.jpg\",\"articleSection\":[\"Editions \u00c9sot\u00e9rique Fond\u00e9e En 1927; D\u00e9p\u00e8ches:\"],\"inLanguage\":\"fr-FR\"},{\"@type\":\"WebPage\",\"@id\":\"https:\\\/\\\/editionsbussiere.com\\\/blog\\\/permettez-a-jesus-de-guerir-votre-incoherence-et-invocation-pour-commencer-la-journee\\\/\",\"url\":\"https:\\\/\\\/editionsbussiere.com\\\/blog\\\/permettez-a-jesus-de-guerir-votre-incoherence-et-invocation-pour-commencer-la-journee\\\/\",\"name\":\"Permettez \u00e0 J\u00e9sus de gu\u00e9rir votre incoh\u00e9rence et invocation pour commencer la journ\u00e9e. - EDITIONSBUSSIERE\",\"isPartOf\":{\"@id\":\"https:\\\/\\\/editionsbussiere.com\\\/blog\\\/#website\"},\"primaryImageOfPage\":{\"@id\":\"https:\\\/\\\/editionsbussiere.com\\\/blog\\\/permettez-a-jesus-de-guerir-votre-incoherence-et-invocation-pour-commencer-la-journee\\\/#primaryimage\"},\"image\":{\"@id\":\"https:\\\/\\\/editionsbussiere.com\\\/blog\\\/permettez-a-jesus-de-guerir-votre-incoherence-et-invocation-pour-commencer-la-journee\\\/#primaryimage\"},\"thumbnailUrl\":\"https:\\\/\\\/editionsbussiere.com\\\/blog\\\/wp-content\\\/uploads\\\/2024\\\/09\\\/Permettez-a-Jesus-de-guerir-votre-incoherence-et-invocation-pour-1024x686-1.jpg\",\"datePublished\":\"2024-09-24T13:08:56+00:00\",\"breadcrumb\":{\"@id\":\"https:\\\/\\\/editionsbussiere.com\\\/blog\\\/permettez-a-jesus-de-guerir-votre-incoherence-et-invocation-pour-commencer-la-journee\\\/#breadcrumb\"},\"inLanguage\":\"fr-FR\",\"potentialAction\":[{\"@type\":\"ReadAction\",\"target\":[\"https:\\\/\\\/editionsbussiere.com\\\/blog\\\/permettez-a-jesus-de-guerir-votre-incoherence-et-invocation-pour-commencer-la-journee\\\/\"]}]},{\"@type\":\"ImageObject\",\"inLanguage\":\"fr-FR\",\"@id\":\"https:\\\/\\\/editionsbussiere.com\\\/blog\\\/permettez-a-jesus-de-guerir-votre-incoherence-et-invocation-pour-commencer-la-journee\\\/#primaryimage\",\"url\":\"https:\\\/\\\/editionsbussiere.com\\\/blog\\\/wp-content\\\/uploads\\\/2024\\\/09\\\/Permettez-a-Jesus-de-guerir-votre-incoherence-et-invocation-pour-1024x686-1.jpg\",\"contentUrl\":\"https:\\\/\\\/editionsbussiere.com\\\/blog\\\/wp-content\\\/uploads\\\/2024\\\/09\\\/Permettez-a-Jesus-de-guerir-votre-incoherence-et-invocation-pour-1024x686-1.jpg\",\"width\":1024,\"height\":686,\"caption\":\"Permettez a Jesus de guerir votre incoherence et invocation pour 1024x686 1\"},{\"@type\":\"BreadcrumbList\",\"@id\":\"https:\\\/\\\/editionsbussiere.com\\\/blog\\\/permettez-a-jesus-de-guerir-votre-incoherence-et-invocation-pour-commencer-la-journee\\\/#breadcrumb\",\"itemListElement\":[{\"@type\":\"ListItem\",\"position\":1,\"name\":\"Accueil\",\"item\":\"https:\\\/\\\/editionsbussiere.com\\\/blog\\\/\"},{\"@type\":\"ListItem\",\"position\":2,\"name\":\"Permettez \u00e0 J\u00e9sus de gu\u00e9rir votre incoh\u00e9rence et invocation pour commencer la journ\u00e9e.\"}]},{\"@type\":\"WebSite\",\"@id\":\"https:\\\/\\\/editionsbussiere.com\\\/blog\\\/#website\",\"url\":\"https:\\\/\\\/editionsbussiere.com\\\/blog\\\/\",\"name\":\"EDITIONSBUSSIERE\",\"description\":\"Editions \u00e9sot\u00e9rique fond\u00e9e en 1927; site historique, A SAVOIR ET RETENIR.\",\"publisher\":{\"@id\":\"https:\\\/\\\/editionsbussiere.com\\\/blog\\\/#organization\"},\"potentialAction\":[{\"@type\":\"SearchAction\",\"target\":{\"@type\":\"EntryPoint\",\"urlTemplate\":\"https:\\\/\\\/editionsbussiere.com\\\/blog\\\/?s={search_term_string}\"},\"query-input\":{\"@type\":\"PropertyValueSpecification\",\"valueRequired\":true,\"valueName\":\"search_term_string\"}}],\"inLanguage\":\"fr-FR\"},{\"@type\":\"Organization\",\"@id\":\"https:\\\/\\\/editionsbussiere.com\\\/blog\\\/#organization\",\"name\":\"editionsbussiere\",\"url\":\"https:\\\/\\\/editionsbussiere.com\\\/blog\\\/\",\"logo\":{\"@type\":\"ImageObject\",\"inLanguage\":\"fr-FR\",\"@id\":\"https:\\\/\\\/editionsbussiere.com\\\/blog\\\/#\\\/schema\\\/logo\\\/image\\\/\",\"url\":\"https:\\\/\\\/editionsbussiere.com\\\/blog\\\/wp-content\\\/uploads\\\/2023\\\/09\\\/cropped-buss.gif\",\"contentUrl\":\"https:\\\/\\\/editionsbussiere.com\\\/blog\\\/wp-content\\\/uploads\\\/2023\\\/09\\\/cropped-buss.gif\",\"width\":298,\"height\":120,\"caption\":\"editionsbussiere\"},\"image\":{\"@id\":\"https:\\\/\\\/editionsbussiere.com\\\/blog\\\/#\\\/schema\\\/logo\\\/image\\\/\"}},{\"@type\":\"Person\",\"@id\":\"https:\\\/\\\/editionsbussiere.com\\\/blog\\\/#\\\/schema\\\/person\\\/ec90e102792148c97e46ab871010dd8f\",\"name\":\"Marie BATICLE\",\"image\":{\"@type\":\"ImageObject\",\"inLanguage\":\"fr-FR\",\"@id\":\"https:\\\/\\\/secure.gravatar.com\\\/avatar\\\/c923e52403b1b8137e2d929127211d21967e6aecaa053bd43b09da29f212e76e?s=96&d=mm&r=g\",\"url\":\"https:\\\/\\\/secure.gravatar.com\\\/avatar\\\/c923e52403b1b8137e2d929127211d21967e6aecaa053bd43b09da29f212e76e?s=96&d=mm&r=g\",\"contentUrl\":\"https:\\\/\\\/secure.gravatar.com\\\/avatar\\\/c923e52403b1b8137e2d929127211d21967e6aecaa053bd43b09da29f212e76e?s=96&d=mm&r=g\",\"caption\":\"Marie BATICLE\"},\"url\":\"https:\\\/\\\/editionsbussiere.com\\\/blog\\\/author\\\/eremarie\\\/\"}]}<\/script>\n<!-- \/ Yoast SEO plugin. -->","yoast_head_json":{"title":"Permettez \u00e0 J\u00e9sus de gu\u00e9rir votre incoh\u00e9rence et invocation pour commencer la journ\u00e9e. - EDITIONSBUSSIERE","robots":{"index":"index","follow":"follow","max-snippet":"max-snippet:-1","max-image-preview":"max-image-preview:large","max-video-preview":"max-video-preview:-1"},"canonical":"https:\/\/editionsbussiere.com\/blog\/permettez-a-jesus-de-guerir-votre-incoherence-et-invocation-pour-commencer-la-journee\/","og_locale":"fr_FR","og_type":"article","og_title":"Permettez \u00e0 J\u00e9sus de gu\u00e9rir votre incoh\u00e9rence et invocation pour commencer la journ\u00e9e. - EDITIONSBUSSIERE","og_description":"Il a tout bien fait. Qu\u2019y a-t-il de plus difficile que de faire le bien que nous savons que nous devons faire ? Faire ce bien de mani\u00e8re constante, en tout temps, en tout lieu et dans toutes les conditions. Malgr\u00e9 nos bonnes r\u00e9solutions, nous ne parvenons pas toujours \u00e0 faire le bien que nous [&hellip;]","og_url":"https:\/\/editionsbussiere.com\/blog\/permettez-a-jesus-de-guerir-votre-incoherence-et-invocation-pour-commencer-la-journee\/","og_site_name":"EDITIONSBUSSIERE","article_published_time":"2024-09-24T13:08:56+00:00","og_image":[{"url":"https:\/\/editionsbussiere.com\/blog\/wp-content\/uploads\/2024\/09\/Permettez-a-Jesus-de-guerir-votre-incoherence-et-invocation-pour-1024x686-1.jpg","type":"","width":"","height":""}],"author":"Marie BATICLE","twitter_card":"summary_large_image","twitter_misc":{"\u00c9crit par":"Marie BATICLE","Dur\u00e9e de lecture estim\u00e9e":"17 minutes"},"schema":{"@context":"https:\/\/schema.org","@graph":[{"@type":"Article","@id":"https:\/\/editionsbussiere.com\/blog\/permettez-a-jesus-de-guerir-votre-incoherence-et-invocation-pour-commencer-la-journee\/#article","isPartOf":{"@id":"https:\/\/editionsbussiere.com\/blog\/permettez-a-jesus-de-guerir-votre-incoherence-et-invocation-pour-commencer-la-journee\/"},"author":{"name":"Marie BATICLE","@id":"https:\/\/editionsbussiere.com\/blog\/#\/schema\/person\/ec90e102792148c97e46ab871010dd8f"},"headline":"Permettez \u00e0 J\u00e9sus de gu\u00e9rir votre incoh\u00e9rence et invocation pour commencer la journ\u00e9e.","datePublished":"2024-09-24T13:08:56+00:00","mainEntityOfPage":{"@id":"https:\/\/editionsbussiere.com\/blog\/permettez-a-jesus-de-guerir-votre-incoherence-et-invocation-pour-commencer-la-journee\/"},"wordCount":3381,"publisher":{"@id":"https:\/\/editionsbussiere.com\/blog\/#organization"},"image":{"@id":"https:\/\/editionsbussiere.com\/blog\/permettez-a-jesus-de-guerir-votre-incoherence-et-invocation-pour-commencer-la-journee\/#primaryimage"},"thumbnailUrl":"https:\/\/editionsbussiere.com\/blog\/wp-content\/uploads\/2024\/09\/Permettez-a-Jesus-de-guerir-votre-incoherence-et-invocation-pour-1024x686-1.jpg","articleSection":["Editions \u00c9sot\u00e9rique Fond\u00e9e En 1927; D\u00e9p\u00e8ches:"],"inLanguage":"fr-FR"},{"@type":"WebPage","@id":"https:\/\/editionsbussiere.com\/blog\/permettez-a-jesus-de-guerir-votre-incoherence-et-invocation-pour-commencer-la-journee\/","url":"https:\/\/editionsbussiere.com\/blog\/permettez-a-jesus-de-guerir-votre-incoherence-et-invocation-pour-commencer-la-journee\/","name":"Permettez \u00e0 J\u00e9sus de gu\u00e9rir votre incoh\u00e9rence et invocation pour commencer la journ\u00e9e. - EDITIONSBUSSIERE","isPartOf":{"@id":"https:\/\/editionsbussiere.com\/blog\/#website"},"primaryImageOfPage":{"@id":"https:\/\/editionsbussiere.com\/blog\/permettez-a-jesus-de-guerir-votre-incoherence-et-invocation-pour-commencer-la-journee\/#primaryimage"},"image":{"@id":"https:\/\/editionsbussiere.com\/blog\/permettez-a-jesus-de-guerir-votre-incoherence-et-invocation-pour-commencer-la-journee\/#primaryimage"},"thumbnailUrl":"https:\/\/editionsbussiere.com\/blog\/wp-content\/uploads\/2024\/09\/Permettez-a-Jesus-de-guerir-votre-incoherence-et-invocation-pour-1024x686-1.jpg","datePublished":"2024-09-24T13:08:56+00:00","breadcrumb":{"@id":"https:\/\/editionsbussiere.com\/blog\/permettez-a-jesus-de-guerir-votre-incoherence-et-invocation-pour-commencer-la-journee\/#breadcrumb"},"inLanguage":"fr-FR","potentialAction":[{"@type":"ReadAction","target":["https:\/\/editionsbussiere.com\/blog\/permettez-a-jesus-de-guerir-votre-incoherence-et-invocation-pour-commencer-la-journee\/"]}]},{"@type":"ImageObject","inLanguage":"fr-FR","@id":"https:\/\/editionsbussiere.com\/blog\/permettez-a-jesus-de-guerir-votre-incoherence-et-invocation-pour-commencer-la-journee\/#primaryimage","url":"https:\/\/editionsbussiere.com\/blog\/wp-content\/uploads\/2024\/09\/Permettez-a-Jesus-de-guerir-votre-incoherence-et-invocation-pour-1024x686-1.jpg","contentUrl":"https:\/\/editionsbussiere.com\/blog\/wp-content\/uploads\/2024\/09\/Permettez-a-Jesus-de-guerir-votre-incoherence-et-invocation-pour-1024x686-1.jpg","width":1024,"height":686,"caption":"Permettez a Jesus de guerir votre incoherence et invocation pour 1024x686 1"},{"@type":"BreadcrumbList","@id":"https:\/\/editionsbussiere.com\/blog\/permettez-a-jesus-de-guerir-votre-incoherence-et-invocation-pour-commencer-la-journee\/#breadcrumb","itemListElement":[{"@type":"ListItem","position":1,"name":"Accueil","item":"https:\/\/editionsbussiere.com\/blog\/"},{"@type":"ListItem","position":2,"name":"Permettez \u00e0 J\u00e9sus de gu\u00e9rir votre incoh\u00e9rence et invocation pour commencer la journ\u00e9e."}]},{"@type":"WebSite","@id":"https:\/\/editionsbussiere.com\/blog\/#website","url":"https:\/\/editionsbussiere.com\/blog\/","name":"EDITIONSBUSSIERE","description":"Editions \u00e9sot\u00e9rique fond\u00e9e en 1927; site historique, A SAVOIR ET RETENIR.","publisher":{"@id":"https:\/\/editionsbussiere.com\/blog\/#organization"},"potentialAction":[{"@type":"SearchAction","target":{"@type":"EntryPoint","urlTemplate":"https:\/\/editionsbussiere.com\/blog\/?s={search_term_string}"},"query-input":{"@type":"PropertyValueSpecification","valueRequired":true,"valueName":"search_term_string"}}],"inLanguage":"fr-FR"},{"@type":"Organization","@id":"https:\/\/editionsbussiere.com\/blog\/#organization","name":"editionsbussiere","url":"https:\/\/editionsbussiere.com\/blog\/","logo":{"@type":"ImageObject","inLanguage":"fr-FR","@id":"https:\/\/editionsbussiere.com\/blog\/#\/schema\/logo\/image\/","url":"https:\/\/editionsbussiere.com\/blog\/wp-content\/uploads\/2023\/09\/cropped-buss.gif","contentUrl":"https:\/\/editionsbussiere.com\/blog\/wp-content\/uploads\/2023\/09\/cropped-buss.gif","width":298,"height":120,"caption":"editionsbussiere"},"image":{"@id":"https:\/\/editionsbussiere.com\/blog\/#\/schema\/logo\/image\/"}},{"@type":"Person","@id":"https:\/\/editionsbussiere.com\/blog\/#\/schema\/person\/ec90e102792148c97e46ab871010dd8f","name":"Marie BATICLE","image":{"@type":"ImageObject","inLanguage":"fr-FR","@id":"https:\/\/secure.gravatar.com\/avatar\/c923e52403b1b8137e2d929127211d21967e6aecaa053bd43b09da29f212e76e?s=96&d=mm&r=g","url":"https:\/\/secure.gravatar.com\/avatar\/c923e52403b1b8137e2d929127211d21967e6aecaa053bd43b09da29f212e76e?s=96&d=mm&r=g","contentUrl":"https:\/\/secure.gravatar.com\/avatar\/c923e52403b1b8137e2d929127211d21967e6aecaa053bd43b09da29f212e76e?s=96&d=mm&r=g","caption":"Marie BATICLE"},"url":"https:\/\/editionsbussiere.com\/blog\/author\/eremarie\/"}]}},"_links":{"self":[{"href":"https:\/\/editionsbussiere.com\/blog\/wp-json\/wp\/v2\/posts\/1409","targetHints":{"allow":["GET"]}}],"collection":[{"href":"https:\/\/editionsbussiere.com\/blog\/wp-json\/wp\/v2\/posts"}],"about":[{"href":"https:\/\/editionsbussiere.com\/blog\/wp-json\/wp\/v2\/types\/post"}],"author":[{"embeddable":true,"href":"https:\/\/editionsbussiere.com\/blog\/wp-json\/wp\/v2\/users\/3"}],"replies":[{"embeddable":true,"href":"https:\/\/editionsbussiere.com\/blog\/wp-json\/wp\/v2\/comments?post=1409"}],"version-history":[{"count":0,"href":"https:\/\/editionsbussiere.com\/blog\/wp-json\/wp\/v2\/posts\/1409\/revisions"}],"wp:featuredmedia":[{"embeddable":true,"href":"https:\/\/editionsbussiere.com\/blog\/wp-json\/wp\/v2\/media\/1410"}],"wp:attachment":[{"href":"https:\/\/editionsbussiere.com\/blog\/wp-json\/wp\/v2\/media?parent=1409"}],"wp:term":[{"taxonomy":"category","embeddable":true,"href":"https:\/\/editionsbussiere.com\/blog\/wp-json\/wp\/v2\/categories?post=1409"},{"taxonomy":"post_tag","embeddable":true,"href":"https:\/\/editionsbussiere.com\/blog\/wp-json\/wp\/v2\/tags?post=1409"}],"curies":[{"name":"wp","href":"https:\/\/api.w.org\/{rel}","templated":true}]}}