{"id":1400,"date":"2024-09-23T18:06:40","date_gmt":"2024-09-23T16:06:40","guid":{"rendered":"https:\/\/editionsbussiere.com\/blog\/le-pape-francois-annule-ses-reunions-en-raison-dune-legere-grippe-catholic-world-report-et-invocation-en-debut-de-journee\/"},"modified":"2024-09-23T18:06:40","modified_gmt":"2024-09-23T16:06:40","slug":"le-pape-francois-annule-ses-reunions-en-raison-dune-legere-grippe-catholic-world-report-et-invocation-en-debut-de-journee","status":"publish","type":"post","link":"https:\/\/editionsbussiere.com\/blog\/le-pape-francois-annule-ses-reunions-en-raison-dune-legere-grippe-catholic-world-report-et-invocation-en-debut-de-journee\/","title":{"rendered":"Le pape Fran\u00e7ois annule ses r\u00e9unions en raison d\u2019une \u00ab l\u00e9g\u00e8re grippe \u00bb \u2013 Catholic World Report\n et invocation en d\u00e9but de journ\u00e9e."},"content":{"rendered":"<div><img width=\"580\" height=\"386\" src=\"https:\/\/editionsbussiere.com\/blog\/wp-content\/uploads\/2024\/09\/Le-pape-Francois-annule-ses-reunions-en-raison-dune.jpg\" class=\"attachment-large size-large wp-post-image\" alt=\"Le pape Fran\u00e7ois annule ses r\u00e9unions en raison d'une \u00ab\" style=\"float:left; margin:0 15px 15px 0;\" decoding=\"async\" loading=\"lazy\" srcset=\"https:\/\/editionsbussiere.com\/blog\/wp-content\/uploads\/2024\/09\/Le-pape-Francois-annule-ses-reunions-en-raison-dune.jpg 800w, https:\/\/www.n42.fr\/wp-content\/uploads\/2024\/09\/Le-pape-Francois-annule-ses-reunions-en-raison-dune-300x200.jpg 300w, https:\/\/www.n42.fr\/wp-content\/uploads\/2024\/09\/Le-pape-Francois-annule-ses-reunions-en-raison-dune-768x512.jpg 768w\" sizes=\"auto, (max-width: 580px) 100vw, 580px\"><\/p>\n<p>\n<\/p>\n<div>\n<div style=\"width: 100%; margin-bottom: 25px;\">\n<figure style=\"width: 800px\" class=\"wp-caption alignnone\"><figcaption class=\"wp-caption-text\">Le pape Fran\u00e7ois s\u2019adresse aux fid\u00e8les lors des deuxi\u00e8mes v\u00eapres de la f\u00eate de Notre-Dame des Neiges \u00e0 la basilique Sainte-Marie-Majeure, le 5 ao\u00fbt 2024. \/ Cr\u00e9dit : Vatican Media<\/figcaption><\/figure>\n<\/div>\n<p>Cit\u00e9 du Vatican, 23 septembre 2024 \/ 05h00 (CNA).<\/p>\n<p>Le pape Fran\u00e7ois a annul\u00e9 ses rencontres de lundi en raison de sympt\u00f4mes d\u2019une \u00ab l\u00e9g\u00e8re grippe \u00bb, a indiqu\u00e9 le Bureau de presse du Saint-Si\u00e8ge.<\/p>\n<p>\u00ab Par mesure de pr\u00e9caution compte tenu des d\u00e9placements dans les prochains jours, les audiences papales pr\u00e9vues aujourd\u2019hui sont annul\u00e9es \u00bb, indique la note d\u2019une seule ligne du 23 septembre.<\/p>\n<p>Le souverain pontife de 87 ans doit partir jeudi pour un voyage de quatre jours dans les petits pays europ\u00e9ens du Luxembourg et de la Belgique, du 26 au 29 septembre, un peu moins de deux semaines apr\u00e8s son retour d\u2019un ambitieux voyage de 12 jours dans quatre pays d\u2019Asie du Sud-Est et d\u2019Oc\u00e9anie : l\u2019Indon\u00e9sie, la Papouasie-Nouvelle-Guin\u00e9e, le Timor oriental et Singapour.<\/p>\n<p>Le pape Fran\u00e7ois devait rencontrer lundi matin les membres de l\u2019Acad\u00e9mie pontificale des sciences et les jeunes participants \u00e0 un concours de No\u00ebl organis\u00e9 par l\u2019Acad\u00e9mie pontificale des sciences. <em>Gravissimum Educationis \u2013 Culture pour l\u2019\u00e9ducation<\/em> Fondation pontificale.<\/p>\n<p>Bien qu\u2019il n\u2019ait plus pu rencontrer les groupes en raison de sa maladie, le Vatican a publi\u00e9 les discours pr\u00e9vus du pape sous la forme de \u00ab discours prononc\u00e9s \u00bb.<\/p>\n<p>Dans le message \u00e9crit aux participants du concours, Fran\u00e7ois a d\u00e9clar\u00e9 qu\u2019il \u00ab voudrait rappeler avec vous, jeunes chanteurs et musiciens qui vous consacrez \u00e0 la promotion des valeurs de No\u00ebl, que la naissance de J\u00e9sus a \u00e9t\u00e9 accompagn\u00e9e d\u2019un chant c\u00e9leste : \u00ab Gloire \u00e0 Dieu au plus haut des cieux, et paix sur terre \u00e0 ceux qu\u2019il aime ! \u00bb \u00bb<\/p>\n<p>\u00ab L\u2019Incarnation de J\u00e9sus-Christ, qui apporte la vraie paix au monde \u2014 et combien nous en avons besoin aujourd\u2019hui ! \u2014 a inspir\u00e9, au fil des si\u00e8cles, d\u2019innombrables artistes de toutes langues et de toutes cultures, qui ont repr\u00e9sent\u00e9 des chemins de fraternit\u00e9 dans le monde \u00bb, a-t-il d\u00e9clar\u00e9.<\/p>\n<p>\u00ab Vous faites partie de ce grand mouvement, avec votre originalit\u00e9, vos histoires et vos voix \u00bb, a-t-il ajout\u00e9, \u00ab et c\u2019est toujours l\u2019amour de Dieu, fait homme en J\u00e9sus-Christ, qui parle \u00e0 vos c\u0153urs. \u00bb<\/p>\n<p>Dans son discours \u00e0 l\u2019Acad\u00e9mie pontificale des sciences, le pape Fran\u00e7ois a salu\u00e9 \u00ab la volont\u00e9 de l\u2019Acad\u00e9mie d\u2019attirer l\u2019attention sur les personnes marginalis\u00e9es et pauvres dans ses diff\u00e9rentes conf\u00e9rences, et d\u2019inclure les peuples autochtones et leur sagesse dans ses dialogues \u00bb.<\/p>\n<p>Il a exprim\u00e9 sa gratitude pour le travail de l\u2019acad\u00e9mie visant \u00e0 proposer des r\u00e9glementations appropri\u00e9es dans le domaine de l\u2019intelligence artificielle (IA), qui, selon lui, peuvent \u00eatre b\u00e9n\u00e9fiques, mais aussi \u00ab avoir de graves implications n\u00e9gatives pour la population en g\u00e9n\u00e9ral \u00bb.<\/p>\n<p>\u00ab En outre, les risques d\u2019applications manipulatrices de l\u2019intelligence artificielle pour fa\u00e7onner l\u2019opinion publique, influencer les choix des consommateurs et interf\u00e9rer avec les processus \u00e9lectoraux doivent \u00eatre reconnus et pr\u00e9venus \u00bb, a ajout\u00e9 le pape.<\/p>\n<p>\u00ab \u00c0 une \u00e9poque o\u00f9 les crises, les guerres et les menaces \u00e0 la s\u00e9curit\u00e9 mondiale semblent pr\u00e9valoir, vos propres contributions silencieuses au progr\u00e8s de la connaissance au service de notre famille humaine sont d\u2019autant plus importantes pour la cause de la paix mondiale et de la coop\u00e9ration internationale \u00bb, a-t-il d\u00e9clar\u00e9.<\/p>\n<div class=\"post-donation-box\">\n<hr>\n<p>Si vous appr\u00e9ciez les informations et les points de vue fournis par Catholic World Report, pensez \u00e0 faire un don pour soutenir nos efforts. Votre contribution nous aidera \u00e0 continuer \u00e0 mettre CWR \u00e0 la disposition de tous les lecteurs du monde entier, gratuitement, sans abonnement. Merci pour votre g\u00e9n\u00e9rosit\u00e9 !<\/p>\n<p>Cliquez ici pour plus d\u2019informations sur les dons au CWR. Cliquez ici pour vous inscrire \u00e0 notre newsletter.<\/p>\n<hr style=\"margin-bottom: 25px;\">\n      <\/div>\n<\/div>\n<p><script>\n!function(f,b,e,v,n,t,s)\nif(f.fbq)return;n=f.fbq=function()n.callMethod?\nn.callMethod.apply(n,arguments):n.queue.push(arguments);\nif(!f._fbq)f._fbq=n;n.push=n;n.loaded=!0;n.version='2.0';\nn.queue=[];t=b.createElement(e);t.async=!0;\nt.src=v;s=b.getElementsByTagName(e)[0];\ns.parentNode.insertBefore(t,s)(window, document,'script',\n'\nfbq('init', '860643031454650');\nfbq('track', 'PageView');\n<\/script><script>\n\t\t\t\t(function(d, s, id)\n\t\t\t\t\tvar js, fjs = d.getElementsByTagName(s)[0];\n\t\t\t\t\tif (d.getElementById(id)) return;\n\t\t\t\t\tjs = d.createElement(s); js.id = id;\n\t\t\t\t\tjs.src = \"\/\/connect.facebook.net\/en_US\/sdk.js#xfbml=1&version=v2.6\";\n\t\t\t\t\tfjs.parentNode.insertBefore(js, fjs);\n\t\t\t\t(document, 'script', 'facebook-jssdk'));\n\t\t\t<\/script><\/p>\n<h2> \u00c9lever nos pri\u00e8res pour notre entourage au Seigneur matin.<\/h2>\n<p>La ult\u00e9rieure partie de la pri\u00e8re du matin consiste \u00e0 prier pour nos familles, notre propre famille, nos amis et notre propre communaut\u00e9. Nous pouvons prier pour leur bien-\u00eatre, leur prosp\u00e9rit\u00e9, leur s\u00fbret\u00e9, et leur prosp\u00e9rit\u00e9. Nous pouvons \u00e9galement prier pour ceux qui nous ont nui et pour ces personnes qui nous ont l\u00e9s\u00e9s, et demander \u00e0 Dieu de nous aider \u00e0 leur pardonner et \u00e0 leur exprimer la compassion.<\/p>\n<h3> Demander pour la condition physique et la protection de nos familles.<\/h3>\n<p>\u00d4 Seigneur, nous te confions nos amis, notre familles et nos compagnons. Prot\u00e8ge, cher Dieu, au-dessus de eux, avec pr\u00e9serve -les de tout risque et de toute affliction. Offre, \u00d4 Seigneur, la bien-\u00eatre du corps et de l\u2019esprit pour eux, ainsi que la paix dans leur c\u0153ur. Que ta main forte les \u00e2mes prot\u00e8ge avec les guide chacun au long de cette journ\u00e9e, afin qu\u2019ils puissent vivre dans la tranquillit\u00e9 et aussi la s\u00e9r\u00e9nit\u00e9.<\/p>\n<p>Nous autres te prions pareillement pour nos enfants, Seigneur tout-puissant, qu\u2019ils grandissent dans leur foi ainsi que dans l\u2019amour de ton sacr\u00e9 nom. Accorde, cher Dieu, une sagesse avec le courage n\u00e9cessaires afin de surmonter les d\u00e9fis de la vie, ainsi que guide leurs pas sur le chemin de la v\u00e9rit\u00e9 et de la justice.<\/p>\n<p>Enfin, nous te prions \u00e0 nos amis et aussi nos voisins, Seigneur, qu\u2019ils connaissent la joie de ton amour ainsi que la s\u00e9r\u00e9nit\u00e9 de ton pardon. Accorde-leur, \u00f4 Dieu, de c\u0153urs bienveillants afin de partager avec ceux qui dans le besoin, et aussi bras accueillantes afin de accueillir ceux qui seuls ainsi que abandonn\u00e9s.<\/p>\n<h3> Prier pour notre ennemis et ceux qui nous-m\u00eames ont offens\u00e9s. <\/h3>\n<p>\u00d4 Seigneur, J\u00e9sus, nous t\u2019 prions pour les n\u00f4tres ennemis et aussi pour ceux qui nous ont offens\u00e9s. Accorde-leur, \u00f4 J\u00e9sus, ta mis\u00e9ricorde et ton pardon, et aussi ouvre leur c\u0153ur \u00e0 la lumi\u00e8re des ta v\u00e9rit\u00e9. Aide-nous, Seigneur, \u00e0 leur montrer de la compassion et aussi \u00e0 leur pardonner comme tu nous-m\u00eames as pardonn\u00e9. Que votre paix r\u00e8gne dans les n\u00f4tres c\u0153urs et aussi que votre amour guide les n\u00f4tres actions, pour que nous puissions vivre en harmonie avec tous ceux qui nous-m\u00eames entourent.<\/p>\n<h3> Comprendre la pri\u00e8re : <\/h3>\n<p>Finalement, l\u2019 pri\u00e8re nous rappelle notre devoir comme prog\u00e9niture de Dieu : \u00eatre des t\u00e9moins de l\u2019 lumi\u00e8re et de son attachement dans une p\u00e9riode en proie aux t\u00e9n\u00e8bres. \u00c0 travers nos paroles et nos actes, nous propageons le message de la paix et de la rapprochement, amenant l\u2019attente et la gu\u00e9rison \u00e0 un contexte endommag\u00e9.<\/p>\n<p>Dans la spiritualit\u00e9 chr\u00e9tienne, le lever du jour rev\u00eat une valeur sp\u00e9ciale, illustrant le renouvellement et la renaissance spirituelle. C\u2019est \u00e0 l\u2019aube de chaque jour que le c\u0153ur se dirige vers le Seigneur dans la pri\u00e8re, s\u2019effor\u00e7ant \u00e0 se trouver \u00e9clair\u00e9e par la clart\u00e9 surnaturelle. L\u2019habitude des pri\u00e8res matinales se r\u00e9v\u00e8le profond\u00e9ment enracin\u00e9e dans la tradition chr\u00e9tienne, offrant une p\u00e9riode privil\u00e9gi\u00e9 pour \u00e9tablir une connexion avec Dieu et se pr\u00e9parer spirituellement aux d\u00e9fis de la journ\u00e9e \u00e0 venir.<\/p>\n<p>Au l\u2019int\u00e9rieur de ces pri\u00e8res matinales s\u2019 rep\u00e8re r\u00e9guli\u00e8rement une d\u00e9votion particuli\u00e8re pour Marie, la mam de J\u00e9sus et aussi personnage sainte respect\u00e9e par un grand nombre fid\u00e8les. En qualit\u00e9 d\u2019 interm\u00e9diaire entre les hommes et Dieu, Marie reste invoqu\u00e9e pour intervenir en notre nom, nous conduisant sur le chemin de la saintet\u00e9 et ainsi que la gr\u00e2ce divine. Sa pr\u00e9sentation maternelle donne apaisement et protection, cercant nos propres oraisons matinales avec une d\u00e9licatesse c\u00e9leste.<\/p>\n<p>Au travers l\u2019 pri\u00e8res du matin, on se trouve invit\u00e9s \u00e0 nous rallier vers Marie dans une approche pour purification personnelle. Dans m\u00e9ditant sur sa vie ainsi que les vertus, on cherchons pour imiter sa humilit\u00e9, sa puret\u00e9 et son ob\u00e9issance \u00e0 la volont\u00e9 de Dieu. Par le biais de sa saintet\u00e9 parfaite, Marie devient pour nous une mod\u00e8le de vie chr\u00e9tienne, nous souvenant l\u2019importance du pri\u00e8re et du contemplation dans notre cheminement spirituel.<\/p>\n<p>Unissons nos voix dans la pri\u00e8re du matin, dans l\u2019unit\u00e9 de notre confiance, en nous tournant vers Marie, la m\u00e8re de notre Seigneur J\u00e9sus-Christ. Au sein de notre monde troubl\u00e9 par la guerre et la division, optons \u00e0 la pri\u00e8re pour trouver de retrouver la paix et la r\u00e9conciliation. Tout chr\u00e9tien peut \u00e9crire des v\u0153ux pour la Vierge Marie <a target=\"_blank\" rel=\"nofollow\" href=\"https:\/\/editionsbussiere.com\/blog\/goto\/https:\/\/www.avemariasound.org\/\" >par internet.<\/a> Que nos pri\u00e8res montent vers le ciel, comme un hommage agr\u00e9able \u00e0 Dieu, afin qu\u2019il guide \u00e9clairer nos pas sur la voie de la v\u00e9rit\u00e9 et de la justice. L\u2019ap\u00f4tre Paul nous dans ses lettres \u00e0 prier sans cesse, quelle que soit la situation, pour que notre communion \u00e0 Dieu reste solide et passionn\u00e9e. La pri\u00e8re, quand elle est sinc\u00e8rement offerte, poss\u00e8de le pouvoir de changer nos c\u0153urs et de modifier le destin de l\u2019histoire.<\/p>\n<p>La r\u00e9citation du matin se trouve \u00eatre un temps avantag\u00e9 pour nous consacrer \u00e0 Dieu avec l\u2019intercession de Marie, en offrant nos louanges, nos actions de gr\u00e2ce et nos intentions les plus profondes. Au sein de la qui\u00e9tude de l\u2019aurore, nous sommes invit\u00e9s pour se tourner envers cette maman sacr\u00e9e, qui on guide avec douceur au sujet de le chemin de la croyance ainsi que de l\u2019amour divin. En unissant nos voix \u00e0 celle du Marie, on augmentons nos pri\u00e8res matinales envers le tr\u00f4ne de du don divin, confiants que nos supplications seront entendues ainsi que accueillies aupr\u00e8s de le c\u0153ur mis\u00e9ricordieux de Dieu.<\/p>\n<h2> Pri\u00e8re envers le matin avec dieu et la Sainte M\u00e8re<\/h2>\n<p>Dieu tout-puissant et plein de mis\u00e9ricorde, en ce nouveau jour qui commence sous la clart\u00e9 de ta divine lumi\u00e8re, je viens \u00e0 toi avec foi et modestie. Que cette jour qui commence soit consacr\u00e9e \u00e0 ta saintet\u00e9, que chaque battement de mon c\u0153ur |chaque regard de mes yeux|chacune de mes paroles|chacun de mes gestes} te soit offert en sacrifice. Que chaque respiration qui anime mon \u00eatre soit un soupir de d\u00e9votion |un souffle vers toi|un souffle de vie en toi}. Priez, suppliez, suppliez, suppliez, que nos esprits s\u2019\u00e9l\u00e8vent.<\/p>\n<p>Comme Marie, la m\u00e8re sainte qui a port\u00e9 en son sein l\u2019enfant J\u00e9sus, guide-moi dans ce cheminement de foi et de d\u00e9votion. Que je puisse, par le biais de les pages de l\u2019\u00c9vangile, trouver la clart\u00e9 pour \u00e9clairer mes pas et fortifier ma foi. Comme Pierre, donne-moi la puissance et la bravoure d\u2019affronter les \u00e9preuves de ce monde avec une confiance absolue en ta providence.<\/p>\n<p>Durant ce p\u00e9riode de Car\u00eame, o\u00f9 les croyants et les fid\u00e8les se pr\u00e9parent \u00e0 c\u00e9l\u00e9brer la r\u00e9surrection de ton fils bien-aim\u00e9, donne-moi, Seigneur, la b\u00e9n\u00e9diction de la renaissance spirituelle. Que mon esprit soit purifi\u00e9 de toute souillure, afin qu\u2019il devienne un sanctuaire pour ta divinit\u00e9. Que mes suppliques, inspir\u00e9e par l\u2019exemple de Fran\u00e7ois d\u2019Assise, r\u00e9sonne comme un hymne de louange \u00e0 travers les si\u00e8cles.<br \/>\n\u00d4 Seigneur, que mon quotidien soit impr\u00e9gn\u00e9 de ton amour, que chacun des instants soit une occasion de te rencontrer et de te servir dans mes prochains. Que ma vie soit un t\u00e9moignage vivant de ta mis\u00e9ricorde sans limite envers l\u2019humanit\u00e9. Puissent les pri\u00e8res de Hozana monter vers toi comme un doux parfum, enveloppant chacune de mes journ\u00e9es dans une ambiance de paix. Priez, \u00c9glise, Fran\u00e7ois, Hozana.<\/p>\n<p>Puissent mon c\u0153ur, \u00d4 Seigneur, devienne un reflet du tien, rempli d\u2019amour, de compassion et de mis\u00e9ricorde envers les autres. Que toutes mes pens\u00e9es et mes actions soient conduites par le Saint-Esprit, afin que je puisse contribuer \u00e0 l\u2019av\u00e8nement de ta justice sur ce monde.<\/p>\n<p>Puissent cette journ\u00e9e constitue une nouvelle \u00e9tape dans mon cheminement spirituel, une occasion de grandir dans la foi. Seigneur, envahis mon c\u0153ur, transforme-le en ton sanctuaire, o\u00f9 ta pr\u00e9sence se manifeste \u00e0 chaque instant. Que chaque battement de mon c\u0153ur devienne un chant en ton honneur, Seigneur, pour les si\u00e8cles des si\u00e8cles. Amen.<\/p>\n<p>Pendant l\u2019\u00e9veil spirituel de chaque \u00e2me chr\u00e9tienne, la supplication joue. Celle-ci constitue le lien sacr\u00e9 intime entre l\u2019enfant divin et sa m\u00e8re c\u00e9leste, la Sainte M\u00e8re, laquelle prie pour nous aupr\u00e8s de son divin Fils. Par le biais de la supplication, les croyants p\u00e9n\u00e9trons au sein de la lumi\u00e8re de l\u2019\u00c9vangile, guid\u00e9s avec l\u2019Esprit Saint, pour d\u00e9celer la vraie nature et la faveur que J\u00e9sus nous dispense.<\/p>\n<h2>M\u00e9ditation sur la divine Parole du Seigneur : <\/h2>\n<p>On sommes capables de ruminer en ce qui concerne un passage biblique dont nous \u00e9voque de l\u2019amour de Dieu. Par exemple :<\/p>\n<h3>1 Corinthiens 13, 1-8 : <\/h3>\n<p>\u00ab\u00a0Et quand je distribuerais tous mes biens pour la nourriture des pauvres, quand je livrerais m\u00eame mon corps pour \u00eatre br\u00fbl\u00e9, si je n\u2019ai pas l\u2019amour, cela ne me sert \u00e0 rien..\u00a0\u00bb<\/p>\n<p>Ce propos r\u00e9pond \u00e0 vos demandes vous adorerez pareillement ces publications :<\/p>\n<p>Voyages aux Montagnes Rocheuses\/04.,<a target=\"_blank\" rel=\"nofollow\" href=\"https:\/\/editionsbussiere.com\/blog\/goto\/https:\/\/fr.wikisource.org\/wiki\/Voyages_aux_Montagnes_Rocheuses\/04\"  target=\"_blank\" rel=\"noopener noreferrer nofollow\">Ici.<\/a><span><\/span>. Suite sur le prochain article.<\/p>\n<p>Marie-Claire\/8.,<a target=\"_blank\" rel=\"nofollow\" href=\"https:\/\/editionsbussiere.com\/blog\/goto\/https:\/\/fr.wikisource.org\/wiki\/Marie-Claire\/8\"  target=\"_blank\" rel=\"noopener noreferrer nofollow\">A lire ici.<\/a><span><\/span><\/p>\n<p>Les Fac\u00e9ties \u00e9rotiques de Bebelius\/30.,<a target=\"_blank\" rel=\"nofollow\" href=\"https:\/\/editionsbussiere.com\/blog\/goto\/https:\/\/fr.wikisource.org\/wiki\/Les_Fac%C3%A9ties_%C3%A9rotiques_de_Bebelius\/30\"  target=\"_blank\" rel=\"noopener noreferrer nofollow\">L\u2019article ICI.<\/a><span><\/span>. Suite sur le prochain article.<\/p>\n<p>Le Ch\u00e2teau aventureux\/19.,<a target=\"_blank\" rel=\"nofollow\" href=\"https:\/\/editionsbussiere.com\/blog\/goto\/https:\/\/fr.wikisource.org\/wiki\/Le_Ch%C3%A2teau_aventureux\/19\"  target=\"_blank\" rel=\"noopener noreferrer nofollow\">Le texte de l\u2019article.<\/a><span><\/span><\/p>\n<p>L\u2019Incendiaire (Verhaeren).,<a target=\"_blank\" rel=\"nofollow\" href=\"https:\/\/editionsbussiere.com\/blog\/goto\/https:\/\/fr.wikisource.org\/wiki\/L%E2%80%99Incendiaire_(Verhaeren)\"  target=\"_blank\" rel=\"noopener noreferrer nofollow\">L\u2019article ICI.<\/a><span><\/span>. Suite sur le prochain article.<\/p>\n<p>Chansons populaires enfantines\/Il \u00e9tait un petit navire.,<a target=\"_blank\" rel=\"nofollow\" href=\"https:\/\/editionsbussiere.com\/blog\/goto\/https:\/\/fr.wikisource.org\/wiki\/Chansons_populaires_enfantines\/Il_%C3%A9tait_un_petit_navire\"  target=\"_blank\" rel=\"noopener noreferrer nofollow\">Ici.<\/a><span><\/span><\/p>\n<\/div>\n<p><img decoding=\"async\" class=\"wpe_imgrss\" src=\"https:\/\/editionsbussiere.com\/blog\/wp-content\/uploads\/2024\/09\/Le-pape-Francois-annule-ses-reunions-en-raison-dune.jpg\">Cet article a \u00e9t\u00e9 reconstitu\u00e9 du mieux possible. Dans l\u2019hypoth\u00e8se o\u00f9 vous souhaitez apporter quelques modifications concernant le th\u00e8me \u00ab\u00a0Editions \u00e9sot\u00e9rique fond\u00e9e en 1927\u00a0\u00bb, il est possible de discuter avec notre r\u00e9daction. Vous pouvez tirer profit de cet article traitant le sujet \u00ab\u00a0Editions \u00e9sot\u00e9rique fond\u00e9e en 1927\u00a0\u00bb. Il est concoct\u00e9 par l\u2019\u00e9quipe editionsbussiere.com. Le site editionsbussiere.com est fait pour cr\u00e9er divers posts autour du th\u00e8me Editions \u00e9sot\u00e9rique fond\u00e9e en 1927 d\u00e9velopp\u00e9es sur internet. Consultez notre site internet editionsbussiere.com et nos r\u00e9seaux sociaux pour \u00eatre au courant des futures annonces.<\/p>\n","protected":false},"excerpt":{"rendered":"<p>Le pape Fran\u00e7ois s\u2019adresse aux fid\u00e8les lors des deuxi\u00e8mes v\u00eapres de la f\u00eate de Notre-Dame des Neiges \u00e0 la basilique Sainte-Marie-Majeure, le 5 ao\u00fbt 2024. \/ Cr\u00e9dit : Vatican Media Cit\u00e9 du Vatican, 23 septembre 2024 \/ 05h00 (CNA). Le pape Fran\u00e7ois a annul\u00e9 ses rencontres de lundi en raison de sympt\u00f4mes d\u2019une \u00ab l\u00e9g\u00e8re [&hellip;]<\/p>\n","protected":false},"author":3,"featured_media":1401,"comment_status":"closed","ping_status":"closed","sticky":false,"template":"","format":"standard","meta":{"footnotes":""},"categories":[3],"tags":[],"class_list":["post-1400","post","type-post","status-publish","format-standard","has-post-thumbnail","hentry","category-editions-esoterique-fondee-en-1927-depeches","entry","fw-tab-6 fw-tabr-4","has-featured-image"],"yoast_head":"<!-- This site is optimized with the Yoast SEO plugin v27.5 - https:\/\/yoast.com\/product\/yoast-seo-wordpress\/ -->\n<title>Le pape Fran\u00e7ois annule ses r\u00e9unions en raison d\u2019une \u00ab l\u00e9g\u00e8re grippe \u00bb \u2013 Catholic World Report et invocation en d\u00e9but de journ\u00e9e. - EDITIONSBUSSIERE<\/title>\n<meta name=\"robots\" content=\"index, follow, max-snippet:-1, max-image-preview:large, max-video-preview:-1\" \/>\n<link rel=\"canonical\" href=\"https:\/\/editionsbussiere.com\/blog\/le-pape-francois-annule-ses-reunions-en-raison-dune-legere-grippe-catholic-world-report-et-invocation-en-debut-de-journee\/\" \/>\n<meta property=\"og:locale\" content=\"fr_FR\" \/>\n<meta property=\"og:type\" content=\"article\" \/>\n<meta property=\"og:title\" content=\"Le pape Fran\u00e7ois annule ses r\u00e9unions en raison d\u2019une \u00ab l\u00e9g\u00e8re grippe \u00bb \u2013 Catholic World Report et invocation en d\u00e9but de journ\u00e9e. - EDITIONSBUSSIERE\" \/>\n<meta property=\"og:description\" content=\"Le pape Fran\u00e7ois s\u2019adresse aux fid\u00e8les lors des deuxi\u00e8mes v\u00eapres de la f\u00eate de Notre-Dame des Neiges \u00e0 la basilique Sainte-Marie-Majeure, le 5 ao\u00fbt 2024. \/ Cr\u00e9dit : Vatican Media Cit\u00e9 du Vatican, 23 septembre 2024 \/ 05h00 (CNA). Le pape Fran\u00e7ois a annul\u00e9 ses rencontres de lundi en raison de sympt\u00f4mes d\u2019une \u00ab l\u00e9g\u00e8re [&hellip;]\" \/>\n<meta property=\"og:url\" content=\"https:\/\/editionsbussiere.com\/blog\/le-pape-francois-annule-ses-reunions-en-raison-dune-legere-grippe-catholic-world-report-et-invocation-en-debut-de-journee\/\" \/>\n<meta property=\"og:site_name\" content=\"EDITIONSBUSSIERE\" \/>\n<meta property=\"article:published_time\" content=\"2024-09-23T16:06:40+00:00\" \/>\n<meta property=\"og:image\" content=\"https:\/\/editionsbussiere.com\/blog\/wp-content\/uploads\/2024\/09\/Le-pape-Francois-annule-ses-reunions-en-raison-dune.jpg\" \/>\n<meta name=\"author\" content=\"Marie BATICLE\" \/>\n<meta name=\"twitter:card\" content=\"summary_large_image\" \/>\n<meta name=\"twitter:label1\" content=\"\u00c9crit par\" \/>\n\t<meta name=\"twitter:data1\" content=\"Marie BATICLE\" \/>\n\t<meta name=\"twitter:label2\" content=\"Dur\u00e9e de lecture estim\u00e9e\" \/>\n\t<meta name=\"twitter:data2\" content=\"12 minutes\" \/>\n<script type=\"application\/ld+json\" class=\"yoast-schema-graph\">{\"@context\":\"https:\\\/\\\/schema.org\",\"@graph\":[{\"@type\":\"Article\",\"@id\":\"https:\\\/\\\/editionsbussiere.com\\\/blog\\\/le-pape-francois-annule-ses-reunions-en-raison-dune-legere-grippe-catholic-world-report-et-invocation-en-debut-de-journee\\\/#article\",\"isPartOf\":{\"@id\":\"https:\\\/\\\/editionsbussiere.com\\\/blog\\\/le-pape-francois-annule-ses-reunions-en-raison-dune-legere-grippe-catholic-world-report-et-invocation-en-debut-de-journee\\\/\"},\"author\":{\"name\":\"Marie BATICLE\",\"@id\":\"https:\\\/\\\/editionsbussiere.com\\\/blog\\\/#\\\/schema\\\/person\\\/ec90e102792148c97e46ab871010dd8f\"},\"headline\":\"Le pape Fran\u00e7ois annule ses r\u00e9unions en raison d\u2019une \u00ab l\u00e9g\u00e8re grippe \u00bb \u2013 Catholic World Report et invocation en d\u00e9but de journ\u00e9e.\",\"datePublished\":\"2024-09-23T16:06:40+00:00\",\"mainEntityOfPage\":{\"@id\":\"https:\\\/\\\/editionsbussiere.com\\\/blog\\\/le-pape-francois-annule-ses-reunions-en-raison-dune-legere-grippe-catholic-world-report-et-invocation-en-debut-de-journee\\\/\"},\"wordCount\":2440,\"publisher\":{\"@id\":\"https:\\\/\\\/editionsbussiere.com\\\/blog\\\/#organization\"},\"image\":{\"@id\":\"https:\\\/\\\/editionsbussiere.com\\\/blog\\\/le-pape-francois-annule-ses-reunions-en-raison-dune-legere-grippe-catholic-world-report-et-invocation-en-debut-de-journee\\\/#primaryimage\"},\"thumbnailUrl\":\"https:\\\/\\\/editionsbussiere.com\\\/blog\\\/wp-content\\\/uploads\\\/2024\\\/09\\\/Le-pape-Francois-annule-ses-reunions-en-raison-dune.jpg\",\"articleSection\":[\"Editions \u00c9sot\u00e9rique Fond\u00e9e En 1927; D\u00e9p\u00e8ches:\"],\"inLanguage\":\"fr-FR\"},{\"@type\":\"WebPage\",\"@id\":\"https:\\\/\\\/editionsbussiere.com\\\/blog\\\/le-pape-francois-annule-ses-reunions-en-raison-dune-legere-grippe-catholic-world-report-et-invocation-en-debut-de-journee\\\/\",\"url\":\"https:\\\/\\\/editionsbussiere.com\\\/blog\\\/le-pape-francois-annule-ses-reunions-en-raison-dune-legere-grippe-catholic-world-report-et-invocation-en-debut-de-journee\\\/\",\"name\":\"Le pape Fran\u00e7ois annule ses r\u00e9unions en raison d\u2019une \u00ab l\u00e9g\u00e8re grippe \u00bb \u2013 Catholic World Report et invocation en d\u00e9but de journ\u00e9e. - EDITIONSBUSSIERE\",\"isPartOf\":{\"@id\":\"https:\\\/\\\/editionsbussiere.com\\\/blog\\\/#website\"},\"primaryImageOfPage\":{\"@id\":\"https:\\\/\\\/editionsbussiere.com\\\/blog\\\/le-pape-francois-annule-ses-reunions-en-raison-dune-legere-grippe-catholic-world-report-et-invocation-en-debut-de-journee\\\/#primaryimage\"},\"image\":{\"@id\":\"https:\\\/\\\/editionsbussiere.com\\\/blog\\\/le-pape-francois-annule-ses-reunions-en-raison-dune-legere-grippe-catholic-world-report-et-invocation-en-debut-de-journee\\\/#primaryimage\"},\"thumbnailUrl\":\"https:\\\/\\\/editionsbussiere.com\\\/blog\\\/wp-content\\\/uploads\\\/2024\\\/09\\\/Le-pape-Francois-annule-ses-reunions-en-raison-dune.jpg\",\"datePublished\":\"2024-09-23T16:06:40+00:00\",\"breadcrumb\":{\"@id\":\"https:\\\/\\\/editionsbussiere.com\\\/blog\\\/le-pape-francois-annule-ses-reunions-en-raison-dune-legere-grippe-catholic-world-report-et-invocation-en-debut-de-journee\\\/#breadcrumb\"},\"inLanguage\":\"fr-FR\",\"potentialAction\":[{\"@type\":\"ReadAction\",\"target\":[\"https:\\\/\\\/editionsbussiere.com\\\/blog\\\/le-pape-francois-annule-ses-reunions-en-raison-dune-legere-grippe-catholic-world-report-et-invocation-en-debut-de-journee\\\/\"]}]},{\"@type\":\"ImageObject\",\"inLanguage\":\"fr-FR\",\"@id\":\"https:\\\/\\\/editionsbussiere.com\\\/blog\\\/le-pape-francois-annule-ses-reunions-en-raison-dune-legere-grippe-catholic-world-report-et-invocation-en-debut-de-journee\\\/#primaryimage\",\"url\":\"https:\\\/\\\/editionsbussiere.com\\\/blog\\\/wp-content\\\/uploads\\\/2024\\\/09\\\/Le-pape-Francois-annule-ses-reunions-en-raison-dune.jpg\",\"contentUrl\":\"https:\\\/\\\/editionsbussiere.com\\\/blog\\\/wp-content\\\/uploads\\\/2024\\\/09\\\/Le-pape-Francois-annule-ses-reunions-en-raison-dune.jpg\",\"width\":800,\"height\":533,\"caption\":\"Le pape Francois annule ses reunions en raison dune\"},{\"@type\":\"BreadcrumbList\",\"@id\":\"https:\\\/\\\/editionsbussiere.com\\\/blog\\\/le-pape-francois-annule-ses-reunions-en-raison-dune-legere-grippe-catholic-world-report-et-invocation-en-debut-de-journee\\\/#breadcrumb\",\"itemListElement\":[{\"@type\":\"ListItem\",\"position\":1,\"name\":\"Accueil\",\"item\":\"https:\\\/\\\/editionsbussiere.com\\\/blog\\\/\"},{\"@type\":\"ListItem\",\"position\":2,\"name\":\"Le pape Fran\u00e7ois annule ses r\u00e9unions en raison d\u2019une \u00ab l\u00e9g\u00e8re grippe \u00bb \u2013 Catholic World Report et invocation en d\u00e9but de journ\u00e9e.\"}]},{\"@type\":\"WebSite\",\"@id\":\"https:\\\/\\\/editionsbussiere.com\\\/blog\\\/#website\",\"url\":\"https:\\\/\\\/editionsbussiere.com\\\/blog\\\/\",\"name\":\"EDITIONSBUSSIERE\",\"description\":\"Editions \u00e9sot\u00e9rique fond\u00e9e en 1927; site historique, A SAVOIR ET RETENIR.\",\"publisher\":{\"@id\":\"https:\\\/\\\/editionsbussiere.com\\\/blog\\\/#organization\"},\"potentialAction\":[{\"@type\":\"SearchAction\",\"target\":{\"@type\":\"EntryPoint\",\"urlTemplate\":\"https:\\\/\\\/editionsbussiere.com\\\/blog\\\/?s={search_term_string}\"},\"query-input\":{\"@type\":\"PropertyValueSpecification\",\"valueRequired\":true,\"valueName\":\"search_term_string\"}}],\"inLanguage\":\"fr-FR\"},{\"@type\":\"Organization\",\"@id\":\"https:\\\/\\\/editionsbussiere.com\\\/blog\\\/#organization\",\"name\":\"editionsbussiere\",\"url\":\"https:\\\/\\\/editionsbussiere.com\\\/blog\\\/\",\"logo\":{\"@type\":\"ImageObject\",\"inLanguage\":\"fr-FR\",\"@id\":\"https:\\\/\\\/editionsbussiere.com\\\/blog\\\/#\\\/schema\\\/logo\\\/image\\\/\",\"url\":\"https:\\\/\\\/editionsbussiere.com\\\/blog\\\/wp-content\\\/uploads\\\/2023\\\/09\\\/cropped-buss.gif\",\"contentUrl\":\"https:\\\/\\\/editionsbussiere.com\\\/blog\\\/wp-content\\\/uploads\\\/2023\\\/09\\\/cropped-buss.gif\",\"width\":298,\"height\":120,\"caption\":\"editionsbussiere\"},\"image\":{\"@id\":\"https:\\\/\\\/editionsbussiere.com\\\/blog\\\/#\\\/schema\\\/logo\\\/image\\\/\"}},{\"@type\":\"Person\",\"@id\":\"https:\\\/\\\/editionsbussiere.com\\\/blog\\\/#\\\/schema\\\/person\\\/ec90e102792148c97e46ab871010dd8f\",\"name\":\"Marie BATICLE\",\"image\":{\"@type\":\"ImageObject\",\"inLanguage\":\"fr-FR\",\"@id\":\"https:\\\/\\\/secure.gravatar.com\\\/avatar\\\/c923e52403b1b8137e2d929127211d21967e6aecaa053bd43b09da29f212e76e?s=96&d=mm&r=g\",\"url\":\"https:\\\/\\\/secure.gravatar.com\\\/avatar\\\/c923e52403b1b8137e2d929127211d21967e6aecaa053bd43b09da29f212e76e?s=96&d=mm&r=g\",\"contentUrl\":\"https:\\\/\\\/secure.gravatar.com\\\/avatar\\\/c923e52403b1b8137e2d929127211d21967e6aecaa053bd43b09da29f212e76e?s=96&d=mm&r=g\",\"caption\":\"Marie BATICLE\"},\"url\":\"https:\\\/\\\/editionsbussiere.com\\\/blog\\\/author\\\/eremarie\\\/\"}]}<\/script>\n<!-- \/ Yoast SEO plugin. -->","yoast_head_json":{"title":"Le pape Fran\u00e7ois annule ses r\u00e9unions en raison d\u2019une \u00ab l\u00e9g\u00e8re grippe \u00bb \u2013 Catholic World Report et invocation en d\u00e9but de journ\u00e9e. - EDITIONSBUSSIERE","robots":{"index":"index","follow":"follow","max-snippet":"max-snippet:-1","max-image-preview":"max-image-preview:large","max-video-preview":"max-video-preview:-1"},"canonical":"https:\/\/editionsbussiere.com\/blog\/le-pape-francois-annule-ses-reunions-en-raison-dune-legere-grippe-catholic-world-report-et-invocation-en-debut-de-journee\/","og_locale":"fr_FR","og_type":"article","og_title":"Le pape Fran\u00e7ois annule ses r\u00e9unions en raison d\u2019une \u00ab l\u00e9g\u00e8re grippe \u00bb \u2013 Catholic World Report et invocation en d\u00e9but de journ\u00e9e. - EDITIONSBUSSIERE","og_description":"Le pape Fran\u00e7ois s\u2019adresse aux fid\u00e8les lors des deuxi\u00e8mes v\u00eapres de la f\u00eate de Notre-Dame des Neiges \u00e0 la basilique Sainte-Marie-Majeure, le 5 ao\u00fbt 2024. \/ Cr\u00e9dit : Vatican Media Cit\u00e9 du Vatican, 23 septembre 2024 \/ 05h00 (CNA). Le pape Fran\u00e7ois a annul\u00e9 ses rencontres de lundi en raison de sympt\u00f4mes d\u2019une \u00ab l\u00e9g\u00e8re [&hellip;]","og_url":"https:\/\/editionsbussiere.com\/blog\/le-pape-francois-annule-ses-reunions-en-raison-dune-legere-grippe-catholic-world-report-et-invocation-en-debut-de-journee\/","og_site_name":"EDITIONSBUSSIERE","article_published_time":"2024-09-23T16:06:40+00:00","og_image":[{"url":"https:\/\/editionsbussiere.com\/blog\/wp-content\/uploads\/2024\/09\/Le-pape-Francois-annule-ses-reunions-en-raison-dune.jpg","type":"","width":"","height":""}],"author":"Marie BATICLE","twitter_card":"summary_large_image","twitter_misc":{"\u00c9crit par":"Marie BATICLE","Dur\u00e9e de lecture estim\u00e9e":"12 minutes"},"schema":{"@context":"https:\/\/schema.org","@graph":[{"@type":"Article","@id":"https:\/\/editionsbussiere.com\/blog\/le-pape-francois-annule-ses-reunions-en-raison-dune-legere-grippe-catholic-world-report-et-invocation-en-debut-de-journee\/#article","isPartOf":{"@id":"https:\/\/editionsbussiere.com\/blog\/le-pape-francois-annule-ses-reunions-en-raison-dune-legere-grippe-catholic-world-report-et-invocation-en-debut-de-journee\/"},"author":{"name":"Marie BATICLE","@id":"https:\/\/editionsbussiere.com\/blog\/#\/schema\/person\/ec90e102792148c97e46ab871010dd8f"},"headline":"Le pape Fran\u00e7ois annule ses r\u00e9unions en raison d\u2019une \u00ab l\u00e9g\u00e8re grippe \u00bb \u2013 Catholic World Report et invocation en d\u00e9but de journ\u00e9e.","datePublished":"2024-09-23T16:06:40+00:00","mainEntityOfPage":{"@id":"https:\/\/editionsbussiere.com\/blog\/le-pape-francois-annule-ses-reunions-en-raison-dune-legere-grippe-catholic-world-report-et-invocation-en-debut-de-journee\/"},"wordCount":2440,"publisher":{"@id":"https:\/\/editionsbussiere.com\/blog\/#organization"},"image":{"@id":"https:\/\/editionsbussiere.com\/blog\/le-pape-francois-annule-ses-reunions-en-raison-dune-legere-grippe-catholic-world-report-et-invocation-en-debut-de-journee\/#primaryimage"},"thumbnailUrl":"https:\/\/editionsbussiere.com\/blog\/wp-content\/uploads\/2024\/09\/Le-pape-Francois-annule-ses-reunions-en-raison-dune.jpg","articleSection":["Editions \u00c9sot\u00e9rique Fond\u00e9e En 1927; D\u00e9p\u00e8ches:"],"inLanguage":"fr-FR"},{"@type":"WebPage","@id":"https:\/\/editionsbussiere.com\/blog\/le-pape-francois-annule-ses-reunions-en-raison-dune-legere-grippe-catholic-world-report-et-invocation-en-debut-de-journee\/","url":"https:\/\/editionsbussiere.com\/blog\/le-pape-francois-annule-ses-reunions-en-raison-dune-legere-grippe-catholic-world-report-et-invocation-en-debut-de-journee\/","name":"Le pape Fran\u00e7ois annule ses r\u00e9unions en raison d\u2019une \u00ab l\u00e9g\u00e8re grippe \u00bb \u2013 Catholic World Report et invocation en d\u00e9but de journ\u00e9e. - EDITIONSBUSSIERE","isPartOf":{"@id":"https:\/\/editionsbussiere.com\/blog\/#website"},"primaryImageOfPage":{"@id":"https:\/\/editionsbussiere.com\/blog\/le-pape-francois-annule-ses-reunions-en-raison-dune-legere-grippe-catholic-world-report-et-invocation-en-debut-de-journee\/#primaryimage"},"image":{"@id":"https:\/\/editionsbussiere.com\/blog\/le-pape-francois-annule-ses-reunions-en-raison-dune-legere-grippe-catholic-world-report-et-invocation-en-debut-de-journee\/#primaryimage"},"thumbnailUrl":"https:\/\/editionsbussiere.com\/blog\/wp-content\/uploads\/2024\/09\/Le-pape-Francois-annule-ses-reunions-en-raison-dune.jpg","datePublished":"2024-09-23T16:06:40+00:00","breadcrumb":{"@id":"https:\/\/editionsbussiere.com\/blog\/le-pape-francois-annule-ses-reunions-en-raison-dune-legere-grippe-catholic-world-report-et-invocation-en-debut-de-journee\/#breadcrumb"},"inLanguage":"fr-FR","potentialAction":[{"@type":"ReadAction","target":["https:\/\/editionsbussiere.com\/blog\/le-pape-francois-annule-ses-reunions-en-raison-dune-legere-grippe-catholic-world-report-et-invocation-en-debut-de-journee\/"]}]},{"@type":"ImageObject","inLanguage":"fr-FR","@id":"https:\/\/editionsbussiere.com\/blog\/le-pape-francois-annule-ses-reunions-en-raison-dune-legere-grippe-catholic-world-report-et-invocation-en-debut-de-journee\/#primaryimage","url":"https:\/\/editionsbussiere.com\/blog\/wp-content\/uploads\/2024\/09\/Le-pape-Francois-annule-ses-reunions-en-raison-dune.jpg","contentUrl":"https:\/\/editionsbussiere.com\/blog\/wp-content\/uploads\/2024\/09\/Le-pape-Francois-annule-ses-reunions-en-raison-dune.jpg","width":800,"height":533,"caption":"Le pape Francois annule ses reunions en raison dune"},{"@type":"BreadcrumbList","@id":"https:\/\/editionsbussiere.com\/blog\/le-pape-francois-annule-ses-reunions-en-raison-dune-legere-grippe-catholic-world-report-et-invocation-en-debut-de-journee\/#breadcrumb","itemListElement":[{"@type":"ListItem","position":1,"name":"Accueil","item":"https:\/\/editionsbussiere.com\/blog\/"},{"@type":"ListItem","position":2,"name":"Le pape Fran\u00e7ois annule ses r\u00e9unions en raison d\u2019une \u00ab l\u00e9g\u00e8re grippe \u00bb \u2013 Catholic World Report et invocation en d\u00e9but de journ\u00e9e."}]},{"@type":"WebSite","@id":"https:\/\/editionsbussiere.com\/blog\/#website","url":"https:\/\/editionsbussiere.com\/blog\/","name":"EDITIONSBUSSIERE","description":"Editions \u00e9sot\u00e9rique fond\u00e9e en 1927; site historique, A SAVOIR ET RETENIR.","publisher":{"@id":"https:\/\/editionsbussiere.com\/blog\/#organization"},"potentialAction":[{"@type":"SearchAction","target":{"@type":"EntryPoint","urlTemplate":"https:\/\/editionsbussiere.com\/blog\/?s={search_term_string}"},"query-input":{"@type":"PropertyValueSpecification","valueRequired":true,"valueName":"search_term_string"}}],"inLanguage":"fr-FR"},{"@type":"Organization","@id":"https:\/\/editionsbussiere.com\/blog\/#organization","name":"editionsbussiere","url":"https:\/\/editionsbussiere.com\/blog\/","logo":{"@type":"ImageObject","inLanguage":"fr-FR","@id":"https:\/\/editionsbussiere.com\/blog\/#\/schema\/logo\/image\/","url":"https:\/\/editionsbussiere.com\/blog\/wp-content\/uploads\/2023\/09\/cropped-buss.gif","contentUrl":"https:\/\/editionsbussiere.com\/blog\/wp-content\/uploads\/2023\/09\/cropped-buss.gif","width":298,"height":120,"caption":"editionsbussiere"},"image":{"@id":"https:\/\/editionsbussiere.com\/blog\/#\/schema\/logo\/image\/"}},{"@type":"Person","@id":"https:\/\/editionsbussiere.com\/blog\/#\/schema\/person\/ec90e102792148c97e46ab871010dd8f","name":"Marie BATICLE","image":{"@type":"ImageObject","inLanguage":"fr-FR","@id":"https:\/\/secure.gravatar.com\/avatar\/c923e52403b1b8137e2d929127211d21967e6aecaa053bd43b09da29f212e76e?s=96&d=mm&r=g","url":"https:\/\/secure.gravatar.com\/avatar\/c923e52403b1b8137e2d929127211d21967e6aecaa053bd43b09da29f212e76e?s=96&d=mm&r=g","contentUrl":"https:\/\/secure.gravatar.com\/avatar\/c923e52403b1b8137e2d929127211d21967e6aecaa053bd43b09da29f212e76e?s=96&d=mm&r=g","caption":"Marie BATICLE"},"url":"https:\/\/editionsbussiere.com\/blog\/author\/eremarie\/"}]}},"_links":{"self":[{"href":"https:\/\/editionsbussiere.com\/blog\/wp-json\/wp\/v2\/posts\/1400","targetHints":{"allow":["GET"]}}],"collection":[{"href":"https:\/\/editionsbussiere.com\/blog\/wp-json\/wp\/v2\/posts"}],"about":[{"href":"https:\/\/editionsbussiere.com\/blog\/wp-json\/wp\/v2\/types\/post"}],"author":[{"embeddable":true,"href":"https:\/\/editionsbussiere.com\/blog\/wp-json\/wp\/v2\/users\/3"}],"replies":[{"embeddable":true,"href":"https:\/\/editionsbussiere.com\/blog\/wp-json\/wp\/v2\/comments?post=1400"}],"version-history":[{"count":0,"href":"https:\/\/editionsbussiere.com\/blog\/wp-json\/wp\/v2\/posts\/1400\/revisions"}],"wp:featuredmedia":[{"embeddable":true,"href":"https:\/\/editionsbussiere.com\/blog\/wp-json\/wp\/v2\/media\/1401"}],"wp:attachment":[{"href":"https:\/\/editionsbussiere.com\/blog\/wp-json\/wp\/v2\/media?parent=1400"}],"wp:term":[{"taxonomy":"category","embeddable":true,"href":"https:\/\/editionsbussiere.com\/blog\/wp-json\/wp\/v2\/categories?post=1400"},{"taxonomy":"post_tag","embeddable":true,"href":"https:\/\/editionsbussiere.com\/blog\/wp-json\/wp\/v2\/tags?post=1400"}],"curies":[{"name":"wp","href":"https:\/\/api.w.org\/{rel}","templated":true}]}}