{"id":1391,"date":"2024-09-23T06:03:09","date_gmt":"2024-09-23T04:03:09","guid":{"rendered":"https:\/\/editionsbussiere.com\/blog\/apres-un-acte-de-vandalisme-rumeurs-sur-le-retour-de-la-statue-decapitee-de-la-vierge-marie-et-prier-la-sainte-vierge\/"},"modified":"2024-09-23T06:03:09","modified_gmt":"2024-09-23T04:03:09","slug":"apres-un-acte-de-vandalisme-rumeurs-sur-le-retour-de-la-statue-decapitee-de-la-vierge-marie-et-prier-la-sainte-vierge","status":"publish","type":"post","link":"https:\/\/editionsbussiere.com\/blog\/apres-un-acte-de-vandalisme-rumeurs-sur-le-retour-de-la-statue-decapitee-de-la-vierge-marie-et-prier-la-sainte-vierge\/","title":{"rendered":"Apr\u00e8s un acte de vandalisme \u2013 Rumeurs sur le retour de la statue d\u00e9capit\u00e9e de la Vierge Marie\n et prier la Sainte Vierge ."},"content":{"rendered":"<div><img width=\"580\" height=\"305\" src=\"https:\/\/editionsbussiere.com\/blog\/wp-content\/uploads\/2024\/09\/Apres-un-acte-de-vandalisme-E28093-Rumeurs-sur-le-retour-1024x538-6.jpg\" class=\"attachment-large size-large wp-post-image\" alt=\"Apr\u00e8s un acte de vandalisme \u2013 Rumeurs sur le retour\" style=\"float:left; margin:0 15px 15px 0;\" decoding=\"async\" loading=\"lazy\" srcset=\"https:\/\/editionsbussiere.com\/blog\/wp-content\/uploads\/2024\/09\/Apres-un-acte-de-vandalisme-E28093-Rumeurs-sur-le-retour-1024x538-6.jpg 1024w, https:\/\/www.n42.fr\/wp-content\/uploads\/2024\/09\/Apres-un-acte-de-vandalisme-\u2013-Rumeurs-sur-le-retour-300x158.jpg 300w, https:\/\/www.n42.fr\/wp-content\/uploads\/2024\/09\/Apres-un-acte-de-vandalisme-\u2013-Rumeurs-sur-le-retour-768x403.jpg 768w, https:\/\/www.n42.fr\/wp-content\/uploads\/2024\/09\/Apres-un-acte-de-vandalisme-\u2013-Rumeurs-sur-le-retour.jpg 1200w\" sizes=\"auto, (max-width: 580px) 100vw, 580px\"><\/p>\n<p>\n<\/p>\n<div id=\"comment-list\">\n<h5 class=\"boxheader__title \">Commentaires<\/h5>\n<div class=\"comments-coral__card-wrapper\"><input type=\"hidden\" name=\"coral_ad_config\" value=\"{\" ads=\"\"><\/p>\n<div class=\"c_auth auth-0\"><button type=\"button\" class=\"mdc-button mdc-button--unelevated comments-button\" onclick=\"openTrinityModal()\"><span class=\"mdc-button__label comments-button__label\">Einloggen, um an der Diskussion teilzunehmen<\/span><\/button><\/p>\n<div class=\"comments-coral__user\">\n<p><span class=\"c_prefix\">Inscrit aussi <\/span><span class=\"c_name\"><\/span><\/p>\n<div class=\"c_logout\"><span class=\"c_txt\">N\u2019est-ce pas l\u2019utilisateur appropri\u00e9 ? <\/span>D\u00e9connexion<\/div>\n<\/div>\n<\/div>\n<p class=\"comments-coral__text\">  Willkommen dans notre communaut\u00e9\u00a0! Eingehende Beitr\u00e4ge werden gepr\u00fcft und anschlie\u00dfend ver\u00f6ffentlicht. Je vous prie d\u2019acheter votre produit <strong>N\u00e9tiquette<\/strong> et <strong>Conditions g\u00e9n\u00e9rales de vente<\/strong>. Pour des discussions ausf\u00fchrliche steht Ihnen ebenso das <strong>Forum krone.at<\/strong> pour la livraison. <strong>Ici<\/strong> Vous pouvez contacter l\u2019\u00e9quipe communautaire via nos contacts Melde- und Abhilfestelle. <\/p>\n<\/div>\n<p class=\"comments-coral__text krn-cls\" data-cls=\"2000\">  Les informations relatives aux utilisateurs ne sont pas connues de la Meinung des Betreibers\/der Redaktion bzw. de Krone Multimedia (KMM) plus loin. Dans ce cas, vous \u00eates \u00e0 distance de la r\u00e9daction\/de la d\u00e9claration de l\u2019auteur dans ce forum de discussions. KMM s\u2019occupe de vous aider \u00e0 obtenir le droit vers le haut, den guten Sitten oder der <strong>N\u00e9tiquette<\/strong> plus largesprechende bzw. Les r\u00e9ponses de KMM concernant les mesures de s\u00e9curit\u00e9, les r\u00e8gles de s\u00e9curit\u00e9 g\u00e9n\u00e9r\u00e9es par les utilisateurs responsables, les donn\u00e9es de s\u00e9curit\u00e9 des services d\u2019avocats pour l\u2019utilisation et les mesures tr\u00e8s pertinentes pour les informations \u00e0 apporter (si elles sont aussi pertinentes) <strong>Conditions g\u00e9n\u00e9rales de vente<\/strong>). <strong>Ici<\/strong> Vous pouvez contacter l\u2019\u00e9quipe communautaire via nos contacts Melde- und Abhilfestelle. <\/p>\n<\/div>\n<p><script type=\"text\/javascript\">\n        KRNEvents.on('krn-didomi-loaded', function() {\n            KRNDidomi.checkConsent('facebook', function() \n                window.fbAsyncInit = function() \n                    FB.init(\n                        appId: '159406224130883',\n                        cookie: true,\n                        xfbml: true,\n                        version: 'v3.1'\n                    );\n                    KRNEvents.on('krn:dom-ready:init', function() \n                        \/\/to get this called at the end\n                        \/\/ a timeout from even 1ms, should guarantee to be called, only after\n                        \/\/ all other doc.ready's are done. just in case take 100\n                        window.setTimeout(function() \n                            KRNEvents.trigger('krn-fb-init');\n                        , 100);\n                    )\n                ;\n            );\n            KRNDidomi.checkConsent(\"facebook-pixel\", function() \n                !function(f,b,e,v,n,t,s)\n                if(f.fbq)return;n=f.fbq=function()n.callMethod?\n                        n.callMethod.apply(n,arguments):n.queue.push(arguments);\n                    if(!f._fbq)f._fbq=n;n.push=n;n.loaded=!0;n.version='2.0';\n                    n.queue=[];t=b.createElement(e);t.async=!0;\n                    t.src=v;s=b.getElementsByTagName(e)[0];\n                    s.parentNode.insertBefore(t,s)(window, document,'script',\n                        '\n                fbq('init', '659119719764209');\n                fbq('track', 'PageView');\n            );\n        });\n    <\/script><\/p>\n<h2>\n<\/h2>\n<p>Le R\u00f4le de la D\u00e9votion Mariale<\/p>\n<p>L\u2019invocation \u00e0 Marie repr\u00e9sente un aspect essentiel de la foi chr\u00e9tienne, profond\u00e9ment ancr\u00e9e dans la doctrine catholiques depuis des temps imm\u00e9moriaux. C\u2019est un fondement sur lequel les fid\u00e8les s\u2019reposent pour trouver confort, guidance et intervention dans leur marche avec Dieu. Au fil du temps, cette pi\u00e9t\u00e9 a gagn\u00e9 en force par les enseignements de la Bible, les coutumes eccl\u00e9siastiques, et les exemples des saints qui ont honor\u00e9 Marie m\u00e8re spirituelle aimante.<\/p>\n<h3>\n<\/h3>\n<p>L\u2019accomplissement du Ave Maria<\/p>\n<p>Le rosaire tient une position centrale au sein de la spiritualit\u00e9 de nombreux croyants. En r\u00e9citant les diff\u00e9rents myst\u00e8res, les d\u00e9vots m\u00e9ditent dans les \u00e9v\u00e9nements li\u00e9s \u00e0 J\u00e9sus et Marie, renfor\u00e7ant leur lien spirituel avec le divin. \u00c0 travers chaque Ave Maria, ils expriment leur foi en l\u2019intercession de Marie ainsi que leur aspiration \u00e0 suivre les pas du Christ. Saint Louis-Marie Grignion de Montfort, dans son ouvrage sur la d\u00e9votion authentique \u00e0 la Vierge Marie, encourage les chr\u00e9tiens \u00e0 m\u00e9diter r\u00e9guli\u00e8rement sur les myst\u00e8res du rosaire pour approfondir leur relation avec la M\u00e8re de Dieu. Cette pratique ancienne, transmise de g\u00e9n\u00e9ration en g\u00e9n\u00e9ration, demeure un phare spirituel pour les croyants, les guidant dans leur connexion \u00e0 la divine Dame du Ciel.<\/p>\n<h3>\n<\/h3>\n<p>L\u2019appel \u00e0 la pri\u00e8re<\/p>\n<p>Prions ensemble, en tant que fr\u00e8res et s\u0153urs, fr\u00e8res et s\u0153urs, dans notre esp\u00e9rance, en nous tournant vers Marie, la m\u00e8re de J\u00e9sus. Au sein de notre monde tourment\u00e9 par les conflits et la discorde, optons \u00e0 la pri\u00e8re pour trouver pour retrouver la s\u00e9r\u00e9nit\u00e9 et l\u2019harmonie. On peut faire d\u00e9poser une pri\u00e8re pour Marie <a target=\"_blank\" rel=\"nofollow\" href=\"https:\/\/editionsbussiere.com\/blog\/goto\/https:\/\/www.avemariasound.org\/\" >sur cette page.<\/a> Que nos supplications montent vers le ciel, comme une offrande re\u00e7u avec faveur par Dieu, pour qu\u2019il guide nous guider nos pas sur la voie de la v\u00e9rit\u00e9 et de la justice. L\u2019ap\u00f4tre Paul nous exhorte dans ses lettres \u00e0 prier sans cesse, en toutes circonstances, pour que notre communion avec Dieu reste constante et passionn\u00e9e. La pri\u00e8re, lorsqu\u2019elle est offerte sinc\u00e8rement, poss\u00e8de la capacit\u00e9 pour changer nos c\u0153urs et d\u2019influer le destin de l\u2019histoire.<\/p>\n<h2>\n<\/h2>\n<p>Les directives du Souverain Pontife<\/p>\n<p>Le pape Fran\u00e7ois, dans ses \u00e9crits \u00e9clair\u00e9s, publi\u00e9s par Bayard, nous souligne la signification de la pri\u00e8re journali\u00e8re. \u00c0 travers ses hom\u00e9lies et ses audiences g\u00e9n\u00e9rales, il nous encourage \u00e0 cultiver une relation personnelle avec Dieu, en s\u2019appuyant sur la m\u00e9ditation de la Parole biblique ainsi que la r\u00e9citation du rosaire. Son exemple d\u2019humilit\u00e9 et de compassion nous inspire \u00e0 approfondir encore notre pri\u00e8re et \u00e0 rechercher la pr\u00e9sence divine dans tous les domaines de notre vie. Le Souverain Pontife Jean-Paul II, dans son encyclique sur la foi chr\u00e9tienne, nous rappelle que la pri\u00e8re quotidienne est la base de notre vie spirituelle et par elle que nous trouvons notre unit\u00e9 \u00e0 Dieu. La pratique de la pri\u00e8re, transmise par les pontifes successifs, est un phare d\u2019espoir dans les temp\u00eates, un roc solide auquel nous pouvons compter.<\/p>\n<h3>\n<\/h3>\n<p>Les \u00e9crits provenant de Leli\u00e8vre et Hubert<\/p>\n<p>Dans le contexte de la vie de foi, l\u2019\u00e9glise recommande vivement le recours \u00e0 la pri\u00e8re, et lors de les moments de pri\u00e8re, les croyants effectuent le signe de croix tout en r\u00e9citant l\u2019Ave Maria. Des th\u00e9ologiens modernes, comme Leli\u00e8vre et Hubert, nous incitent aussi \u00e0 m\u00e9diter sur la force de la pri\u00e8re, \u00e0 travers leurs \u00e9crits inspirants. Leurs \u00e9crits, abondant en enseignements spirituels, nous guident sur le chemin de la foi et nous encouragent \u00e0 trouver dans les tr\u00e9sors de la tradition chr\u00e9tienne pour nourrir notre spiritualit\u00e9. Par la m\u00e9ditation sur leurs ouvrages, nous d\u00e9couvrons de nouvelles mani\u00e8res de d\u00e9velopper notre connexion avec le divin et de progresser dans notre cheminement vers la saintet\u00e9. Saint Jean, dans l\u2019\u00c9vangile, nous rappelle que le fait de prier est une puissante voie de demeurer en communion avec Dieu et de b\u00e9n\u00e9ficier ses b\u00e9n\u00e9dictions. Chaque page de leurs publications ressemble \u00e0 une invitation \u00e0 une pri\u00e8re fervente et \u00e0 une vie emplie de la pr\u00e9sence divine. Dans notre qu\u00eate de connexion spirituelle, chaque \u0153uvre lue devient une invitation \u00e0 aspirer \u00e0 le divin, par le biais de la m\u00e9ditation et la contemplation.<\/p>\n<h3>\n<\/h3>\n<p>La d\u00e9votion dans la chapelle<\/p>\n<p>Dans nos chapelles modestes ou majestueuses, tournons-nous vers le divin en toute confiance et humilit\u00e9, car nous savons qu\u2019il \u00e9coute nos supplications avec une sollicitude infinie. Que chaque bougie allum\u00e9e, chaque chapelet r\u00e9cit\u00e9, soit une offrande \u00e0 notre Seigneur et \u00e0 sa sainte m\u00e8re, Marie. Que nos moments de pri\u00e8re dans la chapelle soient des moments de b\u00e9n\u00e9diction et de renouvellement spirituel, nous renfor\u00e7ant pour faire face \u00e0 les d\u00e9fis avec courage et foi. La sainte Bernadette Soubirous, qui a re\u00e7u les apparitions de la Vierge Marie \u00e0 Lourdes, nous enseigne l\u2019importance de la pri\u00e8re dans la vie des fid\u00e8les et l\u2019efficacit\u00e9 de l\u2019intercession de la Vierge Marie. Tout fid\u00e8le qui franchit les portes d\u2019une chapelle, chaque verset des \u00c9critures lu dans ce lieu saint, est une rencontre avec la divinit\u00e9, une \u00e9tape importante sur le chemin de la transformation int\u00e9rieure. \u00c0 travers les \u00c9critures saintes, tout disciple est encourag\u00e9 \u00e0 m\u00e9diter la croix du Christ, \u00e0 r\u00e9fl\u00e9chir \u00e0 son sacrifice, et \u00e0 trouver consolation et esp\u00e9rance dans sa gr\u00e2ce r\u00e9demptrice.<\/p>\n<h2>\nLa pratique de la pri\u00e8re comme m\u00e9decine pour l\u2019\u00e2me<br \/>\n<\/h2>\n<p>Tel un th\u00e9rapeute pour notre \u00eatre int\u00e9rieur, la pri\u00e8re nous gu\u00e9rit et nous fortifie lorsque nous traversons des moments de douleur et de d\u00e9sespoir. La pri\u00e8re nous rappelle que Dieu est toujours avec nous, m\u00eame au c\u0153ur de nos heures les plus sombres. En nous penchant vers lui \u00e0 travers la pri\u00e8re, nous trouvons la force int\u00e9rieure n\u00e9cessaire pour traverser les \u00e9preuves et pour affronter l\u2019avenir avec espoir et confiance. La pri\u00e8re est semblable \u00e0 une rivi\u00e8re vivifiante qui \u00e9tanche notre soif spirituelle et qui, au cours de notre marche avec Dieu, nous r\u00e9g\u00e9n\u00e8re.<br \/>\n\u00c0 chaque pri\u00e8re prononc\u00e9e, \u00e0 chaque intention confi\u00e9e, nous trouvons une paix divine, une gu\u00e9rison c\u00e9leste, qui d\u00e9passe les limites de la condition humaine. Chaque page de la Bible nous invite \u00e0 communier avec Dieu, \u00e0 lui confier nos fardeaux, et \u00e0 b\u00e9n\u00e9ficier de sa gr\u00e2ce r\u00e9g\u00e9n\u00e9ratrice.<\/p>\n<h2>Une vision alternative sur l\u2019invocation \u00e0 Marie<\/h2>\n<p>La d\u00e9votion \u00e0 Marie repr\u00e9sente une coutume \u00e9troitement enracin\u00e9e dans le patrimoine catholique chr\u00e9tienne, proposant un pr\u00e9cieux lien spirituel pour les fid\u00e8les du monde entier. Comme m\u00e8re spirituelle et interm\u00e9diaire, elle est pri\u00e9e avec d\u00e9votion lors des instants de n\u00e9cessit\u00e9 et de louange. Le rosaire, avec ses myst\u00e8res contemplatifs, accompagne les croyants dans leur voyage de foi, les aidant \u00e0 contempler J\u00e9sus, son fils, \u00e0 travers le regard de la Vierge Marie. Cette d\u00e9votion \u00e0 Marie se manifeste dans les sites sacr\u00e9s comme le sanctuaire de Lourdes, o\u00f9 les visiteurs se rassemblent en qu\u00eate de r\u00e9confort et de gu\u00e9rison, repr\u00e9sentant la profonde connexion entre la foi catholique et la d\u00e9votion mariale. Les enseignements \u00e9clairants de th\u00e9ologiens comme Leli\u00e8vre et Hubert fournissent une r\u00e9flexion pr\u00e9cieuse sur l\u2019importance de la pri\u00e8re \u00e0 Marie et son r\u00f4le dans la vie spirituelle des croyants. Par le biais d\u2019une lecture approfondie de textes de d\u00e9votion et des \u00c9critures, les croyants \u00e9largissent leur compr\u00e9hension de la d\u00e9votion mariale et nourrissent une connexion plus \u00e9troite avec Marie, notre m\u00e8re dans la foi. Dans un monde caract\u00e9ris\u00e9 par la guerre et les conflits, la pri\u00e8re \u00e0 Marie constitue un refuge de paix et d\u2019espoir, incitant chaque individu, ind\u00e9pendamment de son rang dans la foi catholique, \u00e0 s\u2019adresser \u00e0 la Dame du Ciel avec une foi profonde et une d\u00e9votion sinc\u00e8re. Unissons donc nos pri\u00e8res, avec un c\u0153ur humble et sinc\u00e8re, en honorant Marie comme notre m\u00e8re et notre intercesseur, et en lui confiant nos requ\u00eates et nos souhaits les plus profonds. Dans cette d\u00e9marche de foi, chaque croyant est invit\u00e9 \u00e0 poursuivre la voie des pri\u00e8res et des aspirations du c\u0153ur, sous la direction du saint P\u00e8re et les pr\u00e9cieuses ressources spirituelles fournies par des plateformes comme Aleteia. Par cons\u00e9quent, avec un c\u0153ur ouvert et une humble confiance, adressons notre pri\u00e8re quotidienne \u00e0 Marie, lui demandant son intercession maternelle, et la force de continuer dans la pri\u00e8re fervente.<br \/>\nQue notre dialogue avec le sacr\u00e9 devienne notre sanctuaire et notre apaisement dans toutes les circonstances. Que nous nous tournions envers Marie, notre m\u00e8re divine, avec un c\u0153ur ouvert et une foi in\u00e9branlable, convaincus qu\u2019elle plaide en notre faveur devant son fils bien-aim\u00e9. Que la pri\u00e8re nous guide sur le chemin de la saintet\u00e9, nous approchant toujours plus de Dieu et de son amour infini.<\/p>\n<p>Bibliographie :<\/p>\n<p>Terres vierges\/21.,<a target=\"_blank\" rel=\"nofollow\" href=\"https:\/\/editionsbussiere.com\/blog\/goto\/https:\/\/fr.wikisource.org\/wiki\/Terres_vierges\/21\"  target=\"_blank\" rel=\"noopener noreferrer nofollow\">L\u2019article ICI.<\/a><span><\/span><\/p>\n<p>Lettres parisiennes\/Ann\u00e9e 1847\/01.,<a target=\"_blank\" rel=\"nofollow\" href=\"https:\/\/editionsbussiere.com\/blog\/goto\/https:\/\/fr.wikisource.org\/wiki\/Lettres_parisiennes\/Ann%C3%A9e_1847\/01\"  target=\"_blank\" rel=\"noopener noreferrer nofollow\">A lire ici.<\/a><span><\/span><\/p>\n<p>Les Oiseaux de passage (S\u00e9galas)\/02\/06.,<a target=\"_blank\" rel=\"nofollow\" href=\"https:\/\/editionsbussiere.com\/blog\/goto\/https:\/\/fr.wikisource.org\/wiki\/Les_Oiseaux_de_passage_(S%C3%A9galas)\/02\/06\"  target=\"_blank\" rel=\"noopener noreferrer nofollow\">Article complet.<\/a><span><\/span><\/p>\n<p>La vierge d\u2019ivoire\/09.,<a target=\"_blank\" rel=\"nofollow\" href=\"https:\/\/editionsbussiere.com\/blog\/goto\/https:\/\/fr.wikisource.org\/wiki\/La_vierge_d%E2%80%99ivoire\/09\"  target=\"_blank\" rel=\"noopener noreferrer nofollow\">Le post d\u2019actualit\u00e9.<\/a><span><\/span>. Suite sur le prochain article.<\/p>\n<p>La Faute de l\u2019abb\u00e9 Mouret\/Livre premier.,<a target=\"_blank\" rel=\"nofollow\" href=\"https:\/\/editionsbussiere.com\/blog\/goto\/https:\/\/fr.wikisource.org\/wiki\/La_Faute_de_l%E2%80%99abb%C3%A9_Mouret\/Livre_premier\"  target=\"_blank\" rel=\"noopener noreferrer nofollow\">Ici.<\/a><span><\/span><\/p>\n<p>\u2026 le C\u0153ur populaire (1914)\/La Charlotte prie Notre-Dame durant la nuit du R\u00e9veillon.,<a target=\"_blank\" rel=\"nofollow\" href=\"https:\/\/editionsbussiere.com\/blog\/goto\/https:\/\/fr.wikisource.org\/wiki\/..._le_C%C5%93ur_populaire_(1914)\/La_Charlotte_prie_Notre-Dame_durant_la_nuit_du_R%C3%A9veillon\"  target=\"_blank\" rel=\"noopener noreferrer nofollow\">L\u2019article ICI.<\/a><span><\/span><\/p>\n<\/div>\n<p><img decoding=\"async\" class=\"wpe_imgrss\" src=\"https:\/\/editionsbussiere.com\/blog\/wp-content\/uploads\/2024\/09\/Apres-un-acte-de-vandalisme-E28093-Rumeurs-sur-le-retour-1024x538-6.jpg\">Cet article a \u00e9t\u00e9 reconstitu\u00e9 du mieux possible. Dans l\u2019hypoth\u00e8se o\u00f9 vous souhaitez apporter quelques modifications concernant le th\u00e8me \u00ab\u00a0Editions \u00e9sot\u00e9rique fond\u00e9e en 1927\u00a0\u00bb, il est possible de discuter avec notre r\u00e9daction. Vous pouvez tirer profit de cet article traitant le sujet \u00ab\u00a0Editions \u00e9sot\u00e9rique fond\u00e9e en 1927\u00a0\u00bb. Il est concoct\u00e9 par l\u2019\u00e9quipe editionsbussiere.com. Le site editionsbussiere.com est fait pour cr\u00e9er divers posts autour du th\u00e8me Editions \u00e9sot\u00e9rique fond\u00e9e en 1927 d\u00e9velopp\u00e9es sur internet. Consultez notre site internet editionsbussiere.com et nos r\u00e9seaux sociaux pour \u00eatre au courant des futures annonces.<\/p>\n","protected":false},"excerpt":{"rendered":"<p>Commentaires Einloggen, um an der Diskussion teilzunehmen Inscrit aussi N\u2019est-ce pas l\u2019utilisateur appropri\u00e9 ? D\u00e9connexion Willkommen dans notre communaut\u00e9\u00a0! Eingehende Beitr\u00e4ge werden gepr\u00fcft und anschlie\u00dfend ver\u00f6ffentlicht. Je vous prie d\u2019acheter votre produit N\u00e9tiquette et Conditions g\u00e9n\u00e9rales de vente. Pour des discussions ausf\u00fchrliche steht Ihnen ebenso das Forum krone.at pour la livraison. Ici Vous pouvez contacter [&hellip;]<\/p>\n","protected":false},"author":3,"featured_media":1392,"comment_status":"closed","ping_status":"closed","sticky":false,"template":"","format":"standard","meta":{"footnotes":""},"categories":[3],"tags":[],"class_list":["post-1391","post","type-post","status-publish","format-standard","has-post-thumbnail","hentry","category-editions-esoterique-fondee-en-1927-depeches","entry","fw-tab-6 fw-tabr-4","has-featured-image"],"yoast_head":"<!-- This site is optimized with the Yoast SEO plugin v27.5 - https:\/\/yoast.com\/product\/yoast-seo-wordpress\/ -->\n<title>Apr\u00e8s un acte de vandalisme \u2013 Rumeurs sur le retour de la statue d\u00e9capit\u00e9e de la Vierge Marie et prier la Sainte Vierge . - EDITIONSBUSSIERE<\/title>\n<meta name=\"robots\" content=\"index, follow, max-snippet:-1, max-image-preview:large, max-video-preview:-1\" \/>\n<link rel=\"canonical\" href=\"https:\/\/editionsbussiere.com\/blog\/apres-un-acte-de-vandalisme-rumeurs-sur-le-retour-de-la-statue-decapitee-de-la-vierge-marie-et-prier-la-sainte-vierge\/\" \/>\n<meta property=\"og:locale\" content=\"fr_FR\" \/>\n<meta property=\"og:type\" content=\"article\" \/>\n<meta property=\"og:title\" content=\"Apr\u00e8s un acte de vandalisme \u2013 Rumeurs sur le retour de la statue d\u00e9capit\u00e9e de la Vierge Marie et prier la Sainte Vierge . - EDITIONSBUSSIERE\" \/>\n<meta property=\"og:description\" content=\"Commentaires Einloggen, um an der Diskussion teilzunehmen Inscrit aussi N\u2019est-ce pas l\u2019utilisateur appropri\u00e9 ? D\u00e9connexion Willkommen dans notre communaut\u00e9\u00a0! Eingehende Beitr\u00e4ge werden gepr\u00fcft und anschlie\u00dfend ver\u00f6ffentlicht. Je vous prie d\u2019acheter votre produit N\u00e9tiquette et Conditions g\u00e9n\u00e9rales de vente. Pour des discussions ausf\u00fchrliche steht Ihnen ebenso das Forum krone.at pour la livraison. Ici Vous pouvez contacter [&hellip;]\" \/>\n<meta property=\"og:url\" content=\"https:\/\/editionsbussiere.com\/blog\/apres-un-acte-de-vandalisme-rumeurs-sur-le-retour-de-la-statue-decapitee-de-la-vierge-marie-et-prier-la-sainte-vierge\/\" \/>\n<meta property=\"og:site_name\" content=\"EDITIONSBUSSIERE\" \/>\n<meta property=\"article:published_time\" content=\"2024-09-23T04:03:09+00:00\" \/>\n<meta property=\"og:image\" content=\"https:\/\/editionsbussiere.com\/blog\/wp-content\/uploads\/2024\/09\/Apres-un-acte-de-vandalisme-E28093-Rumeurs-sur-le-retour-1024x538-6.jpg\" \/>\n<meta name=\"author\" content=\"Marie BATICLE\" \/>\n<meta name=\"twitter:card\" content=\"summary_large_image\" \/>\n<meta name=\"twitter:label1\" content=\"\u00c9crit par\" \/>\n\t<meta name=\"twitter:data1\" content=\"Marie BATICLE\" \/>\n\t<meta name=\"twitter:label2\" content=\"Dur\u00e9e de lecture estim\u00e9e\" \/>\n\t<meta name=\"twitter:data2\" content=\"10 minutes\" \/>\n<script type=\"application\/ld+json\" class=\"yoast-schema-graph\">{\"@context\":\"https:\\\/\\\/schema.org\",\"@graph\":[{\"@type\":\"Article\",\"@id\":\"https:\\\/\\\/editionsbussiere.com\\\/blog\\\/apres-un-acte-de-vandalisme-rumeurs-sur-le-retour-de-la-statue-decapitee-de-la-vierge-marie-et-prier-la-sainte-vierge\\\/#article\",\"isPartOf\":{\"@id\":\"https:\\\/\\\/editionsbussiere.com\\\/blog\\\/apres-un-acte-de-vandalisme-rumeurs-sur-le-retour-de-la-statue-decapitee-de-la-vierge-marie-et-prier-la-sainte-vierge\\\/\"},\"author\":{\"name\":\"Marie BATICLE\",\"@id\":\"https:\\\/\\\/editionsbussiere.com\\\/blog\\\/#\\\/schema\\\/person\\\/ec90e102792148c97e46ab871010dd8f\"},\"headline\":\"Apr\u00e8s un acte de vandalisme \u2013 Rumeurs sur le retour de la statue d\u00e9capit\u00e9e de la Vierge Marie et prier la Sainte Vierge .\",\"datePublished\":\"2024-09-23T04:03:09+00:00\",\"mainEntityOfPage\":{\"@id\":\"https:\\\/\\\/editionsbussiere.com\\\/blog\\\/apres-un-acte-de-vandalisme-rumeurs-sur-le-retour-de-la-statue-decapitee-de-la-vierge-marie-et-prier-la-sainte-vierge\\\/\"},\"wordCount\":1973,\"publisher\":{\"@id\":\"https:\\\/\\\/editionsbussiere.com\\\/blog\\\/#organization\"},\"image\":{\"@id\":\"https:\\\/\\\/editionsbussiere.com\\\/blog\\\/apres-un-acte-de-vandalisme-rumeurs-sur-le-retour-de-la-statue-decapitee-de-la-vierge-marie-et-prier-la-sainte-vierge\\\/#primaryimage\"},\"thumbnailUrl\":\"https:\\\/\\\/editionsbussiere.com\\\/blog\\\/wp-content\\\/uploads\\\/2024\\\/09\\\/Apres-un-acte-de-vandalisme-E28093-Rumeurs-sur-le-retour-1024x538-6.jpg\",\"articleSection\":[\"Editions \u00c9sot\u00e9rique Fond\u00e9e En 1927; D\u00e9p\u00e8ches:\"],\"inLanguage\":\"fr-FR\"},{\"@type\":\"WebPage\",\"@id\":\"https:\\\/\\\/editionsbussiere.com\\\/blog\\\/apres-un-acte-de-vandalisme-rumeurs-sur-le-retour-de-la-statue-decapitee-de-la-vierge-marie-et-prier-la-sainte-vierge\\\/\",\"url\":\"https:\\\/\\\/editionsbussiere.com\\\/blog\\\/apres-un-acte-de-vandalisme-rumeurs-sur-le-retour-de-la-statue-decapitee-de-la-vierge-marie-et-prier-la-sainte-vierge\\\/\",\"name\":\"Apr\u00e8s un acte de vandalisme \u2013 Rumeurs sur le retour de la statue d\u00e9capit\u00e9e de la Vierge Marie et prier la Sainte Vierge . - EDITIONSBUSSIERE\",\"isPartOf\":{\"@id\":\"https:\\\/\\\/editionsbussiere.com\\\/blog\\\/#website\"},\"primaryImageOfPage\":{\"@id\":\"https:\\\/\\\/editionsbussiere.com\\\/blog\\\/apres-un-acte-de-vandalisme-rumeurs-sur-le-retour-de-la-statue-decapitee-de-la-vierge-marie-et-prier-la-sainte-vierge\\\/#primaryimage\"},\"image\":{\"@id\":\"https:\\\/\\\/editionsbussiere.com\\\/blog\\\/apres-un-acte-de-vandalisme-rumeurs-sur-le-retour-de-la-statue-decapitee-de-la-vierge-marie-et-prier-la-sainte-vierge\\\/#primaryimage\"},\"thumbnailUrl\":\"https:\\\/\\\/editionsbussiere.com\\\/blog\\\/wp-content\\\/uploads\\\/2024\\\/09\\\/Apres-un-acte-de-vandalisme-E28093-Rumeurs-sur-le-retour-1024x538-6.jpg\",\"datePublished\":\"2024-09-23T04:03:09+00:00\",\"breadcrumb\":{\"@id\":\"https:\\\/\\\/editionsbussiere.com\\\/blog\\\/apres-un-acte-de-vandalisme-rumeurs-sur-le-retour-de-la-statue-decapitee-de-la-vierge-marie-et-prier-la-sainte-vierge\\\/#breadcrumb\"},\"inLanguage\":\"fr-FR\",\"potentialAction\":[{\"@type\":\"ReadAction\",\"target\":[\"https:\\\/\\\/editionsbussiere.com\\\/blog\\\/apres-un-acte-de-vandalisme-rumeurs-sur-le-retour-de-la-statue-decapitee-de-la-vierge-marie-et-prier-la-sainte-vierge\\\/\"]}]},{\"@type\":\"ImageObject\",\"inLanguage\":\"fr-FR\",\"@id\":\"https:\\\/\\\/editionsbussiere.com\\\/blog\\\/apres-un-acte-de-vandalisme-rumeurs-sur-le-retour-de-la-statue-decapitee-de-la-vierge-marie-et-prier-la-sainte-vierge\\\/#primaryimage\",\"url\":\"https:\\\/\\\/editionsbussiere.com\\\/blog\\\/wp-content\\\/uploads\\\/2024\\\/09\\\/Apres-un-acte-de-vandalisme-E28093-Rumeurs-sur-le-retour-1024x538-6.jpg\",\"contentUrl\":\"https:\\\/\\\/editionsbussiere.com\\\/blog\\\/wp-content\\\/uploads\\\/2024\\\/09\\\/Apres-un-acte-de-vandalisme-E28093-Rumeurs-sur-le-retour-1024x538-6.jpg\",\"width\":1024,\"height\":538,\"caption\":\"Apres un acte de vandalisme E28093 Rumeurs sur le retour 1024x538 6\"},{\"@type\":\"BreadcrumbList\",\"@id\":\"https:\\\/\\\/editionsbussiere.com\\\/blog\\\/apres-un-acte-de-vandalisme-rumeurs-sur-le-retour-de-la-statue-decapitee-de-la-vierge-marie-et-prier-la-sainte-vierge\\\/#breadcrumb\",\"itemListElement\":[{\"@type\":\"ListItem\",\"position\":1,\"name\":\"Accueil\",\"item\":\"https:\\\/\\\/editionsbussiere.com\\\/blog\\\/\"},{\"@type\":\"ListItem\",\"position\":2,\"name\":\"Apr\u00e8s un acte de vandalisme \u2013 Rumeurs sur le retour de la statue d\u00e9capit\u00e9e de la Vierge Marie et prier la Sainte Vierge .\"}]},{\"@type\":\"WebSite\",\"@id\":\"https:\\\/\\\/editionsbussiere.com\\\/blog\\\/#website\",\"url\":\"https:\\\/\\\/editionsbussiere.com\\\/blog\\\/\",\"name\":\"EDITIONSBUSSIERE\",\"description\":\"Editions \u00e9sot\u00e9rique fond\u00e9e en 1927; site historique, A SAVOIR ET RETENIR.\",\"publisher\":{\"@id\":\"https:\\\/\\\/editionsbussiere.com\\\/blog\\\/#organization\"},\"potentialAction\":[{\"@type\":\"SearchAction\",\"target\":{\"@type\":\"EntryPoint\",\"urlTemplate\":\"https:\\\/\\\/editionsbussiere.com\\\/blog\\\/?s={search_term_string}\"},\"query-input\":{\"@type\":\"PropertyValueSpecification\",\"valueRequired\":true,\"valueName\":\"search_term_string\"}}],\"inLanguage\":\"fr-FR\"},{\"@type\":\"Organization\",\"@id\":\"https:\\\/\\\/editionsbussiere.com\\\/blog\\\/#organization\",\"name\":\"editionsbussiere\",\"url\":\"https:\\\/\\\/editionsbussiere.com\\\/blog\\\/\",\"logo\":{\"@type\":\"ImageObject\",\"inLanguage\":\"fr-FR\",\"@id\":\"https:\\\/\\\/editionsbussiere.com\\\/blog\\\/#\\\/schema\\\/logo\\\/image\\\/\",\"url\":\"https:\\\/\\\/editionsbussiere.com\\\/blog\\\/wp-content\\\/uploads\\\/2023\\\/09\\\/cropped-buss.gif\",\"contentUrl\":\"https:\\\/\\\/editionsbussiere.com\\\/blog\\\/wp-content\\\/uploads\\\/2023\\\/09\\\/cropped-buss.gif\",\"width\":298,\"height\":120,\"caption\":\"editionsbussiere\"},\"image\":{\"@id\":\"https:\\\/\\\/editionsbussiere.com\\\/blog\\\/#\\\/schema\\\/logo\\\/image\\\/\"}},{\"@type\":\"Person\",\"@id\":\"https:\\\/\\\/editionsbussiere.com\\\/blog\\\/#\\\/schema\\\/person\\\/ec90e102792148c97e46ab871010dd8f\",\"name\":\"Marie BATICLE\",\"image\":{\"@type\":\"ImageObject\",\"inLanguage\":\"fr-FR\",\"@id\":\"https:\\\/\\\/secure.gravatar.com\\\/avatar\\\/c923e52403b1b8137e2d929127211d21967e6aecaa053bd43b09da29f212e76e?s=96&d=mm&r=g\",\"url\":\"https:\\\/\\\/secure.gravatar.com\\\/avatar\\\/c923e52403b1b8137e2d929127211d21967e6aecaa053bd43b09da29f212e76e?s=96&d=mm&r=g\",\"contentUrl\":\"https:\\\/\\\/secure.gravatar.com\\\/avatar\\\/c923e52403b1b8137e2d929127211d21967e6aecaa053bd43b09da29f212e76e?s=96&d=mm&r=g\",\"caption\":\"Marie BATICLE\"},\"url\":\"https:\\\/\\\/editionsbussiere.com\\\/blog\\\/author\\\/eremarie\\\/\"}]}<\/script>\n<!-- \/ Yoast SEO plugin. -->","yoast_head_json":{"title":"Apr\u00e8s un acte de vandalisme \u2013 Rumeurs sur le retour de la statue d\u00e9capit\u00e9e de la Vierge Marie et prier la Sainte Vierge . - EDITIONSBUSSIERE","robots":{"index":"index","follow":"follow","max-snippet":"max-snippet:-1","max-image-preview":"max-image-preview:large","max-video-preview":"max-video-preview:-1"},"canonical":"https:\/\/editionsbussiere.com\/blog\/apres-un-acte-de-vandalisme-rumeurs-sur-le-retour-de-la-statue-decapitee-de-la-vierge-marie-et-prier-la-sainte-vierge\/","og_locale":"fr_FR","og_type":"article","og_title":"Apr\u00e8s un acte de vandalisme \u2013 Rumeurs sur le retour de la statue d\u00e9capit\u00e9e de la Vierge Marie et prier la Sainte Vierge . - EDITIONSBUSSIERE","og_description":"Commentaires Einloggen, um an der Diskussion teilzunehmen Inscrit aussi N\u2019est-ce pas l\u2019utilisateur appropri\u00e9 ? D\u00e9connexion Willkommen dans notre communaut\u00e9\u00a0! Eingehende Beitr\u00e4ge werden gepr\u00fcft und anschlie\u00dfend ver\u00f6ffentlicht. Je vous prie d\u2019acheter votre produit N\u00e9tiquette et Conditions g\u00e9n\u00e9rales de vente. Pour des discussions ausf\u00fchrliche steht Ihnen ebenso das Forum krone.at pour la livraison. Ici Vous pouvez contacter [&hellip;]","og_url":"https:\/\/editionsbussiere.com\/blog\/apres-un-acte-de-vandalisme-rumeurs-sur-le-retour-de-la-statue-decapitee-de-la-vierge-marie-et-prier-la-sainte-vierge\/","og_site_name":"EDITIONSBUSSIERE","article_published_time":"2024-09-23T04:03:09+00:00","og_image":[{"url":"https:\/\/editionsbussiere.com\/blog\/wp-content\/uploads\/2024\/09\/Apres-un-acte-de-vandalisme-E28093-Rumeurs-sur-le-retour-1024x538-6.jpg","type":"","width":"","height":""}],"author":"Marie BATICLE","twitter_card":"summary_large_image","twitter_misc":{"\u00c9crit par":"Marie BATICLE","Dur\u00e9e de lecture estim\u00e9e":"10 minutes"},"schema":{"@context":"https:\/\/schema.org","@graph":[{"@type":"Article","@id":"https:\/\/editionsbussiere.com\/blog\/apres-un-acte-de-vandalisme-rumeurs-sur-le-retour-de-la-statue-decapitee-de-la-vierge-marie-et-prier-la-sainte-vierge\/#article","isPartOf":{"@id":"https:\/\/editionsbussiere.com\/blog\/apres-un-acte-de-vandalisme-rumeurs-sur-le-retour-de-la-statue-decapitee-de-la-vierge-marie-et-prier-la-sainte-vierge\/"},"author":{"name":"Marie BATICLE","@id":"https:\/\/editionsbussiere.com\/blog\/#\/schema\/person\/ec90e102792148c97e46ab871010dd8f"},"headline":"Apr\u00e8s un acte de vandalisme \u2013 Rumeurs sur le retour de la statue d\u00e9capit\u00e9e de la Vierge Marie et prier la Sainte Vierge .","datePublished":"2024-09-23T04:03:09+00:00","mainEntityOfPage":{"@id":"https:\/\/editionsbussiere.com\/blog\/apres-un-acte-de-vandalisme-rumeurs-sur-le-retour-de-la-statue-decapitee-de-la-vierge-marie-et-prier-la-sainte-vierge\/"},"wordCount":1973,"publisher":{"@id":"https:\/\/editionsbussiere.com\/blog\/#organization"},"image":{"@id":"https:\/\/editionsbussiere.com\/blog\/apres-un-acte-de-vandalisme-rumeurs-sur-le-retour-de-la-statue-decapitee-de-la-vierge-marie-et-prier-la-sainte-vierge\/#primaryimage"},"thumbnailUrl":"https:\/\/editionsbussiere.com\/blog\/wp-content\/uploads\/2024\/09\/Apres-un-acte-de-vandalisme-E28093-Rumeurs-sur-le-retour-1024x538-6.jpg","articleSection":["Editions \u00c9sot\u00e9rique Fond\u00e9e En 1927; D\u00e9p\u00e8ches:"],"inLanguage":"fr-FR"},{"@type":"WebPage","@id":"https:\/\/editionsbussiere.com\/blog\/apres-un-acte-de-vandalisme-rumeurs-sur-le-retour-de-la-statue-decapitee-de-la-vierge-marie-et-prier-la-sainte-vierge\/","url":"https:\/\/editionsbussiere.com\/blog\/apres-un-acte-de-vandalisme-rumeurs-sur-le-retour-de-la-statue-decapitee-de-la-vierge-marie-et-prier-la-sainte-vierge\/","name":"Apr\u00e8s un acte de vandalisme \u2013 Rumeurs sur le retour de la statue d\u00e9capit\u00e9e de la Vierge Marie et prier la Sainte Vierge . - EDITIONSBUSSIERE","isPartOf":{"@id":"https:\/\/editionsbussiere.com\/blog\/#website"},"primaryImageOfPage":{"@id":"https:\/\/editionsbussiere.com\/blog\/apres-un-acte-de-vandalisme-rumeurs-sur-le-retour-de-la-statue-decapitee-de-la-vierge-marie-et-prier-la-sainte-vierge\/#primaryimage"},"image":{"@id":"https:\/\/editionsbussiere.com\/blog\/apres-un-acte-de-vandalisme-rumeurs-sur-le-retour-de-la-statue-decapitee-de-la-vierge-marie-et-prier-la-sainte-vierge\/#primaryimage"},"thumbnailUrl":"https:\/\/editionsbussiere.com\/blog\/wp-content\/uploads\/2024\/09\/Apres-un-acte-de-vandalisme-E28093-Rumeurs-sur-le-retour-1024x538-6.jpg","datePublished":"2024-09-23T04:03:09+00:00","breadcrumb":{"@id":"https:\/\/editionsbussiere.com\/blog\/apres-un-acte-de-vandalisme-rumeurs-sur-le-retour-de-la-statue-decapitee-de-la-vierge-marie-et-prier-la-sainte-vierge\/#breadcrumb"},"inLanguage":"fr-FR","potentialAction":[{"@type":"ReadAction","target":["https:\/\/editionsbussiere.com\/blog\/apres-un-acte-de-vandalisme-rumeurs-sur-le-retour-de-la-statue-decapitee-de-la-vierge-marie-et-prier-la-sainte-vierge\/"]}]},{"@type":"ImageObject","inLanguage":"fr-FR","@id":"https:\/\/editionsbussiere.com\/blog\/apres-un-acte-de-vandalisme-rumeurs-sur-le-retour-de-la-statue-decapitee-de-la-vierge-marie-et-prier-la-sainte-vierge\/#primaryimage","url":"https:\/\/editionsbussiere.com\/blog\/wp-content\/uploads\/2024\/09\/Apres-un-acte-de-vandalisme-E28093-Rumeurs-sur-le-retour-1024x538-6.jpg","contentUrl":"https:\/\/editionsbussiere.com\/blog\/wp-content\/uploads\/2024\/09\/Apres-un-acte-de-vandalisme-E28093-Rumeurs-sur-le-retour-1024x538-6.jpg","width":1024,"height":538,"caption":"Apres un acte de vandalisme E28093 Rumeurs sur le retour 1024x538 6"},{"@type":"BreadcrumbList","@id":"https:\/\/editionsbussiere.com\/blog\/apres-un-acte-de-vandalisme-rumeurs-sur-le-retour-de-la-statue-decapitee-de-la-vierge-marie-et-prier-la-sainte-vierge\/#breadcrumb","itemListElement":[{"@type":"ListItem","position":1,"name":"Accueil","item":"https:\/\/editionsbussiere.com\/blog\/"},{"@type":"ListItem","position":2,"name":"Apr\u00e8s un acte de vandalisme \u2013 Rumeurs sur le retour de la statue d\u00e9capit\u00e9e de la Vierge Marie et prier la Sainte Vierge ."}]},{"@type":"WebSite","@id":"https:\/\/editionsbussiere.com\/blog\/#website","url":"https:\/\/editionsbussiere.com\/blog\/","name":"EDITIONSBUSSIERE","description":"Editions \u00e9sot\u00e9rique fond\u00e9e en 1927; site historique, A SAVOIR ET RETENIR.","publisher":{"@id":"https:\/\/editionsbussiere.com\/blog\/#organization"},"potentialAction":[{"@type":"SearchAction","target":{"@type":"EntryPoint","urlTemplate":"https:\/\/editionsbussiere.com\/blog\/?s={search_term_string}"},"query-input":{"@type":"PropertyValueSpecification","valueRequired":true,"valueName":"search_term_string"}}],"inLanguage":"fr-FR"},{"@type":"Organization","@id":"https:\/\/editionsbussiere.com\/blog\/#organization","name":"editionsbussiere","url":"https:\/\/editionsbussiere.com\/blog\/","logo":{"@type":"ImageObject","inLanguage":"fr-FR","@id":"https:\/\/editionsbussiere.com\/blog\/#\/schema\/logo\/image\/","url":"https:\/\/editionsbussiere.com\/blog\/wp-content\/uploads\/2023\/09\/cropped-buss.gif","contentUrl":"https:\/\/editionsbussiere.com\/blog\/wp-content\/uploads\/2023\/09\/cropped-buss.gif","width":298,"height":120,"caption":"editionsbussiere"},"image":{"@id":"https:\/\/editionsbussiere.com\/blog\/#\/schema\/logo\/image\/"}},{"@type":"Person","@id":"https:\/\/editionsbussiere.com\/blog\/#\/schema\/person\/ec90e102792148c97e46ab871010dd8f","name":"Marie BATICLE","image":{"@type":"ImageObject","inLanguage":"fr-FR","@id":"https:\/\/secure.gravatar.com\/avatar\/c923e52403b1b8137e2d929127211d21967e6aecaa053bd43b09da29f212e76e?s=96&d=mm&r=g","url":"https:\/\/secure.gravatar.com\/avatar\/c923e52403b1b8137e2d929127211d21967e6aecaa053bd43b09da29f212e76e?s=96&d=mm&r=g","contentUrl":"https:\/\/secure.gravatar.com\/avatar\/c923e52403b1b8137e2d929127211d21967e6aecaa053bd43b09da29f212e76e?s=96&d=mm&r=g","caption":"Marie BATICLE"},"url":"https:\/\/editionsbussiere.com\/blog\/author\/eremarie\/"}]}},"_links":{"self":[{"href":"https:\/\/editionsbussiere.com\/blog\/wp-json\/wp\/v2\/posts\/1391","targetHints":{"allow":["GET"]}}],"collection":[{"href":"https:\/\/editionsbussiere.com\/blog\/wp-json\/wp\/v2\/posts"}],"about":[{"href":"https:\/\/editionsbussiere.com\/blog\/wp-json\/wp\/v2\/types\/post"}],"author":[{"embeddable":true,"href":"https:\/\/editionsbussiere.com\/blog\/wp-json\/wp\/v2\/users\/3"}],"replies":[{"embeddable":true,"href":"https:\/\/editionsbussiere.com\/blog\/wp-json\/wp\/v2\/comments?post=1391"}],"version-history":[{"count":0,"href":"https:\/\/editionsbussiere.com\/blog\/wp-json\/wp\/v2\/posts\/1391\/revisions"}],"wp:featuredmedia":[{"embeddable":true,"href":"https:\/\/editionsbussiere.com\/blog\/wp-json\/wp\/v2\/media\/1392"}],"wp:attachment":[{"href":"https:\/\/editionsbussiere.com\/blog\/wp-json\/wp\/v2\/media?parent=1391"}],"wp:term":[{"taxonomy":"category","embeddable":true,"href":"https:\/\/editionsbussiere.com\/blog\/wp-json\/wp\/v2\/categories?post=1391"},{"taxonomy":"post_tag","embeddable":true,"href":"https:\/\/editionsbussiere.com\/blog\/wp-json\/wp\/v2\/tags?post=1391"}],"curies":[{"name":"wp","href":"https:\/\/api.w.org\/{rel}","templated":true}]}}