{"id":1389,"date":"2024-09-23T06:03:07","date_gmt":"2024-09-23T04:03:07","guid":{"rendered":"https:\/\/editionsbussiere.com\/blog\/apres-un-acte-de-vandalisme-rumeurs-sur-le-retour-de-la-statue-decapitee-de-la-vierge-marie-et-adresser-ses-prieres-a-la-vierge-marie\/"},"modified":"2024-09-23T06:03:07","modified_gmt":"2024-09-23T04:03:07","slug":"apres-un-acte-de-vandalisme-rumeurs-sur-le-retour-de-la-statue-decapitee-de-la-vierge-marie-et-adresser-ses-prieres-a-la-vierge-marie","status":"publish","type":"post","link":"https:\/\/editionsbussiere.com\/blog\/apres-un-acte-de-vandalisme-rumeurs-sur-le-retour-de-la-statue-decapitee-de-la-vierge-marie-et-adresser-ses-prieres-a-la-vierge-marie\/","title":{"rendered":"Apr\u00e8s un acte de vandalisme \u2013 Rumeurs sur le retour de la statue d\u00e9capit\u00e9e de la Vierge Marie\n et adresser ses pri\u00e8res \u00e0 la Vierge Marie."},"content":{"rendered":"<div><img width=\"580\" height=\"305\" src=\"https:\/\/editionsbussiere.com\/blog\/wp-content\/uploads\/2024\/09\/Apres-un-acte-de-vandalisme-E28093-Rumeurs-sur-le-retour-1024x538-5.jpg\" class=\"attachment-large size-large wp-post-image\" alt=\"Apr\u00e8s un acte de vandalisme \u2013 Rumeurs sur le retour\" style=\"float:left; margin:0 15px 15px 0;\" decoding=\"async\" loading=\"lazy\" srcset=\"https:\/\/editionsbussiere.com\/blog\/wp-content\/uploads\/2024\/09\/Apres-un-acte-de-vandalisme-E28093-Rumeurs-sur-le-retour-1024x538-5.jpg 1024w, https:\/\/www.n42.fr\/wp-content\/uploads\/2024\/09\/Apres-un-acte-de-vandalisme-\u2013-Rumeurs-sur-le-retour-300x158.jpg 300w, https:\/\/www.n42.fr\/wp-content\/uploads\/2024\/09\/Apres-un-acte-de-vandalisme-\u2013-Rumeurs-sur-le-retour-768x403.jpg 768w, https:\/\/www.n42.fr\/wp-content\/uploads\/2024\/09\/Apres-un-acte-de-vandalisme-\u2013-Rumeurs-sur-le-retour.jpg 1200w\" sizes=\"auto, (max-width: 580px) 100vw, 580px\"><\/p>\n<p>\n<\/p>\n<div id=\"comment-list\">\n<h5 class=\"boxheader__title \">Commentaires<\/h5>\n<div class=\"comments-coral__card-wrapper\"><input type=\"hidden\" name=\"coral_ad_config\" value=\"{\" ads=\"\"><\/p>\n<div class=\"c_auth auth-0\"><button type=\"button\" class=\"mdc-button mdc-button--unelevated comments-button\" onclick=\"openTrinityModal()\"><span class=\"mdc-button__label comments-button__label\">Einloggen, um an der Diskussion teilzunehmen<\/span><\/button><\/p>\n<div class=\"comments-coral__user\">\n<p><span class=\"c_prefix\">Inscrit aussi <\/span><span class=\"c_name\"><\/span><\/p>\n<div class=\"c_logout\"><span class=\"c_txt\">N\u2019est-ce pas l\u2019utilisateur appropri\u00e9 ? <\/span>D\u00e9connexion<\/div>\n<\/div>\n<\/div>\n<p class=\"comments-coral__text\">  Willkommen dans notre communaut\u00e9\u00a0! Eingehende Beitr\u00e4ge werden gepr\u00fcft und anschlie\u00dfend ver\u00f6ffentlicht. Je vous prie d\u2019acheter votre produit <strong>N\u00e9tiquette<\/strong> et <strong>Conditions g\u00e9n\u00e9rales de vente<\/strong>. Pour des discussions ausf\u00fchrliche steht Ihnen ebenso das <strong>Forum krone.at<\/strong> pour la livraison. <strong>Ici<\/strong> Vous pouvez contacter l\u2019\u00e9quipe communautaire via nos contacts Melde- und Abhilfestelle. <\/p>\n<\/div>\n<p class=\"comments-coral__text krn-cls\" data-cls=\"2000\">  Les informations relatives aux utilisateurs ne sont pas connues de la Meinung des Betreibers\/der Redaktion bzw. de Krone Multimedia (KMM) plus loin. Dans ce cas, vous \u00eates \u00e0 distance de la r\u00e9daction\/de la d\u00e9claration de l\u2019auteur dans ce forum de discussions. KMM s\u2019occupe de vous aider \u00e0 obtenir le droit vers le haut, den guten Sitten oder der <strong>N\u00e9tiquette<\/strong> plus largesprechende bzw. Les r\u00e9ponses de KMM concernant les mesures de s\u00e9curit\u00e9, les r\u00e8gles de s\u00e9curit\u00e9 g\u00e9n\u00e9r\u00e9es par les utilisateurs responsables, les donn\u00e9es de s\u00e9curit\u00e9 des services d\u2019avocats pour l\u2019utilisation et les mesures tr\u00e8s pertinentes pour les informations \u00e0 apporter (si elles sont aussi pertinentes) <strong>Conditions g\u00e9n\u00e9rales de vente<\/strong>). <strong>Ici<\/strong> Vous pouvez contacter l\u2019\u00e9quipe communautaire via nos contacts Melde- und Abhilfestelle. <\/p>\n<\/div>\n<p><script type=\"text\/javascript\">\n        KRNEvents.on('krn-didomi-loaded', function() {\n            KRNDidomi.checkConsent('facebook', function() \n                window.fbAsyncInit = function() \n                    FB.init(\n                        appId: '159406224130883',\n                        cookie: true,\n                        xfbml: true,\n                        version: 'v3.1'\n                    );\n                    KRNEvents.on('krn:dom-ready:init', function() \n                        \/\/to get this called at the end\n                        \/\/ a timeout from even 1ms, should guarantee to be called, only after\n                        \/\/ all other doc.ready's are done. just in case take 100\n                        window.setTimeout(function() \n                            KRNEvents.trigger('krn-fb-init');\n                        , 100);\n                    )\n                ;\n            );\n            KRNDidomi.checkConsent(\"facebook-pixel\", function() \n                !function(f,b,e,v,n,t,s)\n                if(f.fbq)return;n=f.fbq=function()n.callMethod?\n                        n.callMethod.apply(n,arguments):n.queue.push(arguments);\n                    if(!f._fbq)f._fbq=n;n.push=n;n.loaded=!0;n.version='2.0';\n                    n.queue=[];t=b.createElement(e);t.async=!0;\n                    t.src=v;s=b.getElementsByTagName(e)[0];\n                    s.parentNode.insertBefore(t,s)(window, document,'script',\n                        '\n                fbq('init', '659119719764209');\n                fbq('track', 'PageView');\n            );\n        });\n    <\/script><\/p>\n<h2>\n<\/h2>\n<p>Le R\u00f4le de la D\u00e9votion Mariale<\/p>\n<p>La pri\u00e8re \u00e0 Marie repr\u00e9sente un aspect essentiel de la foi chr\u00e9tienne, profond\u00e9ment ancr\u00e9e dans la doctrine catholiques depuis des si\u00e8cles. C\u2019est un fondement sur lequel les croyants s\u2019appuient pour trouver confort, guidance et intervention dans leur marche avec Dieu. \u00c0 travers les \u00e2ges, cette pratique de d\u00e9votion a gagn\u00e9 en force par les enseignements de la Bible, les traditions de l\u2019\u00c9glise, et le mod\u00e8le des saints et saintes qui ont honor\u00e9 Marie m\u00e8re spirituelle bienveillante.<\/p>\n<h3>\n<\/h3>\n<p>L\u2019exercice du Chapelet<\/p>\n<p>Cette pri\u00e8re traditionnelle mariale occupe une place centrale dans la vie spirituelle de nombreux croyants. En r\u00e9citant les diff\u00e9rents myst\u00e8res, les d\u00e9vots m\u00e9ditent dans les moments li\u00e9s \u00e0 J\u00e9sus et Marie, renfor\u00e7ant ainsi leur lien spirituel avec eux. Chaque Ave Maria r\u00e9cit\u00e9, ils manifestent leur foi en l\u2019intercession de Marie ainsi que leur aspiration \u00e0 suivre les pas du Christ. Saint Louis-Marie Grignion de Montfort, dans son ouvrage sur la d\u00e9votion authentique \u00e0 la Vierge Marie, invite les fid\u00e8les \u00e0 m\u00e9diter r\u00e9guli\u00e8rement sur les myst\u00e8res du rosaire pour approfondir leur lien avec la M\u00e8re de Dieu. Cet antique rituel, h\u00e9rit\u00e9e de g\u00e9n\u00e9ration en g\u00e9n\u00e9ration, reste un phare spirituel pour les croyants, les guidant dans leur connexion \u00e0 la divine Dame du Ciel.<\/p>\n<h3>\n<\/h3>\n<p>L\u2019invitation \u00e0 prier<\/p>\n<p>Unissons nos voix dans la pri\u00e8re, fr\u00e8res et s\u0153urs, dans notre confiance, en nous tournant vers Marie, la m\u00e8re de J\u00e9sus. Au sein de notre monde troubl\u00e9 par les conflits et la discorde, optons \u00e0 la pri\u00e8re pour trouver pour retrouver la s\u00e9r\u00e9nit\u00e9 et l\u2019harmonie. Il est possible exprimer une demande pour Marie <a target=\"_blank\" rel=\"nofollow\" href=\"https:\/\/editionsbussiere.com\/blog\/goto\/https:\/\/www.avemariasound.org\/\" >par internet.<\/a> Que nos pri\u00e8res montent vers le ciel, comme une offrande re\u00e7u avec faveur par Dieu, pour qu\u2019il puisse nous guider nos pas sur la voie de la justice et de la v\u00e9rit\u00e9. L\u2019ap\u00f4tre Paul nous dans ses lettres \u00e0 maintenir une pri\u00e8re incessante, quelle que soit la situation, afin que notre communion \u00e0 Dieu soit solide et ardente. La pri\u00e8re, quand elle est sinc\u00e8rement offerte, poss\u00e8de la capacit\u00e9 pour changer les c\u0153urs et de modifier le cours de l\u2019histoire.<\/p>\n<h2>\n<\/h2>\n<p>Les le\u00e7ons du Saint-P\u00e8re<\/p>\n<p>Le Saint-P\u00e8re, dans ses \u00e9crits \u00e9clair\u00e9s, disponibles gr\u00e2ce \u00e0 Bayard, nous rappelle l\u2019importance de la pri\u00e8re journali\u00e8re. Par le biais de ses hom\u00e9lies et de ses audiences publiques, il nous encourage \u00e0 d\u00e9velopper un lien personnel avec Dieu, en se fondant sur la r\u00e9flexion sur les Saintes \u00c9critures ainsi que la r\u00e9citation du rosaire. Sa conduite de compassion et d\u2019humilit\u00e9 nous encourage \u00e0 approfondir davantage nos pri\u00e8res et \u00e0 chercher la pr\u00e9sence de Dieu dans tous les aspects de notre vie. Saint Jean-Paul II, dans son encyclique sur la foi chr\u00e9tienne, nous souligne que la pri\u00e8re quotidienne est la base de la vie de foi et par elle que nous nous unissons \u00e0 la volont\u00e9 divine. La pri\u00e8re quotidienne, transmise par les pontifes de g\u00e9n\u00e9ration en g\u00e9n\u00e9ration, est une bou\u00e9e d\u2019espoir dans les temp\u00eates, un fondement solide auquel les \u00e2mes peuvent s\u2019appuyer.<\/p>\n<h3>\n<\/h3>\n<p>Les ouvrages \u00e9crits par Leli\u00e8vre et Hubert<\/p>\n<p>Dans le cadre de la spiritualit\u00e9, l\u2019\u00e9glise recommande vivement le recours \u00e0 la pri\u00e8re, et lors de les moments de pri\u00e8re, les croyants accomplissent le geste du signe de la croix et r\u00e9citent le Je vous salue Marie. Des intellectuels contemporains, tels que Leli\u00e8vre et Hubert, nous incitent aussi \u00e0 m\u00e9diter sur la puissance de la pri\u00e8re, dans leurs ouvrages inspirants. Leurs ouvrages, abondant en enseignements spirituels, nous guident dans notre parcours de la foi et nous encouragent \u00e0 puiser dans les tr\u00e9sors de la tradition chr\u00e9tienne pour nourrir notre vie spirituelle. En r\u00e9fl\u00e9chissant sur leurs publications, nous explorons de nouvelles mani\u00e8res d\u2019approfondir notre connexion avec le divin et de progresser dans la saintet\u00e9. Saint Jean, dans son \u00e9vangile, nous rappelle que le fait de prier est un puissant moyen de demeurer en communion avec Dieu et de recevoir ses b\u00e9n\u00e9dictions. Chaque paragraphe de leurs \u00e9crits est semblable \u00e0 un appel \u00e0 une pri\u00e8re ardente et \u00e0 une existence emplie de la pr\u00e9sence divine. Dans notre qu\u00eate de connexion spirituelle, chaque \u0153uvre lue devient un appel \u00e0 aspirer \u00e0 le sacr\u00e9, par le biais de la m\u00e9ditation et la contemplation.<\/p>\n<h3>\n<\/h3>\n<p>La d\u00e9votion dans la chapelle<\/p>\n<p>Dans nos lieux de culte modestes ou majestueuses, tournons-nous vers Dieu avec confiance et humilit\u00e9, car nous savons qu\u2019il \u00e9coute nos supplications avec une affection infinie. Que chaque bougie allum\u00e9e, chaque chapelet r\u00e9cit\u00e9, constitue une offrande \u00e0 notre Seigneur et \u00e0 sa sainte m\u00e8re, Marie. Que nos instants de d\u00e9votion dans la chapelle soient des moments de b\u00e9n\u00e9diction et de renouvellement de notre esprit, nous renfor\u00e7ant pour faire face \u00e0 les d\u00e9fis avec audace et foi in\u00e9branlable. Sainte Bernadette Soubirous, \u00e0 qui la Vierge Marie est apparue \u00e0 Lourdes, nous montre la valeur de la pri\u00e8re dans la vie des fid\u00e8les et l\u2019efficacit\u00e9 de l\u2019intercession de la Sainte Vierge. Chaque personne qui entre dans une chapelle, chaque page de la Bible lue dans ce lieu sacr\u00e9, est une rencontre avec le divin, une \u00e9tape sur le chemin de la transformation int\u00e9rieure. \u00c0 travers les \u00c9critures saintes, chaque fid\u00e8le est invit\u00e9 \u00e0 contempler la croix du Christ, \u00e0 r\u00e9fl\u00e9chir \u00e0 son sacrifice, et \u00e0 trouver r\u00e9confort et espoir dans sa gr\u00e2ce r\u00e9demptrice.<\/p>\n<h2>\nL\u2019acte de prier comme rem\u00e8de pour l\u2019int\u00e9rieur<br \/>\n<\/h2>\n<p>Tel un m\u00e9decin pour nos \u00e2mes, la pri\u00e8re nous r\u00e9conforte ainsi que nous fortifie dans les moments de douleur et de d\u00e9sespoir. La pri\u00e8re nous fait souvenir que Dieu est toujours avec nous, m\u00eame au c\u0153ur de nos heures les plus sombres. En nous tournant vers lui \u00e0 travers la pri\u00e8re, nous d\u00e9couvrons la force int\u00e9rieure dont nous avons besoin pour surmonter les \u00e9preuves et pour faire face \u00e0 l\u2019avenir avec espoir et confiance. L\u2019acte de prier est semblable \u00e0 une fontaine d\u2019eau vive qui satisfait notre soif spirituelle et, sur notre chemin de foi, nous r\u00e9g\u00e9n\u00e8re.<br \/>\n\u00c0 chaque pri\u00e8re prononc\u00e9e, \u00e0 chaque intention port\u00e9e, nous trouvons une paix divine, une gu\u00e9rison spirituelle, qui d\u00e9passe les limitations humaines. Chaque page de la Bible est une invitation \u00e0 communier avec Dieu, \u00e0 lui remettre nos fardeaux, et \u00e0 b\u00e9n\u00e9ficier de sa gr\u00e2ce r\u00e9g\u00e9n\u00e9ratrice.<\/p>\n<h2>Une vision alternative sur l\u2019invocation \u00e0 Marie<\/h2>\n<p>L\u2019invocation de Marie est une pratique profond\u00e9ment enracin\u00e9e dans le patrimoine catholique chr\u00e9tienne, proposant un pr\u00e9cieux lien spirituel pour les fid\u00e8les du monde entier. En tant que m\u00e8re spirituelle aimante et intercesseur, elle est pri\u00e9e avec ardeur dans les moments de d\u00e9tresse et de louange. Le chapelet, avec ses myst\u00e8res contemplatifs, guide les catholiques dans leur voyage de foi, les aidant \u00e0 m\u00e9diter sur J\u00e9sus, son fils, \u00e0 travers le regard de la Vierge Marie. Cette affection envers Marie s\u2019exprime dans les sites sacr\u00e9s tel que le sanctuaire de Lourdes, o\u00f9 les visiteurs se rassemblent pour rechercher r\u00e9confort et gu\u00e9rison, repr\u00e9sentant la profonde connexion entre la foi catholique et l\u2019adoration de Marie. Les \u00e9crits inspirants d\u2019\u00e9minents th\u00e9ologiens comme Leli\u00e8vre et Hubert proposent une r\u00e9flexion pr\u00e9cieuse sur l\u2019importance de la pri\u00e8re \u00e0 Marie et son influence sur la vie spirituelle des fid\u00e8les. \u00c0 travers la lecture attentive de textes religieux et spirituels, les croyants \u00e9largissent leur compr\u00e9hension de la d\u00e9votion mariale et cultivent un lien plus fort avec Marie, notre m\u00e8re spirituelle. Dans un monde marqu\u00e9 par la guerre et les conflits, la d\u00e9votion \u00e0 Marie est un sanctuaire de paix et d\u2019espoir, appelant chaque personne, quelle que soit sa position dans la foi catholique, \u00e0 s\u2019adresser \u00e0 la Dame du Ciel avec une foi profonde et une d\u00e9votion sinc\u00e8re. Unissons donc nos pri\u00e8res, avec un c\u0153ur sinc\u00e8re et humble, en honorant Marie comme notre m\u00e8re et notre intercesseur, et en lui confiant nos pri\u00e8res et nos d\u00e9sirs les plus profonds. Dans cette d\u00e9marche vers Dieu, chaque fid\u00e8le est appel\u00e9 \u00e0 suivre la liste des pri\u00e8res et des intentions du c\u0153ur, guid\u00e9 par le saint P\u00e8re et les ressources spirituelles inestimables disponibles sur des plateformes comme Aleteia. Par cons\u00e9quent, avec un c\u0153ur ouvert et une humble confiance, saluons Marie dans notre pri\u00e8re quotidienne, lui demandant son intercession affectueuse, ainsi que la gr\u00e2ce de pers\u00e9v\u00e9rer dans la pri\u00e8re ardente.<br \/>\nQue notre communion avec le divin devienne notre sanctuaire et notre apaisement en toute circonstance. Que nous nous tournions vers Marie, notre m\u00e8re c\u00e9leste, avec un c\u0153ur ouvert et une foi in\u00e9branlable, sachant qu\u2019elle interc\u00e8de pour nous aupr\u00e8s de son fils bien-aim\u00e9. Que notre dialogue avec le divin soit notre guide dans notre qu\u00eate de saintet\u00e9, nous approchant toujours plus de Dieu et de son amour \u00e9ternel.<\/p>\n<p>Parutions sur le m\u00eame sujet:<\/p>\n<p>Vierges en fleur\/03.,<a target=\"_blank\" rel=\"nofollow\" href=\"https:\/\/editionsbussiere.com\/blog\/goto\/https:\/\/fr.wikisource.org\/wiki\/Vierges_en_fleur\/03\"  target=\"_blank\" rel=\"noopener noreferrer nofollow\">Le texte de l\u2019article.<\/a><span><\/span>. Suite sur le prochain article.<\/p>\n<p>Mirages \u2013 L\u2019Ond\u00e9e \u2013 \u00c2me simple\u2026.,<a target=\"_blank\" rel=\"nofollow\" href=\"https:\/\/editionsbussiere.com\/blog\/goto\/https:\/\/fr.wikisource.org\/wiki\/Mirages_-_L%E2%80%99Ond%C3%A9e_-_%C3%82me_simple...\"  target=\"_blank\" rel=\"noopener noreferrer nofollow\">L\u2019article de presse.<\/a><span><\/span><\/p>\n<p>Les Oiseaux de passage (S\u00e9galas)\/02\/06.,<a target=\"_blank\" rel=\"nofollow\" href=\"https:\/\/editionsbussiere.com\/blog\/goto\/https:\/\/fr.wikisource.org\/wiki\/Les_Oiseaux_de_passage_(S%C3%A9galas)\/02\/06\"  target=\"_blank\" rel=\"noopener noreferrer nofollow\">Article complet.<\/a><span><\/span><\/p>\n<p>Le Fl\u00e9au (Verhaeren \u2013 Les Campagnes hallucin\u00e9es).,<a target=\"_blank\" rel=\"nofollow\" href=\"https:\/\/editionsbussiere.com\/blog\/goto\/https:\/\/fr.wikisource.org\/wiki\/Le_Fl%C3%A9au_(Verhaeren_-_Les_Campagnes_hallucin%C3%A9es)\"  target=\"_blank\" rel=\"noopener noreferrer nofollow\">Le post d\u2019actualit\u00e9.<\/a><span><\/span><\/p>\n<p>L\u00e9gendes chr\u00e9tiennes\/Sommaire.,<a target=\"_blank\" rel=\"nofollow\" href=\"https:\/\/editionsbussiere.com\/blog\/goto\/https:\/\/fr.wikisource.org\/wiki\/L%C3%A9gendes_chr%C3%A9tiennes\/Sommaire\"  target=\"_blank\" rel=\"noopener noreferrer nofollow\">L\u2019article de presse.<\/a><span><\/span><\/p>\n<p>\u00c0 bas la calotte\/Ne me parlez plus de saint Eustache !.,<a target=\"_blank\" rel=\"nofollow\" href=\"https:\/\/editionsbussiere.com\/blog\/goto\/https:\/\/fr.wikisource.org\/wiki\/%C3%80_bas_la_calotte\/Ne_me_parlez_plus_de_saint_Eustache_!\"  target=\"_blank\" rel=\"noopener noreferrer nofollow\">A lire ici.<\/a><span><\/span>. Suite sur le prochain article.<\/p>\n<\/div>\n<p><img decoding=\"async\" class=\"wpe_imgrss\" src=\"https:\/\/editionsbussiere.com\/blog\/wp-content\/uploads\/2024\/09\/Apres-un-acte-de-vandalisme-E28093-Rumeurs-sur-le-retour-1024x538-5.jpg\">Cet article a \u00e9t\u00e9 reconstitu\u00e9 du mieux possible. Dans l\u2019hypoth\u00e8se o\u00f9 vous souhaitez apporter quelques modifications concernant le th\u00e8me \u00ab\u00a0Editions \u00e9sot\u00e9rique fond\u00e9e en 1927\u00a0\u00bb, il est possible de discuter avec notre r\u00e9daction. Vous pouvez tirer profit de cet article traitant le sujet \u00ab\u00a0Editions \u00e9sot\u00e9rique fond\u00e9e en 1927\u00a0\u00bb. Il est concoct\u00e9 par l\u2019\u00e9quipe editionsbussiere.com. Le site editionsbussiere.com est fait pour cr\u00e9er divers posts autour du th\u00e8me Editions \u00e9sot\u00e9rique fond\u00e9e en 1927 d\u00e9velopp\u00e9es sur internet. Consultez notre site internet editionsbussiere.com et nos r\u00e9seaux sociaux pour \u00eatre au courant des futures annonces.<\/p>\n","protected":false},"excerpt":{"rendered":"<p>Commentaires Einloggen, um an der Diskussion teilzunehmen Inscrit aussi N\u2019est-ce pas l\u2019utilisateur appropri\u00e9 ? D\u00e9connexion Willkommen dans notre communaut\u00e9\u00a0! Eingehende Beitr\u00e4ge werden gepr\u00fcft und anschlie\u00dfend ver\u00f6ffentlicht. Je vous prie d\u2019acheter votre produit N\u00e9tiquette et Conditions g\u00e9n\u00e9rales de vente. Pour des discussions ausf\u00fchrliche steht Ihnen ebenso das Forum krone.at pour la livraison. Ici Vous pouvez contacter [&hellip;]<\/p>\n","protected":false},"author":3,"featured_media":1390,"comment_status":"closed","ping_status":"closed","sticky":false,"template":"","format":"standard","meta":{"footnotes":""},"categories":[3],"tags":[],"class_list":["post-1389","post","type-post","status-publish","format-standard","has-post-thumbnail","hentry","category-editions-esoterique-fondee-en-1927-depeches","entry","fw-tab-6 fw-tabr-4","has-featured-image"],"yoast_head":"<!-- This site is optimized with the Yoast SEO plugin v27.5 - https:\/\/yoast.com\/product\/yoast-seo-wordpress\/ -->\n<title>Apr\u00e8s un acte de vandalisme \u2013 Rumeurs sur le retour de la statue d\u00e9capit\u00e9e de la Vierge Marie et adresser ses pri\u00e8res \u00e0 la Vierge Marie. - EDITIONSBUSSIERE<\/title>\n<meta name=\"robots\" content=\"index, follow, max-snippet:-1, max-image-preview:large, max-video-preview:-1\" \/>\n<link rel=\"canonical\" href=\"https:\/\/editionsbussiere.com\/blog\/apres-un-acte-de-vandalisme-rumeurs-sur-le-retour-de-la-statue-decapitee-de-la-vierge-marie-et-adresser-ses-prieres-a-la-vierge-marie\/\" \/>\n<meta property=\"og:locale\" content=\"fr_FR\" \/>\n<meta property=\"og:type\" content=\"article\" \/>\n<meta property=\"og:title\" content=\"Apr\u00e8s un acte de vandalisme \u2013 Rumeurs sur le retour de la statue d\u00e9capit\u00e9e de la Vierge Marie et adresser ses pri\u00e8res \u00e0 la Vierge Marie. - EDITIONSBUSSIERE\" \/>\n<meta property=\"og:description\" content=\"Commentaires Einloggen, um an der Diskussion teilzunehmen Inscrit aussi N\u2019est-ce pas l\u2019utilisateur appropri\u00e9 ? D\u00e9connexion Willkommen dans notre communaut\u00e9\u00a0! Eingehende Beitr\u00e4ge werden gepr\u00fcft und anschlie\u00dfend ver\u00f6ffentlicht. Je vous prie d\u2019acheter votre produit N\u00e9tiquette et Conditions g\u00e9n\u00e9rales de vente. Pour des discussions ausf\u00fchrliche steht Ihnen ebenso das Forum krone.at pour la livraison. Ici Vous pouvez contacter [&hellip;]\" \/>\n<meta property=\"og:url\" content=\"https:\/\/editionsbussiere.com\/blog\/apres-un-acte-de-vandalisme-rumeurs-sur-le-retour-de-la-statue-decapitee-de-la-vierge-marie-et-adresser-ses-prieres-a-la-vierge-marie\/\" \/>\n<meta property=\"og:site_name\" content=\"EDITIONSBUSSIERE\" \/>\n<meta property=\"article:published_time\" content=\"2024-09-23T04:03:07+00:00\" \/>\n<meta property=\"og:image\" content=\"https:\/\/editionsbussiere.com\/blog\/wp-content\/uploads\/2024\/09\/Apres-un-acte-de-vandalisme-E28093-Rumeurs-sur-le-retour-1024x538-5.jpg\" \/>\n<meta name=\"author\" content=\"Marie BATICLE\" \/>\n<meta name=\"twitter:card\" content=\"summary_large_image\" \/>\n<meta name=\"twitter:label1\" content=\"\u00c9crit par\" \/>\n\t<meta name=\"twitter:data1\" content=\"Marie BATICLE\" \/>\n\t<meta name=\"twitter:label2\" content=\"Dur\u00e9e de lecture estim\u00e9e\" \/>\n\t<meta name=\"twitter:data2\" content=\"10 minutes\" \/>\n<script type=\"application\/ld+json\" class=\"yoast-schema-graph\">{\"@context\":\"https:\\\/\\\/schema.org\",\"@graph\":[{\"@type\":\"Article\",\"@id\":\"https:\\\/\\\/editionsbussiere.com\\\/blog\\\/apres-un-acte-de-vandalisme-rumeurs-sur-le-retour-de-la-statue-decapitee-de-la-vierge-marie-et-adresser-ses-prieres-a-la-vierge-marie\\\/#article\",\"isPartOf\":{\"@id\":\"https:\\\/\\\/editionsbussiere.com\\\/blog\\\/apres-un-acte-de-vandalisme-rumeurs-sur-le-retour-de-la-statue-decapitee-de-la-vierge-marie-et-adresser-ses-prieres-a-la-vierge-marie\\\/\"},\"author\":{\"name\":\"Marie BATICLE\",\"@id\":\"https:\\\/\\\/editionsbussiere.com\\\/blog\\\/#\\\/schema\\\/person\\\/ec90e102792148c97e46ab871010dd8f\"},\"headline\":\"Apr\u00e8s un acte de vandalisme \u2013 Rumeurs sur le retour de la statue d\u00e9capit\u00e9e de la Vierge Marie et adresser ses pri\u00e8res \u00e0 la Vierge Marie.\",\"datePublished\":\"2024-09-23T04:03:07+00:00\",\"mainEntityOfPage\":{\"@id\":\"https:\\\/\\\/editionsbussiere.com\\\/blog\\\/apres-un-acte-de-vandalisme-rumeurs-sur-le-retour-de-la-statue-decapitee-de-la-vierge-marie-et-adresser-ses-prieres-a-la-vierge-marie\\\/\"},\"wordCount\":1997,\"publisher\":{\"@id\":\"https:\\\/\\\/editionsbussiere.com\\\/blog\\\/#organization\"},\"image\":{\"@id\":\"https:\\\/\\\/editionsbussiere.com\\\/blog\\\/apres-un-acte-de-vandalisme-rumeurs-sur-le-retour-de-la-statue-decapitee-de-la-vierge-marie-et-adresser-ses-prieres-a-la-vierge-marie\\\/#primaryimage\"},\"thumbnailUrl\":\"https:\\\/\\\/editionsbussiere.com\\\/blog\\\/wp-content\\\/uploads\\\/2024\\\/09\\\/Apres-un-acte-de-vandalisme-E28093-Rumeurs-sur-le-retour-1024x538-5.jpg\",\"articleSection\":[\"Editions \u00c9sot\u00e9rique Fond\u00e9e En 1927; D\u00e9p\u00e8ches:\"],\"inLanguage\":\"fr-FR\"},{\"@type\":\"WebPage\",\"@id\":\"https:\\\/\\\/editionsbussiere.com\\\/blog\\\/apres-un-acte-de-vandalisme-rumeurs-sur-le-retour-de-la-statue-decapitee-de-la-vierge-marie-et-adresser-ses-prieres-a-la-vierge-marie\\\/\",\"url\":\"https:\\\/\\\/editionsbussiere.com\\\/blog\\\/apres-un-acte-de-vandalisme-rumeurs-sur-le-retour-de-la-statue-decapitee-de-la-vierge-marie-et-adresser-ses-prieres-a-la-vierge-marie\\\/\",\"name\":\"Apr\u00e8s un acte de vandalisme \u2013 Rumeurs sur le retour de la statue d\u00e9capit\u00e9e de la Vierge Marie et adresser ses pri\u00e8res \u00e0 la Vierge Marie. - EDITIONSBUSSIERE\",\"isPartOf\":{\"@id\":\"https:\\\/\\\/editionsbussiere.com\\\/blog\\\/#website\"},\"primaryImageOfPage\":{\"@id\":\"https:\\\/\\\/editionsbussiere.com\\\/blog\\\/apres-un-acte-de-vandalisme-rumeurs-sur-le-retour-de-la-statue-decapitee-de-la-vierge-marie-et-adresser-ses-prieres-a-la-vierge-marie\\\/#primaryimage\"},\"image\":{\"@id\":\"https:\\\/\\\/editionsbussiere.com\\\/blog\\\/apres-un-acte-de-vandalisme-rumeurs-sur-le-retour-de-la-statue-decapitee-de-la-vierge-marie-et-adresser-ses-prieres-a-la-vierge-marie\\\/#primaryimage\"},\"thumbnailUrl\":\"https:\\\/\\\/editionsbussiere.com\\\/blog\\\/wp-content\\\/uploads\\\/2024\\\/09\\\/Apres-un-acte-de-vandalisme-E28093-Rumeurs-sur-le-retour-1024x538-5.jpg\",\"datePublished\":\"2024-09-23T04:03:07+00:00\",\"breadcrumb\":{\"@id\":\"https:\\\/\\\/editionsbussiere.com\\\/blog\\\/apres-un-acte-de-vandalisme-rumeurs-sur-le-retour-de-la-statue-decapitee-de-la-vierge-marie-et-adresser-ses-prieres-a-la-vierge-marie\\\/#breadcrumb\"},\"inLanguage\":\"fr-FR\",\"potentialAction\":[{\"@type\":\"ReadAction\",\"target\":[\"https:\\\/\\\/editionsbussiere.com\\\/blog\\\/apres-un-acte-de-vandalisme-rumeurs-sur-le-retour-de-la-statue-decapitee-de-la-vierge-marie-et-adresser-ses-prieres-a-la-vierge-marie\\\/\"]}]},{\"@type\":\"ImageObject\",\"inLanguage\":\"fr-FR\",\"@id\":\"https:\\\/\\\/editionsbussiere.com\\\/blog\\\/apres-un-acte-de-vandalisme-rumeurs-sur-le-retour-de-la-statue-decapitee-de-la-vierge-marie-et-adresser-ses-prieres-a-la-vierge-marie\\\/#primaryimage\",\"url\":\"https:\\\/\\\/editionsbussiere.com\\\/blog\\\/wp-content\\\/uploads\\\/2024\\\/09\\\/Apres-un-acte-de-vandalisme-E28093-Rumeurs-sur-le-retour-1024x538-5.jpg\",\"contentUrl\":\"https:\\\/\\\/editionsbussiere.com\\\/blog\\\/wp-content\\\/uploads\\\/2024\\\/09\\\/Apres-un-acte-de-vandalisme-E28093-Rumeurs-sur-le-retour-1024x538-5.jpg\",\"width\":1024,\"height\":538,\"caption\":\"Apres un acte de vandalisme E28093 Rumeurs sur le retour 1024x538 5\"},{\"@type\":\"BreadcrumbList\",\"@id\":\"https:\\\/\\\/editionsbussiere.com\\\/blog\\\/apres-un-acte-de-vandalisme-rumeurs-sur-le-retour-de-la-statue-decapitee-de-la-vierge-marie-et-adresser-ses-prieres-a-la-vierge-marie\\\/#breadcrumb\",\"itemListElement\":[{\"@type\":\"ListItem\",\"position\":1,\"name\":\"Accueil\",\"item\":\"https:\\\/\\\/editionsbussiere.com\\\/blog\\\/\"},{\"@type\":\"ListItem\",\"position\":2,\"name\":\"Apr\u00e8s un acte de vandalisme \u2013 Rumeurs sur le retour de la statue d\u00e9capit\u00e9e de la Vierge Marie et adresser ses pri\u00e8res \u00e0 la Vierge Marie.\"}]},{\"@type\":\"WebSite\",\"@id\":\"https:\\\/\\\/editionsbussiere.com\\\/blog\\\/#website\",\"url\":\"https:\\\/\\\/editionsbussiere.com\\\/blog\\\/\",\"name\":\"EDITIONSBUSSIERE\",\"description\":\"Editions \u00e9sot\u00e9rique fond\u00e9e en 1927; site historique, A SAVOIR ET RETENIR.\",\"publisher\":{\"@id\":\"https:\\\/\\\/editionsbussiere.com\\\/blog\\\/#organization\"},\"potentialAction\":[{\"@type\":\"SearchAction\",\"target\":{\"@type\":\"EntryPoint\",\"urlTemplate\":\"https:\\\/\\\/editionsbussiere.com\\\/blog\\\/?s={search_term_string}\"},\"query-input\":{\"@type\":\"PropertyValueSpecification\",\"valueRequired\":true,\"valueName\":\"search_term_string\"}}],\"inLanguage\":\"fr-FR\"},{\"@type\":\"Organization\",\"@id\":\"https:\\\/\\\/editionsbussiere.com\\\/blog\\\/#organization\",\"name\":\"editionsbussiere\",\"url\":\"https:\\\/\\\/editionsbussiere.com\\\/blog\\\/\",\"logo\":{\"@type\":\"ImageObject\",\"inLanguage\":\"fr-FR\",\"@id\":\"https:\\\/\\\/editionsbussiere.com\\\/blog\\\/#\\\/schema\\\/logo\\\/image\\\/\",\"url\":\"https:\\\/\\\/editionsbussiere.com\\\/blog\\\/wp-content\\\/uploads\\\/2023\\\/09\\\/cropped-buss.gif\",\"contentUrl\":\"https:\\\/\\\/editionsbussiere.com\\\/blog\\\/wp-content\\\/uploads\\\/2023\\\/09\\\/cropped-buss.gif\",\"width\":298,\"height\":120,\"caption\":\"editionsbussiere\"},\"image\":{\"@id\":\"https:\\\/\\\/editionsbussiere.com\\\/blog\\\/#\\\/schema\\\/logo\\\/image\\\/\"}},{\"@type\":\"Person\",\"@id\":\"https:\\\/\\\/editionsbussiere.com\\\/blog\\\/#\\\/schema\\\/person\\\/ec90e102792148c97e46ab871010dd8f\",\"name\":\"Marie BATICLE\",\"image\":{\"@type\":\"ImageObject\",\"inLanguage\":\"fr-FR\",\"@id\":\"https:\\\/\\\/secure.gravatar.com\\\/avatar\\\/c923e52403b1b8137e2d929127211d21967e6aecaa053bd43b09da29f212e76e?s=96&d=mm&r=g\",\"url\":\"https:\\\/\\\/secure.gravatar.com\\\/avatar\\\/c923e52403b1b8137e2d929127211d21967e6aecaa053bd43b09da29f212e76e?s=96&d=mm&r=g\",\"contentUrl\":\"https:\\\/\\\/secure.gravatar.com\\\/avatar\\\/c923e52403b1b8137e2d929127211d21967e6aecaa053bd43b09da29f212e76e?s=96&d=mm&r=g\",\"caption\":\"Marie BATICLE\"},\"url\":\"https:\\\/\\\/editionsbussiere.com\\\/blog\\\/author\\\/eremarie\\\/\"}]}<\/script>\n<!-- \/ Yoast SEO plugin. -->","yoast_head_json":{"title":"Apr\u00e8s un acte de vandalisme \u2013 Rumeurs sur le retour de la statue d\u00e9capit\u00e9e de la Vierge Marie et adresser ses pri\u00e8res \u00e0 la Vierge Marie. - EDITIONSBUSSIERE","robots":{"index":"index","follow":"follow","max-snippet":"max-snippet:-1","max-image-preview":"max-image-preview:large","max-video-preview":"max-video-preview:-1"},"canonical":"https:\/\/editionsbussiere.com\/blog\/apres-un-acte-de-vandalisme-rumeurs-sur-le-retour-de-la-statue-decapitee-de-la-vierge-marie-et-adresser-ses-prieres-a-la-vierge-marie\/","og_locale":"fr_FR","og_type":"article","og_title":"Apr\u00e8s un acte de vandalisme \u2013 Rumeurs sur le retour de la statue d\u00e9capit\u00e9e de la Vierge Marie et adresser ses pri\u00e8res \u00e0 la Vierge Marie. - EDITIONSBUSSIERE","og_description":"Commentaires Einloggen, um an der Diskussion teilzunehmen Inscrit aussi N\u2019est-ce pas l\u2019utilisateur appropri\u00e9 ? D\u00e9connexion Willkommen dans notre communaut\u00e9\u00a0! Eingehende Beitr\u00e4ge werden gepr\u00fcft und anschlie\u00dfend ver\u00f6ffentlicht. Je vous prie d\u2019acheter votre produit N\u00e9tiquette et Conditions g\u00e9n\u00e9rales de vente. Pour des discussions ausf\u00fchrliche steht Ihnen ebenso das Forum krone.at pour la livraison. Ici Vous pouvez contacter [&hellip;]","og_url":"https:\/\/editionsbussiere.com\/blog\/apres-un-acte-de-vandalisme-rumeurs-sur-le-retour-de-la-statue-decapitee-de-la-vierge-marie-et-adresser-ses-prieres-a-la-vierge-marie\/","og_site_name":"EDITIONSBUSSIERE","article_published_time":"2024-09-23T04:03:07+00:00","og_image":[{"url":"https:\/\/editionsbussiere.com\/blog\/wp-content\/uploads\/2024\/09\/Apres-un-acte-de-vandalisme-E28093-Rumeurs-sur-le-retour-1024x538-5.jpg","type":"","width":"","height":""}],"author":"Marie BATICLE","twitter_card":"summary_large_image","twitter_misc":{"\u00c9crit par":"Marie BATICLE","Dur\u00e9e de lecture estim\u00e9e":"10 minutes"},"schema":{"@context":"https:\/\/schema.org","@graph":[{"@type":"Article","@id":"https:\/\/editionsbussiere.com\/blog\/apres-un-acte-de-vandalisme-rumeurs-sur-le-retour-de-la-statue-decapitee-de-la-vierge-marie-et-adresser-ses-prieres-a-la-vierge-marie\/#article","isPartOf":{"@id":"https:\/\/editionsbussiere.com\/blog\/apres-un-acte-de-vandalisme-rumeurs-sur-le-retour-de-la-statue-decapitee-de-la-vierge-marie-et-adresser-ses-prieres-a-la-vierge-marie\/"},"author":{"name":"Marie BATICLE","@id":"https:\/\/editionsbussiere.com\/blog\/#\/schema\/person\/ec90e102792148c97e46ab871010dd8f"},"headline":"Apr\u00e8s un acte de vandalisme \u2013 Rumeurs sur le retour de la statue d\u00e9capit\u00e9e de la Vierge Marie et adresser ses pri\u00e8res \u00e0 la Vierge Marie.","datePublished":"2024-09-23T04:03:07+00:00","mainEntityOfPage":{"@id":"https:\/\/editionsbussiere.com\/blog\/apres-un-acte-de-vandalisme-rumeurs-sur-le-retour-de-la-statue-decapitee-de-la-vierge-marie-et-adresser-ses-prieres-a-la-vierge-marie\/"},"wordCount":1997,"publisher":{"@id":"https:\/\/editionsbussiere.com\/blog\/#organization"},"image":{"@id":"https:\/\/editionsbussiere.com\/blog\/apres-un-acte-de-vandalisme-rumeurs-sur-le-retour-de-la-statue-decapitee-de-la-vierge-marie-et-adresser-ses-prieres-a-la-vierge-marie\/#primaryimage"},"thumbnailUrl":"https:\/\/editionsbussiere.com\/blog\/wp-content\/uploads\/2024\/09\/Apres-un-acte-de-vandalisme-E28093-Rumeurs-sur-le-retour-1024x538-5.jpg","articleSection":["Editions \u00c9sot\u00e9rique Fond\u00e9e En 1927; D\u00e9p\u00e8ches:"],"inLanguage":"fr-FR"},{"@type":"WebPage","@id":"https:\/\/editionsbussiere.com\/blog\/apres-un-acte-de-vandalisme-rumeurs-sur-le-retour-de-la-statue-decapitee-de-la-vierge-marie-et-adresser-ses-prieres-a-la-vierge-marie\/","url":"https:\/\/editionsbussiere.com\/blog\/apres-un-acte-de-vandalisme-rumeurs-sur-le-retour-de-la-statue-decapitee-de-la-vierge-marie-et-adresser-ses-prieres-a-la-vierge-marie\/","name":"Apr\u00e8s un acte de vandalisme \u2013 Rumeurs sur le retour de la statue d\u00e9capit\u00e9e de la Vierge Marie et adresser ses pri\u00e8res \u00e0 la Vierge Marie. - EDITIONSBUSSIERE","isPartOf":{"@id":"https:\/\/editionsbussiere.com\/blog\/#website"},"primaryImageOfPage":{"@id":"https:\/\/editionsbussiere.com\/blog\/apres-un-acte-de-vandalisme-rumeurs-sur-le-retour-de-la-statue-decapitee-de-la-vierge-marie-et-adresser-ses-prieres-a-la-vierge-marie\/#primaryimage"},"image":{"@id":"https:\/\/editionsbussiere.com\/blog\/apres-un-acte-de-vandalisme-rumeurs-sur-le-retour-de-la-statue-decapitee-de-la-vierge-marie-et-adresser-ses-prieres-a-la-vierge-marie\/#primaryimage"},"thumbnailUrl":"https:\/\/editionsbussiere.com\/blog\/wp-content\/uploads\/2024\/09\/Apres-un-acte-de-vandalisme-E28093-Rumeurs-sur-le-retour-1024x538-5.jpg","datePublished":"2024-09-23T04:03:07+00:00","breadcrumb":{"@id":"https:\/\/editionsbussiere.com\/blog\/apres-un-acte-de-vandalisme-rumeurs-sur-le-retour-de-la-statue-decapitee-de-la-vierge-marie-et-adresser-ses-prieres-a-la-vierge-marie\/#breadcrumb"},"inLanguage":"fr-FR","potentialAction":[{"@type":"ReadAction","target":["https:\/\/editionsbussiere.com\/blog\/apres-un-acte-de-vandalisme-rumeurs-sur-le-retour-de-la-statue-decapitee-de-la-vierge-marie-et-adresser-ses-prieres-a-la-vierge-marie\/"]}]},{"@type":"ImageObject","inLanguage":"fr-FR","@id":"https:\/\/editionsbussiere.com\/blog\/apres-un-acte-de-vandalisme-rumeurs-sur-le-retour-de-la-statue-decapitee-de-la-vierge-marie-et-adresser-ses-prieres-a-la-vierge-marie\/#primaryimage","url":"https:\/\/editionsbussiere.com\/blog\/wp-content\/uploads\/2024\/09\/Apres-un-acte-de-vandalisme-E28093-Rumeurs-sur-le-retour-1024x538-5.jpg","contentUrl":"https:\/\/editionsbussiere.com\/blog\/wp-content\/uploads\/2024\/09\/Apres-un-acte-de-vandalisme-E28093-Rumeurs-sur-le-retour-1024x538-5.jpg","width":1024,"height":538,"caption":"Apres un acte de vandalisme E28093 Rumeurs sur le retour 1024x538 5"},{"@type":"BreadcrumbList","@id":"https:\/\/editionsbussiere.com\/blog\/apres-un-acte-de-vandalisme-rumeurs-sur-le-retour-de-la-statue-decapitee-de-la-vierge-marie-et-adresser-ses-prieres-a-la-vierge-marie\/#breadcrumb","itemListElement":[{"@type":"ListItem","position":1,"name":"Accueil","item":"https:\/\/editionsbussiere.com\/blog\/"},{"@type":"ListItem","position":2,"name":"Apr\u00e8s un acte de vandalisme \u2013 Rumeurs sur le retour de la statue d\u00e9capit\u00e9e de la Vierge Marie et adresser ses pri\u00e8res \u00e0 la Vierge Marie."}]},{"@type":"WebSite","@id":"https:\/\/editionsbussiere.com\/blog\/#website","url":"https:\/\/editionsbussiere.com\/blog\/","name":"EDITIONSBUSSIERE","description":"Editions \u00e9sot\u00e9rique fond\u00e9e en 1927; site historique, A SAVOIR ET RETENIR.","publisher":{"@id":"https:\/\/editionsbussiere.com\/blog\/#organization"},"potentialAction":[{"@type":"SearchAction","target":{"@type":"EntryPoint","urlTemplate":"https:\/\/editionsbussiere.com\/blog\/?s={search_term_string}"},"query-input":{"@type":"PropertyValueSpecification","valueRequired":true,"valueName":"search_term_string"}}],"inLanguage":"fr-FR"},{"@type":"Organization","@id":"https:\/\/editionsbussiere.com\/blog\/#organization","name":"editionsbussiere","url":"https:\/\/editionsbussiere.com\/blog\/","logo":{"@type":"ImageObject","inLanguage":"fr-FR","@id":"https:\/\/editionsbussiere.com\/blog\/#\/schema\/logo\/image\/","url":"https:\/\/editionsbussiere.com\/blog\/wp-content\/uploads\/2023\/09\/cropped-buss.gif","contentUrl":"https:\/\/editionsbussiere.com\/blog\/wp-content\/uploads\/2023\/09\/cropped-buss.gif","width":298,"height":120,"caption":"editionsbussiere"},"image":{"@id":"https:\/\/editionsbussiere.com\/blog\/#\/schema\/logo\/image\/"}},{"@type":"Person","@id":"https:\/\/editionsbussiere.com\/blog\/#\/schema\/person\/ec90e102792148c97e46ab871010dd8f","name":"Marie BATICLE","image":{"@type":"ImageObject","inLanguage":"fr-FR","@id":"https:\/\/secure.gravatar.com\/avatar\/c923e52403b1b8137e2d929127211d21967e6aecaa053bd43b09da29f212e76e?s=96&d=mm&r=g","url":"https:\/\/secure.gravatar.com\/avatar\/c923e52403b1b8137e2d929127211d21967e6aecaa053bd43b09da29f212e76e?s=96&d=mm&r=g","contentUrl":"https:\/\/secure.gravatar.com\/avatar\/c923e52403b1b8137e2d929127211d21967e6aecaa053bd43b09da29f212e76e?s=96&d=mm&r=g","caption":"Marie BATICLE"},"url":"https:\/\/editionsbussiere.com\/blog\/author\/eremarie\/"}]}},"_links":{"self":[{"href":"https:\/\/editionsbussiere.com\/blog\/wp-json\/wp\/v2\/posts\/1389","targetHints":{"allow":["GET"]}}],"collection":[{"href":"https:\/\/editionsbussiere.com\/blog\/wp-json\/wp\/v2\/posts"}],"about":[{"href":"https:\/\/editionsbussiere.com\/blog\/wp-json\/wp\/v2\/types\/post"}],"author":[{"embeddable":true,"href":"https:\/\/editionsbussiere.com\/blog\/wp-json\/wp\/v2\/users\/3"}],"replies":[{"embeddable":true,"href":"https:\/\/editionsbussiere.com\/blog\/wp-json\/wp\/v2\/comments?post=1389"}],"version-history":[{"count":0,"href":"https:\/\/editionsbussiere.com\/blog\/wp-json\/wp\/v2\/posts\/1389\/revisions"}],"wp:featuredmedia":[{"embeddable":true,"href":"https:\/\/editionsbussiere.com\/blog\/wp-json\/wp\/v2\/media\/1390"}],"wp:attachment":[{"href":"https:\/\/editionsbussiere.com\/blog\/wp-json\/wp\/v2\/media?parent=1389"}],"wp:term":[{"taxonomy":"category","embeddable":true,"href":"https:\/\/editionsbussiere.com\/blog\/wp-json\/wp\/v2\/categories?post=1389"},{"taxonomy":"post_tag","embeddable":true,"href":"https:\/\/editionsbussiere.com\/blog\/wp-json\/wp\/v2\/tags?post=1389"}],"curies":[{"name":"wp","href":"https:\/\/api.w.org\/{rel}","templated":true}]}}