{"id":1380,"date":"2024-09-22T03:14:44","date_gmt":"2024-09-22T01:14:44","guid":{"rendered":"https:\/\/editionsbussiere.com\/blog\/apres-un-acte-de-vandalisme-rumeurs-sur-le-retour-de-la-statue-decapitee-de-la-vierge-marie-pour-adresser-ses-prieres-a-la-sainte-vierge-marie\/"},"modified":"2024-09-22T03:14:44","modified_gmt":"2024-09-22T01:14:44","slug":"apres-un-acte-de-vandalisme-rumeurs-sur-le-retour-de-la-statue-decapitee-de-la-vierge-marie-pour-adresser-ses-prieres-a-la-sainte-vierge-marie","status":"publish","type":"post","link":"https:\/\/editionsbussiere.com\/blog\/apres-un-acte-de-vandalisme-rumeurs-sur-le-retour-de-la-statue-decapitee-de-la-vierge-marie-pour-adresser-ses-prieres-a-la-sainte-vierge-marie\/","title":{"rendered":"Apr\u00e8s un acte de vandalisme \u2013 Rumeurs sur le retour de la statue d\u00e9capit\u00e9e de la Vierge Marie\n pour adresser ses pri\u00e8res \u00e0 la Sainte Vierge Marie."},"content":{"rendered":"<div><img width=\"580\" height=\"305\" src=\"https:\/\/editionsbussiere.com\/blog\/wp-content\/uploads\/2024\/09\/Apres-un-acte-de-vandalisme-E28093-Rumeurs-sur-le-retour-1024x538-1.jpg\" class=\"attachment-large size-large wp-post-image\" alt=\"Apr\u00e8s un acte de vandalisme \u2013 Rumeurs sur le retour\" style=\"float:left; margin:0 15px 15px 0;\" decoding=\"async\" srcset=\"https:\/\/editionsbussiere.com\/blog\/wp-content\/uploads\/2024\/09\/Apres-un-acte-de-vandalisme-E28093-Rumeurs-sur-le-retour-1024x538-1.jpg 1024w, https:\/\/www.n42.fr\/wp-content\/uploads\/2024\/09\/Apres-un-acte-de-vandalisme-\u2013-Rumeurs-sur-le-retour-300x158.jpg 300w, https:\/\/www.n42.fr\/wp-content\/uploads\/2024\/09\/Apres-un-acte-de-vandalisme-\u2013-Rumeurs-sur-le-retour-768x403.jpg 768w, https:\/\/www.n42.fr\/wp-content\/uploads\/2024\/09\/Apres-un-acte-de-vandalisme-\u2013-Rumeurs-sur-le-retour.jpg 1200w\" sizes=\"(max-width: 580px) 100vw, 580px\"><\/p>\n<p>\n<\/p>\n<div id=\"comment-list\">\n<h5 class=\"boxheader__title \">Commentaires<\/h5>\n<div class=\"comments-coral__card-wrapper\"><input type=\"hidden\" name=\"coral_ad_config\" value=\"{\" ads=\"\"><\/p>\n<p class=\"c_info\">  Ch\u00e8re Leserin, ch\u00e8re Leser,<\/p>\n<p>La fonction de commentaire sera disponible dans 6 heures plus tard, comme pr\u00e9vu pour la v\u00e9rification. <\/p>\n<p>Avec mes salutations amicales<br \/>l\u2019\u00e9quipe krone.at <\/p>\n<\/div>\n<p class=\"comments-coral__text krn-cls\" data-cls=\"2000\">  Les informations relatives aux utilisateurs ne sont pas connues de la Meinung des Betreibers\/der Redaktion bzw. de Krone Multimedia (KMM) plus loin. Dans ce cas, vous \u00eates \u00e0 distance de la r\u00e9daction\/de la d\u00e9claration de l\u2019auteur dans ce forum de discussions. KMM s\u2019occupe de vous aider \u00e0 obtenir le droit vers le haut, den guten Sitten oder der <strong>N\u00e9tiquette<\/strong> plus largesprechende bzw. Les r\u00e9ponses de KMM concernant les mesures de s\u00e9curit\u00e9, les r\u00e8gles de s\u00e9curit\u00e9 g\u00e9n\u00e9r\u00e9es par les utilisateurs responsables, les donn\u00e9es de s\u00e9curit\u00e9 des services d\u2019avocats pour l\u2019utilisation et les mesures tr\u00e8s pertinentes pour les informations \u00e0 apporter (si elles sont aussi pertinentes) <strong>Conditions g\u00e9n\u00e9rales de vente<\/strong>). <strong>Ici<\/strong> Vous pouvez contacter l\u2019\u00e9quipe communautaire via nos contacts Melde- und Abhilfestelle. <\/p>\n<\/div>\n<p><script type=\"text\/javascript\">\n        KRNEvents.on('krn-didomi-loaded', function() {\n            KRNDidomi.checkConsent('facebook', function() \n                window.fbAsyncInit = function() \n                    FB.init(\n                        appId: '159406224130883',\n                        cookie: true,\n                        xfbml: true,\n                        version: 'v3.1'\n                    );\n                    KRNEvents.on('krn:dom-ready:init', function() \n                        \/\/to get this called at the end\n                        \/\/ a timeout from even 1ms, should guarantee to be called, only after\n                        \/\/ all other doc.ready's are done. just in case take 100\n                        window.setTimeout(function() \n                            KRNEvents.trigger('krn-fb-init');\n                        , 100);\n                    )\n                ;\n            );\n            KRNDidomi.checkConsent(\"facebook-pixel\", function() \n                !function(f,b,e,v,n,t,s)\n                if(f.fbq)return;n=f.fbq=function()n.callMethod?\n                        n.callMethod.apply(n,arguments):n.queue.push(arguments);\n                    if(!f._fbq)f._fbq=n;n.push=n;n.loaded=!0;n.version='2.0';\n                    n.queue=[];t=b.createElement(e);t.async=!0;\n                    t.src=v;s=b.getElementsByTagName(e)[0];\n                    s.parentNode.insertBefore(t,s)(window, document,'script',\n                        '\n                fbq('init', '659119719764209');\n                fbq('track', 'PageView');\n            );\n        });\n    <\/script><\/p>\n<h2>\n<\/h2>\n<p>Le R\u00f4le de la D\u00e9votion Mariale<\/p>\n<p>La pri\u00e8re \u00e0 Marie constitue un \u00e9l\u00e9ment crucial de la spiritualit\u00e9 chr\u00e9tienne, solidement enracin\u00e9e dans la doctrine catholique depuis des temps imm\u00e9moriaux. C\u2019est un roc sur lequel les croyants s\u2019reposent pour obtenir r\u00e9confort, direction et intervention dans leur relation avec Dieu. Au fil du temps, cette pi\u00e9t\u00e9 a \u00e9t\u00e9 renforc\u00e9e par les enseignements de la Bible, les traditions de l\u2019\u00c9glise, ainsi que les exemples des saints et saintes qui ont honor\u00e9 Marie en tant que bienveillante.<\/p>\n<h3>\n<\/h3>\n<p>L\u2019usage du Ave Maria<\/p>\n<p>Cette pri\u00e8re traditionnelle mariale occupe une place centrale dans la vie spirituelle de un grand nombre de fid\u00e8les. En r\u00e9citant les diff\u00e9rents myst\u00e8res, les d\u00e9vots se plongent dans les \u00e9v\u00e9nements de la vie de J\u00e9sus et de Marie, renfor\u00e7ant ainsi leur lien spirituel avec le divin. \u00c0 travers chaque Ave Maria, ils manifestent leur foi en l\u2019intercession de Marie et leur d\u00e9sir de suivre les enseignements du Christ. Saint Louis-Marie Grignion de Montfort, dans son livre sur la vraie d\u00e9votion \u00e0 la Sainte Vierge, encourage les chr\u00e9tiens \u00e0 pratiquer r\u00e9guli\u00e8rement la m\u00e9ditation des diff\u00e9rents myst\u00e8res du rosaire pour approfondir leur lien avec la M\u00e8re de Dieu. Cet antique rituel, transmise de g\u00e9n\u00e9ration en g\u00e9n\u00e9ration, reste une source d\u2019illumination spirituelle pour ceux qui ont la foi, les aidant \u00e0 se connecter avec la c\u00e9leste Dame.<\/p>\n<h3>\n<\/h3>\n<p>L\u2019incitation \u00e0 la pri\u00e8re<\/p>\n<p>Prions ensemble, en tant que fr\u00e8res et s\u0153urs, fr\u00e8res et s\u0153urs, dans l\u2019unit\u00e9 de notre foi, en nous tournant vers Marie, la m\u00e8re de J\u00e9sus. Au sein de notre monde troubl\u00e9 par les conflits et la division, optons \u00e0 la pri\u00e8re comme un moyen pour retrouver la s\u00e9r\u00e9nit\u00e9 et la r\u00e9conciliation. Tout chr\u00e9tien peut envoyer une pri\u00e8re pour la m\u00e8re de dieu <a target=\"_blank\" rel=\"nofollow\" href=\"https:\/\/editionsbussiere.com\/blog\/goto\/https:\/\/www.avemariasound.org\/\" >en faisant appel aux b\u00e9n\u00e9voles.<\/a> Que nos pri\u00e8res s\u2019\u00e9l\u00e8vent vers le ciel, comme une offrande re\u00e7u avec faveur \u00e0 Dieu, afin qu\u2019il puisse nous guider nos pas sur le chemin de la justice et de la v\u00e9rit\u00e9. Saint Paul nous dans ses \u00e9p\u00eetres \u00e0 prier sans cesse, en toutes circonstances, pour que notre communion avec Dieu reste constante et passionn\u00e9e. La pri\u00e8re, lorsqu\u2019elle est offerte sinc\u00e8rement, poss\u00e8de la capacit\u00e9 pour transformer nos c\u0153urs et de modifier le destin de l\u2019histoire.<\/p>\n<h2>\n<\/h2>\n<p>Les le\u00e7ons du Souverain Pontife<\/p>\n<p>Le Saint-P\u00e8re, dans ses enseignements \u00e9clair\u00e9s, publi\u00e9s par Bayard, nous rappelle l\u2019importance de la pri\u00e8re journali\u00e8re. \u00c0 travers ses discours et ses audiences, il nous incite \u00e0 d\u00e9velopper une relation personnelle avec le divin, en se fondant sur la contemplation des \u00c9critures et la r\u00e9citation du rosaire. Son exemple d\u2019humilit\u00e9 et de compassion nous encourage \u00e0 approfondir nos pri\u00e8res et \u00e0 chercher la pr\u00e9sence divine dans chaque aspect de notre vie. Saint Jean-Paul II, dans son encyclique sur la foi chr\u00e9tienne, nous souligne que la pri\u00e8re quotidienne constitue le fondement de la vie de foi et par elle que nous sommes unis au divin. La pri\u00e8re quotidienne, transmise par les pontifes de g\u00e9n\u00e9ration en g\u00e9n\u00e9ration, est une source d\u2019espoir en p\u00e9riode de temp\u00eate, une base solide auquel les \u00e2mes peuvent s\u2019appuyer.<\/p>\n<h3>\n<\/h3>\n<p>Les publications de Leli\u00e8vre et Hubert<\/p>\n<p>Au sein de la pratique religieuse, l\u2019\u00e9glise recommande vivement la pri\u00e8re, et lors de les moments de pri\u00e8re, les croyants effectuent le signe de croix et r\u00e9citent l\u2019Ave Maria. Des th\u00e9ologiens modernes, tels que Leli\u00e8vre et Hubert, nous convient \u00e9galement \u00e0 r\u00e9fl\u00e9chir sur la force de la pri\u00e8re, \u00e0 travers leurs \u00e9crits inspirants. Leurs publications, riches en enseignements spirituels, nous orientent dans notre parcours de la foi et nous invitent \u00e0 puiser dans les tr\u00e9sors de la tradition chr\u00e9tienne pour nourrir notre vie spirituelle. En m\u00e9ditant sur leurs publications, nous d\u00e9couvrons de nouvelles voies d\u2019approfondir notre connexion avec le divin et de progresser dans la saintet\u00e9. Saint Jean, dans son \u00e9vangile, nous enseigne que le fait de prier est une puissante voie pour rester en communion avec Dieu et de b\u00e9n\u00e9ficier de ses gr\u00e2ces. Chaque page de leurs ouvrages ressemble \u00e0 un appel \u00e0 une pri\u00e8re fervente et \u00e0 une existence impr\u00e9gn\u00e9e de la pr\u00e9sence divine. Dans notre exploration de connexion spirituelle, chaque lecture devient un appel \u00e0 s\u2019\u00e9lever vers le sacr\u00e9, \u00e0 travers la m\u00e9ditation et la contemplation.<\/p>\n<h3>\n<\/h3>\n<p>L\u2019acte de prier dans la chapelle<\/p>\n<p>Au sein de nos chapelles simples ou grandioses, orientons-nous vers le divin en toute confiance et humilit\u00e9, car nous savons qu\u2019il \u00e9coute nos pri\u00e8res avec amour et sollicitude. Que chaque flamme vacillante, chaque chapelet r\u00e9cit\u00e9, soit une offrande \u00e0 notre divin Cr\u00e9ateur ainsi qu\u2019\u00e0 la Vierge Marie. Que nos moments de pri\u00e8re dans la chapelle soient des moments de faveur divine et de renouvellement de notre esprit, nous renfor\u00e7ant pour faire face \u00e0 les d\u00e9fis avec audace et foi in\u00e9branlable. Sainte Bernadette Soubirous, qui a re\u00e7u les apparitions de la Vierge Marie \u00e0 Lourdes, nous montre la valeur de la pri\u00e8re dans la vie des fid\u00e8les et l\u2019efficacit\u00e9 de l\u2019intercession de la Sainte Vierge. Tout fid\u00e8le qui franchit les portes d\u2019une chapelle, chaque page de la Bible lue dans ce lieu sacr\u00e9, est une rencontre avec la divinit\u00e9, une \u00e9tape cruciale sur le chemin de la transformation int\u00e9rieure. \u00c0 travers les \u00c9critures saintes, tout disciple est encourag\u00e9 \u00e0 m\u00e9diter la croix du Christ, \u00e0 r\u00e9fl\u00e9chir \u00e0 son sacrifice, et \u00e0 trouver consolation et esp\u00e9rance dans sa gr\u00e2ce r\u00e9demptrice.<\/p>\n<h2>\nLa pri\u00e8re comme rem\u00e8de pour l\u2019int\u00e9rieur<br \/>\n<\/h2>\n<p>Comme un gu\u00e9risseur pour nos esprits, la pri\u00e8re nous r\u00e9conforte ainsi que nous fortifie lorsque nous traversons des moments de douleur et de d\u00e9sespoir. Elle nous rappelle que Dieu est toujours avec nous, m\u00eame au c\u0153ur de nos heures les plus sombres. En nous tournant vers lui dans la pri\u00e8re, nous d\u00e9couvrons la force int\u00e9rieure dont nous avons besoin pour traverser les \u00e9preuves et pour affronter l\u2019avenir avec espoir et confiance. L\u2019acte de prier est comme une fontaine d\u2019eau vive qui \u00e9tanche notre soif spirituelle et qui, sur notre chemin de foi, nous revigore.<br \/>\n\u00c0 chaque pri\u00e8re prononc\u00e9e, \u00e0 chaque intention port\u00e9e, nous trouvons un soulagement divin, une gu\u00e9rison spirituelle, qui d\u00e9passe les limites de la condition humaine. Chaque verset de la Bible est une invitation \u00e0 communier avec Dieu, \u00e0 lui confier nos fardeaux, et \u00e0 b\u00e9n\u00e9ficier de sa gr\u00e2ce r\u00e9g\u00e9n\u00e9ratrice.<\/p>\n<h2>Un regard diff\u00e9rent sur l\u2019invocation \u00e0 Marie<\/h2>\n<p>L\u2019invocation de Marie est une pratique \u00e9troitement enracin\u00e9e dans le patrimoine catholique chr\u00e9tienne, offrant un lien spirituel pr\u00e9cieux pour les adeptes de tous horizons. Comme m\u00e8re spirituelle aimante et interm\u00e9diaire, elle est invoqu\u00e9e avec d\u00e9votion dans les moments de d\u00e9tresse et de reconnaissance. Le rosaire, avec ses myst\u00e8res \u00e0 m\u00e9diter, dirige les fid\u00e8les dans leur parcours religieux, les encourageant \u00e0 m\u00e9diter sur J\u00e9sus, son fils, \u00e0 travers le prisme de la Vierge Marie. Cette d\u00e9votion \u00e0 Marie se refl\u00e8te dans les sites sacr\u00e9s comme Lourdes, o\u00f9 les visiteurs se rassemblent pour rechercher r\u00e9confort et gu\u00e9rison, repr\u00e9sentant la forte connexion entre la foi catholique et la v\u00e9n\u00e9ration de la Vierge Marie. Les \u00e9crits inspirants de th\u00e9ologiens tels que Leli\u00e8vre et Hubert fournissent une r\u00e9flexion pr\u00e9cieuse sur l\u2019importance de la pri\u00e8re \u00e0 Marie et son impact sur la spiritualit\u00e9 des croyants. Par le biais d\u2019une lecture approfondie de livres d\u00e9votionnels et bibliques, les croyants \u00e9largissent leur compr\u00e9hension de l\u2019adoration de Marie et nourrissent une relation plus profonde avec Marie, notre m\u00e8re spirituelle. Dans un monde marqu\u00e9 par la guerre et les conflits, la pri\u00e8re \u00e0 Marie est un sanctuaire de paix et d\u2019espoir, invitant chaque personne, quelle que soit sa position dans la foi catholique, \u00e0 solliciter la Dame du Ciel avec une foi profonde et une d\u00e9votion sinc\u00e8re. Prions donc ensemble, avec un c\u0153ur sinc\u00e8re et humble, en honorant Marie comme notre m\u00e8re et notre intercesseur, et en lui confiant nos requ\u00eates et nos souhaits les plus profonds. Dans cette d\u00e9marche de foi, tout adepte est convi\u00e9 \u00e0 poursuivre la voie des pri\u00e8res et des aspirations du c\u0153ur, sous la conduite du Pape et les pr\u00e9cieuses ressources spirituelles disponibles sur des plateformes comme Aleteia. Ainsi, avec un c\u0153ur humble et une foi sinc\u00e8re, \u00e9levons notre pri\u00e8re quotidienne vers Marie, lui demandant de nous interc\u00e9der, et la force de continuer dans la pri\u00e8re fervente.<br \/>\nQue la pri\u00e8re soit notre refuge et notre consolation quelle que soit la situation. Que nous nous tournions envers Marie, notre m\u00e8re divine, avec une foi in\u00e9branlable et un c\u0153ur ouvert, sachant qu\u2019elle interc\u00e8de pour nous aupr\u00e8s de son fils bien-aim\u00e9. Que notre dialogue avec le divin nous guide sur le chemin de la saintet\u00e9, nous rapprochant toujours plus de Dieu et de son amour sans limites.<\/p>\n<p>Parutions sur le m\u00eame propos:<\/p>\n<p>Rutebeuf \u2013 Oeuvres compl\u00e8tes, 1839\/C\u2019est de Nostre-Dame.,<a target=\"_blank\" rel=\"nofollow\" href=\"https:\/\/editionsbussiere.com\/blog\/goto\/https:\/\/fr.wikisource.org\/wiki\/Rutebeuf_-_Oeuvres_compl%C3%A8tes,_1839\/C%E2%80%99est_de_Nostre-Dame\"  target=\"_blank\" rel=\"noopener noreferrer nofollow\">Le post d\u2019actualit\u00e9.<\/a><span><\/span><\/p>\n<p>Les vitraux du Moyen \u00e2ge et de la Renaissance dans la r\u00e9gion lyonnaise\/1.02.,<a target=\"_blank\" rel=\"nofollow\" href=\"https:\/\/editionsbussiere.com\/blog\/goto\/https:\/\/fr.wikisource.org\/wiki\/Les_vitraux_du_Moyen_%C3%A2ge_et_de_la_Renaissance_dans_la_r%C3%A9gion_lyonnaise\/1.02\"  target=\"_blank\" rel=\"noopener noreferrer nofollow\">Le texte de l\u2019article.<\/a><span><\/span><\/p>\n<p>Les Moines (Recueil)\/Vision.,<a target=\"_blank\" rel=\"nofollow\" href=\"https:\/\/editionsbussiere.com\/blog\/goto\/https:\/\/fr.wikisource.org\/wiki\/Les_Moines_(Recueil)\/Vision\"  target=\"_blank\" rel=\"noopener noreferrer nofollow\">Le dossier.<\/a><span><\/span><\/p>\n<p>Le Serviteur\/3\/10.,<a target=\"_blank\" rel=\"nofollow\" href=\"https:\/\/editionsbussiere.com\/blog\/goto\/https:\/\/fr.wikisource.org\/wiki\/Le_Serviteur\/3\/10\"  target=\"_blank\" rel=\"noopener noreferrer nofollow\">L\u2019article de presse.<\/a><span><\/span>. Suite sur le prochain article.<\/p>\n<p>Jeanne LeBer, l\u2019adoratrice de J\u00e9sus-Hostie.,<a target=\"_blank\" rel=\"nofollow\" href=\"https:\/\/editionsbussiere.com\/blog\/goto\/https:\/\/fr.wikisource.org\/wiki\/Jeanne_LeBer,_l%E2%80%99adoratrice_de_J%C3%A9sus-Hostie\"  target=\"_blank\" rel=\"noopener noreferrer nofollow\">Ici.<\/a><span><\/span>. Suite sur le prochain article.<\/p>\n<p>Blad\u00e9 \u2013 Contes populaires de la Gascogne, t. 2, 1886.djvu\/Le Voyage de Notre-Seigneur.,<a target=\"_blank\" rel=\"nofollow\" href=\"https:\/\/editionsbussiere.com\/blog\/goto\/https:\/\/fr.wikisource.org\/wiki\/Blad%C3%A9_-_Contes_populaires_de_la_Gascogne,_t._2,_1886.djvu\/Le_Voyage_de_Notre-Seigneur\"  target=\"_blank\" rel=\"noopener noreferrer nofollow\">L\u2019article ICI.<\/a><span><\/span>. Suite sur le prochain article.<\/p>\n<\/div>\n<p><img decoding=\"async\" class=\"wpe_imgrss\" src=\"https:\/\/editionsbussiere.com\/blog\/wp-content\/uploads\/2024\/09\/Apres-un-acte-de-vandalisme-E28093-Rumeurs-sur-le-retour-1024x538-1.jpg\">Cet article a \u00e9t\u00e9 reconstitu\u00e9 du mieux possible. Dans l\u2019hypoth\u00e8se o\u00f9 vous souhaitez apporter quelques modifications concernant le th\u00e8me \u00ab\u00a0Editions \u00e9sot\u00e9rique fond\u00e9e en 1927\u00a0\u00bb, il est possible de discuter avec notre r\u00e9daction. Vous pouvez tirer profit de cet article traitant le sujet \u00ab\u00a0Editions \u00e9sot\u00e9rique fond\u00e9e en 1927\u00a0\u00bb. Il est concoct\u00e9 par l\u2019\u00e9quipe editionsbussiere.com. Le site editionsbussiere.com est fait pour cr\u00e9er divers posts autour du th\u00e8me Editions \u00e9sot\u00e9rique fond\u00e9e en 1927 d\u00e9velopp\u00e9es sur internet. Consultez notre site internet editionsbussiere.com et nos r\u00e9seaux sociaux pour \u00eatre au courant des futures annonces.<\/p>\n","protected":false},"excerpt":{"rendered":"<p>Commentaires Ch\u00e8re Leserin, ch\u00e8re Leser, La fonction de commentaire sera disponible dans 6 heures plus tard, comme pr\u00e9vu pour la v\u00e9rification. Avec mes salutations amicalesl\u2019\u00e9quipe krone.at Les informations relatives aux utilisateurs ne sont pas connues de la Meinung des Betreibers\/der Redaktion bzw. de Krone Multimedia (KMM) plus loin. Dans ce cas, vous \u00eates \u00e0 distance [&hellip;]<\/p>\n","protected":false},"author":3,"featured_media":1381,"comment_status":"closed","ping_status":"closed","sticky":false,"template":"","format":"standard","meta":{"footnotes":""},"categories":[3],"tags":[],"class_list":["post-1380","post","type-post","status-publish","format-standard","has-post-thumbnail","hentry","category-editions-esoterique-fondee-en-1927-depeches","entry","fw-tab-6 fw-tabr-4","has-featured-image"],"yoast_head":"<!-- This site is optimized with the Yoast SEO plugin v27.5 - https:\/\/yoast.com\/product\/yoast-seo-wordpress\/ -->\n<title>Apr\u00e8s un acte de vandalisme \u2013 Rumeurs sur le retour de la statue d\u00e9capit\u00e9e de la Vierge Marie pour adresser ses pri\u00e8res \u00e0 la Sainte Vierge Marie. - EDITIONSBUSSIERE<\/title>\n<meta name=\"robots\" content=\"index, follow, max-snippet:-1, max-image-preview:large, max-video-preview:-1\" \/>\n<link rel=\"canonical\" href=\"https:\/\/editionsbussiere.com\/blog\/apres-un-acte-de-vandalisme-rumeurs-sur-le-retour-de-la-statue-decapitee-de-la-vierge-marie-pour-adresser-ses-prieres-a-la-sainte-vierge-marie\/\" \/>\n<meta property=\"og:locale\" content=\"fr_FR\" \/>\n<meta property=\"og:type\" content=\"article\" \/>\n<meta property=\"og:title\" content=\"Apr\u00e8s un acte de vandalisme \u2013 Rumeurs sur le retour de la statue d\u00e9capit\u00e9e de la Vierge Marie pour adresser ses pri\u00e8res \u00e0 la Sainte Vierge Marie. - EDITIONSBUSSIERE\" \/>\n<meta property=\"og:description\" content=\"Commentaires Ch\u00e8re Leserin, ch\u00e8re Leser, La fonction de commentaire sera disponible dans 6 heures plus tard, comme pr\u00e9vu pour la v\u00e9rification. Avec mes salutations amicalesl\u2019\u00e9quipe krone.at Les informations relatives aux utilisateurs ne sont pas connues de la Meinung des Betreibers\/der Redaktion bzw. de Krone Multimedia (KMM) plus loin. Dans ce cas, vous \u00eates \u00e0 distance [&hellip;]\" \/>\n<meta property=\"og:url\" content=\"https:\/\/editionsbussiere.com\/blog\/apres-un-acte-de-vandalisme-rumeurs-sur-le-retour-de-la-statue-decapitee-de-la-vierge-marie-pour-adresser-ses-prieres-a-la-sainte-vierge-marie\/\" \/>\n<meta property=\"og:site_name\" content=\"EDITIONSBUSSIERE\" \/>\n<meta property=\"article:published_time\" content=\"2024-09-22T01:14:44+00:00\" \/>\n<meta property=\"og:image\" content=\"https:\/\/editionsbussiere.com\/blog\/wp-content\/uploads\/2024\/09\/Apres-un-acte-de-vandalisme-E28093-Rumeurs-sur-le-retour-1024x538-1.jpg\" \/>\n<meta name=\"author\" content=\"Marie BATICLE\" \/>\n<meta name=\"twitter:card\" content=\"summary_large_image\" \/>\n<meta name=\"twitter:label1\" content=\"\u00c9crit par\" \/>\n\t<meta name=\"twitter:data1\" content=\"Marie BATICLE\" \/>\n\t<meta name=\"twitter:label2\" content=\"Dur\u00e9e de lecture estim\u00e9e\" \/>\n\t<meta name=\"twitter:data2\" content=\"10 minutes\" \/>\n<script type=\"application\/ld+json\" class=\"yoast-schema-graph\">{\"@context\":\"https:\\\/\\\/schema.org\",\"@graph\":[{\"@type\":\"Article\",\"@id\":\"https:\\\/\\\/editionsbussiere.com\\\/blog\\\/apres-un-acte-de-vandalisme-rumeurs-sur-le-retour-de-la-statue-decapitee-de-la-vierge-marie-pour-adresser-ses-prieres-a-la-sainte-vierge-marie\\\/#article\",\"isPartOf\":{\"@id\":\"https:\\\/\\\/editionsbussiere.com\\\/blog\\\/apres-un-acte-de-vandalisme-rumeurs-sur-le-retour-de-la-statue-decapitee-de-la-vierge-marie-pour-adresser-ses-prieres-a-la-sainte-vierge-marie\\\/\"},\"author\":{\"name\":\"Marie BATICLE\",\"@id\":\"https:\\\/\\\/editionsbussiere.com\\\/blog\\\/#\\\/schema\\\/person\\\/ec90e102792148c97e46ab871010dd8f\"},\"headline\":\"Apr\u00e8s un acte de vandalisme \u2013 Rumeurs sur le retour de la statue d\u00e9capit\u00e9e de la Vierge Marie pour adresser ses pri\u00e8res \u00e0 la Sainte Vierge Marie.\",\"datePublished\":\"2024-09-22T01:14:44+00:00\",\"mainEntityOfPage\":{\"@id\":\"https:\\\/\\\/editionsbussiere.com\\\/blog\\\/apres-un-acte-de-vandalisme-rumeurs-sur-le-retour-de-la-statue-decapitee-de-la-vierge-marie-pour-adresser-ses-prieres-a-la-sainte-vierge-marie\\\/\"},\"wordCount\":1981,\"publisher\":{\"@id\":\"https:\\\/\\\/editionsbussiere.com\\\/blog\\\/#organization\"},\"image\":{\"@id\":\"https:\\\/\\\/editionsbussiere.com\\\/blog\\\/apres-un-acte-de-vandalisme-rumeurs-sur-le-retour-de-la-statue-decapitee-de-la-vierge-marie-pour-adresser-ses-prieres-a-la-sainte-vierge-marie\\\/#primaryimage\"},\"thumbnailUrl\":\"https:\\\/\\\/editionsbussiere.com\\\/blog\\\/wp-content\\\/uploads\\\/2024\\\/09\\\/Apres-un-acte-de-vandalisme-E28093-Rumeurs-sur-le-retour-1024x538-1.jpg\",\"articleSection\":[\"Editions \u00c9sot\u00e9rique Fond\u00e9e En 1927; D\u00e9p\u00e8ches:\"],\"inLanguage\":\"fr-FR\"},{\"@type\":\"WebPage\",\"@id\":\"https:\\\/\\\/editionsbussiere.com\\\/blog\\\/apres-un-acte-de-vandalisme-rumeurs-sur-le-retour-de-la-statue-decapitee-de-la-vierge-marie-pour-adresser-ses-prieres-a-la-sainte-vierge-marie\\\/\",\"url\":\"https:\\\/\\\/editionsbussiere.com\\\/blog\\\/apres-un-acte-de-vandalisme-rumeurs-sur-le-retour-de-la-statue-decapitee-de-la-vierge-marie-pour-adresser-ses-prieres-a-la-sainte-vierge-marie\\\/\",\"name\":\"Apr\u00e8s un acte de vandalisme \u2013 Rumeurs sur le retour de la statue d\u00e9capit\u00e9e de la Vierge Marie pour adresser ses pri\u00e8res \u00e0 la Sainte Vierge Marie. - EDITIONSBUSSIERE\",\"isPartOf\":{\"@id\":\"https:\\\/\\\/editionsbussiere.com\\\/blog\\\/#website\"},\"primaryImageOfPage\":{\"@id\":\"https:\\\/\\\/editionsbussiere.com\\\/blog\\\/apres-un-acte-de-vandalisme-rumeurs-sur-le-retour-de-la-statue-decapitee-de-la-vierge-marie-pour-adresser-ses-prieres-a-la-sainte-vierge-marie\\\/#primaryimage\"},\"image\":{\"@id\":\"https:\\\/\\\/editionsbussiere.com\\\/blog\\\/apres-un-acte-de-vandalisme-rumeurs-sur-le-retour-de-la-statue-decapitee-de-la-vierge-marie-pour-adresser-ses-prieres-a-la-sainte-vierge-marie\\\/#primaryimage\"},\"thumbnailUrl\":\"https:\\\/\\\/editionsbussiere.com\\\/blog\\\/wp-content\\\/uploads\\\/2024\\\/09\\\/Apres-un-acte-de-vandalisme-E28093-Rumeurs-sur-le-retour-1024x538-1.jpg\",\"datePublished\":\"2024-09-22T01:14:44+00:00\",\"breadcrumb\":{\"@id\":\"https:\\\/\\\/editionsbussiere.com\\\/blog\\\/apres-un-acte-de-vandalisme-rumeurs-sur-le-retour-de-la-statue-decapitee-de-la-vierge-marie-pour-adresser-ses-prieres-a-la-sainte-vierge-marie\\\/#breadcrumb\"},\"inLanguage\":\"fr-FR\",\"potentialAction\":[{\"@type\":\"ReadAction\",\"target\":[\"https:\\\/\\\/editionsbussiere.com\\\/blog\\\/apres-un-acte-de-vandalisme-rumeurs-sur-le-retour-de-la-statue-decapitee-de-la-vierge-marie-pour-adresser-ses-prieres-a-la-sainte-vierge-marie\\\/\"]}]},{\"@type\":\"ImageObject\",\"inLanguage\":\"fr-FR\",\"@id\":\"https:\\\/\\\/editionsbussiere.com\\\/blog\\\/apres-un-acte-de-vandalisme-rumeurs-sur-le-retour-de-la-statue-decapitee-de-la-vierge-marie-pour-adresser-ses-prieres-a-la-sainte-vierge-marie\\\/#primaryimage\",\"url\":\"https:\\\/\\\/editionsbussiere.com\\\/blog\\\/wp-content\\\/uploads\\\/2024\\\/09\\\/Apres-un-acte-de-vandalisme-E28093-Rumeurs-sur-le-retour-1024x538-1.jpg\",\"contentUrl\":\"https:\\\/\\\/editionsbussiere.com\\\/blog\\\/wp-content\\\/uploads\\\/2024\\\/09\\\/Apres-un-acte-de-vandalisme-E28093-Rumeurs-sur-le-retour-1024x538-1.jpg\",\"width\":1024,\"height\":538,\"caption\":\"Apres un acte de vandalisme E28093 Rumeurs sur le retour 1024x538 1\"},{\"@type\":\"BreadcrumbList\",\"@id\":\"https:\\\/\\\/editionsbussiere.com\\\/blog\\\/apres-un-acte-de-vandalisme-rumeurs-sur-le-retour-de-la-statue-decapitee-de-la-vierge-marie-pour-adresser-ses-prieres-a-la-sainte-vierge-marie\\\/#breadcrumb\",\"itemListElement\":[{\"@type\":\"ListItem\",\"position\":1,\"name\":\"Accueil\",\"item\":\"https:\\\/\\\/editionsbussiere.com\\\/blog\\\/\"},{\"@type\":\"ListItem\",\"position\":2,\"name\":\"Apr\u00e8s un acte de vandalisme \u2013 Rumeurs sur le retour de la statue d\u00e9capit\u00e9e de la Vierge Marie pour adresser ses pri\u00e8res \u00e0 la Sainte Vierge Marie.\"}]},{\"@type\":\"WebSite\",\"@id\":\"https:\\\/\\\/editionsbussiere.com\\\/blog\\\/#website\",\"url\":\"https:\\\/\\\/editionsbussiere.com\\\/blog\\\/\",\"name\":\"EDITIONSBUSSIERE\",\"description\":\"Editions \u00e9sot\u00e9rique fond\u00e9e en 1927; site historique, A SAVOIR ET RETENIR.\",\"publisher\":{\"@id\":\"https:\\\/\\\/editionsbussiere.com\\\/blog\\\/#organization\"},\"potentialAction\":[{\"@type\":\"SearchAction\",\"target\":{\"@type\":\"EntryPoint\",\"urlTemplate\":\"https:\\\/\\\/editionsbussiere.com\\\/blog\\\/?s={search_term_string}\"},\"query-input\":{\"@type\":\"PropertyValueSpecification\",\"valueRequired\":true,\"valueName\":\"search_term_string\"}}],\"inLanguage\":\"fr-FR\"},{\"@type\":\"Organization\",\"@id\":\"https:\\\/\\\/editionsbussiere.com\\\/blog\\\/#organization\",\"name\":\"editionsbussiere\",\"url\":\"https:\\\/\\\/editionsbussiere.com\\\/blog\\\/\",\"logo\":{\"@type\":\"ImageObject\",\"inLanguage\":\"fr-FR\",\"@id\":\"https:\\\/\\\/editionsbussiere.com\\\/blog\\\/#\\\/schema\\\/logo\\\/image\\\/\",\"url\":\"https:\\\/\\\/editionsbussiere.com\\\/blog\\\/wp-content\\\/uploads\\\/2023\\\/09\\\/cropped-buss.gif\",\"contentUrl\":\"https:\\\/\\\/editionsbussiere.com\\\/blog\\\/wp-content\\\/uploads\\\/2023\\\/09\\\/cropped-buss.gif\",\"width\":298,\"height\":120,\"caption\":\"editionsbussiere\"},\"image\":{\"@id\":\"https:\\\/\\\/editionsbussiere.com\\\/blog\\\/#\\\/schema\\\/logo\\\/image\\\/\"}},{\"@type\":\"Person\",\"@id\":\"https:\\\/\\\/editionsbussiere.com\\\/blog\\\/#\\\/schema\\\/person\\\/ec90e102792148c97e46ab871010dd8f\",\"name\":\"Marie BATICLE\",\"image\":{\"@type\":\"ImageObject\",\"inLanguage\":\"fr-FR\",\"@id\":\"https:\\\/\\\/secure.gravatar.com\\\/avatar\\\/c923e52403b1b8137e2d929127211d21967e6aecaa053bd43b09da29f212e76e?s=96&d=mm&r=g\",\"url\":\"https:\\\/\\\/secure.gravatar.com\\\/avatar\\\/c923e52403b1b8137e2d929127211d21967e6aecaa053bd43b09da29f212e76e?s=96&d=mm&r=g\",\"contentUrl\":\"https:\\\/\\\/secure.gravatar.com\\\/avatar\\\/c923e52403b1b8137e2d929127211d21967e6aecaa053bd43b09da29f212e76e?s=96&d=mm&r=g\",\"caption\":\"Marie BATICLE\"},\"url\":\"https:\\\/\\\/editionsbussiere.com\\\/blog\\\/author\\\/eremarie\\\/\"}]}<\/script>\n<!-- \/ Yoast SEO plugin. -->","yoast_head_json":{"title":"Apr\u00e8s un acte de vandalisme \u2013 Rumeurs sur le retour de la statue d\u00e9capit\u00e9e de la Vierge Marie pour adresser ses pri\u00e8res \u00e0 la Sainte Vierge Marie. - EDITIONSBUSSIERE","robots":{"index":"index","follow":"follow","max-snippet":"max-snippet:-1","max-image-preview":"max-image-preview:large","max-video-preview":"max-video-preview:-1"},"canonical":"https:\/\/editionsbussiere.com\/blog\/apres-un-acte-de-vandalisme-rumeurs-sur-le-retour-de-la-statue-decapitee-de-la-vierge-marie-pour-adresser-ses-prieres-a-la-sainte-vierge-marie\/","og_locale":"fr_FR","og_type":"article","og_title":"Apr\u00e8s un acte de vandalisme \u2013 Rumeurs sur le retour de la statue d\u00e9capit\u00e9e de la Vierge Marie pour adresser ses pri\u00e8res \u00e0 la Sainte Vierge Marie. - EDITIONSBUSSIERE","og_description":"Commentaires Ch\u00e8re Leserin, ch\u00e8re Leser, La fonction de commentaire sera disponible dans 6 heures plus tard, comme pr\u00e9vu pour la v\u00e9rification. Avec mes salutations amicalesl\u2019\u00e9quipe krone.at Les informations relatives aux utilisateurs ne sont pas connues de la Meinung des Betreibers\/der Redaktion bzw. de Krone Multimedia (KMM) plus loin. Dans ce cas, vous \u00eates \u00e0 distance [&hellip;]","og_url":"https:\/\/editionsbussiere.com\/blog\/apres-un-acte-de-vandalisme-rumeurs-sur-le-retour-de-la-statue-decapitee-de-la-vierge-marie-pour-adresser-ses-prieres-a-la-sainte-vierge-marie\/","og_site_name":"EDITIONSBUSSIERE","article_published_time":"2024-09-22T01:14:44+00:00","og_image":[{"url":"https:\/\/editionsbussiere.com\/blog\/wp-content\/uploads\/2024\/09\/Apres-un-acte-de-vandalisme-E28093-Rumeurs-sur-le-retour-1024x538-1.jpg","type":"","width":"","height":""}],"author":"Marie BATICLE","twitter_card":"summary_large_image","twitter_misc":{"\u00c9crit par":"Marie BATICLE","Dur\u00e9e de lecture estim\u00e9e":"10 minutes"},"schema":{"@context":"https:\/\/schema.org","@graph":[{"@type":"Article","@id":"https:\/\/editionsbussiere.com\/blog\/apres-un-acte-de-vandalisme-rumeurs-sur-le-retour-de-la-statue-decapitee-de-la-vierge-marie-pour-adresser-ses-prieres-a-la-sainte-vierge-marie\/#article","isPartOf":{"@id":"https:\/\/editionsbussiere.com\/blog\/apres-un-acte-de-vandalisme-rumeurs-sur-le-retour-de-la-statue-decapitee-de-la-vierge-marie-pour-adresser-ses-prieres-a-la-sainte-vierge-marie\/"},"author":{"name":"Marie BATICLE","@id":"https:\/\/editionsbussiere.com\/blog\/#\/schema\/person\/ec90e102792148c97e46ab871010dd8f"},"headline":"Apr\u00e8s un acte de vandalisme \u2013 Rumeurs sur le retour de la statue d\u00e9capit\u00e9e de la Vierge Marie pour adresser ses pri\u00e8res \u00e0 la Sainte Vierge Marie.","datePublished":"2024-09-22T01:14:44+00:00","mainEntityOfPage":{"@id":"https:\/\/editionsbussiere.com\/blog\/apres-un-acte-de-vandalisme-rumeurs-sur-le-retour-de-la-statue-decapitee-de-la-vierge-marie-pour-adresser-ses-prieres-a-la-sainte-vierge-marie\/"},"wordCount":1981,"publisher":{"@id":"https:\/\/editionsbussiere.com\/blog\/#organization"},"image":{"@id":"https:\/\/editionsbussiere.com\/blog\/apres-un-acte-de-vandalisme-rumeurs-sur-le-retour-de-la-statue-decapitee-de-la-vierge-marie-pour-adresser-ses-prieres-a-la-sainte-vierge-marie\/#primaryimage"},"thumbnailUrl":"https:\/\/editionsbussiere.com\/blog\/wp-content\/uploads\/2024\/09\/Apres-un-acte-de-vandalisme-E28093-Rumeurs-sur-le-retour-1024x538-1.jpg","articleSection":["Editions \u00c9sot\u00e9rique Fond\u00e9e En 1927; D\u00e9p\u00e8ches:"],"inLanguage":"fr-FR"},{"@type":"WebPage","@id":"https:\/\/editionsbussiere.com\/blog\/apres-un-acte-de-vandalisme-rumeurs-sur-le-retour-de-la-statue-decapitee-de-la-vierge-marie-pour-adresser-ses-prieres-a-la-sainte-vierge-marie\/","url":"https:\/\/editionsbussiere.com\/blog\/apres-un-acte-de-vandalisme-rumeurs-sur-le-retour-de-la-statue-decapitee-de-la-vierge-marie-pour-adresser-ses-prieres-a-la-sainte-vierge-marie\/","name":"Apr\u00e8s un acte de vandalisme \u2013 Rumeurs sur le retour de la statue d\u00e9capit\u00e9e de la Vierge Marie pour adresser ses pri\u00e8res \u00e0 la Sainte Vierge Marie. - EDITIONSBUSSIERE","isPartOf":{"@id":"https:\/\/editionsbussiere.com\/blog\/#website"},"primaryImageOfPage":{"@id":"https:\/\/editionsbussiere.com\/blog\/apres-un-acte-de-vandalisme-rumeurs-sur-le-retour-de-la-statue-decapitee-de-la-vierge-marie-pour-adresser-ses-prieres-a-la-sainte-vierge-marie\/#primaryimage"},"image":{"@id":"https:\/\/editionsbussiere.com\/blog\/apres-un-acte-de-vandalisme-rumeurs-sur-le-retour-de-la-statue-decapitee-de-la-vierge-marie-pour-adresser-ses-prieres-a-la-sainte-vierge-marie\/#primaryimage"},"thumbnailUrl":"https:\/\/editionsbussiere.com\/blog\/wp-content\/uploads\/2024\/09\/Apres-un-acte-de-vandalisme-E28093-Rumeurs-sur-le-retour-1024x538-1.jpg","datePublished":"2024-09-22T01:14:44+00:00","breadcrumb":{"@id":"https:\/\/editionsbussiere.com\/blog\/apres-un-acte-de-vandalisme-rumeurs-sur-le-retour-de-la-statue-decapitee-de-la-vierge-marie-pour-adresser-ses-prieres-a-la-sainte-vierge-marie\/#breadcrumb"},"inLanguage":"fr-FR","potentialAction":[{"@type":"ReadAction","target":["https:\/\/editionsbussiere.com\/blog\/apres-un-acte-de-vandalisme-rumeurs-sur-le-retour-de-la-statue-decapitee-de-la-vierge-marie-pour-adresser-ses-prieres-a-la-sainte-vierge-marie\/"]}]},{"@type":"ImageObject","inLanguage":"fr-FR","@id":"https:\/\/editionsbussiere.com\/blog\/apres-un-acte-de-vandalisme-rumeurs-sur-le-retour-de-la-statue-decapitee-de-la-vierge-marie-pour-adresser-ses-prieres-a-la-sainte-vierge-marie\/#primaryimage","url":"https:\/\/editionsbussiere.com\/blog\/wp-content\/uploads\/2024\/09\/Apres-un-acte-de-vandalisme-E28093-Rumeurs-sur-le-retour-1024x538-1.jpg","contentUrl":"https:\/\/editionsbussiere.com\/blog\/wp-content\/uploads\/2024\/09\/Apres-un-acte-de-vandalisme-E28093-Rumeurs-sur-le-retour-1024x538-1.jpg","width":1024,"height":538,"caption":"Apres un acte de vandalisme E28093 Rumeurs sur le retour 1024x538 1"},{"@type":"BreadcrumbList","@id":"https:\/\/editionsbussiere.com\/blog\/apres-un-acte-de-vandalisme-rumeurs-sur-le-retour-de-la-statue-decapitee-de-la-vierge-marie-pour-adresser-ses-prieres-a-la-sainte-vierge-marie\/#breadcrumb","itemListElement":[{"@type":"ListItem","position":1,"name":"Accueil","item":"https:\/\/editionsbussiere.com\/blog\/"},{"@type":"ListItem","position":2,"name":"Apr\u00e8s un acte de vandalisme \u2013 Rumeurs sur le retour de la statue d\u00e9capit\u00e9e de la Vierge Marie pour adresser ses pri\u00e8res \u00e0 la Sainte Vierge Marie."}]},{"@type":"WebSite","@id":"https:\/\/editionsbussiere.com\/blog\/#website","url":"https:\/\/editionsbussiere.com\/blog\/","name":"EDITIONSBUSSIERE","description":"Editions \u00e9sot\u00e9rique fond\u00e9e en 1927; site historique, A SAVOIR ET RETENIR.","publisher":{"@id":"https:\/\/editionsbussiere.com\/blog\/#organization"},"potentialAction":[{"@type":"SearchAction","target":{"@type":"EntryPoint","urlTemplate":"https:\/\/editionsbussiere.com\/blog\/?s={search_term_string}"},"query-input":{"@type":"PropertyValueSpecification","valueRequired":true,"valueName":"search_term_string"}}],"inLanguage":"fr-FR"},{"@type":"Organization","@id":"https:\/\/editionsbussiere.com\/blog\/#organization","name":"editionsbussiere","url":"https:\/\/editionsbussiere.com\/blog\/","logo":{"@type":"ImageObject","inLanguage":"fr-FR","@id":"https:\/\/editionsbussiere.com\/blog\/#\/schema\/logo\/image\/","url":"https:\/\/editionsbussiere.com\/blog\/wp-content\/uploads\/2023\/09\/cropped-buss.gif","contentUrl":"https:\/\/editionsbussiere.com\/blog\/wp-content\/uploads\/2023\/09\/cropped-buss.gif","width":298,"height":120,"caption":"editionsbussiere"},"image":{"@id":"https:\/\/editionsbussiere.com\/blog\/#\/schema\/logo\/image\/"}},{"@type":"Person","@id":"https:\/\/editionsbussiere.com\/blog\/#\/schema\/person\/ec90e102792148c97e46ab871010dd8f","name":"Marie BATICLE","image":{"@type":"ImageObject","inLanguage":"fr-FR","@id":"https:\/\/secure.gravatar.com\/avatar\/c923e52403b1b8137e2d929127211d21967e6aecaa053bd43b09da29f212e76e?s=96&d=mm&r=g","url":"https:\/\/secure.gravatar.com\/avatar\/c923e52403b1b8137e2d929127211d21967e6aecaa053bd43b09da29f212e76e?s=96&d=mm&r=g","contentUrl":"https:\/\/secure.gravatar.com\/avatar\/c923e52403b1b8137e2d929127211d21967e6aecaa053bd43b09da29f212e76e?s=96&d=mm&r=g","caption":"Marie BATICLE"},"url":"https:\/\/editionsbussiere.com\/blog\/author\/eremarie\/"}]}},"_links":{"self":[{"href":"https:\/\/editionsbussiere.com\/blog\/wp-json\/wp\/v2\/posts\/1380","targetHints":{"allow":["GET"]}}],"collection":[{"href":"https:\/\/editionsbussiere.com\/blog\/wp-json\/wp\/v2\/posts"}],"about":[{"href":"https:\/\/editionsbussiere.com\/blog\/wp-json\/wp\/v2\/types\/post"}],"author":[{"embeddable":true,"href":"https:\/\/editionsbussiere.com\/blog\/wp-json\/wp\/v2\/users\/3"}],"replies":[{"embeddable":true,"href":"https:\/\/editionsbussiere.com\/blog\/wp-json\/wp\/v2\/comments?post=1380"}],"version-history":[{"count":0,"href":"https:\/\/editionsbussiere.com\/blog\/wp-json\/wp\/v2\/posts\/1380\/revisions"}],"wp:featuredmedia":[{"embeddable":true,"href":"https:\/\/editionsbussiere.com\/blog\/wp-json\/wp\/v2\/media\/1381"}],"wp:attachment":[{"href":"https:\/\/editionsbussiere.com\/blog\/wp-json\/wp\/v2\/media?parent=1380"}],"wp:term":[{"taxonomy":"category","embeddable":true,"href":"https:\/\/editionsbussiere.com\/blog\/wp-json\/wp\/v2\/categories?post=1380"},{"taxonomy":"post_tag","embeddable":true,"href":"https:\/\/editionsbussiere.com\/blog\/wp-json\/wp\/v2\/tags?post=1380"}],"curies":[{"name":"wp","href":"https:\/\/api.w.org\/{rel}","templated":true}]}}