{"id":1367,"date":"2024-09-20T15:04:34","date_gmt":"2024-09-20T13:04:34","guid":{"rendered":"https:\/\/editionsbussiere.com\/blog\/le-pape-francois-autorise-la-devotion-a-medjugorje-ou-la-vierge-marie-serait-apparue-theliberal-ie-nos-actualites-vos-opinions-pour-adresser-ses-prieres-a-la-vierge\/"},"modified":"2024-09-20T15:04:34","modified_gmt":"2024-09-20T13:04:34","slug":"le-pape-francois-autorise-la-devotion-a-medjugorje-ou-la-vierge-marie-serait-apparue-theliberal-ie-nos-actualites-vos-opinions-pour-adresser-ses-prieres-a-la-vierge","status":"publish","type":"post","link":"https:\/\/editionsbussiere.com\/blog\/le-pape-francois-autorise-la-devotion-a-medjugorje-ou-la-vierge-marie-serait-apparue-theliberal-ie-nos-actualites-vos-opinions-pour-adresser-ses-prieres-a-la-vierge\/","title":{"rendered":"Le pape Fran\u00e7ois autorise la d\u00e9votion \u00e0 Medjugorje, o\u00f9 la Vierge Marie serait apparue \u2013 TheLiberal.ie \u2013 Nos actualit\u00e9s, vos opinions\n pour adresser ses pri\u00e8res \u00e0 la Vierge ."},"content":{"rendered":"<div><img width=\"580\" height=\"425\" src=\"https:\/\/editionsbussiere.com\/blog\/wp-content\/uploads\/2024\/09\/Le-pape-Francois-autorise-la-devotion-a-Medjugorje-ou-la.jpg\" class=\"attachment-large size-large wp-post-image\" alt=\"Le pape Fran\u00e7ois autorise la d\u00e9votion \u00e0 Medjugorje, o\u00f9 la\" style=\"float:left; margin:0 15px 15px 0;\" decoding=\"async\" loading=\"lazy\" srcset=\"https:\/\/editionsbussiere.com\/blog\/wp-content\/uploads\/2024\/09\/Le-pape-Francois-autorise-la-devotion-a-Medjugorje-ou-la.jpg 750w, https:\/\/www.n42.fr\/wp-content\/uploads\/2024\/09\/Le-pape-Francois-autorise-la-devotion-a-Medjugorje-ou-la-300x220.jpg 300w\" sizes=\"auto, (max-width: 580px) 100vw, 580px\"><\/p>\n<p>\n<\/p>\n<div>\n<div class=\"quads-location quads-ad10\" id=\"quads-ad10\" style=\"float:none;margin:0px;\">\n<img decoding=\"async\" data-lazyloaded=\"1\" width=\"100\" height=\"10\" src=\"https:\/\/editionsbussiere.com\/blog\/wp-content\/uploads\/2024\/09\/blank1.jpg\"><\/div>\n<p><img data-lazyloaded=\"1\" fetchpriority=\"high\" decoding=\"async\" class=\"aligncenter size-full wp-image-313475\" src=\"https:\/\/editionsbussiere.com\/blog\/wp-content\/uploads\/2024\/09\/medjugorje.jpg\" alt=\"\" width=\"750\" height=\"550\" srcset=\"https:\/\/editionsbussiere.com\/blog\/wp-content\/uploads\/2024\/09\/medjugorje.jpg 750w, https:\/\/theliberal.ie\/wp-content\/uploads\/2024\/09\/medjugorje-300x220.jpg 300w, https:\/\/theliberal.ie\/wp-content\/uploads\/2024\/09\/medjugorje-80x60.jpg 80w\" data-sizes=\"(max-width: 750px) 100vw, 750px\"><\/p>\n<p>Selon le Vatican, le pape Fran\u00e7ois a donn\u00e9 son approbation \u00e0 une pratique spirituelle catholique centr\u00e9e sur Medjugorje, un hameau de Bosnie qui a suscit\u00e9 une controverse \u00e0 propos d\u2019apparitions de la Vierge Marie aux habitants, rapporte RTE.<\/p>\n<p>Le pape n\u2019a pas annonc\u00e9 la v\u00e9racit\u00e9 des messages fournis par la pr\u00e9tendue apparition, selon le bureau doctrinal du Vatican.<\/p>\n<p>A l\u2019inverse, il a d\u00e9clar\u00e9 que le pape reconnaissait que les catholiques pourraient tirer des \u00ab fruits positifs \u00bb de l\u2019importance spirituelle de la ville, rapporte RTE.<\/p>\n<p>Cette d\u00e9claration semble mettre un terme \u00e0 des d\u00e9cennies d\u2019enqu\u00eates du Vatican sur ces pr\u00e9tendues visites, initialement signal\u00e9es par six jeunes en 1981.<\/p>\n<div class=\"quads-location quads-ad4\" id=\"quads-ad4\" style=\"float:none;margin:0px;\">\n<img decoding=\"async\" data-lazyloaded=\"1\" width=\"938\" height=\"252\" src=\"https:\/\/editionsbussiere.com\/blog\/wp-content\/uploads\/2024\/09\/mriphone3.png\"><\/div>\n<p>La situation est \u00e9trangement similaire aux apparitions bien connues survenues dans le village fran\u00e7ais de Lourdes au XIXe si\u00e8cle et dans la ville portugaise de Fatima il y a plus d\u2019un si\u00e8cle, rapporte RTE.<\/p>\n<p>Beaucoup affirment avoir ressenti un regain de spiritualit\u00e9 apr\u00e8s avoir visit\u00e9 la colonie bosniaque, qui est devenue une destination de p\u00e8lerinage populaire attirant des centaines de milliers de visiteurs \u00e0 chaque fois.<\/p>\n<p>Le pape Fran\u00e7ois avait d\u00e9j\u00e0 fait preuve de scepticisme \u00e0 l\u2019\u00e9gard de cette pr\u00e9tendue occurrence. En 2017, \u00e9voquant de pr\u00e9tendues communications de la Vierge Marie aux habitants, il avait d\u00e9clar\u00e9 aux journalistes qu\u2019il ne croyait pas que Marie \u00e9tait \u00ab la directrice d\u2019un bureau t\u00e9l\u00e9graphique \u00bb, rapporte RTE.<\/p>\n<p>\u00ab Cela n\u2019implique pas que les \u00e9v\u00e9nements surnaturels pr\u00e9sum\u00e9s soient d\u00e9clar\u00e9s authentiques \u00bb, a d\u00e9clar\u00e9 le Vatican dans son dernier communiqu\u00e9.<\/p>\n<p>\u00ab Au contraire, cela souligne seulement que le Saint-Esprit agit de mani\u00e8re fructueuse pour le bien des fid\u00e8les \u00ab au milieu \u00bb de ce ph\u00e9nom\u00e8ne spirituel de Medjugorje \u00bb, indique le passage, rapporte RTE.<\/p>\n<p>Dites-nous ce que vous pensez dans la publication Facebook et partagez-la avec vos amis.<\/p>\n<div class=\"the_champ_sharing_container the_champ_horizontal_sharing\" data-super-socializer-href=\"https:\/\/theliberal.ie\/pope-francis-allows-devotion-to-medjugorje-where-virgin-mary-is-said-to-have-appear\/\">\n<p>Partagez cette histoire avec un ami<\/p>\n<\/div>\n<h3 style=\"text-align: center;\">Partagez cette histoire<\/h3>\n<nav class=\"mh-post-nav-wrap clearfix\" role=\"navigation\">\n<div class=\"mh-post-nav-prev mh-post-nav\">\n<p>Article pr\u00e9c\u00e9dent<\/p>\n<p style=\"color: #1d7dbb;\">\u226aFaire payer les migrants qui travaillent est une \u00ab mesure de bon sens \u00bb, affirme le Taoiseach<\/p>\n<\/div>\n<div class=\"mh-post-nav-next mh-post-nav\">\n<p>Article suivant<\/p>\n<p style=\"color: #1d7dbb;\">L\u2019abri \u00e0 v\u00e9los de Leinster House a \u00e9t\u00e9 retard\u00e9 en raison des craintes que les politiciens n\u2019aient pas de place pour garer leurs voitures\u226b<\/p>\n<\/div>\n<\/nav>\n<h3 style=\"text-align: center;\">Dites-nous ce que vous pensez sur notre page Facebook<\/h3>\n<\/div>\n<p><script type=\"litespeed\/javascript\">!function(f,b,e,v,n,t,s)if(f.fbq)return;n=f.fbq=function()n.callMethod?n.callMethod.apply(n,arguments):n.queue.push(arguments);if(!f._fbq)f._fbq=n;n.push=n;n.loaded=!0;n.version='2.0';n.queue=[];t=b.createElement(e);t.async=!0;t.src=v;s=b.getElementsByTagName(e)[0];s.parentNode.insertBefore(t,s)(window,document,'script','https:\/\/connect.facebook.net\/en_US\/fbevents.js');fbq('init','157727641416670');fbq('track','PageView')<\/script><script type=\"litespeed\/javascript\">(function(d,s,id)var js,fjs=d.getElementsByTagName(s)[0];if(d.getElementById(id))return;js=d.createElement(s);js.id=id;js.src=\"http:\/\/connect.facebook.net\/en_GB\/sdk.js#xfbml=1&version=v2.7\";fjs.parentNode.insertBefore(js,fjs)(document,'script','facebook-jssdk'))<\/script><script type=\"litespeed\/javascript\">(function(d,s,id){var js,fjs=d.getElementsByTagName(s)[0];if(d.getElementById(id))return;js=d.createElement(s);js.id=id;js.src=\"<\/script><\/p>\n<h2>\n<\/h2>\n<p>L\u2019Importance de l\u2019Intercession de Marie<\/p>\n<p>La pri\u00e8re \u00e0 Marie constitue un aspect essentiel de la foi chr\u00e9tienne, solidement enracin\u00e9e dans la doctrine catholique depuis des si\u00e8cles. C\u2019est un roc sur lequel les fid\u00e8les s\u2019appuient pour trouver r\u00e9confort, direction et intercession dans leur relation avec Dieu. \u00c0 travers les \u00e2ges, cette pratique de d\u00e9votion a gagn\u00e9 en force par les \u00e9crits bibliques, les traditions de l\u2019\u00c9glise, et les exemples des saints qui ont honor\u00e9 Marie m\u00e8re spirituelle aimante.<\/p>\n<h3>\n<\/h3>\n<p>La pratique du Rosaire<\/p>\n<p>Le rosaire tient une position centrale au sein de la spiritualit\u00e9 de un grand nombre de fid\u00e8les. En r\u00e9citant les diff\u00e9rents myst\u00e8res, les fid\u00e8les m\u00e9ditent dans les \u00e9v\u00e9nements de la vie de J\u00e9sus et de Marie, renfor\u00e7ant leur connexion spirituelle avec le divin. Chaque Ave Maria r\u00e9cit\u00e9, ils manifestent leur confiance en l\u2019intercession de Marie ainsi que leur aspiration \u00e0 suivre les pas du Christ. Saint Louis-Marie Grignion de Montfort, dans son ouvrage sur la d\u00e9votion authentique \u00e0 la Vierge Marie, invite les fid\u00e8les \u00e0 m\u00e9diter r\u00e9guli\u00e8rement sur les myst\u00e8res du rosaire afin de renforcer leur lien avec la M\u00e8re de Dieu. Cet antique rituel, h\u00e9rit\u00e9e de g\u00e9n\u00e9ration en g\u00e9n\u00e9ration, demeure un phare spirituel pour les croyants, les aidant \u00e0 se connecter avec la c\u00e9leste Dame.<\/p>\n<h3>\n<\/h3>\n<p>L\u2019exhortation \u00e0 la pri\u00e8re<\/p>\n<p>Unissons nos voix dans la pri\u00e8re, fr\u00e8res et s\u0153urs, dans l\u2019unit\u00e9 de notre foi, en Marie, la m\u00e8re de notre Seigneur J\u00e9sus-Christ. Dans notre monde troubl\u00e9 par les conflits et la discorde, recourons \u00e0 la pri\u00e8re pour trouver pour retrouver la paix et la r\u00e9conciliation. Les catholiques du monde entier peuvent exprimer une sollicitation pour la Vierge Marie <a target=\"_blank\" rel=\"nofollow\" href=\"https:\/\/editionsbussiere.com\/blog\/goto\/https:\/\/www.avemariasound.org\/\" >en faisant appel aux b\u00e9n\u00e9voles.<\/a> Que nos supplications montent vers le ciel, comme une offrande re\u00e7u avec faveur par Dieu, afin qu\u2019il guide nous guider nos pas sur le chemin de la justice et de la v\u00e9rit\u00e9. L\u2019ap\u00f4tre Paul nous dans ses lettres \u00e0 prier sans cesse, en toutes circonstances, afin que notre connexion \u00e0 Dieu soit solide et passionn\u00e9e. La pri\u00e8re, lorsqu\u2019elle est offerte sinc\u00e8rement, a la capacit\u00e9 pour changer nos c\u0153urs et d\u2019influer le destin de l\u2019histoire.<\/p>\n<h2>\n<\/h2>\n<p>L\u2019enseignement du Souverain Pontife<\/p>\n<p>Le Saint-P\u00e8re, dans ses enseignements \u00e9clair\u00e9s, disponibles gr\u00e2ce \u00e0 Bayard, nous souligne la signification de la pri\u00e8re quotidienne. Par le biais de ses hom\u00e9lies et de ses audiences publiques, il nous encourage \u00e0 d\u00e9velopper une relation personnelle avec Dieu, en s\u2019appuyant sur la m\u00e9ditation de la Parole biblique ainsi que la r\u00e9citation du rosaire. Sa mani\u00e8re d\u2019\u00eatre d\u2019humilit\u00e9 et de compassion nous inspire \u00e0 approfondir davantage notre pri\u00e8re et \u00e0 rechercher la pr\u00e9sence de Dieu dans chaque aspect de notre existence. Le Souverain Pontife Jean-Paul II, dans son encyclique portant sur la foi chr\u00e9tienne, nous souligne que la pri\u00e8re constitue le fondement de la vie spirituelle et par elle que nous sommes unis \u00e0 la volont\u00e9 divine. La pri\u00e8re, enseign\u00e9e par les pontifes successifs, est un phare d\u2019espoir dans les temp\u00eates, un roc solide sur lequel les \u00e2mes peuvent s\u2019appuyer.<\/p>\n<h3>\n<\/h3>\n<p>Les ouvrages provenant de Leli\u00e8vre et Hubert<\/p>\n<p>Dans le contexte de la vie de foi, l\u2019\u00e9glise pr\u00e9conise le recours \u00e0 la pri\u00e8re, et durant les moments de pri\u00e8re, les fid\u00e8les effectuent le signe de croix et r\u00e9citent l\u2019Ave Maria. Des penseurs contemporains, comme Leli\u00e8vre et Hubert, nous incitent aussi \u00e0 r\u00e9fl\u00e9chir sur la force de la pri\u00e8re, dans leurs ouvrages inspirants. Leurs \u00e9crits, abondant en enseignements spirituels, nous guident dans notre parcours de la foi et nous invitent \u00e0 puiser dans les tr\u00e9sors de la tradition chr\u00e9tienne pour nourrir notre spiritualit\u00e9. En r\u00e9fl\u00e9chissant sur leurs \u00e9crits, nous explorons de nouvelles mani\u00e8res d\u2019approfondir notre connexion avec le divin et de progresser dans notre cheminement vers la saintet\u00e9. Saint Jean, dans son \u00e9vangile, nous rappelle que la pri\u00e8re est une puissante voie pour rester en communion avec Dieu et de recevoir de ses gr\u00e2ces. Chaque passage de leurs ouvrages r\u00e9sonne comme un appel \u00e0 une pri\u00e8re ardente et \u00e0 une existence impr\u00e9gn\u00e9e de la pr\u00e9sence divine. Dans notre exploration de spiritualit\u00e9, chaque \u0153uvre lue devient une invitation \u00e0 aspirer \u00e0 le sacr\u00e9, par le biais de la m\u00e9ditation et la contemplation.<\/p>\n<h3>\n<\/h3>\n<p>L\u2019acte de prier dans la chapelle<\/p>\n<p>Dans nos lieux de culte modestes ou majestueuses, orientons-nous vers Dieu avec confiance et humilit\u00e9, car nous savons qu\u2019il \u00e9coute nos pri\u00e8res avec une sollicitude infinie. Que chaque flamme vacillante, chaque chapelet r\u00e9cit\u00e9, constitue une offrande \u00e0 notre Seigneur ainsi qu\u2019\u00e0 la Vierge Marie. Que nos instants de d\u00e9votion dans la chapelle soient des moments de faveur divine et de renouvellement spirituel, nous renfor\u00e7ant pour affronter les challenges avec courage et foi. Sainte Bernadette Soubirous, qui a re\u00e7u les apparitions de la Vierge Marie \u00e0 Lourdes, nous d\u00e9montre l\u2019importance de la pri\u00e8re dans l\u2019existence des catholiques et l\u2019efficacit\u00e9 de l\u2019intercession de la Vierge Marie. Tout fid\u00e8le qui franchit les portes d\u2019une chapelle, chaque page de la Bible lue dans ce lieu sacr\u00e9, constitue une rencontre avec la divinit\u00e9, une \u00e9tape dans le processus de transformation spirituelle. \u00c0 travers les \u00c9critures saintes, tout croyant est invit\u00e9 \u00e0 contempler la croix du Christ, \u00e0 r\u00e9fl\u00e9chir \u00e0 son sacrifice, et \u00e0 trouver r\u00e9confort et espoir dans sa gr\u00e2ce r\u00e9demptrice.<\/p>\n<h2>\nLa pri\u00e8re comme m\u00e9decine pour l\u2019\u00e2me<br \/>\n<\/h2>\n<p>Tel un th\u00e9rapeute pour notre \u00eatre int\u00e9rieur, l\u2019acte de prier nous r\u00e9conforte ainsi que nous fortifie au cours des p\u00e9riodes de douleur et de d\u00e9sespoir. La pri\u00e8re nous rappelle que Dieu est toujours avec nous, m\u00eame au c\u0153ur de nos heures les plus sombres. En nous penchant vers lui dans la pri\u00e8re, nous trouvons la force int\u00e9rieure n\u00e9cessaire pour traverser les \u00e9preuves et pour affronter l\u2019avenir avec espoir et confiance. La pri\u00e8re est semblable \u00e0 une fontaine d\u2019eau vive qui apaise notre soif spirituelle et, sur notre chemin de foi, nous r\u00e9g\u00e9n\u00e8re.<br \/>\n\u00c0 chaque pri\u00e8re prononc\u00e9e, \u00e0 chaque intention port\u00e9e, nous trouvons un soulagement divin, une gu\u00e9rison c\u00e9leste, qui va au-del\u00e0 de les limitations humaines. Chaque page de la Bible est une invitation \u00e0 dialoguer avec Dieu, \u00e0 lui remettre nos fardeaux, et \u00e0 recevoir sa gr\u00e2ce transformante.<\/p>\n<h2>Un regard diff\u00e9rent sur l\u2019acte de prier Marie<\/h2>\n<p>La pri\u00e8re \u00e0 Marie est une pratique profond\u00e9ment enracin\u00e9e dans la tradition religieuse catholique chr\u00e9tienne, fournissant un lien spirituel pr\u00e9cieux pour les fid\u00e8les du monde entier. En tant que m\u00e8re spirituelle et intercesseur d\u00e9vou\u00e9, elle est invoqu\u00e9e avec ferveur lors des instants de n\u00e9cessit\u00e9 et de gratitude. Le rosaire, avec ses myst\u00e8res \u00e0 m\u00e9diter, dirige les fid\u00e8les dans leur voyage de foi, les aidant \u00e0 contempler J\u00e9sus, son fils, \u00e0 travers le regard de la Vierge Marie. Cette affection envers Marie s\u2019exprime dans les sites sacr\u00e9s tel que le sanctuaire de Lourdes, o\u00f9 les visiteurs se rassemblent pour rechercher r\u00e9confort et gu\u00e9rison, symbolisant la profonde connexion entre la foi catholique et la v\u00e9n\u00e9ration de la Vierge Marie. Les \u00e9crits inspirants de th\u00e9ologiens comme Leli\u00e8vre et Hubert proposent une r\u00e9flexion pr\u00e9cieuse sur l\u2019importance de la pri\u00e8re \u00e0 Marie et son influence sur la vie spirituelle des fid\u00e8les. \u00c0 travers la lecture attentive de livres d\u00e9votionnels et bibliques, les croyants \u00e9largissent leur compr\u00e9hension de la d\u00e9votion mariale et nourrissent une relation plus profonde avec la Vierge Marie, notre m\u00e8re spirituelle. Dans un monde marqu\u00e9 par les conflits et les hostilit\u00e9s, l\u2019invocation de Marie offre un refuge de tranquillit\u00e9 et d\u2019espoir, incitant chaque individu, ind\u00e9pendamment de son rang dans la foi catholique, \u00e0 se tourner vers la Sainte Vierge avec confiance et d\u00e9votion. Unissons donc nos pri\u00e8res, avec un c\u0153ur sinc\u00e8re et humble, en reconnaissant Marie comme notre m\u00e8re et notre intercesseur, en lui confiant nos v\u0153ux et nos aspirations les plus profondes. Dans cette d\u00e9marche vers Dieu, chaque croyant est invit\u00e9 \u00e0 suivre la liste des pri\u00e8res et des intentions du c\u0153ur, sous la conduite du Pape et les ressources spirituelles pr\u00e9cieuses offertes par des plateformes telles que Aleteia. De cette mani\u00e8re, avec une humble confiance et un c\u0153ur ouvert, adressons notre pri\u00e8re quotidienne \u00e0 Marie, lui demandant son intercession affectueuse, ainsi que la gr\u00e2ce de pers\u00e9v\u00e9rer dans la pri\u00e8re ardente.<br \/>\nQue notre dialogue avec le sacr\u00e9 constitue notre refuge et notre r\u00e9confort quelle que soit la situation. Que nous nous inclinions envers Marie, notre m\u00e8re divine, avec un c\u0153ur ouvert et une foi in\u00e9branlable, convaincus qu\u2019elle plaide en notre faveur devant son fils bien-aim\u00e9. Que la pri\u00e8re nous m\u00e8ne sur le chemin de la saintet\u00e9, nous rapprochant toujours plus de Dieu et de son amour sans limites.<\/p>\n<p>Parutions:<\/p>\n<p>Physionomies de saints\/Sainte Rose de Lima.,<a target=\"_blank\" rel=\"nofollow\" href=\"https:\/\/editionsbussiere.com\/blog\/goto\/https:\/\/fr.wikisource.org\/wiki\/Physionomies_de_saints\/Sainte_Rose_de_Lima\"  target=\"_blank\" rel=\"noopener noreferrer nofollow\">Ici.<\/a><span><\/span><\/p>\n<p>Livre de pri\u00e8res, 1852\/Pri\u00e8res tir\u00e9es de l\u2019office des v\u00eapres.,<a target=\"_blank\" rel=\"nofollow\" href=\"https:\/\/editionsbussiere.com\/blog\/goto\/https:\/\/fr.wikisource.org\/wiki\/Livre_de_pri%C3%A8res,_1852\/Pri%C3%A8res_tir%C3%A9es_de_l%E2%80%99office_des_v%C3%AApres\"  target=\"_blank\" rel=\"noopener noreferrer nofollow\">L\u2019article de presse.<\/a><span><\/span>. Suite sur le prochain article.<\/p>\n<p>Les cinq nouveaux Tableaux espagnols du Mus\u00e9e du Louvre.,<a target=\"_blank\" rel=\"nofollow\" href=\"https:\/\/editionsbussiere.com\/blog\/goto\/https:\/\/fr.wikisource.org\/wiki\/Les_cinq_nouveaux_Tableaux_espagnols_du_Mus%C3%A9e_du_Louvre\"  target=\"_blank\" rel=\"noopener noreferrer nofollow\">Cliquer ICI.<\/a><span><\/span>. Suite sur le prochain article.<\/p>\n<p>La Route fraternelle\/30.,<a target=\"_blank\" rel=\"nofollow\" href=\"https:\/\/editionsbussiere.com\/blog\/goto\/https:\/\/fr.wikisource.org\/wiki\/La_Route_fraternelle\/30\"  target=\"_blank\" rel=\"noopener noreferrer nofollow\">Le texte de l\u2019article.<\/a><span><\/span><\/p>\n<p>L\u00e9gendes slaves du moyen \u00e2ge (1169\u20131237)\/Texte.,<a target=\"_blank\" rel=\"nofollow\" href=\"https:\/\/editionsbussiere.com\/blog\/goto\/https:\/\/fr.wikisource.org\/wiki\/L%C3%A9gendes_slaves_du_moyen_%C3%A2ge_(1169%E2%80%931237)\/Texte\"  target=\"_blank\" rel=\"noopener noreferrer nofollow\">Ici.<\/a><span><\/span><\/p>\n<p>\u00c0 l\u2019\u0153uvre et \u00e0 l\u2019\u00e9preuve\/21.,<a target=\"_blank\" rel=\"nofollow\" href=\"https:\/\/editionsbussiere.com\/blog\/goto\/https:\/\/fr.wikisource.org\/wiki\/%C3%80_l%E2%80%99%C5%93uvre_et_%C3%A0_l%E2%80%99%C3%A9preuve\/21\"  target=\"_blank\" rel=\"noopener noreferrer nofollow\">L\u2019article ICI.<\/a><span><\/span>. Suite sur le prochain article.<\/p>\n<\/div>\n<p><img decoding=\"async\" class=\"wpe_imgrss\" src=\"https:\/\/editionsbussiere.com\/blog\/wp-content\/uploads\/2024\/09\/Le-pape-Francois-autorise-la-devotion-a-Medjugorje-ou-la.jpg\">Cet article a \u00e9t\u00e9 reconstitu\u00e9 du mieux possible. Dans l\u2019hypoth\u00e8se o\u00f9 vous souhaitez apporter quelques modifications concernant le th\u00e8me \u00ab\u00a0Editions \u00e9sot\u00e9rique fond\u00e9e en 1927\u00a0\u00bb, il est possible de discuter avec notre r\u00e9daction. Vous pouvez tirer profit de cet article traitant le sujet \u00ab\u00a0Editions \u00e9sot\u00e9rique fond\u00e9e en 1927\u00a0\u00bb. Il est concoct\u00e9 par l\u2019\u00e9quipe editionsbussiere.com. Le site editionsbussiere.com est fait pour cr\u00e9er divers posts autour du th\u00e8me Editions \u00e9sot\u00e9rique fond\u00e9e en 1927 d\u00e9velopp\u00e9es sur internet. Consultez notre site internet editionsbussiere.com et nos r\u00e9seaux sociaux pour \u00eatre au courant des futures annonces.<\/p>\n","protected":false},"excerpt":{"rendered":"<p>Selon le Vatican, le pape Fran\u00e7ois a donn\u00e9 son approbation \u00e0 une pratique spirituelle catholique centr\u00e9e sur Medjugorje, un hameau de Bosnie qui a suscit\u00e9 une controverse \u00e0 propos d\u2019apparitions de la Vierge Marie aux habitants, rapporte RTE. Le pape n\u2019a pas annonc\u00e9 la v\u00e9racit\u00e9 des messages fournis par la pr\u00e9tendue apparition, selon le bureau [&hellip;]<\/p>\n","protected":false},"author":3,"featured_media":1368,"comment_status":"closed","ping_status":"closed","sticky":false,"template":"","format":"standard","meta":{"footnotes":""},"categories":[3],"tags":[],"class_list":["post-1367","post","type-post","status-publish","format-standard","has-post-thumbnail","hentry","category-editions-esoterique-fondee-en-1927-depeches","entry","fw-tab-6 fw-tabr-4","has-featured-image"],"yoast_head":"<!-- This site is optimized with the Yoast SEO plugin v27.5 - https:\/\/yoast.com\/product\/yoast-seo-wordpress\/ -->\n<title>Le pape Fran\u00e7ois autorise la d\u00e9votion \u00e0 Medjugorje, o\u00f9 la Vierge Marie serait apparue \u2013 TheLiberal.ie \u2013 Nos actualit\u00e9s, vos opinions pour adresser ses pri\u00e8res \u00e0 la Vierge . - EDITIONSBUSSIERE<\/title>\n<meta name=\"robots\" content=\"index, follow, max-snippet:-1, max-image-preview:large, max-video-preview:-1\" \/>\n<link rel=\"canonical\" href=\"https:\/\/editionsbussiere.com\/blog\/le-pape-francois-autorise-la-devotion-a-medjugorje-ou-la-vierge-marie-serait-apparue-theliberal-ie-nos-actualites-vos-opinions-pour-adresser-ses-prieres-a-la-vierge\/\" \/>\n<meta property=\"og:locale\" content=\"fr_FR\" \/>\n<meta property=\"og:type\" content=\"article\" \/>\n<meta property=\"og:title\" content=\"Le pape Fran\u00e7ois autorise la d\u00e9votion \u00e0 Medjugorje, o\u00f9 la Vierge Marie serait apparue \u2013 TheLiberal.ie \u2013 Nos actualit\u00e9s, vos opinions pour adresser ses pri\u00e8res \u00e0 la Vierge . - EDITIONSBUSSIERE\" \/>\n<meta property=\"og:description\" content=\"Selon le Vatican, le pape Fran\u00e7ois a donn\u00e9 son approbation \u00e0 une pratique spirituelle catholique centr\u00e9e sur Medjugorje, un hameau de Bosnie qui a suscit\u00e9 une controverse \u00e0 propos d\u2019apparitions de la Vierge Marie aux habitants, rapporte RTE. Le pape n\u2019a pas annonc\u00e9 la v\u00e9racit\u00e9 des messages fournis par la pr\u00e9tendue apparition, selon le bureau [&hellip;]\" \/>\n<meta property=\"og:url\" content=\"https:\/\/editionsbussiere.com\/blog\/le-pape-francois-autorise-la-devotion-a-medjugorje-ou-la-vierge-marie-serait-apparue-theliberal-ie-nos-actualites-vos-opinions-pour-adresser-ses-prieres-a-la-vierge\/\" \/>\n<meta property=\"og:site_name\" content=\"EDITIONSBUSSIERE\" \/>\n<meta property=\"article:published_time\" content=\"2024-09-20T13:04:34+00:00\" \/>\n<meta property=\"og:image\" content=\"https:\/\/editionsbussiere.com\/blog\/wp-content\/uploads\/2024\/09\/Le-pape-Francois-autorise-la-devotion-a-Medjugorje-ou-la.jpg\" \/>\n<meta name=\"author\" content=\"Marie BATICLE\" \/>\n<meta name=\"twitter:card\" content=\"summary_large_image\" \/>\n<meta name=\"twitter:label1\" content=\"\u00c9crit par\" \/>\n\t<meta name=\"twitter:data1\" content=\"Marie BATICLE\" \/>\n\t<meta name=\"twitter:label2\" content=\"Dur\u00e9e de lecture estim\u00e9e\" \/>\n\t<meta name=\"twitter:data2\" content=\"11 minutes\" \/>\n<script type=\"application\/ld+json\" class=\"yoast-schema-graph\">{\"@context\":\"https:\\\/\\\/schema.org\",\"@graph\":[{\"@type\":\"Article\",\"@id\":\"https:\\\/\\\/editionsbussiere.com\\\/blog\\\/le-pape-francois-autorise-la-devotion-a-medjugorje-ou-la-vierge-marie-serait-apparue-theliberal-ie-nos-actualites-vos-opinions-pour-adresser-ses-prieres-a-la-vierge\\\/#article\",\"isPartOf\":{\"@id\":\"https:\\\/\\\/editionsbussiere.com\\\/blog\\\/le-pape-francois-autorise-la-devotion-a-medjugorje-ou-la-vierge-marie-serait-apparue-theliberal-ie-nos-actualites-vos-opinions-pour-adresser-ses-prieres-a-la-vierge\\\/\"},\"author\":{\"name\":\"Marie BATICLE\",\"@id\":\"https:\\\/\\\/editionsbussiere.com\\\/blog\\\/#\\\/schema\\\/person\\\/ec90e102792148c97e46ab871010dd8f\"},\"headline\":\"Le pape Fran\u00e7ois autorise la d\u00e9votion \u00e0 Medjugorje, o\u00f9 la Vierge Marie serait apparue \u2013 TheLiberal.ie \u2013 Nos actualit\u00e9s, vos opinions pour adresser ses pri\u00e8res \u00e0 la Vierge .\",\"datePublished\":\"2024-09-20T13:04:34+00:00\",\"mainEntityOfPage\":{\"@id\":\"https:\\\/\\\/editionsbussiere.com\\\/blog\\\/le-pape-francois-autorise-la-devotion-a-medjugorje-ou-la-vierge-marie-serait-apparue-theliberal-ie-nos-actualites-vos-opinions-pour-adresser-ses-prieres-a-la-vierge\\\/\"},\"wordCount\":2158,\"publisher\":{\"@id\":\"https:\\\/\\\/editionsbussiere.com\\\/blog\\\/#organization\"},\"image\":{\"@id\":\"https:\\\/\\\/editionsbussiere.com\\\/blog\\\/le-pape-francois-autorise-la-devotion-a-medjugorje-ou-la-vierge-marie-serait-apparue-theliberal-ie-nos-actualites-vos-opinions-pour-adresser-ses-prieres-a-la-vierge\\\/#primaryimage\"},\"thumbnailUrl\":\"https:\\\/\\\/editionsbussiere.com\\\/blog\\\/wp-content\\\/uploads\\\/2024\\\/09\\\/Le-pape-Francois-autorise-la-devotion-a-Medjugorje-ou-la.jpg\",\"articleSection\":[\"Editions \u00c9sot\u00e9rique Fond\u00e9e En 1927; D\u00e9p\u00e8ches:\"],\"inLanguage\":\"fr-FR\"},{\"@type\":\"WebPage\",\"@id\":\"https:\\\/\\\/editionsbussiere.com\\\/blog\\\/le-pape-francois-autorise-la-devotion-a-medjugorje-ou-la-vierge-marie-serait-apparue-theliberal-ie-nos-actualites-vos-opinions-pour-adresser-ses-prieres-a-la-vierge\\\/\",\"url\":\"https:\\\/\\\/editionsbussiere.com\\\/blog\\\/le-pape-francois-autorise-la-devotion-a-medjugorje-ou-la-vierge-marie-serait-apparue-theliberal-ie-nos-actualites-vos-opinions-pour-adresser-ses-prieres-a-la-vierge\\\/\",\"name\":\"Le pape Fran\u00e7ois autorise la d\u00e9votion \u00e0 Medjugorje, o\u00f9 la Vierge Marie serait apparue \u2013 TheLiberal.ie \u2013 Nos actualit\u00e9s, vos opinions pour adresser ses pri\u00e8res \u00e0 la Vierge . - EDITIONSBUSSIERE\",\"isPartOf\":{\"@id\":\"https:\\\/\\\/editionsbussiere.com\\\/blog\\\/#website\"},\"primaryImageOfPage\":{\"@id\":\"https:\\\/\\\/editionsbussiere.com\\\/blog\\\/le-pape-francois-autorise-la-devotion-a-medjugorje-ou-la-vierge-marie-serait-apparue-theliberal-ie-nos-actualites-vos-opinions-pour-adresser-ses-prieres-a-la-vierge\\\/#primaryimage\"},\"image\":{\"@id\":\"https:\\\/\\\/editionsbussiere.com\\\/blog\\\/le-pape-francois-autorise-la-devotion-a-medjugorje-ou-la-vierge-marie-serait-apparue-theliberal-ie-nos-actualites-vos-opinions-pour-adresser-ses-prieres-a-la-vierge\\\/#primaryimage\"},\"thumbnailUrl\":\"https:\\\/\\\/editionsbussiere.com\\\/blog\\\/wp-content\\\/uploads\\\/2024\\\/09\\\/Le-pape-Francois-autorise-la-devotion-a-Medjugorje-ou-la.jpg\",\"datePublished\":\"2024-09-20T13:04:34+00:00\",\"breadcrumb\":{\"@id\":\"https:\\\/\\\/editionsbussiere.com\\\/blog\\\/le-pape-francois-autorise-la-devotion-a-medjugorje-ou-la-vierge-marie-serait-apparue-theliberal-ie-nos-actualites-vos-opinions-pour-adresser-ses-prieres-a-la-vierge\\\/#breadcrumb\"},\"inLanguage\":\"fr-FR\",\"potentialAction\":[{\"@type\":\"ReadAction\",\"target\":[\"https:\\\/\\\/editionsbussiere.com\\\/blog\\\/le-pape-francois-autorise-la-devotion-a-medjugorje-ou-la-vierge-marie-serait-apparue-theliberal-ie-nos-actualites-vos-opinions-pour-adresser-ses-prieres-a-la-vierge\\\/\"]}]},{\"@type\":\"ImageObject\",\"inLanguage\":\"fr-FR\",\"@id\":\"https:\\\/\\\/editionsbussiere.com\\\/blog\\\/le-pape-francois-autorise-la-devotion-a-medjugorje-ou-la-vierge-marie-serait-apparue-theliberal-ie-nos-actualites-vos-opinions-pour-adresser-ses-prieres-a-la-vierge\\\/#primaryimage\",\"url\":\"https:\\\/\\\/editionsbussiere.com\\\/blog\\\/wp-content\\\/uploads\\\/2024\\\/09\\\/Le-pape-Francois-autorise-la-devotion-a-Medjugorje-ou-la.jpg\",\"contentUrl\":\"https:\\\/\\\/editionsbussiere.com\\\/blog\\\/wp-content\\\/uploads\\\/2024\\\/09\\\/Le-pape-Francois-autorise-la-devotion-a-Medjugorje-ou-la.jpg\",\"width\":750,\"height\":550,\"caption\":\"Le pape Francois autorise la devotion a Medjugorje ou la\"},{\"@type\":\"BreadcrumbList\",\"@id\":\"https:\\\/\\\/editionsbussiere.com\\\/blog\\\/le-pape-francois-autorise-la-devotion-a-medjugorje-ou-la-vierge-marie-serait-apparue-theliberal-ie-nos-actualites-vos-opinions-pour-adresser-ses-prieres-a-la-vierge\\\/#breadcrumb\",\"itemListElement\":[{\"@type\":\"ListItem\",\"position\":1,\"name\":\"Accueil\",\"item\":\"https:\\\/\\\/editionsbussiere.com\\\/blog\\\/\"},{\"@type\":\"ListItem\",\"position\":2,\"name\":\"Le pape Fran\u00e7ois autorise la d\u00e9votion \u00e0 Medjugorje, o\u00f9 la Vierge Marie serait apparue \u2013 TheLiberal.ie \u2013 Nos actualit\u00e9s, vos opinions pour adresser ses pri\u00e8res \u00e0 la Vierge .\"}]},{\"@type\":\"WebSite\",\"@id\":\"https:\\\/\\\/editionsbussiere.com\\\/blog\\\/#website\",\"url\":\"https:\\\/\\\/editionsbussiere.com\\\/blog\\\/\",\"name\":\"EDITIONSBUSSIERE\",\"description\":\"Editions \u00e9sot\u00e9rique fond\u00e9e en 1927; site historique, A SAVOIR ET RETENIR.\",\"publisher\":{\"@id\":\"https:\\\/\\\/editionsbussiere.com\\\/blog\\\/#organization\"},\"potentialAction\":[{\"@type\":\"SearchAction\",\"target\":{\"@type\":\"EntryPoint\",\"urlTemplate\":\"https:\\\/\\\/editionsbussiere.com\\\/blog\\\/?s={search_term_string}\"},\"query-input\":{\"@type\":\"PropertyValueSpecification\",\"valueRequired\":true,\"valueName\":\"search_term_string\"}}],\"inLanguage\":\"fr-FR\"},{\"@type\":\"Organization\",\"@id\":\"https:\\\/\\\/editionsbussiere.com\\\/blog\\\/#organization\",\"name\":\"editionsbussiere\",\"url\":\"https:\\\/\\\/editionsbussiere.com\\\/blog\\\/\",\"logo\":{\"@type\":\"ImageObject\",\"inLanguage\":\"fr-FR\",\"@id\":\"https:\\\/\\\/editionsbussiere.com\\\/blog\\\/#\\\/schema\\\/logo\\\/image\\\/\",\"url\":\"https:\\\/\\\/editionsbussiere.com\\\/blog\\\/wp-content\\\/uploads\\\/2023\\\/09\\\/cropped-buss.gif\",\"contentUrl\":\"https:\\\/\\\/editionsbussiere.com\\\/blog\\\/wp-content\\\/uploads\\\/2023\\\/09\\\/cropped-buss.gif\",\"width\":298,\"height\":120,\"caption\":\"editionsbussiere\"},\"image\":{\"@id\":\"https:\\\/\\\/editionsbussiere.com\\\/blog\\\/#\\\/schema\\\/logo\\\/image\\\/\"}},{\"@type\":\"Person\",\"@id\":\"https:\\\/\\\/editionsbussiere.com\\\/blog\\\/#\\\/schema\\\/person\\\/ec90e102792148c97e46ab871010dd8f\",\"name\":\"Marie BATICLE\",\"image\":{\"@type\":\"ImageObject\",\"inLanguage\":\"fr-FR\",\"@id\":\"https:\\\/\\\/secure.gravatar.com\\\/avatar\\\/c923e52403b1b8137e2d929127211d21967e6aecaa053bd43b09da29f212e76e?s=96&d=mm&r=g\",\"url\":\"https:\\\/\\\/secure.gravatar.com\\\/avatar\\\/c923e52403b1b8137e2d929127211d21967e6aecaa053bd43b09da29f212e76e?s=96&d=mm&r=g\",\"contentUrl\":\"https:\\\/\\\/secure.gravatar.com\\\/avatar\\\/c923e52403b1b8137e2d929127211d21967e6aecaa053bd43b09da29f212e76e?s=96&d=mm&r=g\",\"caption\":\"Marie BATICLE\"},\"url\":\"https:\\\/\\\/editionsbussiere.com\\\/blog\\\/author\\\/eremarie\\\/\"}]}<\/script>\n<!-- \/ Yoast SEO plugin. -->","yoast_head_json":{"title":"Le pape Fran\u00e7ois autorise la d\u00e9votion \u00e0 Medjugorje, o\u00f9 la Vierge Marie serait apparue \u2013 TheLiberal.ie \u2013 Nos actualit\u00e9s, vos opinions pour adresser ses pri\u00e8res \u00e0 la Vierge . - EDITIONSBUSSIERE","robots":{"index":"index","follow":"follow","max-snippet":"max-snippet:-1","max-image-preview":"max-image-preview:large","max-video-preview":"max-video-preview:-1"},"canonical":"https:\/\/editionsbussiere.com\/blog\/le-pape-francois-autorise-la-devotion-a-medjugorje-ou-la-vierge-marie-serait-apparue-theliberal-ie-nos-actualites-vos-opinions-pour-adresser-ses-prieres-a-la-vierge\/","og_locale":"fr_FR","og_type":"article","og_title":"Le pape Fran\u00e7ois autorise la d\u00e9votion \u00e0 Medjugorje, o\u00f9 la Vierge Marie serait apparue \u2013 TheLiberal.ie \u2013 Nos actualit\u00e9s, vos opinions pour adresser ses pri\u00e8res \u00e0 la Vierge . - EDITIONSBUSSIERE","og_description":"Selon le Vatican, le pape Fran\u00e7ois a donn\u00e9 son approbation \u00e0 une pratique spirituelle catholique centr\u00e9e sur Medjugorje, un hameau de Bosnie qui a suscit\u00e9 une controverse \u00e0 propos d\u2019apparitions de la Vierge Marie aux habitants, rapporte RTE. Le pape n\u2019a pas annonc\u00e9 la v\u00e9racit\u00e9 des messages fournis par la pr\u00e9tendue apparition, selon le bureau [&hellip;]","og_url":"https:\/\/editionsbussiere.com\/blog\/le-pape-francois-autorise-la-devotion-a-medjugorje-ou-la-vierge-marie-serait-apparue-theliberal-ie-nos-actualites-vos-opinions-pour-adresser-ses-prieres-a-la-vierge\/","og_site_name":"EDITIONSBUSSIERE","article_published_time":"2024-09-20T13:04:34+00:00","og_image":[{"url":"https:\/\/editionsbussiere.com\/blog\/wp-content\/uploads\/2024\/09\/Le-pape-Francois-autorise-la-devotion-a-Medjugorje-ou-la.jpg","type":"","width":"","height":""}],"author":"Marie BATICLE","twitter_card":"summary_large_image","twitter_misc":{"\u00c9crit par":"Marie BATICLE","Dur\u00e9e de lecture estim\u00e9e":"11 minutes"},"schema":{"@context":"https:\/\/schema.org","@graph":[{"@type":"Article","@id":"https:\/\/editionsbussiere.com\/blog\/le-pape-francois-autorise-la-devotion-a-medjugorje-ou-la-vierge-marie-serait-apparue-theliberal-ie-nos-actualites-vos-opinions-pour-adresser-ses-prieres-a-la-vierge\/#article","isPartOf":{"@id":"https:\/\/editionsbussiere.com\/blog\/le-pape-francois-autorise-la-devotion-a-medjugorje-ou-la-vierge-marie-serait-apparue-theliberal-ie-nos-actualites-vos-opinions-pour-adresser-ses-prieres-a-la-vierge\/"},"author":{"name":"Marie BATICLE","@id":"https:\/\/editionsbussiere.com\/blog\/#\/schema\/person\/ec90e102792148c97e46ab871010dd8f"},"headline":"Le pape Fran\u00e7ois autorise la d\u00e9votion \u00e0 Medjugorje, o\u00f9 la Vierge Marie serait apparue \u2013 TheLiberal.ie \u2013 Nos actualit\u00e9s, vos opinions pour adresser ses pri\u00e8res \u00e0 la Vierge .","datePublished":"2024-09-20T13:04:34+00:00","mainEntityOfPage":{"@id":"https:\/\/editionsbussiere.com\/blog\/le-pape-francois-autorise-la-devotion-a-medjugorje-ou-la-vierge-marie-serait-apparue-theliberal-ie-nos-actualites-vos-opinions-pour-adresser-ses-prieres-a-la-vierge\/"},"wordCount":2158,"publisher":{"@id":"https:\/\/editionsbussiere.com\/blog\/#organization"},"image":{"@id":"https:\/\/editionsbussiere.com\/blog\/le-pape-francois-autorise-la-devotion-a-medjugorje-ou-la-vierge-marie-serait-apparue-theliberal-ie-nos-actualites-vos-opinions-pour-adresser-ses-prieres-a-la-vierge\/#primaryimage"},"thumbnailUrl":"https:\/\/editionsbussiere.com\/blog\/wp-content\/uploads\/2024\/09\/Le-pape-Francois-autorise-la-devotion-a-Medjugorje-ou-la.jpg","articleSection":["Editions \u00c9sot\u00e9rique Fond\u00e9e En 1927; D\u00e9p\u00e8ches:"],"inLanguage":"fr-FR"},{"@type":"WebPage","@id":"https:\/\/editionsbussiere.com\/blog\/le-pape-francois-autorise-la-devotion-a-medjugorje-ou-la-vierge-marie-serait-apparue-theliberal-ie-nos-actualites-vos-opinions-pour-adresser-ses-prieres-a-la-vierge\/","url":"https:\/\/editionsbussiere.com\/blog\/le-pape-francois-autorise-la-devotion-a-medjugorje-ou-la-vierge-marie-serait-apparue-theliberal-ie-nos-actualites-vos-opinions-pour-adresser-ses-prieres-a-la-vierge\/","name":"Le pape Fran\u00e7ois autorise la d\u00e9votion \u00e0 Medjugorje, o\u00f9 la Vierge Marie serait apparue \u2013 TheLiberal.ie \u2013 Nos actualit\u00e9s, vos opinions pour adresser ses pri\u00e8res \u00e0 la Vierge . - EDITIONSBUSSIERE","isPartOf":{"@id":"https:\/\/editionsbussiere.com\/blog\/#website"},"primaryImageOfPage":{"@id":"https:\/\/editionsbussiere.com\/blog\/le-pape-francois-autorise-la-devotion-a-medjugorje-ou-la-vierge-marie-serait-apparue-theliberal-ie-nos-actualites-vos-opinions-pour-adresser-ses-prieres-a-la-vierge\/#primaryimage"},"image":{"@id":"https:\/\/editionsbussiere.com\/blog\/le-pape-francois-autorise-la-devotion-a-medjugorje-ou-la-vierge-marie-serait-apparue-theliberal-ie-nos-actualites-vos-opinions-pour-adresser-ses-prieres-a-la-vierge\/#primaryimage"},"thumbnailUrl":"https:\/\/editionsbussiere.com\/blog\/wp-content\/uploads\/2024\/09\/Le-pape-Francois-autorise-la-devotion-a-Medjugorje-ou-la.jpg","datePublished":"2024-09-20T13:04:34+00:00","breadcrumb":{"@id":"https:\/\/editionsbussiere.com\/blog\/le-pape-francois-autorise-la-devotion-a-medjugorje-ou-la-vierge-marie-serait-apparue-theliberal-ie-nos-actualites-vos-opinions-pour-adresser-ses-prieres-a-la-vierge\/#breadcrumb"},"inLanguage":"fr-FR","potentialAction":[{"@type":"ReadAction","target":["https:\/\/editionsbussiere.com\/blog\/le-pape-francois-autorise-la-devotion-a-medjugorje-ou-la-vierge-marie-serait-apparue-theliberal-ie-nos-actualites-vos-opinions-pour-adresser-ses-prieres-a-la-vierge\/"]}]},{"@type":"ImageObject","inLanguage":"fr-FR","@id":"https:\/\/editionsbussiere.com\/blog\/le-pape-francois-autorise-la-devotion-a-medjugorje-ou-la-vierge-marie-serait-apparue-theliberal-ie-nos-actualites-vos-opinions-pour-adresser-ses-prieres-a-la-vierge\/#primaryimage","url":"https:\/\/editionsbussiere.com\/blog\/wp-content\/uploads\/2024\/09\/Le-pape-Francois-autorise-la-devotion-a-Medjugorje-ou-la.jpg","contentUrl":"https:\/\/editionsbussiere.com\/blog\/wp-content\/uploads\/2024\/09\/Le-pape-Francois-autorise-la-devotion-a-Medjugorje-ou-la.jpg","width":750,"height":550,"caption":"Le pape Francois autorise la devotion a Medjugorje ou la"},{"@type":"BreadcrumbList","@id":"https:\/\/editionsbussiere.com\/blog\/le-pape-francois-autorise-la-devotion-a-medjugorje-ou-la-vierge-marie-serait-apparue-theliberal-ie-nos-actualites-vos-opinions-pour-adresser-ses-prieres-a-la-vierge\/#breadcrumb","itemListElement":[{"@type":"ListItem","position":1,"name":"Accueil","item":"https:\/\/editionsbussiere.com\/blog\/"},{"@type":"ListItem","position":2,"name":"Le pape Fran\u00e7ois autorise la d\u00e9votion \u00e0 Medjugorje, o\u00f9 la Vierge Marie serait apparue \u2013 TheLiberal.ie \u2013 Nos actualit\u00e9s, vos opinions pour adresser ses pri\u00e8res \u00e0 la Vierge ."}]},{"@type":"WebSite","@id":"https:\/\/editionsbussiere.com\/blog\/#website","url":"https:\/\/editionsbussiere.com\/blog\/","name":"EDITIONSBUSSIERE","description":"Editions \u00e9sot\u00e9rique fond\u00e9e en 1927; site historique, A SAVOIR ET RETENIR.","publisher":{"@id":"https:\/\/editionsbussiere.com\/blog\/#organization"},"potentialAction":[{"@type":"SearchAction","target":{"@type":"EntryPoint","urlTemplate":"https:\/\/editionsbussiere.com\/blog\/?s={search_term_string}"},"query-input":{"@type":"PropertyValueSpecification","valueRequired":true,"valueName":"search_term_string"}}],"inLanguage":"fr-FR"},{"@type":"Organization","@id":"https:\/\/editionsbussiere.com\/blog\/#organization","name":"editionsbussiere","url":"https:\/\/editionsbussiere.com\/blog\/","logo":{"@type":"ImageObject","inLanguage":"fr-FR","@id":"https:\/\/editionsbussiere.com\/blog\/#\/schema\/logo\/image\/","url":"https:\/\/editionsbussiere.com\/blog\/wp-content\/uploads\/2023\/09\/cropped-buss.gif","contentUrl":"https:\/\/editionsbussiere.com\/blog\/wp-content\/uploads\/2023\/09\/cropped-buss.gif","width":298,"height":120,"caption":"editionsbussiere"},"image":{"@id":"https:\/\/editionsbussiere.com\/blog\/#\/schema\/logo\/image\/"}},{"@type":"Person","@id":"https:\/\/editionsbussiere.com\/blog\/#\/schema\/person\/ec90e102792148c97e46ab871010dd8f","name":"Marie BATICLE","image":{"@type":"ImageObject","inLanguage":"fr-FR","@id":"https:\/\/secure.gravatar.com\/avatar\/c923e52403b1b8137e2d929127211d21967e6aecaa053bd43b09da29f212e76e?s=96&d=mm&r=g","url":"https:\/\/secure.gravatar.com\/avatar\/c923e52403b1b8137e2d929127211d21967e6aecaa053bd43b09da29f212e76e?s=96&d=mm&r=g","contentUrl":"https:\/\/secure.gravatar.com\/avatar\/c923e52403b1b8137e2d929127211d21967e6aecaa053bd43b09da29f212e76e?s=96&d=mm&r=g","caption":"Marie BATICLE"},"url":"https:\/\/editionsbussiere.com\/blog\/author\/eremarie\/"}]}},"_links":{"self":[{"href":"https:\/\/editionsbussiere.com\/blog\/wp-json\/wp\/v2\/posts\/1367","targetHints":{"allow":["GET"]}}],"collection":[{"href":"https:\/\/editionsbussiere.com\/blog\/wp-json\/wp\/v2\/posts"}],"about":[{"href":"https:\/\/editionsbussiere.com\/blog\/wp-json\/wp\/v2\/types\/post"}],"author":[{"embeddable":true,"href":"https:\/\/editionsbussiere.com\/blog\/wp-json\/wp\/v2\/users\/3"}],"replies":[{"embeddable":true,"href":"https:\/\/editionsbussiere.com\/blog\/wp-json\/wp\/v2\/comments?post=1367"}],"version-history":[{"count":0,"href":"https:\/\/editionsbussiere.com\/blog\/wp-json\/wp\/v2\/posts\/1367\/revisions"}],"wp:featuredmedia":[{"embeddable":true,"href":"https:\/\/editionsbussiere.com\/blog\/wp-json\/wp\/v2\/media\/1368"}],"wp:attachment":[{"href":"https:\/\/editionsbussiere.com\/blog\/wp-json\/wp\/v2\/media?parent=1367"}],"wp:term":[{"taxonomy":"category","embeddable":true,"href":"https:\/\/editionsbussiere.com\/blog\/wp-json\/wp\/v2\/categories?post=1367"},{"taxonomy":"post_tag","embeddable":true,"href":"https:\/\/editionsbussiere.com\/blog\/wp-json\/wp\/v2\/tags?post=1367"}],"curies":[{"name":"wp","href":"https:\/\/api.w.org\/{rel}","templated":true}]}}