{"id":1365,"date":"2024-09-20T06:55:02","date_gmt":"2024-09-20T04:55:02","guid":{"rendered":"https:\/\/editionsbussiere.com\/blog\/ce-que-les-catholiques-devraient-savoir-sur-les-pretendues-apparitions-mariales-catholic-world-report-et-priere-en-debut-de-journee\/"},"modified":"2024-09-20T06:55:02","modified_gmt":"2024-09-20T04:55:02","slug":"ce-que-les-catholiques-devraient-savoir-sur-les-pretendues-apparitions-mariales-catholic-world-report-et-priere-en-debut-de-journee","status":"publish","type":"post","link":"https:\/\/editionsbussiere.com\/blog\/ce-que-les-catholiques-devraient-savoir-sur-les-pretendues-apparitions-mariales-catholic-world-report-et-priere-en-debut-de-journee\/","title":{"rendered":"Ce que les catholiques devraient savoir sur les pr\u00e9tendues apparitions mariales \u2013 Catholic World Report\n et pri\u00e8re en d\u00e9but de journ\u00e9e."},"content":{"rendered":"<div><img width=\"580\" height=\"387\" src=\"https:\/\/editionsbussiere.com\/blog\/wp-content\/uploads\/2024\/09\/Ce-que-les-catholiques-devraient-savoir-sur-les-pretendues-apparitions.webp.webp\" class=\"attachment-large size-large wp-post-image\" alt=\"Ce que les catholiques devraient savoir sur les pr\u00e9tendues apparitions\" style=\"float:left; margin:0 15px 15px 0;\" decoding=\"async\" srcset=\"https:\/\/editionsbussiere.com\/blog\/wp-content\/uploads\/2024\/09\/Ce-que-les-catholiques-devraient-savoir-sur-les-pretendues-apparitions.webp.webp 760w, https:\/\/www.n42.fr\/wp-content\/uploads\/2024\/09\/Ce-que-les-catholiques-devraient-savoir-sur-les-pretendues-apparitions.webp-300x200.webp 300w\" sizes=\"(max-width: 580px) 100vw, 580px\"><\/p>\n<p>\n<\/p>\n<div>\n<div style=\"width: 100%; margin-bottom: 25px;\">\n<figure style=\"width: 760px\" class=\"wp-caption alignnone\"><figcaption class=\"wp-caption-text\">Cette statue de la Sainte Vierge Marie se trouve sur la colline des apparitions, surplombant le village de Medjugorje, une ville de Bosnie-Herz\u00e9govine. \/ Cr\u00e9dit : Adam Jan Figel\/Shutterstock<\/figcaption><\/figure>\n<\/div>\n<p>National Catholic Register, 19 septembre 2024 \/ 16h45 (CNA).<\/p>\n<p>Depuis les 24 et 25 juin 1981, veille et f\u00eate de la Nativit\u00e9 de saint Jean-Baptiste, lorsque six enfants d\u2019un petit village de Bosnie-Herz\u00e9govine ont rapport\u00e9 pour la premi\u00e8re fois avoir vu et re\u00e7u des messages de la Sainte Vierge Marie, plus de 40 millions de p\u00e8lerins du monde entier ont afflu\u00e9 vers le petit village nomm\u00e9 Medjugorje.<\/p>\n<p>Les p\u00e8lerins assistent aux messes \u00e0 l\u2019\u00e9glise Saint-Jacques de Medjugorje pendant la journ\u00e9e et la messe du soir est c\u00e9l\u00e9br\u00e9e en plein air pour accueillir une foule immense. Ils escaladent le rocailleux Podbrdo (la colline des apparitions) sur lequel est \u00e9rig\u00e9e une statue de Notre-Dame, marquant l\u2019endroit o\u00f9 elle serait apparue. Les p\u00e8lerins escaladent \u00e9galement le mont Kri\u017eevac, priant le chemin de croix, se dirigeant vers l\u2019immense croix de pr\u00e8s de 12 m\u00e8tres de haut construite par les villageois au d\u00e9but du XXe si\u00e8cle. Ils remplissent les files d\u2019attente de tous les confessionnaux, car le sacrement de p\u00e9nitence est offert quotidiennement.<\/p>\n<p>Depuis le XIIIe si\u00e8cle, les pr\u00eatres franciscains ont r\u00e9pondu aux besoins des \u00e2mes du peuple croate dans la paroisse et dans la r\u00e9gion au climat m\u00e9diterran\u00e9en et aux plaines fertiles pour les agriculteurs et les vignobles, et ils ont \u00e9t\u00e9 \u00e9troitement impliqu\u00e9s aupr\u00e8s des visionnaires et des p\u00e8lerins depuis le d\u00e9but des apparitions.<\/p>\n<h2>Les visionnaires<\/h2>\n<p>Les six visionnaires sont Marija Pavlovic-Lunetti, Ivan Dragicevic, Vicka Ivankovic-Mijatovic, Jakov Colo, Mirjana Dragicevic-Soldo et Ivanka Ivankovic-Elez. Toujours appel\u00e9s \u00ab les visionnaires \u00bb, ils sont d\u00e9sormais adultes. Alors que Vicka, Ivan et Marija auraient toujours une apparition quotidienne \u00e0 l\u2019heure pr\u00e9cise de 18h40, les autres ne le feraient plus qu\u2019\u00e0 des dates particuli\u00e8res. Mirjana aurait des apparitions une fois par mois \u2013 et une fois par an le 18 mars, le jour de son anniversaire \u2013, Ivanka une fois par an le 25 juin, l\u2019anniversaire de la premi\u00e8re apparition, et Jakov une fois par an le jour de No\u00ebl.<\/p>\n<h2>Le message<\/h2>\n<p>Selon les visionnaires, la Vierge Marie est venue \u00e0 Medjugorje pour montrer aux fid\u00e8les le chemin de la paix et pour aider \u00e0 convertir les vies afin de revenir \u00e0 Dieu, notamment pour amener les gens \u00e0 son fils, J\u00e9sus. Au d\u00e9but des apparitions, elle se serait identifi\u00e9e comme la \u00ab Reine de la paix \u00bb.<\/p>\n<p>\u00abChers enfants, voici la raison de ma pr\u00e9sence parmi vous depuis si longtemps : vous conduire sur le chemin de J\u00e9sus. Je veux vous sauver et, \u00e0 travers vous, sauver le monde entier. Beaucoup de gens vivent aujourd\u2019hui sans la foi ; certains ne veulent m\u00eame pas entendre parler de J\u00e9sus, mais ils d\u00e9sirent quand m\u00eame la paix et la satisfaction ! Mes enfants, voici la raison pour laquelle j\u2019ai besoin de votre pri\u00e8re : la pri\u00e8re est l\u2019unique moyen de sauver le genre humain\u00bb (30 juillet 1987).<\/p>\n<h2>Cinq \u00ab pierres \u00bb<\/h2>\n<p>Tout comme David avait cinq pierres pour vaincre Goliath (voir 1 Samuel 17:40), les pr\u00eatres de Medjugorje expliquent les messages et les instructions de la Vierge comme cinq pierres pour vaincre Satan et sauver les \u00e2mes. Ces pierres sont :<\/p>\n<p>1. Pri\u00e8re quotidienne, en particulier le chapelet quotidien.<\/p>\n<p>2. Le je\u00fbne \u2014 le mercredi et le vendredi car, gr\u00e2ce au je\u00fbne, les guerres peuvent \u00eatre arr\u00eat\u00e9es et les lois naturelles suspendues.<\/p>\n<p>3. Lire la Bible quotidiennement et la placer dans un endroit bien en vue dans la maison.<\/p>\n<p>4. La confession. Selon les visionnaires, Marie demandait une confession mensuelle r\u00e9guli\u00e8re : \u00ab La confession mensuelle sera un rem\u00e8de pour l\u2019\u00c9glise en Occident. Il faut transmettre ce message \u00e0 l\u2019Occident. \u00bb M\u00eame les saints Jean-Paul II et Teresa de Calcutta se pr\u00e9valaient de ce sacrement chaque semaine. Marie aurait \u00e9galement dit : \u00ab Priez, priez ! Il faut croire fermement, se confesser r\u00e9guli\u00e8rement et, de m\u00eame, recevoir la sainte communion. C\u2019est le seul salut. \u00bb<\/p>\n<p>5. Messe et Eucharistie : On dit que Notre Sainte M\u00e8re a mis l\u2019accent sur la messe du dimanche et sur la r\u00e9ception de l\u2019Eucharistie en \u00e9tat de gr\u00e2ce, notant que J\u00e9sus nous donne ses gr\u00e2ces dans la messe, et Notre-Dame aurait \u00e9galement ajout\u00e9 l\u2019importance d\u2019aller \u00e0 la messe quotidienne lorsque cela \u00e9tait possible.<\/p>\n<h2>Commissions formelles<\/h2>\n<p>En 1986, le cardinal Joseph Ratzinger, alors chef de la Congr\u00e9gation pour la doctrine de la foi (CDF), a form\u00e9 une commission parmi les \u00e9v\u00eaques de Yougoslavie pour enqu\u00eater sur les apparitions pr\u00e9sum\u00e9es. En 1991, la Conf\u00e9rence des \u00e9v\u00eaques de Yougoslavie a d\u00e9clar\u00e9 dans une d\u00e9claration officielle qu\u2019il n\u2019\u00e9tait pas encore d\u00e9termin\u00e9 si les apparitions \u00e9taient d\u2019origine surnaturelle ; les p\u00e8lerins sont autoris\u00e9s \u00e0 se rendre \u00e0 Medjugorje ; et les pr\u00eatres sont \u00e9galement autoris\u00e9s \u00e0 r\u00e9pondre aux besoins spirituels des p\u00e8lerins.<\/p>\n<p>Le 26 mars 2010, le pape Beno\u00eet XVI a nomm\u00e9 le cardinal italien Camillo Ruini \u00e0 la t\u00eate d\u2019une commission compos\u00e9e de cardinaux, de th\u00e9ologiens, de psychologues et d\u2019autres personnes charg\u00e9e d\u2019examiner Medjugorje. En 2016, la commission a termin\u00e9 son rapport et, un an plus tard, il a \u00e9t\u00e9 remis au pape Fran\u00e7ois par la CDF. \u00c0 ce stade, elle avait divis\u00e9 l\u2019examen en deux phases : les sept premi\u00e8res apparitions entre le 24 juin et le 3 juillet 1981, et toutes celles qui se sont produites plus tard et qui, semble-t-il, se poursuivent encore. Le rapport a reconnu la nature surnaturelle des sept premi\u00e8res apparitions.<\/p>\n<p>Le rapport contenait quatre recommandations : placer Medjugorje sous le contr\u00f4le du Vatican ; autoriser les p\u00e8lerinages organis\u00e9s par l\u2019\u00c9glise ; d\u00e9clarer Medjugorje sanctuaire pontifical ; et d\u00e9clarer les premi\u00e8res apparitions authentiques et surnaturelles. Puis, lors d\u2019une conf\u00e9rence de presse en vol en 2017, le pape Fran\u00e7ois a d\u00e9clar\u00e9 : \u00ab Concernant les pr\u00e9tendues apparitions actuelles, le rapport exprime des doutes. \u00bb<\/p>\n<p>Un an apr\u00e8s que le pape eut exprim\u00e9 des soup\u00e7ons personnels sur les \u00e9v\u00e9nements, en mai 2018, Fran\u00e7ois a charg\u00e9 l\u2019archev\u00eaque polonais Henryk Hoser de l\u2019aider \u00e0 superviser tous les aspects des minist\u00e8res pastoraux \u00e0 Medjugorje, pla\u00e7ant ainsi Medjugorje sous le contr\u00f4le du Vatican. En cons\u00e9quence, Hoser, officiellement nomm\u00e9 visiteur apostolique, a autoris\u00e9 les p\u00e8lerinages officiels organis\u00e9s par les dioc\u00e8ses et les paroisses pour promouvoir les bons fruits sans tout authentifier. En 2019, le pape Fran\u00e7ois a officiellement autoris\u00e9 les p\u00e8lerinages organis\u00e9s \u00e0 Medjugorje. En novembre 2021, apr\u00e8s la mort de Hoser, le pape Fran\u00e7ois a nomm\u00e9 l\u2019\u00e9v\u00eaque italien Aldo Cavalli pour poursuivre la mission \u00e0 Medjugorje.<\/p>\n<h2>10 \u00ab secrets \u00bb<\/h2>\n<p>On dit que chacun des visionnaires a re\u00e7u 10 \u00ab secrets \u00bb concernant les \u00e9v\u00e9nements qui se produiront dans le monde dans un avenir proche. Aucun n\u2019a encore \u00e9t\u00e9 r\u00e9v\u00e9l\u00e9, \u00e0 l\u2019exception du soi-disant \u00ab troisi\u00e8me secret \u00bb. Notre-Dame a promis de laisser un signe surnaturel et indestructible sur la montagne de sa premi\u00e8re apparition. Ce sera un signe pour les ath\u00e9es, aurait-elle dit, ajoutant :<\/p>\n<p>\u00ab Vous, fid\u00e8les, ne devez pas attendre le signe pour vous convertir ; convertissez-vous vite. Ce temps est pour vous un temps de gr\u00e2ce. Vous ne pourrez jamais assez remercier Dieu pour sa gr\u00e2ce. Le temps est venu d\u2019approfondir votre foi et de vous convertir. Quand le signe viendra, il sera trop tard pour beaucoup. \u00bb<\/p>\n<p>D\u00e8s que la Sainte Vierge aura termin\u00e9 ses apparitions, trois avertissements seront donn\u00e9s au monde, a-t-on annonc\u00e9. Mirjana doit les r\u00e9v\u00e9ler au P\u00e8re Petar Ljubicic 10 jours avant qu\u2019elles n\u2019aient lieu, et il les annoncera. Apr\u00e8s la premi\u00e8re, il semble qu\u2019il y aura un temps de grandes gr\u00e2ces et de conversions.<\/p>\n<h2>Fruits abondants<\/h2>\n<p>Les fruits spirituels sont \u00e9vidents. D\u2019apr\u00e8s les t\u00e9moignages, un nombre incalculable de personnes, parmi les plus de 40 millions qui sont venues \u00e0 Medjugorje depuis le d\u00e9but \u2014 que ce soit avec une r\u00e9elle intention spirituelle ou par curiosit\u00e9 \u2014 sont rentr\u00e9es chez elles plus fortes dans leur foi et d\u00e9termin\u00e9es \u00e0 mettre en pratique les directives de la Sainte M\u00e8re.<\/p>\n<p>De nombreux t\u00e9moignages de conversions et de retours \u00e0 la foi ont \u00e9t\u00e9 rapport\u00e9s. Des gu\u00e9risons de toutes sortes, des corps aux \u00e2mes, ont \u00e9galement eu lieu. De nombreuses vocations ont \u00e9t\u00e9 signal\u00e9es \u00e0 Medjugorje. Depuis 1989, lorsque deux pr\u00eatres franciscains de la ville ont organis\u00e9 le Festival international de la jeunesse de Medjugorje, connu sous le nom de Mladifest, un festival annuel de la jeunesse catholique, 50 000 jeunes y participent chaque ann\u00e9e du 1er au 6 ao\u00fbt.<\/p>\n<p>En 2023, le pape Fran\u00e7ois a adress\u00e9 un message aux participants du Mladifest : \u00ab Je m\u2019adresse avec joie \u00e0 vous qui participez au Festival des jeunes de Medjugorje, une occasion de c\u00e9l\u00e9brer et de renouveler votre foi. Je vous souhaite de vivre ces journ\u00e9es comme un p\u00e8lerinage spirituel qui vous conduira \u00e0 la rencontre du Seigneur J\u00e9sus dans l\u2019Eucharistie, dans l\u2019adoration, dans la confession, dans la cat\u00e9ch\u00e8se biblique, dans la pri\u00e8re silencieuse et le rosaire, mais aussi \u00e0 travers les t\u00e9moignages. \u00bb<\/p>\n<p>Beaucoup de ceux qui se rendent \u00e0 Medjugorje ont pris \u00e0 c\u0153ur ce que Notre-Dame, Reine de la Paix, aurait dit : \u00ab Je suis venue dire au monde que Dieu existe. Il est la pl\u00e9nitude de la vie, et pour jouir de cette pl\u00e9nitude et de cette paix, il faut revenir \u00e0 Dieu. \u00bb<\/p>\n<p>Le Vatican a organis\u00e9 jeudi une conf\u00e9rence sur \u00ab l\u2019exp\u00e9rience spirituelle \u00bb de Medjugorje, approuvant \u00ab une d\u00e9votion prudente \u00e0 Marie sur ce lieu de p\u00e8lerinage populaire \u00bb, tout en s\u2019abstenant de toute d\u00e9claration sur l\u2019origine surnaturelle ou non des pr\u00e9tendues visions.<\/p>\n<p><em>Cette histoire <\/em><em>a \u00e9t\u00e9 publi\u00e9 pour la premi\u00e8re fois <\/em><em>par le National Catholic Register, partenaire d\u2019information fr\u00e8re de CNA, et a \u00e9t\u00e9 adapt\u00e9 par CNA.<\/em><\/p>\n<div class=\"post-donation-box\">\n<hr>\n<p>Si vous appr\u00e9ciez les informations et les points de vue fournis par Catholic World Report, pensez \u00e0 faire un don pour soutenir nos efforts. Votre contribution nous aidera \u00e0 continuer \u00e0 mettre CWR \u00e0 la disposition de tous les lecteurs du monde entier, gratuitement, sans abonnement. Merci pour votre g\u00e9n\u00e9rosit\u00e9 !<\/p>\n<p>Cliquez ici pour plus d\u2019informations sur les dons au CWR. Cliquez ici pour vous inscrire \u00e0 notre newsletter.<\/p>\n<hr style=\"margin-bottom: 25px;\">\n      <\/div>\n<\/div>\n<p><script>\n!function(f,b,e,v,n,t,s)\nif(f.fbq)return;n=f.fbq=function()n.callMethod?\nn.callMethod.apply(n,arguments):n.queue.push(arguments);\nif(!f._fbq)f._fbq=n;n.push=n;n.loaded=!0;n.version='2.0';\nn.queue=[];t=b.createElement(e);t.async=!0;\nt.src=v;s=b.getElementsByTagName(e)[0];\ns.parentNode.insertBefore(t,s)(window, document,'script',\n'\nfbq('init', '860643031454650');\nfbq('track', 'PageView');\n<\/script><script>\n\t\t\t\t(function(d, s, id)\n\t\t\t\t\tvar js, fjs = d.getElementsByTagName(s)[0];\n\t\t\t\t\tif (d.getElementById(id)) return;\n\t\t\t\t\tjs = d.createElement(s); js.id = id;\n\t\t\t\t\tjs.src = \"\/\/connect.facebook.net\/en_US\/sdk.js#xfbml=1&version=v2.6\";\n\t\t\t\t\tfjs.parentNode.insertBefore(js, fjs);\n\t\t\t\t(document, 'script', 'facebook-jssdk'));\n\t\t\t<\/script><\/p>\n<h2> \u00c9lever nos proches pri\u00e8res pour nos proches au Seigneur au lever du jour.<\/h2>\n<p>La derni\u00e8re section de la pri\u00e8re du matin consiste \u00e0 prier pour nos proches \u00eatres chers, notre propre famille, nos amis et nos communaut\u00e9. Nous pouvons prier pour leur, leur bien-\u00eatre, leur s\u00fbret\u00e9, et leur r\u00e9ussite. Nous pouvons \u00e9galement prier pour nos adversaires et pour ces personnes qui nous ont offens\u00e9s, et demander \u00e0 Dieu de nous aider \u00e0 leur propre pardonner et \u00e0 leur exprimer la compassion.<\/p>\n<h3> Prier pour la bien-\u00eatre et la s\u00fbret\u00e9 de nos amis.<\/h3>\n<p>Dieu tout-puissant, nous te confions nos familles, nos familles avec nos compagnons. Surveille, cher Dieu, sur eux, et pr\u00e9serve -les de tout risque et de toute affliction. Accorde, Dieu mis\u00e9ricordieux, la sant\u00e9 du corps ainsi que de l\u2019esprit \u00e0 eux, et la paix au sein de leur c\u0153ur. Que ta b\u00e9n\u00e9diction forte les \u00e2mes prot\u00e8ge et les guide tout au long de cette journ\u00e9e, pour qu\u2019il puissent vivent dans la tranquillit\u00e9 et aussi la s\u00e9r\u00e9nit\u00e9.<\/p>\n<p>Nous autres te prions aussi pour nos enfants, Seigneur, afin qu\u2019ils grandissent dans la foi et dans l\u2019amour de ton saint nom. Accorde, cher Dieu, une sagesse et la force n\u00e9cessaires pour surmonter les obstacles de la vie, ainsi que dirige leurs pas le long de le chemin de la v\u00e9rit\u00e9 et aussi de la justice.<\/p>\n<p>Enfin, nous te prions pour nos amis ainsi que nos voisins, Seigneur, qu\u2019ils connaissent la joie de ton amour avec la tranquillit\u00e9 de ton pardon. Accorde-leur, \u00f4 Dieu, des c\u0153urs bienveillants afin de partager avec ceux qui sont dans le besoin, et mains largement ouvertes pour accueillir ceux qui sont seuls et aussi abandonn\u00e9s.<\/p>\n<h3> Prier pour les n\u00f4tres ennemis ainsi que ceux que nous-m\u00eames ont offens\u00e9s. <\/h3>\n<p>Seigneur, le Christ, nous vous prions pour les n\u00f4tres ennemis ainsi que pour ces qui sont nous autres ont offens\u00e9s. Accorde-leur, \u00f4 Christ, ta mis\u00e9ricorde ainsi que votre pardon, et ouvre leur c\u0153ur \u00e0 la lumi\u00e8re de ta v\u00e9rit\u00e9. Aide-nous, Seigneur Dieu, \u00e0 leur montrer de la compassion ainsi que \u00e0 leur pardonner comme tu nous as pardonn\u00e9. Que ta paix r\u00e8gne dans les n\u00f4tres c\u0153urs et aussi que ton amour guide notre actions, pour que nous puissions vivre en harmonie avec tous ceux qui nous autres entourent.<\/p>\n<h3> Appr\u00e9hender la pri\u00e8re : <\/h3>\n<p>Pour terminer, la pri\u00e8re nous reconna\u00eet notre mission tel que enfant de Dieu : \u00eatre des t\u00e9moin de sa clart\u00e9 et de son amour dans une \u00e8re affect\u00e9e aux obscurit\u00e9s. \u00c0 travers notre paroles et nos actes, nous diffusons l\u2019\u00c9vangile de la paix et de la r\u00e9conciliation, amenant l\u2019attente et la cicatrisation \u00e0 un contexte ab\u00eem\u00e9.<\/p>\n<p>Au sein de la spiritualit\u00e9 chr\u00e9tienne, le aube adopte une valeur sp\u00e9ciale, illustrant l\u2019 rafra\u00eechissement et l\u2019 r\u00e9g\u00e9n\u00e9ration spirituelle. C\u2019est au lever du jour de chaque journ\u00e9e que le c\u0153ur se tourne vers Dieu dans la pri\u00e8re, recherchant \u00e0 se trouver \u00e9clair\u00e9e par la lumi\u00e8re divine. La coutume des pri\u00e8res matinales se r\u00e9v\u00e8le profond\u00e9ment enracin\u00e9e dans la tradition chr\u00e9tienne, offrant une p\u00e9riode privil\u00e9gi\u00e9 pour se connecter avec le Seigneur et se pr\u00e9parer mentalement aux d\u00e9fis de la journ\u00e9e qui vient.<\/p>\n<p>\u00c0 au sein de ces oraisons matinales se trouve r\u00e9guli\u00e8rement une d\u00e9votion sp\u00e9ciale pour Marie, la m\u00e8re de J\u00e9sus et figure sainte v\u00e9n\u00e9r\u00e9e par un grand nombre fid\u00e8les. En tant m\u00e8re m\u00e9diatrice au milieu de les hommes et Dieu, Marie reste sollicit\u00e9e afin de m\u00e9dier en notre nom, nous conduisant sur le sentier de la saintet\u00e9 ainsi que de la gr\u00e2ce divine. Sa apparition parentale offre r\u00e9confort ainsi que abri, entourant nos pri\u00e8res matinales avec une douceur c\u00e9leste.<\/p>\n<p>\u00c0 travers les pri\u00e8res du matin, on se trouve invit\u00e9s \u00e0 nous unir vers Marie dans une d\u00e9marche de sanctification personnelle. Par m\u00e9ditant au sujet de la vie ainsi que ses vertus, nous explorons pour imiter son humilit\u00e9, sa puret\u00e9 et son ob\u00e9issance \u00e0 l\u2019 volont\u00e9 de Dieu. Gr\u00e2ce \u00e0 sa saintet\u00e9 parfaite, Marie se transforme en pour nous un mod\u00e8le de vie chr\u00e9tienne, nous rappelant l\u2019importance de la pri\u00e8re et du contemplation au sein de notre cheminement spirituel.<\/p>\n<p>Unissons nos voix dans la pri\u00e8re de debut de journ\u00e9e, dans notre foi, en nous tournant vers Marie, la m\u00e8re de notre Seigneur J\u00e9sus-Christ. Au sein de notre monde tourment\u00e9 par les conflits et la discorde, recourons \u00e0 la pri\u00e8re comme un moyen de retrouver la s\u00e9r\u00e9nit\u00e9 et l\u2019harmonie. Les chr\u00e9tiens ont la possibilit\u00e9 envoyer une intention de pri\u00e8re pour Marie <a target=\"_blank\" rel=\"nofollow\" href=\"https:\/\/editionsbussiere.com\/blog\/goto\/https:\/\/www.avemariasound.org\/\" >ici.<\/a> Que nos supplications montent vers le ciel, comme une offrande re\u00e7u avec faveur \u00e0 Dieu, pour qu\u2019il guide \u00e9clairer nos chemins vers le chemin de la justice et de la v\u00e9rit\u00e9. Saint Paul nous exhorte dans ses lettres \u00e0 prier sans cesse, quelle que soit la situation, pour que notre communion \u00e0 Dieu reste constante et ardente. La pri\u00e8re, quand elle est sinc\u00e8rement offerte, a le pouvoir de changer nos c\u0153urs et de modifier le destin de l\u2019histoire.<\/p>\n<p>La oraison du matin se trouve \u00eatre un temps favoris\u00e9 afin de se consacrer \u00e0 Dieu avec l\u2019intercession de Marie, en offrant nos acclamations, nos actions de gr\u00e2ce et nos intentions les plus intimes. \u00c0 travers l\u2019 qui\u00e9tude du l\u2019aurore, nous sommes invit\u00e9s pour se tourner envers cette m\u00e8re divine, qui on guide avec douceur au sujet de le chemin du la croyance et l\u2019amour divin. En associant nos voix \u00e0 cette derni\u00e8re de Marie, nous haussant nos pri\u00e8res matinales \u00e0 le tr\u00f4ne de la gr\u00e2ce, assur\u00e9s que notre supplications seront entendues et accueillies par le c\u0153ur mis\u00e9ricordieux de Dieu.<\/p>\n<h2> Pri\u00e8re envers le d\u00e9but de journ\u00e9e avec Dieu et la Vierge Marie<\/h2>\n<p>\u00d4 Tout-Puissant et Mis\u00e9ricordieux Seigneur, en ce nouveau jour qui commence sous la clart\u00e9 de ta divine lumi\u00e8re, je viens \u00e0 Toi avec c\u0153ur rempli de confiance et d\u2019humilit\u00e9. Que cette nouvelle journ\u00e9e qui se profile soit consacr\u00e9e \u00e0 ton saint nom, que chaque battement de mon c\u0153ur |chaque regard de mes yeux|chacune de mes paroles|chacun de mes gestes} te soit offert en offrande. Que chaque respiration qui anime mon \u00eatre soit un soupir de d\u00e9votion |un souffle vers toi|un souffle de vie en toi}. Suppliez, priez, que nos c\u0153urs implorent, priez, que nos esprits s\u2019\u00e9l\u00e8vent.<\/p>\n<p>Comme Marie, la m\u00e8re sainte qui a port\u00e9 en son sein l\u2019enfant J\u00e9sus, conduis-moi dans ce voyage de foi et de d\u00e9votion. Que je puisse, \u00e0 travers les pages de l\u2019\u00c9vangile, rencontrer la lueur pour \u00e9clairer mes pas et fortifier ma foi. \u00c0 l\u2019instar de Pierre, octroie-moi la vigueur et le courage de faire face \u00e0 les temp\u00eates de la vie avec une foi in\u00e9branlable en ta divine providence.<\/p>\n<p>Durant ce temps de Car\u00eame, o\u00f9 les fid\u00e8les et les chr\u00e9tiennes se pr\u00e9parent \u00e0 honorer la r\u00e9surrection de notre Seigneur bien-aim\u00e9, octroie-moi, Seigneur, la gr\u00e2ce du r\u00e9veil spirituel. Que mon c\u0153ur soit purifi\u00e9 de toute impuret\u00e9, afin qu\u2019il devienne un lieu sacr\u00e9 o\u00f9 tu r\u00e9sides. Que mes pri\u00e8res, \u00e0 l\u2019image de Fran\u00e7ois d\u2019Assise, sonne comme un hymne de louange \u00e0 travers les si\u00e8cles.<br \/>\nDieu Tout-Puissant, que chaque jour soit impr\u00e9gn\u00e9 de ton amour, que chacun des instants soit une occasion de entrer en communion avec toi et de te servir dans mes fr\u00e8res et s\u0153urs. Que mon existence soit un t\u00e9moignage vivant de ta mis\u00e9ricorde sans limite envers l\u2019humanit\u00e9. Puissent les mots de la pri\u00e8re de Hozana monter vers toi comme un doux parfum, enveloppant chaque instant de ma journ\u00e9e dans une douce tranquillit\u00e9. Priez, \u00c9glise, Fran\u00e7ois, Hozana.<\/p>\n<p>Puissent mon c\u0153ur, Seigneur, devienne une r\u00e9plique du tien, rempli d\u2019amour, de compassion et de mis\u00e9ricorde envers mes semblables. Que toutes mes pens\u00e9es et mes actions soient conduites par l\u2019Esprit divin, afin que je puisse contribuer \u00e0 l\u2019av\u00e8nement de ta justice sur la terre.<\/p>\n<p>Que cette journ\u00e9e soit une nouvelle \u00e9tape dans mon cheminement spirituel, une occasion de grandir dans la foi. Seigneur, envahis mon c\u0153ur, transforme-le en ton sanctuaire, o\u00f9 ta pr\u00e9sence se manifeste \u00e0 chaque instant. Que chaque pulsation de mon c\u0153ur se transforme en un chant en ton honneur, Seigneur, pour toujours. Amen.<\/p>\n<p>Pendant le r\u00e9veil spirituel religieux de tout \u00e2me chr\u00e9tienne, la supplication a un r\u00f4le. Elle est la connexion \u00e9troite entre l\u2019enfant de Dieu et sa m\u00e8re c\u00e9leste, la Vierge Marie, la sainte supplie pour le compte de nous devant son c\u00e9leste Fils. \u00c0 travers la supplication, nous p\u00e9n\u00e9trons au c\u0153ur de la clart\u00e9 de la parole de Dieu, men\u00e9s avec l\u2019Esprit divin, dans le but de trouver la vraie nature et la gr\u00e2ce que J\u00e9sus nous offre.<\/p>\n<h2>Contemplation de la divine Parole du Seigneur : <\/h2>\n<p>Il nous est possible de pouvons m\u00e9diter au sujet de un passage de la Bible dont nous parle de la tendresse divin. \u00c0 titre d\u2019exemple :<\/p>\n<h3>1 Corinthiens 13, 1-8 : <\/h3>\n<p>\u00ab\u00a0Et quand je distribuerais tous mes biens pour la nourriture des pauvres, quand je livrerais m\u00eame mon corps pour \u00eatre br\u00fbl\u00e9, si je n\u2019ai pas l\u2019amour, cela ne me sert \u00e0 rien..\u00a0\u00bb<\/p>\n<p>Ce th\u00e8me r\u00e9pond \u00e0 vos questions vous adorerez \u00e9galement ces ouvrages:<\/p>\n<p>Souvenirs po\u00e9tiques de l\u2019\u00e9cole romantique.,<a target=\"_blank\" rel=\"nofollow\" href=\"https:\/\/editionsbussiere.com\/blog\/goto\/https:\/\/fr.wikisource.org\/wiki\/Souvenirs_po%C3%A9tiques_de_l%E2%80%99%C3%A9cole_romantique\"  target=\"_blank\" rel=\"noopener noreferrer nofollow\">Le dossier.<\/a><span><\/span>. Suite sur le prochain article.<\/p>\n<p>Melmoth ou l\u2019Homme errant\/XXXIX.,<a target=\"_blank\" rel=\"nofollow\" href=\"https:\/\/editionsbussiere.com\/blog\/goto\/https:\/\/fr.wikisource.org\/wiki\/Melmoth_ou_l%E2%80%99Homme_errant\/XXXIX\"  target=\"_blank\" rel=\"noopener noreferrer nofollow\">Ici.<\/a><span><\/span><\/p>\n<p>Les Mages (Verhaeren).,<a target=\"_blank\" rel=\"nofollow\" href=\"https:\/\/editionsbussiere.com\/blog\/goto\/https:\/\/fr.wikisource.org\/wiki\/Les_Mages_(Verhaeren)\"  target=\"_blank\" rel=\"noopener noreferrer nofollow\">Article complet.<\/a><span><\/span>. Suite sur le prochain article.<\/p>\n<p>Le Serviteur\/3\/10.,<a target=\"_blank\" rel=\"nofollow\" href=\"https:\/\/editionsbussiere.com\/blog\/goto\/https:\/\/fr.wikisource.org\/wiki\/Le_Serviteur\/3\/10\"  target=\"_blank\" rel=\"noopener noreferrer nofollow\">Ici.<\/a><span><\/span>. Suite sur le prochain article.<\/p>\n<p>Dictionnaire de Tr\u00e9voux\/6e \u00e9dition, 1771\/CONS\u00c9CRATION.,<a target=\"_blank\" rel=\"nofollow\" href=\"https:\/\/editionsbussiere.com\/blog\/goto\/https:\/\/fr.wikisource.org\/wiki\/Dictionnaire_de_Tr%C3%A9voux\/6e_%C3%A9dition,_1771\/CONS%C3%89CRATION\"  target=\"_blank\" rel=\"noopener noreferrer nofollow\">Ici.<\/a><span><\/span><\/p>\n<p>Association de Demi-Vierges Vol.I\/XII.,<a target=\"_blank\" rel=\"nofollow\" href=\"https:\/\/editionsbussiere.com\/blog\/goto\/https:\/\/fr.wikisource.org\/wiki\/Association_de_Demi-Vierges_Vol.I\/XII\"  target=\"_blank\" rel=\"noopener noreferrer nofollow\">Article complet.<\/a><span><\/span>. Suite sur le prochain article.<\/p>\n<\/div>\n<p><img decoding=\"async\" class=\"wpe_imgrss\" src=\"https:\/\/editionsbussiere.com\/blog\/wp-content\/uploads\/2024\/09\/Ce-que-les-catholiques-devraient-savoir-sur-les-pretendues-apparitions.webp.webp\">Cet article a \u00e9t\u00e9 reconstitu\u00e9 du mieux possible. Dans l\u2019hypoth\u00e8se o\u00f9 vous souhaitez apporter quelques modifications concernant le th\u00e8me \u00ab\u00a0Editions \u00e9sot\u00e9rique fond\u00e9e en 1927\u00a0\u00bb, il est possible de discuter avec notre r\u00e9daction. Vous pouvez tirer profit de cet article traitant le sujet \u00ab\u00a0Editions \u00e9sot\u00e9rique fond\u00e9e en 1927\u00a0\u00bb. Il est concoct\u00e9 par l\u2019\u00e9quipe editionsbussiere.com. Le site editionsbussiere.com est fait pour cr\u00e9er divers posts autour du th\u00e8me Editions \u00e9sot\u00e9rique fond\u00e9e en 1927 d\u00e9velopp\u00e9es sur internet. Consultez notre site internet editionsbussiere.com et nos r\u00e9seaux sociaux pour \u00eatre au courant des futures annonces.<\/p>\n","protected":false},"excerpt":{"rendered":"<p>Cette statue de la Sainte Vierge Marie se trouve sur la colline des apparitions, surplombant le village de Medjugorje, une ville de Bosnie-Herz\u00e9govine. \/ Cr\u00e9dit : Adam Jan Figel\/Shutterstock National Catholic Register, 19 septembre 2024 \/ 16h45 (CNA). Depuis les 24 et 25 juin 1981, veille et f\u00eate de la Nativit\u00e9 de saint Jean-Baptiste, lorsque [&hellip;]<\/p>\n","protected":false},"author":3,"featured_media":1366,"comment_status":"closed","ping_status":"closed","sticky":false,"template":"","format":"standard","meta":{"footnotes":""},"categories":[3],"tags":[],"class_list":["post-1365","post","type-post","status-publish","format-standard","has-post-thumbnail","hentry","category-editions-esoterique-fondee-en-1927-depeches","entry","fw-tab-6 fw-tabr-4","has-featured-image"],"yoast_head":"<!-- This site is optimized with the Yoast SEO plugin v27.5 - https:\/\/yoast.com\/product\/yoast-seo-wordpress\/ -->\n<title>Ce que les catholiques devraient savoir sur les pr\u00e9tendues apparitions mariales \u2013 Catholic World Report et pri\u00e8re en d\u00e9but de journ\u00e9e. - EDITIONSBUSSIERE<\/title>\n<meta name=\"robots\" content=\"index, follow, max-snippet:-1, max-image-preview:large, max-video-preview:-1\" \/>\n<link rel=\"canonical\" href=\"https:\/\/editionsbussiere.com\/blog\/ce-que-les-catholiques-devraient-savoir-sur-les-pretendues-apparitions-mariales-catholic-world-report-et-priere-en-debut-de-journee\/\" \/>\n<meta property=\"og:locale\" content=\"fr_FR\" \/>\n<meta property=\"og:type\" content=\"article\" \/>\n<meta property=\"og:title\" content=\"Ce que les catholiques devraient savoir sur les pr\u00e9tendues apparitions mariales \u2013 Catholic World Report et pri\u00e8re en d\u00e9but de journ\u00e9e. - EDITIONSBUSSIERE\" \/>\n<meta property=\"og:description\" content=\"Cette statue de la Sainte Vierge Marie se trouve sur la colline des apparitions, surplombant le village de Medjugorje, une ville de Bosnie-Herz\u00e9govine. \/ Cr\u00e9dit : Adam Jan Figel\/Shutterstock National Catholic Register, 19 septembre 2024 \/ 16h45 (CNA). Depuis les 24 et 25 juin 1981, veille et f\u00eate de la Nativit\u00e9 de saint Jean-Baptiste, lorsque [&hellip;]\" \/>\n<meta property=\"og:url\" content=\"https:\/\/editionsbussiere.com\/blog\/ce-que-les-catholiques-devraient-savoir-sur-les-pretendues-apparitions-mariales-catholic-world-report-et-priere-en-debut-de-journee\/\" \/>\n<meta property=\"og:site_name\" content=\"EDITIONSBUSSIERE\" \/>\n<meta property=\"article:published_time\" content=\"2024-09-20T04:55:02+00:00\" \/>\n<meta property=\"og:image\" content=\"https:\/\/editionsbussiere.com\/blog\/wp-content\/uploads\/2024\/09\/Ce-que-les-catholiques-devraient-savoir-sur-les-pretendues-apparitions.webp.webp\" \/>\n<meta name=\"author\" content=\"Marie BATICLE\" \/>\n<meta name=\"twitter:card\" content=\"summary_large_image\" \/>\n<meta name=\"twitter:label1\" content=\"\u00c9crit par\" \/>\n\t<meta name=\"twitter:data1\" content=\"Marie BATICLE\" \/>\n\t<meta name=\"twitter:label2\" content=\"Dur\u00e9e de lecture estim\u00e9e\" \/>\n\t<meta name=\"twitter:data2\" content=\"18 minutes\" \/>\n<script type=\"application\/ld+json\" class=\"yoast-schema-graph\">{\"@context\":\"https:\\\/\\\/schema.org\",\"@graph\":[{\"@type\":\"Article\",\"@id\":\"https:\\\/\\\/editionsbussiere.com\\\/blog\\\/ce-que-les-catholiques-devraient-savoir-sur-les-pretendues-apparitions-mariales-catholic-world-report-et-priere-en-debut-de-journee\\\/#article\",\"isPartOf\":{\"@id\":\"https:\\\/\\\/editionsbussiere.com\\\/blog\\\/ce-que-les-catholiques-devraient-savoir-sur-les-pretendues-apparitions-mariales-catholic-world-report-et-priere-en-debut-de-journee\\\/\"},\"author\":{\"name\":\"Marie BATICLE\",\"@id\":\"https:\\\/\\\/editionsbussiere.com\\\/blog\\\/#\\\/schema\\\/person\\\/ec90e102792148c97e46ab871010dd8f\"},\"headline\":\"Ce que les catholiques devraient savoir sur les pr\u00e9tendues apparitions mariales \u2013 Catholic World Report et pri\u00e8re en d\u00e9but de journ\u00e9e.\",\"datePublished\":\"2024-09-20T04:55:02+00:00\",\"mainEntityOfPage\":{\"@id\":\"https:\\\/\\\/editionsbussiere.com\\\/blog\\\/ce-que-les-catholiques-devraient-savoir-sur-les-pretendues-apparitions-mariales-catholic-world-report-et-priere-en-debut-de-journee\\\/\"},\"wordCount\":3601,\"publisher\":{\"@id\":\"https:\\\/\\\/editionsbussiere.com\\\/blog\\\/#organization\"},\"image\":{\"@id\":\"https:\\\/\\\/editionsbussiere.com\\\/blog\\\/ce-que-les-catholiques-devraient-savoir-sur-les-pretendues-apparitions-mariales-catholic-world-report-et-priere-en-debut-de-journee\\\/#primaryimage\"},\"thumbnailUrl\":\"https:\\\/\\\/editionsbussiere.com\\\/blog\\\/wp-content\\\/uploads\\\/2024\\\/09\\\/Ce-que-les-catholiques-devraient-savoir-sur-les-pretendues-apparitions.webp.webp\",\"articleSection\":[\"Editions \u00c9sot\u00e9rique Fond\u00e9e En 1927; D\u00e9p\u00e8ches:\"],\"inLanguage\":\"fr-FR\"},{\"@type\":\"WebPage\",\"@id\":\"https:\\\/\\\/editionsbussiere.com\\\/blog\\\/ce-que-les-catholiques-devraient-savoir-sur-les-pretendues-apparitions-mariales-catholic-world-report-et-priere-en-debut-de-journee\\\/\",\"url\":\"https:\\\/\\\/editionsbussiere.com\\\/blog\\\/ce-que-les-catholiques-devraient-savoir-sur-les-pretendues-apparitions-mariales-catholic-world-report-et-priere-en-debut-de-journee\\\/\",\"name\":\"Ce que les catholiques devraient savoir sur les pr\u00e9tendues apparitions mariales \u2013 Catholic World Report et pri\u00e8re en d\u00e9but de journ\u00e9e. - EDITIONSBUSSIERE\",\"isPartOf\":{\"@id\":\"https:\\\/\\\/editionsbussiere.com\\\/blog\\\/#website\"},\"primaryImageOfPage\":{\"@id\":\"https:\\\/\\\/editionsbussiere.com\\\/blog\\\/ce-que-les-catholiques-devraient-savoir-sur-les-pretendues-apparitions-mariales-catholic-world-report-et-priere-en-debut-de-journee\\\/#primaryimage\"},\"image\":{\"@id\":\"https:\\\/\\\/editionsbussiere.com\\\/blog\\\/ce-que-les-catholiques-devraient-savoir-sur-les-pretendues-apparitions-mariales-catholic-world-report-et-priere-en-debut-de-journee\\\/#primaryimage\"},\"thumbnailUrl\":\"https:\\\/\\\/editionsbussiere.com\\\/blog\\\/wp-content\\\/uploads\\\/2024\\\/09\\\/Ce-que-les-catholiques-devraient-savoir-sur-les-pretendues-apparitions.webp.webp\",\"datePublished\":\"2024-09-20T04:55:02+00:00\",\"breadcrumb\":{\"@id\":\"https:\\\/\\\/editionsbussiere.com\\\/blog\\\/ce-que-les-catholiques-devraient-savoir-sur-les-pretendues-apparitions-mariales-catholic-world-report-et-priere-en-debut-de-journee\\\/#breadcrumb\"},\"inLanguage\":\"fr-FR\",\"potentialAction\":[{\"@type\":\"ReadAction\",\"target\":[\"https:\\\/\\\/editionsbussiere.com\\\/blog\\\/ce-que-les-catholiques-devraient-savoir-sur-les-pretendues-apparitions-mariales-catholic-world-report-et-priere-en-debut-de-journee\\\/\"]}]},{\"@type\":\"ImageObject\",\"inLanguage\":\"fr-FR\",\"@id\":\"https:\\\/\\\/editionsbussiere.com\\\/blog\\\/ce-que-les-catholiques-devraient-savoir-sur-les-pretendues-apparitions-mariales-catholic-world-report-et-priere-en-debut-de-journee\\\/#primaryimage\",\"url\":\"https:\\\/\\\/editionsbussiere.com\\\/blog\\\/wp-content\\\/uploads\\\/2024\\\/09\\\/Ce-que-les-catholiques-devraient-savoir-sur-les-pretendues-apparitions.webp.webp\",\"contentUrl\":\"https:\\\/\\\/editionsbussiere.com\\\/blog\\\/wp-content\\\/uploads\\\/2024\\\/09\\\/Ce-que-les-catholiques-devraient-savoir-sur-les-pretendues-apparitions.webp.webp\",\"width\":760,\"height\":507,\"caption\":\"Ce que les catholiques devraient savoir sur les pretendues apparitions.webp\"},{\"@type\":\"BreadcrumbList\",\"@id\":\"https:\\\/\\\/editionsbussiere.com\\\/blog\\\/ce-que-les-catholiques-devraient-savoir-sur-les-pretendues-apparitions-mariales-catholic-world-report-et-priere-en-debut-de-journee\\\/#breadcrumb\",\"itemListElement\":[{\"@type\":\"ListItem\",\"position\":1,\"name\":\"Accueil\",\"item\":\"https:\\\/\\\/editionsbussiere.com\\\/blog\\\/\"},{\"@type\":\"ListItem\",\"position\":2,\"name\":\"Ce que les catholiques devraient savoir sur les pr\u00e9tendues apparitions mariales \u2013 Catholic World Report et pri\u00e8re en d\u00e9but de journ\u00e9e.\"}]},{\"@type\":\"WebSite\",\"@id\":\"https:\\\/\\\/editionsbussiere.com\\\/blog\\\/#website\",\"url\":\"https:\\\/\\\/editionsbussiere.com\\\/blog\\\/\",\"name\":\"EDITIONSBUSSIERE\",\"description\":\"Editions \u00e9sot\u00e9rique fond\u00e9e en 1927; site historique, A SAVOIR ET RETENIR.\",\"publisher\":{\"@id\":\"https:\\\/\\\/editionsbussiere.com\\\/blog\\\/#organization\"},\"potentialAction\":[{\"@type\":\"SearchAction\",\"target\":{\"@type\":\"EntryPoint\",\"urlTemplate\":\"https:\\\/\\\/editionsbussiere.com\\\/blog\\\/?s={search_term_string}\"},\"query-input\":{\"@type\":\"PropertyValueSpecification\",\"valueRequired\":true,\"valueName\":\"search_term_string\"}}],\"inLanguage\":\"fr-FR\"},{\"@type\":\"Organization\",\"@id\":\"https:\\\/\\\/editionsbussiere.com\\\/blog\\\/#organization\",\"name\":\"editionsbussiere\",\"url\":\"https:\\\/\\\/editionsbussiere.com\\\/blog\\\/\",\"logo\":{\"@type\":\"ImageObject\",\"inLanguage\":\"fr-FR\",\"@id\":\"https:\\\/\\\/editionsbussiere.com\\\/blog\\\/#\\\/schema\\\/logo\\\/image\\\/\",\"url\":\"https:\\\/\\\/editionsbussiere.com\\\/blog\\\/wp-content\\\/uploads\\\/2023\\\/09\\\/cropped-buss.gif\",\"contentUrl\":\"https:\\\/\\\/editionsbussiere.com\\\/blog\\\/wp-content\\\/uploads\\\/2023\\\/09\\\/cropped-buss.gif\",\"width\":298,\"height\":120,\"caption\":\"editionsbussiere\"},\"image\":{\"@id\":\"https:\\\/\\\/editionsbussiere.com\\\/blog\\\/#\\\/schema\\\/logo\\\/image\\\/\"}},{\"@type\":\"Person\",\"@id\":\"https:\\\/\\\/editionsbussiere.com\\\/blog\\\/#\\\/schema\\\/person\\\/ec90e102792148c97e46ab871010dd8f\",\"name\":\"Marie BATICLE\",\"image\":{\"@type\":\"ImageObject\",\"inLanguage\":\"fr-FR\",\"@id\":\"https:\\\/\\\/secure.gravatar.com\\\/avatar\\\/c923e52403b1b8137e2d929127211d21967e6aecaa053bd43b09da29f212e76e?s=96&d=mm&r=g\",\"url\":\"https:\\\/\\\/secure.gravatar.com\\\/avatar\\\/c923e52403b1b8137e2d929127211d21967e6aecaa053bd43b09da29f212e76e?s=96&d=mm&r=g\",\"contentUrl\":\"https:\\\/\\\/secure.gravatar.com\\\/avatar\\\/c923e52403b1b8137e2d929127211d21967e6aecaa053bd43b09da29f212e76e?s=96&d=mm&r=g\",\"caption\":\"Marie BATICLE\"},\"url\":\"https:\\\/\\\/editionsbussiere.com\\\/blog\\\/author\\\/eremarie\\\/\"}]}<\/script>\n<!-- \/ Yoast SEO plugin. -->","yoast_head_json":{"title":"Ce que les catholiques devraient savoir sur les pr\u00e9tendues apparitions mariales \u2013 Catholic World Report et pri\u00e8re en d\u00e9but de journ\u00e9e. - EDITIONSBUSSIERE","robots":{"index":"index","follow":"follow","max-snippet":"max-snippet:-1","max-image-preview":"max-image-preview:large","max-video-preview":"max-video-preview:-1"},"canonical":"https:\/\/editionsbussiere.com\/blog\/ce-que-les-catholiques-devraient-savoir-sur-les-pretendues-apparitions-mariales-catholic-world-report-et-priere-en-debut-de-journee\/","og_locale":"fr_FR","og_type":"article","og_title":"Ce que les catholiques devraient savoir sur les pr\u00e9tendues apparitions mariales \u2013 Catholic World Report et pri\u00e8re en d\u00e9but de journ\u00e9e. - EDITIONSBUSSIERE","og_description":"Cette statue de la Sainte Vierge Marie se trouve sur la colline des apparitions, surplombant le village de Medjugorje, une ville de Bosnie-Herz\u00e9govine. \/ Cr\u00e9dit : Adam Jan Figel\/Shutterstock National Catholic Register, 19 septembre 2024 \/ 16h45 (CNA). Depuis les 24 et 25 juin 1981, veille et f\u00eate de la Nativit\u00e9 de saint Jean-Baptiste, lorsque [&hellip;]","og_url":"https:\/\/editionsbussiere.com\/blog\/ce-que-les-catholiques-devraient-savoir-sur-les-pretendues-apparitions-mariales-catholic-world-report-et-priere-en-debut-de-journee\/","og_site_name":"EDITIONSBUSSIERE","article_published_time":"2024-09-20T04:55:02+00:00","og_image":[{"url":"https:\/\/editionsbussiere.com\/blog\/wp-content\/uploads\/2024\/09\/Ce-que-les-catholiques-devraient-savoir-sur-les-pretendues-apparitions.webp.webp","type":"","width":"","height":""}],"author":"Marie BATICLE","twitter_card":"summary_large_image","twitter_misc":{"\u00c9crit par":"Marie BATICLE","Dur\u00e9e de lecture estim\u00e9e":"18 minutes"},"schema":{"@context":"https:\/\/schema.org","@graph":[{"@type":"Article","@id":"https:\/\/editionsbussiere.com\/blog\/ce-que-les-catholiques-devraient-savoir-sur-les-pretendues-apparitions-mariales-catholic-world-report-et-priere-en-debut-de-journee\/#article","isPartOf":{"@id":"https:\/\/editionsbussiere.com\/blog\/ce-que-les-catholiques-devraient-savoir-sur-les-pretendues-apparitions-mariales-catholic-world-report-et-priere-en-debut-de-journee\/"},"author":{"name":"Marie BATICLE","@id":"https:\/\/editionsbussiere.com\/blog\/#\/schema\/person\/ec90e102792148c97e46ab871010dd8f"},"headline":"Ce que les catholiques devraient savoir sur les pr\u00e9tendues apparitions mariales \u2013 Catholic World Report et pri\u00e8re en d\u00e9but de journ\u00e9e.","datePublished":"2024-09-20T04:55:02+00:00","mainEntityOfPage":{"@id":"https:\/\/editionsbussiere.com\/blog\/ce-que-les-catholiques-devraient-savoir-sur-les-pretendues-apparitions-mariales-catholic-world-report-et-priere-en-debut-de-journee\/"},"wordCount":3601,"publisher":{"@id":"https:\/\/editionsbussiere.com\/blog\/#organization"},"image":{"@id":"https:\/\/editionsbussiere.com\/blog\/ce-que-les-catholiques-devraient-savoir-sur-les-pretendues-apparitions-mariales-catholic-world-report-et-priere-en-debut-de-journee\/#primaryimage"},"thumbnailUrl":"https:\/\/editionsbussiere.com\/blog\/wp-content\/uploads\/2024\/09\/Ce-que-les-catholiques-devraient-savoir-sur-les-pretendues-apparitions.webp.webp","articleSection":["Editions \u00c9sot\u00e9rique Fond\u00e9e En 1927; D\u00e9p\u00e8ches:"],"inLanguage":"fr-FR"},{"@type":"WebPage","@id":"https:\/\/editionsbussiere.com\/blog\/ce-que-les-catholiques-devraient-savoir-sur-les-pretendues-apparitions-mariales-catholic-world-report-et-priere-en-debut-de-journee\/","url":"https:\/\/editionsbussiere.com\/blog\/ce-que-les-catholiques-devraient-savoir-sur-les-pretendues-apparitions-mariales-catholic-world-report-et-priere-en-debut-de-journee\/","name":"Ce que les catholiques devraient savoir sur les pr\u00e9tendues apparitions mariales \u2013 Catholic World Report et pri\u00e8re en d\u00e9but de journ\u00e9e. - EDITIONSBUSSIERE","isPartOf":{"@id":"https:\/\/editionsbussiere.com\/blog\/#website"},"primaryImageOfPage":{"@id":"https:\/\/editionsbussiere.com\/blog\/ce-que-les-catholiques-devraient-savoir-sur-les-pretendues-apparitions-mariales-catholic-world-report-et-priere-en-debut-de-journee\/#primaryimage"},"image":{"@id":"https:\/\/editionsbussiere.com\/blog\/ce-que-les-catholiques-devraient-savoir-sur-les-pretendues-apparitions-mariales-catholic-world-report-et-priere-en-debut-de-journee\/#primaryimage"},"thumbnailUrl":"https:\/\/editionsbussiere.com\/blog\/wp-content\/uploads\/2024\/09\/Ce-que-les-catholiques-devraient-savoir-sur-les-pretendues-apparitions.webp.webp","datePublished":"2024-09-20T04:55:02+00:00","breadcrumb":{"@id":"https:\/\/editionsbussiere.com\/blog\/ce-que-les-catholiques-devraient-savoir-sur-les-pretendues-apparitions-mariales-catholic-world-report-et-priere-en-debut-de-journee\/#breadcrumb"},"inLanguage":"fr-FR","potentialAction":[{"@type":"ReadAction","target":["https:\/\/editionsbussiere.com\/blog\/ce-que-les-catholiques-devraient-savoir-sur-les-pretendues-apparitions-mariales-catholic-world-report-et-priere-en-debut-de-journee\/"]}]},{"@type":"ImageObject","inLanguage":"fr-FR","@id":"https:\/\/editionsbussiere.com\/blog\/ce-que-les-catholiques-devraient-savoir-sur-les-pretendues-apparitions-mariales-catholic-world-report-et-priere-en-debut-de-journee\/#primaryimage","url":"https:\/\/editionsbussiere.com\/blog\/wp-content\/uploads\/2024\/09\/Ce-que-les-catholiques-devraient-savoir-sur-les-pretendues-apparitions.webp.webp","contentUrl":"https:\/\/editionsbussiere.com\/blog\/wp-content\/uploads\/2024\/09\/Ce-que-les-catholiques-devraient-savoir-sur-les-pretendues-apparitions.webp.webp","width":760,"height":507,"caption":"Ce que les catholiques devraient savoir sur les pretendues apparitions.webp"},{"@type":"BreadcrumbList","@id":"https:\/\/editionsbussiere.com\/blog\/ce-que-les-catholiques-devraient-savoir-sur-les-pretendues-apparitions-mariales-catholic-world-report-et-priere-en-debut-de-journee\/#breadcrumb","itemListElement":[{"@type":"ListItem","position":1,"name":"Accueil","item":"https:\/\/editionsbussiere.com\/blog\/"},{"@type":"ListItem","position":2,"name":"Ce que les catholiques devraient savoir sur les pr\u00e9tendues apparitions mariales \u2013 Catholic World Report et pri\u00e8re en d\u00e9but de journ\u00e9e."}]},{"@type":"WebSite","@id":"https:\/\/editionsbussiere.com\/blog\/#website","url":"https:\/\/editionsbussiere.com\/blog\/","name":"EDITIONSBUSSIERE","description":"Editions \u00e9sot\u00e9rique fond\u00e9e en 1927; site historique, A SAVOIR ET RETENIR.","publisher":{"@id":"https:\/\/editionsbussiere.com\/blog\/#organization"},"potentialAction":[{"@type":"SearchAction","target":{"@type":"EntryPoint","urlTemplate":"https:\/\/editionsbussiere.com\/blog\/?s={search_term_string}"},"query-input":{"@type":"PropertyValueSpecification","valueRequired":true,"valueName":"search_term_string"}}],"inLanguage":"fr-FR"},{"@type":"Organization","@id":"https:\/\/editionsbussiere.com\/blog\/#organization","name":"editionsbussiere","url":"https:\/\/editionsbussiere.com\/blog\/","logo":{"@type":"ImageObject","inLanguage":"fr-FR","@id":"https:\/\/editionsbussiere.com\/blog\/#\/schema\/logo\/image\/","url":"https:\/\/editionsbussiere.com\/blog\/wp-content\/uploads\/2023\/09\/cropped-buss.gif","contentUrl":"https:\/\/editionsbussiere.com\/blog\/wp-content\/uploads\/2023\/09\/cropped-buss.gif","width":298,"height":120,"caption":"editionsbussiere"},"image":{"@id":"https:\/\/editionsbussiere.com\/blog\/#\/schema\/logo\/image\/"}},{"@type":"Person","@id":"https:\/\/editionsbussiere.com\/blog\/#\/schema\/person\/ec90e102792148c97e46ab871010dd8f","name":"Marie BATICLE","image":{"@type":"ImageObject","inLanguage":"fr-FR","@id":"https:\/\/secure.gravatar.com\/avatar\/c923e52403b1b8137e2d929127211d21967e6aecaa053bd43b09da29f212e76e?s=96&d=mm&r=g","url":"https:\/\/secure.gravatar.com\/avatar\/c923e52403b1b8137e2d929127211d21967e6aecaa053bd43b09da29f212e76e?s=96&d=mm&r=g","contentUrl":"https:\/\/secure.gravatar.com\/avatar\/c923e52403b1b8137e2d929127211d21967e6aecaa053bd43b09da29f212e76e?s=96&d=mm&r=g","caption":"Marie BATICLE"},"url":"https:\/\/editionsbussiere.com\/blog\/author\/eremarie\/"}]}},"_links":{"self":[{"href":"https:\/\/editionsbussiere.com\/blog\/wp-json\/wp\/v2\/posts\/1365","targetHints":{"allow":["GET"]}}],"collection":[{"href":"https:\/\/editionsbussiere.com\/blog\/wp-json\/wp\/v2\/posts"}],"about":[{"href":"https:\/\/editionsbussiere.com\/blog\/wp-json\/wp\/v2\/types\/post"}],"author":[{"embeddable":true,"href":"https:\/\/editionsbussiere.com\/blog\/wp-json\/wp\/v2\/users\/3"}],"replies":[{"embeddable":true,"href":"https:\/\/editionsbussiere.com\/blog\/wp-json\/wp\/v2\/comments?post=1365"}],"version-history":[{"count":0,"href":"https:\/\/editionsbussiere.com\/blog\/wp-json\/wp\/v2\/posts\/1365\/revisions"}],"wp:featuredmedia":[{"embeddable":true,"href":"https:\/\/editionsbussiere.com\/blog\/wp-json\/wp\/v2\/media\/1366"}],"wp:attachment":[{"href":"https:\/\/editionsbussiere.com\/blog\/wp-json\/wp\/v2\/media?parent=1365"}],"wp:term":[{"taxonomy":"category","embeddable":true,"href":"https:\/\/editionsbussiere.com\/blog\/wp-json\/wp\/v2\/categories?post=1365"},{"taxonomy":"post_tag","embeddable":true,"href":"https:\/\/editionsbussiere.com\/blog\/wp-json\/wp\/v2\/tags?post=1365"}],"curies":[{"name":"wp","href":"https:\/\/api.w.org\/{rel}","templated":true}]}}