{"id":1346,"date":"2024-09-17T22:26:01","date_gmt":"2024-09-17T20:26:01","guid":{"rendered":"https:\/\/editionsbussiere.com\/blog\/notre-dame-du-maryland-sassocie-au-goucher-college-pour-un-programme-de-soins-infirmiers-et-requete-matinale\/"},"modified":"2024-09-17T22:26:01","modified_gmt":"2024-09-17T20:26:01","slug":"notre-dame-du-maryland-sassocie-au-goucher-college-pour-un-programme-de-soins-infirmiers-et-requete-matinale","status":"publish","type":"post","link":"https:\/\/editionsbussiere.com\/blog\/notre-dame-du-maryland-sassocie-au-goucher-college-pour-un-programme-de-soins-infirmiers-et-requete-matinale\/","title":{"rendered":"Notre Dame du Maryland s\u2019associe au Goucher College pour un programme de soins infirmiers\n et requ\u00eate matinale."},"content":{"rendered":"<div><img width=\"580\" height=\"386\" src=\"https:\/\/editionsbussiere.com\/blog\/wp-content\/uploads\/2024\/09\/Notre-Dame-du-Maryland-sassocie-au-Goucher-College-pour-un.jpg\" class=\"attachment-large size-large wp-post-image\" alt=\"Notre Dame du Maryland s'associe au Goucher College pour un\" style=\"float:left; margin:0 15px 15px 0;\" decoding=\"async\" srcset=\"https:\/\/editionsbussiere.com\/blog\/wp-content\/uploads\/2024\/09\/Notre-Dame-du-Maryland-sassocie-au-Goucher-College-pour-un.jpg 902w, https:\/\/www.n42.fr\/wp-content\/uploads\/2024\/09\/Notre-Dame-du-Maryland-sassocie-au-Goucher-College-pour-un-300x200.jpg 300w, https:\/\/www.n42.fr\/wp-content\/uploads\/2024\/09\/Notre-Dame-du-Maryland-sassocie-au-Goucher-College-pour-un-768x511.jpg 768w\" sizes=\"(max-width: 580px) 100vw, 580px\"><\/p>\n<p>\n<\/p>\n<div>\n<p>L\u2019Universit\u00e9 Notre Dame du Maryland et le Goucher College s\u2019associent pour proposer un programme acc\u00e9l\u00e9r\u00e9 de baccalaur\u00e9at en sciences infirmi\u00e8res permettant aux \u00e9tudiants d\u2019obtenir un deuxi\u00e8me dipl\u00f4me.<\/p>\n<p>Le partenariat permettra aux \u00e9tudiants de Goucher qui obtiennent un baccalaur\u00e9at et ont la formation g\u00e9n\u00e9rale n\u00e9cessaire et les cours pr\u00e9requis, la possibilit\u00e9 \u00ab d\u2019avoir une transition en douceur \u00bb vers le programme de deuxi\u00e8me cycle de 15 mois de la NDMU, selon Kathleen Z. Wisser, doyenne des soins infirmiers de la NDMU.<\/p>\n<p>\u00ab Ils (les dipl\u00f4m\u00e9s de Goucher) b\u00e9n\u00e9ficient d\u2019un conseiller en sant\u00e9 qui les guide \u00bb, a d\u00e9clar\u00e9 Wisser. \u00ab L\u2019\u00e9tudiant peut aimer la biologie et obtenir son dipl\u00f4me dans ce domaine, mais aussi vouloir devenir infirmier. \u00c0 Goucher, ils obtiendront un baccalaur\u00e9at et acc\u00e9deront directement \u00e0 notre programme. \u00bb<\/p>\n<p>Depuis 2019, la NDMU propose un programme acc\u00e9l\u00e9r\u00e9 de formation en soins infirmiers de 15 mois pour ceux qui cherchent \u00e0 changer de carri\u00e8re. Toute \u00e9cole qui ne dispose pas de son propre programme de soins infirmiers peut avoir un partenariat similaire, a-t-elle d\u00e9clar\u00e9, notant que l\u2019Universit\u00e9 Mount St. Mary\u2019s \u00e0 Emmitsburg est d\u00e9j\u00e0 partenaire.<\/p>\n<p>La pr\u00e9sidente de la NDMU, Marylou Yam, et le pr\u00e9sident du Goucher College, Kent Devereaux, ont particip\u00e9 \u00e0 une c\u00e9r\u00e9monie de signature de l\u2019accord conjoint le 13 septembre sur le campus de la NDMU \u00e0 Baltimore, dans le Centre de soins avec la technologie du b\u00e2timent acad\u00e9mique de l\u2019universit\u00e9.<\/p>\n<p>\u00ab Nous sommes fiers de nous associer \u00e0 Goucher pour offrir aux \u00e9tudiants en pr\u00e9-sant\u00e9 la possibilit\u00e9 de faire la transition vers le programme acc\u00e9l\u00e9r\u00e9 de baccalaur\u00e9at en sciences infirmi\u00e8res de deuxi\u00e8me cycle de Notre Dame \u00bb, a d\u00e9clar\u00e9 Yam dans un communiqu\u00e9 de presse. \u00ab En tant qu\u2019infirmi\u00e8re autoris\u00e9e moi-m\u00eame, je connais de premi\u00e8re main l\u2019impact positif que les soins infirmiers professionnels ont sur les r\u00e9sultats des soins de sant\u00e9, la politique de sant\u00e9 et la recherche. Cet accord d\u00e9montre le d\u00e9vouement continu de Notre Dame pour aider \u00e0 construire le pipeline d\u2019infirmi\u00e8res autoris\u00e9es dans notre \u00c9tat. \u00bb<\/p>\n<p>Devereaux a d\u00e9clar\u00e9 que le partenariat entre NDMU et son coll\u00e8ge de Towson \u00ab nous permet de soutenir la r\u00e9ussite de nos \u00e9tudiants tout en contribuant \u00e0 rem\u00e9dier \u00e0 la p\u00e9nurie de professionnels de la sant\u00e9 dans le Maryland \u00bb.<\/p>\n<p>Le programme ABSN de la NDMU, accr\u00e9dit\u00e9 au niveau national, se d\u00e9roule sur quatre semestres cons\u00e9cutifs, avec des dates de d\u00e9but en janvier, mai et septembre. Deux formats sont disponibles, un en personne avec des cours dispens\u00e9s sur les campus de Baltimore et d\u2019Elkridge de la NDMU, et un mod\u00e8le hybride avec des cours virtuels et uniquement des stages et des simulations dispens\u00e9s en personne.<\/p>\n<p>Les \u00e9tudiants en soins infirmiers de la NDMU ont obtenu un taux de r\u00e9ussite de 94,81 % du premier coup \u00e0 l\u2019examen du Conseil national des licences pour les infirmi\u00e8res autoris\u00e9es au cours de l\u2019exercice 2024.<\/p>\n<p>\u00ab Ils sont tr\u00e8s bien pr\u00e9par\u00e9s pendant leur s\u00e9jour ici \u00bb, a d\u00e9clar\u00e9 Wisser. <\/p>\n<section class=\"ab-block-post-grid featuredpost aligncenter\">\n<h2 class=\"ab-post-grid-section-title\">Lire la suite Coll\u00e8ges<\/h2>\n<\/section>\n<p class=\"post-copyright\">Droits d\u2019auteur \u00a9 2024 Catholic Review Media<\/p>\n<p class=\"print-friendly\"><img decoding=\"async\" class=\"WP-PrintIcon\" src=\"https:\/\/editionsbussiere.com\/blog\/wp-content\/uploads\/2024\/09\/printer_famfamfam-2.gif\" alt=\"Imprimer\" title=\"Imprimer\" style=\"border: 0px;\"> Imprimer<\/p>\n<p>\t\t\t<!--<rdf:RDF xmlns:rdf=\"http:\/\/www.w3.org\/1999\/02\/22-rdf-syntax-ns#\"\n\t\t\txmlns:dc=\"http:\/\/purl.org\/dc\/elements\/1.1\/\"\n\t\t\txmlns:trackback=\"http:\/\/madskills.com\/public\/xml\/rss\/module\/trackback\/\">\n\t\t<rdf:Description rdf:about=\"https:\/\/catholicreview.org\/notre-dame-of-maryland-partners-with-goucher-college-for-nursing-program\/\"\n    dc:identifier=\"https:\/\/catholicreview.org\/notre-dame-of-maryland-partners-with-goucher-college-for-nursing-program\/\"\n    dc:title=\"Notre Dame of Maryland partners with Goucher College for nursing program\"\n    trackback:ping=\"https:\/\/catholicreview.org\/notre-dame-of-maryland-partners-with-goucher-college-for-nursing-program\/trackback\/\" \/>\n<\/rdf:RDF>-->\n<\/p>\n<\/div>\n<h2>Un moment de pri\u00e8re intime afin de nous connecter avec Dieu. <\/h2>\n<p>Bien-aim\u00e9 P\u00e8re c\u00e9leste, je viens face \u00e0 toi afin que je puisse te exprimer ma gratitude en raison de cette nouvelle journ\u00e9e. Je t\u2019adore en raison de ta bont\u00e9 et ta loyaut\u00e9 envers moi. Je te demande de me remplir de ta saintet\u00e9 et de me donner la gr\u00e2ce d\u2019\u00e9prouver ta pr\u00e8s de moi tout au long de cette journ\u00e9e. Je d\u00e9pose entre tes mains toutes mes inqui\u00e9tudes, mes plaisirs, mes afflictions, mes d\u00e9sirs et mes attentes. Puisses ton esprit sacr\u00e9 \u00e9claire mon esprit et renforce ma foi, afin que je puisse marcher dans ta voie et effectuer ta volont\u00e9. Donne-moi la gr\u00e2ce de mener selon la compassion dont tu nous as montr\u00e9 l\u2019exemple \u00e0 travers ton Fils bien-aim\u00e9, J\u00e9sus-Christ.<\/p>\n<h3> Note de compr\u00e9hension : <\/h3>\n<p>La pri\u00e8re nous entra\u00eene dans le famille divine, l\u00e0 o\u00f9 le Seigneur le Cr\u00e9ateur nous accueille comme ses prog\u00e9nitures bien-aim\u00e9s. Dans cette relation familial, nous rencontrons la puissance ainsi que la consolation en vue de affronter les difficult\u00e9s de ce. Elle nous rem\u00e9more les paroles de Pierre, celui-ci incite les disciples du Christ \u00e0 demeurer fermes dans foi, m\u00eame au milieu des \u00e9preuves de ce monde-ci.<\/p>\n<h3>\nRenforcer notre connexion avec J\u00e9sus d\u00e8s le matin<\/h3>\n<p>Nous avons la possibilit\u00e9 de m\u00e9diter sur l\u2019un des diff\u00e9rents \u00e9vangiles en vue de nous ouvrir avec J\u00e9sus. Par exemple :<\/p>\n<h3>Jean 15, 9-17 : <\/h3>\n<p>\u00ab\u00a0Comme le P\u00e8re m\u2019a aim\u00e9, je vous ai aussi aim\u00e9s. Demeurez dans mon amour. Si vous gardez mes commandements, vous demeurerez dans mon amour, de m\u00eame que j\u2019ai gard\u00e9 les commandements de mon P\u00e8re et que je demeure dans son amour. Je vous ai dit ces choses, afin que ma joie soit en vous, et que votre joie soit parfaite.\u00a0\u00bb<\/p>\n<h2> Demander pardon \u00e0 Dieu \u00e0 cause de nos p\u00e9ch\u00e9s <\/h2>\n<p>Seigneur J\u00e9sus, je viens te prier de pardonner mes p\u00e9ch\u00e9s. Je suis que je ne suis pas sans d\u00e9faut et que j\u2019ai besoin de ta sainte mis\u00e9ricorde. Je te demande de me lib\u00e9rer de toute ce qui me d\u00e9tache de toi et de me accorder la gr\u00e2ce pour vivre en harmonie avec ta volont\u00e9. Que ta b\u00e9n\u00e9diction c\u00e9leste dissipe les coins les plus sombres de mon c\u0153ur, purifiant moi-m\u00eame et me guidant sur la voie de la saintet\u00e9. Amen.<\/p>\n<h3> Discussion en le Seigneur tel que avec un ami. <\/h3>\n<p>Nous sommes capables de discuter avec Dieu tel que \u00e0 l\u2019\u00e9gard de un ami intime, lui confier nos joies et nos peines, l\u2019\u00c9ternel demander de l\u2019aide dans nos d\u00e9fis quotidiens. Par exemple : Ma\u00eetre, b\u00e9n\u00e9diction pour cette nouvelle journ\u00e9e. Je me pr\u00e9sente te implorer de me soutenir \u00e0 \u00eatre tol\u00e9rant avec mes enfants et pour me accorder la force de faire face aux d\u00e9fis de la journ\u00e9e. Je te remets mes projets et mes soucis, et je te demande de me montrer comment je suis en mesure de te assister et t\u2019honorer aujourd\u2019hui. Accorde-moi, \u00f4 Seigneur, ta sagesse afin de prendre les bonnes d\u00e9cisions et ton soutien pour traverser les \u00e9preuves avec foi. Amen.<\/p>\n<h3> Un moment de tranquillit\u00e9 pour entendre Dieu. <\/h3>\n<p>Apr\u00e8s la pri\u00e8re et une m\u00e9ditation, il est crucial de prendre quelques moment de silence afin de \u00e9couter cette voix de Dieu dans nos propres c\u0153urs. Dans ce silence, on peut ressentir sa pr\u00e9sence sereine et recevoir ses inspirations afin de la journ\u00e9e qui vient.<\/p>\n<h3> Se tourner \u00e0 le Christ pour retrouver cette paix int\u00e9rieure. <\/h3>\n<p>Nous sommes capables de prier J\u00e9sus de nous donner sa paix et m\u2019assister nous assister pour \u00e9couter sa parole. Par exemple :<br \/>\nSeigneur J\u00e9sus, je me pr\u00e9sente te supplier de remplir mon propre c\u0153ur avec ta tendresse. Je te demande de me d\u00e9livrer de toutes les pens\u00e9es et les inqui\u00e9tudes me perturbent. Aide-moi en vue de \u00e9couter ta parole et \u00e0 la mettre en pratique dans ma vie. Que ton Esprit Saint, \u00f4 Christ, soit ma force tout au long de cette journ\u00e9e. Amen.<\/p>\n<h3> Achever la pri\u00e8re matinale en consacrant notre journ\u00e9e envers Dieu. <\/h3>\n<p>Nous pouvonsoffrir nos journ\u00e9e \u00e0 Dieu et m\u00eame lui demander afin de la remplir de sa pr\u00e9sence et aussi de sa b\u00e9n\u00e9diction. Par exemple :<br \/>\nSeigneur, moi te confesse cette journ\u00e9e entre ta mains. Que tous de mes pas soit dirig\u00e9 par ta divine sagesse, que toutes de mes paroles soit inspir\u00e9e par ton amour. Que toutes mes actions soient accomplies selon ton volont\u00e9, pour ton gloire et le bien. Que ta divine lumi\u00e8re \u00e9claire ma route et que tu habites mon c\u0153ur. Amen.<\/p>\n<h3> Invocation de demande matinale. <\/h3>\n<p>La supplication du matin consiste \u00e0 prier pour les besoins des chr\u00e9tiennes et de nos chr\u00e9tiens. Nous avons la possibilit\u00e9 de prier pour les personnes dans le besoin, pour les malades, pour les personnes qui sont souffrent, pour les personnes qui se trouvent confront\u00e9es \u00e0 des difficult\u00e9s, pour les personnes d\u00e9courag\u00e9es et pour les personnes qui sont dans l\u2019erreur.<\/p>\n<h3> Prier pour chacun individus au sein de le besoin. <\/p>\n<h3>\n<\/h3>\n<\/h3>\n<p>Seigneur, dans votre grande mis\u00e9ricorde, je te demandons pour chacune des personnes qui traversent des difficult\u00e9s financi\u00e8res. Que vous leur accordes la force et aussi la pers\u00e9v\u00e9rance pour affronter ces \u00e9preuves, ainsi que que lui leur apportes les ressources n\u00e9cessaires pour subvenir \u00e0 chaque leurs besoins. Accorde-leur, \u00f4, sa providence afin de illuminer leur pas dans les t\u00e9n\u00e8bres de leurs soucis financiers.<\/p>\n<p>On te demandons \u00e9galement afin de chaque personnes qui luttent vis-\u00e0-vis de de probl\u00e8mes de sant\u00e9. Que sa main puissante se pose sur elles, Seigneur, pour les gu\u00e9rir et les r\u00e9conforter dans leur douleur. Accorde-leur, Grand, la force et le courage de faire face \u00e0 leurs d\u00e9fis de sant\u00e9 en confiance en votre divine providence.<\/p>\n<p>On te demandons aussi en vue de l\u2019ensemble des personnes qui sont confront\u00e9es vis-\u00e0-vis de de difficult\u00e9s dans leur vie, que ce soit sur le domaine professionnel, relationnel ou bien \u00e9motionnel. Que ta gr\u00e2ce, Seigneur, reste leur soutien ainsi que leur r\u00e9confort dans ces moments d\u2019\u00e9preuve. Accorde-leur, Grand, ton Esprit Saint pour \u00e9clairer leur chemin ainsi que les guider vers la s\u00e9r\u00e9nit\u00e9.<\/p>\n<p>En conclusion, nous te prions pour toutes personnes qui sont sans-abri, les personnes qui sont marginalis\u00e9es et aussi exclues de la soci\u00e9t\u00e9. Que ta mis\u00e9ricorde, Seigneur, se r\u00e9pande sur elles comme la douce ros\u00e9e, leur apportant r\u00e9confort et \u00e9galement espoir dans leur d\u00e9tresse. Accorde-leur, \u00f4, des mains g\u00e9n\u00e9reuses afin de les aider et aussi des c\u0153urs compatissants en vue de les accueillir dans leur communaut\u00e9.<\/p>\n<h3> explication sur la pri\u00e8re du matin. <\/h3>\n<p>Au cours de la pri\u00e8re, nous \u00e9voquons nos \u00e2mes \u00e0 l\u2019\u00e9gard de le Ciel, demandant la lumi\u00e8re de Dieu pour \u00e9clairer nos chemins t\u00e9n\u00e9breux. Marie, notre m\u00e8re, nous guide dans ce parcours, nous enseignant \u00e0 ruminer sur les myst\u00e8res de la vie de son divin enfant. Elle nous guide vers J\u00e9sus, le rayon du monde, qui \u00e9claire nos t\u00e9n\u00e8bres et nous conduit \u00e0 la v\u00e9rit\u00e9.<br \/>\nLa oraison nous relie aussi \u00e0 notre famille spirituelle religieuse, la famille des croyants, o\u00f9 nous partageons nos all\u00e9gresses et nos peines, nos espoirs et nos craintes. Ensemble, nous formons le corps du Christ, convoqu\u00e9s \u00e0 attester de son amour. Par nos invocations, nous interc\u00e9dons pour les n\u00e9cessit\u00e9s des chr\u00e9tiennes et des croyants, offrant notre amour et notre piti\u00e9 \u00e0 ceux qui \u00e9prouvent.<br \/>\nPrions ensemble un pri\u00e8re du matin, dans notre confiance, en nous tournant vers Marie, la m\u00e8re de notre Seigneur J\u00e9sus-Christ. Au sein de notre monde troubl\u00e9 par la guerre et la discorde, optons \u00e0 la pri\u00e8re pour trouver de trouver la paix et l\u2019harmonie. Les chr\u00e9tiens ont la possibilit\u00e9 \u00e9crire une intention de pri\u00e8re pour la Vierge Marie <a target=\"_blank\" rel=\"nofollow\" href=\"https:\/\/editionsbussiere.com\/blog\/goto\/https:\/\/www.avemariasound.org\/\" >sur le web.<\/a> Que nos pri\u00e8res s\u2019\u00e9l\u00e8vent vers le ciel, comme une offrande agr\u00e9able \u00e0 Dieu, pour qu\u2019il puisse \u00e9clairer nos chemins vers le chemin de la justice et de la v\u00e9rit\u00e9. Saint Paul nous dans ses lettres \u00e0 maintenir une pri\u00e8re incessante, quelle que soit la situation, pour que notre communion avec Dieu soit solide et ardente. La pri\u00e8re, lorsqu\u2019elle est offerte sinc\u00e8rement, a la capacit\u00e9 de transformer les c\u0153urs et de modifier le destin de l\u2019histoire.<\/p>\n<h2> \u00c9lever nos propres pri\u00e8res pour notre entourage au Seigneur matinale.<\/h2>\n<p>Cette ultime \u00e9tape de la pri\u00e8re du matin consiste \u00e0 prier pour nos proches familles, notre famille, nos coll\u00e8gues et nos communaut\u00e9. Nous pouvons prier pour leur propre, leur bonheur, leur s\u00e9curit\u00e9, et leur r\u00e9ussite. Nous pouvons \u00e9galement prier pour nos adversaires et pour ces personnes qui nous ont heurt\u00e9s, et demander \u00e0 Dieu de nous aider \u00e0 leur propre pardonner et \u00e0 leur exprimer la compassion.<\/p>\n<h3> Prier pour la bien-\u00eatre et la tranquillit\u00e9 de nos amis.<\/h3>\n<p>Dieu tout-puissant, nous autres te confions nos amis, nos familles et nos amis. Prot\u00e8ge, cher Dieu, sur eux, ainsi que prot\u00e8ge -les de tout risque et de toute maladie. Offre, Seigneur, la sant\u00e9 du corps et de l\u2019esprit pour eux, et la paix dans leur esprit. Que ta b\u00e9n\u00e9diction omnipotente les veille et les individus conduise tout au long de cette journ\u00e9e, afin qu\u2019ils jouissent dans une tranquillit\u00e9 et aussi la s\u00e9r\u00e9nit\u00e9.<\/p>\n<p>Nous autres te prions \u00e9galement pour nos propres enfants, Dieu, qu\u2019ils grandissent dans leur foi et dans l\u2019amour de ton saint nom. Offre, cher Dieu, la sagesse avec le courage n\u00e9cessaires afin de affronter les \u00e9preuves de la vie, et aussi guide leurs pas sur le chemin de la v\u00e9rit\u00e9 et de la justice.<\/p>\n<p>Enfin, nous autres te prions pour nos amis et nos voisins, Seigneur, pour qu\u2019ils exp\u00e9rimentent la joie de ton amour avec la tranquillit\u00e9 de ton pardon. Offre-leur, \u00d4 Dieu, des c\u0153urs bienveillants pour partager avec ceux qui sont dans le besoin, et aussi bras largement ouvertes afin de accueillir ceux qui seuls ainsi que abandonn\u00e9s.<\/p>\n<h3> Prier pour les n\u00f4tres ennemis ainsi que ceux que nous autres ont offens\u00e9s. <\/h3>\n<p>Seigneur, J\u00e9sus, nous vous prions pour nos ennemis et aussi pour ceux-ci qui sont nous autres ont offens\u00e9s. Accorde-leur, \u00f4 Christ, ta mis\u00e9ricorde et aussi ton pardon, et aussi ouvre leur c\u0153ur \u00e0 la lumi\u00e8re de ta v\u00e9rit\u00e9. Aide-nous, Seigneur, \u00e0 leur montrer de la compassion et \u00e0 leur pardonner comme tu nous autres as pardonn\u00e9. Que votre paix r\u00e8gne dans notre c\u0153urs et que ton amour guide les n\u00f4tres actions, pour que nous puissions vivre en harmonie avec tous ceux qui sont nous autres entourent.<\/p>\n<h3> Appr\u00e9hender l\u2019 pri\u00e8re : <\/h3>\n<p>En conclusion, la oraison nous reconna\u00eet notre mission en tant que prog\u00e9niture de Dieu : \u00eatre des observateurs de sa lumi\u00e8re et de ses affection dans l\u2019 p\u00e9riode affect\u00e9e aux t\u00e9n\u00e8bres. \u00c0 travers nos paroles et nos actions, nous diffusons le message de la s\u00e9r\u00e9nit\u00e9 et de la r\u00e9conciliation, apportant l\u2019esp\u00e9rance et la cicatrisation \u00e0 un environnement bris\u00e9.<\/p>\n<p>Dans la spiritualit\u00e9 chr\u00e9tienne, l\u2019 aube rev\u00eat une signification sp\u00e9ciale, symbolisant le renouveau et la renaissance spirituelle. C\u2019est \u00e0 l\u2019aube de chaque matin\u00e9e que le c\u0153ur se oriente vers l\u2019\u00c9ternel dans l\u2019oraison, cherchant \u00e0 se trouver \u00e9clair\u00e9e par la lumi\u00e8re divine. La pratique des pri\u00e8res matinales est essentiellement enracin\u00e9e dans la tradition chr\u00e9tienne, offrant un moment privil\u00e9gi\u00e9 pour communier avec l\u2019\u00c9ternel et se pr\u00e9parer mentalement aux d\u00e9fis de la journ\u00e9e \u00e0 venir.<\/p>\n<p>\u00c0 au sein de ces pri\u00e8re matinales se observe habituellement une d\u00e9votion sp\u00e9ciale envers Marie, maman maternelle de J\u00e9sus et aussi figure sainte respect\u00e9e aupr\u00e8s de de nombreux fid\u00e8les. En qualit\u00e9 m\u00e8re intercesseur au milieu de les hommes et Dieu, Marie est invoqu\u00e9e pour interc\u00e9der pour nous, nous orientant dans le sentier de la saintet\u00e9 ainsi que de la gr\u00e2ce divine. Sa apparition maternelle donne r\u00e9confort ainsi que abri, cercant nos pri\u00e8re matinales avec une d\u00e9licatesse c\u00e9leste.<\/p>\n<p>Au via les pri\u00e8res du matin, nous sommes appel\u00e9s \u00e0 nous joindre \u00e0 Marie au sein de une d\u00e9marche pour sanctification personnelle. En m\u00e9ditant sur sa vie et ses vertus, nous explorons \u00e0 imiter son humilit\u00e9, sa puret\u00e9 ainsi que son ob\u00e9issance \u00e0 l\u2019 volont\u00e9 de Dieu. Gr\u00e2ce \u00e0 sa saintet\u00e9 parfaite, Marie se transforme en pour nous un mod\u00e8le de vie chr\u00e9tienne, nous rappelant l\u2019importance du pri\u00e8re et du contemplation au sein de nos cheminement spirituel.<\/p>\n<p>La r\u00e9citation du matin est ainsi un temps avantag\u00e9 afin de se consacrer \u00e0 Dieu avec l\u2019intercession de Marie, en lui pr\u00e9sentant nos acclamations, nos remerciements et nos intentions les plus intimes. Au sein de la qui\u00e9tude de l\u2019aurore, nous sommes invit\u00e9s pour se tourner vers cette maman sacr\u00e9e, laquelle nous guide avec affection sur du chemin du la croyance ainsi que du sentiment amoureux divin. En unissant nos voix \u00e0 celle de Marie, nous haussant nos pri\u00e8res matinales \u00e0 du tr\u00f4ne du du don divin, confiants que nos supplications seront entendues et accueillies par du c\u0153ur mis\u00e9ricordieux de Dieu.<\/p>\n<p>Ce th\u00e8me r\u00e9pond \u00e0 vos recherches vous adorerez pareillement ces ouvrages:<\/p>\n<p>Petits Po\u00e8mes d\u2019Automne\/Je ne sais plus par quelle contr\u00e9e.,<a target=\"_blank\" rel=\"nofollow\" href=\"https:\/\/editionsbussiere.com\/blog\/goto\/https:\/\/fr.wikisource.org\/wiki\/Petits_Po%C3%A8mes_d%E2%80%99Automne\/Je_ne_sais_plus_par_quelle_contr%C3%A9e\"  target=\"_blank\" rel=\"noopener noreferrer nofollow\">Le post d\u2019actualit\u00e9.<\/a><span><\/span><\/p>\n<p>Les R\u00eaves morts (Montreuil, deuxi\u00e8me \u00e9dition)\/Ma vieille \u00e9glise St-Roch.,<a target=\"_blank\" rel=\"nofollow\" href=\"https:\/\/editionsbussiere.com\/blog\/goto\/https:\/\/fr.wikisource.org\/wiki\/Les_R%C3%AAves_morts_(Montreuil,_deuxi%C3%A8me_%C3%A9dition)\/Ma_vieille_%C3%A9glise_St-Roch\"  target=\"_blank\" rel=\"noopener noreferrer nofollow\">Ici.<\/a><span><\/span><\/p>\n<p>Les Actes des Ap\u00f4tres\/65.,<a target=\"_blank\" rel=\"nofollow\" href=\"https:\/\/editionsbussiere.com\/blog\/goto\/https:\/\/fr.wikisource.org\/wiki\/Les_Actes_des_Ap%C3%B4tres\/65\"  target=\"_blank\" rel=\"noopener noreferrer nofollow\">Le texte de l\u2019article.<\/a><span><\/span><\/p>\n<p>Le Chant des Blancs.,<a target=\"_blank\" rel=\"nofollow\" href=\"https:\/\/editionsbussiere.com\/blog\/goto\/https:\/\/fr.wikisource.org\/wiki\/Le_Chant_des_Blancs\"  target=\"_blank\" rel=\"noopener noreferrer nofollow\">Ici.<\/a><span><\/span>. Suite sur le prochain article.<\/p>\n<p>L\u2019Encyclop\u00e9die\/1re \u00e9dition\/NEPHES-OGLI.,<a target=\"_blank\" rel=\"nofollow\" href=\"https:\/\/editionsbussiere.com\/blog\/goto\/https:\/\/fr.wikisource.org\/wiki\/L%E2%80%99Encyclop%C3%A9die\/1re_%C3%A9dition\/NEPHES-OGLI\"  target=\"_blank\" rel=\"noopener noreferrer nofollow\">Le texte de l\u2019article.<\/a><span><\/span>. Suite sur le prochain article.<\/p>\n<p>Chants populaires de la Basse-Bretagne\/Celui qui alla voir sa ma\u00eetresse dans l\u2019enfer.,<a target=\"_blank\" rel=\"nofollow\" href=\"https:\/\/editionsbussiere.com\/blog\/goto\/https:\/\/fr.wikisource.org\/wiki\/Chants_populaires_de_la_Basse-Bretagne\/Celui_qui_alla_voir_sa_ma%C3%AEtresse_dans_l%E2%80%99enfer\"  target=\"_blank\" rel=\"noopener noreferrer nofollow\">L\u2019article de presse.<\/a><span><\/span>. Suite sur le prochain article.<\/p>\n<\/div>\n<p><img decoding=\"async\" class=\"wpe_imgrss\" src=\"https:\/\/editionsbussiere.com\/blog\/wp-content\/uploads\/2024\/09\/Notre-Dame-du-Maryland-sassocie-au-Goucher-College-pour-un.jpg\">Cet article a \u00e9t\u00e9 reconstitu\u00e9 du mieux possible. Dans l\u2019hypoth\u00e8se o\u00f9 vous souhaitez apporter quelques modifications concernant le th\u00e8me \u00ab\u00a0Editions \u00e9sot\u00e9rique fond\u00e9e en 1927\u00a0\u00bb, il est possible de discuter avec notre r\u00e9daction. Vous pouvez tirer profit de cet article traitant le sujet \u00ab\u00a0Editions \u00e9sot\u00e9rique fond\u00e9e en 1927\u00a0\u00bb. Il est concoct\u00e9 par l\u2019\u00e9quipe editionsbussiere.com. Le site editionsbussiere.com est fait pour cr\u00e9er divers posts autour du th\u00e8me Editions \u00e9sot\u00e9rique fond\u00e9e en 1927 d\u00e9velopp\u00e9es sur internet. Consultez notre site internet editionsbussiere.com et nos r\u00e9seaux sociaux pour \u00eatre au courant des futures annonces.<\/p>\n","protected":false},"excerpt":{"rendered":"<p>L\u2019Universit\u00e9 Notre Dame du Maryland et le Goucher College s\u2019associent pour proposer un programme acc\u00e9l\u00e9r\u00e9 de baccalaur\u00e9at en sciences infirmi\u00e8res permettant aux \u00e9tudiants d\u2019obtenir un deuxi\u00e8me dipl\u00f4me. Le partenariat permettra aux \u00e9tudiants de Goucher qui obtiennent un baccalaur\u00e9at et ont la formation g\u00e9n\u00e9rale n\u00e9cessaire et les cours pr\u00e9requis, la possibilit\u00e9 \u00ab d\u2019avoir une transition en [&hellip;]<\/p>\n","protected":false},"author":3,"featured_media":1347,"comment_status":"closed","ping_status":"closed","sticky":false,"template":"","format":"standard","meta":{"footnotes":""},"categories":[3],"tags":[],"class_list":["post-1346","post","type-post","status-publish","format-standard","has-post-thumbnail","hentry","category-editions-esoterique-fondee-en-1927-depeches","entry","fw-tab-6 fw-tabr-4","has-featured-image"],"yoast_head":"<!-- This site is optimized with the Yoast SEO plugin v27.5 - https:\/\/yoast.com\/product\/yoast-seo-wordpress\/ -->\n<title>Notre Dame du Maryland s\u2019associe au Goucher College pour un programme de soins infirmiers et requ\u00eate matinale. - EDITIONSBUSSIERE<\/title>\n<meta name=\"robots\" content=\"index, follow, max-snippet:-1, max-image-preview:large, max-video-preview:-1\" \/>\n<link rel=\"canonical\" href=\"https:\/\/editionsbussiere.com\/blog\/notre-dame-du-maryland-sassocie-au-goucher-college-pour-un-programme-de-soins-infirmiers-et-requete-matinale\/\" \/>\n<meta property=\"og:locale\" content=\"fr_FR\" \/>\n<meta property=\"og:type\" content=\"article\" \/>\n<meta property=\"og:title\" content=\"Notre Dame du Maryland s\u2019associe au Goucher College pour un programme de soins infirmiers et requ\u00eate matinale. - EDITIONSBUSSIERE\" \/>\n<meta property=\"og:description\" content=\"L\u2019Universit\u00e9 Notre Dame du Maryland et le Goucher College s\u2019associent pour proposer un programme acc\u00e9l\u00e9r\u00e9 de baccalaur\u00e9at en sciences infirmi\u00e8res permettant aux \u00e9tudiants d\u2019obtenir un deuxi\u00e8me dipl\u00f4me. Le partenariat permettra aux \u00e9tudiants de Goucher qui obtiennent un baccalaur\u00e9at et ont la formation g\u00e9n\u00e9rale n\u00e9cessaire et les cours pr\u00e9requis, la possibilit\u00e9 \u00ab d\u2019avoir une transition en [&hellip;]\" \/>\n<meta property=\"og:url\" content=\"https:\/\/editionsbussiere.com\/blog\/notre-dame-du-maryland-sassocie-au-goucher-college-pour-un-programme-de-soins-infirmiers-et-requete-matinale\/\" \/>\n<meta property=\"og:site_name\" content=\"EDITIONSBUSSIERE\" \/>\n<meta property=\"article:published_time\" content=\"2024-09-17T20:26:01+00:00\" \/>\n<meta property=\"og:image\" content=\"https:\/\/editionsbussiere.com\/blog\/wp-content\/uploads\/2024\/09\/Notre-Dame-du-Maryland-sassocie-au-Goucher-College-pour-un.jpg\" \/>\n<meta name=\"author\" content=\"Marie BATICLE\" \/>\n<meta name=\"twitter:card\" content=\"summary_large_image\" \/>\n<meta name=\"twitter:label1\" content=\"\u00c9crit par\" \/>\n\t<meta name=\"twitter:data1\" content=\"Marie BATICLE\" \/>\n\t<meta name=\"twitter:label2\" content=\"Dur\u00e9e de lecture estim\u00e9e\" \/>\n\t<meta name=\"twitter:data2\" content=\"15 minutes\" \/>\n<script type=\"application\/ld+json\" class=\"yoast-schema-graph\">{\"@context\":\"https:\\\/\\\/schema.org\",\"@graph\":[{\"@type\":\"Article\",\"@id\":\"https:\\\/\\\/editionsbussiere.com\\\/blog\\\/notre-dame-du-maryland-sassocie-au-goucher-college-pour-un-programme-de-soins-infirmiers-et-requete-matinale\\\/#article\",\"isPartOf\":{\"@id\":\"https:\\\/\\\/editionsbussiere.com\\\/blog\\\/notre-dame-du-maryland-sassocie-au-goucher-college-pour-un-programme-de-soins-infirmiers-et-requete-matinale\\\/\"},\"author\":{\"name\":\"Marie BATICLE\",\"@id\":\"https:\\\/\\\/editionsbussiere.com\\\/blog\\\/#\\\/schema\\\/person\\\/ec90e102792148c97e46ab871010dd8f\"},\"headline\":\"Notre Dame du Maryland s\u2019associe au Goucher College pour un programme de soins infirmiers et requ\u00eate matinale.\",\"datePublished\":\"2024-09-17T20:26:01+00:00\",\"mainEntityOfPage\":{\"@id\":\"https:\\\/\\\/editionsbussiere.com\\\/blog\\\/notre-dame-du-maryland-sassocie-au-goucher-college-pour-un-programme-de-soins-infirmiers-et-requete-matinale\\\/\"},\"wordCount\":3077,\"publisher\":{\"@id\":\"https:\\\/\\\/editionsbussiere.com\\\/blog\\\/#organization\"},\"image\":{\"@id\":\"https:\\\/\\\/editionsbussiere.com\\\/blog\\\/notre-dame-du-maryland-sassocie-au-goucher-college-pour-un-programme-de-soins-infirmiers-et-requete-matinale\\\/#primaryimage\"},\"thumbnailUrl\":\"https:\\\/\\\/editionsbussiere.com\\\/blog\\\/wp-content\\\/uploads\\\/2024\\\/09\\\/Notre-Dame-du-Maryland-sassocie-au-Goucher-College-pour-un.jpg\",\"articleSection\":[\"Editions \u00c9sot\u00e9rique Fond\u00e9e En 1927; D\u00e9p\u00e8ches:\"],\"inLanguage\":\"fr-FR\"},{\"@type\":\"WebPage\",\"@id\":\"https:\\\/\\\/editionsbussiere.com\\\/blog\\\/notre-dame-du-maryland-sassocie-au-goucher-college-pour-un-programme-de-soins-infirmiers-et-requete-matinale\\\/\",\"url\":\"https:\\\/\\\/editionsbussiere.com\\\/blog\\\/notre-dame-du-maryland-sassocie-au-goucher-college-pour-un-programme-de-soins-infirmiers-et-requete-matinale\\\/\",\"name\":\"Notre Dame du Maryland s\u2019associe au Goucher College pour un programme de soins infirmiers et requ\u00eate matinale. - EDITIONSBUSSIERE\",\"isPartOf\":{\"@id\":\"https:\\\/\\\/editionsbussiere.com\\\/blog\\\/#website\"},\"primaryImageOfPage\":{\"@id\":\"https:\\\/\\\/editionsbussiere.com\\\/blog\\\/notre-dame-du-maryland-sassocie-au-goucher-college-pour-un-programme-de-soins-infirmiers-et-requete-matinale\\\/#primaryimage\"},\"image\":{\"@id\":\"https:\\\/\\\/editionsbussiere.com\\\/blog\\\/notre-dame-du-maryland-sassocie-au-goucher-college-pour-un-programme-de-soins-infirmiers-et-requete-matinale\\\/#primaryimage\"},\"thumbnailUrl\":\"https:\\\/\\\/editionsbussiere.com\\\/blog\\\/wp-content\\\/uploads\\\/2024\\\/09\\\/Notre-Dame-du-Maryland-sassocie-au-Goucher-College-pour-un.jpg\",\"datePublished\":\"2024-09-17T20:26:01+00:00\",\"breadcrumb\":{\"@id\":\"https:\\\/\\\/editionsbussiere.com\\\/blog\\\/notre-dame-du-maryland-sassocie-au-goucher-college-pour-un-programme-de-soins-infirmiers-et-requete-matinale\\\/#breadcrumb\"},\"inLanguage\":\"fr-FR\",\"potentialAction\":[{\"@type\":\"ReadAction\",\"target\":[\"https:\\\/\\\/editionsbussiere.com\\\/blog\\\/notre-dame-du-maryland-sassocie-au-goucher-college-pour-un-programme-de-soins-infirmiers-et-requete-matinale\\\/\"]}]},{\"@type\":\"ImageObject\",\"inLanguage\":\"fr-FR\",\"@id\":\"https:\\\/\\\/editionsbussiere.com\\\/blog\\\/notre-dame-du-maryland-sassocie-au-goucher-college-pour-un-programme-de-soins-infirmiers-et-requete-matinale\\\/#primaryimage\",\"url\":\"https:\\\/\\\/editionsbussiere.com\\\/blog\\\/wp-content\\\/uploads\\\/2024\\\/09\\\/Notre-Dame-du-Maryland-sassocie-au-Goucher-College-pour-un.jpg\",\"contentUrl\":\"https:\\\/\\\/editionsbussiere.com\\\/blog\\\/wp-content\\\/uploads\\\/2024\\\/09\\\/Notre-Dame-du-Maryland-sassocie-au-Goucher-College-pour-un.jpg\",\"width\":902,\"height\":600,\"caption\":\"Notre Dame du Maryland sassocie au Goucher College pour un\"},{\"@type\":\"BreadcrumbList\",\"@id\":\"https:\\\/\\\/editionsbussiere.com\\\/blog\\\/notre-dame-du-maryland-sassocie-au-goucher-college-pour-un-programme-de-soins-infirmiers-et-requete-matinale\\\/#breadcrumb\",\"itemListElement\":[{\"@type\":\"ListItem\",\"position\":1,\"name\":\"Accueil\",\"item\":\"https:\\\/\\\/editionsbussiere.com\\\/blog\\\/\"},{\"@type\":\"ListItem\",\"position\":2,\"name\":\"Notre Dame du Maryland s\u2019associe au Goucher College pour un programme de soins infirmiers et requ\u00eate matinale.\"}]},{\"@type\":\"WebSite\",\"@id\":\"https:\\\/\\\/editionsbussiere.com\\\/blog\\\/#website\",\"url\":\"https:\\\/\\\/editionsbussiere.com\\\/blog\\\/\",\"name\":\"EDITIONSBUSSIERE\",\"description\":\"Editions \u00e9sot\u00e9rique fond\u00e9e en 1927; site historique, A SAVOIR ET RETENIR.\",\"publisher\":{\"@id\":\"https:\\\/\\\/editionsbussiere.com\\\/blog\\\/#organization\"},\"potentialAction\":[{\"@type\":\"SearchAction\",\"target\":{\"@type\":\"EntryPoint\",\"urlTemplate\":\"https:\\\/\\\/editionsbussiere.com\\\/blog\\\/?s={search_term_string}\"},\"query-input\":{\"@type\":\"PropertyValueSpecification\",\"valueRequired\":true,\"valueName\":\"search_term_string\"}}],\"inLanguage\":\"fr-FR\"},{\"@type\":\"Organization\",\"@id\":\"https:\\\/\\\/editionsbussiere.com\\\/blog\\\/#organization\",\"name\":\"editionsbussiere\",\"url\":\"https:\\\/\\\/editionsbussiere.com\\\/blog\\\/\",\"logo\":{\"@type\":\"ImageObject\",\"inLanguage\":\"fr-FR\",\"@id\":\"https:\\\/\\\/editionsbussiere.com\\\/blog\\\/#\\\/schema\\\/logo\\\/image\\\/\",\"url\":\"https:\\\/\\\/editionsbussiere.com\\\/blog\\\/wp-content\\\/uploads\\\/2023\\\/09\\\/cropped-buss.gif\",\"contentUrl\":\"https:\\\/\\\/editionsbussiere.com\\\/blog\\\/wp-content\\\/uploads\\\/2023\\\/09\\\/cropped-buss.gif\",\"width\":298,\"height\":120,\"caption\":\"editionsbussiere\"},\"image\":{\"@id\":\"https:\\\/\\\/editionsbussiere.com\\\/blog\\\/#\\\/schema\\\/logo\\\/image\\\/\"}},{\"@type\":\"Person\",\"@id\":\"https:\\\/\\\/editionsbussiere.com\\\/blog\\\/#\\\/schema\\\/person\\\/ec90e102792148c97e46ab871010dd8f\",\"name\":\"Marie BATICLE\",\"image\":{\"@type\":\"ImageObject\",\"inLanguage\":\"fr-FR\",\"@id\":\"https:\\\/\\\/secure.gravatar.com\\\/avatar\\\/c923e52403b1b8137e2d929127211d21967e6aecaa053bd43b09da29f212e76e?s=96&d=mm&r=g\",\"url\":\"https:\\\/\\\/secure.gravatar.com\\\/avatar\\\/c923e52403b1b8137e2d929127211d21967e6aecaa053bd43b09da29f212e76e?s=96&d=mm&r=g\",\"contentUrl\":\"https:\\\/\\\/secure.gravatar.com\\\/avatar\\\/c923e52403b1b8137e2d929127211d21967e6aecaa053bd43b09da29f212e76e?s=96&d=mm&r=g\",\"caption\":\"Marie BATICLE\"},\"url\":\"https:\\\/\\\/editionsbussiere.com\\\/blog\\\/author\\\/eremarie\\\/\"}]}<\/script>\n<!-- \/ Yoast SEO plugin. -->","yoast_head_json":{"title":"Notre Dame du Maryland s\u2019associe au Goucher College pour un programme de soins infirmiers et requ\u00eate matinale. - EDITIONSBUSSIERE","robots":{"index":"index","follow":"follow","max-snippet":"max-snippet:-1","max-image-preview":"max-image-preview:large","max-video-preview":"max-video-preview:-1"},"canonical":"https:\/\/editionsbussiere.com\/blog\/notre-dame-du-maryland-sassocie-au-goucher-college-pour-un-programme-de-soins-infirmiers-et-requete-matinale\/","og_locale":"fr_FR","og_type":"article","og_title":"Notre Dame du Maryland s\u2019associe au Goucher College pour un programme de soins infirmiers et requ\u00eate matinale. - EDITIONSBUSSIERE","og_description":"L\u2019Universit\u00e9 Notre Dame du Maryland et le Goucher College s\u2019associent pour proposer un programme acc\u00e9l\u00e9r\u00e9 de baccalaur\u00e9at en sciences infirmi\u00e8res permettant aux \u00e9tudiants d\u2019obtenir un deuxi\u00e8me dipl\u00f4me. Le partenariat permettra aux \u00e9tudiants de Goucher qui obtiennent un baccalaur\u00e9at et ont la formation g\u00e9n\u00e9rale n\u00e9cessaire et les cours pr\u00e9requis, la possibilit\u00e9 \u00ab d\u2019avoir une transition en [&hellip;]","og_url":"https:\/\/editionsbussiere.com\/blog\/notre-dame-du-maryland-sassocie-au-goucher-college-pour-un-programme-de-soins-infirmiers-et-requete-matinale\/","og_site_name":"EDITIONSBUSSIERE","article_published_time":"2024-09-17T20:26:01+00:00","og_image":[{"url":"https:\/\/editionsbussiere.com\/blog\/wp-content\/uploads\/2024\/09\/Notre-Dame-du-Maryland-sassocie-au-Goucher-College-pour-un.jpg","type":"","width":"","height":""}],"author":"Marie BATICLE","twitter_card":"summary_large_image","twitter_misc":{"\u00c9crit par":"Marie BATICLE","Dur\u00e9e de lecture estim\u00e9e":"15 minutes"},"schema":{"@context":"https:\/\/schema.org","@graph":[{"@type":"Article","@id":"https:\/\/editionsbussiere.com\/blog\/notre-dame-du-maryland-sassocie-au-goucher-college-pour-un-programme-de-soins-infirmiers-et-requete-matinale\/#article","isPartOf":{"@id":"https:\/\/editionsbussiere.com\/blog\/notre-dame-du-maryland-sassocie-au-goucher-college-pour-un-programme-de-soins-infirmiers-et-requete-matinale\/"},"author":{"name":"Marie BATICLE","@id":"https:\/\/editionsbussiere.com\/blog\/#\/schema\/person\/ec90e102792148c97e46ab871010dd8f"},"headline":"Notre Dame du Maryland s\u2019associe au Goucher College pour un programme de soins infirmiers et requ\u00eate matinale.","datePublished":"2024-09-17T20:26:01+00:00","mainEntityOfPage":{"@id":"https:\/\/editionsbussiere.com\/blog\/notre-dame-du-maryland-sassocie-au-goucher-college-pour-un-programme-de-soins-infirmiers-et-requete-matinale\/"},"wordCount":3077,"publisher":{"@id":"https:\/\/editionsbussiere.com\/blog\/#organization"},"image":{"@id":"https:\/\/editionsbussiere.com\/blog\/notre-dame-du-maryland-sassocie-au-goucher-college-pour-un-programme-de-soins-infirmiers-et-requete-matinale\/#primaryimage"},"thumbnailUrl":"https:\/\/editionsbussiere.com\/blog\/wp-content\/uploads\/2024\/09\/Notre-Dame-du-Maryland-sassocie-au-Goucher-College-pour-un.jpg","articleSection":["Editions \u00c9sot\u00e9rique Fond\u00e9e En 1927; D\u00e9p\u00e8ches:"],"inLanguage":"fr-FR"},{"@type":"WebPage","@id":"https:\/\/editionsbussiere.com\/blog\/notre-dame-du-maryland-sassocie-au-goucher-college-pour-un-programme-de-soins-infirmiers-et-requete-matinale\/","url":"https:\/\/editionsbussiere.com\/blog\/notre-dame-du-maryland-sassocie-au-goucher-college-pour-un-programme-de-soins-infirmiers-et-requete-matinale\/","name":"Notre Dame du Maryland s\u2019associe au Goucher College pour un programme de soins infirmiers et requ\u00eate matinale. - EDITIONSBUSSIERE","isPartOf":{"@id":"https:\/\/editionsbussiere.com\/blog\/#website"},"primaryImageOfPage":{"@id":"https:\/\/editionsbussiere.com\/blog\/notre-dame-du-maryland-sassocie-au-goucher-college-pour-un-programme-de-soins-infirmiers-et-requete-matinale\/#primaryimage"},"image":{"@id":"https:\/\/editionsbussiere.com\/blog\/notre-dame-du-maryland-sassocie-au-goucher-college-pour-un-programme-de-soins-infirmiers-et-requete-matinale\/#primaryimage"},"thumbnailUrl":"https:\/\/editionsbussiere.com\/blog\/wp-content\/uploads\/2024\/09\/Notre-Dame-du-Maryland-sassocie-au-Goucher-College-pour-un.jpg","datePublished":"2024-09-17T20:26:01+00:00","breadcrumb":{"@id":"https:\/\/editionsbussiere.com\/blog\/notre-dame-du-maryland-sassocie-au-goucher-college-pour-un-programme-de-soins-infirmiers-et-requete-matinale\/#breadcrumb"},"inLanguage":"fr-FR","potentialAction":[{"@type":"ReadAction","target":["https:\/\/editionsbussiere.com\/blog\/notre-dame-du-maryland-sassocie-au-goucher-college-pour-un-programme-de-soins-infirmiers-et-requete-matinale\/"]}]},{"@type":"ImageObject","inLanguage":"fr-FR","@id":"https:\/\/editionsbussiere.com\/blog\/notre-dame-du-maryland-sassocie-au-goucher-college-pour-un-programme-de-soins-infirmiers-et-requete-matinale\/#primaryimage","url":"https:\/\/editionsbussiere.com\/blog\/wp-content\/uploads\/2024\/09\/Notre-Dame-du-Maryland-sassocie-au-Goucher-College-pour-un.jpg","contentUrl":"https:\/\/editionsbussiere.com\/blog\/wp-content\/uploads\/2024\/09\/Notre-Dame-du-Maryland-sassocie-au-Goucher-College-pour-un.jpg","width":902,"height":600,"caption":"Notre Dame du Maryland sassocie au Goucher College pour un"},{"@type":"BreadcrumbList","@id":"https:\/\/editionsbussiere.com\/blog\/notre-dame-du-maryland-sassocie-au-goucher-college-pour-un-programme-de-soins-infirmiers-et-requete-matinale\/#breadcrumb","itemListElement":[{"@type":"ListItem","position":1,"name":"Accueil","item":"https:\/\/editionsbussiere.com\/blog\/"},{"@type":"ListItem","position":2,"name":"Notre Dame du Maryland s\u2019associe au Goucher College pour un programme de soins infirmiers et requ\u00eate matinale."}]},{"@type":"WebSite","@id":"https:\/\/editionsbussiere.com\/blog\/#website","url":"https:\/\/editionsbussiere.com\/blog\/","name":"EDITIONSBUSSIERE","description":"Editions \u00e9sot\u00e9rique fond\u00e9e en 1927; site historique, A SAVOIR ET RETENIR.","publisher":{"@id":"https:\/\/editionsbussiere.com\/blog\/#organization"},"potentialAction":[{"@type":"SearchAction","target":{"@type":"EntryPoint","urlTemplate":"https:\/\/editionsbussiere.com\/blog\/?s={search_term_string}"},"query-input":{"@type":"PropertyValueSpecification","valueRequired":true,"valueName":"search_term_string"}}],"inLanguage":"fr-FR"},{"@type":"Organization","@id":"https:\/\/editionsbussiere.com\/blog\/#organization","name":"editionsbussiere","url":"https:\/\/editionsbussiere.com\/blog\/","logo":{"@type":"ImageObject","inLanguage":"fr-FR","@id":"https:\/\/editionsbussiere.com\/blog\/#\/schema\/logo\/image\/","url":"https:\/\/editionsbussiere.com\/blog\/wp-content\/uploads\/2023\/09\/cropped-buss.gif","contentUrl":"https:\/\/editionsbussiere.com\/blog\/wp-content\/uploads\/2023\/09\/cropped-buss.gif","width":298,"height":120,"caption":"editionsbussiere"},"image":{"@id":"https:\/\/editionsbussiere.com\/blog\/#\/schema\/logo\/image\/"}},{"@type":"Person","@id":"https:\/\/editionsbussiere.com\/blog\/#\/schema\/person\/ec90e102792148c97e46ab871010dd8f","name":"Marie BATICLE","image":{"@type":"ImageObject","inLanguage":"fr-FR","@id":"https:\/\/secure.gravatar.com\/avatar\/c923e52403b1b8137e2d929127211d21967e6aecaa053bd43b09da29f212e76e?s=96&d=mm&r=g","url":"https:\/\/secure.gravatar.com\/avatar\/c923e52403b1b8137e2d929127211d21967e6aecaa053bd43b09da29f212e76e?s=96&d=mm&r=g","contentUrl":"https:\/\/secure.gravatar.com\/avatar\/c923e52403b1b8137e2d929127211d21967e6aecaa053bd43b09da29f212e76e?s=96&d=mm&r=g","caption":"Marie BATICLE"},"url":"https:\/\/editionsbussiere.com\/blog\/author\/eremarie\/"}]}},"_links":{"self":[{"href":"https:\/\/editionsbussiere.com\/blog\/wp-json\/wp\/v2\/posts\/1346","targetHints":{"allow":["GET"]}}],"collection":[{"href":"https:\/\/editionsbussiere.com\/blog\/wp-json\/wp\/v2\/posts"}],"about":[{"href":"https:\/\/editionsbussiere.com\/blog\/wp-json\/wp\/v2\/types\/post"}],"author":[{"embeddable":true,"href":"https:\/\/editionsbussiere.com\/blog\/wp-json\/wp\/v2\/users\/3"}],"replies":[{"embeddable":true,"href":"https:\/\/editionsbussiere.com\/blog\/wp-json\/wp\/v2\/comments?post=1346"}],"version-history":[{"count":0,"href":"https:\/\/editionsbussiere.com\/blog\/wp-json\/wp\/v2\/posts\/1346\/revisions"}],"wp:featuredmedia":[{"embeddable":true,"href":"https:\/\/editionsbussiere.com\/blog\/wp-json\/wp\/v2\/media\/1347"}],"wp:attachment":[{"href":"https:\/\/editionsbussiere.com\/blog\/wp-json\/wp\/v2\/media?parent=1346"}],"wp:term":[{"taxonomy":"category","embeddable":true,"href":"https:\/\/editionsbussiere.com\/blog\/wp-json\/wp\/v2\/categories?post=1346"},{"taxonomy":"post_tag","embeddable":true,"href":"https:\/\/editionsbussiere.com\/blog\/wp-json\/wp\/v2\/tags?post=1346"}],"curies":[{"name":"wp","href":"https:\/\/api.w.org\/{rel}","templated":true}]}}