{"id":1344,"date":"2024-09-17T22:25:57","date_gmt":"2024-09-17T20:25:57","guid":{"rendered":"https:\/\/editionsbussiere.com\/blog\/ne-demandez-pas-aux-nigerians-de-faire-preuve-de-patience-lorsque-vous-construisez-des-manoirs-le-cardinal-onaiyekan-dit-aux-dirigeants-the-whistler-newspaper-afin-de-adresser-ses\/"},"modified":"2024-09-17T22:25:57","modified_gmt":"2024-09-17T20:25:57","slug":"ne-demandez-pas-aux-nigerians-de-faire-preuve-de-patience-lorsque-vous-construisez-des-manoirs-le-cardinal-onaiyekan-dit-aux-dirigeants-the-whistler-newspaper-afin-de-adresser-ses","status":"publish","type":"post","link":"https:\/\/editionsbussiere.com\/blog\/ne-demandez-pas-aux-nigerians-de-faire-preuve-de-patience-lorsque-vous-construisez-des-manoirs-le-cardinal-onaiyekan-dit-aux-dirigeants-the-whistler-newspaper-afin-de-adresser-ses\/","title":{"rendered":"Ne demandez pas aux Nig\u00e9rians de faire preuve de patience lorsque vous construisez des manoirs \u2013 Le cardinal Onaiyekan dit aux dirigeants \u2013 The Whistler Newspaper\n afin de adresser ses pri\u00e8res \u00e0 la m\u00e8re de dieu ."},"content":{"rendered":"<div><img width=\"580\" height=\"319\" src=\"https:\/\/editionsbussiere.com\/blog\/wp-content\/uploads\/2024\/09\/Ne-demandez-pas-aux-Nigerians-de-faire-preuve-de-patience.jpg\" class=\"attachment-large size-large wp-post-image\" alt=\"Ne demandez pas aux Nig\u00e9rians de faire preuve de patience\" style=\"float:left; margin:0 15px 15px 0;\" decoding=\"async\" loading=\"lazy\" srcset=\"https:\/\/editionsbussiere.com\/blog\/wp-content\/uploads\/2024\/09\/Ne-demandez-pas-aux-Nigerians-de-faire-preuve-de-patience.jpg 1000w, https:\/\/www.n42.fr\/wp-content\/uploads\/2024\/09\/Ne-demandez-pas-aux-Nigerians-de-faire-preuve-de-patience-300x165.jpg 300w, https:\/\/www.n42.fr\/wp-content\/uploads\/2024\/09\/Ne-demandez-pas-aux-Nigerians-de-faire-preuve-de-patience-768x422.jpg 768w\" sizes=\"auto, (max-width: 580px) 100vw, 580px\"><\/p>\n<p>\n<\/p>\n<div>\n<aside class=\"mashsb-container mashsb-main mashsb-stretched\">\n<p>[mc4wp_form id=33047]<\/p>\n<\/aside>\n<p>            <!-- Share buttons by mashshare.net - Version: 4.0.47--><\/p>\n<p>L\u2019ancien archev\u00eaque de l\u2019archidioc\u00e8se catholique d\u2019Abuja, le cardinal John Onaiyekan, a appel\u00e9 \u00e0 une r\u00e9vision compl\u00e8te des politiques nationales pour att\u00e9nuer les d\u00e9fis \u00e9conomiques auxquels le pays est actuellement confront\u00e9.<\/p>\n<p>Onaiyekan a exprim\u00e9 ses inqui\u00e9tudes quant \u00e0 la situation du pays dans une interview avec des journalistes en marge du \u00ab Concert marial \u00bb organis\u00e9 \u00e0 Abuja pour c\u00e9l\u00e9brer la f\u00eate de la Nativit\u00e9 de la Bienheureuse Vierge Marie en 2024.<\/p>\n<p>L\u2019\u00e9v\u00e9nement, intitul\u00e9 \u00ab Les quatre dogmes de la Bienheureuse Vierge Marie \u00bb, a \u00e9t\u00e9 organis\u00e9 par la chorale Madonna de la paroisse St. Charles Lwanga et ses soci\u00e9t\u00e9s partenaires.<\/p>\n<p>Le cardinal Onaiyekan a appel\u00e9 les Nig\u00e9rians \u00e0 continuer de prier pour les dirigeants \u00e0 tous les niveaux, esp\u00e9rant qu\u2019ils prendront des d\u00e9cisions \u00e9clair\u00e9es pour faire face aux difficult\u00e9s \u00e9conomiques du pays.<\/p>\n<p>Il a toutefois soulign\u00e9 l\u2019urgence de r\u00e9viser les politiques qui contribuent \u00e0 la pauvret\u00e9 g\u00e9n\u00e9ralis\u00e9e, notant l\u2019impact n\u00e9gatif sur la classe moyenne et l\u2019appauvrissement croissant de nombreux citoyens.<\/p>\n<p>\u00ab Il y a des limites \u00e0 ce que les gens peuvent supporter. On ne peut pas dire \u00e0 quelqu\u2019un d\u2019\u00eatre patient avec la pauvret\u00e9 alors que nous voyons les gens qui sont cens\u00e9s s\u2019attaquer \u00e0 notre pauvret\u00e9 vivre de mani\u00e8re extravagante, construire d\u2019immenses demeures et poss\u00e9der des flottes de voitures sans se soucier de la fa\u00e7on dont elles sont aliment\u00e9es, alors que nous autres faisons la queue pour obtenir quelques litres d\u2019essence \u00bb, a-t-il d\u00e9clar\u00e9.<\/p>\n<p>Le cardinal a \u00e9galement appel\u00e9 \u00e0 une gouvernance marqu\u00e9e par la justice et l\u2019\u00e9quit\u00e9 pour assurer une r\u00e9partition \u00e9quitable des ressources nationales.<\/p>\n<p>Il a \u00e9galement pri\u00e9 pour que, par l\u2019intercession de M\u00e8re Marie, Reine de la Paix et Reine du Nig\u00e9ria, la nation parvienne \u00e0 la paix et \u00e0 la prosp\u00e9rit\u00e9 pour tous ses citoyens.<\/p>\n<p>Pour soutenir ce message, le r\u00e9v\u00e9rend p\u00e8re Thomas Edogbanya, cur\u00e9 de la paroisse, a encourag\u00e9 les Nig\u00e9rians \u00e0 garder espoir malgr\u00e9 les difficult\u00e9s du pays.<\/p>\n<p>En r\u00e9fl\u00e9chissant \u00e0 la vie de Marie, qui a fait face \u00e0 de nombreux d\u00e9fis mais a conserv\u00e9 une foi et une esp\u00e9rance in\u00e9branlables, il a rassur\u00e9 les fid\u00e8les : tout comme la nativit\u00e9 de Marie apporte de l\u2019espoir, l\u2019avenir est prometteur pour les citoyens.<\/p>\n<div class=\"vdbugn vdbugn-post-bottom vdbugn-float-center vdbugn-align-center vdbugn-column-1 vdbugn-hide-on-desktop vdbugn-clearfix no-bg-box-model\">\n<div id=\"vdbugn-231003-1563068961\" class=\"vdbugn-container vdbugn-type-image  vdbugn-hide-on-desktop\" itemscope=\"\" itemtype=\"https:\/\/schema.org\/WPAdBlock\" data-adid=\"231003\" data-type=\"image\"><img loading=\"lazy\" decoding=\"async\" width=\"728\" height=\"182\" class=\"vdbugn-image perfmatters-lazy\" alt=\"Cha\u00eene Whatsapp\" src=\"https:\/\/editionsbussiere.com\/blog\/wp-content\/uploads\/2024\/09\/whistler-whatsapp-channel-banner.jpeg\"><img loading=\"lazy\" decoding=\"async\" width=\"728\" height=\"182\" class=\"vdbugn-image\" src=\"https:\/\/editionsbussiere.com\/blog\/wp-content\/uploads\/2024\/09\/whistler-whatsapp-channel-banner.jpeg\" alt=\"Cha\u00eene Whatsapp\"><\/div>\n<\/div>\n<\/div>\n<h2>\n<\/h2>\n<p>L\u2019Importance de l\u2019Intercession de Marie<\/p>\n<p>La pri\u00e8re \u00e0 Marie repr\u00e9sente un \u00e9l\u00e9ment crucial de la spiritualit\u00e9 chr\u00e9tienne, solidement enracin\u00e9e dans la doctrine catholique depuis des si\u00e8cles. C\u2019est un roc sur lequel les fid\u00e8les s\u2019reposent pour trouver confort, guidance et intercession dans leur relation avec Dieu. Au fil du temps, cette pi\u00e9t\u00e9 a gagn\u00e9 en force par les enseignements de la Bible, les traditions de l\u2019\u00c9glise, et les exemples des saints et saintes qui ont t\u00e9moign\u00e9 de leur respect \u00e0 Marie en tant que aimante.<\/p>\n<h3>\n<\/h3>\n<p>L\u2019exercice du Chapelet<\/p>\n<p>Cette pri\u00e8re traditionnelle mariale occupe une place centrale au sein de la spiritualit\u00e9 de un grand nombre de fid\u00e8les. En r\u00e9citant les myst\u00e8res joyeux, douloureux, lumineux et glorieux, les fid\u00e8les se plongent dans les \u00e9v\u00e9nements li\u00e9s \u00e0 J\u00e9sus et Marie, renfor\u00e7ant ainsi leur connexion spirituelle avec eux. \u00c0 travers chaque Ave Maria, ils manifestent leur foi en l\u2019intercession de Marie et leur d\u00e9sir de suivre les enseignements du Christ. Saint Louis-Marie Grignion de Montfort, dans son livre sur la vraie d\u00e9votion \u00e0 la Sainte Vierge, encourage les chr\u00e9tiens \u00e0 m\u00e9diter r\u00e9guli\u00e8rement des diff\u00e9rents myst\u00e8res du rosaire pour approfondir leur relation avec la M\u00e8re de Dieu. Cet antique rituel, transmise de g\u00e9n\u00e9ration en g\u00e9n\u00e9ration, demeure une source d\u2019illumination spirituelle pour ceux qui ont la foi, les aidant \u00e0 se connecter avec la divine Dame du Ciel.<\/p>\n<h3>\n<\/h3>\n<p>L\u2019invitation \u00e0 prier<\/p>\n<p>Unissons-nous dans la pri\u00e8re, fr\u00e8res et s\u0153urs, dans l\u2019unit\u00e9 de notre confiance, en nous tournant vers Marie, la m\u00e8re de J\u00e9sus. Au sein de notre monde troubl\u00e9 par la guerre et la division, recourons \u00e0 la pri\u00e8re comme un moyen pour trouver la s\u00e9r\u00e9nit\u00e9 et la r\u00e9conciliation. Tout chr\u00e9tien peut faire d\u00e9poser une sollicitation pour Marie <a target=\"_blank\" rel=\"nofollow\" href=\"https:\/\/editionsbussiere.com\/blog\/goto\/https:\/\/www.avemariasound.org\/\" >par internet.<\/a> Que nos supplications s\u2019\u00e9l\u00e8vent vers le ciel, comme un hommage agr\u00e9able par Dieu, pour qu\u2019il puisse nous guider nos chemins sur la voie de la v\u00e9rit\u00e9 et de la justice. L\u2019ap\u00f4tre Paul nous exhorte dans ses \u00e9p\u00eetres \u00e0 maintenir une pri\u00e8re incessante, en toutes circonstances, pour que notre connexion avec Dieu soit solide et ardente. La pri\u00e8re, lorsqu\u2019elle est offerte sinc\u00e8rement, poss\u00e8de le pouvoir pour changer nos c\u0153urs et de modifier le cours de l\u2019histoire.<\/p>\n<h2>\n<\/h2>\n<p>L\u2019enseignement du Souverain Pontife<\/p>\n<p>Le pape Fran\u00e7ois, \u00e0 travers ses \u00e9crits inspir\u00e9s, disponibles gr\u00e2ce \u00e0 Bayard, nous rappelle l\u2019importance de la pri\u00e8re journali\u00e8re. \u00c0 travers ses discours et ses audiences, il nous encourage \u00e0 cultiver une connexion personnelle avec Dieu, en se fondant sur la m\u00e9ditation de la Parole biblique et la pratique du Rosaire. Sa conduite de compassion et d\u2019humilit\u00e9 nous encourage \u00e0 approfondir davantage nos pri\u00e8res et \u00e0 chercher la pr\u00e9sence divine dans chaque aspect de notre existence. Le Souverain Pontife Jean-Paul II, dans son \u00e9crit sur la foi chr\u00e9tienne, nous souligne que la pratique de la pri\u00e8re est le fondement de la vie de foi et par elle que nous sommes unis \u00e0 la volont\u00e9 divine. La pri\u00e8re quotidienne, transmise par les pontifes de g\u00e9n\u00e9ration en g\u00e9n\u00e9ration, est un phare d\u2019espoir dans les temp\u00eates, un roc solide auquel les \u00e2mes peuvent s\u2019appuyer.<\/p>\n<h3>\n<\/h3>\n<p>Les \u00e9crits provenant de Leli\u00e8vre et Hubert<\/p>\n<p>Au sein de la pratique religieuse, l\u2019\u00e9glise recommande vivement le recours \u00e0 la pri\u00e8re, et durant les moments de pri\u00e8re, les croyants accomplissent le signe de croix tout en r\u00e9citant l\u2019Ave Maria. Des intellectuels contemporains, tels que Leli\u00e8vre et Hubert, nous incitent aussi \u00e0 r\u00e9fl\u00e9chir sur la force de la pri\u00e8re, \u00e0 travers leurs \u00e9crits inspirants. Leurs \u00e9crits, porteurs de riches enseignements spirituels, nous orientent sur le chemin de la foi et nous encouragent \u00e0 trouver dans les tr\u00e9sors de la tradition chr\u00e9tienne pour enrichir notre vie spirituelle. En r\u00e9fl\u00e9chissant sur leurs publications, nous d\u00e9couvrons de nouvelles mani\u00e8res de d\u00e9velopper notre connexion avec le divin et de progresser dans la saintet\u00e9. L\u2019ap\u00f4tre Jean, dans son \u00e9vangile, nous rappelle que le fait de prier est une puissante voie pour rester en communion avec Dieu et de recevoir ses b\u00e9n\u00e9dictions. Chaque paragraphe de leurs publications ressemble \u00e0 un appel \u00e0 une pri\u00e8re ardente et \u00e0 une vie impr\u00e9gn\u00e9e de la pr\u00e9sence divine. Dans notre exploration de connexion spirituelle, chaque lecture devient une invitation \u00e0 aspirer \u00e0 le sacr\u00e9, \u00e0 travers la m\u00e9ditation et la contemplation.<\/p>\n<h3>\n<\/h3>\n<p>La d\u00e9votion dans la chapelle<\/p>\n<p>Dans nos lieux de culte simples ou grandioses, orientons-nous vers le divin en toute confiance et humilit\u00e9, car nous savons qu\u2019il \u00e9coute nos pri\u00e8res avec une affection infinie. Que chaque flamme vacillante, chaque Ave Maria r\u00e9cit\u00e9, constitue une offrande \u00e0 notre divin Cr\u00e9ateur ainsi qu\u2019\u00e0 la Vierge Marie. Que nos moments de pri\u00e8re dans la chapelle soient des moments de faveur divine et de renouvellement de notre esprit, nous fortifiant pour affronter les d\u00e9fis avec courage et foi. La sainte Bernadette Soubirous, qui a re\u00e7u les apparitions de la Vierge Marie \u00e0 Lourdes, nous d\u00e9montre la valeur de la pri\u00e8re dans la vie des fid\u00e8les et l\u2019efficacit\u00e9 de l\u2019intercession de la Vierge Marie. Chaque personne qui entre dans une chapelle, chaque page de la Bible lue dans ce lieu sacr\u00e9, constitue une rencontre avec le divin, une \u00e9tape cruciale dans le processus de transformation spirituelle. \u00c0 travers les textes sacr\u00e9s, chaque fid\u00e8le est encourag\u00e9 \u00e0 m\u00e9diter sur la croix du Christ, \u00e0 m\u00e9diter sur son sacrifice, et \u00e0 trouver consolation et esp\u00e9rance dans sa gr\u00e2ce r\u00e9demptrice.<\/p>\n<h2>\nLa pri\u00e8re comme m\u00e9decine pour l\u2019\u00e2me<br \/>\n<\/h2>\n<p>Tel un m\u00e9decin pour nos \u00e2mes, la pri\u00e8re nous gu\u00e9rit ainsi que nous renforce lorsque nous traversons des moments de douleur et de d\u00e9sespoir. Elle nous rappelle que Dieu est toujours avec nous, m\u00eame au c\u0153ur de nos heures les plus sombres. En nous tournant vers lui dans la pri\u00e8re, nous d\u00e9couvrons la force int\u00e9rieure n\u00e9cessaire pour traverser les \u00e9preuves et pour affronter l\u2019avenir avec espoir et confiance. L\u2019acte de prier est semblable \u00e0 une fontaine d\u2019eau vive qui satisfait notre soif spirituelle et, dans notre marche avec Dieu, nous r\u00e9g\u00e9n\u00e8re.<br \/>\n\u00c0 chaque pri\u00e8re prononc\u00e9e, \u00e0 chaque intention confi\u00e9e, notre \u00e2me trouve un soulagement divin, une gu\u00e9rison spirituelle, qui va au-del\u00e0 de les limites de la condition humaine. Chaque verset de la Bible nous invite \u00e0 dialoguer avec Dieu, \u00e0 lui remettre nos fardeaux, et \u00e0 recevoir sa gr\u00e2ce transformante.<\/p>\n<h2>Une vision alternative sur la pri\u00e8re \u00e0 Marie<\/h2>\n<p>L\u2019invocation de Marie constitue une pratique \u00e9troitement enracin\u00e9e dans la tradition catholique chr\u00e9tienne, proposant un pr\u00e9cieux lien spirituel pour les croyants \u00e0 travers le globe. En tant que m\u00e8re spirituelle et intercesseur, elle est invoqu\u00e9e avec ardeur dans les moments de d\u00e9tresse et de louange. Le rosaire, avec ses myst\u00e8res m\u00e9ditatifs, dirige les fid\u00e8les dans leur cheminement spirituel, les encourageant \u00e0 m\u00e9diter sur J\u00e9sus, son fils, \u00e0 travers le prisme de la Vierge Marie. Cette d\u00e9votion \u00e0 Marie s\u2019exprime dans les lieux saints comme le sanctuaire de Lourdes, o\u00f9 les visiteurs se rassemblent pour rechercher r\u00e9confort et gu\u00e9rison, illustrant la profonde connexion entre la foi catholique et la v\u00e9n\u00e9ration de la Vierge Marie. Les enseignements \u00e9clairants d\u2019\u00e9minents th\u00e9ologiens comme Leli\u00e8vre et Hubert fournissent une r\u00e9flexion pr\u00e9cieuse sur l\u2019importance de la pri\u00e8re \u00e0 Marie et son impact sur la spiritualit\u00e9 des croyants. Gr\u00e2ce \u00e0 une lecture attentive de textes de d\u00e9votion et des \u00c9critures, les croyants \u00e9largissent leur compr\u00e9hension de l\u2019adoration de Marie et nourrissent une connexion plus \u00e9troite avec Marie, notre m\u00e8re spirituelle. Dans un monde o\u00f9 pr\u00e9dominent les conflits et les troubles, la d\u00e9votion \u00e0 Marie est un sanctuaire de tranquillit\u00e9 et d\u2019espoir, appelant chaque personne, quelle que soit sa position dans la foi catholique, \u00e0 se tourner vers la Sainte Vierge avec une foi profonde et une d\u00e9votion sinc\u00e8re. Prions donc en commun, avec sinc\u00e9rit\u00e9 et humilit\u00e9, en reconnaissant Marie comme notre m\u00e8re et notre intercesseur, en lui confiant nos v\u0153ux et nos aspirations les plus profondes. Dans cette d\u00e9marche vers Dieu, chaque fid\u00e8le est appel\u00e9 \u00e0 poursuivre la voie des pri\u00e8res et des aspirations du c\u0153ur, guid\u00e9 par le saint P\u00e8re et les pr\u00e9cieuses ressources spirituelles offertes par des plateformes telles que Aleteia. Ainsi, avec un c\u0153ur ouvert et une humble confiance, adressons notre pri\u00e8re quotidienne \u00e0 Marie, lui demandant son intercession maternelle, et la gr\u00e2ce de pers\u00e9v\u00e9rer dans la pri\u00e8re fervente.<br \/>\nQue la pri\u00e8re soit notre refuge et notre consolation quelle que soit la situation. Que nous nous orientions vers Marie, notre m\u00e8re c\u00e9leste, avec un c\u0153ur ouvert et une croyance in\u00e9branlable, convaincus qu\u2019elle plaide en notre faveur devant son fils bien-aim\u00e9. Que notre d\u00e9votion nous guide sur le chemin de la saintet\u00e9, nous rapprochant toujours plus de Dieu et de son amour infini.<\/p>\n<p>Lecture:<\/p>\n<p>Pauvres fleurs\/La Maison de ma M\u00e8re.,<a target=\"_blank\" rel=\"nofollow\" href=\"https:\/\/editionsbussiere.com\/blog\/goto\/https:\/\/fr.wikisource.org\/wiki\/Pauvres_fleurs\/La_Maison_de_ma_M%C3%A8re\"  target=\"_blank\" rel=\"noopener noreferrer nofollow\">Cliquer ICI.<\/a><span><\/span>. Suite sur le prochain article.<\/p>\n<p>Marie (Auguste Brizeux)\/Marie, II.,<a target=\"_blank\" rel=\"nofollow\" href=\"https:\/\/editionsbussiere.com\/blog\/goto\/https:\/\/fr.wikisource.org\/wiki\/Marie_(Auguste_Brizeux)\/Marie,_II\"  target=\"_blank\" rel=\"noopener noreferrer nofollow\">Le texte de l\u2019article.<\/a><span><\/span><\/p>\n<p>Les Noces chymiques de Christian Rosenkreutz\/Jour 6.,<a target=\"_blank\" rel=\"nofollow\" href=\"https:\/\/editionsbussiere.com\/blog\/goto\/https:\/\/fr.wikisource.org\/wiki\/Les_Noces_chymiques_de_Christian_Rosenkreutz\/Jour_6\"  target=\"_blank\" rel=\"noopener noreferrer nofollow\">L\u2019article de presse.<\/a><span><\/span><\/p>\n<p>Le P. Jean de Cronstadt\/Ma vie en J\u00e9sus-Christ\/Chapitre VII.,<a target=\"_blank\" rel=\"nofollow\" href=\"https:\/\/editionsbussiere.com\/blog\/goto\/https:\/\/fr.wikisource.org\/wiki\/Le_P._Jean_de_Cronstadt\/Ma_vie_en_J%C3%A9sus-Christ\/Chapitre_VII\"  target=\"_blank\" rel=\"noopener noreferrer nofollow\">Le post d\u2019actualit\u00e9.<\/a><span><\/span><\/p>\n<p>La Cithare (Gille)\/La Pri\u00e8re d\u2019Hippolyte.,<a target=\"_blank\" rel=\"nofollow\" href=\"https:\/\/editionsbussiere.com\/blog\/goto\/https:\/\/fr.wikisource.org\/wiki\/La_Cithare_(Gille)\/La_Pri%C3%A8re_d%E2%80%99Hippolyte\"  target=\"_blank\" rel=\"noopener noreferrer nofollow\">Ici.<\/a><span><\/span>. Suite sur le prochain article.<\/p>\n<p>Dictionnaire de th\u00e9ologie catholique\/Marie.,<a target=\"_blank\" rel=\"nofollow\" href=\"https:\/\/editionsbussiere.com\/blog\/goto\/https:\/\/fr.wikisource.org\/wiki\/Dictionnaire_de_th%C3%A9ologie_catholique\/Marie\"  target=\"_blank\" rel=\"noopener noreferrer nofollow\">Le post d\u2019actualit\u00e9.<\/a><span><\/span>. Suite sur le prochain article.<\/p>\n<\/div>\n<p><img decoding=\"async\" class=\"wpe_imgrss\" src=\"https:\/\/editionsbussiere.com\/blog\/wp-content\/uploads\/2024\/09\/Ne-demandez-pas-aux-Nigerians-de-faire-preuve-de-patience.jpg\">Cet article a \u00e9t\u00e9 reconstitu\u00e9 du mieux possible. Dans l\u2019hypoth\u00e8se o\u00f9 vous souhaitez apporter quelques modifications concernant le th\u00e8me \u00ab\u00a0Editions \u00e9sot\u00e9rique fond\u00e9e en 1927\u00a0\u00bb, il est possible de discuter avec notre r\u00e9daction. Vous pouvez tirer profit de cet article traitant le sujet \u00ab\u00a0Editions \u00e9sot\u00e9rique fond\u00e9e en 1927\u00a0\u00bb. Il est concoct\u00e9 par l\u2019\u00e9quipe editionsbussiere.com. Le site editionsbussiere.com est fait pour cr\u00e9er divers posts autour du th\u00e8me Editions \u00e9sot\u00e9rique fond\u00e9e en 1927 d\u00e9velopp\u00e9es sur internet. Consultez notre site internet editionsbussiere.com et nos r\u00e9seaux sociaux pour \u00eatre au courant des futures annonces.<\/p>\n","protected":false},"excerpt":{"rendered":"<p>[mc4wp_form id=33047] L\u2019ancien archev\u00eaque de l\u2019archidioc\u00e8se catholique d\u2019Abuja, le cardinal John Onaiyekan, a appel\u00e9 \u00e0 une r\u00e9vision compl\u00e8te des politiques nationales pour att\u00e9nuer les d\u00e9fis \u00e9conomiques auxquels le pays est actuellement confront\u00e9. Onaiyekan a exprim\u00e9 ses inqui\u00e9tudes quant \u00e0 la situation du pays dans une interview avec des journalistes en marge du \u00ab Concert marial [&hellip;]<\/p>\n","protected":false},"author":3,"featured_media":1345,"comment_status":"closed","ping_status":"closed","sticky":false,"template":"","format":"standard","meta":{"footnotes":""},"categories":[3],"tags":[],"class_list":["post-1344","post","type-post","status-publish","format-standard","has-post-thumbnail","hentry","category-editions-esoterique-fondee-en-1927-depeches","entry","fw-tab-6 fw-tabr-4","has-featured-image"],"yoast_head":"<!-- This site is optimized with the Yoast SEO plugin v27.5 - https:\/\/yoast.com\/product\/yoast-seo-wordpress\/ -->\n<title>Ne demandez pas aux Nig\u00e9rians de faire preuve de patience lorsque vous construisez des manoirs \u2013 Le cardinal Onaiyekan dit aux dirigeants \u2013 The Whistler Newspaper afin de adresser ses pri\u00e8res \u00e0 la m\u00e8re de dieu . - EDITIONSBUSSIERE<\/title>\n<meta name=\"robots\" content=\"index, follow, max-snippet:-1, max-image-preview:large, max-video-preview:-1\" \/>\n<link rel=\"canonical\" href=\"https:\/\/editionsbussiere.com\/blog\/ne-demandez-pas-aux-nigerians-de-faire-preuve-de-patience-lorsque-vous-construisez-des-manoirs-le-cardinal-onaiyekan-dit-aux-dirigeants-the-whistler-newspaper-afin-de-adresser-ses\/\" \/>\n<meta property=\"og:locale\" content=\"fr_FR\" \/>\n<meta property=\"og:type\" content=\"article\" \/>\n<meta property=\"og:title\" content=\"Ne demandez pas aux Nig\u00e9rians de faire preuve de patience lorsque vous construisez des manoirs \u2013 Le cardinal Onaiyekan dit aux dirigeants \u2013 The Whistler Newspaper afin de adresser ses pri\u00e8res \u00e0 la m\u00e8re de dieu . - EDITIONSBUSSIERE\" \/>\n<meta property=\"og:description\" content=\"[mc4wp_form id=33047] L\u2019ancien archev\u00eaque de l\u2019archidioc\u00e8se catholique d\u2019Abuja, le cardinal John Onaiyekan, a appel\u00e9 \u00e0 une r\u00e9vision compl\u00e8te des politiques nationales pour att\u00e9nuer les d\u00e9fis \u00e9conomiques auxquels le pays est actuellement confront\u00e9. Onaiyekan a exprim\u00e9 ses inqui\u00e9tudes quant \u00e0 la situation du pays dans une interview avec des journalistes en marge du \u00ab Concert marial [&hellip;]\" \/>\n<meta property=\"og:url\" content=\"https:\/\/editionsbussiere.com\/blog\/ne-demandez-pas-aux-nigerians-de-faire-preuve-de-patience-lorsque-vous-construisez-des-manoirs-le-cardinal-onaiyekan-dit-aux-dirigeants-the-whistler-newspaper-afin-de-adresser-ses\/\" \/>\n<meta property=\"og:site_name\" content=\"EDITIONSBUSSIERE\" \/>\n<meta property=\"article:published_time\" content=\"2024-09-17T20:25:57+00:00\" \/>\n<meta property=\"og:image\" content=\"https:\/\/editionsbussiere.com\/blog\/wp-content\/uploads\/2024\/09\/Ne-demandez-pas-aux-Nigerians-de-faire-preuve-de-patience.jpg\" \/>\n<meta name=\"author\" content=\"Marie BATICLE\" \/>\n<meta name=\"twitter:card\" content=\"summary_large_image\" \/>\n<meta name=\"twitter:label1\" content=\"\u00c9crit par\" \/>\n\t<meta name=\"twitter:data1\" content=\"Marie BATICLE\" \/>\n\t<meta name=\"twitter:label2\" content=\"Dur\u00e9e de lecture estim\u00e9e\" \/>\n\t<meta name=\"twitter:data2\" content=\"11 minutes\" \/>\n<script type=\"application\/ld+json\" class=\"yoast-schema-graph\">{\"@context\":\"https:\\\/\\\/schema.org\",\"@graph\":[{\"@type\":\"Article\",\"@id\":\"https:\\\/\\\/editionsbussiere.com\\\/blog\\\/ne-demandez-pas-aux-nigerians-de-faire-preuve-de-patience-lorsque-vous-construisez-des-manoirs-le-cardinal-onaiyekan-dit-aux-dirigeants-the-whistler-newspaper-afin-de-adresser-ses\\\/#article\",\"isPartOf\":{\"@id\":\"https:\\\/\\\/editionsbussiere.com\\\/blog\\\/ne-demandez-pas-aux-nigerians-de-faire-preuve-de-patience-lorsque-vous-construisez-des-manoirs-le-cardinal-onaiyekan-dit-aux-dirigeants-the-whistler-newspaper-afin-de-adresser-ses\\\/\"},\"author\":{\"name\":\"Marie BATICLE\",\"@id\":\"https:\\\/\\\/editionsbussiere.com\\\/blog\\\/#\\\/schema\\\/person\\\/ec90e102792148c97e46ab871010dd8f\"},\"headline\":\"Ne demandez pas aux Nig\u00e9rians de faire preuve de patience lorsque vous construisez des manoirs \u2013 Le cardinal Onaiyekan dit aux dirigeants \u2013 The Whistler Newspaper afin de adresser ses pri\u00e8res \u00e0 la m\u00e8re de dieu .\",\"datePublished\":\"2024-09-17T20:25:57+00:00\",\"mainEntityOfPage\":{\"@id\":\"https:\\\/\\\/editionsbussiere.com\\\/blog\\\/ne-demandez-pas-aux-nigerians-de-faire-preuve-de-patience-lorsque-vous-construisez-des-manoirs-le-cardinal-onaiyekan-dit-aux-dirigeants-the-whistler-newspaper-afin-de-adresser-ses\\\/\"},\"wordCount\":2199,\"publisher\":{\"@id\":\"https:\\\/\\\/editionsbussiere.com\\\/blog\\\/#organization\"},\"image\":{\"@id\":\"https:\\\/\\\/editionsbussiere.com\\\/blog\\\/ne-demandez-pas-aux-nigerians-de-faire-preuve-de-patience-lorsque-vous-construisez-des-manoirs-le-cardinal-onaiyekan-dit-aux-dirigeants-the-whistler-newspaper-afin-de-adresser-ses\\\/#primaryimage\"},\"thumbnailUrl\":\"https:\\\/\\\/editionsbussiere.com\\\/blog\\\/wp-content\\\/uploads\\\/2024\\\/09\\\/Ne-demandez-pas-aux-Nigerians-de-faire-preuve-de-patience.jpg\",\"articleSection\":[\"Editions \u00c9sot\u00e9rique Fond\u00e9e En 1927; D\u00e9p\u00e8ches:\"],\"inLanguage\":\"fr-FR\"},{\"@type\":\"WebPage\",\"@id\":\"https:\\\/\\\/editionsbussiere.com\\\/blog\\\/ne-demandez-pas-aux-nigerians-de-faire-preuve-de-patience-lorsque-vous-construisez-des-manoirs-le-cardinal-onaiyekan-dit-aux-dirigeants-the-whistler-newspaper-afin-de-adresser-ses\\\/\",\"url\":\"https:\\\/\\\/editionsbussiere.com\\\/blog\\\/ne-demandez-pas-aux-nigerians-de-faire-preuve-de-patience-lorsque-vous-construisez-des-manoirs-le-cardinal-onaiyekan-dit-aux-dirigeants-the-whistler-newspaper-afin-de-adresser-ses\\\/\",\"name\":\"Ne demandez pas aux Nig\u00e9rians de faire preuve de patience lorsque vous construisez des manoirs \u2013 Le cardinal Onaiyekan dit aux dirigeants \u2013 The Whistler Newspaper afin de adresser ses pri\u00e8res \u00e0 la m\u00e8re de dieu . - EDITIONSBUSSIERE\",\"isPartOf\":{\"@id\":\"https:\\\/\\\/editionsbussiere.com\\\/blog\\\/#website\"},\"primaryImageOfPage\":{\"@id\":\"https:\\\/\\\/editionsbussiere.com\\\/blog\\\/ne-demandez-pas-aux-nigerians-de-faire-preuve-de-patience-lorsque-vous-construisez-des-manoirs-le-cardinal-onaiyekan-dit-aux-dirigeants-the-whistler-newspaper-afin-de-adresser-ses\\\/#primaryimage\"},\"image\":{\"@id\":\"https:\\\/\\\/editionsbussiere.com\\\/blog\\\/ne-demandez-pas-aux-nigerians-de-faire-preuve-de-patience-lorsque-vous-construisez-des-manoirs-le-cardinal-onaiyekan-dit-aux-dirigeants-the-whistler-newspaper-afin-de-adresser-ses\\\/#primaryimage\"},\"thumbnailUrl\":\"https:\\\/\\\/editionsbussiere.com\\\/blog\\\/wp-content\\\/uploads\\\/2024\\\/09\\\/Ne-demandez-pas-aux-Nigerians-de-faire-preuve-de-patience.jpg\",\"datePublished\":\"2024-09-17T20:25:57+00:00\",\"breadcrumb\":{\"@id\":\"https:\\\/\\\/editionsbussiere.com\\\/blog\\\/ne-demandez-pas-aux-nigerians-de-faire-preuve-de-patience-lorsque-vous-construisez-des-manoirs-le-cardinal-onaiyekan-dit-aux-dirigeants-the-whistler-newspaper-afin-de-adresser-ses\\\/#breadcrumb\"},\"inLanguage\":\"fr-FR\",\"potentialAction\":[{\"@type\":\"ReadAction\",\"target\":[\"https:\\\/\\\/editionsbussiere.com\\\/blog\\\/ne-demandez-pas-aux-nigerians-de-faire-preuve-de-patience-lorsque-vous-construisez-des-manoirs-le-cardinal-onaiyekan-dit-aux-dirigeants-the-whistler-newspaper-afin-de-adresser-ses\\\/\"]}]},{\"@type\":\"ImageObject\",\"inLanguage\":\"fr-FR\",\"@id\":\"https:\\\/\\\/editionsbussiere.com\\\/blog\\\/ne-demandez-pas-aux-nigerians-de-faire-preuve-de-patience-lorsque-vous-construisez-des-manoirs-le-cardinal-onaiyekan-dit-aux-dirigeants-the-whistler-newspaper-afin-de-adresser-ses\\\/#primaryimage\",\"url\":\"https:\\\/\\\/editionsbussiere.com\\\/blog\\\/wp-content\\\/uploads\\\/2024\\\/09\\\/Ne-demandez-pas-aux-Nigerians-de-faire-preuve-de-patience.jpg\",\"contentUrl\":\"https:\\\/\\\/editionsbussiere.com\\\/blog\\\/wp-content\\\/uploads\\\/2024\\\/09\\\/Ne-demandez-pas-aux-Nigerians-de-faire-preuve-de-patience.jpg\",\"width\":1000,\"height\":550,\"caption\":\"Ne demandez pas aux Nigerians de faire preuve de patience\"},{\"@type\":\"BreadcrumbList\",\"@id\":\"https:\\\/\\\/editionsbussiere.com\\\/blog\\\/ne-demandez-pas-aux-nigerians-de-faire-preuve-de-patience-lorsque-vous-construisez-des-manoirs-le-cardinal-onaiyekan-dit-aux-dirigeants-the-whistler-newspaper-afin-de-adresser-ses\\\/#breadcrumb\",\"itemListElement\":[{\"@type\":\"ListItem\",\"position\":1,\"name\":\"Accueil\",\"item\":\"https:\\\/\\\/editionsbussiere.com\\\/blog\\\/\"},{\"@type\":\"ListItem\",\"position\":2,\"name\":\"Ne demandez pas aux Nig\u00e9rians de faire preuve de patience lorsque vous construisez des manoirs \u2013 Le cardinal Onaiyekan dit aux dirigeants \u2013 The Whistler Newspaper afin de adresser ses pri\u00e8res \u00e0 la m\u00e8re de dieu .\"}]},{\"@type\":\"WebSite\",\"@id\":\"https:\\\/\\\/editionsbussiere.com\\\/blog\\\/#website\",\"url\":\"https:\\\/\\\/editionsbussiere.com\\\/blog\\\/\",\"name\":\"EDITIONSBUSSIERE\",\"description\":\"Editions \u00e9sot\u00e9rique fond\u00e9e en 1927; site historique, A SAVOIR ET RETENIR.\",\"publisher\":{\"@id\":\"https:\\\/\\\/editionsbussiere.com\\\/blog\\\/#organization\"},\"potentialAction\":[{\"@type\":\"SearchAction\",\"target\":{\"@type\":\"EntryPoint\",\"urlTemplate\":\"https:\\\/\\\/editionsbussiere.com\\\/blog\\\/?s={search_term_string}\"},\"query-input\":{\"@type\":\"PropertyValueSpecification\",\"valueRequired\":true,\"valueName\":\"search_term_string\"}}],\"inLanguage\":\"fr-FR\"},{\"@type\":\"Organization\",\"@id\":\"https:\\\/\\\/editionsbussiere.com\\\/blog\\\/#organization\",\"name\":\"editionsbussiere\",\"url\":\"https:\\\/\\\/editionsbussiere.com\\\/blog\\\/\",\"logo\":{\"@type\":\"ImageObject\",\"inLanguage\":\"fr-FR\",\"@id\":\"https:\\\/\\\/editionsbussiere.com\\\/blog\\\/#\\\/schema\\\/logo\\\/image\\\/\",\"url\":\"https:\\\/\\\/editionsbussiere.com\\\/blog\\\/wp-content\\\/uploads\\\/2023\\\/09\\\/cropped-buss.gif\",\"contentUrl\":\"https:\\\/\\\/editionsbussiere.com\\\/blog\\\/wp-content\\\/uploads\\\/2023\\\/09\\\/cropped-buss.gif\",\"width\":298,\"height\":120,\"caption\":\"editionsbussiere\"},\"image\":{\"@id\":\"https:\\\/\\\/editionsbussiere.com\\\/blog\\\/#\\\/schema\\\/logo\\\/image\\\/\"}},{\"@type\":\"Person\",\"@id\":\"https:\\\/\\\/editionsbussiere.com\\\/blog\\\/#\\\/schema\\\/person\\\/ec90e102792148c97e46ab871010dd8f\",\"name\":\"Marie BATICLE\",\"image\":{\"@type\":\"ImageObject\",\"inLanguage\":\"fr-FR\",\"@id\":\"https:\\\/\\\/secure.gravatar.com\\\/avatar\\\/c923e52403b1b8137e2d929127211d21967e6aecaa053bd43b09da29f212e76e?s=96&d=mm&r=g\",\"url\":\"https:\\\/\\\/secure.gravatar.com\\\/avatar\\\/c923e52403b1b8137e2d929127211d21967e6aecaa053bd43b09da29f212e76e?s=96&d=mm&r=g\",\"contentUrl\":\"https:\\\/\\\/secure.gravatar.com\\\/avatar\\\/c923e52403b1b8137e2d929127211d21967e6aecaa053bd43b09da29f212e76e?s=96&d=mm&r=g\",\"caption\":\"Marie BATICLE\"},\"url\":\"https:\\\/\\\/editionsbussiere.com\\\/blog\\\/author\\\/eremarie\\\/\"}]}<\/script>\n<!-- \/ Yoast SEO plugin. -->","yoast_head_json":{"title":"Ne demandez pas aux Nig\u00e9rians de faire preuve de patience lorsque vous construisez des manoirs \u2013 Le cardinal Onaiyekan dit aux dirigeants \u2013 The Whistler Newspaper afin de adresser ses pri\u00e8res \u00e0 la m\u00e8re de dieu . - EDITIONSBUSSIERE","robots":{"index":"index","follow":"follow","max-snippet":"max-snippet:-1","max-image-preview":"max-image-preview:large","max-video-preview":"max-video-preview:-1"},"canonical":"https:\/\/editionsbussiere.com\/blog\/ne-demandez-pas-aux-nigerians-de-faire-preuve-de-patience-lorsque-vous-construisez-des-manoirs-le-cardinal-onaiyekan-dit-aux-dirigeants-the-whistler-newspaper-afin-de-adresser-ses\/","og_locale":"fr_FR","og_type":"article","og_title":"Ne demandez pas aux Nig\u00e9rians de faire preuve de patience lorsque vous construisez des manoirs \u2013 Le cardinal Onaiyekan dit aux dirigeants \u2013 The Whistler Newspaper afin de adresser ses pri\u00e8res \u00e0 la m\u00e8re de dieu . - EDITIONSBUSSIERE","og_description":"[mc4wp_form id=33047] L\u2019ancien archev\u00eaque de l\u2019archidioc\u00e8se catholique d\u2019Abuja, le cardinal John Onaiyekan, a appel\u00e9 \u00e0 une r\u00e9vision compl\u00e8te des politiques nationales pour att\u00e9nuer les d\u00e9fis \u00e9conomiques auxquels le pays est actuellement confront\u00e9. Onaiyekan a exprim\u00e9 ses inqui\u00e9tudes quant \u00e0 la situation du pays dans une interview avec des journalistes en marge du \u00ab Concert marial [&hellip;]","og_url":"https:\/\/editionsbussiere.com\/blog\/ne-demandez-pas-aux-nigerians-de-faire-preuve-de-patience-lorsque-vous-construisez-des-manoirs-le-cardinal-onaiyekan-dit-aux-dirigeants-the-whistler-newspaper-afin-de-adresser-ses\/","og_site_name":"EDITIONSBUSSIERE","article_published_time":"2024-09-17T20:25:57+00:00","og_image":[{"url":"https:\/\/editionsbussiere.com\/blog\/wp-content\/uploads\/2024\/09\/Ne-demandez-pas-aux-Nigerians-de-faire-preuve-de-patience.jpg","type":"","width":"","height":""}],"author":"Marie BATICLE","twitter_card":"summary_large_image","twitter_misc":{"\u00c9crit par":"Marie BATICLE","Dur\u00e9e de lecture estim\u00e9e":"11 minutes"},"schema":{"@context":"https:\/\/schema.org","@graph":[{"@type":"Article","@id":"https:\/\/editionsbussiere.com\/blog\/ne-demandez-pas-aux-nigerians-de-faire-preuve-de-patience-lorsque-vous-construisez-des-manoirs-le-cardinal-onaiyekan-dit-aux-dirigeants-the-whistler-newspaper-afin-de-adresser-ses\/#article","isPartOf":{"@id":"https:\/\/editionsbussiere.com\/blog\/ne-demandez-pas-aux-nigerians-de-faire-preuve-de-patience-lorsque-vous-construisez-des-manoirs-le-cardinal-onaiyekan-dit-aux-dirigeants-the-whistler-newspaper-afin-de-adresser-ses\/"},"author":{"name":"Marie BATICLE","@id":"https:\/\/editionsbussiere.com\/blog\/#\/schema\/person\/ec90e102792148c97e46ab871010dd8f"},"headline":"Ne demandez pas aux Nig\u00e9rians de faire preuve de patience lorsque vous construisez des manoirs \u2013 Le cardinal Onaiyekan dit aux dirigeants \u2013 The Whistler Newspaper afin de adresser ses pri\u00e8res \u00e0 la m\u00e8re de dieu .","datePublished":"2024-09-17T20:25:57+00:00","mainEntityOfPage":{"@id":"https:\/\/editionsbussiere.com\/blog\/ne-demandez-pas-aux-nigerians-de-faire-preuve-de-patience-lorsque-vous-construisez-des-manoirs-le-cardinal-onaiyekan-dit-aux-dirigeants-the-whistler-newspaper-afin-de-adresser-ses\/"},"wordCount":2199,"publisher":{"@id":"https:\/\/editionsbussiere.com\/blog\/#organization"},"image":{"@id":"https:\/\/editionsbussiere.com\/blog\/ne-demandez-pas-aux-nigerians-de-faire-preuve-de-patience-lorsque-vous-construisez-des-manoirs-le-cardinal-onaiyekan-dit-aux-dirigeants-the-whistler-newspaper-afin-de-adresser-ses\/#primaryimage"},"thumbnailUrl":"https:\/\/editionsbussiere.com\/blog\/wp-content\/uploads\/2024\/09\/Ne-demandez-pas-aux-Nigerians-de-faire-preuve-de-patience.jpg","articleSection":["Editions \u00c9sot\u00e9rique Fond\u00e9e En 1927; D\u00e9p\u00e8ches:"],"inLanguage":"fr-FR"},{"@type":"WebPage","@id":"https:\/\/editionsbussiere.com\/blog\/ne-demandez-pas-aux-nigerians-de-faire-preuve-de-patience-lorsque-vous-construisez-des-manoirs-le-cardinal-onaiyekan-dit-aux-dirigeants-the-whistler-newspaper-afin-de-adresser-ses\/","url":"https:\/\/editionsbussiere.com\/blog\/ne-demandez-pas-aux-nigerians-de-faire-preuve-de-patience-lorsque-vous-construisez-des-manoirs-le-cardinal-onaiyekan-dit-aux-dirigeants-the-whistler-newspaper-afin-de-adresser-ses\/","name":"Ne demandez pas aux Nig\u00e9rians de faire preuve de patience lorsque vous construisez des manoirs \u2013 Le cardinal Onaiyekan dit aux dirigeants \u2013 The Whistler Newspaper afin de adresser ses pri\u00e8res \u00e0 la m\u00e8re de dieu . - EDITIONSBUSSIERE","isPartOf":{"@id":"https:\/\/editionsbussiere.com\/blog\/#website"},"primaryImageOfPage":{"@id":"https:\/\/editionsbussiere.com\/blog\/ne-demandez-pas-aux-nigerians-de-faire-preuve-de-patience-lorsque-vous-construisez-des-manoirs-le-cardinal-onaiyekan-dit-aux-dirigeants-the-whistler-newspaper-afin-de-adresser-ses\/#primaryimage"},"image":{"@id":"https:\/\/editionsbussiere.com\/blog\/ne-demandez-pas-aux-nigerians-de-faire-preuve-de-patience-lorsque-vous-construisez-des-manoirs-le-cardinal-onaiyekan-dit-aux-dirigeants-the-whistler-newspaper-afin-de-adresser-ses\/#primaryimage"},"thumbnailUrl":"https:\/\/editionsbussiere.com\/blog\/wp-content\/uploads\/2024\/09\/Ne-demandez-pas-aux-Nigerians-de-faire-preuve-de-patience.jpg","datePublished":"2024-09-17T20:25:57+00:00","breadcrumb":{"@id":"https:\/\/editionsbussiere.com\/blog\/ne-demandez-pas-aux-nigerians-de-faire-preuve-de-patience-lorsque-vous-construisez-des-manoirs-le-cardinal-onaiyekan-dit-aux-dirigeants-the-whistler-newspaper-afin-de-adresser-ses\/#breadcrumb"},"inLanguage":"fr-FR","potentialAction":[{"@type":"ReadAction","target":["https:\/\/editionsbussiere.com\/blog\/ne-demandez-pas-aux-nigerians-de-faire-preuve-de-patience-lorsque-vous-construisez-des-manoirs-le-cardinal-onaiyekan-dit-aux-dirigeants-the-whistler-newspaper-afin-de-adresser-ses\/"]}]},{"@type":"ImageObject","inLanguage":"fr-FR","@id":"https:\/\/editionsbussiere.com\/blog\/ne-demandez-pas-aux-nigerians-de-faire-preuve-de-patience-lorsque-vous-construisez-des-manoirs-le-cardinal-onaiyekan-dit-aux-dirigeants-the-whistler-newspaper-afin-de-adresser-ses\/#primaryimage","url":"https:\/\/editionsbussiere.com\/blog\/wp-content\/uploads\/2024\/09\/Ne-demandez-pas-aux-Nigerians-de-faire-preuve-de-patience.jpg","contentUrl":"https:\/\/editionsbussiere.com\/blog\/wp-content\/uploads\/2024\/09\/Ne-demandez-pas-aux-Nigerians-de-faire-preuve-de-patience.jpg","width":1000,"height":550,"caption":"Ne demandez pas aux Nigerians de faire preuve de patience"},{"@type":"BreadcrumbList","@id":"https:\/\/editionsbussiere.com\/blog\/ne-demandez-pas-aux-nigerians-de-faire-preuve-de-patience-lorsque-vous-construisez-des-manoirs-le-cardinal-onaiyekan-dit-aux-dirigeants-the-whistler-newspaper-afin-de-adresser-ses\/#breadcrumb","itemListElement":[{"@type":"ListItem","position":1,"name":"Accueil","item":"https:\/\/editionsbussiere.com\/blog\/"},{"@type":"ListItem","position":2,"name":"Ne demandez pas aux Nig\u00e9rians de faire preuve de patience lorsque vous construisez des manoirs \u2013 Le cardinal Onaiyekan dit aux dirigeants \u2013 The Whistler Newspaper afin de adresser ses pri\u00e8res \u00e0 la m\u00e8re de dieu ."}]},{"@type":"WebSite","@id":"https:\/\/editionsbussiere.com\/blog\/#website","url":"https:\/\/editionsbussiere.com\/blog\/","name":"EDITIONSBUSSIERE","description":"Editions \u00e9sot\u00e9rique fond\u00e9e en 1927; site historique, A SAVOIR ET RETENIR.","publisher":{"@id":"https:\/\/editionsbussiere.com\/blog\/#organization"},"potentialAction":[{"@type":"SearchAction","target":{"@type":"EntryPoint","urlTemplate":"https:\/\/editionsbussiere.com\/blog\/?s={search_term_string}"},"query-input":{"@type":"PropertyValueSpecification","valueRequired":true,"valueName":"search_term_string"}}],"inLanguage":"fr-FR"},{"@type":"Organization","@id":"https:\/\/editionsbussiere.com\/blog\/#organization","name":"editionsbussiere","url":"https:\/\/editionsbussiere.com\/blog\/","logo":{"@type":"ImageObject","inLanguage":"fr-FR","@id":"https:\/\/editionsbussiere.com\/blog\/#\/schema\/logo\/image\/","url":"https:\/\/editionsbussiere.com\/blog\/wp-content\/uploads\/2023\/09\/cropped-buss.gif","contentUrl":"https:\/\/editionsbussiere.com\/blog\/wp-content\/uploads\/2023\/09\/cropped-buss.gif","width":298,"height":120,"caption":"editionsbussiere"},"image":{"@id":"https:\/\/editionsbussiere.com\/blog\/#\/schema\/logo\/image\/"}},{"@type":"Person","@id":"https:\/\/editionsbussiere.com\/blog\/#\/schema\/person\/ec90e102792148c97e46ab871010dd8f","name":"Marie BATICLE","image":{"@type":"ImageObject","inLanguage":"fr-FR","@id":"https:\/\/secure.gravatar.com\/avatar\/c923e52403b1b8137e2d929127211d21967e6aecaa053bd43b09da29f212e76e?s=96&d=mm&r=g","url":"https:\/\/secure.gravatar.com\/avatar\/c923e52403b1b8137e2d929127211d21967e6aecaa053bd43b09da29f212e76e?s=96&d=mm&r=g","contentUrl":"https:\/\/secure.gravatar.com\/avatar\/c923e52403b1b8137e2d929127211d21967e6aecaa053bd43b09da29f212e76e?s=96&d=mm&r=g","caption":"Marie BATICLE"},"url":"https:\/\/editionsbussiere.com\/blog\/author\/eremarie\/"}]}},"_links":{"self":[{"href":"https:\/\/editionsbussiere.com\/blog\/wp-json\/wp\/v2\/posts\/1344","targetHints":{"allow":["GET"]}}],"collection":[{"href":"https:\/\/editionsbussiere.com\/blog\/wp-json\/wp\/v2\/posts"}],"about":[{"href":"https:\/\/editionsbussiere.com\/blog\/wp-json\/wp\/v2\/types\/post"}],"author":[{"embeddable":true,"href":"https:\/\/editionsbussiere.com\/blog\/wp-json\/wp\/v2\/users\/3"}],"replies":[{"embeddable":true,"href":"https:\/\/editionsbussiere.com\/blog\/wp-json\/wp\/v2\/comments?post=1344"}],"version-history":[{"count":0,"href":"https:\/\/editionsbussiere.com\/blog\/wp-json\/wp\/v2\/posts\/1344\/revisions"}],"wp:featuredmedia":[{"embeddable":true,"href":"https:\/\/editionsbussiere.com\/blog\/wp-json\/wp\/v2\/media\/1345"}],"wp:attachment":[{"href":"https:\/\/editionsbussiere.com\/blog\/wp-json\/wp\/v2\/media?parent=1344"}],"wp:term":[{"taxonomy":"category","embeddable":true,"href":"https:\/\/editionsbussiere.com\/blog\/wp-json\/wp\/v2\/categories?post=1344"},{"taxonomy":"post_tag","embeddable":true,"href":"https:\/\/editionsbussiere.com\/blog\/wp-json\/wp\/v2\/tags?post=1344"}],"curies":[{"name":"wp","href":"https:\/\/api.w.org\/{rel}","templated":true}]}}