{"id":1333,"date":"2024-09-15T21:02:45","date_gmt":"2024-09-15T19:02:45","guid":{"rendered":"https:\/\/editionsbussiere.com\/blog\/priere-du-jour-du-lundi-16-septembre-prieres-afin-de-croire-en-la-vierge-marie\/"},"modified":"2024-09-15T21:02:45","modified_gmt":"2024-09-15T19:02:45","slug":"priere-du-jour-du-lundi-16-septembre-prieres-afin-de-croire-en-la-vierge-marie","status":"publish","type":"post","link":"https:\/\/editionsbussiere.com\/blog\/priere-du-jour-du-lundi-16-septembre-prieres-afin-de-croire-en-la-vierge-marie\/","title":{"rendered":"Pri\u00e8re du jour du lundi 16 septembre \u2013 Pri\u00e8res\n afin de croire en la Vierge Marie."},"content":{"rendered":"<div><img width=\"580\" height=\"163\" src=\"https:\/\/editionsbussiere.com\/blog\/wp-content\/uploads\/2024\/09\/Priere-du-jour-du-mardi-27-fevrier-Prieres-3.jpg\" class=\"attachment-large size-large wp-post-image\" alt=\"Pri\u00e8re du jour du mardi 27 f\u00e9vrier - Pri\u00e8res\" style=\"float:left; margin:0 15px 15px 0;\" decoding=\"async\" loading=\"lazy\" srcset=\"https:\/\/editionsbussiere.com\/blog\/wp-content\/uploads\/2024\/09\/Priere-du-jour-du-mardi-27-fevrier-Prieres-3.jpg 960w, https:\/\/www.n42.fr\/wp-content\/uploads\/2024\/02\/Priere-du-jour-du-mardi-27-fevrier-Prieres-300x84.jpg 300w, https:\/\/www.n42.fr\/wp-content\/uploads\/2024\/02\/Priere-du-jour-du-mardi-27-fevrier-Prieres-768x216.jpg 768w\" sizes=\"auto, (max-width: 580px) 100vw, 580px\"><\/p>\n<p>\n<\/p>\n<div id=\"content\">\n<div class=\"row spacer-large\">\n<div class=\"col-md-12\" style=\"background:#ff6500;padding:14px;padding-top:8px;\">\n<h3>Nous vous le demandons humblement : ne faites pas d\u00e9filer la page.<\/h3>\n<p>        <span style=\"color:#fff;\">Bonjour chers lecteurs, il semble que vous utilisiez beaucoup Catholic Online ; c\u2019est g\u00e9nial ! C\u2019est un peu g\u00eanant de demander, mais nous avons besoin de votre aide. Si vous avez d\u00e9j\u00e0 fait un don, nous vous en remercions sinc\u00e8rement. Nous ne sommes pas des vendeurs, mais nous d\u00e9pendons de dons moyens de 14,76 $ et moins de 1 % des lecteurs donnent. Si vous faites un don de seulement 5,00 $, le prix de votre caf\u00e9, Catholic Online School pourrait continuer \u00e0 prosp\u00e9rer. Merci.<\/span><\/p>\n<p><strong>Aidez-moi maintenant &gt;<\/strong><\/p>\n<\/div>\n<\/div>\n<ol class=\"breadcrumb\">\n<li>Catholique en ligne<\/li>\n<li>Pri\u00e8res<\/li>\n<\/ol>\n<div class=\"col-body\">\n<div id=\"prayersPofd\">\n\t<img decoding=\"async\" src=\"https:\/\/editionsbussiere.com\/blog\/wp-content\/uploads\/2024\/09\/16650908975-3.jpg\" width=\"960\" height=\"270\" title=\"Logo de la pri\u00e8re du jour\" alt=\"Logo de la pri\u00e8re du jour\" class=\"lazyload img-responsive center-block\"><\/p>\n<h3>Ave Maria \u2013 Je vous salue Marie<\/h3>\n<p>Que Dieu te sauve, Maria.<br \/>Remplissez-vous de gr\u00e2ce\u00a0:<br \/>Le Seigneur est avec nous.<br \/>Bendita tu es entre toutes les femmes.<br \/>Et plier est le fruit de ton ventre\u00a0:<br \/>J\u00e9sus.<br \/>Sainte Marie, M\u00e8re de Dieu,<br \/>ruega par nos p\u00eacheurs,<br \/>maintenant et \u00e0 l\u2019heure de notre mort.<br \/>Amen.<\/p>\n<hr>\n<\/div>\n<div id=\"indexPrayers\" class=\"hidden-print\">\n<hr>\n<h2>Plus de pri\u00e8res<\/h2>\n<div id=\"prayerSections\">\n<p>\t\tPlus de 3 000 pri\u00e8res catholiques class\u00e9es par th\u00e8me\/mot-cl\u00e9. Y compris les pri\u00e8res du matin et du soir, les pri\u00e8res de mariage et les pri\u00e8res de base comme Je vous salue Marie, Notre P\u00e8re, le Credo des Ap\u00f4tres et bien d\u2019autres.\n\t<\/p>\n<\/div>\n<\/div>\n<\/div>\n<p><!-- Sidebar:  --><\/p>\n<div id=\"subscribe\" class=\"\">\n<h3>Rejoignez le mouvement<br \/><small>Lorsque vous vous inscrivez ci-dessous, vous ne rejoignez pas seulement une liste de diffusion \u2013 vous rejoignez un mouvement entier pour une \u00e9ducation catholique gratuite de classe mondiale.<\/small><\/h3>\n<\/div>\n<div class=\"row\">\n<div class=\"col-md-5\">\n<div class=\"list-catholic\">\n\t\t\t<img decoding=\"async\" src=\"https:\/\/editionsbussiere.com\/blog\/wp-content\/uploads\/2024\/09\/2024094007.jpg\" alt=\"Un devoir sacr\u00e9 : pourquoi chaque catholique doit r\u00e9pondre \u00e0 l\u2019appel \u00e0 \u00e9vang\u00e9liser\" title=\"Un devoir sacr\u00e9 : pourquoi chaque catholique doit r\u00e9pondre \u00e0 l\u2019appel \u00e0 \u00e9vang\u00e9liser\" class=\"img-responsive lazyload\">\n\t\t<\/div>\n<\/div>\n<div class=\"col-md-4\">\n<h4 class=\"trending-heading\">Quotidien Catholique<\/h4>\n<ul class=\"list-unstyled trending none\">\n<li class=\"clearfix\"><img decoding=\"async\" src=\"https:\/\/editionsbussiere.com\/blog\/wp-content\/uploads\/2024\/09\/15672034535_300-3.jpg\" title=\"Lectures quotidiennes du lundi 16 septembre 2024\" alt=\"Lectures quotidiennes du lundi 16 septembre 2024\" class=\"img-responsive lazyload pull-left spacer-right\" style=\"max-height:120px;max-width:100px;\">Lectures quotidiennes du lundi 16 septembre 2024<\/li>\n<li class=\"clearfix\"><img decoding=\"async\" src=\"https:\/\/editionsbussiere.com\/blog\/wp-content\/uploads\/2024\/09\/421.jpg\" title=\"Saint Corneille : Saint du jour du lundi 16 septembre 2024\" alt=\"Saint Corneille : Saint du jour du lundi 16 septembre 2024\" class=\"img-responsive lazyload pull-left spacer-right\" style=\"max-height:120px;max-width:100px;\">Saint Corneille : Saint du jour du lundi 16 septembre 2024<\/li>\n<li class=\"clearfix\"><img decoding=\"async\" src=\"https:\/\/editionsbussiere.com\/blog\/wp-content\/uploads\/2024\/09\/prayer_index-3.jpg\" title=\"Ave Maria \u2013 Je vous salue Marie : Pri\u00e8re du jour du lundi 16 septembre 2024\" alt=\"Ave Maria \u2013 Je vous salue Marie : Pri\u00e8re du jour du lundi 16 septembre 2024\" class=\"img-responsive lazyload pull-left spacer-right\" style=\"max-height:120px;max-width:100px;\">Ave Maria \u2013 Je vous salue Marie : Pri\u00e8re du jour du lundi 16 septembre 2024<\/li>\n<li class=\"clearfix\">Lectures quotidiennes du dimanche 15 septembre 2024<\/li>\n<li class=\"clearfix\">Saint Val\u00e9rien : Saint du jour du dimanche 15 septembre 2024<\/li>\n<li class=\"clearfix\">Pri\u00e8re \u00e0 Notre-Dame du Perp\u00e9tuel Secours : Pri\u00e8re du jour pour le dimanche 15 septembre 2024<\/li>\n<\/ul>\n<\/div>\n<\/div>\n<p><img decoding=\"async\" src=\"https:\/\/editionsbussiere.com\/blog\/wp-content\/uploads\/2024\/09\/logo-sm-3.png\" border=\"0\" alt=\"Logo de Catholic Online\" title=\"Catholic Online : la biblioth\u00e8que catholique mondiale\" class=\"img-responsive lazyload\" width=\"228\" height=\"26\"><\/p>\n<p>\t\t\t\t\t\t<small><\/small><\/p>\n<p>Copyright 2024 Catholic Online. Tous les documents contenus sur ce site, qu\u2019ils soient \u00e9crits, audio ou visuels, sont la propri\u00e9t\u00e9 exclusive de Catholic Online et sont prot\u00e9g\u00e9s par les lois am\u00e9ricaines et internationales sur le droit d\u2019auteur, \u00a9 Copyright 2024 Catholic Online. Toute utilisation non autoris\u00e9e, sans le consentement \u00e9crit pr\u00e9alable de Catholic Online, est strictement interdite et prohib\u00e9e.<\/p>\n<p>Catholic Online est un projet de la Fondation Your Catholic Voice, une soci\u00e9t\u00e9 \u00e0 but non lucratif. La Fondation Your Catholic Voice a obtenu une reconnaissance d\u2019exon\u00e9ration fiscale en vertu de l\u2019article 501(c)(3) du Code des imp\u00f4ts. Num\u00e9ro d\u2019identification fiscale f\u00e9d\u00e9ral : 81-0596847. Votre don est d\u00e9ductible des imp\u00f4ts dans la mesure permise par la loi.<\/p>\n<\/div>\n<h2>\n<\/h2>\n<p>La Signification de la D\u00e9votion Mariale<\/p>\n<p>La pri\u00e8re \u00e0 Marie constitue un aspect essentiel de la spiritualit\u00e9 chr\u00e9tienne, solidement enracin\u00e9e dans les enseignements catholique depuis des temps imm\u00e9moriaux. C\u2019est un fondement sur lequel les croyants s\u2019appuient pour obtenir r\u00e9confort, guidance et intercession dans leur relation avec Dieu. Au fil du temps, cette pratique de d\u00e9votion a \u00e9t\u00e9 renforc\u00e9e par les enseignements de la Bible, les coutumes eccl\u00e9siastiques, et le mod\u00e8le des saints qui ont honor\u00e9 Marie m\u00e8re spirituelle bienveillante.<\/p>\n<h3>\n<\/h3>\n<p>L\u2019exercice du Ave Maria<\/p>\n<p>Cette pri\u00e8re traditionnelle mariale tient une position centrale dans la vie spirituelle de un grand nombre de fid\u00e8les. En r\u00e9citant les myst\u00e8res joyeux, douloureux, lumineux et glorieux, les fid\u00e8les m\u00e9ditent dans les moments de la vie de J\u00e9sus et de Marie, renfor\u00e7ant leur connexion spirituelle avec le divin. Chaque Ave Maria r\u00e9cit\u00e9, ils expriment leur foi en l\u2019intercession de Marie et leur d\u00e9sir de suivre les enseignements du Christ. Saint Louis-Marie Grignion de Montfort, dans son ouvrage sur la d\u00e9votion authentique \u00e0 la Vierge Marie, invite les fid\u00e8les \u00e0 m\u00e9diter r\u00e9guli\u00e8rement sur les myst\u00e8res du rosaire pour approfondir leur relation avec la M\u00e8re de Dieu. Cet antique rituel, transmise de g\u00e9n\u00e9ration en g\u00e9n\u00e9ration, reste une source d\u2019illumination spirituelle pour les croyants, les aidant \u00e0 se connecter avec la c\u00e9leste Dame.<\/p>\n<h3>\n<\/h3>\n<p>L\u2019encouragement \u00e0 prier<\/p>\n<p>Unissons-nous dans la pri\u00e8re, fr\u00e8res et s\u0153urs, dans l\u2019unit\u00e9 de notre foi, en Marie, la m\u00e8re de notre Seigneur J\u00e9sus-Christ. Dans notre monde tourment\u00e9 par la guerre et la discorde, optons \u00e0 la pri\u00e8re pour trouver de trouver la s\u00e9r\u00e9nit\u00e9 et la r\u00e9conciliation. Tout chr\u00e9tien peut envoyer une sollicitation pour la Vierge Marie <a target=\"_blank\" rel=\"nofollow\" href=\"https:\/\/editionsbussiere.com\/blog\/goto\/https:\/\/www.avemariasound.org\/\" >en visitant cette page.<\/a> Que nos pri\u00e8res montent vers le ciel, comme une offrande agr\u00e9able par Dieu, afin qu\u2019il guide nous guider nos pas sur la voie de la v\u00e9rit\u00e9 et de la justice. L\u2019ap\u00f4tre Paul nous dans ses lettres \u00e0 maintenir une pri\u00e8re incessante, quelle que soit la situation, afin que notre connexion avec Dieu reste constante et passionn\u00e9e. La pri\u00e8re, lorsqu\u2019elle est offerte sinc\u00e8rement, a la capacit\u00e9 de transformer nos c\u0153urs et de modifier le cours de l\u2019histoire.<\/p>\n<h2>\n<\/h2>\n<p>L\u2019enseignement du Souverain Pontife<\/p>\n<p>Le Saint-P\u00e8re, \u00e0 travers ses \u00e9crits inspir\u00e9s, publi\u00e9s par Bayard, nous rappelle l\u2019importance de la pri\u00e8re journali\u00e8re. Par le biais de ses hom\u00e9lies et de ses audiences publiques, il nous incite \u00e0 cultiver un lien personnel avec le divin, en se fondant sur la contemplation des \u00c9critures et la pratique du Rosaire. Son exemple de compassion et d\u2019humilit\u00e9 nous inspire \u00e0 approfondir encore notre pri\u00e8re et \u00e0 chercher la pr\u00e9sence de Dieu dans tous les domaines de notre quotidien. Le pape Jean-Paul II, dans son \u00e9crit sur la foi chr\u00e9tienne, nous rappelle que la pri\u00e8re quotidienne est la base de notre vie spirituelle et par elle que nous sommes unis au divin. La pri\u00e8re quotidienne, transmise par les pontifes successifs, est une source d\u2019espoir en p\u00e9riode de temp\u00eate, un roc solide auquel nous pouvons nous appuyer.<\/p>\n<h3>\n<\/h3>\n<p>Les ouvrages de Leli\u00e8vre et Hubert<\/p>\n<p>Au sein de la pratique religieuse, l\u2019\u00e9glise pr\u00e9conise le recours \u00e0 la pri\u00e8re, et lors de la pri\u00e8re, les croyants accomplissent le geste du signe de la croix et r\u00e9citent le Je vous salue Marie. Des intellectuels contemporains, comme Leli\u00e8vre et Hubert, nous incitent aussi \u00e0 m\u00e9diter sur la force de la pri\u00e8re, dans leurs ouvrages inspirants. Leurs ouvrages, porteurs de riches enseignements spirituels, nous orientent sur le chemin de la foi et nous encouragent \u00e0 trouver dans les richesses de la tradition chr\u00e9tienne pour enrichir notre spiritualit\u00e9. En m\u00e9ditant sur leurs ouvrages, nous trouvons de nouvelles mani\u00e8res de d\u00e9velopper notre connexion avec le divin et de progresser dans la saintet\u00e9. Saint Jean, dans son \u00e9vangile, nous rappelle que la pri\u00e8re est une puissante voie pour rester en communion avec Dieu et de recevoir de ses gr\u00e2ces. Chaque passage de leurs \u00e9crits r\u00e9sonne comme une invitation \u00e0 une pri\u00e8re fervente et \u00e0 une vie impr\u00e9gn\u00e9e de la pr\u00e9sence divine. Dans notre exploration de connexion spirituelle, chaque lecture devient une invitation \u00e0 aspirer \u00e0 le divin, par le biais de la contemplation et la r\u00e9flexion.<\/p>\n<h3>\n<\/h3>\n<p>La d\u00e9votion dans la chapelle<\/p>\n<p>Au sein de nos chapelles modestes ou majestueuses, tournons-nous vers Dieu avec confiance et humilit\u00e9, car nous savons qu\u2019il \u00e9coute nos pri\u00e8res avec amour et sollicitude. Que chaque flamme vacillante, chaque Ave Maria r\u00e9cit\u00e9, constitue une offrande \u00e0 notre Seigneur ainsi qu\u2019\u00e0 la Vierge Marie. Que nos instants de d\u00e9votion dans la chapelle soient des occasions de gr\u00e2ce et de renouvellement spirituel, nous renfor\u00e7ant pour affronter les d\u00e9fis avec audace et foi in\u00e9branlable. Sainte Bernadette Soubirous, \u00e0 qui la Vierge Marie est apparue \u00e0 Lourdes, nous enseigne l\u2019importance de la pri\u00e8re dans la vie des fid\u00e8les et l\u2019efficacit\u00e9 de l\u2019intercession de la Vierge Marie. Tout fid\u00e8le qui franchit les portes d\u2019une chapelle, chaque page de la Bible lue dans ce lieu sacr\u00e9, est une rencontre avec le divin, une \u00e9tape importante sur le chemin de la transformation int\u00e9rieure. \u00c0 travers les textes sacr\u00e9s, tout disciple est encourag\u00e9 \u00e0 m\u00e9diter sur la croix du Christ, \u00e0 r\u00e9fl\u00e9chir \u00e0 son sacrifice, et \u00e0 trouver consolation et esp\u00e9rance dans sa gr\u00e2ce r\u00e9demptrice.<\/p>\n<h2>\nL\u2019acte de prier comme rem\u00e8de pour l\u2019\u00e2me<br \/>\n<\/h2>\n<p>Comme un gu\u00e9risseur pour nos esprits, l\u2019acte de prier nous gu\u00e9rit et nous renforce dans les moments de douleur et de d\u00e9sespoir. La pri\u00e8re nous fait souvenir que Dieu est toujours avec nous, m\u00eame au c\u0153ur de nos heures les plus sombres. En nous penchant vers lui dans la pri\u00e8re, nous d\u00e9couvrons la force int\u00e9rieure n\u00e9cessaire pour surmonter les \u00e9preuves et pour affronter l\u2019avenir avec esp\u00e9rance et confiance. La pri\u00e8re est comme une fontaine d\u2019eau vive qui apaise notre soif spirituelle et qui, sur notre chemin de foi, nous revigore.<br \/>\n\u00c0 chaque pri\u00e8re prononc\u00e9e, \u00e0 chaque intention port\u00e9e, nous trouvons un soulagement divin, une gu\u00e9rison c\u00e9leste, qui d\u00e9passe les limitations humaines. Chaque verset de la Bible nous invite \u00e0 \u00e9changer avec Dieu, \u00e0 lui confier nos fardeaux, et \u00e0 accueillir sa gr\u00e2ce transformatrice.<\/p>\n<h2>Une vision alternative sur l\u2019invocation \u00e0 Marie<\/h2>\n<p>La d\u00e9votion \u00e0 Marie est une pratique profond\u00e9ment enracin\u00e9e dans la tradition catholique chr\u00e9tienne, offrant un lien spirituel pr\u00e9cieux pour les adeptes de tous horizons. Comme m\u00e8re spirituelle aimante et intercesseur d\u00e9vou\u00e9, elle est pri\u00e9e avec d\u00e9votion dans les moments de besoin et de louange. Le chapelet, avec ses myst\u00e8res contemplatifs, dirige les fid\u00e8les dans leur voyage de foi, les encourageant \u00e0 m\u00e9diter sur J\u00e9sus, son fils, \u00e0 travers les yeux de la Vierge Marie. Cette affection envers Marie se manifeste dans les sanctuaires tel que le sanctuaire de Lourdes, o\u00f9 les fid\u00e8les convergent en qu\u00eate de r\u00e9confort et de gu\u00e9rison, repr\u00e9sentant le lien profond entre la foi catholique et la v\u00e9n\u00e9ration de la Vierge Marie. Les \u00e9crits \u00e9clairants d\u2019\u00e9minents th\u00e9ologiens comme Leli\u00e8vre et Hubert proposent une r\u00e9flexion pr\u00e9cieuse sur l\u2019importance de la pri\u00e8re \u00e0 Marie et son r\u00f4le dans la vie spirituelle des croyants. Par le biais d\u2019une lecture approfondie de textes religieux et spirituels, les croyants \u00e9largissent leur compr\u00e9hension de l\u2019adoration de Marie et cultivent une connexion plus \u00e9troite avec la Vierge Marie, notre m\u00e8re spirituelle. Dans un monde marqu\u00e9 par la guerre et les conflits, l\u2019invocation de Marie constitue un refuge de tranquillit\u00e9 et d\u2019espoir, appelant chaque personne, ind\u00e9pendamment de son rang dans la foi catholique, \u00e0 solliciter la Dame du Ciel avec une foi profonde et une d\u00e9votion sinc\u00e8re. Prions donc en commun, avec un c\u0153ur humble et sinc\u00e8re, en honorant Marie comme notre m\u00e8re et notre intercesseur, et en lui confiant nos pri\u00e8res et nos d\u00e9sirs les plus profonds. Dans cette d\u00e9marche de foi, chaque fid\u00e8le est appel\u00e9 \u00e0 suivre la liste des pri\u00e8res et des intentions du c\u0153ur, sous la direction du saint P\u00e8re et les ressources spirituelles inestimables fournies par des plateformes comme Aleteia. De cette mani\u00e8re, avec un c\u0153ur ouvert et une humble confiance, \u00e9levons notre pri\u00e8re quotidienne vers Marie, lui demandant son intercession maternelle, et la force de continuer dans la pri\u00e8re fervente.<br \/>\nQue notre dialogue avec le sacr\u00e9 constitue notre refuge et notre r\u00e9confort quelle que soit la situation. Que nous nous inclinions vers Marie, notre m\u00e8re c\u00e9leste, avec un c\u0153ur ouvert et une croyance in\u00e9branlable, en ayant conscience qu\u2019elle interc\u00e8de pour nous devant son fils bien-aim\u00e9. Que notre dialogue avec le divin nous m\u00e8ne dans notre qu\u00eate de saintet\u00e9, nous conduisant toujours plus pr\u00e8s de Dieu et de son amour sans limites.<\/p>\n<p>Publications:<\/p>\n<p>Rational (Durand de Mende)\/Volume 5\/Septi\u00e8me livre\/Chapitre 09.,<a target=\"_blank\" rel=\"nofollow\" href=\"https:\/\/editionsbussiere.com\/blog\/goto\/https:\/\/fr.wikisource.org\/wiki\/Rational_(Durand_de_Mende)\/Volume_5\/Septi%C3%A8me_livre\/Chapitre_09\"  target=\"_blank\" rel=\"noopener noreferrer nofollow\">A lire ici.<\/a><span><\/span><\/p>\n<p>Litanies de la Sainte-Vierge.,<a target=\"_blank\" rel=\"nofollow\" href=\"https:\/\/editionsbussiere.com\/blog\/goto\/https:\/\/fr.wikisource.org\/wiki\/Litanies_de_la_Sainte-Vierge\"  target=\"_blank\" rel=\"noopener noreferrer nofollow\">Cliquer ICI.<\/a><span><\/span><\/p>\n<p>Les Forces \u00e9ternelles\/Les bless\u00e9s.,<a target=\"_blank\" rel=\"nofollow\" href=\"https:\/\/editionsbussiere.com\/blog\/goto\/https:\/\/fr.wikisource.org\/wiki\/Les_Forces_%C3%A9ternelles\/Les_bless%C3%A9s\"  target=\"_blank\" rel=\"noopener noreferrer nofollow\">Le post d\u2019actualit\u00e9.<\/a><span><\/span>. Suite sur le prochain article.<\/p>\n<p>Le Parnasse contemporain\/1866\/R\u00e9demption.,<a target=\"_blank\" rel=\"nofollow\" href=\"https:\/\/editionsbussiere.com\/blog\/goto\/https:\/\/fr.wikisource.org\/wiki\/Le_Parnasse_contemporain\/1866\/R%C3%A9demption\"  target=\"_blank\" rel=\"noopener noreferrer nofollow\">Cliquer ICI.<\/a><span><\/span><\/p>\n<p>Histoire des \u00e9glises et chapelles de Lyon\/Saint-Pierre-le-Vieux.,<a target=\"_blank\" rel=\"nofollow\" href=\"https:\/\/editionsbussiere.com\/blog\/goto\/https:\/\/fr.wikisource.org\/wiki\/Histoire_des_%C3%A9glises_et_chapelles_de_Lyon\/Saint-Pierre-le-Vieux\"  target=\"_blank\" rel=\"noopener noreferrer nofollow\">Le dossier.<\/a><span><\/span><\/p>\n<p>Dans une \u00e9glise de village.,<a target=\"_blank\" rel=\"nofollow\" href=\"https:\/\/editionsbussiere.com\/blog\/goto\/https:\/\/fr.wikisource.org\/wiki\/Dans_une_%C3%A9glise_de_village\"  target=\"_blank\" rel=\"noopener noreferrer nofollow\">Cliquer ICI.<\/a><span><\/span><\/p>\n<\/div>\n<p><img decoding=\"async\" class=\"wpe_imgrss\" src=\"https:\/\/editionsbussiere.com\/blog\/wp-content\/uploads\/2024\/09\/Priere-du-jour-du-mardi-27-fevrier-Prieres-3.jpg\">Cet article a \u00e9t\u00e9 reconstitu\u00e9 du mieux possible. Dans l\u2019hypoth\u00e8se o\u00f9 vous souhaitez apporter quelques modifications concernant le th\u00e8me \u00ab\u00a0Editions \u00e9sot\u00e9rique fond\u00e9e en 1927\u00a0\u00bb, il est possible de discuter avec notre r\u00e9daction. Vous pouvez tirer profit de cet article traitant le sujet \u00ab\u00a0Editions \u00e9sot\u00e9rique fond\u00e9e en 1927\u00a0\u00bb. Il est concoct\u00e9 par l\u2019\u00e9quipe editionsbussiere.com. Le site editionsbussiere.com est fait pour cr\u00e9er divers posts autour du th\u00e8me Editions \u00e9sot\u00e9rique fond\u00e9e en 1927 d\u00e9velopp\u00e9es sur internet. Consultez notre site internet editionsbussiere.com et nos r\u00e9seaux sociaux pour \u00eatre au courant des futures annonces.<\/p>\n","protected":false},"excerpt":{"rendered":"<p>Nous vous le demandons humblement : ne faites pas d\u00e9filer la page. Bonjour chers lecteurs, il semble que vous utilisiez beaucoup Catholic Online ; c\u2019est g\u00e9nial ! C\u2019est un peu g\u00eanant de demander, mais nous avons besoin de votre aide. Si vous avez d\u00e9j\u00e0 fait un don, nous vous en remercions sinc\u00e8rement. Nous ne sommes [&hellip;]<\/p>\n","protected":false},"author":3,"featured_media":1334,"comment_status":"closed","ping_status":"closed","sticky":false,"template":"","format":"standard","meta":{"footnotes":""},"categories":[3],"tags":[],"class_list":["post-1333","post","type-post","status-publish","format-standard","has-post-thumbnail","hentry","category-editions-esoterique-fondee-en-1927-depeches","entry","fw-tab-6 fw-tabr-4","has-featured-image"],"yoast_head":"<!-- This site is optimized with the Yoast SEO plugin v27.5 - https:\/\/yoast.com\/product\/yoast-seo-wordpress\/ -->\n<title>Pri\u00e8re du jour du lundi 16 septembre \u2013 Pri\u00e8res afin de croire en la Vierge Marie. - EDITIONSBUSSIERE<\/title>\n<meta name=\"robots\" content=\"index, follow, max-snippet:-1, max-image-preview:large, max-video-preview:-1\" \/>\n<link rel=\"canonical\" href=\"https:\/\/editionsbussiere.com\/blog\/priere-du-jour-du-lundi-16-septembre-prieres-afin-de-croire-en-la-vierge-marie\/\" \/>\n<meta property=\"og:locale\" content=\"fr_FR\" \/>\n<meta property=\"og:type\" content=\"article\" \/>\n<meta property=\"og:title\" content=\"Pri\u00e8re du jour du lundi 16 septembre \u2013 Pri\u00e8res afin de croire en la Vierge Marie. - EDITIONSBUSSIERE\" \/>\n<meta property=\"og:description\" content=\"Nous vous le demandons humblement : ne faites pas d\u00e9filer la page. Bonjour chers lecteurs, il semble que vous utilisiez beaucoup Catholic Online ; c\u2019est g\u00e9nial ! C\u2019est un peu g\u00eanant de demander, mais nous avons besoin de votre aide. Si vous avez d\u00e9j\u00e0 fait un don, nous vous en remercions sinc\u00e8rement. Nous ne sommes [&hellip;]\" \/>\n<meta property=\"og:url\" content=\"https:\/\/editionsbussiere.com\/blog\/priere-du-jour-du-lundi-16-septembre-prieres-afin-de-croire-en-la-vierge-marie\/\" \/>\n<meta property=\"og:site_name\" content=\"EDITIONSBUSSIERE\" \/>\n<meta property=\"article:published_time\" content=\"2024-09-15T19:02:45+00:00\" \/>\n<meta property=\"og:image\" content=\"https:\/\/editionsbussiere.com\/blog\/wp-content\/uploads\/2024\/09\/Priere-du-jour-du-mardi-27-fevrier-Prieres-3.jpg\" \/>\n<meta name=\"author\" content=\"Marie BATICLE\" \/>\n<meta name=\"twitter:card\" content=\"summary_large_image\" \/>\n<meta name=\"twitter:label1\" content=\"\u00c9crit par\" \/>\n\t<meta name=\"twitter:data1\" content=\"Marie BATICLE\" \/>\n\t<meta name=\"twitter:label2\" content=\"Dur\u00e9e de lecture estim\u00e9e\" \/>\n\t<meta name=\"twitter:data2\" content=\"11 minutes\" \/>\n<script type=\"application\/ld+json\" class=\"yoast-schema-graph\">{\"@context\":\"https:\\\/\\\/schema.org\",\"@graph\":[{\"@type\":\"Article\",\"@id\":\"https:\\\/\\\/editionsbussiere.com\\\/blog\\\/priere-du-jour-du-lundi-16-septembre-prieres-afin-de-croire-en-la-vierge-marie\\\/#article\",\"isPartOf\":{\"@id\":\"https:\\\/\\\/editionsbussiere.com\\\/blog\\\/priere-du-jour-du-lundi-16-septembre-prieres-afin-de-croire-en-la-vierge-marie\\\/\"},\"author\":{\"name\":\"Marie BATICLE\",\"@id\":\"https:\\\/\\\/editionsbussiere.com\\\/blog\\\/#\\\/schema\\\/person\\\/ec90e102792148c97e46ab871010dd8f\"},\"headline\":\"Pri\u00e8re du jour du lundi 16 septembre \u2013 Pri\u00e8res afin de croire en la Vierge Marie.\",\"datePublished\":\"2024-09-15T19:02:45+00:00\",\"mainEntityOfPage\":{\"@id\":\"https:\\\/\\\/editionsbussiere.com\\\/blog\\\/priere-du-jour-du-lundi-16-septembre-prieres-afin-de-croire-en-la-vierge-marie\\\/\"},\"wordCount\":2176,\"publisher\":{\"@id\":\"https:\\\/\\\/editionsbussiere.com\\\/blog\\\/#organization\"},\"image\":{\"@id\":\"https:\\\/\\\/editionsbussiere.com\\\/blog\\\/priere-du-jour-du-lundi-16-septembre-prieres-afin-de-croire-en-la-vierge-marie\\\/#primaryimage\"},\"thumbnailUrl\":\"https:\\\/\\\/editionsbussiere.com\\\/blog\\\/wp-content\\\/uploads\\\/2024\\\/09\\\/Priere-du-jour-du-mardi-27-fevrier-Prieres-3.jpg\",\"articleSection\":[\"Editions \u00c9sot\u00e9rique Fond\u00e9e En 1927; D\u00e9p\u00e8ches:\"],\"inLanguage\":\"fr-FR\"},{\"@type\":\"WebPage\",\"@id\":\"https:\\\/\\\/editionsbussiere.com\\\/blog\\\/priere-du-jour-du-lundi-16-septembre-prieres-afin-de-croire-en-la-vierge-marie\\\/\",\"url\":\"https:\\\/\\\/editionsbussiere.com\\\/blog\\\/priere-du-jour-du-lundi-16-septembre-prieres-afin-de-croire-en-la-vierge-marie\\\/\",\"name\":\"Pri\u00e8re du jour du lundi 16 septembre \u2013 Pri\u00e8res afin de croire en la Vierge Marie. - EDITIONSBUSSIERE\",\"isPartOf\":{\"@id\":\"https:\\\/\\\/editionsbussiere.com\\\/blog\\\/#website\"},\"primaryImageOfPage\":{\"@id\":\"https:\\\/\\\/editionsbussiere.com\\\/blog\\\/priere-du-jour-du-lundi-16-septembre-prieres-afin-de-croire-en-la-vierge-marie\\\/#primaryimage\"},\"image\":{\"@id\":\"https:\\\/\\\/editionsbussiere.com\\\/blog\\\/priere-du-jour-du-lundi-16-septembre-prieres-afin-de-croire-en-la-vierge-marie\\\/#primaryimage\"},\"thumbnailUrl\":\"https:\\\/\\\/editionsbussiere.com\\\/blog\\\/wp-content\\\/uploads\\\/2024\\\/09\\\/Priere-du-jour-du-mardi-27-fevrier-Prieres-3.jpg\",\"datePublished\":\"2024-09-15T19:02:45+00:00\",\"breadcrumb\":{\"@id\":\"https:\\\/\\\/editionsbussiere.com\\\/blog\\\/priere-du-jour-du-lundi-16-septembre-prieres-afin-de-croire-en-la-vierge-marie\\\/#breadcrumb\"},\"inLanguage\":\"fr-FR\",\"potentialAction\":[{\"@type\":\"ReadAction\",\"target\":[\"https:\\\/\\\/editionsbussiere.com\\\/blog\\\/priere-du-jour-du-lundi-16-septembre-prieres-afin-de-croire-en-la-vierge-marie\\\/\"]}]},{\"@type\":\"ImageObject\",\"inLanguage\":\"fr-FR\",\"@id\":\"https:\\\/\\\/editionsbussiere.com\\\/blog\\\/priere-du-jour-du-lundi-16-septembre-prieres-afin-de-croire-en-la-vierge-marie\\\/#primaryimage\",\"url\":\"https:\\\/\\\/editionsbussiere.com\\\/blog\\\/wp-content\\\/uploads\\\/2024\\\/09\\\/Priere-du-jour-du-mardi-27-fevrier-Prieres-3.jpg\",\"contentUrl\":\"https:\\\/\\\/editionsbussiere.com\\\/blog\\\/wp-content\\\/uploads\\\/2024\\\/09\\\/Priere-du-jour-du-mardi-27-fevrier-Prieres-3.jpg\",\"width\":960,\"height\":270,\"caption\":\"Priere du jour du mardi 27 fevrier Prieres 3\"},{\"@type\":\"BreadcrumbList\",\"@id\":\"https:\\\/\\\/editionsbussiere.com\\\/blog\\\/priere-du-jour-du-lundi-16-septembre-prieres-afin-de-croire-en-la-vierge-marie\\\/#breadcrumb\",\"itemListElement\":[{\"@type\":\"ListItem\",\"position\":1,\"name\":\"Accueil\",\"item\":\"https:\\\/\\\/editionsbussiere.com\\\/blog\\\/\"},{\"@type\":\"ListItem\",\"position\":2,\"name\":\"Pri\u00e8re du jour du lundi 16 septembre \u2013 Pri\u00e8res afin de croire en la Vierge Marie.\"}]},{\"@type\":\"WebSite\",\"@id\":\"https:\\\/\\\/editionsbussiere.com\\\/blog\\\/#website\",\"url\":\"https:\\\/\\\/editionsbussiere.com\\\/blog\\\/\",\"name\":\"EDITIONSBUSSIERE\",\"description\":\"Editions \u00e9sot\u00e9rique fond\u00e9e en 1927; site historique, A SAVOIR ET RETENIR.\",\"publisher\":{\"@id\":\"https:\\\/\\\/editionsbussiere.com\\\/blog\\\/#organization\"},\"potentialAction\":[{\"@type\":\"SearchAction\",\"target\":{\"@type\":\"EntryPoint\",\"urlTemplate\":\"https:\\\/\\\/editionsbussiere.com\\\/blog\\\/?s={search_term_string}\"},\"query-input\":{\"@type\":\"PropertyValueSpecification\",\"valueRequired\":true,\"valueName\":\"search_term_string\"}}],\"inLanguage\":\"fr-FR\"},{\"@type\":\"Organization\",\"@id\":\"https:\\\/\\\/editionsbussiere.com\\\/blog\\\/#organization\",\"name\":\"editionsbussiere\",\"url\":\"https:\\\/\\\/editionsbussiere.com\\\/blog\\\/\",\"logo\":{\"@type\":\"ImageObject\",\"inLanguage\":\"fr-FR\",\"@id\":\"https:\\\/\\\/editionsbussiere.com\\\/blog\\\/#\\\/schema\\\/logo\\\/image\\\/\",\"url\":\"https:\\\/\\\/editionsbussiere.com\\\/blog\\\/wp-content\\\/uploads\\\/2023\\\/09\\\/cropped-buss.gif\",\"contentUrl\":\"https:\\\/\\\/editionsbussiere.com\\\/blog\\\/wp-content\\\/uploads\\\/2023\\\/09\\\/cropped-buss.gif\",\"width\":298,\"height\":120,\"caption\":\"editionsbussiere\"},\"image\":{\"@id\":\"https:\\\/\\\/editionsbussiere.com\\\/blog\\\/#\\\/schema\\\/logo\\\/image\\\/\"}},{\"@type\":\"Person\",\"@id\":\"https:\\\/\\\/editionsbussiere.com\\\/blog\\\/#\\\/schema\\\/person\\\/ec90e102792148c97e46ab871010dd8f\",\"name\":\"Marie BATICLE\",\"image\":{\"@type\":\"ImageObject\",\"inLanguage\":\"fr-FR\",\"@id\":\"https:\\\/\\\/secure.gravatar.com\\\/avatar\\\/c923e52403b1b8137e2d929127211d21967e6aecaa053bd43b09da29f212e76e?s=96&d=mm&r=g\",\"url\":\"https:\\\/\\\/secure.gravatar.com\\\/avatar\\\/c923e52403b1b8137e2d929127211d21967e6aecaa053bd43b09da29f212e76e?s=96&d=mm&r=g\",\"contentUrl\":\"https:\\\/\\\/secure.gravatar.com\\\/avatar\\\/c923e52403b1b8137e2d929127211d21967e6aecaa053bd43b09da29f212e76e?s=96&d=mm&r=g\",\"caption\":\"Marie BATICLE\"},\"url\":\"https:\\\/\\\/editionsbussiere.com\\\/blog\\\/author\\\/eremarie\\\/\"}]}<\/script>\n<!-- \/ Yoast SEO plugin. -->","yoast_head_json":{"title":"Pri\u00e8re du jour du lundi 16 septembre \u2013 Pri\u00e8res afin de croire en la Vierge Marie. - EDITIONSBUSSIERE","robots":{"index":"index","follow":"follow","max-snippet":"max-snippet:-1","max-image-preview":"max-image-preview:large","max-video-preview":"max-video-preview:-1"},"canonical":"https:\/\/editionsbussiere.com\/blog\/priere-du-jour-du-lundi-16-septembre-prieres-afin-de-croire-en-la-vierge-marie\/","og_locale":"fr_FR","og_type":"article","og_title":"Pri\u00e8re du jour du lundi 16 septembre \u2013 Pri\u00e8res afin de croire en la Vierge Marie. - EDITIONSBUSSIERE","og_description":"Nous vous le demandons humblement : ne faites pas d\u00e9filer la page. Bonjour chers lecteurs, il semble que vous utilisiez beaucoup Catholic Online ; c\u2019est g\u00e9nial ! C\u2019est un peu g\u00eanant de demander, mais nous avons besoin de votre aide. Si vous avez d\u00e9j\u00e0 fait un don, nous vous en remercions sinc\u00e8rement. Nous ne sommes [&hellip;]","og_url":"https:\/\/editionsbussiere.com\/blog\/priere-du-jour-du-lundi-16-septembre-prieres-afin-de-croire-en-la-vierge-marie\/","og_site_name":"EDITIONSBUSSIERE","article_published_time":"2024-09-15T19:02:45+00:00","og_image":[{"url":"https:\/\/editionsbussiere.com\/blog\/wp-content\/uploads\/2024\/09\/Priere-du-jour-du-mardi-27-fevrier-Prieres-3.jpg","type":"","width":"","height":""}],"author":"Marie BATICLE","twitter_card":"summary_large_image","twitter_misc":{"\u00c9crit par":"Marie BATICLE","Dur\u00e9e de lecture estim\u00e9e":"11 minutes"},"schema":{"@context":"https:\/\/schema.org","@graph":[{"@type":"Article","@id":"https:\/\/editionsbussiere.com\/blog\/priere-du-jour-du-lundi-16-septembre-prieres-afin-de-croire-en-la-vierge-marie\/#article","isPartOf":{"@id":"https:\/\/editionsbussiere.com\/blog\/priere-du-jour-du-lundi-16-septembre-prieres-afin-de-croire-en-la-vierge-marie\/"},"author":{"name":"Marie BATICLE","@id":"https:\/\/editionsbussiere.com\/blog\/#\/schema\/person\/ec90e102792148c97e46ab871010dd8f"},"headline":"Pri\u00e8re du jour du lundi 16 septembre \u2013 Pri\u00e8res afin de croire en la Vierge Marie.","datePublished":"2024-09-15T19:02:45+00:00","mainEntityOfPage":{"@id":"https:\/\/editionsbussiere.com\/blog\/priere-du-jour-du-lundi-16-septembre-prieres-afin-de-croire-en-la-vierge-marie\/"},"wordCount":2176,"publisher":{"@id":"https:\/\/editionsbussiere.com\/blog\/#organization"},"image":{"@id":"https:\/\/editionsbussiere.com\/blog\/priere-du-jour-du-lundi-16-septembre-prieres-afin-de-croire-en-la-vierge-marie\/#primaryimage"},"thumbnailUrl":"https:\/\/editionsbussiere.com\/blog\/wp-content\/uploads\/2024\/09\/Priere-du-jour-du-mardi-27-fevrier-Prieres-3.jpg","articleSection":["Editions \u00c9sot\u00e9rique Fond\u00e9e En 1927; D\u00e9p\u00e8ches:"],"inLanguage":"fr-FR"},{"@type":"WebPage","@id":"https:\/\/editionsbussiere.com\/blog\/priere-du-jour-du-lundi-16-septembre-prieres-afin-de-croire-en-la-vierge-marie\/","url":"https:\/\/editionsbussiere.com\/blog\/priere-du-jour-du-lundi-16-septembre-prieres-afin-de-croire-en-la-vierge-marie\/","name":"Pri\u00e8re du jour du lundi 16 septembre \u2013 Pri\u00e8res afin de croire en la Vierge Marie. - EDITIONSBUSSIERE","isPartOf":{"@id":"https:\/\/editionsbussiere.com\/blog\/#website"},"primaryImageOfPage":{"@id":"https:\/\/editionsbussiere.com\/blog\/priere-du-jour-du-lundi-16-septembre-prieres-afin-de-croire-en-la-vierge-marie\/#primaryimage"},"image":{"@id":"https:\/\/editionsbussiere.com\/blog\/priere-du-jour-du-lundi-16-septembre-prieres-afin-de-croire-en-la-vierge-marie\/#primaryimage"},"thumbnailUrl":"https:\/\/editionsbussiere.com\/blog\/wp-content\/uploads\/2024\/09\/Priere-du-jour-du-mardi-27-fevrier-Prieres-3.jpg","datePublished":"2024-09-15T19:02:45+00:00","breadcrumb":{"@id":"https:\/\/editionsbussiere.com\/blog\/priere-du-jour-du-lundi-16-septembre-prieres-afin-de-croire-en-la-vierge-marie\/#breadcrumb"},"inLanguage":"fr-FR","potentialAction":[{"@type":"ReadAction","target":["https:\/\/editionsbussiere.com\/blog\/priere-du-jour-du-lundi-16-septembre-prieres-afin-de-croire-en-la-vierge-marie\/"]}]},{"@type":"ImageObject","inLanguage":"fr-FR","@id":"https:\/\/editionsbussiere.com\/blog\/priere-du-jour-du-lundi-16-septembre-prieres-afin-de-croire-en-la-vierge-marie\/#primaryimage","url":"https:\/\/editionsbussiere.com\/blog\/wp-content\/uploads\/2024\/09\/Priere-du-jour-du-mardi-27-fevrier-Prieres-3.jpg","contentUrl":"https:\/\/editionsbussiere.com\/blog\/wp-content\/uploads\/2024\/09\/Priere-du-jour-du-mardi-27-fevrier-Prieres-3.jpg","width":960,"height":270,"caption":"Priere du jour du mardi 27 fevrier Prieres 3"},{"@type":"BreadcrumbList","@id":"https:\/\/editionsbussiere.com\/blog\/priere-du-jour-du-lundi-16-septembre-prieres-afin-de-croire-en-la-vierge-marie\/#breadcrumb","itemListElement":[{"@type":"ListItem","position":1,"name":"Accueil","item":"https:\/\/editionsbussiere.com\/blog\/"},{"@type":"ListItem","position":2,"name":"Pri\u00e8re du jour du lundi 16 septembre \u2013 Pri\u00e8res afin de croire en la Vierge Marie."}]},{"@type":"WebSite","@id":"https:\/\/editionsbussiere.com\/blog\/#website","url":"https:\/\/editionsbussiere.com\/blog\/","name":"EDITIONSBUSSIERE","description":"Editions \u00e9sot\u00e9rique fond\u00e9e en 1927; site historique, A SAVOIR ET RETENIR.","publisher":{"@id":"https:\/\/editionsbussiere.com\/blog\/#organization"},"potentialAction":[{"@type":"SearchAction","target":{"@type":"EntryPoint","urlTemplate":"https:\/\/editionsbussiere.com\/blog\/?s={search_term_string}"},"query-input":{"@type":"PropertyValueSpecification","valueRequired":true,"valueName":"search_term_string"}}],"inLanguage":"fr-FR"},{"@type":"Organization","@id":"https:\/\/editionsbussiere.com\/blog\/#organization","name":"editionsbussiere","url":"https:\/\/editionsbussiere.com\/blog\/","logo":{"@type":"ImageObject","inLanguage":"fr-FR","@id":"https:\/\/editionsbussiere.com\/blog\/#\/schema\/logo\/image\/","url":"https:\/\/editionsbussiere.com\/blog\/wp-content\/uploads\/2023\/09\/cropped-buss.gif","contentUrl":"https:\/\/editionsbussiere.com\/blog\/wp-content\/uploads\/2023\/09\/cropped-buss.gif","width":298,"height":120,"caption":"editionsbussiere"},"image":{"@id":"https:\/\/editionsbussiere.com\/blog\/#\/schema\/logo\/image\/"}},{"@type":"Person","@id":"https:\/\/editionsbussiere.com\/blog\/#\/schema\/person\/ec90e102792148c97e46ab871010dd8f","name":"Marie BATICLE","image":{"@type":"ImageObject","inLanguage":"fr-FR","@id":"https:\/\/secure.gravatar.com\/avatar\/c923e52403b1b8137e2d929127211d21967e6aecaa053bd43b09da29f212e76e?s=96&d=mm&r=g","url":"https:\/\/secure.gravatar.com\/avatar\/c923e52403b1b8137e2d929127211d21967e6aecaa053bd43b09da29f212e76e?s=96&d=mm&r=g","contentUrl":"https:\/\/secure.gravatar.com\/avatar\/c923e52403b1b8137e2d929127211d21967e6aecaa053bd43b09da29f212e76e?s=96&d=mm&r=g","caption":"Marie BATICLE"},"url":"https:\/\/editionsbussiere.com\/blog\/author\/eremarie\/"}]}},"_links":{"self":[{"href":"https:\/\/editionsbussiere.com\/blog\/wp-json\/wp\/v2\/posts\/1333","targetHints":{"allow":["GET"]}}],"collection":[{"href":"https:\/\/editionsbussiere.com\/blog\/wp-json\/wp\/v2\/posts"}],"about":[{"href":"https:\/\/editionsbussiere.com\/blog\/wp-json\/wp\/v2\/types\/post"}],"author":[{"embeddable":true,"href":"https:\/\/editionsbussiere.com\/blog\/wp-json\/wp\/v2\/users\/3"}],"replies":[{"embeddable":true,"href":"https:\/\/editionsbussiere.com\/blog\/wp-json\/wp\/v2\/comments?post=1333"}],"version-history":[{"count":0,"href":"https:\/\/editionsbussiere.com\/blog\/wp-json\/wp\/v2\/posts\/1333\/revisions"}],"wp:featuredmedia":[{"embeddable":true,"href":"https:\/\/editionsbussiere.com\/blog\/wp-json\/wp\/v2\/media\/1334"}],"wp:attachment":[{"href":"https:\/\/editionsbussiere.com\/blog\/wp-json\/wp\/v2\/media?parent=1333"}],"wp:term":[{"taxonomy":"category","embeddable":true,"href":"https:\/\/editionsbussiere.com\/blog\/wp-json\/wp\/v2\/categories?post=1333"},{"taxonomy":"post_tag","embeddable":true,"href":"https:\/\/editionsbussiere.com\/blog\/wp-json\/wp\/v2\/tags?post=1333"}],"curies":[{"name":"wp","href":"https:\/\/api.w.org\/{rel}","templated":true}]}}