{"id":1316,"date":"2024-09-13T21:03:01","date_gmt":"2024-09-13T19:03:01","guid":{"rendered":"https:\/\/editionsbussiere.com\/blog\/nouvelles-dorient-13-septembre-2024-prier-la-mere-de-dieu\/"},"modified":"2024-09-13T21:03:01","modified_gmt":"2024-09-13T19:03:01","slug":"nouvelles-dorient-13-septembre-2024-prier-la-mere-de-dieu","status":"publish","type":"post","link":"https:\/\/editionsbussiere.com\/blog\/nouvelles-dorient-13-septembre-2024-prier-la-mere-de-dieu\/","title":{"rendered":"Nouvelles d\u2019Orient \u2013 \u200b\u200b13 septembre 2024\n &amp; prier la m\u00e8re de dieu ."},"content":{"rendered":"<div><img width=\"580\" height=\"326\" src=\"https:\/\/editionsbussiere.com\/blog\/wp-content\/uploads\/2024\/09\/Nouvelles-dOrient-E28093-E2808BE2808B13-septembre-2024-prier-la-mere-1024x576-1.jpeg\" class=\"attachment-large size-large wp-post-image\" alt=\"Nouvelles d\u2019Orient \u2013 \u200b\u200b13 septembre 2024 &amp; prier la m\u00e8re\" style=\"float:left; margin:0 15px 15px 0;\" decoding=\"async\" srcset=\"https:\/\/editionsbussiere.com\/blog\/wp-content\/uploads\/2024\/09\/Nouvelles-dOrient-E28093-E2808BE2808B13-septembre-2024-prier-la-mere-1024x576-1.jpeg 1024w, https:\/\/www.n42.fr\/wp-content\/uploads\/2024\/09\/Nouvelles-dOrient-\u2013-\u200b\u200b13-septembre-2024-prier-la-mere-300x169.jpeg 300w, https:\/\/www.n42.fr\/wp-content\/uploads\/2024\/09\/Nouvelles-dOrient-\u2013-\u200b\u200b13-septembre-2024-prier-la-mere-768x432.jpeg 768w, https:\/\/www.n42.fr\/wp-content\/uploads\/2024\/09\/Nouvelles-dOrient-\u2013-\u200b\u200b13-septembre-2024-prier-la-mere-1200x675.jpeg 1200w, https:\/\/www.n42.fr\/wp-content\/uploads\/2024\/09\/Nouvelles-dOrient-\u2013-\u200b\u200b13-septembre-2024-prier-la-mere.jpeg 1500w\" sizes=\"(max-width: 580px) 100vw, 580px\"><\/p>\n<p><img decoding=\"async\" src=\"https:\/\/editionsbussiere.com\/blog\/wp-content\/uploads\/2024\/09\/cq5dam.thumbnail.cropped.750.422-2.jpeg\"><\/p>\n<div>\n<p>Les nouvelles de l\u2019Orient de cette semaine :<\/p>\n<h2>Les \u00c9thiopiens entrent dans l\u2019ann\u00e9e 2017<\/h2>\n<p>\n <features><\/features>Le mercredi 11 septembre, les \u00c9thiopiens sont entr\u00e9s dans l\u2019ann\u00e9e 2017. Le Nouvel An, Enkutatash, marque la fin de la saison des pluies, la comm\u00e9moration de Saint Jean et l\u2019arriv\u00e9e de la reine de Saba \u00e0 J\u00e9rusalem. Des feux de joie, des chants et des danses accompagnent les festivit\u00e9s. Les enfants dansent dans les rues et distribuent des fleurs et des miniatures. Bien qu\u2019elle ait des racines chr\u00e9tiennes, cette f\u00eate est c\u00e9l\u00e9br\u00e9e par tous.<\/p>\n<h2>L\u2019Irak c\u00e9l\u00e8bre la f\u00eate de la Sainte Croix<\/h2>\n<p>Le 9 septembre 2024, des milliers de chr\u00e9tiens se sont rassembl\u00e9s \u00e0 Erbil-Ankawa, en Irak, pour c\u00e9l\u00e9brer la f\u00eate de la Sainte Croix. Conduite par les archev\u00eaques Bashar Warda et Nicodemus Daoud Sharaf, la procession de catholiques, d\u2019orthodoxes et d\u2019assyriens est partie de l\u2019\u00e9glise Saint-Georges et a \u00e9t\u00e9 accompagn\u00e9e de cantiques et de pri\u00e8res. Les festivit\u00e9s dureront toute la semaine et rassembleront les chr\u00e9tiens de la plaine de Ninive. Cette c\u00e9l\u00e9bration symbolise leur force et leur espoir dans l\u2019adversit\u00e9.<\/p>\n<h2>Les chr\u00e9tiens du monde entier c\u00e9l\u00e8brent la Nativit\u00e9 de la Vierge Marie<\/h2>\n<p>Le 8 septembre 2024, les chr\u00e9tiens d\u2019Orient et d\u2019Occident se sont r\u00e9unis pour c\u00e9l\u00e9brer la Nativit\u00e9 de la Vierge Marie. Cette c\u00e9l\u00e9bration, c\u00e9l\u00e9br\u00e9e depuis le VIIe si\u00e8cle \u00e0 Constantinople, J\u00e9rusalem et Rome, met en valeur la communion entre les croyants malgr\u00e9 les distances g\u00e9ographiques. Dans des villes comme Deir El Ahmar au Liban et en Syrie, pri\u00e8res et hymnes sacr\u00e9s ont r\u00e9sonn\u00e9, honorant ensemble la M\u00e8re du Christ. La nativit\u00e9 nous rappelle la force du lien qui unit les chr\u00e9tiens du monde entier.<\/p>\n<\/div>\n<h2>\n<\/h2>\n<p>Le R\u00f4le de la Pri\u00e8re \u00e0 Marie<\/p>\n<p>L\u2019invocation \u00e0 Marie constitue un \u00e9l\u00e9ment crucial de la foi chr\u00e9tienne, solidement enracin\u00e9e dans la doctrine catholiques depuis des temps imm\u00e9moriaux. C\u2019est un fondement sur lequel les fid\u00e8les s\u2019reposent pour trouver confort, guidance et intercession dans leur relation avec Dieu. \u00c0 travers les \u00e2ges, cette pratique de d\u00e9votion a gagn\u00e9 en force par les enseignements de la Bible, les coutumes eccl\u00e9siastiques, et les exemples des saints qui ont t\u00e9moign\u00e9 de leur respect \u00e0 Marie m\u00e8re spirituelle bienveillante.<\/p>\n<h3>\n<\/h3>\n<p>L\u2019usage du Chapelet<\/p>\n<p>Le Chapelet tient une position centrale au sein de la spiritualit\u00e9 de nombreux croyants. En r\u00e9citant les diff\u00e9rents myst\u00e8res, les d\u00e9vots m\u00e9ditent dans les \u00e9v\u00e9nements li\u00e9s \u00e0 J\u00e9sus et Marie, renfor\u00e7ant ainsi leur lien spirituel avec eux. \u00c0 travers chaque Ave Maria, ils expriment leur confiance en l\u2019intercession de Marie et leur d\u00e9sir de suivre les enseignements du Christ. Saint Louis-Marie Grignion de Montfort, dans son ouvrage sur la d\u00e9votion authentique \u00e0 la Vierge Marie, invite les fid\u00e8les \u00e0 m\u00e9diter r\u00e9guli\u00e8rement des diff\u00e9rents myst\u00e8res du rosaire afin de renforcer leur lien avec la M\u00e8re de Dieu. Cet antique rituel, transmise de g\u00e9n\u00e9ration en g\u00e9n\u00e9ration, demeure une source d\u2019illumination spirituelle pour les croyants, les aidant \u00e0 se connecter avec la c\u00e9leste Dame.<\/p>\n<h3>\n<\/h3>\n<p>L\u2019appel \u00e0 la pri\u00e8re<\/p>\n<p>Joignons nos c\u0153urs dans la pri\u00e8re, fr\u00e8res et s\u0153urs, dans l\u2019unit\u00e9 de notre foi, en Marie, la m\u00e8re de J\u00e9sus. Dans notre monde troubl\u00e9 par les conflits et la discorde, optons \u00e0 la pri\u00e8re comme un moyen de trouver la paix et la r\u00e9conciliation. Chacun \u00e9crire une intention de pri\u00e8re pour la Sainte Vierge <a target=\"_blank\" rel=\"nofollow\" href=\"https:\/\/editionsbussiere.com\/blog\/goto\/https:\/\/www.avemariasound.org\/\" >en sollicitant les b\u00e9n\u00e9voles.<\/a> Que nos supplications s\u2019\u00e9l\u00e8vent vers le ciel, comme une offrande re\u00e7u avec faveur par Dieu, pour qu\u2019il puisse \u00e9clairer nos chemins sur la voie de la justice et de la v\u00e9rit\u00e9. Saint Paul nous dans ses lettres \u00e0 prier sans cesse, quelle que soit la situation, afin que notre communion \u00e0 Dieu soit constante et ardente. La pri\u00e8re, quand elle est sinc\u00e8rement offerte, poss\u00e8de le pouvoir pour changer les c\u0153urs et de modifier le destin de l\u2019histoire.<\/p>\n<h2>\n<\/h2>\n<p>L\u2019enseignement du Souverain Pontife<\/p>\n<p>Le Saint-P\u00e8re, dans ses enseignements \u00e9clair\u00e9s, publi\u00e9s par Bayard, nous souligne la valeur de la pri\u00e8re quotidienne. \u00c0 travers ses hom\u00e9lies et ses audiences g\u00e9n\u00e9rales, il nous encourage \u00e0 d\u00e9velopper une connexion personnelle avec le divin, en se fondant sur la contemplation des \u00c9critures ainsi que la r\u00e9citation du rosaire. Son exemple de compassion et d\u2019humilit\u00e9 nous encourage \u00e0 approfondir notre pri\u00e8re et \u00e0 rechercher la pr\u00e9sence divine dans tous les domaines de notre quotidien. Le Souverain Pontife Jean-Paul II, dans son \u00e9crit sur la foi chr\u00e9tienne, nous rappelle que la pratique de la pri\u00e8re est le fondement de notre vie spirituelle et que c\u2019est par elle que nous nous unissons \u00e0 la volont\u00e9 divine. La pri\u00e8re quotidienne, enseign\u00e9e par les pontifes successifs, est une source d\u2019espoir en p\u00e9riode de temp\u00eate, un fondement solide auquel les \u00e2mes peuvent s\u2019appuyer.<\/p>\n<h3>\n<\/h3>\n<p>Les publications \u00e9crits par Leli\u00e8vre et Hubert<\/p>\n<p>Dans le cadre de la spiritualit\u00e9, l\u2019\u00e9glise recommande vivement la pri\u00e8re, et lors de la pri\u00e8re, les croyants accomplissent le geste du signe de la croix et r\u00e9citent le Je vous salue Marie. Des penseurs contemporains, comme Leli\u00e8vre et Hubert, nous incitent aussi \u00e0 r\u00e9fl\u00e9chir sur la puissance de la pri\u00e8re, dans leurs ouvrages inspirants. Leurs \u00e9crits, riches en enseignements spirituels, nous guident sur le chemin de la foi et nous encouragent \u00e0 puiser dans les tr\u00e9sors de la tradition chr\u00e9tienne pour nourrir notre vie spirituelle. En r\u00e9fl\u00e9chissant sur leurs ouvrages, nous trouvons de nouvelles voies de d\u00e9velopper notre relation avec Dieu et de progresser dans notre cheminement vers la saintet\u00e9. L\u2019ap\u00f4tre Jean, dans son \u00e9vangile, nous enseigne que la pri\u00e8re est une puissante voie de demeurer en communion avec Dieu et de b\u00e9n\u00e9ficier de ses gr\u00e2ces. Chaque page de leurs publications est semblable \u00e0 un appel \u00e0 une pri\u00e8re fervente et \u00e0 une vie impr\u00e9gn\u00e9e de la pr\u00e9sence divine. Dans notre exploration de spiritualit\u00e9, chaque \u0153uvre lue devient un appel \u00e0 aspirer \u00e0 le sacr\u00e9, par le biais de la contemplation et la r\u00e9flexion.<\/p>\n<h3>\n<\/h3>\n<p>La d\u00e9votion dans la chapelle<\/p>\n<p>Dans nos lieux de culte simples ou grandioses, orientons-nous vers le divin avec confiance et humilit\u00e9, car nous savons qu\u2019il \u00e9coute nos pri\u00e8res avec une sollicitude infinie. Que chaque bougie allum\u00e9e, chaque Ave Maria r\u00e9cit\u00e9, soit une offrande \u00e0 notre divin Cr\u00e9ateur et \u00e0 sa sainte m\u00e8re, Marie. Que nos moments de pri\u00e8re dans la chapelle soient des moments de b\u00e9n\u00e9diction et de renouvellement de notre esprit, nous fortifiant pour faire face \u00e0 les \u00e9preuves avec courage et foi. Sainte Bernadette Soubirous, qui a re\u00e7u les apparitions de la Vierge Marie \u00e0 Lourdes, nous enseigne la valeur de la pri\u00e8re dans l\u2019existence des catholiques et l\u2019efficacit\u00e9 de l\u2019intercession de la Vierge Marie. Tout fid\u00e8le qui franchit les portes d\u2019une chapelle, chaque page de la Bible lue dans ce lieu sacr\u00e9, constitue une rencontre avec le divin, une \u00e9tape cruciale sur le chemin de la transformation int\u00e9rieure. \u00c0 travers les pages des Saintes \u00c9critures, tout croyant est encourag\u00e9 \u00e0 m\u00e9diter la croix du Christ, \u00e0 m\u00e9diter sur son sacrifice, et \u00e0 trouver r\u00e9confort et espoir dans la gr\u00e2ce salvatrice qu\u2019elle offre.<\/p>\n<h2>\nL\u2019acte de prier comme m\u00e9decine pour l\u2019esprit<br \/>\n<\/h2>\n<p>Tel un m\u00e9decin pour nos \u00e2mes, la pri\u00e8re nous r\u00e9conforte ainsi que nous fortifie au cours des p\u00e9riodes de douleur et de d\u00e9sespoir. La pri\u00e8re nous rappelle que la pr\u00e9sence divine ne nous quitte jamais, m\u00eame lorsque nous traversons les t\u00e9n\u00e8bres les plus profondes de notre existence. En nous penchant vers lui dans la pri\u00e8re, nous trouvons la force int\u00e9rieure dont nous avons besoin pour traverser les \u00e9preuves et pour faire face \u00e0 l\u2019avenir avec espoir et confiance. La pri\u00e8re est semblable \u00e0 une source d\u2019eau vive qui \u00e9tanche notre soif spirituelle et qui, au cours de notre marche avec Dieu, nous r\u00e9g\u00e9n\u00e8re.<br \/>\n\u00c0 chaque pri\u00e8re prononc\u00e9e, \u00e0 chaque intention confi\u00e9e, notre \u00e2me trouve une paix divine, une gu\u00e9rison spirituelle, qui d\u00e9passe les limites de la condition humaine. Chaque verset de la Bible nous invite \u00e0 \u00e9changer avec Dieu, \u00e0 lui confier nos fardeaux, et \u00e0 b\u00e9n\u00e9ficier de sa gr\u00e2ce r\u00e9g\u00e9n\u00e9ratrice.<\/p>\n<h2>Un point de vue alternatif sur la pri\u00e8re \u00e0 Marie<\/h2>\n<p>La d\u00e9votion \u00e0 Marie est une pratique \u00e9troitement enracin\u00e9e dans la tradition catholique chr\u00e9tienne, proposant un pr\u00e9cieux lien spirituel pour les croyants \u00e0 travers le globe. En tant que m\u00e8re spirituelle aimante et intercesseur, elle est invoqu\u00e9e avec ardeur lors des instants de n\u00e9cessit\u00e9 et de gratitude. Le chapelet, avec ses myst\u00e8res contemplatifs, dirige les fid\u00e8les dans leur cheminement spirituel, les encourageant \u00e0 m\u00e9diter sur J\u00e9sus, son fils, \u00e0 travers le regard de la Vierge Marie. Cette affection envers Marie se refl\u00e8te dans les lieux saints comme Lourdes, o\u00f9 les fid\u00e8les convergent pour rechercher r\u00e9confort et gu\u00e9rison, symbolisant la profonde connexion entre la foi catholique et l\u2019adoration de Marie. Les \u00e9crits inspirants de th\u00e9ologiens tels que Leli\u00e8vre et Hubert fournissent une r\u00e9flexion pr\u00e9cieuse sur la signification de la pri\u00e8re mariale et son r\u00f4le dans la vie spirituelle des croyants. \u00c0 travers la lecture attentive de textes de d\u00e9votion et des \u00c9critures, les adeptes approfondissent leur compr\u00e9hension de la v\u00e9n\u00e9ration de Marie et d\u00e9veloppent une relation plus profonde avec Marie, notre m\u00e8re spirituelle. Dans un monde marqu\u00e9 par les conflits et les hostilit\u00e9s, la d\u00e9votion \u00e0 Marie est un sanctuaire de tranquillit\u00e9 et d\u2019espoir, incitant chaque individu, quelle que soit sa position dans la foi catholique, \u00e0 s\u2019adresser \u00e0 la Dame du Ciel avec confiance et ferveur. Prions donc en commun, avec sinc\u00e9rit\u00e9 et humilit\u00e9, en reconnaissant Marie comme notre m\u00e8re et notre intercesseur, en lui confiant nos v\u0153ux et nos aspirations les plus profondes. Dans cette d\u00e9marche vers Dieu, chaque fid\u00e8le est appel\u00e9 \u00e0 suivre la liste des pri\u00e8res et des intentions du c\u0153ur, guid\u00e9 par le saint P\u00e8re et les ressources spirituelles inestimables offertes par des plateformes telles que Aleteia. Ainsi, avec un c\u0153ur ouvert et une humble confiance, \u00e9levons notre pri\u00e8re quotidienne vers Marie, lui demandant son intercession maternelle, ainsi que la gr\u00e2ce de pers\u00e9v\u00e9rer dans la pri\u00e8re ardente.<br \/>\nQue notre dialogue avec le sacr\u00e9 devienne notre sanctuaire et notre apaisement en toute circonstance. Que nous nous orientions en direction de Marie, notre m\u00e8re du ciel, avec un c\u0153ur ouvert et une foi in\u00e9branlable, en ayant conscience qu\u2019elle interc\u00e8de pour nous devant son fils bien-aim\u00e9. Que la pri\u00e8re nous m\u00e8ne dans notre qu\u00eate de saintet\u00e9, nous approchant toujours plus de Dieu et de son amour infini.<\/p>\n<p>Parutions sur le m\u00eame propos:<\/p>\n<p>Plik et Plok\/El Gitano\/13.,<a target=\"_blank\" rel=\"nofollow\" href=\"https:\/\/editionsbussiere.com\/blog\/goto\/https:\/\/fr.wikisource.org\/wiki\/Plik_et_Plok\/El_Gitano\/13\"  target=\"_blank\" rel=\"noopener noreferrer nofollow\">Article complet.<\/a><span><\/span><\/p>\n<p>Lettres de Fadette\/Deuxi\u00e8me s\u00e9rie\/42.,<a target=\"_blank\" rel=\"nofollow\" href=\"https:\/\/editionsbussiere.com\/blog\/goto\/https:\/\/fr.wikisource.org\/wiki\/Lettres_de_Fadette\/Deuxi%C3%A8me_s%C3%A9rie\/42\"  target=\"_blank\" rel=\"noopener noreferrer nofollow\">Le dossier.<\/a><span><\/span><\/p>\n<p>Les Foules de Lourdes\/Pr\u00e9face.,<a target=\"_blank\" rel=\"nofollow\" href=\"https:\/\/editionsbussiere.com\/blog\/goto\/https:\/\/fr.wikisource.org\/wiki\/Les_Foules_de_Lourdes\/Pr%C3%A9face\"  target=\"_blank\" rel=\"noopener noreferrer nofollow\">L\u2019article ICI.<\/a><span><\/span><\/p>\n<p>La L\u00e9gende dor\u00e9e\/Sainte Marie l\u2019\u00c9gyptienne.,<a target=\"_blank\" rel=\"nofollow\" href=\"https:\/\/editionsbussiere.com\/blog\/goto\/https:\/\/fr.wikisource.org\/wiki\/La_L%C3%A9gende_dor%C3%A9e\/Sainte_Marie_l%E2%80%99%C3%89gyptienne\"  target=\"_blank\" rel=\"noopener noreferrer nofollow\">L\u2019article de presse.<\/a><span><\/span><\/p>\n<p>L\u2019Encyclop\u00e9die\/1re \u00e9dition\/MESSE.,<a target=\"_blank\" rel=\"nofollow\" href=\"https:\/\/editionsbussiere.com\/blog\/goto\/https:\/\/fr.wikisource.org\/wiki\/L%E2%80%99Encyclop%C3%A9die\/1re_%C3%A9dition\/MESSE\"  target=\"_blank\" rel=\"noopener noreferrer nofollow\">Ici.<\/a><span><\/span><\/p>\n<p>Chants populaires de la Basse-Bretagne\/Marie Derrienic.,<a target=\"_blank\" rel=\"nofollow\" href=\"https:\/\/editionsbussiere.com\/blog\/goto\/https:\/\/fr.wikisource.org\/wiki\/Chants_populaires_de_la_Basse-Bretagne\/Marie_Derrienic\"  target=\"_blank\" rel=\"noopener noreferrer nofollow\">Le texte de l\u2019article.<\/a><span><\/span><\/p>\n<\/div>\n<p><img decoding=\"async\" class=\"wpe_imgrss\" src=\"https:\/\/editionsbussiere.com\/blog\/wp-content\/uploads\/2024\/09\/Nouvelles-dOrient-E28093-E2808BE2808B13-septembre-2024-prier-la-mere-1024x576-1.jpeg\">Cet article a \u00e9t\u00e9 reconstitu\u00e9 du mieux possible. Dans l\u2019hypoth\u00e8se o\u00f9 vous souhaitez apporter quelques modifications concernant le th\u00e8me \u00ab\u00a0Editions \u00e9sot\u00e9rique fond\u00e9e en 1927\u00a0\u00bb, il est possible de discuter avec notre r\u00e9daction. Vous pouvez tirer profit de cet article traitant le sujet \u00ab\u00a0Editions \u00e9sot\u00e9rique fond\u00e9e en 1927\u00a0\u00bb. Il est concoct\u00e9 par l\u2019\u00e9quipe editionsbussiere.com. Le site editionsbussiere.com est fait pour cr\u00e9er divers posts autour du th\u00e8me Editions \u00e9sot\u00e9rique fond\u00e9e en 1927 d\u00e9velopp\u00e9es sur internet. Consultez notre site internet editionsbussiere.com et nos r\u00e9seaux sociaux pour \u00eatre au courant des futures annonces.<\/p>\n","protected":false},"excerpt":{"rendered":"<p>Les nouvelles de l\u2019Orient de cette semaine : Les \u00c9thiopiens entrent dans l\u2019ann\u00e9e 2017 Le mercredi 11 septembre, les \u00c9thiopiens sont entr\u00e9s dans l\u2019ann\u00e9e 2017. Le Nouvel An, Enkutatash, marque la fin de la saison des pluies, la comm\u00e9moration de Saint Jean et l\u2019arriv\u00e9e de la reine de Saba \u00e0 J\u00e9rusalem. Des feux de joie, [&hellip;]<\/p>\n","protected":false},"author":3,"featured_media":1317,"comment_status":"closed","ping_status":"closed","sticky":false,"template":"","format":"standard","meta":{"footnotes":""},"categories":[3],"tags":[],"class_list":["post-1316","post","type-post","status-publish","format-standard","has-post-thumbnail","hentry","category-editions-esoterique-fondee-en-1927-depeches","entry","fw-tab-6 fw-tabr-4","has-featured-image"],"yoast_head":"<!-- This site is optimized with the Yoast SEO plugin v27.5 - https:\/\/yoast.com\/product\/yoast-seo-wordpress\/ -->\n<title>Nouvelles d\u2019Orient \u2013 \u200b\u200b13 septembre 2024 &amp; prier la m\u00e8re de dieu . - EDITIONSBUSSIERE<\/title>\n<meta name=\"robots\" content=\"index, follow, max-snippet:-1, max-image-preview:large, max-video-preview:-1\" \/>\n<link rel=\"canonical\" href=\"https:\/\/editionsbussiere.com\/blog\/nouvelles-dorient-13-septembre-2024-prier-la-mere-de-dieu\/\" \/>\n<meta property=\"og:locale\" content=\"fr_FR\" \/>\n<meta property=\"og:type\" content=\"article\" \/>\n<meta property=\"og:title\" content=\"Nouvelles d\u2019Orient \u2013 \u200b\u200b13 septembre 2024 &amp; prier la m\u00e8re de dieu . - EDITIONSBUSSIERE\" \/>\n<meta property=\"og:description\" content=\"Les nouvelles de l\u2019Orient de cette semaine : Les \u00c9thiopiens entrent dans l\u2019ann\u00e9e 2017 Le mercredi 11 septembre, les \u00c9thiopiens sont entr\u00e9s dans l\u2019ann\u00e9e 2017. Le Nouvel An, Enkutatash, marque la fin de la saison des pluies, la comm\u00e9moration de Saint Jean et l\u2019arriv\u00e9e de la reine de Saba \u00e0 J\u00e9rusalem. Des feux de joie, [&hellip;]\" \/>\n<meta property=\"og:url\" content=\"https:\/\/editionsbussiere.com\/blog\/nouvelles-dorient-13-septembre-2024-prier-la-mere-de-dieu\/\" \/>\n<meta property=\"og:site_name\" content=\"EDITIONSBUSSIERE\" \/>\n<meta property=\"article:published_time\" content=\"2024-09-13T19:03:01+00:00\" \/>\n<meta property=\"og:image\" content=\"https:\/\/editionsbussiere.com\/blog\/wp-content\/uploads\/2024\/09\/Nouvelles-dOrient-E28093-E2808BE2808B13-septembre-2024-prier-la-mere-1024x576-1.jpeg\" \/>\n<meta name=\"author\" content=\"Marie BATICLE\" \/>\n<meta name=\"twitter:card\" content=\"summary_large_image\" \/>\n<meta name=\"twitter:label1\" content=\"\u00c9crit par\" \/>\n\t<meta name=\"twitter:data1\" content=\"Marie BATICLE\" \/>\n\t<meta name=\"twitter:label2\" content=\"Dur\u00e9e de lecture estim\u00e9e\" \/>\n\t<meta name=\"twitter:data2\" content=\"10 minutes\" \/>\n<script type=\"application\/ld+json\" class=\"yoast-schema-graph\">{\"@context\":\"https:\\\/\\\/schema.org\",\"@graph\":[{\"@type\":\"Article\",\"@id\":\"https:\\\/\\\/editionsbussiere.com\\\/blog\\\/nouvelles-dorient-13-septembre-2024-prier-la-mere-de-dieu\\\/#article\",\"isPartOf\":{\"@id\":\"https:\\\/\\\/editionsbussiere.com\\\/blog\\\/nouvelles-dorient-13-septembre-2024-prier-la-mere-de-dieu\\\/\"},\"author\":{\"name\":\"Marie BATICLE\",\"@id\":\"https:\\\/\\\/editionsbussiere.com\\\/blog\\\/#\\\/schema\\\/person\\\/ec90e102792148c97e46ab871010dd8f\"},\"headline\":\"Nouvelles d\u2019Orient \u2013 \u200b\u200b13 septembre 2024 &amp; prier la m\u00e8re de dieu .\",\"datePublished\":\"2024-09-13T19:03:01+00:00\",\"mainEntityOfPage\":{\"@id\":\"https:\\\/\\\/editionsbussiere.com\\\/blog\\\/nouvelles-dorient-13-septembre-2024-prier-la-mere-de-dieu\\\/\"},\"wordCount\":2081,\"publisher\":{\"@id\":\"https:\\\/\\\/editionsbussiere.com\\\/blog\\\/#organization\"},\"image\":{\"@id\":\"https:\\\/\\\/editionsbussiere.com\\\/blog\\\/nouvelles-dorient-13-septembre-2024-prier-la-mere-de-dieu\\\/#primaryimage\"},\"thumbnailUrl\":\"https:\\\/\\\/editionsbussiere.com\\\/blog\\\/wp-content\\\/uploads\\\/2024\\\/09\\\/Nouvelles-dOrient-E28093-E2808BE2808B13-septembre-2024-prier-la-mere-1024x576-1.jpeg\",\"articleSection\":[\"Editions \u00c9sot\u00e9rique Fond\u00e9e En 1927; D\u00e9p\u00e8ches:\"],\"inLanguage\":\"fr-FR\"},{\"@type\":\"WebPage\",\"@id\":\"https:\\\/\\\/editionsbussiere.com\\\/blog\\\/nouvelles-dorient-13-septembre-2024-prier-la-mere-de-dieu\\\/\",\"url\":\"https:\\\/\\\/editionsbussiere.com\\\/blog\\\/nouvelles-dorient-13-septembre-2024-prier-la-mere-de-dieu\\\/\",\"name\":\"Nouvelles d\u2019Orient \u2013 \u200b\u200b13 septembre 2024 &amp; prier la m\u00e8re de dieu . - EDITIONSBUSSIERE\",\"isPartOf\":{\"@id\":\"https:\\\/\\\/editionsbussiere.com\\\/blog\\\/#website\"},\"primaryImageOfPage\":{\"@id\":\"https:\\\/\\\/editionsbussiere.com\\\/blog\\\/nouvelles-dorient-13-septembre-2024-prier-la-mere-de-dieu\\\/#primaryimage\"},\"image\":{\"@id\":\"https:\\\/\\\/editionsbussiere.com\\\/blog\\\/nouvelles-dorient-13-septembre-2024-prier-la-mere-de-dieu\\\/#primaryimage\"},\"thumbnailUrl\":\"https:\\\/\\\/editionsbussiere.com\\\/blog\\\/wp-content\\\/uploads\\\/2024\\\/09\\\/Nouvelles-dOrient-E28093-E2808BE2808B13-septembre-2024-prier-la-mere-1024x576-1.jpeg\",\"datePublished\":\"2024-09-13T19:03:01+00:00\",\"breadcrumb\":{\"@id\":\"https:\\\/\\\/editionsbussiere.com\\\/blog\\\/nouvelles-dorient-13-septembre-2024-prier-la-mere-de-dieu\\\/#breadcrumb\"},\"inLanguage\":\"fr-FR\",\"potentialAction\":[{\"@type\":\"ReadAction\",\"target\":[\"https:\\\/\\\/editionsbussiere.com\\\/blog\\\/nouvelles-dorient-13-septembre-2024-prier-la-mere-de-dieu\\\/\"]}]},{\"@type\":\"ImageObject\",\"inLanguage\":\"fr-FR\",\"@id\":\"https:\\\/\\\/editionsbussiere.com\\\/blog\\\/nouvelles-dorient-13-septembre-2024-prier-la-mere-de-dieu\\\/#primaryimage\",\"url\":\"https:\\\/\\\/editionsbussiere.com\\\/blog\\\/wp-content\\\/uploads\\\/2024\\\/09\\\/Nouvelles-dOrient-E28093-E2808BE2808B13-septembre-2024-prier-la-mere-1024x576-1.jpeg\",\"contentUrl\":\"https:\\\/\\\/editionsbussiere.com\\\/blog\\\/wp-content\\\/uploads\\\/2024\\\/09\\\/Nouvelles-dOrient-E28093-E2808BE2808B13-septembre-2024-prier-la-mere-1024x576-1.jpeg\",\"width\":1024,\"height\":576,\"caption\":\"Nouvelles dOrient E28093 E2808BE2808B13 septembre 2024 prier la mere 1024x576 1\"},{\"@type\":\"BreadcrumbList\",\"@id\":\"https:\\\/\\\/editionsbussiere.com\\\/blog\\\/nouvelles-dorient-13-septembre-2024-prier-la-mere-de-dieu\\\/#breadcrumb\",\"itemListElement\":[{\"@type\":\"ListItem\",\"position\":1,\"name\":\"Accueil\",\"item\":\"https:\\\/\\\/editionsbussiere.com\\\/blog\\\/\"},{\"@type\":\"ListItem\",\"position\":2,\"name\":\"Nouvelles d\u2019Orient \u2013 \u200b\u200b13 septembre 2024 &amp; prier la m\u00e8re de dieu .\"}]},{\"@type\":\"WebSite\",\"@id\":\"https:\\\/\\\/editionsbussiere.com\\\/blog\\\/#website\",\"url\":\"https:\\\/\\\/editionsbussiere.com\\\/blog\\\/\",\"name\":\"EDITIONSBUSSIERE\",\"description\":\"Editions \u00e9sot\u00e9rique fond\u00e9e en 1927; site historique, A SAVOIR ET RETENIR.\",\"publisher\":{\"@id\":\"https:\\\/\\\/editionsbussiere.com\\\/blog\\\/#organization\"},\"potentialAction\":[{\"@type\":\"SearchAction\",\"target\":{\"@type\":\"EntryPoint\",\"urlTemplate\":\"https:\\\/\\\/editionsbussiere.com\\\/blog\\\/?s={search_term_string}\"},\"query-input\":{\"@type\":\"PropertyValueSpecification\",\"valueRequired\":true,\"valueName\":\"search_term_string\"}}],\"inLanguage\":\"fr-FR\"},{\"@type\":\"Organization\",\"@id\":\"https:\\\/\\\/editionsbussiere.com\\\/blog\\\/#organization\",\"name\":\"editionsbussiere\",\"url\":\"https:\\\/\\\/editionsbussiere.com\\\/blog\\\/\",\"logo\":{\"@type\":\"ImageObject\",\"inLanguage\":\"fr-FR\",\"@id\":\"https:\\\/\\\/editionsbussiere.com\\\/blog\\\/#\\\/schema\\\/logo\\\/image\\\/\",\"url\":\"https:\\\/\\\/editionsbussiere.com\\\/blog\\\/wp-content\\\/uploads\\\/2023\\\/09\\\/cropped-buss.gif\",\"contentUrl\":\"https:\\\/\\\/editionsbussiere.com\\\/blog\\\/wp-content\\\/uploads\\\/2023\\\/09\\\/cropped-buss.gif\",\"width\":298,\"height\":120,\"caption\":\"editionsbussiere\"},\"image\":{\"@id\":\"https:\\\/\\\/editionsbussiere.com\\\/blog\\\/#\\\/schema\\\/logo\\\/image\\\/\"}},{\"@type\":\"Person\",\"@id\":\"https:\\\/\\\/editionsbussiere.com\\\/blog\\\/#\\\/schema\\\/person\\\/ec90e102792148c97e46ab871010dd8f\",\"name\":\"Marie BATICLE\",\"image\":{\"@type\":\"ImageObject\",\"inLanguage\":\"fr-FR\",\"@id\":\"https:\\\/\\\/secure.gravatar.com\\\/avatar\\\/c923e52403b1b8137e2d929127211d21967e6aecaa053bd43b09da29f212e76e?s=96&d=mm&r=g\",\"url\":\"https:\\\/\\\/secure.gravatar.com\\\/avatar\\\/c923e52403b1b8137e2d929127211d21967e6aecaa053bd43b09da29f212e76e?s=96&d=mm&r=g\",\"contentUrl\":\"https:\\\/\\\/secure.gravatar.com\\\/avatar\\\/c923e52403b1b8137e2d929127211d21967e6aecaa053bd43b09da29f212e76e?s=96&d=mm&r=g\",\"caption\":\"Marie BATICLE\"},\"url\":\"https:\\\/\\\/editionsbussiere.com\\\/blog\\\/author\\\/eremarie\\\/\"}]}<\/script>\n<!-- \/ Yoast SEO plugin. -->","yoast_head_json":{"title":"Nouvelles d\u2019Orient \u2013 \u200b\u200b13 septembre 2024 &amp; prier la m\u00e8re de dieu . - EDITIONSBUSSIERE","robots":{"index":"index","follow":"follow","max-snippet":"max-snippet:-1","max-image-preview":"max-image-preview:large","max-video-preview":"max-video-preview:-1"},"canonical":"https:\/\/editionsbussiere.com\/blog\/nouvelles-dorient-13-septembre-2024-prier-la-mere-de-dieu\/","og_locale":"fr_FR","og_type":"article","og_title":"Nouvelles d\u2019Orient \u2013 \u200b\u200b13 septembre 2024 &amp; prier la m\u00e8re de dieu . - EDITIONSBUSSIERE","og_description":"Les nouvelles de l\u2019Orient de cette semaine : Les \u00c9thiopiens entrent dans l\u2019ann\u00e9e 2017 Le mercredi 11 septembre, les \u00c9thiopiens sont entr\u00e9s dans l\u2019ann\u00e9e 2017. Le Nouvel An, Enkutatash, marque la fin de la saison des pluies, la comm\u00e9moration de Saint Jean et l\u2019arriv\u00e9e de la reine de Saba \u00e0 J\u00e9rusalem. Des feux de joie, [&hellip;]","og_url":"https:\/\/editionsbussiere.com\/blog\/nouvelles-dorient-13-septembre-2024-prier-la-mere-de-dieu\/","og_site_name":"EDITIONSBUSSIERE","article_published_time":"2024-09-13T19:03:01+00:00","og_image":[{"url":"https:\/\/editionsbussiere.com\/blog\/wp-content\/uploads\/2024\/09\/Nouvelles-dOrient-E28093-E2808BE2808B13-septembre-2024-prier-la-mere-1024x576-1.jpeg","type":"","width":"","height":""}],"author":"Marie BATICLE","twitter_card":"summary_large_image","twitter_misc":{"\u00c9crit par":"Marie BATICLE","Dur\u00e9e de lecture estim\u00e9e":"10 minutes"},"schema":{"@context":"https:\/\/schema.org","@graph":[{"@type":"Article","@id":"https:\/\/editionsbussiere.com\/blog\/nouvelles-dorient-13-septembre-2024-prier-la-mere-de-dieu\/#article","isPartOf":{"@id":"https:\/\/editionsbussiere.com\/blog\/nouvelles-dorient-13-septembre-2024-prier-la-mere-de-dieu\/"},"author":{"name":"Marie BATICLE","@id":"https:\/\/editionsbussiere.com\/blog\/#\/schema\/person\/ec90e102792148c97e46ab871010dd8f"},"headline":"Nouvelles d\u2019Orient \u2013 \u200b\u200b13 septembre 2024 &amp; prier la m\u00e8re de dieu .","datePublished":"2024-09-13T19:03:01+00:00","mainEntityOfPage":{"@id":"https:\/\/editionsbussiere.com\/blog\/nouvelles-dorient-13-septembre-2024-prier-la-mere-de-dieu\/"},"wordCount":2081,"publisher":{"@id":"https:\/\/editionsbussiere.com\/blog\/#organization"},"image":{"@id":"https:\/\/editionsbussiere.com\/blog\/nouvelles-dorient-13-septembre-2024-prier-la-mere-de-dieu\/#primaryimage"},"thumbnailUrl":"https:\/\/editionsbussiere.com\/blog\/wp-content\/uploads\/2024\/09\/Nouvelles-dOrient-E28093-E2808BE2808B13-septembre-2024-prier-la-mere-1024x576-1.jpeg","articleSection":["Editions \u00c9sot\u00e9rique Fond\u00e9e En 1927; D\u00e9p\u00e8ches:"],"inLanguage":"fr-FR"},{"@type":"WebPage","@id":"https:\/\/editionsbussiere.com\/blog\/nouvelles-dorient-13-septembre-2024-prier-la-mere-de-dieu\/","url":"https:\/\/editionsbussiere.com\/blog\/nouvelles-dorient-13-septembre-2024-prier-la-mere-de-dieu\/","name":"Nouvelles d\u2019Orient \u2013 \u200b\u200b13 septembre 2024 &amp; prier la m\u00e8re de dieu . - EDITIONSBUSSIERE","isPartOf":{"@id":"https:\/\/editionsbussiere.com\/blog\/#website"},"primaryImageOfPage":{"@id":"https:\/\/editionsbussiere.com\/blog\/nouvelles-dorient-13-septembre-2024-prier-la-mere-de-dieu\/#primaryimage"},"image":{"@id":"https:\/\/editionsbussiere.com\/blog\/nouvelles-dorient-13-septembre-2024-prier-la-mere-de-dieu\/#primaryimage"},"thumbnailUrl":"https:\/\/editionsbussiere.com\/blog\/wp-content\/uploads\/2024\/09\/Nouvelles-dOrient-E28093-E2808BE2808B13-septembre-2024-prier-la-mere-1024x576-1.jpeg","datePublished":"2024-09-13T19:03:01+00:00","breadcrumb":{"@id":"https:\/\/editionsbussiere.com\/blog\/nouvelles-dorient-13-septembre-2024-prier-la-mere-de-dieu\/#breadcrumb"},"inLanguage":"fr-FR","potentialAction":[{"@type":"ReadAction","target":["https:\/\/editionsbussiere.com\/blog\/nouvelles-dorient-13-septembre-2024-prier-la-mere-de-dieu\/"]}]},{"@type":"ImageObject","inLanguage":"fr-FR","@id":"https:\/\/editionsbussiere.com\/blog\/nouvelles-dorient-13-septembre-2024-prier-la-mere-de-dieu\/#primaryimage","url":"https:\/\/editionsbussiere.com\/blog\/wp-content\/uploads\/2024\/09\/Nouvelles-dOrient-E28093-E2808BE2808B13-septembre-2024-prier-la-mere-1024x576-1.jpeg","contentUrl":"https:\/\/editionsbussiere.com\/blog\/wp-content\/uploads\/2024\/09\/Nouvelles-dOrient-E28093-E2808BE2808B13-septembre-2024-prier-la-mere-1024x576-1.jpeg","width":1024,"height":576,"caption":"Nouvelles dOrient E28093 E2808BE2808B13 septembre 2024 prier la mere 1024x576 1"},{"@type":"BreadcrumbList","@id":"https:\/\/editionsbussiere.com\/blog\/nouvelles-dorient-13-septembre-2024-prier-la-mere-de-dieu\/#breadcrumb","itemListElement":[{"@type":"ListItem","position":1,"name":"Accueil","item":"https:\/\/editionsbussiere.com\/blog\/"},{"@type":"ListItem","position":2,"name":"Nouvelles d\u2019Orient \u2013 \u200b\u200b13 septembre 2024 &amp; prier la m\u00e8re de dieu ."}]},{"@type":"WebSite","@id":"https:\/\/editionsbussiere.com\/blog\/#website","url":"https:\/\/editionsbussiere.com\/blog\/","name":"EDITIONSBUSSIERE","description":"Editions \u00e9sot\u00e9rique fond\u00e9e en 1927; site historique, A SAVOIR ET RETENIR.","publisher":{"@id":"https:\/\/editionsbussiere.com\/blog\/#organization"},"potentialAction":[{"@type":"SearchAction","target":{"@type":"EntryPoint","urlTemplate":"https:\/\/editionsbussiere.com\/blog\/?s={search_term_string}"},"query-input":{"@type":"PropertyValueSpecification","valueRequired":true,"valueName":"search_term_string"}}],"inLanguage":"fr-FR"},{"@type":"Organization","@id":"https:\/\/editionsbussiere.com\/blog\/#organization","name":"editionsbussiere","url":"https:\/\/editionsbussiere.com\/blog\/","logo":{"@type":"ImageObject","inLanguage":"fr-FR","@id":"https:\/\/editionsbussiere.com\/blog\/#\/schema\/logo\/image\/","url":"https:\/\/editionsbussiere.com\/blog\/wp-content\/uploads\/2023\/09\/cropped-buss.gif","contentUrl":"https:\/\/editionsbussiere.com\/blog\/wp-content\/uploads\/2023\/09\/cropped-buss.gif","width":298,"height":120,"caption":"editionsbussiere"},"image":{"@id":"https:\/\/editionsbussiere.com\/blog\/#\/schema\/logo\/image\/"}},{"@type":"Person","@id":"https:\/\/editionsbussiere.com\/blog\/#\/schema\/person\/ec90e102792148c97e46ab871010dd8f","name":"Marie BATICLE","image":{"@type":"ImageObject","inLanguage":"fr-FR","@id":"https:\/\/secure.gravatar.com\/avatar\/c923e52403b1b8137e2d929127211d21967e6aecaa053bd43b09da29f212e76e?s=96&d=mm&r=g","url":"https:\/\/secure.gravatar.com\/avatar\/c923e52403b1b8137e2d929127211d21967e6aecaa053bd43b09da29f212e76e?s=96&d=mm&r=g","contentUrl":"https:\/\/secure.gravatar.com\/avatar\/c923e52403b1b8137e2d929127211d21967e6aecaa053bd43b09da29f212e76e?s=96&d=mm&r=g","caption":"Marie BATICLE"},"url":"https:\/\/editionsbussiere.com\/blog\/author\/eremarie\/"}]}},"_links":{"self":[{"href":"https:\/\/editionsbussiere.com\/blog\/wp-json\/wp\/v2\/posts\/1316","targetHints":{"allow":["GET"]}}],"collection":[{"href":"https:\/\/editionsbussiere.com\/blog\/wp-json\/wp\/v2\/posts"}],"about":[{"href":"https:\/\/editionsbussiere.com\/blog\/wp-json\/wp\/v2\/types\/post"}],"author":[{"embeddable":true,"href":"https:\/\/editionsbussiere.com\/blog\/wp-json\/wp\/v2\/users\/3"}],"replies":[{"embeddable":true,"href":"https:\/\/editionsbussiere.com\/blog\/wp-json\/wp\/v2\/comments?post=1316"}],"version-history":[{"count":0,"href":"https:\/\/editionsbussiere.com\/blog\/wp-json\/wp\/v2\/posts\/1316\/revisions"}],"wp:featuredmedia":[{"embeddable":true,"href":"https:\/\/editionsbussiere.com\/blog\/wp-json\/wp\/v2\/media\/1317"}],"wp:attachment":[{"href":"https:\/\/editionsbussiere.com\/blog\/wp-json\/wp\/v2\/media?parent=1316"}],"wp:term":[{"taxonomy":"category","embeddable":true,"href":"https:\/\/editionsbussiere.com\/blog\/wp-json\/wp\/v2\/categories?post=1316"},{"taxonomy":"post_tag","embeddable":true,"href":"https:\/\/editionsbussiere.com\/blog\/wp-json\/wp\/v2\/tags?post=1316"}],"curies":[{"name":"wp","href":"https:\/\/api.w.org\/{rel}","templated":true}]}}