{"id":1313,"date":"2024-09-12T21:25:14","date_gmt":"2024-09-12T19:25:14","guid":{"rendered":"https:\/\/editionsbussiere.com\/blog\/priere-du-jour-du-vendredi-13-septembre-prieres-se-devouer-a-la-mere-de-dieu\/"},"modified":"2024-09-12T21:25:14","modified_gmt":"2024-09-12T19:25:14","slug":"priere-du-jour-du-vendredi-13-septembre-prieres-se-devouer-a-la-mere-de-dieu","status":"publish","type":"post","link":"https:\/\/editionsbussiere.com\/blog\/priere-du-jour-du-vendredi-13-septembre-prieres-se-devouer-a-la-mere-de-dieu\/","title":{"rendered":"Pri\u00e8re du jour du vendredi 13 septembre \u2013 Pri\u00e8res\n &amp; se d\u00e9vouer \u00e0 la m\u00e8re de dieu ."},"content":{"rendered":"<div><img width=\"580\" height=\"163\" src=\"https:\/\/editionsbussiere.com\/blog\/wp-content\/uploads\/2024\/09\/Priere-du-jour-du-mardi-27-fevrier-Prieres-2.jpg\" class=\"attachment-large size-large wp-post-image\" alt=\"Pri\u00e8re du jour du mardi 27 f\u00e9vrier - Pri\u00e8res\" style=\"float:left; margin:0 15px 15px 0;\" decoding=\"async\" loading=\"lazy\" srcset=\"https:\/\/editionsbussiere.com\/blog\/wp-content\/uploads\/2024\/09\/Priere-du-jour-du-mardi-27-fevrier-Prieres-2.jpg 960w, https:\/\/www.n42.fr\/wp-content\/uploads\/2024\/02\/Priere-du-jour-du-mardi-27-fevrier-Prieres-300x84.jpg 300w, https:\/\/www.n42.fr\/wp-content\/uploads\/2024\/02\/Priere-du-jour-du-mardi-27-fevrier-Prieres-768x216.jpg 768w\" sizes=\"auto, (max-width: 580px) 100vw, 580px\"><\/p>\n<p>\n<\/p>\n<div id=\"content\">\n<!--\n\n\n\n<h3 align=\"center\">Stations of the Cross: Every Friday of Lent<\/h3>\n\n\n\n--><\/p>\n<div class=\"panel panel-success spacer\">\n<div class=\"panel-body\">\n            <img decoding=\"async\" src=\"https:\/\/editionsbussiere.com\/blog\/wp-content\/uploads\/2024\/09\/17141839075_150.jpg\" width=\"150\" height=\"100\" alt=\"Petite fille regardant\" class=\"img-rounded pull-left spacer-right lazyload\"><br \/>\n            <small>Bonjour chers lecteurs, il semble que vous utilisiez beaucoup Catholic Online ; c\u2019est g\u00e9nial ! C\u2019est un peu g\u00eanant de demander cela, mais nous avons besoin de votre aide. Si vous avez d\u00e9j\u00e0 fait un don, nous vous en remercions sinc\u00e8rement. Nous ne sommes pas des vendeurs, mais nous d\u00e9pendons de dons d\u2019un montant moyen de 14,76 $ et moins de 1 % des lecteurs donnent. <span class=\"bg-warning\">Si vous faites un don de seulement 5,00 $, soit le prix de votre caf\u00e9, l\u2019\u00e9cole catholique en ligne pourrait continuer \u00e0 prosp\u00e9rer.<\/span>  Merci. <strong>Aidez-moi maintenant &gt;<\/strong><\/small>\n    <\/div>\n<\/div>\n<ol class=\"breadcrumb\">\n<li>Catholique en ligne<\/li>\n<li>Pri\u00e8res<\/li>\n<\/ol>\n<div class=\"col-body\">\n<div id=\"prayersPofd\">\n\t<img decoding=\"async\" src=\"https:\/\/editionsbussiere.com\/blog\/wp-content\/uploads\/2024\/09\/16650908975-2.jpg\" width=\"960\" height=\"270\" title=\"Logo de la pri\u00e8re du jour\" alt=\"Logo de la pri\u00e8re du jour\" class=\"lazyload img-responsive center-block\"><\/p>\n<h3>Une pri\u00e8re pour le don de la sagesse<\/h3>\n<p>Grande est la sagesse du Seigneur ! Dieu Tout-Puissant, Ta Sagesse comprend la compr\u00e9hension de ce qui est juste, de ce qui est logique, de ce qui est vrai, de ce qui est juste et de ce qui est durable. Elle refl\u00e8te Ton intellect pur ! Je Te supplie de m\u2019accorder une telle Sagesse, afin que mes travaux refl\u00e8tent Ta perspicacit\u00e9. Ta Sagesse s\u2019\u00e9tend dans Tes cr\u00e9ations, affichant complexit\u00e9 et multiplicit\u00e9. Ta Sagesse est une \u00e9ternit\u00e9 en avance sur l\u2019homme. Que Ta sagesse s\u2019\u00e9panouisse \u00e0 jamais !\n<\/p>\n<hr>\n<\/div>\n<div id=\"indexPrayers\" class=\"hidden-print\">\n<hr>\n<h2>Plus de pri\u00e8res<\/h2>\n<div id=\"prayerSections\">\n<p>\t\tPlus de 3 000 pri\u00e8res catholiques class\u00e9es par th\u00e8me\/mot-cl\u00e9. Y compris les pri\u00e8res du matin et du soir, les pri\u00e8res de mariage et les pri\u00e8res de base comme Je vous salue Marie, Notre P\u00e8re, le Credo des Ap\u00f4tres et bien d\u2019autres.\n\t<\/p>\n<\/div>\n<\/div>\n<\/div>\n<p><!-- Sidebar:  --><\/p>\n<div id=\"subscribe\" class=\"\">\n<h3>Rejoignez le mouvement<br \/><small>Lorsque vous vous inscrivez ci-dessous, vous ne rejoignez pas seulement une liste de diffusion \u2013 vous rejoignez un mouvement entier pour une \u00e9ducation catholique gratuite de classe mondiale.<\/small><\/h3>\n<\/div>\n<div class=\"row\">\n<div class=\"col-md-5\">\n<div class=\"list-catholic\">\n\t\t\t<img decoding=\"async\" src=\"https:\/\/editionsbussiere.com\/blog\/wp-content\/uploads\/2024\/09\/2020094920.jpg\" alt=\"Nous nous souvenons du 11 septembre \u2013 Prions\" title=\"Nous nous souvenons du 11 septembre \u2013 Prions\" class=\"img-responsive lazyload\">\n\t\t<\/div>\n<\/div>\n<div class=\"col-md-4\">\n<h4 class=\"trending-heading\">Quotidien Catholique<\/h4>\n<ul class=\"list-unstyled trending none\">\n<li class=\"clearfix\"><img decoding=\"async\" src=\"https:\/\/editionsbussiere.com\/blog\/wp-content\/uploads\/2024\/09\/15672034535_300-2.jpg\" title=\"Lectures quotidiennes du vendredi 13 septembre 2024\" alt=\"Lectures quotidiennes du vendredi 13 septembre 2024\" class=\"img-responsive lazyload pull-left spacer-right\" style=\"max-height:120px;max-width:100px;\">Lectures quotidiennes du vendredi 13 septembre 2024<\/li>\n<li class=\"clearfix\"><img decoding=\"async\" src=\"https:\/\/editionsbussiere.com\/blog\/wp-content\/uploads\/2024\/09\/64.jpg\" title=\"Saint Jean Chrysostome : Saint du jour du vendredi 13 septembre 2024\" alt=\"Saint Jean Chrysostome : Saint du jour du vendredi 13 septembre 2024\" class=\"img-responsive lazyload pull-left spacer-right\" style=\"max-height:120px;max-width:100px;\">Saint Jean Chrysostome : Saint du jour du vendredi 13 septembre 2024<\/li>\n<li class=\"clearfix\"><img decoding=\"async\" src=\"https:\/\/editionsbussiere.com\/blog\/wp-content\/uploads\/2024\/09\/prayer_index-2.jpg\" title=\"Une pri\u00e8re pour le don de la sagesse : Pri\u00e8re du jour pour le vendredi 13 septembre 2024\" alt=\"Une pri\u00e8re pour le don de la sagesse : Pri\u00e8re du jour pour le vendredi 13 septembre 2024\" class=\"img-responsive lazyload pull-left spacer-right\" style=\"max-height:120px;max-width:100px;\">Une pri\u00e8re pour le don de la sagesse : Pri\u00e8re du jour pour le vendredi 13 septembre 2024<\/li>\n<li class=\"clearfix\">Lectures quotidiennes du jeudi 12 septembre 2024<\/li>\n<li class=\"clearfix\">Sainte Ailbhe : Saint du jour du jeudi 12 septembre 2024<\/li>\n<li class=\"clearfix\">Pri\u00e8re en famille : Pri\u00e8re du jour pour le jeudi 12 septembre 2024<\/li>\n<\/ul>\n<\/div>\n<\/div>\n<p><img loading=\"lazy\" decoding=\"async\" src=\"https:\/\/editionsbussiere.com\/blog\/wp-content\/uploads\/2024\/09\/logo-sm-2.png\" border=\"0\" alt=\"Logo de Catholic Online\" title=\"Catholic Online : la biblioth\u00e8que catholique mondiale\" class=\"img-responsive lazyload\" width=\"228\" height=\"26\"><\/p>\n<p>\t\t\t\t\t\t<small><\/small><\/p>\n<p>Copyright 2024 Catholic Online. Tous les documents contenus sur ce site, qu\u2019ils soient \u00e9crits, audio ou visuels, sont la propri\u00e9t\u00e9 exclusive de Catholic Online et sont prot\u00e9g\u00e9s par les lois am\u00e9ricaines et internationales sur le droit d\u2019auteur, \u00a9 Copyright 2024 Catholic Online. Toute utilisation non autoris\u00e9e, sans le consentement \u00e9crit pr\u00e9alable de Catholic Online, est strictement interdite et prohib\u00e9e.<\/p>\n<p>Catholic Online est un projet de la Fondation Your Catholic Voice, une soci\u00e9t\u00e9 \u00e0 but non lucratif. La Fondation Your Catholic Voice a obtenu une reconnaissance d\u2019exon\u00e9ration fiscale en vertu de l\u2019article 501(c)(3) du Code des imp\u00f4ts. Num\u00e9ro d\u2019identification fiscale f\u00e9d\u00e9ral : 81-0596847. Votre don est d\u00e9ductible des imp\u00f4ts dans la mesure permise par la loi.<\/p>\n<\/div>\n<h2>\n<\/h2>\n<p>Le R\u00f4le de la D\u00e9votion Mariale<\/p>\n<p>L\u2019invocation \u00e0 Marie constitue un aspect essentiel de la spiritualit\u00e9 chr\u00e9tienne, profond\u00e9ment ancr\u00e9e dans les enseignements catholique depuis des si\u00e8cles. C\u2019est un fondement sur lequel les croyants s\u2019appuient pour obtenir r\u00e9confort, guidance et intercession dans leur marche envers Dieu. \u00c0 travers les \u00e2ges, cette pratique de d\u00e9votion a gagn\u00e9 en force par les \u00e9crits bibliques, les coutumes eccl\u00e9siastiques, et le mod\u00e8le des saints et saintes qui ont honor\u00e9 Marie m\u00e8re spirituelle aimante.<\/p>\n<h3>\n<\/h3>\n<p>L\u2019application du Rosaire<\/p>\n<p>Le rosaire occupe une place centrale au sein de la spiritualit\u00e9 de nombreux croyants. En r\u00e9citant les myst\u00e8res joyeux, douloureux, lumineux et glorieux, les d\u00e9vots se plongent dans les moments de la vie de J\u00e9sus et de Marie, renfor\u00e7ant ainsi leur lien spirituel avec eux. \u00c0 travers chaque Ave Maria, ils manifestent leur confiance en l\u2019intercession de Marie et leur d\u00e9sir de suivre les enseignements du Christ. Saint Louis-Marie Grignion de Montfort, dans son livre sur la vraie d\u00e9votion \u00e0 la Sainte Vierge, encourage les chr\u00e9tiens \u00e0 pratiquer r\u00e9guli\u00e8rement la m\u00e9ditation des diff\u00e9rents myst\u00e8res du rosaire afin de renforcer leur relation avec la M\u00e8re de Dieu. Cet antique rituel, transmise de g\u00e9n\u00e9ration en g\u00e9n\u00e9ration, demeure une source d\u2019illumination spirituelle pour ceux qui ont la foi, les guidant dans leur connexion \u00e0 la divine Dame du Ciel.<\/p>\n<h3>\n<\/h3>\n<p>L\u2019invitation \u00e0 prier<\/p>\n<p>Unissons nos voix dans la pri\u00e8re, fr\u00e8res et s\u0153urs, dans notre confiance, en nous tournant vers Marie, la m\u00e8re de notre Seigneur J\u00e9sus-Christ. Au sein de notre monde troubl\u00e9 par les conflits et la division, recourons \u00e0 la pri\u00e8re comme un moyen pour retrouver la paix et l\u2019harmonie. Chacun faire d\u00e9poser une intention de pri\u00e8re pour la Vierge Marie <a target=\"_blank\" rel=\"nofollow\" href=\"https:\/\/editionsbussiere.com\/blog\/goto\/https:\/\/www.avemariasound.org\/\" >gr\u00e2ce \u00e0 notre site.<\/a> Que nos pri\u00e8res montent vers le ciel, comme un hommage re\u00e7u avec faveur par Dieu, pour qu\u2019il guide nous guider nos pas sur la voie de la justice et de la v\u00e9rit\u00e9. L\u2019ap\u00f4tre Paul nous exhorte dans ses lettres \u00e0 maintenir une pri\u00e8re incessante, en toutes circonstances, afin que notre connexion avec Dieu reste solide et passionn\u00e9e. La pri\u00e8re, quand elle est sinc\u00e8rement offerte, poss\u00e8de le pouvoir de transformer les c\u0153urs et de modifier le cours de l\u2019histoire.<\/p>\n<h2>\n<\/h2>\n<p>Les le\u00e7ons du Saint-P\u00e8re<\/p>\n<p>Le pape Fran\u00e7ois, \u00e0 travers ses \u00e9crits inspir\u00e9s, publi\u00e9s par Bayard, nous souligne la signification de la pri\u00e8re quotidienne. \u00c0 travers ses discours et ses audiences, il nous incite \u00e0 d\u00e9velopper un lien personnel avec Dieu, en s\u2019appuyant sur la contemplation des \u00c9critures ainsi que la r\u00e9citation du rosaire. Son exemple d\u2019humilit\u00e9 et de compassion nous encourage \u00e0 approfondir encore nos pri\u00e8res et \u00e0 rechercher la pr\u00e9sence de Dieu dans chaque aspect de notre existence. Le pape Jean-Paul II, dans son encyclique sur la foi chr\u00e9tienne, nous rappelle que la pri\u00e8re quotidienne constitue le fondement de la vie de foi et par elle que nous nous unissons \u00e0 Dieu. La pratique de la pri\u00e8re, transmise par les pontifes successifs, est un phare d\u2019espoir dans les temp\u00eates, un roc solide sur lequel nous pouvons nous appuyer.<\/p>\n<h3>\n<\/h3>\n<p>Les ouvrages de Leli\u00e8vre et Hubert<\/p>\n<p>Dans le cadre de la spiritualit\u00e9, l\u2019\u00e9glise pr\u00e9conise la pri\u00e8re, et lors de les moments de pri\u00e8re, les fid\u00e8les effectuent le signe de croix tout en r\u00e9citant le Je vous salue Marie. Des penseurs contemporains, comme Leli\u00e8vre et Hubert, nous incitent aussi \u00e0 r\u00e9fl\u00e9chir sur la force de la pri\u00e8re, dans leurs ouvrages inspirants. Leurs \u00e9crits, porteurs de riches enseignements spirituels, nous orientent sur le chemin de la foi et nous invitent \u00e0 trouver dans les richesses de la tradition chr\u00e9tienne pour enrichir notre spiritualit\u00e9. En m\u00e9ditant sur leurs ouvrages, nous d\u00e9couvrons de nouvelles voies d\u2019approfondir notre relation avec Dieu et de progresser dans notre cheminement vers la saintet\u00e9. L\u2019ap\u00f4tre Jean, dans l\u2019\u00c9vangile, nous rappelle que le fait de prier est un puissant moyen de demeurer en communion avec Dieu et de b\u00e9n\u00e9ficier de ses gr\u00e2ces. Chaque passage de leurs ouvrages r\u00e9sonne comme un appel \u00e0 une pri\u00e8re ardente et \u00e0 une vie impr\u00e9gn\u00e9e de la pr\u00e9sence divine. Dans notre exploration de connexion spirituelle, chaque \u0153uvre lue devient une invitation \u00e0 s\u2019\u00e9lever vers le divin, \u00e0 travers la r\u00e9flexion et la m\u00e9ditation.<\/p>\n<h3>\n<\/h3>\n<p>L\u2019acte de prier dans la chapelle<\/p>\n<p>Dans nos chapelles modestes ou majestueuses, orientons-nous vers le divin avec confiance et humilit\u00e9, car nous savons qu\u2019il \u00e9coute nos supplications avec une sollicitude infinie. Que chaque bougie allum\u00e9e, chaque Ave Maria r\u00e9cit\u00e9, soit une offrande \u00e0 notre divin Cr\u00e9ateur ainsi qu\u2019\u00e0 la Vierge Marie. Que nos moments de pri\u00e8re dans la chapelle soient des moments de gr\u00e2ce et de renouvellement de notre esprit, nous renfor\u00e7ant pour affronter les d\u00e9fis avec courage et foi. Sainte Bernadette Soubirous, \u00e0 qui la Vierge Marie est apparue \u00e0 Lourdes, nous d\u00e9montre la valeur de la pri\u00e8re dans l\u2019existence des catholiques et l\u2019efficacit\u00e9 de l\u2019intercession de la Vierge Marie. Tout fid\u00e8le qui franchit les portes d\u2019une chapelle, chaque page de la Bible lue dans ce lieu sacr\u00e9, constitue une rencontre avec la divinit\u00e9, une \u00e9tape cruciale sur le chemin de la transformation int\u00e9rieure. \u00c0 travers les \u00c9critures saintes, tout croyant est encourag\u00e9 \u00e0 m\u00e9diter la croix du Christ, \u00e0 r\u00e9fl\u00e9chir \u00e0 son sacrifice, et \u00e0 trouver consolation et esp\u00e9rance dans la gr\u00e2ce salvatrice qu\u2019elle offre.<\/p>\n<h2>\nLa pri\u00e8re comme rem\u00e8de pour l\u2019esprit<br \/>\n<\/h2>\n<p>Comme un gu\u00e9risseur pour nos esprits, la pri\u00e8re nous gu\u00e9rit et nous fortifie lorsque nous traversons des moments de douleur et de d\u00e9sespoir. La pri\u00e8re nous rappelle que la pr\u00e9sence divine ne nous quitte jamais, m\u00eame dans les moments les plus sombres de notre existence. En nous tournant vers lui dans la pri\u00e8re, nous d\u00e9couvrons la force int\u00e9rieure n\u00e9cessaire pour traverser les \u00e9preuves et pour affronter l\u2019avenir avec esp\u00e9rance et confiance. L\u2019acte de prier est comme une fontaine d\u2019eau vive qui \u00e9tanche notre soif spirituelle et qui, sur notre chemin de foi, nous r\u00e9g\u00e9n\u00e8re.<br \/>\n\u00c0 chaque pri\u00e8re prononc\u00e9e, \u00e0 chaque intention confi\u00e9e, nous trouvons un soulagement divin, une gu\u00e9rison c\u00e9leste, qui d\u00e9passe les limites de notre condition terrestre. Chaque passage des \u00c9critures nous invite \u00e0 \u00e9changer avec Dieu, \u00e0 lui remettre nos fardeaux, et \u00e0 b\u00e9n\u00e9ficier de sa gr\u00e2ce r\u00e9g\u00e9n\u00e9ratrice.<\/p>\n<h2>Une vision alternative sur la pri\u00e8re \u00e0 Marie<\/h2>\n<p>La pri\u00e8re \u00e0 Marie repr\u00e9sente une coutume solidement ancr\u00e9e dans la tradition religieuse catholique chr\u00e9tienne, offrant un lien spirituel pr\u00e9cieux pour les croyants \u00e0 travers le globe. Comme figure maternelle spirituelle et intercesseur d\u00e9vou\u00e9, elle est invoqu\u00e9e avec ferveur lors des instants de n\u00e9cessit\u00e9 et de reconnaissance. Le rosaire, avec ses myst\u00e8res m\u00e9ditatifs, accompagne les croyants dans leur parcours religieux, les encourageant \u00e0 m\u00e9diter sur J\u00e9sus, son fils, \u00e0 travers les yeux de la Vierge Marie. Cette d\u00e9votion \u00e0 Marie se manifeste dans les sanctuaires comme Lourdes, o\u00f9 les visiteurs se rassemblent \u00e0 la recherche de consolation et de gu\u00e9rison, illustrant le lien profond entre la foi catholique et la d\u00e9votion mariale. Les enseignements \u00e9clairants d\u2019\u00e9minents th\u00e9ologiens comme Leli\u00e8vre et Hubert proposent une r\u00e9flexion pr\u00e9cieuse sur l\u2019importance de la pri\u00e8re \u00e0 Marie et son impact sur la spiritualit\u00e9 des croyants. Par le biais d\u2019une lecture approfondie de textes de d\u00e9votion et des \u00c9critures, les adeptes approfondissent leur compr\u00e9hension de la v\u00e9n\u00e9ration de Marie et cultivent un lien plus fort avec la Vierge Marie, notre m\u00e8re spirituelle. Dans un monde o\u00f9 pr\u00e9dominent la guerre et les conflits, l\u2019invocation de Marie est un sanctuaire de calme et de confiance, invitant chaque personne, quelle que soit sa position dans la foi catholique, \u00e0 solliciter la Vierge Marie avec confiance et d\u00e9votion. Unissons donc nos pri\u00e8res, avec sinc\u00e9rit\u00e9 et humilit\u00e9, en reconnaissant Marie comme notre m\u00e8re et notre intercesseur, et en lui confiant nos pri\u00e8res et nos d\u00e9sirs les plus profonds. Dans cette qu\u00eate spirituelle, tout adepte est convi\u00e9 \u00e0 suivre la voie des pri\u00e8res et des d\u00e9sirs du c\u0153ur, sous la conduite du Pape et les ressources spirituelles pr\u00e9cieuses fournies par des plateformes comme Aleteia. Par cons\u00e9quent, avec une humble confiance et un c\u0153ur ouvert, adressons notre pri\u00e8re quotidienne \u00e0 Marie, lui demandant son intercession maternelle, et la force de continuer dans la pri\u00e8re fervente.<br \/>\nQue la pri\u00e8re constitue notre refuge et notre r\u00e9confort en toute circonstance. Que nous nous orientions vers Marie, notre m\u00e8re c\u00e9leste, avec un c\u0153ur ouvert et une croyance in\u00e9branlable, en ayant conscience qu\u2019elle interc\u00e8de pour nous devant son fils bien-aim\u00e9. Que la pri\u00e8re nous m\u00e8ne sur le chemin de la saintet\u00e9, nous approchant toujours plus de Dieu et de son amour infini.<\/p>\n<p>Publications sur le m\u00eame propos:<\/p>\n<p>Vierges en fleur\/Texte entier.,<a target=\"_blank\" rel=\"nofollow\" href=\"https:\/\/editionsbussiere.com\/blog\/goto\/https:\/\/fr.wikisource.org\/wiki\/Vierges_en_fleur\/Texte_entier\"  target=\"_blank\" rel=\"noopener noreferrer nofollow\">Le post d\u2019actualit\u00e9.<\/a><span><\/span><\/p>\n<p>Les trois roses de Marie-Anne.,<a target=\"_blank\" rel=\"nofollow\" href=\"https:\/\/editionsbussiere.com\/blog\/goto\/https:\/\/fr.wikisource.org\/wiki\/Les_trois_roses_de_Marie-Anne\"  target=\"_blank\" rel=\"noopener noreferrer nofollow\">Le post d\u2019actualit\u00e9.<\/a><span><\/span><\/p>\n<p>Les Foules de Lourdes\/Chapitre II.,<a target=\"_blank\" rel=\"nofollow\" href=\"https:\/\/editionsbussiere.com\/blog\/goto\/https:\/\/fr.wikisource.org\/wiki\/Les_Foules_de_Lourdes\/Chapitre_II\"  target=\"_blank\" rel=\"noopener noreferrer nofollow\">Le dossier.<\/a><span><\/span>. Suite sur le prochain article.<\/p>\n<p>Le Cap \u00c9ternit\u00e9\/Chant VII.,<a target=\"_blank\" rel=\"nofollow\" href=\"https:\/\/editionsbussiere.com\/blog\/goto\/https:\/\/fr.wikisource.org\/wiki\/Le_Cap_%C3%89ternit%C3%A9\/Chant_VII\"  target=\"_blank\" rel=\"noopener noreferrer nofollow\">Ici.<\/a><span><\/span>. Suite sur le prochain article.<\/p>\n<p>La Derni\u00e8re Ann\u00e9e de Marie Dorval\/08.,<a target=\"_blank\" rel=\"nofollow\" href=\"https:\/\/editionsbussiere.com\/blog\/goto\/https:\/\/fr.wikisource.org\/wiki\/La_Derni%C3%A8re_Ann%C3%A9e_de_Marie_Dorval\/08\"  target=\"_blank\" rel=\"noopener noreferrer nofollow\">Ici.<\/a><span><\/span><\/p>\n<p>Dictionnaire de la langue fran\u00e7aise du seizi\u00e8me si\u00e8cle\/Advocat.,<a target=\"_blank\" rel=\"nofollow\" href=\"https:\/\/editionsbussiere.com\/blog\/goto\/https:\/\/fr.wikisource.org\/wiki\/Dictionnaire_de_la_langue_fran%C3%A7aise_du_seizi%C3%A8me_si%C3%A8cle\/Advocat\"  target=\"_blank\" rel=\"noopener noreferrer nofollow\">Ici.<\/a><span><\/span><\/p>\n<\/div>\n<p><img decoding=\"async\" class=\"wpe_imgrss\" src=\"https:\/\/editionsbussiere.com\/blog\/wp-content\/uploads\/2024\/09\/Priere-du-jour-du-mardi-27-fevrier-Prieres-2.jpg\">Cet article a \u00e9t\u00e9 reconstitu\u00e9 du mieux possible. Dans l\u2019hypoth\u00e8se o\u00f9 vous souhaitez apporter quelques modifications concernant le th\u00e8me \u00ab\u00a0Editions \u00e9sot\u00e9rique fond\u00e9e en 1927\u00a0\u00bb, il est possible de discuter avec notre r\u00e9daction. Vous pouvez tirer profit de cet article traitant le sujet \u00ab\u00a0Editions \u00e9sot\u00e9rique fond\u00e9e en 1927\u00a0\u00bb. Il est concoct\u00e9 par l\u2019\u00e9quipe editionsbussiere.com. Le site editionsbussiere.com est fait pour cr\u00e9er divers posts autour du th\u00e8me Editions \u00e9sot\u00e9rique fond\u00e9e en 1927 d\u00e9velopp\u00e9es sur internet. Consultez notre site internet editionsbussiere.com et nos r\u00e9seaux sociaux pour \u00eatre au courant des futures annonces.<\/p>\n","protected":false},"excerpt":{"rendered":"<p>Bonjour chers lecteurs, il semble que vous utilisiez beaucoup Catholic Online ; c\u2019est g\u00e9nial ! C\u2019est un peu g\u00eanant de demander cela, mais nous avons besoin de votre aide. Si vous avez d\u00e9j\u00e0 fait un don, nous vous en remercions sinc\u00e8rement. Nous ne sommes pas des vendeurs, mais nous d\u00e9pendons de dons d\u2019un montant moyen [&hellip;]<\/p>\n","protected":false},"author":3,"featured_media":1314,"comment_status":"closed","ping_status":"closed","sticky":false,"template":"","format":"standard","meta":{"footnotes":""},"categories":[3],"tags":[],"class_list":["post-1313","post","type-post","status-publish","format-standard","has-post-thumbnail","hentry","category-editions-esoterique-fondee-en-1927-depeches","entry","fw-tab-6 fw-tabr-4","has-featured-image"],"yoast_head":"<!-- This site is optimized with the Yoast SEO plugin v27.5 - https:\/\/yoast.com\/product\/yoast-seo-wordpress\/ -->\n<title>Pri\u00e8re du jour du vendredi 13 septembre \u2013 Pri\u00e8res &amp; se d\u00e9vouer \u00e0 la m\u00e8re de dieu . - EDITIONSBUSSIERE<\/title>\n<meta name=\"robots\" content=\"index, follow, max-snippet:-1, max-image-preview:large, max-video-preview:-1\" \/>\n<link rel=\"canonical\" href=\"https:\/\/editionsbussiere.com\/blog\/priere-du-jour-du-vendredi-13-septembre-prieres-se-devouer-a-la-mere-de-dieu\/\" \/>\n<meta property=\"og:locale\" content=\"fr_FR\" \/>\n<meta property=\"og:type\" content=\"article\" \/>\n<meta property=\"og:title\" content=\"Pri\u00e8re du jour du vendredi 13 septembre \u2013 Pri\u00e8res &amp; se d\u00e9vouer \u00e0 la m\u00e8re de dieu . - EDITIONSBUSSIERE\" \/>\n<meta property=\"og:description\" content=\"Bonjour chers lecteurs, il semble que vous utilisiez beaucoup Catholic Online ; c\u2019est g\u00e9nial ! C\u2019est un peu g\u00eanant de demander cela, mais nous avons besoin de votre aide. Si vous avez d\u00e9j\u00e0 fait un don, nous vous en remercions sinc\u00e8rement. Nous ne sommes pas des vendeurs, mais nous d\u00e9pendons de dons d\u2019un montant moyen [&hellip;]\" \/>\n<meta property=\"og:url\" content=\"https:\/\/editionsbussiere.com\/blog\/priere-du-jour-du-vendredi-13-septembre-prieres-se-devouer-a-la-mere-de-dieu\/\" \/>\n<meta property=\"og:site_name\" content=\"EDITIONSBUSSIERE\" \/>\n<meta property=\"article:published_time\" content=\"2024-09-12T19:25:14+00:00\" \/>\n<meta property=\"og:image\" content=\"https:\/\/editionsbussiere.com\/blog\/wp-content\/uploads\/2024\/09\/Priere-du-jour-du-mardi-27-fevrier-Prieres-2.jpg\" \/>\n<meta name=\"author\" content=\"Marie BATICLE\" \/>\n<meta name=\"twitter:card\" content=\"summary_large_image\" \/>\n<meta name=\"twitter:label1\" content=\"\u00c9crit par\" \/>\n\t<meta name=\"twitter:data1\" content=\"Marie BATICLE\" \/>\n\t<meta name=\"twitter:label2\" content=\"Dur\u00e9e de lecture estim\u00e9e\" \/>\n\t<meta name=\"twitter:data2\" content=\"11 minutes\" \/>\n<script type=\"application\/ld+json\" class=\"yoast-schema-graph\">{\"@context\":\"https:\\\/\\\/schema.org\",\"@graph\":[{\"@type\":\"Article\",\"@id\":\"https:\\\/\\\/editionsbussiere.com\\\/blog\\\/priere-du-jour-du-vendredi-13-septembre-prieres-se-devouer-a-la-mere-de-dieu\\\/#article\",\"isPartOf\":{\"@id\":\"https:\\\/\\\/editionsbussiere.com\\\/blog\\\/priere-du-jour-du-vendredi-13-septembre-prieres-se-devouer-a-la-mere-de-dieu\\\/\"},\"author\":{\"name\":\"Marie BATICLE\",\"@id\":\"https:\\\/\\\/editionsbussiere.com\\\/blog\\\/#\\\/schema\\\/person\\\/ec90e102792148c97e46ab871010dd8f\"},\"headline\":\"Pri\u00e8re du jour du vendredi 13 septembre \u2013 Pri\u00e8res &amp; se d\u00e9vouer \u00e0 la m\u00e8re de dieu .\",\"datePublished\":\"2024-09-12T19:25:14+00:00\",\"mainEntityOfPage\":{\"@id\":\"https:\\\/\\\/editionsbussiere.com\\\/blog\\\/priere-du-jour-du-vendredi-13-septembre-prieres-se-devouer-a-la-mere-de-dieu\\\/\"},\"wordCount\":2227,\"publisher\":{\"@id\":\"https:\\\/\\\/editionsbussiere.com\\\/blog\\\/#organization\"},\"image\":{\"@id\":\"https:\\\/\\\/editionsbussiere.com\\\/blog\\\/priere-du-jour-du-vendredi-13-septembre-prieres-se-devouer-a-la-mere-de-dieu\\\/#primaryimage\"},\"thumbnailUrl\":\"https:\\\/\\\/editionsbussiere.com\\\/blog\\\/wp-content\\\/uploads\\\/2024\\\/09\\\/Priere-du-jour-du-mardi-27-fevrier-Prieres-2.jpg\",\"articleSection\":[\"Editions \u00c9sot\u00e9rique Fond\u00e9e En 1927; D\u00e9p\u00e8ches:\"],\"inLanguage\":\"fr-FR\"},{\"@type\":\"WebPage\",\"@id\":\"https:\\\/\\\/editionsbussiere.com\\\/blog\\\/priere-du-jour-du-vendredi-13-septembre-prieres-se-devouer-a-la-mere-de-dieu\\\/\",\"url\":\"https:\\\/\\\/editionsbussiere.com\\\/blog\\\/priere-du-jour-du-vendredi-13-septembre-prieres-se-devouer-a-la-mere-de-dieu\\\/\",\"name\":\"Pri\u00e8re du jour du vendredi 13 septembre \u2013 Pri\u00e8res &amp; se d\u00e9vouer \u00e0 la m\u00e8re de dieu . - EDITIONSBUSSIERE\",\"isPartOf\":{\"@id\":\"https:\\\/\\\/editionsbussiere.com\\\/blog\\\/#website\"},\"primaryImageOfPage\":{\"@id\":\"https:\\\/\\\/editionsbussiere.com\\\/blog\\\/priere-du-jour-du-vendredi-13-septembre-prieres-se-devouer-a-la-mere-de-dieu\\\/#primaryimage\"},\"image\":{\"@id\":\"https:\\\/\\\/editionsbussiere.com\\\/blog\\\/priere-du-jour-du-vendredi-13-septembre-prieres-se-devouer-a-la-mere-de-dieu\\\/#primaryimage\"},\"thumbnailUrl\":\"https:\\\/\\\/editionsbussiere.com\\\/blog\\\/wp-content\\\/uploads\\\/2024\\\/09\\\/Priere-du-jour-du-mardi-27-fevrier-Prieres-2.jpg\",\"datePublished\":\"2024-09-12T19:25:14+00:00\",\"breadcrumb\":{\"@id\":\"https:\\\/\\\/editionsbussiere.com\\\/blog\\\/priere-du-jour-du-vendredi-13-septembre-prieres-se-devouer-a-la-mere-de-dieu\\\/#breadcrumb\"},\"inLanguage\":\"fr-FR\",\"potentialAction\":[{\"@type\":\"ReadAction\",\"target\":[\"https:\\\/\\\/editionsbussiere.com\\\/blog\\\/priere-du-jour-du-vendredi-13-septembre-prieres-se-devouer-a-la-mere-de-dieu\\\/\"]}]},{\"@type\":\"ImageObject\",\"inLanguage\":\"fr-FR\",\"@id\":\"https:\\\/\\\/editionsbussiere.com\\\/blog\\\/priere-du-jour-du-vendredi-13-septembre-prieres-se-devouer-a-la-mere-de-dieu\\\/#primaryimage\",\"url\":\"https:\\\/\\\/editionsbussiere.com\\\/blog\\\/wp-content\\\/uploads\\\/2024\\\/09\\\/Priere-du-jour-du-mardi-27-fevrier-Prieres-2.jpg\",\"contentUrl\":\"https:\\\/\\\/editionsbussiere.com\\\/blog\\\/wp-content\\\/uploads\\\/2024\\\/09\\\/Priere-du-jour-du-mardi-27-fevrier-Prieres-2.jpg\",\"width\":960,\"height\":270,\"caption\":\"Priere du jour du mardi 27 fevrier Prieres 2\"},{\"@type\":\"BreadcrumbList\",\"@id\":\"https:\\\/\\\/editionsbussiere.com\\\/blog\\\/priere-du-jour-du-vendredi-13-septembre-prieres-se-devouer-a-la-mere-de-dieu\\\/#breadcrumb\",\"itemListElement\":[{\"@type\":\"ListItem\",\"position\":1,\"name\":\"Accueil\",\"item\":\"https:\\\/\\\/editionsbussiere.com\\\/blog\\\/\"},{\"@type\":\"ListItem\",\"position\":2,\"name\":\"Pri\u00e8re du jour du vendredi 13 septembre \u2013 Pri\u00e8res &amp; se d\u00e9vouer \u00e0 la m\u00e8re de dieu .\"}]},{\"@type\":\"WebSite\",\"@id\":\"https:\\\/\\\/editionsbussiere.com\\\/blog\\\/#website\",\"url\":\"https:\\\/\\\/editionsbussiere.com\\\/blog\\\/\",\"name\":\"EDITIONSBUSSIERE\",\"description\":\"Editions \u00e9sot\u00e9rique fond\u00e9e en 1927; site historique, A SAVOIR ET RETENIR.\",\"publisher\":{\"@id\":\"https:\\\/\\\/editionsbussiere.com\\\/blog\\\/#organization\"},\"potentialAction\":[{\"@type\":\"SearchAction\",\"target\":{\"@type\":\"EntryPoint\",\"urlTemplate\":\"https:\\\/\\\/editionsbussiere.com\\\/blog\\\/?s={search_term_string}\"},\"query-input\":{\"@type\":\"PropertyValueSpecification\",\"valueRequired\":true,\"valueName\":\"search_term_string\"}}],\"inLanguage\":\"fr-FR\"},{\"@type\":\"Organization\",\"@id\":\"https:\\\/\\\/editionsbussiere.com\\\/blog\\\/#organization\",\"name\":\"editionsbussiere\",\"url\":\"https:\\\/\\\/editionsbussiere.com\\\/blog\\\/\",\"logo\":{\"@type\":\"ImageObject\",\"inLanguage\":\"fr-FR\",\"@id\":\"https:\\\/\\\/editionsbussiere.com\\\/blog\\\/#\\\/schema\\\/logo\\\/image\\\/\",\"url\":\"https:\\\/\\\/editionsbussiere.com\\\/blog\\\/wp-content\\\/uploads\\\/2023\\\/09\\\/cropped-buss.gif\",\"contentUrl\":\"https:\\\/\\\/editionsbussiere.com\\\/blog\\\/wp-content\\\/uploads\\\/2023\\\/09\\\/cropped-buss.gif\",\"width\":298,\"height\":120,\"caption\":\"editionsbussiere\"},\"image\":{\"@id\":\"https:\\\/\\\/editionsbussiere.com\\\/blog\\\/#\\\/schema\\\/logo\\\/image\\\/\"}},{\"@type\":\"Person\",\"@id\":\"https:\\\/\\\/editionsbussiere.com\\\/blog\\\/#\\\/schema\\\/person\\\/ec90e102792148c97e46ab871010dd8f\",\"name\":\"Marie BATICLE\",\"image\":{\"@type\":\"ImageObject\",\"inLanguage\":\"fr-FR\",\"@id\":\"https:\\\/\\\/secure.gravatar.com\\\/avatar\\\/c923e52403b1b8137e2d929127211d21967e6aecaa053bd43b09da29f212e76e?s=96&d=mm&r=g\",\"url\":\"https:\\\/\\\/secure.gravatar.com\\\/avatar\\\/c923e52403b1b8137e2d929127211d21967e6aecaa053bd43b09da29f212e76e?s=96&d=mm&r=g\",\"contentUrl\":\"https:\\\/\\\/secure.gravatar.com\\\/avatar\\\/c923e52403b1b8137e2d929127211d21967e6aecaa053bd43b09da29f212e76e?s=96&d=mm&r=g\",\"caption\":\"Marie BATICLE\"},\"url\":\"https:\\\/\\\/editionsbussiere.com\\\/blog\\\/author\\\/eremarie\\\/\"}]}<\/script>\n<!-- \/ Yoast SEO plugin. -->","yoast_head_json":{"title":"Pri\u00e8re du jour du vendredi 13 septembre \u2013 Pri\u00e8res &amp; se d\u00e9vouer \u00e0 la m\u00e8re de dieu . - EDITIONSBUSSIERE","robots":{"index":"index","follow":"follow","max-snippet":"max-snippet:-1","max-image-preview":"max-image-preview:large","max-video-preview":"max-video-preview:-1"},"canonical":"https:\/\/editionsbussiere.com\/blog\/priere-du-jour-du-vendredi-13-septembre-prieres-se-devouer-a-la-mere-de-dieu\/","og_locale":"fr_FR","og_type":"article","og_title":"Pri\u00e8re du jour du vendredi 13 septembre \u2013 Pri\u00e8res &amp; se d\u00e9vouer \u00e0 la m\u00e8re de dieu . - EDITIONSBUSSIERE","og_description":"Bonjour chers lecteurs, il semble que vous utilisiez beaucoup Catholic Online ; c\u2019est g\u00e9nial ! C\u2019est un peu g\u00eanant de demander cela, mais nous avons besoin de votre aide. Si vous avez d\u00e9j\u00e0 fait un don, nous vous en remercions sinc\u00e8rement. Nous ne sommes pas des vendeurs, mais nous d\u00e9pendons de dons d\u2019un montant moyen [&hellip;]","og_url":"https:\/\/editionsbussiere.com\/blog\/priere-du-jour-du-vendredi-13-septembre-prieres-se-devouer-a-la-mere-de-dieu\/","og_site_name":"EDITIONSBUSSIERE","article_published_time":"2024-09-12T19:25:14+00:00","og_image":[{"url":"https:\/\/editionsbussiere.com\/blog\/wp-content\/uploads\/2024\/09\/Priere-du-jour-du-mardi-27-fevrier-Prieres-2.jpg","type":"","width":"","height":""}],"author":"Marie BATICLE","twitter_card":"summary_large_image","twitter_misc":{"\u00c9crit par":"Marie BATICLE","Dur\u00e9e de lecture estim\u00e9e":"11 minutes"},"schema":{"@context":"https:\/\/schema.org","@graph":[{"@type":"Article","@id":"https:\/\/editionsbussiere.com\/blog\/priere-du-jour-du-vendredi-13-septembre-prieres-se-devouer-a-la-mere-de-dieu\/#article","isPartOf":{"@id":"https:\/\/editionsbussiere.com\/blog\/priere-du-jour-du-vendredi-13-septembre-prieres-se-devouer-a-la-mere-de-dieu\/"},"author":{"name":"Marie BATICLE","@id":"https:\/\/editionsbussiere.com\/blog\/#\/schema\/person\/ec90e102792148c97e46ab871010dd8f"},"headline":"Pri\u00e8re du jour du vendredi 13 septembre \u2013 Pri\u00e8res &amp; se d\u00e9vouer \u00e0 la m\u00e8re de dieu .","datePublished":"2024-09-12T19:25:14+00:00","mainEntityOfPage":{"@id":"https:\/\/editionsbussiere.com\/blog\/priere-du-jour-du-vendredi-13-septembre-prieres-se-devouer-a-la-mere-de-dieu\/"},"wordCount":2227,"publisher":{"@id":"https:\/\/editionsbussiere.com\/blog\/#organization"},"image":{"@id":"https:\/\/editionsbussiere.com\/blog\/priere-du-jour-du-vendredi-13-septembre-prieres-se-devouer-a-la-mere-de-dieu\/#primaryimage"},"thumbnailUrl":"https:\/\/editionsbussiere.com\/blog\/wp-content\/uploads\/2024\/09\/Priere-du-jour-du-mardi-27-fevrier-Prieres-2.jpg","articleSection":["Editions \u00c9sot\u00e9rique Fond\u00e9e En 1927; D\u00e9p\u00e8ches:"],"inLanguage":"fr-FR"},{"@type":"WebPage","@id":"https:\/\/editionsbussiere.com\/blog\/priere-du-jour-du-vendredi-13-septembre-prieres-se-devouer-a-la-mere-de-dieu\/","url":"https:\/\/editionsbussiere.com\/blog\/priere-du-jour-du-vendredi-13-septembre-prieres-se-devouer-a-la-mere-de-dieu\/","name":"Pri\u00e8re du jour du vendredi 13 septembre \u2013 Pri\u00e8res &amp; se d\u00e9vouer \u00e0 la m\u00e8re de dieu . - EDITIONSBUSSIERE","isPartOf":{"@id":"https:\/\/editionsbussiere.com\/blog\/#website"},"primaryImageOfPage":{"@id":"https:\/\/editionsbussiere.com\/blog\/priere-du-jour-du-vendredi-13-septembre-prieres-se-devouer-a-la-mere-de-dieu\/#primaryimage"},"image":{"@id":"https:\/\/editionsbussiere.com\/blog\/priere-du-jour-du-vendredi-13-septembre-prieres-se-devouer-a-la-mere-de-dieu\/#primaryimage"},"thumbnailUrl":"https:\/\/editionsbussiere.com\/blog\/wp-content\/uploads\/2024\/09\/Priere-du-jour-du-mardi-27-fevrier-Prieres-2.jpg","datePublished":"2024-09-12T19:25:14+00:00","breadcrumb":{"@id":"https:\/\/editionsbussiere.com\/blog\/priere-du-jour-du-vendredi-13-septembre-prieres-se-devouer-a-la-mere-de-dieu\/#breadcrumb"},"inLanguage":"fr-FR","potentialAction":[{"@type":"ReadAction","target":["https:\/\/editionsbussiere.com\/blog\/priere-du-jour-du-vendredi-13-septembre-prieres-se-devouer-a-la-mere-de-dieu\/"]}]},{"@type":"ImageObject","inLanguage":"fr-FR","@id":"https:\/\/editionsbussiere.com\/blog\/priere-du-jour-du-vendredi-13-septembre-prieres-se-devouer-a-la-mere-de-dieu\/#primaryimage","url":"https:\/\/editionsbussiere.com\/blog\/wp-content\/uploads\/2024\/09\/Priere-du-jour-du-mardi-27-fevrier-Prieres-2.jpg","contentUrl":"https:\/\/editionsbussiere.com\/blog\/wp-content\/uploads\/2024\/09\/Priere-du-jour-du-mardi-27-fevrier-Prieres-2.jpg","width":960,"height":270,"caption":"Priere du jour du mardi 27 fevrier Prieres 2"},{"@type":"BreadcrumbList","@id":"https:\/\/editionsbussiere.com\/blog\/priere-du-jour-du-vendredi-13-septembre-prieres-se-devouer-a-la-mere-de-dieu\/#breadcrumb","itemListElement":[{"@type":"ListItem","position":1,"name":"Accueil","item":"https:\/\/editionsbussiere.com\/blog\/"},{"@type":"ListItem","position":2,"name":"Pri\u00e8re du jour du vendredi 13 septembre \u2013 Pri\u00e8res &amp; se d\u00e9vouer \u00e0 la m\u00e8re de dieu ."}]},{"@type":"WebSite","@id":"https:\/\/editionsbussiere.com\/blog\/#website","url":"https:\/\/editionsbussiere.com\/blog\/","name":"EDITIONSBUSSIERE","description":"Editions \u00e9sot\u00e9rique fond\u00e9e en 1927; site historique, A SAVOIR ET RETENIR.","publisher":{"@id":"https:\/\/editionsbussiere.com\/blog\/#organization"},"potentialAction":[{"@type":"SearchAction","target":{"@type":"EntryPoint","urlTemplate":"https:\/\/editionsbussiere.com\/blog\/?s={search_term_string}"},"query-input":{"@type":"PropertyValueSpecification","valueRequired":true,"valueName":"search_term_string"}}],"inLanguage":"fr-FR"},{"@type":"Organization","@id":"https:\/\/editionsbussiere.com\/blog\/#organization","name":"editionsbussiere","url":"https:\/\/editionsbussiere.com\/blog\/","logo":{"@type":"ImageObject","inLanguage":"fr-FR","@id":"https:\/\/editionsbussiere.com\/blog\/#\/schema\/logo\/image\/","url":"https:\/\/editionsbussiere.com\/blog\/wp-content\/uploads\/2023\/09\/cropped-buss.gif","contentUrl":"https:\/\/editionsbussiere.com\/blog\/wp-content\/uploads\/2023\/09\/cropped-buss.gif","width":298,"height":120,"caption":"editionsbussiere"},"image":{"@id":"https:\/\/editionsbussiere.com\/blog\/#\/schema\/logo\/image\/"}},{"@type":"Person","@id":"https:\/\/editionsbussiere.com\/blog\/#\/schema\/person\/ec90e102792148c97e46ab871010dd8f","name":"Marie BATICLE","image":{"@type":"ImageObject","inLanguage":"fr-FR","@id":"https:\/\/secure.gravatar.com\/avatar\/c923e52403b1b8137e2d929127211d21967e6aecaa053bd43b09da29f212e76e?s=96&d=mm&r=g","url":"https:\/\/secure.gravatar.com\/avatar\/c923e52403b1b8137e2d929127211d21967e6aecaa053bd43b09da29f212e76e?s=96&d=mm&r=g","contentUrl":"https:\/\/secure.gravatar.com\/avatar\/c923e52403b1b8137e2d929127211d21967e6aecaa053bd43b09da29f212e76e?s=96&d=mm&r=g","caption":"Marie BATICLE"},"url":"https:\/\/editionsbussiere.com\/blog\/author\/eremarie\/"}]}},"_links":{"self":[{"href":"https:\/\/editionsbussiere.com\/blog\/wp-json\/wp\/v2\/posts\/1313","targetHints":{"allow":["GET"]}}],"collection":[{"href":"https:\/\/editionsbussiere.com\/blog\/wp-json\/wp\/v2\/posts"}],"about":[{"href":"https:\/\/editionsbussiere.com\/blog\/wp-json\/wp\/v2\/types\/post"}],"author":[{"embeddable":true,"href":"https:\/\/editionsbussiere.com\/blog\/wp-json\/wp\/v2\/users\/3"}],"replies":[{"embeddable":true,"href":"https:\/\/editionsbussiere.com\/blog\/wp-json\/wp\/v2\/comments?post=1313"}],"version-history":[{"count":0,"href":"https:\/\/editionsbussiere.com\/blog\/wp-json\/wp\/v2\/posts\/1313\/revisions"}],"wp:featuredmedia":[{"embeddable":true,"href":"https:\/\/editionsbussiere.com\/blog\/wp-json\/wp\/v2\/media\/1314"}],"wp:attachment":[{"href":"https:\/\/editionsbussiere.com\/blog\/wp-json\/wp\/v2\/media?parent=1313"}],"wp:term":[{"taxonomy":"category","embeddable":true,"href":"https:\/\/editionsbussiere.com\/blog\/wp-json\/wp\/v2\/categories?post=1313"},{"taxonomy":"post_tag","embeddable":true,"href":"https:\/\/editionsbussiere.com\/blog\/wp-json\/wp\/v2\/tags?post=1313"}],"curies":[{"name":"wp","href":"https:\/\/api.w.org\/{rel}","templated":true}]}}