{"id":1309,"date":"2024-09-12T08:51:41","date_gmt":"2024-09-12T06:51:41","guid":{"rendered":"https:\/\/editionsbussiere.com\/blog\/pourquoi-les-catholiques-celebrent-la-fete-du-saint-nom-de-marie-supplication-au-petit-jour\/"},"modified":"2024-09-12T08:51:41","modified_gmt":"2024-09-12T06:51:41","slug":"pourquoi-les-catholiques-celebrent-la-fete-du-saint-nom-de-marie-supplication-au-petit-jour","status":"publish","type":"post","link":"https:\/\/editionsbussiere.com\/blog\/pourquoi-les-catholiques-celebrent-la-fete-du-saint-nom-de-marie-supplication-au-petit-jour\/","title":{"rendered":"Pourquoi les catholiques c\u00e9l\u00e8brent la f\u00eate du Saint Nom de Marie\n &amp; supplication au petit jour."},"content":{"rendered":"<div><img width=\"580\" height=\"303\" src=\"https:\/\/editionsbussiere.com\/blog\/wp-content\/uploads\/2024\/09\/Pourquoi-les-catholiques-celebrent-la-fete-du-Saint-Nom-de.jpg\" class=\"attachment-large size-large wp-post-image\" alt=\"Pourquoi les catholiques c\u00e9l\u00e8brent la f\u00eate du Saint Nom de\" style=\"float:left; margin:0 15px 15px 0;\" decoding=\"async\" srcset=\"https:\/\/editionsbussiere.com\/blog\/wp-content\/uploads\/2024\/09\/Pourquoi-les-catholiques-celebrent-la-fete-du-Saint-Nom-de.jpg 788w, https:\/\/www.n42.fr\/wp-content\/uploads\/2024\/09\/Pourquoi-les-catholiques-celebrent-la-fete-du-Saint-Nom-de-300x157.jpg 300w, https:\/\/www.n42.fr\/wp-content\/uploads\/2024\/09\/Pourquoi-les-catholiques-celebrent-la-fete-du-Saint-Nom-de-768x402.jpg 768w\" sizes=\"(max-width: 580px) 100vw, 580px\"><\/p>\n<p>\n<\/p>\n<div>\n<p>La f\u00eate du Saint Nom de Marie est c\u00e9l\u00e9br\u00e9e chaque ann\u00e9e le 12 septembre, quatre jours seulement apr\u00e8s la Nativit\u00e9 de la Sainte Vierge Marie, le 8 septembre. Cette f\u00eate rend hommage au nom donn\u00e9 \u00e0 la fille de Joachim et d\u2019Anne, Marie, ou Miriam en h\u00e9breu, qui signifie \u00ab princesse \u00bb ou \u00ab dame \u00bb. Son nom rev\u00eat une signification profonde dans la tradition chr\u00e9tienne, car elle est consid\u00e9r\u00e9e comme celle destin\u00e9e \u00e0 \u00eatre la reine du ciel et de la terre.<\/p>\n<h3 class=\"wp-block-heading\">Origines et \u00e9volution historique<\/h3>\n<p>La c\u00e9l\u00e9bration liturgique du Saint Nom de Marie remonte au d\u00e9but du XVIe si\u00e8cle. Elle a commenc\u00e9 comme f\u00eate locale \u00e0 Cuenca, en Espagne, en 1513, en tant que d\u00e9votion sp\u00e9ciale \u00e0 la Sainte Vierge Marie. En 1622, cette c\u00e9l\u00e9bration a \u00e9t\u00e9 \u00e9tendue \u00e0 l\u2019archidioc\u00e8se de Tol\u00e8de, l\u2019un des centres catholiques les plus influents d\u2019Espagne \u00e0 l\u2019\u00e9poque. En 1671, la f\u00eate a \u00e9t\u00e9 \u00e9tendue \u00e0 l\u2019ensemble du Royaume d\u2019Espagne, ce qui t\u00e9moigne de son importance croissante.<\/p>\n<h3 class=\"wp-block-heading\">La bataille de Vienne et le r\u00f4le du pape Innocent XI<\/h3>\n<p>La f\u00eate a pris une signification universelle en 1683, \u00e0 la suite d\u2019un \u00e9v\u00e9nement crucial de l\u2019histoire europ\u00e9enne : la bataille de Vienne. \u00c0 cette \u00e9poque, la ville de Vienne \u00e9tait assi\u00e9g\u00e9e par l\u2019Empire ottoman, dirig\u00e9 par les Turcs musulmans, qui cherchaient \u00e0 \u00e9tendre leur territoire \u00e0 travers l\u2019Europe. La menace \u00e9tait si grande que beaucoup craignaient que l\u2019Europe ne tombe sous le contr\u00f4le ottoman. Cependant, le roi de Pologne, Jean III Sobieski, dirigea une coalition de forces chr\u00e9tiennes et confia leur cause \u00e0 la Sainte Vierge Marie.<\/p>\n<p>Avant la bataille, Sobieski et ses troupes assist\u00e8rent \u00e0 la messe et invoqu\u00e8rent l\u2019intercession de Marie. La victoire du 12 septembre 1683 fut consid\u00e9r\u00e9e comme miraculeuse, et beaucoup attribu\u00e8rent \u00e0 la Vierge Marie le m\u00e9rite d\u2019avoir renvers\u00e9 la situation en faveur des arm\u00e9es chr\u00e9tiennes. En remerciement de cette victoire d\u00e9cisive, le pape Innocent XI \u00e9tendit la f\u00eate du Saint Nom de Marie \u00e0 toute l\u2019\u00c9glise, reconnaissant ainsi le r\u00f4le essentiel de Marie dans la protection de la chr\u00e9tient\u00e9.<\/p>\n<h3 class=\"wp-block-heading\">Signification liturgique et spirituelle<\/h3>\n<p>Le nom de Marie est porteur d\u2019un profond symbolisme spirituel dans la tradition chr\u00e9tienne. Depuis des si\u00e8cles, th\u00e9ologiens et saints m\u00e9ditent sur sa signification, la consid\u00e9rant comme une source d\u2019inspiration, de protection et de gr\u00e2ce. Selon saint Bernard de Clairvaux, \u00ab Marie signifie \u00ab \u00e9toile de la mer \u00bb, un nom qui convient \u00e0 la Vierge M\u00e8re, qui est en effet l\u2019\u00e9toile qui nous guide vers le port s\u00fbr du ciel. \u00bb<\/p>\n<p>La d\u00e9votion au Saint Nom de Marie est li\u00e9e \u00e0 la v\u00e9n\u00e9ration et \u00e0 l\u2019amour que les catholiques portent \u00e0 la M\u00e8re de Dieu. Tout comme le nom de J\u00e9sus est v\u00e9n\u00e9r\u00e9 dans la liturgie chr\u00e9tienne, le nom de Marie est \u00e9galement honor\u00e9, car son r\u00f4le de M\u00e8re du Sauveur est primordial dans l\u2019histoire du salut.<\/p>\n<h3 class=\"wp-block-heading\">Observances modernes et restauration de la f\u00eate<\/h3>\n<p>En 1969, lors des r\u00e9formes liturgiques du Concile Vatican II, la f\u00eate fut supprim\u00e9e du calendrier romain. La raison invoqu\u00e9e \u00e9tait qu\u2019elle \u00e9tait consid\u00e9r\u00e9e comme une duplication de la f\u00eate de la Nativit\u00e9 de la Bienheureuse Vierge Marie. Cependant, en 2002, le pape saint Jean-Paul II a r\u00e9tabli la f\u00eate au calendrier romain g\u00e9n\u00e9ral, reconnaissant l\u2019importance unique du Saint Nom de Marie et de sa puissante intercession dans la vie des fid\u00e8les.<\/p>\n<h3 class=\"wp-block-heading\">D\u00e9votions mariales et c\u00e9l\u00e9brations mondiales<\/h3>\n<p>Aujourd\u2019hui, la f\u00eate du Saint Nom de Marie est c\u00e9l\u00e9br\u00e9e par les catholiques du monde entier. Dans divers pays, des processions sp\u00e9ciales, des pri\u00e8res et des d\u00e9votions mariales sont organis\u00e9es pour honorer la M\u00e8re de Dieu. La f\u00eate souligne \u00e9galement le pouvoir de l\u2019invocation du nom de Marie dans la pri\u00e8re et la supplication. La litanie de la Sainte Vierge Marie (\u00e9galement connue sous le nom de litanie de Lorette) comprend une invocation \u00e0 son saint nom, qui est un \u00e9l\u00e9ment essentiel de la d\u00e9votion catholique depuis des si\u00e8cles.<\/p>\n<p>En Pologne, patrie du roi Jean Sobieski, la f\u00eate rev\u00eat une signification particuli\u00e8re, notamment dans les sanctuaires mariaux comme celui de Jasna G\u00f3ra, o\u00f9 les fid\u00e8les honorent l\u2019image de la Vierge noire de Cz\u0119stochowa.<\/p>\n<p>La f\u00eate du Saint Nom de Marie rappelle la profonde v\u00e9n\u00e9ration que les chr\u00e9tiens portent \u00e0 la M\u00e8re de Dieu et \u00e0 son r\u00f4le dans le salut de l\u2019humanit\u00e9. Que ce soit en tant qu\u2019intercesseur dans les moments de p\u00e9ril, comme lors de la bataille de Vienne, ou en tant que source d\u2019espoir et de gr\u00e2ce dans la vie quotidienne des fid\u00e8les, le nom de Marie rev\u00eat une signification profonde. Le 12 septembre, l\u2019\u00c9glise c\u00e9l\u00e8bre non seulement son nom, mais aussi les victoires et les b\u00e9n\u00e9dictions obtenues gr\u00e2ce \u00e0 sa puissante intercession.<\/p>\n<p><!-- CONTENT END 2 -->\n<\/p>\n<\/div>\n<h2>Un moment de communion intime en vue de nous connecter avec Dieu. <\/h2>\n<p>Bien-aim\u00e9 P\u00e8re divin, je viens devant toi pour te rendre gr\u00e2ce \u00e0 cause de cette in\u00e9dite journ\u00e9e. Je t\u2019adore pour ta bienveillance ainsi que ta fid\u00e9lit\u00e9 envers moi. Je te supplie de me remplir par ton esprit et de me fournir la gr\u00e2ce de ressentir pr\u00e8s de moi pendant toute la dur\u00e9e de cette journ\u00e9e. Je d\u00e9pose entre tes mains toutes mes soucis, mes joies, mes afflictions, mes d\u00e9sirs et mes esp\u00e9rances. Que ton esprit sacr\u00e9 illumine mon esprit et consolide ma foi, pour que je puisse avancer dans ton chemin et r\u00e9aliser ta volont\u00e9. Octroie-moi la gr\u00e2ce de passer ma vie selon la compassion qui tu nous as enseign\u00e9 la d\u00e9monstration \u00e0 travers ton Fils ch\u00e9ri, J\u00e9sus-Christ.<\/p>\n<h3> Note de compr\u00e9hension : <\/h3>\n<p>L\u2019acte de pri\u00e8re nous entra\u00eene dans le myst\u00e8re de le famille c\u00e9leste, l\u00e0 o\u00f9 Dieu le P\u00e8re nous prend tel ses fils et filles bien-aim\u00e9s. Dans ce lien familial, nous trouvons la puissance et la consolation afin de surmonter les d\u00e9fis de ce. Elle nous rappelle les paroles du disciple Pierre, qui encourage les chr\u00e9tiennes et les chr\u00e9tiens \u00e0 demeurer fermes dans la foi, m\u00eame dans le tumulte des \u00e9preuves de ce monde-ci.<\/p>\n<h3>\nRenforcer notre connexion envers J\u00e9sus d\u00e8s chaque matin<\/h3>\n<p>Nous avons la possibilit\u00e9 de r\u00e9fl\u00e9chir en ce qui concerne l\u2019un des \u00e9vangiles afin de nous ouvrir envers J\u00e9sus. Par exemple :<\/p>\n<h3>Jean 15, 9-17 : <\/h3>\n<p>\u00a0\u00bb<br \/>\nC\u2019est ici mon commandement: Aimez-vous les uns les autres, comme je vous ai aim\u00e9s. Il n\u2019y a pas de plus grand amour que de donner sa vie pour ses amis. Vous \u00eates mes amis, si vous faites ce que je vous commande. Je ne vous appelle plus serviteurs, parce que le serviteur ne sait pas ce que fait son ma\u00eetre; mais je vous ai appel\u00e9s amis, parce que je vous ai fait conna\u00eetre tout ce que j\u2019ai appris de mon P\u00e8re.\u00a0\u00bb<\/p>\n<h2> Demander pardon \u00e0 Dieu en raison de nos p\u00e9ch\u00e9s <\/h2>\n<p>Seigneur J\u00e9sus, je viens te supplier de pardonner mes propres p\u00e9ch\u00e9s. Je suis que je ne suis pas irr\u00e9prochable et que j\u2019ai besoin de ta sainte mis\u00e9ricorde. Je te demande de me d\u00e9livrer de chaque ce qui me s\u00e9pare de toi et de me octroyer la gr\u00e2ce afin de vivre en harmonie avec ta volont\u00e9. Que ta b\u00e9n\u00e9diction sacr\u00e9e illumine les recoins les plus sombres de mon c\u0153ur, purifiant mon \u00eatre et me m\u2019orientant sur le chemin de la saintet\u00e9. Amen.<\/p>\n<h3> Discussion en le Seigneur de la m\u00eame mani\u00e8re que avec un ami. <\/h3>\n<p>Nous pouvons communiquer envers Dieu comme \u00e0 l\u2019\u00e9gard de un ami intime, lui confier nos joies et nos peines, le Seigneur demander de l\u2019aide dans nos d\u00e9fis quotidiens. Par exemple : Dieu, merci en raison de cette nouvelle journ\u00e9e. Je viens te supplier de \u00e0 \u00eatre calme avec mes enfants et pour me donner la vigueur d\u2019affronter aux d\u00e9fis de la journ\u00e9e. Je te confie mes projets et mes soucis, et je supplie de me montrer de quelle fa\u00e7on je peux te rendre service et t\u2019honorer aujourd\u2019hui. Accorde-moi, \u00f4 Seigneur, ta sagesse pour que je puisse prendre les bonnes d\u00e9cisions et ton soutien pour traverser les \u00e9preuves avec foi. Amen.<\/p>\n<h3> Un moment de calme pour entendre Dieu. <\/h3>\n<p>Apr\u00e8s cette pri\u00e8re et une m\u00e9ditation, il est important de prendre un moment de silence pour \u00e9couter la voix de Dieu dans nos c\u0153urs. Dans ce silence, on peut ressentir sa pr\u00e9sence apaisante et obtenir ses inspirations en vue de la journ\u00e9e \u00e0.<\/p>\n<h3> Se orienter \u00e0 le Christ en vue de retrouver la paix int\u00e9rieure. <\/h3>\n<p>Nous avons la possibilit\u00e9 de prier J\u00e9sus m\u2019assister nous donner sa paix et de nous assister \u00e0 \u00e9couter sa parole. Par exemple :<br \/>\nSeigneur J\u00e9sus, j\u2019arrive te prier de remplir mon propre c\u0153ur avec ta tendresse. Je te demande m\u2019assister me d\u00e9livrer de toutes pens\u00e9es et les inqui\u00e9tudes qui. Aide-moi en vue de \u00e9couter ta parole et pour la mettre en pratique dans ma vie. Que ton Esprit Saint, \u00f4 Christ, devienne ma force durant de cette journ\u00e9e. Amen.<\/p>\n<h3> Achever cette pri\u00e8re matinale en offrant notre journ\u00e9e envers Dieu. <\/h3>\n<p>Nous avons la capacit\u00e9 d\u2019offrir la journ\u00e9e \u00e0 Dieu et lui demander pour la remplir de sa pr\u00e9sence ainsi que de sa b\u00e9n\u00e9diction. Par exemple :<br \/>\nSeigneur, moi te confie cette journ\u00e9e entre ta mains. Que toutes de mes pas soit dirig\u00e9 par ta sagesse, que chacune de mes paroles soit inspir\u00e9e par votre amour. Que toutes mes actions soient accomplies selon ton volont\u00e9, pour ton gloire et le bien. Que ta divine lumi\u00e8re \u00e9claire ma route ainsi que que tu habites mon c\u0153ur. Amen.<\/p>\n<h3> Invocation d\u2019intercession matinale. <\/h3>\n<p>La supplication du matin consiste \u00e0 implorer pour les besoins des chr\u00e9tiennes et des chr\u00e9tiens. Nous avons la possibilit\u00e9 de prier pour les personnes dans le besoin, pour les malades, pour les personnes qui se trouvent souffrent, pour les personnes qui sont confront\u00e9es \u00e0 des difficult\u00e9s, pour les personnes d\u00e9courag\u00e9es et pour les personnes qui sont dans l\u2019erreur.<\/p>\n<h3> Prier afin de l\u2019ensemble des individus dans le besoin. <\/p>\n<h3>\n<\/h3>\n<\/h3>\n<p>Seigneur, dans sa grande mis\u00e9ricorde, nous te supplions en vue de l\u2019ensemble des personnes qui traversent de difficult\u00e9s financi\u00e8res. Que lui leur accordes la force et la pers\u00e9v\u00e9rance afin de surmonter ces \u00e9preuves, et \u00e9galement que vous leur apportes les ressources n\u00e9cessaires pour subvenir \u00e0 l\u2019ensemble de leurs besoins. Accorde-leur, Dieu Tout-Puissant, sa providence afin de \u00e9clairer leur pas dans l\u2019ombre de leurs soucis financiers.<\/p>\n<p>Nous autres te demandons \u00e9galement afin de chaque personnes qui luttent contre de probl\u00e8mes de sant\u00e9. Que votre main puissante se pose sur elles, Seigneur, pour les gu\u00e9rir et aussi les r\u00e9conforter dans leur douleur. Accorde-leur, Dieu Tout-Puissant, la force ainsi que le courage afin de faire face \u00e0 leurs d\u00e9fis de sant\u00e9 en ayant confiance en votre divine providence.<\/p>\n<p>Nous te implorons \u00e9galement pour l\u2019ensemble des personnes qui sont confront\u00e9es face \u00e0 des difficult\u00e9s dans leur vie, peu importe ce que ce soit sur le secteur professionnel, relationnel ou bien \u00e9motionnel. Que votre gr\u00e2ce, Seigneur, devienne leur soutien ainsi que leur r\u00e9confort dans ces moments d\u2019\u00e9preuve. Accorde-leur, \u00f4, ton Esprit Saint en vue de guider leur chemin et les guider vers la s\u00e9r\u00e9nit\u00e9.<\/p>\n<p>Pour terminer, nous lui prions en vue de chacune des personnes qui sont sans-abri, celles qui sont marginalis\u00e9es ainsi que exclues de la soci\u00e9t\u00e9. Que ta mis\u00e9ricorde, Seigneur, se r\u00e9pande sur elles comme une douce ros\u00e9e, leur apportant r\u00e9confort ainsi que espoir dans leur d\u00e9tresse. Accorde-leur, Grand, des mains g\u00e9n\u00e9reuses pour les aider ainsi que des c\u0153urs compatissants afin de les accueillir dans leur communaut\u00e9.<\/p>\n<h3> explication sur la fameuse pri\u00e8re du matin. <\/h3>\n<p>Dans la pri\u00e8re, nous \u00e9levons nos c\u0153urs envers le Ciel, suppliant la lumi\u00e8re de Dieu pour \u00e9clairer nos chemins sombres. Marie, notre m\u00e8re, nous soutient dans ce cheminement, nous instruisant \u00e0 contempler sur les myst\u00e8res de la vie de son divin enfant. Elle nous m\u00e8ne vers J\u00e9sus, le phare du monde, qui lumine nos t\u00e9n\u00e8bres et nous guide vers la v\u00e9rit\u00e9.<br \/>\nLa supplication nous relie aussi \u00e0 notre famille c\u00e9leste, la famille des croyants, o\u00f9 nous communiquons nos contentements et nos peines, nos esp\u00e9rances et nos inqui\u00e9tudes. Collectivement, nous formons le corps du Christ, d\u00e9sign\u00e9s \u00e0 t\u00e9moigner de son amour. Par nos supplications, nous pla\u00e7ons pour les n\u00e9cessit\u00e9s des chr\u00e9tiennes et des fid\u00e8les, offrant notre amour et notre mis\u00e9ricorde \u00e0 ceux qui endurent.<br \/>\nJoignons nos c\u0153urs dans la pri\u00e8re du matin, dans notre confiance, en Marie, la m\u00e8re de J\u00e9sus. Au sein de notre monde tourment\u00e9 par la guerre et la division, optons \u00e0 la pri\u00e8re comme un moyen de trouver la s\u00e9r\u00e9nit\u00e9 et l\u2019harmonie. Les catholiques du monde entier peuvent exprimer une sollicitation pour Marie <a target=\"_blank\" rel=\"nofollow\" href=\"https:\/\/editionsbussiere.com\/blog\/goto\/https:\/\/www.avemariasound.org\/\" >sur la page de pri\u00e8re pour marie.<\/a> Que nos supplications montent vers le ciel, comme une offrande agr\u00e9able par Dieu, afin qu\u2019il puisse \u00e9clairer nos pas vers la voie de la v\u00e9rit\u00e9 et de la justice. Saint Paul nous exhorte dans ses lettres \u00e0 maintenir une pri\u00e8re incessante, en toutes circonstances, pour que notre communion avec Dieu soit solide et passionn\u00e9e. La pri\u00e8re, lorsqu\u2019elle est offerte sinc\u00e8rement, a le pouvoir pour changer nos c\u0153urs et de modifier le destin de l\u2019histoire.<\/p>\n<h2> \u00c9lever nos propres pri\u00e8res pour nos familles au Seigneur matinale.<\/h2>\n<p>L\u2019ultime finale phase de la pri\u00e8re du matin consiste \u00e0 prier pour nos proches familles, notre famille, nos coll\u00e8gues et notre communaut\u00e9. Nous pouvons prier pour leur bien-\u00eatre, leur bonheur, leur s\u00fbret\u00e9, et leur fortune. Nous pouvons \u00e9galement prier pour ceux qui nous ont nui et pour ces personnes qui nous ont bless\u00e9s, et demander \u00e0 Dieu de nous aider \u00e0 leur pardonner et \u00e0 leur montrer la compassion.<\/p>\n<h3> Implorer pour la sant\u00e9 et la protection de nos familles.<\/h3>\n<p>Seigneur, nous autres te confions nos amis, notre familles et nos compagnons. Surveille, \u00f4 Dieu, au-dessus de eux, avec sauvegarde -les de tout danger et de toute maladie. Donne, Seigneur, une vigueur du corps avec de l\u2019esprit pour eux, et aussi la paix au sein de leur c\u0153ur. Que ta protection puissante les esprits prot\u00e8ge et les personnes dirige chacun au long de cette journ\u00e9e, pour qu\u2019ils jouissent dans la tranquillit\u00e9 ainsi que la paix.<\/p>\n<p>Nous tous \u00e0 toi prions pareillement pour notre enfants, Seigneur, qu\u2019ils grandissent dans leur foi ainsi que dans l\u2019amour de ton sacr\u00e9 nom. Donne, \u00f4 Dieu, une sagesse ainsi que le courage n\u00e9cessaires pour faire face \u00e0 les d\u00e9fis de la vie, et dirige leurs pas sur le chemin de la v\u00e9rit\u00e9 et de la justice.<\/p>\n<p>Enfin, nous autres te prions en vue de nos amis et nos voisins, Seigneur, pour qu\u2019ils connaissent la joie de ton amour avec la tranquillit\u00e9 de ton pardon. Accorde-leur, \u00d4 Dieu, des c\u0153urs pleins de g\u00e9n\u00e9rosit\u00e9 pour partager avec ceux que dans le besoin, et des largement ouvertes afin de accueillir ceux qui sont seuls ainsi que abandonn\u00e9s.<\/p>\n<h3> Prier pour nos ennemis et aussi ceux qui sont nous ont offens\u00e9s. <\/h3>\n<p>\u00d4 Seigneur, J\u00e9sus, nous vous prions pour les n\u00f4tres ennemis et pour ceux que nous ont offens\u00e9s. Accorde-leur, \u00f4 J\u00e9sus, ta mis\u00e9ricorde ainsi que votre pardon, ainsi que ouvre leur c\u0153ur \u00e0 la lumi\u00e8re des ta v\u00e9rit\u00e9. Aide-nous, Seigneur Dieu, \u00e0 leur montrer de la compassion et \u00e0 leur pardonner comme tu nous autres as pardonn\u00e9. Que votre paix r\u00e8gne dans les n\u00f4tres c\u0153urs ainsi que que ton amour guide notre actions, pour que nous puissions vivre en harmonie avec tous ceux que nous-m\u00eames entourent.<\/p>\n<h3> Appr\u00e9hender la pri\u00e8re : <\/h3>\n<p>En conclusion, la oraison nous rappelle notre mission tel que enfants de l\u2019\u00c9ternel : \u00eatre des t\u00e9moins de l\u2019 clart\u00e9 et de son attachement dans l\u2019 \u00e9poque en proie aux t\u00e9n\u00e8bres. \u00c0 travers notre discours et notre actions, nous propageons la bonne nouvelle de l\u2019 paix et de la rapprochement, apportant l\u2019attente et la gu\u00e9rison \u00e0 un environnement ab\u00eem\u00e9.<\/p>\n<p>\u00c0 l\u2019int\u00e9rieur de l\u2019 spiritualit\u00e9 chr\u00e9tienne, l\u2019 matin rev\u00eat l\u2019 importance distincte, symbolisant le renouvellement et l\u2019 r\u00e9g\u00e9n\u00e9ration spirituelle. C\u2019est au lever du jour de chaque journ\u00e9e que l\u2019\u00e2me se oriente vers l\u2019\u00c9ternel dans la pri\u00e8re, recherchant \u00e0 se trouver \u00e9clair\u00e9e par la lumi\u00e8re surnaturelle. L\u2019habitude des pri\u00e8res matinales s\u2019av\u00e8re profond\u00e9ment enracin\u00e9e dans le patrimoine chr\u00e9tienne, fournissant un moment exclusif pour communier avec le Seigneur et se pr\u00e9parer spirituellement aux d\u00e9fis de la journ\u00e9e \u00e0 venir.<\/p>\n<p>En au c\u0153ur au sein de ces pri\u00e8re matinales s\u2019 rep\u00e8re habituellement une d\u00e9votion distincte envers Marie, maman m\u00e8re de J\u00e9sus et aussi figure sainte ador\u00e9e par un grand nombre fid\u00e8les. En qualit\u00e9 m\u00e8re m\u00e9diatrice parmi les hommes et Dieu, Marie est invoqu\u00e9e pour m\u00e9dier en notre faveur, nous conduisant dans le chemin vers la saintet\u00e9 ainsi que de la gr\u00e2ce divine. Son pr\u00e9sentation maternelle fournit consolation ainsi que protection, cercant nos pri\u00e8res matinales avec une tendresse c\u00e9leste.<\/p>\n<p>\u00c0 travers les pri\u00e8re du matin, on est convives pour nous rallier vers Marie au sein de une initiative de b\u00e9atification personnelle. Par m\u00e9ditant au sujet de sa vie et ses vertus, nous recherchons \u00e0 imiter son humilit\u00e9, sa puret\u00e9 et son ob\u00e9issance vers la volont\u00e9 de Dieu. \u00c0 travers sa saintet\u00e9 parfaite, Marie est en nous un mod\u00e8le pour vie chr\u00e9tienne, on rem\u00e9morant l\u2019importance du pri\u00e8re ainsi que du contemplation au sein de notre cheminement spirituel.<\/p>\n<p>La r\u00e9citation du matin est donc un moment favoris\u00e9 afin de se consacrer \u00e0 Dieu avec l\u2019intercession de Marie, en pr\u00e9sentant nos louanges, nos actions de gr\u00e2ce ainsi que nos intentions les plus profondes. Au sein de l\u2019 qui\u00e9tude du l\u2019aurore, on se trouve invit\u00e9s \u00e0 tourner \u00e0 cette maman sacr\u00e9e, laquelle nous guide avec tendresse au sujet de le chemin du la foi et de l\u2019amour divin. \u00c0 travers faisant l\u2019union nos voix \u00e0 celle de Marie, nous augmentons nos pri\u00e8res matinales envers le tr\u00f4ne de du don divin, confiants que nos supplications seront entendues et accueillies aupr\u00e8s de le c\u0153ur mis\u00e9ricordieux de Dieu.<\/p>\n<p>Publications:<\/p>\n<p>Vies des peintres, sculpteurs et architectes\/tome 1\/30.,<a target=\"_blank\" rel=\"nofollow\" href=\"https:\/\/editionsbussiere.com\/blog\/goto\/https:\/\/fr.wikisource.org\/wiki\/Vies_des_peintres,_sculpteurs_et_architectes\/tome_1\/30\"  target=\"_blank\" rel=\"noopener noreferrer nofollow\">Le post d\u2019actualit\u00e9.<\/a><span><\/span><\/p>\n<p>Litanies de la Sainte-Vierge.,<a target=\"_blank\" rel=\"nofollow\" href=\"https:\/\/editionsbussiere.com\/blog\/goto\/https:\/\/fr.wikisource.org\/wiki\/Litanies_de_la_Sainte-Vierge\"  target=\"_blank\" rel=\"noopener noreferrer nofollow\">Article complet.<\/a><span><\/span>. Suite sur le prochain article.<\/p>\n<p>Les P\u00e8res de l\u2019\u00c9glise\/Tome 3\/Livre III\/Chapitre XXI.,<a target=\"_blank\" rel=\"nofollow\" href=\"https:\/\/editionsbussiere.com\/blog\/goto\/https:\/\/fr.wikisource.org\/wiki\/Les_P%C3%A8res_de_l%E2%80%99%C3%89glise\/Tome_3\/Livre_III\/Chapitre_XXI\"  target=\"_blank\" rel=\"noopener noreferrer nofollow\">Ici.<\/a><span><\/span><\/p>\n<p>Le Livre des ballades\/Priez pour paix, le vray tresor de joye.,<a target=\"_blank\" rel=\"nofollow\" href=\"https:\/\/editionsbussiere.com\/blog\/goto\/https:\/\/fr.wikisource.org\/wiki\/Le_Livre_des_ballades\/Priez_pour_paix,_le_vray_tresor_de_joye\"  target=\"_blank\" rel=\"noopener noreferrer nofollow\">A lire ici.<\/a><span><\/span><\/p>\n<p>L\u00e9gendes chr\u00e9tiennes.,<a target=\"_blank\" rel=\"nofollow\" href=\"https:\/\/editionsbussiere.com\/blog\/goto\/https:\/\/fr.wikisource.org\/wiki\/L%C3%A9gendes_chr%C3%A9tiennes\"  target=\"_blank\" rel=\"noopener noreferrer nofollow\">Le texte de l\u2019article.<\/a><span><\/span><\/p>\n<p>Cat\u00e9chisme du dioc\u00e8se de Sens\/Assomption de la Sainte Vierge.,<a target=\"_blank\" rel=\"nofollow\" href=\"https:\/\/editionsbussiere.com\/blog\/goto\/https:\/\/fr.wikisource.org\/wiki\/Cat%C3%A9chisme_du_dioc%C3%A8se_de_Sens\/Assomption_de_la_Sainte_Vierge\"  target=\"_blank\" rel=\"noopener noreferrer nofollow\">Le texte de l\u2019article.<\/a><span><\/span><\/p>\n<\/div>\n<p><img decoding=\"async\" class=\"wpe_imgrss\" src=\"https:\/\/editionsbussiere.com\/blog\/wp-content\/uploads\/2024\/09\/Pourquoi-les-catholiques-celebrent-la-fete-du-Saint-Nom-de.jpg\">Cet article a \u00e9t\u00e9 reconstitu\u00e9 du mieux possible. Dans l\u2019hypoth\u00e8se o\u00f9 vous souhaitez apporter quelques modifications concernant le th\u00e8me \u00ab\u00a0Editions \u00e9sot\u00e9rique fond\u00e9e en 1927\u00a0\u00bb, il est possible de discuter avec notre r\u00e9daction. Vous pouvez tirer profit de cet article traitant le sujet \u00ab\u00a0Editions \u00e9sot\u00e9rique fond\u00e9e en 1927\u00a0\u00bb. Il est concoct\u00e9 par l\u2019\u00e9quipe editionsbussiere.com. Le site editionsbussiere.com est fait pour cr\u00e9er divers posts autour du th\u00e8me Editions \u00e9sot\u00e9rique fond\u00e9e en 1927 d\u00e9velopp\u00e9es sur internet. Consultez notre site internet editionsbussiere.com et nos r\u00e9seaux sociaux pour \u00eatre au courant des futures annonces.<\/p>\n","protected":false},"excerpt":{"rendered":"<p>La f\u00eate du Saint Nom de Marie est c\u00e9l\u00e9br\u00e9e chaque ann\u00e9e le 12 septembre, quatre jours seulement apr\u00e8s la Nativit\u00e9 de la Sainte Vierge Marie, le 8 septembre. Cette f\u00eate rend hommage au nom donn\u00e9 \u00e0 la fille de Joachim et d\u2019Anne, Marie, ou Miriam en h\u00e9breu, qui signifie \u00ab princesse \u00bb ou \u00ab dame [&hellip;]<\/p>\n","protected":false},"author":3,"featured_media":1310,"comment_status":"closed","ping_status":"closed","sticky":false,"template":"","format":"standard","meta":{"footnotes":""},"categories":[3],"tags":[],"class_list":["post-1309","post","type-post","status-publish","format-standard","has-post-thumbnail","hentry","category-editions-esoterique-fondee-en-1927-depeches","entry","fw-tab-6 fw-tabr-4","has-featured-image"],"yoast_head":"<!-- This site is optimized with the Yoast SEO plugin v27.5 - https:\/\/yoast.com\/product\/yoast-seo-wordpress\/ -->\n<title>Pourquoi les catholiques c\u00e9l\u00e8brent la f\u00eate du Saint Nom de Marie &amp; supplication au petit jour. - EDITIONSBUSSIERE<\/title>\n<meta name=\"robots\" content=\"index, follow, max-snippet:-1, max-image-preview:large, max-video-preview:-1\" \/>\n<link rel=\"canonical\" href=\"https:\/\/editionsbussiere.com\/blog\/pourquoi-les-catholiques-celebrent-la-fete-du-saint-nom-de-marie-supplication-au-petit-jour\/\" \/>\n<meta property=\"og:locale\" content=\"fr_FR\" \/>\n<meta property=\"og:type\" content=\"article\" \/>\n<meta property=\"og:title\" content=\"Pourquoi les catholiques c\u00e9l\u00e8brent la f\u00eate du Saint Nom de Marie &amp; supplication au petit jour. - EDITIONSBUSSIERE\" \/>\n<meta property=\"og:description\" content=\"La f\u00eate du Saint Nom de Marie est c\u00e9l\u00e9br\u00e9e chaque ann\u00e9e le 12 septembre, quatre jours seulement apr\u00e8s la Nativit\u00e9 de la Sainte Vierge Marie, le 8 septembre. Cette f\u00eate rend hommage au nom donn\u00e9 \u00e0 la fille de Joachim et d\u2019Anne, Marie, ou Miriam en h\u00e9breu, qui signifie \u00ab princesse \u00bb ou \u00ab dame [&hellip;]\" \/>\n<meta property=\"og:url\" content=\"https:\/\/editionsbussiere.com\/blog\/pourquoi-les-catholiques-celebrent-la-fete-du-saint-nom-de-marie-supplication-au-petit-jour\/\" \/>\n<meta property=\"og:site_name\" content=\"EDITIONSBUSSIERE\" \/>\n<meta property=\"article:published_time\" content=\"2024-09-12T06:51:41+00:00\" \/>\n<meta property=\"og:image\" content=\"https:\/\/editionsbussiere.com\/blog\/wp-content\/uploads\/2024\/09\/Pourquoi-les-catholiques-celebrent-la-fete-du-Saint-Nom-de.jpg\" \/>\n<meta name=\"author\" content=\"Marie BATICLE\" \/>\n<meta name=\"twitter:card\" content=\"summary_large_image\" \/>\n<meta name=\"twitter:label1\" content=\"\u00c9crit par\" \/>\n\t<meta name=\"twitter:data1\" content=\"Marie BATICLE\" \/>\n\t<meta name=\"twitter:label2\" content=\"Dur\u00e9e de lecture estim\u00e9e\" \/>\n\t<meta name=\"twitter:data2\" content=\"17 minutes\" \/>\n<script type=\"application\/ld+json\" class=\"yoast-schema-graph\">{\"@context\":\"https:\\\/\\\/schema.org\",\"@graph\":[{\"@type\":\"Article\",\"@id\":\"https:\\\/\\\/editionsbussiere.com\\\/blog\\\/pourquoi-les-catholiques-celebrent-la-fete-du-saint-nom-de-marie-supplication-au-petit-jour\\\/#article\",\"isPartOf\":{\"@id\":\"https:\\\/\\\/editionsbussiere.com\\\/blog\\\/pourquoi-les-catholiques-celebrent-la-fete-du-saint-nom-de-marie-supplication-au-petit-jour\\\/\"},\"author\":{\"name\":\"Marie BATICLE\",\"@id\":\"https:\\\/\\\/editionsbussiere.com\\\/blog\\\/#\\\/schema\\\/person\\\/ec90e102792148c97e46ab871010dd8f\"},\"headline\":\"Pourquoi les catholiques c\u00e9l\u00e8brent la f\u00eate du Saint Nom de Marie &amp; supplication au petit jour.\",\"datePublished\":\"2024-09-12T06:51:41+00:00\",\"mainEntityOfPage\":{\"@id\":\"https:\\\/\\\/editionsbussiere.com\\\/blog\\\/pourquoi-les-catholiques-celebrent-la-fete-du-saint-nom-de-marie-supplication-au-petit-jour\\\/\"},\"wordCount\":3436,\"publisher\":{\"@id\":\"https:\\\/\\\/editionsbussiere.com\\\/blog\\\/#organization\"},\"image\":{\"@id\":\"https:\\\/\\\/editionsbussiere.com\\\/blog\\\/pourquoi-les-catholiques-celebrent-la-fete-du-saint-nom-de-marie-supplication-au-petit-jour\\\/#primaryimage\"},\"thumbnailUrl\":\"https:\\\/\\\/editionsbussiere.com\\\/blog\\\/wp-content\\\/uploads\\\/2024\\\/09\\\/Pourquoi-les-catholiques-celebrent-la-fete-du-Saint-Nom-de.jpg\",\"articleSection\":[\"Editions \u00c9sot\u00e9rique Fond\u00e9e En 1927; D\u00e9p\u00e8ches:\"],\"inLanguage\":\"fr-FR\"},{\"@type\":\"WebPage\",\"@id\":\"https:\\\/\\\/editionsbussiere.com\\\/blog\\\/pourquoi-les-catholiques-celebrent-la-fete-du-saint-nom-de-marie-supplication-au-petit-jour\\\/\",\"url\":\"https:\\\/\\\/editionsbussiere.com\\\/blog\\\/pourquoi-les-catholiques-celebrent-la-fete-du-saint-nom-de-marie-supplication-au-petit-jour\\\/\",\"name\":\"Pourquoi les catholiques c\u00e9l\u00e8brent la f\u00eate du Saint Nom de Marie &amp; supplication au petit jour. - EDITIONSBUSSIERE\",\"isPartOf\":{\"@id\":\"https:\\\/\\\/editionsbussiere.com\\\/blog\\\/#website\"},\"primaryImageOfPage\":{\"@id\":\"https:\\\/\\\/editionsbussiere.com\\\/blog\\\/pourquoi-les-catholiques-celebrent-la-fete-du-saint-nom-de-marie-supplication-au-petit-jour\\\/#primaryimage\"},\"image\":{\"@id\":\"https:\\\/\\\/editionsbussiere.com\\\/blog\\\/pourquoi-les-catholiques-celebrent-la-fete-du-saint-nom-de-marie-supplication-au-petit-jour\\\/#primaryimage\"},\"thumbnailUrl\":\"https:\\\/\\\/editionsbussiere.com\\\/blog\\\/wp-content\\\/uploads\\\/2024\\\/09\\\/Pourquoi-les-catholiques-celebrent-la-fete-du-Saint-Nom-de.jpg\",\"datePublished\":\"2024-09-12T06:51:41+00:00\",\"breadcrumb\":{\"@id\":\"https:\\\/\\\/editionsbussiere.com\\\/blog\\\/pourquoi-les-catholiques-celebrent-la-fete-du-saint-nom-de-marie-supplication-au-petit-jour\\\/#breadcrumb\"},\"inLanguage\":\"fr-FR\",\"potentialAction\":[{\"@type\":\"ReadAction\",\"target\":[\"https:\\\/\\\/editionsbussiere.com\\\/blog\\\/pourquoi-les-catholiques-celebrent-la-fete-du-saint-nom-de-marie-supplication-au-petit-jour\\\/\"]}]},{\"@type\":\"ImageObject\",\"inLanguage\":\"fr-FR\",\"@id\":\"https:\\\/\\\/editionsbussiere.com\\\/blog\\\/pourquoi-les-catholiques-celebrent-la-fete-du-saint-nom-de-marie-supplication-au-petit-jour\\\/#primaryimage\",\"url\":\"https:\\\/\\\/editionsbussiere.com\\\/blog\\\/wp-content\\\/uploads\\\/2024\\\/09\\\/Pourquoi-les-catholiques-celebrent-la-fete-du-Saint-Nom-de.jpg\",\"contentUrl\":\"https:\\\/\\\/editionsbussiere.com\\\/blog\\\/wp-content\\\/uploads\\\/2024\\\/09\\\/Pourquoi-les-catholiques-celebrent-la-fete-du-Saint-Nom-de.jpg\",\"width\":788,\"height\":412,\"caption\":\"Pourquoi les catholiques celebrent la fete du Saint Nom de\"},{\"@type\":\"BreadcrumbList\",\"@id\":\"https:\\\/\\\/editionsbussiere.com\\\/blog\\\/pourquoi-les-catholiques-celebrent-la-fete-du-saint-nom-de-marie-supplication-au-petit-jour\\\/#breadcrumb\",\"itemListElement\":[{\"@type\":\"ListItem\",\"position\":1,\"name\":\"Accueil\",\"item\":\"https:\\\/\\\/editionsbussiere.com\\\/blog\\\/\"},{\"@type\":\"ListItem\",\"position\":2,\"name\":\"Pourquoi les catholiques c\u00e9l\u00e8brent la f\u00eate du Saint Nom de Marie &amp; supplication au petit jour.\"}]},{\"@type\":\"WebSite\",\"@id\":\"https:\\\/\\\/editionsbussiere.com\\\/blog\\\/#website\",\"url\":\"https:\\\/\\\/editionsbussiere.com\\\/blog\\\/\",\"name\":\"EDITIONSBUSSIERE\",\"description\":\"Editions \u00e9sot\u00e9rique fond\u00e9e en 1927; site historique, A SAVOIR ET RETENIR.\",\"publisher\":{\"@id\":\"https:\\\/\\\/editionsbussiere.com\\\/blog\\\/#organization\"},\"potentialAction\":[{\"@type\":\"SearchAction\",\"target\":{\"@type\":\"EntryPoint\",\"urlTemplate\":\"https:\\\/\\\/editionsbussiere.com\\\/blog\\\/?s={search_term_string}\"},\"query-input\":{\"@type\":\"PropertyValueSpecification\",\"valueRequired\":true,\"valueName\":\"search_term_string\"}}],\"inLanguage\":\"fr-FR\"},{\"@type\":\"Organization\",\"@id\":\"https:\\\/\\\/editionsbussiere.com\\\/blog\\\/#organization\",\"name\":\"editionsbussiere\",\"url\":\"https:\\\/\\\/editionsbussiere.com\\\/blog\\\/\",\"logo\":{\"@type\":\"ImageObject\",\"inLanguage\":\"fr-FR\",\"@id\":\"https:\\\/\\\/editionsbussiere.com\\\/blog\\\/#\\\/schema\\\/logo\\\/image\\\/\",\"url\":\"https:\\\/\\\/editionsbussiere.com\\\/blog\\\/wp-content\\\/uploads\\\/2023\\\/09\\\/cropped-buss.gif\",\"contentUrl\":\"https:\\\/\\\/editionsbussiere.com\\\/blog\\\/wp-content\\\/uploads\\\/2023\\\/09\\\/cropped-buss.gif\",\"width\":298,\"height\":120,\"caption\":\"editionsbussiere\"},\"image\":{\"@id\":\"https:\\\/\\\/editionsbussiere.com\\\/blog\\\/#\\\/schema\\\/logo\\\/image\\\/\"}},{\"@type\":\"Person\",\"@id\":\"https:\\\/\\\/editionsbussiere.com\\\/blog\\\/#\\\/schema\\\/person\\\/ec90e102792148c97e46ab871010dd8f\",\"name\":\"Marie BATICLE\",\"image\":{\"@type\":\"ImageObject\",\"inLanguage\":\"fr-FR\",\"@id\":\"https:\\\/\\\/secure.gravatar.com\\\/avatar\\\/c923e52403b1b8137e2d929127211d21967e6aecaa053bd43b09da29f212e76e?s=96&d=mm&r=g\",\"url\":\"https:\\\/\\\/secure.gravatar.com\\\/avatar\\\/c923e52403b1b8137e2d929127211d21967e6aecaa053bd43b09da29f212e76e?s=96&d=mm&r=g\",\"contentUrl\":\"https:\\\/\\\/secure.gravatar.com\\\/avatar\\\/c923e52403b1b8137e2d929127211d21967e6aecaa053bd43b09da29f212e76e?s=96&d=mm&r=g\",\"caption\":\"Marie BATICLE\"},\"url\":\"https:\\\/\\\/editionsbussiere.com\\\/blog\\\/author\\\/eremarie\\\/\"}]}<\/script>\n<!-- \/ Yoast SEO plugin. -->","yoast_head_json":{"title":"Pourquoi les catholiques c\u00e9l\u00e8brent la f\u00eate du Saint Nom de Marie &amp; supplication au petit jour. - EDITIONSBUSSIERE","robots":{"index":"index","follow":"follow","max-snippet":"max-snippet:-1","max-image-preview":"max-image-preview:large","max-video-preview":"max-video-preview:-1"},"canonical":"https:\/\/editionsbussiere.com\/blog\/pourquoi-les-catholiques-celebrent-la-fete-du-saint-nom-de-marie-supplication-au-petit-jour\/","og_locale":"fr_FR","og_type":"article","og_title":"Pourquoi les catholiques c\u00e9l\u00e8brent la f\u00eate du Saint Nom de Marie &amp; supplication au petit jour. - EDITIONSBUSSIERE","og_description":"La f\u00eate du Saint Nom de Marie est c\u00e9l\u00e9br\u00e9e chaque ann\u00e9e le 12 septembre, quatre jours seulement apr\u00e8s la Nativit\u00e9 de la Sainte Vierge Marie, le 8 septembre. Cette f\u00eate rend hommage au nom donn\u00e9 \u00e0 la fille de Joachim et d\u2019Anne, Marie, ou Miriam en h\u00e9breu, qui signifie \u00ab princesse \u00bb ou \u00ab dame [&hellip;]","og_url":"https:\/\/editionsbussiere.com\/blog\/pourquoi-les-catholiques-celebrent-la-fete-du-saint-nom-de-marie-supplication-au-petit-jour\/","og_site_name":"EDITIONSBUSSIERE","article_published_time":"2024-09-12T06:51:41+00:00","og_image":[{"url":"https:\/\/editionsbussiere.com\/blog\/wp-content\/uploads\/2024\/09\/Pourquoi-les-catholiques-celebrent-la-fete-du-Saint-Nom-de.jpg","type":"","width":"","height":""}],"author":"Marie BATICLE","twitter_card":"summary_large_image","twitter_misc":{"\u00c9crit par":"Marie BATICLE","Dur\u00e9e de lecture estim\u00e9e":"17 minutes"},"schema":{"@context":"https:\/\/schema.org","@graph":[{"@type":"Article","@id":"https:\/\/editionsbussiere.com\/blog\/pourquoi-les-catholiques-celebrent-la-fete-du-saint-nom-de-marie-supplication-au-petit-jour\/#article","isPartOf":{"@id":"https:\/\/editionsbussiere.com\/blog\/pourquoi-les-catholiques-celebrent-la-fete-du-saint-nom-de-marie-supplication-au-petit-jour\/"},"author":{"name":"Marie BATICLE","@id":"https:\/\/editionsbussiere.com\/blog\/#\/schema\/person\/ec90e102792148c97e46ab871010dd8f"},"headline":"Pourquoi les catholiques c\u00e9l\u00e8brent la f\u00eate du Saint Nom de Marie &amp; supplication au petit jour.","datePublished":"2024-09-12T06:51:41+00:00","mainEntityOfPage":{"@id":"https:\/\/editionsbussiere.com\/blog\/pourquoi-les-catholiques-celebrent-la-fete-du-saint-nom-de-marie-supplication-au-petit-jour\/"},"wordCount":3436,"publisher":{"@id":"https:\/\/editionsbussiere.com\/blog\/#organization"},"image":{"@id":"https:\/\/editionsbussiere.com\/blog\/pourquoi-les-catholiques-celebrent-la-fete-du-saint-nom-de-marie-supplication-au-petit-jour\/#primaryimage"},"thumbnailUrl":"https:\/\/editionsbussiere.com\/blog\/wp-content\/uploads\/2024\/09\/Pourquoi-les-catholiques-celebrent-la-fete-du-Saint-Nom-de.jpg","articleSection":["Editions \u00c9sot\u00e9rique Fond\u00e9e En 1927; D\u00e9p\u00e8ches:"],"inLanguage":"fr-FR"},{"@type":"WebPage","@id":"https:\/\/editionsbussiere.com\/blog\/pourquoi-les-catholiques-celebrent-la-fete-du-saint-nom-de-marie-supplication-au-petit-jour\/","url":"https:\/\/editionsbussiere.com\/blog\/pourquoi-les-catholiques-celebrent-la-fete-du-saint-nom-de-marie-supplication-au-petit-jour\/","name":"Pourquoi les catholiques c\u00e9l\u00e8brent la f\u00eate du Saint Nom de Marie &amp; supplication au petit jour. - EDITIONSBUSSIERE","isPartOf":{"@id":"https:\/\/editionsbussiere.com\/blog\/#website"},"primaryImageOfPage":{"@id":"https:\/\/editionsbussiere.com\/blog\/pourquoi-les-catholiques-celebrent-la-fete-du-saint-nom-de-marie-supplication-au-petit-jour\/#primaryimage"},"image":{"@id":"https:\/\/editionsbussiere.com\/blog\/pourquoi-les-catholiques-celebrent-la-fete-du-saint-nom-de-marie-supplication-au-petit-jour\/#primaryimage"},"thumbnailUrl":"https:\/\/editionsbussiere.com\/blog\/wp-content\/uploads\/2024\/09\/Pourquoi-les-catholiques-celebrent-la-fete-du-Saint-Nom-de.jpg","datePublished":"2024-09-12T06:51:41+00:00","breadcrumb":{"@id":"https:\/\/editionsbussiere.com\/blog\/pourquoi-les-catholiques-celebrent-la-fete-du-saint-nom-de-marie-supplication-au-petit-jour\/#breadcrumb"},"inLanguage":"fr-FR","potentialAction":[{"@type":"ReadAction","target":["https:\/\/editionsbussiere.com\/blog\/pourquoi-les-catholiques-celebrent-la-fete-du-saint-nom-de-marie-supplication-au-petit-jour\/"]}]},{"@type":"ImageObject","inLanguage":"fr-FR","@id":"https:\/\/editionsbussiere.com\/blog\/pourquoi-les-catholiques-celebrent-la-fete-du-saint-nom-de-marie-supplication-au-petit-jour\/#primaryimage","url":"https:\/\/editionsbussiere.com\/blog\/wp-content\/uploads\/2024\/09\/Pourquoi-les-catholiques-celebrent-la-fete-du-Saint-Nom-de.jpg","contentUrl":"https:\/\/editionsbussiere.com\/blog\/wp-content\/uploads\/2024\/09\/Pourquoi-les-catholiques-celebrent-la-fete-du-Saint-Nom-de.jpg","width":788,"height":412,"caption":"Pourquoi les catholiques celebrent la fete du Saint Nom de"},{"@type":"BreadcrumbList","@id":"https:\/\/editionsbussiere.com\/blog\/pourquoi-les-catholiques-celebrent-la-fete-du-saint-nom-de-marie-supplication-au-petit-jour\/#breadcrumb","itemListElement":[{"@type":"ListItem","position":1,"name":"Accueil","item":"https:\/\/editionsbussiere.com\/blog\/"},{"@type":"ListItem","position":2,"name":"Pourquoi les catholiques c\u00e9l\u00e8brent la f\u00eate du Saint Nom de Marie &amp; supplication au petit jour."}]},{"@type":"WebSite","@id":"https:\/\/editionsbussiere.com\/blog\/#website","url":"https:\/\/editionsbussiere.com\/blog\/","name":"EDITIONSBUSSIERE","description":"Editions \u00e9sot\u00e9rique fond\u00e9e en 1927; site historique, A SAVOIR ET RETENIR.","publisher":{"@id":"https:\/\/editionsbussiere.com\/blog\/#organization"},"potentialAction":[{"@type":"SearchAction","target":{"@type":"EntryPoint","urlTemplate":"https:\/\/editionsbussiere.com\/blog\/?s={search_term_string}"},"query-input":{"@type":"PropertyValueSpecification","valueRequired":true,"valueName":"search_term_string"}}],"inLanguage":"fr-FR"},{"@type":"Organization","@id":"https:\/\/editionsbussiere.com\/blog\/#organization","name":"editionsbussiere","url":"https:\/\/editionsbussiere.com\/blog\/","logo":{"@type":"ImageObject","inLanguage":"fr-FR","@id":"https:\/\/editionsbussiere.com\/blog\/#\/schema\/logo\/image\/","url":"https:\/\/editionsbussiere.com\/blog\/wp-content\/uploads\/2023\/09\/cropped-buss.gif","contentUrl":"https:\/\/editionsbussiere.com\/blog\/wp-content\/uploads\/2023\/09\/cropped-buss.gif","width":298,"height":120,"caption":"editionsbussiere"},"image":{"@id":"https:\/\/editionsbussiere.com\/blog\/#\/schema\/logo\/image\/"}},{"@type":"Person","@id":"https:\/\/editionsbussiere.com\/blog\/#\/schema\/person\/ec90e102792148c97e46ab871010dd8f","name":"Marie BATICLE","image":{"@type":"ImageObject","inLanguage":"fr-FR","@id":"https:\/\/secure.gravatar.com\/avatar\/c923e52403b1b8137e2d929127211d21967e6aecaa053bd43b09da29f212e76e?s=96&d=mm&r=g","url":"https:\/\/secure.gravatar.com\/avatar\/c923e52403b1b8137e2d929127211d21967e6aecaa053bd43b09da29f212e76e?s=96&d=mm&r=g","contentUrl":"https:\/\/secure.gravatar.com\/avatar\/c923e52403b1b8137e2d929127211d21967e6aecaa053bd43b09da29f212e76e?s=96&d=mm&r=g","caption":"Marie BATICLE"},"url":"https:\/\/editionsbussiere.com\/blog\/author\/eremarie\/"}]}},"_links":{"self":[{"href":"https:\/\/editionsbussiere.com\/blog\/wp-json\/wp\/v2\/posts\/1309","targetHints":{"allow":["GET"]}}],"collection":[{"href":"https:\/\/editionsbussiere.com\/blog\/wp-json\/wp\/v2\/posts"}],"about":[{"href":"https:\/\/editionsbussiere.com\/blog\/wp-json\/wp\/v2\/types\/post"}],"author":[{"embeddable":true,"href":"https:\/\/editionsbussiere.com\/blog\/wp-json\/wp\/v2\/users\/3"}],"replies":[{"embeddable":true,"href":"https:\/\/editionsbussiere.com\/blog\/wp-json\/wp\/v2\/comments?post=1309"}],"version-history":[{"count":0,"href":"https:\/\/editionsbussiere.com\/blog\/wp-json\/wp\/v2\/posts\/1309\/revisions"}],"wp:featuredmedia":[{"embeddable":true,"href":"https:\/\/editionsbussiere.com\/blog\/wp-json\/wp\/v2\/media\/1310"}],"wp:attachment":[{"href":"https:\/\/editionsbussiere.com\/blog\/wp-json\/wp\/v2\/media?parent=1309"}],"wp:term":[{"taxonomy":"category","embeddable":true,"href":"https:\/\/editionsbussiere.com\/blog\/wp-json\/wp\/v2\/categories?post=1309"},{"taxonomy":"post_tag","embeddable":true,"href":"https:\/\/editionsbussiere.com\/blog\/wp-json\/wp\/v2\/tags?post=1309"}],"curies":[{"name":"wp","href":"https:\/\/api.w.org\/{rel}","templated":true}]}}