{"id":1297,"date":"2024-09-10T09:41:19","date_gmt":"2024-09-10T07:41:19","guid":{"rendered":"https:\/\/editionsbussiere.com\/blog\/lassociation-chretienne-mangalorean-konkan-usa-celebre-monti-fest-2024-adresser-ses-prieres-a-la-vierge-marie\/"},"modified":"2024-09-10T09:41:19","modified_gmt":"2024-09-10T07:41:19","slug":"lassociation-chretienne-mangalorean-konkan-usa-celebre-monti-fest-2024-adresser-ses-prieres-a-la-vierge-marie","status":"publish","type":"post","link":"https:\/\/editionsbussiere.com\/blog\/lassociation-chretienne-mangalorean-konkan-usa-celebre-monti-fest-2024-adresser-ses-prieres-a-la-vierge-marie\/","title":{"rendered":"L\u2019Association chr\u00e9tienne Mangalorean Konkan USA c\u00e9l\u00e8bre Monti Fest -2024\n &amp; adresser ses pri\u00e8res \u00e0 la Vierge Marie."},"content":{"rendered":"<div><img width=\"580\" height=\"435\" src=\"https:\/\/editionsbussiere.com\/blog\/wp-content\/uploads\/2024\/09\/LAssociation-chretienne-Mangalorean-Konkan-USA-celebre-Monti-Fest-2024.jpg\" class=\"attachment-large size-large wp-post-image\" alt=\"L'Association chr\u00e9tienne Mangalorean Konkan USA c\u00e9l\u00e8bre Monti Fest -2024 &amp;\" style=\"float:left; margin:0 15px 15px 0;\" decoding=\"async\" srcset=\"https:\/\/editionsbussiere.com\/blog\/wp-content\/uploads\/2024\/09\/LAssociation-chretienne-Mangalorean-Konkan-USA-celebre-Monti-Fest-2024.jpg 640w, https:\/\/www.n42.fr\/wp-content\/uploads\/2024\/09\/LAssociation-chretienne-Mangalorean-Konkan-USA-celebre-Monti-Fest-2024-300x225.jpg 300w\" sizes=\"(max-width: 580px) 100vw, 580px\"><\/p>\n<p>\n<\/p>\n<div>\n<p>                         <!--start of media.net 300x250--><\/p>\n<p>                            <span id=\"Desc\" class=\"imgResponsive\"><\/span><\/p>\n<p style=\"text-align: justify;\"><em><strong>Communiqu\u00e9 de presse<\/strong><\/em><\/p>\n<\/p>\n<p style=\"text-align: justify;\"><strong>Chicago, 10 septembre :<\/strong> L\u2019association chr\u00e9tienne Mangalorean Konkan a c\u00e9l\u00e9br\u00e9 sa 22e \u00e9dition annuelle du Monti Fest au St Hubert\u2019s Church Hall \u00e0 Hoffman Estates, dans l\u2019Illinois. La c\u00e9l\u00e9bration du Monti Fest est unique \u00e0 la communaut\u00e9 Mangalurean. Ce festival est similaire \u00e0 Thanksgiving aux \u00c9tats-Unis et en Inde, il est c\u00e9l\u00e9br\u00e9 sous diff\u00e9rentes formes comme Onam au Kerala, Pongal au Tamil Nadu, Nag Panchami, Teej, Rath Yathra, Hornbill, etc.<\/p>\n<\/p>\n<p style=\"text-align: justify;\">Les habitants de Mangaluru c\u00e9l\u00e8brent la f\u00eate de la naissance de la Vierge Marie et remercient la M\u00e8re Marie de nous avoir fait don de J\u00e9sus-Christ, le sauveur du monde, et de nous avoir fourni une nouvelle r\u00e9colte de la saison. Pendant cette p\u00e9riode, la nouvelle r\u00e9colte est b\u00e9nie et distribu\u00e9e aux fid\u00e8les, qui l\u2019emportent chez eux et organisent une r\u00e9union de famille pour c\u00e9l\u00e9brer la naissance de la M\u00e8re Marie.<\/p>\n<\/p>\n<p style=\"text-align: center;\"><img decoding=\"async\" src=\"https:\/\/editionsbussiere.com\/blog\/wp-content\/uploads\/2024\/09\/USA100924_10.jpg\"><\/p>\n<\/p>\n<p style=\"text-align: center;\"><img decoding=\"async\" src=\"https:\/\/editionsbussiere.com\/blog\/wp-content\/uploads\/2024\/09\/USA100924_11.jpg\"><\/p>\n<\/p>\n<p style=\"text-align: center;\"><img decoding=\"async\" src=\"https:\/\/editionsbussiere.com\/blog\/wp-content\/uploads\/2024\/09\/USA100924_9.jpg\"><\/p>\n<\/p>\n<p style=\"text-align: center;\"><img decoding=\"async\" src=\"https:\/\/editionsbussiere.com\/blog\/wp-content\/uploads\/2024\/09\/USA100924_8.jpg\"><\/p>\n<\/p>\n<p style=\"text-align: center;\"><img decoding=\"async\" src=\"https:\/\/editionsbussiere.com\/blog\/wp-content\/uploads\/2024\/09\/USA100924_7.jpg\"><\/p>\n<\/p>\n<p style=\"text-align: center;\"><img decoding=\"async\" src=\"https:\/\/editionsbussiere.com\/blog\/wp-content\/uploads\/2024\/09\/USA100924_6.jpg\"><\/p>\n<\/p>\n<p style=\"text-align: center;\"><img decoding=\"async\" src=\"https:\/\/editionsbussiere.com\/blog\/wp-content\/uploads\/2024\/09\/USA100924_5.jpg\"><\/p>\n<\/p>\n<p style=\"text-align: center;\"><img decoding=\"async\" src=\"https:\/\/editionsbussiere.com\/blog\/wp-content\/uploads\/2024\/09\/USA100924_4.jpg\"><\/p>\n<\/p>\n<p style=\"text-align: center;\"><img decoding=\"async\" src=\"https:\/\/editionsbussiere.com\/blog\/wp-content\/uploads\/2024\/09\/USA100924_1.jpg\"><\/p>\n<\/p>\n<p style=\"text-align: center;\"><img decoding=\"async\" src=\"https:\/\/editionsbussiere.com\/blog\/wp-content\/uploads\/2024\/09\/USA100924_3.jpg\"><\/p>\n<\/p>\n<p style=\"text-align: justify;\">Une Eucharistie g\u00e9n\u00e9rale a eu lieu, \u00e0 laquelle ont assist\u00e9 les membres du MKCA et leurs invit\u00e9s. Les premi\u00e8re et deuxi\u00e8me lectures de la messe ont \u00e9t\u00e9 lues par les membres du MKCA.<\/p>\n<\/p>\n<p style=\"text-align: justify;\">Le programme culturel a \u00e9t\u00e9 lanc\u00e9 par un mot de bienvenue du pr\u00e9sident de MKCA, Leonard Lobo. Dans son discours de bienvenue, il a pr\u00e9sent\u00e9 son comit\u00e9 ex\u00e9cutif au public et a reconnu leurs contributions au succ\u00e8s des programmes men\u00e9s. Il a racont\u00e9 l\u2019histoire de MKCA, o\u00f9 le Dr Austin Prabhu, fondateur et pr\u00e9sident de MKCA, a \u00e9t\u00e9 le pionnier du travail de formation de MKCA avec d\u2019autres membres fondateurs de l\u2019association. Il a inform\u00e9 le public de la mani\u00e8re dont cette f\u00eate \u00e9tait c\u00e9l\u00e9br\u00e9e en Inde. Le pr\u00e9sentateur du programme, Savio Pais, l\u2019actuel secr\u00e9taire, a lanc\u00e9 le programme culturel avec des jeux pour les enfants et les adultes. Il a pr\u00e9sent\u00e9 et remerci\u00e9 le cur\u00e9 de la paroisse, le p\u00e8re Tom Abraham, pour sa g\u00e9n\u00e9rosit\u00e9 en mettant \u00e0 disposition le lieu.<\/p>\n<\/p>\n<p style=\"text-align: justify;\">Savio Pais a remerci\u00e9 le comit\u00e9 d\u2019organisation pour son soutien ind\u00e9fectible au succ\u00e8s du programme. Il a reconnu les efforts des membres et de leurs familles pour pr\u00e9parer une grande vari\u00e9t\u00e9 de plats ethniques de Mangalore pour le programme. Il a remerci\u00e9 les membres et les invit\u00e9s qui ont contribu\u00e9 au programme.<\/p>\n<\/p>\n<p style=\"text-align: justify;\">Le P\u00e8re Tom Abraham a b\u00e9ni les plats pr\u00e9par\u00e9s par les membres et les invit\u00e9s du MKCA. Le programme s\u2019est termin\u00e9 par un somptueux d\u00eener ethnique. Sous la direction efficace de Queenie Mendonca, le public a eu le plaisir de danser au rythme des chansons konkani, hindi et espagnoles.<\/p>\n<\/p>\n<\/div>\n<p><script src=\"https:\/\/connect.facebook.net\/en_US\/all.js#xfbml=1\"><\/script><\/p>\n<h2>\n<\/h2>\n<p>La Signification de la Pri\u00e8re \u00e0 Marie<\/p>\n<p>L\u2019invocation \u00e0 Marie constitue un aspect essentiel de la spiritualit\u00e9 chr\u00e9tienne, solidement enracin\u00e9e dans les enseignements catholique depuis des si\u00e8cles. C\u2019est un fondement sur lequel les croyants s\u2019appuient pour trouver confort, direction et intercession dans leur relation envers Dieu. \u00c0 travers les \u00e2ges, cette pratique de d\u00e9votion a \u00e9t\u00e9 renforc\u00e9e par les enseignements de la Bible, les coutumes eccl\u00e9siastiques, et les exemples des saints qui ont t\u00e9moign\u00e9 de leur respect \u00e0 Marie en tant que aimante.<\/p>\n<h3>\n<\/h3>\n<p>La pratique du Chapelet<\/p>\n<p>Le Chapelet tient une position centrale au sein de la spiritualit\u00e9 de un grand nombre de fid\u00e8les. En r\u00e9citant les myst\u00e8res joyeux, douloureux, lumineux et glorieux, les d\u00e9vots se plongent dans les \u00e9v\u00e9nements li\u00e9s \u00e0 J\u00e9sus et Marie, renfor\u00e7ant ainsi leur connexion spirituelle avec le divin. Chaque Ave Maria r\u00e9cit\u00e9, ils manifestent leur confiance en l\u2019intercession de Marie et leur d\u00e9sir de suivre les enseignements du Christ. Saint Louis-Marie Grignion de Montfort, dans son livre sur la vraie d\u00e9votion \u00e0 la Sainte Vierge, encourage les chr\u00e9tiens \u00e0 pratiquer r\u00e9guli\u00e8rement la m\u00e9ditation sur les myst\u00e8res du rosaire afin de renforcer leur relation avec la M\u00e8re de Dieu. Cet antique rituel, transmise de g\u00e9n\u00e9ration en g\u00e9n\u00e9ration, demeure un phare spirituel pour les croyants, les aidant \u00e0 se connecter avec la divine Dame du Ciel.<\/p>\n<h3>\n<\/h3>\n<p>L\u2019exhortation \u00e0 la pri\u00e8re<\/p>\n<p>Unissons nos voix dans la pri\u00e8re, fr\u00e8res et s\u0153urs, dans notre esp\u00e9rance, en nous tournant vers Marie, la m\u00e8re de J\u00e9sus. Dans notre monde tourment\u00e9 par la guerre et la discorde, optons \u00e0 la pri\u00e8re comme un moyen de trouver la s\u00e9r\u00e9nit\u00e9 et l\u2019harmonie. Chacun envoyer un message pour Marie <a target=\"_blank\" rel=\"nofollow\" href=\"https:\/\/editionsbussiere.com\/blog\/goto\/https:\/\/www.avemariasound.org\/\" >par internet.<\/a> Que nos pri\u00e8res montent vers le ciel, comme une offrande agr\u00e9able \u00e0 Dieu, pour qu\u2019il guide nous guider nos pas vers le chemin de la justice et de la v\u00e9rit\u00e9. Saint Paul nous dans ses \u00e9p\u00eetres \u00e0 maintenir une pri\u00e8re incessante, quelle que soit la situation, afin que notre communion avec Dieu reste constante et ardente. La pri\u00e8re, lorsqu\u2019elle est offerte sinc\u00e8rement, a le pouvoir pour changer les c\u0153urs et de modifier le destin de l\u2019histoire.<\/p>\n<h2>\n<\/h2>\n<p>L\u2019enseignement du Souverain Pontife<\/p>\n<p>Le pape Fran\u00e7ois, dans ses enseignements \u00e9clair\u00e9s, publi\u00e9s par Bayard, nous rappelle la valeur de la pri\u00e8re journali\u00e8re. Par le biais de ses hom\u00e9lies et de ses audiences publiques, il nous incite \u00e0 d\u00e9velopper un lien personnel avec Dieu, en se fondant sur la r\u00e9flexion sur les Saintes \u00c9critures et la r\u00e9citation du rosaire. Sa mani\u00e8re d\u2019\u00eatre d\u2019humilit\u00e9 et de compassion nous inspire \u00e0 approfondir davantage notre pri\u00e8re et \u00e0 rechercher la pr\u00e9sence divine dans tous les aspects de notre vie. Le pape Jean-Paul II, dans son encyclique portant sur la foi chr\u00e9tienne, nous souligne que la pri\u00e8re quotidienne est la base de la vie spirituelle et par elle que nous sommes unis \u00e0 la volont\u00e9 divine. La pratique de la pri\u00e8re, enseign\u00e9e par les pontifes successifs, est un phare d\u2019espoir dans les temp\u00eates, une base solide auquel nous pouvons nous appuyer.<\/p>\n<h3>\n<\/h3>\n<p>Les ouvrages \u00e9crits par Leli\u00e8vre et Hubert<\/p>\n<p>Au sein de la pratique religieuse, l\u2019\u00e9glise recommande vivement la pri\u00e8re, et durant les moments de pri\u00e8re, les fid\u00e8les accomplissent le geste du signe de la croix et r\u00e9citent l\u2019Ave Maria. Des penseurs contemporains, tels que Leli\u00e8vre et Hubert, nous convient \u00e9galement \u00e0 r\u00e9fl\u00e9chir sur la force de la pri\u00e8re, \u00e0 travers leurs \u00e9crits inspirants. Leurs ouvrages, abondant en enseignements spirituels, nous guident sur le chemin de la foi et nous invitent \u00e0 puiser dans les richesses de la tradition chr\u00e9tienne pour enrichir notre spiritualit\u00e9. En m\u00e9ditant sur leurs \u00e9crits, nous d\u00e9couvrons de nouvelles mani\u00e8res d\u2019approfondir notre connexion avec le divin et de grandir dans notre cheminement vers la saintet\u00e9. L\u2019ap\u00f4tre Jean, dans son \u00e9vangile, nous enseigne que le fait de prier est une puissante voie pour rester en communion avec Dieu et de b\u00e9n\u00e9ficier de ses gr\u00e2ces. Chaque page de leurs ouvrages ressemble \u00e0 une invitation \u00e0 une pri\u00e8re ardente et \u00e0 une vie emplie de la pr\u00e9sence divine. Dans notre recherche de spiritualit\u00e9, chaque lecture devient un appel \u00e0 aspirer \u00e0 le sacr\u00e9, par le biais de la contemplation et la r\u00e9flexion.<\/p>\n<h3>\n<\/h3>\n<p>La pratique de la pri\u00e8re<\/p>\n<p>Au sein de nos chapelles modestes ou majestueuses, tournons-nous vers le divin en toute confiance et humilit\u00e9, sachant qu\u2019il \u00e9coute nos supplications avec amour et sollicitude. Que chaque flamme vacillante, chaque chapelet r\u00e9cit\u00e9, soit une offrande \u00e0 notre Seigneur ainsi qu\u2019\u00e0 la Vierge Marie. Que nos moments de pri\u00e8re dans la chapelle soient des moments de b\u00e9n\u00e9diction et de renouvellement de notre esprit, nous renfor\u00e7ant pour faire face \u00e0 les \u00e9preuves avec audace et foi in\u00e9branlable. La sainte Bernadette Soubirous, qui a re\u00e7u les apparitions de la Vierge Marie \u00e0 Lourdes, nous montre la valeur de la pri\u00e8re dans la vie des fid\u00e8les et l\u2019efficacit\u00e9 de l\u2019intercession de la Vierge Marie. Chaque personne qui entre dans une chapelle, chaque verset des \u00c9critures lu dans ce lieu saint, constitue une rencontre avec le divin, une \u00e9tape sur le chemin de la transformation int\u00e9rieure. \u00c0 travers les textes sacr\u00e9s, chaque fid\u00e8le est invit\u00e9 \u00e0 contempler la croix du Christ, \u00e0 m\u00e9diter sur son sacrifice, et \u00e0 trouver r\u00e9confort et espoir dans sa gr\u00e2ce r\u00e9demptrice.<\/p>\n<h2>\nL\u2019acte de prier comme m\u00e9decine pour l\u2019int\u00e9rieur<br \/>\n<\/h2>\n<p>Tel un th\u00e9rapeute pour notre \u00eatre int\u00e9rieur, l\u2019acte de prier nous apaise et nous fortifie lorsque nous traversons des moments de douleur et de d\u00e9sespoir. Elle nous rappelle que Dieu est toujours avec nous, m\u00eame dans les moments les plus sombres de notre existence. En nous penchant vers lui \u00e0 travers la pri\u00e8re, nous trouvons la force int\u00e9rieure dont nous avons besoin pour traverser les \u00e9preuves et pour faire face \u00e0 l\u2019avenir avec espoir et confiance. La pri\u00e8re est semblable \u00e0 une source d\u2019eau vive qui satisfait notre soif spirituelle et, sur notre chemin de foi, nous revigore.<br \/>\n\u00c0 chaque pri\u00e8re murmur\u00e9e, \u00e0 chaque intention confi\u00e9e, nous trouvons un soulagement divin, une gu\u00e9rison c\u00e9leste, qui d\u00e9passe les limites de notre condition terrestre. Chaque passage des \u00c9critures nous invite \u00e0 communier avec Dieu, \u00e0 lui confier nos fardeaux, et \u00e0 recevoir sa gr\u00e2ce transformante.<\/p>\n<h2>Une vision alternative sur l\u2019invocation \u00e0 Marie<\/h2>\n<p>La pri\u00e8re \u00e0 Marie est une pratique solidement ancr\u00e9e dans le patrimoine catholique chr\u00e9tienne, proposant un pr\u00e9cieux lien spirituel pour les fid\u00e8les du monde entier. En tant que figure maternelle spirituelle et intercesseur d\u00e9vou\u00e9, Marie est invoqu\u00e9e avec d\u00e9votion dans les moments de besoin et de gratitude. Le chapelet, avec ses myst\u00e8res \u00e0 m\u00e9diter, accompagne les croyants dans leur cheminement spirituel, les aidant \u00e0 contempler J\u00e9sus, son fils, \u00e0 travers le prisme de la Vierge Marie. Cette affection envers Marie se manifeste dans les lieux saints comme le sanctuaire de Lourdes, o\u00f9 les fid\u00e8les convergent pour rechercher r\u00e9confort et gu\u00e9rison, symbolisant la forte connexion entre la foi catholique et la d\u00e9votion mariale. Les \u00e9crits \u00e9clairants d\u2019\u00e9minents th\u00e9ologiens comme Leli\u00e8vre et Hubert fournissent une r\u00e9flexion pr\u00e9cieuse sur l\u2019importance de la pri\u00e8re \u00e0 Marie et son impact sur la spiritualit\u00e9 des croyants. Par le biais d\u2019une lecture approfondie de textes religieux et spirituels, les fid\u00e8les \u00e9largissent leur compr\u00e9hension de la d\u00e9votion mariale et d\u00e9veloppent un lien plus fort avec Marie, notre m\u00e8re dans la foi. Dans un monde marqu\u00e9 par la guerre et les conflits, l\u2019invocation de Marie constitue un refuge de tranquillit\u00e9 et d\u2019espoir, invitant chaque personne, quel que soit son statut dans la foi catholique-chr\u00e9tienne, \u00e0 se tourner vers la Vierge Marie avec confiance et ferveur. Prions donc en commun, avec un c\u0153ur humble et sinc\u00e8re, en honorant Marie comme notre m\u00e8re et notre intercesseur, en lui confiant nos v\u0153ux et nos aspirations les plus profondes. Dans cette d\u00e9marche de foi, tout adepte est convi\u00e9 \u00e0 suivre la voie des pri\u00e8res et des d\u00e9sirs du c\u0153ur, guid\u00e9 par le saint P\u00e8re et les ressources spirituelles pr\u00e9cieuses fournies par des plateformes comme Aleteia. Par cons\u00e9quent, avec un c\u0153ur ouvert et une humble confiance, saluons Marie dans notre pri\u00e8re quotidienne, lui demandant son intercession maternelle, et la gr\u00e2ce de pers\u00e9v\u00e9rer dans la pri\u00e8re fervente.<br \/>\nQue notre dialogue avec le sacr\u00e9 devienne notre sanctuaire et notre apaisement dans toutes les circonstances. Que nous nous orientions vers Marie, notre m\u00e8re c\u00e9leste, avec un c\u0153ur ouvert et une foi in\u00e9branlable, convaincus qu\u2019elle plaide en notre faveur devant son fils bien-aim\u00e9. Que notre dialogue avec le divin soit notre guide dans notre qu\u00eate de saintet\u00e9, nous approchant toujours plus de Dieu et de son amour sans limites.<\/p>\n<p>Publications:<\/p>\n<p>Un c\u0153ur vierge\/25.,<a target=\"_blank\" rel=\"nofollow\" href=\"https:\/\/editionsbussiere.com\/blog\/goto\/https:\/\/fr.wikisource.org\/wiki\/Un_c%C5%93ur_vierge\/25\"  target=\"_blank\" rel=\"noopener noreferrer nofollow\">L\u2019article de presse.<\/a><span><\/span><\/p>\n<p>Lettres famili\u00e8res \u00e9crites d\u2019Italie T.1\/Observations sur quelques tableaux de Bologne.,<a target=\"_blank\" rel=\"nofollow\" href=\"https:\/\/editionsbussiere.com\/blog\/goto\/https:\/\/fr.wikisource.org\/wiki\/Lettres_famili%C3%A8res_%C3%A9crites_d%E2%80%99Italie_T.1\/Observations_sur_quelques_tableaux_de_Bologne\"  target=\"_blank\" rel=\"noopener noreferrer nofollow\">Cliquer ICI.<\/a><span><\/span><\/p>\n<p>Les Mages (Verhaeren).,<a target=\"_blank\" rel=\"nofollow\" href=\"https:\/\/editionsbussiere.com\/blog\/goto\/https:\/\/fr.wikisource.org\/wiki\/Les_Mages_(Verhaeren)\"  target=\"_blank\" rel=\"noopener noreferrer nofollow\">A lire ici.<\/a><span><\/span>. Suite sur le prochain article.<\/p>\n<p>Le Dialogue (Hurtaud)\/149.,<a target=\"_blank\" rel=\"nofollow\" href=\"https:\/\/editionsbussiere.com\/blog\/goto\/https:\/\/fr.wikisource.org\/wiki\/Le_Dialogue_(Hurtaud)\/149\"  target=\"_blank\" rel=\"noopener noreferrer nofollow\">Le dossier.<\/a><span><\/span>. Suite sur le prochain article.<\/p>\n<p>La Basilique.,<a target=\"_blank\" rel=\"nofollow\" href=\"https:\/\/editionsbussiere.com\/blog\/goto\/https:\/\/fr.wikisource.org\/wiki\/La_Basilique\"  target=\"_blank\" rel=\"noopener noreferrer nofollow\">Ici.<\/a><span><\/span><\/p>\n<p>Cinq Pri\u00e8res pour le temps de la guerre\/De la m\u00e8re d\u2019un soldat.,<a target=\"_blank\" rel=\"nofollow\" href=\"https:\/\/editionsbussiere.com\/blog\/goto\/https:\/\/fr.wikisource.org\/wiki\/Cinq_Pri%C3%A8res_pour_le_temps_de_la_guerre\/De_la_m%C3%A8re_d%E2%80%99un_soldat\"  target=\"_blank\" rel=\"noopener noreferrer nofollow\">Cliquer ICI.<\/a><span><\/span><\/p>\n<\/div>\n<p><img decoding=\"async\" class=\"wpe_imgrss\" src=\"https:\/\/editionsbussiere.com\/blog\/wp-content\/uploads\/2024\/09\/LAssociation-chretienne-Mangalorean-Konkan-USA-celebre-Monti-Fest-2024.jpg\">Cet article a \u00e9t\u00e9 reconstitu\u00e9 du mieux possible. Dans l\u2019hypoth\u00e8se o\u00f9 vous souhaitez apporter quelques modifications concernant le th\u00e8me \u00ab\u00a0Editions \u00e9sot\u00e9rique fond\u00e9e en 1927\u00a0\u00bb, il est possible de discuter avec notre r\u00e9daction. Vous pouvez tirer profit de cet article traitant le sujet \u00ab\u00a0Editions \u00e9sot\u00e9rique fond\u00e9e en 1927\u00a0\u00bb. Il est concoct\u00e9 par l\u2019\u00e9quipe editionsbussiere.com. Le site editionsbussiere.com est fait pour cr\u00e9er divers posts autour du th\u00e8me Editions \u00e9sot\u00e9rique fond\u00e9e en 1927 d\u00e9velopp\u00e9es sur internet. Consultez notre site internet editionsbussiere.com et nos r\u00e9seaux sociaux pour \u00eatre au courant des futures annonces.<\/p>\n","protected":false},"excerpt":{"rendered":"<p>Communiqu\u00e9 de presse Chicago, 10 septembre : L\u2019association chr\u00e9tienne Mangalorean Konkan a c\u00e9l\u00e9br\u00e9 sa 22e \u00e9dition annuelle du Monti Fest au St Hubert\u2019s Church Hall \u00e0 Hoffman Estates, dans l\u2019Illinois. La c\u00e9l\u00e9bration du Monti Fest est unique \u00e0 la communaut\u00e9 Mangalurean. Ce festival est similaire \u00e0 Thanksgiving aux \u00c9tats-Unis et en Inde, il est c\u00e9l\u00e9br\u00e9 [&hellip;]<\/p>\n","protected":false},"author":3,"featured_media":1298,"comment_status":"closed","ping_status":"closed","sticky":false,"template":"","format":"standard","meta":{"footnotes":""},"categories":[3],"tags":[],"class_list":["post-1297","post","type-post","status-publish","format-standard","has-post-thumbnail","hentry","category-editions-esoterique-fondee-en-1927-depeches","entry","fw-tab-6 fw-tabr-4","has-featured-image"],"yoast_head":"<!-- This site is optimized with the Yoast SEO plugin v27.5 - https:\/\/yoast.com\/product\/yoast-seo-wordpress\/ -->\n<title>L\u2019Association chr\u00e9tienne Mangalorean Konkan USA c\u00e9l\u00e8bre Monti Fest -2024 &amp; adresser ses pri\u00e8res \u00e0 la Vierge Marie. - EDITIONSBUSSIERE<\/title>\n<meta name=\"robots\" content=\"index, follow, max-snippet:-1, max-image-preview:large, max-video-preview:-1\" \/>\n<link rel=\"canonical\" href=\"https:\/\/editionsbussiere.com\/blog\/lassociation-chretienne-mangalorean-konkan-usa-celebre-monti-fest-2024-adresser-ses-prieres-a-la-vierge-marie\/\" \/>\n<meta property=\"og:locale\" content=\"fr_FR\" \/>\n<meta property=\"og:type\" content=\"article\" \/>\n<meta property=\"og:title\" content=\"L\u2019Association chr\u00e9tienne Mangalorean Konkan USA c\u00e9l\u00e8bre Monti Fest -2024 &amp; adresser ses pri\u00e8res \u00e0 la Vierge Marie. - EDITIONSBUSSIERE\" \/>\n<meta property=\"og:description\" content=\"Communiqu\u00e9 de presse Chicago, 10 septembre : L\u2019association chr\u00e9tienne Mangalorean Konkan a c\u00e9l\u00e9br\u00e9 sa 22e \u00e9dition annuelle du Monti Fest au St Hubert\u2019s Church Hall \u00e0 Hoffman Estates, dans l\u2019Illinois. La c\u00e9l\u00e9bration du Monti Fest est unique \u00e0 la communaut\u00e9 Mangalurean. Ce festival est similaire \u00e0 Thanksgiving aux \u00c9tats-Unis et en Inde, il est c\u00e9l\u00e9br\u00e9 [&hellip;]\" \/>\n<meta property=\"og:url\" content=\"https:\/\/editionsbussiere.com\/blog\/lassociation-chretienne-mangalorean-konkan-usa-celebre-monti-fest-2024-adresser-ses-prieres-a-la-vierge-marie\/\" \/>\n<meta property=\"og:site_name\" content=\"EDITIONSBUSSIERE\" \/>\n<meta property=\"article:published_time\" content=\"2024-09-10T07:41:19+00:00\" \/>\n<meta property=\"og:image\" content=\"https:\/\/editionsbussiere.com\/blog\/wp-content\/uploads\/2024\/09\/LAssociation-chretienne-Mangalorean-Konkan-USA-celebre-Monti-Fest-2024.jpg\" \/>\n<meta name=\"author\" content=\"Marie BATICLE\" \/>\n<meta name=\"twitter:card\" content=\"summary_large_image\" \/>\n<meta name=\"twitter:label1\" content=\"\u00c9crit par\" \/>\n\t<meta name=\"twitter:data1\" content=\"Marie BATICLE\" \/>\n\t<meta name=\"twitter:label2\" content=\"Dur\u00e9e de lecture estim\u00e9e\" \/>\n\t<meta name=\"twitter:data2\" content=\"11 minutes\" \/>\n<script type=\"application\/ld+json\" class=\"yoast-schema-graph\">{\"@context\":\"https:\\\/\\\/schema.org\",\"@graph\":[{\"@type\":\"Article\",\"@id\":\"https:\\\/\\\/editionsbussiere.com\\\/blog\\\/lassociation-chretienne-mangalorean-konkan-usa-celebre-monti-fest-2024-adresser-ses-prieres-a-la-vierge-marie\\\/#article\",\"isPartOf\":{\"@id\":\"https:\\\/\\\/editionsbussiere.com\\\/blog\\\/lassociation-chretienne-mangalorean-konkan-usa-celebre-monti-fest-2024-adresser-ses-prieres-a-la-vierge-marie\\\/\"},\"author\":{\"name\":\"Marie BATICLE\",\"@id\":\"https:\\\/\\\/editionsbussiere.com\\\/blog\\\/#\\\/schema\\\/person\\\/ec90e102792148c97e46ab871010dd8f\"},\"headline\":\"L\u2019Association chr\u00e9tienne Mangalorean Konkan USA c\u00e9l\u00e8bre Monti Fest -2024 &amp; adresser ses pri\u00e8res \u00e0 la Vierge Marie.\",\"datePublished\":\"2024-09-10T07:41:19+00:00\",\"mainEntityOfPage\":{\"@id\":\"https:\\\/\\\/editionsbussiere.com\\\/blog\\\/lassociation-chretienne-mangalorean-konkan-usa-celebre-monti-fest-2024-adresser-ses-prieres-a-la-vierge-marie\\\/\"},\"wordCount\":2214,\"publisher\":{\"@id\":\"https:\\\/\\\/editionsbussiere.com\\\/blog\\\/#organization\"},\"image\":{\"@id\":\"https:\\\/\\\/editionsbussiere.com\\\/blog\\\/lassociation-chretienne-mangalorean-konkan-usa-celebre-monti-fest-2024-adresser-ses-prieres-a-la-vierge-marie\\\/#primaryimage\"},\"thumbnailUrl\":\"https:\\\/\\\/editionsbussiere.com\\\/blog\\\/wp-content\\\/uploads\\\/2024\\\/09\\\/LAssociation-chretienne-Mangalorean-Konkan-USA-celebre-Monti-Fest-2024.jpg\",\"articleSection\":[\"Editions \u00c9sot\u00e9rique Fond\u00e9e En 1927; D\u00e9p\u00e8ches:\"],\"inLanguage\":\"fr-FR\"},{\"@type\":\"WebPage\",\"@id\":\"https:\\\/\\\/editionsbussiere.com\\\/blog\\\/lassociation-chretienne-mangalorean-konkan-usa-celebre-monti-fest-2024-adresser-ses-prieres-a-la-vierge-marie\\\/\",\"url\":\"https:\\\/\\\/editionsbussiere.com\\\/blog\\\/lassociation-chretienne-mangalorean-konkan-usa-celebre-monti-fest-2024-adresser-ses-prieres-a-la-vierge-marie\\\/\",\"name\":\"L\u2019Association chr\u00e9tienne Mangalorean Konkan USA c\u00e9l\u00e8bre Monti Fest -2024 &amp; adresser ses pri\u00e8res \u00e0 la Vierge Marie. - EDITIONSBUSSIERE\",\"isPartOf\":{\"@id\":\"https:\\\/\\\/editionsbussiere.com\\\/blog\\\/#website\"},\"primaryImageOfPage\":{\"@id\":\"https:\\\/\\\/editionsbussiere.com\\\/blog\\\/lassociation-chretienne-mangalorean-konkan-usa-celebre-monti-fest-2024-adresser-ses-prieres-a-la-vierge-marie\\\/#primaryimage\"},\"image\":{\"@id\":\"https:\\\/\\\/editionsbussiere.com\\\/blog\\\/lassociation-chretienne-mangalorean-konkan-usa-celebre-monti-fest-2024-adresser-ses-prieres-a-la-vierge-marie\\\/#primaryimage\"},\"thumbnailUrl\":\"https:\\\/\\\/editionsbussiere.com\\\/blog\\\/wp-content\\\/uploads\\\/2024\\\/09\\\/LAssociation-chretienne-Mangalorean-Konkan-USA-celebre-Monti-Fest-2024.jpg\",\"datePublished\":\"2024-09-10T07:41:19+00:00\",\"breadcrumb\":{\"@id\":\"https:\\\/\\\/editionsbussiere.com\\\/blog\\\/lassociation-chretienne-mangalorean-konkan-usa-celebre-monti-fest-2024-adresser-ses-prieres-a-la-vierge-marie\\\/#breadcrumb\"},\"inLanguage\":\"fr-FR\",\"potentialAction\":[{\"@type\":\"ReadAction\",\"target\":[\"https:\\\/\\\/editionsbussiere.com\\\/blog\\\/lassociation-chretienne-mangalorean-konkan-usa-celebre-monti-fest-2024-adresser-ses-prieres-a-la-vierge-marie\\\/\"]}]},{\"@type\":\"ImageObject\",\"inLanguage\":\"fr-FR\",\"@id\":\"https:\\\/\\\/editionsbussiere.com\\\/blog\\\/lassociation-chretienne-mangalorean-konkan-usa-celebre-monti-fest-2024-adresser-ses-prieres-a-la-vierge-marie\\\/#primaryimage\",\"url\":\"https:\\\/\\\/editionsbussiere.com\\\/blog\\\/wp-content\\\/uploads\\\/2024\\\/09\\\/LAssociation-chretienne-Mangalorean-Konkan-USA-celebre-Monti-Fest-2024.jpg\",\"contentUrl\":\"https:\\\/\\\/editionsbussiere.com\\\/blog\\\/wp-content\\\/uploads\\\/2024\\\/09\\\/LAssociation-chretienne-Mangalorean-Konkan-USA-celebre-Monti-Fest-2024.jpg\",\"width\":640,\"height\":480,\"caption\":\"LAssociation chretienne Mangalorean Konkan USA celebre Monti Fest 2024\"},{\"@type\":\"BreadcrumbList\",\"@id\":\"https:\\\/\\\/editionsbussiere.com\\\/blog\\\/lassociation-chretienne-mangalorean-konkan-usa-celebre-monti-fest-2024-adresser-ses-prieres-a-la-vierge-marie\\\/#breadcrumb\",\"itemListElement\":[{\"@type\":\"ListItem\",\"position\":1,\"name\":\"Accueil\",\"item\":\"https:\\\/\\\/editionsbussiere.com\\\/blog\\\/\"},{\"@type\":\"ListItem\",\"position\":2,\"name\":\"L\u2019Association chr\u00e9tienne Mangalorean Konkan USA c\u00e9l\u00e8bre Monti Fest -2024 &amp; adresser ses pri\u00e8res \u00e0 la Vierge Marie.\"}]},{\"@type\":\"WebSite\",\"@id\":\"https:\\\/\\\/editionsbussiere.com\\\/blog\\\/#website\",\"url\":\"https:\\\/\\\/editionsbussiere.com\\\/blog\\\/\",\"name\":\"EDITIONSBUSSIERE\",\"description\":\"Editions \u00e9sot\u00e9rique fond\u00e9e en 1927; site historique, A SAVOIR ET RETENIR.\",\"publisher\":{\"@id\":\"https:\\\/\\\/editionsbussiere.com\\\/blog\\\/#organization\"},\"potentialAction\":[{\"@type\":\"SearchAction\",\"target\":{\"@type\":\"EntryPoint\",\"urlTemplate\":\"https:\\\/\\\/editionsbussiere.com\\\/blog\\\/?s={search_term_string}\"},\"query-input\":{\"@type\":\"PropertyValueSpecification\",\"valueRequired\":true,\"valueName\":\"search_term_string\"}}],\"inLanguage\":\"fr-FR\"},{\"@type\":\"Organization\",\"@id\":\"https:\\\/\\\/editionsbussiere.com\\\/blog\\\/#organization\",\"name\":\"editionsbussiere\",\"url\":\"https:\\\/\\\/editionsbussiere.com\\\/blog\\\/\",\"logo\":{\"@type\":\"ImageObject\",\"inLanguage\":\"fr-FR\",\"@id\":\"https:\\\/\\\/editionsbussiere.com\\\/blog\\\/#\\\/schema\\\/logo\\\/image\\\/\",\"url\":\"https:\\\/\\\/editionsbussiere.com\\\/blog\\\/wp-content\\\/uploads\\\/2023\\\/09\\\/cropped-buss.gif\",\"contentUrl\":\"https:\\\/\\\/editionsbussiere.com\\\/blog\\\/wp-content\\\/uploads\\\/2023\\\/09\\\/cropped-buss.gif\",\"width\":298,\"height\":120,\"caption\":\"editionsbussiere\"},\"image\":{\"@id\":\"https:\\\/\\\/editionsbussiere.com\\\/blog\\\/#\\\/schema\\\/logo\\\/image\\\/\"}},{\"@type\":\"Person\",\"@id\":\"https:\\\/\\\/editionsbussiere.com\\\/blog\\\/#\\\/schema\\\/person\\\/ec90e102792148c97e46ab871010dd8f\",\"name\":\"Marie BATICLE\",\"image\":{\"@type\":\"ImageObject\",\"inLanguage\":\"fr-FR\",\"@id\":\"https:\\\/\\\/secure.gravatar.com\\\/avatar\\\/c923e52403b1b8137e2d929127211d21967e6aecaa053bd43b09da29f212e76e?s=96&d=mm&r=g\",\"url\":\"https:\\\/\\\/secure.gravatar.com\\\/avatar\\\/c923e52403b1b8137e2d929127211d21967e6aecaa053bd43b09da29f212e76e?s=96&d=mm&r=g\",\"contentUrl\":\"https:\\\/\\\/secure.gravatar.com\\\/avatar\\\/c923e52403b1b8137e2d929127211d21967e6aecaa053bd43b09da29f212e76e?s=96&d=mm&r=g\",\"caption\":\"Marie BATICLE\"},\"url\":\"https:\\\/\\\/editionsbussiere.com\\\/blog\\\/author\\\/eremarie\\\/\"}]}<\/script>\n<!-- \/ Yoast SEO plugin. -->","yoast_head_json":{"title":"L\u2019Association chr\u00e9tienne Mangalorean Konkan USA c\u00e9l\u00e8bre Monti Fest -2024 &amp; adresser ses pri\u00e8res \u00e0 la Vierge Marie. - EDITIONSBUSSIERE","robots":{"index":"index","follow":"follow","max-snippet":"max-snippet:-1","max-image-preview":"max-image-preview:large","max-video-preview":"max-video-preview:-1"},"canonical":"https:\/\/editionsbussiere.com\/blog\/lassociation-chretienne-mangalorean-konkan-usa-celebre-monti-fest-2024-adresser-ses-prieres-a-la-vierge-marie\/","og_locale":"fr_FR","og_type":"article","og_title":"L\u2019Association chr\u00e9tienne Mangalorean Konkan USA c\u00e9l\u00e8bre Monti Fest -2024 &amp; adresser ses pri\u00e8res \u00e0 la Vierge Marie. - EDITIONSBUSSIERE","og_description":"Communiqu\u00e9 de presse Chicago, 10 septembre : L\u2019association chr\u00e9tienne Mangalorean Konkan a c\u00e9l\u00e9br\u00e9 sa 22e \u00e9dition annuelle du Monti Fest au St Hubert\u2019s Church Hall \u00e0 Hoffman Estates, dans l\u2019Illinois. La c\u00e9l\u00e9bration du Monti Fest est unique \u00e0 la communaut\u00e9 Mangalurean. Ce festival est similaire \u00e0 Thanksgiving aux \u00c9tats-Unis et en Inde, il est c\u00e9l\u00e9br\u00e9 [&hellip;]","og_url":"https:\/\/editionsbussiere.com\/blog\/lassociation-chretienne-mangalorean-konkan-usa-celebre-monti-fest-2024-adresser-ses-prieres-a-la-vierge-marie\/","og_site_name":"EDITIONSBUSSIERE","article_published_time":"2024-09-10T07:41:19+00:00","og_image":[{"url":"https:\/\/editionsbussiere.com\/blog\/wp-content\/uploads\/2024\/09\/LAssociation-chretienne-Mangalorean-Konkan-USA-celebre-Monti-Fest-2024.jpg","type":"","width":"","height":""}],"author":"Marie BATICLE","twitter_card":"summary_large_image","twitter_misc":{"\u00c9crit par":"Marie BATICLE","Dur\u00e9e de lecture estim\u00e9e":"11 minutes"},"schema":{"@context":"https:\/\/schema.org","@graph":[{"@type":"Article","@id":"https:\/\/editionsbussiere.com\/blog\/lassociation-chretienne-mangalorean-konkan-usa-celebre-monti-fest-2024-adresser-ses-prieres-a-la-vierge-marie\/#article","isPartOf":{"@id":"https:\/\/editionsbussiere.com\/blog\/lassociation-chretienne-mangalorean-konkan-usa-celebre-monti-fest-2024-adresser-ses-prieres-a-la-vierge-marie\/"},"author":{"name":"Marie BATICLE","@id":"https:\/\/editionsbussiere.com\/blog\/#\/schema\/person\/ec90e102792148c97e46ab871010dd8f"},"headline":"L\u2019Association chr\u00e9tienne Mangalorean Konkan USA c\u00e9l\u00e8bre Monti Fest -2024 &amp; adresser ses pri\u00e8res \u00e0 la Vierge Marie.","datePublished":"2024-09-10T07:41:19+00:00","mainEntityOfPage":{"@id":"https:\/\/editionsbussiere.com\/blog\/lassociation-chretienne-mangalorean-konkan-usa-celebre-monti-fest-2024-adresser-ses-prieres-a-la-vierge-marie\/"},"wordCount":2214,"publisher":{"@id":"https:\/\/editionsbussiere.com\/blog\/#organization"},"image":{"@id":"https:\/\/editionsbussiere.com\/blog\/lassociation-chretienne-mangalorean-konkan-usa-celebre-monti-fest-2024-adresser-ses-prieres-a-la-vierge-marie\/#primaryimage"},"thumbnailUrl":"https:\/\/editionsbussiere.com\/blog\/wp-content\/uploads\/2024\/09\/LAssociation-chretienne-Mangalorean-Konkan-USA-celebre-Monti-Fest-2024.jpg","articleSection":["Editions \u00c9sot\u00e9rique Fond\u00e9e En 1927; D\u00e9p\u00e8ches:"],"inLanguage":"fr-FR"},{"@type":"WebPage","@id":"https:\/\/editionsbussiere.com\/blog\/lassociation-chretienne-mangalorean-konkan-usa-celebre-monti-fest-2024-adresser-ses-prieres-a-la-vierge-marie\/","url":"https:\/\/editionsbussiere.com\/blog\/lassociation-chretienne-mangalorean-konkan-usa-celebre-monti-fest-2024-adresser-ses-prieres-a-la-vierge-marie\/","name":"L\u2019Association chr\u00e9tienne Mangalorean Konkan USA c\u00e9l\u00e8bre Monti Fest -2024 &amp; adresser ses pri\u00e8res \u00e0 la Vierge Marie. - EDITIONSBUSSIERE","isPartOf":{"@id":"https:\/\/editionsbussiere.com\/blog\/#website"},"primaryImageOfPage":{"@id":"https:\/\/editionsbussiere.com\/blog\/lassociation-chretienne-mangalorean-konkan-usa-celebre-monti-fest-2024-adresser-ses-prieres-a-la-vierge-marie\/#primaryimage"},"image":{"@id":"https:\/\/editionsbussiere.com\/blog\/lassociation-chretienne-mangalorean-konkan-usa-celebre-monti-fest-2024-adresser-ses-prieres-a-la-vierge-marie\/#primaryimage"},"thumbnailUrl":"https:\/\/editionsbussiere.com\/blog\/wp-content\/uploads\/2024\/09\/LAssociation-chretienne-Mangalorean-Konkan-USA-celebre-Monti-Fest-2024.jpg","datePublished":"2024-09-10T07:41:19+00:00","breadcrumb":{"@id":"https:\/\/editionsbussiere.com\/blog\/lassociation-chretienne-mangalorean-konkan-usa-celebre-monti-fest-2024-adresser-ses-prieres-a-la-vierge-marie\/#breadcrumb"},"inLanguage":"fr-FR","potentialAction":[{"@type":"ReadAction","target":["https:\/\/editionsbussiere.com\/blog\/lassociation-chretienne-mangalorean-konkan-usa-celebre-monti-fest-2024-adresser-ses-prieres-a-la-vierge-marie\/"]}]},{"@type":"ImageObject","inLanguage":"fr-FR","@id":"https:\/\/editionsbussiere.com\/blog\/lassociation-chretienne-mangalorean-konkan-usa-celebre-monti-fest-2024-adresser-ses-prieres-a-la-vierge-marie\/#primaryimage","url":"https:\/\/editionsbussiere.com\/blog\/wp-content\/uploads\/2024\/09\/LAssociation-chretienne-Mangalorean-Konkan-USA-celebre-Monti-Fest-2024.jpg","contentUrl":"https:\/\/editionsbussiere.com\/blog\/wp-content\/uploads\/2024\/09\/LAssociation-chretienne-Mangalorean-Konkan-USA-celebre-Monti-Fest-2024.jpg","width":640,"height":480,"caption":"LAssociation chretienne Mangalorean Konkan USA celebre Monti Fest 2024"},{"@type":"BreadcrumbList","@id":"https:\/\/editionsbussiere.com\/blog\/lassociation-chretienne-mangalorean-konkan-usa-celebre-monti-fest-2024-adresser-ses-prieres-a-la-vierge-marie\/#breadcrumb","itemListElement":[{"@type":"ListItem","position":1,"name":"Accueil","item":"https:\/\/editionsbussiere.com\/blog\/"},{"@type":"ListItem","position":2,"name":"L\u2019Association chr\u00e9tienne Mangalorean Konkan USA c\u00e9l\u00e8bre Monti Fest -2024 &amp; adresser ses pri\u00e8res \u00e0 la Vierge Marie."}]},{"@type":"WebSite","@id":"https:\/\/editionsbussiere.com\/blog\/#website","url":"https:\/\/editionsbussiere.com\/blog\/","name":"EDITIONSBUSSIERE","description":"Editions \u00e9sot\u00e9rique fond\u00e9e en 1927; site historique, A SAVOIR ET RETENIR.","publisher":{"@id":"https:\/\/editionsbussiere.com\/blog\/#organization"},"potentialAction":[{"@type":"SearchAction","target":{"@type":"EntryPoint","urlTemplate":"https:\/\/editionsbussiere.com\/blog\/?s={search_term_string}"},"query-input":{"@type":"PropertyValueSpecification","valueRequired":true,"valueName":"search_term_string"}}],"inLanguage":"fr-FR"},{"@type":"Organization","@id":"https:\/\/editionsbussiere.com\/blog\/#organization","name":"editionsbussiere","url":"https:\/\/editionsbussiere.com\/blog\/","logo":{"@type":"ImageObject","inLanguage":"fr-FR","@id":"https:\/\/editionsbussiere.com\/blog\/#\/schema\/logo\/image\/","url":"https:\/\/editionsbussiere.com\/blog\/wp-content\/uploads\/2023\/09\/cropped-buss.gif","contentUrl":"https:\/\/editionsbussiere.com\/blog\/wp-content\/uploads\/2023\/09\/cropped-buss.gif","width":298,"height":120,"caption":"editionsbussiere"},"image":{"@id":"https:\/\/editionsbussiere.com\/blog\/#\/schema\/logo\/image\/"}},{"@type":"Person","@id":"https:\/\/editionsbussiere.com\/blog\/#\/schema\/person\/ec90e102792148c97e46ab871010dd8f","name":"Marie BATICLE","image":{"@type":"ImageObject","inLanguage":"fr-FR","@id":"https:\/\/secure.gravatar.com\/avatar\/c923e52403b1b8137e2d929127211d21967e6aecaa053bd43b09da29f212e76e?s=96&d=mm&r=g","url":"https:\/\/secure.gravatar.com\/avatar\/c923e52403b1b8137e2d929127211d21967e6aecaa053bd43b09da29f212e76e?s=96&d=mm&r=g","contentUrl":"https:\/\/secure.gravatar.com\/avatar\/c923e52403b1b8137e2d929127211d21967e6aecaa053bd43b09da29f212e76e?s=96&d=mm&r=g","caption":"Marie BATICLE"},"url":"https:\/\/editionsbussiere.com\/blog\/author\/eremarie\/"}]}},"_links":{"self":[{"href":"https:\/\/editionsbussiere.com\/blog\/wp-json\/wp\/v2\/posts\/1297","targetHints":{"allow":["GET"]}}],"collection":[{"href":"https:\/\/editionsbussiere.com\/blog\/wp-json\/wp\/v2\/posts"}],"about":[{"href":"https:\/\/editionsbussiere.com\/blog\/wp-json\/wp\/v2\/types\/post"}],"author":[{"embeddable":true,"href":"https:\/\/editionsbussiere.com\/blog\/wp-json\/wp\/v2\/users\/3"}],"replies":[{"embeddable":true,"href":"https:\/\/editionsbussiere.com\/blog\/wp-json\/wp\/v2\/comments?post=1297"}],"version-history":[{"count":0,"href":"https:\/\/editionsbussiere.com\/blog\/wp-json\/wp\/v2\/posts\/1297\/revisions"}],"wp:featuredmedia":[{"embeddable":true,"href":"https:\/\/editionsbussiere.com\/blog\/wp-json\/wp\/v2\/media\/1298"}],"wp:attachment":[{"href":"https:\/\/editionsbussiere.com\/blog\/wp-json\/wp\/v2\/media?parent=1297"}],"wp:term":[{"taxonomy":"category","embeddable":true,"href":"https:\/\/editionsbussiere.com\/blog\/wp-json\/wp\/v2\/categories?post=1297"},{"taxonomy":"post_tag","embeddable":true,"href":"https:\/\/editionsbussiere.com\/blog\/wp-json\/wp\/v2\/tags?post=1297"}],"curies":[{"name":"wp","href":"https:\/\/api.w.org\/{rel}","templated":true}]}}