{"id":1271,"date":"2024-09-05T18:49:35","date_gmt":"2024-09-05T16:49:35","guid":{"rendered":"https:\/\/editionsbussiere.com\/blog\/deces-de-la-soeur-de-la-misericorde-mary-ellen-brodie-a-91-ans-priere-pour-commencer-la-journee\/"},"modified":"2024-09-05T18:49:35","modified_gmt":"2024-09-05T16:49:35","slug":"deces-de-la-soeur-de-la-misericorde-mary-ellen-brodie-a-91-ans-priere-pour-commencer-la-journee","status":"publish","type":"post","link":"https:\/\/editionsbussiere.com\/blog\/deces-de-la-soeur-de-la-misericorde-mary-ellen-brodie-a-91-ans-priere-pour-commencer-la-journee\/","title":{"rendered":"D\u00e9c\u00e8s de la s\u0153ur de la Mis\u00e9ricorde Mary Ellen Brodie \u00e0 91 ans\n &amp; pri\u00e8re pour commencer la journ\u00e9e."},"content":{"rendered":"<div><img width=\"580\" height=\"387\" src=\"https:\/\/editionsbussiere.com\/blog\/wp-content\/uploads\/2024\/09\/Deces-de-la-soeur-de-la-Misericorde-Mary-Ellen-Brodie.jpg\" class=\"attachment-large size-large wp-post-image\" alt=\"D\u00e9c\u00e8s de la s\u0153ur de la Mis\u00e9ricorde Mary Ellen Brodie\" style=\"float:left; margin:0 15px 15px 0;\" decoding=\"async\" srcset=\"https:\/\/editionsbussiere.com\/blog\/wp-content\/uploads\/2024\/09\/Deces-de-la-soeur-de-la-Misericorde-Mary-Ellen-Brodie.jpg 900w, https:\/\/www.n42.fr\/wp-content\/uploads\/2024\/09\/Deces-de-la-soeur-de-la-Misericorde-Mary-Ellen-Brodie-300x200.jpg 300w, https:\/\/www.n42.fr\/wp-content\/uploads\/2024\/09\/Deces-de-la-soeur-de-la-Misericorde-Mary-Ellen-Brodie-768x512.jpg 768w\" sizes=\"(max-width: 580px) 100vw, 580px\"><\/p>\n<p>\n<\/p>\n<div>\n<p>Une messe fun\u00e9raire pour S\u0153ur de la Mis\u00e9ricorde Mary Ellen Brodie (anciennement connue sous le nom de S\u0153ur Martin Marie) a \u00e9t\u00e9 c\u00e9l\u00e9br\u00e9e le 4 septembre \u00e0 l\u2019Immacul\u00e9e C\u0153ur de Marie \u00e0 Baynesville. S\u0153ur Mary Ellen est d\u00e9c\u00e9d\u00e9e le 25 ao\u00fbt. Elle avait 91 ans et \u00e9tait S\u0153ur de la Mis\u00e9ricorde depuis 72 ans. <\/p>\n<p>N\u00e9e et \u00e9lev\u00e9e \u00e0 Washington, DC, elle entra dans la vie religieuse en 1952 au noviciat des S\u0153urs de la Mis\u00e9ricorde \u00e0 Mount Washington. Elle pronon\u00e7a ses v\u0153ux perp\u00e9tuels en 1957.<\/p>\n<p>S\u0153ur Mary Ellen a obtenu une licence en \u00e9ducation \u00e9l\u00e9mentaire au Mount St. Agnes College de Baltimore et une ma\u00eetrise en \u00e9ducation de ce qui est aujourd\u2019hui l\u2019universit\u00e9 Loyola du Maryland \u00e0 Baltimore. Elle a enseign\u00e9 \u00e0 l\u2019\u00e9cole \u00e9l\u00e9mentaire St. Peter de Baltimore et a \u00e9t\u00e9 enseignante pendant 33 ans \u00e0 l\u2019\u00e9cole Immaculate Heart of Mary de Baynesville. Ailleurs, elle a enseign\u00e9 en G\u00e9orgie, en Virginie et dans l\u2019archidioc\u00e8se de Washington. <\/p>\n<p>Apr\u00e8s avoir pris sa retraite du minist\u00e8re \u00e0 plein temps, S\u0153ur Mary Ellen a continu\u00e9 \u00e0 travailler comme b\u00e9n\u00e9vole aupr\u00e8s des enfants d\u2019Immacul\u00e9e C\u0153ur de Marie et a \u00e9galement pass\u00e9 de nombreuses heures de b\u00e9n\u00e9volat \u00e0 la Villa de Baltimore, offrant r\u00e9confort et compagnie aux s\u0153urs \u00e2g\u00e9es de l\u2019endroit. <\/p>\n<section class=\"ab-block-post-grid featuredpost aligncenter\">\n<h2 class=\"ab-post-grid-section-title\">Plus de n\u00e9crologies<\/h2>\n<\/section>\n<p class=\"post-copyright\">Droits d\u2019auteur \u00a9 2024 Catholic Review Media<\/p>\n<p class=\"print-friendly\"><img decoding=\"async\" class=\"WP-PrintIcon\" src=\"https:\/\/editionsbussiere.com\/blog\/wp-content\/uploads\/2024\/09\/printer_famfamfam.gif\" alt=\"Imprimer\" title=\"Imprimer\" style=\"border: 0px;\"> Imprimer<\/p>\n<p>\t\t\t<!--<rdf:RDF xmlns:rdf=\"http:\/\/www.w3.org\/1999\/02\/22-rdf-syntax-ns#\"\n\t\t\txmlns:dc=\"http:\/\/purl.org\/dc\/elements\/1.1\/\"\n\t\t\txmlns:trackback=\"http:\/\/madskills.com\/public\/xml\/rss\/module\/trackback\/\">\n\t\t<rdf:Description rdf:about=\"https:\/\/catholicreview.org\/mercy-sister-mary-ellen-brodie-dies-at-91\/\"\n    dc:identifier=\"https:\/\/catholicreview.org\/mercy-sister-mary-ellen-brodie-dies-at-91\/\"\n    dc:title=\"Mercy Sister Mary Ellen Brodie dies at 91\"\n    trackback:ping=\"https:\/\/catholicreview.org\/mercy-sister-mary-ellen-brodie-dies-at-91\/trackback\/\" \/>\n<\/rdf:RDF>-->\n<\/p>\n<\/div>\n<h2>Un de supplication intime afin de nous relier avec Dieu. <\/h2>\n<p>Cher P\u00e8re c\u00e9leste, je me pr\u00e9sente devant toi afin que je puisse te remercier pour cette nouvelle journ\u00e9e. Je te glorifie en raison de ton amour et ton engagement envers moi. Je t\u2019implore de me remplir avec ta pr\u00e9sence et de me donner la gr\u00e2ce de ressentir pr\u00e8s de moi pendant toute la dur\u00e9e de cette journ\u00e9e. Je te confie toutes mes soucis, mes joies, mes afflictions, mes envies et mes esp\u00e9rances. Que ton Esprit Saint \u00e9claire mon esprit et renforce ma foi, pour que je puisse marcher dans ta voie et r\u00e9aliser ta volont\u00e9. Donne-moi la gr\u00e2ce de vivre selon la compassion qui tu nous as montr\u00e9 la d\u00e9monstration \u00e0 travers ton Fils bien-aim\u00e9, J\u00e9sus-Christ.<\/p>\n<h3> Note sur compr\u00e9hension : <\/h3>\n<p>La pratique de pri\u00e8re nous entra\u00eene dans la famille divine, dans laquelle le Tout-Puissant le Cr\u00e9ateur nous prend comme ses fils et filles bien-aim\u00e9s. \u00c0 travers cette relation familial, nous rencontrons la puissance et la consolation en vue de affronter les difficult\u00e9s de ce. La pri\u00e8re nous renvoie \u00e0 les paroles du disciple Pierre, celui-ci encourage les chr\u00e9tiennes et les chr\u00e9tiens \u00e0 rester fermes dans foi, m\u00eame en dans le tumulte des \u00e9preuves de ce monde-ci.<\/p>\n<h3>\nRenforcer notre connexion avec J\u00e9sus d\u00e8s le matin<\/h3>\n<p>Nous pouvons m\u00e9diter \u00e0 propos de l\u2019un des nombreux \u00e9vangiles afin de nous connecter avec J\u00e9sus. Par exemple :<\/p>\n<h3>Jean 15, 9-17 : <\/h3>\n<p>\u00ab\u00a0Comme le P\u00e8re m\u2019a aim\u00e9, je vous ai aussi aim\u00e9s. Demeurez dans mon amour. Si vous gardez mes commandements, vous demeurerez dans mon amour, de m\u00eame que j\u2019ai gard\u00e9 les commandements de mon P\u00e8re et que je demeure dans son amour. Je vous ai dit ces choses, afin que ma joie soit en vous, et que votre joie soit parfaite.\u00a0\u00bb<\/p>\n<h2> Demander pardon \u00e0 Dieu en raison de nos p\u00e9ch\u00e9s <\/h2>\n<p>Dieu J\u00e9sus, je me rends te implorer de pardonner mes p\u00e9ch\u00e9s. Je prends conscience que je ne suis pas sans d\u00e9faut et que j\u2019ai besoin de ton mis\u00e9ricorde. Je te demande de me lib\u00e9rer de toute ce qui me d\u00e9tache de toi et de me accorder la gr\u00e2ce pour vivre en harmonie avec ta volont\u00e9. Que ta b\u00e9n\u00e9diction c\u00e9leste illumine les recoins les plus sombres de mon c\u0153ur, purifiant mon \u00eatre et me guidant sur le chemin de la saintet\u00e9. Amen.<\/p>\n<h3> Discussion avec le Seigneur tel que avec un ami. <\/h3>\n<p>Nous pouvons discuter avec Dieu de la m\u00eame mani\u00e8re que \u00e0 un ami proche, lui confier nos joies et nos peines, le Seigneur demander de l\u2019aide dans nos d\u00e9fis quotidiens. Par exemple : Ma\u00eetre, gr\u00e2ce pour cette nouvelle journ\u00e9e. Je viens te implorer m\u2019assister \u00e0 \u00eatre patient \u00e0 l\u2019\u00e9gard de mes enfants et pour me octroyer la force de faire face aux d\u00e9fis de la journ\u00e9e. Je te confie mes projets et mes soucis, et je sollicite de me montrer comment je suis en mesure de te servir et t\u2019honorer aujourd\u2019hui. Accorde-moi, \u00f4 Seigneur, ta sagesse pour que je puisse prendre les bonnes d\u00e9cisions et ton soutien pour traverser les \u00e9preuves avec foi. Amen.<\/p>\n<h3> Un moment de tranquillit\u00e9 pour entendre Dieu. <\/h3>\n<p>Apr\u00e8s cette pri\u00e8re et une m\u00e9ditation, il est important de prendre un bref moment de silence pour \u00e9couter cette voix de Dieu dans nos propres c\u0153urs. Dans ce silence, nous ressentir sa pr\u00e9sence calme et obtenir ses inspirations pour la journ\u00e9e qui vient.<\/p>\n<h3> Se tourner en direction de le Christ afin de d\u00e9couvrir une paix int\u00e9rieure. <\/h3>\n<p>Nous avons la possibilit\u00e9 de prier J\u00e9sus de nous donner sa paix et m\u2019assister nous aider \u00e0 \u00e9couter sa parole. Par exemple :<br \/>\nSeigneur J\u00e9sus, j\u2019arrive te prier de remplir mon propre c\u0153ur par ta tendresse. Je te demande de me d\u00e9livrer de toutes les pens\u00e9es et les diverses inqui\u00e9tudes qui. Aide-moi \u00e0 \u00e9couter ta parole et en vue de la mettre en pratique dans ma vie. Que ton Esprit Saint, \u00f4 Christ, devienne ma force tout au long de cette journ\u00e9e. Amen.<\/p>\n<h3> Achever la pri\u00e8re matinale en offrant notre journ\u00e9e \u00e0 Dieu. <\/h3>\n<p>Nous avons la capacit\u00e9 d\u2019offrir notre journ\u00e9e envers Dieu et lui demander de la remplir de sa pr\u00e9sence et de sa b\u00e9n\u00e9diction. Par exemple :<br \/>\nSeigneur, nous te remets cette journ\u00e9e entre vos mains. Que tous de mes pas soit dirig\u00e9 par ton sagesse, que chacun de mes paroles soit inspir\u00e9e par ton amour. Que toutes mes actions soient accomplies selon ton volont\u00e9, pour ta divine gloire et le bien. Que ton lumi\u00e8re \u00e9claire ma route et \u00e9galement que tu habites mon c\u0153ur. Amen.<\/p>\n<h3> Invocation d\u2019imploration matinale. <\/h3>\n<p>La invocation du matin consiste \u00e0 implorer pour les besoins de nos chr\u00e9tiennes et de tous les chr\u00e9tiens. Nous sommes capables de prier pour les personnes dans le besoin, pour les malades, pour les personnes qui sont souffrent, pour les personnes qui se trouvent confront\u00e9es \u00e0 des difficult\u00e9s, pour les personnes d\u00e9courag\u00e9es et pour les personnes qui dans l\u2019erreur.<\/p>\n<h3> Prier afin de tous individus dans le besoin. <\/p>\n<h3>\n<\/h3>\n<\/h3>\n<p>Divin, dans sa grande mis\u00e9ricorde, tu te supplions en vue de l\u2019ensemble des personnes qui traversent d\u2019innombrables difficult\u00e9s financi\u00e8res. Que vous leur accordes la force et aussi la pers\u00e9v\u00e9rance en vue de surmonter ces \u00e9preuves, ainsi que que lui leur apportes les ressources n\u00e9cessaires en vue de subvenir \u00e0 l\u2019ensemble de leurs besoins. Accorde-leur, Grand, ta providence afin de illuminer leur pas dans l\u2019ombre de leurs soucis financiers.<\/p>\n<p>Nous autres te implorons \u00e9galement pour chaque personnes qui luttent vis-\u00e0-vis de de probl\u00e8mes de sant\u00e9. Que sa main puissante se pose sur elles, Seigneur, pour les gu\u00e9rir et les r\u00e9conforter dans leur douleur. Accorde-leur, \u00f4, la force et aussi le courage afin de faire face \u00e0 leurs d\u00e9fis de sant\u00e9 en ayant confiance en ta divine providence.<\/p>\n<p>Nous te implorons \u00e9galement afin de chaque personnes qui sont confront\u00e9es face \u00e0 des difficult\u00e9s dans leur vie, peu importe ce soit-ce sur le domaine professionnel, relationnel ou encore \u00e9motionnel. Que sa gr\u00e2ce, Seigneur, soit leur soutien ainsi que leur r\u00e9confort dans ces moments d\u2019\u00e9preuve. Accorde-leur, Grand, ton Esprit Saint pour \u00e9clairer leur chemin et les guider vers la s\u00e9r\u00e9nit\u00e9.<\/p>\n<p>Enfin, nous te prions en vue de chacune des personnes qui sont sans-abri, qui sont marginalis\u00e9es et aussi exclues de la soci\u00e9t\u00e9. Que sa mis\u00e9ricorde, Seigneur, se r\u00e9pande sur elles comme une certaine douce ros\u00e9e, leur apportant r\u00e9confort et espoir dans leur d\u00e9tresse. Accorde-leur, Grand, des mains g\u00e9n\u00e9reuses afin de les aider et aussi des c\u0153urs compatissants afin de les accueillir dans leur communaut\u00e9.<\/p>\n<h3> \u00e9claircissement sur la pri\u00e8re du matin. <\/h3>\n<p>Durant la pri\u00e8re, nous \u00e9levons nos \u00e2mes \u00e0 l\u2019\u00e9gard de le Ciel, demandant la lumi\u00e8re de Dieu pour illuminer nos chemins obscurs. Marie, notre m\u00e8re, nous guide dans ce parcours, nous \u00e9duquant \u00e0 m\u00e9diter sur les myst\u00e8res de la vie de son divin enfant. Elle nous m\u00e8ne vers J\u00e9sus, le phare du monde, qui lumine nos t\u00e9n\u00e8bres et nous guide vers la v\u00e9rit\u00e9.<br \/>\nLa supplication nous relie aussi \u00e0 notre famille spirituelle spirituelle, la assembl\u00e9e des croyants, o\u00f9 nous partageons nos all\u00e9gresses et nos afflictions, nos esp\u00e9rances et nos anxi\u00e9t\u00e9s. Unis, nous formons le corps du Christ, d\u00e9sign\u00e9s \u00e0 attester de son amour. Par nos invocations, nous interc\u00e9dons pour les n\u00e9cessit\u00e9s des croyantes et des croyants, offrant notre amour et notre piti\u00e9 \u00e0 ceux qui \u00e9prouvent.<br \/>\nJoignons nos c\u0153urs dans la pri\u00e8re de debut de journ\u00e9e, dans notre esp\u00e9rance, en Marie, la m\u00e8re de notre Seigneur J\u00e9sus-Christ. Dans notre monde tourment\u00e9 par la guerre et la discorde, recourons \u00e0 la pri\u00e8re pour trouver pour retrouver la paix et la r\u00e9conciliation. Tout chr\u00e9tien peut envoyer un message pour la m\u00e8re de dieu <a target=\"_blank\" rel=\"nofollow\" href=\"https:\/\/editionsbussiere.com\/blog\/goto\/https:\/\/www.avemariasound.org\/\" >en nous faisant appel.<\/a> Que nos supplications s\u2019\u00e9l\u00e8vent vers le ciel, comme un hommage re\u00e7u avec faveur \u00e0 Dieu, afin qu\u2019il puisse \u00e9clairer nos pas sur le chemin de la justice et de la v\u00e9rit\u00e9. L\u2019ap\u00f4tre Paul nous dans ses \u00e9p\u00eetres \u00e0 prier sans cesse, en toutes circonstances, afin que notre connexion \u00e0 Dieu reste solide et passionn\u00e9e. La pri\u00e8re, quand elle est sinc\u00e8rement offerte, poss\u00e8de le pouvoir pour changer les c\u0153urs et de modifier le destin de l\u2019histoire.<\/p>\n<h2> \u00c9lever nos proches pri\u00e8res pour nos amis au Seigneur matin.<\/h2>\n<p>La finale section de la pri\u00e8re du matin consiste \u00e0 prier pour nos propres \u00eatres chers, notre famille, nos coll\u00e8gues et nos communaut\u00e9. Nous pouvons prier pour leur bien-\u00eatre, leur prosp\u00e9rit\u00e9, leur tranquillit\u00e9, et leur abondance. Nous pouvons \u00e9galement prier pour nos d\u00e9tracteurs et pour celles qui nous ont l\u00e9s\u00e9s, et demander \u00e0 Dieu de nous aider \u00e0 leur propre pardonner et \u00e0 leur montrer la compassion.<\/p>\n<h3> Prier pour la sant\u00e9 et la s\u00fbret\u00e9 de nos proches.<\/h3>\n<p>Dieu tout-puissant, nous te confions nos familles, nos propres familles avec nos connaissances. Garde, \u00f4 Dieu, sur eux, et sauvegarde -les de tout risque et de toute affliction. Donne, Dieu mis\u00e9ricordieux, une sant\u00e9 du corps avec de l\u2019esprit \u00e0 eux, et la paix dans leur c\u0153ur. Que ta guidance forte les esprits prot\u00e8ge ainsi que les personnes guide tout au long de cette journ\u00e9e, afin qu\u2019ils jouissent dans une s\u00e9curit\u00e9 et la paix.<\/p>\n<p>Nous autres te prions aussi pour nos enfants, Seigneur tout-puissant, pour qu\u2019ils grandissent dans leur foi avec dans l\u2019amour de ton b\u00e9ni nom. Donne, \u00d4 Dieu, une sagesse et le courage n\u00e9cessaires en vue de affronter les \u00e9preuves de la vie, et aussi guide leurs pas le long de le chemin de la v\u00e9rit\u00e9 et aussi de la justice.<\/p>\n<p>Enfin, nous te prions \u00e0 nos amis et aussi nos voisins, Seigneur, afin qu\u2019ils connaissent la joie de ton amour avec la tranquillit\u00e9 de ton pardon. Accorde-leur, cher Dieu, des c\u0153urs pleins de g\u00e9n\u00e9rosit\u00e9 en vue de partager avec ceux qui sont dans le besoin, ainsi que mains ouvertes en vue de accueillir ceux qui seuls et aussi abandonn\u00e9s.<\/p>\n<h3> Prier pour nos ennemis ainsi que ceux qui nous-m\u00eames ont offens\u00e9s. <\/h3>\n<p>\u00d4 Seigneur, J\u00e9sus, nous t\u2019 prions pour les n\u00f4tres ennemis ainsi que pour ceux-ci que nous autres ont offens\u00e9s. Accorde-leur, \u00f4 J\u00e9sus, votre mis\u00e9ricorde et votre pardon, et aussi ouvre leur c\u0153ur \u00e0 la lumi\u00e8re de ta v\u00e9rit\u00e9. Aide-nous, \u00d4 Seigneur, \u00e0 leur montrer de la compassion et aussi \u00e0 leur pardonner comme tu nous-m\u00eames as pardonn\u00e9. Que votre paix r\u00e8gne dans nos c\u0153urs ainsi que que votre amour guide nos actions, pour que nous puissions vivre en harmonie avec tous ceux que nous-m\u00eames entourent.<\/p>\n<h3> Comprendre la pri\u00e8re : <\/h3>\n<p>En conclusion, l\u2019 invocation nous reconna\u00eet notre devoir comme enfant de Dieu : se trouver des t\u00e9moins de sa clart\u00e9 et de son attachement dans une p\u00e9riode touch\u00e9e aux t\u00e9n\u00e8bres. \u00c0 travers nos mots et nos actions, nous diffusons le message de la s\u00e9r\u00e9nit\u00e9 et de la conciliation, offrant l\u2019espoir et la cicatrisation \u00e0 un environnement endommag\u00e9.<\/p>\n<p>Au sein de l\u2019 spiritualit\u00e9 chr\u00e9tienne, le lever du jour adopte une signification sp\u00e9ciale, illustrant l\u2019 renouvellement et la reconstruction spirituelle. C\u2019est \u00e0 l\u2019aube de chaque matin\u00e9e que l\u2019esprit se oriente vers le Seigneur dans la pri\u00e8re, recherchant \u00e0 \u00eatre \u00e9clair\u00e9e par la lumi\u00e8re divine. La pratique des pri\u00e8res matinales est essentiellement enracin\u00e9e dans le patrimoine chr\u00e9tienne, offrant un instant particulier pour \u00e9tablir une connexion avec l\u2019\u00c9ternel et se pr\u00e9parer int\u00e9rieurement aux d\u00e9fis de la journ\u00e9e qui s\u2019annonce.<\/p>\n<p>En l\u2019int\u00e9rieur au sein de ces pri\u00e8re matinales se observe r\u00e9guli\u00e8rement une d\u00e9votion sp\u00e9ciale pour Marie, la m\u00e8re de J\u00e9sus et personnage sainte respect\u00e9e par de nombreux fid\u00e8les. En qualit\u00e9 d\u2019 interm\u00e9diaire parmi les hommes et Dieu, Marie est pri\u00e9e pour intervenir pour nous, nous guidant dans le chemin vers la saintet\u00e9 et ainsi que la gr\u00e2ce divine. Sa pr\u00e9sence parentale offre apaisement ainsi que protection, enveloppant nos oraisons matinales d\u2019une d\u00e9licatesse c\u00e9leste.<\/p>\n<p>Au via les pri\u00e8re du matin, on se trouve invit\u00e9s \u00e0 nous joindre vers Marie au sein de une initiative pour purification personnelle. Dans m\u00e9ditant sur la vie et ses vertus, nous cherchons pour imiter sa humilit\u00e9, sa puret\u00e9 et son ob\u00e9issance \u00e0 la volont\u00e9 de Dieu. Gr\u00e2ce \u00e0 sa saintet\u00e9 parfaite, Marie se transforme en pour nous un mod\u00e8le de vie chr\u00e9tienne, nous souvenant l\u2019importance de la pri\u00e8re ainsi que du contemplation au sein de notre cheminement spirituel.<\/p>\n<p>La r\u00e9citation du matin est ainsi un temps avantag\u00e9 pour se consacrer \u00e0 Dieu avec l\u2019intercession de Marie, en lui pr\u00e9sentant nos louanges, nos reconnaissances et nos intentions les plus intimes. \u00c0 travers l\u2019 qui\u00e9tude du l\u2019aurore, on se trouve invit\u00e9s \u00e0 tourner vers la maman divine, laquelle nous guide avec tendresse sur le chemin de la foi et de l\u2019amour divin. En associant nos voix \u00e0 celle de Marie, nous \u00e9levons nos pri\u00e8res matinales envers le tr\u00f4ne du la gr\u00e2ce, assur\u00e9s que nos supplications seront entendues et accueillies par du c\u0153ur mis\u00e9ricordieux de Dieu.<\/p>\n<p>Parutions:<\/p>\n<p>Po\u00e9sies d\u2019Humilis et vers in\u00e9dits\/L\u2019Amour de l\u2019Amour.,<a target=\"_blank\" rel=\"nofollow\" href=\"https:\/\/editionsbussiere.com\/blog\/goto\/https:\/\/fr.wikisource.org\/wiki\/Po%C3%A9sies_d%E2%80%99Humilis_et_vers_in%C3%A9dits\/L%E2%80%99Amour_de_l%E2%80%99Amour\"  target=\"_blank\" rel=\"noopener noreferrer nofollow\">Le post d\u2019actualit\u00e9.<\/a><span><\/span><\/p>\n<p>Lourdes\/Quatri\u00e8me journ\u00e9e\/Chapitre IV.,<a target=\"_blank\" rel=\"nofollow\" href=\"https:\/\/editionsbussiere.com\/blog\/goto\/https:\/\/fr.wikisource.org\/wiki\/Lourdes\/Quatri%C3%A8me_journ%C3%A9e\/Chapitre_IV\"  target=\"_blank\" rel=\"noopener noreferrer nofollow\">L\u2019article de presse.<\/a><span><\/span><\/p>\n<p>Les Muses fran\u00e7aises\/Marie de Gournay.,<a target=\"_blank\" rel=\"nofollow\" href=\"https:\/\/editionsbussiere.com\/blog\/goto\/https:\/\/fr.wikisource.org\/wiki\/Les_Muses_fran%C3%A7aises\/Marie_de_Gournay\"  target=\"_blank\" rel=\"noopener noreferrer nofollow\">Ici.<\/a><span><\/span><\/p>\n<p>Le Folklore wallon (Monseur)\/09.,<a target=\"_blank\" rel=\"nofollow\" href=\"https:\/\/editionsbussiere.com\/blog\/goto\/https:\/\/fr.wikisource.org\/wiki\/Le_Folklore_wallon_(Monseur)\/09\"  target=\"_blank\" rel=\"noopener noreferrer nofollow\">L\u2019article ICI.<\/a><span><\/span><\/p>\n<p>L\u2019Encyclop\u00e9die\/1re \u00e9dition\/SAMEDI.,<a target=\"_blank\" rel=\"nofollow\" href=\"https:\/\/editionsbussiere.com\/blog\/goto\/https:\/\/fr.wikisource.org\/wiki\/L%E2%80%99Encyclop%C3%A9die\/1re_%C3%A9dition\/SAMEDI\"  target=\"_blank\" rel=\"noopener noreferrer nofollow\">L\u2019article de presse.<\/a><span><\/span><\/p>\n<p>Anthologie des po\u00e8tes bretons du XVIIe si\u00e8cle\/Nicolas Dadier.,<a target=\"_blank\" rel=\"nofollow\" href=\"https:\/\/editionsbussiere.com\/blog\/goto\/https:\/\/fr.wikisource.org\/wiki\/Anthologie_des_po%C3%A8tes_bretons_du_XVIIe_si%C3%A8cle\/Nicolas_Dadier\"  target=\"_blank\" rel=\"noopener noreferrer nofollow\">Article complet.<\/a><span><\/span><\/p>\n<\/div>\n<p><img decoding=\"async\" class=\"wpe_imgrss\" src=\"https:\/\/editionsbussiere.com\/blog\/wp-content\/uploads\/2024\/09\/Deces-de-la-soeur-de-la-Misericorde-Mary-Ellen-Brodie.jpg\">Cet article a \u00e9t\u00e9 reconstitu\u00e9 du mieux possible. Dans l\u2019hypoth\u00e8se o\u00f9 vous souhaitez apporter quelques modifications concernant le th\u00e8me \u00ab\u00a0Editions \u00e9sot\u00e9rique fond\u00e9e en 1927\u00a0\u00bb, il est possible de discuter avec notre r\u00e9daction. Vous pouvez tirer profit de cet article traitant le sujet \u00ab\u00a0Editions \u00e9sot\u00e9rique fond\u00e9e en 1927\u00a0\u00bb. Il est concoct\u00e9 par l\u2019\u00e9quipe editionsbussiere.com. Le site editionsbussiere.com est fait pour cr\u00e9er divers posts autour du th\u00e8me Editions \u00e9sot\u00e9rique fond\u00e9e en 1927 d\u00e9velopp\u00e9es sur internet. Consultez notre site internet editionsbussiere.com et nos r\u00e9seaux sociaux pour \u00eatre au courant des futures annonces.<\/p>\n","protected":false},"excerpt":{"rendered":"<p>Une messe fun\u00e9raire pour S\u0153ur de la Mis\u00e9ricorde Mary Ellen Brodie (anciennement connue sous le nom de S\u0153ur Martin Marie) a \u00e9t\u00e9 c\u00e9l\u00e9br\u00e9e le 4 septembre \u00e0 l\u2019Immacul\u00e9e C\u0153ur de Marie \u00e0 Baynesville. S\u0153ur Mary Ellen est d\u00e9c\u00e9d\u00e9e le 25 ao\u00fbt. Elle avait 91 ans et \u00e9tait S\u0153ur de la Mis\u00e9ricorde depuis 72 ans. N\u00e9e [&hellip;]<\/p>\n","protected":false},"author":3,"featured_media":1272,"comment_status":"closed","ping_status":"closed","sticky":false,"template":"","format":"standard","meta":{"footnotes":""},"categories":[3],"tags":[],"class_list":["post-1271","post","type-post","status-publish","format-standard","has-post-thumbnail","hentry","category-editions-esoterique-fondee-en-1927-depeches","entry","fw-tab-6 fw-tabr-4","has-featured-image"],"yoast_head":"<!-- This site is optimized with the Yoast SEO plugin v27.5 - https:\/\/yoast.com\/product\/yoast-seo-wordpress\/ -->\n<title>D\u00e9c\u00e8s de la s\u0153ur de la Mis\u00e9ricorde Mary Ellen Brodie \u00e0 91 ans &amp; pri\u00e8re pour commencer la journ\u00e9e. - EDITIONSBUSSIERE<\/title>\n<meta name=\"robots\" content=\"index, follow, max-snippet:-1, max-image-preview:large, max-video-preview:-1\" \/>\n<link rel=\"canonical\" href=\"https:\/\/editionsbussiere.com\/blog\/deces-de-la-soeur-de-la-misericorde-mary-ellen-brodie-a-91-ans-priere-pour-commencer-la-journee\/\" \/>\n<meta property=\"og:locale\" content=\"fr_FR\" \/>\n<meta property=\"og:type\" content=\"article\" \/>\n<meta property=\"og:title\" content=\"D\u00e9c\u00e8s de la s\u0153ur de la Mis\u00e9ricorde Mary Ellen Brodie \u00e0 91 ans &amp; pri\u00e8re pour commencer la journ\u00e9e. - EDITIONSBUSSIERE\" \/>\n<meta property=\"og:description\" content=\"Une messe fun\u00e9raire pour S\u0153ur de la Mis\u00e9ricorde Mary Ellen Brodie (anciennement connue sous le nom de S\u0153ur Martin Marie) a \u00e9t\u00e9 c\u00e9l\u00e9br\u00e9e le 4 septembre \u00e0 l\u2019Immacul\u00e9e C\u0153ur de Marie \u00e0 Baynesville. S\u0153ur Mary Ellen est d\u00e9c\u00e9d\u00e9e le 25 ao\u00fbt. Elle avait 91 ans et \u00e9tait S\u0153ur de la Mis\u00e9ricorde depuis 72 ans. N\u00e9e [&hellip;]\" \/>\n<meta property=\"og:url\" content=\"https:\/\/editionsbussiere.com\/blog\/deces-de-la-soeur-de-la-misericorde-mary-ellen-brodie-a-91-ans-priere-pour-commencer-la-journee\/\" \/>\n<meta property=\"og:site_name\" content=\"EDITIONSBUSSIERE\" \/>\n<meta property=\"article:published_time\" content=\"2024-09-05T16:49:35+00:00\" \/>\n<meta property=\"og:image\" content=\"https:\/\/editionsbussiere.com\/blog\/wp-content\/uploads\/2024\/09\/Deces-de-la-soeur-de-la-Misericorde-Mary-Ellen-Brodie.jpg\" \/>\n<meta name=\"author\" content=\"Marie BATICLE\" \/>\n<meta name=\"twitter:card\" content=\"summary_large_image\" \/>\n<meta name=\"twitter:label1\" content=\"\u00c9crit par\" \/>\n\t<meta name=\"twitter:data1\" content=\"Marie BATICLE\" \/>\n\t<meta name=\"twitter:label2\" content=\"Dur\u00e9e de lecture estim\u00e9e\" \/>\n\t<meta name=\"twitter:data2\" content=\"14 minutes\" \/>\n<script type=\"application\/ld+json\" class=\"yoast-schema-graph\">{\"@context\":\"https:\\\/\\\/schema.org\",\"@graph\":[{\"@type\":\"Article\",\"@id\":\"https:\\\/\\\/editionsbussiere.com\\\/blog\\\/deces-de-la-soeur-de-la-misericorde-mary-ellen-brodie-a-91-ans-priere-pour-commencer-la-journee\\\/#article\",\"isPartOf\":{\"@id\":\"https:\\\/\\\/editionsbussiere.com\\\/blog\\\/deces-de-la-soeur-de-la-misericorde-mary-ellen-brodie-a-91-ans-priere-pour-commencer-la-journee\\\/\"},\"author\":{\"name\":\"Marie BATICLE\",\"@id\":\"https:\\\/\\\/editionsbussiere.com\\\/blog\\\/#\\\/schema\\\/person\\\/ec90e102792148c97e46ab871010dd8f\"},\"headline\":\"D\u00e9c\u00e8s de la s\u0153ur de la Mis\u00e9ricorde Mary Ellen Brodie \u00e0 91 ans &amp; pri\u00e8re pour commencer la journ\u00e9e.\",\"datePublished\":\"2024-09-05T16:49:35+00:00\",\"mainEntityOfPage\":{\"@id\":\"https:\\\/\\\/editionsbussiere.com\\\/blog\\\/deces-de-la-soeur-de-la-misericorde-mary-ellen-brodie-a-91-ans-priere-pour-commencer-la-journee\\\/\"},\"wordCount\":2764,\"publisher\":{\"@id\":\"https:\\\/\\\/editionsbussiere.com\\\/blog\\\/#organization\"},\"image\":{\"@id\":\"https:\\\/\\\/editionsbussiere.com\\\/blog\\\/deces-de-la-soeur-de-la-misericorde-mary-ellen-brodie-a-91-ans-priere-pour-commencer-la-journee\\\/#primaryimage\"},\"thumbnailUrl\":\"https:\\\/\\\/editionsbussiere.com\\\/blog\\\/wp-content\\\/uploads\\\/2024\\\/09\\\/Deces-de-la-soeur-de-la-Misericorde-Mary-Ellen-Brodie.jpg\",\"articleSection\":[\"Editions \u00c9sot\u00e9rique Fond\u00e9e En 1927; D\u00e9p\u00e8ches:\"],\"inLanguage\":\"fr-FR\"},{\"@type\":\"WebPage\",\"@id\":\"https:\\\/\\\/editionsbussiere.com\\\/blog\\\/deces-de-la-soeur-de-la-misericorde-mary-ellen-brodie-a-91-ans-priere-pour-commencer-la-journee\\\/\",\"url\":\"https:\\\/\\\/editionsbussiere.com\\\/blog\\\/deces-de-la-soeur-de-la-misericorde-mary-ellen-brodie-a-91-ans-priere-pour-commencer-la-journee\\\/\",\"name\":\"D\u00e9c\u00e8s de la s\u0153ur de la Mis\u00e9ricorde Mary Ellen Brodie \u00e0 91 ans &amp; pri\u00e8re pour commencer la journ\u00e9e. - EDITIONSBUSSIERE\",\"isPartOf\":{\"@id\":\"https:\\\/\\\/editionsbussiere.com\\\/blog\\\/#website\"},\"primaryImageOfPage\":{\"@id\":\"https:\\\/\\\/editionsbussiere.com\\\/blog\\\/deces-de-la-soeur-de-la-misericorde-mary-ellen-brodie-a-91-ans-priere-pour-commencer-la-journee\\\/#primaryimage\"},\"image\":{\"@id\":\"https:\\\/\\\/editionsbussiere.com\\\/blog\\\/deces-de-la-soeur-de-la-misericorde-mary-ellen-brodie-a-91-ans-priere-pour-commencer-la-journee\\\/#primaryimage\"},\"thumbnailUrl\":\"https:\\\/\\\/editionsbussiere.com\\\/blog\\\/wp-content\\\/uploads\\\/2024\\\/09\\\/Deces-de-la-soeur-de-la-Misericorde-Mary-Ellen-Brodie.jpg\",\"datePublished\":\"2024-09-05T16:49:35+00:00\",\"breadcrumb\":{\"@id\":\"https:\\\/\\\/editionsbussiere.com\\\/blog\\\/deces-de-la-soeur-de-la-misericorde-mary-ellen-brodie-a-91-ans-priere-pour-commencer-la-journee\\\/#breadcrumb\"},\"inLanguage\":\"fr-FR\",\"potentialAction\":[{\"@type\":\"ReadAction\",\"target\":[\"https:\\\/\\\/editionsbussiere.com\\\/blog\\\/deces-de-la-soeur-de-la-misericorde-mary-ellen-brodie-a-91-ans-priere-pour-commencer-la-journee\\\/\"]}]},{\"@type\":\"ImageObject\",\"inLanguage\":\"fr-FR\",\"@id\":\"https:\\\/\\\/editionsbussiere.com\\\/blog\\\/deces-de-la-soeur-de-la-misericorde-mary-ellen-brodie-a-91-ans-priere-pour-commencer-la-journee\\\/#primaryimage\",\"url\":\"https:\\\/\\\/editionsbussiere.com\\\/blog\\\/wp-content\\\/uploads\\\/2024\\\/09\\\/Deces-de-la-soeur-de-la-Misericorde-Mary-Ellen-Brodie.jpg\",\"contentUrl\":\"https:\\\/\\\/editionsbussiere.com\\\/blog\\\/wp-content\\\/uploads\\\/2024\\\/09\\\/Deces-de-la-soeur-de-la-Misericorde-Mary-Ellen-Brodie.jpg\",\"width\":900,\"height\":600,\"caption\":\"Deces de la soeur de la Misericorde Mary Ellen Brodie\"},{\"@type\":\"BreadcrumbList\",\"@id\":\"https:\\\/\\\/editionsbussiere.com\\\/blog\\\/deces-de-la-soeur-de-la-misericorde-mary-ellen-brodie-a-91-ans-priere-pour-commencer-la-journee\\\/#breadcrumb\",\"itemListElement\":[{\"@type\":\"ListItem\",\"position\":1,\"name\":\"Accueil\",\"item\":\"https:\\\/\\\/editionsbussiere.com\\\/blog\\\/\"},{\"@type\":\"ListItem\",\"position\":2,\"name\":\"D\u00e9c\u00e8s de la s\u0153ur de la Mis\u00e9ricorde Mary Ellen Brodie \u00e0 91 ans &amp; pri\u00e8re pour commencer la journ\u00e9e.\"}]},{\"@type\":\"WebSite\",\"@id\":\"https:\\\/\\\/editionsbussiere.com\\\/blog\\\/#website\",\"url\":\"https:\\\/\\\/editionsbussiere.com\\\/blog\\\/\",\"name\":\"EDITIONSBUSSIERE\",\"description\":\"Editions \u00e9sot\u00e9rique fond\u00e9e en 1927; site historique, A SAVOIR ET RETENIR.\",\"publisher\":{\"@id\":\"https:\\\/\\\/editionsbussiere.com\\\/blog\\\/#organization\"},\"potentialAction\":[{\"@type\":\"SearchAction\",\"target\":{\"@type\":\"EntryPoint\",\"urlTemplate\":\"https:\\\/\\\/editionsbussiere.com\\\/blog\\\/?s={search_term_string}\"},\"query-input\":{\"@type\":\"PropertyValueSpecification\",\"valueRequired\":true,\"valueName\":\"search_term_string\"}}],\"inLanguage\":\"fr-FR\"},{\"@type\":\"Organization\",\"@id\":\"https:\\\/\\\/editionsbussiere.com\\\/blog\\\/#organization\",\"name\":\"editionsbussiere\",\"url\":\"https:\\\/\\\/editionsbussiere.com\\\/blog\\\/\",\"logo\":{\"@type\":\"ImageObject\",\"inLanguage\":\"fr-FR\",\"@id\":\"https:\\\/\\\/editionsbussiere.com\\\/blog\\\/#\\\/schema\\\/logo\\\/image\\\/\",\"url\":\"https:\\\/\\\/editionsbussiere.com\\\/blog\\\/wp-content\\\/uploads\\\/2023\\\/09\\\/cropped-buss.gif\",\"contentUrl\":\"https:\\\/\\\/editionsbussiere.com\\\/blog\\\/wp-content\\\/uploads\\\/2023\\\/09\\\/cropped-buss.gif\",\"width\":298,\"height\":120,\"caption\":\"editionsbussiere\"},\"image\":{\"@id\":\"https:\\\/\\\/editionsbussiere.com\\\/blog\\\/#\\\/schema\\\/logo\\\/image\\\/\"}},{\"@type\":\"Person\",\"@id\":\"https:\\\/\\\/editionsbussiere.com\\\/blog\\\/#\\\/schema\\\/person\\\/ec90e102792148c97e46ab871010dd8f\",\"name\":\"Marie BATICLE\",\"image\":{\"@type\":\"ImageObject\",\"inLanguage\":\"fr-FR\",\"@id\":\"https:\\\/\\\/secure.gravatar.com\\\/avatar\\\/c923e52403b1b8137e2d929127211d21967e6aecaa053bd43b09da29f212e76e?s=96&d=mm&r=g\",\"url\":\"https:\\\/\\\/secure.gravatar.com\\\/avatar\\\/c923e52403b1b8137e2d929127211d21967e6aecaa053bd43b09da29f212e76e?s=96&d=mm&r=g\",\"contentUrl\":\"https:\\\/\\\/secure.gravatar.com\\\/avatar\\\/c923e52403b1b8137e2d929127211d21967e6aecaa053bd43b09da29f212e76e?s=96&d=mm&r=g\",\"caption\":\"Marie BATICLE\"},\"url\":\"https:\\\/\\\/editionsbussiere.com\\\/blog\\\/author\\\/eremarie\\\/\"}]}<\/script>\n<!-- \/ Yoast SEO plugin. -->","yoast_head_json":{"title":"D\u00e9c\u00e8s de la s\u0153ur de la Mis\u00e9ricorde Mary Ellen Brodie \u00e0 91 ans &amp; pri\u00e8re pour commencer la journ\u00e9e. - EDITIONSBUSSIERE","robots":{"index":"index","follow":"follow","max-snippet":"max-snippet:-1","max-image-preview":"max-image-preview:large","max-video-preview":"max-video-preview:-1"},"canonical":"https:\/\/editionsbussiere.com\/blog\/deces-de-la-soeur-de-la-misericorde-mary-ellen-brodie-a-91-ans-priere-pour-commencer-la-journee\/","og_locale":"fr_FR","og_type":"article","og_title":"D\u00e9c\u00e8s de la s\u0153ur de la Mis\u00e9ricorde Mary Ellen Brodie \u00e0 91 ans &amp; pri\u00e8re pour commencer la journ\u00e9e. - EDITIONSBUSSIERE","og_description":"Une messe fun\u00e9raire pour S\u0153ur de la Mis\u00e9ricorde Mary Ellen Brodie (anciennement connue sous le nom de S\u0153ur Martin Marie) a \u00e9t\u00e9 c\u00e9l\u00e9br\u00e9e le 4 septembre \u00e0 l\u2019Immacul\u00e9e C\u0153ur de Marie \u00e0 Baynesville. S\u0153ur Mary Ellen est d\u00e9c\u00e9d\u00e9e le 25 ao\u00fbt. Elle avait 91 ans et \u00e9tait S\u0153ur de la Mis\u00e9ricorde depuis 72 ans. N\u00e9e [&hellip;]","og_url":"https:\/\/editionsbussiere.com\/blog\/deces-de-la-soeur-de-la-misericorde-mary-ellen-brodie-a-91-ans-priere-pour-commencer-la-journee\/","og_site_name":"EDITIONSBUSSIERE","article_published_time":"2024-09-05T16:49:35+00:00","og_image":[{"url":"https:\/\/editionsbussiere.com\/blog\/wp-content\/uploads\/2024\/09\/Deces-de-la-soeur-de-la-Misericorde-Mary-Ellen-Brodie.jpg","type":"","width":"","height":""}],"author":"Marie BATICLE","twitter_card":"summary_large_image","twitter_misc":{"\u00c9crit par":"Marie BATICLE","Dur\u00e9e de lecture estim\u00e9e":"14 minutes"},"schema":{"@context":"https:\/\/schema.org","@graph":[{"@type":"Article","@id":"https:\/\/editionsbussiere.com\/blog\/deces-de-la-soeur-de-la-misericorde-mary-ellen-brodie-a-91-ans-priere-pour-commencer-la-journee\/#article","isPartOf":{"@id":"https:\/\/editionsbussiere.com\/blog\/deces-de-la-soeur-de-la-misericorde-mary-ellen-brodie-a-91-ans-priere-pour-commencer-la-journee\/"},"author":{"name":"Marie BATICLE","@id":"https:\/\/editionsbussiere.com\/blog\/#\/schema\/person\/ec90e102792148c97e46ab871010dd8f"},"headline":"D\u00e9c\u00e8s de la s\u0153ur de la Mis\u00e9ricorde Mary Ellen Brodie \u00e0 91 ans &amp; pri\u00e8re pour commencer la journ\u00e9e.","datePublished":"2024-09-05T16:49:35+00:00","mainEntityOfPage":{"@id":"https:\/\/editionsbussiere.com\/blog\/deces-de-la-soeur-de-la-misericorde-mary-ellen-brodie-a-91-ans-priere-pour-commencer-la-journee\/"},"wordCount":2764,"publisher":{"@id":"https:\/\/editionsbussiere.com\/blog\/#organization"},"image":{"@id":"https:\/\/editionsbussiere.com\/blog\/deces-de-la-soeur-de-la-misericorde-mary-ellen-brodie-a-91-ans-priere-pour-commencer-la-journee\/#primaryimage"},"thumbnailUrl":"https:\/\/editionsbussiere.com\/blog\/wp-content\/uploads\/2024\/09\/Deces-de-la-soeur-de-la-Misericorde-Mary-Ellen-Brodie.jpg","articleSection":["Editions \u00c9sot\u00e9rique Fond\u00e9e En 1927; D\u00e9p\u00e8ches:"],"inLanguage":"fr-FR"},{"@type":"WebPage","@id":"https:\/\/editionsbussiere.com\/blog\/deces-de-la-soeur-de-la-misericorde-mary-ellen-brodie-a-91-ans-priere-pour-commencer-la-journee\/","url":"https:\/\/editionsbussiere.com\/blog\/deces-de-la-soeur-de-la-misericorde-mary-ellen-brodie-a-91-ans-priere-pour-commencer-la-journee\/","name":"D\u00e9c\u00e8s de la s\u0153ur de la Mis\u00e9ricorde Mary Ellen Brodie \u00e0 91 ans &amp; pri\u00e8re pour commencer la journ\u00e9e. - EDITIONSBUSSIERE","isPartOf":{"@id":"https:\/\/editionsbussiere.com\/blog\/#website"},"primaryImageOfPage":{"@id":"https:\/\/editionsbussiere.com\/blog\/deces-de-la-soeur-de-la-misericorde-mary-ellen-brodie-a-91-ans-priere-pour-commencer-la-journee\/#primaryimage"},"image":{"@id":"https:\/\/editionsbussiere.com\/blog\/deces-de-la-soeur-de-la-misericorde-mary-ellen-brodie-a-91-ans-priere-pour-commencer-la-journee\/#primaryimage"},"thumbnailUrl":"https:\/\/editionsbussiere.com\/blog\/wp-content\/uploads\/2024\/09\/Deces-de-la-soeur-de-la-Misericorde-Mary-Ellen-Brodie.jpg","datePublished":"2024-09-05T16:49:35+00:00","breadcrumb":{"@id":"https:\/\/editionsbussiere.com\/blog\/deces-de-la-soeur-de-la-misericorde-mary-ellen-brodie-a-91-ans-priere-pour-commencer-la-journee\/#breadcrumb"},"inLanguage":"fr-FR","potentialAction":[{"@type":"ReadAction","target":["https:\/\/editionsbussiere.com\/blog\/deces-de-la-soeur-de-la-misericorde-mary-ellen-brodie-a-91-ans-priere-pour-commencer-la-journee\/"]}]},{"@type":"ImageObject","inLanguage":"fr-FR","@id":"https:\/\/editionsbussiere.com\/blog\/deces-de-la-soeur-de-la-misericorde-mary-ellen-brodie-a-91-ans-priere-pour-commencer-la-journee\/#primaryimage","url":"https:\/\/editionsbussiere.com\/blog\/wp-content\/uploads\/2024\/09\/Deces-de-la-soeur-de-la-Misericorde-Mary-Ellen-Brodie.jpg","contentUrl":"https:\/\/editionsbussiere.com\/blog\/wp-content\/uploads\/2024\/09\/Deces-de-la-soeur-de-la-Misericorde-Mary-Ellen-Brodie.jpg","width":900,"height":600,"caption":"Deces de la soeur de la Misericorde Mary Ellen Brodie"},{"@type":"BreadcrumbList","@id":"https:\/\/editionsbussiere.com\/blog\/deces-de-la-soeur-de-la-misericorde-mary-ellen-brodie-a-91-ans-priere-pour-commencer-la-journee\/#breadcrumb","itemListElement":[{"@type":"ListItem","position":1,"name":"Accueil","item":"https:\/\/editionsbussiere.com\/blog\/"},{"@type":"ListItem","position":2,"name":"D\u00e9c\u00e8s de la s\u0153ur de la Mis\u00e9ricorde Mary Ellen Brodie \u00e0 91 ans &amp; pri\u00e8re pour commencer la journ\u00e9e."}]},{"@type":"WebSite","@id":"https:\/\/editionsbussiere.com\/blog\/#website","url":"https:\/\/editionsbussiere.com\/blog\/","name":"EDITIONSBUSSIERE","description":"Editions \u00e9sot\u00e9rique fond\u00e9e en 1927; site historique, A SAVOIR ET RETENIR.","publisher":{"@id":"https:\/\/editionsbussiere.com\/blog\/#organization"},"potentialAction":[{"@type":"SearchAction","target":{"@type":"EntryPoint","urlTemplate":"https:\/\/editionsbussiere.com\/blog\/?s={search_term_string}"},"query-input":{"@type":"PropertyValueSpecification","valueRequired":true,"valueName":"search_term_string"}}],"inLanguage":"fr-FR"},{"@type":"Organization","@id":"https:\/\/editionsbussiere.com\/blog\/#organization","name":"editionsbussiere","url":"https:\/\/editionsbussiere.com\/blog\/","logo":{"@type":"ImageObject","inLanguage":"fr-FR","@id":"https:\/\/editionsbussiere.com\/blog\/#\/schema\/logo\/image\/","url":"https:\/\/editionsbussiere.com\/blog\/wp-content\/uploads\/2023\/09\/cropped-buss.gif","contentUrl":"https:\/\/editionsbussiere.com\/blog\/wp-content\/uploads\/2023\/09\/cropped-buss.gif","width":298,"height":120,"caption":"editionsbussiere"},"image":{"@id":"https:\/\/editionsbussiere.com\/blog\/#\/schema\/logo\/image\/"}},{"@type":"Person","@id":"https:\/\/editionsbussiere.com\/blog\/#\/schema\/person\/ec90e102792148c97e46ab871010dd8f","name":"Marie BATICLE","image":{"@type":"ImageObject","inLanguage":"fr-FR","@id":"https:\/\/secure.gravatar.com\/avatar\/c923e52403b1b8137e2d929127211d21967e6aecaa053bd43b09da29f212e76e?s=96&d=mm&r=g","url":"https:\/\/secure.gravatar.com\/avatar\/c923e52403b1b8137e2d929127211d21967e6aecaa053bd43b09da29f212e76e?s=96&d=mm&r=g","contentUrl":"https:\/\/secure.gravatar.com\/avatar\/c923e52403b1b8137e2d929127211d21967e6aecaa053bd43b09da29f212e76e?s=96&d=mm&r=g","caption":"Marie BATICLE"},"url":"https:\/\/editionsbussiere.com\/blog\/author\/eremarie\/"}]}},"_links":{"self":[{"href":"https:\/\/editionsbussiere.com\/blog\/wp-json\/wp\/v2\/posts\/1271","targetHints":{"allow":["GET"]}}],"collection":[{"href":"https:\/\/editionsbussiere.com\/blog\/wp-json\/wp\/v2\/posts"}],"about":[{"href":"https:\/\/editionsbussiere.com\/blog\/wp-json\/wp\/v2\/types\/post"}],"author":[{"embeddable":true,"href":"https:\/\/editionsbussiere.com\/blog\/wp-json\/wp\/v2\/users\/3"}],"replies":[{"embeddable":true,"href":"https:\/\/editionsbussiere.com\/blog\/wp-json\/wp\/v2\/comments?post=1271"}],"version-history":[{"count":0,"href":"https:\/\/editionsbussiere.com\/blog\/wp-json\/wp\/v2\/posts\/1271\/revisions"}],"wp:featuredmedia":[{"embeddable":true,"href":"https:\/\/editionsbussiere.com\/blog\/wp-json\/wp\/v2\/media\/1272"}],"wp:attachment":[{"href":"https:\/\/editionsbussiere.com\/blog\/wp-json\/wp\/v2\/media?parent=1271"}],"wp:term":[{"taxonomy":"category","embeddable":true,"href":"https:\/\/editionsbussiere.com\/blog\/wp-json\/wp\/v2\/categories?post=1271"},{"taxonomy":"post_tag","embeddable":true,"href":"https:\/\/editionsbussiere.com\/blog\/wp-json\/wp\/v2\/tags?post=1271"}],"curies":[{"name":"wp","href":"https:\/\/api.w.org\/{rel}","templated":true}]}}