{"id":1253,"date":"2024-09-01T18:32:32","date_gmt":"2024-09-01T16:32:32","guid":{"rendered":"https:\/\/editionsbussiere.com\/blog\/le-diocese-de-la-vierge-marie-a-beni-suef-subit-denormes-pertes-materielles-suite-a-un-incendie-pour-adresser-ses-prieres-a-la-vierge\/"},"modified":"2024-09-01T18:32:32","modified_gmt":"2024-09-01T16:32:32","slug":"le-diocese-de-la-vierge-marie-a-beni-suef-subit-denormes-pertes-materielles-suite-a-un-incendie-pour-adresser-ses-prieres-a-la-vierge","status":"publish","type":"post","link":"https:\/\/editionsbussiere.com\/blog\/le-diocese-de-la-vierge-marie-a-beni-suef-subit-denormes-pertes-materielles-suite-a-un-incendie-pour-adresser-ses-prieres-a-la-vierge\/","title":{"rendered":"Le dioc\u00e8se de la Vierge Marie \u00e0 Beni Suef subit d\u2019\u00e9normes pertes mat\u00e9rielles suite \u00e0 un incendie\n pour adresser ses pri\u00e8res \u00e0 la Vierge ."},"content":{"rendered":"<div><img width=\"580\" height=\"417\" src=\"https:\/\/editionsbussiere.com\/blog\/wp-content\/uploads\/2024\/09\/Le-diocese-de-la-Vierge-Marie-a-Beni-Suef-subit.jpg\" class=\"attachment-large size-large wp-post-image\" alt=\"Le dioc\u00e8se de la Vierge Marie \u00e0 Beni Suef subit\" style=\"float:left; margin:0 15px 15px 0;\" decoding=\"async\" srcset=\"https:\/\/editionsbussiere.com\/blog\/wp-content\/uploads\/2024\/09\/Le-diocese-de-la-Vierge-Marie-a-Beni-Suef-subit.jpg 674w, https:\/\/www.n42.fr\/wp-content\/uploads\/2024\/09\/Le-diocese-de-la-Vierge-Marie-a-Beni-Suef-subit-300x216.jpg 300w\" sizes=\"(max-width: 580px) 100vw, 580px\"><\/p>\n<p>\n<\/p>\n<div>\n<p>Le dioc\u00e8se de la Vierge Marie \u00e0 Beni Suef a publi\u00e9 une d\u00e9claration concernant l\u2019incendie qui s\u2019est d\u00e9clar\u00e9 \u00e0 son si\u00e8ge samedi soir.<\/p>\n<p>\u00ab Un incendie s\u2019est d\u00e9clar\u00e9 dans le chapiteau adjacent \u00e0 l\u2019\u00e9glise de la Vierge Marie, dans la cour de l\u2019\u00e9glise, entra\u00eenant des d\u00e9g\u00e2ts importants \u00bb, peut-on lire dans le communiqu\u00e9.<\/p>\n<p>Elle a confirm\u00e9 qu\u2019il n\u2019y avait pas eu de victimes et que des enqu\u00eates \u00e9taient en cours pour d\u00e9terminer la cause de l\u2019incendie.<\/p>\n<p>Le gouverneur de Beni Suef, Mohamed Hani Ghoneim, s\u2019est rendu sur le lieu de l\u2019accident, accompagn\u00e9 du directeur de la s\u00e9curit\u00e9 de Beni Suef et des dirigeants de la s\u00e9curit\u00e9 et de l\u2019ex\u00e9cutif, imm\u00e9diatement apr\u00e8s avoir re\u00e7u le rapport de l\u2019incendie.<\/p>\n<p>Ghoneim a suivi les efforts et les proc\u00e9dures pour contr\u00f4ler un incendie au rez-de-chauss\u00e9e d\u2019un b\u00e2timent de service affili\u00e9 au b\u00e2timent du dioc\u00e8se.<\/p>\n<p>Des camions de pompiers ont \u00e9t\u00e9 d\u00e9p\u00each\u00e9s \u00e0 Beni Suef et ont r\u00e9ussi \u00e0 contr\u00f4ler et \u00e0 \u00e9teindre l\u2019incendie sans aucune perte de vie humaine.<\/p>\n<p>Des op\u00e9rations de refroidissement ont \u00e9t\u00e9 men\u00e9es pour \u00e9viter que l\u2019incendie ne se reproduise \u00e0 nouveau dans l\u2019\u00e9glise situ\u00e9e dans une zone vitale.<\/p>\n<p>Le gouverneur a v\u00e9rifi\u00e9 les paroissiens de l\u2019\u00e9glise et toutes les personnes pr\u00e9sentes, dirig\u00e9es par Mgr Gabriel, \u00e9v\u00eaque du dioc\u00e8se, et les a rassur\u00e9s que toutes les mesures de pr\u00e9caution avaient \u00e9t\u00e9 prises.<\/p>\n<p>Le gouverneur a \u00e9galement assur\u00e9 que les mesures n\u00e9cessaires avaient \u00e9t\u00e9 prises autour de la zone o\u00f9 se trouve l\u2019\u00e9glise.<\/p>\n<\/div>\n<h2>\n<\/h2>\n<p>La Signification de la D\u00e9votion Mariale<\/p>\n<p>L\u2019invocation \u00e0 Marie repr\u00e9sente un \u00e9l\u00e9ment crucial de la foi chr\u00e9tienne, solidement enracin\u00e9e dans les enseignements catholiques depuis des temps imm\u00e9moriaux. C\u2019est un roc sur lequel les croyants s\u2019appuient pour obtenir r\u00e9confort, direction et intervention dans leur relation envers Dieu. \u00c0 travers les \u00e2ges, cette pi\u00e9t\u00e9 a gagn\u00e9 en force par les enseignements de la Bible, les traditions de l\u2019\u00c9glise, et les exemples des saints et saintes qui ont t\u00e9moign\u00e9 de leur respect \u00e0 Marie m\u00e8re spirituelle bienveillante.<\/p>\n<h3>\n<\/h3>\n<p>L\u2019usage du Rosaire<\/p>\n<p>Cette pri\u00e8re traditionnelle mariale occupe une place centrale dans la vie spirituelle de nombreux croyants. En r\u00e9citant les myst\u00e8res joyeux, douloureux, lumineux et glorieux, les d\u00e9vots se plongent dans les moments de la vie de J\u00e9sus et de Marie, renfor\u00e7ant ainsi leur connexion spirituelle avec eux. \u00c0 travers chaque Ave Maria, ils manifestent leur confiance en l\u2019intercession de Marie et leur d\u00e9sir de suivre les enseignements du Christ. Saint Louis-Marie Grignion de Montfort, dans son livre sur la vraie d\u00e9votion \u00e0 la Sainte Vierge, invite les fid\u00e8les \u00e0 m\u00e9diter r\u00e9guli\u00e8rement sur les myst\u00e8res du rosaire afin de renforcer leur relation avec la M\u00e8re de Dieu. Cet antique rituel, h\u00e9rit\u00e9e de g\u00e9n\u00e9ration en g\u00e9n\u00e9ration, reste un phare spirituel pour ceux qui ont la foi, les guidant dans leur connexion \u00e0 la divine Dame du Ciel.<\/p>\n<h3>\n<\/h3>\n<p>L\u2019encouragement \u00e0 prier<\/p>\n<p>Unissons-nous dans la pri\u00e8re, fr\u00e8res et s\u0153urs, dans notre foi, en nous tournant vers Marie, la m\u00e8re de notre Seigneur J\u00e9sus-Christ. Au sein de notre monde tourment\u00e9 par la guerre et la division, recourons \u00e0 la pri\u00e8re pour trouver pour trouver la paix et la r\u00e9conciliation. Les chr\u00e9tiens ont la possibilit\u00e9 \u00e9crire des v\u0153ux pour la m\u00e8re de dieu <a target=\"_blank\" rel=\"nofollow\" href=\"https:\/\/editionsbussiere.com\/blog\/goto\/https:\/\/www.avemariasound.org\/\" >sur ce lien.<\/a> Que nos pri\u00e8res montent vers le ciel, comme un hommage re\u00e7u avec faveur par Dieu, afin qu\u2019il puisse nous guider nos chemins sur la voie de la v\u00e9rit\u00e9 et de la justice. Saint Paul nous dans ses lettres \u00e0 maintenir une pri\u00e8re incessante, quelle que soit la situation, afin que notre connexion \u00e0 Dieu soit constante et passionn\u00e9e. La pri\u00e8re, quand elle est sinc\u00e8rement offerte, poss\u00e8de le pouvoir pour changer les c\u0153urs et d\u2019influer le cours de l\u2019histoire.<\/p>\n<h2>\n<\/h2>\n<p>Les directives du Souverain Pontife<\/p>\n<p>Le pape Fran\u00e7ois, dans ses enseignements \u00e9clair\u00e9s, disponibles gr\u00e2ce \u00e0 Bayard, nous rappelle la valeur de la pri\u00e8re quotidienne. Par le biais de ses hom\u00e9lies et de ses audiences publiques, il nous incite \u00e0 d\u00e9velopper une relation personnelle avec Dieu, en s\u2019appuyant sur la contemplation des \u00c9critures et la r\u00e9citation du rosaire. Son exemple de compassion et d\u2019humilit\u00e9 nous encourage \u00e0 approfondir encore notre pri\u00e8re et \u00e0 rechercher la pr\u00e9sence de Dieu dans tous les domaines de notre vie. Saint Jean-Paul II, dans son \u00e9crit sur la foi chr\u00e9tienne, nous souligne que la pri\u00e8re quotidienne est la base de notre vie spirituelle et que c\u2019est par elle que nous nous unissons \u00e0 la volont\u00e9 divine. La pri\u00e8re, transmise par les pontifes successifs, est une source d\u2019espoir en p\u00e9riode de temp\u00eate, une base solide sur lequel les \u00e2mes peuvent s\u2019appuyer.<\/p>\n<h3>\n<\/h3>\n<p>Les publications de Leli\u00e8vre et Hubert<\/p>\n<p>Dans le contexte de la vie de foi, l\u2019\u00e9glise pr\u00e9conise le recours \u00e0 la pri\u00e8re, et lors de la pri\u00e8re, les fid\u00e8les effectuent le signe de croix et r\u00e9citent le Je vous salue Marie. Des penseurs contemporains, comme Leli\u00e8vre et Hubert, nous incitent aussi \u00e0 r\u00e9fl\u00e9chir sur la force de la pri\u00e8re, \u00e0 travers leurs \u00e9crits inspirants. Leurs ouvrages, porteurs de riches enseignements spirituels, nous orientent dans notre parcours de la foi et nous invitent \u00e0 puiser dans les richesses de la tradition chr\u00e9tienne pour enrichir notre vie spirituelle. Par la m\u00e9ditation sur leurs publications, nous trouvons de nouvelles voies de d\u00e9velopper notre relation avec Dieu et de progresser dans notre cheminement vers la saintet\u00e9. Saint Jean, dans l\u2019\u00c9vangile, nous enseigne que le fait de prier est une puissante voie pour rester en communion avec Dieu et de b\u00e9n\u00e9ficier ses b\u00e9n\u00e9dictions. Chaque page de leurs ouvrages est semblable \u00e0 une invitation \u00e0 une pri\u00e8re fervente et \u00e0 une existence impr\u00e9gn\u00e9e de la pr\u00e9sence divine. Dans notre exploration de connexion spirituelle, chaque lecture devient un appel \u00e0 aspirer \u00e0 le sacr\u00e9, par le biais de la m\u00e9ditation et la contemplation.<\/p>\n<h3>\n<\/h3>\n<p>La d\u00e9votion dans la chapelle<\/p>\n<p>Dans nos lieux de culte simples ou grandioses, orientons-nous vers Dieu avec confiance et humilit\u00e9, car nous savons qu\u2019il \u00e9coute nos supplications avec une sollicitude infinie. Que chaque flamme vacillante, chaque Ave Maria r\u00e9cit\u00e9, soit une offrande \u00e0 notre Seigneur ainsi qu\u2019\u00e0 la Vierge Marie. Que nos moments de pri\u00e8re dans la chapelle soient des moments de faveur divine et de renouvellement de notre esprit, nous fortifiant pour faire face \u00e0 les d\u00e9fis avec audace et foi in\u00e9branlable. Sainte Bernadette Soubirous, \u00e0 qui la Vierge Marie est apparue \u00e0 Lourdes, nous montre l\u2019importance de la pri\u00e8re dans l\u2019existence des catholiques et l\u2019efficacit\u00e9 de l\u2019intercession de la Sainte Vierge. Chaque personne qui entre dans une chapelle, chaque page de la Bible lue dans ce lieu sacr\u00e9, est une rencontre avec la divinit\u00e9, une \u00e9tape cruciale dans le processus de transformation spirituelle. \u00c0 travers les pages des Saintes \u00c9critures, chaque fid\u00e8le est invit\u00e9 \u00e0 contempler sur la croix du Christ, \u00e0 m\u00e9diter sur son sacrifice, et \u00e0 trouver r\u00e9confort et espoir dans la gr\u00e2ce salvatrice qu\u2019elle offre.<\/p>\n<h2>\nL\u2019acte de prier comme m\u00e9decine pour l\u2019esprit<br \/>\n<\/h2>\n<p>Comme un gu\u00e9risseur pour nos esprits, la pri\u00e8re nous r\u00e9conforte et nous renforce dans les moments de douleur et de d\u00e9sespoir. La pri\u00e8re nous rappelle que la pr\u00e9sence divine ne nous quitte jamais, m\u00eame au c\u0153ur de nos heures les plus sombres. En nous tournant vers lui dans la pri\u00e8re, nous d\u00e9couvrons la force int\u00e9rieure n\u00e9cessaire pour surmonter les \u00e9preuves et pour affronter l\u2019avenir avec esp\u00e9rance et confiance. L\u2019acte de prier est semblable \u00e0 une rivi\u00e8re vivifiante qui satisfait notre soif spirituelle et qui, au cours de notre marche avec Dieu, nous revigore.<br \/>\n\u00c0 chaque pri\u00e8re murmur\u00e9e, \u00e0 chaque intention port\u00e9e, notre \u00e2me trouve un r\u00e9confort c\u00e9leste, une gu\u00e9rison spirituelle, qui d\u00e9passe les limites de la condition humaine. Chaque page de la Bible est une invitation \u00e0 dialoguer avec Dieu, \u00e0 lui confier nos fardeaux, et \u00e0 recevoir sa gr\u00e2ce transformante.<\/p>\n<h2>Une vision alternative sur l\u2019invocation \u00e0 Marie<\/h2>\n<p>La pri\u00e8re \u00e0 Marie est une pratique profond\u00e9ment enracin\u00e9e dans le patrimoine catholique chr\u00e9tienne, proposant un pr\u00e9cieux lien spirituel pour les adeptes de tous horizons. En tant que m\u00e8re spirituelle aimante et interm\u00e9diaire, elle est pri\u00e9e avec ferveur dans les moments de besoin et de louange. Le chapelet, avec ses myst\u00e8res \u00e0 m\u00e9diter, accompagne les croyants dans leur voyage de foi, les aidant \u00e0 m\u00e9diter sur J\u00e9sus, son fils, \u00e0 travers le regard de la Vierge Marie. Cette d\u00e9votion \u00e0 Marie se manifeste dans les sites sacr\u00e9s comme le sanctuaire de Lourdes, o\u00f9 les p\u00e8lerins affluent pour rechercher r\u00e9confort et gu\u00e9rison, illustrant la profonde connexion entre la foi catholique et la d\u00e9votion mariale. Les enseignements \u00e9clairants de th\u00e9ologiens tels que Leli\u00e8vre et Hubert fournissent une r\u00e9flexion pr\u00e9cieuse sur la valeur de la pri\u00e8re \u00e0 Marie et son influence sur la vie spirituelle des fid\u00e8les. \u00c0 travers la lecture attentive de livres d\u00e9votionnels et bibliques, les adeptes approfondissent leur compr\u00e9hension de la d\u00e9votion mariale et cultivent un lien plus fort avec la Vierge Marie, notre m\u00e8re spirituelle. Dans un monde caract\u00e9ris\u00e9 par les conflits et les troubles, l\u2019invocation de Marie offre un refuge de tranquillit\u00e9 et d\u2019espoir, incitant chaque individu, quel que soit son statut dans la foi catholique-chr\u00e9tienne, \u00e0 s\u2019adresser \u00e0 la Sainte Vierge avec une foi profonde et une d\u00e9votion sinc\u00e8re. Prions donc ensemble, avec un c\u0153ur sinc\u00e8re et humble, en honorant Marie comme notre m\u00e8re et notre intercesseur, et en lui confiant nos requ\u00eates et nos souhaits les plus profonds. Dans cette qu\u00eate spirituelle, chaque croyant est invit\u00e9 \u00e0 poursuivre la voie des pri\u00e8res et des aspirations du c\u0153ur, guid\u00e9 par le saint P\u00e8re et les pr\u00e9cieuses ressources spirituelles disponibles sur des plateformes comme Aleteia. Par cons\u00e9quent, avec une humble confiance et un c\u0153ur ouvert, adressons notre pri\u00e8re quotidienne \u00e0 Marie, lui demandant son intercession maternelle, ainsi que la gr\u00e2ce de pers\u00e9v\u00e9rer dans la pri\u00e8re ardente.<br \/>\nQue notre dialogue avec le sacr\u00e9 constitue notre refuge et notre r\u00e9confort dans toutes les circonstances. Que nous nous orientions envers Marie, notre m\u00e8re divine, avec un c\u0153ur ouvert et une foi in\u00e9branlable, convaincus qu\u2019elle plaide en notre faveur devant son fils bien-aim\u00e9. Que notre dialogue avec le divin nous guide sur le chemin de la saintet\u00e9, nous approchant toujours plus de Dieu et de son amour \u00e9ternel.<\/p>\n<p>Ce th\u00e8me vous a passionn\u00e9 vous aimerez tout autant ces livres:<\/p>\n<p>Rational (Durand de Mende)\/Volume 5\/Septi\u00e8me livre\/Chapitre 25.,<a target=\"_blank\" rel=\"nofollow\" href=\"https:\/\/editionsbussiere.com\/blog\/goto\/https:\/\/fr.wikisource.org\/wiki\/Rational_(Durand_de_Mende)\/Volume_5\/Septi%C3%A8me_livre\/Chapitre_25\"  target=\"_blank\" rel=\"noopener noreferrer nofollow\">Article complet.<\/a><span><\/span>. Suite sur le prochain article.<\/p>\n<p>Les R\u00eaves morts (Montreuil, deuxi\u00e8me \u00e9dition)\/Ma vieille \u00e9glise St-Roch.,<a target=\"_blank\" rel=\"nofollow\" href=\"https:\/\/editionsbussiere.com\/blog\/goto\/https:\/\/fr.wikisource.org\/wiki\/Les_R%C3%AAves_morts_(Montreuil,_deuxi%C3%A8me_%C3%A9dition)\/Ma_vieille_%C3%A9glise_St-Roch\"  target=\"_blank\" rel=\"noopener noreferrer nofollow\">Cliquer ICI.<\/a><span><\/span><\/p>\n<p>Les Hirondelles (Esquiros)\/La Fianc\u00e9e du couvent..,<a target=\"_blank\" rel=\"nofollow\" href=\"https:\/\/editionsbussiere.com\/blog\/goto\/https:\/\/fr.wikisource.org\/wiki\/Les_Hirondelles_(Esquiros)\/La_Fianc%C3%A9e_du_couvent.\"  target=\"_blank\" rel=\"noopener noreferrer nofollow\">Le post d\u2019actualit\u00e9.<\/a><span><\/span><\/p>\n<p>La vierge d\u2019ivoire\/14.,<a target=\"_blank\" rel=\"nofollow\" href=\"https:\/\/editionsbussiere.com\/blog\/goto\/https:\/\/fr.wikisource.org\/wiki\/La_vierge_d%E2%80%99ivoire\/14\"  target=\"_blank\" rel=\"noopener noreferrer nofollow\">Ici.<\/a><span><\/span>. Suite sur le prochain article.<\/p>\n<p>La Daniella\/20.,<a target=\"_blank\" rel=\"nofollow\" href=\"https:\/\/editionsbussiere.com\/blog\/goto\/https:\/\/fr.wikisource.org\/wiki\/La_Daniella\/20\"  target=\"_blank\" rel=\"noopener noreferrer nofollow\">Cliquer ICI.<\/a><span><\/span><\/p>\n<p>C. E. Casgrain : m\u00e9moires de famille\/5.,<a target=\"_blank\" rel=\"nofollow\" href=\"https:\/\/editionsbussiere.com\/blog\/goto\/https:\/\/fr.wikisource.org\/wiki\/C._E._Casgrain_:_m%C3%A9moires_de_famille\/5\"  target=\"_blank\" rel=\"noopener noreferrer nofollow\">Article complet.<\/a><span><\/span><\/p>\n<\/div>\n<p><img decoding=\"async\" class=\"wpe_imgrss\" src=\"https:\/\/editionsbussiere.com\/blog\/wp-content\/uploads\/2024\/09\/Le-diocese-de-la-Vierge-Marie-a-Beni-Suef-subit.jpg\">Cet article a \u00e9t\u00e9 reconstitu\u00e9 du mieux possible. Dans l\u2019hypoth\u00e8se o\u00f9 vous souhaitez apporter quelques modifications concernant le th\u00e8me \u00ab\u00a0Editions \u00e9sot\u00e9rique fond\u00e9e en 1927\u00a0\u00bb, il est possible de discuter avec notre r\u00e9daction. Vous pouvez tirer profit de cet article traitant le sujet \u00ab\u00a0Editions \u00e9sot\u00e9rique fond\u00e9e en 1927\u00a0\u00bb. Il est concoct\u00e9 par l\u2019\u00e9quipe editionsbussiere.com. Le site editionsbussiere.com est fait pour cr\u00e9er divers posts autour du th\u00e8me Editions \u00e9sot\u00e9rique fond\u00e9e en 1927 d\u00e9velopp\u00e9es sur internet. Consultez notre site internet editionsbussiere.com et nos r\u00e9seaux sociaux pour \u00eatre au courant des futures annonces.<\/p>\n","protected":false},"excerpt":{"rendered":"<p>Le dioc\u00e8se de la Vierge Marie \u00e0 Beni Suef a publi\u00e9 une d\u00e9claration concernant l\u2019incendie qui s\u2019est d\u00e9clar\u00e9 \u00e0 son si\u00e8ge samedi soir. \u00ab Un incendie s\u2019est d\u00e9clar\u00e9 dans le chapiteau adjacent \u00e0 l\u2019\u00e9glise de la Vierge Marie, dans la cour de l\u2019\u00e9glise, entra\u00eenant des d\u00e9g\u00e2ts importants \u00bb, peut-on lire dans le communiqu\u00e9. Elle a [&hellip;]<\/p>\n","protected":false},"author":3,"featured_media":1254,"comment_status":"closed","ping_status":"closed","sticky":false,"template":"","format":"standard","meta":{"footnotes":""},"categories":[3],"tags":[],"class_list":["post-1253","post","type-post","status-publish","format-standard","has-post-thumbnail","hentry","category-editions-esoterique-fondee-en-1927-depeches","entry","fw-tab-6 fw-tabr-4","has-featured-image"],"yoast_head":"<!-- This site is optimized with the Yoast SEO plugin v27.5 - https:\/\/yoast.com\/product\/yoast-seo-wordpress\/ -->\n<title>Le dioc\u00e8se de la Vierge Marie \u00e0 Beni Suef subit d\u2019\u00e9normes pertes mat\u00e9rielles suite \u00e0 un incendie pour adresser ses pri\u00e8res \u00e0 la Vierge . - EDITIONSBUSSIERE<\/title>\n<meta name=\"robots\" content=\"index, follow, max-snippet:-1, max-image-preview:large, max-video-preview:-1\" \/>\n<link rel=\"canonical\" href=\"https:\/\/editionsbussiere.com\/blog\/le-diocese-de-la-vierge-marie-a-beni-suef-subit-denormes-pertes-materielles-suite-a-un-incendie-pour-adresser-ses-prieres-a-la-vierge\/\" \/>\n<meta property=\"og:locale\" content=\"fr_FR\" \/>\n<meta property=\"og:type\" content=\"article\" \/>\n<meta property=\"og:title\" content=\"Le dioc\u00e8se de la Vierge Marie \u00e0 Beni Suef subit d\u2019\u00e9normes pertes mat\u00e9rielles suite \u00e0 un incendie pour adresser ses pri\u00e8res \u00e0 la Vierge . - EDITIONSBUSSIERE\" \/>\n<meta property=\"og:description\" content=\"Le dioc\u00e8se de la Vierge Marie \u00e0 Beni Suef a publi\u00e9 une d\u00e9claration concernant l\u2019incendie qui s\u2019est d\u00e9clar\u00e9 \u00e0 son si\u00e8ge samedi soir. \u00ab Un incendie s\u2019est d\u00e9clar\u00e9 dans le chapiteau adjacent \u00e0 l\u2019\u00e9glise de la Vierge Marie, dans la cour de l\u2019\u00e9glise, entra\u00eenant des d\u00e9g\u00e2ts importants \u00bb, peut-on lire dans le communiqu\u00e9. Elle a [&hellip;]\" \/>\n<meta property=\"og:url\" content=\"https:\/\/editionsbussiere.com\/blog\/le-diocese-de-la-vierge-marie-a-beni-suef-subit-denormes-pertes-materielles-suite-a-un-incendie-pour-adresser-ses-prieres-a-la-vierge\/\" \/>\n<meta property=\"og:site_name\" content=\"EDITIONSBUSSIERE\" \/>\n<meta property=\"article:published_time\" content=\"2024-09-01T16:32:32+00:00\" \/>\n<meta property=\"og:image\" content=\"https:\/\/editionsbussiere.com\/blog\/wp-content\/uploads\/2024\/09\/Le-diocese-de-la-Vierge-Marie-a-Beni-Suef-subit.jpg\" \/>\n<meta name=\"author\" content=\"Marie BATICLE\" \/>\n<meta name=\"twitter:card\" content=\"summary_large_image\" \/>\n<meta name=\"twitter:label1\" content=\"\u00c9crit par\" \/>\n\t<meta name=\"twitter:data1\" content=\"Marie BATICLE\" \/>\n\t<meta name=\"twitter:label2\" content=\"Dur\u00e9e de lecture estim\u00e9e\" \/>\n\t<meta name=\"twitter:data2\" content=\"10 minutes\" \/>\n<script type=\"application\/ld+json\" class=\"yoast-schema-graph\">{\"@context\":\"https:\\\/\\\/schema.org\",\"@graph\":[{\"@type\":\"Article\",\"@id\":\"https:\\\/\\\/editionsbussiere.com\\\/blog\\\/le-diocese-de-la-vierge-marie-a-beni-suef-subit-denormes-pertes-materielles-suite-a-un-incendie-pour-adresser-ses-prieres-a-la-vierge\\\/#article\",\"isPartOf\":{\"@id\":\"https:\\\/\\\/editionsbussiere.com\\\/blog\\\/le-diocese-de-la-vierge-marie-a-beni-suef-subit-denormes-pertes-materielles-suite-a-un-incendie-pour-adresser-ses-prieres-a-la-vierge\\\/\"},\"author\":{\"name\":\"Marie BATICLE\",\"@id\":\"https:\\\/\\\/editionsbussiere.com\\\/blog\\\/#\\\/schema\\\/person\\\/ec90e102792148c97e46ab871010dd8f\"},\"headline\":\"Le dioc\u00e8se de la Vierge Marie \u00e0 Beni Suef subit d\u2019\u00e9normes pertes mat\u00e9rielles suite \u00e0 un incendie pour adresser ses pri\u00e8res \u00e0 la Vierge .\",\"datePublished\":\"2024-09-01T16:32:32+00:00\",\"mainEntityOfPage\":{\"@id\":\"https:\\\/\\\/editionsbussiere.com\\\/blog\\\/le-diocese-de-la-vierge-marie-a-beni-suef-subit-denormes-pertes-materielles-suite-a-un-incendie-pour-adresser-ses-prieres-a-la-vierge\\\/\"},\"wordCount\":2070,\"publisher\":{\"@id\":\"https:\\\/\\\/editionsbussiere.com\\\/blog\\\/#organization\"},\"image\":{\"@id\":\"https:\\\/\\\/editionsbussiere.com\\\/blog\\\/le-diocese-de-la-vierge-marie-a-beni-suef-subit-denormes-pertes-materielles-suite-a-un-incendie-pour-adresser-ses-prieres-a-la-vierge\\\/#primaryimage\"},\"thumbnailUrl\":\"https:\\\/\\\/editionsbussiere.com\\\/blog\\\/wp-content\\\/uploads\\\/2024\\\/09\\\/Le-diocese-de-la-Vierge-Marie-a-Beni-Suef-subit.jpg\",\"articleSection\":[\"Editions \u00c9sot\u00e9rique Fond\u00e9e En 1927; D\u00e9p\u00e8ches:\"],\"inLanguage\":\"fr-FR\"},{\"@type\":\"WebPage\",\"@id\":\"https:\\\/\\\/editionsbussiere.com\\\/blog\\\/le-diocese-de-la-vierge-marie-a-beni-suef-subit-denormes-pertes-materielles-suite-a-un-incendie-pour-adresser-ses-prieres-a-la-vierge\\\/\",\"url\":\"https:\\\/\\\/editionsbussiere.com\\\/blog\\\/le-diocese-de-la-vierge-marie-a-beni-suef-subit-denormes-pertes-materielles-suite-a-un-incendie-pour-adresser-ses-prieres-a-la-vierge\\\/\",\"name\":\"Le dioc\u00e8se de la Vierge Marie \u00e0 Beni Suef subit d\u2019\u00e9normes pertes mat\u00e9rielles suite \u00e0 un incendie pour adresser ses pri\u00e8res \u00e0 la Vierge . - EDITIONSBUSSIERE\",\"isPartOf\":{\"@id\":\"https:\\\/\\\/editionsbussiere.com\\\/blog\\\/#website\"},\"primaryImageOfPage\":{\"@id\":\"https:\\\/\\\/editionsbussiere.com\\\/blog\\\/le-diocese-de-la-vierge-marie-a-beni-suef-subit-denormes-pertes-materielles-suite-a-un-incendie-pour-adresser-ses-prieres-a-la-vierge\\\/#primaryimage\"},\"image\":{\"@id\":\"https:\\\/\\\/editionsbussiere.com\\\/blog\\\/le-diocese-de-la-vierge-marie-a-beni-suef-subit-denormes-pertes-materielles-suite-a-un-incendie-pour-adresser-ses-prieres-a-la-vierge\\\/#primaryimage\"},\"thumbnailUrl\":\"https:\\\/\\\/editionsbussiere.com\\\/blog\\\/wp-content\\\/uploads\\\/2024\\\/09\\\/Le-diocese-de-la-Vierge-Marie-a-Beni-Suef-subit.jpg\",\"datePublished\":\"2024-09-01T16:32:32+00:00\",\"breadcrumb\":{\"@id\":\"https:\\\/\\\/editionsbussiere.com\\\/blog\\\/le-diocese-de-la-vierge-marie-a-beni-suef-subit-denormes-pertes-materielles-suite-a-un-incendie-pour-adresser-ses-prieres-a-la-vierge\\\/#breadcrumb\"},\"inLanguage\":\"fr-FR\",\"potentialAction\":[{\"@type\":\"ReadAction\",\"target\":[\"https:\\\/\\\/editionsbussiere.com\\\/blog\\\/le-diocese-de-la-vierge-marie-a-beni-suef-subit-denormes-pertes-materielles-suite-a-un-incendie-pour-adresser-ses-prieres-a-la-vierge\\\/\"]}]},{\"@type\":\"ImageObject\",\"inLanguage\":\"fr-FR\",\"@id\":\"https:\\\/\\\/editionsbussiere.com\\\/blog\\\/le-diocese-de-la-vierge-marie-a-beni-suef-subit-denormes-pertes-materielles-suite-a-un-incendie-pour-adresser-ses-prieres-a-la-vierge\\\/#primaryimage\",\"url\":\"https:\\\/\\\/editionsbussiere.com\\\/blog\\\/wp-content\\\/uploads\\\/2024\\\/09\\\/Le-diocese-de-la-Vierge-Marie-a-Beni-Suef-subit.jpg\",\"contentUrl\":\"https:\\\/\\\/editionsbussiere.com\\\/blog\\\/wp-content\\\/uploads\\\/2024\\\/09\\\/Le-diocese-de-la-Vierge-Marie-a-Beni-Suef-subit.jpg\",\"width\":674,\"height\":485,\"caption\":\"Le diocese de la Vierge Marie a Beni Suef subit\"},{\"@type\":\"BreadcrumbList\",\"@id\":\"https:\\\/\\\/editionsbussiere.com\\\/blog\\\/le-diocese-de-la-vierge-marie-a-beni-suef-subit-denormes-pertes-materielles-suite-a-un-incendie-pour-adresser-ses-prieres-a-la-vierge\\\/#breadcrumb\",\"itemListElement\":[{\"@type\":\"ListItem\",\"position\":1,\"name\":\"Accueil\",\"item\":\"https:\\\/\\\/editionsbussiere.com\\\/blog\\\/\"},{\"@type\":\"ListItem\",\"position\":2,\"name\":\"Le dioc\u00e8se de la Vierge Marie \u00e0 Beni Suef subit d\u2019\u00e9normes pertes mat\u00e9rielles suite \u00e0 un incendie pour adresser ses pri\u00e8res \u00e0 la Vierge .\"}]},{\"@type\":\"WebSite\",\"@id\":\"https:\\\/\\\/editionsbussiere.com\\\/blog\\\/#website\",\"url\":\"https:\\\/\\\/editionsbussiere.com\\\/blog\\\/\",\"name\":\"EDITIONSBUSSIERE\",\"description\":\"Editions \u00e9sot\u00e9rique fond\u00e9e en 1927; site historique, A SAVOIR ET RETENIR.\",\"publisher\":{\"@id\":\"https:\\\/\\\/editionsbussiere.com\\\/blog\\\/#organization\"},\"potentialAction\":[{\"@type\":\"SearchAction\",\"target\":{\"@type\":\"EntryPoint\",\"urlTemplate\":\"https:\\\/\\\/editionsbussiere.com\\\/blog\\\/?s={search_term_string}\"},\"query-input\":{\"@type\":\"PropertyValueSpecification\",\"valueRequired\":true,\"valueName\":\"search_term_string\"}}],\"inLanguage\":\"fr-FR\"},{\"@type\":\"Organization\",\"@id\":\"https:\\\/\\\/editionsbussiere.com\\\/blog\\\/#organization\",\"name\":\"editionsbussiere\",\"url\":\"https:\\\/\\\/editionsbussiere.com\\\/blog\\\/\",\"logo\":{\"@type\":\"ImageObject\",\"inLanguage\":\"fr-FR\",\"@id\":\"https:\\\/\\\/editionsbussiere.com\\\/blog\\\/#\\\/schema\\\/logo\\\/image\\\/\",\"url\":\"https:\\\/\\\/editionsbussiere.com\\\/blog\\\/wp-content\\\/uploads\\\/2023\\\/09\\\/cropped-buss.gif\",\"contentUrl\":\"https:\\\/\\\/editionsbussiere.com\\\/blog\\\/wp-content\\\/uploads\\\/2023\\\/09\\\/cropped-buss.gif\",\"width\":298,\"height\":120,\"caption\":\"editionsbussiere\"},\"image\":{\"@id\":\"https:\\\/\\\/editionsbussiere.com\\\/blog\\\/#\\\/schema\\\/logo\\\/image\\\/\"}},{\"@type\":\"Person\",\"@id\":\"https:\\\/\\\/editionsbussiere.com\\\/blog\\\/#\\\/schema\\\/person\\\/ec90e102792148c97e46ab871010dd8f\",\"name\":\"Marie BATICLE\",\"image\":{\"@type\":\"ImageObject\",\"inLanguage\":\"fr-FR\",\"@id\":\"https:\\\/\\\/secure.gravatar.com\\\/avatar\\\/c923e52403b1b8137e2d929127211d21967e6aecaa053bd43b09da29f212e76e?s=96&d=mm&r=g\",\"url\":\"https:\\\/\\\/secure.gravatar.com\\\/avatar\\\/c923e52403b1b8137e2d929127211d21967e6aecaa053bd43b09da29f212e76e?s=96&d=mm&r=g\",\"contentUrl\":\"https:\\\/\\\/secure.gravatar.com\\\/avatar\\\/c923e52403b1b8137e2d929127211d21967e6aecaa053bd43b09da29f212e76e?s=96&d=mm&r=g\",\"caption\":\"Marie BATICLE\"},\"url\":\"https:\\\/\\\/editionsbussiere.com\\\/blog\\\/author\\\/eremarie\\\/\"}]}<\/script>\n<!-- \/ Yoast SEO plugin. -->","yoast_head_json":{"title":"Le dioc\u00e8se de la Vierge Marie \u00e0 Beni Suef subit d\u2019\u00e9normes pertes mat\u00e9rielles suite \u00e0 un incendie pour adresser ses pri\u00e8res \u00e0 la Vierge . - EDITIONSBUSSIERE","robots":{"index":"index","follow":"follow","max-snippet":"max-snippet:-1","max-image-preview":"max-image-preview:large","max-video-preview":"max-video-preview:-1"},"canonical":"https:\/\/editionsbussiere.com\/blog\/le-diocese-de-la-vierge-marie-a-beni-suef-subit-denormes-pertes-materielles-suite-a-un-incendie-pour-adresser-ses-prieres-a-la-vierge\/","og_locale":"fr_FR","og_type":"article","og_title":"Le dioc\u00e8se de la Vierge Marie \u00e0 Beni Suef subit d\u2019\u00e9normes pertes mat\u00e9rielles suite \u00e0 un incendie pour adresser ses pri\u00e8res \u00e0 la Vierge . - EDITIONSBUSSIERE","og_description":"Le dioc\u00e8se de la Vierge Marie \u00e0 Beni Suef a publi\u00e9 une d\u00e9claration concernant l\u2019incendie qui s\u2019est d\u00e9clar\u00e9 \u00e0 son si\u00e8ge samedi soir. \u00ab Un incendie s\u2019est d\u00e9clar\u00e9 dans le chapiteau adjacent \u00e0 l\u2019\u00e9glise de la Vierge Marie, dans la cour de l\u2019\u00e9glise, entra\u00eenant des d\u00e9g\u00e2ts importants \u00bb, peut-on lire dans le communiqu\u00e9. Elle a [&hellip;]","og_url":"https:\/\/editionsbussiere.com\/blog\/le-diocese-de-la-vierge-marie-a-beni-suef-subit-denormes-pertes-materielles-suite-a-un-incendie-pour-adresser-ses-prieres-a-la-vierge\/","og_site_name":"EDITIONSBUSSIERE","article_published_time":"2024-09-01T16:32:32+00:00","og_image":[{"url":"https:\/\/editionsbussiere.com\/blog\/wp-content\/uploads\/2024\/09\/Le-diocese-de-la-Vierge-Marie-a-Beni-Suef-subit.jpg","type":"","width":"","height":""}],"author":"Marie BATICLE","twitter_card":"summary_large_image","twitter_misc":{"\u00c9crit par":"Marie BATICLE","Dur\u00e9e de lecture estim\u00e9e":"10 minutes"},"schema":{"@context":"https:\/\/schema.org","@graph":[{"@type":"Article","@id":"https:\/\/editionsbussiere.com\/blog\/le-diocese-de-la-vierge-marie-a-beni-suef-subit-denormes-pertes-materielles-suite-a-un-incendie-pour-adresser-ses-prieres-a-la-vierge\/#article","isPartOf":{"@id":"https:\/\/editionsbussiere.com\/blog\/le-diocese-de-la-vierge-marie-a-beni-suef-subit-denormes-pertes-materielles-suite-a-un-incendie-pour-adresser-ses-prieres-a-la-vierge\/"},"author":{"name":"Marie BATICLE","@id":"https:\/\/editionsbussiere.com\/blog\/#\/schema\/person\/ec90e102792148c97e46ab871010dd8f"},"headline":"Le dioc\u00e8se de la Vierge Marie \u00e0 Beni Suef subit d\u2019\u00e9normes pertes mat\u00e9rielles suite \u00e0 un incendie pour adresser ses pri\u00e8res \u00e0 la Vierge .","datePublished":"2024-09-01T16:32:32+00:00","mainEntityOfPage":{"@id":"https:\/\/editionsbussiere.com\/blog\/le-diocese-de-la-vierge-marie-a-beni-suef-subit-denormes-pertes-materielles-suite-a-un-incendie-pour-adresser-ses-prieres-a-la-vierge\/"},"wordCount":2070,"publisher":{"@id":"https:\/\/editionsbussiere.com\/blog\/#organization"},"image":{"@id":"https:\/\/editionsbussiere.com\/blog\/le-diocese-de-la-vierge-marie-a-beni-suef-subit-denormes-pertes-materielles-suite-a-un-incendie-pour-adresser-ses-prieres-a-la-vierge\/#primaryimage"},"thumbnailUrl":"https:\/\/editionsbussiere.com\/blog\/wp-content\/uploads\/2024\/09\/Le-diocese-de-la-Vierge-Marie-a-Beni-Suef-subit.jpg","articleSection":["Editions \u00c9sot\u00e9rique Fond\u00e9e En 1927; D\u00e9p\u00e8ches:"],"inLanguage":"fr-FR"},{"@type":"WebPage","@id":"https:\/\/editionsbussiere.com\/blog\/le-diocese-de-la-vierge-marie-a-beni-suef-subit-denormes-pertes-materielles-suite-a-un-incendie-pour-adresser-ses-prieres-a-la-vierge\/","url":"https:\/\/editionsbussiere.com\/blog\/le-diocese-de-la-vierge-marie-a-beni-suef-subit-denormes-pertes-materielles-suite-a-un-incendie-pour-adresser-ses-prieres-a-la-vierge\/","name":"Le dioc\u00e8se de la Vierge Marie \u00e0 Beni Suef subit d\u2019\u00e9normes pertes mat\u00e9rielles suite \u00e0 un incendie pour adresser ses pri\u00e8res \u00e0 la Vierge . - EDITIONSBUSSIERE","isPartOf":{"@id":"https:\/\/editionsbussiere.com\/blog\/#website"},"primaryImageOfPage":{"@id":"https:\/\/editionsbussiere.com\/blog\/le-diocese-de-la-vierge-marie-a-beni-suef-subit-denormes-pertes-materielles-suite-a-un-incendie-pour-adresser-ses-prieres-a-la-vierge\/#primaryimage"},"image":{"@id":"https:\/\/editionsbussiere.com\/blog\/le-diocese-de-la-vierge-marie-a-beni-suef-subit-denormes-pertes-materielles-suite-a-un-incendie-pour-adresser-ses-prieres-a-la-vierge\/#primaryimage"},"thumbnailUrl":"https:\/\/editionsbussiere.com\/blog\/wp-content\/uploads\/2024\/09\/Le-diocese-de-la-Vierge-Marie-a-Beni-Suef-subit.jpg","datePublished":"2024-09-01T16:32:32+00:00","breadcrumb":{"@id":"https:\/\/editionsbussiere.com\/blog\/le-diocese-de-la-vierge-marie-a-beni-suef-subit-denormes-pertes-materielles-suite-a-un-incendie-pour-adresser-ses-prieres-a-la-vierge\/#breadcrumb"},"inLanguage":"fr-FR","potentialAction":[{"@type":"ReadAction","target":["https:\/\/editionsbussiere.com\/blog\/le-diocese-de-la-vierge-marie-a-beni-suef-subit-denormes-pertes-materielles-suite-a-un-incendie-pour-adresser-ses-prieres-a-la-vierge\/"]}]},{"@type":"ImageObject","inLanguage":"fr-FR","@id":"https:\/\/editionsbussiere.com\/blog\/le-diocese-de-la-vierge-marie-a-beni-suef-subit-denormes-pertes-materielles-suite-a-un-incendie-pour-adresser-ses-prieres-a-la-vierge\/#primaryimage","url":"https:\/\/editionsbussiere.com\/blog\/wp-content\/uploads\/2024\/09\/Le-diocese-de-la-Vierge-Marie-a-Beni-Suef-subit.jpg","contentUrl":"https:\/\/editionsbussiere.com\/blog\/wp-content\/uploads\/2024\/09\/Le-diocese-de-la-Vierge-Marie-a-Beni-Suef-subit.jpg","width":674,"height":485,"caption":"Le diocese de la Vierge Marie a Beni Suef subit"},{"@type":"BreadcrumbList","@id":"https:\/\/editionsbussiere.com\/blog\/le-diocese-de-la-vierge-marie-a-beni-suef-subit-denormes-pertes-materielles-suite-a-un-incendie-pour-adresser-ses-prieres-a-la-vierge\/#breadcrumb","itemListElement":[{"@type":"ListItem","position":1,"name":"Accueil","item":"https:\/\/editionsbussiere.com\/blog\/"},{"@type":"ListItem","position":2,"name":"Le dioc\u00e8se de la Vierge Marie \u00e0 Beni Suef subit d\u2019\u00e9normes pertes mat\u00e9rielles suite \u00e0 un incendie pour adresser ses pri\u00e8res \u00e0 la Vierge ."}]},{"@type":"WebSite","@id":"https:\/\/editionsbussiere.com\/blog\/#website","url":"https:\/\/editionsbussiere.com\/blog\/","name":"EDITIONSBUSSIERE","description":"Editions \u00e9sot\u00e9rique fond\u00e9e en 1927; site historique, A SAVOIR ET RETENIR.","publisher":{"@id":"https:\/\/editionsbussiere.com\/blog\/#organization"},"potentialAction":[{"@type":"SearchAction","target":{"@type":"EntryPoint","urlTemplate":"https:\/\/editionsbussiere.com\/blog\/?s={search_term_string}"},"query-input":{"@type":"PropertyValueSpecification","valueRequired":true,"valueName":"search_term_string"}}],"inLanguage":"fr-FR"},{"@type":"Organization","@id":"https:\/\/editionsbussiere.com\/blog\/#organization","name":"editionsbussiere","url":"https:\/\/editionsbussiere.com\/blog\/","logo":{"@type":"ImageObject","inLanguage":"fr-FR","@id":"https:\/\/editionsbussiere.com\/blog\/#\/schema\/logo\/image\/","url":"https:\/\/editionsbussiere.com\/blog\/wp-content\/uploads\/2023\/09\/cropped-buss.gif","contentUrl":"https:\/\/editionsbussiere.com\/blog\/wp-content\/uploads\/2023\/09\/cropped-buss.gif","width":298,"height":120,"caption":"editionsbussiere"},"image":{"@id":"https:\/\/editionsbussiere.com\/blog\/#\/schema\/logo\/image\/"}},{"@type":"Person","@id":"https:\/\/editionsbussiere.com\/blog\/#\/schema\/person\/ec90e102792148c97e46ab871010dd8f","name":"Marie BATICLE","image":{"@type":"ImageObject","inLanguage":"fr-FR","@id":"https:\/\/secure.gravatar.com\/avatar\/c923e52403b1b8137e2d929127211d21967e6aecaa053bd43b09da29f212e76e?s=96&d=mm&r=g","url":"https:\/\/secure.gravatar.com\/avatar\/c923e52403b1b8137e2d929127211d21967e6aecaa053bd43b09da29f212e76e?s=96&d=mm&r=g","contentUrl":"https:\/\/secure.gravatar.com\/avatar\/c923e52403b1b8137e2d929127211d21967e6aecaa053bd43b09da29f212e76e?s=96&d=mm&r=g","caption":"Marie BATICLE"},"url":"https:\/\/editionsbussiere.com\/blog\/author\/eremarie\/"}]}},"_links":{"self":[{"href":"https:\/\/editionsbussiere.com\/blog\/wp-json\/wp\/v2\/posts\/1253","targetHints":{"allow":["GET"]}}],"collection":[{"href":"https:\/\/editionsbussiere.com\/blog\/wp-json\/wp\/v2\/posts"}],"about":[{"href":"https:\/\/editionsbussiere.com\/blog\/wp-json\/wp\/v2\/types\/post"}],"author":[{"embeddable":true,"href":"https:\/\/editionsbussiere.com\/blog\/wp-json\/wp\/v2\/users\/3"}],"replies":[{"embeddable":true,"href":"https:\/\/editionsbussiere.com\/blog\/wp-json\/wp\/v2\/comments?post=1253"}],"version-history":[{"count":0,"href":"https:\/\/editionsbussiere.com\/blog\/wp-json\/wp\/v2\/posts\/1253\/revisions"}],"wp:featuredmedia":[{"embeddable":true,"href":"https:\/\/editionsbussiere.com\/blog\/wp-json\/wp\/v2\/media\/1254"}],"wp:attachment":[{"href":"https:\/\/editionsbussiere.com\/blog\/wp-json\/wp\/v2\/media?parent=1253"}],"wp:term":[{"taxonomy":"category","embeddable":true,"href":"https:\/\/editionsbussiere.com\/blog\/wp-json\/wp\/v2\/categories?post=1253"},{"taxonomy":"post_tag","embeddable":true,"href":"https:\/\/editionsbussiere.com\/blog\/wp-json\/wp\/v2\/tags?post=1253"}],"curies":[{"name":"wp","href":"https:\/\/api.w.org\/{rel}","templated":true}]}}