{"id":1248,"date":"2024-08-31T18:21:03","date_gmt":"2024-08-31T16:21:03","guid":{"rendered":"https:\/\/editionsbussiere.com\/blog\/groupe-deglises-carew-services-du-dimanche-1er-septembre-et-priere-au-petit-jour\/"},"modified":"2024-08-31T18:21:03","modified_gmt":"2024-08-31T16:21:03","slug":"groupe-deglises-carew-services-du-dimanche-1er-septembre-et-priere-au-petit-jour","status":"publish","type":"post","link":"https:\/\/editionsbussiere.com\/blog\/groupe-deglises-carew-services-du-dimanche-1er-septembre-et-priere-au-petit-jour\/","title":{"rendered":"Groupe d\u2019\u00e9glises Carew \u2013 Services du dimanche 1er septembre\n et pri\u00e8re au petit jour."},"content":{"rendered":"<div><img width=\"580\" height=\"326\" src=\"https:\/\/editionsbussiere.com\/blog\/wp-content\/uploads\/2024\/08\/Carew-Group-of-Anglican-Churches-Services-du-9-juin-bingo-et.jpg\" class=\"attachment-large size-large wp-post-image\" alt=\"Carew Group of Anglican Churches\u00a0: Services du 9\u00a0juin, bingo et\" style=\"float:left; margin:0 15px 15px 0;\" decoding=\"async\" srcset=\"https:\/\/editionsbussiere.com\/blog\/wp-content\/uploads\/2024\/08\/Carew-Group-of-Anglican-Churches-Services-du-9-juin-bingo-et.jpg 1024w, https:\/\/www.n42.fr\/wp-content\/uploads\/2024\/06\/Carew-Group-of-Anglican-Churches-Services-du-9-juin-bingo-et-300x169.jpg 300w, https:\/\/www.n42.fr\/wp-content\/uploads\/2024\/06\/Carew-Group-of-Anglican-Churches-Services-du-9-juin-bingo-et-768x432.jpg 768w\" sizes=\"(max-width: 580px) 100vw, 580px\"><\/p>\n<p>St Mary\u2019s Redberth, 9h00 \u2013 Communion. St Mary\u2019s Carew, 11h00 \u2013 Communion. Sainte Eucharistie tous les mercredis \u00e0 10h00 St Marys Carew. Pour les mariages, bapt\u00eames et fun\u00e9railles, contactez le r\u00e9v\u00e9rend Hannah[email \u2026<\/p>\n<h2>Une p\u00e9riode de pri\u00e8re intime afin de nous ouvrir \u00e0 Dieu. <\/h2>\n<p>Cher P\u00e8re c\u00e9leste, j\u2019arrive devant toi afin de te remercier \u00e0 cause de cette nouvelle journ\u00e9e. Je te loue en raison de ta bont\u00e9 ainsi que ton engagement envers moi. Je te supplie de me remplir de ton esprit et de m\u2019accorder la gr\u00e2ce de ressentir pr\u00e8s de moi tout au long de cette journ\u00e9e. Je d\u00e9pose entre tes mains toutes mes pr\u00e9occupations, mes all\u00e9gresses, mes peines, mes envies et mes esp\u00e9rances. Que ton Esprit Saint illumine mon esprit et fortifie ma foi, pour que je puisse marcher dans ton chemin et accomplir ta volont\u00e9. Octroie-moi la gr\u00e2ce de mener selon la compassion que tu nous as enseign\u00e9 l\u2019exemple \u00e0 travers ton Fils ch\u00e9ri, J\u00e9sus-Christ.<\/p>\n<h3> Note sur compr\u00e9hension : <\/h3>\n<p>La pri\u00e8re nous plonge dans le myst\u00e8re de le famille divine, dans laquelle le Tout-Puissant le P\u00e8re nous accueille tel ses enfants bien-aim\u00e9s. Dans cette connexion familial, nous rencontrons la force et la consolation en vue de affronter les \u00e9preuves du. Elle nous renvoie \u00e0 la parole du disciple Pierre, celui-ci exhorte les disciples du Christ \u00e0 demeurer fermes dans leur foi, m\u00eame face \u00e0 au milieu des \u00e9preuves de ce monde.<\/p>\n<h3>\nRenforcer notre connexion \u00e0 J\u00e9sus d\u00e8s chaque matin<\/h3>\n<p>Nous sommes capables de m\u00e9diter \u00e0 propos de l\u2019un des diff\u00e9rents \u00e9vangiles afin de nous connecter \u00e0 J\u00e9sus. Par exemple :<\/p>\n<h3>Jean 15, 9-17 : <\/h3>\n<p>\u00a0\u00bb Ce n\u2019est pas vous qui m\u2019avez choisi; mais c\u2019est moi qui vous ai choisis, et qui vous ai \u00e9tablis, afin que vous alliez, et que vous portiez du fruit, et que votre fruit demeure, afin que ce que vous demanderez au P\u00e8re en mon nom, il vous le donne. Ce que je vous commande, c\u2019est de vous aimer les uns les autres.\u00a0\u00bb<\/p>\n<h2> Demander r\u00e9mission \u00e0 Dieu \u00e0 cause de nos p\u00e9ch\u00e9s <\/h2>\n<p>Dieu J\u00e9sus, j\u2019arrive te prier de pardonner mes propres p\u00e9ch\u00e9s. Je reconnais que je ne suis pas parfait et que j\u2019ai besoin de ta mis\u00e9ricorde. Je te demande de me d\u00e9livrer de toute ce qui me s\u00e9pare de toi et de me donner la gr\u00e2ce afin de vivre en conformit\u00e9 avec ta volont\u00e9. Que ta b\u00e9n\u00e9diction c\u00e9leste dissipe les recoins les plus sombres de mon c\u0153ur, purifiant mon \u00eatre et me m\u2019orientant sur la voie de la saintet\u00e9. Amen.<\/p>\n<h3> Discussion avec le Seigneur comme en compagnie de un ami. <\/h3>\n<p>Nous pouvons communiquer \u00e0 Dieu comme \u00e0 l\u2019\u00e9gard de un ami proche, lui confier nos joies et nos peines, le Seigneur demander de l\u2019aide dans nos d\u00e9fis quotidiens. Par exemple : Seigneur, merci en raison de cette in\u00e9dite journ\u00e9e. Je m\u2019approche te prier m\u2019assister \u00e0 \u00eatre patient envers mes enfants et pour me accorder la puissance d\u2019affronter aux d\u00e9fis de la journ\u00e9e. Je te remets mes projets et mes soucis, et je te demande de me r\u00e9v\u00e9ler de quelle mani\u00e8re je ai la capacit\u00e9 de te assister et t\u2019honorer aujourd\u2019hui. Accorde-moi, \u00f4 Seigneur, ta sagesse afin de prendre les bonnes d\u00e9cisions et ton soutien pour traverser les \u00e9preuves avec foi. Amen.<\/p>\n<h3> Un moment de silence pour percevoir Dieu. <\/h3>\n<p>Apr\u00e8s cette pri\u00e8re et cette m\u00e9ditation, il est essentiel de prendre quelques moment de silence afin de \u00e9couter sa voix de Dieu dans nos c\u0153urs. Dans ce silence, il nous ressentir sa pr\u00e9sence sereine et recevoir ses inspirations afin de la journ\u00e9e qui se.<\/p>\n<h3> Se orienter \u00e0 le Christ en vue de trouver une paix int\u00e9rieure. <\/h3>\n<p>Nous pouvons prier J\u00e9sus m\u2019assister nous accorder sa paix et de nous aider en vue de \u00e9couter sa parole. Par exemple :<br \/>\nSeigneur J\u00e9sus, j\u2019arrive te prier m\u2019assister remplir mon propre c\u0153ur avec ta tendresse. Je te demande m\u2019assister me d\u00e9livrer de chaque pens\u00e9es et les diff\u00e9rentes inqui\u00e9tudes me perturbent. Aide-moi \u00e0 \u00e9couter ta parole et \u00e0 la mettre en pratique dans ma vie. Que ton Esprit Saint, \u00f4 Christ, devienne ma force durant de cette journ\u00e9e. Amen.<\/p>\n<h3> Achever notre pri\u00e8re matinale en d\u00e9diant notre journ\u00e9e \u00e0 Dieu. <\/h3>\n<p>Nous sommes en mesure d\u2019offrir la journ\u00e9e envers Dieu m\u00eame lui demander de la remplir de sa pr\u00e9sence et de sa b\u00e9n\u00e9diction. Par exemple :<br \/>\nSeigneur, nous te confie cette journ\u00e9e entre ta mains. Que toutes de mes pas soit dirig\u00e9 par ton sagesse, que chacun de mes paroles soit inspir\u00e9e par ta amour. Que toutes mes actions soient accomplies selon ton volont\u00e9, pour ton gloire et l\u2019ensemble des bien. Que ta lumi\u00e8re \u00e9claire ma route et \u00e9galement que tu habites mon c\u0153ur. Amen.<\/p>\n<h3> Invocation d\u2019imploration matinale. <\/h3>\n<p>La invocation du matin consiste \u00e0 prier pour les besoins de nos chr\u00e9tiennes et des chr\u00e9tiens. Nous pouvons prier pour les personnes dans le besoin, pour les malades, pour les personnes qui souffrent, pour les personnes qui confront\u00e9es \u00e0 des difficult\u00e9s, pour les personnes d\u00e9courag\u00e9es et pour les personnes qui dans l\u2019erreur.<\/p>\n<h3> Prier afin de chacun individus au sein de le besoin. <\/p>\n<h3>\n<\/h3>\n<\/h3>\n<p>Divin, dans ta grande mis\u00e9ricorde, nous te supplions en vue de chacune des personnes qui traversent d\u2019innombrables difficult\u00e9s financi\u00e8res. Que tu leur accordes la force et la pers\u00e9v\u00e9rance pour d\u00e9passer ces \u00e9preuves, ainsi que que vous leur apportes les ressources n\u00e9cessaires en vue de subvenir \u00e0 l\u2019ensemble de leurs besoins. Accorde-leur, Grand, votre providence afin de guider leur pas dans l\u2019ombre de leurs soucis financiers.<\/p>\n<p>On te implorons \u00e9galement pour l\u2019ensemble des personnes qui luttent vis-\u00e0-vis de des probl\u00e8mes de sant\u00e9. Que votre main puissante se pose sur elles, Seigneur, pour les gu\u00e9rir et aussi les r\u00e9conforter dans leur douleur. Accorde-leur, \u00f4, la force et le courage de faire face \u00e0 leurs d\u00e9fis de sant\u00e9 avec confiance en ta divine providence.<\/p>\n<p>Nous autres te demandons encore en vue de toutes personnes qui sont confront\u00e9es vis-\u00e0-vis de d\u2019innombrables difficult\u00e9s dans leur vie, que ce soit sur le plan professionnel, relationnel ou encore \u00e9motionnel. Que sa gr\u00e2ce, Seigneur, reste leur soutien et leur r\u00e9confort dans ces moments d\u2019\u00e9preuve. Accorde-leur, Grand, ton Esprit Saint pour \u00e9clairer leur chemin ainsi que les guider vers la s\u00e9r\u00e9nit\u00e9.<\/p>\n<p>Pour terminer, nous vous prions pour toutes personnes qui sont sans-abri, qui sont marginalis\u00e9es et aussi exclues de la soci\u00e9t\u00e9. Que sa mis\u00e9ricorde, Seigneur, se r\u00e9pande sur elles comme une douce ros\u00e9e, leur apportant r\u00e9confort et espoir dans leur d\u00e9tresse. Accorde-leur, \u00f4, des mains g\u00e9n\u00e9reuses en vue de les aider et aussi des c\u0153urs compatissants en vue de les accueillir dans leur communaut\u00e9.<\/p>\n<h3> d\u00e9veloppement sur cette pri\u00e8re du matin. <\/h3>\n<p>Au cours de la pri\u00e8re, nous \u00e9levons nos esprits \u00e0 l\u2019\u00e9gard de le Ciel, demandant la lumi\u00e8re de Dieu pour guider nos chemins obscurs. Marie, notre m\u00e8re, nous guide dans ce parcours, nous enseignant \u00e0 m\u00e9diter sur les myst\u00e8res de la vie de son divin enfant. Elle nous guide vers J\u00e9sus, le rayon du monde, qui \u00e9claire nos t\u00e9n\u00e8bres et nous conduit \u00e0 la v\u00e9rit\u00e9.<br \/>\nLa oraison nous relie aussi \u00e0 notre famille spirituelle, la famille des croyants, o\u00f9 nous \u00e9changeons nos contentements et nos douleurs, nos attentes et nos inqui\u00e9tudes. Ensemble, nous formons le corps du Christ, convoqu\u00e9s \u00e0 d\u00e9montrer de son affection. Par nos pri\u00e8res, nous pla\u00e7ons pour les n\u00e9cessit\u00e9s des croyantes et des fid\u00e8les, offrant notre charit\u00e9 et notre compassion \u00e0 ceux qui souffrent.<br \/>\nUnissons-nous dans la pri\u00e8re de debut de journ\u00e9e, dans l\u2019unit\u00e9 de notre confiance, en Marie, la m\u00e8re de J\u00e9sus. Dans notre monde tourment\u00e9 par la guerre et la division, recourons \u00e0 la pri\u00e8re comme un moyen pour retrouver la paix et l\u2019harmonie. Il est possible envoyer une sollicitation pour la Vierge Marie <a target=\"_blank\" rel=\"nofollow\" href=\"https:\/\/editionsbussiere.com\/blog\/goto\/https:\/\/www.avemariasound.org\/\" >en sollicitant les b\u00e9n\u00e9voles.<\/a> Que nos supplications montent vers le ciel, comme une offrande agr\u00e9able par Dieu, pour qu\u2019il puisse nous guider nos chemins vers la voie de la justice et de la v\u00e9rit\u00e9. L\u2019ap\u00f4tre Paul nous dans ses \u00e9p\u00eetres \u00e0 prier sans cesse, en toutes circonstances, pour que notre communion \u00e0 Dieu soit constante et passionn\u00e9e. La pri\u00e8re, lorsqu\u2019elle est offerte sinc\u00e8rement, a le pouvoir pour transformer nos c\u0153urs et d\u2019influer le destin de l\u2019histoire.<\/p>\n<h2> \u00c9lever nos propres pri\u00e8res pour nos proches au Seigneur au lever du jour.<\/h2>\n<p>Cette ult\u00e9rieure section de la pri\u00e8re du matin consiste \u00e0 prier pour nos proches familles, nos famille, nos amis et notre communaut\u00e9. Nous pouvons prier pour leur, leur bien-\u00eatre, leur protection, et leur abondance. Nous pouvons \u00e9galement prier pour nos ennemis et pour ces personnes qui nous ont heurt\u00e9s, et demander \u00e0 Dieu de nous aider \u00e0 leur pardonner et \u00e0 leur d\u00e9montrer la compassion.<\/p>\n<h3> Invoquer pour la bien-\u00eatre et la protection de nos amis.<\/h3>\n<p>Dieu tout-puissant, nous autres te confions nos proches, nos propres familles et nos connaissances. Prot\u00e8ge, \u00d4 Dieu, au-dessus de eux, et prot\u00e8ge -les de tout risque et de toute maladie. Donne, Dieu mis\u00e9ricordieux, la bien-\u00eatre du corps ainsi que de l\u2019esprit pour eux, et aussi la paix dans leur esprit. Puissante soit la volont\u00e9 pour que ta b\u00e9n\u00e9diction puissante les \u00e2mes prot\u00e8ge et les individus guide chacun au long de cette journ\u00e9e, pour qu\u2019ils vivent dans la tranquillit\u00e9 et la s\u00e9r\u00e9nit\u00e9.<\/p>\n<p>Nous autres te prions aussi pour notre enfants, Seigneur, pour qu\u2019ils grandissent dans la foi avec dans l\u2019amour de ton saint nom. Accorde, \u00f4 Dieu, une sagesse avec la vigueur n\u00e9cessaires pour faire face \u00e0 les obstacles de la vie, ainsi que conduise leurs pas sur le chemin de la v\u00e9rit\u00e9 et de la justice.<\/p>\n<p>Enfin, nous te prions en vue de nos amis ainsi que nos voisins, Seigneur, afin qu\u2019ils d\u00e9couvrent la joie de ton amour avec la tranquillit\u00e9 de ton pardon. Accorde-leur, \u00d4 Dieu, de c\u0153urs bienveillants en vue de partager avec ceux qui sont dans le besoin, et mains accueillantes en vue de accueillir ceux qui sont seuls ainsi que abandonn\u00e9s.<\/p>\n<h3> Prier pour les n\u00f4tres ennemis et ceux qui sont nous autres ont offens\u00e9s. <\/h3>\n<p>\u00d4 Seigneur, J\u00e9sus, nous vous prions pour nos ennemis et aussi pour ceux que nous ont offens\u00e9s. Accorde-leur, \u00f4 Christ, votre mis\u00e9ricorde ainsi que ton pardon, ainsi que ouvre leur c\u0153ur \u00e0 la lumi\u00e8re des ta v\u00e9rit\u00e9. Aide-nous, Seigneur Dieu, \u00e0 leur montrer de la compassion ainsi que \u00e0 leur pardonner comme tu nous-m\u00eames as pardonn\u00e9. Que votre paix r\u00e8gne dans nos c\u0153urs et aussi que ton amour guide notre actions, pour que nous puissions vivre en harmonie avec tous ceux que nous-m\u00eames entourent.<\/p>\n<h3> Comprendre la pri\u00e8re : <\/h3>\n<p>En conclusion, la oraison nous reconna\u00eet notre mission tel que prog\u00e9niture de l\u2019\u00c9ternel : exister des observateurs de l\u2019 clart\u00e9 et de ses attachement dans l\u2019 \u00e8re affect\u00e9e aux obscurit\u00e9s. \u00c0 travers notre discours et notre \u0153uvres, nous propageons la bonne nouvelle de l\u2019 s\u00e9r\u00e9nit\u00e9 et de la r\u00e9conciliation, amenant l\u2019espoir et la r\u00e9paration \u00e0 un contexte bris\u00e9.<\/p>\n<p>\u00c0 l\u2019int\u00e9rieur de la foi chr\u00e9tienne, le lever du jour adopte une importance particuli\u00e8re, symbolisant le renouvellement et la reconstruction spirituelle. C\u2019est au d\u00e9but de chaque jour que l\u2019\u00e2me se tourne vers Dieu dans la pri\u00e8re, recherchant \u00e0 se trouver \u00e9clair\u00e9e par la clart\u00e9 divine. La coutume des pri\u00e8res matinales s\u2019av\u00e8re profond\u00e9ment enracin\u00e9e dans la tradition chr\u00e9tienne, fournissant un moment exclusif pour \u00e9tablir une connexion avec le Seigneur et se pr\u00e9parer int\u00e9rieurement aux d\u00e9fis de la journ\u00e9e \u00e0 venir.<\/p>\n<p>Au au c\u0153ur au sein de ces oraisons matinales se rep\u00e8re souvent une d\u00e9votion particuli\u00e8re pour Marie, la mam de J\u00e9sus et ic\u00f4ne sainte ador\u00e9e par de nombreux fid\u00e8les. En tant d\u2019 m\u00e9diatrice au milieu de les hommes et Dieu, Marie reste pri\u00e9e pour m\u00e9dier en notre faveur, nous orientant sur le chemin vers la saintet\u00e9 et ainsi que la gr\u00e2ce divine. Son pr\u00e9sentation parentale offre consolation ainsi que protection, entourant nos propres pri\u00e8re matinales avec une douceur c\u00e9leste.<\/p>\n<p>En travers l\u2019 oraisons du matin, on se trouve invit\u00e9s \u00e0 nous unir \u00e0 Marie au sein de une d\u00e9marche de sanctification personnelle. En m\u00e9ditant sur sa vie et ses vertus, nous cherchons \u00e0 imiter son humilit\u00e9, sa puret\u00e9 et sa ob\u00e9issance \u00e0 la volont\u00e9 de Dieu. Par le biais de sa saintet\u00e9 mod\u00e8le, Marie est en nous une mod\u00e8le de vie chr\u00e9tienne, nous rem\u00e9morant l\u2019importance du pri\u00e8re et du contemplation au sein de notre cheminement spirituel.<\/p>\n<p>La pri\u00e8re du matin est ainsi un temps favoris\u00e9 pour se consacrer \u00e0 Dieu avec l\u2019intercession de Marie, en lui offrant nos louanges, nos remerciements et nos intentions les plus profondes. Dans la qui\u00e9tude du l\u2019aurore, nous sommes invit\u00e9s pour tourner envers cette m\u00e8re sacr\u00e9e, laquelle nous guide avec tendresse sur le chemin de la croyance et du sentiment amoureux divin. \u00c0 travers unissant notre voix \u00e0 celle de Marie, nous \u00e9levons notre pri\u00e8res matinales vers le tr\u00f4ne de la gr\u00e2ce, assur\u00e9s que notre supplications seront entendues ainsi que accueillies par le c\u0153ur mis\u00e9ricordieux de Dieu.<\/p>\n<p>Publications sur le m\u00eame objet:<\/p>\n<p>Vierges en fleur\/11.,<a target=\"_blank\" rel=\"nofollow\" href=\"https:\/\/editionsbussiere.com\/blog\/goto\/https:\/\/fr.wikisource.org\/wiki\/Vierges_en_fleur\/11\"  target=\"_blank\" rel=\"noopener noreferrer nofollow\">Le post d\u2019actualit\u00e9.<\/a><span><\/span>. Suite sur le prochain article.<\/p>\n<p>Les Vierges de Syracuse\/Texte entier.,<a target=\"_blank\" rel=\"nofollow\" href=\"https:\/\/editionsbussiere.com\/blog\/goto\/https:\/\/fr.wikisource.org\/wiki\/Les_Vierges_de_Syracuse\/Texte_entier\"  target=\"_blank\" rel=\"noopener noreferrer nofollow\">Le texte de l\u2019article.<\/a><span><\/span><\/p>\n<p>Les P\u00e8res de l\u2019\u00c9glise\/Tome 1\/Auteurs inconnus\/Saint Hermas.,<a target=\"_blank\" rel=\"nofollow\" href=\"https:\/\/editionsbussiere.com\/blog\/goto\/https:\/\/fr.wikisource.org\/wiki\/Les_P%C3%A8res_de_l%E2%80%99%C3%89glise\/Tome_1\/Auteurs_inconnus\/Saint_Hermas\"  target=\"_blank\" rel=\"noopener noreferrer nofollow\">Le post d\u2019actualit\u00e9.<\/a><span><\/span><\/p>\n<p>La L\u00e9gende dor\u00e9e\/Sainte Marthe.,<a target=\"_blank\" rel=\"nofollow\" href=\"https:\/\/editionsbussiere.com\/blog\/goto\/https:\/\/fr.wikisource.org\/wiki\/La_L%C3%A9gende_dor%C3%A9e\/Sainte_Marthe\"  target=\"_blank\" rel=\"noopener noreferrer nofollow\">A lire ici.<\/a><span><\/span>. Suite sur le prochain article.<\/p>\n<p>Il Pianto \u2013 Po\u00e8mes\/Raphael.,<a target=\"_blank\" rel=\"nofollow\" href=\"https:\/\/editionsbussiere.com\/blog\/goto\/https:\/\/fr.wikisource.org\/wiki\/Il_Pianto_-_Po%C3%A8mes\/Raphael\"  target=\"_blank\" rel=\"noopener noreferrer nofollow\">Le texte de l\u2019article.<\/a><span><\/span><\/p>\n<p>Contes choisis des fr\u00e8res Grimm\/L\u2019enfant de la bonne Vierge.,<a target=\"_blank\" rel=\"nofollow\" href=\"https:\/\/editionsbussiere.com\/blog\/goto\/https:\/\/fr.wikisource.org\/wiki\/Contes_choisis_des_fr%C3%A8res_Grimm\/L%E2%80%99enfant_de_la_bonne_Vierge\"  target=\"_blank\" rel=\"noopener noreferrer nofollow\">Le texte de l\u2019article.<\/a><span><\/span><\/p>\n<\/div>\n<p><img decoding=\"async\" class=\"wpe_imgrss\" src=\"https:\/\/editionsbussiere.com\/blog\/wp-content\/uploads\/2024\/08\/Carew-Group-of-Anglican-Churches-Services-du-9-juin-bingo-et.jpg\">Cet article a \u00e9t\u00e9 reconstitu\u00e9 du mieux possible. Dans l\u2019hypoth\u00e8se o\u00f9 vous souhaitez apporter quelques modifications concernant le th\u00e8me \u00ab\u00a0Editions \u00e9sot\u00e9rique fond\u00e9e en 1927\u00a0\u00bb, il est possible de discuter avec notre r\u00e9daction. Vous pouvez tirer profit de cet article traitant le sujet \u00ab\u00a0Editions \u00e9sot\u00e9rique fond\u00e9e en 1927\u00a0\u00bb. Il est concoct\u00e9 par l\u2019\u00e9quipe editionsbussiere.com. Le site editionsbussiere.com est fait pour cr\u00e9er divers posts autour du th\u00e8me Editions \u00e9sot\u00e9rique fond\u00e9e en 1927 d\u00e9velopp\u00e9es sur internet. Consultez notre site internet editionsbussiere.com et nos r\u00e9seaux sociaux pour \u00eatre au courant des futures annonces.<\/p>\n","protected":false},"excerpt":{"rendered":"<p>St Mary\u2019s Redberth, 9h00 \u2013 Communion. St Mary\u2019s Carew, 11h00 \u2013 Communion. Sainte Eucharistie tous les mercredis \u00e0 10h00 St Marys Carew. Pour les mariages, bapt\u00eames et fun\u00e9railles, contactez le r\u00e9v\u00e9rend Hannah[email \u2026 Une p\u00e9riode de pri\u00e8re intime afin de nous ouvrir \u00e0 Dieu. Cher P\u00e8re c\u00e9leste, j\u2019arrive devant toi afin de te remercier \u00e0 [&hellip;]<\/p>\n","protected":false},"author":3,"featured_media":1249,"comment_status":"closed","ping_status":"closed","sticky":false,"template":"","format":"standard","meta":{"footnotes":""},"categories":[3],"tags":[],"class_list":["post-1248","post","type-post","status-publish","format-standard","has-post-thumbnail","hentry","category-editions-esoterique-fondee-en-1927-depeches","entry","fw-tab-6 fw-tabr-4","has-featured-image"],"yoast_head":"<!-- This site is optimized with the Yoast SEO plugin v27.5 - https:\/\/yoast.com\/product\/yoast-seo-wordpress\/ -->\n<title>Groupe d\u2019\u00e9glises Carew \u2013 Services du dimanche 1er septembre et pri\u00e8re au petit jour. - EDITIONSBUSSIERE<\/title>\n<meta name=\"robots\" content=\"index, follow, max-snippet:-1, max-image-preview:large, max-video-preview:-1\" \/>\n<link rel=\"canonical\" href=\"https:\/\/editionsbussiere.com\/blog\/groupe-deglises-carew-services-du-dimanche-1er-septembre-et-priere-au-petit-jour\/\" \/>\n<meta property=\"og:locale\" content=\"fr_FR\" \/>\n<meta property=\"og:type\" content=\"article\" \/>\n<meta property=\"og:title\" content=\"Groupe d\u2019\u00e9glises Carew \u2013 Services du dimanche 1er septembre et pri\u00e8re au petit jour. - EDITIONSBUSSIERE\" \/>\n<meta property=\"og:description\" content=\"St Mary\u2019s Redberth, 9h00 \u2013 Communion. St Mary\u2019s Carew, 11h00 \u2013 Communion. Sainte Eucharistie tous les mercredis \u00e0 10h00 St Marys Carew. Pour les mariages, bapt\u00eames et fun\u00e9railles, contactez le r\u00e9v\u00e9rend Hannah[email \u2026 Une p\u00e9riode de pri\u00e8re intime afin de nous ouvrir \u00e0 Dieu. Cher P\u00e8re c\u00e9leste, j\u2019arrive devant toi afin de te remercier \u00e0 [&hellip;]\" \/>\n<meta property=\"og:url\" content=\"https:\/\/editionsbussiere.com\/blog\/groupe-deglises-carew-services-du-dimanche-1er-septembre-et-priere-au-petit-jour\/\" \/>\n<meta property=\"og:site_name\" content=\"EDITIONSBUSSIERE\" \/>\n<meta property=\"article:published_time\" content=\"2024-08-31T16:21:03+00:00\" \/>\n<meta property=\"og:image\" content=\"https:\/\/editionsbussiere.com\/blog\/wp-content\/uploads\/2024\/08\/Carew-Group-of-Anglican-Churches-Services-du-9-juin-bingo-et.jpg\" \/>\n<meta name=\"author\" content=\"Marie BATICLE\" \/>\n<meta name=\"twitter:card\" content=\"summary_large_image\" \/>\n<meta name=\"twitter:label1\" content=\"\u00c9crit par\" \/>\n\t<meta name=\"twitter:data1\" content=\"Marie BATICLE\" \/>\n\t<meta name=\"twitter:label2\" content=\"Dur\u00e9e de lecture estim\u00e9e\" \/>\n\t<meta name=\"twitter:data2\" content=\"13 minutes\" \/>\n<script type=\"application\/ld+json\" class=\"yoast-schema-graph\">{\"@context\":\"https:\\\/\\\/schema.org\",\"@graph\":[{\"@type\":\"Article\",\"@id\":\"https:\\\/\\\/editionsbussiere.com\\\/blog\\\/groupe-deglises-carew-services-du-dimanche-1er-septembre-et-priere-au-petit-jour\\\/#article\",\"isPartOf\":{\"@id\":\"https:\\\/\\\/editionsbussiere.com\\\/blog\\\/groupe-deglises-carew-services-du-dimanche-1er-septembre-et-priere-au-petit-jour\\\/\"},\"author\":{\"name\":\"Marie BATICLE\",\"@id\":\"https:\\\/\\\/editionsbussiere.com\\\/blog\\\/#\\\/schema\\\/person\\\/ec90e102792148c97e46ab871010dd8f\"},\"headline\":\"Groupe d\u2019\u00e9glises Carew \u2013 Services du dimanche 1er septembre et pri\u00e8re au petit jour.\",\"datePublished\":\"2024-08-31T16:21:03+00:00\",\"mainEntityOfPage\":{\"@id\":\"https:\\\/\\\/editionsbussiere.com\\\/blog\\\/groupe-deglises-carew-services-du-dimanche-1er-septembre-et-priere-au-petit-jour\\\/\"},\"wordCount\":2551,\"publisher\":{\"@id\":\"https:\\\/\\\/editionsbussiere.com\\\/blog\\\/#organization\"},\"image\":{\"@id\":\"https:\\\/\\\/editionsbussiere.com\\\/blog\\\/groupe-deglises-carew-services-du-dimanche-1er-septembre-et-priere-au-petit-jour\\\/#primaryimage\"},\"thumbnailUrl\":\"https:\\\/\\\/editionsbussiere.com\\\/blog\\\/wp-content\\\/uploads\\\/2024\\\/08\\\/Carew-Group-of-Anglican-Churches-Services-du-9-juin-bingo-et.jpg\",\"articleSection\":[\"Editions \u00c9sot\u00e9rique Fond\u00e9e En 1927; D\u00e9p\u00e8ches:\"],\"inLanguage\":\"fr-FR\"},{\"@type\":\"WebPage\",\"@id\":\"https:\\\/\\\/editionsbussiere.com\\\/blog\\\/groupe-deglises-carew-services-du-dimanche-1er-septembre-et-priere-au-petit-jour\\\/\",\"url\":\"https:\\\/\\\/editionsbussiere.com\\\/blog\\\/groupe-deglises-carew-services-du-dimanche-1er-septembre-et-priere-au-petit-jour\\\/\",\"name\":\"Groupe d\u2019\u00e9glises Carew \u2013 Services du dimanche 1er septembre et pri\u00e8re au petit jour. - EDITIONSBUSSIERE\",\"isPartOf\":{\"@id\":\"https:\\\/\\\/editionsbussiere.com\\\/blog\\\/#website\"},\"primaryImageOfPage\":{\"@id\":\"https:\\\/\\\/editionsbussiere.com\\\/blog\\\/groupe-deglises-carew-services-du-dimanche-1er-septembre-et-priere-au-petit-jour\\\/#primaryimage\"},\"image\":{\"@id\":\"https:\\\/\\\/editionsbussiere.com\\\/blog\\\/groupe-deglises-carew-services-du-dimanche-1er-septembre-et-priere-au-petit-jour\\\/#primaryimage\"},\"thumbnailUrl\":\"https:\\\/\\\/editionsbussiere.com\\\/blog\\\/wp-content\\\/uploads\\\/2024\\\/08\\\/Carew-Group-of-Anglican-Churches-Services-du-9-juin-bingo-et.jpg\",\"datePublished\":\"2024-08-31T16:21:03+00:00\",\"breadcrumb\":{\"@id\":\"https:\\\/\\\/editionsbussiere.com\\\/blog\\\/groupe-deglises-carew-services-du-dimanche-1er-septembre-et-priere-au-petit-jour\\\/#breadcrumb\"},\"inLanguage\":\"fr-FR\",\"potentialAction\":[{\"@type\":\"ReadAction\",\"target\":[\"https:\\\/\\\/editionsbussiere.com\\\/blog\\\/groupe-deglises-carew-services-du-dimanche-1er-septembre-et-priere-au-petit-jour\\\/\"]}]},{\"@type\":\"ImageObject\",\"inLanguage\":\"fr-FR\",\"@id\":\"https:\\\/\\\/editionsbussiere.com\\\/blog\\\/groupe-deglises-carew-services-du-dimanche-1er-septembre-et-priere-au-petit-jour\\\/#primaryimage\",\"url\":\"https:\\\/\\\/editionsbussiere.com\\\/blog\\\/wp-content\\\/uploads\\\/2024\\\/08\\\/Carew-Group-of-Anglican-Churches-Services-du-9-juin-bingo-et.jpg\",\"contentUrl\":\"https:\\\/\\\/editionsbussiere.com\\\/blog\\\/wp-content\\\/uploads\\\/2024\\\/08\\\/Carew-Group-of-Anglican-Churches-Services-du-9-juin-bingo-et.jpg\",\"width\":1024,\"height\":576,\"caption\":\"Carew Group of Anglican Churches Services du 9 juin bingo et\"},{\"@type\":\"BreadcrumbList\",\"@id\":\"https:\\\/\\\/editionsbussiere.com\\\/blog\\\/groupe-deglises-carew-services-du-dimanche-1er-septembre-et-priere-au-petit-jour\\\/#breadcrumb\",\"itemListElement\":[{\"@type\":\"ListItem\",\"position\":1,\"name\":\"Accueil\",\"item\":\"https:\\\/\\\/editionsbussiere.com\\\/blog\\\/\"},{\"@type\":\"ListItem\",\"position\":2,\"name\":\"Groupe d\u2019\u00e9glises Carew \u2013 Services du dimanche 1er septembre et pri\u00e8re au petit jour.\"}]},{\"@type\":\"WebSite\",\"@id\":\"https:\\\/\\\/editionsbussiere.com\\\/blog\\\/#website\",\"url\":\"https:\\\/\\\/editionsbussiere.com\\\/blog\\\/\",\"name\":\"EDITIONSBUSSIERE\",\"description\":\"Editions \u00e9sot\u00e9rique fond\u00e9e en 1927; site historique, A SAVOIR ET RETENIR.\",\"publisher\":{\"@id\":\"https:\\\/\\\/editionsbussiere.com\\\/blog\\\/#organization\"},\"potentialAction\":[{\"@type\":\"SearchAction\",\"target\":{\"@type\":\"EntryPoint\",\"urlTemplate\":\"https:\\\/\\\/editionsbussiere.com\\\/blog\\\/?s={search_term_string}\"},\"query-input\":{\"@type\":\"PropertyValueSpecification\",\"valueRequired\":true,\"valueName\":\"search_term_string\"}}],\"inLanguage\":\"fr-FR\"},{\"@type\":\"Organization\",\"@id\":\"https:\\\/\\\/editionsbussiere.com\\\/blog\\\/#organization\",\"name\":\"editionsbussiere\",\"url\":\"https:\\\/\\\/editionsbussiere.com\\\/blog\\\/\",\"logo\":{\"@type\":\"ImageObject\",\"inLanguage\":\"fr-FR\",\"@id\":\"https:\\\/\\\/editionsbussiere.com\\\/blog\\\/#\\\/schema\\\/logo\\\/image\\\/\",\"url\":\"https:\\\/\\\/editionsbussiere.com\\\/blog\\\/wp-content\\\/uploads\\\/2023\\\/09\\\/cropped-buss.gif\",\"contentUrl\":\"https:\\\/\\\/editionsbussiere.com\\\/blog\\\/wp-content\\\/uploads\\\/2023\\\/09\\\/cropped-buss.gif\",\"width\":298,\"height\":120,\"caption\":\"editionsbussiere\"},\"image\":{\"@id\":\"https:\\\/\\\/editionsbussiere.com\\\/blog\\\/#\\\/schema\\\/logo\\\/image\\\/\"}},{\"@type\":\"Person\",\"@id\":\"https:\\\/\\\/editionsbussiere.com\\\/blog\\\/#\\\/schema\\\/person\\\/ec90e102792148c97e46ab871010dd8f\",\"name\":\"Marie BATICLE\",\"image\":{\"@type\":\"ImageObject\",\"inLanguage\":\"fr-FR\",\"@id\":\"https:\\\/\\\/secure.gravatar.com\\\/avatar\\\/c923e52403b1b8137e2d929127211d21967e6aecaa053bd43b09da29f212e76e?s=96&d=mm&r=g\",\"url\":\"https:\\\/\\\/secure.gravatar.com\\\/avatar\\\/c923e52403b1b8137e2d929127211d21967e6aecaa053bd43b09da29f212e76e?s=96&d=mm&r=g\",\"contentUrl\":\"https:\\\/\\\/secure.gravatar.com\\\/avatar\\\/c923e52403b1b8137e2d929127211d21967e6aecaa053bd43b09da29f212e76e?s=96&d=mm&r=g\",\"caption\":\"Marie BATICLE\"},\"url\":\"https:\\\/\\\/editionsbussiere.com\\\/blog\\\/author\\\/eremarie\\\/\"}]}<\/script>\n<!-- \/ Yoast SEO plugin. -->","yoast_head_json":{"title":"Groupe d\u2019\u00e9glises Carew \u2013 Services du dimanche 1er septembre et pri\u00e8re au petit jour. - EDITIONSBUSSIERE","robots":{"index":"index","follow":"follow","max-snippet":"max-snippet:-1","max-image-preview":"max-image-preview:large","max-video-preview":"max-video-preview:-1"},"canonical":"https:\/\/editionsbussiere.com\/blog\/groupe-deglises-carew-services-du-dimanche-1er-septembre-et-priere-au-petit-jour\/","og_locale":"fr_FR","og_type":"article","og_title":"Groupe d\u2019\u00e9glises Carew \u2013 Services du dimanche 1er septembre et pri\u00e8re au petit jour. - EDITIONSBUSSIERE","og_description":"St Mary\u2019s Redberth, 9h00 \u2013 Communion. St Mary\u2019s Carew, 11h00 \u2013 Communion. Sainte Eucharistie tous les mercredis \u00e0 10h00 St Marys Carew. Pour les mariages, bapt\u00eames et fun\u00e9railles, contactez le r\u00e9v\u00e9rend Hannah[email \u2026 Une p\u00e9riode de pri\u00e8re intime afin de nous ouvrir \u00e0 Dieu. Cher P\u00e8re c\u00e9leste, j\u2019arrive devant toi afin de te remercier \u00e0 [&hellip;]","og_url":"https:\/\/editionsbussiere.com\/blog\/groupe-deglises-carew-services-du-dimanche-1er-septembre-et-priere-au-petit-jour\/","og_site_name":"EDITIONSBUSSIERE","article_published_time":"2024-08-31T16:21:03+00:00","og_image":[{"url":"https:\/\/editionsbussiere.com\/blog\/wp-content\/uploads\/2024\/08\/Carew-Group-of-Anglican-Churches-Services-du-9-juin-bingo-et.jpg","type":"","width":"","height":""}],"author":"Marie BATICLE","twitter_card":"summary_large_image","twitter_misc":{"\u00c9crit par":"Marie BATICLE","Dur\u00e9e de lecture estim\u00e9e":"13 minutes"},"schema":{"@context":"https:\/\/schema.org","@graph":[{"@type":"Article","@id":"https:\/\/editionsbussiere.com\/blog\/groupe-deglises-carew-services-du-dimanche-1er-septembre-et-priere-au-petit-jour\/#article","isPartOf":{"@id":"https:\/\/editionsbussiere.com\/blog\/groupe-deglises-carew-services-du-dimanche-1er-septembre-et-priere-au-petit-jour\/"},"author":{"name":"Marie BATICLE","@id":"https:\/\/editionsbussiere.com\/blog\/#\/schema\/person\/ec90e102792148c97e46ab871010dd8f"},"headline":"Groupe d\u2019\u00e9glises Carew \u2013 Services du dimanche 1er septembre et pri\u00e8re au petit jour.","datePublished":"2024-08-31T16:21:03+00:00","mainEntityOfPage":{"@id":"https:\/\/editionsbussiere.com\/blog\/groupe-deglises-carew-services-du-dimanche-1er-septembre-et-priere-au-petit-jour\/"},"wordCount":2551,"publisher":{"@id":"https:\/\/editionsbussiere.com\/blog\/#organization"},"image":{"@id":"https:\/\/editionsbussiere.com\/blog\/groupe-deglises-carew-services-du-dimanche-1er-septembre-et-priere-au-petit-jour\/#primaryimage"},"thumbnailUrl":"https:\/\/editionsbussiere.com\/blog\/wp-content\/uploads\/2024\/08\/Carew-Group-of-Anglican-Churches-Services-du-9-juin-bingo-et.jpg","articleSection":["Editions \u00c9sot\u00e9rique Fond\u00e9e En 1927; D\u00e9p\u00e8ches:"],"inLanguage":"fr-FR"},{"@type":"WebPage","@id":"https:\/\/editionsbussiere.com\/blog\/groupe-deglises-carew-services-du-dimanche-1er-septembre-et-priere-au-petit-jour\/","url":"https:\/\/editionsbussiere.com\/blog\/groupe-deglises-carew-services-du-dimanche-1er-septembre-et-priere-au-petit-jour\/","name":"Groupe d\u2019\u00e9glises Carew \u2013 Services du dimanche 1er septembre et pri\u00e8re au petit jour. - EDITIONSBUSSIERE","isPartOf":{"@id":"https:\/\/editionsbussiere.com\/blog\/#website"},"primaryImageOfPage":{"@id":"https:\/\/editionsbussiere.com\/blog\/groupe-deglises-carew-services-du-dimanche-1er-septembre-et-priere-au-petit-jour\/#primaryimage"},"image":{"@id":"https:\/\/editionsbussiere.com\/blog\/groupe-deglises-carew-services-du-dimanche-1er-septembre-et-priere-au-petit-jour\/#primaryimage"},"thumbnailUrl":"https:\/\/editionsbussiere.com\/blog\/wp-content\/uploads\/2024\/08\/Carew-Group-of-Anglican-Churches-Services-du-9-juin-bingo-et.jpg","datePublished":"2024-08-31T16:21:03+00:00","breadcrumb":{"@id":"https:\/\/editionsbussiere.com\/blog\/groupe-deglises-carew-services-du-dimanche-1er-septembre-et-priere-au-petit-jour\/#breadcrumb"},"inLanguage":"fr-FR","potentialAction":[{"@type":"ReadAction","target":["https:\/\/editionsbussiere.com\/blog\/groupe-deglises-carew-services-du-dimanche-1er-septembre-et-priere-au-petit-jour\/"]}]},{"@type":"ImageObject","inLanguage":"fr-FR","@id":"https:\/\/editionsbussiere.com\/blog\/groupe-deglises-carew-services-du-dimanche-1er-septembre-et-priere-au-petit-jour\/#primaryimage","url":"https:\/\/editionsbussiere.com\/blog\/wp-content\/uploads\/2024\/08\/Carew-Group-of-Anglican-Churches-Services-du-9-juin-bingo-et.jpg","contentUrl":"https:\/\/editionsbussiere.com\/blog\/wp-content\/uploads\/2024\/08\/Carew-Group-of-Anglican-Churches-Services-du-9-juin-bingo-et.jpg","width":1024,"height":576,"caption":"Carew Group of Anglican Churches Services du 9 juin bingo et"},{"@type":"BreadcrumbList","@id":"https:\/\/editionsbussiere.com\/blog\/groupe-deglises-carew-services-du-dimanche-1er-septembre-et-priere-au-petit-jour\/#breadcrumb","itemListElement":[{"@type":"ListItem","position":1,"name":"Accueil","item":"https:\/\/editionsbussiere.com\/blog\/"},{"@type":"ListItem","position":2,"name":"Groupe d\u2019\u00e9glises Carew \u2013 Services du dimanche 1er septembre et pri\u00e8re au petit jour."}]},{"@type":"WebSite","@id":"https:\/\/editionsbussiere.com\/blog\/#website","url":"https:\/\/editionsbussiere.com\/blog\/","name":"EDITIONSBUSSIERE","description":"Editions \u00e9sot\u00e9rique fond\u00e9e en 1927; site historique, A SAVOIR ET RETENIR.","publisher":{"@id":"https:\/\/editionsbussiere.com\/blog\/#organization"},"potentialAction":[{"@type":"SearchAction","target":{"@type":"EntryPoint","urlTemplate":"https:\/\/editionsbussiere.com\/blog\/?s={search_term_string}"},"query-input":{"@type":"PropertyValueSpecification","valueRequired":true,"valueName":"search_term_string"}}],"inLanguage":"fr-FR"},{"@type":"Organization","@id":"https:\/\/editionsbussiere.com\/blog\/#organization","name":"editionsbussiere","url":"https:\/\/editionsbussiere.com\/blog\/","logo":{"@type":"ImageObject","inLanguage":"fr-FR","@id":"https:\/\/editionsbussiere.com\/blog\/#\/schema\/logo\/image\/","url":"https:\/\/editionsbussiere.com\/blog\/wp-content\/uploads\/2023\/09\/cropped-buss.gif","contentUrl":"https:\/\/editionsbussiere.com\/blog\/wp-content\/uploads\/2023\/09\/cropped-buss.gif","width":298,"height":120,"caption":"editionsbussiere"},"image":{"@id":"https:\/\/editionsbussiere.com\/blog\/#\/schema\/logo\/image\/"}},{"@type":"Person","@id":"https:\/\/editionsbussiere.com\/blog\/#\/schema\/person\/ec90e102792148c97e46ab871010dd8f","name":"Marie BATICLE","image":{"@type":"ImageObject","inLanguage":"fr-FR","@id":"https:\/\/secure.gravatar.com\/avatar\/c923e52403b1b8137e2d929127211d21967e6aecaa053bd43b09da29f212e76e?s=96&d=mm&r=g","url":"https:\/\/secure.gravatar.com\/avatar\/c923e52403b1b8137e2d929127211d21967e6aecaa053bd43b09da29f212e76e?s=96&d=mm&r=g","contentUrl":"https:\/\/secure.gravatar.com\/avatar\/c923e52403b1b8137e2d929127211d21967e6aecaa053bd43b09da29f212e76e?s=96&d=mm&r=g","caption":"Marie BATICLE"},"url":"https:\/\/editionsbussiere.com\/blog\/author\/eremarie\/"}]}},"_links":{"self":[{"href":"https:\/\/editionsbussiere.com\/blog\/wp-json\/wp\/v2\/posts\/1248","targetHints":{"allow":["GET"]}}],"collection":[{"href":"https:\/\/editionsbussiere.com\/blog\/wp-json\/wp\/v2\/posts"}],"about":[{"href":"https:\/\/editionsbussiere.com\/blog\/wp-json\/wp\/v2\/types\/post"}],"author":[{"embeddable":true,"href":"https:\/\/editionsbussiere.com\/blog\/wp-json\/wp\/v2\/users\/3"}],"replies":[{"embeddable":true,"href":"https:\/\/editionsbussiere.com\/blog\/wp-json\/wp\/v2\/comments?post=1248"}],"version-history":[{"count":0,"href":"https:\/\/editionsbussiere.com\/blog\/wp-json\/wp\/v2\/posts\/1248\/revisions"}],"wp:featuredmedia":[{"embeddable":true,"href":"https:\/\/editionsbussiere.com\/blog\/wp-json\/wp\/v2\/media\/1249"}],"wp:attachment":[{"href":"https:\/\/editionsbussiere.com\/blog\/wp-json\/wp\/v2\/media?parent=1248"}],"wp:term":[{"taxonomy":"category","embeddable":true,"href":"https:\/\/editionsbussiere.com\/blog\/wp-json\/wp\/v2\/categories?post=1248"},{"taxonomy":"post_tag","embeddable":true,"href":"https:\/\/editionsbussiere.com\/blog\/wp-json\/wp\/v2\/tags?post=1248"}],"curies":[{"name":"wp","href":"https:\/\/api.w.org\/{rel}","templated":true}]}}