{"id":1246,"date":"2024-08-31T09:10:07","date_gmt":"2024-08-31T07:10:07","guid":{"rendered":"https:\/\/editionsbussiere.com\/blog\/leglise-en-inde-suit-le-chemin-synodal-en-celebrant-la-neuvaine-mariale-annuelle-se-devouer-a-la-mere-de-dieu\/"},"modified":"2024-08-31T09:10:07","modified_gmt":"2024-08-31T07:10:07","slug":"leglise-en-inde-suit-le-chemin-synodal-en-celebrant-la-neuvaine-mariale-annuelle-se-devouer-a-la-mere-de-dieu","status":"publish","type":"post","link":"https:\/\/editionsbussiere.com\/blog\/leglise-en-inde-suit-le-chemin-synodal-en-celebrant-la-neuvaine-mariale-annuelle-se-devouer-a-la-mere-de-dieu\/","title":{"rendered":"L\u2019\u00c9glise en Inde suit le chemin synodal en c\u00e9l\u00e9brant la neuvaine mariale annuelle\n &amp; se d\u00e9vouer \u00e0 la m\u00e8re de dieu ."},"content":{"rendered":"<div><img width=\"580\" height=\"428\" src=\"https:\/\/editionsbussiere.com\/blog\/wp-content\/uploads\/2024\/08\/LEglise-en-Inde-suit-le-chemin-synodal-en-celebrant-la-1024x756-1.jpg\" class=\"attachment-large size-large wp-post-image\" alt=\"L'\u00c9glise en Inde suit le chemin synodal en c\u00e9l\u00e9brant la\" style=\"float:left; margin:0 15px 15px 0;\" decoding=\"async\" srcset=\"https:\/\/editionsbussiere.com\/blog\/wp-content\/uploads\/2024\/08\/LEglise-en-Inde-suit-le-chemin-synodal-en-celebrant-la-1024x756-1.jpg 1024w, https:\/\/www.n42.fr\/wp-content\/uploads\/2024\/08\/LEglise-en-Inde-suit-le-chemin-synodal-en-celebrant-la-300x222.jpg 300w, https:\/\/www.n42.fr\/wp-content\/uploads\/2024\/08\/LEglise-en-Inde-suit-le-chemin-synodal-en-celebrant-la-768x567.jpg 768w, https:\/\/www.n42.fr\/wp-content\/uploads\/2024\/08\/LEglise-en-Inde-suit-le-chemin-synodal-en-celebrant-la.jpg 1159w\" sizes=\"(max-width: 580px) 100vw, 580px\"><\/p>\n<p>\n<\/p>\n<div>\n<p>MUMBAI, Inde \u2013 Alors que l\u2019\u00c9glise approche de la f\u00eate de la Nativit\u00e9 de la Bienheureuse Vierge Marie le 8 septembre, l\u2019\u00c9glise de l\u2019archidioc\u00e8se de Bombay organise une neuvaine en guise de pr\u00e9paration.<\/p>\n<p>Vendredi matin, un voyage synodal a d\u00e9but\u00e9 dans le quartier de Bandra \u00e0 Mumbai, \u00e0 la Basilique Notre-Dame du Mont.<\/p>\n<div class=\"mb-6 last:mb-0\">\n<div id=\"div-gpt-ad-3284456-7\" data-variant=\"large\" class=\"md:hidden ad-box bg-bg-shade mx-auto clear-both relative max-w-full z-0 overflow-hidden mb-6 last:mb-0  w-80 h-[50px] lg:w-[970px] lg:h-[250px] \">\n<div class=\"absolute top-1\/2 left-1\/2 -translate-x-1\/2 -translate-y-1\/2 h-8 w-32 max-h-[40%] max-w-[90%] -z-10 dark:opacity-25\"><\/div>\n<\/div>\n<\/div>\n<div class=\"mb-6 last:mb-0\">\n<div id=\"div-gpt-ad-3284456-2\" data-variant=\"small\" class=\"hidden md:block ad-box bg-bg-shade mx-auto clear-both relative max-w-full z-0 overflow-hidden mb-6 last:mb-0 w-[300px] h-[250px]  \">\n<div class=\"absolute top-1\/2 left-1\/2 -translate-x-1\/2 -translate-y-1\/2 h-8 w-32 max-h-[40%] max-w-[90%] -z-10 dark:opacity-25\"><\/div>\n<\/div>\n<\/div>\n<p>Bandra abrite l\u2019une des plus anciennes communaut\u00e9s catholiques de la ville. Elle a \u00e9t\u00e9 \u00e9vang\u00e9lis\u00e9e par les j\u00e9suites portugais au XVIe si\u00e8cle. Lorsque Bombay fut c\u00e9d\u00e9e aux Britanniques en 1661, la r\u00e9gion de Bandra resta aux mains des Portugais jusqu\u2019en 1775, et les j\u00e9suites y \u00e9tablirent plusieurs paroisses. Le district est consid\u00e9r\u00e9 comme le c\u0153ur de l\u2019\u00c9glise catholique de rite latin en Inde.<\/p>\n<p>Le p\u00e8re Sunder M. Albuquerque, vice-recteur du sanctuaire archidioc\u00e9sain, a ouvert le festival pour inclure les 11 doyenn\u00e9s de l\u2019archidioc\u00e8se comme m\u00e9thode de mise en \u0153uvre de la synodalit\u00e9 dans l\u2019archidioc\u00e8se et plus particuli\u00e8rement dans les doyenn\u00e9s et les paroisses.<\/p>\n<div class=\"mb-6 last:mb-0\">\n<div id=\"div-gpt-ad-3284456-4\" data-variant=\"small\" class=\" ad-box bg-bg-shade mx-auto clear-both relative max-w-full z-0 overflow-hidden mb-6 last:mb-0 w-[300px] h-[250px]  \">\n<div class=\"absolute top-1\/2 left-1\/2 -translate-x-1\/2 -translate-y-1\/2 h-8 w-32 max-h-[40%] max-w-[90%] -z-10 dark:opacity-25\"><\/div>\n<\/div>\n<\/div>\n<p>\u00ab Le pape Fran\u00e7ois a termin\u00e9 l\u2019un de ses discours aux jeunes lors des Journ\u00e9es mondiales de la jeunesse en disant en espagnol : \u00ab Todos, Todos, Todos \u00bb \u2013 \u00ab Tous, tous, tous \u00bb. C\u2019est le message du pape Fran\u00e7ois depuis un an et il r\u00e9sonne ici aussi : le sanctuaire est pour tous\u2026 un r\u00e9veil, comme une sorte de r\u00e9veil de l\u2019Esprit \u00bb, a d\u00e9clar\u00e9 le pr\u00eatre.<\/p>\n<p>\u00ab Tout le monde est en chemin et bien s\u00fbr tout le monde a besoin d\u2019accompagnement, et c\u2019\u00e9tait visible ce matin : le 30 ao\u00fbt, premier jour de la neuvaine de neuf jours en pr\u00e9paration de la f\u00eate du 8 septembre, la Nativit\u00e9 de la Sainte Vierge Marie \u00bb, a d\u00e9clar\u00e9 Albuquerque. <em>N\u0153ud<\/em>.<\/p>\n<figure id=\"attachment_132013\" aria-describedby=\"caption-attachment-132013\" style=\"width:968px\" class=\"wp-caption aligncenter\"><img loading=\"lazy\" decoding=\"async\" class=\"wp-image-132013 size-full\" src=\"https:\/\/editionsbussiere.com\/blog\/wp-content\/uploads\/2024\/08\/a-priest-in-india.jpg\" alt=\"Le p\u00e8re Anto Denish avec certains paroissiens \u00e0 Bandra, Mumbai en Inde, le 30 ao\u00fbt 2024. (Cr\u00e9dit : Don du p\u00e8re Denish.)\" width=\"968\" height=\"755\" srcset=\"https:\/\/editionsbussiere.com\/blog\/wp-content\/uploads\/2024\/08\/a-priest-in-india.jpg 968w, https:\/\/wp.cruxnow.com\/wp-content\/uploads\/2024\/08\/a-priest-in-india-385x300.jpg 385w, https:\/\/wp.cruxnow.com\/wp-content\/uploads\/2024\/08\/a-priest-in-india-150x117.jpg 150w, https:\/\/wp.cruxnow.com\/wp-content\/uploads\/2024\/08\/a-priest-in-india-768x599.jpg 768w, https:\/\/wp.cruxnow.com\/wp-content\/uploads\/2024\/08\/a-priest-in-india-16x12.jpg 16w\" sizes=\"auto, (max-width: 968px) 100vw, 968px\"><figcaption id=\"caption-attachment-132013\" class=\"wp-caption-text\">Le p\u00e8re Anto Denish avec certains paroissiens \u00e0 Bandra, Mumbai en Inde, le 30 ao\u00fbt 2024. (Cr\u00e9dit : Don du p\u00e8re Denish.)<\/figcaption><\/figure>\n<p>Pendant des d\u00e9cennies, seuls les membres des sept paroisses du doyenn\u00e9 de Bandra pouvaient servir comme lecteurs ou chantres pendant la neuvaine annuelle, et Albuquerque a d\u00e9clar\u00e9 qu\u2019il \u00e9tait \u00ab tr\u00e8s encourageant de voir d\u00e8s le matin \u00bb un jeune pr\u00eatre nomm\u00e9 P\u00e8re Anto Denish parcourir des kilom\u00e8tres avec ses paroissiens et assister \u00e0 la premi\u00e8re messe du da, qui avait lieu \u00e0 5h30 du matin.<\/p>\n<div class=\"mb-6 last:mb-0\">\n<div id=\"div-gpt-ad-3284456-5\" data-variant=\"small\" class=\"hidden md:block ad-box bg-bg-shade mx-auto clear-both relative max-w-full z-0 overflow-hidden mb-6 last:mb-0 w-[300px] h-[250px]  \">\n<div class=\"absolute top-1\/2 left-1\/2 -translate-x-1\/2 -translate-y-1\/2 h-8 w-32 max-h-[40%] max-w-[90%] -z-10 dark:opacity-25\"><\/div>\n<\/div>\n<\/div>\n<p>\u00ab Nous sommes partis \u00e0 4 heures du matin de notre paroisse de Borivali, ce fut un moment tr\u00e8s joyeux, nos fid\u00e8les \u00e9taient tr\u00e8s reconnaissants et honor\u00e9s de chanter et de proclamer la lecture \u00e0 la basilique \u00bb, a d\u00e9clar\u00e9 Denish. <em>N\u0153ud<\/em>.<\/p>\n<p>Il a d\u00e9clar\u00e9 que la plupart de ceux qui voyageaient avec lui avaient \u00e9t\u00e9 amen\u00e9s au sanctuaire par leurs parents alors qu\u2019ils \u00e9taient enfants, \u00ab mais aujourd\u2019hui, ils pouvaient participer activement et joyeusement \u00e0 la neuvaine eucharistique \u00bb.<\/p>\n<p>Le groupe suivant attendait d\u00e9j\u00e0 son tour. Ils \u00e9taient accompagn\u00e9s du p\u00e8re Melroy Mendonca, d\u2019une autre paroisse \u00e9loign\u00e9e de l\u2019archidioc\u00e8se de Bombay.<\/p>\n<p>Il a d\u00e9clar\u00e9 qu\u2019il s\u2019agissait d\u2019un \u00ab signe visible d\u2019une \u00c9glise synodale \u00bb, \u00ab marcher ensemble \u00bb \u00e9tant une vision d\u2019une communion missionnaire.<\/p>\n<p>La mission de cette ann\u00e9e est de guider les p\u00e8lerins vers l\u2019Ann\u00e9e jubilaire de 2025, que le pape Fran\u00e7ois a nomm\u00e9e Jubil\u00e9 de l\u2019esp\u00e9rance.<\/p>\n<p>La semaine derni\u00e8re, lors d\u2019une conf\u00e9rence de presse \u00e0 Rome, Mgr Rino Fisichella, pro-pr\u00e9fet du dicast\u00e8re pour l\u2019\u00e9vang\u00e9lisation du Vatican, a mis l\u2019accent sur deux aspects du jubil\u00e9 : l\u2019esp\u00e9rance et le pardon, th\u00e8mes centraux de la Bulle d\u2019indiction du pape Fran\u00e7ois. <em>Spes non confidit<\/em>ou \u00ab L\u2019espoir ne d\u00e9\u00e7oit pas. \u00bb<\/p>\n<p><strong>EN RELATION : Le jubil\u00e9 sera une d\u00e9monstration de pardon dans un monde marqu\u00e9 par la col\u00e8re, d\u00e9clare un responsable du Vatican<\/strong><\/p>\n<p>Publi\u00e9e en mai, la bulle donnait le ton du jubil\u00e9 et comprenait des appels du pontife en faveur de mesures qui, selon lui, contribueraient \u00e0 semer un plus grand espoir dans le monde, notamment l\u2019amnistie pour les prisonniers et l\u2019annulation de la dette des pays en d\u00e9veloppement.<\/p>\n<p>Le p\u00e8re Vernon Aguiar, recteur de la basilique de Mumbai, a discut\u00e9 vendredi du th\u00e8me de la neuvaine, \u00ab Marie, p\u00e8lerine priante de l\u2019esp\u00e9rance \u00bb, affirmant que chacun des neuf jours sera centr\u00e9 sur Marie et sur diff\u00e9rentes dimensions de l\u2019esp\u00e9rance.<\/p>\n<p>\u00ab Il y a 8 messes par jour et le dimanche il y a des messes suppl\u00e9mentaires. Pendant la semaine de l\u2019Octave, des messes en langues r\u00e9gionales dont deux pour les malades et les personnes \u00e2g\u00e9es, o\u00f9 des b\u00e9n\u00e9voles les accompagneront et les assisteront \u00bb, a-t-il dit.<\/p>\n<figure id=\"attachment_132015\" aria-describedby=\"caption-attachment-132015\" style=\"width:794px\" class=\"wp-caption aligncenter\"><img loading=\"lazy\" decoding=\"async\" class=\"wp-image-132015 size-full\" src=\"https:\/\/editionsbussiere.com\/blog\/wp-content\/uploads\/2024\/08\/Capture.jpg\" alt=\"Les paroissiens de Notre-Dame de Lourdes \u00e0 Orlem et de Notre-Dame des R\u00e9prouv\u00e9s \u00e0 Malwani dans la basilique Notre-Dame du Mont \u00e0 Bandra, Mumbai, le 30 ao\u00fbt 2024. (Photo priv\u00e9e donn\u00e9e \u00e0 Crux.)\" width=\"794\" height=\"825\" srcset=\"https:\/\/editionsbussiere.com\/blog\/wp-content\/uploads\/2024\/08\/Capture.jpg 794w, https:\/\/wp.cruxnow.com\/wp-content\/uploads\/2024\/08\/Capture-289x300.jpg 289w, https:\/\/wp.cruxnow.com\/wp-content\/uploads\/2024\/08\/Capture-144x150.jpg 144w, https:\/\/wp.cruxnow.com\/wp-content\/uploads\/2024\/08\/Capture-768x798.jpg 768w, https:\/\/wp.cruxnow.com\/wp-content\/uploads\/2024\/08\/Capture-16x16.jpg 16w\" sizes=\"auto, (max-width: 794px) 100vw, 794px\"><figcaption id=\"caption-attachment-132015\" class=\"wp-caption-text\">Les paroissiens de Notre-Dame de Lourdes \u00e0 Orlem et de Notre-Dame des R\u00e9prouv\u00e9s \u00e0 Malwani dans la basilique Notre-Dame du Mont \u00e0 Bandra, Mumbai, le 30 ao\u00fbt 2024. (Photo priv\u00e9e donn\u00e9e \u00e0 Crux.)<\/figcaption><\/figure>\n<p>Albuquerque a dit <em>N\u0153ud<\/em> des peuples de toute foi et de toute bonne volont\u00e9 se rendent \u00e0 la basilique pour la neuvaine.<\/p>\n<p>\u00ab Je tenais \u00e0 ce qu\u2019ils voient la diversit\u00e9 de l\u2019archidioc\u00e8se, les talents de nos fid\u00e8les mis au service du culte \u00bb, a d\u00e9clar\u00e9 le pr\u00eatre.<\/p>\n<p>\u00ab De plus, l\u2019ann\u00e9e derni\u00e8re, j\u2019ai re\u00e7u quelques demandes de r\u00e9gions \u00e9loign\u00e9es de l\u2019archidioc\u00e8se, d\u2019o\u00f9 le \u00ab Todos, Todos, Todos \u00bb de l\u2019ann\u00e9e derni\u00e8re\u2026 De plus, le sacrement de la r\u00e9conciliation est disponible \u00e0 partir de 5 heures du matin jusqu\u2019apr\u00e8s la derni\u00e8re messe, et en ces jours remplis de gr\u00e2ce, les gens sont impatients d\u2019aller se confesser \u2013 et les pr\u00eatres de tout l\u2019archidioc\u00e8se sont d\u2019une grande aide \u00bb, a-t-il d\u00e9clar\u00e9.<\/p>\n<\/div>\n<h2>\n<\/h2>\n<p>Le R\u00f4le de la Pri\u00e8re \u00e0 Marie<\/p>\n<p>La pri\u00e8re \u00e0 Marie repr\u00e9sente un \u00e9l\u00e9ment crucial de la foi chr\u00e9tienne, solidement enracin\u00e9e dans les enseignements catholiques depuis des si\u00e8cles. C\u2019est un roc sur lequel les croyants s\u2019reposent pour obtenir r\u00e9confort, direction et intercession dans leur marche envers Dieu. Au fil du temps, cette pi\u00e9t\u00e9 a \u00e9t\u00e9 renforc\u00e9e par les \u00e9crits bibliques, les traditions de l\u2019\u00c9glise, ainsi que le mod\u00e8le des saints et saintes qui ont t\u00e9moign\u00e9 de leur respect \u00e0 Marie en tant que aimante.<\/p>\n<h3>\n<\/h3>\n<p>La pratique du Chapelet<\/p>\n<p>Cette pri\u00e8re traditionnelle mariale tient une position centrale dans la vie spirituelle de nombreux croyants. En r\u00e9citant les myst\u00e8res joyeux, douloureux, lumineux et glorieux, les d\u00e9vots se plongent dans les moments de la vie de J\u00e9sus et de Marie, renfor\u00e7ant ainsi leur lien spirituel avec le divin. Chaque Ave Maria r\u00e9cit\u00e9, ils manifestent leur confiance en l\u2019intercession de Marie et leur d\u00e9sir de suivre les enseignements du Christ. Saint Louis-Marie Grignion de Montfort, dans son livre sur la vraie d\u00e9votion \u00e0 la Sainte Vierge, invite les fid\u00e8les \u00e0 pratiquer r\u00e9guli\u00e8rement la m\u00e9ditation des diff\u00e9rents myst\u00e8res du rosaire afin de renforcer leur relation avec la M\u00e8re de Dieu. Cette pratique ancienne, transmise de g\u00e9n\u00e9ration en g\u00e9n\u00e9ration, reste une source d\u2019illumination spirituelle pour ceux qui ont la foi, les aidant \u00e0 se connecter avec la c\u00e9leste Dame.<\/p>\n<h3>\n<\/h3>\n<p>L\u2019appel \u00e0 la pri\u00e8re<\/p>\n<p>Unissons nos voix dans la pri\u00e8re, fr\u00e8res et s\u0153urs, dans l\u2019unit\u00e9 de notre esp\u00e9rance, en nous tournant vers Marie, la m\u00e8re de notre Seigneur J\u00e9sus-Christ. Au sein de notre monde tourment\u00e9 par la guerre et la discorde, optons \u00e0 la pri\u00e8re pour trouver de trouver la s\u00e9r\u00e9nit\u00e9 et l\u2019harmonie. Les catholiques du monde entier peuvent faire d\u00e9poser une intention de pri\u00e8re pour la m\u00e8re de dieu <a target=\"_blank\" rel=\"nofollow\" href=\"https:\/\/editionsbussiere.com\/blog\/goto\/https:\/\/www.avemariasound.org\/\" >utilisant ces informations.<\/a> Que nos pri\u00e8res s\u2019\u00e9l\u00e8vent vers le ciel, comme une offrande agr\u00e9able par Dieu, afin qu\u2019il puisse nous guider nos pas sur la voie de la justice et de la v\u00e9rit\u00e9. Saint Paul nous dans ses \u00e9p\u00eetres \u00e0 prier sans cesse, en toutes circonstances, afin que notre connexion \u00e0 Dieu reste constante et ardente. La pri\u00e8re, lorsqu\u2019elle est offerte sinc\u00e8rement, poss\u00e8de la capacit\u00e9 pour changer les c\u0153urs et de modifier le destin de l\u2019histoire.<\/p>\n<h2>\n<\/h2>\n<p>L\u2019enseignement du Pape Fran\u00e7ois<\/p>\n<p>Le pape Fran\u00e7ois, dans ses \u00e9crits \u00e9clair\u00e9s, disponibles gr\u00e2ce \u00e0 Bayard, nous souligne la valeur de la pri\u00e8re journali\u00e8re. \u00c0 travers ses discours et ses audiences, il nous incite \u00e0 cultiver une connexion personnelle avec Dieu, en se fondant sur la contemplation des \u00c9critures et la pratique du Rosaire. Sa conduite de compassion et d\u2019humilit\u00e9 nous inspire \u00e0 approfondir nos pri\u00e8res et \u00e0 chercher la pr\u00e9sence divine dans tous les aspects de notre existence. Le Souverain Pontife Jean-Paul II, dans son encyclique portant sur la foi chr\u00e9tienne, nous souligne que la pri\u00e8re est la base de notre vie spirituelle et que c\u2019est par elle que nous sommes unis \u00e0 Dieu. La pri\u00e8re quotidienne, enseign\u00e9e par les pontifes successifs, est un phare d\u2019espoir dans les temp\u00eates, un roc solide sur lequel les \u00e2mes peuvent s\u2019appuyer.<\/p>\n<h3>\n<\/h3>\n<p>Les \u00e9crits attribu\u00e9s \u00e0 Leli\u00e8vre et Hubert<\/p>\n<p>Au sein de la pratique religieuse, l\u2019\u00e9glise recommande vivement le recours \u00e0 la pri\u00e8re, et lors de la pri\u00e8re, les croyants accomplissent le signe de croix et r\u00e9citent le Je vous salue Marie. Des th\u00e9ologiens modernes, tels que Leli\u00e8vre et Hubert, nous incitent aussi \u00e0 r\u00e9fl\u00e9chir sur la force de la pri\u00e8re, dans leurs ouvrages inspirants. Leurs publications, porteurs de riches enseignements spirituels, nous orientent sur le chemin de la foi et nous encouragent \u00e0 puiser dans les richesses de la tradition chr\u00e9tienne pour nourrir notre vie spirituelle. En m\u00e9ditant sur leurs \u00e9crits, nous explorons de nouvelles mani\u00e8res de d\u00e9velopper notre connexion avec le divin et de grandir dans notre cheminement vers la saintet\u00e9. L\u2019ap\u00f4tre Jean, dans son \u00e9vangile, nous rappelle que la pri\u00e8re est un puissant moyen de demeurer en communion avec Dieu et de b\u00e9n\u00e9ficier de ses gr\u00e2ces. Chaque paragraphe de leurs publications r\u00e9sonne comme une invitation \u00e0 une pri\u00e8re ardente et \u00e0 une vie emplie de la pr\u00e9sence divine. Dans notre recherche de connexion spirituelle, chaque lecture devient un appel \u00e0 s\u2019\u00e9lever vers le sacr\u00e9, par le biais de la m\u00e9ditation et la contemplation.<\/p>\n<h3>\n<\/h3>\n<p>La pratique de la pri\u00e8re<\/p>\n<p>Dans nos chapelles modestes ou majestueuses, tournons-nous vers Dieu en toute confiance et humilit\u00e9, car nous savons qu\u2019il \u00e9coute nos pri\u00e8res avec une affection infinie. Que chaque flamme vacillante, chaque Ave Maria r\u00e9cit\u00e9, constitue une offrande \u00e0 notre Seigneur ainsi qu\u2019\u00e0 la Vierge Marie. Que nos instants de d\u00e9votion dans la chapelle soient des moments de b\u00e9n\u00e9diction et de renouvellement de notre esprit, nous fortifiant pour faire face \u00e0 les d\u00e9fis avec courage et foi. Sainte Bernadette Soubirous, \u00e0 qui la Vierge Marie est apparue \u00e0 Lourdes, nous d\u00e9montre l\u2019importance de la pri\u00e8re dans l\u2019existence des catholiques et l\u2019efficacit\u00e9 de l\u2019intercession de la Sainte Vierge. Chaque personne qui entre dans une chapelle, chaque verset des \u00c9critures lu dans ce lieu saint, constitue une rencontre avec la divinit\u00e9, une \u00e9tape sur le chemin de la transformation int\u00e9rieure. \u00c0 travers les pages des Saintes \u00c9critures, tout croyant est invit\u00e9 \u00e0 contempler la croix du Christ, \u00e0 m\u00e9diter sur son sacrifice, et \u00e0 trouver consolation et esp\u00e9rance dans la gr\u00e2ce salvatrice qu\u2019elle offre.<\/p>\n<h2>\nLa pratique de la pri\u00e8re comme m\u00e9decine pour l\u2019\u00e2me<br \/>\n<\/h2>\n<p>Comme un gu\u00e9risseur pour nos esprits, la pri\u00e8re nous gu\u00e9rit et nous renforce au cours des p\u00e9riodes de douleur et de d\u00e9sespoir. Elle nous fait souvenir que la pr\u00e9sence divine ne nous quitte jamais, m\u00eame dans les moments les plus sombres de notre existence. En nous tournant vers lui \u00e0 travers la pri\u00e8re, nous d\u00e9couvrons la force int\u00e9rieure dont nous avons besoin pour surmonter les \u00e9preuves et pour affronter l\u2019avenir avec esp\u00e9rance et confiance. La pri\u00e8re est comme une fontaine d\u2019eau vive qui apaise notre soif spirituelle et, au cours de notre marche avec Dieu, nous r\u00e9g\u00e9n\u00e8re.<br \/>\n\u00c0 chaque pri\u00e8re murmur\u00e9e, \u00e0 chaque intention port\u00e9e, notre \u00e2me trouve un soulagement divin, une gu\u00e9rison spirituelle, qui transcende les limites de notre condition terrestre. Chaque verset de la Bible est une invitation \u00e0 \u00e9changer avec Dieu, \u00e0 lui confier nos fardeaux, et \u00e0 accueillir sa gr\u00e2ce transformatrice.<\/p>\n<h2>Une vision alternative sur la pri\u00e8re \u00e0 Marie<\/h2>\n<p>La d\u00e9votion \u00e0 Marie est une pratique solidement ancr\u00e9e dans la tradition religieuse catholique chr\u00e9tienne, fournissant un lien spirituel pr\u00e9cieux pour les fid\u00e8les du monde entier. Comme m\u00e8re spirituelle aimante et interm\u00e9diaire, elle est pri\u00e9e avec ardeur dans les moments de d\u00e9tresse et de gratitude. Le chapelet, avec ses myst\u00e8res contemplatifs, guide les catholiques dans leur parcours religieux, les encourageant \u00e0 m\u00e9diter sur J\u00e9sus, son fils, \u00e0 travers le regard de la Vierge Marie. Cette affection envers Marie se manifeste dans les sites sacr\u00e9s comme le sanctuaire de Lourdes, o\u00f9 les p\u00e8lerins affluent pour rechercher r\u00e9confort et gu\u00e9rison, symbolisant la profonde connexion entre la foi catholique et la d\u00e9votion mariale. Les \u00e9crits inspirants d\u2019\u00e9minents th\u00e9ologiens comme Leli\u00e8vre et Hubert offrent une r\u00e9flexion pr\u00e9cieuse sur la valeur de la pri\u00e8re \u00e0 Marie et son impact sur la spiritualit\u00e9 des croyants. Par le biais d\u2019une lecture approfondie de textes religieux et spirituels, les fid\u00e8les \u00e9largissent leur compr\u00e9hension de la d\u00e9votion mariale et cultivent une connexion plus \u00e9troite avec Marie, notre m\u00e8re spirituelle. Dans un monde caract\u00e9ris\u00e9 par les conflits et les troubles, la d\u00e9votion \u00e0 Marie offre un refuge de tranquillit\u00e9 et d\u2019espoir, appelant chaque personne, ind\u00e9pendamment de son rang dans la foi catholique, \u00e0 solliciter la Sainte Vierge avec confiance et d\u00e9votion. Prions donc ensemble, avec un c\u0153ur sinc\u00e8re et humble, en honorant Marie comme notre m\u00e8re et notre intercesseur, et en lui confiant nos requ\u00eates et nos souhaits les plus profonds. Dans cette d\u00e9marche de foi, chaque fid\u00e8le est appel\u00e9 \u00e0 suivre la liste des pri\u00e8res et des intentions du c\u0153ur, sous la direction du saint P\u00e8re et les ressources spirituelles inestimables offertes par des plateformes telles que Aleteia. De cette mani\u00e8re, avec une humble confiance et un c\u0153ur ouvert, \u00e9levons notre pri\u00e8re quotidienne vers Marie, lui demandant son intercession affectueuse, ainsi que la gr\u00e2ce de pers\u00e9v\u00e9rer dans la pri\u00e8re ardente.<br \/>\nQue notre communion avec le divin constitue notre refuge et notre r\u00e9confort quelle que soit la situation. Que nous nous tournions envers Marie, notre m\u00e8re divine, avec un c\u0153ur ouvert et une croyance in\u00e9branlable, convaincus qu\u2019elle plaide en notre faveur devant son fils bien-aim\u00e9. Que notre d\u00e9votion nous m\u00e8ne dans notre qu\u00eate de saintet\u00e9, nous conduisant toujours plus pr\u00e8s de Dieu et de son amour sans limites.<\/p>\n<p>A lire sur le m\u00eame objet:<\/p>\n<p>Trait\u00e9 sur la tol\u00e9rance\/\u00c9dition 1763\/20.,<a target=\"_blank\" rel=\"nofollow\" href=\"https:\/\/editionsbussiere.com\/blog\/goto\/https:\/\/fr.wikisource.org\/wiki\/Trait%C3%A9_sur_la_tol%C3%A9rance\/%C3%89dition_1763\/20\"  target=\"_blank\" rel=\"noopener noreferrer nofollow\">Le texte de l\u2019article.<\/a><span><\/span><\/p>\n<p>Livre de pri\u00e8res, 1852\/Seconde partie du triodion.,<a target=\"_blank\" rel=\"nofollow\" href=\"https:\/\/editionsbussiere.com\/blog\/goto\/https:\/\/fr.wikisource.org\/wiki\/Livre_de_pri%C3%A8res,_1852\/Seconde_partie_du_triodion\"  target=\"_blank\" rel=\"noopener noreferrer nofollow\">A lire ici.<\/a><span><\/span><\/p>\n<p>Les anciens couvents de Lyon\/37.2. Confalon.,<a target=\"_blank\" rel=\"nofollow\" href=\"https:\/\/editionsbussiere.com\/blog\/goto\/https:\/\/fr.wikisource.org\/wiki\/Les_anciens_couvents_de_Lyon\/37.2._Confalon\"  target=\"_blank\" rel=\"noopener noreferrer nofollow\">Le dossier.<\/a><span><\/span>. Suite sur le prochain article.<\/p>\n<p>La Peinture en Belgique\/Table des planches vol. I.,<a target=\"_blank\" rel=\"nofollow\" href=\"https:\/\/editionsbussiere.com\/blog\/goto\/https:\/\/fr.wikisource.org\/wiki\/La_Peinture_en_Belgique\/Table_des_planches_vol._I\"  target=\"_blank\" rel=\"noopener noreferrer nofollow\">L\u2019article ICI.<\/a><span><\/span><\/p>\n<p>L\u2019Apoth\u00e9ose de Mou\u00e7a-al-K\u00e9byr.,<a target=\"_blank\" rel=\"nofollow\" href=\"https:\/\/editionsbussiere.com\/blog\/goto\/https:\/\/fr.wikisource.org\/wiki\/L%E2%80%99Apoth%C3%A9ose_de_Mou%C3%A7a-al-K%C3%A9byr\"  target=\"_blank\" rel=\"noopener noreferrer nofollow\">Article complet.<\/a><span><\/span><\/p>\n<p>Bonheur (Verlaine)\/Voix de Gabriel.,<a target=\"_blank\" rel=\"nofollow\" href=\"https:\/\/editionsbussiere.com\/blog\/goto\/https:\/\/fr.wikisource.org\/wiki\/Bonheur_(Verlaine)\/Voix_de_Gabriel\"  target=\"_blank\" rel=\"noopener noreferrer nofollow\">Le post d\u2019actualit\u00e9.<\/a><span><\/span>. Suite sur le prochain article.<\/p>\n<\/div>\n<p><img decoding=\"async\" class=\"wpe_imgrss\" src=\"https:\/\/editionsbussiere.com\/blog\/wp-content\/uploads\/2024\/08\/LEglise-en-Inde-suit-le-chemin-synodal-en-celebrant-la-1024x756-1.jpg\">Cet article a \u00e9t\u00e9 reconstitu\u00e9 du mieux possible. Dans l\u2019hypoth\u00e8se o\u00f9 vous souhaitez apporter quelques modifications concernant le th\u00e8me \u00ab\u00a0Editions \u00e9sot\u00e9rique fond\u00e9e en 1927\u00a0\u00bb, il est possible de discuter avec notre r\u00e9daction. Vous pouvez tirer profit de cet article traitant le sujet \u00ab\u00a0Editions \u00e9sot\u00e9rique fond\u00e9e en 1927\u00a0\u00bb. Il est concoct\u00e9 par l\u2019\u00e9quipe editionsbussiere.com. Le site editionsbussiere.com est fait pour cr\u00e9er divers posts autour du th\u00e8me Editions \u00e9sot\u00e9rique fond\u00e9e en 1927 d\u00e9velopp\u00e9es sur internet. Consultez notre site internet editionsbussiere.com et nos r\u00e9seaux sociaux pour \u00eatre au courant des futures annonces.<\/p>\n","protected":false},"excerpt":{"rendered":"<p>MUMBAI, Inde \u2013 Alors que l\u2019\u00c9glise approche de la f\u00eate de la Nativit\u00e9 de la Bienheureuse Vierge Marie le 8 septembre, l\u2019\u00c9glise de l\u2019archidioc\u00e8se de Bombay organise une neuvaine en guise de pr\u00e9paration. Vendredi matin, un voyage synodal a d\u00e9but\u00e9 dans le quartier de Bandra \u00e0 Mumbai, \u00e0 la Basilique Notre-Dame du Mont. Bandra abrite [&hellip;]<\/p>\n","protected":false},"author":3,"featured_media":1247,"comment_status":"closed","ping_status":"closed","sticky":false,"template":"","format":"standard","meta":{"footnotes":""},"categories":[3],"tags":[],"class_list":["post-1246","post","type-post","status-publish","format-standard","has-post-thumbnail","hentry","category-editions-esoterique-fondee-en-1927-depeches","entry","fw-tab-6 fw-tabr-4","has-featured-image"],"yoast_head":"<!-- This site is optimized with the Yoast SEO plugin v27.5 - https:\/\/yoast.com\/product\/yoast-seo-wordpress\/ -->\n<title>L\u2019\u00c9glise en Inde suit le chemin synodal en c\u00e9l\u00e9brant la neuvaine mariale annuelle &amp; se d\u00e9vouer \u00e0 la m\u00e8re de dieu . - EDITIONSBUSSIERE<\/title>\n<meta name=\"robots\" content=\"index, follow, max-snippet:-1, max-image-preview:large, max-video-preview:-1\" \/>\n<link rel=\"canonical\" href=\"https:\/\/editionsbussiere.com\/blog\/leglise-en-inde-suit-le-chemin-synodal-en-celebrant-la-neuvaine-mariale-annuelle-se-devouer-a-la-mere-de-dieu\/\" \/>\n<meta property=\"og:locale\" content=\"fr_FR\" \/>\n<meta property=\"og:type\" content=\"article\" \/>\n<meta property=\"og:title\" content=\"L\u2019\u00c9glise en Inde suit le chemin synodal en c\u00e9l\u00e9brant la neuvaine mariale annuelle &amp; se d\u00e9vouer \u00e0 la m\u00e8re de dieu . - EDITIONSBUSSIERE\" \/>\n<meta property=\"og:description\" content=\"MUMBAI, Inde \u2013 Alors que l\u2019\u00c9glise approche de la f\u00eate de la Nativit\u00e9 de la Bienheureuse Vierge Marie le 8 septembre, l\u2019\u00c9glise de l\u2019archidioc\u00e8se de Bombay organise une neuvaine en guise de pr\u00e9paration. Vendredi matin, un voyage synodal a d\u00e9but\u00e9 dans le quartier de Bandra \u00e0 Mumbai, \u00e0 la Basilique Notre-Dame du Mont. Bandra abrite [&hellip;]\" \/>\n<meta property=\"og:url\" content=\"https:\/\/editionsbussiere.com\/blog\/leglise-en-inde-suit-le-chemin-synodal-en-celebrant-la-neuvaine-mariale-annuelle-se-devouer-a-la-mere-de-dieu\/\" \/>\n<meta property=\"og:site_name\" content=\"EDITIONSBUSSIERE\" \/>\n<meta property=\"article:published_time\" content=\"2024-08-31T07:10:07+00:00\" \/>\n<meta property=\"og:image\" content=\"https:\/\/editionsbussiere.com\/blog\/wp-content\/uploads\/2024\/08\/LEglise-en-Inde-suit-le-chemin-synodal-en-celebrant-la-1024x756-1.jpg\" \/>\n<meta name=\"author\" content=\"Marie BATICLE\" \/>\n<meta name=\"twitter:card\" content=\"summary_large_image\" \/>\n<meta name=\"twitter:label1\" content=\"\u00c9crit par\" \/>\n\t<meta name=\"twitter:data1\" content=\"Marie BATICLE\" \/>\n\t<meta name=\"twitter:label2\" content=\"Dur\u00e9e de lecture estim\u00e9e\" \/>\n\t<meta name=\"twitter:data2\" content=\"14 minutes\" \/>\n<script type=\"application\/ld+json\" class=\"yoast-schema-graph\">{\"@context\":\"https:\\\/\\\/schema.org\",\"@graph\":[{\"@type\":\"Article\",\"@id\":\"https:\\\/\\\/editionsbussiere.com\\\/blog\\\/leglise-en-inde-suit-le-chemin-synodal-en-celebrant-la-neuvaine-mariale-annuelle-se-devouer-a-la-mere-de-dieu\\\/#article\",\"isPartOf\":{\"@id\":\"https:\\\/\\\/editionsbussiere.com\\\/blog\\\/leglise-en-inde-suit-le-chemin-synodal-en-celebrant-la-neuvaine-mariale-annuelle-se-devouer-a-la-mere-de-dieu\\\/\"},\"author\":{\"name\":\"Marie BATICLE\",\"@id\":\"https:\\\/\\\/editionsbussiere.com\\\/blog\\\/#\\\/schema\\\/person\\\/ec90e102792148c97e46ab871010dd8f\"},\"headline\":\"L\u2019\u00c9glise en Inde suit le chemin synodal en c\u00e9l\u00e9brant la neuvaine mariale annuelle &amp; se d\u00e9vouer \u00e0 la m\u00e8re de dieu .\",\"datePublished\":\"2024-08-31T07:10:07+00:00\",\"mainEntityOfPage\":{\"@id\":\"https:\\\/\\\/editionsbussiere.com\\\/blog\\\/leglise-en-inde-suit-le-chemin-synodal-en-celebrant-la-neuvaine-mariale-annuelle-se-devouer-a-la-mere-de-dieu\\\/\"},\"wordCount\":2765,\"publisher\":{\"@id\":\"https:\\\/\\\/editionsbussiere.com\\\/blog\\\/#organization\"},\"image\":{\"@id\":\"https:\\\/\\\/editionsbussiere.com\\\/blog\\\/leglise-en-inde-suit-le-chemin-synodal-en-celebrant-la-neuvaine-mariale-annuelle-se-devouer-a-la-mere-de-dieu\\\/#primaryimage\"},\"thumbnailUrl\":\"https:\\\/\\\/editionsbussiere.com\\\/blog\\\/wp-content\\\/uploads\\\/2024\\\/08\\\/LEglise-en-Inde-suit-le-chemin-synodal-en-celebrant-la-1024x756-1.jpg\",\"articleSection\":[\"Editions \u00c9sot\u00e9rique Fond\u00e9e En 1927; D\u00e9p\u00e8ches:\"],\"inLanguage\":\"fr-FR\"},{\"@type\":\"WebPage\",\"@id\":\"https:\\\/\\\/editionsbussiere.com\\\/blog\\\/leglise-en-inde-suit-le-chemin-synodal-en-celebrant-la-neuvaine-mariale-annuelle-se-devouer-a-la-mere-de-dieu\\\/\",\"url\":\"https:\\\/\\\/editionsbussiere.com\\\/blog\\\/leglise-en-inde-suit-le-chemin-synodal-en-celebrant-la-neuvaine-mariale-annuelle-se-devouer-a-la-mere-de-dieu\\\/\",\"name\":\"L\u2019\u00c9glise en Inde suit le chemin synodal en c\u00e9l\u00e9brant la neuvaine mariale annuelle &amp; se d\u00e9vouer \u00e0 la m\u00e8re de dieu . - EDITIONSBUSSIERE\",\"isPartOf\":{\"@id\":\"https:\\\/\\\/editionsbussiere.com\\\/blog\\\/#website\"},\"primaryImageOfPage\":{\"@id\":\"https:\\\/\\\/editionsbussiere.com\\\/blog\\\/leglise-en-inde-suit-le-chemin-synodal-en-celebrant-la-neuvaine-mariale-annuelle-se-devouer-a-la-mere-de-dieu\\\/#primaryimage\"},\"image\":{\"@id\":\"https:\\\/\\\/editionsbussiere.com\\\/blog\\\/leglise-en-inde-suit-le-chemin-synodal-en-celebrant-la-neuvaine-mariale-annuelle-se-devouer-a-la-mere-de-dieu\\\/#primaryimage\"},\"thumbnailUrl\":\"https:\\\/\\\/editionsbussiere.com\\\/blog\\\/wp-content\\\/uploads\\\/2024\\\/08\\\/LEglise-en-Inde-suit-le-chemin-synodal-en-celebrant-la-1024x756-1.jpg\",\"datePublished\":\"2024-08-31T07:10:07+00:00\",\"breadcrumb\":{\"@id\":\"https:\\\/\\\/editionsbussiere.com\\\/blog\\\/leglise-en-inde-suit-le-chemin-synodal-en-celebrant-la-neuvaine-mariale-annuelle-se-devouer-a-la-mere-de-dieu\\\/#breadcrumb\"},\"inLanguage\":\"fr-FR\",\"potentialAction\":[{\"@type\":\"ReadAction\",\"target\":[\"https:\\\/\\\/editionsbussiere.com\\\/blog\\\/leglise-en-inde-suit-le-chemin-synodal-en-celebrant-la-neuvaine-mariale-annuelle-se-devouer-a-la-mere-de-dieu\\\/\"]}]},{\"@type\":\"ImageObject\",\"inLanguage\":\"fr-FR\",\"@id\":\"https:\\\/\\\/editionsbussiere.com\\\/blog\\\/leglise-en-inde-suit-le-chemin-synodal-en-celebrant-la-neuvaine-mariale-annuelle-se-devouer-a-la-mere-de-dieu\\\/#primaryimage\",\"url\":\"https:\\\/\\\/editionsbussiere.com\\\/blog\\\/wp-content\\\/uploads\\\/2024\\\/08\\\/LEglise-en-Inde-suit-le-chemin-synodal-en-celebrant-la-1024x756-1.jpg\",\"contentUrl\":\"https:\\\/\\\/editionsbussiere.com\\\/blog\\\/wp-content\\\/uploads\\\/2024\\\/08\\\/LEglise-en-Inde-suit-le-chemin-synodal-en-celebrant-la-1024x756-1.jpg\",\"width\":1024,\"height\":756,\"caption\":\"LEglise en Inde suit le chemin synodal en celebrant la 1024x756 1\"},{\"@type\":\"BreadcrumbList\",\"@id\":\"https:\\\/\\\/editionsbussiere.com\\\/blog\\\/leglise-en-inde-suit-le-chemin-synodal-en-celebrant-la-neuvaine-mariale-annuelle-se-devouer-a-la-mere-de-dieu\\\/#breadcrumb\",\"itemListElement\":[{\"@type\":\"ListItem\",\"position\":1,\"name\":\"Accueil\",\"item\":\"https:\\\/\\\/editionsbussiere.com\\\/blog\\\/\"},{\"@type\":\"ListItem\",\"position\":2,\"name\":\"L\u2019\u00c9glise en Inde suit le chemin synodal en c\u00e9l\u00e9brant la neuvaine mariale annuelle &amp; se d\u00e9vouer \u00e0 la m\u00e8re de dieu .\"}]},{\"@type\":\"WebSite\",\"@id\":\"https:\\\/\\\/editionsbussiere.com\\\/blog\\\/#website\",\"url\":\"https:\\\/\\\/editionsbussiere.com\\\/blog\\\/\",\"name\":\"EDITIONSBUSSIERE\",\"description\":\"Editions \u00e9sot\u00e9rique fond\u00e9e en 1927; site historique, A SAVOIR ET RETENIR.\",\"publisher\":{\"@id\":\"https:\\\/\\\/editionsbussiere.com\\\/blog\\\/#organization\"},\"potentialAction\":[{\"@type\":\"SearchAction\",\"target\":{\"@type\":\"EntryPoint\",\"urlTemplate\":\"https:\\\/\\\/editionsbussiere.com\\\/blog\\\/?s={search_term_string}\"},\"query-input\":{\"@type\":\"PropertyValueSpecification\",\"valueRequired\":true,\"valueName\":\"search_term_string\"}}],\"inLanguage\":\"fr-FR\"},{\"@type\":\"Organization\",\"@id\":\"https:\\\/\\\/editionsbussiere.com\\\/blog\\\/#organization\",\"name\":\"editionsbussiere\",\"url\":\"https:\\\/\\\/editionsbussiere.com\\\/blog\\\/\",\"logo\":{\"@type\":\"ImageObject\",\"inLanguage\":\"fr-FR\",\"@id\":\"https:\\\/\\\/editionsbussiere.com\\\/blog\\\/#\\\/schema\\\/logo\\\/image\\\/\",\"url\":\"https:\\\/\\\/editionsbussiere.com\\\/blog\\\/wp-content\\\/uploads\\\/2023\\\/09\\\/cropped-buss.gif\",\"contentUrl\":\"https:\\\/\\\/editionsbussiere.com\\\/blog\\\/wp-content\\\/uploads\\\/2023\\\/09\\\/cropped-buss.gif\",\"width\":298,\"height\":120,\"caption\":\"editionsbussiere\"},\"image\":{\"@id\":\"https:\\\/\\\/editionsbussiere.com\\\/blog\\\/#\\\/schema\\\/logo\\\/image\\\/\"}},{\"@type\":\"Person\",\"@id\":\"https:\\\/\\\/editionsbussiere.com\\\/blog\\\/#\\\/schema\\\/person\\\/ec90e102792148c97e46ab871010dd8f\",\"name\":\"Marie BATICLE\",\"image\":{\"@type\":\"ImageObject\",\"inLanguage\":\"fr-FR\",\"@id\":\"https:\\\/\\\/secure.gravatar.com\\\/avatar\\\/c923e52403b1b8137e2d929127211d21967e6aecaa053bd43b09da29f212e76e?s=96&d=mm&r=g\",\"url\":\"https:\\\/\\\/secure.gravatar.com\\\/avatar\\\/c923e52403b1b8137e2d929127211d21967e6aecaa053bd43b09da29f212e76e?s=96&d=mm&r=g\",\"contentUrl\":\"https:\\\/\\\/secure.gravatar.com\\\/avatar\\\/c923e52403b1b8137e2d929127211d21967e6aecaa053bd43b09da29f212e76e?s=96&d=mm&r=g\",\"caption\":\"Marie BATICLE\"},\"url\":\"https:\\\/\\\/editionsbussiere.com\\\/blog\\\/author\\\/eremarie\\\/\"}]}<\/script>\n<!-- \/ Yoast SEO plugin. -->","yoast_head_json":{"title":"L\u2019\u00c9glise en Inde suit le chemin synodal en c\u00e9l\u00e9brant la neuvaine mariale annuelle &amp; se d\u00e9vouer \u00e0 la m\u00e8re de dieu . - EDITIONSBUSSIERE","robots":{"index":"index","follow":"follow","max-snippet":"max-snippet:-1","max-image-preview":"max-image-preview:large","max-video-preview":"max-video-preview:-1"},"canonical":"https:\/\/editionsbussiere.com\/blog\/leglise-en-inde-suit-le-chemin-synodal-en-celebrant-la-neuvaine-mariale-annuelle-se-devouer-a-la-mere-de-dieu\/","og_locale":"fr_FR","og_type":"article","og_title":"L\u2019\u00c9glise en Inde suit le chemin synodal en c\u00e9l\u00e9brant la neuvaine mariale annuelle &amp; se d\u00e9vouer \u00e0 la m\u00e8re de dieu . - EDITIONSBUSSIERE","og_description":"MUMBAI, Inde \u2013 Alors que l\u2019\u00c9glise approche de la f\u00eate de la Nativit\u00e9 de la Bienheureuse Vierge Marie le 8 septembre, l\u2019\u00c9glise de l\u2019archidioc\u00e8se de Bombay organise une neuvaine en guise de pr\u00e9paration. Vendredi matin, un voyage synodal a d\u00e9but\u00e9 dans le quartier de Bandra \u00e0 Mumbai, \u00e0 la Basilique Notre-Dame du Mont. Bandra abrite [&hellip;]","og_url":"https:\/\/editionsbussiere.com\/blog\/leglise-en-inde-suit-le-chemin-synodal-en-celebrant-la-neuvaine-mariale-annuelle-se-devouer-a-la-mere-de-dieu\/","og_site_name":"EDITIONSBUSSIERE","article_published_time":"2024-08-31T07:10:07+00:00","og_image":[{"url":"https:\/\/editionsbussiere.com\/blog\/wp-content\/uploads\/2024\/08\/LEglise-en-Inde-suit-le-chemin-synodal-en-celebrant-la-1024x756-1.jpg","type":"","width":"","height":""}],"author":"Marie BATICLE","twitter_card":"summary_large_image","twitter_misc":{"\u00c9crit par":"Marie BATICLE","Dur\u00e9e de lecture estim\u00e9e":"14 minutes"},"schema":{"@context":"https:\/\/schema.org","@graph":[{"@type":"Article","@id":"https:\/\/editionsbussiere.com\/blog\/leglise-en-inde-suit-le-chemin-synodal-en-celebrant-la-neuvaine-mariale-annuelle-se-devouer-a-la-mere-de-dieu\/#article","isPartOf":{"@id":"https:\/\/editionsbussiere.com\/blog\/leglise-en-inde-suit-le-chemin-synodal-en-celebrant-la-neuvaine-mariale-annuelle-se-devouer-a-la-mere-de-dieu\/"},"author":{"name":"Marie BATICLE","@id":"https:\/\/editionsbussiere.com\/blog\/#\/schema\/person\/ec90e102792148c97e46ab871010dd8f"},"headline":"L\u2019\u00c9glise en Inde suit le chemin synodal en c\u00e9l\u00e9brant la neuvaine mariale annuelle &amp; se d\u00e9vouer \u00e0 la m\u00e8re de dieu .","datePublished":"2024-08-31T07:10:07+00:00","mainEntityOfPage":{"@id":"https:\/\/editionsbussiere.com\/blog\/leglise-en-inde-suit-le-chemin-synodal-en-celebrant-la-neuvaine-mariale-annuelle-se-devouer-a-la-mere-de-dieu\/"},"wordCount":2765,"publisher":{"@id":"https:\/\/editionsbussiere.com\/blog\/#organization"},"image":{"@id":"https:\/\/editionsbussiere.com\/blog\/leglise-en-inde-suit-le-chemin-synodal-en-celebrant-la-neuvaine-mariale-annuelle-se-devouer-a-la-mere-de-dieu\/#primaryimage"},"thumbnailUrl":"https:\/\/editionsbussiere.com\/blog\/wp-content\/uploads\/2024\/08\/LEglise-en-Inde-suit-le-chemin-synodal-en-celebrant-la-1024x756-1.jpg","articleSection":["Editions \u00c9sot\u00e9rique Fond\u00e9e En 1927; D\u00e9p\u00e8ches:"],"inLanguage":"fr-FR"},{"@type":"WebPage","@id":"https:\/\/editionsbussiere.com\/blog\/leglise-en-inde-suit-le-chemin-synodal-en-celebrant-la-neuvaine-mariale-annuelle-se-devouer-a-la-mere-de-dieu\/","url":"https:\/\/editionsbussiere.com\/blog\/leglise-en-inde-suit-le-chemin-synodal-en-celebrant-la-neuvaine-mariale-annuelle-se-devouer-a-la-mere-de-dieu\/","name":"L\u2019\u00c9glise en Inde suit le chemin synodal en c\u00e9l\u00e9brant la neuvaine mariale annuelle &amp; se d\u00e9vouer \u00e0 la m\u00e8re de dieu . - EDITIONSBUSSIERE","isPartOf":{"@id":"https:\/\/editionsbussiere.com\/blog\/#website"},"primaryImageOfPage":{"@id":"https:\/\/editionsbussiere.com\/blog\/leglise-en-inde-suit-le-chemin-synodal-en-celebrant-la-neuvaine-mariale-annuelle-se-devouer-a-la-mere-de-dieu\/#primaryimage"},"image":{"@id":"https:\/\/editionsbussiere.com\/blog\/leglise-en-inde-suit-le-chemin-synodal-en-celebrant-la-neuvaine-mariale-annuelle-se-devouer-a-la-mere-de-dieu\/#primaryimage"},"thumbnailUrl":"https:\/\/editionsbussiere.com\/blog\/wp-content\/uploads\/2024\/08\/LEglise-en-Inde-suit-le-chemin-synodal-en-celebrant-la-1024x756-1.jpg","datePublished":"2024-08-31T07:10:07+00:00","breadcrumb":{"@id":"https:\/\/editionsbussiere.com\/blog\/leglise-en-inde-suit-le-chemin-synodal-en-celebrant-la-neuvaine-mariale-annuelle-se-devouer-a-la-mere-de-dieu\/#breadcrumb"},"inLanguage":"fr-FR","potentialAction":[{"@type":"ReadAction","target":["https:\/\/editionsbussiere.com\/blog\/leglise-en-inde-suit-le-chemin-synodal-en-celebrant-la-neuvaine-mariale-annuelle-se-devouer-a-la-mere-de-dieu\/"]}]},{"@type":"ImageObject","inLanguage":"fr-FR","@id":"https:\/\/editionsbussiere.com\/blog\/leglise-en-inde-suit-le-chemin-synodal-en-celebrant-la-neuvaine-mariale-annuelle-se-devouer-a-la-mere-de-dieu\/#primaryimage","url":"https:\/\/editionsbussiere.com\/blog\/wp-content\/uploads\/2024\/08\/LEglise-en-Inde-suit-le-chemin-synodal-en-celebrant-la-1024x756-1.jpg","contentUrl":"https:\/\/editionsbussiere.com\/blog\/wp-content\/uploads\/2024\/08\/LEglise-en-Inde-suit-le-chemin-synodal-en-celebrant-la-1024x756-1.jpg","width":1024,"height":756,"caption":"LEglise en Inde suit le chemin synodal en celebrant la 1024x756 1"},{"@type":"BreadcrumbList","@id":"https:\/\/editionsbussiere.com\/blog\/leglise-en-inde-suit-le-chemin-synodal-en-celebrant-la-neuvaine-mariale-annuelle-se-devouer-a-la-mere-de-dieu\/#breadcrumb","itemListElement":[{"@type":"ListItem","position":1,"name":"Accueil","item":"https:\/\/editionsbussiere.com\/blog\/"},{"@type":"ListItem","position":2,"name":"L\u2019\u00c9glise en Inde suit le chemin synodal en c\u00e9l\u00e9brant la neuvaine mariale annuelle &amp; se d\u00e9vouer \u00e0 la m\u00e8re de dieu ."}]},{"@type":"WebSite","@id":"https:\/\/editionsbussiere.com\/blog\/#website","url":"https:\/\/editionsbussiere.com\/blog\/","name":"EDITIONSBUSSIERE","description":"Editions \u00e9sot\u00e9rique fond\u00e9e en 1927; site historique, A SAVOIR ET RETENIR.","publisher":{"@id":"https:\/\/editionsbussiere.com\/blog\/#organization"},"potentialAction":[{"@type":"SearchAction","target":{"@type":"EntryPoint","urlTemplate":"https:\/\/editionsbussiere.com\/blog\/?s={search_term_string}"},"query-input":{"@type":"PropertyValueSpecification","valueRequired":true,"valueName":"search_term_string"}}],"inLanguage":"fr-FR"},{"@type":"Organization","@id":"https:\/\/editionsbussiere.com\/blog\/#organization","name":"editionsbussiere","url":"https:\/\/editionsbussiere.com\/blog\/","logo":{"@type":"ImageObject","inLanguage":"fr-FR","@id":"https:\/\/editionsbussiere.com\/blog\/#\/schema\/logo\/image\/","url":"https:\/\/editionsbussiere.com\/blog\/wp-content\/uploads\/2023\/09\/cropped-buss.gif","contentUrl":"https:\/\/editionsbussiere.com\/blog\/wp-content\/uploads\/2023\/09\/cropped-buss.gif","width":298,"height":120,"caption":"editionsbussiere"},"image":{"@id":"https:\/\/editionsbussiere.com\/blog\/#\/schema\/logo\/image\/"}},{"@type":"Person","@id":"https:\/\/editionsbussiere.com\/blog\/#\/schema\/person\/ec90e102792148c97e46ab871010dd8f","name":"Marie BATICLE","image":{"@type":"ImageObject","inLanguage":"fr-FR","@id":"https:\/\/secure.gravatar.com\/avatar\/c923e52403b1b8137e2d929127211d21967e6aecaa053bd43b09da29f212e76e?s=96&d=mm&r=g","url":"https:\/\/secure.gravatar.com\/avatar\/c923e52403b1b8137e2d929127211d21967e6aecaa053bd43b09da29f212e76e?s=96&d=mm&r=g","contentUrl":"https:\/\/secure.gravatar.com\/avatar\/c923e52403b1b8137e2d929127211d21967e6aecaa053bd43b09da29f212e76e?s=96&d=mm&r=g","caption":"Marie BATICLE"},"url":"https:\/\/editionsbussiere.com\/blog\/author\/eremarie\/"}]}},"_links":{"self":[{"href":"https:\/\/editionsbussiere.com\/blog\/wp-json\/wp\/v2\/posts\/1246","targetHints":{"allow":["GET"]}}],"collection":[{"href":"https:\/\/editionsbussiere.com\/blog\/wp-json\/wp\/v2\/posts"}],"about":[{"href":"https:\/\/editionsbussiere.com\/blog\/wp-json\/wp\/v2\/types\/post"}],"author":[{"embeddable":true,"href":"https:\/\/editionsbussiere.com\/blog\/wp-json\/wp\/v2\/users\/3"}],"replies":[{"embeddable":true,"href":"https:\/\/editionsbussiere.com\/blog\/wp-json\/wp\/v2\/comments?post=1246"}],"version-history":[{"count":0,"href":"https:\/\/editionsbussiere.com\/blog\/wp-json\/wp\/v2\/posts\/1246\/revisions"}],"wp:featuredmedia":[{"embeddable":true,"href":"https:\/\/editionsbussiere.com\/blog\/wp-json\/wp\/v2\/media\/1247"}],"wp:attachment":[{"href":"https:\/\/editionsbussiere.com\/blog\/wp-json\/wp\/v2\/media?parent=1246"}],"wp:term":[{"taxonomy":"category","embeddable":true,"href":"https:\/\/editionsbussiere.com\/blog\/wp-json\/wp\/v2\/categories?post=1246"},{"taxonomy":"post_tag","embeddable":true,"href":"https:\/\/editionsbussiere.com\/blog\/wp-json\/wp\/v2\/tags?post=1246"}],"curies":[{"name":"wp","href":"https:\/\/api.w.org\/{rel}","templated":true}]}}