{"id":1243,"date":"2024-08-31T03:34:46","date_gmt":"2024-08-31T01:34:46","guid":{"rendered":"https:\/\/editionsbussiere.com\/blog\/le-pape-va-t-il-dissoudre-luniversite-pontificale-urbanienne-il-repond-lui-meme-et-prononce-un-discours-zenit-avec-une-priere-en-debut-de-journee\/"},"modified":"2024-08-31T03:34:46","modified_gmt":"2024-08-31T01:34:46","slug":"le-pape-va-t-il-dissoudre-luniversite-pontificale-urbanienne-il-repond-lui-meme-et-prononce-un-discours-zenit-avec-une-priere-en-debut-de-journee","status":"publish","type":"post","link":"https:\/\/editionsbussiere.com\/blog\/le-pape-va-t-il-dissoudre-luniversite-pontificale-urbanienne-il-repond-lui-meme-et-prononce-un-discours-zenit-avec-une-priere-en-debut-de-journee\/","title":{"rendered":"Le pape va-t-il dissoudre l\u2019Universit\u00e9 pontificale urbanienne ? Il r\u00e9pond lui-m\u00eame et prononce un discours \u2013 ZENIT\n avec une pri\u00e8re en d\u00e9but de journ\u00e9e."},"content":{"rendered":"<div><img width=\"580\" height=\"321\" src=\"https:\/\/editionsbussiere.com\/blog\/wp-content\/uploads\/2024\/08\/Le-pape-va-t-il-dissoudre-lUniversite-pontificale-urbanienne-Il-repond-1024x567-1.jpg\" class=\"attachment-large size-large wp-post-image\" alt=\"Le pape va-t-il dissoudre l'Universit\u00e9 pontificale urbanienne ? Il r\u00e9pond\" style=\"float:left; margin:0 15px 15px 0;\" decoding=\"async\" srcset=\"https:\/\/editionsbussiere.com\/blog\/wp-content\/uploads\/2024\/08\/Le-pape-va-t-il-dissoudre-lUniversite-pontificale-urbanienne-Il-repond-1024x567-1.jpg 1024w, https:\/\/www.n42.fr\/wp-content\/uploads\/2024\/08\/Le-pape-va-t-il-dissoudre-lUniversite-pontificale-urbanienne-Il-repond-300x166.jpg 300w, https:\/\/www.n42.fr\/wp-content\/uploads\/2024\/08\/Le-pape-va-t-il-dissoudre-lUniversite-pontificale-urbanienne-Il-repond-768x425.jpg 768w, https:\/\/www.n42.fr\/wp-content\/uploads\/2024\/08\/Le-pape-va-t-il-dissoudre-lUniversite-pontificale-urbanienne-Il-repond-1536x850.jpg 1536w, https:\/\/www.n42.fr\/wp-content\/uploads\/2024\/08\/Le-pape-va-t-il-dissoudre-lUniversite-pontificale-urbanienne-Il-repond-1200x664.jpg 1200w, https:\/\/www.n42.fr\/wp-content\/uploads\/2024\/08\/Le-pape-va-t-il-dissoudre-lUniversite-pontificale-urbanienne-Il-repond.jpg 1657w\" sizes=\"(max-width: 580px) 100vw, 580px\"><\/p>\n<p>\n<\/p>\n<div>\n<p style=\"font-weight: 400;\">(ZENIT News \/ Vatican, 30.08.2024).- Le Pape Fran\u00e7ois a re\u00e7u en audience, vendredi 30 ao\u00fbt au matin, les participants \u00e0 l\u2019Assembl\u00e9e pl\u00e9ni\u00e8re du Dicast\u00e8re pour l\u2019\u00c9vang\u00e9lisation. Le Dicast\u00e8re organise \u00e0 Rome une r\u00e9union extraordinaire pour discuter de l\u2019avenir de l\u2019une des universit\u00e9s les plus renomm\u00e9es de l\u2019\u00c9glise, plac\u00e9e sous l\u2019autorit\u00e9 du Vatican et o\u00f9 se forment des s\u00e9minaristes et des pr\u00eatres pour les dioc\u00e8ses missionnaires du monde entier. Nous vous proposons ci-dessous la traduction fran\u00e7aise des paroles du Pape :<\/p>\n<p style=\"font-weight: 400;\">***<\/p>\n<p><img decoding=\"async\" class=\"aligncenter\" src=\"https:\/\/editionsbussiere.com\/blog\/wp-content\/uploads\/2024\/08\/cq5dam.web_.800.800-2.jpeg\"><\/p>\n<p style=\"font-weight: 400;\">Je salue le cardinal Tagle et toutes les personnes pr\u00e9sentes et je vous remercie pour l\u2019aide que vous apportez ces jours-ci. De tous les continents, vous \u00eates venus \u00e0 Rome pour r\u00e9fl\u00e9chir \u00e0 l\u2019identit\u00e9, \u00e0 la mission et aux perspectives d\u2019avenir de l\u2019Universit\u00e9 pontificale urbanienne. Il existe un projet de \u00ab fusion \u00bb avec d\u2019autres universit\u00e9s ; non, ce n\u2019est pas juste. Je vous f\u00e9licite pour la proc\u00e9dure synodale que vous avez adopt\u00e9e, en recueillant d\u2019abord les contributions provenant des Conf\u00e9rences \u00e9piscopales des pays de la comp\u00e9tence du Dicast\u00e8re.<\/p>\n<p style=\"font-weight: 400;\">Pour ma part, je voudrais proposer quelques r\u00e9flexions \u00e0 ce sujet, \u00e0 partir du contexte dans lequel l\u2019Universit\u00e9 urbaine r\u00e9pond \u00e0 l\u2019autorit\u00e9 et \u00e0 l\u2019activit\u00e9 du Dicast\u00e8re pour l\u2019\u00c9vang\u00e9lisation, selon le plan d\u2019organisation \u00e9tabli par la Constitution apostolique. <em>Pr\u00e9dicate Evangelium<\/em>. Le <em>Urbanienne <\/em>a une identit\u00e9 propre.<\/p>\n<p style=\"font-weight: 400;\"><strong>[Identity and mission]<\/strong><\/p>\n<p style=\"font-weight: 400;\">D\u2019abord, <strong>la relation entre <em>identit\u00e9 et mission<\/em><\/strong>. \u00c9tant donn\u00e9 la vocation de l\u2019Universit\u00e9 urbaine, son identit\u00e9 a toujours co\u00efncid\u00e9 avec sa mission. La formation, l\u2019enseignement, la recherche et la vie quotidienne de l\u2019Universit\u00e9 font partie du mandat que nous avons re\u00e7u d\u2019annoncer la Bonne Nouvelle \u00e0 tous les peuples (cf. <em>Mk<\/em> 16:15). Leur forme concr\u00e8te ne peut cependant jamais \u00eatre consid\u00e9r\u00e9e comme d\u00e9finitive. Toujours en mouvement ! En ce sens, <strong>elles sont ouvertes et ont besoin d\u2019\u00eatre constamment guid\u00e9es par le souffle de l\u2019Esprit Saint qui dirige l\u2019histoire et qui nous appelle \u00e0 lire les signes des temps dans lesquels nous vivons. Et \u00e0 le faire avec les crit\u00e8res appropri\u00e9s.<\/strong><\/p>\n<p><img decoding=\"async\" class=\"aligncenter\" src=\"https:\/\/editionsbussiere.com\/blog\/wp-content\/uploads\/2024\/08\/cq5dam.web_.800.800-3.jpeg\"><\/p>\n<p style=\"font-weight: 400;\">L\u2019inspiration et les besoins qui ont conduit \u00e0 la fondation de l\u2019Universit\u00e9 restent plus que jamais d\u2019actualit\u00e9, comme le montrent les quatre si\u00e8cles de sa croissance depuis le Coll\u00e8ge urbain original. <strong>Cet h\u00e9ritage doit cependant trouver une expression contemporaine dans les efforts visant \u00e0 r\u00e9pondre aux d\u00e9fis auxquels l\u2019\u00c9glise et notre monde sont actuellement confront\u00e9s.<\/strong>\u00ab Les \u00e9tudes eccl\u00e9siastiques ne peuvent se limiter \u00e0 transmettre des connaissances, des comp\u00e9tences professionnelles et des exp\u00e9riences aux hommes et aux femmes de notre temps\u2026, mais doivent \u00e9galement assumer la t\u00e2che urgente de d\u00e9velopper des outils intellectuels qui puissent servir de paradigmes pour l\u2019action et la pens\u00e9e, utiles pour la pr\u00e9dication dans un monde marqu\u00e9 par le pluralisme \u00e9thique et religieux \u00bb (<em>Veritatis Gaudium<\/em>5).  <strong>Nous ne vivons pas dans une soci\u00e9t\u00e9 chr\u00e9tienne, mais nous <em>sont<\/em> appel\u00e9s \u00e0 vivre en chr\u00e9tiens dans la soci\u00e9t\u00e9 pluraliste d\u2019aujourd\u2019hui. En chr\u00e9tiens et ouverts aux autres.<\/strong><\/p>\n<p style=\"font-weight: 400;\"><strong>[Present and future prospects]<\/strong><\/p>\n<p style=\"font-weight: 400;\">Deuxi\u00e8mement, la relation entre <em>perspectives pr\u00e9sentes et futures<\/em>. <strong>La r\u00e9flexion dans ce domaine fait partie du discernement demand\u00e9 aux institutions universitaires de Rome, qui d\u00e9pendent de mani\u00e8re particuli\u00e8re du Si\u00e8ge apostolique.<\/strong><\/p>\n<p style=\"font-weight: 400;\"><strong>Cela exige une am\u00e9lioration de la qualit\u00e9 de l\u2019\u00e9ducation et de la recherche, ainsi qu\u2019une utilisation judicieuse des ressources humaines et \u00e9conomiques. Cela demande une vision capable de regarder au-del\u00e0 du pr\u00e9sent et d\u2019\u00e9valuer le contexte eccl\u00e9sial et social contemporain, la vitalit\u00e9 de nos structures eccl\u00e9siastiques et leur durabilit\u00e9, les besoins des \u00c9glises locales, les vocations au sacerdoce et \u00e0 la vie consacr\u00e9e, les indices d\u00e9mographiques des diff\u00e9rentes r\u00e9gions. Nous savons tous que \u00ab la proposition d\u2019objectifs sans une recherche communautaire ad\u00e9quate des moyens de les atteindre s\u2019av\u00e8re in\u00e9vitablement illusoire \u00bb.<\/strong> (<em>Evangelii Gaudium<\/em>33).<\/p>\n<p><img decoding=\"async\" class=\"aligncenter\" src=\"https:\/\/editionsbussiere.com\/blog\/wp-content\/uploads\/2024\/08\/cq5dam.web_.800.800-4.jpeg\"><\/p>\n<p style=\"font-weight: 400;\"><strong>Il faudra une saine cr\u00e9ativit\u00e9 pour \u00e9laborer des plans et des projets adapt\u00e9s. N\u2019ayez jamais peur de la cr\u00e9ativit\u00e9, nous avons besoin d\u2019une saine cr\u00e9ativit\u00e9. Lors de ma rencontre avec les universit\u00e9s pontificales et les institutions acad\u00e9miques \u00e0 Rome en f\u00e9vrier dernier, j\u2019ai encourag\u00e9 tout le monde \u00e0 \u00ab chanter en ch\u0153ur \u00bb. Cela implique plus que de simples solutions techniques. Un mod\u00e8le renouvel\u00e9 de l\u2019Universit\u00e9, en tant que communaut\u00e9 de savoir et d\u2019apprentissage, doit garantir que les programmes d\u2019\u00e9tudes ne se r\u00e9duisent jamais \u00e0 une simple accumulation de cours, de cr\u00e9dits et d\u2019examens.<\/strong><\/p>\n<p style=\"font-weight: 400;\"><strong>Pour qu\u2019une institution universitaire soit attractive et comp\u00e9titive, il faut des enseignants d\u00e9vou\u00e9s, des recherches scientifiques et les moyens n\u00e9cessaires pour contribuer de mani\u00e8re significative \u00e0 la recherche. Une utilisation judicieuse des ressources implique d\u2019\u00e9liminer les doublons, de partager les enseignants entre les six institutions, d\u2019\u00e9liminer les d\u00e9penses inutiles, de planifier judicieusement les activit\u00e9s et d\u2019abandonner les pratiques et programmes obsol\u00e8tes.<\/strong>. Pour cela, je voudrais remercier le cardinal et le secr\u00e9taire qui travaillent dur pour \u00e9viter ces choses laides et sales que je viens de mentionner. Merci pour ce que vous faites.<\/p>\n<p style=\"font-weight: 400;\">Dans le cas particulier de la <em>Urbanienne<\/em>il est important que sa sp\u00e9cificit\u00e9 missionnaire et interculturelle se manifeste encore plus clairement dans la qualit\u00e9 de la formation qu\u2019elle offre, afin que ses dipl\u00f4m\u00e9s sachent faire preuve de cr\u00e9ativit\u00e9 dans la transmission du message chr\u00e9tien aux autres cultures et religions. Comme nous avons besoin de pr\u00eatres, de personnes consacr\u00e9es et de la\u00efcs anim\u00e9s d\u2019un \u00e9lan missionnaire pour \u00e9vang\u00e9liser les cultures et ainsi inculturiser l\u2019\u00c9vangile ! <strong>Ces deux choses vont toujours ensemble : l\u2019\u00e9vang\u00e9lisation de la culture et l\u2019inculturation de l\u2019\u00c9vangile.<\/strong><\/p>\n<p><img decoding=\"async\" class=\"aligncenter\" src=\"https:\/\/editionsbussiere.com\/blog\/wp-content\/uploads\/2024\/08\/cq5dam.web_.800.800-5.jpeg\"><\/p>\n<p style=\"font-weight: 400;\">Je souhaite que, comme cela se fait d\u00e9j\u00e0 en certains endroits d\u2019Asie et en Chine, on cr\u00e9e davantage de centres de recherche pour les diff\u00e9rentes r\u00e9gions g\u00e9ographiques et culturelles, en renfor\u00e7ant ceux qui existent d\u00e9j\u00e0. Il faut aussi encourager l\u2019suggestion des s\u00e9minaires et des \u00e9coles de th\u00e9ologie pr\u00e9sents dans les territoires de mission. L\u00e0 o\u00f9 cela n\u2019est pas possible, il faut assurer un accompagnement diff\u00e9rent mais constant.<\/p>\n<p style=\"font-weight: 400;\">Chers fr\u00e8res et s\u0153urs, je vous remercie pour le travail que vous accomplissez ces jours-ci et pour votre engagement dans les diff\u00e9rents milieux eccl\u00e9siaux o\u00f9 vous \u0153uvrez. Que l\u2019Esprit Saint guide vos r\u00e9flexions avec son don de sagesse. Et que la Vierge Marie, Reine de la Mission, vous accompagne par son intercession maternelle. Je prie pour vous, mais priez pour moi, s\u2019il vous pla\u00eet, car ce travail est amusant, mais pas facile !<\/p>\n<p style=\"font-weight: 400;\"><strong><em>Merci d\u2019avoir lu notre contenu. Si <\/em><\/strong><strong><em>vous souhaitez recevoir quotidiennement par e-mail les actualit\u00e9s de ZENIT, vous pouvez vous abonner gratuitement via <\/em><\/strong><strong><em>ce lien<\/em><\/strong><strong><em>.<\/em><\/strong><\/p>\n<div class=\"printfriendly pf-button pf-button-content pf-alignleft\"><img decoding=\"async\" class=\"pf-button-img\" src=\"https:\/\/editionsbussiere.com\/blog\/wp-content\/uploads\/2024\/08\/printfriendly-pdf-button-2.png\" alt=\"Version imprimable, PDF et e-mail\" style=\"width: 112px;height: 24px;\"><\/div>\n<\/div>\n<h2> \u00c9lever nos propres et les pri\u00e8res pour nos familles au Seigneur matin.<\/h2>\n<p>La ult\u00e9rieure \u00e9tape de la pri\u00e8re du matin consiste \u00e0 prier pour nos propres familles, nos famille, nos connaissances et notre propre communaut\u00e9. Nous pouvons prier pour leur, leur bonheur, leur s\u00fbret\u00e9, et leur prosp\u00e9rit\u00e9. Nous pouvons \u00e9galement prier pour nos d\u00e9tracteurs et pour ces personnes qui nous ont offens\u00e9s, et demander \u00e0 Dieu de nous aider \u00e0 leur pardonner et \u00e0 leur exprimer la compassion.<\/p>\n<h3> Prier pour la sant\u00e9 et la s\u00e9curit\u00e9 de nos amis.<\/h3>\n<p>Dieu tout-puissant, nous te confions nos familles, notre familles ainsi que nos connaissances. Prot\u00e8ge, \u00d4 Dieu, sur eux, avec sauvegarde -les de tout risque et de toute maladie. Offre, Seigneur, une vigueur du corps et de l\u2019esprit \u00e0 eux, et la paix au sein de leur c\u0153ur. Puisses-tu permettre ta guidance puissante les garde ainsi que les guide tout au long de cette journ\u00e9e, pour qu\u2019il puissent vivent dans la s\u00e9curit\u00e9 et la paix.<\/p>\n<p>Nous te prions aussi pour nos enfants, Seigneur, pour qu\u2019ils grandissent dans la foi et dans l\u2019amour de ton b\u00e9ni nom. Donne, \u00d4 Dieu, la sagesse ainsi que la vigueur n\u00e9cessaires afin de surmonter les d\u00e9fis de la vie, et aussi dirige leurs pas le long de le chemin de la v\u00e9rit\u00e9 et aussi de la justice.<\/p>\n<p>Enfin, nous tous te prions \u00e0 nos amis et aussi nos voisins, Seigneur, pour qu\u2019ils d\u00e9couvrent la joie de ton amour ainsi que la tranquillit\u00e9 de ton pardon. Offre-leur, \u00f4 Dieu, de c\u0153urs pleins de g\u00e9n\u00e9rosit\u00e9 afin de partager avec ceux qui sont dans le besoin, et mains ouvertes en vue de accueillir ceux qui sont seuls et abandonn\u00e9s.<\/p>\n<h3> Prier pour notre ennemis ainsi que ceux qui nous-m\u00eames ont offens\u00e9s. <\/h3>\n<p>Seigneur, J\u00e9sus, nous te prions pour notre ennemis et pour ces que nous-m\u00eames ont offens\u00e9s. Accorde-leur, \u00f4 Christ, votre mis\u00e9ricorde et ton pardon, ainsi que ouvre leur c\u0153ur \u00e0 la lumi\u00e8re de ta v\u00e9rit\u00e9. Aide-nous, Seigneur, \u00e0 leur montrer de la compassion et aussi \u00e0 leur pardonner comme tu nous as pardonn\u00e9. Que ta paix r\u00e8gne dans nos c\u0153urs et que votre amour guide notre actions, pour que nous puissions vivre en harmonie avec tous ceux que nous entourent.<\/p>\n<h3> Saisir la pri\u00e8re : <\/h3>\n<p>En conclusion, la invocation nous rappelle notre mission en tant que enfants de l\u2019\u00c9ternel : se trouver des t\u00e9moin de sa lumi\u00e8re et de son affection dans une \u00e8re en proie aux t\u00e9n\u00e8bres. \u00c0 travers nos mots et nos actes, nous propageons l\u2019\u00c9vangile de la s\u00e9r\u00e9nit\u00e9 et de la rapprochement, amenant l\u2019espoir et la cicatrisation \u00e0 un milieu ab\u00eem\u00e9.<\/p>\n<p>Au sein de la foi chr\u00e9tienne, le aube porte une valeur distincte, illustrant le rafra\u00eechissement et la reconstruction spirituelle. C\u2019est au lever du jour de chaque journ\u00e9e que l\u2019esprit se dirige vers Dieu dans l\u2019oraison, recherchant \u00e0 se trouver \u00e9clair\u00e9e par la clart\u00e9 c\u00e9leste. La pratique des pri\u00e8res matinales est essentiellement enracin\u00e9e dans le patrimoine chr\u00e9tienne, offrant une p\u00e9riode privil\u00e9gi\u00e9 pour \u00e9tablir une connexion avec Dieu et se pr\u00e9parer spirituellement aux d\u00e9fis de la journ\u00e9e \u00e0 venir.<\/p>\n<p>En au c\u0153ur au sein de ces oraisons matinales se trouve habituellement une d\u00e9votion particuli\u00e8re envers Marie, maman maternelle de J\u00e9sus et figure sainte v\u00e9n\u00e9r\u00e9e aupr\u00e8s de un grand nombre fid\u00e8les. En tant d\u2019 m\u00e9diatrice entre les hommes et Dieu, Marie est invoqu\u00e9e afin de intervenir en notre nom, nous orientant sur le chemin de la saintet\u00e9 et de la gr\u00e2ce divine. Sa pr\u00e9sentation parentale offre apaisement ainsi que s\u00e9curit\u00e9, enveloppant nos pri\u00e8res matinales d\u2019une tendresse c\u00e9leste.<\/p>\n<p>En travers les pri\u00e8res du matin, on est invit\u00e9s \u00e0 se joindre \u00e0 Marie dans une d\u00e9marche de b\u00e9atification personnelle. Par m\u00e9ditant sur la vie et ses vertus, nous explorons pour imiter son humilit\u00e9, sa puret\u00e9 et sa ob\u00e9issance \u00e0 l\u2019 volont\u00e9 de Dieu. Par le biais de sa saintet\u00e9 parfaite, Marie se transforme en pour nous un mod\u00e8le de vie chr\u00e9tienne, nous rappelant l\u2019importance de la pri\u00e8re et de la contemplation dans nos cheminement spirituel.<\/p>\n<p>Unissons-nous dans la pri\u00e8re de debut de journ\u00e9e, dans l\u2019unit\u00e9 de notre esp\u00e9rance, en Marie, la m\u00e8re de J\u00e9sus. Dans notre monde tourment\u00e9 par les conflits et la discorde, optons \u00e0 la pri\u00e8re pour trouver de retrouver la s\u00e9r\u00e9nit\u00e9 et la r\u00e9conciliation. On peut faire d\u00e9poser une intention de pri\u00e8re pour la Vierge Marie <a target=\"_blank\" rel=\"nofollow\" href=\"https:\/\/editionsbussiere.com\/blog\/goto\/https:\/\/www.avemariasound.org\/\" >en utilisant le formulaire de cette page.<\/a> Que nos pri\u00e8res s\u2019\u00e9l\u00e8vent vers le ciel, comme une offrande agr\u00e9able par Dieu, pour qu\u2019il puisse nous guider nos pas vers le chemin de la justice et de la v\u00e9rit\u00e9. L\u2019ap\u00f4tre Paul nous dans ses \u00e9p\u00eetres \u00e0 maintenir une pri\u00e8re incessante, en toutes circonstances, afin que notre connexion avec Dieu soit solide et ardente. La pri\u00e8re, lorsqu\u2019elle est offerte sinc\u00e8rement, poss\u00e8de la capacit\u00e9 de changer nos c\u0153urs et de modifier le cours de l\u2019histoire.<\/p>\n<p>La r\u00e9citation du matin se trouve \u00eatre un moment privil\u00e9gi\u00e9 pour se consacrer vers Dieu avec l\u2019intercession de Marie, en lui sacrifiant nos adorations, nos reconnaissances et nos intentions les plus intimes. Dans l\u2019 qui\u00e9tude de l\u2019aurore, on est invit\u00e9s pour se tourner \u00e0 cette m\u00e8re sainte, laquelle nous guide avec tendresse sur du chemin du la croyance et du sentiment amoureux divin. En unissant nos voix pour cette derni\u00e8re de Marie, nous \u00e9levons nos pri\u00e8res matinales \u00e0 le tr\u00f4ne du la gr\u00e2ce, confiants que notre supplications seront entendues et accueillies aupr\u00e8s de le c\u0153ur mis\u00e9ricordieux de Dieu.<\/p>\n<h2> Pri\u00e8re pour le d\u00e9but de journ\u00e9e avec dieu et la Sainte M\u00e8re<\/h2>\n<p>Dieu tout-puissant et plein de mis\u00e9ricorde, en ce nouveau jour qui commence sous la clart\u00e9 de ta lumi\u00e8re c\u00e9leste, je viens \u00e0 Toi avec c\u0153ur rempli de confiance et d\u2019humilit\u00e9. Que cette journ\u00e9e qui s\u2019ouvre soit consacr\u00e9e \u00e0 ton saint nom, que chaque battement de mon c\u0153ur |chaque regard de mes yeux|chacune de mes paroles|chacun de mes gestes} te soit offert en offrande. Que chaque souffle qui anime mon corps soit un souffle de pri\u00e8re |un souffle vers toi|un souffle de vie en toi}. Suppliez, que nos pri\u00e8res montent, suppliez, priez, priez.<\/p>\n<p>\u00c0 l\u2019instar de Marie, la m\u00e8re bienheureuse qui a port\u00e9 en son sein l\u2019enfant J\u00e9sus, conduis-moi dans ce cheminement de foi et de d\u00e9votion. Que je puisse, par le biais de les pages de l\u2019\u00c9vangile, rencontrer la clart\u00e9 pour \u00e9clairer mes pas et fortifier ma foi. \u00c0 l\u2019instar de Pierre, donne-moi la puissance et l\u2019audace de surmonter les tourments de l\u2019existence avec une foi in\u00e9branlable en ta divine providence.<\/p>\n<p>Durant ce p\u00e9riode de Car\u00eame, o\u00f9 les croyants et les fid\u00e8les se pr\u00e9parent \u00e0 honorer la r\u00e9surrection de ton fils bien-aim\u00e9, accorde-moi, Seigneur, l\u2019\u00e9veil spirituel. Que mon esprit soit purifi\u00e9 de toute souillure, afin qu\u2019il devienne un temple digne de ta pr\u00e9sence. Que mes suppliques, suivant l\u2019exemple de Fran\u00e7ois d\u2019Assise, r\u00e9sonne tel un hymne de louange \u00e0 travers les si\u00e8cles.<br \/>\nDieu Tout-Puissant, que chaque jour soit impr\u00e9gn\u00e9 de ta b\u00e9n\u00e9diction, que chacun des instants soit une occasion de entrer en communion avec toi et de te servir dans mes semblables. Que mon existence soit un t\u00e9moignage vivant de ta mis\u00e9ricorde sans limite envers l\u2019humanit\u00e9. Puissent les pri\u00e8res de Hozana monter vers toi comme un doux parfum, enveloppant chaque instant de ma journ\u00e9e dans une douce tranquillit\u00e9. Priez, \u00c9glise, Fran\u00e7ois, Hozana.<\/p>\n<p>Que mon c\u0153ur, \u00d4 Seigneur, devienne une manifestation du tien, rempli d\u2019amour, de compassion et de mis\u00e9ricorde envers les autres. Que toutes mes pens\u00e9es et mes actions soient conduites par l\u2019Esprit divin, afin que je puisse contribuer \u00e0 l\u2019av\u00e8nement de ta justice sur la terre.<\/p>\n<p>Puissent cette journ\u00e9e soit une nouvelle \u00e9tape dans mon cheminement spirituel, une opportunit\u00e9 de grandir dans la foi. Seigneur, envahis mon c\u0153ur, fais-en ton sanctuaire, o\u00f9 ta pr\u00e9sence se manifeste en tout temps. Que chaque battement de mon c\u0153ur se transforme en un chant \u00e0 ta louange, Seigneur, pour les si\u00e8cles des si\u00e8cles. Amen.<\/p>\n<p>Pendant l\u2019\u00e9veil spiritualiste de tout \u00e2me chr\u00e9tienne, l\u2019oraison est essentielle. Celle-ci constitue le lien sacr\u00e9 \u00e9troite entre le croyant divin et sa m\u00e8re c\u00e9leste, Marie, la sainte supplie en faveur de nous devant son sacr\u00e9 Fils. \u00c0 travers la supplication, les fid\u00e8les entrons au sein de la lumi\u00e8re de l\u2019\u00c9vangile, men\u00e9s par l\u2019Esprit divin, pour trouver la r\u00e9alit\u00e9 et la gr\u00e2ce que J\u00e9sus nous dispense.<\/p>\n<h2>Contemplation en ce qui concerne la sainte Parole divine : <\/h2>\n<p>On sommes capables de ruminer au sujet de une portion biblique dont nous enseigne de l\u2019affection du Seigneur. Par exemple :<\/p>\n<h3>1 Corinthiens 13, 1-8 : <\/h3>\n<p>\u00ab\u00a0Et quand je distribuerais tous mes biens pour la nourriture des pauvres, quand je livrerais m\u00eame mon corps pour \u00eatre br\u00fbl\u00e9, si je n\u2019ai pas l\u2019amour, cela ne me sert \u00e0 rien..\u00a0\u00bb<\/p>\n<p>Ce th\u00e8me vous a passionn\u00e9 vous appr\u00e9cierez aussi ces livres:<\/p>\n<p>Pri\u00e8res pendant la Sainte Messe.,<a target=\"_blank\" rel=\"nofollow\" href=\"https:\/\/editionsbussiere.com\/blog\/goto\/https:\/\/fr.wikisource.org\/wiki\/Pri%C3%A8res_pendant_la_Sainte_Messe\"  target=\"_blank\" rel=\"noopener noreferrer nofollow\">Ici.<\/a><span><\/span>. Suite sur le prochain article.<\/p>\n<p>Marie (Auguste Brizeux)\/La Cha\u00eene d\u2019or.,<a target=\"_blank\" rel=\"nofollow\" href=\"https:\/\/editionsbussiere.com\/blog\/goto\/https:\/\/fr.wikisource.org\/wiki\/Marie_(Auguste_Brizeux)\/La_Cha%C3%AEne_d%E2%80%99or\"  target=\"_blank\" rel=\"noopener noreferrer nofollow\">A lire ici.<\/a><span><\/span>. Suite sur le prochain article.<\/p>\n<p>Les Quatre \u00c9vangiles (Crampon 1864)\/Luc\/01.,<a target=\"_blank\" rel=\"nofollow\" href=\"https:\/\/editionsbussiere.com\/blog\/goto\/https:\/\/fr.wikisource.org\/wiki\/Les_Quatre_%C3%89vangiles_(Crampon_1864)\/Luc\/01\"  target=\"_blank\" rel=\"noopener noreferrer nofollow\">L\u2019article de presse.<\/a><span><\/span>. Suite sur le prochain article.<\/p>\n<p>Le Livre des mille nuits et une nuit\/Tome 11\/Histoire merveilleuse du miroir des vierges.,<a target=\"_blank\" rel=\"nofollow\" href=\"https:\/\/editionsbussiere.com\/blog\/goto\/https:\/\/fr.wikisource.org\/wiki\/Le_Livre_des_mille_nuits_et_une_nuit\/Tome_11\/Histoire_merveilleuse_du_miroir_des_vierges\"  target=\"_blank\" rel=\"noopener noreferrer nofollow\">Article complet.<\/a><span><\/span>. Suite sur le prochain article.<\/p>\n<p>Histoire des \u00e9glises et chapelles de Lyon\/Annonciation.,<a target=\"_blank\" rel=\"nofollow\" href=\"https:\/\/editionsbussiere.com\/blog\/goto\/https:\/\/fr.wikisource.org\/wiki\/Histoire_des_%C3%A9glises_et_chapelles_de_Lyon\/Annonciation\"  target=\"_blank\" rel=\"noopener noreferrer nofollow\">Le post d\u2019actualit\u00e9.<\/a><span><\/span><\/p>\n<p>\u0152uvres compl\u00e8tes de Tertullien\/Genoud, 1852\/Du Voile des Vierges.,<a target=\"_blank\" rel=\"nofollow\" href=\"https:\/\/editionsbussiere.com\/blog\/goto\/https:\/\/fr.wikisource.org\/wiki\/%C5%92uvres_compl%C3%A8tes_de_Tertullien\/Genoud,_1852\/Du_Voile_des_Vierges\"  target=\"_blank\" rel=\"noopener noreferrer nofollow\">Article complet.<\/a><span><\/span>. Suite sur le prochain article.<\/p>\n<\/div>\n<p><img decoding=\"async\" class=\"wpe_imgrss\" src=\"https:\/\/editionsbussiere.com\/blog\/wp-content\/uploads\/2024\/08\/Le-pape-va-t-il-dissoudre-lUniversite-pontificale-urbanienne-Il-repond-1024x567-1.jpg\">Cet article a \u00e9t\u00e9 reconstitu\u00e9 du mieux possible. Dans l\u2019hypoth\u00e8se o\u00f9 vous souhaitez apporter quelques modifications concernant le th\u00e8me \u00ab\u00a0Editions \u00e9sot\u00e9rique fond\u00e9e en 1927\u00a0\u00bb, il est possible de discuter avec notre r\u00e9daction. Vous pouvez tirer profit de cet article traitant le sujet \u00ab\u00a0Editions \u00e9sot\u00e9rique fond\u00e9e en 1927\u00a0\u00bb. Il est concoct\u00e9 par l\u2019\u00e9quipe editionsbussiere.com. Le site editionsbussiere.com est fait pour cr\u00e9er divers posts autour du th\u00e8me Editions \u00e9sot\u00e9rique fond\u00e9e en 1927 d\u00e9velopp\u00e9es sur internet. Consultez notre site internet editionsbussiere.com et nos r\u00e9seaux sociaux pour \u00eatre au courant des futures annonces.<\/p>\n","protected":false},"excerpt":{"rendered":"<p>(ZENIT News \/ Vatican, 30.08.2024).- Le Pape Fran\u00e7ois a re\u00e7u en audience, vendredi 30 ao\u00fbt au matin, les participants \u00e0 l\u2019Assembl\u00e9e pl\u00e9ni\u00e8re du Dicast\u00e8re pour l\u2019\u00c9vang\u00e9lisation. Le Dicast\u00e8re organise \u00e0 Rome une r\u00e9union extraordinaire pour discuter de l\u2019avenir de l\u2019une des universit\u00e9s les plus renomm\u00e9es de l\u2019\u00c9glise, plac\u00e9e sous l\u2019autorit\u00e9 du Vatican et o\u00f9 se [&hellip;]<\/p>\n","protected":false},"author":3,"featured_media":1244,"comment_status":"closed","ping_status":"closed","sticky":false,"template":"","format":"standard","meta":{"footnotes":""},"categories":[3],"tags":[],"class_list":["post-1243","post","type-post","status-publish","format-standard","has-post-thumbnail","hentry","category-editions-esoterique-fondee-en-1927-depeches","entry","fw-tab-6 fw-tabr-4","has-featured-image"],"yoast_head":"<!-- This site is optimized with the Yoast SEO plugin v27.5 - https:\/\/yoast.com\/product\/yoast-seo-wordpress\/ -->\n<title>Le pape va-t-il dissoudre l\u2019Universit\u00e9 pontificale urbanienne ? Il r\u00e9pond lui-m\u00eame et prononce un discours \u2013 ZENIT avec une pri\u00e8re en d\u00e9but de journ\u00e9e. - EDITIONSBUSSIERE<\/title>\n<meta name=\"robots\" content=\"index, follow, max-snippet:-1, max-image-preview:large, max-video-preview:-1\" \/>\n<link rel=\"canonical\" href=\"https:\/\/editionsbussiere.com\/blog\/le-pape-va-t-il-dissoudre-luniversite-pontificale-urbanienne-il-repond-lui-meme-et-prononce-un-discours-zenit-avec-une-priere-en-debut-de-journee\/\" \/>\n<meta property=\"og:locale\" content=\"fr_FR\" \/>\n<meta property=\"og:type\" content=\"article\" \/>\n<meta property=\"og:title\" content=\"Le pape va-t-il dissoudre l\u2019Universit\u00e9 pontificale urbanienne ? Il r\u00e9pond lui-m\u00eame et prononce un discours \u2013 ZENIT avec une pri\u00e8re en d\u00e9but de journ\u00e9e. - EDITIONSBUSSIERE\" \/>\n<meta property=\"og:description\" content=\"(ZENIT News \/ Vatican, 30.08.2024).- Le Pape Fran\u00e7ois a re\u00e7u en audience, vendredi 30 ao\u00fbt au matin, les participants \u00e0 l\u2019Assembl\u00e9e pl\u00e9ni\u00e8re du Dicast\u00e8re pour l\u2019\u00c9vang\u00e9lisation. Le Dicast\u00e8re organise \u00e0 Rome une r\u00e9union extraordinaire pour discuter de l\u2019avenir de l\u2019une des universit\u00e9s les plus renomm\u00e9es de l\u2019\u00c9glise, plac\u00e9e sous l\u2019autorit\u00e9 du Vatican et o\u00f9 se [&hellip;]\" \/>\n<meta property=\"og:url\" content=\"https:\/\/editionsbussiere.com\/blog\/le-pape-va-t-il-dissoudre-luniversite-pontificale-urbanienne-il-repond-lui-meme-et-prononce-un-discours-zenit-avec-une-priere-en-debut-de-journee\/\" \/>\n<meta property=\"og:site_name\" content=\"EDITIONSBUSSIERE\" \/>\n<meta property=\"article:published_time\" content=\"2024-08-31T01:34:46+00:00\" \/>\n<meta property=\"og:image\" content=\"https:\/\/editionsbussiere.com\/blog\/wp-content\/uploads\/2024\/08\/Le-pape-va-t-il-dissoudre-lUniversite-pontificale-urbanienne-Il-repond-1024x567-1.jpg\" \/>\n<meta name=\"author\" content=\"Marie BATICLE\" \/>\n<meta name=\"twitter:card\" content=\"summary_large_image\" \/>\n<meta name=\"twitter:label1\" content=\"\u00c9crit par\" \/>\n\t<meta name=\"twitter:data1\" content=\"Marie BATICLE\" \/>\n\t<meta name=\"twitter:label2\" content=\"Dur\u00e9e de lecture estim\u00e9e\" \/>\n\t<meta name=\"twitter:data2\" content=\"15 minutes\" \/>\n<script type=\"application\/ld+json\" class=\"yoast-schema-graph\">{\"@context\":\"https:\\\/\\\/schema.org\",\"@graph\":[{\"@type\":\"Article\",\"@id\":\"https:\\\/\\\/editionsbussiere.com\\\/blog\\\/le-pape-va-t-il-dissoudre-luniversite-pontificale-urbanienne-il-repond-lui-meme-et-prononce-un-discours-zenit-avec-une-priere-en-debut-de-journee\\\/#article\",\"isPartOf\":{\"@id\":\"https:\\\/\\\/editionsbussiere.com\\\/blog\\\/le-pape-va-t-il-dissoudre-luniversite-pontificale-urbanienne-il-repond-lui-meme-et-prononce-un-discours-zenit-avec-une-priere-en-debut-de-journee\\\/\"},\"author\":{\"name\":\"Marie BATICLE\",\"@id\":\"https:\\\/\\\/editionsbussiere.com\\\/blog\\\/#\\\/schema\\\/person\\\/ec90e102792148c97e46ab871010dd8f\"},\"headline\":\"Le pape va-t-il dissoudre l\u2019Universit\u00e9 pontificale urbanienne ? Il r\u00e9pond lui-m\u00eame et prononce un discours \u2013 ZENIT avec une pri\u00e8re en d\u00e9but de journ\u00e9e.\",\"datePublished\":\"2024-08-31T01:34:46+00:00\",\"mainEntityOfPage\":{\"@id\":\"https:\\\/\\\/editionsbussiere.com\\\/blog\\\/le-pape-va-t-il-dissoudre-luniversite-pontificale-urbanienne-il-repond-lui-meme-et-prononce-un-discours-zenit-avec-une-priere-en-debut-de-journee\\\/\"},\"wordCount\":3030,\"publisher\":{\"@id\":\"https:\\\/\\\/editionsbussiere.com\\\/blog\\\/#organization\"},\"image\":{\"@id\":\"https:\\\/\\\/editionsbussiere.com\\\/blog\\\/le-pape-va-t-il-dissoudre-luniversite-pontificale-urbanienne-il-repond-lui-meme-et-prononce-un-discours-zenit-avec-une-priere-en-debut-de-journee\\\/#primaryimage\"},\"thumbnailUrl\":\"https:\\\/\\\/editionsbussiere.com\\\/blog\\\/wp-content\\\/uploads\\\/2024\\\/08\\\/Le-pape-va-t-il-dissoudre-lUniversite-pontificale-urbanienne-Il-repond-1024x567-1.jpg\",\"articleSection\":[\"Editions \u00c9sot\u00e9rique Fond\u00e9e En 1927; D\u00e9p\u00e8ches:\"],\"inLanguage\":\"fr-FR\"},{\"@type\":\"WebPage\",\"@id\":\"https:\\\/\\\/editionsbussiere.com\\\/blog\\\/le-pape-va-t-il-dissoudre-luniversite-pontificale-urbanienne-il-repond-lui-meme-et-prononce-un-discours-zenit-avec-une-priere-en-debut-de-journee\\\/\",\"url\":\"https:\\\/\\\/editionsbussiere.com\\\/blog\\\/le-pape-va-t-il-dissoudre-luniversite-pontificale-urbanienne-il-repond-lui-meme-et-prononce-un-discours-zenit-avec-une-priere-en-debut-de-journee\\\/\",\"name\":\"Le pape va-t-il dissoudre l\u2019Universit\u00e9 pontificale urbanienne ? Il r\u00e9pond lui-m\u00eame et prononce un discours \u2013 ZENIT avec une pri\u00e8re en d\u00e9but de journ\u00e9e. - EDITIONSBUSSIERE\",\"isPartOf\":{\"@id\":\"https:\\\/\\\/editionsbussiere.com\\\/blog\\\/#website\"},\"primaryImageOfPage\":{\"@id\":\"https:\\\/\\\/editionsbussiere.com\\\/blog\\\/le-pape-va-t-il-dissoudre-luniversite-pontificale-urbanienne-il-repond-lui-meme-et-prononce-un-discours-zenit-avec-une-priere-en-debut-de-journee\\\/#primaryimage\"},\"image\":{\"@id\":\"https:\\\/\\\/editionsbussiere.com\\\/blog\\\/le-pape-va-t-il-dissoudre-luniversite-pontificale-urbanienne-il-repond-lui-meme-et-prononce-un-discours-zenit-avec-une-priere-en-debut-de-journee\\\/#primaryimage\"},\"thumbnailUrl\":\"https:\\\/\\\/editionsbussiere.com\\\/blog\\\/wp-content\\\/uploads\\\/2024\\\/08\\\/Le-pape-va-t-il-dissoudre-lUniversite-pontificale-urbanienne-Il-repond-1024x567-1.jpg\",\"datePublished\":\"2024-08-31T01:34:46+00:00\",\"breadcrumb\":{\"@id\":\"https:\\\/\\\/editionsbussiere.com\\\/blog\\\/le-pape-va-t-il-dissoudre-luniversite-pontificale-urbanienne-il-repond-lui-meme-et-prononce-un-discours-zenit-avec-une-priere-en-debut-de-journee\\\/#breadcrumb\"},\"inLanguage\":\"fr-FR\",\"potentialAction\":[{\"@type\":\"ReadAction\",\"target\":[\"https:\\\/\\\/editionsbussiere.com\\\/blog\\\/le-pape-va-t-il-dissoudre-luniversite-pontificale-urbanienne-il-repond-lui-meme-et-prononce-un-discours-zenit-avec-une-priere-en-debut-de-journee\\\/\"]}]},{\"@type\":\"ImageObject\",\"inLanguage\":\"fr-FR\",\"@id\":\"https:\\\/\\\/editionsbussiere.com\\\/blog\\\/le-pape-va-t-il-dissoudre-luniversite-pontificale-urbanienne-il-repond-lui-meme-et-prononce-un-discours-zenit-avec-une-priere-en-debut-de-journee\\\/#primaryimage\",\"url\":\"https:\\\/\\\/editionsbussiere.com\\\/blog\\\/wp-content\\\/uploads\\\/2024\\\/08\\\/Le-pape-va-t-il-dissoudre-lUniversite-pontificale-urbanienne-Il-repond-1024x567-1.jpg\",\"contentUrl\":\"https:\\\/\\\/editionsbussiere.com\\\/blog\\\/wp-content\\\/uploads\\\/2024\\\/08\\\/Le-pape-va-t-il-dissoudre-lUniversite-pontificale-urbanienne-Il-repond-1024x567-1.jpg\",\"width\":1024,\"height\":567,\"caption\":\"Le pape va t il dissoudre lUniversite pontificale urbanienne Il repond 1024x567 1\"},{\"@type\":\"BreadcrumbList\",\"@id\":\"https:\\\/\\\/editionsbussiere.com\\\/blog\\\/le-pape-va-t-il-dissoudre-luniversite-pontificale-urbanienne-il-repond-lui-meme-et-prononce-un-discours-zenit-avec-une-priere-en-debut-de-journee\\\/#breadcrumb\",\"itemListElement\":[{\"@type\":\"ListItem\",\"position\":1,\"name\":\"Accueil\",\"item\":\"https:\\\/\\\/editionsbussiere.com\\\/blog\\\/\"},{\"@type\":\"ListItem\",\"position\":2,\"name\":\"Le pape va-t-il dissoudre l\u2019Universit\u00e9 pontificale urbanienne ? Il r\u00e9pond lui-m\u00eame et prononce un discours \u2013 ZENIT avec une pri\u00e8re en d\u00e9but de journ\u00e9e.\"}]},{\"@type\":\"WebSite\",\"@id\":\"https:\\\/\\\/editionsbussiere.com\\\/blog\\\/#website\",\"url\":\"https:\\\/\\\/editionsbussiere.com\\\/blog\\\/\",\"name\":\"EDITIONSBUSSIERE\",\"description\":\"Editions \u00e9sot\u00e9rique fond\u00e9e en 1927; site historique, A SAVOIR ET RETENIR.\",\"publisher\":{\"@id\":\"https:\\\/\\\/editionsbussiere.com\\\/blog\\\/#organization\"},\"potentialAction\":[{\"@type\":\"SearchAction\",\"target\":{\"@type\":\"EntryPoint\",\"urlTemplate\":\"https:\\\/\\\/editionsbussiere.com\\\/blog\\\/?s={search_term_string}\"},\"query-input\":{\"@type\":\"PropertyValueSpecification\",\"valueRequired\":true,\"valueName\":\"search_term_string\"}}],\"inLanguage\":\"fr-FR\"},{\"@type\":\"Organization\",\"@id\":\"https:\\\/\\\/editionsbussiere.com\\\/blog\\\/#organization\",\"name\":\"editionsbussiere\",\"url\":\"https:\\\/\\\/editionsbussiere.com\\\/blog\\\/\",\"logo\":{\"@type\":\"ImageObject\",\"inLanguage\":\"fr-FR\",\"@id\":\"https:\\\/\\\/editionsbussiere.com\\\/blog\\\/#\\\/schema\\\/logo\\\/image\\\/\",\"url\":\"https:\\\/\\\/editionsbussiere.com\\\/blog\\\/wp-content\\\/uploads\\\/2023\\\/09\\\/cropped-buss.gif\",\"contentUrl\":\"https:\\\/\\\/editionsbussiere.com\\\/blog\\\/wp-content\\\/uploads\\\/2023\\\/09\\\/cropped-buss.gif\",\"width\":298,\"height\":120,\"caption\":\"editionsbussiere\"},\"image\":{\"@id\":\"https:\\\/\\\/editionsbussiere.com\\\/blog\\\/#\\\/schema\\\/logo\\\/image\\\/\"}},{\"@type\":\"Person\",\"@id\":\"https:\\\/\\\/editionsbussiere.com\\\/blog\\\/#\\\/schema\\\/person\\\/ec90e102792148c97e46ab871010dd8f\",\"name\":\"Marie BATICLE\",\"image\":{\"@type\":\"ImageObject\",\"inLanguage\":\"fr-FR\",\"@id\":\"https:\\\/\\\/secure.gravatar.com\\\/avatar\\\/c923e52403b1b8137e2d929127211d21967e6aecaa053bd43b09da29f212e76e?s=96&d=mm&r=g\",\"url\":\"https:\\\/\\\/secure.gravatar.com\\\/avatar\\\/c923e52403b1b8137e2d929127211d21967e6aecaa053bd43b09da29f212e76e?s=96&d=mm&r=g\",\"contentUrl\":\"https:\\\/\\\/secure.gravatar.com\\\/avatar\\\/c923e52403b1b8137e2d929127211d21967e6aecaa053bd43b09da29f212e76e?s=96&d=mm&r=g\",\"caption\":\"Marie BATICLE\"},\"url\":\"https:\\\/\\\/editionsbussiere.com\\\/blog\\\/author\\\/eremarie\\\/\"}]}<\/script>\n<!-- \/ Yoast SEO plugin. -->","yoast_head_json":{"title":"Le pape va-t-il dissoudre l\u2019Universit\u00e9 pontificale urbanienne ? Il r\u00e9pond lui-m\u00eame et prononce un discours \u2013 ZENIT avec une pri\u00e8re en d\u00e9but de journ\u00e9e. - EDITIONSBUSSIERE","robots":{"index":"index","follow":"follow","max-snippet":"max-snippet:-1","max-image-preview":"max-image-preview:large","max-video-preview":"max-video-preview:-1"},"canonical":"https:\/\/editionsbussiere.com\/blog\/le-pape-va-t-il-dissoudre-luniversite-pontificale-urbanienne-il-repond-lui-meme-et-prononce-un-discours-zenit-avec-une-priere-en-debut-de-journee\/","og_locale":"fr_FR","og_type":"article","og_title":"Le pape va-t-il dissoudre l\u2019Universit\u00e9 pontificale urbanienne ? Il r\u00e9pond lui-m\u00eame et prononce un discours \u2013 ZENIT avec une pri\u00e8re en d\u00e9but de journ\u00e9e. - EDITIONSBUSSIERE","og_description":"(ZENIT News \/ Vatican, 30.08.2024).- Le Pape Fran\u00e7ois a re\u00e7u en audience, vendredi 30 ao\u00fbt au matin, les participants \u00e0 l\u2019Assembl\u00e9e pl\u00e9ni\u00e8re du Dicast\u00e8re pour l\u2019\u00c9vang\u00e9lisation. Le Dicast\u00e8re organise \u00e0 Rome une r\u00e9union extraordinaire pour discuter de l\u2019avenir de l\u2019une des universit\u00e9s les plus renomm\u00e9es de l\u2019\u00c9glise, plac\u00e9e sous l\u2019autorit\u00e9 du Vatican et o\u00f9 se [&hellip;]","og_url":"https:\/\/editionsbussiere.com\/blog\/le-pape-va-t-il-dissoudre-luniversite-pontificale-urbanienne-il-repond-lui-meme-et-prononce-un-discours-zenit-avec-une-priere-en-debut-de-journee\/","og_site_name":"EDITIONSBUSSIERE","article_published_time":"2024-08-31T01:34:46+00:00","og_image":[{"url":"https:\/\/editionsbussiere.com\/blog\/wp-content\/uploads\/2024\/08\/Le-pape-va-t-il-dissoudre-lUniversite-pontificale-urbanienne-Il-repond-1024x567-1.jpg","type":"","width":"","height":""}],"author":"Marie BATICLE","twitter_card":"summary_large_image","twitter_misc":{"\u00c9crit par":"Marie BATICLE","Dur\u00e9e de lecture estim\u00e9e":"15 minutes"},"schema":{"@context":"https:\/\/schema.org","@graph":[{"@type":"Article","@id":"https:\/\/editionsbussiere.com\/blog\/le-pape-va-t-il-dissoudre-luniversite-pontificale-urbanienne-il-repond-lui-meme-et-prononce-un-discours-zenit-avec-une-priere-en-debut-de-journee\/#article","isPartOf":{"@id":"https:\/\/editionsbussiere.com\/blog\/le-pape-va-t-il-dissoudre-luniversite-pontificale-urbanienne-il-repond-lui-meme-et-prononce-un-discours-zenit-avec-une-priere-en-debut-de-journee\/"},"author":{"name":"Marie BATICLE","@id":"https:\/\/editionsbussiere.com\/blog\/#\/schema\/person\/ec90e102792148c97e46ab871010dd8f"},"headline":"Le pape va-t-il dissoudre l\u2019Universit\u00e9 pontificale urbanienne ? Il r\u00e9pond lui-m\u00eame et prononce un discours \u2013 ZENIT avec une pri\u00e8re en d\u00e9but de journ\u00e9e.","datePublished":"2024-08-31T01:34:46+00:00","mainEntityOfPage":{"@id":"https:\/\/editionsbussiere.com\/blog\/le-pape-va-t-il-dissoudre-luniversite-pontificale-urbanienne-il-repond-lui-meme-et-prononce-un-discours-zenit-avec-une-priere-en-debut-de-journee\/"},"wordCount":3030,"publisher":{"@id":"https:\/\/editionsbussiere.com\/blog\/#organization"},"image":{"@id":"https:\/\/editionsbussiere.com\/blog\/le-pape-va-t-il-dissoudre-luniversite-pontificale-urbanienne-il-repond-lui-meme-et-prononce-un-discours-zenit-avec-une-priere-en-debut-de-journee\/#primaryimage"},"thumbnailUrl":"https:\/\/editionsbussiere.com\/blog\/wp-content\/uploads\/2024\/08\/Le-pape-va-t-il-dissoudre-lUniversite-pontificale-urbanienne-Il-repond-1024x567-1.jpg","articleSection":["Editions \u00c9sot\u00e9rique Fond\u00e9e En 1927; D\u00e9p\u00e8ches:"],"inLanguage":"fr-FR"},{"@type":"WebPage","@id":"https:\/\/editionsbussiere.com\/blog\/le-pape-va-t-il-dissoudre-luniversite-pontificale-urbanienne-il-repond-lui-meme-et-prononce-un-discours-zenit-avec-une-priere-en-debut-de-journee\/","url":"https:\/\/editionsbussiere.com\/blog\/le-pape-va-t-il-dissoudre-luniversite-pontificale-urbanienne-il-repond-lui-meme-et-prononce-un-discours-zenit-avec-une-priere-en-debut-de-journee\/","name":"Le pape va-t-il dissoudre l\u2019Universit\u00e9 pontificale urbanienne ? Il r\u00e9pond lui-m\u00eame et prononce un discours \u2013 ZENIT avec une pri\u00e8re en d\u00e9but de journ\u00e9e. - EDITIONSBUSSIERE","isPartOf":{"@id":"https:\/\/editionsbussiere.com\/blog\/#website"},"primaryImageOfPage":{"@id":"https:\/\/editionsbussiere.com\/blog\/le-pape-va-t-il-dissoudre-luniversite-pontificale-urbanienne-il-repond-lui-meme-et-prononce-un-discours-zenit-avec-une-priere-en-debut-de-journee\/#primaryimage"},"image":{"@id":"https:\/\/editionsbussiere.com\/blog\/le-pape-va-t-il-dissoudre-luniversite-pontificale-urbanienne-il-repond-lui-meme-et-prononce-un-discours-zenit-avec-une-priere-en-debut-de-journee\/#primaryimage"},"thumbnailUrl":"https:\/\/editionsbussiere.com\/blog\/wp-content\/uploads\/2024\/08\/Le-pape-va-t-il-dissoudre-lUniversite-pontificale-urbanienne-Il-repond-1024x567-1.jpg","datePublished":"2024-08-31T01:34:46+00:00","breadcrumb":{"@id":"https:\/\/editionsbussiere.com\/blog\/le-pape-va-t-il-dissoudre-luniversite-pontificale-urbanienne-il-repond-lui-meme-et-prononce-un-discours-zenit-avec-une-priere-en-debut-de-journee\/#breadcrumb"},"inLanguage":"fr-FR","potentialAction":[{"@type":"ReadAction","target":["https:\/\/editionsbussiere.com\/blog\/le-pape-va-t-il-dissoudre-luniversite-pontificale-urbanienne-il-repond-lui-meme-et-prononce-un-discours-zenit-avec-une-priere-en-debut-de-journee\/"]}]},{"@type":"ImageObject","inLanguage":"fr-FR","@id":"https:\/\/editionsbussiere.com\/blog\/le-pape-va-t-il-dissoudre-luniversite-pontificale-urbanienne-il-repond-lui-meme-et-prononce-un-discours-zenit-avec-une-priere-en-debut-de-journee\/#primaryimage","url":"https:\/\/editionsbussiere.com\/blog\/wp-content\/uploads\/2024\/08\/Le-pape-va-t-il-dissoudre-lUniversite-pontificale-urbanienne-Il-repond-1024x567-1.jpg","contentUrl":"https:\/\/editionsbussiere.com\/blog\/wp-content\/uploads\/2024\/08\/Le-pape-va-t-il-dissoudre-lUniversite-pontificale-urbanienne-Il-repond-1024x567-1.jpg","width":1024,"height":567,"caption":"Le pape va t il dissoudre lUniversite pontificale urbanienne Il repond 1024x567 1"},{"@type":"BreadcrumbList","@id":"https:\/\/editionsbussiere.com\/blog\/le-pape-va-t-il-dissoudre-luniversite-pontificale-urbanienne-il-repond-lui-meme-et-prononce-un-discours-zenit-avec-une-priere-en-debut-de-journee\/#breadcrumb","itemListElement":[{"@type":"ListItem","position":1,"name":"Accueil","item":"https:\/\/editionsbussiere.com\/blog\/"},{"@type":"ListItem","position":2,"name":"Le pape va-t-il dissoudre l\u2019Universit\u00e9 pontificale urbanienne ? Il r\u00e9pond lui-m\u00eame et prononce un discours \u2013 ZENIT avec une pri\u00e8re en d\u00e9but de journ\u00e9e."}]},{"@type":"WebSite","@id":"https:\/\/editionsbussiere.com\/blog\/#website","url":"https:\/\/editionsbussiere.com\/blog\/","name":"EDITIONSBUSSIERE","description":"Editions \u00e9sot\u00e9rique fond\u00e9e en 1927; site historique, A SAVOIR ET RETENIR.","publisher":{"@id":"https:\/\/editionsbussiere.com\/blog\/#organization"},"potentialAction":[{"@type":"SearchAction","target":{"@type":"EntryPoint","urlTemplate":"https:\/\/editionsbussiere.com\/blog\/?s={search_term_string}"},"query-input":{"@type":"PropertyValueSpecification","valueRequired":true,"valueName":"search_term_string"}}],"inLanguage":"fr-FR"},{"@type":"Organization","@id":"https:\/\/editionsbussiere.com\/blog\/#organization","name":"editionsbussiere","url":"https:\/\/editionsbussiere.com\/blog\/","logo":{"@type":"ImageObject","inLanguage":"fr-FR","@id":"https:\/\/editionsbussiere.com\/blog\/#\/schema\/logo\/image\/","url":"https:\/\/editionsbussiere.com\/blog\/wp-content\/uploads\/2023\/09\/cropped-buss.gif","contentUrl":"https:\/\/editionsbussiere.com\/blog\/wp-content\/uploads\/2023\/09\/cropped-buss.gif","width":298,"height":120,"caption":"editionsbussiere"},"image":{"@id":"https:\/\/editionsbussiere.com\/blog\/#\/schema\/logo\/image\/"}},{"@type":"Person","@id":"https:\/\/editionsbussiere.com\/blog\/#\/schema\/person\/ec90e102792148c97e46ab871010dd8f","name":"Marie BATICLE","image":{"@type":"ImageObject","inLanguage":"fr-FR","@id":"https:\/\/secure.gravatar.com\/avatar\/c923e52403b1b8137e2d929127211d21967e6aecaa053bd43b09da29f212e76e?s=96&d=mm&r=g","url":"https:\/\/secure.gravatar.com\/avatar\/c923e52403b1b8137e2d929127211d21967e6aecaa053bd43b09da29f212e76e?s=96&d=mm&r=g","contentUrl":"https:\/\/secure.gravatar.com\/avatar\/c923e52403b1b8137e2d929127211d21967e6aecaa053bd43b09da29f212e76e?s=96&d=mm&r=g","caption":"Marie BATICLE"},"url":"https:\/\/editionsbussiere.com\/blog\/author\/eremarie\/"}]}},"_links":{"self":[{"href":"https:\/\/editionsbussiere.com\/blog\/wp-json\/wp\/v2\/posts\/1243","targetHints":{"allow":["GET"]}}],"collection":[{"href":"https:\/\/editionsbussiere.com\/blog\/wp-json\/wp\/v2\/posts"}],"about":[{"href":"https:\/\/editionsbussiere.com\/blog\/wp-json\/wp\/v2\/types\/post"}],"author":[{"embeddable":true,"href":"https:\/\/editionsbussiere.com\/blog\/wp-json\/wp\/v2\/users\/3"}],"replies":[{"embeddable":true,"href":"https:\/\/editionsbussiere.com\/blog\/wp-json\/wp\/v2\/comments?post=1243"}],"version-history":[{"count":0,"href":"https:\/\/editionsbussiere.com\/blog\/wp-json\/wp\/v2\/posts\/1243\/revisions"}],"wp:featuredmedia":[{"embeddable":true,"href":"https:\/\/editionsbussiere.com\/blog\/wp-json\/wp\/v2\/media\/1244"}],"wp:attachment":[{"href":"https:\/\/editionsbussiere.com\/blog\/wp-json\/wp\/v2\/media?parent=1243"}],"wp:term":[{"taxonomy":"category","embeddable":true,"href":"https:\/\/editionsbussiere.com\/blog\/wp-json\/wp\/v2\/categories?post=1243"},{"taxonomy":"post_tag","embeddable":true,"href":"https:\/\/editionsbussiere.com\/blog\/wp-json\/wp\/v2\/tags?post=1243"}],"curies":[{"name":"wp","href":"https:\/\/api.w.org\/{rel}","templated":true}]}}