{"id":1240,"date":"2024-08-30T00:21:30","date_gmt":"2024-08-29T22:21:30","guid":{"rendered":"https:\/\/editionsbussiere.com\/blog\/ecole-de-lassomption-bienheureuse-vierge-marie-sainte-catherine-de-genes-adresser-ses-prieres-a-la-vierge\/"},"modified":"2024-08-30T00:21:30","modified_gmt":"2024-08-29T22:21:30","slug":"ecole-de-lassomption-bienheureuse-vierge-marie-sainte-catherine-de-genes-adresser-ses-prieres-a-la-vierge","status":"publish","type":"post","link":"https:\/\/editionsbussiere.com\/blog\/ecole-de-lassomption-bienheureuse-vierge-marie-sainte-catherine-de-genes-adresser-ses-prieres-a-la-vierge\/","title":{"rendered":"\u00c9cole de l\u2019Assomption Bienheureuse Vierge Marie-Sainte Catherine de G\u00eanes\n &amp; adresser ses pri\u00e8res \u00e0 la Vierge ."},"content":{"rendered":"<div><img width=\"476\" height=\"249\" src=\"https:\/\/editionsbussiere.com\/blog\/wp-content\/uploads\/2024\/08\/Eglise-de-la-Dormition-de-la-Vierge-Marie-pour-croire-1.jpg\" class=\"attachment-large size-large wp-post-image\" alt=\"\u00c9glise de la Dormition de la Vierge Marie pour croire\" style=\"float:left; margin:0 15px 15px 0;\" decoding=\"async\" srcset=\"https:\/\/editionsbussiere.com\/blog\/wp-content\/uploads\/2024\/08\/Eglise-de-la-Dormition-de-la-Vierge-Marie-pour-croire-1.jpg 476w, https:\/\/www.n42.fr\/wp-content\/uploads\/2024\/08\/Eglise-de-la-Dormition-de-la-Vierge-Marie-pour-croire-300x157.jpg 300w\" sizes=\"(max-width: 476px) 100vw, 476px\"><\/p>\n<p>Orru apprenez nu ahte don geavahat boares neahttalohkki. Vai beasat oaidnit but mii Yras lea, de r\u00e1vvet du o\u0111asmahttit ie\u017eat neahttalohkki. JavaScript ii oro leamen doaimmas du neahttalohkkis. Jos\u2026<\/p>\n<h2>\n<\/h2>\n<p>La Signification de la D\u00e9votion Mariale<\/p>\n<p>La pri\u00e8re \u00e0 Marie repr\u00e9sente un \u00e9l\u00e9ment crucial de la foi chr\u00e9tienne, profond\u00e9ment ancr\u00e9e dans la doctrine catholique depuis des si\u00e8cles. C\u2019est un fondement sur lequel les fid\u00e8les s\u2019appuient pour obtenir confort, direction et intervention dans leur marche envers Dieu. Au fil du temps, cette pratique de d\u00e9votion a \u00e9t\u00e9 renforc\u00e9e par les enseignements de la Bible, les coutumes eccl\u00e9siastiques, ainsi que les exemples des saints et saintes qui ont honor\u00e9 Marie m\u00e8re spirituelle aimante.<\/p>\n<h3>\n<\/h3>\n<p>L\u2019exercice du Chapelet<\/p>\n<p>Le rosaire tient une position centrale dans la vie spirituelle de un grand nombre de fid\u00e8les. En r\u00e9citant les myst\u00e8res joyeux, douloureux, lumineux et glorieux, les fid\u00e8les m\u00e9ditent dans les moments de la vie de J\u00e9sus et de Marie, renfor\u00e7ant ainsi leur connexion spirituelle avec eux. \u00c0 travers chaque Ave Maria, ils manifestent leur confiance en l\u2019intercession de Marie et leur d\u00e9sir de suivre les enseignements du Christ. Saint Louis-Marie Grignion de Montfort, dans son livre sur la vraie d\u00e9votion \u00e0 la Sainte Vierge, invite les fid\u00e8les \u00e0 m\u00e9diter r\u00e9guli\u00e8rement des diff\u00e9rents myst\u00e8res du rosaire pour approfondir leur lien avec la M\u00e8re de Dieu. Cette pratique ancienne, transmise de g\u00e9n\u00e9ration en g\u00e9n\u00e9ration, reste une source d\u2019illumination spirituelle pour ceux qui ont la foi, les aidant \u00e0 se connecter avec la divine Dame du Ciel.<\/p>\n<h3>\n<\/h3>\n<p>L\u2019encouragement \u00e0 prier<\/p>\n<p>Joignons nos c\u0153urs dans la pri\u00e8re, fr\u00e8res et s\u0153urs, dans l\u2019unit\u00e9 de notre foi, en nous tournant vers Marie, la m\u00e8re de J\u00e9sus. Au sein de notre monde tourment\u00e9 par la guerre et la division, optons \u00e0 la pri\u00e8re pour trouver de trouver la s\u00e9r\u00e9nit\u00e9 et la r\u00e9conciliation. Les catholiques du monde entier peuvent exprimer une demande pour Marie <a target=\"_blank\" rel=\"nofollow\" href=\"https:\/\/editionsbussiere.com\/blog\/goto\/https:\/\/www.avemariasound.org\/\" >sur la page de pri\u00e8re pour marie.<\/a> Que nos supplications montent vers le ciel, comme un hommage agr\u00e9able par Dieu, pour qu\u2019il guide \u00e9clairer nos chemins vers la voie de la v\u00e9rit\u00e9 et de la justice. L\u2019ap\u00f4tre Paul nous dans ses \u00e9p\u00eetres \u00e0 prier sans cesse, quelle que soit la situation, pour que notre communion avec Dieu soit solide et passionn\u00e9e. La pri\u00e8re, lorsqu\u2019elle est offerte sinc\u00e8rement, poss\u00e8de le pouvoir pour changer les c\u0153urs et d\u2019influer le cours de l\u2019histoire.<\/p>\n<h2>\n<\/h2>\n<p>Les le\u00e7ons du Saint-P\u00e8re<\/p>\n<p>Le Souverain Pontife, \u00e0 travers ses \u00e9crits inspir\u00e9s, disponibles gr\u00e2ce \u00e0 Bayard, nous souligne la signification de la pri\u00e8re journali\u00e8re. \u00c0 travers ses discours et ses audiences, il nous encourage \u00e0 cultiver une relation personnelle avec le divin, en s\u2019appuyant sur la contemplation des \u00c9critures et la r\u00e9citation du rosaire. Sa conduite de compassion et d\u2019humilit\u00e9 nous encourage \u00e0 approfondir notre pri\u00e8re et \u00e0 chercher la pr\u00e9sence de Dieu dans chaque aspect de notre existence. Le pape Jean-Paul II, dans son \u00e9crit sur la foi chr\u00e9tienne, nous rappelle que la pri\u00e8re est le fondement de la vie de foi et c\u2019est par elle que nous sommes unis au divin. La pri\u00e8re quotidienne, transmise par les pontifes successifs, est une source d\u2019espoir en p\u00e9riode de temp\u00eate, un fondement solide sur lequel nous pouvons compter.<\/p>\n<h3>\n<\/h3>\n<p>Les \u00e9crits de Leli\u00e8vre et Hubert<\/p>\n<p>Dans le cadre de la spiritualit\u00e9, l\u2019\u00e9glise pr\u00e9conise la pri\u00e8re, et durant les moments de pri\u00e8re, les croyants accomplissent le signe de croix et r\u00e9citent l\u2019Ave Maria. Des th\u00e9ologiens modernes, tels que Leli\u00e8vre et Hubert, nous convient \u00e9galement \u00e0 m\u00e9diter sur la force de la pri\u00e8re, dans leurs ouvrages inspirants. Leurs publications, riches en enseignements spirituels, nous guident dans notre parcours de la foi et nous invitent \u00e0 puiser dans les richesses de la tradition chr\u00e9tienne pour nourrir notre vie spirituelle. En r\u00e9fl\u00e9chissant sur leurs ouvrages, nous explorons de nouvelles mani\u00e8res d\u2019approfondir notre relation avec Dieu et de grandir dans la saintet\u00e9. Saint Jean, dans son \u00e9vangile, nous rappelle que le fait de prier est un puissant moyen de demeurer en communion avec Dieu et de b\u00e9n\u00e9ficier de ses gr\u00e2ces. Chaque paragraphe de leurs ouvrages ressemble \u00e0 un appel \u00e0 une pri\u00e8re ardente et \u00e0 une vie impr\u00e9gn\u00e9e de la pr\u00e9sence divine. Dans notre exploration de connexion spirituelle, chaque lecture devient un appel \u00e0 aspirer \u00e0 le divin, par le biais de la r\u00e9flexion et la m\u00e9ditation.<\/p>\n<h3>\n<\/h3>\n<p>L\u2019acte de prier dans la chapelle<\/p>\n<p>Dans nos lieux de culte modestes ou majestueuses, tournons-nous vers Dieu avec confiance et humilit\u00e9, car nous savons qu\u2019il \u00e9coute nos supplications avec une affection infinie. Que chaque bougie allum\u00e9e, chaque chapelet r\u00e9cit\u00e9, constitue une offrande \u00e0 notre divin Cr\u00e9ateur et \u00e0 sa sainte m\u00e8re, Marie. Que nos instants de d\u00e9votion dans la chapelle soient des moments de faveur divine et de renouvellement de notre esprit, nous fortifiant pour faire face \u00e0 les \u00e9preuves avec courage et foi. La sainte Bernadette Soubirous, \u00e0 qui la Vierge Marie est apparue \u00e0 Lourdes, nous enseigne la valeur de la pri\u00e8re dans la vie des fid\u00e8les et l\u2019efficacit\u00e9 de l\u2019intercession de la Vierge Marie. Chaque personne qui entre dans une chapelle, chaque verset des \u00c9critures lu dans ce lieu saint, constitue une rencontre avec le divin, une \u00e9tape sur le chemin de la transformation int\u00e9rieure. \u00c0 travers les \u00c9critures saintes, chaque fid\u00e8le est invit\u00e9 \u00e0 contempler la croix du Christ, \u00e0 m\u00e9diter sur son sacrifice, et \u00e0 trouver r\u00e9confort et espoir dans la gr\u00e2ce salvatrice qu\u2019elle offre.<\/p>\n<h2>\nLa pratique de la pri\u00e8re comme rem\u00e8de pour l\u2019int\u00e9rieur<br \/>\n<\/h2>\n<p>Tel un th\u00e9rapeute pour notre \u00eatre int\u00e9rieur, la pri\u00e8re nous gu\u00e9rit ainsi que nous fortifie dans les moments de douleur et de d\u00e9sespoir. Elle nous rappelle que Dieu est toujours avec nous, m\u00eame au c\u0153ur de nos heures les plus sombres. En nous penchant vers lui \u00e0 travers la pri\u00e8re, nous d\u00e9couvrons la force int\u00e9rieure n\u00e9cessaire pour surmonter les \u00e9preuves et pour faire face \u00e0 l\u2019avenir avec espoir et confiance. La pri\u00e8re est comme une source d\u2019eau vive qui \u00e9tanche notre soif spirituelle et, sur notre chemin de foi, nous r\u00e9g\u00e9n\u00e8re.<br \/>\n\u00c0 chaque pri\u00e8re murmur\u00e9e, \u00e0 chaque intention port\u00e9e, nous trouvons un soulagement divin, une gu\u00e9rison spirituelle, qui d\u00e9passe les limites de notre condition terrestre. Chaque verset de la Bible nous invite \u00e0 \u00e9changer avec Dieu, \u00e0 lui remettre nos fardeaux, et \u00e0 b\u00e9n\u00e9ficier de sa gr\u00e2ce r\u00e9g\u00e9n\u00e9ratrice.<\/p>\n<h2>Un regard diff\u00e9rent sur l\u2019acte de prier Marie<\/h2>\n<p>L\u2019invocation de Marie est une pratique \u00e9troitement enracin\u00e9e dans le patrimoine catholique chr\u00e9tienne, proposant un pr\u00e9cieux lien spirituel pour les croyants \u00e0 travers le globe. Comme figure maternelle spirituelle et intercesseur, elle est pri\u00e9e avec d\u00e9votion dans les moments de besoin et de louange. Le rosaire, avec ses myst\u00e8res m\u00e9ditatifs, guide les catholiques dans leur voyage de foi, les aidant \u00e0 contempler J\u00e9sus, son fils, \u00e0 travers les yeux de la Vierge Marie. Cette d\u00e9votion \u00e0 Marie se manifeste dans les sites sacr\u00e9s comme le sanctuaire de Lourdes, o\u00f9 les visiteurs se rassemblent en qu\u00eate de r\u00e9confort et de gu\u00e9rison, illustrant la profonde connexion entre la foi catholique et la d\u00e9votion mariale. Les \u00e9crits \u00e9clairants de th\u00e9ologiens comme Leli\u00e8vre et Hubert offrent une r\u00e9flexion pr\u00e9cieuse sur la valeur de la pri\u00e8re \u00e0 Marie et son impact sur la spiritualit\u00e9 des croyants. Par le biais d\u2019une lecture approfondie de livres d\u00e9votionnels et bibliques, les fid\u00e8les \u00e9largissent leur compr\u00e9hension de la v\u00e9n\u00e9ration de Marie et cultivent une connexion plus \u00e9troite avec Marie, notre m\u00e8re spirituelle. Dans un monde o\u00f9 pr\u00e9dominent les conflits et les troubles, l\u2019invocation de Marie constitue un refuge de calme et de confiance, appelant chaque personne, quel que soit son statut dans la foi catholique-chr\u00e9tienne, \u00e0 solliciter la Dame du Ciel avec confiance et ferveur. Prions donc ensemble, avec sinc\u00e9rit\u00e9 et humilit\u00e9, en reconnaissant Marie comme notre m\u00e8re et notre intercesseur, et en lui confiant nos pri\u00e8res et nos d\u00e9sirs les plus profonds. Dans cette d\u00e9marche vers Dieu, chaque fid\u00e8le est appel\u00e9 \u00e0 poursuivre la voie des pri\u00e8res et des aspirations du c\u0153ur, guid\u00e9 par le saint P\u00e8re et les ressources spirituelles inestimables fournies par des plateformes comme Aleteia. Ainsi, avec une humble confiance et un c\u0153ur ouvert, saluons Marie dans notre pri\u00e8re quotidienne, lui demandant son intercession affectueuse, et la gr\u00e2ce de pers\u00e9v\u00e9rer dans la pri\u00e8re fervente.<br \/>\nQue notre communion avec le divin soit notre refuge et notre consolation en toute circonstance. Que nous nous orientions vers Marie, notre m\u00e8re c\u00e9leste, avec un c\u0153ur ouvert et une foi in\u00e9branlable, sachant qu\u2019elle interc\u00e8de pour nous aupr\u00e8s de son fils bien-aim\u00e9. Que notre dialogue avec le divin nous m\u00e8ne sur le chemin de la saintet\u00e9, nous rapprochant toujours plus de Dieu et de son amour infini.<\/p>\n<p>Bibliographie :<\/p>\n<p>Pleureuses\/13.,<a target=\"_blank\" rel=\"nofollow\" href=\"https:\/\/editionsbussiere.com\/blog\/goto\/https:\/\/fr.wikisource.org\/wiki\/Pleureuses\/13\"  target=\"_blank\" rel=\"noopener noreferrer nofollow\">Le texte de l\u2019article.<\/a><span><\/span>. Suite sur le prochain article.<\/p>\n<p>M\u00e9moires d\u2019une ex-palladiste parfaite, initi\u00e9e, ind\u00e9pendante\/03\/Chapitre II.,<a target=\"_blank\" rel=\"nofollow\" href=\"https:\/\/editionsbussiere.com\/blog\/goto\/https:\/\/fr.wikisource.org\/wiki\/M%C3%A9moires_d%E2%80%99une_ex-palladiste_parfaite,_initi%C3%A9e,_ind%C3%A9pendante\/03\/Chapitre_II\"  target=\"_blank\" rel=\"noopener noreferrer nofollow\">Cliquer ICI.<\/a><span><\/span>. Suite sur le prochain article.<\/p>\n<p>Les P\u00e8res de l\u2019\u00c9glise\/Tome 3\/Livre V\/Chapitre XIX.,<a target=\"_blank\" rel=\"nofollow\" href=\"https:\/\/editionsbussiere.com\/blog\/goto\/https:\/\/fr.wikisource.org\/wiki\/Les_P%C3%A8res_de_l%E2%80%99%C3%89glise\/Tome_3\/Livre_V\/Chapitre_XIX\"  target=\"_blank\" rel=\"noopener noreferrer nofollow\">L\u2019article de presse.<\/a><span><\/span><\/p>\n<p>La Vierge sensuelle\/01.,<a target=\"_blank\" rel=\"nofollow\" href=\"https:\/\/editionsbussiere.com\/blog\/goto\/https:\/\/fr.wikisource.org\/wiki\/La_Vierge_sensuelle\/01\"  target=\"_blank\" rel=\"noopener noreferrer nofollow\">A lire ici.<\/a><span><\/span>. Suite sur le prochain article.<\/p>\n<p>L\u2019Antoniade\/Les Hommes d\u2019action et les Hommes de pri\u00e8re.,<a target=\"_blank\" rel=\"nofollow\" href=\"https:\/\/editionsbussiere.com\/blog\/goto\/https:\/\/fr.wikisource.org\/wiki\/L%E2%80%99Antoniade\/Les_Hommes_d%E2%80%99action_et_les_Hommes_de_pri%C3%A8re\"  target=\"_blank\" rel=\"noopener noreferrer nofollow\">Article complet.<\/a><span><\/span><\/p>\n<p>Chapelets de Notre-Seigneur J\u00e9sus-Christ et de la Sainte Vierge\/Chapelet sur la vie de Notre-Seigneur.,<a target=\"_blank\" rel=\"nofollow\" href=\"https:\/\/editionsbussiere.com\/blog\/goto\/https:\/\/fr.wikisource.org\/wiki\/Chapelets_de_Notre-Seigneur_J%C3%A9sus-Christ_et_de_la_Sainte_Vierge\/Chapelet_sur_la_vie_de_Notre-Seigneur\"  target=\"_blank\" rel=\"noopener noreferrer nofollow\">Le texte de l\u2019article.<\/a><span><\/span><\/p>\n<\/div>\n<p><img decoding=\"async\" class=\"wpe_imgrss\" src=\"https:\/\/editionsbussiere.com\/blog\/wp-content\/uploads\/2024\/08\/Eglise-de-la-Dormition-de-la-Vierge-Marie-pour-croire-1.jpg\">Cet article a \u00e9t\u00e9 reconstitu\u00e9 du mieux possible. Dans l\u2019hypoth\u00e8se o\u00f9 vous souhaitez apporter quelques modifications concernant le th\u00e8me \u00ab\u00a0Editions \u00e9sot\u00e9rique fond\u00e9e en 1927\u00a0\u00bb, il est possible de discuter avec notre r\u00e9daction. Vous pouvez tirer profit de cet article traitant le sujet \u00ab\u00a0Editions \u00e9sot\u00e9rique fond\u00e9e en 1927\u00a0\u00bb. Il est concoct\u00e9 par l\u2019\u00e9quipe editionsbussiere.com. Le site editionsbussiere.com est fait pour cr\u00e9er divers posts autour du th\u00e8me Editions \u00e9sot\u00e9rique fond\u00e9e en 1927 d\u00e9velopp\u00e9es sur internet. Consultez notre site internet editionsbussiere.com et nos r\u00e9seaux sociaux pour \u00eatre au courant des futures annonces.<\/p>\n","protected":false},"excerpt":{"rendered":"<p>Orru apprenez nu ahte don geavahat boares neahttalohkki. Vai beasat oaidnit but mii Yras lea, de r\u00e1vvet du o\u0111asmahttit ie\u017eat neahttalohkki. JavaScript ii oro leamen doaimmas du neahttalohkkis. Jos\u2026 La Signification de la D\u00e9votion Mariale La pri\u00e8re \u00e0 Marie repr\u00e9sente un \u00e9l\u00e9ment crucial de la foi chr\u00e9tienne, profond\u00e9ment ancr\u00e9e dans la doctrine catholique depuis des [&hellip;]<\/p>\n","protected":false},"author":3,"featured_media":1241,"comment_status":"closed","ping_status":"closed","sticky":false,"template":"","format":"standard","meta":{"footnotes":""},"categories":[3],"tags":[],"class_list":["post-1240","post","type-post","status-publish","format-standard","has-post-thumbnail","hentry","category-editions-esoterique-fondee-en-1927-depeches","entry","fw-tab-6 fw-tabr-4","has-featured-image"],"yoast_head":"<!-- This site is optimized with the Yoast SEO plugin v27.5 - https:\/\/yoast.com\/product\/yoast-seo-wordpress\/ -->\n<title>\u00c9cole de l\u2019Assomption Bienheureuse Vierge Marie-Sainte Catherine de G\u00eanes &amp; adresser ses pri\u00e8res \u00e0 la Vierge . - EDITIONSBUSSIERE<\/title>\n<meta name=\"robots\" content=\"index, follow, max-snippet:-1, max-image-preview:large, max-video-preview:-1\" \/>\n<link rel=\"canonical\" href=\"https:\/\/editionsbussiere.com\/blog\/ecole-de-lassomption-bienheureuse-vierge-marie-sainte-catherine-de-genes-adresser-ses-prieres-a-la-vierge\/\" \/>\n<meta property=\"og:locale\" content=\"fr_FR\" \/>\n<meta property=\"og:type\" content=\"article\" \/>\n<meta property=\"og:title\" content=\"\u00c9cole de l\u2019Assomption Bienheureuse Vierge Marie-Sainte Catherine de G\u00eanes &amp; adresser ses pri\u00e8res \u00e0 la Vierge . - EDITIONSBUSSIERE\" \/>\n<meta property=\"og:description\" content=\"Orru apprenez nu ahte don geavahat boares neahttalohkki. Vai beasat oaidnit but mii Yras lea, de r\u00e1vvet du o\u0111asmahttit ie\u017eat neahttalohkki. JavaScript ii oro leamen doaimmas du neahttalohkkis. Jos\u2026 La Signification de la D\u00e9votion Mariale La pri\u00e8re \u00e0 Marie repr\u00e9sente un \u00e9l\u00e9ment crucial de la foi chr\u00e9tienne, profond\u00e9ment ancr\u00e9e dans la doctrine catholique depuis des [&hellip;]\" \/>\n<meta property=\"og:url\" content=\"https:\/\/editionsbussiere.com\/blog\/ecole-de-lassomption-bienheureuse-vierge-marie-sainte-catherine-de-genes-adresser-ses-prieres-a-la-vierge\/\" \/>\n<meta property=\"og:site_name\" content=\"EDITIONSBUSSIERE\" \/>\n<meta property=\"article:published_time\" content=\"2024-08-29T22:21:30+00:00\" \/>\n<meta property=\"og:image\" content=\"https:\/\/editionsbussiere.com\/blog\/wp-content\/uploads\/2024\/08\/Eglise-de-la-Dormition-de-la-Vierge-Marie-pour-croire-1.jpg\" \/>\n<meta name=\"author\" content=\"Marie BATICLE\" \/>\n<meta name=\"twitter:card\" content=\"summary_large_image\" \/>\n<meta name=\"twitter:label1\" content=\"\u00c9crit par\" \/>\n\t<meta name=\"twitter:data1\" content=\"Marie BATICLE\" \/>\n\t<meta name=\"twitter:label2\" content=\"Dur\u00e9e de lecture estim\u00e9e\" \/>\n\t<meta name=\"twitter:data2\" content=\"9 minutes\" \/>\n<script type=\"application\/ld+json\" class=\"yoast-schema-graph\">{\"@context\":\"https:\\\/\\\/schema.org\",\"@graph\":[{\"@type\":\"Article\",\"@id\":\"https:\\\/\\\/editionsbussiere.com\\\/blog\\\/ecole-de-lassomption-bienheureuse-vierge-marie-sainte-catherine-de-genes-adresser-ses-prieres-a-la-vierge\\\/#article\",\"isPartOf\":{\"@id\":\"https:\\\/\\\/editionsbussiere.com\\\/blog\\\/ecole-de-lassomption-bienheureuse-vierge-marie-sainte-catherine-de-genes-adresser-ses-prieres-a-la-vierge\\\/\"},\"author\":{\"name\":\"Marie BATICLE\",\"@id\":\"https:\\\/\\\/editionsbussiere.com\\\/blog\\\/#\\\/schema\\\/person\\\/ec90e102792148c97e46ab871010dd8f\"},\"headline\":\"\u00c9cole de l\u2019Assomption Bienheureuse Vierge Marie-Sainte Catherine de G\u00eanes &amp; adresser ses pri\u00e8res \u00e0 la Vierge .\",\"datePublished\":\"2024-08-29T22:21:30+00:00\",\"mainEntityOfPage\":{\"@id\":\"https:\\\/\\\/editionsbussiere.com\\\/blog\\\/ecole-de-lassomption-bienheureuse-vierge-marie-sainte-catherine-de-genes-adresser-ses-prieres-a-la-vierge\\\/\"},\"wordCount\":1806,\"publisher\":{\"@id\":\"https:\\\/\\\/editionsbussiere.com\\\/blog\\\/#organization\"},\"image\":{\"@id\":\"https:\\\/\\\/editionsbussiere.com\\\/blog\\\/ecole-de-lassomption-bienheureuse-vierge-marie-sainte-catherine-de-genes-adresser-ses-prieres-a-la-vierge\\\/#primaryimage\"},\"thumbnailUrl\":\"https:\\\/\\\/editionsbussiere.com\\\/blog\\\/wp-content\\\/uploads\\\/2024\\\/08\\\/Eglise-de-la-Dormition-de-la-Vierge-Marie-pour-croire-1.jpg\",\"articleSection\":[\"Editions \u00c9sot\u00e9rique Fond\u00e9e En 1927; D\u00e9p\u00e8ches:\"],\"inLanguage\":\"fr-FR\"},{\"@type\":\"WebPage\",\"@id\":\"https:\\\/\\\/editionsbussiere.com\\\/blog\\\/ecole-de-lassomption-bienheureuse-vierge-marie-sainte-catherine-de-genes-adresser-ses-prieres-a-la-vierge\\\/\",\"url\":\"https:\\\/\\\/editionsbussiere.com\\\/blog\\\/ecole-de-lassomption-bienheureuse-vierge-marie-sainte-catherine-de-genes-adresser-ses-prieres-a-la-vierge\\\/\",\"name\":\"\u00c9cole de l\u2019Assomption Bienheureuse Vierge Marie-Sainte Catherine de G\u00eanes &amp; adresser ses pri\u00e8res \u00e0 la Vierge . - EDITIONSBUSSIERE\",\"isPartOf\":{\"@id\":\"https:\\\/\\\/editionsbussiere.com\\\/blog\\\/#website\"},\"primaryImageOfPage\":{\"@id\":\"https:\\\/\\\/editionsbussiere.com\\\/blog\\\/ecole-de-lassomption-bienheureuse-vierge-marie-sainte-catherine-de-genes-adresser-ses-prieres-a-la-vierge\\\/#primaryimage\"},\"image\":{\"@id\":\"https:\\\/\\\/editionsbussiere.com\\\/blog\\\/ecole-de-lassomption-bienheureuse-vierge-marie-sainte-catherine-de-genes-adresser-ses-prieres-a-la-vierge\\\/#primaryimage\"},\"thumbnailUrl\":\"https:\\\/\\\/editionsbussiere.com\\\/blog\\\/wp-content\\\/uploads\\\/2024\\\/08\\\/Eglise-de-la-Dormition-de-la-Vierge-Marie-pour-croire-1.jpg\",\"datePublished\":\"2024-08-29T22:21:30+00:00\",\"breadcrumb\":{\"@id\":\"https:\\\/\\\/editionsbussiere.com\\\/blog\\\/ecole-de-lassomption-bienheureuse-vierge-marie-sainte-catherine-de-genes-adresser-ses-prieres-a-la-vierge\\\/#breadcrumb\"},\"inLanguage\":\"fr-FR\",\"potentialAction\":[{\"@type\":\"ReadAction\",\"target\":[\"https:\\\/\\\/editionsbussiere.com\\\/blog\\\/ecole-de-lassomption-bienheureuse-vierge-marie-sainte-catherine-de-genes-adresser-ses-prieres-a-la-vierge\\\/\"]}]},{\"@type\":\"ImageObject\",\"inLanguage\":\"fr-FR\",\"@id\":\"https:\\\/\\\/editionsbussiere.com\\\/blog\\\/ecole-de-lassomption-bienheureuse-vierge-marie-sainte-catherine-de-genes-adresser-ses-prieres-a-la-vierge\\\/#primaryimage\",\"url\":\"https:\\\/\\\/editionsbussiere.com\\\/blog\\\/wp-content\\\/uploads\\\/2024\\\/08\\\/Eglise-de-la-Dormition-de-la-Vierge-Marie-pour-croire-1.jpg\",\"contentUrl\":\"https:\\\/\\\/editionsbussiere.com\\\/blog\\\/wp-content\\\/uploads\\\/2024\\\/08\\\/Eglise-de-la-Dormition-de-la-Vierge-Marie-pour-croire-1.jpg\",\"width\":476,\"height\":249,\"caption\":\"Eglise de la Dormition de la Vierge Marie pour croire 1\"},{\"@type\":\"BreadcrumbList\",\"@id\":\"https:\\\/\\\/editionsbussiere.com\\\/blog\\\/ecole-de-lassomption-bienheureuse-vierge-marie-sainte-catherine-de-genes-adresser-ses-prieres-a-la-vierge\\\/#breadcrumb\",\"itemListElement\":[{\"@type\":\"ListItem\",\"position\":1,\"name\":\"Accueil\",\"item\":\"https:\\\/\\\/editionsbussiere.com\\\/blog\\\/\"},{\"@type\":\"ListItem\",\"position\":2,\"name\":\"\u00c9cole de l\u2019Assomption Bienheureuse Vierge Marie-Sainte Catherine de G\u00eanes &amp; adresser ses pri\u00e8res \u00e0 la Vierge .\"}]},{\"@type\":\"WebSite\",\"@id\":\"https:\\\/\\\/editionsbussiere.com\\\/blog\\\/#website\",\"url\":\"https:\\\/\\\/editionsbussiere.com\\\/blog\\\/\",\"name\":\"EDITIONSBUSSIERE\",\"description\":\"Editions \u00e9sot\u00e9rique fond\u00e9e en 1927; site historique, A SAVOIR ET RETENIR.\",\"publisher\":{\"@id\":\"https:\\\/\\\/editionsbussiere.com\\\/blog\\\/#organization\"},\"potentialAction\":[{\"@type\":\"SearchAction\",\"target\":{\"@type\":\"EntryPoint\",\"urlTemplate\":\"https:\\\/\\\/editionsbussiere.com\\\/blog\\\/?s={search_term_string}\"},\"query-input\":{\"@type\":\"PropertyValueSpecification\",\"valueRequired\":true,\"valueName\":\"search_term_string\"}}],\"inLanguage\":\"fr-FR\"},{\"@type\":\"Organization\",\"@id\":\"https:\\\/\\\/editionsbussiere.com\\\/blog\\\/#organization\",\"name\":\"editionsbussiere\",\"url\":\"https:\\\/\\\/editionsbussiere.com\\\/blog\\\/\",\"logo\":{\"@type\":\"ImageObject\",\"inLanguage\":\"fr-FR\",\"@id\":\"https:\\\/\\\/editionsbussiere.com\\\/blog\\\/#\\\/schema\\\/logo\\\/image\\\/\",\"url\":\"https:\\\/\\\/editionsbussiere.com\\\/blog\\\/wp-content\\\/uploads\\\/2023\\\/09\\\/cropped-buss.gif\",\"contentUrl\":\"https:\\\/\\\/editionsbussiere.com\\\/blog\\\/wp-content\\\/uploads\\\/2023\\\/09\\\/cropped-buss.gif\",\"width\":298,\"height\":120,\"caption\":\"editionsbussiere\"},\"image\":{\"@id\":\"https:\\\/\\\/editionsbussiere.com\\\/blog\\\/#\\\/schema\\\/logo\\\/image\\\/\"}},{\"@type\":\"Person\",\"@id\":\"https:\\\/\\\/editionsbussiere.com\\\/blog\\\/#\\\/schema\\\/person\\\/ec90e102792148c97e46ab871010dd8f\",\"name\":\"Marie BATICLE\",\"image\":{\"@type\":\"ImageObject\",\"inLanguage\":\"fr-FR\",\"@id\":\"https:\\\/\\\/secure.gravatar.com\\\/avatar\\\/c923e52403b1b8137e2d929127211d21967e6aecaa053bd43b09da29f212e76e?s=96&d=mm&r=g\",\"url\":\"https:\\\/\\\/secure.gravatar.com\\\/avatar\\\/c923e52403b1b8137e2d929127211d21967e6aecaa053bd43b09da29f212e76e?s=96&d=mm&r=g\",\"contentUrl\":\"https:\\\/\\\/secure.gravatar.com\\\/avatar\\\/c923e52403b1b8137e2d929127211d21967e6aecaa053bd43b09da29f212e76e?s=96&d=mm&r=g\",\"caption\":\"Marie BATICLE\"},\"url\":\"https:\\\/\\\/editionsbussiere.com\\\/blog\\\/author\\\/eremarie\\\/\"}]}<\/script>\n<!-- \/ Yoast SEO plugin. -->","yoast_head_json":{"title":"\u00c9cole de l\u2019Assomption Bienheureuse Vierge Marie-Sainte Catherine de G\u00eanes &amp; adresser ses pri\u00e8res \u00e0 la Vierge . - EDITIONSBUSSIERE","robots":{"index":"index","follow":"follow","max-snippet":"max-snippet:-1","max-image-preview":"max-image-preview:large","max-video-preview":"max-video-preview:-1"},"canonical":"https:\/\/editionsbussiere.com\/blog\/ecole-de-lassomption-bienheureuse-vierge-marie-sainte-catherine-de-genes-adresser-ses-prieres-a-la-vierge\/","og_locale":"fr_FR","og_type":"article","og_title":"\u00c9cole de l\u2019Assomption Bienheureuse Vierge Marie-Sainte Catherine de G\u00eanes &amp; adresser ses pri\u00e8res \u00e0 la Vierge . - EDITIONSBUSSIERE","og_description":"Orru apprenez nu ahte don geavahat boares neahttalohkki. Vai beasat oaidnit but mii Yras lea, de r\u00e1vvet du o\u0111asmahttit ie\u017eat neahttalohkki. JavaScript ii oro leamen doaimmas du neahttalohkkis. Jos\u2026 La Signification de la D\u00e9votion Mariale La pri\u00e8re \u00e0 Marie repr\u00e9sente un \u00e9l\u00e9ment crucial de la foi chr\u00e9tienne, profond\u00e9ment ancr\u00e9e dans la doctrine catholique depuis des [&hellip;]","og_url":"https:\/\/editionsbussiere.com\/blog\/ecole-de-lassomption-bienheureuse-vierge-marie-sainte-catherine-de-genes-adresser-ses-prieres-a-la-vierge\/","og_site_name":"EDITIONSBUSSIERE","article_published_time":"2024-08-29T22:21:30+00:00","og_image":[{"url":"https:\/\/editionsbussiere.com\/blog\/wp-content\/uploads\/2024\/08\/Eglise-de-la-Dormition-de-la-Vierge-Marie-pour-croire-1.jpg","type":"","width":"","height":""}],"author":"Marie BATICLE","twitter_card":"summary_large_image","twitter_misc":{"\u00c9crit par":"Marie BATICLE","Dur\u00e9e de lecture estim\u00e9e":"9 minutes"},"schema":{"@context":"https:\/\/schema.org","@graph":[{"@type":"Article","@id":"https:\/\/editionsbussiere.com\/blog\/ecole-de-lassomption-bienheureuse-vierge-marie-sainte-catherine-de-genes-adresser-ses-prieres-a-la-vierge\/#article","isPartOf":{"@id":"https:\/\/editionsbussiere.com\/blog\/ecole-de-lassomption-bienheureuse-vierge-marie-sainte-catherine-de-genes-adresser-ses-prieres-a-la-vierge\/"},"author":{"name":"Marie BATICLE","@id":"https:\/\/editionsbussiere.com\/blog\/#\/schema\/person\/ec90e102792148c97e46ab871010dd8f"},"headline":"\u00c9cole de l\u2019Assomption Bienheureuse Vierge Marie-Sainte Catherine de G\u00eanes &amp; adresser ses pri\u00e8res \u00e0 la Vierge .","datePublished":"2024-08-29T22:21:30+00:00","mainEntityOfPage":{"@id":"https:\/\/editionsbussiere.com\/blog\/ecole-de-lassomption-bienheureuse-vierge-marie-sainte-catherine-de-genes-adresser-ses-prieres-a-la-vierge\/"},"wordCount":1806,"publisher":{"@id":"https:\/\/editionsbussiere.com\/blog\/#organization"},"image":{"@id":"https:\/\/editionsbussiere.com\/blog\/ecole-de-lassomption-bienheureuse-vierge-marie-sainte-catherine-de-genes-adresser-ses-prieres-a-la-vierge\/#primaryimage"},"thumbnailUrl":"https:\/\/editionsbussiere.com\/blog\/wp-content\/uploads\/2024\/08\/Eglise-de-la-Dormition-de-la-Vierge-Marie-pour-croire-1.jpg","articleSection":["Editions \u00c9sot\u00e9rique Fond\u00e9e En 1927; D\u00e9p\u00e8ches:"],"inLanguage":"fr-FR"},{"@type":"WebPage","@id":"https:\/\/editionsbussiere.com\/blog\/ecole-de-lassomption-bienheureuse-vierge-marie-sainte-catherine-de-genes-adresser-ses-prieres-a-la-vierge\/","url":"https:\/\/editionsbussiere.com\/blog\/ecole-de-lassomption-bienheureuse-vierge-marie-sainte-catherine-de-genes-adresser-ses-prieres-a-la-vierge\/","name":"\u00c9cole de l\u2019Assomption Bienheureuse Vierge Marie-Sainte Catherine de G\u00eanes &amp; adresser ses pri\u00e8res \u00e0 la Vierge . - EDITIONSBUSSIERE","isPartOf":{"@id":"https:\/\/editionsbussiere.com\/blog\/#website"},"primaryImageOfPage":{"@id":"https:\/\/editionsbussiere.com\/blog\/ecole-de-lassomption-bienheureuse-vierge-marie-sainte-catherine-de-genes-adresser-ses-prieres-a-la-vierge\/#primaryimage"},"image":{"@id":"https:\/\/editionsbussiere.com\/blog\/ecole-de-lassomption-bienheureuse-vierge-marie-sainte-catherine-de-genes-adresser-ses-prieres-a-la-vierge\/#primaryimage"},"thumbnailUrl":"https:\/\/editionsbussiere.com\/blog\/wp-content\/uploads\/2024\/08\/Eglise-de-la-Dormition-de-la-Vierge-Marie-pour-croire-1.jpg","datePublished":"2024-08-29T22:21:30+00:00","breadcrumb":{"@id":"https:\/\/editionsbussiere.com\/blog\/ecole-de-lassomption-bienheureuse-vierge-marie-sainte-catherine-de-genes-adresser-ses-prieres-a-la-vierge\/#breadcrumb"},"inLanguage":"fr-FR","potentialAction":[{"@type":"ReadAction","target":["https:\/\/editionsbussiere.com\/blog\/ecole-de-lassomption-bienheureuse-vierge-marie-sainte-catherine-de-genes-adresser-ses-prieres-a-la-vierge\/"]}]},{"@type":"ImageObject","inLanguage":"fr-FR","@id":"https:\/\/editionsbussiere.com\/blog\/ecole-de-lassomption-bienheureuse-vierge-marie-sainte-catherine-de-genes-adresser-ses-prieres-a-la-vierge\/#primaryimage","url":"https:\/\/editionsbussiere.com\/blog\/wp-content\/uploads\/2024\/08\/Eglise-de-la-Dormition-de-la-Vierge-Marie-pour-croire-1.jpg","contentUrl":"https:\/\/editionsbussiere.com\/blog\/wp-content\/uploads\/2024\/08\/Eglise-de-la-Dormition-de-la-Vierge-Marie-pour-croire-1.jpg","width":476,"height":249,"caption":"Eglise de la Dormition de la Vierge Marie pour croire 1"},{"@type":"BreadcrumbList","@id":"https:\/\/editionsbussiere.com\/blog\/ecole-de-lassomption-bienheureuse-vierge-marie-sainte-catherine-de-genes-adresser-ses-prieres-a-la-vierge\/#breadcrumb","itemListElement":[{"@type":"ListItem","position":1,"name":"Accueil","item":"https:\/\/editionsbussiere.com\/blog\/"},{"@type":"ListItem","position":2,"name":"\u00c9cole de l\u2019Assomption Bienheureuse Vierge Marie-Sainte Catherine de G\u00eanes &amp; adresser ses pri\u00e8res \u00e0 la Vierge ."}]},{"@type":"WebSite","@id":"https:\/\/editionsbussiere.com\/blog\/#website","url":"https:\/\/editionsbussiere.com\/blog\/","name":"EDITIONSBUSSIERE","description":"Editions \u00e9sot\u00e9rique fond\u00e9e en 1927; site historique, A SAVOIR ET RETENIR.","publisher":{"@id":"https:\/\/editionsbussiere.com\/blog\/#organization"},"potentialAction":[{"@type":"SearchAction","target":{"@type":"EntryPoint","urlTemplate":"https:\/\/editionsbussiere.com\/blog\/?s={search_term_string}"},"query-input":{"@type":"PropertyValueSpecification","valueRequired":true,"valueName":"search_term_string"}}],"inLanguage":"fr-FR"},{"@type":"Organization","@id":"https:\/\/editionsbussiere.com\/blog\/#organization","name":"editionsbussiere","url":"https:\/\/editionsbussiere.com\/blog\/","logo":{"@type":"ImageObject","inLanguage":"fr-FR","@id":"https:\/\/editionsbussiere.com\/blog\/#\/schema\/logo\/image\/","url":"https:\/\/editionsbussiere.com\/blog\/wp-content\/uploads\/2023\/09\/cropped-buss.gif","contentUrl":"https:\/\/editionsbussiere.com\/blog\/wp-content\/uploads\/2023\/09\/cropped-buss.gif","width":298,"height":120,"caption":"editionsbussiere"},"image":{"@id":"https:\/\/editionsbussiere.com\/blog\/#\/schema\/logo\/image\/"}},{"@type":"Person","@id":"https:\/\/editionsbussiere.com\/blog\/#\/schema\/person\/ec90e102792148c97e46ab871010dd8f","name":"Marie BATICLE","image":{"@type":"ImageObject","inLanguage":"fr-FR","@id":"https:\/\/secure.gravatar.com\/avatar\/c923e52403b1b8137e2d929127211d21967e6aecaa053bd43b09da29f212e76e?s=96&d=mm&r=g","url":"https:\/\/secure.gravatar.com\/avatar\/c923e52403b1b8137e2d929127211d21967e6aecaa053bd43b09da29f212e76e?s=96&d=mm&r=g","contentUrl":"https:\/\/secure.gravatar.com\/avatar\/c923e52403b1b8137e2d929127211d21967e6aecaa053bd43b09da29f212e76e?s=96&d=mm&r=g","caption":"Marie BATICLE"},"url":"https:\/\/editionsbussiere.com\/blog\/author\/eremarie\/"}]}},"_links":{"self":[{"href":"https:\/\/editionsbussiere.com\/blog\/wp-json\/wp\/v2\/posts\/1240","targetHints":{"allow":["GET"]}}],"collection":[{"href":"https:\/\/editionsbussiere.com\/blog\/wp-json\/wp\/v2\/posts"}],"about":[{"href":"https:\/\/editionsbussiere.com\/blog\/wp-json\/wp\/v2\/types\/post"}],"author":[{"embeddable":true,"href":"https:\/\/editionsbussiere.com\/blog\/wp-json\/wp\/v2\/users\/3"}],"replies":[{"embeddable":true,"href":"https:\/\/editionsbussiere.com\/blog\/wp-json\/wp\/v2\/comments?post=1240"}],"version-history":[{"count":0,"href":"https:\/\/editionsbussiere.com\/blog\/wp-json\/wp\/v2\/posts\/1240\/revisions"}],"wp:featuredmedia":[{"embeddable":true,"href":"https:\/\/editionsbussiere.com\/blog\/wp-json\/wp\/v2\/media\/1241"}],"wp:attachment":[{"href":"https:\/\/editionsbussiere.com\/blog\/wp-json\/wp\/v2\/media?parent=1240"}],"wp:term":[{"taxonomy":"category","embeddable":true,"href":"https:\/\/editionsbussiere.com\/blog\/wp-json\/wp\/v2\/categories?post=1240"},{"taxonomy":"post_tag","embeddable":true,"href":"https:\/\/editionsbussiere.com\/blog\/wp-json\/wp\/v2\/tags?post=1240"}],"curies":[{"name":"wp","href":"https:\/\/api.w.org\/{rel}","templated":true}]}}