{"id":1228,"date":"2024-08-28T07:40:46","date_gmt":"2024-08-28T05:40:46","guid":{"rendered":"https:\/\/editionsbussiere.com\/blog\/un-nouvel-archeveque-de-caracas-installe-au-venezuela-en-pleine-crise-politique-catholic-world-report-avec-une-priere-du-matin\/"},"modified":"2024-08-28T07:40:46","modified_gmt":"2024-08-28T05:40:46","slug":"un-nouvel-archeveque-de-caracas-installe-au-venezuela-en-pleine-crise-politique-catholic-world-report-avec-une-priere-du-matin","status":"publish","type":"post","link":"https:\/\/editionsbussiere.com\/blog\/un-nouvel-archeveque-de-caracas-installe-au-venezuela-en-pleine-crise-politique-catholic-world-report-avec-une-priere-du-matin\/","title":{"rendered":"Un nouvel archev\u00eaque de Caracas install\u00e9 au Venezuela en pleine crise politique \u2013 Catholic World Report\n avec une pri\u00e8re du matin."},"content":{"rendered":"<div><img width=\"533\" height=\"413\" src=\"https:\/\/editionsbussiere.com\/blog\/wp-content\/uploads\/2024\/08\/Un-nouvel-archeveque-de-Caracas-installe-au-Venezuela-en-pleine.jpg\" class=\"attachment-large size-large wp-post-image\" alt=\"Un nouvel archev\u00eaque de Caracas install\u00e9 au Venezuela en pleine\" style=\"float:left; margin:0 15px 15px 0;\" decoding=\"async\" loading=\"lazy\" srcset=\"https:\/\/editionsbussiere.com\/blog\/wp-content\/uploads\/2024\/08\/Un-nouvel-archeveque-de-Caracas-installe-au-Venezuela-en-pleine.jpg 533w, https:\/\/www.n42.fr\/wp-content\/uploads\/2024\/08\/Un-nouvel-archeveque-de-Caracas-installe-au-Venezuela-en-pleine-300x232.jpg 300w\" sizes=\"auto, (max-width: 533px) 100vw, 533px\"><\/p>\n<p>\n<\/p>\n<div>\n<div style=\"width: 100%; margin-bottom: 25px;\">\n<figure style=\"width: 533px\" class=\"wp-caption alignnone\"><figcaption class=\"wp-caption-text\">\u00ab Nous aussi, nous devons surmonter le d\u00e9sespoir \u00bb, a d\u00e9clar\u00e9 le nouvel archev\u00eaque de Caracas, au Venezuela, Ra\u00fal Biord Castillo. \/ Cr\u00e9dit : Conf\u00e9rence \u00e9piscopale latino-am\u00e9ricaine (CELAM)<\/figcaption><\/figure>\n<\/div>\n<p>Caracas, Venezuela, 27 ao\u00fbt 2024 \/ 15h15 (CNA).<\/p>\n<p>Le nouvel archev\u00eaque m\u00e9tropolitain de Caracas, au Venezuela, Ra\u00fal Biord Castillo, a pris officiellement possession de l\u2019archidioc\u00e8se le 24 ao\u00fbt. Il succ\u00e8de au cardinal Baltazar Porras \u00e0 un moment o\u00f9 le Venezuela traverse une profonde crise apr\u00e8s les r\u00e9sultats contest\u00e9s de l\u2019\u00e9lection pr\u00e9sidentielle du 28 juillet.<\/p>\n<p>Au d\u00e9but de la c\u00e9r\u00e9monie, qui s\u2019est d\u00e9roul\u00e9e dans la cath\u00e9drale de Caracas, Porras a soulign\u00e9 l\u2019importance de la succession apostolique dans le pays, dont les dioc\u00e8ses les plus importants \u00ab ont vu la nomination de 45 \u00e9v\u00eaques, par ordre des papes \u00bb.<\/p>\n<p>Devant les hauts responsables du r\u00e9gime socialiste, qui occupaient les premiers rangs de la cath\u00e9drale, le cardinal \u2014 d\u00e9sormais archev\u00eaque \u00e9m\u00e9rite \u2014 a \u00e9voqu\u00e9 la \u00ab d\u00e9t\u00e9rioration actuelle de la vie ordinaire dans le pays \u00bb qui affaiblit \u00ab les valeurs de v\u00e9rit\u00e9, de justice, de libert\u00e9 et de respect de la vie, emp\u00eachant une existence plus pacifique et plus d\u00e9cente \u00bb.<\/p>\n<p>\u00ab Il est toutefois encourageant de constater le d\u00e9sir de vivre ensemble en d\u00e9mocratie, dans la concorde et la fraternit\u00e9, fruit de la volont\u00e9 d\u2019amiti\u00e9 sociale, comme nous le dit le pape Fran\u00e7ois, et aussi dans une large mesure de l\u2019action \u00e9vang\u00e9lisatrice des nombreux agents pastoraux qui composent un tissu d\u2019authenticit\u00e9 sur toute l\u2019\u00e9tendue de notre archidioc\u00e8se, et de la claire conscience citoyenne d\u2019\u00eatre protagonistes des activit\u00e9s quotidiennes \u00bb, a soulign\u00e9 le pr\u00e9lat.<\/p>\n<p>En faisant r\u00e9f\u00e9rence \u00e0 Mgr Biord, le 17e archev\u00eaque de Caracas, Mgr Porras a pri\u00e9 pour qu\u2019il soit fort dans son esprit pour affronter ce nouveau d\u00e9fi. Il a \u00e9galement d\u00e9clar\u00e9 que tous les paroissiens de l\u2019archidioc\u00e8se l\u2019accueillent \u00ab avec joie et esp\u00e9rance \u00bb et il a confi\u00e9 son minist\u00e8re \u00e0 la protection de la Sainte Vierge Marie.<\/p>\n<h2>Premiers mots du nouvel archev\u00eaque de Caracas<\/h2>\n<p>En pr\u00e9sence du clerg\u00e9 de la capitale, notamment du cardinal Diego Padr\u00f3n et de l\u2019archev\u00eaque Jes\u00fas Gonz\u00e1lez de Z\u00e1rate, pr\u00e9sident de la Conf\u00e9rence \u00e9piscopale v\u00e9n\u00e9zu\u00e9lienne, la lettre apostolique envoy\u00e9e par le pape Fran\u00e7ois pour la nomination de Biord a \u00e9t\u00e9 lue et pr\u00e9sent\u00e9e \u00e0 l\u2019assembl\u00e9e.<\/p>\n<p>Imm\u00e9diatement apr\u00e8s, Porras pla\u00e7a la mitre sur la t\u00eate de Biord, lui donna la crosse et lui fit signe de s\u2019asseoir sur le tr\u00f4ne de l\u2019\u00e9v\u00eaque ou cathedra o\u00f9 il \u00e9tait assis, symbolisant ainsi le transfert d\u2019autorit\u00e9 et la prise de possession officielle par Biord de sa charge d\u2019archev\u00eaque de Caracas.<\/p>\n<p>Dans son hom\u00e9lie, Biord a soulign\u00e9 la n\u00e9cessit\u00e9 et l\u2019importance d\u2019\u00eatre t\u00e9moins de la v\u00e9rit\u00e9, de la r\u00e9surrection de J\u00e9sus, ce qui, \u00e0 l\u2019exemple des ap\u00f4tres et des martyrs, peut m\u00eame conduire \u00ab \u00e0 la pers\u00e9cution et m\u00eame \u00e0 la mort \u00bb.<\/p>\n<p>\u00ab L\u2019immense nuage de tant de martyrs orne nos \u00e9glises et nous encourage \u00e0 ne c\u00e9der \u00e0 aucun pouvoir de ce monde et \u00e0 servir le seul et unique Seigneur, notre Dieu Tout-Puissant \u00bb, a d\u00e9clar\u00e9 l\u2019archev\u00eaque.<\/p>\n<p>En ce jour de la f\u00eate de saint Barth\u00e9lemy, Biord a rappel\u00e9 cet \u00e9pisode de l\u2019\u00c9vangile dans lequel Nathana\u00ebl demandait \u00e0 Philippe, presque sur un ton moqueur : \u00ab Peut-il sortir quelque chose de bon de Nazareth ? \u00bb (Jn 1, 43). En r\u00e9fl\u00e9chissant \u00e0 cela, l\u2019archev\u00eaque de Caracas a poursuivi : \u00ab Dieu sait reconna\u00eetre les humbles et, de la pauvret\u00e9, il fait de grandes choses. Nous aussi, nous devons surmonter le d\u00e9sespoir et affirmer : \u201cOui, de Nazareth et du Venezuela peuvent na\u00eetre de nouvelles choses, des gens merveilleux, des histoires qui changent la vie et la remplissent de sens\u201d \u00bb, a-t-il soulign\u00e9.<\/p>\n<p>Biord a remerci\u00e9 Dieu et le pape Fran\u00e7ois pour sa nomination et a donn\u00e9 un aper\u00e7u historique de l\u2019\u00c9glise de Caracas, soulignant le travail de ses illustres pr\u00e9d\u00e9cesseurs, en particulier les cinq derniers archev\u00eaques de Caracas, tous \u00e9lev\u00e9s \u00e0 la dignit\u00e9 de cardinalat.<\/p>\n<p>Enfin, il a demand\u00e9 avec ferveur \u00e0 Dieu, par l\u2019intercession du bienheureux Jos\u00e9 Gregorio Hern\u00e1ndez de Caracas, \u00ab qu\u2019en cette heure difficile, pleine de conflits et de ressentiments, il nous accorde la gr\u00e2ce de nous sentir et de nous traiter comme des fr\u00e8res \u00bb.<\/p>\n<p>\u00ab Puissions-nous tous, sinc\u00e8rement et consciencieusement, rechercher non pas nos int\u00e9r\u00eats personnels, mais le v\u00e9ritable bien de notre peuple et de notre patrie, le Venezuela \u00bb, a conclu Biord.<\/p>\n<p><em>Cette histoire <\/em><em>a \u00e9t\u00e9 publi\u00e9 pour la premi\u00e8re fois <\/em><em>par ACI Prensa, partenaire d\u2019information en langue espagnole de CNA. Il a \u00e9t\u00e9 traduit et adapt\u00e9 par CNA.<\/em><\/p>\n<div class=\"post-donation-box\">\n<hr>\n<p>Si vous appr\u00e9ciez les informations et les points de vue fournis par Catholic World Report, pensez \u00e0 faire un don pour soutenir nos efforts. Votre contribution nous aidera \u00e0 continuer \u00e0 mettre CWR \u00e0 la disposition de tous les lecteurs du monde entier, gratuitement, sans abonnement. Merci pour votre g\u00e9n\u00e9rosit\u00e9 !<\/p>\n<p>Cliquez ici pour plus d\u2019informations sur les dons au CWR. Cliquez ici pour vous inscrire \u00e0 notre newsletter.<\/p>\n<hr style=\"margin-bottom: 25px;\">\n      <\/div>\n<\/div>\n<p><script>\n!function(f,b,e,v,n,t,s)\nif(f.fbq)return;n=f.fbq=function()n.callMethod?\nn.callMethod.apply(n,arguments):n.queue.push(arguments);\nif(!f._fbq)f._fbq=n;n.push=n;n.loaded=!0;n.version='2.0';\nn.queue=[];t=b.createElement(e);t.async=!0;\nt.src=v;s=b.getElementsByTagName(e)[0];\ns.parentNode.insertBefore(t,s)(window, document,'script',\n'\nfbq('init', '860643031454650');\nfbq('track', 'PageView');\n<\/script><script>\n\t\t\t\t(function(d, s, id)\n\t\t\t\t\tvar js, fjs = d.getElementsByTagName(s)[0];\n\t\t\t\t\tif (d.getElementById(id)) return;\n\t\t\t\t\tjs = d.createElement(s); js.id = id;\n\t\t\t\t\tjs.src = \"\/\/connect.facebook.net\/en_US\/sdk.js#xfbml=1&version=v2.6\";\n\t\t\t\t\tfjs.parentNode.insertBefore(js, fjs);\n\t\t\t\t(document, 'script', 'facebook-jssdk'));\n\t\t\t<\/script><\/p>\n<h2> \u00c9lever nos propres pri\u00e8res pour notre entourage au Seigneur de bon matin.<\/h2>\n<p>L\u2019ultime ult\u00e9rieure section de la pri\u00e8re du matin consiste \u00e0 prier pour nos propres \u00eatres chers, notre propre famille, nos amis et notre communaut\u00e9. Nous pouvons prier pour leur bien-\u00eatre, leur bien-\u00eatre, leur tranquillit\u00e9, et leur r\u00e9ussite. Nous pouvons \u00e9galement prier pour ceux qui nous ont nui et pour ces personnes qui nous ont l\u00e9s\u00e9s, et demander \u00e0 Dieu de nous aider \u00e0 leur propre pardonner et \u00e0 leur d\u00e9montrer la compassion.<\/p>\n<h3> Implorer pour la vigueur et la s\u00fbret\u00e9 de nos proches.<\/h3>\n<p>Seigneur, nous autres te confions nos proches, nos propres familles avec nos compagnons. Surveille, cher Dieu, sur eux, et prot\u00e8ge -les de tout risque et de toute affliction. Donne, \u00d4 Seigneur, la vigueur du corps ainsi que de l\u2019esprit pour eux, ainsi que la paix au sein de leur c\u0153ur. Puisses-tu permettre ta b\u00e9n\u00e9diction forte les garde et les dirige tout au long de cette journ\u00e9e, pour qu\u2019il puissent puissent vivre dans la s\u00e9curit\u00e9 et aussi la qui\u00e9tude.<\/p>\n<p>Nous tous vers toi prions \u00e9galement pour nos propres enfants, Seigneur, pour qu\u2019ils grandissent dans leur foi avec dans l\u2019amour de ton sacr\u00e9 nom. Offre, cher Dieu, une sagesse ainsi que le courage n\u00e9cessaires en vue de affronter les d\u00e9fis de la vie, et aussi dirige leurs pas sur le chemin de la v\u00e9rit\u00e9 et de la justice.<\/p>\n<p>Enfin, nous autres te prions en vue de nos amis ainsi que nos voisins, Seigneur, qu\u2019ils d\u00e9couvrent la joie de ton amour avec la tranquillit\u00e9 de ton pardon. Accorde-leur, cher Dieu, de c\u0153urs bienveillants pour partager avec ceux qui sont dans le besoin, et mains accueillantes afin de accueillir ceux qui seuls et aussi abandonn\u00e9s.<\/p>\n<h3> Prier pour notre ennemis ainsi que ceux que nous ont offens\u00e9s. <\/h3>\n<p>Seigneur, J\u00e9sus, nous t\u2019 prions pour les n\u00f4tres ennemis et pour ceux qui nous-m\u00eames ont offens\u00e9s. Accorde-leur, \u00f4 J\u00e9sus, votre mis\u00e9ricorde ainsi que ton pardon, ainsi que ouvre leur c\u0153ur \u00e0 la lumi\u00e8re des ta v\u00e9rit\u00e9. Aide-nous, Seigneur, \u00e0 leur montrer de la compassion ainsi que \u00e0 leur pardonner comme tu nous autres as pardonn\u00e9. Que ta paix r\u00e8gne dans les n\u00f4tres c\u0153urs et que votre amour guide les n\u00f4tres actions, pour que nous puissions vivre en harmonie avec tous ceux qui sont nous-m\u00eames entourent.<\/p>\n<h3> Comprendre la pri\u00e8re : <\/h3>\n<p>En conclusion, l\u2019 pri\u00e8re nous souviens notre devoir comme enfant de l\u2019\u00c9ternel : se trouver des t\u00e9moins de l\u2019 lumi\u00e8re et de son attachement dans l\u2019 \u00e8re en proie aux t\u00e9n\u00e8bres. \u00c0 travers notre mots et nos actions, nous propageons la bonne nouvelle de la s\u00e9r\u00e9nit\u00e9 et de la conciliation, amenant l\u2019attente et la cicatrisation \u00e0 un milieu endommag\u00e9.<\/p>\n<p>Au sein de l\u2019 spiritualit\u00e9 chr\u00e9tienne, le aube porte l\u2019 signification distincte, symbolisant l\u2019 renouvellement et la reconstruction spirituelle. C\u2019est \u00e0 l\u2019aube de chaque jour que l\u2019\u00e2me se tourne vers Dieu dans la pri\u00e8re, s\u2019effor\u00e7ant \u00e0 devenir \u00e9clair\u00e9e par la lumi\u00e8re divine. L\u2019habitude des pri\u00e8res matinales est essentiellement enracin\u00e9e dans la tradition chr\u00e9tienne, proposant un moment particulier pour communier avec Dieu et se disposer spirituellement aux d\u00e9fis de la journ\u00e9e \u00e0 venir.<\/p>\n<p>\u00c0 au c\u0153ur de ces pri\u00e8re matinales se observe habituellement une d\u00e9votion sp\u00e9ciale envers Marie, maman m\u00e8re de J\u00e9sus et figure sainte ador\u00e9e par de nombreux fid\u00e8les. En qualit\u00e9 m\u00e8re intercesseur au milieu de les hommes et Dieu, Marie est invoqu\u00e9e pour interc\u00e9der en notre nom, nous guidant sur le sentier de la saintet\u00e9 et de la gr\u00e2ce divine. Ses pr\u00e9sentation parentale donne r\u00e9confort et s\u00e9curit\u00e9, cercant nos oraisons matinales d\u2019une tendresse c\u00e9leste.<\/p>\n<p>\u00c0 par l\u2019 pri\u00e8re du matin, nous sommes invit\u00e9s pour nous unir \u00e0 Marie dans une d\u00e9marche pour b\u00e9atification personnelle. Dans m\u00e9ditant sur sa vie ainsi que les vertus, nous cherchons pour imiter son humilit\u00e9, sa puret\u00e9 et son ob\u00e9issance \u00e0 la volont\u00e9 de Dieu. Par le biais de sa saintet\u00e9 parfaite, Marie est en nous une mod\u00e8le de vie chr\u00e9tienne, nous souvenant l\u2019importance du pri\u00e8re ainsi que de la contemplation dans notre cheminement spirituel.<\/p>\n<p>Prions ensemble un pri\u00e8re du matin, dans l\u2019unit\u00e9 de notre foi, en nous tournant vers Marie, la m\u00e8re de J\u00e9sus. Dans notre monde troubl\u00e9 par la guerre et la division, recourons \u00e0 la pri\u00e8re comme un moyen pour retrouver la paix et la r\u00e9conciliation. Les chr\u00e9tiens ont la possibilit\u00e9 \u00e9crire une pri\u00e8re pour la Vierge Marie <a target=\"_blank\" rel=\"nofollow\" href=\"https:\/\/editionsbussiere.com\/blog\/goto\/https:\/\/www.avemariasound.org\/\" >en sollicitant les b\u00e9n\u00e9voles.<\/a> Que nos pri\u00e8res montent vers le ciel, comme un hommage agr\u00e9able par Dieu, afin qu\u2019il puisse \u00e9clairer nos pas vers la voie de la justice et de la v\u00e9rit\u00e9. L\u2019ap\u00f4tre Paul nous dans ses lettres \u00e0 prier sans cesse, en toutes circonstances, afin que notre connexion \u00e0 Dieu soit solide et ardente. La pri\u00e8re, quand elle est sinc\u00e8rement offerte, a le pouvoir pour changer nos c\u0153urs et d\u2019influer le destin de l\u2019histoire.<\/p>\n<p>La r\u00e9citation du matin se trouve \u00eatre un temps avantag\u00e9 afin de se consacrer \u00e0 Dieu avec l\u2019intercession de Marie, en lui sacrifiant nos adorations, nos actions de gr\u00e2ce et nos intentions les plus profondes. Dans l\u2019 qui\u00e9tude de l\u2019aurore, on se trouve invit\u00e9s pour tourner envers cette maman divine, laquelle nous guide par affection au sujet de du chemin de la foi et de l\u2019amour divin. En unissant notre voix pour celle-ci de Marie, nous haussant nos pri\u00e8res matinales \u00e0 du tr\u00f4ne du la gr\u00e2ce, s\u00fbrs que notre supplications seront entendues et accueillies aupr\u00e8s de le c\u0153ur mis\u00e9ricordieux de Dieu.<\/p>\n<h2> Pri\u00e8re envers le d\u00e9but de journ\u00e9e avec Dieu et Marie la Vierge<\/h2>\n<p>\u00d4 Tout-Puissant et Mis\u00e9ricordieux Seigneur, en ce nouveau jour qui commence sous la clart\u00e9 de ta divine lumi\u00e8re, je viens \u00e0 Toi avec foi et modestie. Que cette nouvelle journ\u00e9e qui se profile soit consacr\u00e9e \u00e0 ton saint nom, que chaque battement de mon c\u0153ur |chaque regard de mes yeux|chacune de mes paroles|chacun de mes gestes} te soit offert en acte d\u2019amour. Que chaque respiration qui anime mon \u00eatre soit un soupir de d\u00e9votion |un souffle vers toi|un souffle de vie en toi}. Que la pri\u00e8re r\u00e9sonne, que nos pri\u00e8res montent, priez, que nos \u00e2mes se confient, priez.<\/p>\n<p>Tel Marie, la m\u00e8re bienheureuse qui a port\u00e9 en son sein l\u2019enfant J\u00e9sus, guide-moi dans ce voyage de foi et de d\u00e9votion. Que je puisse, en parcourant les pages de l\u2019\u00c9vangile, d\u00e9couvrir la lueur pour \u00e9clairer mes pas et consolider ma foi. \u00c0 l\u2019instar de Pierre, accorde-moi la vigueur et l\u2019audace de faire face \u00e0 les temp\u00eates de la vie avec une foi in\u00e9branlable en ta divine providence.<\/p>\n<p>Dans ce temps de Car\u00eame, o\u00f9 les fid\u00e8les et les fid\u00e8les se pr\u00e9parent \u00e0 c\u00e9l\u00e9brer la r\u00e9surrection de ton fils bien-aim\u00e9, octroie-moi, Seigneur, la b\u00e9n\u00e9diction de la renaissance spirituelle. Que mon \u00e2me soit purifi\u00e9 de tout ce qui le souille, afin qu\u2019il devienne un sanctuaire pour ta divinit\u00e9. Que ma pri\u00e8re, inspir\u00e9e par l\u2019exemple de Fran\u00e7ois d\u2019Assise, sonne comme une m\u00e9lodie de louanges \u00e0 travers les si\u00e8cles.<br \/>\nSeigneur, que mon quotidien soit impr\u00e9gn\u00e9 de ton amour, que chacun des instants soit une occasion de te rencontrer et de te servir dans mes fr\u00e8res et s\u0153urs. Que mon chemin soit un t\u00e9moignage vivant de ta tendresse infinie pour l\u2019humanit\u00e9. Puissent les pri\u00e8res de Hozana monter vers toi comme un doux parfum, enveloppant chacune de mes journ\u00e9es dans une douce tranquillit\u00e9. Priez, \u00c9glise, Fran\u00e7ois, Hozana.<\/p>\n<p>Puissent mon c\u0153ur, Dieu Tout-Puissant, devienne un reflet du tien, rempli d\u2019amour, de compassion et de mis\u00e9ricorde envers mes semblables. Que chaque pens\u00e9e, chaque action soit guid\u00e9e par l\u2019Esprit divin, afin que je puisse contribuer \u00e0 l\u2019av\u00e8nement de ta justice sur ce monde.<\/p>\n<p>Que cette journ\u00e9e devienne une nouvelle \u00e9tape dans mon cheminement spirituel, un moment de grandir dans la foi. Seigneur, prends possession de mon c\u0153ur, fais-en ton sanctuaire, o\u00f9 ta pr\u00e9sence se manifeste \u00e0 chaque instant. Que chaque pulsation de mon c\u0153ur soit un chant en ton honneur, Seigneur, pour toujours. Amen.<\/p>\n<p>Pendant le r\u00e9veil spirituel religieux de chaque \u00e2me chr\u00e9tienne, l\u2019oraison a un r\u00f4le. Celle-ci constitue la connexion profonde entre le fid\u00e8le divin et sa m\u00e8re c\u00e9leste, Marie, la sainte prie pour nous devant son sacr\u00e9 Fils. En utilisant la supplication, les croyants p\u00e9n\u00e9trons au sein de la brillance de la doctrine divine, guid\u00e9s sous l\u2019Esprit divin, afin de d\u00e9celer la v\u00e9rit\u00e9 et la faveur que J\u00e9sus nous accorde.<\/p>\n<h2>M\u00e9ditation de la Parole du Seigneur : <\/h2>\n<p>Il nous est possible de avons la capacit\u00e9 de contempler au sujet de une portion religieux qui nous \u00e9voque de la tendresse de Dieu. \u00c0 titre d\u2019exemple :<\/p>\n<h3>1 Corinthiens 13, 1-8 : <\/h3>\n<p>\u00a0\u00bb<br \/>\nL\u2019amour est patient, il est plein de bont\u00e9; l\u2019amour n\u2019est point envieux; l\u2019amour ne se vante point, il ne s\u2019enfle point d\u2019orgueil, il ne fait rien de malhonn\u00eate, il ne cherche point son int\u00e9r\u00eat, il ne s\u2019irrite point, il ne soup\u00e7onne point le mal, il ne se r\u00e9jouit point de l\u2019injustice, mais il se r\u00e9jouit de la v\u00e9rit\u00e9; il supporte tout, il croit tout, il esp\u00e8re tout, il endure tout.<br \/>\nL\u2019amour ne p\u00e9rit jamais; mais, les proph\u00e9ties, elles seront abolies; les langues, elles cesseront; la connaissance, elle sera abolie.\u00a0\u00bb<\/p>\n<p>Publications sur un objet analogue:<\/p>\n<p>Pauvres fleurs\/Angelus.,<a target=\"_blank\" rel=\"nofollow\" href=\"https:\/\/editionsbussiere.com\/blog\/goto\/https:\/\/fr.wikisource.org\/wiki\/Pauvres_fleurs\/Angelus\"  target=\"_blank\" rel=\"noopener noreferrer nofollow\">Le post d\u2019actualit\u00e9.<\/a><span><\/span>. Suite sur le prochain article.<\/p>\n<p>Marie Calumet\/07.,<a target=\"_blank\" rel=\"nofollow\" href=\"https:\/\/editionsbussiere.com\/blog\/goto\/https:\/\/fr.wikisource.org\/wiki\/Marie_Calumet\/07\"  target=\"_blank\" rel=\"noopener noreferrer nofollow\">Ici.<\/a><span><\/span><\/p>\n<p>Les Bijoux fatals\/Chapitre IV.,<a target=\"_blank\" rel=\"nofollow\" href=\"https:\/\/editionsbussiere.com\/blog\/goto\/https:\/\/fr.wikisource.org\/wiki\/Les_Bijoux_fatals\/Chapitre_IV\"  target=\"_blank\" rel=\"noopener noreferrer nofollow\">Le texte de l\u2019article.<\/a><span><\/span><\/p>\n<p>Les \u00e9pis (LeMay)\/36.,<a target=\"_blank\" rel=\"nofollow\" href=\"https:\/\/editionsbussiere.com\/blog\/goto\/https:\/\/fr.wikisource.org\/wiki\/Les_%C3%A9pis_(LeMay)\/36\"  target=\"_blank\" rel=\"noopener noreferrer nofollow\">Le texte de l\u2019article.<\/a><span><\/span>. Suite sur le prochain article.<\/p>\n<p>Histoire du parlement\/\u00c9dition Garnier\/Chapitre 26.,<a target=\"_blank\" rel=\"nofollow\" href=\"https:\/\/editionsbussiere.com\/blog\/goto\/https:\/\/fr.wikisource.org\/wiki\/Histoire_du_parlement\/%C3%89dition_Garnier\/Chapitre_26\"  target=\"_blank\" rel=\"noopener noreferrer nofollow\">Ici.<\/a><span><\/span><\/p>\n<p>Dictionnaire administratif et historique des rues de Paris et de ses monuments\/Ermites (rue des Deux-).,<a target=\"_blank\" rel=\"nofollow\" href=\"https:\/\/editionsbussiere.com\/blog\/goto\/https:\/\/fr.wikisource.org\/wiki\/Dictionnaire_administratif_et_historique_des_rues_de_Paris_et_de_ses_monuments\/Ermites_(rue_des_Deux-)\"  target=\"_blank\" rel=\"noopener noreferrer nofollow\">Le dossier.<\/a><span><\/span>. Suite sur le prochain article.<\/p>\n<\/div>\n<p><img decoding=\"async\" class=\"wpe_imgrss\" src=\"https:\/\/editionsbussiere.com\/blog\/wp-content\/uploads\/2024\/08\/Un-nouvel-archeveque-de-Caracas-installe-au-Venezuela-en-pleine.jpg\">Cet article a \u00e9t\u00e9 reconstitu\u00e9 du mieux possible. Dans l\u2019hypoth\u00e8se o\u00f9 vous souhaitez apporter quelques modifications concernant le th\u00e8me \u00ab\u00a0Editions \u00e9sot\u00e9rique fond\u00e9e en 1927\u00a0\u00bb, il est possible de discuter avec notre r\u00e9daction. Vous pouvez tirer profit de cet article traitant le sujet \u00ab\u00a0Editions \u00e9sot\u00e9rique fond\u00e9e en 1927\u00a0\u00bb. Il est concoct\u00e9 par l\u2019\u00e9quipe editionsbussiere.com. Le site editionsbussiere.com est fait pour cr\u00e9er divers posts autour du th\u00e8me Editions \u00e9sot\u00e9rique fond\u00e9e en 1927 d\u00e9velopp\u00e9es sur internet. Consultez notre site internet editionsbussiere.com et nos r\u00e9seaux sociaux pour \u00eatre au courant des futures annonces.<\/p>\n","protected":false},"excerpt":{"rendered":"<p>\u00ab Nous aussi, nous devons surmonter le d\u00e9sespoir \u00bb, a d\u00e9clar\u00e9 le nouvel archev\u00eaque de Caracas, au Venezuela, Ra\u00fal Biord Castillo. \/ Cr\u00e9dit : Conf\u00e9rence \u00e9piscopale latino-am\u00e9ricaine (CELAM) Caracas, Venezuela, 27 ao\u00fbt 2024 \/ 15h15 (CNA). Le nouvel archev\u00eaque m\u00e9tropolitain de Caracas, au Venezuela, Ra\u00fal Biord Castillo, a pris officiellement possession de l\u2019archidioc\u00e8se le 24 [&hellip;]<\/p>\n","protected":false},"author":3,"featured_media":1229,"comment_status":"closed","ping_status":"closed","sticky":false,"template":"","format":"standard","meta":{"footnotes":""},"categories":[3],"tags":[],"class_list":["post-1228","post","type-post","status-publish","format-standard","has-post-thumbnail","hentry","category-editions-esoterique-fondee-en-1927-depeches","entry","fw-tab-6 fw-tabr-4","has-featured-image"],"yoast_head":"<!-- This site is optimized with the Yoast SEO plugin v27.5 - https:\/\/yoast.com\/product\/yoast-seo-wordpress\/ -->\n<title>Un nouvel archev\u00eaque de Caracas install\u00e9 au Venezuela en pleine crise politique \u2013 Catholic World Report avec une pri\u00e8re du matin. - EDITIONSBUSSIERE<\/title>\n<meta name=\"robots\" content=\"index, follow, max-snippet:-1, max-image-preview:large, max-video-preview:-1\" \/>\n<link rel=\"canonical\" href=\"https:\/\/editionsbussiere.com\/blog\/un-nouvel-archeveque-de-caracas-installe-au-venezuela-en-pleine-crise-politique-catholic-world-report-avec-une-priere-du-matin\/\" \/>\n<meta property=\"og:locale\" content=\"fr_FR\" \/>\n<meta property=\"og:type\" content=\"article\" \/>\n<meta property=\"og:title\" content=\"Un nouvel archev\u00eaque de Caracas install\u00e9 au Venezuela en pleine crise politique \u2013 Catholic World Report avec une pri\u00e8re du matin. - EDITIONSBUSSIERE\" \/>\n<meta property=\"og:description\" content=\"\u00ab Nous aussi, nous devons surmonter le d\u00e9sespoir \u00bb, a d\u00e9clar\u00e9 le nouvel archev\u00eaque de Caracas, au Venezuela, Ra\u00fal Biord Castillo. \/ Cr\u00e9dit : Conf\u00e9rence \u00e9piscopale latino-am\u00e9ricaine (CELAM) Caracas, Venezuela, 27 ao\u00fbt 2024 \/ 15h15 (CNA). Le nouvel archev\u00eaque m\u00e9tropolitain de Caracas, au Venezuela, Ra\u00fal Biord Castillo, a pris officiellement possession de l\u2019archidioc\u00e8se le 24 [&hellip;]\" \/>\n<meta property=\"og:url\" content=\"https:\/\/editionsbussiere.com\/blog\/un-nouvel-archeveque-de-caracas-installe-au-venezuela-en-pleine-crise-politique-catholic-world-report-avec-une-priere-du-matin\/\" \/>\n<meta property=\"og:site_name\" content=\"EDITIONSBUSSIERE\" \/>\n<meta property=\"article:published_time\" content=\"2024-08-28T05:40:46+00:00\" \/>\n<meta property=\"og:image\" content=\"https:\/\/editionsbussiere.com\/blog\/wp-content\/uploads\/2024\/08\/Un-nouvel-archeveque-de-Caracas-installe-au-Venezuela-en-pleine.jpg\" \/>\n<meta name=\"author\" content=\"Marie BATICLE\" \/>\n<meta name=\"twitter:card\" content=\"summary_large_image\" \/>\n<meta name=\"twitter:label1\" content=\"\u00c9crit par\" \/>\n\t<meta name=\"twitter:data1\" content=\"Marie BATICLE\" \/>\n\t<meta name=\"twitter:label2\" content=\"Dur\u00e9e de lecture estim\u00e9e\" \/>\n\t<meta name=\"twitter:data2\" content=\"14 minutes\" \/>\n<script type=\"application\/ld+json\" class=\"yoast-schema-graph\">{\"@context\":\"https:\\\/\\\/schema.org\",\"@graph\":[{\"@type\":\"Article\",\"@id\":\"https:\\\/\\\/editionsbussiere.com\\\/blog\\\/un-nouvel-archeveque-de-caracas-installe-au-venezuela-en-pleine-crise-politique-catholic-world-report-avec-une-priere-du-matin\\\/#article\",\"isPartOf\":{\"@id\":\"https:\\\/\\\/editionsbussiere.com\\\/blog\\\/un-nouvel-archeveque-de-caracas-installe-au-venezuela-en-pleine-crise-politique-catholic-world-report-avec-une-priere-du-matin\\\/\"},\"author\":{\"name\":\"Marie BATICLE\",\"@id\":\"https:\\\/\\\/editionsbussiere.com\\\/blog\\\/#\\\/schema\\\/person\\\/ec90e102792148c97e46ab871010dd8f\"},\"headline\":\"Un nouvel archev\u00eaque de Caracas install\u00e9 au Venezuela en pleine crise politique \u2013 Catholic World Report avec une pri\u00e8re du matin.\",\"datePublished\":\"2024-08-28T05:40:46+00:00\",\"mainEntityOfPage\":{\"@id\":\"https:\\\/\\\/editionsbussiere.com\\\/blog\\\/un-nouvel-archeveque-de-caracas-installe-au-venezuela-en-pleine-crise-politique-catholic-world-report-avec-une-priere-du-matin\\\/\"},\"wordCount\":2789,\"publisher\":{\"@id\":\"https:\\\/\\\/editionsbussiere.com\\\/blog\\\/#organization\"},\"image\":{\"@id\":\"https:\\\/\\\/editionsbussiere.com\\\/blog\\\/un-nouvel-archeveque-de-caracas-installe-au-venezuela-en-pleine-crise-politique-catholic-world-report-avec-une-priere-du-matin\\\/#primaryimage\"},\"thumbnailUrl\":\"https:\\\/\\\/editionsbussiere.com\\\/blog\\\/wp-content\\\/uploads\\\/2024\\\/08\\\/Un-nouvel-archeveque-de-Caracas-installe-au-Venezuela-en-pleine.jpg\",\"articleSection\":[\"Editions \u00c9sot\u00e9rique Fond\u00e9e En 1927; D\u00e9p\u00e8ches:\"],\"inLanguage\":\"fr-FR\"},{\"@type\":\"WebPage\",\"@id\":\"https:\\\/\\\/editionsbussiere.com\\\/blog\\\/un-nouvel-archeveque-de-caracas-installe-au-venezuela-en-pleine-crise-politique-catholic-world-report-avec-une-priere-du-matin\\\/\",\"url\":\"https:\\\/\\\/editionsbussiere.com\\\/blog\\\/un-nouvel-archeveque-de-caracas-installe-au-venezuela-en-pleine-crise-politique-catholic-world-report-avec-une-priere-du-matin\\\/\",\"name\":\"Un nouvel archev\u00eaque de Caracas install\u00e9 au Venezuela en pleine crise politique \u2013 Catholic World Report avec une pri\u00e8re du matin. - EDITIONSBUSSIERE\",\"isPartOf\":{\"@id\":\"https:\\\/\\\/editionsbussiere.com\\\/blog\\\/#website\"},\"primaryImageOfPage\":{\"@id\":\"https:\\\/\\\/editionsbussiere.com\\\/blog\\\/un-nouvel-archeveque-de-caracas-installe-au-venezuela-en-pleine-crise-politique-catholic-world-report-avec-une-priere-du-matin\\\/#primaryimage\"},\"image\":{\"@id\":\"https:\\\/\\\/editionsbussiere.com\\\/blog\\\/un-nouvel-archeveque-de-caracas-installe-au-venezuela-en-pleine-crise-politique-catholic-world-report-avec-une-priere-du-matin\\\/#primaryimage\"},\"thumbnailUrl\":\"https:\\\/\\\/editionsbussiere.com\\\/blog\\\/wp-content\\\/uploads\\\/2024\\\/08\\\/Un-nouvel-archeveque-de-Caracas-installe-au-Venezuela-en-pleine.jpg\",\"datePublished\":\"2024-08-28T05:40:46+00:00\",\"breadcrumb\":{\"@id\":\"https:\\\/\\\/editionsbussiere.com\\\/blog\\\/un-nouvel-archeveque-de-caracas-installe-au-venezuela-en-pleine-crise-politique-catholic-world-report-avec-une-priere-du-matin\\\/#breadcrumb\"},\"inLanguage\":\"fr-FR\",\"potentialAction\":[{\"@type\":\"ReadAction\",\"target\":[\"https:\\\/\\\/editionsbussiere.com\\\/blog\\\/un-nouvel-archeveque-de-caracas-installe-au-venezuela-en-pleine-crise-politique-catholic-world-report-avec-une-priere-du-matin\\\/\"]}]},{\"@type\":\"ImageObject\",\"inLanguage\":\"fr-FR\",\"@id\":\"https:\\\/\\\/editionsbussiere.com\\\/blog\\\/un-nouvel-archeveque-de-caracas-installe-au-venezuela-en-pleine-crise-politique-catholic-world-report-avec-une-priere-du-matin\\\/#primaryimage\",\"url\":\"https:\\\/\\\/editionsbussiere.com\\\/blog\\\/wp-content\\\/uploads\\\/2024\\\/08\\\/Un-nouvel-archeveque-de-Caracas-installe-au-Venezuela-en-pleine.jpg\",\"contentUrl\":\"https:\\\/\\\/editionsbussiere.com\\\/blog\\\/wp-content\\\/uploads\\\/2024\\\/08\\\/Un-nouvel-archeveque-de-Caracas-installe-au-Venezuela-en-pleine.jpg\",\"width\":533,\"height\":413,\"caption\":\"Un nouvel archeveque de Caracas installe au Venezuela en pleine\"},{\"@type\":\"BreadcrumbList\",\"@id\":\"https:\\\/\\\/editionsbussiere.com\\\/blog\\\/un-nouvel-archeveque-de-caracas-installe-au-venezuela-en-pleine-crise-politique-catholic-world-report-avec-une-priere-du-matin\\\/#breadcrumb\",\"itemListElement\":[{\"@type\":\"ListItem\",\"position\":1,\"name\":\"Accueil\",\"item\":\"https:\\\/\\\/editionsbussiere.com\\\/blog\\\/\"},{\"@type\":\"ListItem\",\"position\":2,\"name\":\"Un nouvel archev\u00eaque de Caracas install\u00e9 au Venezuela en pleine crise politique \u2013 Catholic World Report avec une pri\u00e8re du matin.\"}]},{\"@type\":\"WebSite\",\"@id\":\"https:\\\/\\\/editionsbussiere.com\\\/blog\\\/#website\",\"url\":\"https:\\\/\\\/editionsbussiere.com\\\/blog\\\/\",\"name\":\"EDITIONSBUSSIERE\",\"description\":\"Editions \u00e9sot\u00e9rique fond\u00e9e en 1927; site historique, A SAVOIR ET RETENIR.\",\"publisher\":{\"@id\":\"https:\\\/\\\/editionsbussiere.com\\\/blog\\\/#organization\"},\"potentialAction\":[{\"@type\":\"SearchAction\",\"target\":{\"@type\":\"EntryPoint\",\"urlTemplate\":\"https:\\\/\\\/editionsbussiere.com\\\/blog\\\/?s={search_term_string}\"},\"query-input\":{\"@type\":\"PropertyValueSpecification\",\"valueRequired\":true,\"valueName\":\"search_term_string\"}}],\"inLanguage\":\"fr-FR\"},{\"@type\":\"Organization\",\"@id\":\"https:\\\/\\\/editionsbussiere.com\\\/blog\\\/#organization\",\"name\":\"editionsbussiere\",\"url\":\"https:\\\/\\\/editionsbussiere.com\\\/blog\\\/\",\"logo\":{\"@type\":\"ImageObject\",\"inLanguage\":\"fr-FR\",\"@id\":\"https:\\\/\\\/editionsbussiere.com\\\/blog\\\/#\\\/schema\\\/logo\\\/image\\\/\",\"url\":\"https:\\\/\\\/editionsbussiere.com\\\/blog\\\/wp-content\\\/uploads\\\/2023\\\/09\\\/cropped-buss.gif\",\"contentUrl\":\"https:\\\/\\\/editionsbussiere.com\\\/blog\\\/wp-content\\\/uploads\\\/2023\\\/09\\\/cropped-buss.gif\",\"width\":298,\"height\":120,\"caption\":\"editionsbussiere\"},\"image\":{\"@id\":\"https:\\\/\\\/editionsbussiere.com\\\/blog\\\/#\\\/schema\\\/logo\\\/image\\\/\"}},{\"@type\":\"Person\",\"@id\":\"https:\\\/\\\/editionsbussiere.com\\\/blog\\\/#\\\/schema\\\/person\\\/ec90e102792148c97e46ab871010dd8f\",\"name\":\"Marie BATICLE\",\"image\":{\"@type\":\"ImageObject\",\"inLanguage\":\"fr-FR\",\"@id\":\"https:\\\/\\\/secure.gravatar.com\\\/avatar\\\/c923e52403b1b8137e2d929127211d21967e6aecaa053bd43b09da29f212e76e?s=96&d=mm&r=g\",\"url\":\"https:\\\/\\\/secure.gravatar.com\\\/avatar\\\/c923e52403b1b8137e2d929127211d21967e6aecaa053bd43b09da29f212e76e?s=96&d=mm&r=g\",\"contentUrl\":\"https:\\\/\\\/secure.gravatar.com\\\/avatar\\\/c923e52403b1b8137e2d929127211d21967e6aecaa053bd43b09da29f212e76e?s=96&d=mm&r=g\",\"caption\":\"Marie BATICLE\"},\"url\":\"https:\\\/\\\/editionsbussiere.com\\\/blog\\\/author\\\/eremarie\\\/\"}]}<\/script>\n<!-- \/ Yoast SEO plugin. -->","yoast_head_json":{"title":"Un nouvel archev\u00eaque de Caracas install\u00e9 au Venezuela en pleine crise politique \u2013 Catholic World Report avec une pri\u00e8re du matin. - EDITIONSBUSSIERE","robots":{"index":"index","follow":"follow","max-snippet":"max-snippet:-1","max-image-preview":"max-image-preview:large","max-video-preview":"max-video-preview:-1"},"canonical":"https:\/\/editionsbussiere.com\/blog\/un-nouvel-archeveque-de-caracas-installe-au-venezuela-en-pleine-crise-politique-catholic-world-report-avec-une-priere-du-matin\/","og_locale":"fr_FR","og_type":"article","og_title":"Un nouvel archev\u00eaque de Caracas install\u00e9 au Venezuela en pleine crise politique \u2013 Catholic World Report avec une pri\u00e8re du matin. - EDITIONSBUSSIERE","og_description":"\u00ab Nous aussi, nous devons surmonter le d\u00e9sespoir \u00bb, a d\u00e9clar\u00e9 le nouvel archev\u00eaque de Caracas, au Venezuela, Ra\u00fal Biord Castillo. \/ Cr\u00e9dit : Conf\u00e9rence \u00e9piscopale latino-am\u00e9ricaine (CELAM) Caracas, Venezuela, 27 ao\u00fbt 2024 \/ 15h15 (CNA). Le nouvel archev\u00eaque m\u00e9tropolitain de Caracas, au Venezuela, Ra\u00fal Biord Castillo, a pris officiellement possession de l\u2019archidioc\u00e8se le 24 [&hellip;]","og_url":"https:\/\/editionsbussiere.com\/blog\/un-nouvel-archeveque-de-caracas-installe-au-venezuela-en-pleine-crise-politique-catholic-world-report-avec-une-priere-du-matin\/","og_site_name":"EDITIONSBUSSIERE","article_published_time":"2024-08-28T05:40:46+00:00","og_image":[{"url":"https:\/\/editionsbussiere.com\/blog\/wp-content\/uploads\/2024\/08\/Un-nouvel-archeveque-de-Caracas-installe-au-Venezuela-en-pleine.jpg","type":"","width":"","height":""}],"author":"Marie BATICLE","twitter_card":"summary_large_image","twitter_misc":{"\u00c9crit par":"Marie BATICLE","Dur\u00e9e de lecture estim\u00e9e":"14 minutes"},"schema":{"@context":"https:\/\/schema.org","@graph":[{"@type":"Article","@id":"https:\/\/editionsbussiere.com\/blog\/un-nouvel-archeveque-de-caracas-installe-au-venezuela-en-pleine-crise-politique-catholic-world-report-avec-une-priere-du-matin\/#article","isPartOf":{"@id":"https:\/\/editionsbussiere.com\/blog\/un-nouvel-archeveque-de-caracas-installe-au-venezuela-en-pleine-crise-politique-catholic-world-report-avec-une-priere-du-matin\/"},"author":{"name":"Marie BATICLE","@id":"https:\/\/editionsbussiere.com\/blog\/#\/schema\/person\/ec90e102792148c97e46ab871010dd8f"},"headline":"Un nouvel archev\u00eaque de Caracas install\u00e9 au Venezuela en pleine crise politique \u2013 Catholic World Report avec une pri\u00e8re du matin.","datePublished":"2024-08-28T05:40:46+00:00","mainEntityOfPage":{"@id":"https:\/\/editionsbussiere.com\/blog\/un-nouvel-archeveque-de-caracas-installe-au-venezuela-en-pleine-crise-politique-catholic-world-report-avec-une-priere-du-matin\/"},"wordCount":2789,"publisher":{"@id":"https:\/\/editionsbussiere.com\/blog\/#organization"},"image":{"@id":"https:\/\/editionsbussiere.com\/blog\/un-nouvel-archeveque-de-caracas-installe-au-venezuela-en-pleine-crise-politique-catholic-world-report-avec-une-priere-du-matin\/#primaryimage"},"thumbnailUrl":"https:\/\/editionsbussiere.com\/blog\/wp-content\/uploads\/2024\/08\/Un-nouvel-archeveque-de-Caracas-installe-au-Venezuela-en-pleine.jpg","articleSection":["Editions \u00c9sot\u00e9rique Fond\u00e9e En 1927; D\u00e9p\u00e8ches:"],"inLanguage":"fr-FR"},{"@type":"WebPage","@id":"https:\/\/editionsbussiere.com\/blog\/un-nouvel-archeveque-de-caracas-installe-au-venezuela-en-pleine-crise-politique-catholic-world-report-avec-une-priere-du-matin\/","url":"https:\/\/editionsbussiere.com\/blog\/un-nouvel-archeveque-de-caracas-installe-au-venezuela-en-pleine-crise-politique-catholic-world-report-avec-une-priere-du-matin\/","name":"Un nouvel archev\u00eaque de Caracas install\u00e9 au Venezuela en pleine crise politique \u2013 Catholic World Report avec une pri\u00e8re du matin. - EDITIONSBUSSIERE","isPartOf":{"@id":"https:\/\/editionsbussiere.com\/blog\/#website"},"primaryImageOfPage":{"@id":"https:\/\/editionsbussiere.com\/blog\/un-nouvel-archeveque-de-caracas-installe-au-venezuela-en-pleine-crise-politique-catholic-world-report-avec-une-priere-du-matin\/#primaryimage"},"image":{"@id":"https:\/\/editionsbussiere.com\/blog\/un-nouvel-archeveque-de-caracas-installe-au-venezuela-en-pleine-crise-politique-catholic-world-report-avec-une-priere-du-matin\/#primaryimage"},"thumbnailUrl":"https:\/\/editionsbussiere.com\/blog\/wp-content\/uploads\/2024\/08\/Un-nouvel-archeveque-de-Caracas-installe-au-Venezuela-en-pleine.jpg","datePublished":"2024-08-28T05:40:46+00:00","breadcrumb":{"@id":"https:\/\/editionsbussiere.com\/blog\/un-nouvel-archeveque-de-caracas-installe-au-venezuela-en-pleine-crise-politique-catholic-world-report-avec-une-priere-du-matin\/#breadcrumb"},"inLanguage":"fr-FR","potentialAction":[{"@type":"ReadAction","target":["https:\/\/editionsbussiere.com\/blog\/un-nouvel-archeveque-de-caracas-installe-au-venezuela-en-pleine-crise-politique-catholic-world-report-avec-une-priere-du-matin\/"]}]},{"@type":"ImageObject","inLanguage":"fr-FR","@id":"https:\/\/editionsbussiere.com\/blog\/un-nouvel-archeveque-de-caracas-installe-au-venezuela-en-pleine-crise-politique-catholic-world-report-avec-une-priere-du-matin\/#primaryimage","url":"https:\/\/editionsbussiere.com\/blog\/wp-content\/uploads\/2024\/08\/Un-nouvel-archeveque-de-Caracas-installe-au-Venezuela-en-pleine.jpg","contentUrl":"https:\/\/editionsbussiere.com\/blog\/wp-content\/uploads\/2024\/08\/Un-nouvel-archeveque-de-Caracas-installe-au-Venezuela-en-pleine.jpg","width":533,"height":413,"caption":"Un nouvel archeveque de Caracas installe au Venezuela en pleine"},{"@type":"BreadcrumbList","@id":"https:\/\/editionsbussiere.com\/blog\/un-nouvel-archeveque-de-caracas-installe-au-venezuela-en-pleine-crise-politique-catholic-world-report-avec-une-priere-du-matin\/#breadcrumb","itemListElement":[{"@type":"ListItem","position":1,"name":"Accueil","item":"https:\/\/editionsbussiere.com\/blog\/"},{"@type":"ListItem","position":2,"name":"Un nouvel archev\u00eaque de Caracas install\u00e9 au Venezuela en pleine crise politique \u2013 Catholic World Report avec une pri\u00e8re du matin."}]},{"@type":"WebSite","@id":"https:\/\/editionsbussiere.com\/blog\/#website","url":"https:\/\/editionsbussiere.com\/blog\/","name":"EDITIONSBUSSIERE","description":"Editions \u00e9sot\u00e9rique fond\u00e9e en 1927; site historique, A SAVOIR ET RETENIR.","publisher":{"@id":"https:\/\/editionsbussiere.com\/blog\/#organization"},"potentialAction":[{"@type":"SearchAction","target":{"@type":"EntryPoint","urlTemplate":"https:\/\/editionsbussiere.com\/blog\/?s={search_term_string}"},"query-input":{"@type":"PropertyValueSpecification","valueRequired":true,"valueName":"search_term_string"}}],"inLanguage":"fr-FR"},{"@type":"Organization","@id":"https:\/\/editionsbussiere.com\/blog\/#organization","name":"editionsbussiere","url":"https:\/\/editionsbussiere.com\/blog\/","logo":{"@type":"ImageObject","inLanguage":"fr-FR","@id":"https:\/\/editionsbussiere.com\/blog\/#\/schema\/logo\/image\/","url":"https:\/\/editionsbussiere.com\/blog\/wp-content\/uploads\/2023\/09\/cropped-buss.gif","contentUrl":"https:\/\/editionsbussiere.com\/blog\/wp-content\/uploads\/2023\/09\/cropped-buss.gif","width":298,"height":120,"caption":"editionsbussiere"},"image":{"@id":"https:\/\/editionsbussiere.com\/blog\/#\/schema\/logo\/image\/"}},{"@type":"Person","@id":"https:\/\/editionsbussiere.com\/blog\/#\/schema\/person\/ec90e102792148c97e46ab871010dd8f","name":"Marie BATICLE","image":{"@type":"ImageObject","inLanguage":"fr-FR","@id":"https:\/\/secure.gravatar.com\/avatar\/c923e52403b1b8137e2d929127211d21967e6aecaa053bd43b09da29f212e76e?s=96&d=mm&r=g","url":"https:\/\/secure.gravatar.com\/avatar\/c923e52403b1b8137e2d929127211d21967e6aecaa053bd43b09da29f212e76e?s=96&d=mm&r=g","contentUrl":"https:\/\/secure.gravatar.com\/avatar\/c923e52403b1b8137e2d929127211d21967e6aecaa053bd43b09da29f212e76e?s=96&d=mm&r=g","caption":"Marie BATICLE"},"url":"https:\/\/editionsbussiere.com\/blog\/author\/eremarie\/"}]}},"_links":{"self":[{"href":"https:\/\/editionsbussiere.com\/blog\/wp-json\/wp\/v2\/posts\/1228","targetHints":{"allow":["GET"]}}],"collection":[{"href":"https:\/\/editionsbussiere.com\/blog\/wp-json\/wp\/v2\/posts"}],"about":[{"href":"https:\/\/editionsbussiere.com\/blog\/wp-json\/wp\/v2\/types\/post"}],"author":[{"embeddable":true,"href":"https:\/\/editionsbussiere.com\/blog\/wp-json\/wp\/v2\/users\/3"}],"replies":[{"embeddable":true,"href":"https:\/\/editionsbussiere.com\/blog\/wp-json\/wp\/v2\/comments?post=1228"}],"version-history":[{"count":0,"href":"https:\/\/editionsbussiere.com\/blog\/wp-json\/wp\/v2\/posts\/1228\/revisions"}],"wp:featuredmedia":[{"embeddable":true,"href":"https:\/\/editionsbussiere.com\/blog\/wp-json\/wp\/v2\/media\/1229"}],"wp:attachment":[{"href":"https:\/\/editionsbussiere.com\/blog\/wp-json\/wp\/v2\/media?parent=1228"}],"wp:term":[{"taxonomy":"category","embeddable":true,"href":"https:\/\/editionsbussiere.com\/blog\/wp-json\/wp\/v2\/categories?post=1228"},{"taxonomy":"post_tag","embeddable":true,"href":"https:\/\/editionsbussiere.com\/blog\/wp-json\/wp\/v2\/tags?post=1228"}],"curies":[{"name":"wp","href":"https:\/\/api.w.org\/{rel}","templated":true}]}}