{"id":1211,"date":"2024-08-22T21:34:40","date_gmt":"2024-08-22T19:34:40","guid":{"rendered":"https:\/\/editionsbussiere.com\/blog\/le-mariage-de-la-mer-une-expression-de-priere-catholic-star-herald-pour-prier-la-sainte-vierge\/"},"modified":"2024-08-22T21:34:40","modified_gmt":"2024-08-22T19:34:40","slug":"le-mariage-de-la-mer-une-expression-de-priere-catholic-star-herald-pour-prier-la-sainte-vierge","status":"publish","type":"post","link":"https:\/\/editionsbussiere.com\/blog\/le-mariage-de-la-mer-une-expression-de-priere-catholic-star-herald-pour-prier-la-sainte-vierge\/","title":{"rendered":"Le mariage de la mer, une expression de pri\u00e8re \u2013 Catholic Star Herald\n pour prier la Sainte Vierge ."},"content":{"rendered":"<div><img width=\"580\" height=\"387\" src=\"https:\/\/editionsbussiere.com\/blog\/wp-content\/uploads\/2024\/08\/Le-mariage-de-la-mer-une-expression-de-priere-E28093.jpg\" class=\"attachment-large size-large wp-post-image\" alt=\"Le mariage de la mer, une expression de pri\u00e8re \u2013\" style=\"float:left; margin:0 15px 15px 0;\" decoding=\"async\" loading=\"lazy\" srcset=\"https:\/\/editionsbussiere.com\/blog\/wp-content\/uploads\/2024\/08\/Le-mariage-de-la-mer-une-expression-de-priere-E28093.jpg 600w, https:\/\/www.n42.fr\/wp-content\/uploads\/2024\/08\/Le-mariage-de-la-mer-une-expression-de-priere-\u2013-300x200.jpg 300w\" sizes=\"auto, (max-width: 580px) 100vw, 580px\"><\/p>\n<p>\n<\/p>\n<div>\n<div class=\"wp-block-image\">\n<figure class=\"aligncenter size-large\"><img loading=\"lazy\" decoding=\"async\" width=\"1024\" height=\"683\" src=\"https:\/\/editionsbussiere.com\/blog\/wp-content\/uploads\/2024\/08\/PG2-Wedding-of-Sea-Boat-Toss-Kalitz-1024x683-1.jpg\" alt=\"\" class=\"wp-image-67351\" srcset=\"https:\/\/editionsbussiere.com\/blog\/wp-content\/uploads\/2024\/08\/PG2-Wedding-of-Sea-Boat-Toss-Kalitz-1024x683-1.jpg 1024w, https:\/\/catholicstarherald.org\/wp-content\/uploads\/2024\/08\/PG2-Wedding-of-Sea-Boat-Toss-Kalitz-300x200.jpg 300w, https:\/\/catholicstarherald.org\/wp-content\/uploads\/2024\/08\/PG2-Wedding-of-Sea-Boat-Toss-Kalitz-768x512.jpg 768w, https:\/\/catholicstarherald.org\/wp-content\/uploads\/2024\/08\/PG2-Wedding-of-Sea-Boat-Toss-Kalitz-1536x1024.jpg 1536w, https:\/\/catholicstarherald.org\/wp-content\/uploads\/2024\/08\/PG2-Wedding-of-Sea-Boat-Toss-Kalitz-2048x1365.jpg 2048w, https:\/\/catholicstarherald.org\/wp-content\/uploads\/2024\/08\/PG2-Wedding-of-Sea-Boat-Toss-Kalitz-640x427.jpg 640w\" sizes=\"auto, (max-width: 1024px) 100vw, 1024px\"><figcaption class=\"wp-element-caption\">L\u2019\u00e9v\u00eaque Dennis Sullivan jette une couronne de fleurs dans l\u2019oc\u00e9an Atlantique le 14 ao\u00fbt apr\u00e8s avoir c\u00e9l\u00e9br\u00e9 la veill\u00e9e de l\u2019Assomption de la Bienheureuse Vierge Marie \u00e0 l\u2019\u00e9glise Sainte-Anne de la paroisse Notre-Dame de la Mer. (Photo de John Kalitz)<\/figcaption><\/figure>\n<\/div>\n<p>Une coutume qui a pris naissance \u00e0 la fin du premier mill\u00e9naire, en l\u2019an 1000 apr\u00e8s J.C., dans la R\u00e9publique de Venise, apport\u00e9e par des immigrants italiens dans la paroisse Saint-Michel d\u2019Atlantic City, et qui, depuis de nombreuses d\u00e9cennies, est c\u00e9l\u00e9br\u00e9e chaque ann\u00e9e par les fid\u00e8les de cette paroisse, est aujourd\u2019hui observ\u00e9e par un certain nombre de nos paroisses c\u00f4ti\u00e8res du sud du New Jersey. Cette coutume est le \u00ab Sposalizio del Mare \u00bb, le mariage de la mer, qui attire dans nos paroisses c\u00f4ti\u00e8res des milliers de personnes, certaines venant de loin. Elle a lieu le 15 ao\u00fbt, solennit\u00e9 de l\u2019Assomption de la Bienheureuse Vierge Marie.<\/p>\n<p>Le 15 ao\u00fbt, l\u2019\u00c9glise c\u00e9l\u00e8bre le fait que notre Sainte M\u00e8re n\u2019est pas morte d\u2019une mort humaine, mais qu\u2019\u00ab ayant achev\u00e9 sa vie terrestre \u00bb, elle a \u00e9t\u00e9 couronn\u00e9e d\u2019une gloire surnaturelle. Sa couronne de gloire surnaturelle est la gloire du ciel, la gloire de participer \u00e0 la r\u00e9surrection de son fils, J\u00e9sus, qui est le fils de Dieu, le Sauveur, le Christ. La gloire de Marie est la gloire de participer aux pr\u00e9mices de la victoire du salut que le Seigneur a obtenue pour toutes les femmes et tous les hommes par sa mort et sa r\u00e9surrection. On peut dire que l\u2019Assomption de Marie est sa P\u00e2que.<\/p>\n<p>Lors de la c\u00e9r\u00e9monie des Noces de la Mer, Dieu est lou\u00e9 pour l\u2019immense don de l\u2019oc\u00e9an. Les b\u00e9n\u00e9dictions de Dieu sont invoqu\u00e9es sur l\u2019eau, sur tous ceux qui utilisent la mer pour se d\u00e9tendre et se divertir et sur toutes les cr\u00e9atures vivantes dont la \u00ab maison \u00bb est l\u2019oc\u00e9an. Une couronne de fleurs avec un anneau attach\u00e9 est jet\u00e9e dans la mer pour exprimer symboliquement notre relation avec l\u2019oc\u00e9an et pour affirmer que nous avons la responsabilit\u00e9 de prendre soin de ce don de Dieu pour nous. Cette ressource pr\u00e9cieuse m\u00e9rite la protection et le respect de l\u2019humanit\u00e9.<\/p>\n<p>Dans l\u2019encyclique \u00ab Laudato Si \u00bb, le pape Fran\u00e7ois a \u00e9crit que Marie est la \u00ab Reine de toute la cr\u00e9ation\u2026 nous pouvons donc lui demander de regarder ce monde avec les yeux de la sagesse. Port\u00e9e au ciel dans son corps glorifi\u00e9, avec le Christ ressuscit\u00e9, une partie de la cr\u00e9ation a atteint la pl\u00e9nitude de sa beaut\u00e9. \u00bb Les pri\u00e8res et la c\u00e9r\u00e9monie des Noces de la mer nous rappellent que l\u2019oc\u00e9an est essentiel pour nos communaut\u00e9s du littoral sud du New Jersey, l\u2019une des magnifiques cr\u00e9ations de Dieu. <\/p>\n<p>Les Noces de la mer ne figurent dans aucun livre de pri\u00e8res catholique officiel, ni dans aucun enseignement de l\u2019\u00c9glise. Leur origine se fonde sur une histoire selon laquelle l\u2019\u00e9v\u00eaque de Venise aurait jet\u00e9 son anneau \u00e9piscopal dans les eaux d\u00e9cha\u00een\u00e9es qui mena\u00e7aient la Cit\u00e9 des Canaux, et la mer se serait apais\u00e9e. C\u2019est ainsi qu\u2019est n\u00e9e la Noce de la mer, une tradition que l\u2019on retrouve dans la \u00ab religion populaire \u00bb. Les expressions de d\u00e9votion, les c\u00e9r\u00e9monies et la foi catholique se retrouvent dans des cultures qui les transmettent de g\u00e9n\u00e9ration en g\u00e9n\u00e9ration et sont observ\u00e9es avec d\u00e9votion par les croyants. La religion populaire relie les gens \u00e0 Dieu et \u00e0 l\u2019\u00c9glise et met ses observateurs au d\u00e9fi de se pr\u00e9occuper de la soci\u00e9t\u00e9.<\/p>\n<p>Les Noces de la Mer se pr\u00e9occupent de l\u2019oc\u00e9an et le d\u00e9fi consiste \u00e0 implorer la m\u00e8re de Dieu, lors de sa glorieuse Assomption au ciel, d\u2019interc\u00e9der aupr\u00e8s de son divin Fils en faveur de l\u2019oc\u00e9an. La c\u00e9r\u00e9monie n\u2019est pas une pieuse d\u00e9votion \u00e0 notre Sainte M\u00e8re, qui a sa place dans la spiritualit\u00e9 mariale catholique. Il s\u2019agit plut\u00f4t d\u2019une expression populaire et pleine de foi de d\u00e9votion \u00e0 Marie et au pouvoir de la pri\u00e8re \u00e0 Dieu face \u00e0 la calamit\u00e9.<\/p>\n<p>Le Pape Fran\u00e7ois, dans son exhortation apostolique \u00ab Evangelii gaudium \u00bb \u2013 \u00ab La joie de l\u2019\u00c9vangile \u00bb \u2013 \u00e9crit \u00e0 ce sujet : \u00ab On ne peut pas sous-estimer l\u2019importance d\u2019une culture marqu\u00e9e par la foi ; face \u00e0 l\u2019assaut du s\u00e9cularisme contemporain, une culture \u00e9vang\u00e9lis\u00e9e, malgr\u00e9 toutes ses limites, poss\u00e8de bien plus de ressources que la simple somme des croyants. Une culture populaire \u00e9vang\u00e9lis\u00e9e contient des valeurs de foi et de solidarit\u00e9 capables de favoriser le d\u00e9veloppement d\u2019une soci\u00e9t\u00e9 plus juste et plus croyante, et poss\u00e8de une sagesse particuli\u00e8re qu\u2019il faut reconna\u00eetre avec gratitude. \u00bb (#68)<\/p>\n<p>Cette ann\u00e9e encore, comme je l\u2019ai fait au cours des 11 derni\u00e8res ann\u00e9es en tant qu\u2019\u00e9v\u00eaque dioc\u00e9sain, j\u2019ai voyag\u00e9 dans un bateau de sauvetage au-del\u00e0 des vagues, \u00e0 la fois lors de la veill\u00e9e de l\u2019Assomption \u00e0 Wildwood et le jour m\u00eame \u00e0 Atlantic City. \u00c0 ces occasions, comme par le pass\u00e9, une grande joie se lisait sur les visages souriants des personnes qui m\u2019accompagnaient jusqu\u2019au bateau.<\/p>\n<p>Leur foi se manifestait surtout dans la r\u00e9citation du rosaire, dans la fixation soign\u00e9e des offrandes sur la statue de la Sainte Vierge et dans les nombreuses demandes adress\u00e9es \u00e0 notre P\u00e8re c\u00e9leste pour leurs intentions personnelles. L\u2019eau de la mer, que l\u2019on peut toucher, est source des b\u00e9n\u00e9dictions de Dieu.<\/p>\n<p>M\u00eame dans notre culture la\u00efque, le mariage de la mer continue de nourrir la vie spirituelle de beaucoup. Il offre un t\u00e9moignage public de foi m\u00eal\u00e9 \u00e0 la culture contemporaine. Il donne une place de choix \u00e0 notre \u00c9glise, \u00e0 notre Seigneur et \u00e0 notre Sainte M\u00e8re. Et il attire l\u2019attention sur le don de Dieu de l\u2019oc\u00e9an Atlantique, si essentiel au sud du New Jersey.<\/p>\n<p>Marie, Reine de la Cr\u00e9ation, priez pour nous.<\/p>\n<\/div>\n<h2>\n<\/h2>\n<p>Le R\u00f4le de l\u2019Intercession de Marie<\/p>\n<p>La pri\u00e8re \u00e0 Marie repr\u00e9sente un aspect essentiel de la spiritualit\u00e9 chr\u00e9tienne, profond\u00e9ment ancr\u00e9e dans la doctrine catholique depuis des si\u00e8cles. C\u2019est un fondement sur lequel les croyants s\u2019reposent pour trouver confort, guidance et intervention dans leur marche envers Dieu. \u00c0 travers les \u00e2ges, cette pratique de d\u00e9votion a \u00e9t\u00e9 renforc\u00e9e par les \u00e9crits bibliques, les coutumes eccl\u00e9siastiques, et le mod\u00e8le des saints qui ont honor\u00e9 Marie m\u00e8re spirituelle bienveillante.<\/p>\n<h3>\n<\/h3>\n<p>La pratique du Chapelet<\/p>\n<p>Cette pri\u00e8re traditionnelle mariale occupe une place centrale dans la vie spirituelle de nombreux croyants. En r\u00e9citant les diff\u00e9rents myst\u00e8res, les d\u00e9vots m\u00e9ditent dans les \u00e9v\u00e9nements de la vie de J\u00e9sus et de Marie, renfor\u00e7ant leur lien spirituel avec le divin. Chaque Ave Maria r\u00e9cit\u00e9, ils expriment leur confiance en l\u2019intercession de Marie ainsi que leur aspiration \u00e0 suivre les pas du Christ. Saint Louis-Marie Grignion de Montfort, dans son ouvrage sur la d\u00e9votion authentique \u00e0 la Vierge Marie, encourage les chr\u00e9tiens \u00e0 m\u00e9diter r\u00e9guli\u00e8rement des diff\u00e9rents myst\u00e8res du rosaire afin de renforcer leur lien avec la M\u00e8re de Dieu. Cette pratique ancienne, transmise de g\u00e9n\u00e9ration en g\u00e9n\u00e9ration, demeure une source d\u2019illumination spirituelle pour les croyants, les guidant dans leur connexion \u00e0 la c\u00e9leste Dame.<\/p>\n<h3>\n<\/h3>\n<p>L\u2019encouragement \u00e0 prier<\/p>\n<p>Joignons nos c\u0153urs dans la pri\u00e8re, fr\u00e8res et s\u0153urs, dans l\u2019unit\u00e9 de notre esp\u00e9rance, en nous tournant vers Marie, la m\u00e8re de notre Seigneur J\u00e9sus-Christ. Au sein de notre monde troubl\u00e9 par les conflits et la division, optons \u00e0 la pri\u00e8re pour trouver pour trouver la s\u00e9r\u00e9nit\u00e9 et la r\u00e9conciliation. Les catholiques du monde entier peuvent envoyer des v\u0153ux pour la Sainte Vierge <a target=\"_blank\" rel=\"nofollow\" href=\"https:\/\/editionsbussiere.com\/blog\/goto\/https:\/\/www.avemariasound.org\/\" >sur le web.<\/a> Que nos supplications s\u2019\u00e9l\u00e8vent vers le ciel, comme un hommage re\u00e7u avec faveur \u00e0 Dieu, afin qu\u2019il guide nous guider nos chemins vers le chemin de la justice et de la v\u00e9rit\u00e9. Saint Paul nous exhorte dans ses lettres \u00e0 maintenir une pri\u00e8re incessante, quelle que soit la situation, pour que notre communion \u00e0 Dieu reste solide et passionn\u00e9e. La pri\u00e8re, quand elle est sinc\u00e8rement offerte, poss\u00e8de le pouvoir pour transformer nos c\u0153urs et de modifier le destin de l\u2019histoire.<\/p>\n<h2>\n<\/h2>\n<p>L\u2019enseignement du Saint-P\u00e8re<\/p>\n<p>Le pape Fran\u00e7ois, \u00e0 travers ses \u00e9crits inspir\u00e9s, disponibles gr\u00e2ce \u00e0 Bayard, nous rappelle la valeur de la pri\u00e8re quotidienne. \u00c0 travers ses discours et ses audiences, il nous incite \u00e0 cultiver une relation personnelle avec le divin, en se fondant sur la contemplation des \u00c9critures ainsi que la r\u00e9citation du rosaire. Sa mani\u00e8re d\u2019\u00eatre d\u2019humilit\u00e9 et de compassion nous motive \u00e0 approfondir nos pri\u00e8res et \u00e0 chercher la pr\u00e9sence de Dieu dans tous les aspects de notre quotidien. Le pape Jean-Paul II, dans son \u00e9crit sur la foi chr\u00e9tienne, nous rappelle que la pratique de la pri\u00e8re constitue le fondement de notre vie spirituelle et que c\u2019est par elle que nous trouvons notre unit\u00e9 \u00e0 la volont\u00e9 divine. La pratique de la pri\u00e8re, transmise par les pontifes de g\u00e9n\u00e9ration en g\u00e9n\u00e9ration, est une source d\u2019espoir en p\u00e9riode de temp\u00eate, un roc solide auquel nous pouvons nous appuyer.<\/p>\n<h3>\n<\/h3>\n<p>Les publications de Leli\u00e8vre et Hubert<\/p>\n<p>Au sein de la pratique religieuse, l\u2019\u00e9glise pr\u00e9conise le recours \u00e0 la pri\u00e8re, et durant la pri\u00e8re, les croyants accomplissent le geste du signe de la croix tout en r\u00e9citant le Je vous salue Marie. Des penseurs contemporains, tels que Leli\u00e8vre et Hubert, nous incitent aussi \u00e0 r\u00e9fl\u00e9chir sur la puissance de la pri\u00e8re, \u00e0 travers leurs \u00e9crits inspirants. Leurs \u00e9crits, abondant en enseignements spirituels, nous orientent dans notre parcours de la foi et nous invitent \u00e0 puiser dans les richesses de la tradition chr\u00e9tienne pour nourrir notre spiritualit\u00e9. Par la m\u00e9ditation sur leurs publications, nous explorons de nouvelles mani\u00e8res d\u2019approfondir notre connexion avec le divin et de grandir dans la saintet\u00e9. L\u2019ap\u00f4tre Jean, dans son \u00e9vangile, nous rappelle que la pri\u00e8re est un puissant moyen pour rester en communion avec Dieu et de b\u00e9n\u00e9ficier de ses gr\u00e2ces. Chaque passage de leurs \u00e9crits r\u00e9sonne comme un appel \u00e0 une pri\u00e8re fervente et \u00e0 une vie impr\u00e9gn\u00e9e de la pr\u00e9sence divine. Dans notre exploration de connexion spirituelle, chaque lecture devient une invitation \u00e0 aspirer \u00e0 le sacr\u00e9, \u00e0 travers la r\u00e9flexion et la m\u00e9ditation.<\/p>\n<h3>\n<\/h3>\n<p>La d\u00e9votion dans la chapelle<\/p>\n<p>Dans nos lieux de culte modestes ou majestueuses, tournons-nous vers Dieu en toute confiance et humilit\u00e9, car nous savons qu\u2019il \u00e9coute nos supplications avec amour et sollicitude. Que chaque flamme vacillante, chaque Ave Maria r\u00e9cit\u00e9, soit une offrande \u00e0 notre Seigneur et \u00e0 sa sainte m\u00e8re, Marie. Que nos moments de pri\u00e8re dans la chapelle soient des moments de gr\u00e2ce et de renouvellement spirituel, nous renfor\u00e7ant pour faire face \u00e0 les \u00e9preuves avec courage et foi. Sainte Bernadette Soubirous, \u00e0 qui la Vierge Marie est apparue \u00e0 Lourdes, nous enseigne la valeur de la pri\u00e8re dans la vie des fid\u00e8les et l\u2019efficacit\u00e9 de l\u2019intercession de la Vierge Marie. Tout fid\u00e8le qui franchit les portes d\u2019une chapelle, chaque verset des \u00c9critures lu dans ce lieu saint, est une rencontre avec le divin, une \u00e9tape dans le processus de transformation spirituelle. \u00c0 travers les textes sacr\u00e9s, tout croyant est encourag\u00e9 \u00e0 m\u00e9diter la croix du Christ, \u00e0 r\u00e9fl\u00e9chir \u00e0 son sacrifice, et \u00e0 trouver consolation et esp\u00e9rance dans sa gr\u00e2ce r\u00e9demptrice.<\/p>\n<h2>\nL\u2019acte de prier comme rem\u00e8de pour l\u2019esprit<br \/>\n<\/h2>\n<p>Tel un th\u00e9rapeute pour notre \u00eatre int\u00e9rieur, la pri\u00e8re nous gu\u00e9rit et nous renforce au cours des p\u00e9riodes de douleur et de d\u00e9sespoir. Elle nous rappelle que Dieu est toujours avec nous, m\u00eame au c\u0153ur de nos heures les plus sombres. En nous penchant vers lui dans la pri\u00e8re, nous trouvons la force int\u00e9rieure n\u00e9cessaire pour traverser les \u00e9preuves et pour affronter l\u2019avenir avec espoir et confiance. La pri\u00e8re est comme une rivi\u00e8re vivifiante qui satisfait notre soif spirituelle et qui, sur notre chemin de foi, nous r\u00e9g\u00e9n\u00e8re.<br \/>\n\u00c0 chaque pri\u00e8re murmur\u00e9e, \u00e0 chaque intention port\u00e9e, notre \u00e2me trouve un r\u00e9confort c\u00e9leste, une gu\u00e9rison c\u00e9leste, qui va au-del\u00e0 de les limitations humaines. Chaque passage des \u00c9critures nous invite \u00e0 communier avec Dieu, \u00e0 lui confier nos fardeaux, et \u00e0 recevoir sa gr\u00e2ce transformante.<\/p>\n<h2>Un point de vue alternatif sur l\u2019acte de prier Marie<\/h2>\n<p>La d\u00e9votion \u00e0 Marie constitue une pratique solidement ancr\u00e9e dans la tradition religieuse catholique chr\u00e9tienne, offrant un lien spirituel pr\u00e9cieux pour les fid\u00e8les du monde entier. En tant que figure maternelle spirituelle et interm\u00e9diaire, elle est pri\u00e9e avec ferveur dans les moments de besoin et de gratitude. Le chapelet, avec ses myst\u00e8res contemplatifs, accompagne les croyants dans leur cheminement spirituel, les encourageant \u00e0 m\u00e9diter sur J\u00e9sus, son fils, \u00e0 travers les yeux de la Vierge Marie. Cette d\u00e9votion \u00e0 Marie s\u2019exprime dans les sanctuaires comme le sanctuaire de Lourdes, o\u00f9 les fid\u00e8les convergent en qu\u00eate de r\u00e9confort et de gu\u00e9rison, illustrant la forte connexion entre la foi catholique et la d\u00e9votion mariale. Les \u00e9crits \u00e9clairants de th\u00e9ologiens comme Leli\u00e8vre et Hubert offrent une r\u00e9flexion pr\u00e9cieuse sur l\u2019importance de la pri\u00e8re \u00e0 Marie et son impact sur la spiritualit\u00e9 des croyants. Gr\u00e2ce \u00e0 une lecture attentive de livres d\u00e9votionnels et bibliques, les adeptes approfondissent leur compr\u00e9hension de la d\u00e9votion mariale et d\u00e9veloppent un lien plus fort avec Marie, notre m\u00e8re spirituelle. Dans un monde caract\u00e9ris\u00e9 par les conflits et les hostilit\u00e9s, la pri\u00e8re \u00e0 Marie est un sanctuaire de paix et d\u2019espoir, incitant chaque individu, ind\u00e9pendamment de son rang dans la foi catholique, \u00e0 s\u2019adresser \u00e0 la Dame du Ciel avec une foi profonde et une d\u00e9votion sinc\u00e8re. Prions donc en commun, avec un c\u0153ur sinc\u00e8re et humble, en honorant Marie comme notre m\u00e8re et notre intercesseur, et en lui confiant nos requ\u00eates et nos souhaits les plus profonds. Dans cette d\u00e9marche de foi, chaque fid\u00e8le est appel\u00e9 \u00e0 poursuivre la voie des pri\u00e8res et des aspirations du c\u0153ur, sous la conduite du Pape et les ressources spirituelles inestimables fournies par des plateformes comme Aleteia. De cette mani\u00e8re, avec un c\u0153ur humble et une foi sinc\u00e8re, saluons Marie dans notre pri\u00e8re quotidienne, lui demandant son intercession maternelle, et la force de continuer dans la pri\u00e8re fervente.<br \/>\nQue la pri\u00e8re soit notre refuge et notre consolation dans toutes les circonstances. Que nous nous orientions envers Marie, notre m\u00e8re divine, avec un c\u0153ur ouvert et une croyance in\u00e9branlable, sachant qu\u2019elle interc\u00e8de pour nous aupr\u00e8s de son fils bien-aim\u00e9. Que notre dialogue avec le divin nous m\u00e8ne sur le chemin de la saintet\u00e9, nous rapprochant toujours plus de Dieu et de son amour \u00e9ternel.<\/p>\n<p>Bibliographie :<\/p>\n<p>Vers \u00e0 sainte Genevi\u00e8ve.,<a target=\"_blank\" rel=\"nofollow\" href=\"https:\/\/editionsbussiere.com\/blog\/goto\/https:\/\/fr.wikisource.org\/wiki\/Vers_%C3%A0_sainte_Genevi%C3%A8ve\"  target=\"_blank\" rel=\"noopener noreferrer nofollow\">Article complet.<\/a><span><\/span>. Suite sur le prochain article.<\/p>\n<p>Lettres \u00e0 un ami sur l\u2019office divin de l\u2019\u00c9glise catholique orthodoxe d\u2019Orient\/I\/Lettre troisi\u00e8me.,<a target=\"_blank\" rel=\"nofollow\" href=\"https:\/\/editionsbussiere.com\/blog\/goto\/https:\/\/fr.wikisource.org\/wiki\/Lettres_%C3%A0_un_ami_sur_l%E2%80%99office_divin_de_l%E2%80%99%C3%89glise_catholique_orthodoxe_d%E2%80%99Orient\/I\/Lettre_troisi%C3%A8me\"  target=\"_blank\" rel=\"noopener noreferrer nofollow\">Article complet.<\/a><span><\/span>. Suite sur le prochain article.<\/p>\n<p>Les Chansons des trains et des gares\/La vierge aux bougies.,<a target=\"_blank\" rel=\"nofollow\" href=\"https:\/\/editionsbussiere.com\/blog\/goto\/https:\/\/fr.wikisource.org\/wiki\/Les_Chansons_des_trains_et_des_gares\/La_vierge_aux_bougies\"  target=\"_blank\" rel=\"noopener noreferrer nofollow\">Le texte de l\u2019article.<\/a><span><\/span>. Suite sur le prochain article.<\/p>\n<p>La Petite Fadette (illustr\u00e9, Hetzel 1852)\/Chapitre 22.,<a target=\"_blank\" rel=\"nofollow\" href=\"https:\/\/editionsbussiere.com\/blog\/goto\/https:\/\/fr.wikisource.org\/wiki\/La_Petite_Fadette_(illustr%C3%A9,_Hetzel_1852)\/Chapitre_22\"  target=\"_blank\" rel=\"noopener noreferrer nofollow\">Ici.<\/a><span><\/span><\/p>\n<p>L\u2019Angelus des sentes (recueil)\/L\u2019Heure des Larmes.,<a target=\"_blank\" rel=\"nofollow\" href=\"https:\/\/editionsbussiere.com\/blog\/goto\/https:\/\/fr.wikisource.org\/wiki\/L%E2%80%99Angelus_des_sentes_(recueil)\/L%E2%80%99Heure_des_Larmes\"  target=\"_blank\" rel=\"noopener noreferrer nofollow\">Ici.<\/a><span><\/span>. Suite sur le prochain article.<\/p>\n<p>Dictionnaire apolog\u00e9tique de la foi catholique\/Marie, M\u00e8re de Dieu (II. Patristique).,<a target=\"_blank\" rel=\"nofollow\" href=\"https:\/\/editionsbussiere.com\/blog\/goto\/https:\/\/fr.wikisource.org\/wiki\/Dictionnaire_apolog%C3%A9tique_de_la_foi_catholique\/Marie,_M%C3%A8re_de_Dieu_(II._Patristique)\"  target=\"_blank\" rel=\"noopener noreferrer nofollow\">A lire ici.<\/a><span><\/span><\/p>\n<\/div>\n<p><img decoding=\"async\" class=\"wpe_imgrss\" src=\"https:\/\/editionsbussiere.com\/blog\/wp-content\/uploads\/2024\/08\/Le-mariage-de-la-mer-une-expression-de-priere-E28093.jpg\">Cet article a \u00e9t\u00e9 reconstitu\u00e9 du mieux possible. Dans l\u2019hypoth\u00e8se o\u00f9 vous souhaitez apporter quelques modifications concernant le th\u00e8me \u00ab\u00a0Editions \u00e9sot\u00e9rique fond\u00e9e en 1927\u00a0\u00bb, il est possible de discuter avec notre r\u00e9daction. Vous pouvez tirer profit de cet article traitant le sujet \u00ab\u00a0Editions \u00e9sot\u00e9rique fond\u00e9e en 1927\u00a0\u00bb. Il est concoct\u00e9 par l\u2019\u00e9quipe editionsbussiere.com. Le site editionsbussiere.com est fait pour cr\u00e9er divers posts autour du th\u00e8me Editions \u00e9sot\u00e9rique fond\u00e9e en 1927 d\u00e9velopp\u00e9es sur internet. Consultez notre site internet editionsbussiere.com et nos r\u00e9seaux sociaux pour \u00eatre au courant des futures annonces.<\/p>\n","protected":false},"excerpt":{"rendered":"<p>L\u2019\u00e9v\u00eaque Dennis Sullivan jette une couronne de fleurs dans l\u2019oc\u00e9an Atlantique le 14 ao\u00fbt apr\u00e8s avoir c\u00e9l\u00e9br\u00e9 la veill\u00e9e de l\u2019Assomption de la Bienheureuse Vierge Marie \u00e0 l\u2019\u00e9glise Sainte-Anne de la paroisse Notre-Dame de la Mer. (Photo de John Kalitz) Une coutume qui a pris naissance \u00e0 la fin du premier mill\u00e9naire, en l\u2019an 1000 [&hellip;]<\/p>\n","protected":false},"author":3,"featured_media":1212,"comment_status":"closed","ping_status":"closed","sticky":false,"template":"","format":"standard","meta":{"footnotes":""},"categories":[3],"tags":[],"class_list":["post-1211","post","type-post","status-publish","format-standard","has-post-thumbnail","hentry","category-editions-esoterique-fondee-en-1927-depeches","entry","fw-tab-6 fw-tabr-4","has-featured-image"],"yoast_head":"<!-- This site is optimized with the Yoast SEO plugin v27.5 - https:\/\/yoast.com\/product\/yoast-seo-wordpress\/ -->\n<title>Le mariage de la mer, une expression de pri\u00e8re \u2013 Catholic Star Herald pour prier la Sainte Vierge . - EDITIONSBUSSIERE<\/title>\n<meta name=\"robots\" content=\"index, follow, max-snippet:-1, max-image-preview:large, max-video-preview:-1\" \/>\n<link rel=\"canonical\" href=\"https:\/\/editionsbussiere.com\/blog\/le-mariage-de-la-mer-une-expression-de-priere-catholic-star-herald-pour-prier-la-sainte-vierge\/\" \/>\n<meta property=\"og:locale\" content=\"fr_FR\" \/>\n<meta property=\"og:type\" content=\"article\" \/>\n<meta property=\"og:title\" content=\"Le mariage de la mer, une expression de pri\u00e8re \u2013 Catholic Star Herald pour prier la Sainte Vierge . - EDITIONSBUSSIERE\" \/>\n<meta property=\"og:description\" content=\"L\u2019\u00e9v\u00eaque Dennis Sullivan jette une couronne de fleurs dans l\u2019oc\u00e9an Atlantique le 14 ao\u00fbt apr\u00e8s avoir c\u00e9l\u00e9br\u00e9 la veill\u00e9e de l\u2019Assomption de la Bienheureuse Vierge Marie \u00e0 l\u2019\u00e9glise Sainte-Anne de la paroisse Notre-Dame de la Mer. (Photo de John Kalitz) Une coutume qui a pris naissance \u00e0 la fin du premier mill\u00e9naire, en l\u2019an 1000 [&hellip;]\" \/>\n<meta property=\"og:url\" content=\"https:\/\/editionsbussiere.com\/blog\/le-mariage-de-la-mer-une-expression-de-priere-catholic-star-herald-pour-prier-la-sainte-vierge\/\" \/>\n<meta property=\"og:site_name\" content=\"EDITIONSBUSSIERE\" \/>\n<meta property=\"article:published_time\" content=\"2024-08-22T19:34:40+00:00\" \/>\n<meta property=\"og:image\" content=\"https:\/\/editionsbussiere.com\/blog\/wp-content\/uploads\/2024\/08\/Le-mariage-de-la-mer-une-expression-de-priere-E28093.jpg\" \/>\n<meta name=\"author\" content=\"Marie BATICLE\" \/>\n<meta name=\"twitter:card\" content=\"summary_large_image\" \/>\n<meta name=\"twitter:label1\" content=\"\u00c9crit par\" \/>\n\t<meta name=\"twitter:data1\" content=\"Marie BATICLE\" \/>\n\t<meta name=\"twitter:label2\" content=\"Dur\u00e9e de lecture estim\u00e9e\" \/>\n\t<meta name=\"twitter:data2\" content=\"14 minutes\" \/>\n<script type=\"application\/ld+json\" class=\"yoast-schema-graph\">{\"@context\":\"https:\\\/\\\/schema.org\",\"@graph\":[{\"@type\":\"Article\",\"@id\":\"https:\\\/\\\/editionsbussiere.com\\\/blog\\\/le-mariage-de-la-mer-une-expression-de-priere-catholic-star-herald-pour-prier-la-sainte-vierge\\\/#article\",\"isPartOf\":{\"@id\":\"https:\\\/\\\/editionsbussiere.com\\\/blog\\\/le-mariage-de-la-mer-une-expression-de-priere-catholic-star-herald-pour-prier-la-sainte-vierge\\\/\"},\"author\":{\"name\":\"Marie BATICLE\",\"@id\":\"https:\\\/\\\/editionsbussiere.com\\\/blog\\\/#\\\/schema\\\/person\\\/ec90e102792148c97e46ab871010dd8f\"},\"headline\":\"Le mariage de la mer, une expression de pri\u00e8re \u2013 Catholic Star Herald pour prier la Sainte Vierge .\",\"datePublished\":\"2024-08-22T19:34:40+00:00\",\"mainEntityOfPage\":{\"@id\":\"https:\\\/\\\/editionsbussiere.com\\\/blog\\\/le-mariage-de-la-mer-une-expression-de-priere-catholic-star-herald-pour-prier-la-sainte-vierge\\\/\"},\"wordCount\":2861,\"publisher\":{\"@id\":\"https:\\\/\\\/editionsbussiere.com\\\/blog\\\/#organization\"},\"image\":{\"@id\":\"https:\\\/\\\/editionsbussiere.com\\\/blog\\\/le-mariage-de-la-mer-une-expression-de-priere-catholic-star-herald-pour-prier-la-sainte-vierge\\\/#primaryimage\"},\"thumbnailUrl\":\"https:\\\/\\\/editionsbussiere.com\\\/blog\\\/wp-content\\\/uploads\\\/2024\\\/08\\\/Le-mariage-de-la-mer-une-expression-de-priere-E28093.jpg\",\"articleSection\":[\"Editions \u00c9sot\u00e9rique Fond\u00e9e En 1927; D\u00e9p\u00e8ches:\"],\"inLanguage\":\"fr-FR\"},{\"@type\":\"WebPage\",\"@id\":\"https:\\\/\\\/editionsbussiere.com\\\/blog\\\/le-mariage-de-la-mer-une-expression-de-priere-catholic-star-herald-pour-prier-la-sainte-vierge\\\/\",\"url\":\"https:\\\/\\\/editionsbussiere.com\\\/blog\\\/le-mariage-de-la-mer-une-expression-de-priere-catholic-star-herald-pour-prier-la-sainte-vierge\\\/\",\"name\":\"Le mariage de la mer, une expression de pri\u00e8re \u2013 Catholic Star Herald pour prier la Sainte Vierge . - EDITIONSBUSSIERE\",\"isPartOf\":{\"@id\":\"https:\\\/\\\/editionsbussiere.com\\\/blog\\\/#website\"},\"primaryImageOfPage\":{\"@id\":\"https:\\\/\\\/editionsbussiere.com\\\/blog\\\/le-mariage-de-la-mer-une-expression-de-priere-catholic-star-herald-pour-prier-la-sainte-vierge\\\/#primaryimage\"},\"image\":{\"@id\":\"https:\\\/\\\/editionsbussiere.com\\\/blog\\\/le-mariage-de-la-mer-une-expression-de-priere-catholic-star-herald-pour-prier-la-sainte-vierge\\\/#primaryimage\"},\"thumbnailUrl\":\"https:\\\/\\\/editionsbussiere.com\\\/blog\\\/wp-content\\\/uploads\\\/2024\\\/08\\\/Le-mariage-de-la-mer-une-expression-de-priere-E28093.jpg\",\"datePublished\":\"2024-08-22T19:34:40+00:00\",\"breadcrumb\":{\"@id\":\"https:\\\/\\\/editionsbussiere.com\\\/blog\\\/le-mariage-de-la-mer-une-expression-de-priere-catholic-star-herald-pour-prier-la-sainte-vierge\\\/#breadcrumb\"},\"inLanguage\":\"fr-FR\",\"potentialAction\":[{\"@type\":\"ReadAction\",\"target\":[\"https:\\\/\\\/editionsbussiere.com\\\/blog\\\/le-mariage-de-la-mer-une-expression-de-priere-catholic-star-herald-pour-prier-la-sainte-vierge\\\/\"]}]},{\"@type\":\"ImageObject\",\"inLanguage\":\"fr-FR\",\"@id\":\"https:\\\/\\\/editionsbussiere.com\\\/blog\\\/le-mariage-de-la-mer-une-expression-de-priere-catholic-star-herald-pour-prier-la-sainte-vierge\\\/#primaryimage\",\"url\":\"https:\\\/\\\/editionsbussiere.com\\\/blog\\\/wp-content\\\/uploads\\\/2024\\\/08\\\/Le-mariage-de-la-mer-une-expression-de-priere-E28093.jpg\",\"contentUrl\":\"https:\\\/\\\/editionsbussiere.com\\\/blog\\\/wp-content\\\/uploads\\\/2024\\\/08\\\/Le-mariage-de-la-mer-une-expression-de-priere-E28093.jpg\",\"width\":600,\"height\":400,\"caption\":\"Le mariage de la mer une expression de priere E28093\"},{\"@type\":\"BreadcrumbList\",\"@id\":\"https:\\\/\\\/editionsbussiere.com\\\/blog\\\/le-mariage-de-la-mer-une-expression-de-priere-catholic-star-herald-pour-prier-la-sainte-vierge\\\/#breadcrumb\",\"itemListElement\":[{\"@type\":\"ListItem\",\"position\":1,\"name\":\"Accueil\",\"item\":\"https:\\\/\\\/editionsbussiere.com\\\/blog\\\/\"},{\"@type\":\"ListItem\",\"position\":2,\"name\":\"Le mariage de la mer, une expression de pri\u00e8re \u2013 Catholic Star Herald pour prier la Sainte Vierge .\"}]},{\"@type\":\"WebSite\",\"@id\":\"https:\\\/\\\/editionsbussiere.com\\\/blog\\\/#website\",\"url\":\"https:\\\/\\\/editionsbussiere.com\\\/blog\\\/\",\"name\":\"EDITIONSBUSSIERE\",\"description\":\"Editions \u00e9sot\u00e9rique fond\u00e9e en 1927; site historique, A SAVOIR ET RETENIR.\",\"publisher\":{\"@id\":\"https:\\\/\\\/editionsbussiere.com\\\/blog\\\/#organization\"},\"potentialAction\":[{\"@type\":\"SearchAction\",\"target\":{\"@type\":\"EntryPoint\",\"urlTemplate\":\"https:\\\/\\\/editionsbussiere.com\\\/blog\\\/?s={search_term_string}\"},\"query-input\":{\"@type\":\"PropertyValueSpecification\",\"valueRequired\":true,\"valueName\":\"search_term_string\"}}],\"inLanguage\":\"fr-FR\"},{\"@type\":\"Organization\",\"@id\":\"https:\\\/\\\/editionsbussiere.com\\\/blog\\\/#organization\",\"name\":\"editionsbussiere\",\"url\":\"https:\\\/\\\/editionsbussiere.com\\\/blog\\\/\",\"logo\":{\"@type\":\"ImageObject\",\"inLanguage\":\"fr-FR\",\"@id\":\"https:\\\/\\\/editionsbussiere.com\\\/blog\\\/#\\\/schema\\\/logo\\\/image\\\/\",\"url\":\"https:\\\/\\\/editionsbussiere.com\\\/blog\\\/wp-content\\\/uploads\\\/2023\\\/09\\\/cropped-buss.gif\",\"contentUrl\":\"https:\\\/\\\/editionsbussiere.com\\\/blog\\\/wp-content\\\/uploads\\\/2023\\\/09\\\/cropped-buss.gif\",\"width\":298,\"height\":120,\"caption\":\"editionsbussiere\"},\"image\":{\"@id\":\"https:\\\/\\\/editionsbussiere.com\\\/blog\\\/#\\\/schema\\\/logo\\\/image\\\/\"}},{\"@type\":\"Person\",\"@id\":\"https:\\\/\\\/editionsbussiere.com\\\/blog\\\/#\\\/schema\\\/person\\\/ec90e102792148c97e46ab871010dd8f\",\"name\":\"Marie BATICLE\",\"image\":{\"@type\":\"ImageObject\",\"inLanguage\":\"fr-FR\",\"@id\":\"https:\\\/\\\/secure.gravatar.com\\\/avatar\\\/c923e52403b1b8137e2d929127211d21967e6aecaa053bd43b09da29f212e76e?s=96&d=mm&r=g\",\"url\":\"https:\\\/\\\/secure.gravatar.com\\\/avatar\\\/c923e52403b1b8137e2d929127211d21967e6aecaa053bd43b09da29f212e76e?s=96&d=mm&r=g\",\"contentUrl\":\"https:\\\/\\\/secure.gravatar.com\\\/avatar\\\/c923e52403b1b8137e2d929127211d21967e6aecaa053bd43b09da29f212e76e?s=96&d=mm&r=g\",\"caption\":\"Marie BATICLE\"},\"url\":\"https:\\\/\\\/editionsbussiere.com\\\/blog\\\/author\\\/eremarie\\\/\"}]}<\/script>\n<!-- \/ Yoast SEO plugin. -->","yoast_head_json":{"title":"Le mariage de la mer, une expression de pri\u00e8re \u2013 Catholic Star Herald pour prier la Sainte Vierge . - EDITIONSBUSSIERE","robots":{"index":"index","follow":"follow","max-snippet":"max-snippet:-1","max-image-preview":"max-image-preview:large","max-video-preview":"max-video-preview:-1"},"canonical":"https:\/\/editionsbussiere.com\/blog\/le-mariage-de-la-mer-une-expression-de-priere-catholic-star-herald-pour-prier-la-sainte-vierge\/","og_locale":"fr_FR","og_type":"article","og_title":"Le mariage de la mer, une expression de pri\u00e8re \u2013 Catholic Star Herald pour prier la Sainte Vierge . - EDITIONSBUSSIERE","og_description":"L\u2019\u00e9v\u00eaque Dennis Sullivan jette une couronne de fleurs dans l\u2019oc\u00e9an Atlantique le 14 ao\u00fbt apr\u00e8s avoir c\u00e9l\u00e9br\u00e9 la veill\u00e9e de l\u2019Assomption de la Bienheureuse Vierge Marie \u00e0 l\u2019\u00e9glise Sainte-Anne de la paroisse Notre-Dame de la Mer. (Photo de John Kalitz) Une coutume qui a pris naissance \u00e0 la fin du premier mill\u00e9naire, en l\u2019an 1000 [&hellip;]","og_url":"https:\/\/editionsbussiere.com\/blog\/le-mariage-de-la-mer-une-expression-de-priere-catholic-star-herald-pour-prier-la-sainte-vierge\/","og_site_name":"EDITIONSBUSSIERE","article_published_time":"2024-08-22T19:34:40+00:00","og_image":[{"url":"https:\/\/editionsbussiere.com\/blog\/wp-content\/uploads\/2024\/08\/Le-mariage-de-la-mer-une-expression-de-priere-E28093.jpg","type":"","width":"","height":""}],"author":"Marie BATICLE","twitter_card":"summary_large_image","twitter_misc":{"\u00c9crit par":"Marie BATICLE","Dur\u00e9e de lecture estim\u00e9e":"14 minutes"},"schema":{"@context":"https:\/\/schema.org","@graph":[{"@type":"Article","@id":"https:\/\/editionsbussiere.com\/blog\/le-mariage-de-la-mer-une-expression-de-priere-catholic-star-herald-pour-prier-la-sainte-vierge\/#article","isPartOf":{"@id":"https:\/\/editionsbussiere.com\/blog\/le-mariage-de-la-mer-une-expression-de-priere-catholic-star-herald-pour-prier-la-sainte-vierge\/"},"author":{"name":"Marie BATICLE","@id":"https:\/\/editionsbussiere.com\/blog\/#\/schema\/person\/ec90e102792148c97e46ab871010dd8f"},"headline":"Le mariage de la mer, une expression de pri\u00e8re \u2013 Catholic Star Herald pour prier la Sainte Vierge .","datePublished":"2024-08-22T19:34:40+00:00","mainEntityOfPage":{"@id":"https:\/\/editionsbussiere.com\/blog\/le-mariage-de-la-mer-une-expression-de-priere-catholic-star-herald-pour-prier-la-sainte-vierge\/"},"wordCount":2861,"publisher":{"@id":"https:\/\/editionsbussiere.com\/blog\/#organization"},"image":{"@id":"https:\/\/editionsbussiere.com\/blog\/le-mariage-de-la-mer-une-expression-de-priere-catholic-star-herald-pour-prier-la-sainte-vierge\/#primaryimage"},"thumbnailUrl":"https:\/\/editionsbussiere.com\/blog\/wp-content\/uploads\/2024\/08\/Le-mariage-de-la-mer-une-expression-de-priere-E28093.jpg","articleSection":["Editions \u00c9sot\u00e9rique Fond\u00e9e En 1927; D\u00e9p\u00e8ches:"],"inLanguage":"fr-FR"},{"@type":"WebPage","@id":"https:\/\/editionsbussiere.com\/blog\/le-mariage-de-la-mer-une-expression-de-priere-catholic-star-herald-pour-prier-la-sainte-vierge\/","url":"https:\/\/editionsbussiere.com\/blog\/le-mariage-de-la-mer-une-expression-de-priere-catholic-star-herald-pour-prier-la-sainte-vierge\/","name":"Le mariage de la mer, une expression de pri\u00e8re \u2013 Catholic Star Herald pour prier la Sainte Vierge . - EDITIONSBUSSIERE","isPartOf":{"@id":"https:\/\/editionsbussiere.com\/blog\/#website"},"primaryImageOfPage":{"@id":"https:\/\/editionsbussiere.com\/blog\/le-mariage-de-la-mer-une-expression-de-priere-catholic-star-herald-pour-prier-la-sainte-vierge\/#primaryimage"},"image":{"@id":"https:\/\/editionsbussiere.com\/blog\/le-mariage-de-la-mer-une-expression-de-priere-catholic-star-herald-pour-prier-la-sainte-vierge\/#primaryimage"},"thumbnailUrl":"https:\/\/editionsbussiere.com\/blog\/wp-content\/uploads\/2024\/08\/Le-mariage-de-la-mer-une-expression-de-priere-E28093.jpg","datePublished":"2024-08-22T19:34:40+00:00","breadcrumb":{"@id":"https:\/\/editionsbussiere.com\/blog\/le-mariage-de-la-mer-une-expression-de-priere-catholic-star-herald-pour-prier-la-sainte-vierge\/#breadcrumb"},"inLanguage":"fr-FR","potentialAction":[{"@type":"ReadAction","target":["https:\/\/editionsbussiere.com\/blog\/le-mariage-de-la-mer-une-expression-de-priere-catholic-star-herald-pour-prier-la-sainte-vierge\/"]}]},{"@type":"ImageObject","inLanguage":"fr-FR","@id":"https:\/\/editionsbussiere.com\/blog\/le-mariage-de-la-mer-une-expression-de-priere-catholic-star-herald-pour-prier-la-sainte-vierge\/#primaryimage","url":"https:\/\/editionsbussiere.com\/blog\/wp-content\/uploads\/2024\/08\/Le-mariage-de-la-mer-une-expression-de-priere-E28093.jpg","contentUrl":"https:\/\/editionsbussiere.com\/blog\/wp-content\/uploads\/2024\/08\/Le-mariage-de-la-mer-une-expression-de-priere-E28093.jpg","width":600,"height":400,"caption":"Le mariage de la mer une expression de priere E28093"},{"@type":"BreadcrumbList","@id":"https:\/\/editionsbussiere.com\/blog\/le-mariage-de-la-mer-une-expression-de-priere-catholic-star-herald-pour-prier-la-sainte-vierge\/#breadcrumb","itemListElement":[{"@type":"ListItem","position":1,"name":"Accueil","item":"https:\/\/editionsbussiere.com\/blog\/"},{"@type":"ListItem","position":2,"name":"Le mariage de la mer, une expression de pri\u00e8re \u2013 Catholic Star Herald pour prier la Sainte Vierge ."}]},{"@type":"WebSite","@id":"https:\/\/editionsbussiere.com\/blog\/#website","url":"https:\/\/editionsbussiere.com\/blog\/","name":"EDITIONSBUSSIERE","description":"Editions \u00e9sot\u00e9rique fond\u00e9e en 1927; site historique, A SAVOIR ET RETENIR.","publisher":{"@id":"https:\/\/editionsbussiere.com\/blog\/#organization"},"potentialAction":[{"@type":"SearchAction","target":{"@type":"EntryPoint","urlTemplate":"https:\/\/editionsbussiere.com\/blog\/?s={search_term_string}"},"query-input":{"@type":"PropertyValueSpecification","valueRequired":true,"valueName":"search_term_string"}}],"inLanguage":"fr-FR"},{"@type":"Organization","@id":"https:\/\/editionsbussiere.com\/blog\/#organization","name":"editionsbussiere","url":"https:\/\/editionsbussiere.com\/blog\/","logo":{"@type":"ImageObject","inLanguage":"fr-FR","@id":"https:\/\/editionsbussiere.com\/blog\/#\/schema\/logo\/image\/","url":"https:\/\/editionsbussiere.com\/blog\/wp-content\/uploads\/2023\/09\/cropped-buss.gif","contentUrl":"https:\/\/editionsbussiere.com\/blog\/wp-content\/uploads\/2023\/09\/cropped-buss.gif","width":298,"height":120,"caption":"editionsbussiere"},"image":{"@id":"https:\/\/editionsbussiere.com\/blog\/#\/schema\/logo\/image\/"}},{"@type":"Person","@id":"https:\/\/editionsbussiere.com\/blog\/#\/schema\/person\/ec90e102792148c97e46ab871010dd8f","name":"Marie BATICLE","image":{"@type":"ImageObject","inLanguage":"fr-FR","@id":"https:\/\/secure.gravatar.com\/avatar\/c923e52403b1b8137e2d929127211d21967e6aecaa053bd43b09da29f212e76e?s=96&d=mm&r=g","url":"https:\/\/secure.gravatar.com\/avatar\/c923e52403b1b8137e2d929127211d21967e6aecaa053bd43b09da29f212e76e?s=96&d=mm&r=g","contentUrl":"https:\/\/secure.gravatar.com\/avatar\/c923e52403b1b8137e2d929127211d21967e6aecaa053bd43b09da29f212e76e?s=96&d=mm&r=g","caption":"Marie BATICLE"},"url":"https:\/\/editionsbussiere.com\/blog\/author\/eremarie\/"}]}},"_links":{"self":[{"href":"https:\/\/editionsbussiere.com\/blog\/wp-json\/wp\/v2\/posts\/1211","targetHints":{"allow":["GET"]}}],"collection":[{"href":"https:\/\/editionsbussiere.com\/blog\/wp-json\/wp\/v2\/posts"}],"about":[{"href":"https:\/\/editionsbussiere.com\/blog\/wp-json\/wp\/v2\/types\/post"}],"author":[{"embeddable":true,"href":"https:\/\/editionsbussiere.com\/blog\/wp-json\/wp\/v2\/users\/3"}],"replies":[{"embeddable":true,"href":"https:\/\/editionsbussiere.com\/blog\/wp-json\/wp\/v2\/comments?post=1211"}],"version-history":[{"count":0,"href":"https:\/\/editionsbussiere.com\/blog\/wp-json\/wp\/v2\/posts\/1211\/revisions"}],"wp:featuredmedia":[{"embeddable":true,"href":"https:\/\/editionsbussiere.com\/blog\/wp-json\/wp\/v2\/media\/1212"}],"wp:attachment":[{"href":"https:\/\/editionsbussiere.com\/blog\/wp-json\/wp\/v2\/media?parent=1211"}],"wp:term":[{"taxonomy":"category","embeddable":true,"href":"https:\/\/editionsbussiere.com\/blog\/wp-json\/wp\/v2\/categories?post=1211"},{"taxonomy":"post_tag","embeddable":true,"href":"https:\/\/editionsbussiere.com\/blog\/wp-json\/wp\/v2\/tags?post=1211"}],"curies":[{"name":"wp","href":"https:\/\/api.w.org\/{rel}","templated":true}]}}