{"id":1208,"date":"2024-08-22T15:58:46","date_gmt":"2024-08-22T13:58:46","guid":{"rendered":"https:\/\/editionsbussiere.com\/blog\/la-royaute-de-la-sainte-vierge-marie-avec-une-priere-au-petit-jour\/"},"modified":"2024-08-22T15:58:46","modified_gmt":"2024-08-22T13:58:46","slug":"la-royaute-de-la-sainte-vierge-marie-avec-une-priere-au-petit-jour","status":"publish","type":"post","link":"https:\/\/editionsbussiere.com\/blog\/la-royaute-de-la-sainte-vierge-marie-avec-une-priere-au-petit-jour\/","title":{"rendered":"La royaut\u00e9 de la Sainte Vierge Marie\n avec une pri\u00e8re au petit jour."},"content":{"rendered":"<div><img width=\"580\" height=\"663\" src=\"https:\/\/editionsbussiere.com\/blog\/wp-content\/uploads\/2024\/08\/La-royaute-de-la-Sainte-Vierge-Marie-avec-une-priere-896x1024-1.jpg\" class=\"attachment-large size-large wp-post-image\" alt=\"La royaut\u00e9 de la Sainte Vierge Marie avec une pri\u00e8re\" style=\"float:left; margin:0 15px 15px 0;\" decoding=\"async\" srcset=\"https:\/\/editionsbussiere.com\/blog\/wp-content\/uploads\/2024\/08\/La-royaute-de-la-Sainte-Vierge-Marie-avec-une-priere-896x1024-1.jpg 896w, https:\/\/www.n42.fr\/wp-content\/uploads\/2024\/08\/La-royaute-de-la-Sainte-Vierge-Marie-avec-une-priere-263x300.jpg 263w, https:\/\/www.n42.fr\/wp-content\/uploads\/2024\/08\/La-royaute-de-la-Sainte-Vierge-Marie-avec-une-priere-768x878.jpg 768w, https:\/\/www.n42.fr\/wp-content\/uploads\/2024\/08\/La-royaute-de-la-Sainte-Vierge-Marie-avec-une-priere.jpg 945w\" sizes=\"(max-width: 580px) 100vw, 580px\"><\/p>\n<p>\n<\/p>\n<div id=\"post-79431\" itemscope=\"\" itemtype=\"http:\/\/schema.org\/Article\">\n<p>\n\t\t\t\t\t<meta itemprop=\"datePublished\" content=\"2024-08-22\"><br \/>\n\t\t\t\t\t<meta itemprop=\"dateModified\" content=\"2024-07-31\"><br \/>\n\t\t\t\t\t<span class=\"post_date\" title=\"2024-08-22\">22 ao\u00fbt 2024<\/span><\/p>\n<p><img decoding=\"async\" src=\"https:\/\/editionsbussiere.com\/blog\/wp-content\/uploads\/2024\/08\/mateus-campos-felipe-Gip-xuh4PlY-unsplash-e1629095881873-287x328-1.jpg\" width=\"287\" height=\"328\" class=\"alignright wp-post-image\" alt=\"La royaut\u00e9 de la Sainte Vierge Marie\" loading=\"lazy\" srcset=\"https:\/\/editionsbussiere.com\/blog\/wp-content\/uploads\/2024\/08\/mateus-campos-felipe-Gip-xuh4PlY-unsplash-e1629095881873-287x328-1.jpg 287w, https:\/\/catholicexchange.com\/wp-content\/uploads\/2021\/08\/mateus-campos-felipe-Gip-xuh4PlY-unsplash-e1629095881873-896x1024.jpg 896w, https:\/\/catholicexchange.com\/wp-content\/uploads\/2021\/08\/mateus-campos-felipe-Gip-xuh4PlY-unsplash-e1629095881873-768x878.jpg 768w, https:\/\/catholicexchange.com\/wp-content\/uploads\/2021\/08\/mateus-campos-felipe-Gip-xuh4PlY-unsplash-e1629095881873.jpg 945w\" sizes=\"auto, (max-width: 287px) 100vw, 287px\"><img decoding=\"async\" width=\"287\" height=\"328\" src=\"https:\/\/editionsbussiere.com\/blog\/wp-content\/uploads\/2024\/08\/mateus-campos-felipe-Gip-xuh4PlY-unsplash-e1629095881873-287x328-1.jpg\" class=\"alignright wp-post-image\" alt=\"La royaut\u00e9 de la Sainte Vierge Marie\" loading=\"lazy\" srcset=\"https:\/\/editionsbussiere.com\/blog\/wp-content\/uploads\/2024\/08\/mateus-campos-felipe-Gip-xuh4PlY-unsplash-e1629095881873-287x328-1.jpg 287w, https:\/\/catholicexchange.com\/wp-content\/uploads\/2021\/08\/mateus-campos-felipe-Gip-xuh4PlY-unsplash-e1629095881873-896x1024.jpg 896w, https:\/\/catholicexchange.com\/wp-content\/uploads\/2021\/08\/mateus-campos-felipe-Gip-xuh4PlY-unsplash-e1629095881873-768x878.jpg 768w, https:\/\/catholicexchange.com\/wp-content\/uploads\/2021\/08\/mateus-campos-felipe-Gip-xuh4PlY-unsplash-e1629095881873.jpg 945w\" sizes=\"auto, (max-width: 287px) 100vw, 287px\"><\/p>\n<div class=\"post_content\">\n<p>La f\u00eate de la Reine de la Bienheureuse Vierge Marie, c\u00e9l\u00e9br\u00e9e le 22 ao\u00fbt, honore Marie en tant que Reine du Ciel et de la Terre. Cette f\u00eate souligne le r\u00f4le exalt\u00e9 de Marie dans l\u2019histoire du salut et son intercession continue pour l\u2019\u00c9glise et l\u2019humanit\u00e9.<\/p>\n<p>Le titre de \u00ab Reine \u00bb trouve ses racines dans l\u2019Ancien et le Nouveau Testament. Dans l\u2019Ancien Testament, la reine m\u00e8re occupait une position honorifique et influente \u00e0 la cour royale, et Marie est reconnue comme la m\u00e8re du Roi des rois, J\u00e9sus-Christ. Dans le Nouveau Testament, le r\u00f4le de Marie est mis en \u00e9vidence par son fiat (son oui) au plan de Dieu, son r\u00f4le dans l\u2019Incarnation et sa pr\u00e9sence tout au long de la vie et du minist\u00e8re de J\u00e9sus.<\/p>\n<p>Le dogme de la royaut\u00e9 de Marie a \u00e9t\u00e9 formellement \u00e9tabli par le pape Pie XII en 1954, dans l\u2019encyclique <em>Ad Caeli Reginam<\/em>L\u2019\u00c9glise honore Marie comme Reine non seulement pour sa maternit\u00e9 divine, mais aussi pour sa participation unique \u00e0 l\u2019\u0153uvre du salut, ses vertus et son \u00e9troite association avec la mission r\u00e9demptrice du Christ.<\/p>\n<p>La royaut\u00e9 de Marie se caract\u00e9rise par son humilit\u00e9 et son sens du service. Elle r\u00e8gne non pas avec un pouvoir terrestre mais avec une sollicitude maternelle qui guide et interc\u00e8de pour les fid\u00e8les. Cette f\u00eate encourage les fid\u00e8les \u00e0 consid\u00e9rer Marie comme un mod\u00e8le de vertu et \u00e0 rechercher son intercession dans leur vie quotidienne.<\/p>\n<p><strong>Cours pratiques :<\/strong><\/p>\n<ul>\n<li><strong>Le\u00e7on 1 : Humilit\u00e9 et service :<\/strong> La royaut\u00e9 de Marie se d\u00e9finit par son humilit\u00e9 et son service plut\u00f4t que par son pouvoir terrestre. Son exemple nous encourage \u00e0 faire preuve d\u2019humilit\u00e9 et \u00e0 servir les autres de mani\u00e8re d\u00e9sint\u00e9ress\u00e9e, refl\u00e9tant l\u2019amour et la compassion du Christ dans nos actions.<\/li>\n<li><strong>Le\u00e7on 2 : Ayez confiance dans le plan de Dieu :<\/strong> La r\u00e9ponse de Marie \u00e0 l\u2019appel de Dieu, malgr\u00e9 les difficult\u00e9s auxquelles elle a \u00e9t\u00e9 confront\u00e9e, nous enseigne l\u2019importance de faire confiance au projet de Dieu sur nos vies. Son exemple nous encourage \u00e0 soumettre nos propres projets \u00e0 la volont\u00e9 de Dieu et \u00e0 rester fid\u00e8les dans notre cheminement, m\u00eame lorsque cela exige sacrifice ou confiance.<\/li>\n<\/ul>\n<p><strong>Pri\u00e8re \u00e0 la Reine du Ciel :<\/strong><\/p>\n<p>\u00d4 Reine du Ciel, tr\u00e8s sainte Marie, nous t\u2019honorons comme notre M\u00e8re et notre Reine, qui interc\u00e8de pour nous aupr\u00e8s du Seigneur. Aide-nous \u00e0 suivre ton exemple d\u2019humilit\u00e9 et de fid\u00e9lit\u00e9. Guide-nous dans notre vie quotidienne, afin que nous puissions vivre selon la volont\u00e9 de Dieu et refl\u00e9ter ton amour et ta compassion. Par ton intercession, puissions-nous grandir en saintet\u00e9 et demeurer in\u00e9branlables dans notre foi. Par le Christ notre Seigneur. Amen.<\/p>\n<p><strong>Autres saints dont nous nous souvenons aujourd\u2019hui<\/strong><\/p>\n<ul>\n<li><em>F\u00eate du C\u0153ur Immacul\u00e9 de Marie<\/em><\/li>\n<li><em>Saints Timoth\u00e9e, Hippolyte et Symphorien<\/em> (3e si\u00e8cle), Martyrs<\/li>\n<\/ul>\n<p>\u2720<\/p>\n<p><em>Photo de Mateus Campos Felipe sur Unsplash<\/em><\/p>\n<\/div>\n<\/div>\n<p><script>(function(d, s, id) \n  var js, fjs = d.getElementsByTagName(s)[0];\n  if (d.getElementById(id)) return;\n  js = d.createElement(s); js.id = id;\n  js.src = \"\/\/connect.facebook.net\/en_US\/sdk.js#xfbml=1&version=v2.10&appId=123517014997301\";\n  fjs.parentNode.insertBefore(js, fjs);\n(document, 'script', 'facebook-jssdk'));<\/script><script>(function(d, s, id) \n  var js, fjs = d.getElementsByTagName(s)[0];\n  if (d.getElementById(id)) return;\n  js = d.createElement(s); js.id = id;\n  js.src = \"\/\/connect.facebook.net\/en_US\/sdk.js#xfbml=1&version=v2.10&appId=123517014997301\";\n  fjs.parentNode.insertBefore(js, fjs);\n(document, 'script', 'facebook-jssdk'));<\/script><\/p>\n<h2> \u00c9lever nos propres pri\u00e8res pour nos proches au Seigneur au lever du jour.<\/h2>\n<p>La derni\u00e8re partie de la pri\u00e8re du matin consiste \u00e0 prier pour nos proches \u00eatres chers, nos famille, nos amis et notre communaut\u00e9. Nous pouvons prier pour leur, leur sant\u00e9, leur protection, et leur r\u00e9ussite. Nous pouvons \u00e9galement prier pour ceux qui nous ont nui et pour ces personnes qui nous ont bless\u00e9s, et demander \u00e0 Dieu de nous aider \u00e0 leur propre pardonner et \u00e0 leur t\u00e9moigner de la compassion.<\/p>\n<h3> Invoquer pour la sant\u00e9 et la s\u00fbret\u00e9 de nos \u00eatres chers.<\/h3>\n<p>\u00d4 Seigneur, nous te confions nos familles, nos propres familles avec nos compagnons. Veille, cher Dieu, au-dessus de eux, avec prot\u00e8ge -les de tout risque et de toute maladie. Accorde, Dieu mis\u00e9ricordieux, une sant\u00e9 du corps et de l\u2019esprit \u00e0 eux, et aussi la paix au sein de leur c\u0153ur. Puisses-tu permettre ta guidance puissante les prot\u00e8ge ainsi que les dirige chacun au long de cette journ\u00e9e, pour qu\u2019ils jouissent dans une s\u00e9curit\u00e9 ainsi que la s\u00e9r\u00e9nit\u00e9.<\/p>\n<p>Nous \u00e0 toi prions \u00e9galement pour nos propres enfants, Seigneur, qu\u2019ils grandissent dans leur foi ainsi que dans l\u2019amour de ton saint nom. Donne, \u00f4 Dieu, une sagesse et le courage n\u00e9cessaires pour faire face \u00e0 les obstacles de la vie, et dirige leurs pas le long de le chemin de la v\u00e9rit\u00e9 et de la justice.<\/p>\n<p>Enfin, nous autres te prions \u00e0 nos amis et aussi nos voisins, Seigneur, pour qu\u2019ils connaissent la joie de ton amour ainsi que la tranquillit\u00e9 de ton pardon. Donne-leur, \u00d4 Dieu, de c\u0153urs g\u00e9n\u00e9reux pour partager avec ceux que dans le besoin, et aussi mains largement ouvertes afin de accueillir ceux qui seuls et aussi abandonn\u00e9s.<\/p>\n<h3> Prier pour notre ennemis et aussi ceux que nous-m\u00eames ont offens\u00e9s. <\/h3>\n<p>Seigneur, J\u00e9sus, nous t\u2019 prions pour les n\u00f4tres ennemis et pour ces que nous ont offens\u00e9s. Accorde-leur, \u00f4 J\u00e9sus, votre mis\u00e9ricorde ainsi que votre pardon, et ouvre leur c\u0153ur \u00e0 la lumi\u00e8re des ta v\u00e9rit\u00e9. Aide-nous, Seigneur, \u00e0 leur montrer de la compassion et \u00e0 leur pardonner comme tu nous as pardonn\u00e9. Que ta paix r\u00e8gne dans notre c\u0153urs et que votre amour guide nos actions, pour que nous puissions vivre en harmonie avec tous ceux qui nous entourent.<\/p>\n<h3> Comprendre la pri\u00e8re : <\/h3>\n<p>Finalement, la oraison nous reconna\u00eet notre mission tel que enfant de Dieu : se trouver des t\u00e9moin de sa lumi\u00e8re et de son attachement dans une \u00e9poque touch\u00e9e aux obscurit\u00e9s. \u00c0 travers nos paroles et notre \u0153uvres, nous diffusons le message de l\u2019 tranquillit\u00e9 et de la conciliation, apportant l\u2019esp\u00e9rance et la cicatrisation \u00e0 un environnement bris\u00e9.<\/p>\n<p>\u00c0 l\u2019int\u00e9rieur de la foi chr\u00e9tienne, le matin rev\u00eat l\u2019 importance distincte, symbolisant le renouvellement et l\u2019 reconstruction spirituelle. C\u2019est au lever du jour de chaque matin\u00e9e que l\u2019\u00e2me se tourne vers Dieu dans la pri\u00e8re, s\u2019effor\u00e7ant \u00e0 devenir \u00e9clair\u00e9e par la clart\u00e9 surnaturelle. L\u2019habitude des pri\u00e8res matinales se r\u00e9v\u00e8le essentiellement enracin\u00e9e dans la tradition chr\u00e9tienne, proposant un instant particulier pour \u00e9tablir une connexion avec l\u2019\u00c9ternel et se pr\u00e9parer int\u00e9rieurement aux \u00e9preuves de la journ\u00e9e qui s\u2019annonce.<\/p>\n<p>En au c\u0153ur de ces pri\u00e8re matinales s\u2019 rep\u00e8re habituellement une d\u00e9votion sp\u00e9ciale \u00e0 l\u2019\u00e9gard de Marie, la m\u00e8re de J\u00e9sus et aussi figure sainte v\u00e9n\u00e9r\u00e9e aupr\u00e8s de de nombreux fid\u00e8les. En qualit\u00e9 m\u00e8re interm\u00e9diaire au milieu de les hommes et Dieu, Marie est invoqu\u00e9e pour intervenir en notre nom, nous conduisant sur le chemin de la saintet\u00e9 ainsi que de la gr\u00e2ce divine. Sa pr\u00e9sence maternelle offre apaisement et s\u00e9curit\u00e9, cercant nos propres oraisons matinales avec une d\u00e9licatesse c\u00e9leste.<\/p>\n<p>Au par les pri\u00e8res du matin, on se trouve convives \u00e0 nous rallier vers Marie dans une d\u00e9marche pour b\u00e9atification individuelle. Dans m\u00e9ditant sur la vie et les vertus, on recherchons \u00e0 imiter son humilit\u00e9, sa puret\u00e9 et son ob\u00e9issance \u00e0 la volont\u00e9 du Dieu. \u00c0 travers sa saintet\u00e9 exemplaire, Marie se transforme en pour nous un mod\u00e8le pour vie chr\u00e9tienne, on rappelant l\u2019importance de la pri\u00e8re et du contemplation au sein de notre cheminement spirituel.<\/p>\n<p>Joignons nos c\u0153urs dans la pri\u00e8re matinale, dans notre foi, en nous tournant vers Marie, la m\u00e8re de J\u00e9sus. Dans notre monde tourment\u00e9 par la guerre et la division, recourons \u00e0 la pri\u00e8re pour trouver pour retrouver la paix et la r\u00e9conciliation. On peut exprimer des v\u0153ux pour Marie <a target=\"_blank\" rel=\"nofollow\" href=\"https:\/\/editionsbussiere.com\/blog\/goto\/https:\/\/www.avemariasound.org\/\" >gr\u00e2ce \u00e0 notre site.<\/a> Que nos supplications montent vers le ciel, comme un hommage re\u00e7u avec faveur \u00e0 Dieu, afin qu\u2019il guide \u00e9clairer nos pas sur le chemin de la justice et de la v\u00e9rit\u00e9. Saint Paul nous exhorte dans ses lettres \u00e0 prier sans cesse, quelle que soit la situation, pour que notre communion avec Dieu soit constante et ardente. La pri\u00e8re, quand elle est sinc\u00e8rement offerte, poss\u00e8de la capacit\u00e9 pour transformer les c\u0153urs et d\u2019influer le cours de l\u2019histoire.<\/p>\n<p>La r\u00e9citation du matin est ainsi un moment favoris\u00e9 pour se consacrer vers Dieu avec l\u2019intercession de Marie, en offrant nos acclamations, nos actions de gr\u00e2ce et nos intentions les plus profondes. Dans l\u2019 qui\u00e9tude de l\u2019aurore, nous sommes invit\u00e9s \u00e0 tourner vers la m\u00e8re divine, laquelle on guide avec tendresse au sujet de du chemin de la foi ainsi que du sentiment amoureux divin. \u00c0 travers unissant nos voix \u00e0 cette derni\u00e8re de Marie, on augmentons nos pri\u00e8res matinales envers le tr\u00f4ne de la gr\u00e2ce, assur\u00e9s que nos supplications seront entendues ainsi que accueillies par du c\u0153ur mis\u00e9ricordieux de Dieu.<\/p>\n<h2> Pri\u00e8re pour le matin avec dieu et la Vierge Marie<\/h2>\n<p>Dieu tout-puissant et plein de mis\u00e9ricorde, en ce jour qui se l\u00e8ve sous la clart\u00e9 de ta lumi\u00e8re c\u00e9leste, je viens \u00e0 Toi avec confiance et humilit\u00e9. Que cette jour qui commence soit consacr\u00e9e \u00e0 ta gloire sainte, que chaque battement de mon c\u0153ur |chaque regard de mes yeux|chacune de mes paroles|chacun de mes gestes} te soit offert en sacrifice. Que chaque souffle qui anime mon corps soit un souffle d\u2019adoration |un souffle vers toi|un souffle de vie en toi}. Priez, suppliez, suppliez, priez, que nos esprits s\u2019\u00e9l\u00e8vent.<\/p>\n<p>Comme Marie, la m\u00e8re sainte qui a port\u00e9 en son sein l\u2019enfant J\u00e9sus, accompagne-moi dans ce parcours de foi et de d\u00e9votion. Que je puisse, par le biais de les pages de l\u2019\u00c9vangile, d\u00e9couvrir la lumi\u00e8re pour \u00e9clairer mes pas et fortifier ma foi. Comme Pierre, accorde-moi la puissance et la bravoure d\u2019affronter les temp\u00eates de la vie avec une foi in\u00e9branlable en ta divine providence.<\/p>\n<p>Durant ce temps de Car\u00eame, o\u00f9 les chr\u00e9tiens et les croyantes se pr\u00e9parent \u00e0 c\u00e9l\u00e9brer la r\u00e9surrection de J\u00e9sus-Christ, accorde-moi, Seigneur, la gr\u00e2ce du r\u00e9veil spirituel. Que mon \u00e2me soit purifi\u00e9 de tout ce qui le souille, afin qu\u2019il devienne un sanctuaire pour ta divinit\u00e9. Que mes suppliques, suivant l\u2019exemple de Fran\u00e7ois d\u2019Assise, sonne tel un hymne de louange \u00e0 travers les si\u00e8cles.<br \/>\nSeigneur, que chaque jour soit impr\u00e9gn\u00e9 de ton amour, que chacun des instants soit une occasion de te rencontrer et de te servir dans mes semblables. Que mon existence soit un t\u00e9moignage vivant de ta mis\u00e9ricorde sans limite envers l\u2019humanit\u00e9. Puissent les pri\u00e8res de Hozana monter vers toi comme un doux parfum, enveloppant chacune de mes journ\u00e9es dans une atmosph\u00e8re de s\u00e9r\u00e9nit\u00e9. Priez, \u00c9glise, Fran\u00e7ois, Hozana.<\/p>\n<p>Puissent mon c\u0153ur, Seigneur, devienne un reflet du tien, rempli d\u2019amour, de compassion et de mis\u00e9ricorde envers autrui. Que toutes mes pens\u00e9es et mes actions soient conduites par ton Esprit saint, afin que je puisse contribuer \u00e0 l\u2019av\u00e8nement de ta justice sur ce monde.<\/p>\n<p>Que cette journ\u00e9e soit une nouvelle \u00e9tape dans mon cheminement spirituel, un moment de grandir dans la foi. Seigneur, envahis mon c\u0153ur, transforme-le en ton sanctuaire, o\u00f9 ta pr\u00e9sence se manifeste constamment. Que chacun de mes battements de c\u0153ur devienne un chant \u00e0 ta louange, Seigneur, pour toujours. Amen.<\/p>\n<p>Au sein de le r\u00e9veil religieux de chaque \u00e2me chr\u00e9tienne, la supplication a un r\u00f4le. Celle-ci constitue le lien \u00e9troite entre l\u2019enfant de Dieu et sa m\u00e8re c\u00e9leste, Marie, la sainte prie pour le compte de nous en face de son sacr\u00e9 Fils. En utilisant la pri\u00e8re, nous p\u00e9n\u00e9trons au c\u0153ur de la lumi\u00e8re de la doctrine divine, dirig\u00e9s avec le Saint-Esprit, pour d\u00e9celer la v\u00e9rit\u00e9 et la b\u00e9n\u00e9diction que J\u00e9sus nous accorde.<\/p>\n<h2>M\u00e9ditation sur la Parole divine : <\/h2>\n<p>Nous pouvons ruminer en ce qui concerne une portion de la Bible lequel nous enseigne de la tendresse du Seigneur. Par exemple :<\/p>\n<h3>1 Corinthiens 13, 1-8 : <\/h3>\n<p>\u00ab\u00a0Quand je parlerais les langues des hommes et des anges, si je n\u2019ai pas l\u2019amour, je suis un airain qui r\u00e9sonne ou une cymbale qui retentit. Et quand j\u2019aurais le don de proph\u00e9tie, la science de tous les myst\u00e8res et toute la connaissance, quand j\u2019aurais m\u00eame toute la foi jusqu\u2019\u00e0 transporter des montagnes, si je n\u2019ai pas l\u2019amour, je ne suis rien. .\u00a0\u00bb<\/p>\n<p>Ouvrages sur le m\u00eame objet:<\/p>\n<p>Symbole de Constantinople (\u00e9d. Guyot).,<a target=\"_blank\" rel=\"nofollow\" href=\"https:\/\/editionsbussiere.com\/blog\/goto\/https:\/\/fr.wikisource.org\/wiki\/Symbole_de_Constantinople_(%C3%A9d._Guyot)\"  target=\"_blank\" rel=\"noopener noreferrer nofollow\">Le post d\u2019actualit\u00e9.<\/a><span><\/span><\/p>\n<p>Les vies des plus excellents peintres, sculpteurs, et architectes\/Filippo LIPPI.,<a target=\"_blank\" rel=\"nofollow\" href=\"https:\/\/editionsbussiere.com\/blog\/goto\/https:\/\/fr.wikisource.org\/wiki\/Les_vies_des_plus_excellents_peintres,_sculpteurs,_et_architectes\/Filippo_LIPPI\"  target=\"_blank\" rel=\"noopener noreferrer nofollow\">Le post d\u2019actualit\u00e9.<\/a><span><\/span>. Suite sur le prochain article.<\/p>\n<p>Les Petits po\u00e8mes grecs\/Orph\u00e9e\/Hymnes.,<a target=\"_blank\" rel=\"nofollow\" href=\"https:\/\/editionsbussiere.com\/blog\/goto\/https:\/\/fr.wikisource.org\/wiki\/Les_Petits_po%C3%A8mes_grecs\/Orph%C3%A9e\/Hymnes\"  target=\"_blank\" rel=\"noopener noreferrer nofollow\">L\u2019article de presse.<\/a><span><\/span>. Suite sur le prochain article.<\/p>\n<p>Le Rossignol aveugle (Desbordes-Valmore).,<a target=\"_blank\" rel=\"nofollow\" href=\"https:\/\/editionsbussiere.com\/blog\/goto\/https:\/\/fr.wikisource.org\/wiki\/Le_Rossignol_aveugle_(Desbordes-Valmore)\"  target=\"_blank\" rel=\"noopener noreferrer nofollow\">L\u2019article ICI.<\/a><span><\/span><\/p>\n<p>Histoires des solitaires \u00c9gyptiens\/Histoires 63 \u2013 132.,<a target=\"_blank\" rel=\"nofollow\" href=\"https:\/\/editionsbussiere.com\/blog\/goto\/https:\/\/fr.wikisource.org\/wiki\/Histoires_des_solitaires_%C3%89gyptiens\/Histoires_63_-_132\"  target=\"_blank\" rel=\"noopener noreferrer nofollow\">Le dossier.<\/a><span><\/span><\/p>\n<p>Brumes de fjords\/L\u00e9gende du saule.,<a target=\"_blank\" rel=\"nofollow\" href=\"https:\/\/editionsbussiere.com\/blog\/goto\/https:\/\/fr.wikisource.org\/wiki\/Brumes_de_fjords\/L%C3%A9gende_du_saule\"  target=\"_blank\" rel=\"noopener noreferrer nofollow\">Le dossier.<\/a><span><\/span><\/p>\n<\/div>\n<p><img decoding=\"async\" class=\"wpe_imgrss\" src=\"https:\/\/editionsbussiere.com\/blog\/wp-content\/uploads\/2024\/08\/La-royaute-de-la-Sainte-Vierge-Marie-avec-une-priere-896x1024-1.jpg\">Cet article a \u00e9t\u00e9 reconstitu\u00e9 du mieux possible. Dans l\u2019hypoth\u00e8se o\u00f9 vous souhaitez apporter quelques modifications concernant le th\u00e8me \u00ab\u00a0Editions \u00e9sot\u00e9rique fond\u00e9e en 1927\u00a0\u00bb, il est possible de discuter avec notre r\u00e9daction. Vous pouvez tirer profit de cet article traitant le sujet \u00ab\u00a0Editions \u00e9sot\u00e9rique fond\u00e9e en 1927\u00a0\u00bb. Il est concoct\u00e9 par l\u2019\u00e9quipe editionsbussiere.com. Le site editionsbussiere.com est fait pour cr\u00e9er divers posts autour du th\u00e8me Editions \u00e9sot\u00e9rique fond\u00e9e en 1927 d\u00e9velopp\u00e9es sur internet. Consultez notre site internet editionsbussiere.com et nos r\u00e9seaux sociaux pour \u00eatre au courant des futures annonces.<\/p>\n","protected":false},"excerpt":{"rendered":"<p>22 ao\u00fbt 2024 La f\u00eate de la Reine de la Bienheureuse Vierge Marie, c\u00e9l\u00e9br\u00e9e le 22 ao\u00fbt, honore Marie en tant que Reine du Ciel et de la Terre. Cette f\u00eate souligne le r\u00f4le exalt\u00e9 de Marie dans l\u2019histoire du salut et son intercession continue pour l\u2019\u00c9glise et l\u2019humanit\u00e9. Le titre de \u00ab Reine \u00bb [&hellip;]<\/p>\n","protected":false},"author":3,"featured_media":1209,"comment_status":"closed","ping_status":"closed","sticky":false,"template":"","format":"standard","meta":{"footnotes":""},"categories":[3],"tags":[],"class_list":["post-1208","post","type-post","status-publish","format-standard","has-post-thumbnail","hentry","category-editions-esoterique-fondee-en-1927-depeches","entry","fw-tab-6 fw-tabr-4","has-featured-image"],"yoast_head":"<!-- This site is optimized with the Yoast SEO plugin v27.5 - https:\/\/yoast.com\/product\/yoast-seo-wordpress\/ -->\n<title>La royaut\u00e9 de la Sainte Vierge Marie avec une pri\u00e8re au petit jour. - EDITIONSBUSSIERE<\/title>\n<meta name=\"robots\" content=\"index, follow, max-snippet:-1, max-image-preview:large, max-video-preview:-1\" \/>\n<link rel=\"canonical\" href=\"https:\/\/editionsbussiere.com\/blog\/la-royaute-de-la-sainte-vierge-marie-avec-une-priere-au-petit-jour\/\" \/>\n<meta property=\"og:locale\" content=\"fr_FR\" \/>\n<meta property=\"og:type\" content=\"article\" \/>\n<meta property=\"og:title\" content=\"La royaut\u00e9 de la Sainte Vierge Marie avec une pri\u00e8re au petit jour. - EDITIONSBUSSIERE\" \/>\n<meta property=\"og:description\" content=\"22 ao\u00fbt 2024 La f\u00eate de la Reine de la Bienheureuse Vierge Marie, c\u00e9l\u00e9br\u00e9e le 22 ao\u00fbt, honore Marie en tant que Reine du Ciel et de la Terre. Cette f\u00eate souligne le r\u00f4le exalt\u00e9 de Marie dans l\u2019histoire du salut et son intercession continue pour l\u2019\u00c9glise et l\u2019humanit\u00e9. Le titre de \u00ab Reine \u00bb [&hellip;]\" \/>\n<meta property=\"og:url\" content=\"https:\/\/editionsbussiere.com\/blog\/la-royaute-de-la-sainte-vierge-marie-avec-une-priere-au-petit-jour\/\" \/>\n<meta property=\"og:site_name\" content=\"EDITIONSBUSSIERE\" \/>\n<meta property=\"article:published_time\" content=\"2024-08-22T13:58:46+00:00\" \/>\n<meta property=\"og:image\" content=\"https:\/\/editionsbussiere.com\/blog\/wp-content\/uploads\/2024\/08\/La-royaute-de-la-Sainte-Vierge-Marie-avec-une-priere-896x1024-1.jpg\" \/>\n<meta name=\"author\" content=\"Marie BATICLE\" \/>\n<meta name=\"twitter:card\" content=\"summary_large_image\" \/>\n<meta name=\"twitter:label1\" content=\"\u00c9crit par\" \/>\n\t<meta name=\"twitter:data1\" content=\"Marie BATICLE\" \/>\n\t<meta name=\"twitter:label2\" content=\"Dur\u00e9e de lecture estim\u00e9e\" \/>\n\t<meta name=\"twitter:data2\" content=\"12 minutes\" \/>\n<script type=\"application\/ld+json\" class=\"yoast-schema-graph\">{\"@context\":\"https:\\\/\\\/schema.org\",\"@graph\":[{\"@type\":\"Article\",\"@id\":\"https:\\\/\\\/editionsbussiere.com\\\/blog\\\/la-royaute-de-la-sainte-vierge-marie-avec-une-priere-au-petit-jour\\\/#article\",\"isPartOf\":{\"@id\":\"https:\\\/\\\/editionsbussiere.com\\\/blog\\\/la-royaute-de-la-sainte-vierge-marie-avec-une-priere-au-petit-jour\\\/\"},\"author\":{\"name\":\"Marie BATICLE\",\"@id\":\"https:\\\/\\\/editionsbussiere.com\\\/blog\\\/#\\\/schema\\\/person\\\/ec90e102792148c97e46ab871010dd8f\"},\"headline\":\"La royaut\u00e9 de la Sainte Vierge Marie avec une pri\u00e8re au petit jour.\",\"datePublished\":\"2024-08-22T13:58:46+00:00\",\"mainEntityOfPage\":{\"@id\":\"https:\\\/\\\/editionsbussiere.com\\\/blog\\\/la-royaute-de-la-sainte-vierge-marie-avec-une-priere-au-petit-jour\\\/\"},\"wordCount\":2330,\"publisher\":{\"@id\":\"https:\\\/\\\/editionsbussiere.com\\\/blog\\\/#organization\"},\"image\":{\"@id\":\"https:\\\/\\\/editionsbussiere.com\\\/blog\\\/la-royaute-de-la-sainte-vierge-marie-avec-une-priere-au-petit-jour\\\/#primaryimage\"},\"thumbnailUrl\":\"https:\\\/\\\/editionsbussiere.com\\\/blog\\\/wp-content\\\/uploads\\\/2024\\\/08\\\/La-royaute-de-la-Sainte-Vierge-Marie-avec-une-priere-896x1024-1.jpg\",\"articleSection\":[\"Editions \u00c9sot\u00e9rique Fond\u00e9e En 1927; D\u00e9p\u00e8ches:\"],\"inLanguage\":\"fr-FR\"},{\"@type\":\"WebPage\",\"@id\":\"https:\\\/\\\/editionsbussiere.com\\\/blog\\\/la-royaute-de-la-sainte-vierge-marie-avec-une-priere-au-petit-jour\\\/\",\"url\":\"https:\\\/\\\/editionsbussiere.com\\\/blog\\\/la-royaute-de-la-sainte-vierge-marie-avec-une-priere-au-petit-jour\\\/\",\"name\":\"La royaut\u00e9 de la Sainte Vierge Marie avec une pri\u00e8re au petit jour. - EDITIONSBUSSIERE\",\"isPartOf\":{\"@id\":\"https:\\\/\\\/editionsbussiere.com\\\/blog\\\/#website\"},\"primaryImageOfPage\":{\"@id\":\"https:\\\/\\\/editionsbussiere.com\\\/blog\\\/la-royaute-de-la-sainte-vierge-marie-avec-une-priere-au-petit-jour\\\/#primaryimage\"},\"image\":{\"@id\":\"https:\\\/\\\/editionsbussiere.com\\\/blog\\\/la-royaute-de-la-sainte-vierge-marie-avec-une-priere-au-petit-jour\\\/#primaryimage\"},\"thumbnailUrl\":\"https:\\\/\\\/editionsbussiere.com\\\/blog\\\/wp-content\\\/uploads\\\/2024\\\/08\\\/La-royaute-de-la-Sainte-Vierge-Marie-avec-une-priere-896x1024-1.jpg\",\"datePublished\":\"2024-08-22T13:58:46+00:00\",\"breadcrumb\":{\"@id\":\"https:\\\/\\\/editionsbussiere.com\\\/blog\\\/la-royaute-de-la-sainte-vierge-marie-avec-une-priere-au-petit-jour\\\/#breadcrumb\"},\"inLanguage\":\"fr-FR\",\"potentialAction\":[{\"@type\":\"ReadAction\",\"target\":[\"https:\\\/\\\/editionsbussiere.com\\\/blog\\\/la-royaute-de-la-sainte-vierge-marie-avec-une-priere-au-petit-jour\\\/\"]}]},{\"@type\":\"ImageObject\",\"inLanguage\":\"fr-FR\",\"@id\":\"https:\\\/\\\/editionsbussiere.com\\\/blog\\\/la-royaute-de-la-sainte-vierge-marie-avec-une-priere-au-petit-jour\\\/#primaryimage\",\"url\":\"https:\\\/\\\/editionsbussiere.com\\\/blog\\\/wp-content\\\/uploads\\\/2024\\\/08\\\/La-royaute-de-la-Sainte-Vierge-Marie-avec-une-priere-896x1024-1.jpg\",\"contentUrl\":\"https:\\\/\\\/editionsbussiere.com\\\/blog\\\/wp-content\\\/uploads\\\/2024\\\/08\\\/La-royaute-de-la-Sainte-Vierge-Marie-avec-une-priere-896x1024-1.jpg\",\"width\":896,\"height\":1024,\"caption\":\"La royaute de la Sainte Vierge Marie avec une priere 896x1024 1\"},{\"@type\":\"BreadcrumbList\",\"@id\":\"https:\\\/\\\/editionsbussiere.com\\\/blog\\\/la-royaute-de-la-sainte-vierge-marie-avec-une-priere-au-petit-jour\\\/#breadcrumb\",\"itemListElement\":[{\"@type\":\"ListItem\",\"position\":1,\"name\":\"Accueil\",\"item\":\"https:\\\/\\\/editionsbussiere.com\\\/blog\\\/\"},{\"@type\":\"ListItem\",\"position\":2,\"name\":\"La royaut\u00e9 de la Sainte Vierge Marie avec une pri\u00e8re au petit jour.\"}]},{\"@type\":\"WebSite\",\"@id\":\"https:\\\/\\\/editionsbussiere.com\\\/blog\\\/#website\",\"url\":\"https:\\\/\\\/editionsbussiere.com\\\/blog\\\/\",\"name\":\"EDITIONSBUSSIERE\",\"description\":\"Editions \u00e9sot\u00e9rique fond\u00e9e en 1927; site historique, A SAVOIR ET RETENIR.\",\"publisher\":{\"@id\":\"https:\\\/\\\/editionsbussiere.com\\\/blog\\\/#organization\"},\"potentialAction\":[{\"@type\":\"SearchAction\",\"target\":{\"@type\":\"EntryPoint\",\"urlTemplate\":\"https:\\\/\\\/editionsbussiere.com\\\/blog\\\/?s={search_term_string}\"},\"query-input\":{\"@type\":\"PropertyValueSpecification\",\"valueRequired\":true,\"valueName\":\"search_term_string\"}}],\"inLanguage\":\"fr-FR\"},{\"@type\":\"Organization\",\"@id\":\"https:\\\/\\\/editionsbussiere.com\\\/blog\\\/#organization\",\"name\":\"editionsbussiere\",\"url\":\"https:\\\/\\\/editionsbussiere.com\\\/blog\\\/\",\"logo\":{\"@type\":\"ImageObject\",\"inLanguage\":\"fr-FR\",\"@id\":\"https:\\\/\\\/editionsbussiere.com\\\/blog\\\/#\\\/schema\\\/logo\\\/image\\\/\",\"url\":\"https:\\\/\\\/editionsbussiere.com\\\/blog\\\/wp-content\\\/uploads\\\/2023\\\/09\\\/cropped-buss.gif\",\"contentUrl\":\"https:\\\/\\\/editionsbussiere.com\\\/blog\\\/wp-content\\\/uploads\\\/2023\\\/09\\\/cropped-buss.gif\",\"width\":298,\"height\":120,\"caption\":\"editionsbussiere\"},\"image\":{\"@id\":\"https:\\\/\\\/editionsbussiere.com\\\/blog\\\/#\\\/schema\\\/logo\\\/image\\\/\"}},{\"@type\":\"Person\",\"@id\":\"https:\\\/\\\/editionsbussiere.com\\\/blog\\\/#\\\/schema\\\/person\\\/ec90e102792148c97e46ab871010dd8f\",\"name\":\"Marie BATICLE\",\"image\":{\"@type\":\"ImageObject\",\"inLanguage\":\"fr-FR\",\"@id\":\"https:\\\/\\\/secure.gravatar.com\\\/avatar\\\/c923e52403b1b8137e2d929127211d21967e6aecaa053bd43b09da29f212e76e?s=96&d=mm&r=g\",\"url\":\"https:\\\/\\\/secure.gravatar.com\\\/avatar\\\/c923e52403b1b8137e2d929127211d21967e6aecaa053bd43b09da29f212e76e?s=96&d=mm&r=g\",\"contentUrl\":\"https:\\\/\\\/secure.gravatar.com\\\/avatar\\\/c923e52403b1b8137e2d929127211d21967e6aecaa053bd43b09da29f212e76e?s=96&d=mm&r=g\",\"caption\":\"Marie BATICLE\"},\"url\":\"https:\\\/\\\/editionsbussiere.com\\\/blog\\\/author\\\/eremarie\\\/\"}]}<\/script>\n<!-- \/ Yoast SEO plugin. -->","yoast_head_json":{"title":"La royaut\u00e9 de la Sainte Vierge Marie avec une pri\u00e8re au petit jour. - EDITIONSBUSSIERE","robots":{"index":"index","follow":"follow","max-snippet":"max-snippet:-1","max-image-preview":"max-image-preview:large","max-video-preview":"max-video-preview:-1"},"canonical":"https:\/\/editionsbussiere.com\/blog\/la-royaute-de-la-sainte-vierge-marie-avec-une-priere-au-petit-jour\/","og_locale":"fr_FR","og_type":"article","og_title":"La royaut\u00e9 de la Sainte Vierge Marie avec une pri\u00e8re au petit jour. - EDITIONSBUSSIERE","og_description":"22 ao\u00fbt 2024 La f\u00eate de la Reine de la Bienheureuse Vierge Marie, c\u00e9l\u00e9br\u00e9e le 22 ao\u00fbt, honore Marie en tant que Reine du Ciel et de la Terre. Cette f\u00eate souligne le r\u00f4le exalt\u00e9 de Marie dans l\u2019histoire du salut et son intercession continue pour l\u2019\u00c9glise et l\u2019humanit\u00e9. Le titre de \u00ab Reine \u00bb [&hellip;]","og_url":"https:\/\/editionsbussiere.com\/blog\/la-royaute-de-la-sainte-vierge-marie-avec-une-priere-au-petit-jour\/","og_site_name":"EDITIONSBUSSIERE","article_published_time":"2024-08-22T13:58:46+00:00","og_image":[{"url":"https:\/\/editionsbussiere.com\/blog\/wp-content\/uploads\/2024\/08\/La-royaute-de-la-Sainte-Vierge-Marie-avec-une-priere-896x1024-1.jpg","type":"","width":"","height":""}],"author":"Marie BATICLE","twitter_card":"summary_large_image","twitter_misc":{"\u00c9crit par":"Marie BATICLE","Dur\u00e9e de lecture estim\u00e9e":"12 minutes"},"schema":{"@context":"https:\/\/schema.org","@graph":[{"@type":"Article","@id":"https:\/\/editionsbussiere.com\/blog\/la-royaute-de-la-sainte-vierge-marie-avec-une-priere-au-petit-jour\/#article","isPartOf":{"@id":"https:\/\/editionsbussiere.com\/blog\/la-royaute-de-la-sainte-vierge-marie-avec-une-priere-au-petit-jour\/"},"author":{"name":"Marie BATICLE","@id":"https:\/\/editionsbussiere.com\/blog\/#\/schema\/person\/ec90e102792148c97e46ab871010dd8f"},"headline":"La royaut\u00e9 de la Sainte Vierge Marie avec une pri\u00e8re au petit jour.","datePublished":"2024-08-22T13:58:46+00:00","mainEntityOfPage":{"@id":"https:\/\/editionsbussiere.com\/blog\/la-royaute-de-la-sainte-vierge-marie-avec-une-priere-au-petit-jour\/"},"wordCount":2330,"publisher":{"@id":"https:\/\/editionsbussiere.com\/blog\/#organization"},"image":{"@id":"https:\/\/editionsbussiere.com\/blog\/la-royaute-de-la-sainte-vierge-marie-avec-une-priere-au-petit-jour\/#primaryimage"},"thumbnailUrl":"https:\/\/editionsbussiere.com\/blog\/wp-content\/uploads\/2024\/08\/La-royaute-de-la-Sainte-Vierge-Marie-avec-une-priere-896x1024-1.jpg","articleSection":["Editions \u00c9sot\u00e9rique Fond\u00e9e En 1927; D\u00e9p\u00e8ches:"],"inLanguage":"fr-FR"},{"@type":"WebPage","@id":"https:\/\/editionsbussiere.com\/blog\/la-royaute-de-la-sainte-vierge-marie-avec-une-priere-au-petit-jour\/","url":"https:\/\/editionsbussiere.com\/blog\/la-royaute-de-la-sainte-vierge-marie-avec-une-priere-au-petit-jour\/","name":"La royaut\u00e9 de la Sainte Vierge Marie avec une pri\u00e8re au petit jour. - EDITIONSBUSSIERE","isPartOf":{"@id":"https:\/\/editionsbussiere.com\/blog\/#website"},"primaryImageOfPage":{"@id":"https:\/\/editionsbussiere.com\/blog\/la-royaute-de-la-sainte-vierge-marie-avec-une-priere-au-petit-jour\/#primaryimage"},"image":{"@id":"https:\/\/editionsbussiere.com\/blog\/la-royaute-de-la-sainte-vierge-marie-avec-une-priere-au-petit-jour\/#primaryimage"},"thumbnailUrl":"https:\/\/editionsbussiere.com\/blog\/wp-content\/uploads\/2024\/08\/La-royaute-de-la-Sainte-Vierge-Marie-avec-une-priere-896x1024-1.jpg","datePublished":"2024-08-22T13:58:46+00:00","breadcrumb":{"@id":"https:\/\/editionsbussiere.com\/blog\/la-royaute-de-la-sainte-vierge-marie-avec-une-priere-au-petit-jour\/#breadcrumb"},"inLanguage":"fr-FR","potentialAction":[{"@type":"ReadAction","target":["https:\/\/editionsbussiere.com\/blog\/la-royaute-de-la-sainte-vierge-marie-avec-une-priere-au-petit-jour\/"]}]},{"@type":"ImageObject","inLanguage":"fr-FR","@id":"https:\/\/editionsbussiere.com\/blog\/la-royaute-de-la-sainte-vierge-marie-avec-une-priere-au-petit-jour\/#primaryimage","url":"https:\/\/editionsbussiere.com\/blog\/wp-content\/uploads\/2024\/08\/La-royaute-de-la-Sainte-Vierge-Marie-avec-une-priere-896x1024-1.jpg","contentUrl":"https:\/\/editionsbussiere.com\/blog\/wp-content\/uploads\/2024\/08\/La-royaute-de-la-Sainte-Vierge-Marie-avec-une-priere-896x1024-1.jpg","width":896,"height":1024,"caption":"La royaute de la Sainte Vierge Marie avec une priere 896x1024 1"},{"@type":"BreadcrumbList","@id":"https:\/\/editionsbussiere.com\/blog\/la-royaute-de-la-sainte-vierge-marie-avec-une-priere-au-petit-jour\/#breadcrumb","itemListElement":[{"@type":"ListItem","position":1,"name":"Accueil","item":"https:\/\/editionsbussiere.com\/blog\/"},{"@type":"ListItem","position":2,"name":"La royaut\u00e9 de la Sainte Vierge Marie avec une pri\u00e8re au petit jour."}]},{"@type":"WebSite","@id":"https:\/\/editionsbussiere.com\/blog\/#website","url":"https:\/\/editionsbussiere.com\/blog\/","name":"EDITIONSBUSSIERE","description":"Editions \u00e9sot\u00e9rique fond\u00e9e en 1927; site historique, A SAVOIR ET RETENIR.","publisher":{"@id":"https:\/\/editionsbussiere.com\/blog\/#organization"},"potentialAction":[{"@type":"SearchAction","target":{"@type":"EntryPoint","urlTemplate":"https:\/\/editionsbussiere.com\/blog\/?s={search_term_string}"},"query-input":{"@type":"PropertyValueSpecification","valueRequired":true,"valueName":"search_term_string"}}],"inLanguage":"fr-FR"},{"@type":"Organization","@id":"https:\/\/editionsbussiere.com\/blog\/#organization","name":"editionsbussiere","url":"https:\/\/editionsbussiere.com\/blog\/","logo":{"@type":"ImageObject","inLanguage":"fr-FR","@id":"https:\/\/editionsbussiere.com\/blog\/#\/schema\/logo\/image\/","url":"https:\/\/editionsbussiere.com\/blog\/wp-content\/uploads\/2023\/09\/cropped-buss.gif","contentUrl":"https:\/\/editionsbussiere.com\/blog\/wp-content\/uploads\/2023\/09\/cropped-buss.gif","width":298,"height":120,"caption":"editionsbussiere"},"image":{"@id":"https:\/\/editionsbussiere.com\/blog\/#\/schema\/logo\/image\/"}},{"@type":"Person","@id":"https:\/\/editionsbussiere.com\/blog\/#\/schema\/person\/ec90e102792148c97e46ab871010dd8f","name":"Marie BATICLE","image":{"@type":"ImageObject","inLanguage":"fr-FR","@id":"https:\/\/secure.gravatar.com\/avatar\/c923e52403b1b8137e2d929127211d21967e6aecaa053bd43b09da29f212e76e?s=96&d=mm&r=g","url":"https:\/\/secure.gravatar.com\/avatar\/c923e52403b1b8137e2d929127211d21967e6aecaa053bd43b09da29f212e76e?s=96&d=mm&r=g","contentUrl":"https:\/\/secure.gravatar.com\/avatar\/c923e52403b1b8137e2d929127211d21967e6aecaa053bd43b09da29f212e76e?s=96&d=mm&r=g","caption":"Marie BATICLE"},"url":"https:\/\/editionsbussiere.com\/blog\/author\/eremarie\/"}]}},"_links":{"self":[{"href":"https:\/\/editionsbussiere.com\/blog\/wp-json\/wp\/v2\/posts\/1208","targetHints":{"allow":["GET"]}}],"collection":[{"href":"https:\/\/editionsbussiere.com\/blog\/wp-json\/wp\/v2\/posts"}],"about":[{"href":"https:\/\/editionsbussiere.com\/blog\/wp-json\/wp\/v2\/types\/post"}],"author":[{"embeddable":true,"href":"https:\/\/editionsbussiere.com\/blog\/wp-json\/wp\/v2\/users\/3"}],"replies":[{"embeddable":true,"href":"https:\/\/editionsbussiere.com\/blog\/wp-json\/wp\/v2\/comments?post=1208"}],"version-history":[{"count":0,"href":"https:\/\/editionsbussiere.com\/blog\/wp-json\/wp\/v2\/posts\/1208\/revisions"}],"wp:featuredmedia":[{"embeddable":true,"href":"https:\/\/editionsbussiere.com\/blog\/wp-json\/wp\/v2\/media\/1209"}],"wp:attachment":[{"href":"https:\/\/editionsbussiere.com\/blog\/wp-json\/wp\/v2\/media?parent=1208"}],"wp:term":[{"taxonomy":"category","embeddable":true,"href":"https:\/\/editionsbussiere.com\/blog\/wp-json\/wp\/v2\/categories?post=1208"},{"taxonomy":"post_tag","embeddable":true,"href":"https:\/\/editionsbussiere.com\/blog\/wp-json\/wp\/v2\/tags?post=1208"}],"curies":[{"name":"wp","href":"https:\/\/api.w.org\/{rel}","templated":true}]}}