{"id":1194,"date":"2024-08-19T12:09:28","date_gmt":"2024-08-19T10:09:28","guid":{"rendered":"https:\/\/editionsbussiere.com\/blog\/homelie-pour-la-messe-du-soir-du-20e-dimanche-du-temps-ordinaire-annee-b-avec-une-supplication-matinale\/"},"modified":"2024-08-19T12:09:28","modified_gmt":"2024-08-19T10:09:28","slug":"homelie-pour-la-messe-du-soir-du-20e-dimanche-du-temps-ordinaire-annee-b-avec-une-supplication-matinale","status":"publish","type":"post","link":"https:\/\/editionsbussiere.com\/blog\/homelie-pour-la-messe-du-soir-du-20e-dimanche-du-temps-ordinaire-annee-b-avec-une-supplication-matinale\/","title":{"rendered":"HOM\u00c9LIE POUR LA MESSE DU SOIR DU 20E DIMANCHE DU TEMPS ORDINAIRE ANN\u00c9E B\n avec une supplication matinale."},"content":{"rendered":"<div><img width=\"580\" height=\"308\" src=\"https:\/\/editionsbussiere.com\/blog\/wp-content\/uploads\/2024\/08\/HOMELIE-POUR-LA-MESSE-SOLENNELLE-DU-QUINZIEME-DIMANCHE-DU-TEMPS.jpg\" class=\"attachment-large size-large wp-post-image\" alt=\"HOM\u00c9LIE POUR LA MESSE SOLENNELLE DU QUINZI\u00c8ME DIMANCHE DU TEMPS\" style=\"float:left; margin:0 15px 15px 0;\" decoding=\"async\" srcset=\"https:\/\/editionsbussiere.com\/blog\/wp-content\/uploads\/2024\/08\/HOMELIE-POUR-LA-MESSE-SOLENNELLE-DU-QUINZIEME-DIMANCHE-DU-TEMPS.jpg 848w, https:\/\/www.n42.fr\/wp-content\/uploads\/2024\/07\/HOMELIE-POUR-LA-MESSE-SOLENNELLE-DU-QUINZIEME-DIMANCHE-DU-TEMPS-300x159.jpg 300w, https:\/\/www.n42.fr\/wp-content\/uploads\/2024\/07\/HOMELIE-POUR-LA-MESSE-SOLENNELLE-DU-QUINZIEME-DIMANCHE-DU-TEMPS-768x408.jpg 768w\" sizes=\"(max-width: 580px) 100vw, 580px\"><\/p>\n<p>\n<\/p>\n<div>\n<p><strong>CATH\u00c9DRALE ST MARY, SYDNEY, 18 AO\u00dbT 2024<\/strong><\/p>\n<p><em>Acte manqu\u00e9,<\/em> selon Sigmund Freud, il s\u2019agit d\u2019une erreur de langage due \u00e0 un d\u00e9sir inconscient ou \u00e0 un train de pens\u00e9es interne.[1] Plus que des moments d\u2019humour et d\u2019humiliation, ces \u00ab lapsus freudiens \u00bb (comme on les appelle) sont cens\u00e9s \u00eatre des fen\u00eatres sur nos v\u00e9ritables pens\u00e9es et sentiments.<\/p>\n<p>Il y a quelques ann\u00e9es, j\u2019ai entendu un \u00e9v\u00eaque citer le Christ de fa\u00e7on erron\u00e9e, en disant que Lui et ses pr\u00eatres \u00e9taient venus \u00ab non pour servir, mais pour \u00eatre servis \u00bb. Se rendant compte de son erreur, il a essay\u00e9 de se corriger et a dit : \u00ab Non, je veux dire, je suis venu pour \u00eatre servi, pas pour servir ! \u00bb Vous pouvez imaginer le rire que le clerg\u00e9 a tir\u00e9 de cette maladresse \u00e9piscopale\u2026<\/p>\n<p>Le pr\u00e9sident Joe Biden restera longtemps dans les m\u00e9moires pour <em>son<\/em> Des gaffes. Plus t\u00f4t cette ann\u00e9e, il a affirm\u00e9 avoir discut\u00e9 avec les dirigeants europ\u00e9ens Fran\u00e7ois Mitterrand et Helmut Kohl, tous deux d\u00e9c\u00e9d\u00e9s il y a de nombreuses ann\u00e9es. Il a pr\u00e9sent\u00e9 le pr\u00e9sident ukrainien Zelensky comme le pr\u00e9sident Poutine et a qualifi\u00e9 la vice-pr\u00e9sidente Kamala Harris de vice-pr\u00e9sidente Trump. Si certains attribuent ses gaffes \u00e0 l\u2019\u00e9puisement ou \u00e0 des erreurs que tout le monde pourrait commettre, d\u2019autres affirment qu\u2019il s\u2019agit de r\u00e9v\u00e9lations sans filtre de ce que pense r\u00e9ellement M. Biden ou de d\u00e9monstrations d\u2019une confusion toujours plus grande. Cela lui a co\u00fbt\u00e9 sa candidature aux prochaines \u00e9lections.<\/p>\n<p>Dans l\u2019\u00c9vangile d\u2019aujourd\u2019hui, J\u00e9sus continue son discours sur le Pain de Vie (<em>Jn<\/em> 6:51-58). Cela a laiss\u00e9 beaucoup de gens se demander si <em>Il<\/em> Il avait un moment de lapsus. \u00ab Je suis le pain \u00bb, dit-il, \u00ab du pain vivant, cuit au ciel. Ma chair est faite pour \u00eatre mang\u00e9e et donne la vie \u00e9ternelle. \u00bb<\/p>\n<p>\u00ab Quelle absurdit\u00e9 \u00bb, marmonnent les critiques, \u00ab ce n\u2019est pas un bonhomme en pain d\u2019\u00e9pice. Il vient de Nazareth, ce n\u2019est pas le paradis. Et nous ne le mangerons certainement pas. Il raconte des b\u00eatises. \u00bb<\/p>\n<p>Mais J\u00e9sus r\u00e9it\u00e8re sa position : \u00ab En v\u00e9rit\u00e9, en v\u00e9rit\u00e9, je vous le dis : si vous ne mangez pas la chair du Fils de l\u2019homme et ne buvez pas son sang, vous n\u2019aurez pas la vie en vous. Celui qui mange ma chair et boit mon sang a la vie \u00e9ternelle et je le ressusciterai au dernier jour. Il vivra en moi et moi en lui. Il vivra de moi. \u00bb<\/p>\n<p>C\u2019\u00e9tait scandaleux \u00e0 l\u2019\u00e9poque, et c\u2019est encore scandaleux aujourd\u2019hui. Il \u00e9tait absolument interdit aux Isra\u00e9lites de manger de la chair humaine ou de boire du sang, m\u00eame animal.[2] Dans les \u00c9critures, le cannibalisme est consid\u00e9r\u00e9 comme un acte inhumain de d\u00e9sespoir et de mal\u00e9diction.[3] Les anciens Romains accusaient les chr\u00e9tiens d\u2019\u00eatre <em>ath\u00e9es<\/em> pour avoir refus\u00e9 d\u2019adorer les dieux pa\u00efens, mais aussi d\u2019\u00eatre <em>cannibales<\/em> pour adorer leur propre dieu \u00e0 leur \u00e9trange mani\u00e8re \u00ab eucharistique \u00bb.[4] M\u00eame pour les oreilles modernes, il peut \u00eatre choquant d\u2019entendre que les chr\u00e9tiens re\u00e7oivent la chair et le sang du Christ. Certains ont r\u00e9agi en consid\u00e9rant l\u2019Eucharistie comme un simple symbole et l\u2019enseignement de J\u00e9sus comme une simple figuration. Certains minimisent son importance et nient que nous en ayons besoin chaque semaine ou m\u00eame chaque ann\u00e9e. Pourtant, comme J\u00e9sus, l\u2019\u00c9glise catholique a redoubl\u00e9 d\u2019efforts : l\u2019Eucharistie est <em>le banquet sacr\u00e9 dans lequel le Christ est re\u00e7u<\/em>.[5] Les catholiques sont-ils donc des cannibales, comme l\u2019ont pr\u00e9tendu certains des premiers auditeurs de J\u00e9sus et ses d\u00e9tracteurs ult\u00e9rieurs ?[6]<\/p>\n<p>Bien s\u00fbr que non. D\u2019abord parce que J\u00e9sus est <em>pas tu\u00e9<\/em> Dans la messe : Il est mort une fois pour toutes. Le \u00ab sacrifice de la messe \u00bb nous rend pr\u00e9sents sa mort et ses effets salvifiques, mais il n\u2019est pas question de sacrifier \u00e0 nouveau le Christ. Une fois a suffi : sa mort a suffi.<\/p>\n<p>Deuxi\u00e8mement, l\u2019Eucharistie est <em>\u00e0 propos<\/em> <em>vie<\/em> plus que la mort. Contrairement aux cannibales, qui consomment la chair des morts, les communiants re\u00e7oivent le Christ pleinement vivant. Il est la vie m\u00eame et dans son corps ressuscit\u00e9, il ne peut plus jamais mourir. Nous n\u2019avons donc pas \u00e0 craindre qu\u2019en le recevant, nous lui causions du tort. Dans l\u2019Eucharistie, le Christ n\u2019est diminu\u00e9 en aucune fa\u00e7on.<\/p>\n<p>Troisi\u00e8mement, dans la plus petite particule de l\u2019h\u00f4te que nous recevons <em>Tout le Christ est :<\/em> Sa chair et son sang, son corps et son \u00e2me, son humanit\u00e9 et sa divinit\u00e9, sa personne enti\u00e8re. Les cannibales ne consomment qu\u2019une partie de leur victime.<\/p>\n<p>Quatri\u00e8mement, dans sa grande sensibilit\u00e9, le Christ se fait <em>acceptable<\/em>transformant la substance du pain et du vin en lui-m\u00eame, mais laissant en place les \u00ab accidents \u00bb ou les apparences du pain et du vin. Les cannibales, au contraire, consomment \u00e0 la fois la substance et les accidents de la chair et du sang humains.<\/p>\n<p>Cinqui\u00e8mement, la nourriture que re\u00e7oivent les cannibales est physique et elle est \u00e9ph\u00e9m\u00e8re. L\u2019Eucharistie, en revanche, est une nourriture durable. <em>spirituel<\/em> cadeau qui <em>transforme<\/em> nous et nous porte \u00e0 travers la vie vers la vie \u00e9ternelle.<\/p>\n<p>Par-dessus tout, en nous cr\u00e9ant \u00e0 son image dans la Cr\u00e9ation, en assumant notre nature corporelle dans l\u2019Incarnation, en nous r\u00e9tablissant \u00e0 sa ressemblance dans la R\u00e9demption, Dieu s\u2019est rapproch\u00e9 de nous autant qu\u2019il le pouvait. <em>sans nous effacer<\/em>En nous donnant sa chair et son sang, son corps et son \u00e2me, son humanit\u00e9 et sa divinit\u00e9 dans l\u2019Eucharistie, il s\u2019est rapproch\u00e9 de nous autant qu\u2019il le pouvait. <em>sans s\u2019effacer lui-m\u00eame<\/em>. Dans l\u2019Eucharistie, Dieu s\u2019identifie si compl\u00e8tement \u00e0 nous et nous \u00e0 Lui que l\u2019on pourrait dire <em>l\u2019Eucharistie nous consume<\/em>pas seulement nous, l\u2019Eucharistie. En devenant partie de nous, nous en devenons partie ! En recevant le Corps sacramentel du Christ, nous faisons partie de son Corps mystique, l\u2019\u00c9glise ; en recevant la Sainte Communion, nous sommes re\u00e7us dans la communion des saints. Comme J\u00e9sus l\u2019a dit aujourd\u2019hui, par l\u2019Eucharistie <em>Il vit en nous et nous en Lui \u2013 pour toujours<\/em>.<\/p>\n<p>Quels sont les effets pratiques de notre r\u00e9ception du Christ de cette mani\u00e8re ? Eh bien, si Dieu devient une partie de nous et que nous devenons une partie de Dieu, nous pouvons nous attendre \u00e0 ce que cela nous change, \u00e0 ce que cela nous transforme. <em>rends-nous davantage semblables \u00e0 Lui<\/em>. Et cela nous affectera \u00e0 de nombreux niveaux. Les premiers chr\u00e9tiens parlaient de ce \u00ab banquet sacr\u00e9 \u00bb comme <em>\u1f00<\/em><em>\u03bd\u03ac\u03bc\u03bd\u03b7\u03c3\u03b9\u03c2<\/em> (<em>anamn\u00e8se<\/em>) ou m\u00e9morial, o\u00f9 notre m\u00e9moire est remplie de souvenirs des actes sacr\u00e9s. Ils l\u2019appelaient le <em>\u1f00<\/em><em>agape (agape)<\/em> ou une f\u00eate de l\u2019amour, o\u00f9 notre c\u0153ur est rempli de l\u2019amour le plus total. Ils l\u2019ont d\u00e9crit comme le <em>\u03b5<\/em><em>\u1f50<\/em><em>\u03c7\u03b1\u03c1\u03b9\u03c3\u03c4\u03af\u03b1<\/em> (<em>eucharistie<\/em>) ou l\u2019action de gr\u00e2ce, o\u00f9 l\u2019esprit appr\u00e9cie avec gratitude tout ce que Dieu a fait et fait encore pour nous.[7] Nous sommes faits de personnes de m\u00e9moire sacr\u00e9e, d\u2019amour et de gratitude. Ainsi, Paul sugg\u00e8re dans notre \u00e9p\u00eetre, qu\u2019au lieu de se droguer avec du vin pour se dissiper et de chanter des chansons obsc\u00e8nes, la messe est l\u2019occasion d\u2019\u00eatre rempli d\u2019un esprit beaucoup plus noble, en chantant des psaumes et des hymnes de remerciements \u00e9ternels (<em>\u00c9ph<\/em> 5:15-20).<\/p>\n<p>Mais que deviendrons-nous finalement ? Le banquet sacr\u00e9 o\u00f9 le Christ est re\u00e7u, explique saint Thomas d\u2019Aquin, n\u2019est pas seulement un m\u00e9morial de la Passion du Christ pass\u00e9e ou une r\u00e9ception de la gr\u00e2ce du Christ dans le pr\u00e9sent : c\u2019est aussi un gage de gloire future.[8] Le pape Fran\u00e7ois a \u00e9galement soulign\u00e9 sa promesse : ce que nous recevons maintenant est un avant-go\u00fbt du temps \u00e0 venir, du banquet c\u00e9leste qui attend ceux qui aiment Dieu et suivent ses voies.[9] Saint Jean-Paul II a parl\u00e9 de la Sainte Communion comme d\u2019une rencontre qui anticipe la rencontre supr\u00eame qui nous attend, un jour o\u00f9 \u00ab nous serons comme les cieux \u00bb. [God]car nous le verrons tel qu\u2019il est r\u00e9ellement\u201d (<em>1er juin<\/em> 3:2).[10] En apercevant ce sommet dans cette vie, nous avons un point de vue particulier sur ce \u00e0 quoi notre vie devrait ressembler ici et maintenant.<\/p>\n<p>Les paroles du Christ ne sont donc pas une gaffe sacr\u00e9e, mais une sagesse formul\u00e9e avec pr\u00e9cision et un don pur. Recevoir son corps et son sang, c\u2019est recevoir le plus grand don : le don de <em>Tout ce qu\u2019il est\u2014<\/em>donn\u00e9 pour le bien de notre sainte communion <em>maintenant<\/em> et pour toute l\u2019\u00e9ternit\u00e9.<\/p>\n<hr class=\"wp-block-separator has-alpha-channel-opacity\">\n<p>[1]  Sigmund Freud, <em>Psychopathologie de la vie quotidienne<\/em> (New York : The Macmillan Company, 1914), p. 84 : \u00ab Je d\u00e9couvre presque invariablement une influence perturbatrice en plus qui vient de quelque chose d\u2019ext\u00e9rieur \u00e0 l\u2019\u00e9nonc\u00e9 voulu ; et l\u2019\u00e9l\u00e9ment perturbateur est soit une pens\u00e9e unique qui est rest\u00e9e inconsciente, soit qui se manifeste par un lapsus\u2026 \u00bb ; voir aussi pp. 112-118.<\/p>\n<p>[2]  Voir Gen 9:3-8; L\u00e9vitique 3:17; 7:26-27; 17:10-14; 19:26; Dt 12:23; Mi 3:1-4; cf. Actes 15:20,29.<\/p>\n<p>[3]  L\u00e9v 26\u00a0:29 ; Deut\u00e9ronome 28\u00a0:53-57 ; 2Rois 6:28-29 ; Jr 19:9 ; Lm 2:20 ; 16h10\u00a0; \u00c9z\u00e9chiel 5:10.<\/p>\n<p>[4]  Jackson Morgan, \u00ab Pourquoi les premiers chr\u00e9tiens ont-ils \u00e9t\u00e9 accus\u00e9s de cannibalisme ? \u00bb <em>Clarifier le catholicisme <\/em>23 avril 2021.<\/p>\n<p>[5]  Saint Thomas d\u2019Aquin, <em>Le Sacrum convivium<\/em>antienne pour le <em>Magnificat<\/em> en la solennit\u00e9 du Corpus Christi.<\/p>\n<p>[6]  Voir Tim Staples, \u00ab Les catholiques sont-ils des cannibales ? \u00bb <em>R\u00e9ponses catholiques <\/em>7 novembre 2014 ; \u00ab Les catholiques sont-ils cannibales ? Ce que croient les catholiques \u00bb <em>Institut Augustin <\/em>4 ao\u00fbt 2024 ; Chris Stefanik, \u00ab Les catholiques sont-ils cannibales ? \u00bb v=VylEoyTTsjY ; Michael Foley, \u00ab L\u2019Eucharistie et le cannibalisme \u00bb, <em>La chose catholique  <\/em>6 ao\u00fbt 2011 ; Karlo Broussard \u00ab L\u2019Eucharistie est-elle du cannibalisme ? \u00bb <em>R\u00e9ponses catholiques en direct <\/em> v=xS29MKkkxpU<\/p>\n<p>[7]  Voir le pape Beno\u00eet XVI, \u00ab Eucharistie, communion et solidarit\u00e9 \u00bb, une conf\u00e9rence donn\u00e9e au Congr\u00e8s eucharistique de l\u2019archidioc\u00e8se de B\u00e9n\u00e9vent, Italie, 2002. <\/p>\n<p>[8]  Thomas d\u2019Aquin, <em>Le Sacrum convivium<\/em>.<\/p>\n<p>[9]  Pape Fran\u00e7ois, Audience g\u00e9n\u00e9rale, 12 f\u00e9vrier 2014. <\/p>\n<p>[10]  Pape Jean-Paul II, Audience g\u00e9n\u00e9rale, 25 octobre 2000. <\/p>\n<h3 class=\"wp-block-heading\">INTRODUCTION \u00c0 LA MESSE DU SOIR DU 20E DIMANCHE DU TEMPS ORDINAIRE ANN\u00c9E B \u2013 CATH\u00c9DRALE ST MARY, SYDNEY, 18 AO\u00dbT 2024<\/h3>\n<p>Bienvenue \u00e0 notre messe du soir ici \u00e0 la cath\u00e9drale Sainte-Marie. Je remercie tout particuli\u00e8rement nos s\u00e9minaristes qui sont avec nous ce soir alors que je commence ma visite du s\u00e9minaire du Bon Pasteur pour 2024. Je salue le recteur, le p\u00e8re Michael de Stoop, le vice-recteur, le p\u00e8re Paul Durkin, le directeur de premi\u00e8re ann\u00e9e, le p\u00e8re Dominic Nguyen, et le directeur spirituel, le p\u00e8re John Armstrong. Aux visiteurs et aux habitu\u00e9s, je vous souhaite \u00e0 tous la bienvenue.<\/p>\n<\/div>\n<p><script>\n!function(f,b,e,v,n,t,s)\nif(f.fbq)return;n=f.fbq=function()n.callMethod?\nn.callMethod.apply(n,arguments):n.queue.push(arguments);\nif(!f._fbq)f._fbq=n;n.push=n;n.loaded=!0;n.version='2.0';\nn.queue=[];t=b.createElement(e);t.async=!0;\nt.src=v;s=b.getElementsByTagName(e)[0];\ns.parentNode.insertBefore(t,s)(window,document,'script',\n'\nfbq('init', '176065947172172'); \nfbq('track', 'PageView');\n<\/script><\/p>\n<h2>Un moment de communion individuelle pour nous ouvrir avec Dieu. <\/h2>\n<p>Adorable P\u00e8re divin, je viens en face de toi pour te exprimer ma gratitude en raison de cette nouvelle journ\u00e9e. Je te loue en raison de ta bont\u00e9 et ton engagement envers moi. Je t\u2019implore de me remplir avec ton esprit et de me donner la gr\u00e2ce de ressentir pr\u00e8s de moi pendant toute la dur\u00e9e de cette journ\u00e9e. Je d\u00e9pose entre tes mains toutes mes soucis, mes joies, mes chagrins, mes envies et mes esp\u00e9rances. Que ton Esprit Saint \u00e9claire mon esprit et consolide ma foi, de sorte que je puisse cheminer dans ta voie et effectuer ta volont\u00e9. Octroie-moi la gr\u00e2ce de mener selon la compassion que tu nous as enseign\u00e9 le mod\u00e8le \u00e0 travers ton Fils ch\u00e9ri, J\u00e9sus-Christ.<\/p>\n<h3> Note de compr\u00e9hension : <\/h3>\n<p>La pri\u00e8re nous emm\u00e8ne dans la famille c\u00e9leste, dans laquelle le Tout-Puissant le Cr\u00e9ateur nous prend comme ses fils et filles bien-aim\u00e9s. \u00c0 travers cette connexion familial, nous rencontrons la puissance et le r\u00e9confort pour affronter les \u00e9preuves de ce. Elle nous rappelle les paroles du disciple Pierre, lequel incite les fid\u00e8les \u00e0 demeurer fermes dans leur foi, m\u00eame au c\u0153ur des temp\u00eates de ce monde-ci.<\/p>\n<h3>\nRenforcer notre connexion \u00e0 J\u00e9sus d\u00e8s chaque matin<\/h3>\n<p>Nous sommes capables de ruminer sur l\u2019un des nombreux \u00e9vangiles en vue de nous connecter \u00e0 J\u00e9sus. Par exemple :<\/p>\n<h3>Jean 15, 9-17 : <\/h3>\n<p>\u00a0\u00bb<br \/>\nC\u2019est ici mon commandement: Aimez-vous les uns les autres, comme je vous ai aim\u00e9s. Il n\u2019y a pas de plus grand amour que de donner sa vie pour ses amis. Vous \u00eates mes amis, si vous faites ce que je vous commande. Je ne vous appelle plus serviteurs, parce que le serviteur ne sait pas ce que fait son ma\u00eetre; mais je vous ai appel\u00e9s amis, parce que je vous ai fait conna\u00eetre tout ce que j\u2019ai appris de mon P\u00e8re.\u00a0\u00bb<\/p>\n<h2> Demander r\u00e9mission \u00e0 Dieu \u00e0 cause de nos p\u00e9ch\u00e9s <\/h2>\n<p>Ma\u00eetre J\u00e9sus, je viens te implorer de pardonner mes propres p\u00e9ch\u00e9s. Je reconnais que je ne suis pas sans d\u00e9faut et que j\u2019ai besoin de ta mis\u00e9ricorde. Je te demande de me d\u00e9livrer de toute ce qui me s\u00e9pare de toi et de me accorder la gr\u00e2ce afin de vivre en conformit\u00e9 avec ta volont\u00e9. Que ta b\u00e9n\u00e9diction sacr\u00e9e dissipe les endroits les plus sombres de mon c\u0153ur, purifiant ma personne et me conduisant sur la voie de la saintet\u00e9. Amen.<\/p>\n<h3> Discussion envers le Seigneur de la m\u00eame mani\u00e8re que en compagnie de un ami. <\/h3>\n<p>Nous pouvons discuter avec Dieu de la m\u00eame mani\u00e8re que \u00e0 l\u2019\u00e9gard de un ami fid\u00e8le, le Seigneur confier nos joies et nos peines, lui demander de l\u2019aide dans nos d\u00e9fis quotidiens. Par exemple : Seigneur, merci \u00e0 cause de cette nouvelle journ\u00e9e. Je viens te prier de \u00e0 \u00eatre patient avec mes enfants et pour me accorder la puissance de surmonter aux d\u00e9fis de la journ\u00e9e. Je te recommande mes projets et mes soucis, et je supplie de me montrer de quelle fa\u00e7on je ai la capacit\u00e9 de te servir et t\u2019honorer aujourd\u2019hui. Accorde-moi, \u00f4 Seigneur, ta sagesse afin de prendre les bonnes d\u00e9cisions et ton soutien pour traverser les \u00e9preuves avec foi. Amen.<\/p>\n<h3> Un moment de silence pour percevoir Dieu. <\/h3>\n<p>Apr\u00e8s une pri\u00e8re et la m\u00e9ditation, il est crucial de prendre un moment de silence pour \u00e9couter sa voix de Dieu dans nos propres c\u0153urs. Dans ce silence, il nous ressentir sa pr\u00e9sence sereine et accueillir ses inspirations pour la journ\u00e9e qui se.<\/p>\n<h3> Se diriger vers le Christ en vue de retrouver cette paix int\u00e9rieure. <\/h3>\n<p>Nous pouvons prier J\u00e9sus de nous accorder sa paix et de nous aider en vue de \u00e9couter sa parole. Par exemple :<br \/>\nSeigneur J\u00e9sus, je viens te implorer de remplir mon propre c\u0153ur par ta tendresse. Je te demande de me lib\u00e9rer de chaque pens\u00e9es et les inqui\u00e9tudes m\u2019ennuient. Aide-moi en vue de \u00e9couter ta parole et pour la mettre en pratique dans ma vie. Que ton Esprit Saint, \u00f4 Christ, se transforme en ma force tout au long de cette journ\u00e9e. Amen.<\/p>\n<h3> Achever cette pri\u00e8re matinale en consacrant notre journ\u00e9e \u00e0 Dieu. <\/h3>\n<p>Nous avons la capacit\u00e9 d\u2019offrir notre journ\u00e9e \u00e0 l\u2019\u00e9gard de Dieu et m\u00eame lui demander afin de la remplir de sa pr\u00e9sence et de sa b\u00e9n\u00e9diction. Par exemple :<br \/>\nSeigneur, moi te remets cette journ\u00e9e entre tes mains. Que toutes de mes pas soit dirig\u00e9 par ton sagesse, que chacun de mes paroles soit inspir\u00e9e par ton amour. Que toutes mes actions soient accomplies selon ta volont\u00e9, pour ton gloire et l\u2019ensemble des bien. Que ton lumi\u00e8re \u00e9claire ma route et que tu habites mon c\u0153ur. Amen.<\/p>\n<h3> Invocation de demande matinale. <\/h3>\n<p>La invocation du matin consiste \u00e0 prier pour les besoins des chr\u00e9tiennes et des chr\u00e9tiens. Nous avons la possibilit\u00e9 de prier pour les personnes dans le besoin, pour les malades, pour les personnes qui sont souffrent, pour les personnes qui se trouvent confront\u00e9es \u00e0 des difficult\u00e9s, pour les personnes d\u00e9courag\u00e9es et pour les personnes qui se trouvent dans l\u2019erreur.<\/p>\n<h3> Prier pour tous individus au sein de le besoin. <\/p>\n<h3>\n<\/h3>\n<\/h3>\n<p>Seigneur, dans votre grande mis\u00e9ricorde, nous te implorons en vue de chacune des personnes qui traversent d\u2019innombrables difficult\u00e9s financi\u00e8res. Que lui leur accordes la force et aussi la pers\u00e9v\u00e9rance en vue de surmonter ces \u00e9preuves, et \u00e9galement que vous leur apportes les ressources n\u00e9cessaires pour subvenir \u00e0 leurs besoins. Accorde-leur, \u00f4, ta providence en vue de guider leur pas dans les t\u00e9n\u00e8bres de leurs soucis financiers.<\/p>\n<p>Nous te demandons \u00e9galement en vue de l\u2019ensemble des personnes qui luttent vis-\u00e0-vis de des probl\u00e8mes de sant\u00e9. Que sa main puissante se pose sur elles, Seigneur, pour les gu\u00e9rir ainsi que les r\u00e9conforter dans leur douleur. Accorde-leur, Grand, la force et le courage de faire face \u00e0 leurs d\u00e9fis de sant\u00e9 en ayant confiance en votre divine providence.<\/p>\n<p>Nous autres te implorons aussi pour chaque personnes qui sont confront\u00e9es \u00e0 de difficult\u00e9s dans leur vie, quelle que soit ce soit sur le domaine professionnel, relationnel ou \u00e9motionnel. Que ta gr\u00e2ce, Seigneur, devienne leur soutien et aussi leur r\u00e9confort dans ces moments d\u2019\u00e9preuve. Accorde-leur, \u00f4, ton Esprit Saint pour guider leur chemin ainsi que les guider vers la s\u00e9r\u00e9nit\u00e9.<\/p>\n<p>Pour terminer, nous te prions afin de chacune des personnes qui sont sans-abri, les personnes qui sont marginalis\u00e9es et aussi exclues de la soci\u00e9t\u00e9. Que votre mis\u00e9ricorde, Seigneur, se r\u00e9pande sur elles comme la douce ros\u00e9e, leur apportant r\u00e9confort ainsi que espoir dans leur d\u00e9tresse. Accorde-leur, \u00f4, des mains g\u00e9n\u00e9reuses en vue de les aider et des c\u0153urs compatissants pour les accueillir dans leur communaut\u00e9.<\/p>\n<h3> explication sur la fameuse pri\u00e8re du matin. <\/h3>\n<p>Durant la pri\u00e8re, nous \u00e9voquons nos esprits \u00e0 l\u2019\u00e9gard de le Ciel, demandant la lumi\u00e8re de Dieu pour \u00e9clairer nos chemins sombres. Marie, notre m\u00e8re, nous guide dans ce cheminement, nous instruisant \u00e0 contempler sur les myst\u00e8res de la vie de son divin enfant. Elle nous m\u00e8ne vers J\u00e9sus, le lumi\u00e8re du monde, qui lumine nos t\u00e9n\u00e8bres et nous guide vers la v\u00e9rit\u00e9.<br \/>\nLa supplication nous relie aussi \u00e0 notre famille spirituelle spirituelle, la famille des croyants, o\u00f9 nous communiquons nos contentements et nos douleurs, nos espoirs et nos inqui\u00e9tudes. Collectivement, nous formons le corps du Christ, convoqu\u00e9s \u00e0 t\u00e9moigner de son affection. Par nos supplications, nous pla\u00e7ons pour les besoins des chr\u00e9tiennes et des fid\u00e8les, offrant notre affection et notre compassion \u00e0 ceux qui endurent.<br \/>\nUnissons-nous dans la pri\u00e8re de debut de journ\u00e9e, dans notre confiance, en nous tournant vers Marie, la m\u00e8re de J\u00e9sus. Dans notre monde tourment\u00e9 par la guerre et la division, recourons \u00e0 la pri\u00e8re comme un moyen pour trouver la s\u00e9r\u00e9nit\u00e9 et l\u2019harmonie. On peut \u00e9crire une demande pour la Sainte Vierge <a target=\"_blank\" rel=\"nofollow\" href=\"https:\/\/editionsbussiere.com\/blog\/goto\/https:\/\/www.avemariasound.org\/\" >ici.<\/a> Que nos supplications s\u2019\u00e9l\u00e8vent vers le ciel, comme une offrande agr\u00e9able par Dieu, pour qu\u2019il puisse nous guider nos chemins sur la voie de la justice et de la v\u00e9rit\u00e9. Saint Paul nous dans ses \u00e9p\u00eetres \u00e0 prier sans cesse, quelle que soit la situation, pour que notre communion \u00e0 Dieu reste solide et ardente. La pri\u00e8re, quand elle est sinc\u00e8rement offerte, poss\u00e8de le pouvoir de changer les c\u0153urs et d\u2019influer le cours de l\u2019histoire.<\/p>\n<h2> \u00c9lever nos proches pri\u00e8res pour nos proches au Seigneur de bon matin.<\/h2>\n<p>L\u2019ultime ultime \u00e9tape de la pri\u00e8re du matin consiste \u00e0 prier pour nos propres amis, notre famille, nos coll\u00e8gues et nos communaut\u00e9. Nous pouvons prier pour leur propre, leur bonheur, leur s\u00fbret\u00e9, et leur abondance. Nous pouvons \u00e9galement prier pour ceux qui nous ont nui et pour ceux qui nous ont offens\u00e9s, et demander \u00e0 Dieu de nous aider \u00e0 leur propre pardonner et \u00e0 leur t\u00e9moigner de la compassion.<\/p>\n<h3> Demander pour la bien-\u00eatre et la s\u00fbret\u00e9 de nos \u00eatres chers.<\/h3>\n<p>Seigneur, nous tous te confions nos familles, notre familles ainsi que nos compagnons. Surveille, cher Dieu, au-dessus de eux, avec sauvegarde -les de tout risque et de toute affliction. Donne, Dieu mis\u00e9ricordieux, une sant\u00e9 du corps et de l\u2019esprit pour eux, et aussi la paix dans leur c\u0153ur. Que ta guidance forte les prot\u00e8ge et les conduise tout au long de cette journ\u00e9e, pour qu\u2019il puissent jouissent dans la tranquillit\u00e9 et la qui\u00e9tude.<\/p>\n<p>Nous autres \u00e0 toi prions \u00e9galement pour nos propres enfants, Dieu, afin qu\u2019ils grandissent dans la foi avec dans l\u2019amour de ton saint nom. Offre, cher Dieu, la sagesse et la force n\u00e9cessaires afin de surmonter les obstacles de la vie, ainsi que guide leurs pas sur le chemin de la v\u00e9rit\u00e9 et de la justice.<\/p>\n<p>Enfin, nous tous te prions pour nos amis et nos voisins, Seigneur, qu\u2019ils d\u00e9couvrent la joie de ton amour et la paix de ton pardon. Offre-leur, cher Dieu, des c\u0153urs pleins de g\u00e9n\u00e9rosit\u00e9 pour partager avec ceux que dans le besoin, ainsi que des largement ouvertes afin de accueillir ceux que seuls et aussi abandonn\u00e9s.<\/p>\n<h3> Prier pour les n\u00f4tres ennemis ainsi que ceux qui sont nous ont offens\u00e9s. <\/h3>\n<p>\u00d4 Seigneur, le Christ, nous te prions pour notre ennemis et aussi pour ceux qui sont nous-m\u00eames ont offens\u00e9s. Accorde-leur, \u00f4 Christ, ta mis\u00e9ricorde ainsi que ton pardon, et aussi ouvre leur c\u0153ur \u00e0 la lumi\u00e8re des ta v\u00e9rit\u00e9. Aide-nous, Seigneur, \u00e0 leur montrer de la compassion et aussi \u00e0 leur pardonner comme tu nous-m\u00eames as pardonn\u00e9. Que votre paix r\u00e8gne dans nos c\u0153urs et que votre amour guide les n\u00f4tres actions, pour que nous puissions vivre en harmonie avec tous ceux que nous entourent.<\/p>\n<h3> Appr\u00e9hender la pri\u00e8re : <\/h3>\n<p>Pour terminer, l\u2019 oraison nous rappelle notre mission en tant que enfants de l\u2019\u00c9ternel : se trouver des observateurs de l\u2019 lumi\u00e8re et de son amour dans une \u00e9poque en proie aux obscurit\u00e9s. \u00c0 travers nos discours et nos actions, nous diffusons la bonne nouvelle de la paix et de la rapprochement, amenant l\u2019attente et la cicatrisation \u00e0 un contexte endommag\u00e9.<\/p>\n<p>Au sein de la foi chr\u00e9tienne, l\u2019 aube rev\u00eat une signification distincte, illustrant le rafra\u00eechissement et la r\u00e9g\u00e9n\u00e9ration spirituelle. C\u2019est au lever du jour de chaque matin\u00e9e que l\u2019esprit se oriente vers Dieu dans la pri\u00e8re, s\u2019effor\u00e7ant \u00e0 se trouver \u00e9clair\u00e9e par la lumi\u00e8re divine. La pratique des pri\u00e8res matinales s\u2019av\u00e8re profond\u00e9ment enracin\u00e9e dans le patrimoine chr\u00e9tienne, proposant un moment particulier pour \u00e9tablir une connexion avec l\u2019\u00c9ternel et se pr\u00e9parer spirituellement aux d\u00e9fis de la journ\u00e9e qui vient.<\/p>\n<p>En l\u2019int\u00e9rieur au sein de ces pri\u00e8res matinales s\u2019 rep\u00e8re r\u00e9guli\u00e8rement une d\u00e9votion sp\u00e9ciale envers Marie, la m\u00e8re de J\u00e9sus et ic\u00f4ne sainte ador\u00e9e par un grand nombre fid\u00e8les. En qualit\u00e9 d\u2019 intercesseur entre les hommes et Dieu, Marie reste sollicit\u00e9e pour interc\u00e9der pour nous, nous orientant sur le chemin de la saintet\u00e9 et de la gr\u00e2ce divine. Ses pr\u00e9sence parentale offre consolation et abri, cercant nos pri\u00e8re matinales d\u2019une d\u00e9licatesse c\u00e9leste.<\/p>\n<p>En via l\u2019 pri\u00e8res du matin, on se trouve invit\u00e9s pour nous rallier \u00e0 Marie dans une d\u00e9marche pour purification personnelle. En m\u00e9ditant sur sa vie ainsi que ses vertus, nous cherchons \u00e0 imiter sa humilit\u00e9, la puret\u00e9 ainsi que son ob\u00e9issance vers la volont\u00e9 de Dieu. Gr\u00e2ce \u00e0 la saintet\u00e9 exemplaire, Marie devient pour nous un mod\u00e8le de vie chr\u00e9tienne, nous rappelant l\u2019importance de la pri\u00e8re ainsi que de la contemplation dans notre cheminement spirituel.<\/p>\n<p>La oraison du matin est ainsi un temps privil\u00e9gi\u00e9 pour se consacrer vers Dieu avec l\u2019intercession de Marie, en sacrifiant nos louanges, nos actions de gr\u00e2ce et nos intentions les plus profondes. Au sein de la qui\u00e9tude du l\u2019aurore, on est invit\u00e9s \u00e0 se tourner \u00e0 cette m\u00e8re sainte, qui on guide avec douceur sur du chemin de la foi et l\u2019amour divin. \u00c0 travers faisant l\u2019union nos voix \u00e0 celle-ci de Marie, nous augmentons nos pri\u00e8res matinales \u00e0 le tr\u00f4ne de la gr\u00e2ce, confiants que notre supplications seront entendues et accueillies aupr\u00e8s de du c\u0153ur mis\u00e9ricordieux de Dieu.<\/p>\n<p>Publications:<\/p>\n<p>Pierre Nozi\u00e8re\/3\/04.,<a target=\"_blank\" rel=\"nofollow\" href=\"https:\/\/editionsbussiere.com\/blog\/goto\/https:\/\/fr.wikisource.org\/wiki\/Pierre_Nozi%C3%A8re\/3\/04\"  target=\"_blank\" rel=\"noopener noreferrer nofollow\">Le dossier.<\/a><span><\/span>. Suite sur le prochain article.<\/p>\n<p>Les Sept contre Th\u00e8ba (Eschyle, Leconte de Lisle).,<a target=\"_blank\" rel=\"nofollow\" href=\"https:\/\/editionsbussiere.com\/blog\/goto\/https:\/\/fr.wikisource.org\/wiki\/Les_Sept_contre_Th%C3%A8ba_(Eschyle,_Leconte_de_Lisle)\"  target=\"_blank\" rel=\"noopener noreferrer nofollow\">Ici.<\/a><span><\/span><\/p>\n<p>Les Flaireurs\/Acte II.,<a target=\"_blank\" rel=\"nofollow\" href=\"https:\/\/editionsbussiere.com\/blog\/goto\/https:\/\/fr.wikisource.org\/wiki\/Les_Flaireurs\/Acte_II\"  target=\"_blank\" rel=\"noopener noreferrer nofollow\">A lire ici.<\/a><span><\/span><\/p>\n<p>Larmes d\u2019amour\/Chapitre III.,<a target=\"_blank\" rel=\"nofollow\" href=\"https:\/\/editionsbussiere.com\/blog\/goto\/https:\/\/fr.wikisource.org\/wiki\/Larmes_d%E2%80%99amour\/Chapitre_III\"  target=\"_blank\" rel=\"noopener noreferrer nofollow\">Cliquer ICI.<\/a><span><\/span><\/p>\n<p>La Fermi\u00e8re.,<a target=\"_blank\" rel=\"nofollow\" href=\"https:\/\/editionsbussiere.com\/blog\/goto\/https:\/\/fr.wikisource.org\/wiki\/La_Fermi%C3%A8re\"  target=\"_blank\" rel=\"noopener noreferrer nofollow\">A lire ici.<\/a><span><\/span>. Suite sur le prochain article.<\/p>\n<p>\u0152uvres compl\u00e8tes de Andr\u00e9 Ch\u00e9nier, 1819\/Idylles\/Le Malade.,<a target=\"_blank\" rel=\"nofollow\" href=\"https:\/\/editionsbussiere.com\/blog\/goto\/https:\/\/fr.wikisource.org\/wiki\/%C5%92uvres_compl%C3%A8tes_de_Andr%C3%A9_Ch%C3%A9nier,_1819\/Idylles\/Le_Malade\"  target=\"_blank\" rel=\"noopener noreferrer nofollow\">Article complet.<\/a><span><\/span><\/p>\n<\/div>\n<p><img decoding=\"async\" class=\"wpe_imgrss\" src=\"https:\/\/editionsbussiere.com\/blog\/wp-content\/uploads\/2024\/08\/HOMELIE-POUR-LA-MESSE-SOLENNELLE-DU-QUINZIEME-DIMANCHE-DU-TEMPS.jpg\">Cet article a \u00e9t\u00e9 reconstitu\u00e9 du mieux possible. Dans l\u2019hypoth\u00e8se o\u00f9 vous souhaitez apporter quelques modifications concernant le th\u00e8me \u00ab\u00a0Editions \u00e9sot\u00e9rique fond\u00e9e en 1927\u00a0\u00bb, il est possible de discuter avec notre r\u00e9daction. Vous pouvez tirer profit de cet article traitant le sujet \u00ab\u00a0Editions \u00e9sot\u00e9rique fond\u00e9e en 1927\u00a0\u00bb. Il est concoct\u00e9 par l\u2019\u00e9quipe editionsbussiere.com. Le site editionsbussiere.com est fait pour cr\u00e9er divers posts autour du th\u00e8me Editions \u00e9sot\u00e9rique fond\u00e9e en 1927 d\u00e9velopp\u00e9es sur internet. Consultez notre site internet editionsbussiere.com et nos r\u00e9seaux sociaux pour \u00eatre au courant des futures annonces.<\/p>\n","protected":false},"excerpt":{"rendered":"<p>CATH\u00c9DRALE ST MARY, SYDNEY, 18 AO\u00dbT 2024 Acte manqu\u00e9, selon Sigmund Freud, il s\u2019agit d\u2019une erreur de langage due \u00e0 un d\u00e9sir inconscient ou \u00e0 un train de pens\u00e9es interne.[1] Plus que des moments d\u2019humour et d\u2019humiliation, ces \u00ab lapsus freudiens \u00bb (comme on les appelle) sont cens\u00e9s \u00eatre des fen\u00eatres sur nos v\u00e9ritables pens\u00e9es [&hellip;]<\/p>\n","protected":false},"author":3,"featured_media":1195,"comment_status":"closed","ping_status":"closed","sticky":false,"template":"","format":"standard","meta":{"footnotes":""},"categories":[3],"tags":[],"class_list":["post-1194","post","type-post","status-publish","format-standard","has-post-thumbnail","hentry","category-editions-esoterique-fondee-en-1927-depeches","entry","fw-tab-6 fw-tabr-4","has-featured-image"],"yoast_head":"<!-- This site is optimized with the Yoast SEO plugin v27.5 - https:\/\/yoast.com\/product\/yoast-seo-wordpress\/ -->\n<title>HOM\u00c9LIE POUR LA MESSE DU SOIR DU 20E DIMANCHE DU TEMPS ORDINAIRE ANN\u00c9E B avec une supplication matinale. - EDITIONSBUSSIERE<\/title>\n<meta name=\"robots\" content=\"index, follow, max-snippet:-1, max-image-preview:large, max-video-preview:-1\" \/>\n<link rel=\"canonical\" href=\"https:\/\/editionsbussiere.com\/blog\/homelie-pour-la-messe-du-soir-du-20e-dimanche-du-temps-ordinaire-annee-b-avec-une-supplication-matinale\/\" \/>\n<meta property=\"og:locale\" content=\"fr_FR\" \/>\n<meta property=\"og:type\" content=\"article\" \/>\n<meta property=\"og:title\" content=\"HOM\u00c9LIE POUR LA MESSE DU SOIR DU 20E DIMANCHE DU TEMPS ORDINAIRE ANN\u00c9E B avec une supplication matinale. - EDITIONSBUSSIERE\" \/>\n<meta property=\"og:description\" content=\"CATH\u00c9DRALE ST MARY, SYDNEY, 18 AO\u00dbT 2024 Acte manqu\u00e9, selon Sigmund Freud, il s\u2019agit d\u2019une erreur de langage due \u00e0 un d\u00e9sir inconscient ou \u00e0 un train de pens\u00e9es interne.[1] Plus que des moments d\u2019humour et d\u2019humiliation, ces \u00ab lapsus freudiens \u00bb (comme on les appelle) sont cens\u00e9s \u00eatre des fen\u00eatres sur nos v\u00e9ritables pens\u00e9es [&hellip;]\" \/>\n<meta property=\"og:url\" content=\"https:\/\/editionsbussiere.com\/blog\/homelie-pour-la-messe-du-soir-du-20e-dimanche-du-temps-ordinaire-annee-b-avec-une-supplication-matinale\/\" \/>\n<meta property=\"og:site_name\" content=\"EDITIONSBUSSIERE\" \/>\n<meta property=\"article:published_time\" content=\"2024-08-19T10:09:28+00:00\" \/>\n<meta property=\"og:image\" content=\"https:\/\/editionsbussiere.com\/blog\/wp-content\/uploads\/2024\/08\/HOMELIE-POUR-LA-MESSE-SOLENNELLE-DU-QUINZIEME-DIMANCHE-DU-TEMPS.jpg\" \/>\n<meta name=\"author\" content=\"Marie BATICLE\" \/>\n<meta name=\"twitter:card\" content=\"summary_large_image\" \/>\n<meta name=\"twitter:label1\" content=\"\u00c9crit par\" \/>\n\t<meta name=\"twitter:data1\" content=\"Marie BATICLE\" \/>\n\t<meta name=\"twitter:label2\" content=\"Dur\u00e9e de lecture estim\u00e9e\" \/>\n\t<meta name=\"twitter:data2\" content=\"22 minutes\" \/>\n<script type=\"application\/ld+json\" class=\"yoast-schema-graph\">{\"@context\":\"https:\\\/\\\/schema.org\",\"@graph\":[{\"@type\":\"Article\",\"@id\":\"https:\\\/\\\/editionsbussiere.com\\\/blog\\\/homelie-pour-la-messe-du-soir-du-20e-dimanche-du-temps-ordinaire-annee-b-avec-une-supplication-matinale\\\/#article\",\"isPartOf\":{\"@id\":\"https:\\\/\\\/editionsbussiere.com\\\/blog\\\/homelie-pour-la-messe-du-soir-du-20e-dimanche-du-temps-ordinaire-annee-b-avec-une-supplication-matinale\\\/\"},\"author\":{\"name\":\"Marie BATICLE\",\"@id\":\"https:\\\/\\\/editionsbussiere.com\\\/blog\\\/#\\\/schema\\\/person\\\/ec90e102792148c97e46ab871010dd8f\"},\"headline\":\"HOM\u00c9LIE POUR LA MESSE DU SOIR DU 20E DIMANCHE DU TEMPS ORDINAIRE ANN\u00c9E B avec une supplication matinale.\",\"datePublished\":\"2024-08-19T10:09:28+00:00\",\"mainEntityOfPage\":{\"@id\":\"https:\\\/\\\/editionsbussiere.com\\\/blog\\\/homelie-pour-la-messe-du-soir-du-20e-dimanche-du-temps-ordinaire-annee-b-avec-une-supplication-matinale\\\/\"},\"wordCount\":4380,\"publisher\":{\"@id\":\"https:\\\/\\\/editionsbussiere.com\\\/blog\\\/#organization\"},\"image\":{\"@id\":\"https:\\\/\\\/editionsbussiere.com\\\/blog\\\/homelie-pour-la-messe-du-soir-du-20e-dimanche-du-temps-ordinaire-annee-b-avec-une-supplication-matinale\\\/#primaryimage\"},\"thumbnailUrl\":\"https:\\\/\\\/editionsbussiere.com\\\/blog\\\/wp-content\\\/uploads\\\/2024\\\/08\\\/HOMELIE-POUR-LA-MESSE-SOLENNELLE-DU-QUINZIEME-DIMANCHE-DU-TEMPS.jpg\",\"articleSection\":[\"Editions \u00c9sot\u00e9rique Fond\u00e9e En 1927; D\u00e9p\u00e8ches:\"],\"inLanguage\":\"fr-FR\"},{\"@type\":\"WebPage\",\"@id\":\"https:\\\/\\\/editionsbussiere.com\\\/blog\\\/homelie-pour-la-messe-du-soir-du-20e-dimanche-du-temps-ordinaire-annee-b-avec-une-supplication-matinale\\\/\",\"url\":\"https:\\\/\\\/editionsbussiere.com\\\/blog\\\/homelie-pour-la-messe-du-soir-du-20e-dimanche-du-temps-ordinaire-annee-b-avec-une-supplication-matinale\\\/\",\"name\":\"HOM\u00c9LIE POUR LA MESSE DU SOIR DU 20E DIMANCHE DU TEMPS ORDINAIRE ANN\u00c9E B avec une supplication matinale. - EDITIONSBUSSIERE\",\"isPartOf\":{\"@id\":\"https:\\\/\\\/editionsbussiere.com\\\/blog\\\/#website\"},\"primaryImageOfPage\":{\"@id\":\"https:\\\/\\\/editionsbussiere.com\\\/blog\\\/homelie-pour-la-messe-du-soir-du-20e-dimanche-du-temps-ordinaire-annee-b-avec-une-supplication-matinale\\\/#primaryimage\"},\"image\":{\"@id\":\"https:\\\/\\\/editionsbussiere.com\\\/blog\\\/homelie-pour-la-messe-du-soir-du-20e-dimanche-du-temps-ordinaire-annee-b-avec-une-supplication-matinale\\\/#primaryimage\"},\"thumbnailUrl\":\"https:\\\/\\\/editionsbussiere.com\\\/blog\\\/wp-content\\\/uploads\\\/2024\\\/08\\\/HOMELIE-POUR-LA-MESSE-SOLENNELLE-DU-QUINZIEME-DIMANCHE-DU-TEMPS.jpg\",\"datePublished\":\"2024-08-19T10:09:28+00:00\",\"breadcrumb\":{\"@id\":\"https:\\\/\\\/editionsbussiere.com\\\/blog\\\/homelie-pour-la-messe-du-soir-du-20e-dimanche-du-temps-ordinaire-annee-b-avec-une-supplication-matinale\\\/#breadcrumb\"},\"inLanguage\":\"fr-FR\",\"potentialAction\":[{\"@type\":\"ReadAction\",\"target\":[\"https:\\\/\\\/editionsbussiere.com\\\/blog\\\/homelie-pour-la-messe-du-soir-du-20e-dimanche-du-temps-ordinaire-annee-b-avec-une-supplication-matinale\\\/\"]}]},{\"@type\":\"ImageObject\",\"inLanguage\":\"fr-FR\",\"@id\":\"https:\\\/\\\/editionsbussiere.com\\\/blog\\\/homelie-pour-la-messe-du-soir-du-20e-dimanche-du-temps-ordinaire-annee-b-avec-une-supplication-matinale\\\/#primaryimage\",\"url\":\"https:\\\/\\\/editionsbussiere.com\\\/blog\\\/wp-content\\\/uploads\\\/2024\\\/08\\\/HOMELIE-POUR-LA-MESSE-SOLENNELLE-DU-QUINZIEME-DIMANCHE-DU-TEMPS.jpg\",\"contentUrl\":\"https:\\\/\\\/editionsbussiere.com\\\/blog\\\/wp-content\\\/uploads\\\/2024\\\/08\\\/HOMELIE-POUR-LA-MESSE-SOLENNELLE-DU-QUINZIEME-DIMANCHE-DU-TEMPS.jpg\",\"width\":848,\"height\":450,\"caption\":\"HOMELIE POUR LA MESSE SOLENNELLE DU QUINZIEME DIMANCHE DU TEMPS\"},{\"@type\":\"BreadcrumbList\",\"@id\":\"https:\\\/\\\/editionsbussiere.com\\\/blog\\\/homelie-pour-la-messe-du-soir-du-20e-dimanche-du-temps-ordinaire-annee-b-avec-une-supplication-matinale\\\/#breadcrumb\",\"itemListElement\":[{\"@type\":\"ListItem\",\"position\":1,\"name\":\"Accueil\",\"item\":\"https:\\\/\\\/editionsbussiere.com\\\/blog\\\/\"},{\"@type\":\"ListItem\",\"position\":2,\"name\":\"HOM\u00c9LIE POUR LA MESSE DU SOIR DU 20E DIMANCHE DU TEMPS ORDINAIRE ANN\u00c9E B avec une supplication matinale.\"}]},{\"@type\":\"WebSite\",\"@id\":\"https:\\\/\\\/editionsbussiere.com\\\/blog\\\/#website\",\"url\":\"https:\\\/\\\/editionsbussiere.com\\\/blog\\\/\",\"name\":\"EDITIONSBUSSIERE\",\"description\":\"Editions \u00e9sot\u00e9rique fond\u00e9e en 1927; site historique, A SAVOIR ET RETENIR.\",\"publisher\":{\"@id\":\"https:\\\/\\\/editionsbussiere.com\\\/blog\\\/#organization\"},\"potentialAction\":[{\"@type\":\"SearchAction\",\"target\":{\"@type\":\"EntryPoint\",\"urlTemplate\":\"https:\\\/\\\/editionsbussiere.com\\\/blog\\\/?s={search_term_string}\"},\"query-input\":{\"@type\":\"PropertyValueSpecification\",\"valueRequired\":true,\"valueName\":\"search_term_string\"}}],\"inLanguage\":\"fr-FR\"},{\"@type\":\"Organization\",\"@id\":\"https:\\\/\\\/editionsbussiere.com\\\/blog\\\/#organization\",\"name\":\"editionsbussiere\",\"url\":\"https:\\\/\\\/editionsbussiere.com\\\/blog\\\/\",\"logo\":{\"@type\":\"ImageObject\",\"inLanguage\":\"fr-FR\",\"@id\":\"https:\\\/\\\/editionsbussiere.com\\\/blog\\\/#\\\/schema\\\/logo\\\/image\\\/\",\"url\":\"https:\\\/\\\/editionsbussiere.com\\\/blog\\\/wp-content\\\/uploads\\\/2023\\\/09\\\/cropped-buss.gif\",\"contentUrl\":\"https:\\\/\\\/editionsbussiere.com\\\/blog\\\/wp-content\\\/uploads\\\/2023\\\/09\\\/cropped-buss.gif\",\"width\":298,\"height\":120,\"caption\":\"editionsbussiere\"},\"image\":{\"@id\":\"https:\\\/\\\/editionsbussiere.com\\\/blog\\\/#\\\/schema\\\/logo\\\/image\\\/\"}},{\"@type\":\"Person\",\"@id\":\"https:\\\/\\\/editionsbussiere.com\\\/blog\\\/#\\\/schema\\\/person\\\/ec90e102792148c97e46ab871010dd8f\",\"name\":\"Marie BATICLE\",\"image\":{\"@type\":\"ImageObject\",\"inLanguage\":\"fr-FR\",\"@id\":\"https:\\\/\\\/secure.gravatar.com\\\/avatar\\\/c923e52403b1b8137e2d929127211d21967e6aecaa053bd43b09da29f212e76e?s=96&d=mm&r=g\",\"url\":\"https:\\\/\\\/secure.gravatar.com\\\/avatar\\\/c923e52403b1b8137e2d929127211d21967e6aecaa053bd43b09da29f212e76e?s=96&d=mm&r=g\",\"contentUrl\":\"https:\\\/\\\/secure.gravatar.com\\\/avatar\\\/c923e52403b1b8137e2d929127211d21967e6aecaa053bd43b09da29f212e76e?s=96&d=mm&r=g\",\"caption\":\"Marie BATICLE\"},\"url\":\"https:\\\/\\\/editionsbussiere.com\\\/blog\\\/author\\\/eremarie\\\/\"}]}<\/script>\n<!-- \/ Yoast SEO plugin. -->","yoast_head_json":{"title":"HOM\u00c9LIE POUR LA MESSE DU SOIR DU 20E DIMANCHE DU TEMPS ORDINAIRE ANN\u00c9E B avec une supplication matinale. - EDITIONSBUSSIERE","robots":{"index":"index","follow":"follow","max-snippet":"max-snippet:-1","max-image-preview":"max-image-preview:large","max-video-preview":"max-video-preview:-1"},"canonical":"https:\/\/editionsbussiere.com\/blog\/homelie-pour-la-messe-du-soir-du-20e-dimanche-du-temps-ordinaire-annee-b-avec-une-supplication-matinale\/","og_locale":"fr_FR","og_type":"article","og_title":"HOM\u00c9LIE POUR LA MESSE DU SOIR DU 20E DIMANCHE DU TEMPS ORDINAIRE ANN\u00c9E B avec une supplication matinale. - EDITIONSBUSSIERE","og_description":"CATH\u00c9DRALE ST MARY, SYDNEY, 18 AO\u00dbT 2024 Acte manqu\u00e9, selon Sigmund Freud, il s\u2019agit d\u2019une erreur de langage due \u00e0 un d\u00e9sir inconscient ou \u00e0 un train de pens\u00e9es interne.[1] Plus que des moments d\u2019humour et d\u2019humiliation, ces \u00ab lapsus freudiens \u00bb (comme on les appelle) sont cens\u00e9s \u00eatre des fen\u00eatres sur nos v\u00e9ritables pens\u00e9es [&hellip;]","og_url":"https:\/\/editionsbussiere.com\/blog\/homelie-pour-la-messe-du-soir-du-20e-dimanche-du-temps-ordinaire-annee-b-avec-une-supplication-matinale\/","og_site_name":"EDITIONSBUSSIERE","article_published_time":"2024-08-19T10:09:28+00:00","og_image":[{"url":"https:\/\/editionsbussiere.com\/blog\/wp-content\/uploads\/2024\/08\/HOMELIE-POUR-LA-MESSE-SOLENNELLE-DU-QUINZIEME-DIMANCHE-DU-TEMPS.jpg","type":"","width":"","height":""}],"author":"Marie BATICLE","twitter_card":"summary_large_image","twitter_misc":{"\u00c9crit par":"Marie BATICLE","Dur\u00e9e de lecture estim\u00e9e":"22 minutes"},"schema":{"@context":"https:\/\/schema.org","@graph":[{"@type":"Article","@id":"https:\/\/editionsbussiere.com\/blog\/homelie-pour-la-messe-du-soir-du-20e-dimanche-du-temps-ordinaire-annee-b-avec-une-supplication-matinale\/#article","isPartOf":{"@id":"https:\/\/editionsbussiere.com\/blog\/homelie-pour-la-messe-du-soir-du-20e-dimanche-du-temps-ordinaire-annee-b-avec-une-supplication-matinale\/"},"author":{"name":"Marie BATICLE","@id":"https:\/\/editionsbussiere.com\/blog\/#\/schema\/person\/ec90e102792148c97e46ab871010dd8f"},"headline":"HOM\u00c9LIE POUR LA MESSE DU SOIR DU 20E DIMANCHE DU TEMPS ORDINAIRE ANN\u00c9E B avec une supplication matinale.","datePublished":"2024-08-19T10:09:28+00:00","mainEntityOfPage":{"@id":"https:\/\/editionsbussiere.com\/blog\/homelie-pour-la-messe-du-soir-du-20e-dimanche-du-temps-ordinaire-annee-b-avec-une-supplication-matinale\/"},"wordCount":4380,"publisher":{"@id":"https:\/\/editionsbussiere.com\/blog\/#organization"},"image":{"@id":"https:\/\/editionsbussiere.com\/blog\/homelie-pour-la-messe-du-soir-du-20e-dimanche-du-temps-ordinaire-annee-b-avec-une-supplication-matinale\/#primaryimage"},"thumbnailUrl":"https:\/\/editionsbussiere.com\/blog\/wp-content\/uploads\/2024\/08\/HOMELIE-POUR-LA-MESSE-SOLENNELLE-DU-QUINZIEME-DIMANCHE-DU-TEMPS.jpg","articleSection":["Editions \u00c9sot\u00e9rique Fond\u00e9e En 1927; D\u00e9p\u00e8ches:"],"inLanguage":"fr-FR"},{"@type":"WebPage","@id":"https:\/\/editionsbussiere.com\/blog\/homelie-pour-la-messe-du-soir-du-20e-dimanche-du-temps-ordinaire-annee-b-avec-une-supplication-matinale\/","url":"https:\/\/editionsbussiere.com\/blog\/homelie-pour-la-messe-du-soir-du-20e-dimanche-du-temps-ordinaire-annee-b-avec-une-supplication-matinale\/","name":"HOM\u00c9LIE POUR LA MESSE DU SOIR DU 20E DIMANCHE DU TEMPS ORDINAIRE ANN\u00c9E B avec une supplication matinale. - EDITIONSBUSSIERE","isPartOf":{"@id":"https:\/\/editionsbussiere.com\/blog\/#website"},"primaryImageOfPage":{"@id":"https:\/\/editionsbussiere.com\/blog\/homelie-pour-la-messe-du-soir-du-20e-dimanche-du-temps-ordinaire-annee-b-avec-une-supplication-matinale\/#primaryimage"},"image":{"@id":"https:\/\/editionsbussiere.com\/blog\/homelie-pour-la-messe-du-soir-du-20e-dimanche-du-temps-ordinaire-annee-b-avec-une-supplication-matinale\/#primaryimage"},"thumbnailUrl":"https:\/\/editionsbussiere.com\/blog\/wp-content\/uploads\/2024\/08\/HOMELIE-POUR-LA-MESSE-SOLENNELLE-DU-QUINZIEME-DIMANCHE-DU-TEMPS.jpg","datePublished":"2024-08-19T10:09:28+00:00","breadcrumb":{"@id":"https:\/\/editionsbussiere.com\/blog\/homelie-pour-la-messe-du-soir-du-20e-dimanche-du-temps-ordinaire-annee-b-avec-une-supplication-matinale\/#breadcrumb"},"inLanguage":"fr-FR","potentialAction":[{"@type":"ReadAction","target":["https:\/\/editionsbussiere.com\/blog\/homelie-pour-la-messe-du-soir-du-20e-dimanche-du-temps-ordinaire-annee-b-avec-une-supplication-matinale\/"]}]},{"@type":"ImageObject","inLanguage":"fr-FR","@id":"https:\/\/editionsbussiere.com\/blog\/homelie-pour-la-messe-du-soir-du-20e-dimanche-du-temps-ordinaire-annee-b-avec-une-supplication-matinale\/#primaryimage","url":"https:\/\/editionsbussiere.com\/blog\/wp-content\/uploads\/2024\/08\/HOMELIE-POUR-LA-MESSE-SOLENNELLE-DU-QUINZIEME-DIMANCHE-DU-TEMPS.jpg","contentUrl":"https:\/\/editionsbussiere.com\/blog\/wp-content\/uploads\/2024\/08\/HOMELIE-POUR-LA-MESSE-SOLENNELLE-DU-QUINZIEME-DIMANCHE-DU-TEMPS.jpg","width":848,"height":450,"caption":"HOMELIE POUR LA MESSE SOLENNELLE DU QUINZIEME DIMANCHE DU TEMPS"},{"@type":"BreadcrumbList","@id":"https:\/\/editionsbussiere.com\/blog\/homelie-pour-la-messe-du-soir-du-20e-dimanche-du-temps-ordinaire-annee-b-avec-une-supplication-matinale\/#breadcrumb","itemListElement":[{"@type":"ListItem","position":1,"name":"Accueil","item":"https:\/\/editionsbussiere.com\/blog\/"},{"@type":"ListItem","position":2,"name":"HOM\u00c9LIE POUR LA MESSE DU SOIR DU 20E DIMANCHE DU TEMPS ORDINAIRE ANN\u00c9E B avec une supplication matinale."}]},{"@type":"WebSite","@id":"https:\/\/editionsbussiere.com\/blog\/#website","url":"https:\/\/editionsbussiere.com\/blog\/","name":"EDITIONSBUSSIERE","description":"Editions \u00e9sot\u00e9rique fond\u00e9e en 1927; site historique, A SAVOIR ET RETENIR.","publisher":{"@id":"https:\/\/editionsbussiere.com\/blog\/#organization"},"potentialAction":[{"@type":"SearchAction","target":{"@type":"EntryPoint","urlTemplate":"https:\/\/editionsbussiere.com\/blog\/?s={search_term_string}"},"query-input":{"@type":"PropertyValueSpecification","valueRequired":true,"valueName":"search_term_string"}}],"inLanguage":"fr-FR"},{"@type":"Organization","@id":"https:\/\/editionsbussiere.com\/blog\/#organization","name":"editionsbussiere","url":"https:\/\/editionsbussiere.com\/blog\/","logo":{"@type":"ImageObject","inLanguage":"fr-FR","@id":"https:\/\/editionsbussiere.com\/blog\/#\/schema\/logo\/image\/","url":"https:\/\/editionsbussiere.com\/blog\/wp-content\/uploads\/2023\/09\/cropped-buss.gif","contentUrl":"https:\/\/editionsbussiere.com\/blog\/wp-content\/uploads\/2023\/09\/cropped-buss.gif","width":298,"height":120,"caption":"editionsbussiere"},"image":{"@id":"https:\/\/editionsbussiere.com\/blog\/#\/schema\/logo\/image\/"}},{"@type":"Person","@id":"https:\/\/editionsbussiere.com\/blog\/#\/schema\/person\/ec90e102792148c97e46ab871010dd8f","name":"Marie BATICLE","image":{"@type":"ImageObject","inLanguage":"fr-FR","@id":"https:\/\/secure.gravatar.com\/avatar\/c923e52403b1b8137e2d929127211d21967e6aecaa053bd43b09da29f212e76e?s=96&d=mm&r=g","url":"https:\/\/secure.gravatar.com\/avatar\/c923e52403b1b8137e2d929127211d21967e6aecaa053bd43b09da29f212e76e?s=96&d=mm&r=g","contentUrl":"https:\/\/secure.gravatar.com\/avatar\/c923e52403b1b8137e2d929127211d21967e6aecaa053bd43b09da29f212e76e?s=96&d=mm&r=g","caption":"Marie BATICLE"},"url":"https:\/\/editionsbussiere.com\/blog\/author\/eremarie\/"}]}},"_links":{"self":[{"href":"https:\/\/editionsbussiere.com\/blog\/wp-json\/wp\/v2\/posts\/1194","targetHints":{"allow":["GET"]}}],"collection":[{"href":"https:\/\/editionsbussiere.com\/blog\/wp-json\/wp\/v2\/posts"}],"about":[{"href":"https:\/\/editionsbussiere.com\/blog\/wp-json\/wp\/v2\/types\/post"}],"author":[{"embeddable":true,"href":"https:\/\/editionsbussiere.com\/blog\/wp-json\/wp\/v2\/users\/3"}],"replies":[{"embeddable":true,"href":"https:\/\/editionsbussiere.com\/blog\/wp-json\/wp\/v2\/comments?post=1194"}],"version-history":[{"count":0,"href":"https:\/\/editionsbussiere.com\/blog\/wp-json\/wp\/v2\/posts\/1194\/revisions"}],"wp:featuredmedia":[{"embeddable":true,"href":"https:\/\/editionsbussiere.com\/blog\/wp-json\/wp\/v2\/media\/1195"}],"wp:attachment":[{"href":"https:\/\/editionsbussiere.com\/blog\/wp-json\/wp\/v2\/media?parent=1194"}],"wp:term":[{"taxonomy":"category","embeddable":true,"href":"https:\/\/editionsbussiere.com\/blog\/wp-json\/wp\/v2\/categories?post=1194"},{"taxonomy":"post_tag","embeddable":true,"href":"https:\/\/editionsbussiere.com\/blog\/wp-json\/wp\/v2\/tags?post=1194"}],"curies":[{"name":"wp","href":"https:\/\/api.w.org\/{rel}","templated":true}]}}