{"id":1190,"date":"2024-08-18T21:11:37","date_gmt":"2024-08-18T19:11:37","guid":{"rendered":"https:\/\/editionsbussiere.com\/blog\/transfert-de-virgen-del-mar-euro-weekly-news-croire-en-la-mere-de-dieu-marie\/"},"modified":"2024-08-18T21:11:37","modified_gmt":"2024-08-18T19:11:37","slug":"transfert-de-virgen-del-mar-euro-weekly-news-croire-en-la-mere-de-dieu-marie","status":"publish","type":"post","link":"https:\/\/editionsbussiere.com\/blog\/transfert-de-virgen-del-mar-euro-weekly-news-croire-en-la-mere-de-dieu-marie\/","title":{"rendered":"transfert de Virgen del Mar \u00ab Euro Weekly News\n &amp; croire en la m\u00e8re de dieu Marie."},"content":{"rendered":"<div><img width=\"580\" height=\"464\" src=\"https:\/\/editionsbussiere.com\/blog\/wp-content\/uploads\/2024\/08\/transfert-de-Virgen-del-Mar-Euro-Weekly-News-et-1024x819-1.jpg\" class=\"attachment-large size-large wp-post-image\" alt=\"transfert de Virgen del Mar \u00ab Euro Weekly News et\" style=\"float:left; margin:0 15px 15px 0;\" decoding=\"async\" srcset=\"https:\/\/editionsbussiere.com\/blog\/wp-content\/uploads\/2024\/08\/transfert-de-Virgen-del-Mar-Euro-Weekly-News-et-1024x819-1.jpg 1024w, https:\/\/www.n42.fr\/wp-content\/uploads\/2024\/08\/transfert-de-Virgen-del-Mar-Euro-Weekly-News-et-300x240.jpg 300w, https:\/\/www.n42.fr\/wp-content\/uploads\/2024\/08\/transfert-de-Virgen-del-Mar-Euro-Weekly-News-et-768x615.jpg 768w, https:\/\/www.n42.fr\/wp-content\/uploads\/2024\/08\/transfert-de-Virgen-del-Mar-Euro-Weekly-News-et.jpg 1066w\" sizes=\"(max-width: 580px) 100vw, 580px\"><\/p>\n<p>\n<\/p>\n<p>                    Almeria a c\u00e9l\u00e9br\u00e9 le transfert de la Sainte Vierge de la Couronne de Mer \u00e0 la cath\u00e9drale Cr\u00e9dit : Hermandad Virgen del Mar, Patrona de Almeria \/fb                     <\/p>\n<div>\n                    <!-- Article Start --><\/p>\n<p><strong>Almeria a prouv\u00e9 hier sa d\u00e9votion avec une belle journ\u00e9e de c\u00e9l\u00e9bration de la Vierge de la Mer. <\/strong><\/p>\n<p><span style=\"font-weight: 400;\">Le 17 ao\u00fbt 2024, la Vierge Marie a quitt\u00e9 son sanctuaire pour la cath\u00e9drale d\u2019Almeria pour passer les prochains jours \u00e0 la foire, \u00e0 l\u2019occasion de l\u2019Ann\u00e9e Sainte et de la pose de la premi\u00e8re pierre du temple pour son 500e anniversaire.<\/span><\/p>\n<h2>Almeria transf\u00e8re la Vierge de la Mer \u00e0 la Cath\u00e9drale pour que la ville la c\u00e9l\u00e8bre<\/h2>\n<p>\u00ab<span style=\"font-weight: 400;\">En termes de d\u00e9votion, le 17 ao\u00fbt 2024 restera dans l\u2019histoire\u201d, a d\u00e9clar\u00e9 la mairie sur les r\u00e9seaux sociaux. <\/span><\/p>\n<div class=\"sra_unit\"><link rel=\"stylesheet\" id=\"block-sra\" href=\"https:\/\/euroweeklynews.com\/wp-content\/plugins\/snack-related-articles\/dist\/css\/snack-related.min.css?230514-44157\" type=\"text\/css\" media=\"all\">\n<aside class=\"sra-group sra-related-list\">\n<h2 class=\"sra-group-head\">Les plus lus sur Euro Weekly News<\/h2>\n<\/aside>\n<\/div>\n<p><span style=\"font-weight: 400;\">\u00c0 11 heures, les portes du Couvent Royal de Santo Domingo se sont ouvertes avec une br\u00e8ve procession \u00e0 laquelle ont particip\u00e9 les descendants des deux familles qui ont sauv\u00e9 la statue de la Vierge de la Mer de la destruction pendant la guerre civile. <\/span><\/p>\n<p><span style=\"font-weight: 400;\">Samedi \u00e9tait la premi\u00e8re fois que la patronne d\u2019Almer\u00eda passait par le lieu o\u00f9 se trouvait la maison dans laquelle elle s\u2019\u00e9tait cach\u00e9e et s\u2019\u00e9tait r\u00e9fugi\u00e9e.<\/span><\/p>\n<h2>Les familles reconnues et respect\u00e9es lors de la c\u00e9r\u00e9monie<\/h2>\n<p><span style=\"font-weight: 400;\">Les deux familles ont re\u00e7u un hommage chaleureux au coin de l\u2019ancien h\u00f4pital Virgen del Mar, tandis que l\u2019hymne de la sainte patronne jouait et que la statue recevait un p\u00e9tale.<\/span><\/p>\n<p><span style=\"font-weight: 400;\">L\u2019apr\u00e8s-midi, les services religieux habituels ont eu lieu, avec la pose de la Vierge de la Mer sur l\u2019autel principal, \u00ab avec cette aura d\u2019extraordinaire que poss\u00e8de la c\u00e9l\u00e9bration religieuse de la Virgen del Mar \u00bb selon les organisateurs, accompagn\u00e9e d\u2019une d\u00e9coration florale de Lales Mart\u00ednez et avec Saint Indalecio \u00e0 ses c\u00f4t\u00e9s comme patron. <\/span><\/p>\n<h2>Le sermon \u00e0 la Vierge de la Mer<\/h2>\n<p><span style=\"font-weight: 400;\">Puis est venu le point culminant de la journ\u00e9e, le sermon \u00e0 la Vierge de la Mer, d\u2019Eduardo Blanes. Il s\u2019agissait d\u2019un sermon d\u00e9votionnel qui parcourait les racines d\u2019Almeria et la pr\u00e9sence de la sainte patronne, qui lui \u00e9tait d\u00e9di\u00e9e ;<\/span><\/p>\n<p><span style=\"font-weight: 400;\">\u00ab Plus on vous regarde, plus l\u2019image s\u2019efface et plus on retrouve l\u2019essence : on retrouve la Vierge Marie. Nous vous aimons, Marie \u00bb, a d\u00e9clar\u00e9 le h\u00e9raut devant un auditoire de fid\u00e8les r\u00e9unis dans la cath\u00e9drale. <\/span><\/p>\n<p><span style=\"font-weight: 400;\">Comme l\u2019a annonc\u00e9 son pr\u00e9sentateur, Juan Jos\u00e9 P\u00e9rez L\u00e1zaro, \u00ab Eduardo est un homme honn\u00eate, un homme bon. Il est constamment en qu\u00eate de v\u00e9rit\u00e9 et de connaissance pour s\u2019engager pour le bien commun. Ferme dans ses convictions. \u00bb<\/span><\/p>\n<p class=\"p1\">Pour plus d\u2019actualit\u00e9s et d\u2019\u00e9v\u00e9nements locaux dans la province d\u2019Almeria, cliquez sur <span class=\"s1\">ici<\/span><span class=\"s1\">.<\/span><\/p>\n<p>                    <!-- Article End --><\/p>\n<div class=\"wordpress-content-suffix\">\n<p>                        Mots cl\u00e9s : Virgen del Mar, Vierge de la Mer\n                    <\/p>\n<\/div>\n<\/div>\n<p><script>\n            !function(f,b,e,v,n,t,s)\n            if(f.fbq)return;n=f.fbq=function()n.callMethod?\n            n.callMethod.apply(n,arguments):n.queue.push(arguments);\n            if(!f._fbq)f._fbq=n;n.push=n;n.loaded=!0;n.version='2.0';\n            n.queue=[];t=b.createElement(e);t.async=!0;\n            t.src=v;s=b.getElementsByTagName(e)[0];\n            s.parentNode.insertBefore(t,s)(window, document,'script',\n            '\n            fbq('init', '1559498238301362');\n            fbq('track', 'PageView');\n        <\/script><\/p>\n<h2>\n<\/h2>\n<p>La Signification de la Pri\u00e8re \u00e0 Marie<\/p>\n<p>La pri\u00e8re \u00e0 Marie repr\u00e9sente un aspect essentiel de la spiritualit\u00e9 chr\u00e9tienne, profond\u00e9ment ancr\u00e9e dans les enseignements catholiques depuis des temps imm\u00e9moriaux. C\u2019est un fondement sur lequel les fid\u00e8les s\u2019reposent pour obtenir confort, direction et intervention dans leur marche envers Dieu. Au fil du temps, cette pi\u00e9t\u00e9 a gagn\u00e9 en force par les \u00e9crits bibliques, les coutumes eccl\u00e9siastiques, et les exemples des saints qui ont t\u00e9moign\u00e9 de leur respect \u00e0 Marie en tant que aimante.<\/p>\n<h3>\n<\/h3>\n<p>L\u2019application du Ave Maria<\/p>\n<p>Le Chapelet occupe une place centrale au sein de la spiritualit\u00e9 de nombreux croyants. En r\u00e9citant les myst\u00e8res joyeux, douloureux, lumineux et glorieux, les fid\u00e8les se plongent dans les \u00e9v\u00e9nements de la vie de J\u00e9sus et de Marie, renfor\u00e7ant ainsi leur connexion spirituelle avec eux. \u00c0 travers chaque Ave Maria, ils expriment leur confiance en l\u2019intercession de Marie et leur d\u00e9sir de suivre les enseignements du Christ. Saint Louis-Marie Grignion de Montfort, dans son ouvrage sur la d\u00e9votion authentique \u00e0 la Vierge Marie, encourage les chr\u00e9tiens \u00e0 m\u00e9diter r\u00e9guli\u00e8rement des diff\u00e9rents myst\u00e8res du rosaire pour approfondir leur lien avec la M\u00e8re de Dieu. Cet antique rituel, transmise de g\u00e9n\u00e9ration en g\u00e9n\u00e9ration, demeure un phare spirituel pour les croyants, les aidant \u00e0 se connecter avec la c\u00e9leste Dame.<\/p>\n<h3>\n<\/h3>\n<p>L\u2019incitation \u00e0 la pri\u00e8re<\/p>\n<p>Unissons-nous dans la pri\u00e8re, fr\u00e8res et s\u0153urs, dans l\u2019unit\u00e9 de notre esp\u00e9rance, en Marie, la m\u00e8re de notre Seigneur J\u00e9sus-Christ. Au sein de notre monde tourment\u00e9 par les conflits et la division, optons \u00e0 la pri\u00e8re pour trouver de trouver la s\u00e9r\u00e9nit\u00e9 et la r\u00e9conciliation. Il est possible envoyer des v\u0153ux pour Marie <a target=\"_blank\" rel=\"nofollow\" href=\"https:\/\/editionsbussiere.com\/blog\/goto\/https:\/\/www.avemariasound.org\/\" >sur ce lien.<\/a> Que nos supplications s\u2019\u00e9l\u00e8vent vers le ciel, comme une offrande re\u00e7u avec faveur par Dieu, afin qu\u2019il puisse \u00e9clairer nos chemins sur la voie de la justice et de la v\u00e9rit\u00e9. L\u2019ap\u00f4tre Paul nous dans ses \u00e9p\u00eetres \u00e0 maintenir une pri\u00e8re incessante, en toutes circonstances, afin que notre communion avec Dieu soit constante et passionn\u00e9e. La pri\u00e8re, lorsqu\u2019elle est offerte sinc\u00e8rement, a le pouvoir de transformer les c\u0153urs et de modifier le destin de l\u2019histoire.<\/p>\n<h2>\n<\/h2>\n<p>L\u2019enseignement du Saint-P\u00e8re<\/p>\n<p>Le Saint-P\u00e8re, dans ses enseignements \u00e9clair\u00e9s, publi\u00e9s par Bayard, nous souligne la signification de la pri\u00e8re quotidienne. \u00c0 travers ses hom\u00e9lies et ses audiences g\u00e9n\u00e9rales, il nous incite \u00e0 d\u00e9velopper une connexion personnelle avec le divin, en se fondant sur la m\u00e9ditation de la Parole biblique et la pratique du Rosaire. Sa conduite d\u2019humilit\u00e9 et de compassion nous encourage \u00e0 approfondir nos pri\u00e8res et \u00e0 chercher la pr\u00e9sence divine dans chaque aspect de notre quotidien. Le pape Jean-Paul II, dans son encyclique portant sur la foi chr\u00e9tienne, nous rappelle que la pratique de la pri\u00e8re constitue le fondement de la vie de foi et que c\u2019est par elle que nous sommes unis \u00e0 la volont\u00e9 divine. La pri\u00e8re quotidienne, transmise par les pontifes de g\u00e9n\u00e9ration en g\u00e9n\u00e9ration, est une bou\u00e9e d\u2019espoir dans les temp\u00eates, une base solide auquel nous pouvons compter.<\/p>\n<h3>\n<\/h3>\n<p>Les ouvrages attribu\u00e9s \u00e0 Leli\u00e8vre et Hubert<\/p>\n<p>Dans le contexte de la vie de foi, l\u2019\u00e9glise pr\u00e9conise la pri\u00e8re, et durant la pri\u00e8re, les fid\u00e8les effectuent le geste du signe de la croix et r\u00e9citent le Je vous salue Marie. Des intellectuels contemporains, tels que Leli\u00e8vre et Hubert, nous convient \u00e9galement \u00e0 m\u00e9diter sur la force de la pri\u00e8re, dans leurs ouvrages inspirants. Leurs ouvrages, abondant en enseignements spirituels, nous guident dans notre parcours de la foi et nous encouragent \u00e0 trouver dans les tr\u00e9sors de la tradition chr\u00e9tienne pour nourrir notre spiritualit\u00e9. Par la m\u00e9ditation sur leurs publications, nous trouvons de nouvelles mani\u00e8res de d\u00e9velopper notre relation avec Dieu et de grandir dans notre cheminement vers la saintet\u00e9. Saint Jean, dans l\u2019\u00c9vangile, nous enseigne que la pri\u00e8re est un puissant moyen pour rester en communion avec Dieu et de recevoir de ses gr\u00e2ces. Chaque paragraphe de leurs ouvrages ressemble \u00e0 un appel \u00e0 une pri\u00e8re ardente et \u00e0 une vie emplie de la pr\u00e9sence divine. Dans notre qu\u00eate de connexion spirituelle, chaque lecture devient une invitation \u00e0 s\u2019\u00e9lever vers le sacr\u00e9, par le biais de la m\u00e9ditation et la contemplation.<\/p>\n<h3>\n<\/h3>\n<p>La d\u00e9votion dans la chapelle<\/p>\n<p>Dans nos lieux de culte simples ou grandioses, tournons-nous vers Dieu en toute confiance et humilit\u00e9, sachant qu\u2019il \u00e9coute nos supplications avec amour et sollicitude. Que chaque bougie allum\u00e9e, chaque chapelet r\u00e9cit\u00e9, soit une offrande \u00e0 notre divin Cr\u00e9ateur ainsi qu\u2019\u00e0 la Vierge Marie. Que nos moments de pri\u00e8re dans la chapelle soient des occasions de gr\u00e2ce et de renouvellement de notre esprit, nous renfor\u00e7ant pour faire face \u00e0 les challenges avec audace et foi in\u00e9branlable. La sainte Bernadette Soubirous, qui a re\u00e7u les apparitions de la Vierge Marie \u00e0 Lourdes, nous enseigne l\u2019importance de la pri\u00e8re dans la vie des fid\u00e8les et l\u2019efficacit\u00e9 de l\u2019intercession de la Vierge Marie. Chaque personne qui entre dans une chapelle, chaque verset des \u00c9critures lu dans ce lieu saint, constitue une rencontre avec la divinit\u00e9, une \u00e9tape cruciale dans le processus de transformation spirituelle. \u00c0 travers les textes sacr\u00e9s, tout croyant est encourag\u00e9 \u00e0 m\u00e9diter sur la croix du Christ, \u00e0 r\u00e9fl\u00e9chir \u00e0 son sacrifice, et \u00e0 trouver consolation et esp\u00e9rance dans sa gr\u00e2ce r\u00e9demptrice.<\/p>\n<h2>\nL\u2019acte de prier comme m\u00e9decine pour l\u2019\u00e2me<br \/>\n<\/h2>\n<p>Tel un m\u00e9decin pour nos \u00e2mes, l\u2019acte de prier nous r\u00e9conforte et nous fortifie au cours des p\u00e9riodes de douleur et de d\u00e9sespoir. Elle nous rappelle que Dieu est toujours avec nous, m\u00eame lorsque nous traversons les t\u00e9n\u00e8bres les plus profondes de notre existence. En nous penchant vers lui dans la pri\u00e8re, nous trouvons la force int\u00e9rieure n\u00e9cessaire pour surmonter les \u00e9preuves et pour affronter l\u2019avenir avec espoir et confiance. La pri\u00e8re est semblable \u00e0 une source d\u2019eau vive qui apaise notre soif spirituelle et qui, au cours de notre marche avec Dieu, nous r\u00e9g\u00e9n\u00e8re.<br \/>\n\u00c0 chaque pri\u00e8re prononc\u00e9e, \u00e0 chaque intention port\u00e9e, nous trouvons un r\u00e9confort c\u00e9leste, une gu\u00e9rison spirituelle, qui d\u00e9passe les limitations humaines. Chaque page de la Bible nous invite \u00e0 communier avec Dieu, \u00e0 lui confier nos fardeaux, et \u00e0 recevoir sa gr\u00e2ce transformante.<\/p>\n<h2>Un regard diff\u00e9rent sur la pri\u00e8re \u00e0 Marie<\/h2>\n<p>L\u2019invocation de Marie constitue une pratique \u00e9troitement enracin\u00e9e dans la tradition religieuse catholique chr\u00e9tienne, offrant un lien spirituel pr\u00e9cieux pour les croyants \u00e0 travers le globe. En tant que m\u00e8re spirituelle et intercesseur, Marie est invoqu\u00e9e avec ardeur dans les moments de d\u00e9tresse et de louange. Le chapelet, avec ses myst\u00e8res \u00e0 m\u00e9diter, guide les catholiques dans leur cheminement spirituel, les aidant \u00e0 m\u00e9diter sur J\u00e9sus, son fils, \u00e0 travers le regard de la Vierge Marie. Cette affection envers Marie s\u2019exprime dans les sanctuaires comme Lourdes, o\u00f9 les p\u00e8lerins affluent \u00e0 la recherche de consolation et de gu\u00e9rison, symbolisant la forte connexion entre la foi catholique et la d\u00e9votion mariale. Les enseignements \u00e9clairants de th\u00e9ologiens tels que Leli\u00e8vre et Hubert proposent une r\u00e9flexion pr\u00e9cieuse sur la valeur de la pri\u00e8re \u00e0 Marie et son influence sur la vie spirituelle des fid\u00e8les. \u00c0 travers la lecture attentive de textes religieux et spirituels, les adeptes approfondissent leur compr\u00e9hension de la v\u00e9n\u00e9ration de Marie et d\u00e9veloppent une relation plus profonde avec Marie, notre m\u00e8re dans la foi. Dans un monde o\u00f9 pr\u00e9dominent les conflits et les hostilit\u00e9s, la d\u00e9votion \u00e0 Marie est un sanctuaire de tranquillit\u00e9 et d\u2019espoir, incitant chaque individu, quelle que soit sa position dans la foi catholique, \u00e0 solliciter la Dame du Ciel avec confiance et d\u00e9votion. Prions donc ensemble, avec un c\u0153ur humble et sinc\u00e8re, en honorant Marie comme notre m\u00e8re et notre intercesseur, et en lui confiant nos pri\u00e8res et nos d\u00e9sirs les plus profonds. Dans cette d\u00e9marche de foi, chaque fid\u00e8le est appel\u00e9 \u00e0 poursuivre la voie des pri\u00e8res et des aspirations du c\u0153ur, sous la conduite du Pape et les pr\u00e9cieuses ressources spirituelles offertes par des plateformes telles que Aleteia. De cette mani\u00e8re, avec une humble confiance et un c\u0153ur ouvert, adressons notre pri\u00e8re quotidienne \u00e0 Marie, lui demandant son intercession affectueuse, et la gr\u00e2ce de pers\u00e9v\u00e9rer dans la pri\u00e8re fervente.<br \/>\nQue notre communion avec le divin devienne notre sanctuaire et notre apaisement en toute circonstance. Que nous nous inclinions vers Marie, notre m\u00e8re c\u00e9leste, avec une foi in\u00e9branlable et un c\u0153ur ouvert, convaincus qu\u2019elle plaide en notre faveur devant son fils bien-aim\u00e9. Que la pri\u00e8re nous m\u00e8ne vers la voie de la saintet\u00e9, nous rapprochant toujours plus de Dieu et de son amour \u00e9ternel.<\/p>\n<p>Publications:<\/p>\n<p>Vers \u00e0 sainte Genevi\u00e8ve.,<a target=\"_blank\" rel=\"nofollow\" href=\"https:\/\/editionsbussiere.com\/blog\/goto\/https:\/\/fr.wikisource.org\/wiki\/Vers_%C3%A0_sainte_Genevi%C3%A8ve\"  target=\"_blank\" rel=\"noopener noreferrer nofollow\">L\u2019article ICI.<\/a><span><\/span>. Suite sur le prochain article.<\/p>\n<p>Marie (Auguste Brizeux)\/Marie, II.,<a target=\"_blank\" rel=\"nofollow\" href=\"https:\/\/editionsbussiere.com\/blog\/goto\/https:\/\/fr.wikisource.org\/wiki\/Marie_(Auguste_Brizeux)\/Marie,_II\"  target=\"_blank\" rel=\"noopener noreferrer nofollow\">Ici.<\/a><span><\/span><\/p>\n<p>Les Chants du cr\u00e9puscule\/\u00c0 Louis B\u2026.,<a target=\"_blank\" rel=\"nofollow\" href=\"https:\/\/editionsbussiere.com\/blog\/goto\/https:\/\/fr.wikisource.org\/wiki\/Les_Chants_du_cr%C3%A9puscule\/%C3%80_Louis_B%E2%80%A6\"  target=\"_blank\" rel=\"noopener noreferrer nofollow\">Le texte de l\u2019article.<\/a><span><\/span>. Suite sur le prochain article.<\/p>\n<p>La Vierge folle.,<a target=\"_blank\" rel=\"nofollow\" href=\"https:\/\/editionsbussiere.com\/blog\/goto\/https:\/\/fr.wikisource.org\/wiki\/La_Vierge_folle\"  target=\"_blank\" rel=\"noopener noreferrer nofollow\">Article complet.<\/a><span><\/span>. Suite sur le prochain article.<\/p>\n<p>La Fleur de Mars.,<a target=\"_blank\" rel=\"nofollow\" href=\"https:\/\/editionsbussiere.com\/blog\/goto\/https:\/\/fr.wikisource.org\/wiki\/La_Fleur_de_Mars\"  target=\"_blank\" rel=\"noopener noreferrer nofollow\">Article complet.<\/a><span><\/span><\/p>\n<p>Auteur:Bernard de Clairvaux.,<a target=\"_blank\" rel=\"nofollow\" href=\"https:\/\/editionsbussiere.com\/blog\/goto\/https:\/\/fr.wikisource.org\/wiki\/Auteur:Bernard_de_Clairvaux\"  target=\"_blank\" rel=\"noopener noreferrer nofollow\">Le texte de l\u2019article.<\/a><span><\/span><\/p>\n<\/div>\n<p><img decoding=\"async\" class=\"wpe_imgrss\" src=\"https:\/\/editionsbussiere.com\/blog\/wp-content\/uploads\/2024\/08\/transfert-de-Virgen-del-Mar-Euro-Weekly-News-et-1024x819-1.jpg\">Cet article a \u00e9t\u00e9 reconstitu\u00e9 du mieux possible. Dans l\u2019hypoth\u00e8se o\u00f9 vous souhaitez apporter quelques modifications concernant le th\u00e8me \u00ab\u00a0Editions \u00e9sot\u00e9rique fond\u00e9e en 1927\u00a0\u00bb, il est possible de discuter avec notre r\u00e9daction. Vous pouvez tirer profit de cet article traitant le sujet \u00ab\u00a0Editions \u00e9sot\u00e9rique fond\u00e9e en 1927\u00a0\u00bb. Il est concoct\u00e9 par l\u2019\u00e9quipe editionsbussiere.com. Le site editionsbussiere.com est fait pour cr\u00e9er divers posts autour du th\u00e8me Editions \u00e9sot\u00e9rique fond\u00e9e en 1927 d\u00e9velopp\u00e9es sur internet. Consultez notre site internet editionsbussiere.com et nos r\u00e9seaux sociaux pour \u00eatre au courant des futures annonces.<\/p>\n","protected":false},"excerpt":{"rendered":"<p>Almeria a c\u00e9l\u00e9br\u00e9 le transfert de la Sainte Vierge de la Couronne de Mer \u00e0 la cath\u00e9drale Cr\u00e9dit : Hermandad Virgen del Mar, Patrona de Almeria \/fb Almeria a prouv\u00e9 hier sa d\u00e9votion avec une belle journ\u00e9e de c\u00e9l\u00e9bration de la Vierge de la Mer. Le 17 ao\u00fbt 2024, la Vierge Marie a quitt\u00e9 son [&hellip;]<\/p>\n","protected":false},"author":3,"featured_media":1191,"comment_status":"closed","ping_status":"closed","sticky":false,"template":"","format":"standard","meta":{"footnotes":""},"categories":[3],"tags":[],"class_list":["post-1190","post","type-post","status-publish","format-standard","has-post-thumbnail","hentry","category-editions-esoterique-fondee-en-1927-depeches","entry","fw-tab-6 fw-tabr-4","has-featured-image"],"yoast_head":"<!-- This site is optimized with the Yoast SEO plugin v27.5 - https:\/\/yoast.com\/product\/yoast-seo-wordpress\/ -->\n<title>transfert de Virgen del Mar \u00ab Euro Weekly News &amp; croire en la m\u00e8re de dieu Marie. - EDITIONSBUSSIERE<\/title>\n<meta name=\"robots\" content=\"index, follow, max-snippet:-1, max-image-preview:large, max-video-preview:-1\" \/>\n<link rel=\"canonical\" href=\"https:\/\/editionsbussiere.com\/blog\/transfert-de-virgen-del-mar-euro-weekly-news-croire-en-la-mere-de-dieu-marie\/\" \/>\n<meta property=\"og:locale\" content=\"fr_FR\" \/>\n<meta property=\"og:type\" content=\"article\" \/>\n<meta property=\"og:title\" content=\"transfert de Virgen del Mar \u00ab Euro Weekly News &amp; croire en la m\u00e8re de dieu Marie. - EDITIONSBUSSIERE\" \/>\n<meta property=\"og:description\" content=\"Almeria a c\u00e9l\u00e9br\u00e9 le transfert de la Sainte Vierge de la Couronne de Mer \u00e0 la cath\u00e9drale Cr\u00e9dit : Hermandad Virgen del Mar, Patrona de Almeria \/fb Almeria a prouv\u00e9 hier sa d\u00e9votion avec une belle journ\u00e9e de c\u00e9l\u00e9bration de la Vierge de la Mer. Le 17 ao\u00fbt 2024, la Vierge Marie a quitt\u00e9 son [&hellip;]\" \/>\n<meta property=\"og:url\" content=\"https:\/\/editionsbussiere.com\/blog\/transfert-de-virgen-del-mar-euro-weekly-news-croire-en-la-mere-de-dieu-marie\/\" \/>\n<meta property=\"og:site_name\" content=\"EDITIONSBUSSIERE\" \/>\n<meta property=\"article:published_time\" content=\"2024-08-18T19:11:37+00:00\" \/>\n<meta property=\"og:image\" content=\"https:\/\/editionsbussiere.com\/blog\/wp-content\/uploads\/2024\/08\/transfert-de-Virgen-del-Mar-Euro-Weekly-News-et-1024x819-1.jpg\" \/>\n<meta name=\"author\" content=\"Marie BATICLE\" \/>\n<meta name=\"twitter:card\" content=\"summary_large_image\" \/>\n<meta name=\"twitter:label1\" content=\"\u00c9crit par\" \/>\n\t<meta name=\"twitter:data1\" content=\"Marie BATICLE\" \/>\n\t<meta name=\"twitter:label2\" content=\"Dur\u00e9e de lecture estim\u00e9e\" \/>\n\t<meta name=\"twitter:data2\" content=\"11 minutes\" \/>\n<script type=\"application\/ld+json\" class=\"yoast-schema-graph\">{\"@context\":\"https:\\\/\\\/schema.org\",\"@graph\":[{\"@type\":\"Article\",\"@id\":\"https:\\\/\\\/editionsbussiere.com\\\/blog\\\/transfert-de-virgen-del-mar-euro-weekly-news-croire-en-la-mere-de-dieu-marie\\\/#article\",\"isPartOf\":{\"@id\":\"https:\\\/\\\/editionsbussiere.com\\\/blog\\\/transfert-de-virgen-del-mar-euro-weekly-news-croire-en-la-mere-de-dieu-marie\\\/\"},\"author\":{\"name\":\"Marie BATICLE\",\"@id\":\"https:\\\/\\\/editionsbussiere.com\\\/blog\\\/#\\\/schema\\\/person\\\/ec90e102792148c97e46ab871010dd8f\"},\"headline\":\"transfert de Virgen del Mar \u00ab Euro Weekly News &amp; croire en la m\u00e8re de dieu Marie.\",\"datePublished\":\"2024-08-18T19:11:37+00:00\",\"mainEntityOfPage\":{\"@id\":\"https:\\\/\\\/editionsbussiere.com\\\/blog\\\/transfert-de-virgen-del-mar-euro-weekly-news-croire-en-la-mere-de-dieu-marie\\\/\"},\"wordCount\":2251,\"publisher\":{\"@id\":\"https:\\\/\\\/editionsbussiere.com\\\/blog\\\/#organization\"},\"image\":{\"@id\":\"https:\\\/\\\/editionsbussiere.com\\\/blog\\\/transfert-de-virgen-del-mar-euro-weekly-news-croire-en-la-mere-de-dieu-marie\\\/#primaryimage\"},\"thumbnailUrl\":\"https:\\\/\\\/editionsbussiere.com\\\/blog\\\/wp-content\\\/uploads\\\/2024\\\/08\\\/transfert-de-Virgen-del-Mar-Euro-Weekly-News-et-1024x819-1.jpg\",\"articleSection\":[\"Editions \u00c9sot\u00e9rique Fond\u00e9e En 1927; D\u00e9p\u00e8ches:\"],\"inLanguage\":\"fr-FR\"},{\"@type\":\"WebPage\",\"@id\":\"https:\\\/\\\/editionsbussiere.com\\\/blog\\\/transfert-de-virgen-del-mar-euro-weekly-news-croire-en-la-mere-de-dieu-marie\\\/\",\"url\":\"https:\\\/\\\/editionsbussiere.com\\\/blog\\\/transfert-de-virgen-del-mar-euro-weekly-news-croire-en-la-mere-de-dieu-marie\\\/\",\"name\":\"transfert de Virgen del Mar \u00ab Euro Weekly News &amp; croire en la m\u00e8re de dieu Marie. - EDITIONSBUSSIERE\",\"isPartOf\":{\"@id\":\"https:\\\/\\\/editionsbussiere.com\\\/blog\\\/#website\"},\"primaryImageOfPage\":{\"@id\":\"https:\\\/\\\/editionsbussiere.com\\\/blog\\\/transfert-de-virgen-del-mar-euro-weekly-news-croire-en-la-mere-de-dieu-marie\\\/#primaryimage\"},\"image\":{\"@id\":\"https:\\\/\\\/editionsbussiere.com\\\/blog\\\/transfert-de-virgen-del-mar-euro-weekly-news-croire-en-la-mere-de-dieu-marie\\\/#primaryimage\"},\"thumbnailUrl\":\"https:\\\/\\\/editionsbussiere.com\\\/blog\\\/wp-content\\\/uploads\\\/2024\\\/08\\\/transfert-de-Virgen-del-Mar-Euro-Weekly-News-et-1024x819-1.jpg\",\"datePublished\":\"2024-08-18T19:11:37+00:00\",\"breadcrumb\":{\"@id\":\"https:\\\/\\\/editionsbussiere.com\\\/blog\\\/transfert-de-virgen-del-mar-euro-weekly-news-croire-en-la-mere-de-dieu-marie\\\/#breadcrumb\"},\"inLanguage\":\"fr-FR\",\"potentialAction\":[{\"@type\":\"ReadAction\",\"target\":[\"https:\\\/\\\/editionsbussiere.com\\\/blog\\\/transfert-de-virgen-del-mar-euro-weekly-news-croire-en-la-mere-de-dieu-marie\\\/\"]}]},{\"@type\":\"ImageObject\",\"inLanguage\":\"fr-FR\",\"@id\":\"https:\\\/\\\/editionsbussiere.com\\\/blog\\\/transfert-de-virgen-del-mar-euro-weekly-news-croire-en-la-mere-de-dieu-marie\\\/#primaryimage\",\"url\":\"https:\\\/\\\/editionsbussiere.com\\\/blog\\\/wp-content\\\/uploads\\\/2024\\\/08\\\/transfert-de-Virgen-del-Mar-Euro-Weekly-News-et-1024x819-1.jpg\",\"contentUrl\":\"https:\\\/\\\/editionsbussiere.com\\\/blog\\\/wp-content\\\/uploads\\\/2024\\\/08\\\/transfert-de-Virgen-del-Mar-Euro-Weekly-News-et-1024x819-1.jpg\",\"width\":1024,\"height\":819,\"caption\":\"transfert de Virgen del Mar Euro Weekly News et 1024x819 1\"},{\"@type\":\"BreadcrumbList\",\"@id\":\"https:\\\/\\\/editionsbussiere.com\\\/blog\\\/transfert-de-virgen-del-mar-euro-weekly-news-croire-en-la-mere-de-dieu-marie\\\/#breadcrumb\",\"itemListElement\":[{\"@type\":\"ListItem\",\"position\":1,\"name\":\"Accueil\",\"item\":\"https:\\\/\\\/editionsbussiere.com\\\/blog\\\/\"},{\"@type\":\"ListItem\",\"position\":2,\"name\":\"transfert de Virgen del Mar \u00ab Euro Weekly News &amp; croire en la m\u00e8re de dieu Marie.\"}]},{\"@type\":\"WebSite\",\"@id\":\"https:\\\/\\\/editionsbussiere.com\\\/blog\\\/#website\",\"url\":\"https:\\\/\\\/editionsbussiere.com\\\/blog\\\/\",\"name\":\"EDITIONSBUSSIERE\",\"description\":\"Editions \u00e9sot\u00e9rique fond\u00e9e en 1927; site historique, A SAVOIR ET RETENIR.\",\"publisher\":{\"@id\":\"https:\\\/\\\/editionsbussiere.com\\\/blog\\\/#organization\"},\"potentialAction\":[{\"@type\":\"SearchAction\",\"target\":{\"@type\":\"EntryPoint\",\"urlTemplate\":\"https:\\\/\\\/editionsbussiere.com\\\/blog\\\/?s={search_term_string}\"},\"query-input\":{\"@type\":\"PropertyValueSpecification\",\"valueRequired\":true,\"valueName\":\"search_term_string\"}}],\"inLanguage\":\"fr-FR\"},{\"@type\":\"Organization\",\"@id\":\"https:\\\/\\\/editionsbussiere.com\\\/blog\\\/#organization\",\"name\":\"editionsbussiere\",\"url\":\"https:\\\/\\\/editionsbussiere.com\\\/blog\\\/\",\"logo\":{\"@type\":\"ImageObject\",\"inLanguage\":\"fr-FR\",\"@id\":\"https:\\\/\\\/editionsbussiere.com\\\/blog\\\/#\\\/schema\\\/logo\\\/image\\\/\",\"url\":\"https:\\\/\\\/editionsbussiere.com\\\/blog\\\/wp-content\\\/uploads\\\/2023\\\/09\\\/cropped-buss.gif\",\"contentUrl\":\"https:\\\/\\\/editionsbussiere.com\\\/blog\\\/wp-content\\\/uploads\\\/2023\\\/09\\\/cropped-buss.gif\",\"width\":298,\"height\":120,\"caption\":\"editionsbussiere\"},\"image\":{\"@id\":\"https:\\\/\\\/editionsbussiere.com\\\/blog\\\/#\\\/schema\\\/logo\\\/image\\\/\"}},{\"@type\":\"Person\",\"@id\":\"https:\\\/\\\/editionsbussiere.com\\\/blog\\\/#\\\/schema\\\/person\\\/ec90e102792148c97e46ab871010dd8f\",\"name\":\"Marie BATICLE\",\"image\":{\"@type\":\"ImageObject\",\"inLanguage\":\"fr-FR\",\"@id\":\"https:\\\/\\\/secure.gravatar.com\\\/avatar\\\/c923e52403b1b8137e2d929127211d21967e6aecaa053bd43b09da29f212e76e?s=96&d=mm&r=g\",\"url\":\"https:\\\/\\\/secure.gravatar.com\\\/avatar\\\/c923e52403b1b8137e2d929127211d21967e6aecaa053bd43b09da29f212e76e?s=96&d=mm&r=g\",\"contentUrl\":\"https:\\\/\\\/secure.gravatar.com\\\/avatar\\\/c923e52403b1b8137e2d929127211d21967e6aecaa053bd43b09da29f212e76e?s=96&d=mm&r=g\",\"caption\":\"Marie BATICLE\"},\"url\":\"https:\\\/\\\/editionsbussiere.com\\\/blog\\\/author\\\/eremarie\\\/\"}]}<\/script>\n<!-- \/ Yoast SEO plugin. -->","yoast_head_json":{"title":"transfert de Virgen del Mar \u00ab Euro Weekly News &amp; croire en la m\u00e8re de dieu Marie. - EDITIONSBUSSIERE","robots":{"index":"index","follow":"follow","max-snippet":"max-snippet:-1","max-image-preview":"max-image-preview:large","max-video-preview":"max-video-preview:-1"},"canonical":"https:\/\/editionsbussiere.com\/blog\/transfert-de-virgen-del-mar-euro-weekly-news-croire-en-la-mere-de-dieu-marie\/","og_locale":"fr_FR","og_type":"article","og_title":"transfert de Virgen del Mar \u00ab Euro Weekly News &amp; croire en la m\u00e8re de dieu Marie. - EDITIONSBUSSIERE","og_description":"Almeria a c\u00e9l\u00e9br\u00e9 le transfert de la Sainte Vierge de la Couronne de Mer \u00e0 la cath\u00e9drale Cr\u00e9dit : Hermandad Virgen del Mar, Patrona de Almeria \/fb Almeria a prouv\u00e9 hier sa d\u00e9votion avec une belle journ\u00e9e de c\u00e9l\u00e9bration de la Vierge de la Mer. Le 17 ao\u00fbt 2024, la Vierge Marie a quitt\u00e9 son [&hellip;]","og_url":"https:\/\/editionsbussiere.com\/blog\/transfert-de-virgen-del-mar-euro-weekly-news-croire-en-la-mere-de-dieu-marie\/","og_site_name":"EDITIONSBUSSIERE","article_published_time":"2024-08-18T19:11:37+00:00","og_image":[{"url":"https:\/\/editionsbussiere.com\/blog\/wp-content\/uploads\/2024\/08\/transfert-de-Virgen-del-Mar-Euro-Weekly-News-et-1024x819-1.jpg","type":"","width":"","height":""}],"author":"Marie BATICLE","twitter_card":"summary_large_image","twitter_misc":{"\u00c9crit par":"Marie BATICLE","Dur\u00e9e de lecture estim\u00e9e":"11 minutes"},"schema":{"@context":"https:\/\/schema.org","@graph":[{"@type":"Article","@id":"https:\/\/editionsbussiere.com\/blog\/transfert-de-virgen-del-mar-euro-weekly-news-croire-en-la-mere-de-dieu-marie\/#article","isPartOf":{"@id":"https:\/\/editionsbussiere.com\/blog\/transfert-de-virgen-del-mar-euro-weekly-news-croire-en-la-mere-de-dieu-marie\/"},"author":{"name":"Marie BATICLE","@id":"https:\/\/editionsbussiere.com\/blog\/#\/schema\/person\/ec90e102792148c97e46ab871010dd8f"},"headline":"transfert de Virgen del Mar \u00ab Euro Weekly News &amp; croire en la m\u00e8re de dieu Marie.","datePublished":"2024-08-18T19:11:37+00:00","mainEntityOfPage":{"@id":"https:\/\/editionsbussiere.com\/blog\/transfert-de-virgen-del-mar-euro-weekly-news-croire-en-la-mere-de-dieu-marie\/"},"wordCount":2251,"publisher":{"@id":"https:\/\/editionsbussiere.com\/blog\/#organization"},"image":{"@id":"https:\/\/editionsbussiere.com\/blog\/transfert-de-virgen-del-mar-euro-weekly-news-croire-en-la-mere-de-dieu-marie\/#primaryimage"},"thumbnailUrl":"https:\/\/editionsbussiere.com\/blog\/wp-content\/uploads\/2024\/08\/transfert-de-Virgen-del-Mar-Euro-Weekly-News-et-1024x819-1.jpg","articleSection":["Editions \u00c9sot\u00e9rique Fond\u00e9e En 1927; D\u00e9p\u00e8ches:"],"inLanguage":"fr-FR"},{"@type":"WebPage","@id":"https:\/\/editionsbussiere.com\/blog\/transfert-de-virgen-del-mar-euro-weekly-news-croire-en-la-mere-de-dieu-marie\/","url":"https:\/\/editionsbussiere.com\/blog\/transfert-de-virgen-del-mar-euro-weekly-news-croire-en-la-mere-de-dieu-marie\/","name":"transfert de Virgen del Mar \u00ab Euro Weekly News &amp; croire en la m\u00e8re de dieu Marie. - EDITIONSBUSSIERE","isPartOf":{"@id":"https:\/\/editionsbussiere.com\/blog\/#website"},"primaryImageOfPage":{"@id":"https:\/\/editionsbussiere.com\/blog\/transfert-de-virgen-del-mar-euro-weekly-news-croire-en-la-mere-de-dieu-marie\/#primaryimage"},"image":{"@id":"https:\/\/editionsbussiere.com\/blog\/transfert-de-virgen-del-mar-euro-weekly-news-croire-en-la-mere-de-dieu-marie\/#primaryimage"},"thumbnailUrl":"https:\/\/editionsbussiere.com\/blog\/wp-content\/uploads\/2024\/08\/transfert-de-Virgen-del-Mar-Euro-Weekly-News-et-1024x819-1.jpg","datePublished":"2024-08-18T19:11:37+00:00","breadcrumb":{"@id":"https:\/\/editionsbussiere.com\/blog\/transfert-de-virgen-del-mar-euro-weekly-news-croire-en-la-mere-de-dieu-marie\/#breadcrumb"},"inLanguage":"fr-FR","potentialAction":[{"@type":"ReadAction","target":["https:\/\/editionsbussiere.com\/blog\/transfert-de-virgen-del-mar-euro-weekly-news-croire-en-la-mere-de-dieu-marie\/"]}]},{"@type":"ImageObject","inLanguage":"fr-FR","@id":"https:\/\/editionsbussiere.com\/blog\/transfert-de-virgen-del-mar-euro-weekly-news-croire-en-la-mere-de-dieu-marie\/#primaryimage","url":"https:\/\/editionsbussiere.com\/blog\/wp-content\/uploads\/2024\/08\/transfert-de-Virgen-del-Mar-Euro-Weekly-News-et-1024x819-1.jpg","contentUrl":"https:\/\/editionsbussiere.com\/blog\/wp-content\/uploads\/2024\/08\/transfert-de-Virgen-del-Mar-Euro-Weekly-News-et-1024x819-1.jpg","width":1024,"height":819,"caption":"transfert de Virgen del Mar Euro Weekly News et 1024x819 1"},{"@type":"BreadcrumbList","@id":"https:\/\/editionsbussiere.com\/blog\/transfert-de-virgen-del-mar-euro-weekly-news-croire-en-la-mere-de-dieu-marie\/#breadcrumb","itemListElement":[{"@type":"ListItem","position":1,"name":"Accueil","item":"https:\/\/editionsbussiere.com\/blog\/"},{"@type":"ListItem","position":2,"name":"transfert de Virgen del Mar \u00ab Euro Weekly News &amp; croire en la m\u00e8re de dieu Marie."}]},{"@type":"WebSite","@id":"https:\/\/editionsbussiere.com\/blog\/#website","url":"https:\/\/editionsbussiere.com\/blog\/","name":"EDITIONSBUSSIERE","description":"Editions \u00e9sot\u00e9rique fond\u00e9e en 1927; site historique, A SAVOIR ET RETENIR.","publisher":{"@id":"https:\/\/editionsbussiere.com\/blog\/#organization"},"potentialAction":[{"@type":"SearchAction","target":{"@type":"EntryPoint","urlTemplate":"https:\/\/editionsbussiere.com\/blog\/?s={search_term_string}"},"query-input":{"@type":"PropertyValueSpecification","valueRequired":true,"valueName":"search_term_string"}}],"inLanguage":"fr-FR"},{"@type":"Organization","@id":"https:\/\/editionsbussiere.com\/blog\/#organization","name":"editionsbussiere","url":"https:\/\/editionsbussiere.com\/blog\/","logo":{"@type":"ImageObject","inLanguage":"fr-FR","@id":"https:\/\/editionsbussiere.com\/blog\/#\/schema\/logo\/image\/","url":"https:\/\/editionsbussiere.com\/blog\/wp-content\/uploads\/2023\/09\/cropped-buss.gif","contentUrl":"https:\/\/editionsbussiere.com\/blog\/wp-content\/uploads\/2023\/09\/cropped-buss.gif","width":298,"height":120,"caption":"editionsbussiere"},"image":{"@id":"https:\/\/editionsbussiere.com\/blog\/#\/schema\/logo\/image\/"}},{"@type":"Person","@id":"https:\/\/editionsbussiere.com\/blog\/#\/schema\/person\/ec90e102792148c97e46ab871010dd8f","name":"Marie BATICLE","image":{"@type":"ImageObject","inLanguage":"fr-FR","@id":"https:\/\/secure.gravatar.com\/avatar\/c923e52403b1b8137e2d929127211d21967e6aecaa053bd43b09da29f212e76e?s=96&d=mm&r=g","url":"https:\/\/secure.gravatar.com\/avatar\/c923e52403b1b8137e2d929127211d21967e6aecaa053bd43b09da29f212e76e?s=96&d=mm&r=g","contentUrl":"https:\/\/secure.gravatar.com\/avatar\/c923e52403b1b8137e2d929127211d21967e6aecaa053bd43b09da29f212e76e?s=96&d=mm&r=g","caption":"Marie BATICLE"},"url":"https:\/\/editionsbussiere.com\/blog\/author\/eremarie\/"}]}},"_links":{"self":[{"href":"https:\/\/editionsbussiere.com\/blog\/wp-json\/wp\/v2\/posts\/1190","targetHints":{"allow":["GET"]}}],"collection":[{"href":"https:\/\/editionsbussiere.com\/blog\/wp-json\/wp\/v2\/posts"}],"about":[{"href":"https:\/\/editionsbussiere.com\/blog\/wp-json\/wp\/v2\/types\/post"}],"author":[{"embeddable":true,"href":"https:\/\/editionsbussiere.com\/blog\/wp-json\/wp\/v2\/users\/3"}],"replies":[{"embeddable":true,"href":"https:\/\/editionsbussiere.com\/blog\/wp-json\/wp\/v2\/comments?post=1190"}],"version-history":[{"count":0,"href":"https:\/\/editionsbussiere.com\/blog\/wp-json\/wp\/v2\/posts\/1190\/revisions"}],"wp:featuredmedia":[{"embeddable":true,"href":"https:\/\/editionsbussiere.com\/blog\/wp-json\/wp\/v2\/media\/1191"}],"wp:attachment":[{"href":"https:\/\/editionsbussiere.com\/blog\/wp-json\/wp\/v2\/media?parent=1190"}],"wp:term":[{"taxonomy":"category","embeddable":true,"href":"https:\/\/editionsbussiere.com\/blog\/wp-json\/wp\/v2\/categories?post=1190"},{"taxonomy":"post_tag","embeddable":true,"href":"https:\/\/editionsbussiere.com\/blog\/wp-json\/wp\/v2\/tags?post=1190"}],"curies":[{"name":"wp","href":"https:\/\/api.w.org\/{rel}","templated":true}]}}