{"id":1182,"date":"2024-08-16T09:14:02","date_gmt":"2024-08-16T07:14:02","guid":{"rendered":"https:\/\/editionsbussiere.com\/blog\/les-coutumes-de-lassomption-a-travers-le-monde-avec-une-priere-en-debut-de-journee\/"},"modified":"2024-08-16T09:14:02","modified_gmt":"2024-08-16T07:14:02","slug":"les-coutumes-de-lassomption-a-travers-le-monde-avec-une-priere-en-debut-de-journee","status":"publish","type":"post","link":"https:\/\/editionsbussiere.com\/blog\/les-coutumes-de-lassomption-a-travers-le-monde-avec-une-priere-en-debut-de-journee\/","title":{"rendered":"Les coutumes de l\u2019Assomption \u00e0 travers le monde\n avec une pri\u00e8re en d\u00e9but de journ\u00e9e."},"content":{"rendered":"<div><img width=\"580\" height=\"329\" src=\"https:\/\/editionsbussiere.com\/blog\/wp-content\/uploads\/2024\/08\/Les-coutumes-de-lAssomption-a-travers-le-monde-avec-une.jpg\" class=\"attachment-large size-large wp-post-image\" alt=\"Les coutumes de l'Assomption \u00e0 travers le monde avec une\" style=\"float:left; margin:0 15px 15px 0;\" decoding=\"async\" srcset=\"https:\/\/editionsbussiere.com\/blog\/wp-content\/uploads\/2024\/08\/Les-coutumes-de-lAssomption-a-travers-le-monde-avec-une.jpg 662w, https:\/\/www.n42.fr\/wp-content\/uploads\/2024\/08\/Les-coutumes-de-lAssomption-a-travers-le-monde-avec-une-300x170.jpg 300w\" sizes=\"(max-width: 580px) 100vw, 580px\"><\/p>\n<p>\n<\/p>\n<div>\n<p class=\"has-drop-cap\">Dans le calendrier catholique, la mi-ao\u00fbt est honor\u00e9e par la comm\u00e9moration liturgique de l\u2019Assomption de Marie au ciel, c\u00e9l\u00e9br\u00e9e le 15<sup>\u00e8me<\/sup>Dans cet article, nous allons passer en revue certaines des riches coutumes associ\u00e9es \u00e0 la f\u00eate de l\u2019Assomption dans le monde catholique.<\/p>\n<p>Tout au long du Moyen \u00c2ge, les trente jours allant de l\u2019Assomption de Marie au 15 septembre \u00e9taient connus sous le nom de \u00ab Trente jours de Notre-Dame \u00bb ou, dans les pays germanophones,<em> Frauendrissiger<\/em>En Europe centrale, la f\u00eate de l\u2019Assomption \u00e9tait connue sous le nom de \u00ab Journ\u00e9e de l\u2019herbe de Notre-Dame \u00bb \u2014<em>Jour de la Kr\u00e4uter<\/em> en allemand et <em>Matka Boska Zielna<\/em> en polonais. <\/p>\n<p>Outre le caract\u00e8re saisonnier de la f\u00eate des r\u00e9coltes (les trente jours se terminaient g\u00e9n\u00e9ralement \u00e0 la p\u00e9riode des Quatre-Temps d\u2019automne ou \u00e0 proximit\u00e9 de celle-ci), la pi\u00e9t\u00e9 populaire attribuait \u00e0 cette p\u00e9riode un caract\u00e8re de bont\u00e9 et de b\u00e9n\u00e9diction. On croyait que les animaux nuisibles devenaient dociles et les plantes v\u00e9n\u00e9neuses inoffensives. On pensait que les aliments produits pendant cette p\u00e9riode \u00e9taient particuli\u00e8rement sains et capables de conserver leur fra\u00eecheur beaucoup plus longtemps. <\/p>\n<p>Ces croyances \u00e9taient si r\u00e9pandues que la <em>Rituel romain<\/em> contient plusieurs b\u00e9n\u00e9dictions pour l\u2019occasion. Les b\u00e9n\u00e9dictions semblent se rapporter \u00e0 des fruits et des herbes dont la valeur \u00e9tait m\u00e9dicinale, car elles demandent \u00e0 Dieu \u00ab de d\u00e9verser sur leur pouvoir naturel d\u00e9j\u00e0 donn\u00e9 par toi la gr\u00e2ce de ta nouvelle b\u00e9n\u00e9diction ; que lorsqu\u2019ils sont utilis\u00e9s par les hommes et les b\u00eates qui les appliquent en ton nom, ils puissent offrir une protection contre toute maladie et adversit\u00e9. \u00bb <\/p>\n<p>Une autre pri\u00e8re du <em>Rituel romain<\/em> La pri\u00e8re demande la b\u00e9n\u00e9diction de la M\u00e8re de Dieu sur les herbes sp\u00e9cifiquement associ\u00e9es \u00e0 l\u2019accouchement. \u00c9tant donn\u00e9 le r\u00f4le de Marie en tant que m\u00e8re des chr\u00e9tiens, elle est particuli\u00e8rement appropri\u00e9e au jour de son Assomption dans la gloire, qui inaugure bien s\u00fbr le d\u00e9but de sa m\u00e9diation universelle au ciel. La pri\u00e8re dit :<\/p>\n<blockquote class=\"wp-block-quote\">\n<p><em>Prions. O Dieu, qui en ce jour avez \u00e9lev\u00e9 au plus haut des cieux le b\u00e2ton de Jess\u00e9, la m\u00e8re de votre Fils, notre Seigneur J\u00e9sus-Christ, afin que, par ses pri\u00e8res et son patronage, vous puissiez communiquer \u00e0 notre mortalit\u00e9 le fruit de ses entrailles, votre Fils : nous prions humblement que, par la puissance de votre Fils et le patronage glorieux de sa M\u00e8re, nous soyons touch\u00e9s par le secours de ces fruits de la terre au point de passer du bien temporel au bien \u00e9ternel. Par le m\u00eame J\u00e9sus-Christ.<\/em><sup>1<\/sup><\/p>\n<\/blockquote>\n<p>Depuis longtemps, les communaut\u00e9s de p\u00eacheurs ont coutume de b\u00e9nir les mers ce jour-l\u00e0. On lit le vingt et uni\u00e8me chapitre de l\u2019\u00c9vangile de saint Jean (quand J\u00e9sus est all\u00e9 p\u00eacher apr\u00e8s la R\u00e9surrection), ainsi que des passages de Luc 5 (\u00ab D\u00e9sormais, vous serez p\u00eacheurs d\u2019hommes \u00bb). On r\u00e9cite le Magnificat, on asperge la mer d\u2019eau b\u00e9nite et on fait le signe de croix au-dessus. On croit que nager dans les eaux b\u00e9nites ce jour-l\u00e0 est curatif.<\/p>\n<p>En Italie, la f\u00eate de l\u2019Assomption est connue sous le nom de <em>Ferragosto<\/em>. L\u2019origine de <em>Ferragosto<\/em> est pr\u00e9chr\u00e9tienne, remontant \u00e0 une f\u00eate instaur\u00e9e par l\u2019empereur Auguste C\u00e9sar en 18 av. J.-C. \u00c0 l\u2019origine, elle avait lieu le 1er ao\u00fbt.<em>Ao\u00fbt<\/em> \u00e9tait un jour de repos pour les ouvriers agricoles. Il \u00e9tait de coutume pour eux de souhaiter \u00e0 leur employeur \u00ab buon ferragosto \u00bb et de recevoir en \u00e9change une prime mon\u00e9taire. Au Moyen \u00c2ge, les \u00e9glises italiennes ont d\u00e9cal\u00e9 la f\u00eate du 1er au 15 pour correspondre \u00e0 l\u2019Assomption. \u00c0 la Renaissance, le paiement de la prime \u00e9tait <em>Ferragosto<\/em> bonus est devenu une loi dans tous les \u00c9tats pontificaux. La coutume de <em>Ferragosto<\/em> continue \u00e0 ce jour, utilis\u00e9 par les Italiens modernes pour la d\u00e9tente et les voyages.<\/p>\n<p>De nombreuses r\u00e9gions organisent des processions ou des f\u00eates \u00e0 l\u2019occasion de l\u2019Assomption. Les c\u00e9l\u00e9brations de l\u2019\u00eele de Malte, dont la patronne est la Vierge Mont\u00e9e au Ciel, sont particuli\u00e8rement c\u00e9l\u00e8bres. Le 15 de ce mois est un jour f\u00e9ri\u00e9, c\u00e9l\u00e9br\u00e9 en grande pompe par les \u00e9glises et les municipalit\u00e9s.<\/p>\n<p>Les coutumes de l\u2019Assomption de la Gr\u00e8ce et de la mer \u00c9g\u00e9e sont trop riches et vari\u00e9es pour \u00eatre d\u00e9crites ici, car chaque \u00eele et chaque ville peuvent avoir leurs propres traditions uniques remontant \u00e0 des si\u00e8cles.<sup>2<\/sup> Deux exemples notables de coutumes grecques de l\u2019Assomption sont fournis par la ville de Kozani, au nord, et l\u2019\u00eele de Paros. \u00c0 Kozani, Marie est v\u00e9n\u00e9r\u00e9e sous le titre de Vierge de Mikrokastro, du monast\u00e8re de Mikrokastro. Chaque ann\u00e9e, \u00e0 la veille de l\u2019Assomption, des groupes de \u00ab cavaliers p\u00e8lerins \u00bb locaux se rassemblent sur les places de la ville pour inviter les gens \u00e0 des f\u00eates en l\u2019honneur de la Vierge. Le lendemain, les cavaliers se r\u00e9unissent \u00e0 l\u2019aube devant l\u2019image de la Sainte M\u00e8re au monast\u00e8re de Mikrokastro et marchent \u00e0 cheval jusqu\u2019\u00e0 Kozani, \u00e0 environ trente kilom\u00e8tres de l\u00e0. Les chevaux sont somptueusement d\u00e9cor\u00e9s et offrent un spectacle impressionnant aux voyageurs qui les aper\u00e7oivent sur la route. Lorsque les cavaliers arrivent \u00e0 Kozani apr\u00e8s midi, il y a des r\u00e9jouissances festives jusqu\u2019au soir.<\/p>\n<p>Sur l\u2019\u00eele de Paros, dans les Cyclades, dans la ville de Parikia, se trouve une \u00e9glise appel\u00e9e Panagia Ekanontapyliani (litt\u00e9ralement, \u00ab l\u2019\u00e9glise aux 100 portes \u00bb). C\u2019est l\u2019une des plus anciennes \u00e9glises de la chr\u00e9tient\u00e9, datant de l\u2019an 326. Le matin de l\u2019Assomption, les fid\u00e8les se rassemblent ici devant une image de la Vierge \u00e0 l\u2019int\u00e9rieur de l\u2019\u00e9glise, suivie d\u2019une procession. Mais le v\u00e9ritable spectacle se produit \u00e0 la tomb\u00e9e de la nuit, lorsque des dizaines de bateaux portant des torches allum\u00e9es s\u2019approchent du quai de Parikia. Les \u00e9quipages de ces bateaux, v\u00eatus de costumes color\u00e9s, sont connus sous le nom de \u00ab pirates \u00bb, qui, une fois d\u00e9barqu\u00e9s, commencent la f\u00eate du soir par la traditionnelle danse Balo.<\/p>\n<p>La f\u00eate rev\u00eat \u00e9galement une signification civique ou politique dans de nombreux pays. Le Canada en est un exemple : en 1881, les Acadiens du Nouveau-Brunswick ont \u200b\u200binstitu\u00e9 le 15 ao\u00fbt comme Journ\u00e9e nationale des Acadiens. Cette journ\u00e9e devait c\u00e9l\u00e9brer la culture acadienne et l\u2019h\u00e9ritage catholique du Canada. L\u2019influent pr\u00eatre, l\u2019abb\u00e9 Marcel-Fran\u00e7ois Richard, a jou\u00e9 un r\u00f4le d\u00e9terminant dans l\u2019instauration de cette f\u00eate le 15 ao\u00fbt. Dans un discours prononc\u00e9 \u00e0 la Convention nationale des Acadiens de 1881, il a affirm\u00e9 que la d\u00e9votion \u00e0 la Sainte Vierge Marie \u00e9tait \u00ab la d\u00e9votion nationale de tous les Acadiens \u00bb.<sup>3<\/sup><\/p>\n<p>Il serait impossible de donner une liste exhaustive de tous les endroits o\u00f9 l\u2019Assomption de Marie est v\u00e9n\u00e9r\u00e9e, mais le fait qu\u2019elle soit un jour f\u00e9ri\u00e9 dans 43 pays diff\u00e9rents devrait donner une id\u00e9e du grand respect que les gens du monde entier portent \u00e0 ce myst\u00e8re tr\u00e8s auguste.<\/p>\n<hr class=\"wp-block-separator\">\n<p>Carracci, A. (vers 1590).<em> Assomption de la Vierge<\/em> [painting]. R\u00e9cup\u00e9r\u00e9 de Wikimedia Commons.<\/p>\n<p><sup>1<\/sup>Les deux pri\u00e8res cit\u00e9es ci-dessus peuvent \u00eatre trouv\u00e9es sur l\u2019excellent site Web Fisheaters, disponible en ligne \u00e0 www.fisheaters.com\/customstimeafter pentecost6.html.<\/p>\n<p><sup>2<\/sup>Pour en savoir plus sur les coutumes grecques de l\u2019Assomption, voir l\u2019article \u00ab Coutumes et traditions des Assomptions (15 ao\u00fbt) \u00e0 travers la Gr\u00e8ce \u00bb par Anastasia Chaini dans <em>Le journaliste grec,<\/em> 14 ao\u00fbt 2011. Disponible en ligne.<\/p>\n<p><sup>3<\/sup>\u00ab Quand c\u00e9l\u00e8bre-t-on la Journ\u00e9e nationale de l\u2019Acadie ? \u00bb sur le site Web de l\u2019 <em>Mus\u00e9e acadien de l\u2019\u00cele-du-Prince-\u00c9douard<\/em><consult le novembre><\/consult><\/p>\n<\/div>\n<p><script>(function(d, s, id) \n  var js, fjs = d.getElementsByTagName(s)[0];\n  if (d.getElementById(id)) return;\n  js = d.createElement(s); js.id = id;\n  js.src = \"\/\/connect.facebook.net\/en_US\/sdk.js#xfbml=1&version=v2.10&appId=123517014997301\";\n  fjs.parentNode.insertBefore(js, fjs);\n(document, 'script', 'facebook-jssdk'));<\/script><script>(function(d, s, id) \n  var js, fjs = d.getElementsByTagName(s)[0];\n  if (d.getElementById(id)) return;\n  js = d.createElement(s); js.id = id;\n  js.src = \"\/\/connect.facebook.net\/en_US\/sdk.js#xfbml=1&version=v2.10&appId=123517014997301\";\n  fjs.parentNode.insertBefore(js, fjs);\n(document, 'script', 'facebook-jssdk'));<\/script><\/p>\n<h2> \u00c9lever nos proches pri\u00e8res pour nos amis au Seigneur de bon matin.<\/h2>\n<p>Cette finale partie de la pri\u00e8re du matin consiste \u00e0 prier pour nos familles familles, notre propre famille, nos connaissances et notre propre communaut\u00e9. Nous pouvons prier pour leur propre, leur bien-\u00eatre, leur s\u00fbret\u00e9, et leur abondance. Nous pouvons \u00e9galement prier pour nos ennemis et pour ceux qui nous ont heurt\u00e9s, et demander \u00e0 Dieu de nous aider \u00e0 leur pardonner et \u00e0 leur t\u00e9moigner de la compassion.<\/p>\n<h3> Prier pour la vigueur et la s\u00fbret\u00e9 de nos \u00eatres chers.<\/h3>\n<p>Dieu tout-puissant, nous te confions nos proches, notre familles et nos connaissances. Surveille, \u00d4 Dieu, au-dessus de eux, et sauvegarde -les de tout p\u00e9ril et de toute maladie. Offre, Seigneur, une sant\u00e9 du corps et de l\u2019esprit \u00e0 eux, et aussi la paix au sein de leur esprit. Que ta protection omnipotente les veille ainsi que les conduise chacun au long de cette journ\u00e9e, afin qu\u2019ils vivent dans une protection et aussi la qui\u00e9tude.<\/p>\n<p>Nous \u00e0 toi prions aussi pour nos enfants, Seigneur tout-puissant, afin qu\u2019ils grandissent dans la foi et dans l\u2019amour de ton b\u00e9ni nom. Donne, \u00d4 Dieu, une sagesse et le courage n\u00e9cessaires en vue de affronter les \u00e9preuves de la vie, et conduise leurs pas le long de le chemin de la v\u00e9rit\u00e9 et de la justice.<\/p>\n<p>Enfin, nous te prions pour nos amis ainsi que nos voisins, Seigneur, pour qu\u2019ils connaissent la joie de ton amour et la paix de ton pardon. Offre-leur, \u00f4 Dieu, des c\u0153urs g\u00e9n\u00e9reux pour partager avec ceux qui dans le besoin, et aussi des largement ouvertes en vue de accueillir ceux qui seuls et aussi abandonn\u00e9s.<\/p>\n<h3> Prier pour notre ennemis et aussi ceux qui sont nous ont offens\u00e9s. <\/h3>\n<p>Seigneur, J\u00e9sus, nous t\u2019 prions pour nos ennemis et pour ceux-ci qui sont nous-m\u00eames ont offens\u00e9s. Accorde-leur, \u00f4 Christ, votre mis\u00e9ricorde ainsi que votre pardon, et aussi ouvre leur c\u0153ur \u00e0 la lumi\u00e8re des ta v\u00e9rit\u00e9. Aide-nous, \u00d4 Seigneur, \u00e0 leur montrer de la compassion et aussi \u00e0 leur pardonner comme tu nous-m\u00eames as pardonn\u00e9. Que ta paix r\u00e8gne dans notre c\u0153urs et que ton amour guide les n\u00f4tres actions, pour que nous puissions vivre en harmonie avec tous ceux qui sont nous entourent.<\/p>\n<h3> Appr\u00e9hender la pri\u00e8re : <\/h3>\n<p>En conclusion, l\u2019 pri\u00e8re nous reconna\u00eet notre mission comme prog\u00e9niture de l\u2019\u00c9ternel : se trouver des observateurs de sa lumi\u00e8re et de ses affection dans une \u00e8re touch\u00e9e aux t\u00e9n\u00e8bres. \u00c0 travers nos discours et notre \u0153uvres, nous r\u00e9pandons l\u2019\u00c9vangile de l\u2019 tranquillit\u00e9 et de la conciliation, offrant l\u2019attente et la gu\u00e9rison \u00e0 un milieu ab\u00eem\u00e9.<\/p>\n<p>\u00c0 l\u2019int\u00e9rieur de la foi chr\u00e9tienne, le lever du jour porte l\u2019 valeur sp\u00e9ciale, illustrant le rafra\u00eechissement et la renaissance int\u00e9rieure. C\u2019est au d\u00e9but de chaque matin\u00e9e que le c\u0153ur se dirige vers Dieu dans l\u2019oraison, cherchant \u00e0 \u00eatre \u00e9clair\u00e9e par la clart\u00e9 c\u00e9leste. La coutume des pri\u00e8res matinales est profond\u00e9ment enracin\u00e9e dans la tradition chr\u00e9tienne, offrant un moment privil\u00e9gi\u00e9 pour se connecter avec l\u2019\u00c9ternel et se pr\u00e9parer spirituellement aux d\u00e9fis de la journ\u00e9e qui vient.<\/p>\n<p>\u00c0 l\u2019int\u00e9rieur de ces oraisons matinales s\u2019 rep\u00e8re souvent une d\u00e9votion distincte envers Marie, la maternelle de J\u00e9sus et figure sainte v\u00e9n\u00e9r\u00e9e aupr\u00e8s de un grand nombre fid\u00e8les. En tant de interm\u00e9diaire au milieu de les hommes et Dieu, Marie est invoqu\u00e9e pour m\u00e9dier en notre nom, nous orientant dans le chemin de la saintet\u00e9 et de la gr\u00e2ce divine. Ses pr\u00e9sentation maternelle fournit r\u00e9confort et abri, cercant nos pri\u00e8re matinales avec une douceur c\u00e9leste.<\/p>\n<p>\u00c0 par les pri\u00e8re du matin, nous sommes convives \u00e0 se unir \u00e0 Marie dans une approche de purification personnelle. En m\u00e9ditant sur la vie et ses vertus, on explorons pour imiter son humilit\u00e9, sa puret\u00e9 et son ob\u00e9issance vers l\u2019 volont\u00e9 de Dieu. Par le biais de la saintet\u00e9 parfaite, Marie se transforme en en nous une mod\u00e8le pour vie chr\u00e9tienne, on souvenant l\u2019importance du pri\u00e8re et de la contemplation dans notre cheminement spirituel.<\/p>\n<p>Joignons nos c\u0153urs dans la pri\u00e8re matinale, dans l\u2019unit\u00e9 de notre esp\u00e9rance, en Marie, la m\u00e8re de notre Seigneur J\u00e9sus-Christ. Dans notre monde troubl\u00e9 par les conflits et la division, recourons \u00e0 la pri\u00e8re pour trouver de trouver la s\u00e9r\u00e9nit\u00e9 et la r\u00e9conciliation. Les catholiques du monde entier peuvent faire d\u00e9poser des v\u0153ux pour la m\u00e8re de dieu <a target=\"_blank\" rel=\"nofollow\" href=\"https:\/\/editionsbussiere.com\/blog\/goto\/https:\/\/www.avemariasound.org\/\" >sur le web.<\/a> Que nos supplications s\u2019\u00e9l\u00e8vent vers le ciel, comme un hommage agr\u00e9able \u00e0 Dieu, afin qu\u2019il puisse nous guider nos chemins sur le chemin de la v\u00e9rit\u00e9 et de la justice. Saint Paul nous dans ses \u00e9p\u00eetres \u00e0 prier sans cesse, quelle que soit la situation, afin que notre connexion avec Dieu reste solide et passionn\u00e9e. La pri\u00e8re, lorsqu\u2019elle est offerte sinc\u00e8rement, a la capacit\u00e9 de changer nos c\u0153urs et de modifier le cours de l\u2019histoire.<\/p>\n<p>La oraison du matin se trouve \u00eatre un temps privil\u00e9gi\u00e9 pour se consacrer vers Dieu avec l\u2019intercession de Marie, en lui offrant nos louanges, nos remerciements et nos intentions les plus profondes. Dans la qui\u00e9tude de l\u2019aurore, on est invit\u00e9s \u00e0 tourner envers la maman sacr\u00e9e, laquelle nous guide avec affection au sujet de du chemin de la foi et du sentiment amoureux divin. En associant notre voix \u00e0 cette derni\u00e8re de Marie, nous \u00e9levons nos pri\u00e8res matinales \u00e0 le tr\u00f4ne de du don divin, assur\u00e9s que notre supplications seront entendues et accueillies aupr\u00e8s de le c\u0153ur mis\u00e9ricordieux de Dieu.<\/p>\n<h2> Pri\u00e8re envers le matin avec dieu et Marie la Vierge<\/h2>\n<p>Dieu tout-puissant et plein de mis\u00e9ricorde, en ce jour qui se l\u00e8ve sous la clart\u00e9 de ta divine lumi\u00e8re, je viens \u00e0 Toi avec foi et modestie. Que cette journ\u00e9e qui s\u2019ouvre soit consacr\u00e9e \u00e0 ton saint nom, que chaque battement de mon c\u0153ur |chaque regard de mes yeux|chacune de mes paroles|chacun de mes gestes} te soit offert en offrande. Que chaque souffle de vie que tu m\u2019as donn\u00e9 soit un souffle d\u2019adoration |un souffle vers toi|un souffle de vie en toi}. Suppliez, que nos pri\u00e8res montent, que nos c\u0153urs implorent, que nos \u00e2mes se confient, suppliez.<\/p>\n<p>Tel Marie, la m\u00e8re bienheureuse qui a port\u00e9 en son sein l\u2019enfant J\u00e9sus, guide-moi dans ce parcours de foi et de d\u00e9votion. Que je puisse, en parcourant les pages de l\u2019\u00c9vangile, trouver la lumi\u00e8re pour \u00e9clairer mes pas et fortifier ma foi. Tel Pierre, accorde-moi la force et l\u2019audace de faire face \u00e0 les tourments de l\u2019existence avec une foi in\u00e9branlable en ta divine providence.<\/p>\n<p>Dans ce temps de Car\u00eame, o\u00f9 les chr\u00e9tiens et les croyantes se pr\u00e9parent \u00e0 comm\u00e9morer la r\u00e9surrection de J\u00e9sus-Christ, donne-moi, Seigneur, la b\u00e9n\u00e9diction de la renaissance spirituelle. Que mon \u00e2me soit purifi\u00e9 de tout ce qui le souille, afin qu\u2019il devienne un lieu sacr\u00e9 o\u00f9 tu r\u00e9sides. Que mes pri\u00e8res, \u00e0 l\u2019image de Fran\u00e7ois d\u2019Assise, sonne comme une m\u00e9lodie de louanges \u00e0 travers les si\u00e8cles.<br \/>\nDieu Tout-Puissant, que mon quotidien soit impr\u00e9gn\u00e9 de ta b\u00e9n\u00e9diction, que tous les moments soit une occasion de entrer en communion avec toi et de te servir dans mes prochains. Que mon chemin soit un t\u00e9moignage vivant de ton amour infini pour tous. Puissent les supplications de Hozana monter vers toi comme un doux parfum, enveloppant toute ma journ\u00e9e dans une ambiance de paix. Priez, \u00c9glise, Fran\u00e7ois, Hozana.<\/p>\n<p>Puissent mon c\u0153ur, \u00d4 Seigneur, devienne une manifestation du tien, rempli d\u2019amour, de compassion et de mis\u00e9ricorde envers les autres. Que toutes mes pens\u00e9es et mes actions soient conduites par l\u2019Esprit divin, afin que je puisse contribuer \u00e0 l\u2019av\u00e8nement de ta justice sur cette terre.<\/p>\n<p>Puissent cette journ\u00e9e constitue une nouvelle \u00e9tape dans mon cheminement spirituel, une opportunit\u00e9 de grandir dans la foi. Seigneur, prends possession de mon c\u0153ur, \u00e9tablis-le comme ton sanctuaire, o\u00f9 ta pr\u00e9sence se manifeste constamment. Que chaque pulsation de mon c\u0153ur soit un chant en ton honneur, Seigneur, pour toujours. Amen.<\/p>\n<p>Dans le r\u00e9veil spirituel spirituel de tout \u00e2me chr\u00e9tienne, la supplication est essentielle. Elle est la connexion \u00e9troite entre le fid\u00e8le de Dieu et sa m\u00e8re c\u00e9leste, Marie, qui prie pour nous en face de son c\u00e9leste Fils. Par le biais de l\u2019acte de pri\u00e8re, nous p\u00e9n\u00e9trons au sein de la clart\u00e9 de l\u2019\u00c9vangile, dirig\u00e9s par le Saint-Esprit, pour trouver la r\u00e9alit\u00e9 et la faveur que J\u00e9sus nous dispense.<\/p>\n<h2>Contemplation de la Parole divine : <\/h2>\n<p>Nous sommes capables de ruminer au sujet de un passage de la Bible lequel nous parle de la tendresse divin. \u00c0 titre illustratif :<\/p>\n<h3>1 Corinthiens 13, 1-8 : <\/h3>\n<p>\u00a0\u00bb<br \/>\nL\u2019amour est patient, il est plein de bont\u00e9; l\u2019amour n\u2019est point envieux; l\u2019amour ne se vante point, il ne s\u2019enfle point d\u2019orgueil, il ne fait rien de malhonn\u00eate, il ne cherche point son int\u00e9r\u00eat, il ne s\u2019irrite point, il ne soup\u00e7onne point le mal, il ne se r\u00e9jouit point de l\u2019injustice, mais il se r\u00e9jouit de la v\u00e9rit\u00e9; il supporte tout, il croit tout, il esp\u00e8re tout, il endure tout.<br \/>\nL\u2019amour ne p\u00e9rit jamais; mais, les proph\u00e9ties, elles seront abolies; les langues, elles cesseront; la connaissance, elle sera abolie.\u00a0\u00bb<\/p>\n<p>Bibliographie :<\/p>\n<p>Quatorze pri\u00e8res\/Pri\u00e8re pour se recueillir.,<a target=\"_blank\" rel=\"nofollow\" href=\"https:\/\/editionsbussiere.com\/blog\/goto\/https:\/\/fr.wikisource.org\/wiki\/Quatorze_pri%C3%A8res\/Pri%C3%A8re_pour_se_recueillir\"  target=\"_blank\" rel=\"noopener noreferrer nofollow\">Le dossier.<\/a><span><\/span>. Suite sur le prochain article.<\/p>\n<p>Les Si\u00e8cles morts\/L\u2019Exil.,<a target=\"_blank\" rel=\"nofollow\" href=\"https:\/\/editionsbussiere.com\/blog\/goto\/https:\/\/fr.wikisource.org\/wiki\/Les_Si%C3%A8cles_morts\/L%E2%80%99Exil\"  target=\"_blank\" rel=\"noopener noreferrer nofollow\">A lire ici.<\/a><span><\/span>. Suite sur le prochain article.<\/p>\n<p>Les Pittoresques (Eekhoud)\/Une Vierge folle\/3.,<a target=\"_blank\" rel=\"nofollow\" href=\"https:\/\/editionsbussiere.com\/blog\/goto\/https:\/\/fr.wikisource.org\/wiki\/Les_Pittoresques_(Eekhoud)\/Une_Vierge_folle\/3\"  target=\"_blank\" rel=\"noopener noreferrer nofollow\">L\u2019article ICI.<\/a><span><\/span><\/p>\n<p>Le Nouveau Testament (Martin, 1861)\/Le Saint \u00c9vangile selon Saint Luc\/I.,<a target=\"_blank\" rel=\"nofollow\" href=\"https:\/\/editionsbussiere.com\/blog\/goto\/https:\/\/fr.wikisource.org\/wiki\/Le_Nouveau_Testament_(Martin,_1861)\/Le_Saint_%C3%89vangile_selon_Saint_Luc\/I\"  target=\"_blank\" rel=\"noopener noreferrer nofollow\">Article complet.<\/a><span><\/span><\/p>\n<p>La L\u00e9gende dor\u00e9e\/La Nativit\u00e9 de Notre-Seigneur J\u00e9sus-Christ.,<a target=\"_blank\" rel=\"nofollow\" href=\"https:\/\/editionsbussiere.com\/blog\/goto\/https:\/\/fr.wikisource.org\/wiki\/La_L%C3%A9gende_dor%C3%A9e\/La_Nativit%C3%A9_de_Notre-Seigneur_J%C3%A9sus-Christ\"  target=\"_blank\" rel=\"noopener noreferrer nofollow\">L\u2019article de presse.<\/a><span><\/span><\/p>\n<p>\u00c0 M***(2)\/\u00c9dition Garnier.,<a target=\"_blank\" rel=\"nofollow\" href=\"https:\/\/editionsbussiere.com\/blog\/goto\/https:\/\/fr.wikisource.org\/wiki\/%C3%80_M***(2)\/%C3%89dition_Garnier\"  target=\"_blank\" rel=\"noopener noreferrer nofollow\">Cliquer ICI.<\/a><span><\/span><\/p>\n<\/div>\n<p><img decoding=\"async\" class=\"wpe_imgrss\" src=\"https:\/\/editionsbussiere.com\/blog\/wp-content\/uploads\/2024\/08\/Les-coutumes-de-lAssomption-a-travers-le-monde-avec-une.jpg\">Cet article a \u00e9t\u00e9 reconstitu\u00e9 du mieux possible. Dans l\u2019hypoth\u00e8se o\u00f9 vous souhaitez apporter quelques modifications concernant le th\u00e8me \u00ab\u00a0Editions \u00e9sot\u00e9rique fond\u00e9e en 1927\u00a0\u00bb, il est possible de discuter avec notre r\u00e9daction. Vous pouvez tirer profit de cet article traitant le sujet \u00ab\u00a0Editions \u00e9sot\u00e9rique fond\u00e9e en 1927\u00a0\u00bb. Il est concoct\u00e9 par l\u2019\u00e9quipe editionsbussiere.com. Le site editionsbussiere.com est fait pour cr\u00e9er divers posts autour du th\u00e8me Editions \u00e9sot\u00e9rique fond\u00e9e en 1927 d\u00e9velopp\u00e9es sur internet. Consultez notre site internet editionsbussiere.com et nos r\u00e9seaux sociaux pour \u00eatre au courant des futures annonces.<\/p>\n","protected":false},"excerpt":{"rendered":"<p>Dans le calendrier catholique, la mi-ao\u00fbt est honor\u00e9e par la comm\u00e9moration liturgique de l\u2019Assomption de Marie au ciel, c\u00e9l\u00e9br\u00e9e le 15\u00e8meDans cet article, nous allons passer en revue certaines des riches coutumes associ\u00e9es \u00e0 la f\u00eate de l\u2019Assomption dans le monde catholique. Tout au long du Moyen \u00c2ge, les trente jours allant de l\u2019Assomption de [&hellip;]<\/p>\n","protected":false},"author":3,"featured_media":1183,"comment_status":"closed","ping_status":"closed","sticky":false,"template":"","format":"standard","meta":{"footnotes":""},"categories":[3],"tags":[],"class_list":["post-1182","post","type-post","status-publish","format-standard","has-post-thumbnail","hentry","category-editions-esoterique-fondee-en-1927-depeches","entry","fw-tab-6 fw-tabr-4","has-featured-image"],"yoast_head":"<!-- This site is optimized with the Yoast SEO plugin v27.5 - https:\/\/yoast.com\/product\/yoast-seo-wordpress\/ -->\n<title>Les coutumes de l\u2019Assomption \u00e0 travers le monde avec une pri\u00e8re en d\u00e9but de journ\u00e9e. - EDITIONSBUSSIERE<\/title>\n<meta name=\"robots\" content=\"index, follow, max-snippet:-1, max-image-preview:large, max-video-preview:-1\" \/>\n<link rel=\"canonical\" href=\"https:\/\/editionsbussiere.com\/blog\/les-coutumes-de-lassomption-a-travers-le-monde-avec-une-priere-en-debut-de-journee\/\" \/>\n<meta property=\"og:locale\" content=\"fr_FR\" \/>\n<meta property=\"og:type\" content=\"article\" \/>\n<meta property=\"og:title\" content=\"Les coutumes de l\u2019Assomption \u00e0 travers le monde avec une pri\u00e8re en d\u00e9but de journ\u00e9e. - EDITIONSBUSSIERE\" \/>\n<meta property=\"og:description\" content=\"Dans le calendrier catholique, la mi-ao\u00fbt est honor\u00e9e par la comm\u00e9moration liturgique de l\u2019Assomption de Marie au ciel, c\u00e9l\u00e9br\u00e9e le 15\u00e8meDans cet article, nous allons passer en revue certaines des riches coutumes associ\u00e9es \u00e0 la f\u00eate de l\u2019Assomption dans le monde catholique. Tout au long du Moyen \u00c2ge, les trente jours allant de l\u2019Assomption de [&hellip;]\" \/>\n<meta property=\"og:url\" content=\"https:\/\/editionsbussiere.com\/blog\/les-coutumes-de-lassomption-a-travers-le-monde-avec-une-priere-en-debut-de-journee\/\" \/>\n<meta property=\"og:site_name\" content=\"EDITIONSBUSSIERE\" \/>\n<meta property=\"article:published_time\" content=\"2024-08-16T07:14:02+00:00\" \/>\n<meta property=\"og:image\" content=\"https:\/\/editionsbussiere.com\/blog\/wp-content\/uploads\/2024\/08\/Les-coutumes-de-lAssomption-a-travers-le-monde-avec-une.jpg\" \/>\n<meta name=\"author\" content=\"Marie BATICLE\" \/>\n<meta name=\"twitter:card\" content=\"summary_large_image\" \/>\n<meta name=\"twitter:label1\" content=\"\u00c9crit par\" \/>\n\t<meta name=\"twitter:data1\" content=\"Marie BATICLE\" \/>\n\t<meta name=\"twitter:label2\" content=\"Dur\u00e9e de lecture estim\u00e9e\" \/>\n\t<meta name=\"twitter:data2\" content=\"16 minutes\" \/>\n<script type=\"application\/ld+json\" class=\"yoast-schema-graph\">{\"@context\":\"https:\\\/\\\/schema.org\",\"@graph\":[{\"@type\":\"Article\",\"@id\":\"https:\\\/\\\/editionsbussiere.com\\\/blog\\\/les-coutumes-de-lassomption-a-travers-le-monde-avec-une-priere-en-debut-de-journee\\\/#article\",\"isPartOf\":{\"@id\":\"https:\\\/\\\/editionsbussiere.com\\\/blog\\\/les-coutumes-de-lassomption-a-travers-le-monde-avec-une-priere-en-debut-de-journee\\\/\"},\"author\":{\"name\":\"Marie BATICLE\",\"@id\":\"https:\\\/\\\/editionsbussiere.com\\\/blog\\\/#\\\/schema\\\/person\\\/ec90e102792148c97e46ab871010dd8f\"},\"headline\":\"Les coutumes de l\u2019Assomption \u00e0 travers le monde avec une pri\u00e8re en d\u00e9but de journ\u00e9e.\",\"datePublished\":\"2024-08-16T07:14:02+00:00\",\"mainEntityOfPage\":{\"@id\":\"https:\\\/\\\/editionsbussiere.com\\\/blog\\\/les-coutumes-de-lassomption-a-travers-le-monde-avec-une-priere-en-debut-de-journee\\\/\"},\"wordCount\":3219,\"publisher\":{\"@id\":\"https:\\\/\\\/editionsbussiere.com\\\/blog\\\/#organization\"},\"image\":{\"@id\":\"https:\\\/\\\/editionsbussiere.com\\\/blog\\\/les-coutumes-de-lassomption-a-travers-le-monde-avec-une-priere-en-debut-de-journee\\\/#primaryimage\"},\"thumbnailUrl\":\"https:\\\/\\\/editionsbussiere.com\\\/blog\\\/wp-content\\\/uploads\\\/2024\\\/08\\\/Les-coutumes-de-lAssomption-a-travers-le-monde-avec-une.jpg\",\"articleSection\":[\"Editions \u00c9sot\u00e9rique Fond\u00e9e En 1927; D\u00e9p\u00e8ches:\"],\"inLanguage\":\"fr-FR\"},{\"@type\":\"WebPage\",\"@id\":\"https:\\\/\\\/editionsbussiere.com\\\/blog\\\/les-coutumes-de-lassomption-a-travers-le-monde-avec-une-priere-en-debut-de-journee\\\/\",\"url\":\"https:\\\/\\\/editionsbussiere.com\\\/blog\\\/les-coutumes-de-lassomption-a-travers-le-monde-avec-une-priere-en-debut-de-journee\\\/\",\"name\":\"Les coutumes de l\u2019Assomption \u00e0 travers le monde avec une pri\u00e8re en d\u00e9but de journ\u00e9e. - EDITIONSBUSSIERE\",\"isPartOf\":{\"@id\":\"https:\\\/\\\/editionsbussiere.com\\\/blog\\\/#website\"},\"primaryImageOfPage\":{\"@id\":\"https:\\\/\\\/editionsbussiere.com\\\/blog\\\/les-coutumes-de-lassomption-a-travers-le-monde-avec-une-priere-en-debut-de-journee\\\/#primaryimage\"},\"image\":{\"@id\":\"https:\\\/\\\/editionsbussiere.com\\\/blog\\\/les-coutumes-de-lassomption-a-travers-le-monde-avec-une-priere-en-debut-de-journee\\\/#primaryimage\"},\"thumbnailUrl\":\"https:\\\/\\\/editionsbussiere.com\\\/blog\\\/wp-content\\\/uploads\\\/2024\\\/08\\\/Les-coutumes-de-lAssomption-a-travers-le-monde-avec-une.jpg\",\"datePublished\":\"2024-08-16T07:14:02+00:00\",\"breadcrumb\":{\"@id\":\"https:\\\/\\\/editionsbussiere.com\\\/blog\\\/les-coutumes-de-lassomption-a-travers-le-monde-avec-une-priere-en-debut-de-journee\\\/#breadcrumb\"},\"inLanguage\":\"fr-FR\",\"potentialAction\":[{\"@type\":\"ReadAction\",\"target\":[\"https:\\\/\\\/editionsbussiere.com\\\/blog\\\/les-coutumes-de-lassomption-a-travers-le-monde-avec-une-priere-en-debut-de-journee\\\/\"]}]},{\"@type\":\"ImageObject\",\"inLanguage\":\"fr-FR\",\"@id\":\"https:\\\/\\\/editionsbussiere.com\\\/blog\\\/les-coutumes-de-lassomption-a-travers-le-monde-avec-une-priere-en-debut-de-journee\\\/#primaryimage\",\"url\":\"https:\\\/\\\/editionsbussiere.com\\\/blog\\\/wp-content\\\/uploads\\\/2024\\\/08\\\/Les-coutumes-de-lAssomption-a-travers-le-monde-avec-une.jpg\",\"contentUrl\":\"https:\\\/\\\/editionsbussiere.com\\\/blog\\\/wp-content\\\/uploads\\\/2024\\\/08\\\/Les-coutumes-de-lAssomption-a-travers-le-monde-avec-une.jpg\",\"width\":662,\"height\":376,\"caption\":\"Les coutumes de lAssomption a travers le monde avec une\"},{\"@type\":\"BreadcrumbList\",\"@id\":\"https:\\\/\\\/editionsbussiere.com\\\/blog\\\/les-coutumes-de-lassomption-a-travers-le-monde-avec-une-priere-en-debut-de-journee\\\/#breadcrumb\",\"itemListElement\":[{\"@type\":\"ListItem\",\"position\":1,\"name\":\"Accueil\",\"item\":\"https:\\\/\\\/editionsbussiere.com\\\/blog\\\/\"},{\"@type\":\"ListItem\",\"position\":2,\"name\":\"Les coutumes de l\u2019Assomption \u00e0 travers le monde avec une pri\u00e8re en d\u00e9but de journ\u00e9e.\"}]},{\"@type\":\"WebSite\",\"@id\":\"https:\\\/\\\/editionsbussiere.com\\\/blog\\\/#website\",\"url\":\"https:\\\/\\\/editionsbussiere.com\\\/blog\\\/\",\"name\":\"EDITIONSBUSSIERE\",\"description\":\"Editions \u00e9sot\u00e9rique fond\u00e9e en 1927; site historique, A SAVOIR ET RETENIR.\",\"publisher\":{\"@id\":\"https:\\\/\\\/editionsbussiere.com\\\/blog\\\/#organization\"},\"potentialAction\":[{\"@type\":\"SearchAction\",\"target\":{\"@type\":\"EntryPoint\",\"urlTemplate\":\"https:\\\/\\\/editionsbussiere.com\\\/blog\\\/?s={search_term_string}\"},\"query-input\":{\"@type\":\"PropertyValueSpecification\",\"valueRequired\":true,\"valueName\":\"search_term_string\"}}],\"inLanguage\":\"fr-FR\"},{\"@type\":\"Organization\",\"@id\":\"https:\\\/\\\/editionsbussiere.com\\\/blog\\\/#organization\",\"name\":\"editionsbussiere\",\"url\":\"https:\\\/\\\/editionsbussiere.com\\\/blog\\\/\",\"logo\":{\"@type\":\"ImageObject\",\"inLanguage\":\"fr-FR\",\"@id\":\"https:\\\/\\\/editionsbussiere.com\\\/blog\\\/#\\\/schema\\\/logo\\\/image\\\/\",\"url\":\"https:\\\/\\\/editionsbussiere.com\\\/blog\\\/wp-content\\\/uploads\\\/2023\\\/09\\\/cropped-buss.gif\",\"contentUrl\":\"https:\\\/\\\/editionsbussiere.com\\\/blog\\\/wp-content\\\/uploads\\\/2023\\\/09\\\/cropped-buss.gif\",\"width\":298,\"height\":120,\"caption\":\"editionsbussiere\"},\"image\":{\"@id\":\"https:\\\/\\\/editionsbussiere.com\\\/blog\\\/#\\\/schema\\\/logo\\\/image\\\/\"}},{\"@type\":\"Person\",\"@id\":\"https:\\\/\\\/editionsbussiere.com\\\/blog\\\/#\\\/schema\\\/person\\\/ec90e102792148c97e46ab871010dd8f\",\"name\":\"Marie BATICLE\",\"image\":{\"@type\":\"ImageObject\",\"inLanguage\":\"fr-FR\",\"@id\":\"https:\\\/\\\/secure.gravatar.com\\\/avatar\\\/c923e52403b1b8137e2d929127211d21967e6aecaa053bd43b09da29f212e76e?s=96&d=mm&r=g\",\"url\":\"https:\\\/\\\/secure.gravatar.com\\\/avatar\\\/c923e52403b1b8137e2d929127211d21967e6aecaa053bd43b09da29f212e76e?s=96&d=mm&r=g\",\"contentUrl\":\"https:\\\/\\\/secure.gravatar.com\\\/avatar\\\/c923e52403b1b8137e2d929127211d21967e6aecaa053bd43b09da29f212e76e?s=96&d=mm&r=g\",\"caption\":\"Marie BATICLE\"},\"url\":\"https:\\\/\\\/editionsbussiere.com\\\/blog\\\/author\\\/eremarie\\\/\"}]}<\/script>\n<!-- \/ Yoast SEO plugin. -->","yoast_head_json":{"title":"Les coutumes de l\u2019Assomption \u00e0 travers le monde avec une pri\u00e8re en d\u00e9but de journ\u00e9e. - EDITIONSBUSSIERE","robots":{"index":"index","follow":"follow","max-snippet":"max-snippet:-1","max-image-preview":"max-image-preview:large","max-video-preview":"max-video-preview:-1"},"canonical":"https:\/\/editionsbussiere.com\/blog\/les-coutumes-de-lassomption-a-travers-le-monde-avec-une-priere-en-debut-de-journee\/","og_locale":"fr_FR","og_type":"article","og_title":"Les coutumes de l\u2019Assomption \u00e0 travers le monde avec une pri\u00e8re en d\u00e9but de journ\u00e9e. - EDITIONSBUSSIERE","og_description":"Dans le calendrier catholique, la mi-ao\u00fbt est honor\u00e9e par la comm\u00e9moration liturgique de l\u2019Assomption de Marie au ciel, c\u00e9l\u00e9br\u00e9e le 15\u00e8meDans cet article, nous allons passer en revue certaines des riches coutumes associ\u00e9es \u00e0 la f\u00eate de l\u2019Assomption dans le monde catholique. Tout au long du Moyen \u00c2ge, les trente jours allant de l\u2019Assomption de [&hellip;]","og_url":"https:\/\/editionsbussiere.com\/blog\/les-coutumes-de-lassomption-a-travers-le-monde-avec-une-priere-en-debut-de-journee\/","og_site_name":"EDITIONSBUSSIERE","article_published_time":"2024-08-16T07:14:02+00:00","og_image":[{"url":"https:\/\/editionsbussiere.com\/blog\/wp-content\/uploads\/2024\/08\/Les-coutumes-de-lAssomption-a-travers-le-monde-avec-une.jpg","type":"","width":"","height":""}],"author":"Marie BATICLE","twitter_card":"summary_large_image","twitter_misc":{"\u00c9crit par":"Marie BATICLE","Dur\u00e9e de lecture estim\u00e9e":"16 minutes"},"schema":{"@context":"https:\/\/schema.org","@graph":[{"@type":"Article","@id":"https:\/\/editionsbussiere.com\/blog\/les-coutumes-de-lassomption-a-travers-le-monde-avec-une-priere-en-debut-de-journee\/#article","isPartOf":{"@id":"https:\/\/editionsbussiere.com\/blog\/les-coutumes-de-lassomption-a-travers-le-monde-avec-une-priere-en-debut-de-journee\/"},"author":{"name":"Marie BATICLE","@id":"https:\/\/editionsbussiere.com\/blog\/#\/schema\/person\/ec90e102792148c97e46ab871010dd8f"},"headline":"Les coutumes de l\u2019Assomption \u00e0 travers le monde avec une pri\u00e8re en d\u00e9but de journ\u00e9e.","datePublished":"2024-08-16T07:14:02+00:00","mainEntityOfPage":{"@id":"https:\/\/editionsbussiere.com\/blog\/les-coutumes-de-lassomption-a-travers-le-monde-avec-une-priere-en-debut-de-journee\/"},"wordCount":3219,"publisher":{"@id":"https:\/\/editionsbussiere.com\/blog\/#organization"},"image":{"@id":"https:\/\/editionsbussiere.com\/blog\/les-coutumes-de-lassomption-a-travers-le-monde-avec-une-priere-en-debut-de-journee\/#primaryimage"},"thumbnailUrl":"https:\/\/editionsbussiere.com\/blog\/wp-content\/uploads\/2024\/08\/Les-coutumes-de-lAssomption-a-travers-le-monde-avec-une.jpg","articleSection":["Editions \u00c9sot\u00e9rique Fond\u00e9e En 1927; D\u00e9p\u00e8ches:"],"inLanguage":"fr-FR"},{"@type":"WebPage","@id":"https:\/\/editionsbussiere.com\/blog\/les-coutumes-de-lassomption-a-travers-le-monde-avec-une-priere-en-debut-de-journee\/","url":"https:\/\/editionsbussiere.com\/blog\/les-coutumes-de-lassomption-a-travers-le-monde-avec-une-priere-en-debut-de-journee\/","name":"Les coutumes de l\u2019Assomption \u00e0 travers le monde avec une pri\u00e8re en d\u00e9but de journ\u00e9e. - EDITIONSBUSSIERE","isPartOf":{"@id":"https:\/\/editionsbussiere.com\/blog\/#website"},"primaryImageOfPage":{"@id":"https:\/\/editionsbussiere.com\/blog\/les-coutumes-de-lassomption-a-travers-le-monde-avec-une-priere-en-debut-de-journee\/#primaryimage"},"image":{"@id":"https:\/\/editionsbussiere.com\/blog\/les-coutumes-de-lassomption-a-travers-le-monde-avec-une-priere-en-debut-de-journee\/#primaryimage"},"thumbnailUrl":"https:\/\/editionsbussiere.com\/blog\/wp-content\/uploads\/2024\/08\/Les-coutumes-de-lAssomption-a-travers-le-monde-avec-une.jpg","datePublished":"2024-08-16T07:14:02+00:00","breadcrumb":{"@id":"https:\/\/editionsbussiere.com\/blog\/les-coutumes-de-lassomption-a-travers-le-monde-avec-une-priere-en-debut-de-journee\/#breadcrumb"},"inLanguage":"fr-FR","potentialAction":[{"@type":"ReadAction","target":["https:\/\/editionsbussiere.com\/blog\/les-coutumes-de-lassomption-a-travers-le-monde-avec-une-priere-en-debut-de-journee\/"]}]},{"@type":"ImageObject","inLanguage":"fr-FR","@id":"https:\/\/editionsbussiere.com\/blog\/les-coutumes-de-lassomption-a-travers-le-monde-avec-une-priere-en-debut-de-journee\/#primaryimage","url":"https:\/\/editionsbussiere.com\/blog\/wp-content\/uploads\/2024\/08\/Les-coutumes-de-lAssomption-a-travers-le-monde-avec-une.jpg","contentUrl":"https:\/\/editionsbussiere.com\/blog\/wp-content\/uploads\/2024\/08\/Les-coutumes-de-lAssomption-a-travers-le-monde-avec-une.jpg","width":662,"height":376,"caption":"Les coutumes de lAssomption a travers le monde avec une"},{"@type":"BreadcrumbList","@id":"https:\/\/editionsbussiere.com\/blog\/les-coutumes-de-lassomption-a-travers-le-monde-avec-une-priere-en-debut-de-journee\/#breadcrumb","itemListElement":[{"@type":"ListItem","position":1,"name":"Accueil","item":"https:\/\/editionsbussiere.com\/blog\/"},{"@type":"ListItem","position":2,"name":"Les coutumes de l\u2019Assomption \u00e0 travers le monde avec une pri\u00e8re en d\u00e9but de journ\u00e9e."}]},{"@type":"WebSite","@id":"https:\/\/editionsbussiere.com\/blog\/#website","url":"https:\/\/editionsbussiere.com\/blog\/","name":"EDITIONSBUSSIERE","description":"Editions \u00e9sot\u00e9rique fond\u00e9e en 1927; site historique, A SAVOIR ET RETENIR.","publisher":{"@id":"https:\/\/editionsbussiere.com\/blog\/#organization"},"potentialAction":[{"@type":"SearchAction","target":{"@type":"EntryPoint","urlTemplate":"https:\/\/editionsbussiere.com\/blog\/?s={search_term_string}"},"query-input":{"@type":"PropertyValueSpecification","valueRequired":true,"valueName":"search_term_string"}}],"inLanguage":"fr-FR"},{"@type":"Organization","@id":"https:\/\/editionsbussiere.com\/blog\/#organization","name":"editionsbussiere","url":"https:\/\/editionsbussiere.com\/blog\/","logo":{"@type":"ImageObject","inLanguage":"fr-FR","@id":"https:\/\/editionsbussiere.com\/blog\/#\/schema\/logo\/image\/","url":"https:\/\/editionsbussiere.com\/blog\/wp-content\/uploads\/2023\/09\/cropped-buss.gif","contentUrl":"https:\/\/editionsbussiere.com\/blog\/wp-content\/uploads\/2023\/09\/cropped-buss.gif","width":298,"height":120,"caption":"editionsbussiere"},"image":{"@id":"https:\/\/editionsbussiere.com\/blog\/#\/schema\/logo\/image\/"}},{"@type":"Person","@id":"https:\/\/editionsbussiere.com\/blog\/#\/schema\/person\/ec90e102792148c97e46ab871010dd8f","name":"Marie BATICLE","image":{"@type":"ImageObject","inLanguage":"fr-FR","@id":"https:\/\/secure.gravatar.com\/avatar\/c923e52403b1b8137e2d929127211d21967e6aecaa053bd43b09da29f212e76e?s=96&d=mm&r=g","url":"https:\/\/secure.gravatar.com\/avatar\/c923e52403b1b8137e2d929127211d21967e6aecaa053bd43b09da29f212e76e?s=96&d=mm&r=g","contentUrl":"https:\/\/secure.gravatar.com\/avatar\/c923e52403b1b8137e2d929127211d21967e6aecaa053bd43b09da29f212e76e?s=96&d=mm&r=g","caption":"Marie BATICLE"},"url":"https:\/\/editionsbussiere.com\/blog\/author\/eremarie\/"}]}},"_links":{"self":[{"href":"https:\/\/editionsbussiere.com\/blog\/wp-json\/wp\/v2\/posts\/1182","targetHints":{"allow":["GET"]}}],"collection":[{"href":"https:\/\/editionsbussiere.com\/blog\/wp-json\/wp\/v2\/posts"}],"about":[{"href":"https:\/\/editionsbussiere.com\/blog\/wp-json\/wp\/v2\/types\/post"}],"author":[{"embeddable":true,"href":"https:\/\/editionsbussiere.com\/blog\/wp-json\/wp\/v2\/users\/3"}],"replies":[{"embeddable":true,"href":"https:\/\/editionsbussiere.com\/blog\/wp-json\/wp\/v2\/comments?post=1182"}],"version-history":[{"count":0,"href":"https:\/\/editionsbussiere.com\/blog\/wp-json\/wp\/v2\/posts\/1182\/revisions"}],"wp:featuredmedia":[{"embeddable":true,"href":"https:\/\/editionsbussiere.com\/blog\/wp-json\/wp\/v2\/media\/1183"}],"wp:attachment":[{"href":"https:\/\/editionsbussiere.com\/blog\/wp-json\/wp\/v2\/media?parent=1182"}],"wp:term":[{"taxonomy":"category","embeddable":true,"href":"https:\/\/editionsbussiere.com\/blog\/wp-json\/wp\/v2\/categories?post=1182"},{"taxonomy":"post_tag","embeddable":true,"href":"https:\/\/editionsbussiere.com\/blog\/wp-json\/wp\/v2\/tags?post=1182"}],"curies":[{"name":"wp","href":"https:\/\/api.w.org\/{rel}","templated":true}]}}