{"id":1179,"date":"2024-08-15T20:53:07","date_gmt":"2024-08-15T18:53:07","guid":{"rendered":"https:\/\/editionsbussiere.com\/blog\/le-pere-kolson-ancien-cure-des-paroisses-dedgewood-et-de-bradshaw-decede-a-76-ans-avec-une-priere-au-petit-jour\/"},"modified":"2024-08-15T20:53:07","modified_gmt":"2024-08-15T18:53:07","slug":"le-pere-kolson-ancien-cure-des-paroisses-dedgewood-et-de-bradshaw-decede-a-76-ans-avec-une-priere-au-petit-jour","status":"publish","type":"post","link":"https:\/\/editionsbussiere.com\/blog\/le-pere-kolson-ancien-cure-des-paroisses-dedgewood-et-de-bradshaw-decede-a-76-ans-avec-une-priere-au-petit-jour\/","title":{"rendered":"Le p\u00e8re Kolson, ancien cur\u00e9 des paroisses d\u2019Edgewood et de Bradshaw, d\u00e9c\u00e8de \u00e0 76 ans\n avec une pri\u00e8re au petit jour."},"content":{"rendered":"<div><img width=\"580\" height=\"387\" src=\"https:\/\/editionsbussiere.com\/blog\/wp-content\/uploads\/2024\/08\/Le-pere-Kolson-ancien-cure-des-paroisses-dEdgewood-et-de.jpg\" class=\"attachment-large size-large wp-post-image\" alt=\"Le p\u00e8re Kolson, ancien cur\u00e9 des paroisses d'Edgewood et de\" style=\"float:left; margin:0 15px 15px 0;\" decoding=\"async\" srcset=\"https:\/\/editionsbussiere.com\/blog\/wp-content\/uploads\/2024\/08\/Le-pere-Kolson-ancien-cure-des-paroisses-dEdgewood-et-de.jpg 900w, https:\/\/www.n42.fr\/wp-content\/uploads\/2024\/08\/Le-pere-Kolson-ancien-cure-des-paroisses-dEdgewood-et-de-300x200.jpg 300w, https:\/\/www.n42.fr\/wp-content\/uploads\/2024\/08\/Le-pere-Kolson-ancien-cure-des-paroisses-dEdgewood-et-de-768x512.jpg 768w\" sizes=\"(max-width: 580px) 100vw, 580px\"><\/p>\n<p>\n<\/p>\n<div>\n<p>Le p\u00e8re Lawrence Florian \u00ab Larry \u00bb Kolson, originaire de Baltimore, qui a servi six paroisses dans l\u2019archidioc\u00e8se de Baltimore et qui a r\u00e9cemment c\u00e9l\u00e9br\u00e9 ses 50 ans de sacerdoce, est d\u00e9c\u00e9d\u00e9 le 13 ao\u00fbt \u00e0 l\u2019hospice Stella Maris de Timonium des suites d\u2019une longue maladie. Il avait 76 ans.<\/p>\n<div class=\"wp-block-image\">\n<figure class=\"alignleft size-full is-resized\"><img loading=\"lazy\" decoding=\"async\" width=\"1024\" height=\"768\" src=\"https:\/\/editionsbussiere.com\/blog\/wp-content\/uploads\/2024\/08\/kolson-two.jpg\" alt=\"\" class=\"wp-image-250095\" style=\"width:427px;height:auto\" srcset=\"https:\/\/editionsbussiere.com\/blog\/wp-content\/uploads\/2024\/08\/kolson-two.jpg 1024w, https:\/\/catholicreview.org\/wp-content\/uploads\/2024\/08\/kolson-two-300x225.jpg 300w, https:\/\/catholicreview.org\/wp-content\/uploads\/2024\/08\/kolson-two-768x576.jpg 768w\" sizes=\"auto, (max-width: 1024px) 100vw, 1024px\"><figcaption class=\"wp-element-caption\">Le p\u00e8re Joseph Okech de St. Steven Bomu, au Kenya, offre au p\u00e8re Lawrence \u00ab Larry \u00bb Kolson un cadeau de gratitude le 30 juin 2013 lors de la messe du 150e anniversaire de la paroisse St. Stephen. (Avec l\u2019aimable autorisation de la paroisse St. Stephen)<\/figcaption><\/figure>\n<\/div>\n<p>Des amis se souviennent que l\u2019ancien pasteur de Prince of Peace \u00e0 Edgewood et de St. Stephen \u00e0 Bradshaw a consacr\u00e9 son sacerdoce \u00e0 partager l\u2019amour du Christ avec les autres.<\/p>\n<p>S\u0153ur franciscaine Angela DeFontes, qui a servi comme collaboratrice pastorale aupr\u00e8s du p\u00e8re Kolson \u00e0 St. Stephen, a d\u00e9clar\u00e9 que son amie \u00e9tait bien connue pour dire : \u00ab Souviens-toi toujours que Dieu est fou amoureux de toi. \u00bb<\/p>\n<p>\u00ab C\u2019\u00e9tait un hom\u00e9liste ph\u00e9nom\u00e9nal \u00bb, a-t-elle d\u00e9clar\u00e9. \u00ab Il vous laissait toujours quelque chose de tr\u00e8s profond sur lequel r\u00e9fl\u00e9chir. \u00bb<\/p>\n<p>Nancy Van Poppel, paroissienne de St. Stephen depuis 1950, a d\u00e9clar\u00e9 \u00e0 propos du p\u00e8re Kolson : \u00ab Il nous a appris \u00e0 aimer, \u00e0 \u00eatre gentils. Il incarnait l\u2019amour de J\u00e9sus-Christ pour nous. \u00bb<\/p>\n<p>N\u00e9 le 2 juillet 1948 \u00e0 Hamilton, le p\u00e8re Kolson a fr\u00e9quent\u00e9 l\u2019\u00e9cole St. Matthew et le lyc\u00e9e latin St. Paul \u00e0 Baltimore, le St. Charles College \u00e0 Catonsville et le s\u00e9minaire St. Mary \u00e0 Roland Park.<\/p>\n<p>Apr\u00e8s avoir \u00e9t\u00e9 diacre \u00e0 St. Anthony of Padua \u00e0 Hamilton, il a \u00e9t\u00e9 ordonn\u00e9 pr\u00eatre le 18 mai 1974 \u00e0 la cath\u00e9drale de Marie-Reine \u00e0 Homeland. Il a ensuite \u00e9t\u00e9 nomm\u00e9 vicaire de St. Mary, Hagerstown, de l\u2019\u00e9glise de la Nativit\u00e9, Timonium, de St. Clement I, de Lansdowne et de St. Mark, Fallston.<\/p>\n<div class=\"wp-block-image\">\n<figure class=\"alignright size-full is-resized\"><img loading=\"lazy\" decoding=\"async\" width=\"623\" height=\"693\" src=\"https:\/\/editionsbussiere.com\/blog\/wp-content\/uploads\/2024\/08\/ordination.jpg\" alt=\"\" class=\"wp-image-250097\" style=\"width:281px;height:auto\" srcset=\"https:\/\/editionsbussiere.com\/blog\/wp-content\/uploads\/2024\/08\/ordination.jpg 623w, https:\/\/catholicreview.org\/wp-content\/uploads\/2024\/08\/ordination-270x300.jpg 270w\" sizes=\"auto, (max-width: 623px) 100vw, 623px\"><figcaption class=\"wp-element-caption\">Le p\u00e8re Lawrence \u00ab Larry \u00bb Kolson est photographi\u00e9 en 1974, l\u2019ann\u00e9e de son ordination sacerdotale. (Fichier CR)<\/figcaption><\/figure>\n<\/div>\n<p>Le p\u00e8re Kolson a \u00e9t\u00e9 cur\u00e9 de Prince of Peace \u00e0 Edgewood de 1988 \u00e0 1994 et cur\u00e9 de St. Stephen \u00e0 Bradshaw de 1994 jusqu\u2019\u00e0 sa retraite en juillet 2019. St. Stephen fait maintenant partie d\u2019un pastorat avec le Saint-Esprit \u00e0 Jopp\u00e9.<\/p>\n<p>C\u2019est \u00e0 St. Stephen que le p\u00e8re Kolson, un historien amateur passionn\u00e9 par la guerre civile, a trouv\u00e9 un foyer particuli\u00e8rement heureux. Dans une interview accord\u00e9e \u00e0 la Catholic Review en 2009, il a d\u00e9clar\u00e9 qu\u2019il ne voulait aller nulle part ailleurs.<\/p>\n<p>\u00ab Nous essayons de nous amuser \u00bb, a-t-il d\u00e9clar\u00e9. \u00ab Nous pouvons c\u00e9l\u00e9brer notre foi de mani\u00e8re joyeuse, voire amusante. Nous pouvons passer un bon moment en \u00e9tant catholiques. \u00bb<\/p>\n<p>Drew Bonthron, paroissien de longue date et ancien membre du conseil pastoral de St. Stephen, se souvient que le p\u00e8re Kolson a gard\u00e9 son sens de l\u2019humour dans au moins une circonstance difficile.<\/p>\n<div class=\"wp-block-image\">\n<figure class=\"alignleft size-large is-resized\"><img loading=\"lazy\" decoding=\"async\" width=\"575\" height=\"1024\" src=\"https:\/\/editionsbussiere.com\/blog\/wp-content\/uploads\/2024\/08\/kolson-one-575x1024-1.jpg\" alt=\"\" class=\"wp-image-250094\" style=\"width:261px;height:auto\" srcset=\"https:\/\/editionsbussiere.com\/blog\/wp-content\/uploads\/2024\/08\/kolson-one-575x1024-1.jpg 575w, https:\/\/catholicreview.org\/wp-content\/uploads\/2024\/08\/kolson-one-168x300.jpg 168w, https:\/\/catholicreview.org\/wp-content\/uploads\/2024\/08\/kolson-one.jpg 703w\" sizes=\"auto, (max-width: 575px) 100vw, 575px\"><figcaption class=\"wp-element-caption\">Le p\u00e8re Lawrence \u00ab Larry \u00bb Kolson est vu lors de l\u2019inauguration d\u2019une statue de Stephen \u00e0 St. Stephen, Bradshaw, le 30 juin 2013. (Avec l\u2019aimable autorisation de la paroisse St. Stephen)<\/figcaption><\/figure>\n<\/div>\n<p>Lors d\u2019un enterrement bond\u00e9, il a d\u00fb remettre en question avec douceur le choix de la famille concernant les lectures qui ne figuraient pas dans le lectionnaire et a cherch\u00e9 des lectures appropri\u00e9es pendant la liturgie. Il a lanc\u00e9 : \u00ab Si vous n\u2019aimez pas la religion organis\u00e9e, Saint-\u00c9tienne est votre place ! \u00bb<\/p>\n<p>Bonthron a \u00e9galement rappel\u00e9 que le p\u00e8re Kolson saluait les paroissiens \u00e0 la porte d\u2019entr\u00e9e avant la messe, au lieu de le faire apr\u00e8s, et a d\u00e9clar\u00e9 qu\u2019il avait \u00e9t\u00e9 l\u2019un des premiers \u00e0 adopter de petites communaut\u00e9s religieuses au sein de la paroisse.<\/p>\n<p>\u00ab Il \u00e9tait toujours \u00e0 la recherche de quelque chose, qu\u2019il soit \u00e0 la mode ou non, qui aiderait les gens dans leur cheminement de foi. \u00bb<\/p>\n<p>Et cela a attir\u00e9 les paroissiens. \u00ab Soixante-dix pour cent des personnes qui s\u2019y rendent ne vivent pas dans les limites de la paroisse \u00bb, a d\u00e9clar\u00e9 Bonthron.<\/p>\n<p>Au moment de son ordination, le p\u00e8re Kolson a d\u00e9clar\u00e9 \u00e0 la Catholic Review que le sacerdoce \u00e9tait la \u00ab seule chose \u00bb qui avait du sens pour lui \u00e0 cette \u00e9poque.<\/p>\n<p>\u00ab Je pense qu\u2019un pr\u00eatre est avant tout un r\u00e9conciliateur \u00bb, a-t-il d\u00e9clar\u00e9. \u00ab J\u2019esp\u00e8re apporter un certain sens de r\u00e9conciliation aux personnes avec lesquelles je travaille, pour les aider, surtout dans la situation actuelle, \u00e0 se d\u00e9tendre et \u00e0 permettre \u00e0 Dieu de les sauver. \u00bb<\/p>\n<p>Le p\u00e8re Kolson est arriv\u00e9 \u00e0 St. Stephen \u00e0 un moment difficile pour la paroisse apr\u00e8s le d\u00e9c\u00e8s de l\u2019ancien cur\u00e9 par suicide.<\/p>\n<p>Le p\u00e8re George Gannon, actuel cur\u00e9 de la paroisse de Saint-\u00c9tienne et du Saint-Esprit, a d\u00e9clar\u00e9 dans un hommage sur Facebook que l\u2019attention et le souci de son pr\u00e9d\u00e9cesseur pour les \u00e9coles catholiques et le programme d\u2019\u00e9ducation religieuse paroissiale \u00ab ont b\u00e9ni de nombreux jeunes alors qu\u2019ils grandissaient dans l\u2019amour du Christ et de son \u00c9glise \u00bb.<\/p>\n<p><em>La visite aura lieu le 19 ao\u00fbt de 15 h \u00e0 17 h \u00e0 l\u2019\u00e9glise St. Stephen. Une messe fun\u00e9raire est pr\u00e9vue le 21 ao\u00fbt \u00e0 11 h \u00e0 la paroisse Prince of Peace. L\u2019hom\u00e9liste sera le p\u00e8re William O\u2019Brien.<\/em><\/p>\n<section class=\"ab-block-post-grid featuredpost aligncenter\">\n<h2 class=\"ab-post-grid-section-title\">plus d\u2019avis de d\u00e9c\u00e8s<\/h2>\n<div class=\"ab-post-grid-items is-grid columns-3\">\n<article id=\"post-250073\" class=\"ab-post-grid-item post-250073 post type-post status-publish format-standard has-post-thumbnail category-local-news category-news category-obituaries entry\">\n<div class=\"ab-block-post-grid-image\"><img loading=\"lazy\" decoding=\"async\" width=\"900\" height=\"600\" src=\"https:\/\/editionsbussiere.com\/blog\/wp-content\/uploads\/2024\/08\/vanyo.jpg\" class=\"attachment-full size-full\" alt=\"\" srcset=\"https:\/\/editionsbussiere.com\/blog\/wp-content\/uploads\/2024\/08\/vanyo.jpg 900w, https:\/\/catholicreview.org\/wp-content\/uploads\/2024\/08\/vanyo-300x200.jpg 300w, https:\/\/catholicreview.org\/wp-content\/uploads\/2024\/08\/vanyo-768x512.jpg 768w, https:\/\/catholicreview.org\/wp-content\/uploads\/2024\/08\/vanyo-600x400.jpg 600w\" sizes=\"auto, (max-width: 900px) 100vw, 900px\"><\/div>\n<div class=\"ab-block-post-grid-text\">\n<header class=\"ab-block-post-grid-header\">\n<h3 class=\"ab-block-post-grid-title\">D\u00e9c\u00e8s du p\u00e8re r\u00e9demptoriste Stephen Vanyo \u00e0 l\u2019\u00e2ge de 88 ans<\/h3>\n<\/header>\n<\/div>\n<\/article>\n<article id=\"post-250003\" class=\"ab-post-grid-item post-250003 post type-post status-publish format-standard has-post-thumbnail category-local-news category-news category-obituaries entry\">\n<div class=\"ab-block-post-grid-image\"><img loading=\"lazy\" decoding=\"async\" width=\"710\" height=\"473\" src=\"https:\/\/editionsbussiere.com\/blog\/wp-content\/uploads\/2024\/08\/Josaire-Brady-1.jpg\" class=\"attachment-full size-full\" alt=\"\" srcset=\"https:\/\/editionsbussiere.com\/blog\/wp-content\/uploads\/2024\/08\/Josaire-Brady-1.jpg 710w, https:\/\/catholicreview.org\/wp-content\/uploads\/2024\/08\/Josaire-Brady-300x200.jpg 300w, https:\/\/catholicreview.org\/wp-content\/uploads\/2024\/08\/Josaire-Brady-600x400.jpg 600w\" sizes=\"auto, (max-width: 710px) 100vw, 710px\"><\/div>\n<div class=\"ab-block-post-grid-text\">\n<header class=\"ab-block-post-grid-header\">\n<h3 class=\"ab-block-post-grid-title\">S\u0153ur M. Josaire Brady, IHM, d\u00e9c\u00e8de \u00e0 93 ans<\/h3>\n<\/header>\n<\/div>\n<\/article>\n<article id=\"post-249674\" class=\"ab-post-grid-item post-249674 post type-post status-publish format-standard has-post-thumbnail category-local-news category-news category-obituaries entry\">\n<div class=\"ab-block-post-grid-image\"><img loading=\"lazy\" decoding=\"async\" width=\"900\" height=\"600\" src=\"https:\/\/editionsbussiere.com\/blog\/wp-content\/uploads\/2024\/08\/obit-sister-cabrini-1.jpg\" class=\"attachment-full size-full\" alt=\"\" srcset=\"https:\/\/editionsbussiere.com\/blog\/wp-content\/uploads\/2024\/08\/obit-sister-cabrini-1.jpg 900w, https:\/\/catholicreview.org\/wp-content\/uploads\/2024\/08\/obit-sister-cabrini-300x200.jpg 300w, https:\/\/catholicreview.org\/wp-content\/uploads\/2024\/08\/obit-sister-cabrini-768x512.jpg 768w, https:\/\/catholicreview.org\/wp-content\/uploads\/2024\/08\/obit-sister-cabrini-600x400.jpg 600w\" sizes=\"auto, (max-width: 900px) 100vw, 900px\"><\/div>\n<div class=\"ab-block-post-grid-text\">\n<header class=\"ab-block-post-grid-header\">\n<h3 class=\"ab-block-post-grid-title\">S\u0153ur Mary Cabrini Bonnett, ancienne r\u00e9ceptionniste de Bon Secours, d\u00e9c\u00e8de \u00e0 97 ans<\/h3>\n<\/header>\n<\/div>\n<\/article>\n<article id=\"post-249430\" class=\"ab-post-grid-item post-249430 post type-post status-publish format-standard has-post-thumbnail category-journalism category-news category-obituaries category-world-news entry\">\n<div class=\"ab-block-post-grid-image\"><img loading=\"lazy\" decoding=\"async\" width=\"900\" height=\"600\" src=\"https:\/\/editionsbussiere.com\/blog\/wp-content\/uploads\/2024\/08\/spence-obit-franny-2.jpg\" class=\"attachment-full size-full\" alt=\"\" srcset=\"https:\/\/editionsbussiere.com\/blog\/wp-content\/uploads\/2024\/08\/spence-obit-franny-2.jpg 900w, https:\/\/catholicreview.org\/wp-content\/uploads\/2024\/07\/spence-obit-franny-300x200.jpg 300w, https:\/\/catholicreview.org\/wp-content\/uploads\/2024\/07\/spence-obit-franny-768x512.jpg 768w, https:\/\/catholicreview.org\/wp-content\/uploads\/2024\/07\/spence-obit-franny-600x400.jpg 600w\" sizes=\"auto, (max-width: 900px) 100vw, 900px\"><\/div>\n<div class=\"ab-block-post-grid-text\">\n<header class=\"ab-block-post-grid-header\">\n<h3 class=\"ab-block-post-grid-title\">Tony Spence, journaliste catholique chevronn\u00e9, d\u00e9c\u00e8de \u00e0 71 ans ; il a qualifi\u00e9 son travail de \u00ab vocation que j\u2019aime vraiment \u00bb<\/h3>\n<\/header>\n<\/div>\n<\/article>\n<article id=\"post-249257\" class=\"ab-post-grid-item post-249257 post type-post status-publish format-standard has-post-thumbnail category-feature category-local-news category-news category-obituaries entry\">\n<div class=\"ab-block-post-grid-image\"><img loading=\"lazy\" decoding=\"async\" width=\"700\" height=\"467\" src=\"https:\/\/editionsbussiere.com\/blog\/wp-content\/uploads\/2024\/08\/Hallacher-Janice-Marie-1952-2.jpg\" class=\"attachment-full size-full\" alt=\"\" srcset=\"https:\/\/editionsbussiere.com\/blog\/wp-content\/uploads\/2024\/08\/Hallacher-Janice-Marie-1952-2.jpg 700w, https:\/\/catholicreview.org\/wp-content\/uploads\/2024\/07\/Hallacher-Janice-Marie-1952-300x200.jpg 300w, https:\/\/catholicreview.org\/wp-content\/uploads\/2024\/07\/Hallacher-Janice-Marie-1952-600x400.jpg 600w\" sizes=\"auto, (max-width: 700px) 100vw, 700px\"><\/div>\n<div class=\"ab-block-post-grid-text\">\n<header class=\"ab-block-post-grid-header\">\n<h3 class=\"ab-block-post-grid-title\">S\u0153ur Janice Marie Hallacher, ancienne directrice du lyc\u00e9e catholique, d\u00e9c\u00e8de \u00e0 92 ans<\/h3>\n<\/header>\n<\/div>\n<\/article>\n<article id=\"post-249210\" class=\"ab-post-grid-item post-249210 post type-post status-publish format-standard has-post-thumbnail category-feature category-local-news category-news category-obituaries entry\">\n<div class=\"ab-block-post-grid-image\"><img loading=\"lazy\" decoding=\"async\" width=\"900\" height=\"600\" src=\"https:\/\/editionsbussiere.com\/blog\/wp-content\/uploads\/2024\/08\/bauermann-obit-2.jpg\" class=\"attachment-full size-full\" alt=\"\" srcset=\"https:\/\/editionsbussiere.com\/blog\/wp-content\/uploads\/2024\/08\/bauermann-obit-2.jpg 900w, https:\/\/catholicreview.org\/wp-content\/uploads\/2024\/07\/bauermann-obit-300x200.jpg 300w, https:\/\/catholicreview.org\/wp-content\/uploads\/2024\/07\/bauermann-obit-768x512.jpg 768w, https:\/\/catholicreview.org\/wp-content\/uploads\/2024\/07\/bauermann-obit-600x400.jpg 600w\" sizes=\"auto, (max-width: 900px) 100vw, 900px\"><\/div>\n<div class=\"ab-block-post-grid-text\">\n<header class=\"ab-block-post-grid-header\">\n<h3 class=\"ab-block-post-grid-title\">Charles Bauermann, d\u00e9fenseur des m\u00e9dias catholiques et des vocations religieuses, d\u00e9c\u00e8de \u00e0 91 ans<\/h3>\n<\/header>\n<\/div>\n<\/article>\n<\/div>\n<\/section>\n<p class=\"post-copyright\">Droits d\u2019auteur \u00a9 2024 Catholic Review Media<\/p>\n<p class=\"print-friendly\"><img decoding=\"async\" class=\"WP-PrintIcon\" src=\"https:\/\/editionsbussiere.com\/blog\/wp-content\/uploads\/2024\/08\/printer_famfamfam-3.gif\" alt=\"Imprimer\" title=\"Imprimer\" style=\"border: 0px;\"> Imprimer<\/p>\n<p>\t\t\t<!--<rdf:RDF xmlns:rdf=\"http:\/\/www.w3.org\/1999\/02\/22-rdf-syntax-ns#\"\n\t\t\txmlns:dc=\"http:\/\/purl.org\/dc\/elements\/1.1\/\"\n\t\t\txmlns:trackback=\"http:\/\/madskills.com\/public\/xml\/rss\/module\/trackback\/\">\n\t\t<rdf:Description rdf:about=\"https:\/\/catholicreview.org\/father-kolson-former-pastor-of-edgewood-and-bradshaw-parishes-dies-at-76\/\"\n    dc:identifier=\"https:\/\/catholicreview.org\/father-kolson-former-pastor-of-edgewood-and-bradshaw-parishes-dies-at-76\/\"\n    dc:title=\"Father Kolson, former pastor of Edgewood and Bradshaw parishes, dies at 76\"\n    trackback:ping=\"https:\/\/catholicreview.org\/father-kolson-former-pastor-of-edgewood-and-bradshaw-parishes-dies-at-76\/trackback\/\" \/>\n<\/rdf:RDF>-->\n<\/p>\n<\/div>\n<h2>Une p\u00e9riode de pri\u00e8re personnelle afin de nous connecter \u00e0 Dieu. <\/h2>\n<p>Adorable P\u00e8re c\u00e9leste, je viens face \u00e0 toi afin de te remercier \u00e0 cause de cette nouvelle journ\u00e9e. Je te loue en raison de ta bont\u00e9 et aussi ta loyaut\u00e9 envers moi. Je te supplie de me remplir de ta saintet\u00e9 et de me donner la gr\u00e2ce de ressentir pr\u00e8s de moi pendant toute la dur\u00e9e de cette journ\u00e9e. Je te confie toutes mes soucis, mes plaisirs, mes afflictions, mes aspirations et mes esp\u00e9rances. Que ton esprit sacr\u00e9 \u00e9claire de sa lumi\u00e8re mon esprit et fortifie ma foi, pour que je puisse avancer dans tes voies et accomplir ta volont\u00e9. Donne-moi la gr\u00e2ce de vivre selon la compassion dont tu nous as montr\u00e9 l\u2019exemple \u00e0 travers ton Fils bien-aim\u00e9, J\u00e9sus-Christ.<\/p>\n<h3> Note de compr\u00e9hension : <\/h3>\n<p>La pratique de pri\u00e8re nous entra\u00eene dans le myst\u00e8re de le famille divine, dans laquelle le Tout-Puissant le P\u00e8re nous accueille comme ses fils et filles bien-aim\u00e9s. Dans ce lien familial, nous rencontrons la force et la consolation en vue de traverser les difficult\u00e9s du. Elle nous renvoie \u00e0 les enseignements du disciple Pierre, qui incite les fid\u00e8les \u00e0 demeurer fermes dans leur foi, m\u00eame face \u00e0 au c\u0153ur des tourments de ce monde.<\/p>\n<h3>\nRenforcer notre relation envers J\u00e9sus d\u00e8s chaque matin<\/h3>\n<p>Nous avons la possibilit\u00e9 de r\u00e9fl\u00e9chir sur l\u2019un des diff\u00e9rents \u00e9vangiles afin de nous relier \u00e0 J\u00e9sus. Par exemple :<\/p>\n<h3>Jean 15, 9-17 : <\/h3>\n<p>\u00a0\u00bb<br \/>\nC\u2019est ici mon commandement: Aimez-vous les uns les autres, comme je vous ai aim\u00e9s. Il n\u2019y a pas de plus grand amour que de donner sa vie pour ses amis. Vous \u00eates mes amis, si vous faites ce que je vous commande. Je ne vous appelle plus serviteurs, parce que le serviteur ne sait pas ce que fait son ma\u00eetre; mais je vous ai appel\u00e9s amis, parce que je vous ai fait conna\u00eetre tout ce que j\u2019ai appris de mon P\u00e8re.\u00a0\u00bb<\/p>\n<h2> Demander r\u00e9mission \u00e0 Dieu pour nos p\u00e9ch\u00e9s <\/h2>\n<p>Ma\u00eetre J\u00e9sus, je me rends te implorer de pardonner mes p\u00e9ch\u00e9s. Je reconnais que je ne suis pas parfait et que j\u2019ai besoin de ta mis\u00e9ricorde. Je te demande de me affranchir de chaque ce qui me d\u00e9tache de toi et de me accorder la gr\u00e2ce afin de vivre en accord avec ta volont\u00e9. Que ta b\u00e9n\u00e9diction sacr\u00e9e dissipe les endroits les plus sombres de mon c\u0153ur, purifiant ma personne et me guidant sur le chemin de la saintet\u00e9. Amen.<\/p>\n<h3> Discussion avec le Seigneur tel que avec un ami. <\/h3>\n<p>Nous avons la possibilit\u00e9 de discuter avec Dieu tel que \u00e0 un ami proche, l\u2019\u00c9ternel confier nos joies et nos peines, le Seigneur demander de l\u2019aide dans nos d\u00e9fis quotidiens. Par exemple : Seigneur, b\u00e9n\u00e9diction en raison de cette fra\u00eeche journ\u00e9e. Je m\u2019approche te implorer de me soutenir \u00e0 \u00eatre patient envers mes enfants et de me accorder la puissance de faire face aux d\u00e9fis de la journ\u00e9e. Je te remets mes projets et mes soucis, et je sollicite de me indiquer de quelle fa\u00e7on je suis en mesure de te servir et t\u2019honorer aujourd\u2019hui. Accorde-moi, \u00f4 Seigneur, ton intelligence pour que je puisse prendre les bonnes d\u00e9cisions et ton soutien pour traverser les \u00e9preuves avec foi. Amen.<\/p>\n<h3> Un moment de calme pour percevoir Dieu. <\/h3>\n<p>Apr\u00e8s une pri\u00e8re et une m\u00e9ditation, il est important de prendre un bref moment de silence en vue de \u00e9couter cette voix de Dieu dans nos c\u0153urs. Dans ce silence, nous ressentir sa pr\u00e9sence sereine et obtenir ses inspirations en vue de la journ\u00e9e qui vient.<\/p>\n<h3> Se orienter en direction de le Christ afin de retrouver cette paix int\u00e9rieure. <\/h3>\n<p>Nous pouvons prier J\u00e9sus de nous fournir sa paix et de nous assister pour \u00e9couter sa parole. Par exemple :<br \/>\nSeigneur J\u00e9sus, je viens te supplier m\u2019assister remplir mon c\u0153ur avec ta tendresse. Je te demande m\u2019assister me d\u00e9gager de toutes pens\u00e9es et les inqui\u00e9tudes qui. Aide-moi \u00e0 \u00e9couter ta parole et \u00e0 la mettre en pratique dans ma vie. Que ton Esprit Saint, \u00f4 Christ, se transforme en ma force tout au long de cette journ\u00e9e. Amen.<\/p>\n<h3> Achever notre pri\u00e8re matinale en d\u00e9diant notre journ\u00e9e \u00e0 Dieu. <\/h3>\n<p>Nous pouvonsoffrir nos journ\u00e9e \u00e0 Dieu et m\u00eame lui demander de la remplir de sa pr\u00e9sence et aussi de sa b\u00e9n\u00e9diction. Par exemple :<br \/>\nSeigneur, nous te remets cette journ\u00e9e entre tes mains. Que toutes de mes pas soit dirig\u00e9 par ta sagesse, que toutes de mes paroles soit inspir\u00e9e par votre amour. Que toutes mes actions soient accomplies selon ton volont\u00e9, pour ta divine gloire et l\u2019ensemble des bien. Que ta divine lumi\u00e8re \u00e9claire ma route ainsi que que tu habites mon c\u0153ur. Amen.<\/p>\n<h3> Invocation d\u2019intercession matinale. <\/h3>\n<p>La pri\u00e8re du matin consiste \u00e0 implorer pour les besoins de nos chr\u00e9tiennes et des chr\u00e9tiens. Nous avons la possibilit\u00e9 de prier pour les personnes dans le besoin, pour les malades, pour les personnes qui souffrent, pour les personnes qui confront\u00e9es \u00e0 des difficult\u00e9s, pour les personnes d\u00e9courag\u00e9es et pour les personnes qui se trouvent dans l\u2019erreur.<\/p>\n<h3> Prier pour l\u2019ensemble des individus dans le besoin. <\/p>\n<h3>\n<\/h3>\n<\/h3>\n<p>Divin, dans votre grande mis\u00e9ricorde, je te demandons afin de l\u2019ensemble des personnes qui traversent de difficult\u00e9s financi\u00e8res. Que tu leur accordes la force et la pers\u00e9v\u00e9rance afin de d\u00e9passer ces \u00e9preuves, ainsi que que lui leur apportes les ressources n\u00e9cessaires pour subvenir \u00e0 chaque leurs besoins. Accorde-leur, \u00f4, sa providence afin de \u00e9clairer leur pas dans l\u2019obscurit\u00e9 de leurs soucis financiers.<\/p>\n<p>Nous autres te implorons \u00e9galement pour l\u2019ensemble des personnes qui luttent face \u00e0 des probl\u00e8mes de sant\u00e9. Que votre main puissante se pose sur elles, Seigneur, pour les gu\u00e9rir et aussi les r\u00e9conforter dans leur douleur. Accorde-leur, Grand, la force ainsi que le courage afin de faire face \u00e0 leurs d\u00e9fis de sant\u00e9 en ayant confiance en sa divine providence.<\/p>\n<p>Nous autres te prions aussi pour chaque personnes qui sont confront\u00e9es face \u00e0 de difficult\u00e9s dans leur vie, que ce soit-ce sur le secteur professionnel, relationnel ou encore \u00e9motionnel. Que sa gr\u00e2ce, Seigneur, soit leur soutien et aussi leur r\u00e9confort dans ces moments d\u2019\u00e9preuve. Accorde-leur, Dieu Tout-Puissant, ton Esprit Saint afin de guider leur chemin et aussi les guider vers la s\u00e9r\u00e9nit\u00e9.<\/p>\n<p>Pour terminer, nous lui prions en vue de l\u2019ensemble des personnes qui sont sans-abri, qui sont marginalis\u00e9es ainsi que exclues de la soci\u00e9t\u00e9. Que sa mis\u00e9ricorde, Seigneur, se r\u00e9pande sur elles comme une douce ros\u00e9e, leur apportant r\u00e9confort ainsi que espoir dans leur d\u00e9tresse. Accorde-leur, Dieu Tout-Puissant, des mains g\u00e9n\u00e9reuses en vue de les aider ainsi que des c\u0153urs compatissants en vue de les accueillir dans leur communaut\u00e9.<\/p>\n<h3> explication sur la fameuse pri\u00e8re du matin. <\/h3>\n<p>Dans la pri\u00e8re, nous \u00e9voquons nos esprits vers le Ciel, implorant la lumi\u00e8re de Dieu pour \u00e9clairer nos chemins sombres. Marie, notre m\u00e8re, nous soutient dans ce voyage, nous enseignant \u00e0 m\u00e9diter sur les myst\u00e8res de la vie de son divin enfant. Elle nous conduit \u00e0 J\u00e9sus, le rayon du monde, qui illumine nos t\u00e9n\u00e8bres et nous oriente vers la v\u00e9rit\u00e9.<br \/>\nLa oraison nous relie aussi \u00e0 notre famille c\u00e9leste, la assembl\u00e9e des croyants, o\u00f9 nous \u00e9changeons nos all\u00e9gresses et nos douleurs, nos attentes et nos anxi\u00e9t\u00e9s. Unis, nous formons le corps du Christ, d\u00e9sign\u00e9s \u00e0 attester de son charit\u00e9. Par nos supplications, nous pla\u00e7ons pour les exigences des disciples et des croyants, donnant notre amour et notre compassion \u00e0 ceux qui endurent.<br \/>\nUnissons nos voix dans la pri\u00e8re du matin, dans l\u2019unit\u00e9 de notre confiance, en Marie, la m\u00e8re de notre Seigneur J\u00e9sus-Christ. Au sein de notre monde tourment\u00e9 par la guerre et la discorde, recourons \u00e0 la pri\u00e8re comme un moyen pour retrouver la paix et la r\u00e9conciliation. Les catholiques du monde entier peuvent faire d\u00e9poser une sollicitation pour la m\u00e8re de dieu <a target=\"_blank\" rel=\"nofollow\" href=\"https:\/\/editionsbussiere.com\/blog\/goto\/https:\/\/www.avemariasound.org\/\" >sur ce lien.<\/a> Que nos pri\u00e8res montent vers le ciel, comme une offrande re\u00e7u avec faveur par Dieu, pour qu\u2019il puisse \u00e9clairer nos pas vers le chemin de la justice et de la v\u00e9rit\u00e9. L\u2019ap\u00f4tre Paul nous dans ses lettres \u00e0 prier sans cesse, en toutes circonstances, afin que notre connexion avec Dieu reste solide et passionn\u00e9e. La pri\u00e8re, quand elle est sinc\u00e8rement offerte, a la capacit\u00e9 de changer nos c\u0153urs et de modifier le destin de l\u2019histoire.<\/p>\n<h2> \u00c9lever nos proches pri\u00e8res pour nos familles au Seigneur matinale.<\/h2>\n<p>La derni\u00e8re phase de la pri\u00e8re du matin consiste \u00e0 prier pour nos proches familles, notre propre famille, nos compagnons et notre propre communaut\u00e9. Nous pouvons prier pour leur bien-\u00eatre, leur bonheur, leur s\u00fbret\u00e9, et leur prosp\u00e9rit\u00e9. Nous pouvons \u00e9galement prier pour nos d\u00e9tracteurs et pour celles qui nous ont offens\u00e9s, et demander \u00e0 Dieu de nous aider \u00e0 leur pardonner et \u00e0 leur exprimer la compassion.<\/p>\n<h3> Invoquer pour la condition physique et la protection de nos familles.<\/h3>\n<p>\u00d4 Seigneur, nous tous te confions nos proches, notre familles avec nos compagnons. Surveille, cher Dieu, au-dessus de eux, ainsi que sauvegarde -les de tout danger et de toute maladie. Accorde, \u00d4 Seigneur, la vigueur du corps ainsi que de l\u2019esprit \u00e0 eux, et aussi la paix dans leur c\u0153ur. Puisses-tu permettre ta b\u00e9n\u00e9diction omnipotente les esprits garde avec les dirige tout au long de cette journ\u00e9e, pour qu\u2019ils puissent vivre dans la tranquillit\u00e9 et la qui\u00e9tude.<\/p>\n<p>Nous autres te prions \u00e9galement pour nos enfants, Seigneur, qu\u2019ils grandissent dans leur foi ainsi que dans l\u2019amour de ton b\u00e9ni nom. Accorde, cher Dieu, une sagesse et la vigueur n\u00e9cessaires afin de surmonter les \u00e9preuves de la vie, ainsi que conduise leurs pas sur le chemin de la v\u00e9rit\u00e9 et aussi de la justice.<\/p>\n<p>Enfin, nous autres te prions \u00e0 nos amis et aussi nos voisins, Seigneur, qu\u2019ils d\u00e9couvrent la joie de ton amour avec la s\u00e9r\u00e9nit\u00e9 de ton pardon. Donne-leur, cher Dieu, des c\u0153urs bienveillants en vue de partager avec ceux que dans le besoin, et aussi mains ouvertes pour accueillir ceux qui sont seuls et abandonn\u00e9s.<\/p>\n<h3> Prier pour notre ennemis et aussi ceux qui nous autres ont offens\u00e9s. <\/h3>\n<p>\u00d4 Seigneur, J\u00e9sus, nous t\u2019 prions pour nos ennemis et aussi pour ces qui sont nous-m\u00eames ont offens\u00e9s. Accorde-leur, \u00f4 J\u00e9sus, votre mis\u00e9ricorde ainsi que ton pardon, ainsi que ouvre leur c\u0153ur \u00e0 la lumi\u00e8re de ta v\u00e9rit\u00e9. Aide-nous, Seigneur, \u00e0 leur montrer de la compassion ainsi que \u00e0 leur pardonner comme tu nous autres as pardonn\u00e9. Que votre paix r\u00e8gne dans les n\u00f4tres c\u0153urs et aussi que votre amour guide notre actions, pour que nous puissions vivre en harmonie avec tous ceux qui nous autres entourent.<\/p>\n<h3> Comprendre l\u2019 pri\u00e8re : <\/h3>\n<p>Pour terminer, la pri\u00e8re nous souviens notre mission en tant que enfants de l\u2019\u00c9ternel : \u00eatre des t\u00e9moin de l\u2019 clart\u00e9 et de son amour dans l\u2019 p\u00e9riode affect\u00e9e aux t\u00e9n\u00e8bres. \u00c0 travers nos paroles et notre \u0153uvres, nous propageons la bonne nouvelle de l\u2019 tranquillit\u00e9 et de la r\u00e9conciliation, apportant l\u2019attente et la cicatrisation \u00e0 un milieu endommag\u00e9.<\/p>\n<p>Dans la spiritualit\u00e9 chr\u00e9tienne, le aube rev\u00eat une importance particuli\u00e8re, repr\u00e9sentant le renouvellement et la reconstruction spirituelle. C\u2019est \u00e0 l\u2019aube de chaque journ\u00e9e que l\u2019esprit se tourne vers l\u2019\u00c9ternel dans l\u2019oraison, recherchant \u00e0 \u00eatre \u00e9clair\u00e9e par la lumi\u00e8re c\u00e9leste. La pratique des pri\u00e8res matinales s\u2019av\u00e8re essentiellement enracin\u00e9e dans le patrimoine chr\u00e9tienne, proposant une p\u00e9riode particulier pour \u00e9tablir une connexion avec le Seigneur et se pr\u00e9parer spirituellement aux d\u00e9fis de la journ\u00e9e qui vient.<\/p>\n<p>\u00c0 au c\u0153ur de ces pri\u00e8re matinales s\u2019 observe habituellement une d\u00e9votion particuli\u00e8re pour Marie, maman maternelle de J\u00e9sus et aussi ic\u00f4ne sainte ador\u00e9e aupr\u00e8s de beaucoup fid\u00e8les. En qualit\u00e9 m\u00e8re intercesseur entre les hommes et Dieu, Marie reste invoqu\u00e9e pour interc\u00e9der en notre faveur, nous-m\u00eames guidant sur le sentier vers la saintet\u00e9 et de la gr\u00e2ce divine. Ses pr\u00e9sentation maternelle donne consolation ainsi que s\u00e9curit\u00e9, entourant nos oraisons matinales d\u2019une tendresse c\u00e9leste.<\/p>\n<p>En par l\u2019 oraisons du matin, nous sommes convives pour se rallier vers Marie dans une approche de sanctification personnelle. Par m\u00e9ditant au sujet de la vie ainsi que les vertus, nous cherchons pour imiter son humilit\u00e9, sa puret\u00e9 et son ob\u00e9issance vers l\u2019 volont\u00e9 du Dieu. Par le biais de sa saintet\u00e9 mod\u00e8le, Marie est pour nous une mod\u00e8le pour vie chr\u00e9tienne, nous souvenant l\u2019importance de la pri\u00e8re et du contemplation dans notre cheminement spirituel.<\/p>\n<p>La r\u00e9citation du matin est ainsi un temps avantag\u00e9 pour se consacrer \u00e0 Dieu avec l\u2019intercession de Marie, en lui pr\u00e9sentant nos adorations, nos reconnaissances ainsi que nos intentions les plus intimes. Au sein de la qui\u00e9tude de l\u2019aurore, nous sommes invit\u00e9s pour tourner \u00e0 cette m\u00e8re divine, laquelle nous guide par tendresse au sujet de le chemin de la croyance et de l\u2019amour divin. \u00c0 travers associant notre voix pour cette derni\u00e8re de Marie, nous haussant nos pri\u00e8res matinales \u00e0 le tr\u00f4ne du la gr\u00e2ce, confiants que nos supplications seront entendues et accueillies par du c\u0153ur mis\u00e9ricordieux de Dieu.<\/p>\n<p>Ce objet vous a captiv\u00e9 vous aimerez aussi ces livres:<\/p>\n<p>Premier p\u00e9ch\u00e9\/40.,<a target=\"_blank\" rel=\"nofollow\" href=\"https:\/\/editionsbussiere.com\/blog\/goto\/https:\/\/fr.wikisource.org\/wiki\/Premier_p%C3%A9ch%C3%A9\/40\"  target=\"_blank\" rel=\"noopener noreferrer nofollow\">Le dossier.<\/a><span><\/span><\/p>\n<p>Lettres de Fadette\/Deuxi\u00e8me s\u00e9rie\/42.,<a target=\"_blank\" rel=\"nofollow\" href=\"https:\/\/editionsbussiere.com\/blog\/goto\/https:\/\/fr.wikisource.org\/wiki\/Lettres_de_Fadette\/Deuxi%C3%A8me_s%C3%A9rie\/42\"  target=\"_blank\" rel=\"noopener noreferrer nofollow\">Ici.<\/a><span><\/span><\/p>\n<p>Les Cath\u00e9drales de France\/Laon.,<a target=\"_blank\" rel=\"nofollow\" href=\"https:\/\/editionsbussiere.com\/blog\/goto\/https:\/\/fr.wikisource.org\/wiki\/Les_Cath%C3%A9drales_de_France\/Laon\"  target=\"_blank\" rel=\"noopener noreferrer nofollow\">Cliquer ICI.<\/a><span><\/span><\/p>\n<p>La Maison aux phlox\/4\/1.,<a target=\"_blank\" rel=\"nofollow\" href=\"https:\/\/editionsbussiere.com\/blog\/goto\/https:\/\/fr.wikisource.org\/wiki\/La_Maison_aux_phlox\/4\/1\"  target=\"_blank\" rel=\"noopener noreferrer nofollow\">L\u2019article de presse.<\/a><span><\/span><\/p>\n<p>L\u2019Encyclop\u00e9die\/1re \u00e9dition\/NATIVIT\u00c9.,<a target=\"_blank\" rel=\"nofollow\" href=\"https:\/\/editionsbussiere.com\/blog\/goto\/https:\/\/fr.wikisource.org\/wiki\/L%E2%80%99Encyclop%C3%A9die\/1re_%C3%A9dition\/NATIVIT%C3%89\"  target=\"_blank\" rel=\"noopener noreferrer nofollow\">L\u2019article de presse.<\/a><span><\/span><\/p>\n<p>Bouquets et pri\u00e8res\/Veill\u00e9e.,<a target=\"_blank\" rel=\"nofollow\" href=\"https:\/\/editionsbussiere.com\/blog\/goto\/https:\/\/fr.wikisource.org\/wiki\/Bouquets_et_pri%C3%A8res\/Veill%C3%A9e\"  target=\"_blank\" rel=\"noopener noreferrer nofollow\">Le post d\u2019actualit\u00e9.<\/a><span><\/span><\/p>\n<\/div>\n<p><img decoding=\"async\" class=\"wpe_imgrss\" src=\"https:\/\/editionsbussiere.com\/blog\/wp-content\/uploads\/2024\/08\/Le-pere-Kolson-ancien-cure-des-paroisses-dEdgewood-et-de.jpg\">Cet article a \u00e9t\u00e9 reconstitu\u00e9 du mieux possible. Dans l\u2019hypoth\u00e8se o\u00f9 vous souhaitez apporter quelques modifications concernant le th\u00e8me \u00ab\u00a0Editions \u00e9sot\u00e9rique fond\u00e9e en 1927\u00a0\u00bb, il est possible de discuter avec notre r\u00e9daction. Vous pouvez tirer profit de cet article traitant le sujet \u00ab\u00a0Editions \u00e9sot\u00e9rique fond\u00e9e en 1927\u00a0\u00bb. Il est concoct\u00e9 par l\u2019\u00e9quipe editionsbussiere.com. Le site editionsbussiere.com est fait pour cr\u00e9er divers posts autour du th\u00e8me Editions \u00e9sot\u00e9rique fond\u00e9e en 1927 d\u00e9velopp\u00e9es sur internet. Consultez notre site internet editionsbussiere.com et nos r\u00e9seaux sociaux pour \u00eatre au courant des futures annonces.<\/p>\n","protected":false},"excerpt":{"rendered":"<p>Le p\u00e8re Lawrence Florian \u00ab Larry \u00bb Kolson, originaire de Baltimore, qui a servi six paroisses dans l\u2019archidioc\u00e8se de Baltimore et qui a r\u00e9cemment c\u00e9l\u00e9br\u00e9 ses 50 ans de sacerdoce, est d\u00e9c\u00e9d\u00e9 le 13 ao\u00fbt \u00e0 l\u2019hospice Stella Maris de Timonium des suites d\u2019une longue maladie. Il avait 76 ans. Le p\u00e8re Joseph Okech de [&hellip;]<\/p>\n","protected":false},"author":3,"featured_media":1180,"comment_status":"closed","ping_status":"closed","sticky":false,"template":"","format":"standard","meta":{"footnotes":""},"categories":[3],"tags":[],"class_list":["post-1179","post","type-post","status-publish","format-standard","has-post-thumbnail","hentry","category-editions-esoterique-fondee-en-1927-depeches","entry","fw-tab-6 fw-tabr-4","has-featured-image"],"yoast_head":"<!-- This site is optimized with the Yoast SEO plugin v27.5 - https:\/\/yoast.com\/product\/yoast-seo-wordpress\/ -->\n<title>Le p\u00e8re Kolson, ancien cur\u00e9 des paroisses d\u2019Edgewood et de Bradshaw, d\u00e9c\u00e8de \u00e0 76 ans avec une pri\u00e8re au petit jour. - EDITIONSBUSSIERE<\/title>\n<meta name=\"robots\" content=\"index, follow, max-snippet:-1, max-image-preview:large, max-video-preview:-1\" \/>\n<link rel=\"canonical\" href=\"https:\/\/editionsbussiere.com\/blog\/le-pere-kolson-ancien-cure-des-paroisses-dedgewood-et-de-bradshaw-decede-a-76-ans-avec-une-priere-au-petit-jour\/\" \/>\n<meta property=\"og:locale\" content=\"fr_FR\" \/>\n<meta property=\"og:type\" content=\"article\" \/>\n<meta property=\"og:title\" content=\"Le p\u00e8re Kolson, ancien cur\u00e9 des paroisses d\u2019Edgewood et de Bradshaw, d\u00e9c\u00e8de \u00e0 76 ans avec une pri\u00e8re au petit jour. - EDITIONSBUSSIERE\" \/>\n<meta property=\"og:description\" content=\"Le p\u00e8re Lawrence Florian \u00ab Larry \u00bb Kolson, originaire de Baltimore, qui a servi six paroisses dans l\u2019archidioc\u00e8se de Baltimore et qui a r\u00e9cemment c\u00e9l\u00e9br\u00e9 ses 50 ans de sacerdoce, est d\u00e9c\u00e9d\u00e9 le 13 ao\u00fbt \u00e0 l\u2019hospice Stella Maris de Timonium des suites d\u2019une longue maladie. Il avait 76 ans. Le p\u00e8re Joseph Okech de [&hellip;]\" \/>\n<meta property=\"og:url\" content=\"https:\/\/editionsbussiere.com\/blog\/le-pere-kolson-ancien-cure-des-paroisses-dedgewood-et-de-bradshaw-decede-a-76-ans-avec-une-priere-au-petit-jour\/\" \/>\n<meta property=\"og:site_name\" content=\"EDITIONSBUSSIERE\" \/>\n<meta property=\"article:published_time\" content=\"2024-08-15T18:53:07+00:00\" \/>\n<meta property=\"og:image\" content=\"https:\/\/editionsbussiere.com\/blog\/wp-content\/uploads\/2024\/08\/Le-pere-Kolson-ancien-cure-des-paroisses-dEdgewood-et-de.jpg\" \/>\n<meta name=\"author\" content=\"Marie BATICLE\" \/>\n<meta name=\"twitter:card\" content=\"summary_large_image\" \/>\n<meta name=\"twitter:label1\" content=\"\u00c9crit par\" \/>\n\t<meta name=\"twitter:data1\" content=\"Marie BATICLE\" \/>\n\t<meta name=\"twitter:label2\" content=\"Dur\u00e9e de lecture estim\u00e9e\" \/>\n\t<meta name=\"twitter:data2\" content=\"17 minutes\" \/>\n<script type=\"application\/ld+json\" class=\"yoast-schema-graph\">{\"@context\":\"https:\\\/\\\/schema.org\",\"@graph\":[{\"@type\":\"Article\",\"@id\":\"https:\\\/\\\/editionsbussiere.com\\\/blog\\\/le-pere-kolson-ancien-cure-des-paroisses-dedgewood-et-de-bradshaw-decede-a-76-ans-avec-une-priere-au-petit-jour\\\/#article\",\"isPartOf\":{\"@id\":\"https:\\\/\\\/editionsbussiere.com\\\/blog\\\/le-pere-kolson-ancien-cure-des-paroisses-dedgewood-et-de-bradshaw-decede-a-76-ans-avec-une-priere-au-petit-jour\\\/\"},\"author\":{\"name\":\"Marie BATICLE\",\"@id\":\"https:\\\/\\\/editionsbussiere.com\\\/blog\\\/#\\\/schema\\\/person\\\/ec90e102792148c97e46ab871010dd8f\"},\"headline\":\"Le p\u00e8re Kolson, ancien cur\u00e9 des paroisses d\u2019Edgewood et de Bradshaw, d\u00e9c\u00e8de \u00e0 76 ans avec une pri\u00e8re au petit jour.\",\"datePublished\":\"2024-08-15T18:53:07+00:00\",\"mainEntityOfPage\":{\"@id\":\"https:\\\/\\\/editionsbussiere.com\\\/blog\\\/le-pere-kolson-ancien-cure-des-paroisses-dedgewood-et-de-bradshaw-decede-a-76-ans-avec-une-priere-au-petit-jour\\\/\"},\"wordCount\":3515,\"publisher\":{\"@id\":\"https:\\\/\\\/editionsbussiere.com\\\/blog\\\/#organization\"},\"image\":{\"@id\":\"https:\\\/\\\/editionsbussiere.com\\\/blog\\\/le-pere-kolson-ancien-cure-des-paroisses-dedgewood-et-de-bradshaw-decede-a-76-ans-avec-une-priere-au-petit-jour\\\/#primaryimage\"},\"thumbnailUrl\":\"https:\\\/\\\/editionsbussiere.com\\\/blog\\\/wp-content\\\/uploads\\\/2024\\\/08\\\/Le-pere-Kolson-ancien-cure-des-paroisses-dEdgewood-et-de.jpg\",\"articleSection\":[\"Editions \u00c9sot\u00e9rique Fond\u00e9e En 1927; D\u00e9p\u00e8ches:\"],\"inLanguage\":\"fr-FR\"},{\"@type\":\"WebPage\",\"@id\":\"https:\\\/\\\/editionsbussiere.com\\\/blog\\\/le-pere-kolson-ancien-cure-des-paroisses-dedgewood-et-de-bradshaw-decede-a-76-ans-avec-une-priere-au-petit-jour\\\/\",\"url\":\"https:\\\/\\\/editionsbussiere.com\\\/blog\\\/le-pere-kolson-ancien-cure-des-paroisses-dedgewood-et-de-bradshaw-decede-a-76-ans-avec-une-priere-au-petit-jour\\\/\",\"name\":\"Le p\u00e8re Kolson, ancien cur\u00e9 des paroisses d\u2019Edgewood et de Bradshaw, d\u00e9c\u00e8de \u00e0 76 ans avec une pri\u00e8re au petit jour. - EDITIONSBUSSIERE\",\"isPartOf\":{\"@id\":\"https:\\\/\\\/editionsbussiere.com\\\/blog\\\/#website\"},\"primaryImageOfPage\":{\"@id\":\"https:\\\/\\\/editionsbussiere.com\\\/blog\\\/le-pere-kolson-ancien-cure-des-paroisses-dedgewood-et-de-bradshaw-decede-a-76-ans-avec-une-priere-au-petit-jour\\\/#primaryimage\"},\"image\":{\"@id\":\"https:\\\/\\\/editionsbussiere.com\\\/blog\\\/le-pere-kolson-ancien-cure-des-paroisses-dedgewood-et-de-bradshaw-decede-a-76-ans-avec-une-priere-au-petit-jour\\\/#primaryimage\"},\"thumbnailUrl\":\"https:\\\/\\\/editionsbussiere.com\\\/blog\\\/wp-content\\\/uploads\\\/2024\\\/08\\\/Le-pere-Kolson-ancien-cure-des-paroisses-dEdgewood-et-de.jpg\",\"datePublished\":\"2024-08-15T18:53:07+00:00\",\"breadcrumb\":{\"@id\":\"https:\\\/\\\/editionsbussiere.com\\\/blog\\\/le-pere-kolson-ancien-cure-des-paroisses-dedgewood-et-de-bradshaw-decede-a-76-ans-avec-une-priere-au-petit-jour\\\/#breadcrumb\"},\"inLanguage\":\"fr-FR\",\"potentialAction\":[{\"@type\":\"ReadAction\",\"target\":[\"https:\\\/\\\/editionsbussiere.com\\\/blog\\\/le-pere-kolson-ancien-cure-des-paroisses-dedgewood-et-de-bradshaw-decede-a-76-ans-avec-une-priere-au-petit-jour\\\/\"]}]},{\"@type\":\"ImageObject\",\"inLanguage\":\"fr-FR\",\"@id\":\"https:\\\/\\\/editionsbussiere.com\\\/blog\\\/le-pere-kolson-ancien-cure-des-paroisses-dedgewood-et-de-bradshaw-decede-a-76-ans-avec-une-priere-au-petit-jour\\\/#primaryimage\",\"url\":\"https:\\\/\\\/editionsbussiere.com\\\/blog\\\/wp-content\\\/uploads\\\/2024\\\/08\\\/Le-pere-Kolson-ancien-cure-des-paroisses-dEdgewood-et-de.jpg\",\"contentUrl\":\"https:\\\/\\\/editionsbussiere.com\\\/blog\\\/wp-content\\\/uploads\\\/2024\\\/08\\\/Le-pere-Kolson-ancien-cure-des-paroisses-dEdgewood-et-de.jpg\",\"width\":900,\"height\":600,\"caption\":\"Le pere Kolson ancien cure des paroisses dEdgewood et de\"},{\"@type\":\"BreadcrumbList\",\"@id\":\"https:\\\/\\\/editionsbussiere.com\\\/blog\\\/le-pere-kolson-ancien-cure-des-paroisses-dedgewood-et-de-bradshaw-decede-a-76-ans-avec-une-priere-au-petit-jour\\\/#breadcrumb\",\"itemListElement\":[{\"@type\":\"ListItem\",\"position\":1,\"name\":\"Accueil\",\"item\":\"https:\\\/\\\/editionsbussiere.com\\\/blog\\\/\"},{\"@type\":\"ListItem\",\"position\":2,\"name\":\"Le p\u00e8re Kolson, ancien cur\u00e9 des paroisses d\u2019Edgewood et de Bradshaw, d\u00e9c\u00e8de \u00e0 76 ans avec une pri\u00e8re au petit jour.\"}]},{\"@type\":\"WebSite\",\"@id\":\"https:\\\/\\\/editionsbussiere.com\\\/blog\\\/#website\",\"url\":\"https:\\\/\\\/editionsbussiere.com\\\/blog\\\/\",\"name\":\"EDITIONSBUSSIERE\",\"description\":\"Editions \u00e9sot\u00e9rique fond\u00e9e en 1927; site historique, A SAVOIR ET RETENIR.\",\"publisher\":{\"@id\":\"https:\\\/\\\/editionsbussiere.com\\\/blog\\\/#organization\"},\"potentialAction\":[{\"@type\":\"SearchAction\",\"target\":{\"@type\":\"EntryPoint\",\"urlTemplate\":\"https:\\\/\\\/editionsbussiere.com\\\/blog\\\/?s={search_term_string}\"},\"query-input\":{\"@type\":\"PropertyValueSpecification\",\"valueRequired\":true,\"valueName\":\"search_term_string\"}}],\"inLanguage\":\"fr-FR\"},{\"@type\":\"Organization\",\"@id\":\"https:\\\/\\\/editionsbussiere.com\\\/blog\\\/#organization\",\"name\":\"editionsbussiere\",\"url\":\"https:\\\/\\\/editionsbussiere.com\\\/blog\\\/\",\"logo\":{\"@type\":\"ImageObject\",\"inLanguage\":\"fr-FR\",\"@id\":\"https:\\\/\\\/editionsbussiere.com\\\/blog\\\/#\\\/schema\\\/logo\\\/image\\\/\",\"url\":\"https:\\\/\\\/editionsbussiere.com\\\/blog\\\/wp-content\\\/uploads\\\/2023\\\/09\\\/cropped-buss.gif\",\"contentUrl\":\"https:\\\/\\\/editionsbussiere.com\\\/blog\\\/wp-content\\\/uploads\\\/2023\\\/09\\\/cropped-buss.gif\",\"width\":298,\"height\":120,\"caption\":\"editionsbussiere\"},\"image\":{\"@id\":\"https:\\\/\\\/editionsbussiere.com\\\/blog\\\/#\\\/schema\\\/logo\\\/image\\\/\"}},{\"@type\":\"Person\",\"@id\":\"https:\\\/\\\/editionsbussiere.com\\\/blog\\\/#\\\/schema\\\/person\\\/ec90e102792148c97e46ab871010dd8f\",\"name\":\"Marie BATICLE\",\"image\":{\"@type\":\"ImageObject\",\"inLanguage\":\"fr-FR\",\"@id\":\"https:\\\/\\\/secure.gravatar.com\\\/avatar\\\/c923e52403b1b8137e2d929127211d21967e6aecaa053bd43b09da29f212e76e?s=96&d=mm&r=g\",\"url\":\"https:\\\/\\\/secure.gravatar.com\\\/avatar\\\/c923e52403b1b8137e2d929127211d21967e6aecaa053bd43b09da29f212e76e?s=96&d=mm&r=g\",\"contentUrl\":\"https:\\\/\\\/secure.gravatar.com\\\/avatar\\\/c923e52403b1b8137e2d929127211d21967e6aecaa053bd43b09da29f212e76e?s=96&d=mm&r=g\",\"caption\":\"Marie BATICLE\"},\"url\":\"https:\\\/\\\/editionsbussiere.com\\\/blog\\\/author\\\/eremarie\\\/\"}]}<\/script>\n<!-- \/ Yoast SEO plugin. -->","yoast_head_json":{"title":"Le p\u00e8re Kolson, ancien cur\u00e9 des paroisses d\u2019Edgewood et de Bradshaw, d\u00e9c\u00e8de \u00e0 76 ans avec une pri\u00e8re au petit jour. - EDITIONSBUSSIERE","robots":{"index":"index","follow":"follow","max-snippet":"max-snippet:-1","max-image-preview":"max-image-preview:large","max-video-preview":"max-video-preview:-1"},"canonical":"https:\/\/editionsbussiere.com\/blog\/le-pere-kolson-ancien-cure-des-paroisses-dedgewood-et-de-bradshaw-decede-a-76-ans-avec-une-priere-au-petit-jour\/","og_locale":"fr_FR","og_type":"article","og_title":"Le p\u00e8re Kolson, ancien cur\u00e9 des paroisses d\u2019Edgewood et de Bradshaw, d\u00e9c\u00e8de \u00e0 76 ans avec une pri\u00e8re au petit jour. - EDITIONSBUSSIERE","og_description":"Le p\u00e8re Lawrence Florian \u00ab Larry \u00bb Kolson, originaire de Baltimore, qui a servi six paroisses dans l\u2019archidioc\u00e8se de Baltimore et qui a r\u00e9cemment c\u00e9l\u00e9br\u00e9 ses 50 ans de sacerdoce, est d\u00e9c\u00e9d\u00e9 le 13 ao\u00fbt \u00e0 l\u2019hospice Stella Maris de Timonium des suites d\u2019une longue maladie. Il avait 76 ans. Le p\u00e8re Joseph Okech de [&hellip;]","og_url":"https:\/\/editionsbussiere.com\/blog\/le-pere-kolson-ancien-cure-des-paroisses-dedgewood-et-de-bradshaw-decede-a-76-ans-avec-une-priere-au-petit-jour\/","og_site_name":"EDITIONSBUSSIERE","article_published_time":"2024-08-15T18:53:07+00:00","og_image":[{"url":"https:\/\/editionsbussiere.com\/blog\/wp-content\/uploads\/2024\/08\/Le-pere-Kolson-ancien-cure-des-paroisses-dEdgewood-et-de.jpg","type":"","width":"","height":""}],"author":"Marie BATICLE","twitter_card":"summary_large_image","twitter_misc":{"\u00c9crit par":"Marie BATICLE","Dur\u00e9e de lecture estim\u00e9e":"17 minutes"},"schema":{"@context":"https:\/\/schema.org","@graph":[{"@type":"Article","@id":"https:\/\/editionsbussiere.com\/blog\/le-pere-kolson-ancien-cure-des-paroisses-dedgewood-et-de-bradshaw-decede-a-76-ans-avec-une-priere-au-petit-jour\/#article","isPartOf":{"@id":"https:\/\/editionsbussiere.com\/blog\/le-pere-kolson-ancien-cure-des-paroisses-dedgewood-et-de-bradshaw-decede-a-76-ans-avec-une-priere-au-petit-jour\/"},"author":{"name":"Marie BATICLE","@id":"https:\/\/editionsbussiere.com\/blog\/#\/schema\/person\/ec90e102792148c97e46ab871010dd8f"},"headline":"Le p\u00e8re Kolson, ancien cur\u00e9 des paroisses d\u2019Edgewood et de Bradshaw, d\u00e9c\u00e8de \u00e0 76 ans avec une pri\u00e8re au petit jour.","datePublished":"2024-08-15T18:53:07+00:00","mainEntityOfPage":{"@id":"https:\/\/editionsbussiere.com\/blog\/le-pere-kolson-ancien-cure-des-paroisses-dedgewood-et-de-bradshaw-decede-a-76-ans-avec-une-priere-au-petit-jour\/"},"wordCount":3515,"publisher":{"@id":"https:\/\/editionsbussiere.com\/blog\/#organization"},"image":{"@id":"https:\/\/editionsbussiere.com\/blog\/le-pere-kolson-ancien-cure-des-paroisses-dedgewood-et-de-bradshaw-decede-a-76-ans-avec-une-priere-au-petit-jour\/#primaryimage"},"thumbnailUrl":"https:\/\/editionsbussiere.com\/blog\/wp-content\/uploads\/2024\/08\/Le-pere-Kolson-ancien-cure-des-paroisses-dEdgewood-et-de.jpg","articleSection":["Editions \u00c9sot\u00e9rique Fond\u00e9e En 1927; D\u00e9p\u00e8ches:"],"inLanguage":"fr-FR"},{"@type":"WebPage","@id":"https:\/\/editionsbussiere.com\/blog\/le-pere-kolson-ancien-cure-des-paroisses-dedgewood-et-de-bradshaw-decede-a-76-ans-avec-une-priere-au-petit-jour\/","url":"https:\/\/editionsbussiere.com\/blog\/le-pere-kolson-ancien-cure-des-paroisses-dedgewood-et-de-bradshaw-decede-a-76-ans-avec-une-priere-au-petit-jour\/","name":"Le p\u00e8re Kolson, ancien cur\u00e9 des paroisses d\u2019Edgewood et de Bradshaw, d\u00e9c\u00e8de \u00e0 76 ans avec une pri\u00e8re au petit jour. - EDITIONSBUSSIERE","isPartOf":{"@id":"https:\/\/editionsbussiere.com\/blog\/#website"},"primaryImageOfPage":{"@id":"https:\/\/editionsbussiere.com\/blog\/le-pere-kolson-ancien-cure-des-paroisses-dedgewood-et-de-bradshaw-decede-a-76-ans-avec-une-priere-au-petit-jour\/#primaryimage"},"image":{"@id":"https:\/\/editionsbussiere.com\/blog\/le-pere-kolson-ancien-cure-des-paroisses-dedgewood-et-de-bradshaw-decede-a-76-ans-avec-une-priere-au-petit-jour\/#primaryimage"},"thumbnailUrl":"https:\/\/editionsbussiere.com\/blog\/wp-content\/uploads\/2024\/08\/Le-pere-Kolson-ancien-cure-des-paroisses-dEdgewood-et-de.jpg","datePublished":"2024-08-15T18:53:07+00:00","breadcrumb":{"@id":"https:\/\/editionsbussiere.com\/blog\/le-pere-kolson-ancien-cure-des-paroisses-dedgewood-et-de-bradshaw-decede-a-76-ans-avec-une-priere-au-petit-jour\/#breadcrumb"},"inLanguage":"fr-FR","potentialAction":[{"@type":"ReadAction","target":["https:\/\/editionsbussiere.com\/blog\/le-pere-kolson-ancien-cure-des-paroisses-dedgewood-et-de-bradshaw-decede-a-76-ans-avec-une-priere-au-petit-jour\/"]}]},{"@type":"ImageObject","inLanguage":"fr-FR","@id":"https:\/\/editionsbussiere.com\/blog\/le-pere-kolson-ancien-cure-des-paroisses-dedgewood-et-de-bradshaw-decede-a-76-ans-avec-une-priere-au-petit-jour\/#primaryimage","url":"https:\/\/editionsbussiere.com\/blog\/wp-content\/uploads\/2024\/08\/Le-pere-Kolson-ancien-cure-des-paroisses-dEdgewood-et-de.jpg","contentUrl":"https:\/\/editionsbussiere.com\/blog\/wp-content\/uploads\/2024\/08\/Le-pere-Kolson-ancien-cure-des-paroisses-dEdgewood-et-de.jpg","width":900,"height":600,"caption":"Le pere Kolson ancien cure des paroisses dEdgewood et de"},{"@type":"BreadcrumbList","@id":"https:\/\/editionsbussiere.com\/blog\/le-pere-kolson-ancien-cure-des-paroisses-dedgewood-et-de-bradshaw-decede-a-76-ans-avec-une-priere-au-petit-jour\/#breadcrumb","itemListElement":[{"@type":"ListItem","position":1,"name":"Accueil","item":"https:\/\/editionsbussiere.com\/blog\/"},{"@type":"ListItem","position":2,"name":"Le p\u00e8re Kolson, ancien cur\u00e9 des paroisses d\u2019Edgewood et de Bradshaw, d\u00e9c\u00e8de \u00e0 76 ans avec une pri\u00e8re au petit jour."}]},{"@type":"WebSite","@id":"https:\/\/editionsbussiere.com\/blog\/#website","url":"https:\/\/editionsbussiere.com\/blog\/","name":"EDITIONSBUSSIERE","description":"Editions \u00e9sot\u00e9rique fond\u00e9e en 1927; site historique, A SAVOIR ET RETENIR.","publisher":{"@id":"https:\/\/editionsbussiere.com\/blog\/#organization"},"potentialAction":[{"@type":"SearchAction","target":{"@type":"EntryPoint","urlTemplate":"https:\/\/editionsbussiere.com\/blog\/?s={search_term_string}"},"query-input":{"@type":"PropertyValueSpecification","valueRequired":true,"valueName":"search_term_string"}}],"inLanguage":"fr-FR"},{"@type":"Organization","@id":"https:\/\/editionsbussiere.com\/blog\/#organization","name":"editionsbussiere","url":"https:\/\/editionsbussiere.com\/blog\/","logo":{"@type":"ImageObject","inLanguage":"fr-FR","@id":"https:\/\/editionsbussiere.com\/blog\/#\/schema\/logo\/image\/","url":"https:\/\/editionsbussiere.com\/blog\/wp-content\/uploads\/2023\/09\/cropped-buss.gif","contentUrl":"https:\/\/editionsbussiere.com\/blog\/wp-content\/uploads\/2023\/09\/cropped-buss.gif","width":298,"height":120,"caption":"editionsbussiere"},"image":{"@id":"https:\/\/editionsbussiere.com\/blog\/#\/schema\/logo\/image\/"}},{"@type":"Person","@id":"https:\/\/editionsbussiere.com\/blog\/#\/schema\/person\/ec90e102792148c97e46ab871010dd8f","name":"Marie BATICLE","image":{"@type":"ImageObject","inLanguage":"fr-FR","@id":"https:\/\/secure.gravatar.com\/avatar\/c923e52403b1b8137e2d929127211d21967e6aecaa053bd43b09da29f212e76e?s=96&d=mm&r=g","url":"https:\/\/secure.gravatar.com\/avatar\/c923e52403b1b8137e2d929127211d21967e6aecaa053bd43b09da29f212e76e?s=96&d=mm&r=g","contentUrl":"https:\/\/secure.gravatar.com\/avatar\/c923e52403b1b8137e2d929127211d21967e6aecaa053bd43b09da29f212e76e?s=96&d=mm&r=g","caption":"Marie BATICLE"},"url":"https:\/\/editionsbussiere.com\/blog\/author\/eremarie\/"}]}},"_links":{"self":[{"href":"https:\/\/editionsbussiere.com\/blog\/wp-json\/wp\/v2\/posts\/1179","targetHints":{"allow":["GET"]}}],"collection":[{"href":"https:\/\/editionsbussiere.com\/blog\/wp-json\/wp\/v2\/posts"}],"about":[{"href":"https:\/\/editionsbussiere.com\/blog\/wp-json\/wp\/v2\/types\/post"}],"author":[{"embeddable":true,"href":"https:\/\/editionsbussiere.com\/blog\/wp-json\/wp\/v2\/users\/3"}],"replies":[{"embeddable":true,"href":"https:\/\/editionsbussiere.com\/blog\/wp-json\/wp\/v2\/comments?post=1179"}],"version-history":[{"count":0,"href":"https:\/\/editionsbussiere.com\/blog\/wp-json\/wp\/v2\/posts\/1179\/revisions"}],"wp:featuredmedia":[{"embeddable":true,"href":"https:\/\/editionsbussiere.com\/blog\/wp-json\/wp\/v2\/media\/1180"}],"wp:attachment":[{"href":"https:\/\/editionsbussiere.com\/blog\/wp-json\/wp\/v2\/media?parent=1179"}],"wp:term":[{"taxonomy":"category","embeddable":true,"href":"https:\/\/editionsbussiere.com\/blog\/wp-json\/wp\/v2\/categories?post=1179"},{"taxonomy":"post_tag","embeddable":true,"href":"https:\/\/editionsbussiere.com\/blog\/wp-json\/wp\/v2\/tags?post=1179"}],"curies":[{"name":"wp","href":"https:\/\/api.w.org\/{rel}","templated":true}]}}