{"id":1177,"date":"2024-08-15T21:34:21","date_gmt":"2024-08-15T19:34:21","guid":{"rendered":"https:\/\/editionsbussiere.com\/blog\/a-lassomption-le-pape-confie-les-pays-dechires-par-la-guerre-aux-soins-de-marie-avec-une-priere-pour-commencer-la-journee\/"},"modified":"2024-08-15T21:34:21","modified_gmt":"2024-08-15T19:34:21","slug":"a-lassomption-le-pape-confie-les-pays-dechires-par-la-guerre-aux-soins-de-marie-avec-une-priere-pour-commencer-la-journee","status":"publish","type":"post","link":"https:\/\/editionsbussiere.com\/blog\/a-lassomption-le-pape-confie-les-pays-dechires-par-la-guerre-aux-soins-de-marie-avec-une-priere-pour-commencer-la-journee\/","title":{"rendered":"A l\u2019Assomption, le pape confie les pays d\u00e9chir\u00e9s par la guerre aux soins de Marie\n avec une pri\u00e8re pour commencer la journ\u00e9e."},"content":{"rendered":"<div><img width=\"580\" height=\"326\" src=\"https:\/\/editionsbussiere.com\/blog\/wp-content\/uploads\/2024\/08\/1723740812_A-lAssomption-le-pape-confie-les-pays-dechires-par-la.jpg\" class=\"attachment-large size-large wp-post-image\" alt=\"A l'Assomption, le pape confie les pays d\u00e9chir\u00e9s par la\" style=\"float:left; margin:0 15px 15px 0;\" decoding=\"async\" loading=\"lazy\" srcset=\"https:\/\/editionsbussiere.com\/blog\/wp-content\/uploads\/2024\/08\/1723740812_A-lAssomption-le-pape-confie-les-pays-dechires-par-la.jpg 1024w, https:\/\/www.n42.fr\/wp-content\/uploads\/2024\/08\/1723740812_A-lAssomption-le-pape-confie-les-pays-dechires-par-la-300x169.jpg 300w, https:\/\/www.n42.fr\/wp-content\/uploads\/2024\/08\/1723740812_A-lAssomption-le-pape-confie-les-pays-dechires-par-la-768x432.jpg 768w\" sizes=\"auto, (max-width: 580px) 100vw, 580px\"><\/p>\n<p>\n<\/p>\n<div>\n<p>CIT\u00c9 DU VATICAN (CNS) \u2014 Marie n\u2019est pas une \u00ab statue de cire immobile \u00bb, mais une disciple qui veut partager la bonne nouvelle de J\u00e9sus avec tous et qui tend la main pour les aider et les r\u00e9conforter, a d\u00e9clar\u00e9 le pape Fran\u00e7ois.<\/p>\n<p>En r\u00e9citant la pri\u00e8re de l\u2019Ang\u00e9lus avec les visiteurs sur la place Saint-Pierre, le 15 ao\u00fbt, f\u00eate de l\u2019Assomption, le pape a confi\u00e9 aux soins de Marie les peuples du monde entier qui connaissent la guerre.<\/p>\n<p>\u00ab \u00c0 Marie, Reine de la paix, que nous contemplons aujourd\u2019hui dans la gloire du paradis, je voudrais confier encore une fois les angoisses et les souffrances des peuples de tant de parties du monde qui souffrent de tensions sociales et de guerres. Je pense en particulier \u00e0 l\u2019Ukraine tourment\u00e9e, au Moyen-Orient, \u00e0 la Palestine, \u00e0 Isra\u00ebl, au Soudan et au Myanmar. \u00bb<\/p>\n<p>\u00abQue notre M\u00e8re c\u00e9leste obtienne pour tous consolation et un avenir de s\u00e9r\u00e9nit\u00e9 et de concorde\u00bb, a d\u00e9clar\u00e9 le pape.<\/p>\n<p>Alors que le pape r\u00e9citait la pri\u00e8re, le service de presse du Vatican a publi\u00e9 un communiqu\u00e9 indiquant que le cardinal Matteo Zuppi de Bologne, envoy\u00e9 du pape pour la paix en Ukraine, avait eu une conversation t\u00e9l\u00e9phonique le 14 ao\u00fbt avec Li Hui, repr\u00e9sentant sp\u00e9cial du gouvernement chinois pour les affaires eurasiennes. Les deux hommes s\u2019\u00e9taient rencontr\u00e9s en personne \u00e0 P\u00e9kin en septembre dernier pour discuter des moyens par lesquels la Chine pourrait contribuer \u00e0 la paix entre la Russie et l\u2019Ukraine.<\/p>\n<p>\u00ab Au cours de cet appel t\u00e9l\u00e9phonique, une grande pr\u00e9occupation a \u00e9t\u00e9 exprim\u00e9e au sujet de la situation et de la n\u00e9cessit\u00e9 de favoriser le dialogue entre les parties, avec des garanties internationales appropri\u00e9es pour une paix juste et durable \u00bb, a indiqu\u00e9 le communiqu\u00e9 du Vatican. L\u2019appel a eu lieu alors que l\u2019Ukraine a d\u00e9clar\u00e9 que ses troupes poursuivaient l\u2019incursion en Russie, qui a commenc\u00e9 le 6 ao\u00fbt.<\/p>\n<p>Dans un article paru le 15 ao\u00fbt dans le journal Avvenire, organe de la Conf\u00e9rence \u00e9piscopale italienne, le cardinal Zuppi a d\u00e9clar\u00e9 : \u00ab Il y a ici et l\u00e0 des signes de paix, de solidarit\u00e9 et de volont\u00e9 de dialogue. \u00bb Il a soulign\u00e9 les efforts d\u00e9ploy\u00e9s pour aider les enfants en Ukraine, pour lib\u00e9rer les otages du Hamas \u00e0 Gaza et le r\u00e9cent \u00e9change de prisonniers entre les \u00c9tats-Unis et la Russie.<\/p>\n<p>Mais il y a aussi de petits signes de paix partag\u00e9s lorsqu\u2019une personne aide une autre, a-t-il dit. \u00ab Ces gestes sont certes aussi petits que des graines qui prennent racine, invisibles \u00e0 l\u2019\u0153il nu, mais qui poussent. \u00bb<\/p>\n<p>Le pape Fran\u00e7ois a \u00e9galement d\u00e9clar\u00e9 aux personnes r\u00e9unies au Vatican pour la pri\u00e8re de midi qu\u2019il continuait \u00e0 \u00ab suivre avec pr\u00e9occupation la situation humanitaire tr\u00e8s grave \u00e0 Gaza \u00bb et a appel\u00e9 \u00e0 nouveau \u00ab \u00e0 un cessez-le-feu sur tous les fronts, \u00e0 la lib\u00e9ration des otages et \u00e0 l\u2019aide \u00e0 la population \u00e9puis\u00e9e. J\u2019encourage chacun \u00e0 faire tous les efforts pour que le conflit ne s\u2019\u00e9tende pas et \u00e0 poursuivre les voies de n\u00e9gociation pour que cette trag\u00e9die prenne fin rapidement ! N\u2019oublions pas : la guerre est une d\u00e9faite \u00bb.<\/p>\n<\/div>\n<h2> \u00c9lever nos propres pri\u00e8res pour nos proches au Seigneur matin.<\/h2>\n<p>La finale partie de la pri\u00e8re du matin consiste \u00e0 prier pour nos \u00eatres chers, notre famille, nos coll\u00e8gues et notre propre communaut\u00e9. Nous pouvons prier pour leur bien-\u00eatre, leur bien-\u00eatre, leur s\u00e9curit\u00e9, et leur r\u00e9ussite. Nous pouvons \u00e9galement prier pour nos adversaires et pour ces individus qui nous ont heurt\u00e9s, et demander \u00e0 Dieu de nous aider \u00e0 leur propre pardonner et \u00e0 leur d\u00e9montrer la compassion.<\/p>\n<h3> Invoquer pour la condition physique et la tranquillit\u00e9 de nos \u00eatres chers.<\/h3>\n<p>Dieu tout-puissant, nous autres te confions nos proches, nos familles avec nos connaissances. Garde, cher Dieu, sur eux, avec prot\u00e8ge -les de tout p\u00e9ril et de toute affliction. Donne, Dieu mis\u00e9ricordieux, une sant\u00e9 du corps ainsi que de l\u2019esprit \u00e0 eux, ainsi que la paix au sein de leur esprit. Puisses-tu permettre ta b\u00e9n\u00e9diction omnipotente les garde ainsi que les individus dirige chacun au long de cette journ\u00e9e, pour qu\u2019ils jouissent dans une protection ainsi que la qui\u00e9tude.<\/p>\n<p>Nous \u00e0 toi prions aussi pour nos propres enfants, Seigneur, qu\u2019ils grandissent dans la foi avec dans l\u2019amour de ton sacr\u00e9 nom. Donne, \u00d4 Dieu, la sagesse avec la force n\u00e9cessaires pour faire face \u00e0 les d\u00e9fis de la vie, ainsi que guide leurs pas le long de le chemin de la v\u00e9rit\u00e9 et aussi de la justice.<\/p>\n<p>Enfin, nous autres te prions \u00e0 nos amis et nos voisins, Seigneur, pour qu\u2019ils connaissent la joie de ton amour et la s\u00e9r\u00e9nit\u00e9 de ton pardon. Donne-leur, \u00d4 Dieu, des c\u0153urs g\u00e9n\u00e9reux pour partager avec ceux que dans le besoin, et bras accueillantes afin de accueillir ceux que seuls ainsi que abandonn\u00e9s.<\/p>\n<h3> Prier pour les n\u00f4tres ennemis et aussi ceux qui sont nous autres ont offens\u00e9s. <\/h3>\n<p>Seigneur, le Christ, nous vous prions pour notre ennemis et aussi pour ceux qui nous ont offens\u00e9s. Accorde-leur, \u00f4 Christ, ta mis\u00e9ricorde et ton pardon, et aussi ouvre leur c\u0153ur \u00e0 la lumi\u00e8re des ta v\u00e9rit\u00e9. Aide-nous, Seigneur, \u00e0 leur montrer de la compassion ainsi que \u00e0 leur pardonner comme tu nous-m\u00eames as pardonn\u00e9. Que votre paix r\u00e8gne dans notre c\u0153urs et aussi que votre amour guide notre actions, pour que nous puissions vivre en harmonie avec tous ceux qui sont nous autres entourent.<\/p>\n<h3> Appr\u00e9hender la pri\u00e8re : <\/h3>\n<p>En conclusion, la invocation nous souviens notre devoir comme enfant de l\u2019\u00c9ternel : \u00eatre des observateurs de l\u2019 lumi\u00e8re et de son attachement dans l\u2019 \u00e9poque touch\u00e9e aux t\u00e9n\u00e8bres. \u00c0 travers nos discours et notre actes, nous diffusons l\u2019\u00c9vangile de la tranquillit\u00e9 et de la conciliation, amenant l\u2019esp\u00e9rance et la gu\u00e9rison \u00e0 un milieu bris\u00e9.<\/p>\n<p>Dans la spiritualit\u00e9 chr\u00e9tienne, le aube adopte une importance sp\u00e9ciale, illustrant le rafra\u00eechissement et l\u2019 reconstruction spirituelle. C\u2019est au d\u00e9but de chaque journ\u00e9e que le c\u0153ur se oriente vers l\u2019\u00c9ternel dans la pri\u00e8re, s\u2019effor\u00e7ant \u00e0 \u00eatre \u00e9clair\u00e9e par la lumi\u00e8re surnaturelle. La coutume des pri\u00e8res matinales est profond\u00e9ment enracin\u00e9e dans la tradition chr\u00e9tienne, offrant un instant privil\u00e9gi\u00e9 pour \u00e9tablir une connexion avec Dieu et se pr\u00e9parer int\u00e9rieurement aux d\u00e9fis de la journ\u00e9e qui s\u2019annonce.<\/p>\n<p>\u00c0 l\u2019int\u00e9rieur de ces oraisons matinales se trouve habituellement une d\u00e9votion distincte pour Marie, la m\u00e8re de J\u00e9sus et aussi ic\u00f4ne sainte v\u00e9n\u00e9r\u00e9e par de nombreux fid\u00e8les. En qualit\u00e9 d\u2019 interm\u00e9diaire au milieu de les hommes et Dieu, Marie reste invoqu\u00e9e afin de m\u00e9dier en notre nom, nous orientant sur le chemin vers la saintet\u00e9 ainsi que de la gr\u00e2ce divine. Son pr\u00e9sence maternelle offre r\u00e9confort ainsi que protection, entourant nos pri\u00e8re matinales avec une douceur c\u00e9leste.<\/p>\n<p>En via les pri\u00e8res du matin, on est invit\u00e9s pour se rallier \u00e0 Marie dans une d\u00e9marche de sanctification personnelle. En m\u00e9ditant sur la vie ainsi que ses vertus, on explorons \u00e0 imiter son humilit\u00e9, la puret\u00e9 ainsi que son ob\u00e9issance vers l\u2019 volont\u00e9 de Dieu. \u00c0 travers sa saintet\u00e9 parfaite, Marie est pour nous un mod\u00e8le de vie chr\u00e9tienne, nous rappelant l\u2019importance de la pri\u00e8re ainsi que de la contemplation au sein de notre cheminement spirituel.<\/p>\n<p>Joignons nos c\u0153urs dans la pri\u00e8re de debut de journ\u00e9e, dans l\u2019unit\u00e9 de notre foi, en Marie, la m\u00e8re de J\u00e9sus. Au sein de notre monde troubl\u00e9 par les conflits et la discorde, recourons \u00e0 la pri\u00e8re pour trouver de trouver la paix et l\u2019harmonie. Chacun exprimer une demande pour la Vierge Marie <a target=\"_blank\" rel=\"nofollow\" href=\"https:\/\/editionsbussiere.com\/blog\/goto\/https:\/\/www.avemariasound.org\/\" >sur cette page.<\/a> Que nos supplications montent vers le ciel, comme une offrande agr\u00e9able par Dieu, pour qu\u2019il guide nous guider nos pas sur le chemin de la justice et de la v\u00e9rit\u00e9. Saint Paul nous exhorte dans ses \u00e9p\u00eetres \u00e0 maintenir une pri\u00e8re incessante, quelle que soit la situation, pour que notre connexion \u00e0 Dieu reste constante et passionn\u00e9e. La pri\u00e8re, lorsqu\u2019elle est offerte sinc\u00e8rement, poss\u00e8de la capacit\u00e9 pour transformer nos c\u0153urs et d\u2019influer le cours de l\u2019histoire.<\/p>\n<p>La r\u00e9citation du matin est ainsi un temps privil\u00e9gi\u00e9 pour se consacrer \u00e0 Dieu avec l\u2019intercession de Marie, en lui offrant nos acclamations, nos reconnaissances et nos intentions les plus intimes. \u00c0 travers l\u2019 qui\u00e9tude de l\u2019aurore, nous sommes invit\u00e9s \u00e0 tourner envers la m\u00e8re sainte, laquelle nous guide avec tendresse sur le chemin de la croyance ainsi que du sentiment amoureux divin. \u00c0 travers faisant l\u2019union notre voix \u00e0 celle-ci de Marie, nous haussant nos pri\u00e8res matinales \u00e0 du tr\u00f4ne du la gr\u00e2ce, s\u00fbrs que nos supplications seront entendues et accueillies par le c\u0153ur mis\u00e9ricordieux de Dieu.<\/p>\n<h2> Pri\u00e8re envers le matin avec dieu et Marie la Vierge<\/h2>\n<p>Dieu tout-puissant et plein de mis\u00e9ricorde, en ce nouveau jour qui commence sous la clart\u00e9 de ta lumi\u00e8re c\u00e9leste, je viens \u00e0 Toi avec foi et modestie. Que cette nouvelle journ\u00e9e qui se profile soit consacr\u00e9e \u00e0 ton saint nom, que chaque pulsation de mon \u00eatre |chaque regard de mes yeux|chacune de mes paroles|chacun de mes gestes} te soit offert en offrande. Que chaque souffle de vie que tu m\u2019as donn\u00e9 soit un soupir de d\u00e9votion |un souffle vers toi|un souffle de vie en toi}. Priez, priez, que nos c\u0153urs implorent, suppliez, suppliez.<\/p>\n<p>Tel Marie, la m\u00e8re sainte qui a port\u00e9 en son sein l\u2019enfant J\u00e9sus, accompagne-moi dans ce voyage de foi et de d\u00e9votion. Que je puisse, par le biais de les pages de l\u2019\u00c9vangile, d\u00e9couvrir la lueur pour \u00e9clairer mes pas et renforcer ma foi. Comme Pierre, accorde-moi la puissance et la bravoure de surmonter les tourments de l\u2019existence avec une foi in\u00e9branlable en ta divine providence.<\/p>\n<p>Dans ce moment de Car\u00eame, o\u00f9 les chr\u00e9tiens et les croyantes se pr\u00e9parent \u00e0 comm\u00e9morer la r\u00e9surrection de notre Seigneur bien-aim\u00e9, donne-moi, Seigneur, l\u2019\u00e9veil spirituel. Que mon \u00e2me soit purifi\u00e9 de toute souillure, afin qu\u2019il devienne un temple digne de ta pr\u00e9sence. Que mes pri\u00e8res, inspir\u00e9e par l\u2019exemple de Fran\u00e7ois d\u2019Assise, r\u00e9sonne tel un hymne de louange \u00e0 travers les si\u00e8cles.<br \/>\n\u00d4 Seigneur, que mon quotidien soit impr\u00e9gn\u00e9 de ta b\u00e9n\u00e9diction, que chacun des instants soit une occasion de te rencontrer et de te servir dans mes semblables. Que mon chemin soit un t\u00e9moignage vivant de ton amour infini pour tous. Puissent les mots de la pri\u00e8re de Hozana monter vers toi comme un doux parfum, enveloppant chacune de mes journ\u00e9es dans une atmosph\u00e8re de s\u00e9r\u00e9nit\u00e9. Priez, \u00c9glise, Fran\u00e7ois, Hozana.<\/p>\n<p>Puissent mon c\u0153ur, Seigneur, devienne une r\u00e9plique du tien, rempli d\u2019amour, de compassion et de mis\u00e9ricorde envers autrui. Que chacune de mes pens\u00e9es et de mes actions soit dirig\u00e9e par l\u2019Esprit divin, afin que je puisse contribuer \u00e0 l\u2019av\u00e8nement de ton r\u00e8gne de justice sur la terre.<\/p>\n<p>Puissent cette journ\u00e9e devienne une nouvelle \u00e9tape dans mon cheminement spirituel, une opportunit\u00e9 de grandir dans la foi. Seigneur, poss\u00e8de mon c\u0153ur, \u00e9tablis-le comme ton sanctuaire, o\u00f9 ta pr\u00e9sence se manifeste constamment. Que chacun de mes battements de c\u0153ur devienne un chant \u00e0 ta gloire, \u00f4 Seigneur, pour l\u2019\u00e9ternit\u00e9. Amen.<\/p>\n<p>Dans le r\u00e9veil spirituel spiritualiste de toute \u00e2me chr\u00e9tienne, la supplication est essentielle. C\u2019est le lien sacr\u00e9 intime entre le fid\u00e8le divin et sa m\u00e8re c\u00e9leste, la Vierge Marie, qui prie en faveur de nous devant son c\u00e9leste Fils. Par le biais de l\u2019acte de pri\u00e8re, les croyants p\u00e9n\u00e9trons au c\u0153ur de la brillance de la doctrine divine, guid\u00e9s par l\u2019Esprit Saint, dans le but de d\u00e9celer la v\u00e9rit\u00e9 et la b\u00e9n\u00e9diction que J\u00e9sus nous offre.<\/p>\n<h2>R\u00e9flexion en ce qui concerne la Parole du Seigneur : <\/h2>\n<p>Nous avons la capacit\u00e9 de ruminer en ce qui concerne une portion biblique lequel nous enseigne de la tendresse du Seigneur. Par exemple :<\/p>\n<h3>1 Corinthiens 13, 1-8 : <\/h3>\n<p>\u00a0\u00bb<br \/>\nL\u2019amour est patient, il est plein de bont\u00e9; l\u2019amour n\u2019est point envieux; l\u2019amour ne se vante point, il ne s\u2019enfle point d\u2019orgueil, il ne fait rien de malhonn\u00eate, il ne cherche point son int\u00e9r\u00eat, il ne s\u2019irrite point, il ne soup\u00e7onne point le mal, il ne se r\u00e9jouit point de l\u2019injustice, mais il se r\u00e9jouit de la v\u00e9rit\u00e9; il supporte tout, il croit tout, il esp\u00e8re tout, il endure tout.<br \/>\nL\u2019amour ne p\u00e9rit jamais; mais, les proph\u00e9ties, elles seront abolies; les langues, elles cesseront; la connaissance, elle sera abolie.\u00a0\u00bb<\/p>\n<p>A lire:<\/p>\n<p>Pauvres fleurs\/Dormeuse.,<a target=\"_blank\" rel=\"nofollow\" href=\"https:\/\/editionsbussiere.com\/blog\/goto\/https:\/\/fr.wikisource.org\/wiki\/Pauvres_fleurs\/Dormeuse\"  target=\"_blank\" rel=\"noopener noreferrer nofollow\">Article complet.<\/a><span><\/span>. Suite sur le prochain article.<\/p>\n<p>Marie (Auguste Brizeux)\/Marie, IX.,<a target=\"_blank\" rel=\"nofollow\" href=\"https:\/\/editionsbussiere.com\/blog\/goto\/https:\/\/fr.wikisource.org\/wiki\/Marie_(Auguste_Brizeux)\/Marie,_IX\"  target=\"_blank\" rel=\"noopener noreferrer nofollow\">L\u2019article ICI.<\/a><span><\/span><\/p>\n<p>Les Natchez\/Livre 4.,<a target=\"_blank\" rel=\"nofollow\" href=\"https:\/\/editionsbussiere.com\/blog\/goto\/https:\/\/fr.wikisource.org\/wiki\/Les_Natchez\/Livre_4\"  target=\"_blank\" rel=\"noopener noreferrer nofollow\">Ici.<\/a><span><\/span><\/p>\n<p>La Mer (Richepin)\/Les litanies de la mer.,<a target=\"_blank\" rel=\"nofollow\" href=\"https:\/\/editionsbussiere.com\/blog\/goto\/https:\/\/fr.wikisource.org\/wiki\/La_Mer_(Richepin)\/Les_litanies_de_la_mer\"  target=\"_blank\" rel=\"noopener noreferrer nofollow\">Le post d\u2019actualit\u00e9.<\/a><span><\/span><\/p>\n<p>L\u2019Antoniade\/Premier \u00c2ge\/Prologue.,<a target=\"_blank\" rel=\"nofollow\" href=\"https:\/\/editionsbussiere.com\/blog\/goto\/https:\/\/fr.wikisource.org\/wiki\/L%E2%80%99Antoniade\/Premier_%C3%82ge\/Prologue\"  target=\"_blank\" rel=\"noopener noreferrer nofollow\">Cliquer ICI.<\/a><span><\/span><\/p>\n<p>Au pays des ajoncs\/Notre Dame de la Clart\u00e9.,<a target=\"_blank\" rel=\"nofollow\" href=\"https:\/\/editionsbussiere.com\/blog\/goto\/https:\/\/fr.wikisource.org\/wiki\/Au_pays_des_ajoncs\/Notre_Dame_de_la_Clart%C3%A9\"  target=\"_blank\" rel=\"noopener noreferrer nofollow\">Le dossier.<\/a><span><\/span><\/p>\n<\/div>\n<p><img decoding=\"async\" class=\"wpe_imgrss\" src=\"https:\/\/editionsbussiere.com\/blog\/wp-content\/uploads\/2024\/08\/1723740812_A-lAssomption-le-pape-confie-les-pays-dechires-par-la.jpg\">Cet article a \u00e9t\u00e9 reconstitu\u00e9 du mieux possible. Dans l\u2019hypoth\u00e8se o\u00f9 vous souhaitez apporter quelques modifications concernant le th\u00e8me \u00ab\u00a0Editions \u00e9sot\u00e9rique fond\u00e9e en 1927\u00a0\u00bb, il est possible de discuter avec notre r\u00e9daction. Vous pouvez tirer profit de cet article traitant le sujet \u00ab\u00a0Editions \u00e9sot\u00e9rique fond\u00e9e en 1927\u00a0\u00bb. Il est concoct\u00e9 par l\u2019\u00e9quipe editionsbussiere.com. Le site editionsbussiere.com est fait pour cr\u00e9er divers posts autour du th\u00e8me Editions \u00e9sot\u00e9rique fond\u00e9e en 1927 d\u00e9velopp\u00e9es sur internet. Consultez notre site internet editionsbussiere.com et nos r\u00e9seaux sociaux pour \u00eatre au courant des futures annonces.<\/p>\n","protected":false},"excerpt":{"rendered":"<p>CIT\u00c9 DU VATICAN (CNS) \u2014 Marie n\u2019est pas une \u00ab statue de cire immobile \u00bb, mais une disciple qui veut partager la bonne nouvelle de J\u00e9sus avec tous et qui tend la main pour les aider et les r\u00e9conforter, a d\u00e9clar\u00e9 le pape Fran\u00e7ois. En r\u00e9citant la pri\u00e8re de l\u2019Ang\u00e9lus avec les visiteurs sur la [&hellip;]<\/p>\n","protected":false},"author":3,"featured_media":1178,"comment_status":"closed","ping_status":"closed","sticky":false,"template":"","format":"standard","meta":{"footnotes":""},"categories":[3],"tags":[],"class_list":["post-1177","post","type-post","status-publish","format-standard","has-post-thumbnail","hentry","category-editions-esoterique-fondee-en-1927-depeches","entry","fw-tab-6 fw-tabr-4","has-featured-image"],"yoast_head":"<!-- This site is optimized with the Yoast SEO plugin v27.5 - https:\/\/yoast.com\/product\/yoast-seo-wordpress\/ -->\n<title>A l\u2019Assomption, le pape confie les pays d\u00e9chir\u00e9s par la guerre aux soins de Marie avec une pri\u00e8re pour commencer la journ\u00e9e. - EDITIONSBUSSIERE<\/title>\n<meta name=\"robots\" content=\"index, follow, max-snippet:-1, max-image-preview:large, max-video-preview:-1\" \/>\n<link rel=\"canonical\" href=\"https:\/\/editionsbussiere.com\/blog\/a-lassomption-le-pape-confie-les-pays-dechires-par-la-guerre-aux-soins-de-marie-avec-une-priere-pour-commencer-la-journee\/\" \/>\n<meta property=\"og:locale\" content=\"fr_FR\" \/>\n<meta property=\"og:type\" content=\"article\" \/>\n<meta property=\"og:title\" content=\"A l\u2019Assomption, le pape confie les pays d\u00e9chir\u00e9s par la guerre aux soins de Marie avec une pri\u00e8re pour commencer la journ\u00e9e. - EDITIONSBUSSIERE\" \/>\n<meta property=\"og:description\" content=\"CIT\u00c9 DU VATICAN (CNS) \u2014 Marie n\u2019est pas une \u00ab statue de cire immobile \u00bb, mais une disciple qui veut partager la bonne nouvelle de J\u00e9sus avec tous et qui tend la main pour les aider et les r\u00e9conforter, a d\u00e9clar\u00e9 le pape Fran\u00e7ois. En r\u00e9citant la pri\u00e8re de l\u2019Ang\u00e9lus avec les visiteurs sur la [&hellip;]\" \/>\n<meta property=\"og:url\" content=\"https:\/\/editionsbussiere.com\/blog\/a-lassomption-le-pape-confie-les-pays-dechires-par-la-guerre-aux-soins-de-marie-avec-une-priere-pour-commencer-la-journee\/\" \/>\n<meta property=\"og:site_name\" content=\"EDITIONSBUSSIERE\" \/>\n<meta property=\"article:published_time\" content=\"2024-08-15T19:34:21+00:00\" \/>\n<meta property=\"og:image\" content=\"https:\/\/editionsbussiere.com\/blog\/wp-content\/uploads\/2024\/08\/1723740812_A-lAssomption-le-pape-confie-les-pays-dechires-par-la.jpg\" \/>\n<meta name=\"author\" content=\"Marie BATICLE\" \/>\n<meta name=\"twitter:card\" content=\"summary_large_image\" \/>\n<meta name=\"twitter:label1\" content=\"\u00c9crit par\" \/>\n\t<meta name=\"twitter:data1\" content=\"Marie BATICLE\" \/>\n\t<meta name=\"twitter:label2\" content=\"Dur\u00e9e de lecture estim\u00e9e\" \/>\n\t<meta name=\"twitter:data2\" content=\"12 minutes\" \/>\n<script type=\"application\/ld+json\" class=\"yoast-schema-graph\">{\"@context\":\"https:\\\/\\\/schema.org\",\"@graph\":[{\"@type\":\"Article\",\"@id\":\"https:\\\/\\\/editionsbussiere.com\\\/blog\\\/a-lassomption-le-pape-confie-les-pays-dechires-par-la-guerre-aux-soins-de-marie-avec-une-priere-pour-commencer-la-journee\\\/#article\",\"isPartOf\":{\"@id\":\"https:\\\/\\\/editionsbussiere.com\\\/blog\\\/a-lassomption-le-pape-confie-les-pays-dechires-par-la-guerre-aux-soins-de-marie-avec-une-priere-pour-commencer-la-journee\\\/\"},\"author\":{\"name\":\"Marie BATICLE\",\"@id\":\"https:\\\/\\\/editionsbussiere.com\\\/blog\\\/#\\\/schema\\\/person\\\/ec90e102792148c97e46ab871010dd8f\"},\"headline\":\"A l\u2019Assomption, le pape confie les pays d\u00e9chir\u00e9s par la guerre aux soins de Marie avec une pri\u00e8re pour commencer la journ\u00e9e.\",\"datePublished\":\"2024-08-15T19:34:21+00:00\",\"mainEntityOfPage\":{\"@id\":\"https:\\\/\\\/editionsbussiere.com\\\/blog\\\/a-lassomption-le-pape-confie-les-pays-dechires-par-la-guerre-aux-soins-de-marie-avec-une-priere-pour-commencer-la-journee\\\/\"},\"wordCount\":2422,\"publisher\":{\"@id\":\"https:\\\/\\\/editionsbussiere.com\\\/blog\\\/#organization\"},\"image\":{\"@id\":\"https:\\\/\\\/editionsbussiere.com\\\/blog\\\/a-lassomption-le-pape-confie-les-pays-dechires-par-la-guerre-aux-soins-de-marie-avec-une-priere-pour-commencer-la-journee\\\/#primaryimage\"},\"thumbnailUrl\":\"https:\\\/\\\/editionsbussiere.com\\\/blog\\\/wp-content\\\/uploads\\\/2024\\\/08\\\/1723740812_A-lAssomption-le-pape-confie-les-pays-dechires-par-la.jpg\",\"articleSection\":[\"Editions \u00c9sot\u00e9rique Fond\u00e9e En 1927; D\u00e9p\u00e8ches:\"],\"inLanguage\":\"fr-FR\"},{\"@type\":\"WebPage\",\"@id\":\"https:\\\/\\\/editionsbussiere.com\\\/blog\\\/a-lassomption-le-pape-confie-les-pays-dechires-par-la-guerre-aux-soins-de-marie-avec-une-priere-pour-commencer-la-journee\\\/\",\"url\":\"https:\\\/\\\/editionsbussiere.com\\\/blog\\\/a-lassomption-le-pape-confie-les-pays-dechires-par-la-guerre-aux-soins-de-marie-avec-une-priere-pour-commencer-la-journee\\\/\",\"name\":\"A l\u2019Assomption, le pape confie les pays d\u00e9chir\u00e9s par la guerre aux soins de Marie avec une pri\u00e8re pour commencer la journ\u00e9e. - EDITIONSBUSSIERE\",\"isPartOf\":{\"@id\":\"https:\\\/\\\/editionsbussiere.com\\\/blog\\\/#website\"},\"primaryImageOfPage\":{\"@id\":\"https:\\\/\\\/editionsbussiere.com\\\/blog\\\/a-lassomption-le-pape-confie-les-pays-dechires-par-la-guerre-aux-soins-de-marie-avec-une-priere-pour-commencer-la-journee\\\/#primaryimage\"},\"image\":{\"@id\":\"https:\\\/\\\/editionsbussiere.com\\\/blog\\\/a-lassomption-le-pape-confie-les-pays-dechires-par-la-guerre-aux-soins-de-marie-avec-une-priere-pour-commencer-la-journee\\\/#primaryimage\"},\"thumbnailUrl\":\"https:\\\/\\\/editionsbussiere.com\\\/blog\\\/wp-content\\\/uploads\\\/2024\\\/08\\\/1723740812_A-lAssomption-le-pape-confie-les-pays-dechires-par-la.jpg\",\"datePublished\":\"2024-08-15T19:34:21+00:00\",\"breadcrumb\":{\"@id\":\"https:\\\/\\\/editionsbussiere.com\\\/blog\\\/a-lassomption-le-pape-confie-les-pays-dechires-par-la-guerre-aux-soins-de-marie-avec-une-priere-pour-commencer-la-journee\\\/#breadcrumb\"},\"inLanguage\":\"fr-FR\",\"potentialAction\":[{\"@type\":\"ReadAction\",\"target\":[\"https:\\\/\\\/editionsbussiere.com\\\/blog\\\/a-lassomption-le-pape-confie-les-pays-dechires-par-la-guerre-aux-soins-de-marie-avec-une-priere-pour-commencer-la-journee\\\/\"]}]},{\"@type\":\"ImageObject\",\"inLanguage\":\"fr-FR\",\"@id\":\"https:\\\/\\\/editionsbussiere.com\\\/blog\\\/a-lassomption-le-pape-confie-les-pays-dechires-par-la-guerre-aux-soins-de-marie-avec-une-priere-pour-commencer-la-journee\\\/#primaryimage\",\"url\":\"https:\\\/\\\/editionsbussiere.com\\\/blog\\\/wp-content\\\/uploads\\\/2024\\\/08\\\/1723740812_A-lAssomption-le-pape-confie-les-pays-dechires-par-la.jpg\",\"contentUrl\":\"https:\\\/\\\/editionsbussiere.com\\\/blog\\\/wp-content\\\/uploads\\\/2024\\\/08\\\/1723740812_A-lAssomption-le-pape-confie-les-pays-dechires-par-la.jpg\",\"width\":1024,\"height\":576,\"caption\":\"1723740812 A lAssomption le pape confie les pays dechires par la\"},{\"@type\":\"BreadcrumbList\",\"@id\":\"https:\\\/\\\/editionsbussiere.com\\\/blog\\\/a-lassomption-le-pape-confie-les-pays-dechires-par-la-guerre-aux-soins-de-marie-avec-une-priere-pour-commencer-la-journee\\\/#breadcrumb\",\"itemListElement\":[{\"@type\":\"ListItem\",\"position\":1,\"name\":\"Accueil\",\"item\":\"https:\\\/\\\/editionsbussiere.com\\\/blog\\\/\"},{\"@type\":\"ListItem\",\"position\":2,\"name\":\"A l\u2019Assomption, le pape confie les pays d\u00e9chir\u00e9s par la guerre aux soins de Marie avec une pri\u00e8re pour commencer la journ\u00e9e.\"}]},{\"@type\":\"WebSite\",\"@id\":\"https:\\\/\\\/editionsbussiere.com\\\/blog\\\/#website\",\"url\":\"https:\\\/\\\/editionsbussiere.com\\\/blog\\\/\",\"name\":\"EDITIONSBUSSIERE\",\"description\":\"Editions \u00e9sot\u00e9rique fond\u00e9e en 1927; site historique, A SAVOIR ET RETENIR.\",\"publisher\":{\"@id\":\"https:\\\/\\\/editionsbussiere.com\\\/blog\\\/#organization\"},\"potentialAction\":[{\"@type\":\"SearchAction\",\"target\":{\"@type\":\"EntryPoint\",\"urlTemplate\":\"https:\\\/\\\/editionsbussiere.com\\\/blog\\\/?s={search_term_string}\"},\"query-input\":{\"@type\":\"PropertyValueSpecification\",\"valueRequired\":true,\"valueName\":\"search_term_string\"}}],\"inLanguage\":\"fr-FR\"},{\"@type\":\"Organization\",\"@id\":\"https:\\\/\\\/editionsbussiere.com\\\/blog\\\/#organization\",\"name\":\"editionsbussiere\",\"url\":\"https:\\\/\\\/editionsbussiere.com\\\/blog\\\/\",\"logo\":{\"@type\":\"ImageObject\",\"inLanguage\":\"fr-FR\",\"@id\":\"https:\\\/\\\/editionsbussiere.com\\\/blog\\\/#\\\/schema\\\/logo\\\/image\\\/\",\"url\":\"https:\\\/\\\/editionsbussiere.com\\\/blog\\\/wp-content\\\/uploads\\\/2023\\\/09\\\/cropped-buss.gif\",\"contentUrl\":\"https:\\\/\\\/editionsbussiere.com\\\/blog\\\/wp-content\\\/uploads\\\/2023\\\/09\\\/cropped-buss.gif\",\"width\":298,\"height\":120,\"caption\":\"editionsbussiere\"},\"image\":{\"@id\":\"https:\\\/\\\/editionsbussiere.com\\\/blog\\\/#\\\/schema\\\/logo\\\/image\\\/\"}},{\"@type\":\"Person\",\"@id\":\"https:\\\/\\\/editionsbussiere.com\\\/blog\\\/#\\\/schema\\\/person\\\/ec90e102792148c97e46ab871010dd8f\",\"name\":\"Marie BATICLE\",\"image\":{\"@type\":\"ImageObject\",\"inLanguage\":\"fr-FR\",\"@id\":\"https:\\\/\\\/secure.gravatar.com\\\/avatar\\\/c923e52403b1b8137e2d929127211d21967e6aecaa053bd43b09da29f212e76e?s=96&d=mm&r=g\",\"url\":\"https:\\\/\\\/secure.gravatar.com\\\/avatar\\\/c923e52403b1b8137e2d929127211d21967e6aecaa053bd43b09da29f212e76e?s=96&d=mm&r=g\",\"contentUrl\":\"https:\\\/\\\/secure.gravatar.com\\\/avatar\\\/c923e52403b1b8137e2d929127211d21967e6aecaa053bd43b09da29f212e76e?s=96&d=mm&r=g\",\"caption\":\"Marie BATICLE\"},\"url\":\"https:\\\/\\\/editionsbussiere.com\\\/blog\\\/author\\\/eremarie\\\/\"}]}<\/script>\n<!-- \/ Yoast SEO plugin. -->","yoast_head_json":{"title":"A l\u2019Assomption, le pape confie les pays d\u00e9chir\u00e9s par la guerre aux soins de Marie avec une pri\u00e8re pour commencer la journ\u00e9e. - EDITIONSBUSSIERE","robots":{"index":"index","follow":"follow","max-snippet":"max-snippet:-1","max-image-preview":"max-image-preview:large","max-video-preview":"max-video-preview:-1"},"canonical":"https:\/\/editionsbussiere.com\/blog\/a-lassomption-le-pape-confie-les-pays-dechires-par-la-guerre-aux-soins-de-marie-avec-une-priere-pour-commencer-la-journee\/","og_locale":"fr_FR","og_type":"article","og_title":"A l\u2019Assomption, le pape confie les pays d\u00e9chir\u00e9s par la guerre aux soins de Marie avec une pri\u00e8re pour commencer la journ\u00e9e. - EDITIONSBUSSIERE","og_description":"CIT\u00c9 DU VATICAN (CNS) \u2014 Marie n\u2019est pas une \u00ab statue de cire immobile \u00bb, mais une disciple qui veut partager la bonne nouvelle de J\u00e9sus avec tous et qui tend la main pour les aider et les r\u00e9conforter, a d\u00e9clar\u00e9 le pape Fran\u00e7ois. En r\u00e9citant la pri\u00e8re de l\u2019Ang\u00e9lus avec les visiteurs sur la [&hellip;]","og_url":"https:\/\/editionsbussiere.com\/blog\/a-lassomption-le-pape-confie-les-pays-dechires-par-la-guerre-aux-soins-de-marie-avec-une-priere-pour-commencer-la-journee\/","og_site_name":"EDITIONSBUSSIERE","article_published_time":"2024-08-15T19:34:21+00:00","og_image":[{"url":"https:\/\/editionsbussiere.com\/blog\/wp-content\/uploads\/2024\/08\/1723740812_A-lAssomption-le-pape-confie-les-pays-dechires-par-la.jpg","type":"","width":"","height":""}],"author":"Marie BATICLE","twitter_card":"summary_large_image","twitter_misc":{"\u00c9crit par":"Marie BATICLE","Dur\u00e9e de lecture estim\u00e9e":"12 minutes"},"schema":{"@context":"https:\/\/schema.org","@graph":[{"@type":"Article","@id":"https:\/\/editionsbussiere.com\/blog\/a-lassomption-le-pape-confie-les-pays-dechires-par-la-guerre-aux-soins-de-marie-avec-une-priere-pour-commencer-la-journee\/#article","isPartOf":{"@id":"https:\/\/editionsbussiere.com\/blog\/a-lassomption-le-pape-confie-les-pays-dechires-par-la-guerre-aux-soins-de-marie-avec-une-priere-pour-commencer-la-journee\/"},"author":{"name":"Marie BATICLE","@id":"https:\/\/editionsbussiere.com\/blog\/#\/schema\/person\/ec90e102792148c97e46ab871010dd8f"},"headline":"A l\u2019Assomption, le pape confie les pays d\u00e9chir\u00e9s par la guerre aux soins de Marie avec une pri\u00e8re pour commencer la journ\u00e9e.","datePublished":"2024-08-15T19:34:21+00:00","mainEntityOfPage":{"@id":"https:\/\/editionsbussiere.com\/blog\/a-lassomption-le-pape-confie-les-pays-dechires-par-la-guerre-aux-soins-de-marie-avec-une-priere-pour-commencer-la-journee\/"},"wordCount":2422,"publisher":{"@id":"https:\/\/editionsbussiere.com\/blog\/#organization"},"image":{"@id":"https:\/\/editionsbussiere.com\/blog\/a-lassomption-le-pape-confie-les-pays-dechires-par-la-guerre-aux-soins-de-marie-avec-une-priere-pour-commencer-la-journee\/#primaryimage"},"thumbnailUrl":"https:\/\/editionsbussiere.com\/blog\/wp-content\/uploads\/2024\/08\/1723740812_A-lAssomption-le-pape-confie-les-pays-dechires-par-la.jpg","articleSection":["Editions \u00c9sot\u00e9rique Fond\u00e9e En 1927; D\u00e9p\u00e8ches:"],"inLanguage":"fr-FR"},{"@type":"WebPage","@id":"https:\/\/editionsbussiere.com\/blog\/a-lassomption-le-pape-confie-les-pays-dechires-par-la-guerre-aux-soins-de-marie-avec-une-priere-pour-commencer-la-journee\/","url":"https:\/\/editionsbussiere.com\/blog\/a-lassomption-le-pape-confie-les-pays-dechires-par-la-guerre-aux-soins-de-marie-avec-une-priere-pour-commencer-la-journee\/","name":"A l\u2019Assomption, le pape confie les pays d\u00e9chir\u00e9s par la guerre aux soins de Marie avec une pri\u00e8re pour commencer la journ\u00e9e. - EDITIONSBUSSIERE","isPartOf":{"@id":"https:\/\/editionsbussiere.com\/blog\/#website"},"primaryImageOfPage":{"@id":"https:\/\/editionsbussiere.com\/blog\/a-lassomption-le-pape-confie-les-pays-dechires-par-la-guerre-aux-soins-de-marie-avec-une-priere-pour-commencer-la-journee\/#primaryimage"},"image":{"@id":"https:\/\/editionsbussiere.com\/blog\/a-lassomption-le-pape-confie-les-pays-dechires-par-la-guerre-aux-soins-de-marie-avec-une-priere-pour-commencer-la-journee\/#primaryimage"},"thumbnailUrl":"https:\/\/editionsbussiere.com\/blog\/wp-content\/uploads\/2024\/08\/1723740812_A-lAssomption-le-pape-confie-les-pays-dechires-par-la.jpg","datePublished":"2024-08-15T19:34:21+00:00","breadcrumb":{"@id":"https:\/\/editionsbussiere.com\/blog\/a-lassomption-le-pape-confie-les-pays-dechires-par-la-guerre-aux-soins-de-marie-avec-une-priere-pour-commencer-la-journee\/#breadcrumb"},"inLanguage":"fr-FR","potentialAction":[{"@type":"ReadAction","target":["https:\/\/editionsbussiere.com\/blog\/a-lassomption-le-pape-confie-les-pays-dechires-par-la-guerre-aux-soins-de-marie-avec-une-priere-pour-commencer-la-journee\/"]}]},{"@type":"ImageObject","inLanguage":"fr-FR","@id":"https:\/\/editionsbussiere.com\/blog\/a-lassomption-le-pape-confie-les-pays-dechires-par-la-guerre-aux-soins-de-marie-avec-une-priere-pour-commencer-la-journee\/#primaryimage","url":"https:\/\/editionsbussiere.com\/blog\/wp-content\/uploads\/2024\/08\/1723740812_A-lAssomption-le-pape-confie-les-pays-dechires-par-la.jpg","contentUrl":"https:\/\/editionsbussiere.com\/blog\/wp-content\/uploads\/2024\/08\/1723740812_A-lAssomption-le-pape-confie-les-pays-dechires-par-la.jpg","width":1024,"height":576,"caption":"1723740812 A lAssomption le pape confie les pays dechires par la"},{"@type":"BreadcrumbList","@id":"https:\/\/editionsbussiere.com\/blog\/a-lassomption-le-pape-confie-les-pays-dechires-par-la-guerre-aux-soins-de-marie-avec-une-priere-pour-commencer-la-journee\/#breadcrumb","itemListElement":[{"@type":"ListItem","position":1,"name":"Accueil","item":"https:\/\/editionsbussiere.com\/blog\/"},{"@type":"ListItem","position":2,"name":"A l\u2019Assomption, le pape confie les pays d\u00e9chir\u00e9s par la guerre aux soins de Marie avec une pri\u00e8re pour commencer la journ\u00e9e."}]},{"@type":"WebSite","@id":"https:\/\/editionsbussiere.com\/blog\/#website","url":"https:\/\/editionsbussiere.com\/blog\/","name":"EDITIONSBUSSIERE","description":"Editions \u00e9sot\u00e9rique fond\u00e9e en 1927; site historique, A SAVOIR ET RETENIR.","publisher":{"@id":"https:\/\/editionsbussiere.com\/blog\/#organization"},"potentialAction":[{"@type":"SearchAction","target":{"@type":"EntryPoint","urlTemplate":"https:\/\/editionsbussiere.com\/blog\/?s={search_term_string}"},"query-input":{"@type":"PropertyValueSpecification","valueRequired":true,"valueName":"search_term_string"}}],"inLanguage":"fr-FR"},{"@type":"Organization","@id":"https:\/\/editionsbussiere.com\/blog\/#organization","name":"editionsbussiere","url":"https:\/\/editionsbussiere.com\/blog\/","logo":{"@type":"ImageObject","inLanguage":"fr-FR","@id":"https:\/\/editionsbussiere.com\/blog\/#\/schema\/logo\/image\/","url":"https:\/\/editionsbussiere.com\/blog\/wp-content\/uploads\/2023\/09\/cropped-buss.gif","contentUrl":"https:\/\/editionsbussiere.com\/blog\/wp-content\/uploads\/2023\/09\/cropped-buss.gif","width":298,"height":120,"caption":"editionsbussiere"},"image":{"@id":"https:\/\/editionsbussiere.com\/blog\/#\/schema\/logo\/image\/"}},{"@type":"Person","@id":"https:\/\/editionsbussiere.com\/blog\/#\/schema\/person\/ec90e102792148c97e46ab871010dd8f","name":"Marie BATICLE","image":{"@type":"ImageObject","inLanguage":"fr-FR","@id":"https:\/\/secure.gravatar.com\/avatar\/c923e52403b1b8137e2d929127211d21967e6aecaa053bd43b09da29f212e76e?s=96&d=mm&r=g","url":"https:\/\/secure.gravatar.com\/avatar\/c923e52403b1b8137e2d929127211d21967e6aecaa053bd43b09da29f212e76e?s=96&d=mm&r=g","contentUrl":"https:\/\/secure.gravatar.com\/avatar\/c923e52403b1b8137e2d929127211d21967e6aecaa053bd43b09da29f212e76e?s=96&d=mm&r=g","caption":"Marie BATICLE"},"url":"https:\/\/editionsbussiere.com\/blog\/author\/eremarie\/"}]}},"_links":{"self":[{"href":"https:\/\/editionsbussiere.com\/blog\/wp-json\/wp\/v2\/posts\/1177","targetHints":{"allow":["GET"]}}],"collection":[{"href":"https:\/\/editionsbussiere.com\/blog\/wp-json\/wp\/v2\/posts"}],"about":[{"href":"https:\/\/editionsbussiere.com\/blog\/wp-json\/wp\/v2\/types\/post"}],"author":[{"embeddable":true,"href":"https:\/\/editionsbussiere.com\/blog\/wp-json\/wp\/v2\/users\/3"}],"replies":[{"embeddable":true,"href":"https:\/\/editionsbussiere.com\/blog\/wp-json\/wp\/v2\/comments?post=1177"}],"version-history":[{"count":0,"href":"https:\/\/editionsbussiere.com\/blog\/wp-json\/wp\/v2\/posts\/1177\/revisions"}],"wp:featuredmedia":[{"embeddable":true,"href":"https:\/\/editionsbussiere.com\/blog\/wp-json\/wp\/v2\/media\/1178"}],"wp:attachment":[{"href":"https:\/\/editionsbussiere.com\/blog\/wp-json\/wp\/v2\/media?parent=1177"}],"wp:term":[{"taxonomy":"category","embeddable":true,"href":"https:\/\/editionsbussiere.com\/blog\/wp-json\/wp\/v2\/categories?post=1177"},{"taxonomy":"post_tag","embeddable":true,"href":"https:\/\/editionsbussiere.com\/blog\/wp-json\/wp\/v2\/tags?post=1177"}],"curies":[{"name":"wp","href":"https:\/\/api.w.org\/{rel}","templated":true}]}}