{"id":1175,"date":"2024-08-15T18:38:52","date_gmt":"2024-08-15T16:38:52","guid":{"rendered":"https:\/\/editionsbussiere.com\/blog\/que-puis-je-faire-elizabeth-wellendorf-et-hogar-nino-dios-avec-une-priere-au-petit-jour\/"},"modified":"2024-08-15T18:38:52","modified_gmt":"2024-08-15T16:38:52","slug":"que-puis-je-faire-elizabeth-wellendorf-et-hogar-nino-dios-avec-une-priere-au-petit-jour","status":"publish","type":"post","link":"https:\/\/editionsbussiere.com\/blog\/que-puis-je-faire-elizabeth-wellendorf-et-hogar-nino-dios-avec-une-priere-au-petit-jour\/","title":{"rendered":"Que puis-je faire ? Elizabeth Wellendorf et Hogar Ni\u00f1o Dios\n avec une pri\u00e8re au petit jour."},"content":{"rendered":"<div><img width=\"580\" height=\"326\" src=\"https:\/\/editionsbussiere.com\/blog\/wp-content\/uploads\/2024\/08\/Que-puis-je-faire-Elizabeth-Wellendorf-et-Hogar-Nino-Dios-1024x576-1.jpeg\" class=\"attachment-large size-large wp-post-image\" alt=\"Que puis-je faire ? Elizabeth Wellendorf et Hogar Ni\u00f1o Dios\" style=\"float:left; margin:0 15px 15px 0;\" decoding=\"async\" srcset=\"https:\/\/editionsbussiere.com\/blog\/wp-content\/uploads\/2024\/08\/Que-puis-je-faire-Elizabeth-Wellendorf-et-Hogar-Nino-Dios-1024x576-1.jpeg 1024w, https:\/\/www.n42.fr\/wp-content\/uploads\/2024\/08\/Que-puis-je-faire-Elizabeth-Wellendorf-et-Hogar-Nino-Dios-300x169.jpeg 300w, https:\/\/www.n42.fr\/wp-content\/uploads\/2024\/08\/Que-puis-je-faire-Elizabeth-Wellendorf-et-Hogar-Nino-Dios-768x432.jpeg 768w, https:\/\/www.n42.fr\/wp-content\/uploads\/2024\/08\/Que-puis-je-faire-Elizabeth-Wellendorf-et-Hogar-Nino-Dios-1536x864.jpeg 1536w, https:\/\/www.n42.fr\/wp-content\/uploads\/2024\/08\/Que-puis-je-faire-Elizabeth-Wellendorf-et-Hogar-Nino-Dios-2048x1152.jpeg 2048w, https:\/\/www.n42.fr\/wp-content\/uploads\/2024\/08\/Que-puis-je-faire-Elizabeth-Wellendorf-et-Hogar-Nino-Dios-1200x675.jpeg 1200w, https:\/\/www.n42.fr\/wp-content\/uploads\/2024\/08\/Que-puis-je-faire-Elizabeth-Wellendorf-et-Hogar-Nino-Dios-1980x1114.jpeg 1980w\" sizes=\"(max-width: 580px) 100vw, 580px\"><\/p>\n<p>\n<\/p>\n<div id=\"post-64814\">\n<p data-beyondwords-marker=\"c618a519-a3cc-4e22-8d31-e669c140180f\">Cette s\u00e9rie d\u2019entretiens a \u00e9t\u00e9 lanc\u00e9e pour les personnes qui se demandent souvent \u00ab Que puis-je faire ? \u00bb pour aider les personnes handicap\u00e9es. Dans les entretiens pr\u00e9c\u00e9dents, nos lecteurs ont fait la connaissance de Mary Delaney, une jeune femme qui a lanc\u00e9 et dirige un camp d\u2019\u00e9t\u00e9 pour adultes souffrant de troubles du d\u00e9veloppement, parrain\u00e9 par l\u2019Ordre de Malte, et de Joel Dillon, pr\u00e9sident et directeur g\u00e9n\u00e9ral de Jill\u2019s House et l\u2019un des parents qu\u2019ils aident. Jill\u2019s House est un centre de r\u00e9pit en Virginie qui est n\u00e9 d\u2019un geste de g\u00e9n\u00e9rosit\u00e9 de membres de la McLean Bible Church qui ont eu de la compassion pour leur pasteur et sa femme, \u00e9puis\u00e9s par la prise en charge de leur enfant souffrant d\u2019un handicap grave.<\/p>\n<p data-beyondwords-marker=\"42b90cfa-a17e-4a38-a1f8-370e372be728\">Ici, Elizabeth Wellendorf nous emm\u00e8ne dans une direction diff\u00e9rente, et son histoire est incroyable.<\/p>\n<figure data-beyondwords-marker=\"9642dbdb-19e8-4e72-aa25-76fa5be8e711\" class=\"wp-block-gallery has-nested-images columns-default is-cropped wp-block-gallery-1 is-layout-flex wp-block-gallery-is-layout-flex\">\n<figure data-beyondwords-marker=\"39d053cb-fc2b-47f8-9ebe-f3673a3195c1\" class=\"wp-block-image size-large\"><img loading=\"lazy\" decoding=\"async\" width=\"540\" height=\"720\" data-id=\"64839\" src=\"https:\/\/editionsbussiere.com\/blog\/wp-content\/uploads\/2024\/08\/Elizabeth-Wellendorf-1-540x720-1.jpg\" alt=\"\" class=\"wp-image-64839\" srcset=\"https:\/\/editionsbussiere.com\/blog\/wp-content\/uploads\/2024\/08\/Elizabeth-Wellendorf-1-540x720-1.jpg 540w, https:\/\/woforgmedia.wordonfire.org\/wp-content\/uploads\/2024\/08\/14205844\/Elizabeth-Wellendorf-1-270x360.jpg 270w, https:\/\/woforgmedia.wordonfire.org\/wp-content\/uploads\/2024\/08\/14205844\/Elizabeth-Wellendorf-1-135x180.jpg 135w, https:\/\/woforgmedia.wordonfire.org\/wp-content\/uploads\/2024\/08\/14205844\/Elizabeth-Wellendorf-1-768x1024.jpg 768w, https:\/\/woforgmedia.wordonfire.org\/wp-content\/uploads\/2024\/08\/14205844\/Elizabeth-Wellendorf-1-1152x1536.jpg 1152w, https:\/\/woforgmedia.wordonfire.org\/wp-content\/uploads\/2024\/08\/14205844\/Elizabeth-Wellendorf-1.jpg 1290w\" sizes=\"auto, (max-width: 540px) 100vw, 540px\"><\/figure>\n<figure data-beyondwords-marker=\"83384919-50dc-4d56-9ae9-3ab88c0e3c05\" class=\"wp-block-image size-large\"><img loading=\"lazy\" decoding=\"async\" width=\"405\" height=\"720\" data-id=\"64840\" src=\"https:\/\/editionsbussiere.com\/blog\/wp-content\/uploads\/2024\/08\/394814194_1042913580238079_4946198991326317951_n-2-405x720-1.jpg\" alt=\"\" class=\"wp-image-64840\" srcset=\"https:\/\/editionsbussiere.com\/blog\/wp-content\/uploads\/2024\/08\/394814194_1042913580238079_4946198991326317951_n-2-405x720-1.jpg 405w, https:\/\/woforgmedia.wordonfire.org\/wp-content\/uploads\/2024\/08\/14205844\/394814194_1042913580238079_4946198991326317951_n-2-203x360.jpg 203w, https:\/\/woforgmedia.wordonfire.org\/wp-content\/uploads\/2024\/08\/14205844\/394814194_1042913580238079_4946198991326317951_n-2-101x180.jpg 101w, https:\/\/woforgmedia.wordonfire.org\/wp-content\/uploads\/2024\/08\/14205844\/394814194_1042913580238079_4946198991326317951_n-2-768x1365.jpg 768w, https:\/\/woforgmedia.wordonfire.org\/wp-content\/uploads\/2024\/08\/14205844\/394814194_1042913580238079_4946198991326317951_n-2-864x1536.jpg 864w, https:\/\/woforgmedia.wordonfire.org\/wp-content\/uploads\/2024\/08\/14205844\/394814194_1042913580238079_4946198991326317951_n-2.jpg 1152w\" sizes=\"auto, (max-width: 405px) 100vw, 405px\"><\/figure>\n<\/figure>\n<p data-beyondwords-marker=\"1b392b9f-34a9-4f65-9b57-8471afbfce2c\">Elizabeth est une Am\u00e9ricaine qui s\u2019est retrouv\u00e9e en Terre Sainte, \u00e0 Bethl\u00e9em, dans un endroit appel\u00e9 Hogar Ni\u00f1o Dios. Lisez la suite et amusez-vous.<\/p>\n<hr data-beyondwords-marker=\"c2a287cc-4e8e-44f5-854d-ed4cd6337e79\" class=\"wp-block-separator has-alpha-channel-opacity\">\n<h5 data-beyondwords-marker=\"20fa239c-c583-421d-bb24-ae36955d375d\" class=\"wp-block-heading font-heading\" id=\"h-mark-bradford-elizabeth-thanks-so-much-for-agreeing-to-spend-some-time-with-us-and-share-your-experiences-in-working-with-individuals-with-disabilities-would-you-please-start-by-telling-us-a-little-about-yourself-where-are-you-from-your-interests-and-education-and-how-you-found-yourself-volunteering-at-the-hogar-nino-dios-in-bethlehem\"><strong>Mark Bradford : Elizabeth, merci beaucoup d\u2019avoir accept\u00e9 de passer un peu de temps avec nous et de partager vos exp\u00e9riences de travail avec des personnes handicap\u00e9es. Pourriez-vous commencer par nous parler un peu de vous ? D\u2019o\u00f9 venez-vous, quels sont vos centres d\u2019int\u00e9r\u00eat et votre formation, et comment vous \u00eates-vous retrouv\u00e9e \u00e0 faire du b\u00e9n\u00e9volat au Hogar Ni\u00f1o Dios \u00e0 Bethl\u00e9em. <\/strong><\/h5>\n<p data-beyondwords-marker=\"fe45296d-fa50-4e22-8789-ac888c605647\"><strong> <\/strong><\/p>\n<p data-beyondwords-marker=\"5fca33de-46a4-4511-a02b-059a4faec5fd\" class=\"has-drop-cap\"><strong>\u00c9lisabeth Wellendorf<\/strong>:Merci beaucoup pour cette opportunit\u00e9. Je suis venu ici pour servir en silence, mais Dieu a confi\u00e9 mon histoire \u00e0 des personnes comme vous, pour rendre gloire \u00e0 son nom et pour apporter de l\u2019aide \u00e0 ses enfants que le monde oublie bien souvent. <\/p>\n<p data-beyondwords-marker=\"240215cb-7761-46d6-b2e9-c74f08c840a4\">Je suis n\u00e9e et j\u2019ai grandi dans une famille catholique \u00e0 Omaha, dans le Nebraska. Ma m\u00e8re est enseignante en \u00e9ducation sp\u00e9cialis\u00e9e, j\u2019ai donc toujours fait du b\u00e9n\u00e9volat aupr\u00e8s de cette population pendant mes \u00e9tudes secondaires et universitaires. J\u2019ai obtenu ma licence en soins infirmiers en 2018 et j\u2019ai directement commenc\u00e9 \u00e0 travailler aux soins intensifs. Pendant la pand\u00e9mie de COVID, je suis devenue infirmi\u00e8re itin\u00e9rante et je me suis rendue dans des h\u00f4pitaux qui avaient besoin de plus d\u2019aide. Voyager seule a vraiment renforc\u00e9 ma relation avec Dieu, et \u00e0 l\u2019\u00e9t\u00e9 2022, j\u2019ai d\u00e9cid\u00e9 de faire la premi\u00e8re chose sur ma liste de choses \u00e0 faire : voyager en Terre Sainte. Dieu m\u2019a conduite en p\u00e8lerinage avec Select International Tours, et pendant ce voyage, j\u2019ai f\u00eat\u00e9 mon anniversaire \u00e0 Bethl\u00e9em. Lorsque j\u2019ai embrass\u00e9 la pierre qui marque le lieu de naissance de J\u00e9sus, j\u2019ai entendu Dieu dire : \u00ab Joyeux anniversaire Elizabeth, bienvenue \u00e0 la maison. \u00bb \u00c0 ce moment-l\u00e0, dans mon instinct, j\u2019ai su qu\u2019il m\u2019appelait \u00e0 quelque chose de plus, alors j\u2019ai dit : \u00ab Tracez une voie. \u00bb Ce soir-l\u00e0, nous avons eu un repr\u00e9sentant de la Fondation Select To Give, qui soutient les chr\u00e9tiens en Terre Sainte. Il nous a parl\u00e9 de Hogar Ni\u00f1o Dios, un foyer pour enfants ayant des besoins sp\u00e9ciaux \u00e0 Bethl\u00e9em, et il a m\u00eame fait remarquer que nous pourrions m\u00eame y faire du b\u00e9n\u00e9volat. J\u2019ai su que c\u2019\u00e9tait l\u00e0 que Dieu m\u2019appelait. <\/p>\n<figure data-beyondwords-marker=\"f7241b7f-274c-4a44-b49f-1051e18e90c1\" class=\"wp-block-pullquote alignwide\">\n<blockquote>\n<p>Il y a aussi des moments o\u00f9 vous vous dites : \u00ab Je ne peux rien faire pour aider. \u00bb C\u2019est un mensonge. Tout ce que Dieu vous demande vraiment de faire, c\u2019est <mark style=\"background-color:rgba(0, 0, 0, 0);color:#bc9c66\" class=\"has-inline-color\">aime les comme il le fait<\/mark>. <\/p>\n<\/blockquote>\n<\/figure>\n<h5 data-beyondwords-marker=\"47135b65-f664-4c58-b066-5ee1d1c32569\" class=\"wp-block-heading font-heading\" id=\"h-it-s-a-long-way-from-omaha-to-bethlehem-what-was-it-like-making-that-transition-and-what-do-you-value-most-about-being-there-what-do-you-find-your-greatest-challenges-to-be\"><strong>Il y a un long chemin \u00e0 parcourir entre Omaha et Bethl\u00e9em. Comment s\u2019est d\u00e9roul\u00e9e cette transition et qu\u2019est-ce qui vous tient le plus \u00e0 c\u0153ur dans votre vie l\u00e0-bas ? Quels sont, selon vous, vos plus grands d\u00e9fis ? <\/strong><\/h5>\n<p data-beyondwords-marker=\"1614e15f-e439-455d-9d7d-659ff7cc8d0f\">J\u2019\u00e9tais infirmi\u00e8re itin\u00e9rante, donc \u00eatre loin de chez moi pendant de longues p\u00e9riodes n\u2019\u00e9tait pas une nouveaut\u00e9. Le grand changement est venu avec le choc culturel. Nous n\u2019avons pas de grands magasins ici avec tout, mais \u00e0 la place, nous avons une boucherie, un \u00e9tal de fruits et l\u00e9gumes, puis un petit march\u00e9 de produits secs. Il y a aussi quelque chose \u00e0 dire sur l\u2019hospitalit\u00e9 arabe. Ils vous invitent chez eux ou vous offrent simplement une tasse de caf\u00e9 dans leur boutique ! J\u2019appr\u00e9cie la famille que j\u2019ai trouv\u00e9e ici. Ma famille n\u2019est pas seulement \u00e0 Hogar Ni\u00f1o Dios, elle s\u2019\u00e9tend \u00e0 l\u2019\u00e9glise et \u00e0 la communaut\u00e9 locale ici. Nous faisons ce que nous pouvons pour nous entraider. <\/p>\n<p data-beyondwords-marker=\"b9356ba7-e0c2-4120-b613-95323a6bcc9e\">L\u2019un de mes plus grands d\u00e9fis est la barri\u00e8re de la langue. La plupart des s\u0153urs parlent espagnol parce qu\u2019elles sont d\u2019Argentine, les enfants comprennent l\u2019arabe et l\u2019espagnol, et la majorit\u00e9 des groupes de b\u00e9n\u00e9voles viennent d\u2019Italie et ne parlent qu\u2019italien. Il y a quelques religieuses, b\u00e9n\u00e9voles et habitants qui parlent bien anglais, et ils m\u2019ont permis de ne pas me sentir totalement seule. J\u2019ai r\u00e9vis\u00e9 mon espagnol du lyc\u00e9e et maintenant je peux me d\u00e9brouiller \u00e0 la maison. Mais dans les conversations profondes, j\u2019ai du mal \u00e0 m\u2019exprimer. <\/p>\n<h5 data-beyondwords-marker=\"1f1c199a-39ae-4e1e-9861-14de6cd8291d\" class=\"wp-block-heading font-heading\" id=\"h-please-tell-us-about-the-hogar-nino-dios-what-does-that-name-mean-in-english-and-how-does-the-name-fit-the-mission-of-the-place-how-many-individuals-are-served-there\"><strong>Parlez-nous de Hogar Ni\u00f1o Dios. Que signifie ce nom en fran\u00e7ais et comment correspond-il \u00e0 la mission de l\u2019endroit ? Combien de personnes y sont accueillies ?<\/strong><\/h5>\n<p data-beyondwords-marker=\"df97ace5-38c9-4333-88db-2a9a78292231\">Hogar Ni\u00f1o Dios signifie <em>La Maison de l\u2019Enfant Dieu<\/em>La Famille du Verbe Incarn\u00e9 a choisi ce nom parce qu\u2019elle reconna\u00eet l\u2019image de l\u2019enfant J\u00e9sus refl\u00e9t\u00e9e dans les yeux de chacun des enfants de cette maison. Actuellement, il y a trente-huit b\u00e9n\u00e9ficiaires \u00e2g\u00e9s de 3 \u00e0 58 ans. Les s\u0153urs consid\u00e8rent les enfants et les adultes de la maison comme une famille, c\u2019est pourquoi ils resteront dans cette maison jusqu\u2019\u00e0 ce que Dieu les rappelle \u00e0 la maison. Les enfants ont \u00e9t\u00e9 abandonn\u00e9s ou, en raison de circonstances particuli\u00e8res, ne peuvent pas \u00eatre pris en charge par leur famille. La maison leur fournit non seulement des soins de base, mais aussi une \u00e9cole, des th\u00e9rapies et des soins m\u00e9dicaux avanc\u00e9s. <\/p>\n<div class=\"wp-block-image\">\n<figure data-beyondwords-marker=\"dd9a9c6f-2307-4d27-9c04-c99620f401ed\" class=\"aligncenter size-large is-resized\"><img loading=\"lazy\" decoding=\"async\" width=\"960\" height=\"720\" src=\"https:\/\/editionsbussiere.com\/blog\/wp-content\/uploads\/2024\/08\/a4fe2f9e-6413-48ff-92ba-454042749b5d-2-960x720-1.jpeg\" alt=\"\" class=\"wp-image-64838\" style=\"width:661px;height:auto\" srcset=\"https:\/\/editionsbussiere.com\/blog\/wp-content\/uploads\/2024\/08\/a4fe2f9e-6413-48ff-92ba-454042749b5d-2-960x720-1.jpeg 960w, https:\/\/woforgmedia.wordonfire.org\/wp-content\/uploads\/2024\/08\/14205635\/a4fe2f9e-6413-48ff-92ba-454042749b5d-2-480x360.jpeg 480w, https:\/\/woforgmedia.wordonfire.org\/wp-content\/uploads\/2024\/08\/14205635\/a4fe2f9e-6413-48ff-92ba-454042749b5d-2-240x180.jpeg 240w, https:\/\/woforgmedia.wordonfire.org\/wp-content\/uploads\/2024\/08\/14205635\/a4fe2f9e-6413-48ff-92ba-454042749b5d-2-768x576.jpeg 768w, https:\/\/woforgmedia.wordonfire.org\/wp-content\/uploads\/2024\/08\/14205635\/a4fe2f9e-6413-48ff-92ba-454042749b5d-2.jpeg 1024w\" sizes=\"auto, (max-width: 960px) 100vw, 960px\"><\/figure>\n<\/div>\n<h5 data-beyondwords-marker=\"fc64fc53-2e03-4155-ba98-e17f46c0e194\" class=\"wp-block-heading font-heading\" id=\"h-since-october-of-last-year-israel-has-been-engaged-in-a-war-with-hamas-and-constantly-under-threat-what-was-it-like-being-there-when-the-invasion-first-happened-was-there-fear-and-what-is-it-like-now-do-you-feel-safe-are-you-and-the-children-you-care-for-in-danger-has-there-been-any-impact-on-your-support-or-the-availability-of-supplies-and-assistance\"><strong>Depuis octobre dernier, Isra\u00ebl est en guerre avec le Hamas et est constamment menac\u00e9. Comment avez-vous v\u00e9cu la premi\u00e8re invasion ? Aviez-vous peur et comment vivez-vous aujourd\u2019hui ? Vous sentez-vous en s\u00e9curit\u00e9 ? \u00cates-vous et les enfants dont vous vous occupez en danger ? Votre soutien ou la disponibilit\u00e9 des fournitures et de l\u2019aide ont-ils \u00e9t\u00e9 affect\u00e9s ?<\/strong><\/h5>\n<p data-beyondwords-marker=\"251282b6-fe5b-4b2f-9cd7-924d36ba9455\">Il y a toujours une tension sous-jacente entre Isra\u00ebl et le Hamas. Le matin o\u00f9 nous avons vu pour la premi\u00e8re fois les missiles explos\u00e9s par le D\u00f4me de Fer, nous avons pens\u00e9 qu\u2019il s\u2019agissait d\u2019une petite r\u00e9sistance. Apr\u00e8s avoir appris ce qui s\u2019\u00e9tait pass\u00e9, nous avons compris que la r\u00e9sistance \u00e9tait plus importante que nous ne l\u2019imaginions. Prendre soin des trente-cinq enfants que nous avions alors est devenu une t\u00e2che plus ardue. Nous avons d\u00fb am\u00e9nager une pi\u00e8ce s\u00e9curis\u00e9e avec des m\u00e9dicaments suppl\u00e9mentaires, des couches, de la nourriture et tout ce dont nos enfants pourraient avoir besoin. Beaucoup de nos enfants sont en fauteuil roulant, nous avons donc d\u00fb \u00e9galement tenir compte du fait que chaque enfant devrait \u00eatre port\u00e9 dans les escaliers en cas d\u2019urgence. <\/p>\n<p data-beyondwords-marker=\"e6c33605-5612-45af-8a1e-6ba39112ddc8\">Les premi\u00e8res semaines, nous \u00e9tions constamment \u00e0 l\u2019\u00e9coute des sir\u00e8nes de missiles et nous les distinguions des ambulances. Ces premi\u00e8res semaines ont \u00e9t\u00e9 les plus difficiles, car nous ne savions pas si la guerre allait se propager \u00e0 Bethl\u00e9em. Heureusement, nous sommes tous sains et saufs ici. Encore une fois, il y a toujours cette tension sous-jacente, mais rien qui vous fasse craindre pour votre s\u00e9curit\u00e9 au quotidien. La vie est revenue \u00e0 la normale maintenant, mais la diff\u00e9rence est qu\u2019il y a tr\u00e8s peu de p\u00e8lerins. Cela a mis \u00e0 rude \u00e9preuve non seulement la communaut\u00e9, mais aussi notre foyer. Les habitants nous aident beaucoup en faisant des dons de nourriture, mais sans l\u2019argent des touristes, ils ont plus de mal \u00e0 nous faire des dons. Avant que la guerre n\u2019\u00e9clate, nous recevions \u00e9galement des groupes de p\u00e8lerins chez nous, et ils nous apportaient des provisions ou des dons en esp\u00e8ces. Maintenant, les organisations internationales de volontaires ont arr\u00eat\u00e9 d\u2019envoyer des groupes de volontaires, et je suis actuellement la seule volontaire internationale dans le foyer. <\/p>\n<section data-beyondwords-marker=\"9ea14241-d723-4e4f-b7ef-4f63dc198b3d\" class=\"in-article-featured in-article-featured in-article-featured-block_86bd101bf1fa43eef739e0e36c9f0a41 in-article-featured-block_86bd101bf1fa43eef739e0e36c9f0a41 god-on-stage\" id=\"in-article-featured-block_86bd101bf1fa43eef739e0e36c9f0a41\" data-campaign=\"God on Stage\">\n<div class=\"in-article-featured-content \">\n<div class=\"in-article-featured-image\" data-campaign=\"God on Stage\">\n                    <img loading=\"lazy\" decoding=\"async\" width=\"180\" height=\"180\" src=\"https:\/\/editionsbussiere.com\/blog\/wp-content\/uploads\/2024\/08\/240604_God-on-Stage-ads_Set-6_SQUARE_MT-180x180-1.jpg\" class=\"attachment-thumbnail size-thumbnail\" alt=\"Dieu sur sc\u00e8ne\" srcset=\"https:\/\/editionsbussiere.com\/blog\/wp-content\/uploads\/2024\/08\/240604_God-on-Stage-ads_Set-6_SQUARE_MT-180x180-1.jpg 180w, https:\/\/woforgmedia.wordonfire.org\/wp-content\/uploads\/2024\/07\/08100713\/240604_God-on-Stage-ads_Set-6_SQUARE_MT-360x360.jpg 360w, https:\/\/woforgmedia.wordonfire.org\/wp-content\/uploads\/2024\/07\/08100713\/240604_God-on-Stage-ads_Set-6_SQUARE_MT-720x720.jpg 720w, https:\/\/woforgmedia.wordonfire.org\/wp-content\/uploads\/2024\/07\/08100713\/240604_God-on-Stage-ads_Set-6_SQUARE_MT-768x768.jpg 768w, https:\/\/woforgmedia.wordonfire.org\/wp-content\/uploads\/2024\/07\/08100713\/240604_God-on-Stage-ads_Set-6_SQUARE_MT-1536x1536.jpg 1536w, https:\/\/woforgmedia.wordonfire.org\/wp-content\/uploads\/2024\/07\/08100713\/240604_God-on-Stage-ads_Set-6_SQUARE_MT-2048x2048.jpg 2048w\" sizes=\"auto, (max-width: 180px) 100vw, 180px\">                <\/div>\n<div class=\"in-article-featured-other-content with-image\">\n<p>                            Dieu sur sc\u00e8ne : 15 pi\u00e8ces qui posent les grandes questions                        <\/p>\n<p>                            Obtenez le livre                        <\/p>\n<\/div>\n<\/div>\n<\/section>\n<h5 data-beyondwords-marker=\"80eb21fe-b8a4-49e7-97bd-4db67d487760\" class=\"wp-block-heading font-heading\" id=\"h-elizabeth-i-ve-called-this-series-of-interviews-what-can-i-do-because-so-often-people-see-individuals-especially-children-with-disabilities-and-wish-there-was-some-way-they-could-help-how-would-you-encourage-those-people-to-take-a-leap-of-faith-and-do-something-like-what-you-re-doing-maybe-not-there-in-bethlehem-but-elsewhere\"><strong>Elizabeth, j\u2019ai intitul\u00e9 cette s\u00e9rie d\u2019entretiens \u00ab Que puis-je faire ? \u00bb parce que bien souvent, les gens voient des personnes handicap\u00e9es, en particulier des enfants, et souhaitent pouvoir les aider d\u2019une mani\u00e8re ou d\u2019une autre. Comment encourageriez-vous ces personnes \u00e0 faire un acte de foi et \u00e0 faire quelque chose comme ce que vous faites ? Peut-\u00eatre pas l\u00e0-bas \u00e0 Bethl\u00e9em, mais ailleurs ? <\/strong><\/h5>\n<p data-beyondwords-marker=\"8e21561f-efe9-4942-b8e3-236214474fb2\">Si Dieu met une id\u00e9e sur votre c\u0153ur, alors \u00e0 ce moment-l\u00e0, tenez-lui la main et, comme moi, demandez-lui simplement de \u00ab vous ouvrir la voie \u00bb. <em>ne l\u00e2che pas prise<\/em> Quand vous pensez qu\u2019il l\u2019a fait. Travailler avec des personnes ayant des besoins sp\u00e9ciaux n\u2019est pas toujours chose facile. La communication et le lien avec elles peuvent \u00eatre difficiles. Il y a aussi des moments o\u00f9 vous vous dites : \u00ab Je ne peux rien faire pour les aider. \u00bb C\u2019est un mensonge. Tout ce que Dieu vous demande vraiment de faire, c\u2019est de les aimer comme il le fait. Je suis all\u00e9e \u00e0 Bethl\u00e9em pour offrir mes services d\u2019infirmi\u00e8re, mais je suis rest\u00e9e parce que j\u2019ai trouv\u00e9 un amour sans pareil. Vous n\u2019avez pas besoin de comp\u00e9tences particuli\u00e8res pour travailler avec eux, juste d\u2019un c\u0153ur pr\u00eat \u00e0 aimer. <\/p>\n<h5 data-beyondwords-marker=\"996d4f79-c0ee-47d8-9e73-53775e67274c\" class=\"wp-block-heading font-heading\" id=\"h-if-anyone-feels-moved-to-support-hogar-nino-dios-how-would-they-do-that-also-is-there-a-website-where-people-can-learn-more-who-may-be-interested\"><strong>Si quelqu\u2019un se sent pouss\u00e9 \u00e0 soutenir Hogar Ni\u00f1o Dios, comment s\u2019y prendrait-il ? Existe-t-il \u00e9galement un site Internet o\u00f9 les personnes susceptibles d\u2019\u00eatre int\u00e9ress\u00e9es pourraient en apprendre davantage ?<\/strong><\/h5>\n<p data-beyondwords-marker=\"67f3e08a-7e47-4b78-87c0-4d2103c211aa\">Le moyen le plus simple que j\u2019ai trouv\u00e9 pour soutenir Hogar Nino Dios est de passer par la fondation Select To Give. Si vous allez sur leur site Web et que vous choisissez \u00ab Soins et m\u00e9dicaments pour les enfants ayant des besoins sp\u00e9ciaux \u00bb, cet argent nous parviendra. J\u2019ai travaill\u00e9 en \u00e9troite collaboration avec Select To Give et nous sommes en train de cr\u00e9er une branche b\u00e9n\u00e9vole appel\u00e9e Select To Care ! J\u2019esp\u00e8re que le site Web de ce programme sera bient\u00f4t op\u00e9rationnel. En attendant, veuillez envoyer un e-mail \u00e0 <span class=\"__cf_email__\" data-cfemail=\"7d1518110d3d0e1811181e0909121a140b1853120f1a\">[email\u00a0protected]<\/span>. <\/p>\n<p data-beyondwords-marker=\"11b0b1ae-1d74-4afc-92b9-41e43d506cfc\">J\u2019ai un blog personnel si vous souhaitez en savoir plus sur mon exp\u00e9rience ou simplement voir de jolies photos de mes petits anges. <\/p>\n<h5 data-beyondwords-marker=\"10cfceed-5326-4d4a-95df-128c962e536b\" class=\"wp-block-heading font-heading\" id=\"h-elizabeth-it-s-been-such-a-pleasure-to-have-this-opportunity-to-meet-you-thanks-so-much-for-sharing-your-faith-and-your-selfless-love-for-those-you-serve-be-assured-of-my-prayers-for-all-of-you-there-that-our-lady-s-mantle-of-protection-cover-you-and-keep-you-all-in-safety-god-bless-you\"><strong>Elizabeth, ce fut un r\u00e9el plaisir de vous rencontrer. Merci beaucoup d\u2019avoir partag\u00e9 votre foi et votre amour d\u00e9sint\u00e9ress\u00e9 pour ceux que vous servez. Soyez assur\u00e9e de mes pri\u00e8res pour vous tous, afin que le manteau protecteur de Notre-Dame vous couvre et vous garde tous en s\u00e9curit\u00e9. Que Dieu vous b\u00e9nisse ! <\/strong><\/h5>\n<\/div>\n<p><script>\n          !function (f, b, e, v, n, t, s) \n            if (f.fbq) return\n            n = f.fbq = function () \n              n.callMethod ?\n                n.callMethod.apply(n, arguments) : n.queue.push(arguments)\n            if (!f._fbq) f._fbq = n\n            n.push = n\n            n.loaded = !0\n            n.version = '2.0'\n            n.queue = []\n            t = b.createElement(e)\n            t.async = !0\n            t.src = v\n            s = b.getElementsByTagName(e)[0]\n            s.parentNode.insertBefore(t, s)\n          (window, document, 'script',\n            '\n          fbq('init', '1854989551440160')\n          fbq('track', 'PageView')\n        <\/script><\/p>\n<h2> \u00c9lever nos proches pri\u00e8res pour nos familles au Seigneur matin.<\/h2>\n<p>La ultime section de la pri\u00e8re du matin consiste \u00e0 prier pour nos proches amis, nos famille, nos amis et notre communaut\u00e9. Nous pouvons prier pour leur, leur prosp\u00e9rit\u00e9, leur protection, et leur prosp\u00e9rit\u00e9. Nous pouvons \u00e9galement prier pour nos adversaires et pour ces personnes qui nous ont offens\u00e9s, et demander \u00e0 Dieu de nous aider \u00e0 leur propre pardonner et \u00e0 leur montrer la compassion.<\/p>\n<h3> Invoquer pour la vigueur et la s\u00e9curit\u00e9 de nos familles.<\/h3>\n<p>Seigneur, nous te confions nos amis, notre familles ainsi que nos amis. Veille, cher Dieu, sur eux, avec prot\u00e8ge -les de tout risque et de toute maladie. Offre, Dieu mis\u00e9ricordieux, une vigueur du corps ainsi que de l\u2019esprit \u00e0 eux, ainsi que la paix au sein de leur c\u0153ur. Puisses-tu permettre ta guidance omnipotente les esprits prot\u00e8ge et les conduise tout au long de cette journ\u00e9e, afin qu\u2019ils jouissent dans la protection et la paix.<\/p>\n<p>Nous \u00e0 toi prions \u00e9galement pour nos enfants, Seigneur, pour qu\u2019ils grandissent dans leur foi ainsi que dans l\u2019amour de ton sacr\u00e9 nom. Offre, \u00d4 Dieu, une sagesse avec le courage n\u00e9cessaires en vue de affronter les obstacles de la vie, et guide leurs pas le long de le chemin de la v\u00e9rit\u00e9 et aussi de la justice.<\/p>\n<p>Enfin, nous tous te prions \u00e0 nos amis et nos voisins, Seigneur, afin qu\u2019ils exp\u00e9rimentent la joie de ton amour avec la tranquillit\u00e9 de ton pardon. Offre-leur, cher Dieu, de c\u0153urs g\u00e9n\u00e9reux en vue de partager avec ceux qui dans le besoin, et mains accueillantes pour accueillir ceux qui seuls et abandonn\u00e9s.<\/p>\n<h3> Prier pour notre ennemis et aussi ceux que nous ont offens\u00e9s. <\/h3>\n<p>Seigneur Dieu, le Christ, nous vous prions pour les n\u00f4tres ennemis et pour ces que nous autres ont offens\u00e9s. Accorde-leur, \u00f4 Christ, ta mis\u00e9ricorde et aussi votre pardon, et ouvre leur c\u0153ur \u00e0 la lumi\u00e8re de ta v\u00e9rit\u00e9. Aide-nous, Seigneur, \u00e0 leur montrer de la compassion et aussi \u00e0 leur pardonner comme tu nous as pardonn\u00e9. Que ta paix r\u00e8gne dans notre c\u0153urs ainsi que que votre amour guide les n\u00f4tres actions, pour que nous puissions vivre en harmonie avec tous ceux qui sont nous entourent.<\/p>\n<h3> Comprendre la pri\u00e8re : <\/h3>\n<p>En conclusion, la invocation nous souviens notre mission en tant que enfant de Dieu : se trouver des t\u00e9moins de l\u2019 lumi\u00e8re et de son amour dans une \u00e8re touch\u00e9e aux t\u00e9n\u00e8bres. \u00c0 travers nos paroles et nos actes, nous r\u00e9pandons l\u2019\u00c9vangile de l\u2019 tranquillit\u00e9 et de la conciliation, amenant l\u2019attente et la gu\u00e9rison \u00e0 un contexte ab\u00eem\u00e9.<\/p>\n<p>Dans la spiritualit\u00e9 chr\u00e9tienne, le matin porte une signification sp\u00e9ciale, illustrant l\u2019 renouveau et l\u2019 r\u00e9g\u00e9n\u00e9ration int\u00e9rieure. C\u2019est au d\u00e9but de chaque jour que le c\u0153ur se dirige vers Dieu dans la pri\u00e8re, s\u2019effor\u00e7ant \u00e0 \u00eatre \u00e9clair\u00e9e par la lumi\u00e8re c\u00e9leste. L\u2019habitude des pri\u00e8res matinales s\u2019av\u00e8re profond\u00e9ment enracin\u00e9e dans le patrimoine chr\u00e9tienne, offrant un moment exclusif pour se connecter avec le Seigneur et se pr\u00e9parer int\u00e9rieurement aux d\u00e9fis de la journ\u00e9e \u00e0 venir.<\/p>\n<p>Au l\u2019int\u00e9rieur au sein de ces pri\u00e8re matinales se trouve r\u00e9guli\u00e8rement une d\u00e9votion particuli\u00e8re envers Marie, la maternelle de J\u00e9sus et personnage sainte v\u00e9n\u00e9r\u00e9e aupr\u00e8s de un grand nombre fid\u00e8les. En tant de interm\u00e9diaire entre les hommes et Dieu, Marie est pri\u00e9e afin de m\u00e9dier en notre faveur, nous conduisant sur le chemin de la saintet\u00e9 et de la gr\u00e2ce divine. Ses pr\u00e9sentation maternelle fournit r\u00e9confort et protection, entourant nos pri\u00e8res matinales d\u2019une tendresse c\u00e9leste.<\/p>\n<p>En par les pri\u00e8re du matin, on est invit\u00e9s \u00e0 se rallier vers Marie au sein de une initiative de b\u00e9atification individuelle. Par m\u00e9ditant sur la vie et les vertus, nous recherchons pour imiter sa humilit\u00e9, sa puret\u00e9 et son ob\u00e9issance vers la volont\u00e9 du Dieu. \u00c0 travers la saintet\u00e9 mod\u00e8le, Marie se transforme en en nous un mod\u00e8le de vie chr\u00e9tienne, nous rappelant l\u2019importance de la pri\u00e8re ainsi que de la contemplation dans notre cheminement spirituel.<\/p>\n<p>Prions ensemble un pri\u00e8re matinale, dans notre esp\u00e9rance, en nous tournant vers Marie, la m\u00e8re de notre Seigneur J\u00e9sus-Christ. Dans notre monde troubl\u00e9 par la guerre et la division, recourons \u00e0 la pri\u00e8re pour trouver de trouver la s\u00e9r\u00e9nit\u00e9 et l\u2019harmonie. On peut exprimer des v\u0153ux pour la Sainte Vierge <a target=\"_blank\" rel=\"nofollow\" href=\"https:\/\/editionsbussiere.com\/blog\/goto\/https:\/\/www.avemariasound.org\/\" >en visitant cette page.<\/a> Que nos supplications s\u2019\u00e9l\u00e8vent vers le ciel, comme une offrande agr\u00e9able \u00e0 Dieu, afin qu\u2019il guide nous guider nos chemins vers la voie de la v\u00e9rit\u00e9 et de la justice. Saint Paul nous dans ses \u00e9p\u00eetres \u00e0 maintenir une pri\u00e8re incessante, quelle que soit la situation, pour que notre communion \u00e0 Dieu reste solide et ardente. La pri\u00e8re, lorsqu\u2019elle est offerte sinc\u00e8rement, poss\u00e8de le pouvoir de changer les c\u0153urs et de modifier le destin de l\u2019histoire.<\/p>\n<p>La r\u00e9citation du matin se trouve \u00eatre un instant favoris\u00e9 afin de se consacrer \u00e0 Dieu avec l\u2019intercession de Marie, en lui sacrifiant nos louanges, nos actions de gr\u00e2ce et nos intentions les plus intimes. Au sein de la qui\u00e9tude du l\u2019aurore, on est invit\u00e9s pour se tourner envers cette m\u00e8re divine, laquelle nous guide avec douceur au sujet de le chemin de la foi ainsi que l\u2019amour divin. En unissant nos voix \u00e0 cette derni\u00e8re du Marie, on haussant notre pri\u00e8res matinales envers du tr\u00f4ne de la gr\u00e2ce, confiants que nos supplications seront entendues ainsi que accueillies aupr\u00e8s de le c\u0153ur mis\u00e9ricordieux de Dieu.<\/p>\n<h2> Pri\u00e8re pour le matin avec Dieu et Marie la Vierge<\/h2>\n<p>Dieu tout-puissant et plein de mis\u00e9ricorde, en ce matin qui s\u2019annonce sous la clart\u00e9 de ta lumi\u00e8re c\u00e9leste, je viens \u00e0 Toi avec confiance et humilit\u00e9. Que cette nouvelle journ\u00e9e qui se profile soit consacr\u00e9e \u00e0 ta saintet\u00e9, que chaque pulsation de mon \u00eatre |chaque regard de mes yeux|chacune de mes paroles|chacun de mes gestes} te soit offert en acte d\u2019amour. Que chaque respiration qui anime mon \u00eatre soit un soupir de d\u00e9votion |un souffle vers toi|un souffle de vie en toi}. Priez, priez, suppliez, suppliez, que nos esprits s\u2019\u00e9l\u00e8vent.<\/p>\n<p>\u00c0 l\u2019instar de Marie, la m\u00e8re bienheureuse qui a port\u00e9 en son sein l\u2019enfant J\u00e9sus, guide-moi dans ce cheminement de foi et de d\u00e9votion. Que je puisse, \u00e0 travers les pages de l\u2019\u00c9vangile, d\u00e9couvrir la clart\u00e9 pour \u00e9clairer mes pas et consolider ma foi. Tel Pierre, donne-moi la puissance et le courage de surmonter les tourments de l\u2019existence avec une confiance absolue en ta providence.<\/p>\n<p>Dans ce temps de Car\u00eame, o\u00f9 les chr\u00e9tiens et les fid\u00e8les se pr\u00e9parent \u00e0 honorer la r\u00e9surrection de ton fils bien-aim\u00e9, donne-moi, Seigneur, l\u2019\u00e9veil spirituel. Que mon \u00e2me soit purifi\u00e9 de toute impuret\u00e9, afin qu\u2019il devienne un temple digne de ta pr\u00e9sence. Que mes pri\u00e8res, suivant l\u2019exemple de Fran\u00e7ois d\u2019Assise, retentisse comme un hymne de louange \u00e0 travers les si\u00e8cles.<br \/>\nSeigneur, que chaque jour soit impr\u00e9gn\u00e9 de ton amour, que chacun des instants soit une occasion de te rencontrer et de te servir dans mes fr\u00e8res et s\u0153urs. Que mon chemin soit un t\u00e9moignage vivant de ta mis\u00e9ricorde sans limite envers l\u2019humanit\u00e9. Puissent les pri\u00e8res de Hozana monter vers toi comme un doux parfum, enveloppant chaque instant de ma journ\u00e9e dans une atmosph\u00e8re de s\u00e9r\u00e9nit\u00e9. Priez, \u00c9glise, Fran\u00e7ois, Hozana.<\/p>\n<p>Puissent mon c\u0153ur, \u00d4 Seigneur, devienne une r\u00e9plique du tien, rempli d\u2019amour, de compassion et de mis\u00e9ricorde envers mes semblables. Que chacune de mes pens\u00e9es et de mes actions soit dirig\u00e9e par l\u2019Esprit divin, afin que je puisse contribuer \u00e0 l\u2019av\u00e8nement de ton r\u00e8gne de justice sur la terre.<\/p>\n<p>Que cette journ\u00e9e constitue une nouvelle \u00e9tape dans mon cheminement spirituel, une opportunit\u00e9 de grandir dans la foi. Seigneur, prends possession de mon c\u0153ur, transforme-le en ton sanctuaire, o\u00f9 ta pr\u00e9sence se manifeste \u00e0 chaque instant. Que chaque pulsation de mon c\u0153ur se transforme en un chant \u00e0 ta louange, Seigneur, pour toujours. Amen.<\/p>\n<p>Pendant l\u2019\u00e9veil spirituel de tout \u00e2me chr\u00e9tienne, la pri\u00e8re a un r\u00f4le. C\u2019est le lien sacr\u00e9 intime entre le fid\u00e8le de Dieu et sa m\u00e8re c\u00e9leste, Marie, qui prie en faveur de nous aupr\u00e8s de son divin Fils. En utilisant l\u2019acte de pri\u00e8re, nous p\u00e9n\u00e9trons au c\u0153ur de la brillance de la doctrine divine, men\u00e9s sous l\u2019Esprit Saint, pour d\u00e9couvrir la vraie nature et la gr\u00e2ce que J\u00e9sus nous offre.<\/p>\n<h2>M\u00e9ditation sur la divine Parole de Dieu : <\/h2>\n<p>Il nous est possible de avons la capacit\u00e9 de ruminer sur un extrait religieux qui nous enseigne de l\u2019affection du Seigneur. \u00c0 titre d\u2019exemple :<\/p>\n<h3>1 Corinthiens 13, 1-8 : <\/h3>\n<p>\u00a0\u00bb<br \/>\nL\u2019amour est patient, il est plein de bont\u00e9; l\u2019amour n\u2019est point envieux; l\u2019amour ne se vante point, il ne s\u2019enfle point d\u2019orgueil, il ne fait rien de malhonn\u00eate, il ne cherche point son int\u00e9r\u00eat, il ne s\u2019irrite point, il ne soup\u00e7onne point le mal, il ne se r\u00e9jouit point de l\u2019injustice, mais il se r\u00e9jouit de la v\u00e9rit\u00e9; il supporte tout, il croit tout, il esp\u00e8re tout, il endure tout.<br \/>\nL\u2019amour ne p\u00e9rit jamais; mais, les proph\u00e9ties, elles seront abolies; les langues, elles cesseront; la connaissance, elle sera abolie.\u00a0\u00bb<\/p>\n<p>Livres sur un th\u00e8me comparable:<\/p>\n<p>Trait\u00e9 sur la tol\u00e9rance\/\u00c9dition Garnier 1879\/20.,<a target=\"_blank\" rel=\"nofollow\" href=\"https:\/\/editionsbussiere.com\/blog\/goto\/https:\/\/fr.wikisource.org\/wiki\/Trait%C3%A9_sur_la_tol%C3%A9rance\/%C3%89dition_Garnier_1879\/20\"  target=\"_blank\" rel=\"noopener noreferrer nofollow\">Le post d\u2019actualit\u00e9.<\/a><span><\/span><\/p>\n<p>Lourdes\/Troisi\u00e8me journ\u00e9e\/Chapitre IV.,<a target=\"_blank\" rel=\"nofollow\" href=\"https:\/\/editionsbussiere.com\/blog\/goto\/https:\/\/fr.wikisource.org\/wiki\/Lourdes\/Troisi%C3%A8me_journ%C3%A9e\/Chapitre_IV\"  target=\"_blank\" rel=\"noopener noreferrer nofollow\">Le post d\u2019actualit\u00e9.<\/a><span><\/span>. Suite sur le prochain article.<\/p>\n<p>Les Caresses (Richepin)\/Flor\u00e9al\/Sonnet romain.,<a target=\"_blank\" rel=\"nofollow\" href=\"https:\/\/editionsbussiere.com\/blog\/goto\/https:\/\/fr.wikisource.org\/wiki\/Les_Caresses_(Richepin)\/Flor%C3%A9al\/Sonnet_romain\"  target=\"_blank\" rel=\"noopener noreferrer nofollow\">A lire ici.<\/a><span><\/span><\/p>\n<p>Le Coran (Traduction de Savary)\/66.,<a target=\"_blank\" rel=\"nofollow\" href=\"https:\/\/editionsbussiere.com\/blog\/goto\/https:\/\/fr.wikisource.org\/wiki\/Le_Coran_(Traduction_de_Savary)\/66\"  target=\"_blank\" rel=\"noopener noreferrer nofollow\">Cliquer ICI.<\/a><span><\/span>. Suite sur le prochain article.<\/p>\n<p>La Fleur de Mars.,<a target=\"_blank\" rel=\"nofollow\" href=\"https:\/\/editionsbussiere.com\/blog\/goto\/https:\/\/fr.wikisource.org\/wiki\/La_Fleur_de_Mars\"  target=\"_blank\" rel=\"noopener noreferrer nofollow\">Cliquer ICI.<\/a><span><\/span><\/p>\n<p>.,<a target=\"_blank\" rel=\"nofollow\" href=\"https:\/\/editionsbussiere.com\/blog\/goto\/\"  target=\"_blank\" rel=\"noopener noreferrer nofollow\">L\u2019article de presse.<\/a><span><\/span><\/p>\n<\/div>\n<p><img decoding=\"async\" class=\"wpe_imgrss\" src=\"https:\/\/editionsbussiere.com\/blog\/wp-content\/uploads\/2024\/08\/Que-puis-je-faire-Elizabeth-Wellendorf-et-Hogar-Nino-Dios-1024x576-1.jpeg\">Cet article a \u00e9t\u00e9 reconstitu\u00e9 du mieux possible. Dans l\u2019hypoth\u00e8se o\u00f9 vous souhaitez apporter quelques modifications concernant le th\u00e8me \u00ab\u00a0Editions \u00e9sot\u00e9rique fond\u00e9e en 1927\u00a0\u00bb, il est possible de discuter avec notre r\u00e9daction. Vous pouvez tirer profit de cet article traitant le sujet \u00ab\u00a0Editions \u00e9sot\u00e9rique fond\u00e9e en 1927\u00a0\u00bb. Il est concoct\u00e9 par l\u2019\u00e9quipe editionsbussiere.com. Le site editionsbussiere.com est fait pour cr\u00e9er divers posts autour du th\u00e8me Editions \u00e9sot\u00e9rique fond\u00e9e en 1927 d\u00e9velopp\u00e9es sur internet. Consultez notre site internet editionsbussiere.com et nos r\u00e9seaux sociaux pour \u00eatre au courant des futures annonces.<\/p>\n","protected":false},"excerpt":{"rendered":"<p>Cette s\u00e9rie d\u2019entretiens a \u00e9t\u00e9 lanc\u00e9e pour les personnes qui se demandent souvent \u00ab Que puis-je faire ? \u00bb pour aider les personnes handicap\u00e9es. Dans les entretiens pr\u00e9c\u00e9dents, nos lecteurs ont fait la connaissance de Mary Delaney, une jeune femme qui a lanc\u00e9 et dirige un camp d\u2019\u00e9t\u00e9 pour adultes souffrant de troubles du d\u00e9veloppement, [&hellip;]<\/p>\n","protected":false},"author":3,"featured_media":1176,"comment_status":"closed","ping_status":"closed","sticky":false,"template":"","format":"standard","meta":{"footnotes":""},"categories":[3],"tags":[],"class_list":["post-1175","post","type-post","status-publish","format-standard","has-post-thumbnail","hentry","category-editions-esoterique-fondee-en-1927-depeches","entry","fw-tab-6 fw-tabr-4","has-featured-image"],"yoast_head":"<!-- This site is optimized with the Yoast SEO plugin v27.5 - https:\/\/yoast.com\/product\/yoast-seo-wordpress\/ -->\n<title>Que puis-je faire ? Elizabeth Wellendorf et Hogar Ni\u00f1o Dios avec une pri\u00e8re au petit jour. - EDITIONSBUSSIERE<\/title>\n<meta name=\"robots\" content=\"index, follow, max-snippet:-1, max-image-preview:large, max-video-preview:-1\" \/>\n<link rel=\"canonical\" href=\"https:\/\/editionsbussiere.com\/blog\/que-puis-je-faire-elizabeth-wellendorf-et-hogar-nino-dios-avec-une-priere-au-petit-jour\/\" \/>\n<meta property=\"og:locale\" content=\"fr_FR\" \/>\n<meta property=\"og:type\" content=\"article\" \/>\n<meta property=\"og:title\" content=\"Que puis-je faire ? Elizabeth Wellendorf et Hogar Ni\u00f1o Dios avec une pri\u00e8re au petit jour. - EDITIONSBUSSIERE\" \/>\n<meta property=\"og:description\" content=\"Cette s\u00e9rie d\u2019entretiens a \u00e9t\u00e9 lanc\u00e9e pour les personnes qui se demandent souvent \u00ab Que puis-je faire ? \u00bb pour aider les personnes handicap\u00e9es. Dans les entretiens pr\u00e9c\u00e9dents, nos lecteurs ont fait la connaissance de Mary Delaney, une jeune femme qui a lanc\u00e9 et dirige un camp d\u2019\u00e9t\u00e9 pour adultes souffrant de troubles du d\u00e9veloppement, [&hellip;]\" \/>\n<meta property=\"og:url\" content=\"https:\/\/editionsbussiere.com\/blog\/que-puis-je-faire-elizabeth-wellendorf-et-hogar-nino-dios-avec-une-priere-au-petit-jour\/\" \/>\n<meta property=\"og:site_name\" content=\"EDITIONSBUSSIERE\" \/>\n<meta property=\"article:published_time\" content=\"2024-08-15T16:38:52+00:00\" \/>\n<meta property=\"og:image\" content=\"https:\/\/editionsbussiere.com\/blog\/wp-content\/uploads\/2024\/08\/Que-puis-je-faire-Elizabeth-Wellendorf-et-Hogar-Nino-Dios-1024x576-1.jpeg\" \/>\n<meta name=\"author\" content=\"Marie BATICLE\" \/>\n<meta name=\"twitter:card\" content=\"summary_large_image\" \/>\n<meta name=\"twitter:label1\" content=\"\u00c9crit par\" \/>\n\t<meta name=\"twitter:data1\" content=\"Marie BATICLE\" \/>\n\t<meta name=\"twitter:label2\" content=\"Dur\u00e9e de lecture estim\u00e9e\" \/>\n\t<meta name=\"twitter:data2\" content=\"19 minutes\" \/>\n<script type=\"application\/ld+json\" class=\"yoast-schema-graph\">{\"@context\":\"https:\\\/\\\/schema.org\",\"@graph\":[{\"@type\":\"Article\",\"@id\":\"https:\\\/\\\/editionsbussiere.com\\\/blog\\\/que-puis-je-faire-elizabeth-wellendorf-et-hogar-nino-dios-avec-une-priere-au-petit-jour\\\/#article\",\"isPartOf\":{\"@id\":\"https:\\\/\\\/editionsbussiere.com\\\/blog\\\/que-puis-je-faire-elizabeth-wellendorf-et-hogar-nino-dios-avec-une-priere-au-petit-jour\\\/\"},\"author\":{\"name\":\"Marie BATICLE\",\"@id\":\"https:\\\/\\\/editionsbussiere.com\\\/blog\\\/#\\\/schema\\\/person\\\/ec90e102792148c97e46ab871010dd8f\"},\"headline\":\"Que puis-je faire ? Elizabeth Wellendorf et Hogar Ni\u00f1o Dios avec une pri\u00e8re au petit jour.\",\"datePublished\":\"2024-08-15T16:38:52+00:00\",\"mainEntityOfPage\":{\"@id\":\"https:\\\/\\\/editionsbussiere.com\\\/blog\\\/que-puis-je-faire-elizabeth-wellendorf-et-hogar-nino-dios-avec-une-priere-au-petit-jour\\\/\"},\"wordCount\":3767,\"publisher\":{\"@id\":\"https:\\\/\\\/editionsbussiere.com\\\/blog\\\/#organization\"},\"image\":{\"@id\":\"https:\\\/\\\/editionsbussiere.com\\\/blog\\\/que-puis-je-faire-elizabeth-wellendorf-et-hogar-nino-dios-avec-une-priere-au-petit-jour\\\/#primaryimage\"},\"thumbnailUrl\":\"https:\\\/\\\/editionsbussiere.com\\\/blog\\\/wp-content\\\/uploads\\\/2024\\\/08\\\/Que-puis-je-faire-Elizabeth-Wellendorf-et-Hogar-Nino-Dios-1024x576-1.jpeg\",\"articleSection\":[\"Editions \u00c9sot\u00e9rique Fond\u00e9e En 1927; D\u00e9p\u00e8ches:\"],\"inLanguage\":\"fr-FR\"},{\"@type\":\"WebPage\",\"@id\":\"https:\\\/\\\/editionsbussiere.com\\\/blog\\\/que-puis-je-faire-elizabeth-wellendorf-et-hogar-nino-dios-avec-une-priere-au-petit-jour\\\/\",\"url\":\"https:\\\/\\\/editionsbussiere.com\\\/blog\\\/que-puis-je-faire-elizabeth-wellendorf-et-hogar-nino-dios-avec-une-priere-au-petit-jour\\\/\",\"name\":\"Que puis-je faire ? Elizabeth Wellendorf et Hogar Ni\u00f1o Dios avec une pri\u00e8re au petit jour. - EDITIONSBUSSIERE\",\"isPartOf\":{\"@id\":\"https:\\\/\\\/editionsbussiere.com\\\/blog\\\/#website\"},\"primaryImageOfPage\":{\"@id\":\"https:\\\/\\\/editionsbussiere.com\\\/blog\\\/que-puis-je-faire-elizabeth-wellendorf-et-hogar-nino-dios-avec-une-priere-au-petit-jour\\\/#primaryimage\"},\"image\":{\"@id\":\"https:\\\/\\\/editionsbussiere.com\\\/blog\\\/que-puis-je-faire-elizabeth-wellendorf-et-hogar-nino-dios-avec-une-priere-au-petit-jour\\\/#primaryimage\"},\"thumbnailUrl\":\"https:\\\/\\\/editionsbussiere.com\\\/blog\\\/wp-content\\\/uploads\\\/2024\\\/08\\\/Que-puis-je-faire-Elizabeth-Wellendorf-et-Hogar-Nino-Dios-1024x576-1.jpeg\",\"datePublished\":\"2024-08-15T16:38:52+00:00\",\"breadcrumb\":{\"@id\":\"https:\\\/\\\/editionsbussiere.com\\\/blog\\\/que-puis-je-faire-elizabeth-wellendorf-et-hogar-nino-dios-avec-une-priere-au-petit-jour\\\/#breadcrumb\"},\"inLanguage\":\"fr-FR\",\"potentialAction\":[{\"@type\":\"ReadAction\",\"target\":[\"https:\\\/\\\/editionsbussiere.com\\\/blog\\\/que-puis-je-faire-elizabeth-wellendorf-et-hogar-nino-dios-avec-une-priere-au-petit-jour\\\/\"]}]},{\"@type\":\"ImageObject\",\"inLanguage\":\"fr-FR\",\"@id\":\"https:\\\/\\\/editionsbussiere.com\\\/blog\\\/que-puis-je-faire-elizabeth-wellendorf-et-hogar-nino-dios-avec-une-priere-au-petit-jour\\\/#primaryimage\",\"url\":\"https:\\\/\\\/editionsbussiere.com\\\/blog\\\/wp-content\\\/uploads\\\/2024\\\/08\\\/Que-puis-je-faire-Elizabeth-Wellendorf-et-Hogar-Nino-Dios-1024x576-1.jpeg\",\"contentUrl\":\"https:\\\/\\\/editionsbussiere.com\\\/blog\\\/wp-content\\\/uploads\\\/2024\\\/08\\\/Que-puis-je-faire-Elizabeth-Wellendorf-et-Hogar-Nino-Dios-1024x576-1.jpeg\",\"width\":1024,\"height\":576,\"caption\":\"Que puis je faire Elizabeth Wellendorf et Hogar Nino Dios 1024x576 1\"},{\"@type\":\"BreadcrumbList\",\"@id\":\"https:\\\/\\\/editionsbussiere.com\\\/blog\\\/que-puis-je-faire-elizabeth-wellendorf-et-hogar-nino-dios-avec-une-priere-au-petit-jour\\\/#breadcrumb\",\"itemListElement\":[{\"@type\":\"ListItem\",\"position\":1,\"name\":\"Accueil\",\"item\":\"https:\\\/\\\/editionsbussiere.com\\\/blog\\\/\"},{\"@type\":\"ListItem\",\"position\":2,\"name\":\"Que puis-je faire ? Elizabeth Wellendorf et Hogar Ni\u00f1o Dios avec une pri\u00e8re au petit jour.\"}]},{\"@type\":\"WebSite\",\"@id\":\"https:\\\/\\\/editionsbussiere.com\\\/blog\\\/#website\",\"url\":\"https:\\\/\\\/editionsbussiere.com\\\/blog\\\/\",\"name\":\"EDITIONSBUSSIERE\",\"description\":\"Editions \u00e9sot\u00e9rique fond\u00e9e en 1927; site historique, A SAVOIR ET RETENIR.\",\"publisher\":{\"@id\":\"https:\\\/\\\/editionsbussiere.com\\\/blog\\\/#organization\"},\"potentialAction\":[{\"@type\":\"SearchAction\",\"target\":{\"@type\":\"EntryPoint\",\"urlTemplate\":\"https:\\\/\\\/editionsbussiere.com\\\/blog\\\/?s={search_term_string}\"},\"query-input\":{\"@type\":\"PropertyValueSpecification\",\"valueRequired\":true,\"valueName\":\"search_term_string\"}}],\"inLanguage\":\"fr-FR\"},{\"@type\":\"Organization\",\"@id\":\"https:\\\/\\\/editionsbussiere.com\\\/blog\\\/#organization\",\"name\":\"editionsbussiere\",\"url\":\"https:\\\/\\\/editionsbussiere.com\\\/blog\\\/\",\"logo\":{\"@type\":\"ImageObject\",\"inLanguage\":\"fr-FR\",\"@id\":\"https:\\\/\\\/editionsbussiere.com\\\/blog\\\/#\\\/schema\\\/logo\\\/image\\\/\",\"url\":\"https:\\\/\\\/editionsbussiere.com\\\/blog\\\/wp-content\\\/uploads\\\/2023\\\/09\\\/cropped-buss.gif\",\"contentUrl\":\"https:\\\/\\\/editionsbussiere.com\\\/blog\\\/wp-content\\\/uploads\\\/2023\\\/09\\\/cropped-buss.gif\",\"width\":298,\"height\":120,\"caption\":\"editionsbussiere\"},\"image\":{\"@id\":\"https:\\\/\\\/editionsbussiere.com\\\/blog\\\/#\\\/schema\\\/logo\\\/image\\\/\"}},{\"@type\":\"Person\",\"@id\":\"https:\\\/\\\/editionsbussiere.com\\\/blog\\\/#\\\/schema\\\/person\\\/ec90e102792148c97e46ab871010dd8f\",\"name\":\"Marie BATICLE\",\"image\":{\"@type\":\"ImageObject\",\"inLanguage\":\"fr-FR\",\"@id\":\"https:\\\/\\\/secure.gravatar.com\\\/avatar\\\/c923e52403b1b8137e2d929127211d21967e6aecaa053bd43b09da29f212e76e?s=96&d=mm&r=g\",\"url\":\"https:\\\/\\\/secure.gravatar.com\\\/avatar\\\/c923e52403b1b8137e2d929127211d21967e6aecaa053bd43b09da29f212e76e?s=96&d=mm&r=g\",\"contentUrl\":\"https:\\\/\\\/secure.gravatar.com\\\/avatar\\\/c923e52403b1b8137e2d929127211d21967e6aecaa053bd43b09da29f212e76e?s=96&d=mm&r=g\",\"caption\":\"Marie BATICLE\"},\"url\":\"https:\\\/\\\/editionsbussiere.com\\\/blog\\\/author\\\/eremarie\\\/\"}]}<\/script>\n<!-- \/ Yoast SEO plugin. -->","yoast_head_json":{"title":"Que puis-je faire ? Elizabeth Wellendorf et Hogar Ni\u00f1o Dios avec une pri\u00e8re au petit jour. - EDITIONSBUSSIERE","robots":{"index":"index","follow":"follow","max-snippet":"max-snippet:-1","max-image-preview":"max-image-preview:large","max-video-preview":"max-video-preview:-1"},"canonical":"https:\/\/editionsbussiere.com\/blog\/que-puis-je-faire-elizabeth-wellendorf-et-hogar-nino-dios-avec-une-priere-au-petit-jour\/","og_locale":"fr_FR","og_type":"article","og_title":"Que puis-je faire ? Elizabeth Wellendorf et Hogar Ni\u00f1o Dios avec une pri\u00e8re au petit jour. - EDITIONSBUSSIERE","og_description":"Cette s\u00e9rie d\u2019entretiens a \u00e9t\u00e9 lanc\u00e9e pour les personnes qui se demandent souvent \u00ab Que puis-je faire ? \u00bb pour aider les personnes handicap\u00e9es. Dans les entretiens pr\u00e9c\u00e9dents, nos lecteurs ont fait la connaissance de Mary Delaney, une jeune femme qui a lanc\u00e9 et dirige un camp d\u2019\u00e9t\u00e9 pour adultes souffrant de troubles du d\u00e9veloppement, [&hellip;]","og_url":"https:\/\/editionsbussiere.com\/blog\/que-puis-je-faire-elizabeth-wellendorf-et-hogar-nino-dios-avec-une-priere-au-petit-jour\/","og_site_name":"EDITIONSBUSSIERE","article_published_time":"2024-08-15T16:38:52+00:00","og_image":[{"url":"https:\/\/editionsbussiere.com\/blog\/wp-content\/uploads\/2024\/08\/Que-puis-je-faire-Elizabeth-Wellendorf-et-Hogar-Nino-Dios-1024x576-1.jpeg","type":"","width":"","height":""}],"author":"Marie BATICLE","twitter_card":"summary_large_image","twitter_misc":{"\u00c9crit par":"Marie BATICLE","Dur\u00e9e de lecture estim\u00e9e":"19 minutes"},"schema":{"@context":"https:\/\/schema.org","@graph":[{"@type":"Article","@id":"https:\/\/editionsbussiere.com\/blog\/que-puis-je-faire-elizabeth-wellendorf-et-hogar-nino-dios-avec-une-priere-au-petit-jour\/#article","isPartOf":{"@id":"https:\/\/editionsbussiere.com\/blog\/que-puis-je-faire-elizabeth-wellendorf-et-hogar-nino-dios-avec-une-priere-au-petit-jour\/"},"author":{"name":"Marie BATICLE","@id":"https:\/\/editionsbussiere.com\/blog\/#\/schema\/person\/ec90e102792148c97e46ab871010dd8f"},"headline":"Que puis-je faire ? Elizabeth Wellendorf et Hogar Ni\u00f1o Dios avec une pri\u00e8re au petit jour.","datePublished":"2024-08-15T16:38:52+00:00","mainEntityOfPage":{"@id":"https:\/\/editionsbussiere.com\/blog\/que-puis-je-faire-elizabeth-wellendorf-et-hogar-nino-dios-avec-une-priere-au-petit-jour\/"},"wordCount":3767,"publisher":{"@id":"https:\/\/editionsbussiere.com\/blog\/#organization"},"image":{"@id":"https:\/\/editionsbussiere.com\/blog\/que-puis-je-faire-elizabeth-wellendorf-et-hogar-nino-dios-avec-une-priere-au-petit-jour\/#primaryimage"},"thumbnailUrl":"https:\/\/editionsbussiere.com\/blog\/wp-content\/uploads\/2024\/08\/Que-puis-je-faire-Elizabeth-Wellendorf-et-Hogar-Nino-Dios-1024x576-1.jpeg","articleSection":["Editions \u00c9sot\u00e9rique Fond\u00e9e En 1927; D\u00e9p\u00e8ches:"],"inLanguage":"fr-FR"},{"@type":"WebPage","@id":"https:\/\/editionsbussiere.com\/blog\/que-puis-je-faire-elizabeth-wellendorf-et-hogar-nino-dios-avec-une-priere-au-petit-jour\/","url":"https:\/\/editionsbussiere.com\/blog\/que-puis-je-faire-elizabeth-wellendorf-et-hogar-nino-dios-avec-une-priere-au-petit-jour\/","name":"Que puis-je faire ? Elizabeth Wellendorf et Hogar Ni\u00f1o Dios avec une pri\u00e8re au petit jour. - EDITIONSBUSSIERE","isPartOf":{"@id":"https:\/\/editionsbussiere.com\/blog\/#website"},"primaryImageOfPage":{"@id":"https:\/\/editionsbussiere.com\/blog\/que-puis-je-faire-elizabeth-wellendorf-et-hogar-nino-dios-avec-une-priere-au-petit-jour\/#primaryimage"},"image":{"@id":"https:\/\/editionsbussiere.com\/blog\/que-puis-je-faire-elizabeth-wellendorf-et-hogar-nino-dios-avec-une-priere-au-petit-jour\/#primaryimage"},"thumbnailUrl":"https:\/\/editionsbussiere.com\/blog\/wp-content\/uploads\/2024\/08\/Que-puis-je-faire-Elizabeth-Wellendorf-et-Hogar-Nino-Dios-1024x576-1.jpeg","datePublished":"2024-08-15T16:38:52+00:00","breadcrumb":{"@id":"https:\/\/editionsbussiere.com\/blog\/que-puis-je-faire-elizabeth-wellendorf-et-hogar-nino-dios-avec-une-priere-au-petit-jour\/#breadcrumb"},"inLanguage":"fr-FR","potentialAction":[{"@type":"ReadAction","target":["https:\/\/editionsbussiere.com\/blog\/que-puis-je-faire-elizabeth-wellendorf-et-hogar-nino-dios-avec-une-priere-au-petit-jour\/"]}]},{"@type":"ImageObject","inLanguage":"fr-FR","@id":"https:\/\/editionsbussiere.com\/blog\/que-puis-je-faire-elizabeth-wellendorf-et-hogar-nino-dios-avec-une-priere-au-petit-jour\/#primaryimage","url":"https:\/\/editionsbussiere.com\/blog\/wp-content\/uploads\/2024\/08\/Que-puis-je-faire-Elizabeth-Wellendorf-et-Hogar-Nino-Dios-1024x576-1.jpeg","contentUrl":"https:\/\/editionsbussiere.com\/blog\/wp-content\/uploads\/2024\/08\/Que-puis-je-faire-Elizabeth-Wellendorf-et-Hogar-Nino-Dios-1024x576-1.jpeg","width":1024,"height":576,"caption":"Que puis je faire Elizabeth Wellendorf et Hogar Nino Dios 1024x576 1"},{"@type":"BreadcrumbList","@id":"https:\/\/editionsbussiere.com\/blog\/que-puis-je-faire-elizabeth-wellendorf-et-hogar-nino-dios-avec-une-priere-au-petit-jour\/#breadcrumb","itemListElement":[{"@type":"ListItem","position":1,"name":"Accueil","item":"https:\/\/editionsbussiere.com\/blog\/"},{"@type":"ListItem","position":2,"name":"Que puis-je faire ? Elizabeth Wellendorf et Hogar Ni\u00f1o Dios avec une pri\u00e8re au petit jour."}]},{"@type":"WebSite","@id":"https:\/\/editionsbussiere.com\/blog\/#website","url":"https:\/\/editionsbussiere.com\/blog\/","name":"EDITIONSBUSSIERE","description":"Editions \u00e9sot\u00e9rique fond\u00e9e en 1927; site historique, A SAVOIR ET RETENIR.","publisher":{"@id":"https:\/\/editionsbussiere.com\/blog\/#organization"},"potentialAction":[{"@type":"SearchAction","target":{"@type":"EntryPoint","urlTemplate":"https:\/\/editionsbussiere.com\/blog\/?s={search_term_string}"},"query-input":{"@type":"PropertyValueSpecification","valueRequired":true,"valueName":"search_term_string"}}],"inLanguage":"fr-FR"},{"@type":"Organization","@id":"https:\/\/editionsbussiere.com\/blog\/#organization","name":"editionsbussiere","url":"https:\/\/editionsbussiere.com\/blog\/","logo":{"@type":"ImageObject","inLanguage":"fr-FR","@id":"https:\/\/editionsbussiere.com\/blog\/#\/schema\/logo\/image\/","url":"https:\/\/editionsbussiere.com\/blog\/wp-content\/uploads\/2023\/09\/cropped-buss.gif","contentUrl":"https:\/\/editionsbussiere.com\/blog\/wp-content\/uploads\/2023\/09\/cropped-buss.gif","width":298,"height":120,"caption":"editionsbussiere"},"image":{"@id":"https:\/\/editionsbussiere.com\/blog\/#\/schema\/logo\/image\/"}},{"@type":"Person","@id":"https:\/\/editionsbussiere.com\/blog\/#\/schema\/person\/ec90e102792148c97e46ab871010dd8f","name":"Marie BATICLE","image":{"@type":"ImageObject","inLanguage":"fr-FR","@id":"https:\/\/secure.gravatar.com\/avatar\/c923e52403b1b8137e2d929127211d21967e6aecaa053bd43b09da29f212e76e?s=96&d=mm&r=g","url":"https:\/\/secure.gravatar.com\/avatar\/c923e52403b1b8137e2d929127211d21967e6aecaa053bd43b09da29f212e76e?s=96&d=mm&r=g","contentUrl":"https:\/\/secure.gravatar.com\/avatar\/c923e52403b1b8137e2d929127211d21967e6aecaa053bd43b09da29f212e76e?s=96&d=mm&r=g","caption":"Marie BATICLE"},"url":"https:\/\/editionsbussiere.com\/blog\/author\/eremarie\/"}]}},"_links":{"self":[{"href":"https:\/\/editionsbussiere.com\/blog\/wp-json\/wp\/v2\/posts\/1175","targetHints":{"allow":["GET"]}}],"collection":[{"href":"https:\/\/editionsbussiere.com\/blog\/wp-json\/wp\/v2\/posts"}],"about":[{"href":"https:\/\/editionsbussiere.com\/blog\/wp-json\/wp\/v2\/types\/post"}],"author":[{"embeddable":true,"href":"https:\/\/editionsbussiere.com\/blog\/wp-json\/wp\/v2\/users\/3"}],"replies":[{"embeddable":true,"href":"https:\/\/editionsbussiere.com\/blog\/wp-json\/wp\/v2\/comments?post=1175"}],"version-history":[{"count":0,"href":"https:\/\/editionsbussiere.com\/blog\/wp-json\/wp\/v2\/posts\/1175\/revisions"}],"wp:featuredmedia":[{"embeddable":true,"href":"https:\/\/editionsbussiere.com\/blog\/wp-json\/wp\/v2\/media\/1176"}],"wp:attachment":[{"href":"https:\/\/editionsbussiere.com\/blog\/wp-json\/wp\/v2\/media?parent=1175"}],"wp:term":[{"taxonomy":"category","embeddable":true,"href":"https:\/\/editionsbussiere.com\/blog\/wp-json\/wp\/v2\/categories?post=1175"},{"taxonomy":"post_tag","embeddable":true,"href":"https:\/\/editionsbussiere.com\/blog\/wp-json\/wp\/v2\/tags?post=1175"}],"curies":[{"name":"wp","href":"https:\/\/api.w.org\/{rel}","templated":true}]}}